{"id":10460,"date":"2026-02-27T12:07:05","date_gmt":"2026-02-27T12:07:05","guid":{"rendered":"https:\/\/biblioteka-gabin.pl\/?p=10460"},"modified":"2026-02-27T12:07:07","modified_gmt":"2026-02-27T12:07:07","slug":"kocham-ksiazki-czytam-ksiazki-panstwo-maria-i-adam-lewandowscy-juz-12-marca-2026-r","status":"publish","type":"post","link":"http:\/\/biblioteka-gabin.pl\/index.php\/2026\/02\/27\/kocham-ksiazki-czytam-ksiazki-panstwo-maria-i-adam-lewandowscy-juz-12-marca-2026-r\/","title":{"rendered":"&#8222;Kocham ksi\u0105\u017cki, czytam ksi\u0105\u017cki&#8221;-Pa\u0144stwo Maria i Adam Lewandowscy- ju\u017c 12 marca 2026 r."},"content":{"rendered":"\n<p>Patronat Honorowy Burmistrz Miasta i Gminy G\u0105bin, Miejsko-Gminna Biblioteka Publiczna w G\u0105binie oraz Szko\u0142a Muzyczna I stopnia im. St. Moniuszki w G\u0105binie serdecznie zapraszaj\u0105 na spotkanie z cyklu &#8222;Kocham ksi\u0105\u017cki, czytam ksi\u0105\u017cki&#8221;, kt\u00f3re odb\u0119dzie si\u0119 12 marca 2026 r. o godz. 17.00 w sali interaktywnej MGBP w G\u0105binie przy ul. Ko\u015bciuszki 1.<\/p>\n\n\n\n<p> Go\u015b\u0107mi spotkania b\u0119d\u0105 Pa\u0144stwo Maria i Adam Lewandowscy. Ma\u0142\u017ce\u0144stwo, kt\u00f3re od lat \u0142\u0105czy pasja do literatury, teatru i kultury s\u0142owa. To wieloletni czytelnicy naszej biblioteki, znani z ogromnej wiedzy, oczytania oraz niezwyk\u0142ej umiej\u0119tno\u015bci dzielenia si\u0119 swoimi refleksjami. Literatura jest dla nich nie tylko hobby, ale prawdziw\u0105 \u017cyciow\u0105 drog\u0105- inspiracj\u0105, przestrzeni\u0105 dialogu i \u017ar\u00f3d\u0142em nieustaj\u0105cego rozwoju. Jako aktorzy Amatorskiego Teatru Niewielkiego z G\u0105bina doskonale rozumiej\u0105 si\u0142\u0119 s\u0142owa, potrafi\u0105 tchn\u0105\u0107 \u017cycie w tekst. Serdecznie zapraszamy wszystkich Czytelnik\u00f3w obecnych i przysz\u0142ych do udzia\u0142u w spotkaniu z naszymi go\u015b\u0107mi.<\/p>\n\n\n\n<p>Oprawa muzyczna: Szko\u0142a Muzyczna I stopnia w G\u0105binie.<\/p>\n\n\n\n<p><\/p>\n\n\n\n<figure class=\"wp-block-image size-large\"><img loading=\"lazy\" decoding=\"async\" width=\"724\" height=\"1024\" src=\"https:\/\/biblioteka-gabin.pl\/wp-content\/uploads\/2026\/02\/FB_IMG_1772025310372-kopia-2-\u2014-Odzyskano-724x1024.jpg\" alt=\"\" class=\"wp-image-10461\" srcset=\"http:\/\/biblioteka-gabin.pl\/wp-content\/uploads\/2026\/02\/FB_IMG_1772025310372-kopia-2-\u2014-Odzyskano-724x1024.jpg 724w, http:\/\/biblioteka-gabin.pl\/wp-content\/uploads\/2026\/02\/FB_IMG_1772025310372-kopia-2-\u2014-Odzyskano-212x300.jpg 212w, http:\/\/biblioteka-gabin.pl\/wp-content\/uploads\/2026\/02\/FB_IMG_1772025310372-kopia-2-\u2014-Odzyskano-768x1086.jpg 768w, http:\/\/biblioteka-gabin.pl\/wp-content\/uploads\/2026\/02\/FB_IMG_1772025310372-kopia-2-\u2014-Odzyskano-1086x1536.jpg 1086w, http:\/\/biblioteka-gabin.pl\/wp-content\/uploads\/2026\/02\/FB_IMG_1772025310372-kopia-2-\u2014-Odzyskano-1448x2048.jpg 1448w, http:\/\/biblioteka-gabin.pl\/wp-content\/uploads\/2026\/02\/FB_IMG_1772025310372-kopia-2-\u2014-Odzyskano-1024x1449.jpg 1024w, http:\/\/biblioteka-gabin.pl\/wp-content\/uploads\/2026\/02\/FB_IMG_1772025310372-kopia-2-\u2014-Odzyskano-scaled.jpg 1810w\" sizes=\"auto, (max-width: 724px) 100vw, 724px\" \/><\/figure>\n","protected":false},"excerpt":{"rendered":"<p>Patronat Honorowy Burmistrz Miasta i Gminy G\u0105bin, Miejsko-Gminna Biblioteka Publiczna<\/p>\n","protected":false},"author":5,"featured_media":10461,"comment_status":"open","ping_status":"open","sticky":false,"template":"","format":"standard","meta":{"footnotes":""},"categories":[36],"tags":[],"class_list":["post-10460","post","type-post","status-publish","format-standard","has-post-thumbnail","hentry","category-main"],"yoast_head":"<!-- This site is optimized with the Yoast SEO plugin v27.4 - https:\/\/yoast.com\/product\/yoast-seo-wordpress\/ -->\n<title>&quot;Kocham ksi\u0105\u017cki, czytam ksi\u0105\u017cki&quot;-Pa\u0144stwo Maria i Adam Lewandowscy- ju\u017c 12 marca 2026 r. - Miejsko-Gminna Biblioteka Publiczna w G\u0105binie<\/title>\n<meta name=\"robots\" content=\"index, follow, max-snippet:-1, max-image-preview:large, max-video-preview:-1\" \/>\n<link rel=\"canonical\" href=\"http:\/\/biblioteka-gabin.pl\/index.php\/2026\/02\/27\/kocham-ksiazki-czytam-ksiazki-panstwo-maria-i-adam-lewandowscy-juz-12-marca-2026-r\/\" \/>\n<meta property=\"og:locale\" content=\"pl_PL\" \/>\n<meta property=\"og:type\" content=\"article\" \/>\n<meta property=\"og:title\" content=\"&quot;Kocham ksi\u0105\u017cki, czytam ksi\u0105\u017cki&quot;-Pa\u0144stwo Maria i Adam Lewandowscy- ju\u017c 12 marca 2026 r. - Miejsko-Gminna Biblioteka Publiczna w G\u0105binie\" \/>\n<meta property=\"og:description\" content=\"Patronat Honorowy Burmistrz Miasta i Gminy G\u0105bin, Miejsko-Gminna Biblioteka Publiczna\" \/>\n<meta property=\"og:url\" content=\"http:\/\/biblioteka-gabin.pl\/index.php\/2026\/02\/27\/kocham-ksiazki-czytam-ksiazki-panstwo-maria-i-adam-lewandowscy-juz-12-marca-2026-r\/\" \/>\n<meta property=\"og:site_name\" content=\"Miejsko-Gminna Biblioteka Publiczna w G\u0105binie\" \/>\n<meta property=\"article:publisher\" content=\"https:\/\/www.facebook.com\/bibliotekagabin\" \/>\n<meta property=\"article:published_time\" content=\"2026-02-27T12:07:05+00:00\" \/>\n<meta property=\"article:modified_time\" content=\"2026-02-27T12:07:07+00:00\" \/>\n<meta property=\"og:image\" content=\"http:\/\/biblioteka-gabin.pl\/wp-content\/uploads\/2026\/02\/FB_IMG_1772025310372-kopia-2-\u2014-Odzyskano-scaled.jpg\" \/>\n\t<meta property=\"og:image:width\" content=\"1810\" \/>\n\t<meta property=\"og:image:height\" content=\"2560\" \/>\n\t<meta property=\"og:image:type\" content=\"image\/jpeg\" \/>\n<meta name=\"author\" content=\"j.olejniczak\" \/>\n<meta name=\"twitter:card\" content=\"summary_large_image\" \/>\n<meta name=\"twitter:label1\" content=\"Napisane przez\" \/>\n\t<meta name=\"twitter:data1\" content=\"j.olejniczak\" \/>\n\t<meta name=\"twitter:label2\" content=\"Szacowany czas czytania\" \/>\n\t<meta name=\"twitter:data2\" content=\"2 minuty\" \/>\n<script type=\"application\/ld+json\" class=\"yoast-schema-graph\">{\"@context\":\"https:\\\/\\\/schema.org\",\"@graph\":[{\"@type\":\"Article\",\"@id\":\"http:\\\/\\\/biblioteka-gabin.pl\\\/index.php\\\/2026\\\/02\\\/27\\\/kocham-ksiazki-czytam-ksiazki-panstwo-maria-i-adam-lewandowscy-juz-12-marca-2026-r\\\/#article\",\"isPartOf\":{\"@id\":\"http:\\\/\\\/biblioteka-gabin.pl\\\/index.php\\\/2026\\\/02\\\/27\\\/kocham-ksiazki-czytam-ksiazki-panstwo-maria-i-adam-lewandowscy-juz-12-marca-2026-r\\\/\"},\"author\":{\"name\":\"j.olejniczak\",\"@id\":\"https:\\\/\\\/biblioteka-gabin.pl\\\/#\\\/schema\\\/person\\\/c6271403c55804b0c90b1abcdc89a4be\"},\"headline\":\"&#8222;Kocham ksi\u0105\u017cki, czytam ksi\u0105\u017cki&#8221;-Pa\u0144stwo Maria i Adam Lewandowscy- ju\u017c 12 marca 2026 r.\",\"datePublished\":\"2026-02-27T12:07:05+00:00\",\"dateModified\":\"2026-02-27T12:07:07+00:00\",\"mainEntityOfPage\":{\"@id\":\"http:\\\/\\\/biblioteka-gabin.pl\\\/index.php\\\/2026\\\/02\\\/27\\\/kocham-ksiazki-czytam-ksiazki-panstwo-maria-i-adam-lewandowscy-juz-12-marca-2026-r\\\/\"},\"wordCount\":188,\"commentCount\":0,\"publisher\":{\"@id\":\"https:\\\/\\\/biblioteka-gabin.pl\\\/#organization\"},\"image\":{\"@id\":\"http:\\\/\\\/biblioteka-gabin.pl\\\/index.php\\\/2026\\\/02\\\/27\\\/kocham-ksiazki-czytam-ksiazki-panstwo-maria-i-adam-lewandowscy-juz-12-marca-2026-r\\\/#primaryimage\"},\"thumbnailUrl\":\"http:\\\/\\\/biblioteka-gabin.pl\\\/wp-content\\\/uploads\\\/2026\\\/02\\\/FB_IMG_1772025310372-kopia-2-\u2014-Odzyskano-scaled.jpg\",\"articleSection\":[\"Main\"],\"inLanguage\":\"pl-PL\",\"potentialAction\":[{\"@type\":\"CommentAction\",\"name\":\"Comment\",\"target\":[\"http:\\\/\\\/biblioteka-gabin.pl\\\/index.php\\\/2026\\\/02\\\/27\\\/kocham-ksiazki-czytam-ksiazki-panstwo-maria-i-adam-lewandowscy-juz-12-marca-2026-r\\\/#respond\"]}]},{\"@type\":\"WebPage\",\"@id\":\"http:\\\/\\\/biblioteka-gabin.pl\\\/index.php\\\/2026\\\/02\\\/27\\\/kocham-ksiazki-czytam-ksiazki-panstwo-maria-i-adam-lewandowscy-juz-12-marca-2026-r\\\/\",\"url\":\"http:\\\/\\\/biblioteka-gabin.pl\\\/index.php\\\/2026\\\/02\\\/27\\\/kocham-ksiazki-czytam-ksiazki-panstwo-maria-i-adam-lewandowscy-juz-12-marca-2026-r\\\/\",\"name\":\"\\\"Kocham ksi\u0105\u017cki, czytam ksi\u0105\u017cki\\\"-Pa\u0144stwo Maria i Adam Lewandowscy- ju\u017c 12 marca 2026 r. - Miejsko-Gminna Biblioteka Publiczna w G\u0105binie\",\"isPartOf\":{\"@id\":\"https:\\\/\\\/biblioteka-gabin.pl\\\/#website\"},\"primaryImageOfPage\":{\"@id\":\"http:\\\/\\\/biblioteka-gabin.pl\\\/index.php\\\/2026\\\/02\\\/27\\\/kocham-ksiazki-czytam-ksiazki-panstwo-maria-i-adam-lewandowscy-juz-12-marca-2026-r\\\/#primaryimage\"},\"image\":{\"@id\":\"http:\\\/\\\/biblioteka-gabin.pl\\\/index.php\\\/2026\\\/02\\\/27\\\/kocham-ksiazki-czytam-ksiazki-panstwo-maria-i-adam-lewandowscy-juz-12-marca-2026-r\\\/#primaryimage\"},\"thumbnailUrl\":\"http:\\\/\\\/biblioteka-gabin.pl\\\/wp-content\\\/uploads\\\/2026\\\/02\\\/FB_IMG_1772025310372-kopia-2-\u2014-Odzyskano-scaled.jpg\",\"datePublished\":\"2026-02-27T12:07:05+00:00\",\"dateModified\":\"2026-02-27T12:07:07+00:00\",\"breadcrumb\":{\"@id\":\"http:\\\/\\\/biblioteka-gabin.pl\\\/index.php\\\/2026\\\/02\\\/27\\\/kocham-ksiazki-czytam-ksiazki-panstwo-maria-i-adam-lewandowscy-juz-12-marca-2026-r\\\/#breadcrumb\"},\"inLanguage\":\"pl-PL\",\"potentialAction\":[{\"@type\":\"ReadAction\",\"target\":[\"http:\\\/\\\/biblioteka-gabin.pl\\\/index.php\\\/2026\\\/02\\\/27\\\/kocham-ksiazki-czytam-ksiazki-panstwo-maria-i-adam-lewandowscy-juz-12-marca-2026-r\\\/\"]}]},{\"@type\":\"ImageObject\",\"inLanguage\":\"pl-PL\",\"@id\":\"http:\\\/\\\/biblioteka-gabin.pl\\\/index.php\\\/2026\\\/02\\\/27\\\/kocham-ksiazki-czytam-ksiazki-panstwo-maria-i-adam-lewandowscy-juz-12-marca-2026-r\\\/#primaryimage\",\"url\":\"http:\\\/\\\/biblioteka-gabin.pl\\\/wp-content\\\/uploads\\\/2026\\\/02\\\/FB_IMG_1772025310372-kopia-2-\u2014-Odzyskano-scaled.jpg\",\"contentUrl\":\"http:\\\/\\\/biblioteka-gabin.pl\\\/wp-content\\\/uploads\\\/2026\\\/02\\\/FB_IMG_1772025310372-kopia-2-\u2014-Odzyskano-scaled.jpg\",\"width\":1810,\"height\":2560},{\"@type\":\"BreadcrumbList\",\"@id\":\"http:\\\/\\\/biblioteka-gabin.pl\\\/index.php\\\/2026\\\/02\\\/27\\\/kocham-ksiazki-czytam-ksiazki-panstwo-maria-i-adam-lewandowscy-juz-12-marca-2026-r\\\/#breadcrumb\",\"itemListElement\":[{\"@type\":\"ListItem\",\"position\":1,\"name\":\"Strona g\u0142\u00f3wna\",\"item\":\"https:\\\/\\\/biblioteka-gabin.pl\\\/\"},{\"@type\":\"ListItem\",\"position\":2,\"name\":\"&#8222;Kocham ksi\u0105\u017cki, czytam ksi\u0105\u017cki&#8221;-Pa\u0144stwo Maria i Adam Lewandowscy- ju\u017c 12 marca 2026 r.\"}]},{\"@type\":\"WebSite\",\"@id\":\"https:\\\/\\\/biblioteka-gabin.pl\\\/#website\",\"url\":\"https:\\\/\\\/biblioteka-gabin.pl\\\/\",\"name\":\"Miejsko-Gminna Biblioteka Publiczna w G\u0105binie\",\"description\":\"\",\"publisher\":{\"@id\":\"https:\\\/\\\/biblioteka-gabin.pl\\\/#organization\"},\"potentialAction\":[{\"@type\":\"SearchAction\",\"target\":{\"@type\":\"EntryPoint\",\"urlTemplate\":\"https:\\\/\\\/biblioteka-gabin.pl\\\/?s={search_term_string}\"},\"query-input\":{\"@type\":\"PropertyValueSpecification\",\"valueRequired\":true,\"valueName\":\"search_term_string\"}}],\"inLanguage\":\"pl-PL\"},{\"@type\":\"Organization\",\"@id\":\"https:\\\/\\\/biblioteka-gabin.pl\\\/#organization\",\"name\":\"Miejsko-Gminna Biblioteka Publiczna w G\u0105binie\",\"url\":\"https:\\\/\\\/biblioteka-gabin.pl\\\/\",\"logo\":{\"@type\":\"ImageObject\",\"inLanguage\":\"pl-PL\",\"@id\":\"https:\\\/\\\/biblioteka-gabin.pl\\\/#\\\/schema\\\/logo\\\/image\\\/\",\"url\":\"https:\\\/\\\/biblioteka-gabin.pl\\\/wp-content\\\/uploads\\\/2025\\\/03\\\/logo-biblioteka-2-1657013691-1.jpg\",\"contentUrl\":\"https:\\\/\\\/biblioteka-gabin.pl\\\/wp-content\\\/uploads\\\/2025\\\/03\\\/logo-biblioteka-2-1657013691-1.jpg\",\"width\":1600,\"height\":772,\"caption\":\"Miejsko-Gminna Biblioteka Publiczna w G\u0105binie\"},\"image\":{\"@id\":\"https:\\\/\\\/biblioteka-gabin.pl\\\/#\\\/schema\\\/logo\\\/image\\\/\"},\"sameAs\":[\"https:\\\/\\\/www.facebook.com\\\/bibliotekagabin\",\"https:\\\/\\\/www.youtube.com\\\/@mgbpgabin9392\"]},{\"@type\":\"Person\",\"@id\":\"https:\\\/\\\/biblioteka-gabin.pl\\\/#\\\/schema\\\/person\\\/c6271403c55804b0c90b1abcdc89a4be\",\"name\":\"j.olejniczak\",\"image\":{\"@type\":\"ImageObject\",\"inLanguage\":\"pl-PL\",\"@id\":\"https:\\\/\\\/secure.gravatar.com\\\/avatar\\\/926a0e21a6bc9c5f3d8b7350eef4c1328c61093f6afee787beeac212421b433a?s=96&d=mm&r=g\",\"url\":\"https:\\\/\\\/secure.gravatar.com\\\/avatar\\\/926a0e21a6bc9c5f3d8b7350eef4c1328c61093f6afee787beeac212421b433a?s=96&d=mm&r=g\",\"contentUrl\":\"https:\\\/\\\/secure.gravatar.com\\\/avatar\\\/926a0e21a6bc9c5f3d8b7350eef4c1328c61093f6afee787beeac212421b433a?s=96&d=mm&r=g\",\"caption\":\"j.olejniczak\"},\"sameAs\":[\"http:\\\/\\\/www.biblioteka-gabin.pl\"],\"url\":\"http:\\\/\\\/biblioteka-gabin.pl\\\/index.php\\\/author\\\/j-olejniczak\\\/\"}]}<\/script>\n<!-- \/ Yoast SEO plugin. -->","yoast_head_json":{"title":"\"Kocham ksi\u0105\u017cki, czytam ksi\u0105\u017cki\"-Pa\u0144stwo Maria i Adam Lewandowscy- ju\u017c 12 marca 2026 r. - Miejsko-Gminna Biblioteka Publiczna w G\u0105binie","robots":{"index":"index","follow":"follow","max-snippet":"max-snippet:-1","max-image-preview":"max-image-preview:large","max-video-preview":"max-video-preview:-1"},"canonical":"http:\/\/biblioteka-gabin.pl\/index.php\/2026\/02\/27\/kocham-ksiazki-czytam-ksiazki-panstwo-maria-i-adam-lewandowscy-juz-12-marca-2026-r\/","og_locale":"pl_PL","og_type":"article","og_title":"\"Kocham ksi\u0105\u017cki, czytam ksi\u0105\u017cki\"-Pa\u0144stwo Maria i Adam Lewandowscy- ju\u017c 12 marca 2026 r. - Miejsko-Gminna Biblioteka Publiczna w G\u0105binie","og_description":"Patronat Honorowy Burmistrz Miasta i Gminy G\u0105bin, Miejsko-Gminna Biblioteka Publiczna","og_url":"http:\/\/biblioteka-gabin.pl\/index.php\/2026\/02\/27\/kocham-ksiazki-czytam-ksiazki-panstwo-maria-i-adam-lewandowscy-juz-12-marca-2026-r\/","og_site_name":"Miejsko-Gminna Biblioteka Publiczna w G\u0105binie","article_publisher":"https:\/\/www.facebook.com\/bibliotekagabin","article_published_time":"2026-02-27T12:07:05+00:00","article_modified_time":"2026-02-27T12:07:07+00:00","og_image":[{"width":1810,"height":2560,"url":"http:\/\/biblioteka-gabin.pl\/wp-content\/uploads\/2026\/02\/FB_IMG_1772025310372-kopia-2-\u2014-Odzyskano-scaled.jpg","type":"image\/jpeg"}],"author":"j.olejniczak","twitter_card":"summary_large_image","twitter_misc":{"Napisane przez":"j.olejniczak","Szacowany czas czytania":"2 minuty"},"schema":{"@context":"https:\/\/schema.org","@graph":[{"@type":"Article","@id":"http:\/\/biblioteka-gabin.pl\/index.php\/2026\/02\/27\/kocham-ksiazki-czytam-ksiazki-panstwo-maria-i-adam-lewandowscy-juz-12-marca-2026-r\/#article","isPartOf":{"@id":"http:\/\/biblioteka-gabin.pl\/index.php\/2026\/02\/27\/kocham-ksiazki-czytam-ksiazki-panstwo-maria-i-adam-lewandowscy-juz-12-marca-2026-r\/"},"author":{"name":"j.olejniczak","@id":"https:\/\/biblioteka-gabin.pl\/#\/schema\/person\/c6271403c55804b0c90b1abcdc89a4be"},"headline":"&#8222;Kocham ksi\u0105\u017cki, czytam ksi\u0105\u017cki&#8221;-Pa\u0144stwo Maria i Adam Lewandowscy- ju\u017c 12 marca 2026 r.","datePublished":"2026-02-27T12:07:05+00:00","dateModified":"2026-02-27T12:07:07+00:00","mainEntityOfPage":{"@id":"http:\/\/biblioteka-gabin.pl\/index.php\/2026\/02\/27\/kocham-ksiazki-czytam-ksiazki-panstwo-maria-i-adam-lewandowscy-juz-12-marca-2026-r\/"},"wordCount":188,"commentCount":0,"publisher":{"@id":"https:\/\/biblioteka-gabin.pl\/#organization"},"image":{"@id":"http:\/\/biblioteka-gabin.pl\/index.php\/2026\/02\/27\/kocham-ksiazki-czytam-ksiazki-panstwo-maria-i-adam-lewandowscy-juz-12-marca-2026-r\/#primaryimage"},"thumbnailUrl":"http:\/\/biblioteka-gabin.pl\/wp-content\/uploads\/2026\/02\/FB_IMG_1772025310372-kopia-2-\u2014-Odzyskano-scaled.jpg","articleSection":["Main"],"inLanguage":"pl-PL","potentialAction":[{"@type":"CommentAction","name":"Comment","target":["http:\/\/biblioteka-gabin.pl\/index.php\/2026\/02\/27\/kocham-ksiazki-czytam-ksiazki-panstwo-maria-i-adam-lewandowscy-juz-12-marca-2026-r\/#respond"]}]},{"@type":"WebPage","@id":"http:\/\/biblioteka-gabin.pl\/index.php\/2026\/02\/27\/kocham-ksiazki-czytam-ksiazki-panstwo-maria-i-adam-lewandowscy-juz-12-marca-2026-r\/","url":"http:\/\/biblioteka-gabin.pl\/index.php\/2026\/02\/27\/kocham-ksiazki-czytam-ksiazki-panstwo-maria-i-adam-lewandowscy-juz-12-marca-2026-r\/","name":"\"Kocham ksi\u0105\u017cki, czytam ksi\u0105\u017cki\"-Pa\u0144stwo Maria i Adam Lewandowscy- ju\u017c 12 marca 2026 r. - Miejsko-Gminna Biblioteka Publiczna w G\u0105binie","isPartOf":{"@id":"https:\/\/biblioteka-gabin.pl\/#website"},"primaryImageOfPage":{"@id":"http:\/\/biblioteka-gabin.pl\/index.php\/2026\/02\/27\/kocham-ksiazki-czytam-ksiazki-panstwo-maria-i-adam-lewandowscy-juz-12-marca-2026-r\/#primaryimage"},"image":{"@id":"http:\/\/biblioteka-gabin.pl\/index.php\/2026\/02\/27\/kocham-ksiazki-czytam-ksiazki-panstwo-maria-i-adam-lewandowscy-juz-12-marca-2026-r\/#primaryimage"},"thumbnailUrl":"http:\/\/biblioteka-gabin.pl\/wp-content\/uploads\/2026\/02\/FB_IMG_1772025310372-kopia-2-\u2014-Odzyskano-scaled.jpg","datePublished":"2026-02-27T12:07:05+00:00","dateModified":"2026-02-27T12:07:07+00:00","breadcrumb":{"@id":"http:\/\/biblioteka-gabin.pl\/index.php\/2026\/02\/27\/kocham-ksiazki-czytam-ksiazki-panstwo-maria-i-adam-lewandowscy-juz-12-marca-2026-r\/#breadcrumb"},"inLanguage":"pl-PL","potentialAction":[{"@type":"ReadAction","target":["http:\/\/biblioteka-gabin.pl\/index.php\/2026\/02\/27\/kocham-ksiazki-czytam-ksiazki-panstwo-maria-i-adam-lewandowscy-juz-12-marca-2026-r\/"]}]},{"@type":"ImageObject","inLanguage":"pl-PL","@id":"http:\/\/biblioteka-gabin.pl\/index.php\/2026\/02\/27\/kocham-ksiazki-czytam-ksiazki-panstwo-maria-i-adam-lewandowscy-juz-12-marca-2026-r\/#primaryimage","url":"http:\/\/biblioteka-gabin.pl\/wp-content\/uploads\/2026\/02\/FB_IMG_1772025310372-kopia-2-\u2014-Odzyskano-scaled.jpg","contentUrl":"http:\/\/biblioteka-gabin.pl\/wp-content\/uploads\/2026\/02\/FB_IMG_1772025310372-kopia-2-\u2014-Odzyskano-scaled.jpg","width":1810,"height":2560},{"@type":"BreadcrumbList","@id":"http:\/\/biblioteka-gabin.pl\/index.php\/2026\/02\/27\/kocham-ksiazki-czytam-ksiazki-panstwo-maria-i-adam-lewandowscy-juz-12-marca-2026-r\/#breadcrumb","itemListElement":[{"@type":"ListItem","position":1,"name":"Strona g\u0142\u00f3wna","item":"https:\/\/biblioteka-gabin.pl\/"},{"@type":"ListItem","position":2,"name":"&#8222;Kocham ksi\u0105\u017cki, czytam ksi\u0105\u017cki&#8221;-Pa\u0144stwo Maria i Adam Lewandowscy- ju\u017c 12 marca 2026 r."}]},{"@type":"WebSite","@id":"https:\/\/biblioteka-gabin.pl\/#website","url":"https:\/\/biblioteka-gabin.pl\/","name":"Miejsko-Gminna Biblioteka Publiczna w G\u0105binie","description":"","publisher":{"@id":"https:\/\/biblioteka-gabin.pl\/#organization"},"potentialAction":[{"@type":"SearchAction","target":{"@type":"EntryPoint","urlTemplate":"https:\/\/biblioteka-gabin.pl\/?s={search_term_string}"},"query-input":{"@type":"PropertyValueSpecification","valueRequired":true,"valueName":"search_term_string"}}],"inLanguage":"pl-PL"},{"@type":"Organization","@id":"https:\/\/biblioteka-gabin.pl\/#organization","name":"Miejsko-Gminna Biblioteka Publiczna w G\u0105binie","url":"https:\/\/biblioteka-gabin.pl\/","logo":{"@type":"ImageObject","inLanguage":"pl-PL","@id":"https:\/\/biblioteka-gabin.pl\/#\/schema\/logo\/image\/","url":"https:\/\/biblioteka-gabin.pl\/wp-content\/uploads\/2025\/03\/logo-biblioteka-2-1657013691-1.jpg","contentUrl":"https:\/\/biblioteka-gabin.pl\/wp-content\/uploads\/2025\/03\/logo-biblioteka-2-1657013691-1.jpg","width":1600,"height":772,"caption":"Miejsko-Gminna Biblioteka Publiczna w G\u0105binie"},"image":{"@id":"https:\/\/biblioteka-gabin.pl\/#\/schema\/logo\/image\/"},"sameAs":["https:\/\/www.facebook.com\/bibliotekagabin","https:\/\/www.youtube.com\/@mgbpgabin9392"]},{"@type":"Person","@id":"https:\/\/biblioteka-gabin.pl\/#\/schema\/person\/c6271403c55804b0c90b1abcdc89a4be","name":"j.olejniczak","image":{"@type":"ImageObject","inLanguage":"pl-PL","@id":"https:\/\/secure.gravatar.com\/avatar\/926a0e21a6bc9c5f3d8b7350eef4c1328c61093f6afee787beeac212421b433a?s=96&d=mm&r=g","url":"https:\/\/secure.gravatar.com\/avatar\/926a0e21a6bc9c5f3d8b7350eef4c1328c61093f6afee787beeac212421b433a?s=96&d=mm&r=g","contentUrl":"https:\/\/secure.gravatar.com\/avatar\/926a0e21a6bc9c5f3d8b7350eef4c1328c61093f6afee787beeac212421b433a?s=96&d=mm&r=g","caption":"j.olejniczak"},"sameAs":["http:\/\/www.biblioteka-gabin.pl"],"url":"http:\/\/biblioteka-gabin.pl\/index.php\/author\/j-olejniczak\/"}]}},"_links":{"self":[{"href":"http:\/\/biblioteka-gabin.pl\/index.php\/wp-json\/wp\/v2\/posts\/10460","targetHints":{"allow":["GET"]}}],"collection":[{"href":"http:\/\/biblioteka-gabin.pl\/index.php\/wp-json\/wp\/v2\/posts"}],"about":[{"href":"http:\/\/biblioteka-gabin.pl\/index.php\/wp-json\/wp\/v2\/types\/post"}],"author":[{"embeddable":true,"href":"http:\/\/biblioteka-gabin.pl\/index.php\/wp-json\/wp\/v2\/users\/5"}],"replies":[{"embeddable":true,"href":"http:\/\/biblioteka-gabin.pl\/index.php\/wp-json\/wp\/v2\/comments?post=10460"}],"version-history":[{"count":1,"href":"http:\/\/biblioteka-gabin.pl\/index.php\/wp-json\/wp\/v2\/posts\/10460\/revisions"}],"predecessor-version":[{"id":10462,"href":"http:\/\/biblioteka-gabin.pl\/index.php\/wp-json\/wp\/v2\/posts\/10460\/revisions\/10462"}],"wp:featuredmedia":[{"embeddable":true,"href":"http:\/\/biblioteka-gabin.pl\/index.php\/wp-json\/wp\/v2\/media\/10461"}],"wp:attachment":[{"href":"http:\/\/biblioteka-gabin.pl\/index.php\/wp-json\/wp\/v2\/media?parent=10460"}],"wp:term":[{"taxonomy":"category","embeddable":true,"href":"http:\/\/biblioteka-gabin.pl\/index.php\/wp-json\/wp\/v2\/categories?post=10460"},{"taxonomy":"post_tag","embeddable":true,"href":"http:\/\/biblioteka-gabin.pl\/index.php\/wp-json\/wp\/v2\/tags?post=10460"}],"curies":[{"name":"wp","href":"https:\/\/api.w.org\/{rel}","templated":true}]}}