{"id":10463,"date":"2026-02-27T13:09:49","date_gmt":"2026-02-27T13:09:49","guid":{"rendered":"https:\/\/biblioteka-gabin.pl\/?p=10463"},"modified":"2026-02-27T13:09:51","modified_gmt":"2026-02-27T13:09:51","slug":"konkurs-recytatorski-w-krainie-zwierzat-w-przedszkolu-samorzadowym-w-gabinie-udzial-w-komisji-27-02-2026","status":"publish","type":"post","link":"http:\/\/biblioteka-gabin.pl\/index.php\/2026\/02\/27\/konkurs-recytatorski-w-krainie-zwierzat-w-przedszkolu-samorzadowym-w-gabinie-udzial-w-komisji-27-02-2026\/","title":{"rendered":"Konkurs Recytatorski &#8222;W krainie zwierz\u0105t&#8221; w Przedszkolu Samorz\u0105dowym w G\u0105binie- udzia\u0142 w komisji (27.02.2026)"},"content":{"rendered":"\n<p>W dniu dzisiejszym tj. 27 lutego 2026 r. go\u015bci\u0142am w Przedszkolu Samorz\u0105dowym im. Kr\u00f3la Maciusia Pierwszego na Konkursie Recytatorskim pt. &#8222;W krainie zwierz\u0105t&#8221;. B\u0119d\u0105c cz\u0142onkiem komisji mia\u0142am ogromn\u0105 przyjemno\u015b\u0107 wys\u0142uchania wspania\u0142ych tekst\u00f3w, wyrecytowanych przez Przedszkolak\u00f3w. Finali\u015bci zostali wybrani, ale uczciwie stwierdzam, \u017ce wszystkim nale\u017c\u0105 si\u0119 ogromne podzi\u0119kowania i gratulacje, przede wszystkim za odwag\u0119. Dla mnie by\u0142a to pi\u0119kna przygoda, za kt\u00f3r\u0105 serdecznie dzi\u0119kuj\u0119.<\/p>\n\n\n\n<p>                           Opr. Joanna Olejniczak<\/p>\n\n\n\n<figure class=\"wp-block-image size-large\"><img loading=\"lazy\" decoding=\"async\" width=\"1024\" height=\"768\" src=\"https:\/\/biblioteka-gabin.pl\/wp-content\/uploads\/2026\/02\/9XxV_MIw-1024x768.jpg\" alt=\"\" class=\"wp-image-10464\" srcset=\"http:\/\/biblioteka-gabin.pl\/wp-content\/uploads\/2026\/02\/9XxV_MIw-1024x768.jpg 1024w, http:\/\/biblioteka-gabin.pl\/wp-content\/uploads\/2026\/02\/9XxV_MIw-300x225.jpg 300w, http:\/\/biblioteka-gabin.pl\/wp-content\/uploads\/2026\/02\/9XxV_MIw-768x576.jpg 768w, http:\/\/biblioteka-gabin.pl\/wp-content\/uploads\/2026\/02\/9XxV_MIw-1536x1152.jpg 1536w, http:\/\/biblioteka-gabin.pl\/wp-content\/uploads\/2026\/02\/9XxV_MIw.jpg 2048w\" sizes=\"auto, (max-width: 1024px) 100vw, 1024px\" \/><\/figure>\n\n\n\n<figure class=\"wp-block-image size-large\"><img loading=\"lazy\" decoding=\"async\" width=\"578\" height=\"1024\" src=\"https:\/\/biblioteka-gabin.pl\/wp-content\/uploads\/2026\/02\/7g01kcsm-578x1024.jpg\" alt=\"\" class=\"wp-image-10465\" srcset=\"http:\/\/biblioteka-gabin.pl\/wp-content\/uploads\/2026\/02\/7g01kcsm-578x1024.jpg 578w, http:\/\/biblioteka-gabin.pl\/wp-content\/uploads\/2026\/02\/7g01kcsm-169x300.jpg 169w, http:\/\/biblioteka-gabin.pl\/wp-content\/uploads\/2026\/02\/7g01kcsm-768x1361.jpg 768w, http:\/\/biblioteka-gabin.pl\/wp-content\/uploads\/2026\/02\/7g01kcsm-867x1536.jpg 867w, http:\/\/biblioteka-gabin.pl\/wp-content\/uploads\/2026\/02\/7g01kcsm-1024x1815.jpg 1024w, http:\/\/biblioteka-gabin.pl\/wp-content\/uploads\/2026\/02\/7g01kcsm.jpg 1156w\" sizes=\"auto, (max-width: 578px) 100vw, 578px\" \/><\/figure>\n\n\n\n<figure class=\"wp-block-image size-large\"><img loading=\"lazy\" decoding=\"async\" width=\"1024\" height=\"768\" src=\"https:\/\/biblioteka-gabin.pl\/wp-content\/uploads\/2026\/02\/EalU0mvE-1024x768.jpg\" alt=\"\" class=\"wp-image-10466\" srcset=\"http:\/\/biblioteka-gabin.pl\/wp-content\/uploads\/2026\/02\/EalU0mvE-1024x768.jpg 1024w, http:\/\/biblioteka-gabin.pl\/wp-content\/uploads\/2026\/02\/EalU0mvE-300x225.jpg 300w, http:\/\/biblioteka-gabin.pl\/wp-content\/uploads\/2026\/02\/EalU0mvE-768x576.jpg 768w, http:\/\/biblioteka-gabin.pl\/wp-content\/uploads\/2026\/02\/EalU0mvE-1536x1152.jpg 1536w, http:\/\/biblioteka-gabin.pl\/wp-content\/uploads\/2026\/02\/EalU0mvE.jpg 2048w\" sizes=\"auto, (max-width: 1024px) 100vw, 1024px\" \/><\/figure>\n\n\n\n<figure class=\"wp-block-image size-large\"><img loading=\"lazy\" decoding=\"async\" width=\"768\" height=\"1024\" src=\"https:\/\/biblioteka-gabin.pl\/wp-content\/uploads\/2026\/02\/H6lhZRe--768x1024.jpg\" alt=\"\" class=\"wp-image-10467\" srcset=\"http:\/\/biblioteka-gabin.pl\/wp-content\/uploads\/2026\/02\/H6lhZRe--768x1024.jpg 768w, http:\/\/biblioteka-gabin.pl\/wp-content\/uploads\/2026\/02\/H6lhZRe--225x300.jpg 225w, http:\/\/biblioteka-gabin.pl\/wp-content\/uploads\/2026\/02\/H6lhZRe--1152x1536.jpg 1152w, http:\/\/biblioteka-gabin.pl\/wp-content\/uploads\/2026\/02\/H6lhZRe--1024x1365.jpg 1024w, http:\/\/biblioteka-gabin.pl\/wp-content\/uploads\/2026\/02\/H6lhZRe-.jpg 1536w\" sizes=\"auto, (max-width: 768px) 100vw, 768px\" \/><\/figure>\n\n\n\n<figure class=\"wp-block-image size-full\"><img loading=\"lazy\" decoding=\"async\" width=\"823\" height=\"868\" src=\"https:\/\/biblioteka-gabin.pl\/wp-content\/uploads\/2026\/02\/VrZAATu5.jpg\" alt=\"\" class=\"wp-image-10469\" srcset=\"http:\/\/biblioteka-gabin.pl\/wp-content\/uploads\/2026\/02\/VrZAATu5.jpg 823w, http:\/\/biblioteka-gabin.pl\/wp-content\/uploads\/2026\/02\/VrZAATu5-284x300.jpg 284w, http:\/\/biblioteka-gabin.pl\/wp-content\/uploads\/2026\/02\/VrZAATu5-768x810.jpg 768w\" sizes=\"auto, (max-width: 823px) 100vw, 823px\" \/><\/figure>\n","protected":false},"excerpt":{"rendered":"<p>W dniu dzisiejszym tj. 27 lutego 2026 r. go\u015bci\u0142am w<\/p>\n","protected":false},"author":5,"featured_media":10464,"comment_status":"open","ping_status":"open","sticky":false,"template":"","format":"standard","meta":{"footnotes":""},"categories":[37,36],"tags":[],"class_list":["post-10463","post","type-post","status-publish","format-standard","has-post-thumbnail","hentry","category-galeria","category-main"],"yoast_head":"<!-- This site is optimized with the Yoast SEO plugin v27.4 - https:\/\/yoast.com\/product\/yoast-seo-wordpress\/ -->\n<title>Konkurs Recytatorski &quot;W krainie zwierz\u0105t&quot; w Przedszkolu Samorz\u0105dowym w G\u0105binie- udzia\u0142 w komisji (27.02.2026) - Miejsko-Gminna Biblioteka Publiczna w G\u0105binie<\/title>\n<meta name=\"robots\" content=\"index, follow, max-snippet:-1, max-image-preview:large, max-video-preview:-1\" \/>\n<link rel=\"canonical\" href=\"https:\/\/biblioteka-gabin.pl\/index.php\/2026\/02\/27\/konkurs-recytatorski-w-krainie-zwierzat-w-przedszkolu-samorzadowym-w-gabinie-udzial-w-komisji-27-02-2026\/\" \/>\n<meta property=\"og:locale\" content=\"pl_PL\" \/>\n<meta property=\"og:type\" content=\"article\" \/>\n<meta property=\"og:title\" content=\"Konkurs Recytatorski &quot;W krainie zwierz\u0105t&quot; w Przedszkolu Samorz\u0105dowym w G\u0105binie- udzia\u0142 w komisji (27.02.2026) - Miejsko-Gminna Biblioteka Publiczna w G\u0105binie\" \/>\n<meta property=\"og:description\" content=\"W dniu dzisiejszym tj. 27 lutego 2026 r. go\u015bci\u0142am w\" \/>\n<meta property=\"og:url\" content=\"https:\/\/biblioteka-gabin.pl\/index.php\/2026\/02\/27\/konkurs-recytatorski-w-krainie-zwierzat-w-przedszkolu-samorzadowym-w-gabinie-udzial-w-komisji-27-02-2026\/\" \/>\n<meta property=\"og:site_name\" content=\"Miejsko-Gminna Biblioteka Publiczna w G\u0105binie\" \/>\n<meta property=\"article:publisher\" content=\"https:\/\/www.facebook.com\/bibliotekagabin\" \/>\n<meta property=\"article:published_time\" content=\"2026-02-27T13:09:49+00:00\" \/>\n<meta property=\"article:modified_time\" content=\"2026-02-27T13:09:51+00:00\" \/>\n<meta property=\"og:image\" content=\"https:\/\/biblioteka-gabin.pl\/wp-content\/uploads\/2026\/02\/9XxV_MIw.jpg\" \/>\n\t<meta property=\"og:image:width\" content=\"2048\" \/>\n\t<meta property=\"og:image:height\" content=\"1536\" \/>\n\t<meta property=\"og:image:type\" content=\"image\/jpeg\" \/>\n<meta name=\"author\" content=\"j.olejniczak\" \/>\n<meta name=\"twitter:card\" content=\"summary_large_image\" \/>\n<meta name=\"twitter:label1\" content=\"Napisane przez\" \/>\n\t<meta name=\"twitter:data1\" content=\"j.olejniczak\" \/>\n\t<meta name=\"twitter:label2\" content=\"Szacowany czas czytania\" \/>\n\t<meta name=\"twitter:data2\" content=\"2 minuty\" \/>\n<script type=\"application\/ld+json\" class=\"yoast-schema-graph\">{\"@context\":\"https:\\\/\\\/schema.org\",\"@graph\":[{\"@type\":\"Article\",\"@id\":\"https:\\\/\\\/biblioteka-gabin.pl\\\/index.php\\\/2026\\\/02\\\/27\\\/konkurs-recytatorski-w-krainie-zwierzat-w-przedszkolu-samorzadowym-w-gabinie-udzial-w-komisji-27-02-2026\\\/#article\",\"isPartOf\":{\"@id\":\"https:\\\/\\\/biblioteka-gabin.pl\\\/index.php\\\/2026\\\/02\\\/27\\\/konkurs-recytatorski-w-krainie-zwierzat-w-przedszkolu-samorzadowym-w-gabinie-udzial-w-komisji-27-02-2026\\\/\"},\"author\":{\"name\":\"j.olejniczak\",\"@id\":\"https:\\\/\\\/biblioteka-gabin.pl\\\/#\\\/schema\\\/person\\\/c6271403c55804b0c90b1abcdc89a4be\"},\"headline\":\"Konkurs Recytatorski &#8222;W krainie zwierz\u0105t&#8221; w Przedszkolu Samorz\u0105dowym w G\u0105binie- udzia\u0142 w komisji (27.02.2026)\",\"datePublished\":\"2026-02-27T13:09:49+00:00\",\"dateModified\":\"2026-02-27T13:09:51+00:00\",\"mainEntityOfPage\":{\"@id\":\"https:\\\/\\\/biblioteka-gabin.pl\\\/index.php\\\/2026\\\/02\\\/27\\\/konkurs-recytatorski-w-krainie-zwierzat-w-przedszkolu-samorzadowym-w-gabinie-udzial-w-komisji-27-02-2026\\\/\"},\"wordCount\":99,\"commentCount\":0,\"publisher\":{\"@id\":\"https:\\\/\\\/biblioteka-gabin.pl\\\/#organization\"},\"image\":{\"@id\":\"https:\\\/\\\/biblioteka-gabin.pl\\\/index.php\\\/2026\\\/02\\\/27\\\/konkurs-recytatorski-w-krainie-zwierzat-w-przedszkolu-samorzadowym-w-gabinie-udzial-w-komisji-27-02-2026\\\/#primaryimage\"},\"thumbnailUrl\":\"http:\\\/\\\/biblioteka-gabin.pl\\\/wp-content\\\/uploads\\\/2026\\\/02\\\/9XxV_MIw.jpg\",\"articleSection\":[\"Galeria\",\"Main\"],\"inLanguage\":\"pl-PL\",\"potentialAction\":[{\"@type\":\"CommentAction\",\"name\":\"Comment\",\"target\":[\"https:\\\/\\\/biblioteka-gabin.pl\\\/index.php\\\/2026\\\/02\\\/27\\\/konkurs-recytatorski-w-krainie-zwierzat-w-przedszkolu-samorzadowym-w-gabinie-udzial-w-komisji-27-02-2026\\\/#respond\"]}]},{\"@type\":\"WebPage\",\"@id\":\"https:\\\/\\\/biblioteka-gabin.pl\\\/index.php\\\/2026\\\/02\\\/27\\\/konkurs-recytatorski-w-krainie-zwierzat-w-przedszkolu-samorzadowym-w-gabinie-udzial-w-komisji-27-02-2026\\\/\",\"url\":\"https:\\\/\\\/biblioteka-gabin.pl\\\/index.php\\\/2026\\\/02\\\/27\\\/konkurs-recytatorski-w-krainie-zwierzat-w-przedszkolu-samorzadowym-w-gabinie-udzial-w-komisji-27-02-2026\\\/\",\"name\":\"Konkurs Recytatorski \\\"W krainie zwierz\u0105t\\\" w Przedszkolu Samorz\u0105dowym w G\u0105binie- udzia\u0142 w komisji (27.02.2026) - Miejsko-Gminna Biblioteka Publiczna w G\u0105binie\",\"isPartOf\":{\"@id\":\"https:\\\/\\\/biblioteka-gabin.pl\\\/#website\"},\"primaryImageOfPage\":{\"@id\":\"https:\\\/\\\/biblioteka-gabin.pl\\\/index.php\\\/2026\\\/02\\\/27\\\/konkurs-recytatorski-w-krainie-zwierzat-w-przedszkolu-samorzadowym-w-gabinie-udzial-w-komisji-27-02-2026\\\/#primaryimage\"},\"image\":{\"@id\":\"https:\\\/\\\/biblioteka-gabin.pl\\\/index.php\\\/2026\\\/02\\\/27\\\/konkurs-recytatorski-w-krainie-zwierzat-w-przedszkolu-samorzadowym-w-gabinie-udzial-w-komisji-27-02-2026\\\/#primaryimage\"},\"thumbnailUrl\":\"http:\\\/\\\/biblioteka-gabin.pl\\\/wp-content\\\/uploads\\\/2026\\\/02\\\/9XxV_MIw.jpg\",\"datePublished\":\"2026-02-27T13:09:49+00:00\",\"dateModified\":\"2026-02-27T13:09:51+00:00\",\"breadcrumb\":{\"@id\":\"https:\\\/\\\/biblioteka-gabin.pl\\\/index.php\\\/2026\\\/02\\\/27\\\/konkurs-recytatorski-w-krainie-zwierzat-w-przedszkolu-samorzadowym-w-gabinie-udzial-w-komisji-27-02-2026\\\/#breadcrumb\"},\"inLanguage\":\"pl-PL\",\"potentialAction\":[{\"@type\":\"ReadAction\",\"target\":[\"https:\\\/\\\/biblioteka-gabin.pl\\\/index.php\\\/2026\\\/02\\\/27\\\/konkurs-recytatorski-w-krainie-zwierzat-w-przedszkolu-samorzadowym-w-gabinie-udzial-w-komisji-27-02-2026\\\/\"]}]},{\"@type\":\"ImageObject\",\"inLanguage\":\"pl-PL\",\"@id\":\"https:\\\/\\\/biblioteka-gabin.pl\\\/index.php\\\/2026\\\/02\\\/27\\\/konkurs-recytatorski-w-krainie-zwierzat-w-przedszkolu-samorzadowym-w-gabinie-udzial-w-komisji-27-02-2026\\\/#primaryimage\",\"url\":\"http:\\\/\\\/biblioteka-gabin.pl\\\/wp-content\\\/uploads\\\/2026\\\/02\\\/9XxV_MIw.jpg\",\"contentUrl\":\"http:\\\/\\\/biblioteka-gabin.pl\\\/wp-content\\\/uploads\\\/2026\\\/02\\\/9XxV_MIw.jpg\",\"width\":2048,\"height\":1536},{\"@type\":\"BreadcrumbList\",\"@id\":\"https:\\\/\\\/biblioteka-gabin.pl\\\/index.php\\\/2026\\\/02\\\/27\\\/konkurs-recytatorski-w-krainie-zwierzat-w-przedszkolu-samorzadowym-w-gabinie-udzial-w-komisji-27-02-2026\\\/#breadcrumb\",\"itemListElement\":[{\"@type\":\"ListItem\",\"position\":1,\"name\":\"Strona g\u0142\u00f3wna\",\"item\":\"https:\\\/\\\/biblioteka-gabin.pl\\\/\"},{\"@type\":\"ListItem\",\"position\":2,\"name\":\"Konkurs Recytatorski &#8222;W krainie zwierz\u0105t&#8221; w Przedszkolu Samorz\u0105dowym w G\u0105binie- udzia\u0142 w komisji (27.02.2026)\"}]},{\"@type\":\"WebSite\",\"@id\":\"https:\\\/\\\/biblioteka-gabin.pl\\\/#website\",\"url\":\"https:\\\/\\\/biblioteka-gabin.pl\\\/\",\"name\":\"Miejsko-Gminna Biblioteka Publiczna w G\u0105binie\",\"description\":\"\",\"publisher\":{\"@id\":\"https:\\\/\\\/biblioteka-gabin.pl\\\/#organization\"},\"potentialAction\":[{\"@type\":\"SearchAction\",\"target\":{\"@type\":\"EntryPoint\",\"urlTemplate\":\"https:\\\/\\\/biblioteka-gabin.pl\\\/?s={search_term_string}\"},\"query-input\":{\"@type\":\"PropertyValueSpecification\",\"valueRequired\":true,\"valueName\":\"search_term_string\"}}],\"inLanguage\":\"pl-PL\"},{\"@type\":\"Organization\",\"@id\":\"https:\\\/\\\/biblioteka-gabin.pl\\\/#organization\",\"name\":\"Miejsko-Gminna Biblioteka Publiczna w G\u0105binie\",\"url\":\"https:\\\/\\\/biblioteka-gabin.pl\\\/\",\"logo\":{\"@type\":\"ImageObject\",\"inLanguage\":\"pl-PL\",\"@id\":\"https:\\\/\\\/biblioteka-gabin.pl\\\/#\\\/schema\\\/logo\\\/image\\\/\",\"url\":\"https:\\\/\\\/biblioteka-gabin.pl\\\/wp-content\\\/uploads\\\/2025\\\/03\\\/logo-biblioteka-2-1657013691-1.jpg\",\"contentUrl\":\"https:\\\/\\\/biblioteka-gabin.pl\\\/wp-content\\\/uploads\\\/2025\\\/03\\\/logo-biblioteka-2-1657013691-1.jpg\",\"width\":1600,\"height\":772,\"caption\":\"Miejsko-Gminna Biblioteka Publiczna w G\u0105binie\"},\"image\":{\"@id\":\"https:\\\/\\\/biblioteka-gabin.pl\\\/#\\\/schema\\\/logo\\\/image\\\/\"},\"sameAs\":[\"https:\\\/\\\/www.facebook.com\\\/bibliotekagabin\",\"https:\\\/\\\/www.youtube.com\\\/@mgbpgabin9392\"]},{\"@type\":\"Person\",\"@id\":\"https:\\\/\\\/biblioteka-gabin.pl\\\/#\\\/schema\\\/person\\\/c6271403c55804b0c90b1abcdc89a4be\",\"name\":\"j.olejniczak\",\"image\":{\"@type\":\"ImageObject\",\"inLanguage\":\"pl-PL\",\"@id\":\"https:\\\/\\\/secure.gravatar.com\\\/avatar\\\/926a0e21a6bc9c5f3d8b7350eef4c1328c61093f6afee787beeac212421b433a?s=96&d=mm&r=g\",\"url\":\"https:\\\/\\\/secure.gravatar.com\\\/avatar\\\/926a0e21a6bc9c5f3d8b7350eef4c1328c61093f6afee787beeac212421b433a?s=96&d=mm&r=g\",\"contentUrl\":\"https:\\\/\\\/secure.gravatar.com\\\/avatar\\\/926a0e21a6bc9c5f3d8b7350eef4c1328c61093f6afee787beeac212421b433a?s=96&d=mm&r=g\",\"caption\":\"j.olejniczak\"},\"sameAs\":[\"http:\\\/\\\/www.biblioteka-gabin.pl\"],\"url\":\"http:\\\/\\\/biblioteka-gabin.pl\\\/index.php\\\/author\\\/j-olejniczak\\\/\"}]}<\/script>\n<!-- \/ Yoast SEO plugin. -->","yoast_head_json":{"title":"Konkurs Recytatorski \"W krainie zwierz\u0105t\" w Przedszkolu Samorz\u0105dowym w G\u0105binie- udzia\u0142 w komisji (27.02.2026) - Miejsko-Gminna Biblioteka Publiczna w G\u0105binie","robots":{"index":"index","follow":"follow","max-snippet":"max-snippet:-1","max-image-preview":"max-image-preview:large","max-video-preview":"max-video-preview:-1"},"canonical":"https:\/\/biblioteka-gabin.pl\/index.php\/2026\/02\/27\/konkurs-recytatorski-w-krainie-zwierzat-w-przedszkolu-samorzadowym-w-gabinie-udzial-w-komisji-27-02-2026\/","og_locale":"pl_PL","og_type":"article","og_title":"Konkurs Recytatorski \"W krainie zwierz\u0105t\" w Przedszkolu Samorz\u0105dowym w G\u0105binie- udzia\u0142 w komisji (27.02.2026) - Miejsko-Gminna Biblioteka Publiczna w G\u0105binie","og_description":"W dniu dzisiejszym tj. 27 lutego 2026 r. go\u015bci\u0142am w","og_url":"https:\/\/biblioteka-gabin.pl\/index.php\/2026\/02\/27\/konkurs-recytatorski-w-krainie-zwierzat-w-przedszkolu-samorzadowym-w-gabinie-udzial-w-komisji-27-02-2026\/","og_site_name":"Miejsko-Gminna Biblioteka Publiczna w G\u0105binie","article_publisher":"https:\/\/www.facebook.com\/bibliotekagabin","article_published_time":"2026-02-27T13:09:49+00:00","article_modified_time":"2026-02-27T13:09:51+00:00","og_image":[{"width":2048,"height":1536,"url":"https:\/\/biblioteka-gabin.pl\/wp-content\/uploads\/2026\/02\/9XxV_MIw.jpg","type":"image\/jpeg"}],"author":"j.olejniczak","twitter_card":"summary_large_image","twitter_misc":{"Napisane przez":"j.olejniczak","Szacowany czas czytania":"2 minuty"},"schema":{"@context":"https:\/\/schema.org","@graph":[{"@type":"Article","@id":"https:\/\/biblioteka-gabin.pl\/index.php\/2026\/02\/27\/konkurs-recytatorski-w-krainie-zwierzat-w-przedszkolu-samorzadowym-w-gabinie-udzial-w-komisji-27-02-2026\/#article","isPartOf":{"@id":"https:\/\/biblioteka-gabin.pl\/index.php\/2026\/02\/27\/konkurs-recytatorski-w-krainie-zwierzat-w-przedszkolu-samorzadowym-w-gabinie-udzial-w-komisji-27-02-2026\/"},"author":{"name":"j.olejniczak","@id":"https:\/\/biblioteka-gabin.pl\/#\/schema\/person\/c6271403c55804b0c90b1abcdc89a4be"},"headline":"Konkurs Recytatorski &#8222;W krainie zwierz\u0105t&#8221; w Przedszkolu Samorz\u0105dowym w G\u0105binie- udzia\u0142 w komisji (27.02.2026)","datePublished":"2026-02-27T13:09:49+00:00","dateModified":"2026-02-27T13:09:51+00:00","mainEntityOfPage":{"@id":"https:\/\/biblioteka-gabin.pl\/index.php\/2026\/02\/27\/konkurs-recytatorski-w-krainie-zwierzat-w-przedszkolu-samorzadowym-w-gabinie-udzial-w-komisji-27-02-2026\/"},"wordCount":99,"commentCount":0,"publisher":{"@id":"https:\/\/biblioteka-gabin.pl\/#organization"},"image":{"@id":"https:\/\/biblioteka-gabin.pl\/index.php\/2026\/02\/27\/konkurs-recytatorski-w-krainie-zwierzat-w-przedszkolu-samorzadowym-w-gabinie-udzial-w-komisji-27-02-2026\/#primaryimage"},"thumbnailUrl":"http:\/\/biblioteka-gabin.pl\/wp-content\/uploads\/2026\/02\/9XxV_MIw.jpg","articleSection":["Galeria","Main"],"inLanguage":"pl-PL","potentialAction":[{"@type":"CommentAction","name":"Comment","target":["https:\/\/biblioteka-gabin.pl\/index.php\/2026\/02\/27\/konkurs-recytatorski-w-krainie-zwierzat-w-przedszkolu-samorzadowym-w-gabinie-udzial-w-komisji-27-02-2026\/#respond"]}]},{"@type":"WebPage","@id":"https:\/\/biblioteka-gabin.pl\/index.php\/2026\/02\/27\/konkurs-recytatorski-w-krainie-zwierzat-w-przedszkolu-samorzadowym-w-gabinie-udzial-w-komisji-27-02-2026\/","url":"https:\/\/biblioteka-gabin.pl\/index.php\/2026\/02\/27\/konkurs-recytatorski-w-krainie-zwierzat-w-przedszkolu-samorzadowym-w-gabinie-udzial-w-komisji-27-02-2026\/","name":"Konkurs Recytatorski \"W krainie zwierz\u0105t\" w Przedszkolu Samorz\u0105dowym w G\u0105binie- udzia\u0142 w komisji (27.02.2026) - Miejsko-Gminna Biblioteka Publiczna w G\u0105binie","isPartOf":{"@id":"https:\/\/biblioteka-gabin.pl\/#website"},"primaryImageOfPage":{"@id":"https:\/\/biblioteka-gabin.pl\/index.php\/2026\/02\/27\/konkurs-recytatorski-w-krainie-zwierzat-w-przedszkolu-samorzadowym-w-gabinie-udzial-w-komisji-27-02-2026\/#primaryimage"},"image":{"@id":"https:\/\/biblioteka-gabin.pl\/index.php\/2026\/02\/27\/konkurs-recytatorski-w-krainie-zwierzat-w-przedszkolu-samorzadowym-w-gabinie-udzial-w-komisji-27-02-2026\/#primaryimage"},"thumbnailUrl":"http:\/\/biblioteka-gabin.pl\/wp-content\/uploads\/2026\/02\/9XxV_MIw.jpg","datePublished":"2026-02-27T13:09:49+00:00","dateModified":"2026-02-27T13:09:51+00:00","breadcrumb":{"@id":"https:\/\/biblioteka-gabin.pl\/index.php\/2026\/02\/27\/konkurs-recytatorski-w-krainie-zwierzat-w-przedszkolu-samorzadowym-w-gabinie-udzial-w-komisji-27-02-2026\/#breadcrumb"},"inLanguage":"pl-PL","potentialAction":[{"@type":"ReadAction","target":["https:\/\/biblioteka-gabin.pl\/index.php\/2026\/02\/27\/konkurs-recytatorski-w-krainie-zwierzat-w-przedszkolu-samorzadowym-w-gabinie-udzial-w-komisji-27-02-2026\/"]}]},{"@type":"ImageObject","inLanguage":"pl-PL","@id":"https:\/\/biblioteka-gabin.pl\/index.php\/2026\/02\/27\/konkurs-recytatorski-w-krainie-zwierzat-w-przedszkolu-samorzadowym-w-gabinie-udzial-w-komisji-27-02-2026\/#primaryimage","url":"http:\/\/biblioteka-gabin.pl\/wp-content\/uploads\/2026\/02\/9XxV_MIw.jpg","contentUrl":"http:\/\/biblioteka-gabin.pl\/wp-content\/uploads\/2026\/02\/9XxV_MIw.jpg","width":2048,"height":1536},{"@type":"BreadcrumbList","@id":"https:\/\/biblioteka-gabin.pl\/index.php\/2026\/02\/27\/konkurs-recytatorski-w-krainie-zwierzat-w-przedszkolu-samorzadowym-w-gabinie-udzial-w-komisji-27-02-2026\/#breadcrumb","itemListElement":[{"@type":"ListItem","position":1,"name":"Strona g\u0142\u00f3wna","item":"https:\/\/biblioteka-gabin.pl\/"},{"@type":"ListItem","position":2,"name":"Konkurs Recytatorski &#8222;W krainie zwierz\u0105t&#8221; w Przedszkolu Samorz\u0105dowym w G\u0105binie- udzia\u0142 w komisji (27.02.2026)"}]},{"@type":"WebSite","@id":"https:\/\/biblioteka-gabin.pl\/#website","url":"https:\/\/biblioteka-gabin.pl\/","name":"Miejsko-Gminna Biblioteka Publiczna w G\u0105binie","description":"","publisher":{"@id":"https:\/\/biblioteka-gabin.pl\/#organization"},"potentialAction":[{"@type":"SearchAction","target":{"@type":"EntryPoint","urlTemplate":"https:\/\/biblioteka-gabin.pl\/?s={search_term_string}"},"query-input":{"@type":"PropertyValueSpecification","valueRequired":true,"valueName":"search_term_string"}}],"inLanguage":"pl-PL"},{"@type":"Organization","@id":"https:\/\/biblioteka-gabin.pl\/#organization","name":"Miejsko-Gminna Biblioteka Publiczna w G\u0105binie","url":"https:\/\/biblioteka-gabin.pl\/","logo":{"@type":"ImageObject","inLanguage":"pl-PL","@id":"https:\/\/biblioteka-gabin.pl\/#\/schema\/logo\/image\/","url":"https:\/\/biblioteka-gabin.pl\/wp-content\/uploads\/2025\/03\/logo-biblioteka-2-1657013691-1.jpg","contentUrl":"https:\/\/biblioteka-gabin.pl\/wp-content\/uploads\/2025\/03\/logo-biblioteka-2-1657013691-1.jpg","width":1600,"height":772,"caption":"Miejsko-Gminna Biblioteka Publiczna w G\u0105binie"},"image":{"@id":"https:\/\/biblioteka-gabin.pl\/#\/schema\/logo\/image\/"},"sameAs":["https:\/\/www.facebook.com\/bibliotekagabin","https:\/\/www.youtube.com\/@mgbpgabin9392"]},{"@type":"Person","@id":"https:\/\/biblioteka-gabin.pl\/#\/schema\/person\/c6271403c55804b0c90b1abcdc89a4be","name":"j.olejniczak","image":{"@type":"ImageObject","inLanguage":"pl-PL","@id":"https:\/\/secure.gravatar.com\/avatar\/926a0e21a6bc9c5f3d8b7350eef4c1328c61093f6afee787beeac212421b433a?s=96&d=mm&r=g","url":"https:\/\/secure.gravatar.com\/avatar\/926a0e21a6bc9c5f3d8b7350eef4c1328c61093f6afee787beeac212421b433a?s=96&d=mm&r=g","contentUrl":"https:\/\/secure.gravatar.com\/avatar\/926a0e21a6bc9c5f3d8b7350eef4c1328c61093f6afee787beeac212421b433a?s=96&d=mm&r=g","caption":"j.olejniczak"},"sameAs":["http:\/\/www.biblioteka-gabin.pl"],"url":"http:\/\/biblioteka-gabin.pl\/index.php\/author\/j-olejniczak\/"}]}},"_links":{"self":[{"href":"http:\/\/biblioteka-gabin.pl\/index.php\/wp-json\/wp\/v2\/posts\/10463","targetHints":{"allow":["GET"]}}],"collection":[{"href":"http:\/\/biblioteka-gabin.pl\/index.php\/wp-json\/wp\/v2\/posts"}],"about":[{"href":"http:\/\/biblioteka-gabin.pl\/index.php\/wp-json\/wp\/v2\/types\/post"}],"author":[{"embeddable":true,"href":"http:\/\/biblioteka-gabin.pl\/index.php\/wp-json\/wp\/v2\/users\/5"}],"replies":[{"embeddable":true,"href":"http:\/\/biblioteka-gabin.pl\/index.php\/wp-json\/wp\/v2\/comments?post=10463"}],"version-history":[{"count":1,"href":"http:\/\/biblioteka-gabin.pl\/index.php\/wp-json\/wp\/v2\/posts\/10463\/revisions"}],"predecessor-version":[{"id":10470,"href":"http:\/\/biblioteka-gabin.pl\/index.php\/wp-json\/wp\/v2\/posts\/10463\/revisions\/10470"}],"wp:featuredmedia":[{"embeddable":true,"href":"http:\/\/biblioteka-gabin.pl\/index.php\/wp-json\/wp\/v2\/media\/10464"}],"wp:attachment":[{"href":"http:\/\/biblioteka-gabin.pl\/index.php\/wp-json\/wp\/v2\/media?parent=10463"}],"wp:term":[{"taxonomy":"category","embeddable":true,"href":"http:\/\/biblioteka-gabin.pl\/index.php\/wp-json\/wp\/v2\/categories?post=10463"},{"taxonomy":"post_tag","embeddable":true,"href":"http:\/\/biblioteka-gabin.pl\/index.php\/wp-json\/wp\/v2\/tags?post=10463"}],"curies":[{"name":"wp","href":"https:\/\/api.w.org\/{rel}","templated":true}]}}