{"id":10474,"date":"2026-02-27T14:07:27","date_gmt":"2026-02-27T14:07:27","guid":{"rendered":"https:\/\/biblioteka-gabin.pl\/?p=10474"},"modified":"2026-02-27T14:09:08","modified_gmt":"2026-02-27T14:09:08","slug":"pogadanka-z-dziecmi-z-oddzialu-przedszkolnego-w-czermnie-26-02-2026","status":"publish","type":"post","link":"http:\/\/biblioteka-gabin.pl\/index.php\/2026\/02\/27\/pogadanka-z-dziecmi-z-oddzialu-przedszkolnego-w-czermnie-26-02-2026\/","title":{"rendered":"&#8222;Pogadanka&#8221; z dzie\u0107mi z Oddzia\u0142u Przedszkolnego w Czermnie (26.02.2026)"},"content":{"rendered":"\n<p>&nbsp;&nbsp;&nbsp; Tematem dzisiejszych zaj\u0119\u0107 z dzie\u0107mi by\u0142a zbli\u017caj\u0105ca si\u0119 wiosna, kt\u00f3ra powoli przedziera si\u0119 przez \u015bniegi i mrozy. Poprosi\u0142am, aby Przedszkolaki pokolorowa\u0142y dla mnie gotowe szablony z motylkiem, bocianem czy tulipanem- symbolami najpi\u0119kniejszej pory roku-wiosny. Koloruj\u0105c swoje prace, dzieci ch\u0119tnie wzi\u0119\u0142y udzia\u0142 w dyskusji opowiadaj\u0105c mi o kuku\u0142ce, dzi\u0119ciole, bocianach, kt\u00f3re zdo\u0142a\u0142y zaobserwowa\u0107 wczesn\u0105 wiosn\u0105. Paleta wspania\u0142ych barw znalaz\u0142a si\u0119 w pracach dzieci. Motylki- ozdobione nawet w serduszka, przepi\u0119knie si\u0119 prezentowa\u0142y, podobnie zreszt\u0105 jak i tulipany. Wszystkie prace znajd\u0105 si\u0119 na wystawce w Miejsko-Gminnej Bibliotece Publicznej w G\u0105binie, aby\u015bmy mogli cz\u0119\u015bciej my\u015ble\u0107 o zbli\u017caj\u0105cej si\u0119 wio\u015bnie.<\/p>\n\n\n\n<p>&nbsp;&nbsp;&nbsp;&nbsp; Dodatkowo zaprosi\u0142am dzieci na dywan, gdzie przeczyta\u0142am ksi\u0105\u017ck\u0119 I. Down pt. \u201ePrzytul mnie jeszcze raz\u201d, gdzie ma\u0142y bohater -s\u0142onik czeka na najpi\u0119kniejszy fragment dnia- przytulak od mamy, p\u00f3\u017aniej od siostry oraz brata.<\/p>\n\n\n\n<p>Du\u017ce zainteresowanie wzbudzi\u0142a tak\u017ce przeczytana przeze mnie ksi\u0105\u017cka T. Knapman pt. \u201e(nie) jestem odwa\u017cny\u201d. Obserwowa\u0142am Maluchy, widzia\u0142am na ich twarzach du\u017ce zaciekawienie. Temat wszystkim dobrze znany. Wyja\u015bni\u0142am dzieciom, \u017ce nie tylko one mog\u0105 czego\u015b si\u0119 ba\u0107, doro\u015bli tak\u017ce walcz\u0105 ze swoimi wewn\u0119trznymi strachami, kt\u00f3re ucz\u0105 si\u0119 pokonywa\u0107. By\u0142a to znakomita lektura dla nas wszystkich.<\/p>\n\n\n\n<p>&nbsp;&nbsp;&nbsp;&nbsp; Dzi\u0119kuj\u0119 uroczym Przedszkolakom za wspania\u0142e spotkanie i ju\u017c nie mog\u0119 doczeka\u0107 si\u0119 kolejnego.<\/p>\n\n\n\n<p>&nbsp;&nbsp;&nbsp;&nbsp;&nbsp;&nbsp;&nbsp;&nbsp;&nbsp;&nbsp;&nbsp;&nbsp;&nbsp;&nbsp;&nbsp;&nbsp;&nbsp;&nbsp; Opr. Joanna Olejniczak<\/p>\n\n\n\n<figure class=\"wp-block-image size-large\"><img loading=\"lazy\" decoding=\"async\" width=\"578\" height=\"1024\" src=\"https:\/\/biblioteka-gabin.pl\/wp-content\/uploads\/2026\/02\/fk4xRRvr-578x1024.jpg\" alt=\"\" class=\"wp-image-10475\" srcset=\"http:\/\/biblioteka-gabin.pl\/wp-content\/uploads\/2026\/02\/fk4xRRvr-578x1024.jpg 578w, http:\/\/biblioteka-gabin.pl\/wp-content\/uploads\/2026\/02\/fk4xRRvr-169x300.jpg 169w, http:\/\/biblioteka-gabin.pl\/wp-content\/uploads\/2026\/02\/fk4xRRvr-768x1361.jpg 768w, http:\/\/biblioteka-gabin.pl\/wp-content\/uploads\/2026\/02\/fk4xRRvr-867x1536.jpg 867w, http:\/\/biblioteka-gabin.pl\/wp-content\/uploads\/2026\/02\/fk4xRRvr-1024x1815.jpg 1024w, http:\/\/biblioteka-gabin.pl\/wp-content\/uploads\/2026\/02\/fk4xRRvr.jpg 1156w\" sizes=\"auto, (max-width: 578px) 100vw, 578px\" \/><\/figure>\n\n\n\n<figure class=\"wp-block-image size-large\"><img loading=\"lazy\" decoding=\"async\" width=\"578\" height=\"1024\" src=\"https:\/\/biblioteka-gabin.pl\/wp-content\/uploads\/2026\/02\/8rNyHFDX-578x1024.jpg\" alt=\"\" class=\"wp-image-10476\" srcset=\"http:\/\/biblioteka-gabin.pl\/wp-content\/uploads\/2026\/02\/8rNyHFDX-578x1024.jpg 578w, http:\/\/biblioteka-gabin.pl\/wp-content\/uploads\/2026\/02\/8rNyHFDX-169x300.jpg 169w, http:\/\/biblioteka-gabin.pl\/wp-content\/uploads\/2026\/02\/8rNyHFDX-768x1361.jpg 768w, http:\/\/biblioteka-gabin.pl\/wp-content\/uploads\/2026\/02\/8rNyHFDX-867x1536.jpg 867w, http:\/\/biblioteka-gabin.pl\/wp-content\/uploads\/2026\/02\/8rNyHFDX-1024x1815.jpg 1024w, http:\/\/biblioteka-gabin.pl\/wp-content\/uploads\/2026\/02\/8rNyHFDX.jpg 1156w\" sizes=\"auto, (max-width: 578px) 100vw, 578px\" \/><\/figure>\n\n\n\n<figure class=\"wp-block-image size-large\"><img loading=\"lazy\" decoding=\"async\" width=\"578\" height=\"1024\" src=\"https:\/\/biblioteka-gabin.pl\/wp-content\/uploads\/2026\/02\/98LBYZk8-578x1024.jpg\" alt=\"\" class=\"wp-image-10477\" srcset=\"http:\/\/biblioteka-gabin.pl\/wp-content\/uploads\/2026\/02\/98LBYZk8-578x1024.jpg 578w, http:\/\/biblioteka-gabin.pl\/wp-content\/uploads\/2026\/02\/98LBYZk8-169x300.jpg 169w, http:\/\/biblioteka-gabin.pl\/wp-content\/uploads\/2026\/02\/98LBYZk8-768x1361.jpg 768w, http:\/\/biblioteka-gabin.pl\/wp-content\/uploads\/2026\/02\/98LBYZk8-867x1536.jpg 867w, http:\/\/biblioteka-gabin.pl\/wp-content\/uploads\/2026\/02\/98LBYZk8-1024x1815.jpg 1024w, http:\/\/biblioteka-gabin.pl\/wp-content\/uploads\/2026\/02\/98LBYZk8.jpg 1156w\" sizes=\"auto, (max-width: 578px) 100vw, 578px\" \/><\/figure>\n\n\n\n<figure class=\"wp-block-image size-large\"><img loading=\"lazy\" decoding=\"async\" width=\"1024\" height=\"578\" src=\"https:\/\/biblioteka-gabin.pl\/wp-content\/uploads\/2026\/02\/CkX52-2B-1024x578.jpg\" alt=\"\" class=\"wp-image-10478\" srcset=\"http:\/\/biblioteka-gabin.pl\/wp-content\/uploads\/2026\/02\/CkX52-2B-1024x578.jpg 1024w, http:\/\/biblioteka-gabin.pl\/wp-content\/uploads\/2026\/02\/CkX52-2B-300x169.jpg 300w, http:\/\/biblioteka-gabin.pl\/wp-content\/uploads\/2026\/02\/CkX52-2B-768x433.jpg 768w, http:\/\/biblioteka-gabin.pl\/wp-content\/uploads\/2026\/02\/CkX52-2B-1536x866.jpg 1536w, http:\/\/biblioteka-gabin.pl\/wp-content\/uploads\/2026\/02\/CkX52-2B.jpg 2048w\" sizes=\"auto, (max-width: 1024px) 100vw, 1024px\" \/><\/figure>\n\n\n\n<figure class=\"wp-block-image size-large\"><img loading=\"lazy\" decoding=\"async\" width=\"578\" height=\"1024\" src=\"https:\/\/biblioteka-gabin.pl\/wp-content\/uploads\/2026\/02\/cPUxcJSA-578x1024.jpg\" alt=\"\" class=\"wp-image-10479\" srcset=\"http:\/\/biblioteka-gabin.pl\/wp-content\/uploads\/2026\/02\/cPUxcJSA-578x1024.jpg 578w, http:\/\/biblioteka-gabin.pl\/wp-content\/uploads\/2026\/02\/cPUxcJSA-169x300.jpg 169w, http:\/\/biblioteka-gabin.pl\/wp-content\/uploads\/2026\/02\/cPUxcJSA-768x1361.jpg 768w, http:\/\/biblioteka-gabin.pl\/wp-content\/uploads\/2026\/02\/cPUxcJSA-867x1536.jpg 867w, http:\/\/biblioteka-gabin.pl\/wp-content\/uploads\/2026\/02\/cPUxcJSA-1024x1815.jpg 1024w, http:\/\/biblioteka-gabin.pl\/wp-content\/uploads\/2026\/02\/cPUxcJSA.jpg 1156w\" sizes=\"auto, (max-width: 578px) 100vw, 578px\" \/><\/figure>\n\n\n\n<figure class=\"wp-block-image size-large\"><img loading=\"lazy\" decoding=\"async\" width=\"578\" height=\"1024\" src=\"https:\/\/biblioteka-gabin.pl\/wp-content\/uploads\/2026\/02\/jeth4Q7O-578x1024.jpg\" alt=\"\" class=\"wp-image-10480\" srcset=\"http:\/\/biblioteka-gabin.pl\/wp-content\/uploads\/2026\/02\/jeth4Q7O-578x1024.jpg 578w, http:\/\/biblioteka-gabin.pl\/wp-content\/uploads\/2026\/02\/jeth4Q7O-169x300.jpg 169w, http:\/\/biblioteka-gabin.pl\/wp-content\/uploads\/2026\/02\/jeth4Q7O-768x1361.jpg 768w, http:\/\/biblioteka-gabin.pl\/wp-content\/uploads\/2026\/02\/jeth4Q7O-867x1536.jpg 867w, http:\/\/biblioteka-gabin.pl\/wp-content\/uploads\/2026\/02\/jeth4Q7O-1024x1815.jpg 1024w, http:\/\/biblioteka-gabin.pl\/wp-content\/uploads\/2026\/02\/jeth4Q7O.jpg 1156w\" sizes=\"auto, (max-width: 578px) 100vw, 578px\" \/><\/figure>\n\n\n\n<figure class=\"wp-block-image size-large\"><img loading=\"lazy\" decoding=\"async\" width=\"578\" height=\"1024\" src=\"https:\/\/biblioteka-gabin.pl\/wp-content\/uploads\/2026\/02\/MkT92KEM-578x1024.jpg\" alt=\"\" class=\"wp-image-10481\" srcset=\"http:\/\/biblioteka-gabin.pl\/wp-content\/uploads\/2026\/02\/MkT92KEM-578x1024.jpg 578w, http:\/\/biblioteka-gabin.pl\/wp-content\/uploads\/2026\/02\/MkT92KEM-169x300.jpg 169w, http:\/\/biblioteka-gabin.pl\/wp-content\/uploads\/2026\/02\/MkT92KEM-768x1361.jpg 768w, http:\/\/biblioteka-gabin.pl\/wp-content\/uploads\/2026\/02\/MkT92KEM-867x1536.jpg 867w, http:\/\/biblioteka-gabin.pl\/wp-content\/uploads\/2026\/02\/MkT92KEM-1024x1815.jpg 1024w, http:\/\/biblioteka-gabin.pl\/wp-content\/uploads\/2026\/02\/MkT92KEM.jpg 1156w\" sizes=\"auto, (max-width: 578px) 100vw, 578px\" \/><\/figure>\n\n\n\n<p><\/p>\n","protected":false},"excerpt":{"rendered":"<p>&nbsp;&nbsp;&nbsp; Tematem dzisiejszych zaj\u0119\u0107 z dzie\u0107mi by\u0142a zbli\u017caj\u0105ca si\u0119 wiosna,<\/p>\n","protected":false},"author":5,"featured_media":10475,"comment_status":"open","ping_status":"open","sticky":false,"template":"","format":"standard","meta":{"footnotes":""},"categories":[37,36],"tags":[],"class_list":["post-10474","post","type-post","status-publish","format-standard","has-post-thumbnail","hentry","category-galeria","category-main"],"yoast_head":"<!-- This site is optimized with the Yoast SEO plugin v27.4 - https:\/\/yoast.com\/product\/yoast-seo-wordpress\/ -->\n<title>&quot;Pogadanka&quot; z dzie\u0107mi z Oddzia\u0142u Przedszkolnego w Czermnie (26.02.2026) - Miejsko-Gminna Biblioteka Publiczna w G\u0105binie<\/title>\n<meta name=\"robots\" content=\"index, follow, max-snippet:-1, max-image-preview:large, max-video-preview:-1\" \/>\n<link rel=\"canonical\" href=\"http:\/\/biblioteka-gabin.pl\/index.php\/2026\/02\/27\/pogadanka-z-dziecmi-z-oddzialu-przedszkolnego-w-czermnie-26-02-2026\/\" \/>\n<meta property=\"og:locale\" content=\"pl_PL\" \/>\n<meta property=\"og:type\" content=\"article\" \/>\n<meta property=\"og:title\" content=\"&quot;Pogadanka&quot; z dzie\u0107mi z Oddzia\u0142u Przedszkolnego w Czermnie (26.02.2026) - Miejsko-Gminna Biblioteka Publiczna w G\u0105binie\" \/>\n<meta property=\"og:description\" content=\"&nbsp;&nbsp;&nbsp; Tematem dzisiejszych zaj\u0119\u0107 z dzie\u0107mi by\u0142a zbli\u017caj\u0105ca si\u0119 wiosna,\" \/>\n<meta property=\"og:url\" content=\"http:\/\/biblioteka-gabin.pl\/index.php\/2026\/02\/27\/pogadanka-z-dziecmi-z-oddzialu-przedszkolnego-w-czermnie-26-02-2026\/\" \/>\n<meta property=\"og:site_name\" content=\"Miejsko-Gminna Biblioteka Publiczna w G\u0105binie\" \/>\n<meta property=\"article:publisher\" content=\"https:\/\/www.facebook.com\/bibliotekagabin\" \/>\n<meta property=\"article:published_time\" content=\"2026-02-27T14:07:27+00:00\" \/>\n<meta property=\"article:modified_time\" content=\"2026-02-27T14:09:08+00:00\" \/>\n<meta property=\"og:image\" content=\"http:\/\/biblioteka-gabin.pl\/wp-content\/uploads\/2026\/02\/fk4xRRvr.jpg\" \/>\n\t<meta property=\"og:image:width\" content=\"1156\" \/>\n\t<meta property=\"og:image:height\" content=\"2049\" \/>\n\t<meta property=\"og:image:type\" content=\"image\/jpeg\" \/>\n<meta name=\"author\" content=\"j.olejniczak\" \/>\n<meta name=\"twitter:card\" content=\"summary_large_image\" \/>\n<meta name=\"twitter:label1\" content=\"Napisane przez\" \/>\n\t<meta name=\"twitter:data1\" content=\"j.olejniczak\" \/>\n\t<meta name=\"twitter:label2\" content=\"Szacowany czas czytania\" \/>\n\t<meta name=\"twitter:data2\" content=\"3 minuty\" \/>\n<script type=\"application\/ld+json\" class=\"yoast-schema-graph\">{\"@context\":\"https:\\\/\\\/schema.org\",\"@graph\":[{\"@type\":\"Article\",\"@id\":\"http:\\\/\\\/biblioteka-gabin.pl\\\/index.php\\\/2026\\\/02\\\/27\\\/pogadanka-z-dziecmi-z-oddzialu-przedszkolnego-w-czermnie-26-02-2026\\\/#article\",\"isPartOf\":{\"@id\":\"http:\\\/\\\/biblioteka-gabin.pl\\\/index.php\\\/2026\\\/02\\\/27\\\/pogadanka-z-dziecmi-z-oddzialu-przedszkolnego-w-czermnie-26-02-2026\\\/\"},\"author\":{\"name\":\"j.olejniczak\",\"@id\":\"https:\\\/\\\/biblioteka-gabin.pl\\\/#\\\/schema\\\/person\\\/c6271403c55804b0c90b1abcdc89a4be\"},\"headline\":\"&#8222;Pogadanka&#8221; z dzie\u0107mi z Oddzia\u0142u Przedszkolnego w Czermnie (26.02.2026)\",\"datePublished\":\"2026-02-27T14:07:27+00:00\",\"dateModified\":\"2026-02-27T14:09:08+00:00\",\"mainEntityOfPage\":{\"@id\":\"http:\\\/\\\/biblioteka-gabin.pl\\\/index.php\\\/2026\\\/02\\\/27\\\/pogadanka-z-dziecmi-z-oddzialu-przedszkolnego-w-czermnie-26-02-2026\\\/\"},\"wordCount\":288,\"commentCount\":0,\"publisher\":{\"@id\":\"https:\\\/\\\/biblioteka-gabin.pl\\\/#organization\"},\"image\":{\"@id\":\"http:\\\/\\\/biblioteka-gabin.pl\\\/index.php\\\/2026\\\/02\\\/27\\\/pogadanka-z-dziecmi-z-oddzialu-przedszkolnego-w-czermnie-26-02-2026\\\/#primaryimage\"},\"thumbnailUrl\":\"http:\\\/\\\/biblioteka-gabin.pl\\\/wp-content\\\/uploads\\\/2026\\\/02\\\/fk4xRRvr.jpg\",\"articleSection\":[\"Galeria\",\"Main\"],\"inLanguage\":\"pl-PL\",\"potentialAction\":[{\"@type\":\"CommentAction\",\"name\":\"Comment\",\"target\":[\"http:\\\/\\\/biblioteka-gabin.pl\\\/index.php\\\/2026\\\/02\\\/27\\\/pogadanka-z-dziecmi-z-oddzialu-przedszkolnego-w-czermnie-26-02-2026\\\/#respond\"]}]},{\"@type\":\"WebPage\",\"@id\":\"http:\\\/\\\/biblioteka-gabin.pl\\\/index.php\\\/2026\\\/02\\\/27\\\/pogadanka-z-dziecmi-z-oddzialu-przedszkolnego-w-czermnie-26-02-2026\\\/\",\"url\":\"http:\\\/\\\/biblioteka-gabin.pl\\\/index.php\\\/2026\\\/02\\\/27\\\/pogadanka-z-dziecmi-z-oddzialu-przedszkolnego-w-czermnie-26-02-2026\\\/\",\"name\":\"\\\"Pogadanka\\\" z dzie\u0107mi z Oddzia\u0142u Przedszkolnego w Czermnie (26.02.2026) - Miejsko-Gminna Biblioteka Publiczna w G\u0105binie\",\"isPartOf\":{\"@id\":\"https:\\\/\\\/biblioteka-gabin.pl\\\/#website\"},\"primaryImageOfPage\":{\"@id\":\"http:\\\/\\\/biblioteka-gabin.pl\\\/index.php\\\/2026\\\/02\\\/27\\\/pogadanka-z-dziecmi-z-oddzialu-przedszkolnego-w-czermnie-26-02-2026\\\/#primaryimage\"},\"image\":{\"@id\":\"http:\\\/\\\/biblioteka-gabin.pl\\\/index.php\\\/2026\\\/02\\\/27\\\/pogadanka-z-dziecmi-z-oddzialu-przedszkolnego-w-czermnie-26-02-2026\\\/#primaryimage\"},\"thumbnailUrl\":\"http:\\\/\\\/biblioteka-gabin.pl\\\/wp-content\\\/uploads\\\/2026\\\/02\\\/fk4xRRvr.jpg\",\"datePublished\":\"2026-02-27T14:07:27+00:00\",\"dateModified\":\"2026-02-27T14:09:08+00:00\",\"breadcrumb\":{\"@id\":\"http:\\\/\\\/biblioteka-gabin.pl\\\/index.php\\\/2026\\\/02\\\/27\\\/pogadanka-z-dziecmi-z-oddzialu-przedszkolnego-w-czermnie-26-02-2026\\\/#breadcrumb\"},\"inLanguage\":\"pl-PL\",\"potentialAction\":[{\"@type\":\"ReadAction\",\"target\":[\"http:\\\/\\\/biblioteka-gabin.pl\\\/index.php\\\/2026\\\/02\\\/27\\\/pogadanka-z-dziecmi-z-oddzialu-przedszkolnego-w-czermnie-26-02-2026\\\/\"]}]},{\"@type\":\"ImageObject\",\"inLanguage\":\"pl-PL\",\"@id\":\"http:\\\/\\\/biblioteka-gabin.pl\\\/index.php\\\/2026\\\/02\\\/27\\\/pogadanka-z-dziecmi-z-oddzialu-przedszkolnego-w-czermnie-26-02-2026\\\/#primaryimage\",\"url\":\"http:\\\/\\\/biblioteka-gabin.pl\\\/wp-content\\\/uploads\\\/2026\\\/02\\\/fk4xRRvr.jpg\",\"contentUrl\":\"http:\\\/\\\/biblioteka-gabin.pl\\\/wp-content\\\/uploads\\\/2026\\\/02\\\/fk4xRRvr.jpg\",\"width\":1156,\"height\":2049},{\"@type\":\"BreadcrumbList\",\"@id\":\"http:\\\/\\\/biblioteka-gabin.pl\\\/index.php\\\/2026\\\/02\\\/27\\\/pogadanka-z-dziecmi-z-oddzialu-przedszkolnego-w-czermnie-26-02-2026\\\/#breadcrumb\",\"itemListElement\":[{\"@type\":\"ListItem\",\"position\":1,\"name\":\"Strona g\u0142\u00f3wna\",\"item\":\"https:\\\/\\\/biblioteka-gabin.pl\\\/\"},{\"@type\":\"ListItem\",\"position\":2,\"name\":\"&#8222;Pogadanka&#8221; z dzie\u0107mi z Oddzia\u0142u Przedszkolnego w Czermnie (26.02.2026)\"}]},{\"@type\":\"WebSite\",\"@id\":\"https:\\\/\\\/biblioteka-gabin.pl\\\/#website\",\"url\":\"https:\\\/\\\/biblioteka-gabin.pl\\\/\",\"name\":\"Miejsko-Gminna Biblioteka Publiczna w G\u0105binie\",\"description\":\"\",\"publisher\":{\"@id\":\"https:\\\/\\\/biblioteka-gabin.pl\\\/#organization\"},\"potentialAction\":[{\"@type\":\"SearchAction\",\"target\":{\"@type\":\"EntryPoint\",\"urlTemplate\":\"https:\\\/\\\/biblioteka-gabin.pl\\\/?s={search_term_string}\"},\"query-input\":{\"@type\":\"PropertyValueSpecification\",\"valueRequired\":true,\"valueName\":\"search_term_string\"}}],\"inLanguage\":\"pl-PL\"},{\"@type\":\"Organization\",\"@id\":\"https:\\\/\\\/biblioteka-gabin.pl\\\/#organization\",\"name\":\"Miejsko-Gminna Biblioteka Publiczna w G\u0105binie\",\"url\":\"https:\\\/\\\/biblioteka-gabin.pl\\\/\",\"logo\":{\"@type\":\"ImageObject\",\"inLanguage\":\"pl-PL\",\"@id\":\"https:\\\/\\\/biblioteka-gabin.pl\\\/#\\\/schema\\\/logo\\\/image\\\/\",\"url\":\"https:\\\/\\\/biblioteka-gabin.pl\\\/wp-content\\\/uploads\\\/2025\\\/03\\\/logo-biblioteka-2-1657013691-1.jpg\",\"contentUrl\":\"https:\\\/\\\/biblioteka-gabin.pl\\\/wp-content\\\/uploads\\\/2025\\\/03\\\/logo-biblioteka-2-1657013691-1.jpg\",\"width\":1600,\"height\":772,\"caption\":\"Miejsko-Gminna Biblioteka Publiczna w G\u0105binie\"},\"image\":{\"@id\":\"https:\\\/\\\/biblioteka-gabin.pl\\\/#\\\/schema\\\/logo\\\/image\\\/\"},\"sameAs\":[\"https:\\\/\\\/www.facebook.com\\\/bibliotekagabin\",\"https:\\\/\\\/www.youtube.com\\\/@mgbpgabin9392\"]},{\"@type\":\"Person\",\"@id\":\"https:\\\/\\\/biblioteka-gabin.pl\\\/#\\\/schema\\\/person\\\/c6271403c55804b0c90b1abcdc89a4be\",\"name\":\"j.olejniczak\",\"image\":{\"@type\":\"ImageObject\",\"inLanguage\":\"pl-PL\",\"@id\":\"https:\\\/\\\/secure.gravatar.com\\\/avatar\\\/926a0e21a6bc9c5f3d8b7350eef4c1328c61093f6afee787beeac212421b433a?s=96&d=mm&r=g\",\"url\":\"https:\\\/\\\/secure.gravatar.com\\\/avatar\\\/926a0e21a6bc9c5f3d8b7350eef4c1328c61093f6afee787beeac212421b433a?s=96&d=mm&r=g\",\"contentUrl\":\"https:\\\/\\\/secure.gravatar.com\\\/avatar\\\/926a0e21a6bc9c5f3d8b7350eef4c1328c61093f6afee787beeac212421b433a?s=96&d=mm&r=g\",\"caption\":\"j.olejniczak\"},\"sameAs\":[\"http:\\\/\\\/www.biblioteka-gabin.pl\"],\"url\":\"http:\\\/\\\/biblioteka-gabin.pl\\\/index.php\\\/author\\\/j-olejniczak\\\/\"}]}<\/script>\n<!-- \/ Yoast SEO plugin. -->","yoast_head_json":{"title":"\"Pogadanka\" z dzie\u0107mi z Oddzia\u0142u Przedszkolnego w Czermnie (26.02.2026) - Miejsko-Gminna Biblioteka Publiczna w G\u0105binie","robots":{"index":"index","follow":"follow","max-snippet":"max-snippet:-1","max-image-preview":"max-image-preview:large","max-video-preview":"max-video-preview:-1"},"canonical":"http:\/\/biblioteka-gabin.pl\/index.php\/2026\/02\/27\/pogadanka-z-dziecmi-z-oddzialu-przedszkolnego-w-czermnie-26-02-2026\/","og_locale":"pl_PL","og_type":"article","og_title":"\"Pogadanka\" z dzie\u0107mi z Oddzia\u0142u Przedszkolnego w Czermnie (26.02.2026) - Miejsko-Gminna Biblioteka Publiczna w G\u0105binie","og_description":"&nbsp;&nbsp;&nbsp; Tematem dzisiejszych zaj\u0119\u0107 z dzie\u0107mi by\u0142a zbli\u017caj\u0105ca si\u0119 wiosna,","og_url":"http:\/\/biblioteka-gabin.pl\/index.php\/2026\/02\/27\/pogadanka-z-dziecmi-z-oddzialu-przedszkolnego-w-czermnie-26-02-2026\/","og_site_name":"Miejsko-Gminna Biblioteka Publiczna w G\u0105binie","article_publisher":"https:\/\/www.facebook.com\/bibliotekagabin","article_published_time":"2026-02-27T14:07:27+00:00","article_modified_time":"2026-02-27T14:09:08+00:00","og_image":[{"width":1156,"height":2049,"url":"http:\/\/biblioteka-gabin.pl\/wp-content\/uploads\/2026\/02\/fk4xRRvr.jpg","type":"image\/jpeg"}],"author":"j.olejniczak","twitter_card":"summary_large_image","twitter_misc":{"Napisane przez":"j.olejniczak","Szacowany czas czytania":"3 minuty"},"schema":{"@context":"https:\/\/schema.org","@graph":[{"@type":"Article","@id":"http:\/\/biblioteka-gabin.pl\/index.php\/2026\/02\/27\/pogadanka-z-dziecmi-z-oddzialu-przedszkolnego-w-czermnie-26-02-2026\/#article","isPartOf":{"@id":"http:\/\/biblioteka-gabin.pl\/index.php\/2026\/02\/27\/pogadanka-z-dziecmi-z-oddzialu-przedszkolnego-w-czermnie-26-02-2026\/"},"author":{"name":"j.olejniczak","@id":"https:\/\/biblioteka-gabin.pl\/#\/schema\/person\/c6271403c55804b0c90b1abcdc89a4be"},"headline":"&#8222;Pogadanka&#8221; z dzie\u0107mi z Oddzia\u0142u Przedszkolnego w Czermnie (26.02.2026)","datePublished":"2026-02-27T14:07:27+00:00","dateModified":"2026-02-27T14:09:08+00:00","mainEntityOfPage":{"@id":"http:\/\/biblioteka-gabin.pl\/index.php\/2026\/02\/27\/pogadanka-z-dziecmi-z-oddzialu-przedszkolnego-w-czermnie-26-02-2026\/"},"wordCount":288,"commentCount":0,"publisher":{"@id":"https:\/\/biblioteka-gabin.pl\/#organization"},"image":{"@id":"http:\/\/biblioteka-gabin.pl\/index.php\/2026\/02\/27\/pogadanka-z-dziecmi-z-oddzialu-przedszkolnego-w-czermnie-26-02-2026\/#primaryimage"},"thumbnailUrl":"http:\/\/biblioteka-gabin.pl\/wp-content\/uploads\/2026\/02\/fk4xRRvr.jpg","articleSection":["Galeria","Main"],"inLanguage":"pl-PL","potentialAction":[{"@type":"CommentAction","name":"Comment","target":["http:\/\/biblioteka-gabin.pl\/index.php\/2026\/02\/27\/pogadanka-z-dziecmi-z-oddzialu-przedszkolnego-w-czermnie-26-02-2026\/#respond"]}]},{"@type":"WebPage","@id":"http:\/\/biblioteka-gabin.pl\/index.php\/2026\/02\/27\/pogadanka-z-dziecmi-z-oddzialu-przedszkolnego-w-czermnie-26-02-2026\/","url":"http:\/\/biblioteka-gabin.pl\/index.php\/2026\/02\/27\/pogadanka-z-dziecmi-z-oddzialu-przedszkolnego-w-czermnie-26-02-2026\/","name":"\"Pogadanka\" z dzie\u0107mi z Oddzia\u0142u Przedszkolnego w Czermnie (26.02.2026) - Miejsko-Gminna Biblioteka Publiczna w G\u0105binie","isPartOf":{"@id":"https:\/\/biblioteka-gabin.pl\/#website"},"primaryImageOfPage":{"@id":"http:\/\/biblioteka-gabin.pl\/index.php\/2026\/02\/27\/pogadanka-z-dziecmi-z-oddzialu-przedszkolnego-w-czermnie-26-02-2026\/#primaryimage"},"image":{"@id":"http:\/\/biblioteka-gabin.pl\/index.php\/2026\/02\/27\/pogadanka-z-dziecmi-z-oddzialu-przedszkolnego-w-czermnie-26-02-2026\/#primaryimage"},"thumbnailUrl":"http:\/\/biblioteka-gabin.pl\/wp-content\/uploads\/2026\/02\/fk4xRRvr.jpg","datePublished":"2026-02-27T14:07:27+00:00","dateModified":"2026-02-27T14:09:08+00:00","breadcrumb":{"@id":"http:\/\/biblioteka-gabin.pl\/index.php\/2026\/02\/27\/pogadanka-z-dziecmi-z-oddzialu-przedszkolnego-w-czermnie-26-02-2026\/#breadcrumb"},"inLanguage":"pl-PL","potentialAction":[{"@type":"ReadAction","target":["http:\/\/biblioteka-gabin.pl\/index.php\/2026\/02\/27\/pogadanka-z-dziecmi-z-oddzialu-przedszkolnego-w-czermnie-26-02-2026\/"]}]},{"@type":"ImageObject","inLanguage":"pl-PL","@id":"http:\/\/biblioteka-gabin.pl\/index.php\/2026\/02\/27\/pogadanka-z-dziecmi-z-oddzialu-przedszkolnego-w-czermnie-26-02-2026\/#primaryimage","url":"http:\/\/biblioteka-gabin.pl\/wp-content\/uploads\/2026\/02\/fk4xRRvr.jpg","contentUrl":"http:\/\/biblioteka-gabin.pl\/wp-content\/uploads\/2026\/02\/fk4xRRvr.jpg","width":1156,"height":2049},{"@type":"BreadcrumbList","@id":"http:\/\/biblioteka-gabin.pl\/index.php\/2026\/02\/27\/pogadanka-z-dziecmi-z-oddzialu-przedszkolnego-w-czermnie-26-02-2026\/#breadcrumb","itemListElement":[{"@type":"ListItem","position":1,"name":"Strona g\u0142\u00f3wna","item":"https:\/\/biblioteka-gabin.pl\/"},{"@type":"ListItem","position":2,"name":"&#8222;Pogadanka&#8221; z dzie\u0107mi z Oddzia\u0142u Przedszkolnego w Czermnie (26.02.2026)"}]},{"@type":"WebSite","@id":"https:\/\/biblioteka-gabin.pl\/#website","url":"https:\/\/biblioteka-gabin.pl\/","name":"Miejsko-Gminna Biblioteka Publiczna w G\u0105binie","description":"","publisher":{"@id":"https:\/\/biblioteka-gabin.pl\/#organization"},"potentialAction":[{"@type":"SearchAction","target":{"@type":"EntryPoint","urlTemplate":"https:\/\/biblioteka-gabin.pl\/?s={search_term_string}"},"query-input":{"@type":"PropertyValueSpecification","valueRequired":true,"valueName":"search_term_string"}}],"inLanguage":"pl-PL"},{"@type":"Organization","@id":"https:\/\/biblioteka-gabin.pl\/#organization","name":"Miejsko-Gminna Biblioteka Publiczna w G\u0105binie","url":"https:\/\/biblioteka-gabin.pl\/","logo":{"@type":"ImageObject","inLanguage":"pl-PL","@id":"https:\/\/biblioteka-gabin.pl\/#\/schema\/logo\/image\/","url":"https:\/\/biblioteka-gabin.pl\/wp-content\/uploads\/2025\/03\/logo-biblioteka-2-1657013691-1.jpg","contentUrl":"https:\/\/biblioteka-gabin.pl\/wp-content\/uploads\/2025\/03\/logo-biblioteka-2-1657013691-1.jpg","width":1600,"height":772,"caption":"Miejsko-Gminna Biblioteka Publiczna w G\u0105binie"},"image":{"@id":"https:\/\/biblioteka-gabin.pl\/#\/schema\/logo\/image\/"},"sameAs":["https:\/\/www.facebook.com\/bibliotekagabin","https:\/\/www.youtube.com\/@mgbpgabin9392"]},{"@type":"Person","@id":"https:\/\/biblioteka-gabin.pl\/#\/schema\/person\/c6271403c55804b0c90b1abcdc89a4be","name":"j.olejniczak","image":{"@type":"ImageObject","inLanguage":"pl-PL","@id":"https:\/\/secure.gravatar.com\/avatar\/926a0e21a6bc9c5f3d8b7350eef4c1328c61093f6afee787beeac212421b433a?s=96&d=mm&r=g","url":"https:\/\/secure.gravatar.com\/avatar\/926a0e21a6bc9c5f3d8b7350eef4c1328c61093f6afee787beeac212421b433a?s=96&d=mm&r=g","contentUrl":"https:\/\/secure.gravatar.com\/avatar\/926a0e21a6bc9c5f3d8b7350eef4c1328c61093f6afee787beeac212421b433a?s=96&d=mm&r=g","caption":"j.olejniczak"},"sameAs":["http:\/\/www.biblioteka-gabin.pl"],"url":"http:\/\/biblioteka-gabin.pl\/index.php\/author\/j-olejniczak\/"}]}},"_links":{"self":[{"href":"http:\/\/biblioteka-gabin.pl\/index.php\/wp-json\/wp\/v2\/posts\/10474","targetHints":{"allow":["GET"]}}],"collection":[{"href":"http:\/\/biblioteka-gabin.pl\/index.php\/wp-json\/wp\/v2\/posts"}],"about":[{"href":"http:\/\/biblioteka-gabin.pl\/index.php\/wp-json\/wp\/v2\/types\/post"}],"author":[{"embeddable":true,"href":"http:\/\/biblioteka-gabin.pl\/index.php\/wp-json\/wp\/v2\/users\/5"}],"replies":[{"embeddable":true,"href":"http:\/\/biblioteka-gabin.pl\/index.php\/wp-json\/wp\/v2\/comments?post=10474"}],"version-history":[{"count":2,"href":"http:\/\/biblioteka-gabin.pl\/index.php\/wp-json\/wp\/v2\/posts\/10474\/revisions"}],"predecessor-version":[{"id":10484,"href":"http:\/\/biblioteka-gabin.pl\/index.php\/wp-json\/wp\/v2\/posts\/10474\/revisions\/10484"}],"wp:featuredmedia":[{"embeddable":true,"href":"http:\/\/biblioteka-gabin.pl\/index.php\/wp-json\/wp\/v2\/media\/10475"}],"wp:attachment":[{"href":"http:\/\/biblioteka-gabin.pl\/index.php\/wp-json\/wp\/v2\/media?parent=10474"}],"wp:term":[{"taxonomy":"category","embeddable":true,"href":"http:\/\/biblioteka-gabin.pl\/index.php\/wp-json\/wp\/v2\/categories?post=10474"},{"taxonomy":"post_tag","embeddable":true,"href":"http:\/\/biblioteka-gabin.pl\/index.php\/wp-json\/wp\/v2\/tags?post=10474"}],"curies":[{"name":"wp","href":"https:\/\/api.w.org\/{rel}","templated":true}]}}