{"id":10522,"date":"2026-03-04T13:13:25","date_gmt":"2026-03-04T13:13:25","guid":{"rendered":"https:\/\/biblioteka-gabin.pl\/?p=10522"},"modified":"2026-03-04T15:42:07","modified_gmt":"2026-03-04T15:42:07","slug":"bzzz-bzzz-w-ogrodzie-uslysz-mnie-spotkanie-z-bajka-w-zlobku-4-3-26-r","status":"publish","type":"post","link":"http:\/\/biblioteka-gabin.pl\/index.php\/2026\/03\/04\/bzzz-bzzz-w-ogrodzie-uslysz-mnie-spotkanie-z-bajka-w-zlobku-4-3-26-r\/","title":{"rendered":",,Bzzz, Bzzz w ogrodzie. Us\u0142ysz mnie\u201d. Spotkanie z bajk\u0105 w \u017b\u0142obku (4.3.26 r.)"},"content":{"rendered":"\n<p>Jakie d\u017awi\u0119ki wydaj\u0105 kaczka, kura, pies i kr\u00f3lik?\u2013 na te pytania w dzisiejszy poranek odpowiada\u0142y dzieci ze \u017b\u0142obka Samorz\u0105dowego w Dobrzykowie.<\/p>\n\n\n\n<p>Pomoc\u0105 do prowadzenia zaj\u0119\u0107 by\u0142a historia pt. ,,Bzzz, Bzzz w ogrodzie. Us\u0142ysz mnie\u201d. Ksi\u0105\u017cka sk\u0142ada\u0142a si\u0119 z siedmiu sztywnych stron oraz okienek w owalnym kszta\u0142cie, wykonanych w r\u00f3\u017cnych kolorach. Po naci\u015bni\u0119ciu na wybrany przycisk wydobywa\u0142 si\u0119 d\u017awi\u0119k, kt\u00f3ry by\u0142 odg\u0142osem jednego z bohater\u00f3w.<\/p>\n\n\n\n<p>Z okazji zbli\u017caj\u0105cej si\u0119 promieniami s\u0142o\u0144ca wiosny i widoku nieba za oknem, przypominaj\u0105cym tafl\u0119 morza dzieci pozna\u0142y ksi\u0105\u017ck\u0119 o \u017cyciu zwierz\u0105t w ogrodzie, w tym: \u017cab, pszcz\u00f3\u0142, kr\u00f3lik\u00f3w, ptak\u00f3w, myszy, kaczek i ryb. <\/p>\n\n\n\n<p>,,NIEEE-D\u0179WIE-D\u0179\u201d \u2013 powt\u00f3rzy\u0142a z drobn\u0105 pomoc\u0105 i nie\u015bmia\u0142o\u015bci\u0105 trudne s\u0142owo jedna z dziewczynek. A tak\u017ce ,,Zielona!\u201d \u2013 powiedzia\u0142a ta sama w odpowiedzi na pytanie o ilustracje w ksi\u0105\u017cce: ,,Jakiego koloru jest \u017caba?\u201d. Zgadywanie by\u0142o \u015bwietn\u0105 zabaw\u0105!<\/p>\n\n\n\n<p>Przed czytaniem by\u0142a pogadanka o tym, czym charakteryzuje si\u0119 zbli\u017caj\u0105ca pora roku. G\u0142\u00f3wn\u0105 cech\u0105 \u015bwiata ro\u015blin jak i zwierz\u0105t w tym okresie jest ,,\u017cycie&#8221;- wybrzmia\u0142o. Poniewa\u017c to w\u0142a\u015bnie teraz nied\u017awiedzie budz\u0105 si\u0119 po d\u0142ugim \u015bnie zimowym, ptaki wracaj\u0105 do kraju a ro\u015bliny zaczynaj\u0105 si\u0119 rozwija\u0107, nied\u0142ugo zobaczymy pierwsze kwiaty- doda\u0142a prowadz\u0105ca.<\/p>\n\n\n\n<p>Dodatkowo dzisiaj jeden z uczestnik\u00f3w obchodzi\u0142 urodziny. ,,Du\u017co spokoju i spe\u0142nienia marze\u0144!\u201d \u2013z\u0142o\u017cy\u0142a mu \u017cyczenia na koniec zaj\u0119\u0107 bibliotekarka. Z my\u015bl\u0105, by zrealizowa\u0142y si\u0119 ka\u017cdemu.<\/p>\n\n\n\n<p><\/p>\n\n\n\n<p>                                                                                                                                       Opr. K. K\u0119dzia<\/p>\n\n\n\n<p><\/p>\n\n\n\n<figure class=\"wp-block-image size-large\"><img loading=\"lazy\" decoding=\"async\" width=\"1024\" height=\"768\" src=\"http:\/\/biblioteka-gabin.pl\/wp-content\/uploads\/2026\/03\/IMG_0940-1024x768.jpeg\" alt=\"\" class=\"wp-image-10527\" srcset=\"http:\/\/biblioteka-gabin.pl\/wp-content\/uploads\/2026\/03\/IMG_0940-1024x768.jpeg 1024w, http:\/\/biblioteka-gabin.pl\/wp-content\/uploads\/2026\/03\/IMG_0940-300x225.jpeg 300w, http:\/\/biblioteka-gabin.pl\/wp-content\/uploads\/2026\/03\/IMG_0940-768x576.jpeg 768w, http:\/\/biblioteka-gabin.pl\/wp-content\/uploads\/2026\/03\/IMG_0940-1536x1152.jpeg 1536w, http:\/\/biblioteka-gabin.pl\/wp-content\/uploads\/2026\/03\/IMG_0940-2048x1536.jpeg 2048w\" sizes=\"auto, (max-width: 1024px) 100vw, 1024px\" \/><\/figure>\n\n\n\n<figure class=\"wp-block-gallery has-nested-images columns-default is-cropped wp-block-gallery-1 is-layout-flex wp-block-gallery-is-layout-flex\">\n<figure class=\"wp-block-image size-large\"><img loading=\"lazy\" decoding=\"async\" width=\"1024\" height=\"768\" data-id=\"10526\" src=\"https:\/\/biblioteka-gabin.pl\/wp-content\/uploads\/2026\/03\/IMG_0939-1024x768.jpeg\" alt=\"\" class=\"wp-image-10526\" srcset=\"http:\/\/biblioteka-gabin.pl\/wp-content\/uploads\/2026\/03\/IMG_0939-1024x768.jpeg 1024w, http:\/\/biblioteka-gabin.pl\/wp-content\/uploads\/2026\/03\/IMG_0939-300x225.jpeg 300w, http:\/\/biblioteka-gabin.pl\/wp-content\/uploads\/2026\/03\/IMG_0939-768x576.jpeg 768w, http:\/\/biblioteka-gabin.pl\/wp-content\/uploads\/2026\/03\/IMG_0939-1536x1152.jpeg 1536w, http:\/\/biblioteka-gabin.pl\/wp-content\/uploads\/2026\/03\/IMG_0939-2048x1536.jpeg 2048w\" sizes=\"auto, (max-width: 1024px) 100vw, 1024px\" \/><\/figure>\n\n\n\n<figure class=\"wp-block-image size-large\"><img loading=\"lazy\" decoding=\"async\" width=\"1024\" height=\"768\" data-id=\"10525\" src=\"https:\/\/biblioteka-gabin.pl\/wp-content\/uploads\/2026\/03\/IMG_0937-1024x768.jpeg\" alt=\"\" class=\"wp-image-10525\" srcset=\"http:\/\/biblioteka-gabin.pl\/wp-content\/uploads\/2026\/03\/IMG_0937-1024x768.jpeg 1024w, http:\/\/biblioteka-gabin.pl\/wp-content\/uploads\/2026\/03\/IMG_0937-300x225.jpeg 300w, http:\/\/biblioteka-gabin.pl\/wp-content\/uploads\/2026\/03\/IMG_0937-768x576.jpeg 768w, http:\/\/biblioteka-gabin.pl\/wp-content\/uploads\/2026\/03\/IMG_0937-1536x1152.jpeg 1536w, http:\/\/biblioteka-gabin.pl\/wp-content\/uploads\/2026\/03\/IMG_0937-2048x1536.jpeg 2048w\" sizes=\"auto, (max-width: 1024px) 100vw, 1024px\" \/><\/figure>\n<\/figure>\n\n\n\n<p><\/p>\n","protected":false},"excerpt":{"rendered":"<p>,,NIEEE-D\u0179WIE-D\u0179\u201d \u2013 powt\u00f3rzy\u0142a z drobn\u0105 pomoc\u0105 i nie\u015bmia\u0142o\u015bci\u0105 trudne s\u0142owo jedna z dziewczynek. <\/p>\n","protected":false},"author":6,"featured_media":10523,"comment_status":"open","ping_status":"open","sticky":false,"template":"","format":"standard","meta":{"footnotes":""},"categories":[29,36],"tags":[],"class_list":["post-10522","post","type-post","status-publish","format-standard","has-post-thumbnail","hentry","category-filie","category-main"],"yoast_head":"<!-- This site is optimized with the Yoast SEO plugin v27.4 - https:\/\/yoast.com\/product\/yoast-seo-wordpress\/ -->\n<title>,,Bzzz, Bzzz w ogrodzie. Us\u0142ysz mnie\u201d. Spotkanie z bajk\u0105 w \u017b\u0142obku (4.3.26 r.) - Miejsko-Gminna Biblioteka Publiczna w G\u0105binie<\/title>\n<meta name=\"robots\" content=\"index, follow, max-snippet:-1, max-image-preview:large, max-video-preview:-1\" \/>\n<link rel=\"canonical\" href=\"http:\/\/biblioteka-gabin.pl\/index.php\/2026\/03\/04\/bzzz-bzzz-w-ogrodzie-uslysz-mnie-spotkanie-z-bajka-w-zlobku-4-3-26-r\/\" \/>\n<meta property=\"og:locale\" content=\"pl_PL\" \/>\n<meta property=\"og:type\" content=\"article\" \/>\n<meta property=\"og:title\" content=\",,Bzzz, Bzzz w ogrodzie. Us\u0142ysz mnie\u201d. Spotkanie z bajk\u0105 w \u017b\u0142obku (4.3.26 r.) - Miejsko-Gminna Biblioteka Publiczna w G\u0105binie\" \/>\n<meta property=\"og:description\" content=\",,NIEEE-D\u0179WIE-D\u0179\u201d \u2013 powt\u00f3rzy\u0142a z drobn\u0105 pomoc\u0105 i nie\u015bmia\u0142o\u015bci\u0105 trudne s\u0142owo jedna z dziewczynek.\" \/>\n<meta property=\"og:url\" content=\"http:\/\/biblioteka-gabin.pl\/index.php\/2026\/03\/04\/bzzz-bzzz-w-ogrodzie-uslysz-mnie-spotkanie-z-bajka-w-zlobku-4-3-26-r\/\" \/>\n<meta property=\"og:site_name\" content=\"Miejsko-Gminna Biblioteka Publiczna w G\u0105binie\" \/>\n<meta property=\"article:publisher\" content=\"https:\/\/www.facebook.com\/bibliotekagabin\" \/>\n<meta property=\"article:published_time\" content=\"2026-03-04T13:13:25+00:00\" \/>\n<meta property=\"article:modified_time\" content=\"2026-03-04T15:42:07+00:00\" \/>\n<meta property=\"og:image\" content=\"http:\/\/biblioteka-gabin.pl\/wp-content\/uploads\/2026\/03\/IMG_0935-scaled-e1772629387344.jpeg\" \/>\n\t<meta property=\"og:image:width\" content=\"1762\" \/>\n\t<meta property=\"og:image:height\" content=\"986\" \/>\n\t<meta property=\"og:image:type\" content=\"image\/jpeg\" \/>\n<meta name=\"author\" content=\"k.kedzia\" \/>\n<meta name=\"twitter:card\" content=\"summary_large_image\" \/>\n<meta name=\"twitter:label1\" content=\"Napisane przez\" \/>\n\t<meta name=\"twitter:data1\" content=\"k.kedzia\" \/>\n\t<meta name=\"twitter:label2\" content=\"Szacowany czas czytania\" \/>\n\t<meta name=\"twitter:data2\" content=\"2 minuty\" \/>\n<script type=\"application\/ld+json\" class=\"yoast-schema-graph\">{\"@context\":\"https:\\\/\\\/schema.org\",\"@graph\":[{\"@type\":\"Article\",\"@id\":\"http:\\\/\\\/biblioteka-gabin.pl\\\/index.php\\\/2026\\\/03\\\/04\\\/bzzz-bzzz-w-ogrodzie-uslysz-mnie-spotkanie-z-bajka-w-zlobku-4-3-26-r\\\/#article\",\"isPartOf\":{\"@id\":\"http:\\\/\\\/biblioteka-gabin.pl\\\/index.php\\\/2026\\\/03\\\/04\\\/bzzz-bzzz-w-ogrodzie-uslysz-mnie-spotkanie-z-bajka-w-zlobku-4-3-26-r\\\/\"},\"author\":{\"name\":\"k.kedzia\",\"@id\":\"https:\\\/\\\/biblioteka-gabin.pl\\\/#\\\/schema\\\/person\\\/2cbe9ec31ab40d3dde521364eef03724\"},\"headline\":\",,Bzzz, Bzzz w ogrodzie. Us\u0142ysz mnie\u201d. Spotkanie z bajk\u0105 w \u017b\u0142obku (4.3.26 r.)\",\"datePublished\":\"2026-03-04T13:13:25+00:00\",\"dateModified\":\"2026-03-04T15:42:07+00:00\",\"mainEntityOfPage\":{\"@id\":\"http:\\\/\\\/biblioteka-gabin.pl\\\/index.php\\\/2026\\\/03\\\/04\\\/bzzz-bzzz-w-ogrodzie-uslysz-mnie-spotkanie-z-bajka-w-zlobku-4-3-26-r\\\/\"},\"wordCount\":290,\"commentCount\":0,\"publisher\":{\"@id\":\"https:\\\/\\\/biblioteka-gabin.pl\\\/#organization\"},\"image\":{\"@id\":\"http:\\\/\\\/biblioteka-gabin.pl\\\/index.php\\\/2026\\\/03\\\/04\\\/bzzz-bzzz-w-ogrodzie-uslysz-mnie-spotkanie-z-bajka-w-zlobku-4-3-26-r\\\/#primaryimage\"},\"thumbnailUrl\":\"http:\\\/\\\/biblioteka-gabin.pl\\\/wp-content\\\/uploads\\\/2026\\\/03\\\/IMG_0935-scaled-e1772629387344.jpeg\",\"articleSection\":[\"Filie\",\"Main\"],\"inLanguage\":\"pl-PL\",\"potentialAction\":[{\"@type\":\"CommentAction\",\"name\":\"Comment\",\"target\":[\"http:\\\/\\\/biblioteka-gabin.pl\\\/index.php\\\/2026\\\/03\\\/04\\\/bzzz-bzzz-w-ogrodzie-uslysz-mnie-spotkanie-z-bajka-w-zlobku-4-3-26-r\\\/#respond\"]}]},{\"@type\":\"WebPage\",\"@id\":\"http:\\\/\\\/biblioteka-gabin.pl\\\/index.php\\\/2026\\\/03\\\/04\\\/bzzz-bzzz-w-ogrodzie-uslysz-mnie-spotkanie-z-bajka-w-zlobku-4-3-26-r\\\/\",\"url\":\"http:\\\/\\\/biblioteka-gabin.pl\\\/index.php\\\/2026\\\/03\\\/04\\\/bzzz-bzzz-w-ogrodzie-uslysz-mnie-spotkanie-z-bajka-w-zlobku-4-3-26-r\\\/\",\"name\":\",,Bzzz, Bzzz w ogrodzie. Us\u0142ysz mnie\u201d. Spotkanie z bajk\u0105 w \u017b\u0142obku (4.3.26 r.) - Miejsko-Gminna Biblioteka Publiczna w G\u0105binie\",\"isPartOf\":{\"@id\":\"https:\\\/\\\/biblioteka-gabin.pl\\\/#website\"},\"primaryImageOfPage\":{\"@id\":\"http:\\\/\\\/biblioteka-gabin.pl\\\/index.php\\\/2026\\\/03\\\/04\\\/bzzz-bzzz-w-ogrodzie-uslysz-mnie-spotkanie-z-bajka-w-zlobku-4-3-26-r\\\/#primaryimage\"},\"image\":{\"@id\":\"http:\\\/\\\/biblioteka-gabin.pl\\\/index.php\\\/2026\\\/03\\\/04\\\/bzzz-bzzz-w-ogrodzie-uslysz-mnie-spotkanie-z-bajka-w-zlobku-4-3-26-r\\\/#primaryimage\"},\"thumbnailUrl\":\"http:\\\/\\\/biblioteka-gabin.pl\\\/wp-content\\\/uploads\\\/2026\\\/03\\\/IMG_0935-scaled-e1772629387344.jpeg\",\"datePublished\":\"2026-03-04T13:13:25+00:00\",\"dateModified\":\"2026-03-04T15:42:07+00:00\",\"breadcrumb\":{\"@id\":\"http:\\\/\\\/biblioteka-gabin.pl\\\/index.php\\\/2026\\\/03\\\/04\\\/bzzz-bzzz-w-ogrodzie-uslysz-mnie-spotkanie-z-bajka-w-zlobku-4-3-26-r\\\/#breadcrumb\"},\"inLanguage\":\"pl-PL\",\"potentialAction\":[{\"@type\":\"ReadAction\",\"target\":[\"http:\\\/\\\/biblioteka-gabin.pl\\\/index.php\\\/2026\\\/03\\\/04\\\/bzzz-bzzz-w-ogrodzie-uslysz-mnie-spotkanie-z-bajka-w-zlobku-4-3-26-r\\\/\"]}]},{\"@type\":\"ImageObject\",\"inLanguage\":\"pl-PL\",\"@id\":\"http:\\\/\\\/biblioteka-gabin.pl\\\/index.php\\\/2026\\\/03\\\/04\\\/bzzz-bzzz-w-ogrodzie-uslysz-mnie-spotkanie-z-bajka-w-zlobku-4-3-26-r\\\/#primaryimage\",\"url\":\"http:\\\/\\\/biblioteka-gabin.pl\\\/wp-content\\\/uploads\\\/2026\\\/03\\\/IMG_0935-scaled-e1772629387344.jpeg\",\"contentUrl\":\"http:\\\/\\\/biblioteka-gabin.pl\\\/wp-content\\\/uploads\\\/2026\\\/03\\\/IMG_0935-scaled-e1772629387344.jpeg\",\"width\":1762,\"height\":986},{\"@type\":\"BreadcrumbList\",\"@id\":\"http:\\\/\\\/biblioteka-gabin.pl\\\/index.php\\\/2026\\\/03\\\/04\\\/bzzz-bzzz-w-ogrodzie-uslysz-mnie-spotkanie-z-bajka-w-zlobku-4-3-26-r\\\/#breadcrumb\",\"itemListElement\":[{\"@type\":\"ListItem\",\"position\":1,\"name\":\"Strona g\u0142\u00f3wna\",\"item\":\"https:\\\/\\\/biblioteka-gabin.pl\\\/\"},{\"@type\":\"ListItem\",\"position\":2,\"name\":\",,Bzzz, Bzzz w ogrodzie. Us\u0142ysz mnie\u201d. Spotkanie z bajk\u0105 w \u017b\u0142obku (4.3.26 r.)\"}]},{\"@type\":\"WebSite\",\"@id\":\"https:\\\/\\\/biblioteka-gabin.pl\\\/#website\",\"url\":\"https:\\\/\\\/biblioteka-gabin.pl\\\/\",\"name\":\"Miejsko-Gminna Biblioteka Publiczna w G\u0105binie\",\"description\":\"\",\"publisher\":{\"@id\":\"https:\\\/\\\/biblioteka-gabin.pl\\\/#organization\"},\"potentialAction\":[{\"@type\":\"SearchAction\",\"target\":{\"@type\":\"EntryPoint\",\"urlTemplate\":\"https:\\\/\\\/biblioteka-gabin.pl\\\/?s={search_term_string}\"},\"query-input\":{\"@type\":\"PropertyValueSpecification\",\"valueRequired\":true,\"valueName\":\"search_term_string\"}}],\"inLanguage\":\"pl-PL\"},{\"@type\":\"Organization\",\"@id\":\"https:\\\/\\\/biblioteka-gabin.pl\\\/#organization\",\"name\":\"Miejsko-Gminna Biblioteka Publiczna w G\u0105binie\",\"url\":\"https:\\\/\\\/biblioteka-gabin.pl\\\/\",\"logo\":{\"@type\":\"ImageObject\",\"inLanguage\":\"pl-PL\",\"@id\":\"https:\\\/\\\/biblioteka-gabin.pl\\\/#\\\/schema\\\/logo\\\/image\\\/\",\"url\":\"https:\\\/\\\/biblioteka-gabin.pl\\\/wp-content\\\/uploads\\\/2025\\\/03\\\/logo-biblioteka-2-1657013691-1.jpg\",\"contentUrl\":\"https:\\\/\\\/biblioteka-gabin.pl\\\/wp-content\\\/uploads\\\/2025\\\/03\\\/logo-biblioteka-2-1657013691-1.jpg\",\"width\":1600,\"height\":772,\"caption\":\"Miejsko-Gminna Biblioteka Publiczna w G\u0105binie\"},\"image\":{\"@id\":\"https:\\\/\\\/biblioteka-gabin.pl\\\/#\\\/schema\\\/logo\\\/image\\\/\"},\"sameAs\":[\"https:\\\/\\\/www.facebook.com\\\/bibliotekagabin\",\"https:\\\/\\\/www.youtube.com\\\/@mgbpgabin9392\"]},{\"@type\":\"Person\",\"@id\":\"https:\\\/\\\/biblioteka-gabin.pl\\\/#\\\/schema\\\/person\\\/2cbe9ec31ab40d3dde521364eef03724\",\"name\":\"k.kedzia\",\"image\":{\"@type\":\"ImageObject\",\"inLanguage\":\"pl-PL\",\"@id\":\"https:\\\/\\\/secure.gravatar.com\\\/avatar\\\/a33219e29a43e193a2e044bd0ca8c26c9358ca5f2dc72ecdeb69dc112abbba73?s=96&d=mm&r=g\",\"url\":\"https:\\\/\\\/secure.gravatar.com\\\/avatar\\\/a33219e29a43e193a2e044bd0ca8c26c9358ca5f2dc72ecdeb69dc112abbba73?s=96&d=mm&r=g\",\"contentUrl\":\"https:\\\/\\\/secure.gravatar.com\\\/avatar\\\/a33219e29a43e193a2e044bd0ca8c26c9358ca5f2dc72ecdeb69dc112abbba73?s=96&d=mm&r=g\",\"caption\":\"k.kedzia\"},\"sameAs\":[\"http:\\\/\\\/www.biblioteka-gabin.pl\"],\"url\":\"http:\\\/\\\/biblioteka-gabin.pl\\\/index.php\\\/author\\\/k-kedzia\\\/\"}]}<\/script>\n<!-- \/ Yoast SEO plugin. -->","yoast_head_json":{"title":",,Bzzz, Bzzz w ogrodzie. Us\u0142ysz mnie\u201d. Spotkanie z bajk\u0105 w \u017b\u0142obku (4.3.26 r.) - Miejsko-Gminna Biblioteka Publiczna w G\u0105binie","robots":{"index":"index","follow":"follow","max-snippet":"max-snippet:-1","max-image-preview":"max-image-preview:large","max-video-preview":"max-video-preview:-1"},"canonical":"http:\/\/biblioteka-gabin.pl\/index.php\/2026\/03\/04\/bzzz-bzzz-w-ogrodzie-uslysz-mnie-spotkanie-z-bajka-w-zlobku-4-3-26-r\/","og_locale":"pl_PL","og_type":"article","og_title":",,Bzzz, Bzzz w ogrodzie. Us\u0142ysz mnie\u201d. Spotkanie z bajk\u0105 w \u017b\u0142obku (4.3.26 r.) - Miejsko-Gminna Biblioteka Publiczna w G\u0105binie","og_description":",,NIEEE-D\u0179WIE-D\u0179\u201d \u2013 powt\u00f3rzy\u0142a z drobn\u0105 pomoc\u0105 i nie\u015bmia\u0142o\u015bci\u0105 trudne s\u0142owo jedna z dziewczynek.","og_url":"http:\/\/biblioteka-gabin.pl\/index.php\/2026\/03\/04\/bzzz-bzzz-w-ogrodzie-uslysz-mnie-spotkanie-z-bajka-w-zlobku-4-3-26-r\/","og_site_name":"Miejsko-Gminna Biblioteka Publiczna w G\u0105binie","article_publisher":"https:\/\/www.facebook.com\/bibliotekagabin","article_published_time":"2026-03-04T13:13:25+00:00","article_modified_time":"2026-03-04T15:42:07+00:00","og_image":[{"width":1762,"height":986,"url":"http:\/\/biblioteka-gabin.pl\/wp-content\/uploads\/2026\/03\/IMG_0935-scaled-e1772629387344.jpeg","type":"image\/jpeg"}],"author":"k.kedzia","twitter_card":"summary_large_image","twitter_misc":{"Napisane przez":"k.kedzia","Szacowany czas czytania":"2 minuty"},"schema":{"@context":"https:\/\/schema.org","@graph":[{"@type":"Article","@id":"http:\/\/biblioteka-gabin.pl\/index.php\/2026\/03\/04\/bzzz-bzzz-w-ogrodzie-uslysz-mnie-spotkanie-z-bajka-w-zlobku-4-3-26-r\/#article","isPartOf":{"@id":"http:\/\/biblioteka-gabin.pl\/index.php\/2026\/03\/04\/bzzz-bzzz-w-ogrodzie-uslysz-mnie-spotkanie-z-bajka-w-zlobku-4-3-26-r\/"},"author":{"name":"k.kedzia","@id":"https:\/\/biblioteka-gabin.pl\/#\/schema\/person\/2cbe9ec31ab40d3dde521364eef03724"},"headline":",,Bzzz, Bzzz w ogrodzie. Us\u0142ysz mnie\u201d. Spotkanie z bajk\u0105 w \u017b\u0142obku (4.3.26 r.)","datePublished":"2026-03-04T13:13:25+00:00","dateModified":"2026-03-04T15:42:07+00:00","mainEntityOfPage":{"@id":"http:\/\/biblioteka-gabin.pl\/index.php\/2026\/03\/04\/bzzz-bzzz-w-ogrodzie-uslysz-mnie-spotkanie-z-bajka-w-zlobku-4-3-26-r\/"},"wordCount":290,"commentCount":0,"publisher":{"@id":"https:\/\/biblioteka-gabin.pl\/#organization"},"image":{"@id":"http:\/\/biblioteka-gabin.pl\/index.php\/2026\/03\/04\/bzzz-bzzz-w-ogrodzie-uslysz-mnie-spotkanie-z-bajka-w-zlobku-4-3-26-r\/#primaryimage"},"thumbnailUrl":"http:\/\/biblioteka-gabin.pl\/wp-content\/uploads\/2026\/03\/IMG_0935-scaled-e1772629387344.jpeg","articleSection":["Filie","Main"],"inLanguage":"pl-PL","potentialAction":[{"@type":"CommentAction","name":"Comment","target":["http:\/\/biblioteka-gabin.pl\/index.php\/2026\/03\/04\/bzzz-bzzz-w-ogrodzie-uslysz-mnie-spotkanie-z-bajka-w-zlobku-4-3-26-r\/#respond"]}]},{"@type":"WebPage","@id":"http:\/\/biblioteka-gabin.pl\/index.php\/2026\/03\/04\/bzzz-bzzz-w-ogrodzie-uslysz-mnie-spotkanie-z-bajka-w-zlobku-4-3-26-r\/","url":"http:\/\/biblioteka-gabin.pl\/index.php\/2026\/03\/04\/bzzz-bzzz-w-ogrodzie-uslysz-mnie-spotkanie-z-bajka-w-zlobku-4-3-26-r\/","name":",,Bzzz, Bzzz w ogrodzie. Us\u0142ysz mnie\u201d. Spotkanie z bajk\u0105 w \u017b\u0142obku (4.3.26 r.) - Miejsko-Gminna Biblioteka Publiczna w G\u0105binie","isPartOf":{"@id":"https:\/\/biblioteka-gabin.pl\/#website"},"primaryImageOfPage":{"@id":"http:\/\/biblioteka-gabin.pl\/index.php\/2026\/03\/04\/bzzz-bzzz-w-ogrodzie-uslysz-mnie-spotkanie-z-bajka-w-zlobku-4-3-26-r\/#primaryimage"},"image":{"@id":"http:\/\/biblioteka-gabin.pl\/index.php\/2026\/03\/04\/bzzz-bzzz-w-ogrodzie-uslysz-mnie-spotkanie-z-bajka-w-zlobku-4-3-26-r\/#primaryimage"},"thumbnailUrl":"http:\/\/biblioteka-gabin.pl\/wp-content\/uploads\/2026\/03\/IMG_0935-scaled-e1772629387344.jpeg","datePublished":"2026-03-04T13:13:25+00:00","dateModified":"2026-03-04T15:42:07+00:00","breadcrumb":{"@id":"http:\/\/biblioteka-gabin.pl\/index.php\/2026\/03\/04\/bzzz-bzzz-w-ogrodzie-uslysz-mnie-spotkanie-z-bajka-w-zlobku-4-3-26-r\/#breadcrumb"},"inLanguage":"pl-PL","potentialAction":[{"@type":"ReadAction","target":["http:\/\/biblioteka-gabin.pl\/index.php\/2026\/03\/04\/bzzz-bzzz-w-ogrodzie-uslysz-mnie-spotkanie-z-bajka-w-zlobku-4-3-26-r\/"]}]},{"@type":"ImageObject","inLanguage":"pl-PL","@id":"http:\/\/biblioteka-gabin.pl\/index.php\/2026\/03\/04\/bzzz-bzzz-w-ogrodzie-uslysz-mnie-spotkanie-z-bajka-w-zlobku-4-3-26-r\/#primaryimage","url":"http:\/\/biblioteka-gabin.pl\/wp-content\/uploads\/2026\/03\/IMG_0935-scaled-e1772629387344.jpeg","contentUrl":"http:\/\/biblioteka-gabin.pl\/wp-content\/uploads\/2026\/03\/IMG_0935-scaled-e1772629387344.jpeg","width":1762,"height":986},{"@type":"BreadcrumbList","@id":"http:\/\/biblioteka-gabin.pl\/index.php\/2026\/03\/04\/bzzz-bzzz-w-ogrodzie-uslysz-mnie-spotkanie-z-bajka-w-zlobku-4-3-26-r\/#breadcrumb","itemListElement":[{"@type":"ListItem","position":1,"name":"Strona g\u0142\u00f3wna","item":"https:\/\/biblioteka-gabin.pl\/"},{"@type":"ListItem","position":2,"name":",,Bzzz, Bzzz w ogrodzie. Us\u0142ysz mnie\u201d. Spotkanie z bajk\u0105 w \u017b\u0142obku (4.3.26 r.)"}]},{"@type":"WebSite","@id":"https:\/\/biblioteka-gabin.pl\/#website","url":"https:\/\/biblioteka-gabin.pl\/","name":"Miejsko-Gminna Biblioteka Publiczna w G\u0105binie","description":"","publisher":{"@id":"https:\/\/biblioteka-gabin.pl\/#organization"},"potentialAction":[{"@type":"SearchAction","target":{"@type":"EntryPoint","urlTemplate":"https:\/\/biblioteka-gabin.pl\/?s={search_term_string}"},"query-input":{"@type":"PropertyValueSpecification","valueRequired":true,"valueName":"search_term_string"}}],"inLanguage":"pl-PL"},{"@type":"Organization","@id":"https:\/\/biblioteka-gabin.pl\/#organization","name":"Miejsko-Gminna Biblioteka Publiczna w G\u0105binie","url":"https:\/\/biblioteka-gabin.pl\/","logo":{"@type":"ImageObject","inLanguage":"pl-PL","@id":"https:\/\/biblioteka-gabin.pl\/#\/schema\/logo\/image\/","url":"https:\/\/biblioteka-gabin.pl\/wp-content\/uploads\/2025\/03\/logo-biblioteka-2-1657013691-1.jpg","contentUrl":"https:\/\/biblioteka-gabin.pl\/wp-content\/uploads\/2025\/03\/logo-biblioteka-2-1657013691-1.jpg","width":1600,"height":772,"caption":"Miejsko-Gminna Biblioteka Publiczna w G\u0105binie"},"image":{"@id":"https:\/\/biblioteka-gabin.pl\/#\/schema\/logo\/image\/"},"sameAs":["https:\/\/www.facebook.com\/bibliotekagabin","https:\/\/www.youtube.com\/@mgbpgabin9392"]},{"@type":"Person","@id":"https:\/\/biblioteka-gabin.pl\/#\/schema\/person\/2cbe9ec31ab40d3dde521364eef03724","name":"k.kedzia","image":{"@type":"ImageObject","inLanguage":"pl-PL","@id":"https:\/\/secure.gravatar.com\/avatar\/a33219e29a43e193a2e044bd0ca8c26c9358ca5f2dc72ecdeb69dc112abbba73?s=96&d=mm&r=g","url":"https:\/\/secure.gravatar.com\/avatar\/a33219e29a43e193a2e044bd0ca8c26c9358ca5f2dc72ecdeb69dc112abbba73?s=96&d=mm&r=g","contentUrl":"https:\/\/secure.gravatar.com\/avatar\/a33219e29a43e193a2e044bd0ca8c26c9358ca5f2dc72ecdeb69dc112abbba73?s=96&d=mm&r=g","caption":"k.kedzia"},"sameAs":["http:\/\/www.biblioteka-gabin.pl"],"url":"http:\/\/biblioteka-gabin.pl\/index.php\/author\/k-kedzia\/"}]}},"_links":{"self":[{"href":"http:\/\/biblioteka-gabin.pl\/index.php\/wp-json\/wp\/v2\/posts\/10522","targetHints":{"allow":["GET"]}}],"collection":[{"href":"http:\/\/biblioteka-gabin.pl\/index.php\/wp-json\/wp\/v2\/posts"}],"about":[{"href":"http:\/\/biblioteka-gabin.pl\/index.php\/wp-json\/wp\/v2\/types\/post"}],"author":[{"embeddable":true,"href":"http:\/\/biblioteka-gabin.pl\/index.php\/wp-json\/wp\/v2\/users\/6"}],"replies":[{"embeddable":true,"href":"http:\/\/biblioteka-gabin.pl\/index.php\/wp-json\/wp\/v2\/comments?post=10522"}],"version-history":[{"count":1,"href":"http:\/\/biblioteka-gabin.pl\/index.php\/wp-json\/wp\/v2\/posts\/10522\/revisions"}],"predecessor-version":[{"id":10528,"href":"http:\/\/biblioteka-gabin.pl\/index.php\/wp-json\/wp\/v2\/posts\/10522\/revisions\/10528"}],"wp:featuredmedia":[{"embeddable":true,"href":"http:\/\/biblioteka-gabin.pl\/index.php\/wp-json\/wp\/v2\/media\/10523"}],"wp:attachment":[{"href":"http:\/\/biblioteka-gabin.pl\/index.php\/wp-json\/wp\/v2\/media?parent=10522"}],"wp:term":[{"taxonomy":"category","embeddable":true,"href":"http:\/\/biblioteka-gabin.pl\/index.php\/wp-json\/wp\/v2\/categories?post=10522"},{"taxonomy":"post_tag","embeddable":true,"href":"http:\/\/biblioteka-gabin.pl\/index.php\/wp-json\/wp\/v2\/tags?post=10522"}],"curies":[{"name":"wp","href":"https:\/\/api.w.org\/{rel}","templated":true}]}}