{"id":10534,"date":"2026-03-06T15:50:56","date_gmt":"2026-03-06T15:50:56","guid":{"rendered":"https:\/\/biblioteka-gabin.pl\/?p=10534"},"modified":"2026-03-09T11:43:09","modified_gmt":"2026-03-09T11:43:09","slug":"dzien-kobiet-z-biblioteka","status":"publish","type":"post","link":"http:\/\/biblioteka-gabin.pl\/index.php\/2026\/03\/06\/dzien-kobiet-z-biblioteka\/","title":{"rendered":"Dzie\u0144 Kobiet z bibliotek\u0105"},"content":{"rendered":"\n<p>,,Najpi\u0119kniejsze kobiety to te, kt\u00f3re wierz\u0105 w siebie&#8221; &#8211; powiedzia\u0142a brytyjska aktorka Audrey Hepburn.<\/p>\n\n\n\n<p>W gronie, tych, kt\u00f3re zostawi\u0142y po sobie niezapomniany \u015blad znalaz\u0142y si\u0119 Maria Sk\u0142odowska-Curie, Frida Kahlo, Coco Chanel i Jane Goodall Matka Teresa z Kalkuty, Ksi\u0119\u017cna Diana czy Olga Tokarczuk.<\/p>\n\n\n\n<p>Oby ich \u017cycie by\u0142o inspiracj\u0105 do marze\u0144 i dodawa\u0142o innym paniom odwagi w dzia\u0142aniu!<\/p>\n\n\n\n<p>A my z okazji zbli\u017caj\u0105cego si\u0119 Dnia Kobiet zapraszamy do filii bibliotecznej na Obro\u0144c\u00f3w Dobrzykowa po tematyczne ksi\u0105\u017cki, by w to \u015bwi\u0119to si\u0119 zaczyta\u0107!<\/p>\n\n\n\n<figure class=\"wp-block-gallery has-nested-images columns-default is-cropped wp-block-gallery-1 is-layout-flex wp-block-gallery-is-layout-flex\">\n<figure class=\"wp-block-image size-large\"><img loading=\"lazy\" decoding=\"async\" width=\"1024\" height=\"768\" data-id=\"10537\" src=\"http:\/\/biblioteka-gabin.pl\/wp-content\/uploads\/2026\/03\/IMG_1899-1024x768.jpeg\" alt=\"\" class=\"wp-image-10537\" srcset=\"http:\/\/biblioteka-gabin.pl\/wp-content\/uploads\/2026\/03\/IMG_1899-1024x768.jpeg 1024w, http:\/\/biblioteka-gabin.pl\/wp-content\/uploads\/2026\/03\/IMG_1899-300x225.jpeg 300w, http:\/\/biblioteka-gabin.pl\/wp-content\/uploads\/2026\/03\/IMG_1899-768x576.jpeg 768w, http:\/\/biblioteka-gabin.pl\/wp-content\/uploads\/2026\/03\/IMG_1899-1536x1152.jpeg 1536w, http:\/\/biblioteka-gabin.pl\/wp-content\/uploads\/2026\/03\/IMG_1899.jpeg 2016w\" sizes=\"auto, (max-width: 1024px) 100vw, 1024px\" \/><\/figure>\n\n\n\n<figure class=\"wp-block-image size-large\"><img loading=\"lazy\" decoding=\"async\" width=\"1024\" height=\"768\" data-id=\"10538\" src=\"https:\/\/biblioteka-gabin.pl\/wp-content\/uploads\/2026\/03\/IMG_1907-1024x768.jpeg\" alt=\"\" class=\"wp-image-10538\" srcset=\"http:\/\/biblioteka-gabin.pl\/wp-content\/uploads\/2026\/03\/IMG_1907-1024x768.jpeg 1024w, http:\/\/biblioteka-gabin.pl\/wp-content\/uploads\/2026\/03\/IMG_1907-300x225.jpeg 300w, http:\/\/biblioteka-gabin.pl\/wp-content\/uploads\/2026\/03\/IMG_1907-768x576.jpeg 768w, http:\/\/biblioteka-gabin.pl\/wp-content\/uploads\/2026\/03\/IMG_1907-1536x1152.jpeg 1536w, http:\/\/biblioteka-gabin.pl\/wp-content\/uploads\/2026\/03\/IMG_1907.jpeg 2016w\" sizes=\"auto, (max-width: 1024px) 100vw, 1024px\" \/><\/figure>\n<\/figure>\n\n\n\n<p><\/p>\n\n\n\n<p><\/p>\n\n\n\n<figure class=\"wp-block-image size-large is-resized\"><img loading=\"lazy\" decoding=\"async\" width=\"1024\" height=\"768\" src=\"http:\/\/biblioteka-gabin.pl\/wp-content\/uploads\/2026\/03\/IMG_1907-1024x768.jpeg\" alt=\"\" class=\"wp-image-10538\" style=\"width:553px;height:auto\" srcset=\"http:\/\/biblioteka-gabin.pl\/wp-content\/uploads\/2026\/03\/IMG_1907-1024x768.jpeg 1024w, http:\/\/biblioteka-gabin.pl\/wp-content\/uploads\/2026\/03\/IMG_1907-300x225.jpeg 300w, http:\/\/biblioteka-gabin.pl\/wp-content\/uploads\/2026\/03\/IMG_1907-768x576.jpeg 768w, http:\/\/biblioteka-gabin.pl\/wp-content\/uploads\/2026\/03\/IMG_1907-1536x1152.jpeg 1536w, http:\/\/biblioteka-gabin.pl\/wp-content\/uploads\/2026\/03\/IMG_1907.jpeg 2016w\" sizes=\"auto, (max-width: 1024px) 100vw, 1024px\" \/><\/figure>\n\n\n\n<figure class=\"wp-block-image size-large\"><img loading=\"lazy\" decoding=\"async\" width=\"1024\" height=\"709\" src=\"https:\/\/biblioteka-gabin.pl\/wp-content\/uploads\/2026\/03\/IMG_1905-1024x709.jpeg\" alt=\"\" class=\"wp-image-10539\" srcset=\"http:\/\/biblioteka-gabin.pl\/wp-content\/uploads\/2026\/03\/IMG_1905-1024x709.jpeg 1024w, http:\/\/biblioteka-gabin.pl\/wp-content\/uploads\/2026\/03\/IMG_1905-300x208.jpeg 300w, http:\/\/biblioteka-gabin.pl\/wp-content\/uploads\/2026\/03\/IMG_1905-768x532.jpeg 768w, http:\/\/biblioteka-gabin.pl\/wp-content\/uploads\/2026\/03\/IMG_1905-1536x1064.jpeg 1536w, http:\/\/biblioteka-gabin.pl\/wp-content\/uploads\/2026\/03\/IMG_1905-590x410.jpeg 590w, http:\/\/biblioteka-gabin.pl\/wp-content\/uploads\/2026\/03\/IMG_1905.jpeg 2016w\" sizes=\"auto, (max-width: 1024px) 100vw, 1024px\" \/><\/figure>\n\n\n\n<p><\/p>\n","protected":false},"excerpt":{"rendered":"<p>,,Najpi\u0119kniejsze kobiety to te, kt\u00f3re wierz\u0105 w siebie&#8221; &#8211; powiedzia\u0142a<\/p>\n","protected":false},"author":6,"featured_media":10536,"comment_status":"open","ping_status":"open","sticky":false,"template":"","format":"standard","meta":{"footnotes":""},"categories":[29,36],"tags":[],"class_list":["post-10534","post","type-post","status-publish","format-standard","has-post-thumbnail","hentry","category-filie","category-main"],"yoast_head":"<!-- This site is optimized with the Yoast SEO plugin v27.4 - https:\/\/yoast.com\/product\/yoast-seo-wordpress\/ -->\n<title>Dzie\u0144 Kobiet z bibliotek\u0105 - Miejsko-Gminna Biblioteka Publiczna w G\u0105binie<\/title>\n<meta name=\"robots\" content=\"index, follow, max-snippet:-1, max-image-preview:large, max-video-preview:-1\" \/>\n<link rel=\"canonical\" href=\"http:\/\/biblioteka-gabin.pl\/index.php\/2026\/03\/06\/dzien-kobiet-z-biblioteka\/\" \/>\n<meta property=\"og:locale\" content=\"pl_PL\" \/>\n<meta property=\"og:type\" content=\"article\" \/>\n<meta property=\"og:title\" content=\"Dzie\u0144 Kobiet z bibliotek\u0105 - Miejsko-Gminna Biblioteka Publiczna w G\u0105binie\" \/>\n<meta property=\"og:description\" content=\",,Najpi\u0119kniejsze kobiety to te, kt\u00f3re wierz\u0105 w siebie&#8221; &#8211; powiedzia\u0142a\" \/>\n<meta property=\"og:url\" content=\"http:\/\/biblioteka-gabin.pl\/index.php\/2026\/03\/06\/dzien-kobiet-z-biblioteka\/\" \/>\n<meta property=\"og:site_name\" content=\"Miejsko-Gminna Biblioteka Publiczna w G\u0105binie\" \/>\n<meta property=\"article:publisher\" content=\"https:\/\/www.facebook.com\/bibliotekagabin\" \/>\n<meta property=\"article:published_time\" content=\"2026-03-06T15:50:56+00:00\" \/>\n<meta property=\"article:modified_time\" content=\"2026-03-09T11:43:09+00:00\" \/>\n<meta property=\"og:image\" content=\"http:\/\/biblioteka-gabin.pl\/wp-content\/uploads\/2026\/03\/IMG_1900.jpeg\" \/>\n\t<meta property=\"og:image:width\" content=\"1978\" \/>\n\t<meta property=\"og:image:height\" content=\"1492\" \/>\n\t<meta property=\"og:image:type\" content=\"image\/jpeg\" \/>\n<meta name=\"author\" content=\"k.kedzia\" \/>\n<meta name=\"twitter:card\" content=\"summary_large_image\" \/>\n<meta name=\"twitter:label1\" content=\"Napisane przez\" \/>\n\t<meta name=\"twitter:data1\" content=\"k.kedzia\" \/>\n\t<meta name=\"twitter:label2\" content=\"Szacowany czas czytania\" \/>\n\t<meta name=\"twitter:data2\" content=\"2 minuty\" \/>\n<script type=\"application\/ld+json\" class=\"yoast-schema-graph\">{\"@context\":\"https:\\\/\\\/schema.org\",\"@graph\":[{\"@type\":\"Article\",\"@id\":\"http:\\\/\\\/biblioteka-gabin.pl\\\/index.php\\\/2026\\\/03\\\/06\\\/dzien-kobiet-z-biblioteka\\\/#article\",\"isPartOf\":{\"@id\":\"http:\\\/\\\/biblioteka-gabin.pl\\\/index.php\\\/2026\\\/03\\\/06\\\/dzien-kobiet-z-biblioteka\\\/\"},\"author\":{\"name\":\"k.kedzia\",\"@id\":\"https:\\\/\\\/biblioteka-gabin.pl\\\/#\\\/schema\\\/person\\\/2cbe9ec31ab40d3dde521364eef03724\"},\"headline\":\"Dzie\u0144 Kobiet z bibliotek\u0105\",\"datePublished\":\"2026-03-06T15:50:56+00:00\",\"dateModified\":\"2026-03-09T11:43:09+00:00\",\"mainEntityOfPage\":{\"@id\":\"http:\\\/\\\/biblioteka-gabin.pl\\\/index.php\\\/2026\\\/03\\\/06\\\/dzien-kobiet-z-biblioteka\\\/\"},\"wordCount\":102,\"commentCount\":0,\"publisher\":{\"@id\":\"https:\\\/\\\/biblioteka-gabin.pl\\\/#organization\"},\"image\":{\"@id\":\"http:\\\/\\\/biblioteka-gabin.pl\\\/index.php\\\/2026\\\/03\\\/06\\\/dzien-kobiet-z-biblioteka\\\/#primaryimage\"},\"thumbnailUrl\":\"http:\\\/\\\/biblioteka-gabin.pl\\\/wp-content\\\/uploads\\\/2026\\\/03\\\/IMG_1900.jpeg\",\"articleSection\":[\"Filie\",\"Main\"],\"inLanguage\":\"pl-PL\",\"potentialAction\":[{\"@type\":\"CommentAction\",\"name\":\"Comment\",\"target\":[\"http:\\\/\\\/biblioteka-gabin.pl\\\/index.php\\\/2026\\\/03\\\/06\\\/dzien-kobiet-z-biblioteka\\\/#respond\"]}]},{\"@type\":\"WebPage\",\"@id\":\"http:\\\/\\\/biblioteka-gabin.pl\\\/index.php\\\/2026\\\/03\\\/06\\\/dzien-kobiet-z-biblioteka\\\/\",\"url\":\"http:\\\/\\\/biblioteka-gabin.pl\\\/index.php\\\/2026\\\/03\\\/06\\\/dzien-kobiet-z-biblioteka\\\/\",\"name\":\"Dzie\u0144 Kobiet z bibliotek\u0105 - Miejsko-Gminna Biblioteka Publiczna w G\u0105binie\",\"isPartOf\":{\"@id\":\"https:\\\/\\\/biblioteka-gabin.pl\\\/#website\"},\"primaryImageOfPage\":{\"@id\":\"http:\\\/\\\/biblioteka-gabin.pl\\\/index.php\\\/2026\\\/03\\\/06\\\/dzien-kobiet-z-biblioteka\\\/#primaryimage\"},\"image\":{\"@id\":\"http:\\\/\\\/biblioteka-gabin.pl\\\/index.php\\\/2026\\\/03\\\/06\\\/dzien-kobiet-z-biblioteka\\\/#primaryimage\"},\"thumbnailUrl\":\"http:\\\/\\\/biblioteka-gabin.pl\\\/wp-content\\\/uploads\\\/2026\\\/03\\\/IMG_1900.jpeg\",\"datePublished\":\"2026-03-06T15:50:56+00:00\",\"dateModified\":\"2026-03-09T11:43:09+00:00\",\"breadcrumb\":{\"@id\":\"http:\\\/\\\/biblioteka-gabin.pl\\\/index.php\\\/2026\\\/03\\\/06\\\/dzien-kobiet-z-biblioteka\\\/#breadcrumb\"},\"inLanguage\":\"pl-PL\",\"potentialAction\":[{\"@type\":\"ReadAction\",\"target\":[\"http:\\\/\\\/biblioteka-gabin.pl\\\/index.php\\\/2026\\\/03\\\/06\\\/dzien-kobiet-z-biblioteka\\\/\"]}]},{\"@type\":\"ImageObject\",\"inLanguage\":\"pl-PL\",\"@id\":\"http:\\\/\\\/biblioteka-gabin.pl\\\/index.php\\\/2026\\\/03\\\/06\\\/dzien-kobiet-z-biblioteka\\\/#primaryimage\",\"url\":\"http:\\\/\\\/biblioteka-gabin.pl\\\/wp-content\\\/uploads\\\/2026\\\/03\\\/IMG_1900.jpeg\",\"contentUrl\":\"http:\\\/\\\/biblioteka-gabin.pl\\\/wp-content\\\/uploads\\\/2026\\\/03\\\/IMG_1900.jpeg\",\"width\":1978,\"height\":1492},{\"@type\":\"BreadcrumbList\",\"@id\":\"http:\\\/\\\/biblioteka-gabin.pl\\\/index.php\\\/2026\\\/03\\\/06\\\/dzien-kobiet-z-biblioteka\\\/#breadcrumb\",\"itemListElement\":[{\"@type\":\"ListItem\",\"position\":1,\"name\":\"Strona g\u0142\u00f3wna\",\"item\":\"https:\\\/\\\/biblioteka-gabin.pl\\\/\"},{\"@type\":\"ListItem\",\"position\":2,\"name\":\"Dzie\u0144 Kobiet z bibliotek\u0105\"}]},{\"@type\":\"WebSite\",\"@id\":\"https:\\\/\\\/biblioteka-gabin.pl\\\/#website\",\"url\":\"https:\\\/\\\/biblioteka-gabin.pl\\\/\",\"name\":\"Miejsko-Gminna Biblioteka Publiczna w G\u0105binie\",\"description\":\"\",\"publisher\":{\"@id\":\"https:\\\/\\\/biblioteka-gabin.pl\\\/#organization\"},\"potentialAction\":[{\"@type\":\"SearchAction\",\"target\":{\"@type\":\"EntryPoint\",\"urlTemplate\":\"https:\\\/\\\/biblioteka-gabin.pl\\\/?s={search_term_string}\"},\"query-input\":{\"@type\":\"PropertyValueSpecification\",\"valueRequired\":true,\"valueName\":\"search_term_string\"}}],\"inLanguage\":\"pl-PL\"},{\"@type\":\"Organization\",\"@id\":\"https:\\\/\\\/biblioteka-gabin.pl\\\/#organization\",\"name\":\"Miejsko-Gminna Biblioteka Publiczna w G\u0105binie\",\"url\":\"https:\\\/\\\/biblioteka-gabin.pl\\\/\",\"logo\":{\"@type\":\"ImageObject\",\"inLanguage\":\"pl-PL\",\"@id\":\"https:\\\/\\\/biblioteka-gabin.pl\\\/#\\\/schema\\\/logo\\\/image\\\/\",\"url\":\"https:\\\/\\\/biblioteka-gabin.pl\\\/wp-content\\\/uploads\\\/2025\\\/03\\\/logo-biblioteka-2-1657013691-1.jpg\",\"contentUrl\":\"https:\\\/\\\/biblioteka-gabin.pl\\\/wp-content\\\/uploads\\\/2025\\\/03\\\/logo-biblioteka-2-1657013691-1.jpg\",\"width\":1600,\"height\":772,\"caption\":\"Miejsko-Gminna Biblioteka Publiczna w G\u0105binie\"},\"image\":{\"@id\":\"https:\\\/\\\/biblioteka-gabin.pl\\\/#\\\/schema\\\/logo\\\/image\\\/\"},\"sameAs\":[\"https:\\\/\\\/www.facebook.com\\\/bibliotekagabin\",\"https:\\\/\\\/www.youtube.com\\\/@mgbpgabin9392\"]},{\"@type\":\"Person\",\"@id\":\"https:\\\/\\\/biblioteka-gabin.pl\\\/#\\\/schema\\\/person\\\/2cbe9ec31ab40d3dde521364eef03724\",\"name\":\"k.kedzia\",\"image\":{\"@type\":\"ImageObject\",\"inLanguage\":\"pl-PL\",\"@id\":\"https:\\\/\\\/secure.gravatar.com\\\/avatar\\\/a33219e29a43e193a2e044bd0ca8c26c9358ca5f2dc72ecdeb69dc112abbba73?s=96&d=mm&r=g\",\"url\":\"https:\\\/\\\/secure.gravatar.com\\\/avatar\\\/a33219e29a43e193a2e044bd0ca8c26c9358ca5f2dc72ecdeb69dc112abbba73?s=96&d=mm&r=g\",\"contentUrl\":\"https:\\\/\\\/secure.gravatar.com\\\/avatar\\\/a33219e29a43e193a2e044bd0ca8c26c9358ca5f2dc72ecdeb69dc112abbba73?s=96&d=mm&r=g\",\"caption\":\"k.kedzia\"},\"sameAs\":[\"http:\\\/\\\/www.biblioteka-gabin.pl\"],\"url\":\"http:\\\/\\\/biblioteka-gabin.pl\\\/index.php\\\/author\\\/k-kedzia\\\/\"}]}<\/script>\n<!-- \/ Yoast SEO plugin. -->","yoast_head_json":{"title":"Dzie\u0144 Kobiet z bibliotek\u0105 - Miejsko-Gminna Biblioteka Publiczna w G\u0105binie","robots":{"index":"index","follow":"follow","max-snippet":"max-snippet:-1","max-image-preview":"max-image-preview:large","max-video-preview":"max-video-preview:-1"},"canonical":"http:\/\/biblioteka-gabin.pl\/index.php\/2026\/03\/06\/dzien-kobiet-z-biblioteka\/","og_locale":"pl_PL","og_type":"article","og_title":"Dzie\u0144 Kobiet z bibliotek\u0105 - Miejsko-Gminna Biblioteka Publiczna w G\u0105binie","og_description":",,Najpi\u0119kniejsze kobiety to te, kt\u00f3re wierz\u0105 w siebie&#8221; &#8211; powiedzia\u0142a","og_url":"http:\/\/biblioteka-gabin.pl\/index.php\/2026\/03\/06\/dzien-kobiet-z-biblioteka\/","og_site_name":"Miejsko-Gminna Biblioteka Publiczna w G\u0105binie","article_publisher":"https:\/\/www.facebook.com\/bibliotekagabin","article_published_time":"2026-03-06T15:50:56+00:00","article_modified_time":"2026-03-09T11:43:09+00:00","og_image":[{"width":1978,"height":1492,"url":"http:\/\/biblioteka-gabin.pl\/wp-content\/uploads\/2026\/03\/IMG_1900.jpeg","type":"image\/jpeg"}],"author":"k.kedzia","twitter_card":"summary_large_image","twitter_misc":{"Napisane przez":"k.kedzia","Szacowany czas czytania":"2 minuty"},"schema":{"@context":"https:\/\/schema.org","@graph":[{"@type":"Article","@id":"http:\/\/biblioteka-gabin.pl\/index.php\/2026\/03\/06\/dzien-kobiet-z-biblioteka\/#article","isPartOf":{"@id":"http:\/\/biblioteka-gabin.pl\/index.php\/2026\/03\/06\/dzien-kobiet-z-biblioteka\/"},"author":{"name":"k.kedzia","@id":"https:\/\/biblioteka-gabin.pl\/#\/schema\/person\/2cbe9ec31ab40d3dde521364eef03724"},"headline":"Dzie\u0144 Kobiet z bibliotek\u0105","datePublished":"2026-03-06T15:50:56+00:00","dateModified":"2026-03-09T11:43:09+00:00","mainEntityOfPage":{"@id":"http:\/\/biblioteka-gabin.pl\/index.php\/2026\/03\/06\/dzien-kobiet-z-biblioteka\/"},"wordCount":102,"commentCount":0,"publisher":{"@id":"https:\/\/biblioteka-gabin.pl\/#organization"},"image":{"@id":"http:\/\/biblioteka-gabin.pl\/index.php\/2026\/03\/06\/dzien-kobiet-z-biblioteka\/#primaryimage"},"thumbnailUrl":"http:\/\/biblioteka-gabin.pl\/wp-content\/uploads\/2026\/03\/IMG_1900.jpeg","articleSection":["Filie","Main"],"inLanguage":"pl-PL","potentialAction":[{"@type":"CommentAction","name":"Comment","target":["http:\/\/biblioteka-gabin.pl\/index.php\/2026\/03\/06\/dzien-kobiet-z-biblioteka\/#respond"]}]},{"@type":"WebPage","@id":"http:\/\/biblioteka-gabin.pl\/index.php\/2026\/03\/06\/dzien-kobiet-z-biblioteka\/","url":"http:\/\/biblioteka-gabin.pl\/index.php\/2026\/03\/06\/dzien-kobiet-z-biblioteka\/","name":"Dzie\u0144 Kobiet z bibliotek\u0105 - Miejsko-Gminna Biblioteka Publiczna w G\u0105binie","isPartOf":{"@id":"https:\/\/biblioteka-gabin.pl\/#website"},"primaryImageOfPage":{"@id":"http:\/\/biblioteka-gabin.pl\/index.php\/2026\/03\/06\/dzien-kobiet-z-biblioteka\/#primaryimage"},"image":{"@id":"http:\/\/biblioteka-gabin.pl\/index.php\/2026\/03\/06\/dzien-kobiet-z-biblioteka\/#primaryimage"},"thumbnailUrl":"http:\/\/biblioteka-gabin.pl\/wp-content\/uploads\/2026\/03\/IMG_1900.jpeg","datePublished":"2026-03-06T15:50:56+00:00","dateModified":"2026-03-09T11:43:09+00:00","breadcrumb":{"@id":"http:\/\/biblioteka-gabin.pl\/index.php\/2026\/03\/06\/dzien-kobiet-z-biblioteka\/#breadcrumb"},"inLanguage":"pl-PL","potentialAction":[{"@type":"ReadAction","target":["http:\/\/biblioteka-gabin.pl\/index.php\/2026\/03\/06\/dzien-kobiet-z-biblioteka\/"]}]},{"@type":"ImageObject","inLanguage":"pl-PL","@id":"http:\/\/biblioteka-gabin.pl\/index.php\/2026\/03\/06\/dzien-kobiet-z-biblioteka\/#primaryimage","url":"http:\/\/biblioteka-gabin.pl\/wp-content\/uploads\/2026\/03\/IMG_1900.jpeg","contentUrl":"http:\/\/biblioteka-gabin.pl\/wp-content\/uploads\/2026\/03\/IMG_1900.jpeg","width":1978,"height":1492},{"@type":"BreadcrumbList","@id":"http:\/\/biblioteka-gabin.pl\/index.php\/2026\/03\/06\/dzien-kobiet-z-biblioteka\/#breadcrumb","itemListElement":[{"@type":"ListItem","position":1,"name":"Strona g\u0142\u00f3wna","item":"https:\/\/biblioteka-gabin.pl\/"},{"@type":"ListItem","position":2,"name":"Dzie\u0144 Kobiet z bibliotek\u0105"}]},{"@type":"WebSite","@id":"https:\/\/biblioteka-gabin.pl\/#website","url":"https:\/\/biblioteka-gabin.pl\/","name":"Miejsko-Gminna Biblioteka Publiczna w G\u0105binie","description":"","publisher":{"@id":"https:\/\/biblioteka-gabin.pl\/#organization"},"potentialAction":[{"@type":"SearchAction","target":{"@type":"EntryPoint","urlTemplate":"https:\/\/biblioteka-gabin.pl\/?s={search_term_string}"},"query-input":{"@type":"PropertyValueSpecification","valueRequired":true,"valueName":"search_term_string"}}],"inLanguage":"pl-PL"},{"@type":"Organization","@id":"https:\/\/biblioteka-gabin.pl\/#organization","name":"Miejsko-Gminna Biblioteka Publiczna w G\u0105binie","url":"https:\/\/biblioteka-gabin.pl\/","logo":{"@type":"ImageObject","inLanguage":"pl-PL","@id":"https:\/\/biblioteka-gabin.pl\/#\/schema\/logo\/image\/","url":"https:\/\/biblioteka-gabin.pl\/wp-content\/uploads\/2025\/03\/logo-biblioteka-2-1657013691-1.jpg","contentUrl":"https:\/\/biblioteka-gabin.pl\/wp-content\/uploads\/2025\/03\/logo-biblioteka-2-1657013691-1.jpg","width":1600,"height":772,"caption":"Miejsko-Gminna Biblioteka Publiczna w G\u0105binie"},"image":{"@id":"https:\/\/biblioteka-gabin.pl\/#\/schema\/logo\/image\/"},"sameAs":["https:\/\/www.facebook.com\/bibliotekagabin","https:\/\/www.youtube.com\/@mgbpgabin9392"]},{"@type":"Person","@id":"https:\/\/biblioteka-gabin.pl\/#\/schema\/person\/2cbe9ec31ab40d3dde521364eef03724","name":"k.kedzia","image":{"@type":"ImageObject","inLanguage":"pl-PL","@id":"https:\/\/secure.gravatar.com\/avatar\/a33219e29a43e193a2e044bd0ca8c26c9358ca5f2dc72ecdeb69dc112abbba73?s=96&d=mm&r=g","url":"https:\/\/secure.gravatar.com\/avatar\/a33219e29a43e193a2e044bd0ca8c26c9358ca5f2dc72ecdeb69dc112abbba73?s=96&d=mm&r=g","contentUrl":"https:\/\/secure.gravatar.com\/avatar\/a33219e29a43e193a2e044bd0ca8c26c9358ca5f2dc72ecdeb69dc112abbba73?s=96&d=mm&r=g","caption":"k.kedzia"},"sameAs":["http:\/\/www.biblioteka-gabin.pl"],"url":"http:\/\/biblioteka-gabin.pl\/index.php\/author\/k-kedzia\/"}]}},"_links":{"self":[{"href":"http:\/\/biblioteka-gabin.pl\/index.php\/wp-json\/wp\/v2\/posts\/10534","targetHints":{"allow":["GET"]}}],"collection":[{"href":"http:\/\/biblioteka-gabin.pl\/index.php\/wp-json\/wp\/v2\/posts"}],"about":[{"href":"http:\/\/biblioteka-gabin.pl\/index.php\/wp-json\/wp\/v2\/types\/post"}],"author":[{"embeddable":true,"href":"http:\/\/biblioteka-gabin.pl\/index.php\/wp-json\/wp\/v2\/users\/6"}],"replies":[{"embeddable":true,"href":"http:\/\/biblioteka-gabin.pl\/index.php\/wp-json\/wp\/v2\/comments?post=10534"}],"version-history":[{"count":2,"href":"http:\/\/biblioteka-gabin.pl\/index.php\/wp-json\/wp\/v2\/posts\/10534\/revisions"}],"predecessor-version":[{"id":10540,"href":"http:\/\/biblioteka-gabin.pl\/index.php\/wp-json\/wp\/v2\/posts\/10534\/revisions\/10540"}],"wp:featuredmedia":[{"embeddable":true,"href":"http:\/\/biblioteka-gabin.pl\/index.php\/wp-json\/wp\/v2\/media\/10536"}],"wp:attachment":[{"href":"http:\/\/biblioteka-gabin.pl\/index.php\/wp-json\/wp\/v2\/media?parent=10534"}],"wp:term":[{"taxonomy":"category","embeddable":true,"href":"http:\/\/biblioteka-gabin.pl\/index.php\/wp-json\/wp\/v2\/categories?post=10534"},{"taxonomy":"post_tag","embeddable":true,"href":"http:\/\/biblioteka-gabin.pl\/index.php\/wp-json\/wp\/v2\/tags?post=10534"}],"curies":[{"name":"wp","href":"https:\/\/api.w.org\/{rel}","templated":true}]}}