{"id":10542,"date":"2026-03-09T10:23:14","date_gmt":"2026-03-09T10:23:14","guid":{"rendered":"https:\/\/biblioteka-gabin.pl\/?p=10542"},"modified":"2026-03-09T11:42:40","modified_gmt":"2026-03-09T11:42:40","slug":"empatia-i-czytanie-na-urodziny-w-biedronkach-spotkanie-z-bajka-5-marca-w-dobrzykowie","status":"publish","type":"post","link":"http:\/\/biblioteka-gabin.pl\/index.php\/2026\/03\/09\/empatia-i-czytanie-na-urodziny-w-biedronkach-spotkanie-z-bajka-5-marca-w-dobrzykowie\/","title":{"rendered":"Empatia i czytanie na urodziny w ,,Biedronkach&#8221;. Spotkanie z bajk\u0105 5 marca w Dobrzykowie"},"content":{"rendered":"\n<p>Czere\u015bnie, przytulone nied\u017awiedzie, balon i l\u00f3d w piasku \u2013 wszystkie te elementy wyst\u0119powa\u0142y w ksi\u0105\u017cce pt. ,,Emocje\u201d Agnese Baruzzi, kt\u00f3ra by\u0142a czytana 5 marca podczas czwartkowego Spotkania z bajk\u0105.<\/p>\n\n\n\n<p>&nbsp;&nbsp;&nbsp;&nbsp;&nbsp;&nbsp;&nbsp;&nbsp; W gr. ,,Biedronki\u201d, gdzie jeden z ch\u0142opc\u00f3w obchodzi\u0142 pi\u0105te urodziny pani Przedszkolanka zrobi\u0142a wszystkim pami\u0105tkowe zdj\u0119cie a solenizant &nbsp;ka\u017cdego pocz\u0119stowa\u0142 cukierkami. ,,Spotkanie z bajk\u0105\u201d tego dnia mia\u0142o bardziej \u015bwi\u0105teczny charakter! ,,Ja bardzo lubi\u0119 ksi\u0105\u017cki o emocjach!\u201d \u2013 powiedzia\u0142 Mateusz, ciesz\u0105c si\u0119 na widok przyniesionej przez pani\u0105 bibliotekark\u0119 ksi\u0105\u017cki. Wypowiedziane zdanie bardzo j\u0105 ucieszy\u0142o i rozpocz\u0119\u0142a czytanie\u2026<\/p>\n\n\n\n<p>&nbsp;&nbsp;&nbsp;&nbsp;&nbsp;&nbsp;&nbsp;&nbsp;&nbsp;&nbsp; W drugiej grupie o nazwie ,,Smerfy\u201d dzieci odkrywa\u0142y odg\u0142osy wiosny, w tym pszczo\u0142y, ptaki, kr\u00f3liki oraz kaczki. Wszystkie &nbsp;dzieci mia\u0142y ochot\u0119 energicznie przycisn\u0105\u0107 gumowe ,,k\u00f3\u0142eczko\u201d za kt\u00f3rym kry\u0142 si\u0119 d\u017awi\u0119k. Podczas zabawy by\u0142o wiele rado\u015bci! ,,A czy moja kole\u017canka te\u017c mog\u0142aby spr\u00f3bowa\u0107?\u201d \u2013 zapyta\u0142a jedna z dziewczynek. Zadane pytanie \u015bwiadczy\u0142o o du\u017cej empatii ma\u0142ej s\u0142uchaczki i niekoncentrowaniu si\u0119 tylko na sobie. Pi\u0119kna cecha.&nbsp;<\/p>\n\n\n\n<p>&nbsp;&nbsp;&nbsp;&nbsp;&nbsp;&nbsp;&nbsp; Ksi\u0105\u017cka, kt\u00f3ra by\u0142a wykorzystana na zaj\u0119ciach mia\u0142a tytu\u0142 ,,Bzzz, Bzzz w ogrodzie\u201d. &nbsp;Kolejne spotkania z m\u0142odszymi grupami b\u0119dzie mia\u0142o miejsce za dwa tygodnie.<\/p>\n\n\n\n<figure class=\"wp-block-image size-large is-resized\"><img loading=\"lazy\" decoding=\"async\" width=\"832\" height=\"1024\" src=\"https:\/\/biblioteka-gabin.pl\/wp-content\/uploads\/2026\/03\/ANqQyMqB-832x1024.jpg\" alt=\"\" class=\"wp-image-10544\" style=\"aspect-ratio:0.8125022910801306;width:600px;height:auto\" srcset=\"http:\/\/biblioteka-gabin.pl\/wp-content\/uploads\/2026\/03\/ANqQyMqB-832x1024.jpg 832w, http:\/\/biblioteka-gabin.pl\/wp-content\/uploads\/2026\/03\/ANqQyMqB-244x300.jpg 244w, http:\/\/biblioteka-gabin.pl\/wp-content\/uploads\/2026\/03\/ANqQyMqB-768x945.jpg 768w, http:\/\/biblioteka-gabin.pl\/wp-content\/uploads\/2026\/03\/ANqQyMqB-1248x1536.jpg 1248w, http:\/\/biblioteka-gabin.pl\/wp-content\/uploads\/2026\/03\/ANqQyMqB-1024x1260.jpg 1024w, http:\/\/biblioteka-gabin.pl\/wp-content\/uploads\/2026\/03\/ANqQyMqB.jpg 1664w\" sizes=\"auto, (max-width: 832px) 100vw, 832px\" \/><\/figure>\n\n\n\n<figure class=\"wp-block-image size-large\"><img loading=\"lazy\" decoding=\"async\" width=\"1024\" height=\"768\" src=\"https:\/\/biblioteka-gabin.pl\/wp-content\/uploads\/2026\/03\/6JIJkyIt-1024x768.jpg\" alt=\"\" class=\"wp-image-10546\" srcset=\"http:\/\/biblioteka-gabin.pl\/wp-content\/uploads\/2026\/03\/6JIJkyIt-1024x768.jpg 1024w, http:\/\/biblioteka-gabin.pl\/wp-content\/uploads\/2026\/03\/6JIJkyIt-300x225.jpg 300w, http:\/\/biblioteka-gabin.pl\/wp-content\/uploads\/2026\/03\/6JIJkyIt-768x576.jpg 768w, http:\/\/biblioteka-gabin.pl\/wp-content\/uploads\/2026\/03\/6JIJkyIt-1536x1152.jpg 1536w, http:\/\/biblioteka-gabin.pl\/wp-content\/uploads\/2026\/03\/6JIJkyIt-rotated.jpg 2048w\" sizes=\"auto, (max-width: 1024px) 100vw, 1024px\" \/><\/figure>\n\n\n\n<figure class=\"wp-block-image size-large is-resized\"><img loading=\"lazy\" decoding=\"async\" width=\"768\" height=\"1024\" src=\"http:\/\/biblioteka-gabin.pl\/wp-content\/uploads\/2026\/03\/kIYabc4x-768x1024.jpg\" alt=\"\" class=\"wp-image-10547\" style=\"aspect-ratio:0.7499999845350114;width:607px;height:auto\" srcset=\"http:\/\/biblioteka-gabin.pl\/wp-content\/uploads\/2026\/03\/kIYabc4x-768x1024.jpg 768w, http:\/\/biblioteka-gabin.pl\/wp-content\/uploads\/2026\/03\/kIYabc4x-225x300.jpg 225w, http:\/\/biblioteka-gabin.pl\/wp-content\/uploads\/2026\/03\/kIYabc4x-1152x1536.jpg 1152w, http:\/\/biblioteka-gabin.pl\/wp-content\/uploads\/2026\/03\/kIYabc4x-1024x1365.jpg 1024w, http:\/\/biblioteka-gabin.pl\/wp-content\/uploads\/2026\/03\/kIYabc4x.jpg 1536w\" sizes=\"auto, (max-width: 768px) 100vw, 768px\" \/><\/figure>\n\n\n\n<figure class=\"wp-block-image size-large is-resized\"><img loading=\"lazy\" decoding=\"async\" width=\"1024\" height=\"768\" src=\"https:\/\/biblioteka-gabin.pl\/wp-content\/uploads\/2026\/03\/lCiHU0Kb-1-1024x768.jpg\" alt=\"\" class=\"wp-image-10550\" style=\"width:667px;height:auto\" srcset=\"http:\/\/biblioteka-gabin.pl\/wp-content\/uploads\/2026\/03\/lCiHU0Kb-1-1024x768.jpg 1024w, http:\/\/biblioteka-gabin.pl\/wp-content\/uploads\/2026\/03\/lCiHU0Kb-1-300x225.jpg 300w, http:\/\/biblioteka-gabin.pl\/wp-content\/uploads\/2026\/03\/lCiHU0Kb-1-768x576.jpg 768w, http:\/\/biblioteka-gabin.pl\/wp-content\/uploads\/2026\/03\/lCiHU0Kb-1-1536x1152.jpg 1536w, http:\/\/biblioteka-gabin.pl\/wp-content\/uploads\/2026\/03\/lCiHU0Kb-1-rotated.jpg 2048w\" sizes=\"auto, (max-width: 1024px) 100vw, 1024px\" \/><\/figure>\n\n\n\n<p><\/p>\n\n\n\n<p>                                                                                                                                                               Opr. K. K\u0119dzia<\/p>\n\n\n\n<p><\/p>\n","protected":false},"excerpt":{"rendered":"<p>Czere\u015bnie, przytulone nied\u017awiedzie, balon i l\u00f3d w piasku \u2013 wszystkie<\/p>\n","protected":false},"author":6,"featured_media":10543,"comment_status":"open","ping_status":"open","sticky":false,"template":"","format":"standard","meta":{"footnotes":""},"categories":[29,36],"tags":[],"class_list":["post-10542","post","type-post","status-publish","format-standard","has-post-thumbnail","hentry","category-filie","category-main"],"yoast_head":"<!-- This site is optimized with the Yoast SEO plugin v27.4 - https:\/\/yoast.com\/product\/yoast-seo-wordpress\/ -->\n<title>Empatia i czytanie na urodziny w ,,Biedronkach&quot;. Spotkanie z bajk\u0105 5 marca w Dobrzykowie - Miejsko-Gminna Biblioteka Publiczna w G\u0105binie<\/title>\n<meta name=\"robots\" content=\"index, follow, max-snippet:-1, max-image-preview:large, max-video-preview:-1\" \/>\n<link rel=\"canonical\" href=\"http:\/\/biblioteka-gabin.pl\/index.php\/2026\/03\/09\/empatia-i-czytanie-na-urodziny-w-biedronkach-spotkanie-z-bajka-5-marca-w-dobrzykowie\/\" \/>\n<meta property=\"og:locale\" content=\"pl_PL\" \/>\n<meta property=\"og:type\" content=\"article\" \/>\n<meta property=\"og:title\" content=\"Empatia i czytanie na urodziny w ,,Biedronkach&quot;. Spotkanie z bajk\u0105 5 marca w Dobrzykowie - Miejsko-Gminna Biblioteka Publiczna w G\u0105binie\" \/>\n<meta property=\"og:description\" content=\"Czere\u015bnie, przytulone nied\u017awiedzie, balon i l\u00f3d w piasku \u2013 wszystkie\" \/>\n<meta property=\"og:url\" content=\"http:\/\/biblioteka-gabin.pl\/index.php\/2026\/03\/09\/empatia-i-czytanie-na-urodziny-w-biedronkach-spotkanie-z-bajka-5-marca-w-dobrzykowie\/\" \/>\n<meta property=\"og:site_name\" content=\"Miejsko-Gminna Biblioteka Publiczna w G\u0105binie\" \/>\n<meta property=\"article:publisher\" content=\"https:\/\/www.facebook.com\/bibliotekagabin\" \/>\n<meta property=\"article:published_time\" content=\"2026-03-09T10:23:14+00:00\" \/>\n<meta property=\"article:modified_time\" content=\"2026-03-09T11:42:40+00:00\" \/>\n<meta property=\"og:image\" content=\"http:\/\/biblioteka-gabin.pl\/wp-content\/uploads\/2026\/03\/lCiHU0Kb-rotated-e1773051170387.jpg\" \/>\n\t<meta property=\"og:image:width\" content=\"2048\" \/>\n\t<meta property=\"og:image:height\" content=\"1304\" \/>\n\t<meta property=\"og:image:type\" content=\"image\/jpeg\" \/>\n<meta name=\"author\" content=\"k.kedzia\" \/>\n<meta name=\"twitter:card\" content=\"summary_large_image\" \/>\n<meta name=\"twitter:label1\" content=\"Napisane przez\" \/>\n\t<meta name=\"twitter:data1\" content=\"k.kedzia\" \/>\n\t<meta name=\"twitter:label2\" content=\"Szacowany czas czytania\" \/>\n\t<meta name=\"twitter:data2\" content=\"2 minuty\" \/>\n<script type=\"application\/ld+json\" class=\"yoast-schema-graph\">{\"@context\":\"https:\\\/\\\/schema.org\",\"@graph\":[{\"@type\":\"Article\",\"@id\":\"http:\\\/\\\/biblioteka-gabin.pl\\\/index.php\\\/2026\\\/03\\\/09\\\/empatia-i-czytanie-na-urodziny-w-biedronkach-spotkanie-z-bajka-5-marca-w-dobrzykowie\\\/#article\",\"isPartOf\":{\"@id\":\"http:\\\/\\\/biblioteka-gabin.pl\\\/index.php\\\/2026\\\/03\\\/09\\\/empatia-i-czytanie-na-urodziny-w-biedronkach-spotkanie-z-bajka-5-marca-w-dobrzykowie\\\/\"},\"author\":{\"name\":\"k.kedzia\",\"@id\":\"https:\\\/\\\/biblioteka-gabin.pl\\\/#\\\/schema\\\/person\\\/2cbe9ec31ab40d3dde521364eef03724\"},\"headline\":\"Empatia i czytanie na urodziny w ,,Biedronkach&#8221;. Spotkanie z bajk\u0105 5 marca w Dobrzykowie\",\"datePublished\":\"2026-03-09T10:23:14+00:00\",\"dateModified\":\"2026-03-09T11:42:40+00:00\",\"mainEntityOfPage\":{\"@id\":\"http:\\\/\\\/biblioteka-gabin.pl\\\/index.php\\\/2026\\\/03\\\/09\\\/empatia-i-czytanie-na-urodziny-w-biedronkach-spotkanie-z-bajka-5-marca-w-dobrzykowie\\\/\"},\"wordCount\":264,\"commentCount\":0,\"publisher\":{\"@id\":\"https:\\\/\\\/biblioteka-gabin.pl\\\/#organization\"},\"image\":{\"@id\":\"http:\\\/\\\/biblioteka-gabin.pl\\\/index.php\\\/2026\\\/03\\\/09\\\/empatia-i-czytanie-na-urodziny-w-biedronkach-spotkanie-z-bajka-5-marca-w-dobrzykowie\\\/#primaryimage\"},\"thumbnailUrl\":\"http:\\\/\\\/biblioteka-gabin.pl\\\/wp-content\\\/uploads\\\/2026\\\/03\\\/lCiHU0Kb-rotated-e1773051170387.jpg\",\"articleSection\":[\"Filie\",\"Main\"],\"inLanguage\":\"pl-PL\",\"potentialAction\":[{\"@type\":\"CommentAction\",\"name\":\"Comment\",\"target\":[\"http:\\\/\\\/biblioteka-gabin.pl\\\/index.php\\\/2026\\\/03\\\/09\\\/empatia-i-czytanie-na-urodziny-w-biedronkach-spotkanie-z-bajka-5-marca-w-dobrzykowie\\\/#respond\"]}]},{\"@type\":\"WebPage\",\"@id\":\"http:\\\/\\\/biblioteka-gabin.pl\\\/index.php\\\/2026\\\/03\\\/09\\\/empatia-i-czytanie-na-urodziny-w-biedronkach-spotkanie-z-bajka-5-marca-w-dobrzykowie\\\/\",\"url\":\"http:\\\/\\\/biblioteka-gabin.pl\\\/index.php\\\/2026\\\/03\\\/09\\\/empatia-i-czytanie-na-urodziny-w-biedronkach-spotkanie-z-bajka-5-marca-w-dobrzykowie\\\/\",\"name\":\"Empatia i czytanie na urodziny w ,,Biedronkach\\\". Spotkanie z bajk\u0105 5 marca w Dobrzykowie - Miejsko-Gminna Biblioteka Publiczna w G\u0105binie\",\"isPartOf\":{\"@id\":\"https:\\\/\\\/biblioteka-gabin.pl\\\/#website\"},\"primaryImageOfPage\":{\"@id\":\"http:\\\/\\\/biblioteka-gabin.pl\\\/index.php\\\/2026\\\/03\\\/09\\\/empatia-i-czytanie-na-urodziny-w-biedronkach-spotkanie-z-bajka-5-marca-w-dobrzykowie\\\/#primaryimage\"},\"image\":{\"@id\":\"http:\\\/\\\/biblioteka-gabin.pl\\\/index.php\\\/2026\\\/03\\\/09\\\/empatia-i-czytanie-na-urodziny-w-biedronkach-spotkanie-z-bajka-5-marca-w-dobrzykowie\\\/#primaryimage\"},\"thumbnailUrl\":\"http:\\\/\\\/biblioteka-gabin.pl\\\/wp-content\\\/uploads\\\/2026\\\/03\\\/lCiHU0Kb-rotated-e1773051170387.jpg\",\"datePublished\":\"2026-03-09T10:23:14+00:00\",\"dateModified\":\"2026-03-09T11:42:40+00:00\",\"breadcrumb\":{\"@id\":\"http:\\\/\\\/biblioteka-gabin.pl\\\/index.php\\\/2026\\\/03\\\/09\\\/empatia-i-czytanie-na-urodziny-w-biedronkach-spotkanie-z-bajka-5-marca-w-dobrzykowie\\\/#breadcrumb\"},\"inLanguage\":\"pl-PL\",\"potentialAction\":[{\"@type\":\"ReadAction\",\"target\":[\"http:\\\/\\\/biblioteka-gabin.pl\\\/index.php\\\/2026\\\/03\\\/09\\\/empatia-i-czytanie-na-urodziny-w-biedronkach-spotkanie-z-bajka-5-marca-w-dobrzykowie\\\/\"]}]},{\"@type\":\"ImageObject\",\"inLanguage\":\"pl-PL\",\"@id\":\"http:\\\/\\\/biblioteka-gabin.pl\\\/index.php\\\/2026\\\/03\\\/09\\\/empatia-i-czytanie-na-urodziny-w-biedronkach-spotkanie-z-bajka-5-marca-w-dobrzykowie\\\/#primaryimage\",\"url\":\"http:\\\/\\\/biblioteka-gabin.pl\\\/wp-content\\\/uploads\\\/2026\\\/03\\\/lCiHU0Kb-rotated-e1773051170387.jpg\",\"contentUrl\":\"http:\\\/\\\/biblioteka-gabin.pl\\\/wp-content\\\/uploads\\\/2026\\\/03\\\/lCiHU0Kb-rotated-e1773051170387.jpg\",\"width\":2048,\"height\":1304},{\"@type\":\"BreadcrumbList\",\"@id\":\"http:\\\/\\\/biblioteka-gabin.pl\\\/index.php\\\/2026\\\/03\\\/09\\\/empatia-i-czytanie-na-urodziny-w-biedronkach-spotkanie-z-bajka-5-marca-w-dobrzykowie\\\/#breadcrumb\",\"itemListElement\":[{\"@type\":\"ListItem\",\"position\":1,\"name\":\"Strona g\u0142\u00f3wna\",\"item\":\"https:\\\/\\\/biblioteka-gabin.pl\\\/\"},{\"@type\":\"ListItem\",\"position\":2,\"name\":\"Empatia i czytanie na urodziny w ,,Biedronkach&#8221;. Spotkanie z bajk\u0105 5 marca w Dobrzykowie\"}]},{\"@type\":\"WebSite\",\"@id\":\"https:\\\/\\\/biblioteka-gabin.pl\\\/#website\",\"url\":\"https:\\\/\\\/biblioteka-gabin.pl\\\/\",\"name\":\"Miejsko-Gminna Biblioteka Publiczna w G\u0105binie\",\"description\":\"\",\"publisher\":{\"@id\":\"https:\\\/\\\/biblioteka-gabin.pl\\\/#organization\"},\"potentialAction\":[{\"@type\":\"SearchAction\",\"target\":{\"@type\":\"EntryPoint\",\"urlTemplate\":\"https:\\\/\\\/biblioteka-gabin.pl\\\/?s={search_term_string}\"},\"query-input\":{\"@type\":\"PropertyValueSpecification\",\"valueRequired\":true,\"valueName\":\"search_term_string\"}}],\"inLanguage\":\"pl-PL\"},{\"@type\":\"Organization\",\"@id\":\"https:\\\/\\\/biblioteka-gabin.pl\\\/#organization\",\"name\":\"Miejsko-Gminna Biblioteka Publiczna w G\u0105binie\",\"url\":\"https:\\\/\\\/biblioteka-gabin.pl\\\/\",\"logo\":{\"@type\":\"ImageObject\",\"inLanguage\":\"pl-PL\",\"@id\":\"https:\\\/\\\/biblioteka-gabin.pl\\\/#\\\/schema\\\/logo\\\/image\\\/\",\"url\":\"https:\\\/\\\/biblioteka-gabin.pl\\\/wp-content\\\/uploads\\\/2025\\\/03\\\/logo-biblioteka-2-1657013691-1.jpg\",\"contentUrl\":\"https:\\\/\\\/biblioteka-gabin.pl\\\/wp-content\\\/uploads\\\/2025\\\/03\\\/logo-biblioteka-2-1657013691-1.jpg\",\"width\":1600,\"height\":772,\"caption\":\"Miejsko-Gminna Biblioteka Publiczna w G\u0105binie\"},\"image\":{\"@id\":\"https:\\\/\\\/biblioteka-gabin.pl\\\/#\\\/schema\\\/logo\\\/image\\\/\"},\"sameAs\":[\"https:\\\/\\\/www.facebook.com\\\/bibliotekagabin\",\"https:\\\/\\\/www.youtube.com\\\/@mgbpgabin9392\"]},{\"@type\":\"Person\",\"@id\":\"https:\\\/\\\/biblioteka-gabin.pl\\\/#\\\/schema\\\/person\\\/2cbe9ec31ab40d3dde521364eef03724\",\"name\":\"k.kedzia\",\"image\":{\"@type\":\"ImageObject\",\"inLanguage\":\"pl-PL\",\"@id\":\"https:\\\/\\\/secure.gravatar.com\\\/avatar\\\/a33219e29a43e193a2e044bd0ca8c26c9358ca5f2dc72ecdeb69dc112abbba73?s=96&d=mm&r=g\",\"url\":\"https:\\\/\\\/secure.gravatar.com\\\/avatar\\\/a33219e29a43e193a2e044bd0ca8c26c9358ca5f2dc72ecdeb69dc112abbba73?s=96&d=mm&r=g\",\"contentUrl\":\"https:\\\/\\\/secure.gravatar.com\\\/avatar\\\/a33219e29a43e193a2e044bd0ca8c26c9358ca5f2dc72ecdeb69dc112abbba73?s=96&d=mm&r=g\",\"caption\":\"k.kedzia\"},\"sameAs\":[\"http:\\\/\\\/www.biblioteka-gabin.pl\"],\"url\":\"http:\\\/\\\/biblioteka-gabin.pl\\\/index.php\\\/author\\\/k-kedzia\\\/\"}]}<\/script>\n<!-- \/ Yoast SEO plugin. -->","yoast_head_json":{"title":"Empatia i czytanie na urodziny w ,,Biedronkach\". Spotkanie z bajk\u0105 5 marca w Dobrzykowie - Miejsko-Gminna Biblioteka Publiczna w G\u0105binie","robots":{"index":"index","follow":"follow","max-snippet":"max-snippet:-1","max-image-preview":"max-image-preview:large","max-video-preview":"max-video-preview:-1"},"canonical":"http:\/\/biblioteka-gabin.pl\/index.php\/2026\/03\/09\/empatia-i-czytanie-na-urodziny-w-biedronkach-spotkanie-z-bajka-5-marca-w-dobrzykowie\/","og_locale":"pl_PL","og_type":"article","og_title":"Empatia i czytanie na urodziny w ,,Biedronkach\". Spotkanie z bajk\u0105 5 marca w Dobrzykowie - Miejsko-Gminna Biblioteka Publiczna w G\u0105binie","og_description":"Czere\u015bnie, przytulone nied\u017awiedzie, balon i l\u00f3d w piasku \u2013 wszystkie","og_url":"http:\/\/biblioteka-gabin.pl\/index.php\/2026\/03\/09\/empatia-i-czytanie-na-urodziny-w-biedronkach-spotkanie-z-bajka-5-marca-w-dobrzykowie\/","og_site_name":"Miejsko-Gminna Biblioteka Publiczna w G\u0105binie","article_publisher":"https:\/\/www.facebook.com\/bibliotekagabin","article_published_time":"2026-03-09T10:23:14+00:00","article_modified_time":"2026-03-09T11:42:40+00:00","og_image":[{"width":2048,"height":1304,"url":"http:\/\/biblioteka-gabin.pl\/wp-content\/uploads\/2026\/03\/lCiHU0Kb-rotated-e1773051170387.jpg","type":"image\/jpeg"}],"author":"k.kedzia","twitter_card":"summary_large_image","twitter_misc":{"Napisane przez":"k.kedzia","Szacowany czas czytania":"2 minuty"},"schema":{"@context":"https:\/\/schema.org","@graph":[{"@type":"Article","@id":"http:\/\/biblioteka-gabin.pl\/index.php\/2026\/03\/09\/empatia-i-czytanie-na-urodziny-w-biedronkach-spotkanie-z-bajka-5-marca-w-dobrzykowie\/#article","isPartOf":{"@id":"http:\/\/biblioteka-gabin.pl\/index.php\/2026\/03\/09\/empatia-i-czytanie-na-urodziny-w-biedronkach-spotkanie-z-bajka-5-marca-w-dobrzykowie\/"},"author":{"name":"k.kedzia","@id":"https:\/\/biblioteka-gabin.pl\/#\/schema\/person\/2cbe9ec31ab40d3dde521364eef03724"},"headline":"Empatia i czytanie na urodziny w ,,Biedronkach&#8221;. Spotkanie z bajk\u0105 5 marca w Dobrzykowie","datePublished":"2026-03-09T10:23:14+00:00","dateModified":"2026-03-09T11:42:40+00:00","mainEntityOfPage":{"@id":"http:\/\/biblioteka-gabin.pl\/index.php\/2026\/03\/09\/empatia-i-czytanie-na-urodziny-w-biedronkach-spotkanie-z-bajka-5-marca-w-dobrzykowie\/"},"wordCount":264,"commentCount":0,"publisher":{"@id":"https:\/\/biblioteka-gabin.pl\/#organization"},"image":{"@id":"http:\/\/biblioteka-gabin.pl\/index.php\/2026\/03\/09\/empatia-i-czytanie-na-urodziny-w-biedronkach-spotkanie-z-bajka-5-marca-w-dobrzykowie\/#primaryimage"},"thumbnailUrl":"http:\/\/biblioteka-gabin.pl\/wp-content\/uploads\/2026\/03\/lCiHU0Kb-rotated-e1773051170387.jpg","articleSection":["Filie","Main"],"inLanguage":"pl-PL","potentialAction":[{"@type":"CommentAction","name":"Comment","target":["http:\/\/biblioteka-gabin.pl\/index.php\/2026\/03\/09\/empatia-i-czytanie-na-urodziny-w-biedronkach-spotkanie-z-bajka-5-marca-w-dobrzykowie\/#respond"]}]},{"@type":"WebPage","@id":"http:\/\/biblioteka-gabin.pl\/index.php\/2026\/03\/09\/empatia-i-czytanie-na-urodziny-w-biedronkach-spotkanie-z-bajka-5-marca-w-dobrzykowie\/","url":"http:\/\/biblioteka-gabin.pl\/index.php\/2026\/03\/09\/empatia-i-czytanie-na-urodziny-w-biedronkach-spotkanie-z-bajka-5-marca-w-dobrzykowie\/","name":"Empatia i czytanie na urodziny w ,,Biedronkach\". Spotkanie z bajk\u0105 5 marca w Dobrzykowie - Miejsko-Gminna Biblioteka Publiczna w G\u0105binie","isPartOf":{"@id":"https:\/\/biblioteka-gabin.pl\/#website"},"primaryImageOfPage":{"@id":"http:\/\/biblioteka-gabin.pl\/index.php\/2026\/03\/09\/empatia-i-czytanie-na-urodziny-w-biedronkach-spotkanie-z-bajka-5-marca-w-dobrzykowie\/#primaryimage"},"image":{"@id":"http:\/\/biblioteka-gabin.pl\/index.php\/2026\/03\/09\/empatia-i-czytanie-na-urodziny-w-biedronkach-spotkanie-z-bajka-5-marca-w-dobrzykowie\/#primaryimage"},"thumbnailUrl":"http:\/\/biblioteka-gabin.pl\/wp-content\/uploads\/2026\/03\/lCiHU0Kb-rotated-e1773051170387.jpg","datePublished":"2026-03-09T10:23:14+00:00","dateModified":"2026-03-09T11:42:40+00:00","breadcrumb":{"@id":"http:\/\/biblioteka-gabin.pl\/index.php\/2026\/03\/09\/empatia-i-czytanie-na-urodziny-w-biedronkach-spotkanie-z-bajka-5-marca-w-dobrzykowie\/#breadcrumb"},"inLanguage":"pl-PL","potentialAction":[{"@type":"ReadAction","target":["http:\/\/biblioteka-gabin.pl\/index.php\/2026\/03\/09\/empatia-i-czytanie-na-urodziny-w-biedronkach-spotkanie-z-bajka-5-marca-w-dobrzykowie\/"]}]},{"@type":"ImageObject","inLanguage":"pl-PL","@id":"http:\/\/biblioteka-gabin.pl\/index.php\/2026\/03\/09\/empatia-i-czytanie-na-urodziny-w-biedronkach-spotkanie-z-bajka-5-marca-w-dobrzykowie\/#primaryimage","url":"http:\/\/biblioteka-gabin.pl\/wp-content\/uploads\/2026\/03\/lCiHU0Kb-rotated-e1773051170387.jpg","contentUrl":"http:\/\/biblioteka-gabin.pl\/wp-content\/uploads\/2026\/03\/lCiHU0Kb-rotated-e1773051170387.jpg","width":2048,"height":1304},{"@type":"BreadcrumbList","@id":"http:\/\/biblioteka-gabin.pl\/index.php\/2026\/03\/09\/empatia-i-czytanie-na-urodziny-w-biedronkach-spotkanie-z-bajka-5-marca-w-dobrzykowie\/#breadcrumb","itemListElement":[{"@type":"ListItem","position":1,"name":"Strona g\u0142\u00f3wna","item":"https:\/\/biblioteka-gabin.pl\/"},{"@type":"ListItem","position":2,"name":"Empatia i czytanie na urodziny w ,,Biedronkach&#8221;. Spotkanie z bajk\u0105 5 marca w Dobrzykowie"}]},{"@type":"WebSite","@id":"https:\/\/biblioteka-gabin.pl\/#website","url":"https:\/\/biblioteka-gabin.pl\/","name":"Miejsko-Gminna Biblioteka Publiczna w G\u0105binie","description":"","publisher":{"@id":"https:\/\/biblioteka-gabin.pl\/#organization"},"potentialAction":[{"@type":"SearchAction","target":{"@type":"EntryPoint","urlTemplate":"https:\/\/biblioteka-gabin.pl\/?s={search_term_string}"},"query-input":{"@type":"PropertyValueSpecification","valueRequired":true,"valueName":"search_term_string"}}],"inLanguage":"pl-PL"},{"@type":"Organization","@id":"https:\/\/biblioteka-gabin.pl\/#organization","name":"Miejsko-Gminna Biblioteka Publiczna w G\u0105binie","url":"https:\/\/biblioteka-gabin.pl\/","logo":{"@type":"ImageObject","inLanguage":"pl-PL","@id":"https:\/\/biblioteka-gabin.pl\/#\/schema\/logo\/image\/","url":"https:\/\/biblioteka-gabin.pl\/wp-content\/uploads\/2025\/03\/logo-biblioteka-2-1657013691-1.jpg","contentUrl":"https:\/\/biblioteka-gabin.pl\/wp-content\/uploads\/2025\/03\/logo-biblioteka-2-1657013691-1.jpg","width":1600,"height":772,"caption":"Miejsko-Gminna Biblioteka Publiczna w G\u0105binie"},"image":{"@id":"https:\/\/biblioteka-gabin.pl\/#\/schema\/logo\/image\/"},"sameAs":["https:\/\/www.facebook.com\/bibliotekagabin","https:\/\/www.youtube.com\/@mgbpgabin9392"]},{"@type":"Person","@id":"https:\/\/biblioteka-gabin.pl\/#\/schema\/person\/2cbe9ec31ab40d3dde521364eef03724","name":"k.kedzia","image":{"@type":"ImageObject","inLanguage":"pl-PL","@id":"https:\/\/secure.gravatar.com\/avatar\/a33219e29a43e193a2e044bd0ca8c26c9358ca5f2dc72ecdeb69dc112abbba73?s=96&d=mm&r=g","url":"https:\/\/secure.gravatar.com\/avatar\/a33219e29a43e193a2e044bd0ca8c26c9358ca5f2dc72ecdeb69dc112abbba73?s=96&d=mm&r=g","contentUrl":"https:\/\/secure.gravatar.com\/avatar\/a33219e29a43e193a2e044bd0ca8c26c9358ca5f2dc72ecdeb69dc112abbba73?s=96&d=mm&r=g","caption":"k.kedzia"},"sameAs":["http:\/\/www.biblioteka-gabin.pl"],"url":"http:\/\/biblioteka-gabin.pl\/index.php\/author\/k-kedzia\/"}]}},"_links":{"self":[{"href":"http:\/\/biblioteka-gabin.pl\/index.php\/wp-json\/wp\/v2\/posts\/10542","targetHints":{"allow":["GET"]}}],"collection":[{"href":"http:\/\/biblioteka-gabin.pl\/index.php\/wp-json\/wp\/v2\/posts"}],"about":[{"href":"http:\/\/biblioteka-gabin.pl\/index.php\/wp-json\/wp\/v2\/types\/post"}],"author":[{"embeddable":true,"href":"http:\/\/biblioteka-gabin.pl\/index.php\/wp-json\/wp\/v2\/users\/6"}],"replies":[{"embeddable":true,"href":"http:\/\/biblioteka-gabin.pl\/index.php\/wp-json\/wp\/v2\/comments?post=10542"}],"version-history":[{"count":1,"href":"http:\/\/biblioteka-gabin.pl\/index.php\/wp-json\/wp\/v2\/posts\/10542\/revisions"}],"predecessor-version":[{"id":10551,"href":"http:\/\/biblioteka-gabin.pl\/index.php\/wp-json\/wp\/v2\/posts\/10542\/revisions\/10551"}],"wp:featuredmedia":[{"embeddable":true,"href":"http:\/\/biblioteka-gabin.pl\/index.php\/wp-json\/wp\/v2\/media\/10543"}],"wp:attachment":[{"href":"http:\/\/biblioteka-gabin.pl\/index.php\/wp-json\/wp\/v2\/media?parent=10542"}],"wp:term":[{"taxonomy":"category","embeddable":true,"href":"http:\/\/biblioteka-gabin.pl\/index.php\/wp-json\/wp\/v2\/categories?post=10542"},{"taxonomy":"post_tag","embeddable":true,"href":"http:\/\/biblioteka-gabin.pl\/index.php\/wp-json\/wp\/v2\/tags?post=10542"}],"curies":[{"name":"wp","href":"https:\/\/api.w.org\/{rel}","templated":true}]}}