{"id":10559,"date":"2026-03-09T15:33:45","date_gmt":"2026-03-09T15:33:45","guid":{"rendered":"https:\/\/biblioteka-gabin.pl\/?p=10559"},"modified":"2026-03-10T13:17:43","modified_gmt":"2026-03-10T13:17:43","slug":"odkrecmy-emocje-spotkanie-z-bajka-nowym-grabiu","status":"publish","type":"post","link":"http:\/\/biblioteka-gabin.pl\/index.php\/2026\/03\/09\/odkrecmy-emocje-spotkanie-z-bajka-nowym-grabiu\/","title":{"rendered":",,Odkr\u0119\u0107my emocje&#8221;. Spotkanie z bajk\u0105 Nowym Grabiu"},"content":{"rendered":"\n<p>,,Dzie\u0144 dobry, do widzenia\u201d brzmia\u0142 tytu\u0142 ksi\u0105\u017cki Cori Doerffeld czytanej podczas ostatniego spotkania w Punkcie Przedszkolnym w Nowym Grabiu. Najm\u0142odsza grupa z owej plac\u00f3wki us\u0142ysza\u0142a, \u017ce ka\u017cde po\u017cegnanie by\u0107 odkryciem czego\u015b bardzo ciekawego.<\/p>\n\n\n\n<p>W licz\u0105cej prawie dwadzie\u015bcia os\u00f3b grupie dzieci uwa\u017cnie ,,nadstawia\u0142y uszy\u201d na przyniesion\u0105 bajk\u0119. By\u0142y w niej zawarte nowe przedszkole, zabawy, \u015brodowisko, miejsce zamieszkania, koledzy i kole\u017canki, wydaj\u0105cy si\u0119 gro\u017ani, i sytuacje do pokonania, z kt\u00f3rymi musia\u0142a si\u0119 oswoi\u0107, i zmierzy\u0107 bohaterka. Historia mia\u0142a pokaza\u0107 dzieciom, \u017ce niekt\u00f3re nape\u0142niaj\u0105ce l\u0119kiem do\u015bwiadczenia mog\u0105 otworzy\u0107 drog\u0119 do rozwoju i przyg\u00f3d.<\/p>\n\n\n\n<p>Nast\u0119pnie s\u0142uchacze dotykali sk\u0142adaj\u0105cej si\u0119 z ruchomych element\u00f3w ksi\u0105\u017cki, kt\u00f3ra opowiada\u0142a o przyjemnych i nieprzyjemnych emocjach. S\u0142uchacze ch\u0119tnie poruszali paluszkami, by zobaczy\u0107 zmieniaj\u0105ce si\u0119 na ilustracjach motywy rozpuszczonych lod\u00f3w, ukrytego w pude\u0142ku szczeniaka, p\u0119kni\u0119tego balonu czy poszarpanego jab\u0142ka.<\/p>\n\n\n\n<p>,,Odkr\u0119\u0107my emocje!\u201d \u2013 na pocz\u0105tku w starszej grupie powiedzia\u0142a bibliotekarka. Na zaj\u0119cia przynios\u0142a cztery ma\u0142e s\u0142oiki i na podstawie ksi\u0105\u017cki, kt\u00f3rej tytu\u0142em by\u0142o powy\u017csze has\u0142o wyruszy\u0142a z dzie\u0107mi w kolorow\u0105 podr\u00f3\u017c do \u015bwiata emocji i uczu\u0107.<\/p>\n\n\n\n<p><\/p>\n\n\n\n<p>                                                                                                                                              Opr. K. K\u0119dzia<\/p>\n\n\n\n<figure class=\"wp-block-gallery has-nested-images columns-default is-cropped wp-block-gallery-1 is-layout-flex wp-block-gallery-is-layout-flex\">\n<figure class=\"wp-block-image size-large is-resized\"><img loading=\"lazy\" decoding=\"async\" width=\"768\" height=\"1024\" data-id=\"10561\" src=\"https:\/\/biblioteka-gabin.pl\/wp-content\/uploads\/2026\/03\/Pyke9_Xn-768x1024.jpg\" alt=\"\" class=\"wp-image-10561\" style=\"width:482px;height:auto\" srcset=\"http:\/\/biblioteka-gabin.pl\/wp-content\/uploads\/2026\/03\/Pyke9_Xn-768x1024.jpg 768w, http:\/\/biblioteka-gabin.pl\/wp-content\/uploads\/2026\/03\/Pyke9_Xn-225x300.jpg 225w, http:\/\/biblioteka-gabin.pl\/wp-content\/uploads\/2026\/03\/Pyke9_Xn-1152x1536.jpg 1152w, http:\/\/biblioteka-gabin.pl\/wp-content\/uploads\/2026\/03\/Pyke9_Xn-1024x1365.jpg 1024w, http:\/\/biblioteka-gabin.pl\/wp-content\/uploads\/2026\/03\/Pyke9_Xn.jpg 1536w\" sizes=\"auto, (max-width: 768px) 100vw, 768px\" \/><\/figure>\n<\/figure>\n\n\n\n<figure class=\"wp-block-image size-large is-resized\"><img loading=\"lazy\" decoding=\"async\" width=\"768\" height=\"1024\" src=\"https:\/\/biblioteka-gabin.pl\/wp-content\/uploads\/2026\/03\/DF37qMZI-768x1024.jpg\" alt=\"\" class=\"wp-image-10562\" style=\"width:415px;height:auto\" srcset=\"http:\/\/biblioteka-gabin.pl\/wp-content\/uploads\/2026\/03\/DF37qMZI-768x1024.jpg 768w, http:\/\/biblioteka-gabin.pl\/wp-content\/uploads\/2026\/03\/DF37qMZI-225x300.jpg 225w, http:\/\/biblioteka-gabin.pl\/wp-content\/uploads\/2026\/03\/DF37qMZI-1152x1536.jpg 1152w, http:\/\/biblioteka-gabin.pl\/wp-content\/uploads\/2026\/03\/DF37qMZI-1024x1365.jpg 1024w, http:\/\/biblioteka-gabin.pl\/wp-content\/uploads\/2026\/03\/DF37qMZI.jpg 1536w\" sizes=\"auto, (max-width: 768px) 100vw, 768px\" \/><\/figure>\n\n\n\n<figure class=\"wp-block-image size-large is-resized\"><img loading=\"lazy\" decoding=\"async\" width=\"771\" height=\"1024\" src=\"https:\/\/biblioteka-gabin.pl\/wp-content\/uploads\/2026\/03\/IMG_20260306_095834-771x1024.jpg\" alt=\"\" class=\"wp-image-10563\" style=\"aspect-ratio:0.7529379968337773;width:446px;height:auto\" srcset=\"http:\/\/biblioteka-gabin.pl\/wp-content\/uploads\/2026\/03\/IMG_20260306_095834-771x1024.jpg 771w, http:\/\/biblioteka-gabin.pl\/wp-content\/uploads\/2026\/03\/IMG_20260306_095834-226x300.jpg 226w, http:\/\/biblioteka-gabin.pl\/wp-content\/uploads\/2026\/03\/IMG_20260306_095834-768x1020.jpg 768w, http:\/\/biblioteka-gabin.pl\/wp-content\/uploads\/2026\/03\/IMG_20260306_095834-1157x1536.jpg 1157w, http:\/\/biblioteka-gabin.pl\/wp-content\/uploads\/2026\/03\/IMG_20260306_095834-1542x2048.jpg 1542w, http:\/\/biblioteka-gabin.pl\/wp-content\/uploads\/2026\/03\/IMG_20260306_095834-1024x1360.jpg 1024w, http:\/\/biblioteka-gabin.pl\/wp-content\/uploads\/2026\/03\/IMG_20260306_095834-scaled.jpg 1928w\" sizes=\"auto, (max-width: 771px) 100vw, 771px\" \/><\/figure>\n\n\n\n<figure class=\"wp-block-image size-large is-resized\"><img loading=\"lazy\" decoding=\"async\" width=\"1024\" height=\"988\" src=\"https:\/\/biblioteka-gabin.pl\/wp-content\/uploads\/2026\/03\/IMG_20260306_095821-2-1024x988.jpg\" alt=\"\" class=\"wp-image-10567\" style=\"aspect-ratio:1.0364387531679824;width:561px;height:auto\" srcset=\"http:\/\/biblioteka-gabin.pl\/wp-content\/uploads\/2026\/03\/IMG_20260306_095821-2-1024x988.jpg 1024w, http:\/\/biblioteka-gabin.pl\/wp-content\/uploads\/2026\/03\/IMG_20260306_095821-2-300x290.jpg 300w, http:\/\/biblioteka-gabin.pl\/wp-content\/uploads\/2026\/03\/IMG_20260306_095821-2-768x741.jpg 768w, http:\/\/biblioteka-gabin.pl\/wp-content\/uploads\/2026\/03\/IMG_20260306_095821-2-1536x1482.jpg 1536w, http:\/\/biblioteka-gabin.pl\/wp-content\/uploads\/2026\/03\/IMG_20260306_095821-2-2048x1977.jpg 2048w\" sizes=\"auto, (max-width: 1024px) 100vw, 1024px\" \/><\/figure>\n\n\n\n<p><\/p>\n","protected":false},"excerpt":{"rendered":"<p>,,Odkr\u0119\u0107my emocje!\u201d \u2013 na pocz\u0105tku spotkania w starszej grupie powiedzia\u0142a bibliotekarka i wyj\u0119\u0142a cztery ma\u0142e s\u0142oiczki.<\/p>\n","protected":false},"author":6,"featured_media":10560,"comment_status":"open","ping_status":"open","sticky":false,"template":"","format":"standard","meta":{"footnotes":""},"categories":[29,36],"tags":[],"class_list":["post-10559","post","type-post","status-publish","format-standard","has-post-thumbnail","hentry","category-filie","category-main"],"yoast_head":"<!-- This site is optimized with the Yoast SEO plugin v27.4 - https:\/\/yoast.com\/product\/yoast-seo-wordpress\/ -->\n<title>,,Odkr\u0119\u0107my emocje&quot;. Spotkanie z bajk\u0105 Nowym Grabiu - Miejsko-Gminna Biblioteka Publiczna w G\u0105binie<\/title>\n<meta name=\"robots\" content=\"index, follow, max-snippet:-1, max-image-preview:large, max-video-preview:-1\" \/>\n<link rel=\"canonical\" href=\"http:\/\/biblioteka-gabin.pl\/index.php\/2026\/03\/09\/odkrecmy-emocje-spotkanie-z-bajka-nowym-grabiu\/\" \/>\n<meta property=\"og:locale\" content=\"pl_PL\" \/>\n<meta property=\"og:type\" content=\"article\" \/>\n<meta property=\"og:title\" content=\",,Odkr\u0119\u0107my emocje&quot;. Spotkanie z bajk\u0105 Nowym Grabiu - Miejsko-Gminna Biblioteka Publiczna w G\u0105binie\" \/>\n<meta property=\"og:description\" content=\",,Odkr\u0119\u0107my emocje!\u201d \u2013 na pocz\u0105tku spotkania w starszej grupie powiedzia\u0142a bibliotekarka i wyj\u0119\u0142a cztery ma\u0142e s\u0142oiczki.\" \/>\n<meta property=\"og:url\" content=\"http:\/\/biblioteka-gabin.pl\/index.php\/2026\/03\/09\/odkrecmy-emocje-spotkanie-z-bajka-nowym-grabiu\/\" \/>\n<meta property=\"og:site_name\" content=\"Miejsko-Gminna Biblioteka Publiczna w G\u0105binie\" \/>\n<meta property=\"article:publisher\" content=\"https:\/\/www.facebook.com\/bibliotekagabin\" \/>\n<meta property=\"article:published_time\" content=\"2026-03-09T15:33:45+00:00\" \/>\n<meta property=\"article:modified_time\" content=\"2026-03-10T13:17:43+00:00\" \/>\n<meta property=\"og:image\" content=\"http:\/\/biblioteka-gabin.pl\/wp-content\/uploads\/2026\/03\/UGi9ypX3-e1773069914180.jpg\" \/>\n\t<meta property=\"og:image:width\" content=\"2007\" \/>\n\t<meta property=\"og:image:height\" content=\"1014\" \/>\n\t<meta property=\"og:image:type\" content=\"image\/jpeg\" \/>\n<meta name=\"author\" content=\"k.kedzia\" \/>\n<meta name=\"twitter:card\" content=\"summary_large_image\" \/>\n<meta name=\"twitter:label1\" content=\"Napisane przez\" \/>\n\t<meta name=\"twitter:data1\" content=\"k.kedzia\" \/>\n\t<meta name=\"twitter:label2\" content=\"Szacowany czas czytania\" \/>\n\t<meta name=\"twitter:data2\" content=\"2 minuty\" \/>\n<script type=\"application\/ld+json\" class=\"yoast-schema-graph\">{\"@context\":\"https:\\\/\\\/schema.org\",\"@graph\":[{\"@type\":\"Article\",\"@id\":\"http:\\\/\\\/biblioteka-gabin.pl\\\/index.php\\\/2026\\\/03\\\/09\\\/odkrecmy-emocje-spotkanie-z-bajka-nowym-grabiu\\\/#article\",\"isPartOf\":{\"@id\":\"http:\\\/\\\/biblioteka-gabin.pl\\\/index.php\\\/2026\\\/03\\\/09\\\/odkrecmy-emocje-spotkanie-z-bajka-nowym-grabiu\\\/\"},\"author\":{\"name\":\"k.kedzia\",\"@id\":\"https:\\\/\\\/biblioteka-gabin.pl\\\/#\\\/schema\\\/person\\\/2cbe9ec31ab40d3dde521364eef03724\"},\"headline\":\",,Odkr\u0119\u0107my emocje&#8221;. Spotkanie z bajk\u0105 Nowym Grabiu\",\"datePublished\":\"2026-03-09T15:33:45+00:00\",\"dateModified\":\"2026-03-10T13:17:43+00:00\",\"mainEntityOfPage\":{\"@id\":\"http:\\\/\\\/biblioteka-gabin.pl\\\/index.php\\\/2026\\\/03\\\/09\\\/odkrecmy-emocje-spotkanie-z-bajka-nowym-grabiu\\\/\"},\"wordCount\":231,\"commentCount\":0,\"publisher\":{\"@id\":\"https:\\\/\\\/biblioteka-gabin.pl\\\/#organization\"},\"image\":{\"@id\":\"http:\\\/\\\/biblioteka-gabin.pl\\\/index.php\\\/2026\\\/03\\\/09\\\/odkrecmy-emocje-spotkanie-z-bajka-nowym-grabiu\\\/#primaryimage\"},\"thumbnailUrl\":\"http:\\\/\\\/biblioteka-gabin.pl\\\/wp-content\\\/uploads\\\/2026\\\/03\\\/UGi9ypX3-e1773069914180.jpg\",\"articleSection\":[\"Filie\",\"Main\"],\"inLanguage\":\"pl-PL\",\"potentialAction\":[{\"@type\":\"CommentAction\",\"name\":\"Comment\",\"target\":[\"http:\\\/\\\/biblioteka-gabin.pl\\\/index.php\\\/2026\\\/03\\\/09\\\/odkrecmy-emocje-spotkanie-z-bajka-nowym-grabiu\\\/#respond\"]}]},{\"@type\":\"WebPage\",\"@id\":\"http:\\\/\\\/biblioteka-gabin.pl\\\/index.php\\\/2026\\\/03\\\/09\\\/odkrecmy-emocje-spotkanie-z-bajka-nowym-grabiu\\\/\",\"url\":\"http:\\\/\\\/biblioteka-gabin.pl\\\/index.php\\\/2026\\\/03\\\/09\\\/odkrecmy-emocje-spotkanie-z-bajka-nowym-grabiu\\\/\",\"name\":\",,Odkr\u0119\u0107my emocje\\\". Spotkanie z bajk\u0105 Nowym Grabiu - Miejsko-Gminna Biblioteka Publiczna w G\u0105binie\",\"isPartOf\":{\"@id\":\"https:\\\/\\\/biblioteka-gabin.pl\\\/#website\"},\"primaryImageOfPage\":{\"@id\":\"http:\\\/\\\/biblioteka-gabin.pl\\\/index.php\\\/2026\\\/03\\\/09\\\/odkrecmy-emocje-spotkanie-z-bajka-nowym-grabiu\\\/#primaryimage\"},\"image\":{\"@id\":\"http:\\\/\\\/biblioteka-gabin.pl\\\/index.php\\\/2026\\\/03\\\/09\\\/odkrecmy-emocje-spotkanie-z-bajka-nowym-grabiu\\\/#primaryimage\"},\"thumbnailUrl\":\"http:\\\/\\\/biblioteka-gabin.pl\\\/wp-content\\\/uploads\\\/2026\\\/03\\\/UGi9ypX3-e1773069914180.jpg\",\"datePublished\":\"2026-03-09T15:33:45+00:00\",\"dateModified\":\"2026-03-10T13:17:43+00:00\",\"breadcrumb\":{\"@id\":\"http:\\\/\\\/biblioteka-gabin.pl\\\/index.php\\\/2026\\\/03\\\/09\\\/odkrecmy-emocje-spotkanie-z-bajka-nowym-grabiu\\\/#breadcrumb\"},\"inLanguage\":\"pl-PL\",\"potentialAction\":[{\"@type\":\"ReadAction\",\"target\":[\"http:\\\/\\\/biblioteka-gabin.pl\\\/index.php\\\/2026\\\/03\\\/09\\\/odkrecmy-emocje-spotkanie-z-bajka-nowym-grabiu\\\/\"]}]},{\"@type\":\"ImageObject\",\"inLanguage\":\"pl-PL\",\"@id\":\"http:\\\/\\\/biblioteka-gabin.pl\\\/index.php\\\/2026\\\/03\\\/09\\\/odkrecmy-emocje-spotkanie-z-bajka-nowym-grabiu\\\/#primaryimage\",\"url\":\"http:\\\/\\\/biblioteka-gabin.pl\\\/wp-content\\\/uploads\\\/2026\\\/03\\\/UGi9ypX3-e1773069914180.jpg\",\"contentUrl\":\"http:\\\/\\\/biblioteka-gabin.pl\\\/wp-content\\\/uploads\\\/2026\\\/03\\\/UGi9ypX3-e1773069914180.jpg\",\"width\":2007,\"height\":1014},{\"@type\":\"BreadcrumbList\",\"@id\":\"http:\\\/\\\/biblioteka-gabin.pl\\\/index.php\\\/2026\\\/03\\\/09\\\/odkrecmy-emocje-spotkanie-z-bajka-nowym-grabiu\\\/#breadcrumb\",\"itemListElement\":[{\"@type\":\"ListItem\",\"position\":1,\"name\":\"Strona g\u0142\u00f3wna\",\"item\":\"https:\\\/\\\/biblioteka-gabin.pl\\\/\"},{\"@type\":\"ListItem\",\"position\":2,\"name\":\",,Odkr\u0119\u0107my emocje&#8221;. Spotkanie z bajk\u0105 Nowym Grabiu\"}]},{\"@type\":\"WebSite\",\"@id\":\"https:\\\/\\\/biblioteka-gabin.pl\\\/#website\",\"url\":\"https:\\\/\\\/biblioteka-gabin.pl\\\/\",\"name\":\"Miejsko-Gminna Biblioteka Publiczna w G\u0105binie\",\"description\":\"\",\"publisher\":{\"@id\":\"https:\\\/\\\/biblioteka-gabin.pl\\\/#organization\"},\"potentialAction\":[{\"@type\":\"SearchAction\",\"target\":{\"@type\":\"EntryPoint\",\"urlTemplate\":\"https:\\\/\\\/biblioteka-gabin.pl\\\/?s={search_term_string}\"},\"query-input\":{\"@type\":\"PropertyValueSpecification\",\"valueRequired\":true,\"valueName\":\"search_term_string\"}}],\"inLanguage\":\"pl-PL\"},{\"@type\":\"Organization\",\"@id\":\"https:\\\/\\\/biblioteka-gabin.pl\\\/#organization\",\"name\":\"Miejsko-Gminna Biblioteka Publiczna w G\u0105binie\",\"url\":\"https:\\\/\\\/biblioteka-gabin.pl\\\/\",\"logo\":{\"@type\":\"ImageObject\",\"inLanguage\":\"pl-PL\",\"@id\":\"https:\\\/\\\/biblioteka-gabin.pl\\\/#\\\/schema\\\/logo\\\/image\\\/\",\"url\":\"https:\\\/\\\/biblioteka-gabin.pl\\\/wp-content\\\/uploads\\\/2025\\\/03\\\/logo-biblioteka-2-1657013691-1.jpg\",\"contentUrl\":\"https:\\\/\\\/biblioteka-gabin.pl\\\/wp-content\\\/uploads\\\/2025\\\/03\\\/logo-biblioteka-2-1657013691-1.jpg\",\"width\":1600,\"height\":772,\"caption\":\"Miejsko-Gminna Biblioteka Publiczna w G\u0105binie\"},\"image\":{\"@id\":\"https:\\\/\\\/biblioteka-gabin.pl\\\/#\\\/schema\\\/logo\\\/image\\\/\"},\"sameAs\":[\"https:\\\/\\\/www.facebook.com\\\/bibliotekagabin\",\"https:\\\/\\\/www.youtube.com\\\/@mgbpgabin9392\"]},{\"@type\":\"Person\",\"@id\":\"https:\\\/\\\/biblioteka-gabin.pl\\\/#\\\/schema\\\/person\\\/2cbe9ec31ab40d3dde521364eef03724\",\"name\":\"k.kedzia\",\"image\":{\"@type\":\"ImageObject\",\"inLanguage\":\"pl-PL\",\"@id\":\"https:\\\/\\\/secure.gravatar.com\\\/avatar\\\/a33219e29a43e193a2e044bd0ca8c26c9358ca5f2dc72ecdeb69dc112abbba73?s=96&d=mm&r=g\",\"url\":\"https:\\\/\\\/secure.gravatar.com\\\/avatar\\\/a33219e29a43e193a2e044bd0ca8c26c9358ca5f2dc72ecdeb69dc112abbba73?s=96&d=mm&r=g\",\"contentUrl\":\"https:\\\/\\\/secure.gravatar.com\\\/avatar\\\/a33219e29a43e193a2e044bd0ca8c26c9358ca5f2dc72ecdeb69dc112abbba73?s=96&d=mm&r=g\",\"caption\":\"k.kedzia\"},\"sameAs\":[\"http:\\\/\\\/www.biblioteka-gabin.pl\"],\"url\":\"http:\\\/\\\/biblioteka-gabin.pl\\\/index.php\\\/author\\\/k-kedzia\\\/\"}]}<\/script>\n<!-- \/ Yoast SEO plugin. -->","yoast_head_json":{"title":",,Odkr\u0119\u0107my emocje\". Spotkanie z bajk\u0105 Nowym Grabiu - Miejsko-Gminna Biblioteka Publiczna w G\u0105binie","robots":{"index":"index","follow":"follow","max-snippet":"max-snippet:-1","max-image-preview":"max-image-preview:large","max-video-preview":"max-video-preview:-1"},"canonical":"http:\/\/biblioteka-gabin.pl\/index.php\/2026\/03\/09\/odkrecmy-emocje-spotkanie-z-bajka-nowym-grabiu\/","og_locale":"pl_PL","og_type":"article","og_title":",,Odkr\u0119\u0107my emocje\". Spotkanie z bajk\u0105 Nowym Grabiu - Miejsko-Gminna Biblioteka Publiczna w G\u0105binie","og_description":",,Odkr\u0119\u0107my emocje!\u201d \u2013 na pocz\u0105tku spotkania w starszej grupie powiedzia\u0142a bibliotekarka i wyj\u0119\u0142a cztery ma\u0142e s\u0142oiczki.","og_url":"http:\/\/biblioteka-gabin.pl\/index.php\/2026\/03\/09\/odkrecmy-emocje-spotkanie-z-bajka-nowym-grabiu\/","og_site_name":"Miejsko-Gminna Biblioteka Publiczna w G\u0105binie","article_publisher":"https:\/\/www.facebook.com\/bibliotekagabin","article_published_time":"2026-03-09T15:33:45+00:00","article_modified_time":"2026-03-10T13:17:43+00:00","og_image":[{"width":2007,"height":1014,"url":"http:\/\/biblioteka-gabin.pl\/wp-content\/uploads\/2026\/03\/UGi9ypX3-e1773069914180.jpg","type":"image\/jpeg"}],"author":"k.kedzia","twitter_card":"summary_large_image","twitter_misc":{"Napisane przez":"k.kedzia","Szacowany czas czytania":"2 minuty"},"schema":{"@context":"https:\/\/schema.org","@graph":[{"@type":"Article","@id":"http:\/\/biblioteka-gabin.pl\/index.php\/2026\/03\/09\/odkrecmy-emocje-spotkanie-z-bajka-nowym-grabiu\/#article","isPartOf":{"@id":"http:\/\/biblioteka-gabin.pl\/index.php\/2026\/03\/09\/odkrecmy-emocje-spotkanie-z-bajka-nowym-grabiu\/"},"author":{"name":"k.kedzia","@id":"https:\/\/biblioteka-gabin.pl\/#\/schema\/person\/2cbe9ec31ab40d3dde521364eef03724"},"headline":",,Odkr\u0119\u0107my emocje&#8221;. Spotkanie z bajk\u0105 Nowym Grabiu","datePublished":"2026-03-09T15:33:45+00:00","dateModified":"2026-03-10T13:17:43+00:00","mainEntityOfPage":{"@id":"http:\/\/biblioteka-gabin.pl\/index.php\/2026\/03\/09\/odkrecmy-emocje-spotkanie-z-bajka-nowym-grabiu\/"},"wordCount":231,"commentCount":0,"publisher":{"@id":"https:\/\/biblioteka-gabin.pl\/#organization"},"image":{"@id":"http:\/\/biblioteka-gabin.pl\/index.php\/2026\/03\/09\/odkrecmy-emocje-spotkanie-z-bajka-nowym-grabiu\/#primaryimage"},"thumbnailUrl":"http:\/\/biblioteka-gabin.pl\/wp-content\/uploads\/2026\/03\/UGi9ypX3-e1773069914180.jpg","articleSection":["Filie","Main"],"inLanguage":"pl-PL","potentialAction":[{"@type":"CommentAction","name":"Comment","target":["http:\/\/biblioteka-gabin.pl\/index.php\/2026\/03\/09\/odkrecmy-emocje-spotkanie-z-bajka-nowym-grabiu\/#respond"]}]},{"@type":"WebPage","@id":"http:\/\/biblioteka-gabin.pl\/index.php\/2026\/03\/09\/odkrecmy-emocje-spotkanie-z-bajka-nowym-grabiu\/","url":"http:\/\/biblioteka-gabin.pl\/index.php\/2026\/03\/09\/odkrecmy-emocje-spotkanie-z-bajka-nowym-grabiu\/","name":",,Odkr\u0119\u0107my emocje\". Spotkanie z bajk\u0105 Nowym Grabiu - Miejsko-Gminna Biblioteka Publiczna w G\u0105binie","isPartOf":{"@id":"https:\/\/biblioteka-gabin.pl\/#website"},"primaryImageOfPage":{"@id":"http:\/\/biblioteka-gabin.pl\/index.php\/2026\/03\/09\/odkrecmy-emocje-spotkanie-z-bajka-nowym-grabiu\/#primaryimage"},"image":{"@id":"http:\/\/biblioteka-gabin.pl\/index.php\/2026\/03\/09\/odkrecmy-emocje-spotkanie-z-bajka-nowym-grabiu\/#primaryimage"},"thumbnailUrl":"http:\/\/biblioteka-gabin.pl\/wp-content\/uploads\/2026\/03\/UGi9ypX3-e1773069914180.jpg","datePublished":"2026-03-09T15:33:45+00:00","dateModified":"2026-03-10T13:17:43+00:00","breadcrumb":{"@id":"http:\/\/biblioteka-gabin.pl\/index.php\/2026\/03\/09\/odkrecmy-emocje-spotkanie-z-bajka-nowym-grabiu\/#breadcrumb"},"inLanguage":"pl-PL","potentialAction":[{"@type":"ReadAction","target":["http:\/\/biblioteka-gabin.pl\/index.php\/2026\/03\/09\/odkrecmy-emocje-spotkanie-z-bajka-nowym-grabiu\/"]}]},{"@type":"ImageObject","inLanguage":"pl-PL","@id":"http:\/\/biblioteka-gabin.pl\/index.php\/2026\/03\/09\/odkrecmy-emocje-spotkanie-z-bajka-nowym-grabiu\/#primaryimage","url":"http:\/\/biblioteka-gabin.pl\/wp-content\/uploads\/2026\/03\/UGi9ypX3-e1773069914180.jpg","contentUrl":"http:\/\/biblioteka-gabin.pl\/wp-content\/uploads\/2026\/03\/UGi9ypX3-e1773069914180.jpg","width":2007,"height":1014},{"@type":"BreadcrumbList","@id":"http:\/\/biblioteka-gabin.pl\/index.php\/2026\/03\/09\/odkrecmy-emocje-spotkanie-z-bajka-nowym-grabiu\/#breadcrumb","itemListElement":[{"@type":"ListItem","position":1,"name":"Strona g\u0142\u00f3wna","item":"https:\/\/biblioteka-gabin.pl\/"},{"@type":"ListItem","position":2,"name":",,Odkr\u0119\u0107my emocje&#8221;. Spotkanie z bajk\u0105 Nowym Grabiu"}]},{"@type":"WebSite","@id":"https:\/\/biblioteka-gabin.pl\/#website","url":"https:\/\/biblioteka-gabin.pl\/","name":"Miejsko-Gminna Biblioteka Publiczna w G\u0105binie","description":"","publisher":{"@id":"https:\/\/biblioteka-gabin.pl\/#organization"},"potentialAction":[{"@type":"SearchAction","target":{"@type":"EntryPoint","urlTemplate":"https:\/\/biblioteka-gabin.pl\/?s={search_term_string}"},"query-input":{"@type":"PropertyValueSpecification","valueRequired":true,"valueName":"search_term_string"}}],"inLanguage":"pl-PL"},{"@type":"Organization","@id":"https:\/\/biblioteka-gabin.pl\/#organization","name":"Miejsko-Gminna Biblioteka Publiczna w G\u0105binie","url":"https:\/\/biblioteka-gabin.pl\/","logo":{"@type":"ImageObject","inLanguage":"pl-PL","@id":"https:\/\/biblioteka-gabin.pl\/#\/schema\/logo\/image\/","url":"https:\/\/biblioteka-gabin.pl\/wp-content\/uploads\/2025\/03\/logo-biblioteka-2-1657013691-1.jpg","contentUrl":"https:\/\/biblioteka-gabin.pl\/wp-content\/uploads\/2025\/03\/logo-biblioteka-2-1657013691-1.jpg","width":1600,"height":772,"caption":"Miejsko-Gminna Biblioteka Publiczna w G\u0105binie"},"image":{"@id":"https:\/\/biblioteka-gabin.pl\/#\/schema\/logo\/image\/"},"sameAs":["https:\/\/www.facebook.com\/bibliotekagabin","https:\/\/www.youtube.com\/@mgbpgabin9392"]},{"@type":"Person","@id":"https:\/\/biblioteka-gabin.pl\/#\/schema\/person\/2cbe9ec31ab40d3dde521364eef03724","name":"k.kedzia","image":{"@type":"ImageObject","inLanguage":"pl-PL","@id":"https:\/\/secure.gravatar.com\/avatar\/a33219e29a43e193a2e044bd0ca8c26c9358ca5f2dc72ecdeb69dc112abbba73?s=96&d=mm&r=g","url":"https:\/\/secure.gravatar.com\/avatar\/a33219e29a43e193a2e044bd0ca8c26c9358ca5f2dc72ecdeb69dc112abbba73?s=96&d=mm&r=g","contentUrl":"https:\/\/secure.gravatar.com\/avatar\/a33219e29a43e193a2e044bd0ca8c26c9358ca5f2dc72ecdeb69dc112abbba73?s=96&d=mm&r=g","caption":"k.kedzia"},"sameAs":["http:\/\/www.biblioteka-gabin.pl"],"url":"http:\/\/biblioteka-gabin.pl\/index.php\/author\/k-kedzia\/"}]}},"_links":{"self":[{"href":"http:\/\/biblioteka-gabin.pl\/index.php\/wp-json\/wp\/v2\/posts\/10559","targetHints":{"allow":["GET"]}}],"collection":[{"href":"http:\/\/biblioteka-gabin.pl\/index.php\/wp-json\/wp\/v2\/posts"}],"about":[{"href":"http:\/\/biblioteka-gabin.pl\/index.php\/wp-json\/wp\/v2\/types\/post"}],"author":[{"embeddable":true,"href":"http:\/\/biblioteka-gabin.pl\/index.php\/wp-json\/wp\/v2\/users\/6"}],"replies":[{"embeddable":true,"href":"http:\/\/biblioteka-gabin.pl\/index.php\/wp-json\/wp\/v2\/comments?post=10559"}],"version-history":[{"count":2,"href":"http:\/\/biblioteka-gabin.pl\/index.php\/wp-json\/wp\/v2\/posts\/10559\/revisions"}],"predecessor-version":[{"id":10568,"href":"http:\/\/biblioteka-gabin.pl\/index.php\/wp-json\/wp\/v2\/posts\/10559\/revisions\/10568"}],"wp:featuredmedia":[{"embeddable":true,"href":"http:\/\/biblioteka-gabin.pl\/index.php\/wp-json\/wp\/v2\/media\/10560"}],"wp:attachment":[{"href":"http:\/\/biblioteka-gabin.pl\/index.php\/wp-json\/wp\/v2\/media?parent=10559"}],"wp:term":[{"taxonomy":"category","embeddable":true,"href":"http:\/\/biblioteka-gabin.pl\/index.php\/wp-json\/wp\/v2\/categories?post=10559"},{"taxonomy":"post_tag","embeddable":true,"href":"http:\/\/biblioteka-gabin.pl\/index.php\/wp-json\/wp\/v2\/tags?post=10559"}],"curies":[{"name":"wp","href":"https:\/\/api.w.org\/{rel}","templated":true}]}}