{"id":10569,"date":"2026-03-10T11:03:07","date_gmt":"2026-03-10T11:03:07","guid":{"rendered":"https:\/\/biblioteka-gabin.pl\/?p=10569"},"modified":"2026-03-10T13:18:52","modified_gmt":"2026-03-10T13:18:52","slug":"dzien-mezczyzny-w-bibliotece","status":"publish","type":"post","link":"http:\/\/biblioteka-gabin.pl\/index.php\/2026\/03\/10\/dzien-mezczyzny-w-bibliotece\/","title":{"rendered":"Dzie\u0144 M\u0119\u017cczyzny w bibliotece"},"content":{"rendered":"\n<p>Dzisiaj z okazji Dnia M\u0119\u017cczyzny \u017cyczymy Wszystkim Panom wszystkiego co najlepsze! Oby Wasze zaanga\u017cowanie i wytrwa\u0142o\u015b\u0107 w wykonywaniu zada\u0144 by\u0142y doceniane!<\/p>\n\n\n\n<p>Oczywi\u015bcie zapraszamy te\u017c po ksi\u0105\u017cki dla m\u0119\u017cczyzn do Filii w Dobrzykowie przy Obro\u0144c\u00f3w Dobrzykowa 65.<\/p>\n\n\n\n<p>Dzie\u0144 M\u0119\u017cczyzny to \u015bwi\u0119to wyra\u017caj\u0105ce uznanie dla osi\u0105gni\u0119\u0107 m\u0119\u017cczyzn z ca\u0142ego \u015bwiata oraz na przestrzeni dziej\u00f3w. Stanowi czas rozwa\u017ca\u0144 nad ich udzia\u0142em oraz zaanga\u017cowaniem we wsp\u00f3\u0142tworzeniu post\u0119p\u00f3w edukacyjnych, ekonomicznych i technologicznych w spo\u0142ecze\u0144stwie. <\/p>\n\n\n\n<figure class=\"wp-block-image size-large\"><img loading=\"lazy\" decoding=\"async\" width=\"1024\" height=\"768\" src=\"https:\/\/biblioteka-gabin.pl\/wp-content\/uploads\/2026\/03\/a02b39ae-6ce2-4f58-a931-e14bb58fb7e6-1024x768.jpg\" alt=\"\" class=\"wp-image-10571\" srcset=\"http:\/\/biblioteka-gabin.pl\/wp-content\/uploads\/2026\/03\/a02b39ae-6ce2-4f58-a931-e14bb58fb7e6-1024x768.jpg 1024w, http:\/\/biblioteka-gabin.pl\/wp-content\/uploads\/2026\/03\/a02b39ae-6ce2-4f58-a931-e14bb58fb7e6-300x225.jpg 300w, http:\/\/biblioteka-gabin.pl\/wp-content\/uploads\/2026\/03\/a02b39ae-6ce2-4f58-a931-e14bb58fb7e6-768x576.jpg 768w, http:\/\/biblioteka-gabin.pl\/wp-content\/uploads\/2026\/03\/a02b39ae-6ce2-4f58-a931-e14bb58fb7e6-1536x1152.jpg 1536w, http:\/\/biblioteka-gabin.pl\/wp-content\/uploads\/2026\/03\/a02b39ae-6ce2-4f58-a931-e14bb58fb7e6.jpg 2048w\" sizes=\"auto, (max-width: 1024px) 100vw, 1024px\" \/><\/figure>\n\n\n\n<figure class=\"wp-block-image size-large\"><img loading=\"lazy\" decoding=\"async\" width=\"1024\" height=\"768\" src=\"https:\/\/biblioteka-gabin.pl\/wp-content\/uploads\/2026\/03\/81bc4716-62cb-4c65-94bb-db1677ed461b-1024x768.jpg\" alt=\"\" class=\"wp-image-10572\" srcset=\"http:\/\/biblioteka-gabin.pl\/wp-content\/uploads\/2026\/03\/81bc4716-62cb-4c65-94bb-db1677ed461b-1024x768.jpg 1024w, http:\/\/biblioteka-gabin.pl\/wp-content\/uploads\/2026\/03\/81bc4716-62cb-4c65-94bb-db1677ed461b-300x225.jpg 300w, http:\/\/biblioteka-gabin.pl\/wp-content\/uploads\/2026\/03\/81bc4716-62cb-4c65-94bb-db1677ed461b-768x576.jpg 768w, http:\/\/biblioteka-gabin.pl\/wp-content\/uploads\/2026\/03\/81bc4716-62cb-4c65-94bb-db1677ed461b-1536x1152.jpg 1536w, http:\/\/biblioteka-gabin.pl\/wp-content\/uploads\/2026\/03\/81bc4716-62cb-4c65-94bb-db1677ed461b.jpg 2048w\" sizes=\"auto, (max-width: 1024px) 100vw, 1024px\" \/><\/figure>\n\n\n\n<p><\/p>\n\n\n\n<p>\u0179r\u00f3d\u0142o:kalendarzswiat.pl, opr. K. K\u0119dzia<\/p>\n\n\n\n<p><\/p>\n","protected":false},"excerpt":{"rendered":"<p>Dzisiaj z okazji Dnia M\u0119\u017cczyzny \u017cyczymy Wszystkim Panom wszystkiego co<\/p>\n","protected":false},"author":6,"featured_media":10570,"comment_status":"open","ping_status":"open","sticky":false,"template":"","format":"standard","meta":{"footnotes":""},"categories":[29,36],"tags":[],"class_list":["post-10569","post","type-post","status-publish","format-standard","has-post-thumbnail","hentry","category-filie","category-main"],"yoast_head":"<!-- This site is optimized with the Yoast SEO plugin v27.4 - https:\/\/yoast.com\/product\/yoast-seo-wordpress\/ -->\n<title>Dzie\u0144 M\u0119\u017cczyzny w bibliotece - Miejsko-Gminna Biblioteka Publiczna w G\u0105binie<\/title>\n<meta name=\"robots\" content=\"index, follow, max-snippet:-1, max-image-preview:large, max-video-preview:-1\" \/>\n<link rel=\"canonical\" href=\"http:\/\/biblioteka-gabin.pl\/index.php\/2026\/03\/10\/dzien-mezczyzny-w-bibliotece\/\" \/>\n<meta property=\"og:locale\" content=\"pl_PL\" \/>\n<meta property=\"og:type\" content=\"article\" \/>\n<meta property=\"og:title\" content=\"Dzie\u0144 M\u0119\u017cczyzny w bibliotece - Miejsko-Gminna Biblioteka Publiczna w G\u0105binie\" \/>\n<meta property=\"og:description\" content=\"Dzisiaj z okazji Dnia M\u0119\u017cczyzny \u017cyczymy Wszystkim Panom wszystkiego co\" \/>\n<meta property=\"og:url\" content=\"http:\/\/biblioteka-gabin.pl\/index.php\/2026\/03\/10\/dzien-mezczyzny-w-bibliotece\/\" \/>\n<meta property=\"og:site_name\" content=\"Miejsko-Gminna Biblioteka Publiczna w G\u0105binie\" \/>\n<meta property=\"article:publisher\" content=\"https:\/\/www.facebook.com\/bibliotekagabin\" \/>\n<meta property=\"article:published_time\" content=\"2026-03-10T11:03:07+00:00\" \/>\n<meta property=\"article:modified_time\" content=\"2026-03-10T13:18:52+00:00\" \/>\n<meta property=\"og:image\" content=\"http:\/\/biblioteka-gabin.pl\/wp-content\/uploads\/2026\/03\/Projekt-bez-nazwy.jpg\" \/>\n\t<meta property=\"og:image:width\" content=\"2245\" \/>\n\t<meta property=\"og:image:height\" content=\"1587\" \/>\n\t<meta property=\"og:image:type\" content=\"image\/jpeg\" \/>\n<meta name=\"author\" content=\"k.kedzia\" \/>\n<meta name=\"twitter:card\" content=\"summary_large_image\" \/>\n<meta name=\"twitter:label1\" content=\"Napisane przez\" \/>\n\t<meta name=\"twitter:data1\" content=\"k.kedzia\" \/>\n\t<meta name=\"twitter:label2\" content=\"Szacowany czas czytania\" \/>\n\t<meta name=\"twitter:data2\" content=\"1 minuta\" \/>\n<script type=\"application\/ld+json\" class=\"yoast-schema-graph\">{\"@context\":\"https:\\\/\\\/schema.org\",\"@graph\":[{\"@type\":\"Article\",\"@id\":\"http:\\\/\\\/biblioteka-gabin.pl\\\/index.php\\\/2026\\\/03\\\/10\\\/dzien-mezczyzny-w-bibliotece\\\/#article\",\"isPartOf\":{\"@id\":\"http:\\\/\\\/biblioteka-gabin.pl\\\/index.php\\\/2026\\\/03\\\/10\\\/dzien-mezczyzny-w-bibliotece\\\/\"},\"author\":{\"name\":\"k.kedzia\",\"@id\":\"https:\\\/\\\/biblioteka-gabin.pl\\\/#\\\/schema\\\/person\\\/2cbe9ec31ab40d3dde521364eef03724\"},\"headline\":\"Dzie\u0144 M\u0119\u017cczyzny w bibliotece\",\"datePublished\":\"2026-03-10T11:03:07+00:00\",\"dateModified\":\"2026-03-10T13:18:52+00:00\",\"mainEntityOfPage\":{\"@id\":\"http:\\\/\\\/biblioteka-gabin.pl\\\/index.php\\\/2026\\\/03\\\/10\\\/dzien-mezczyzny-w-bibliotece\\\/\"},\"wordCount\":107,\"commentCount\":0,\"publisher\":{\"@id\":\"https:\\\/\\\/biblioteka-gabin.pl\\\/#organization\"},\"image\":{\"@id\":\"http:\\\/\\\/biblioteka-gabin.pl\\\/index.php\\\/2026\\\/03\\\/10\\\/dzien-mezczyzny-w-bibliotece\\\/#primaryimage\"},\"thumbnailUrl\":\"http:\\\/\\\/biblioteka-gabin.pl\\\/wp-content\\\/uploads\\\/2026\\\/03\\\/Projekt-bez-nazwy.jpg\",\"articleSection\":[\"Filie\",\"Main\"],\"inLanguage\":\"pl-PL\",\"potentialAction\":[{\"@type\":\"CommentAction\",\"name\":\"Comment\",\"target\":[\"http:\\\/\\\/biblioteka-gabin.pl\\\/index.php\\\/2026\\\/03\\\/10\\\/dzien-mezczyzny-w-bibliotece\\\/#respond\"]}]},{\"@type\":\"WebPage\",\"@id\":\"http:\\\/\\\/biblioteka-gabin.pl\\\/index.php\\\/2026\\\/03\\\/10\\\/dzien-mezczyzny-w-bibliotece\\\/\",\"url\":\"http:\\\/\\\/biblioteka-gabin.pl\\\/index.php\\\/2026\\\/03\\\/10\\\/dzien-mezczyzny-w-bibliotece\\\/\",\"name\":\"Dzie\u0144 M\u0119\u017cczyzny w bibliotece - Miejsko-Gminna Biblioteka Publiczna w G\u0105binie\",\"isPartOf\":{\"@id\":\"https:\\\/\\\/biblioteka-gabin.pl\\\/#website\"},\"primaryImageOfPage\":{\"@id\":\"http:\\\/\\\/biblioteka-gabin.pl\\\/index.php\\\/2026\\\/03\\\/10\\\/dzien-mezczyzny-w-bibliotece\\\/#primaryimage\"},\"image\":{\"@id\":\"http:\\\/\\\/biblioteka-gabin.pl\\\/index.php\\\/2026\\\/03\\\/10\\\/dzien-mezczyzny-w-bibliotece\\\/#primaryimage\"},\"thumbnailUrl\":\"http:\\\/\\\/biblioteka-gabin.pl\\\/wp-content\\\/uploads\\\/2026\\\/03\\\/Projekt-bez-nazwy.jpg\",\"datePublished\":\"2026-03-10T11:03:07+00:00\",\"dateModified\":\"2026-03-10T13:18:52+00:00\",\"breadcrumb\":{\"@id\":\"http:\\\/\\\/biblioteka-gabin.pl\\\/index.php\\\/2026\\\/03\\\/10\\\/dzien-mezczyzny-w-bibliotece\\\/#breadcrumb\"},\"inLanguage\":\"pl-PL\",\"potentialAction\":[{\"@type\":\"ReadAction\",\"target\":[\"http:\\\/\\\/biblioteka-gabin.pl\\\/index.php\\\/2026\\\/03\\\/10\\\/dzien-mezczyzny-w-bibliotece\\\/\"]}]},{\"@type\":\"ImageObject\",\"inLanguage\":\"pl-PL\",\"@id\":\"http:\\\/\\\/biblioteka-gabin.pl\\\/index.php\\\/2026\\\/03\\\/10\\\/dzien-mezczyzny-w-bibliotece\\\/#primaryimage\",\"url\":\"http:\\\/\\\/biblioteka-gabin.pl\\\/wp-content\\\/uploads\\\/2026\\\/03\\\/Projekt-bez-nazwy.jpg\",\"contentUrl\":\"http:\\\/\\\/biblioteka-gabin.pl\\\/wp-content\\\/uploads\\\/2026\\\/03\\\/Projekt-bez-nazwy.jpg\",\"width\":2245,\"height\":1587},{\"@type\":\"BreadcrumbList\",\"@id\":\"http:\\\/\\\/biblioteka-gabin.pl\\\/index.php\\\/2026\\\/03\\\/10\\\/dzien-mezczyzny-w-bibliotece\\\/#breadcrumb\",\"itemListElement\":[{\"@type\":\"ListItem\",\"position\":1,\"name\":\"Strona g\u0142\u00f3wna\",\"item\":\"https:\\\/\\\/biblioteka-gabin.pl\\\/\"},{\"@type\":\"ListItem\",\"position\":2,\"name\":\"Dzie\u0144 M\u0119\u017cczyzny w bibliotece\"}]},{\"@type\":\"WebSite\",\"@id\":\"https:\\\/\\\/biblioteka-gabin.pl\\\/#website\",\"url\":\"https:\\\/\\\/biblioteka-gabin.pl\\\/\",\"name\":\"Miejsko-Gminna Biblioteka Publiczna w G\u0105binie\",\"description\":\"\",\"publisher\":{\"@id\":\"https:\\\/\\\/biblioteka-gabin.pl\\\/#organization\"},\"potentialAction\":[{\"@type\":\"SearchAction\",\"target\":{\"@type\":\"EntryPoint\",\"urlTemplate\":\"https:\\\/\\\/biblioteka-gabin.pl\\\/?s={search_term_string}\"},\"query-input\":{\"@type\":\"PropertyValueSpecification\",\"valueRequired\":true,\"valueName\":\"search_term_string\"}}],\"inLanguage\":\"pl-PL\"},{\"@type\":\"Organization\",\"@id\":\"https:\\\/\\\/biblioteka-gabin.pl\\\/#organization\",\"name\":\"Miejsko-Gminna Biblioteka Publiczna w G\u0105binie\",\"url\":\"https:\\\/\\\/biblioteka-gabin.pl\\\/\",\"logo\":{\"@type\":\"ImageObject\",\"inLanguage\":\"pl-PL\",\"@id\":\"https:\\\/\\\/biblioteka-gabin.pl\\\/#\\\/schema\\\/logo\\\/image\\\/\",\"url\":\"https:\\\/\\\/biblioteka-gabin.pl\\\/wp-content\\\/uploads\\\/2025\\\/03\\\/logo-biblioteka-2-1657013691-1.jpg\",\"contentUrl\":\"https:\\\/\\\/biblioteka-gabin.pl\\\/wp-content\\\/uploads\\\/2025\\\/03\\\/logo-biblioteka-2-1657013691-1.jpg\",\"width\":1600,\"height\":772,\"caption\":\"Miejsko-Gminna Biblioteka Publiczna w G\u0105binie\"},\"image\":{\"@id\":\"https:\\\/\\\/biblioteka-gabin.pl\\\/#\\\/schema\\\/logo\\\/image\\\/\"},\"sameAs\":[\"https:\\\/\\\/www.facebook.com\\\/bibliotekagabin\",\"https:\\\/\\\/www.youtube.com\\\/@mgbpgabin9392\"]},{\"@type\":\"Person\",\"@id\":\"https:\\\/\\\/biblioteka-gabin.pl\\\/#\\\/schema\\\/person\\\/2cbe9ec31ab40d3dde521364eef03724\",\"name\":\"k.kedzia\",\"image\":{\"@type\":\"ImageObject\",\"inLanguage\":\"pl-PL\",\"@id\":\"https:\\\/\\\/secure.gravatar.com\\\/avatar\\\/a33219e29a43e193a2e044bd0ca8c26c9358ca5f2dc72ecdeb69dc112abbba73?s=96&d=mm&r=g\",\"url\":\"https:\\\/\\\/secure.gravatar.com\\\/avatar\\\/a33219e29a43e193a2e044bd0ca8c26c9358ca5f2dc72ecdeb69dc112abbba73?s=96&d=mm&r=g\",\"contentUrl\":\"https:\\\/\\\/secure.gravatar.com\\\/avatar\\\/a33219e29a43e193a2e044bd0ca8c26c9358ca5f2dc72ecdeb69dc112abbba73?s=96&d=mm&r=g\",\"caption\":\"k.kedzia\"},\"sameAs\":[\"http:\\\/\\\/www.biblioteka-gabin.pl\"],\"url\":\"http:\\\/\\\/biblioteka-gabin.pl\\\/index.php\\\/author\\\/k-kedzia\\\/\"}]}<\/script>\n<!-- \/ Yoast SEO plugin. -->","yoast_head_json":{"title":"Dzie\u0144 M\u0119\u017cczyzny w bibliotece - Miejsko-Gminna Biblioteka Publiczna w G\u0105binie","robots":{"index":"index","follow":"follow","max-snippet":"max-snippet:-1","max-image-preview":"max-image-preview:large","max-video-preview":"max-video-preview:-1"},"canonical":"http:\/\/biblioteka-gabin.pl\/index.php\/2026\/03\/10\/dzien-mezczyzny-w-bibliotece\/","og_locale":"pl_PL","og_type":"article","og_title":"Dzie\u0144 M\u0119\u017cczyzny w bibliotece - Miejsko-Gminna Biblioteka Publiczna w G\u0105binie","og_description":"Dzisiaj z okazji Dnia M\u0119\u017cczyzny \u017cyczymy Wszystkim Panom wszystkiego co","og_url":"http:\/\/biblioteka-gabin.pl\/index.php\/2026\/03\/10\/dzien-mezczyzny-w-bibliotece\/","og_site_name":"Miejsko-Gminna Biblioteka Publiczna w G\u0105binie","article_publisher":"https:\/\/www.facebook.com\/bibliotekagabin","article_published_time":"2026-03-10T11:03:07+00:00","article_modified_time":"2026-03-10T13:18:52+00:00","og_image":[{"width":2245,"height":1587,"url":"http:\/\/biblioteka-gabin.pl\/wp-content\/uploads\/2026\/03\/Projekt-bez-nazwy.jpg","type":"image\/jpeg"}],"author":"k.kedzia","twitter_card":"summary_large_image","twitter_misc":{"Napisane przez":"k.kedzia","Szacowany czas czytania":"1 minuta"},"schema":{"@context":"https:\/\/schema.org","@graph":[{"@type":"Article","@id":"http:\/\/biblioteka-gabin.pl\/index.php\/2026\/03\/10\/dzien-mezczyzny-w-bibliotece\/#article","isPartOf":{"@id":"http:\/\/biblioteka-gabin.pl\/index.php\/2026\/03\/10\/dzien-mezczyzny-w-bibliotece\/"},"author":{"name":"k.kedzia","@id":"https:\/\/biblioteka-gabin.pl\/#\/schema\/person\/2cbe9ec31ab40d3dde521364eef03724"},"headline":"Dzie\u0144 M\u0119\u017cczyzny w bibliotece","datePublished":"2026-03-10T11:03:07+00:00","dateModified":"2026-03-10T13:18:52+00:00","mainEntityOfPage":{"@id":"http:\/\/biblioteka-gabin.pl\/index.php\/2026\/03\/10\/dzien-mezczyzny-w-bibliotece\/"},"wordCount":107,"commentCount":0,"publisher":{"@id":"https:\/\/biblioteka-gabin.pl\/#organization"},"image":{"@id":"http:\/\/biblioteka-gabin.pl\/index.php\/2026\/03\/10\/dzien-mezczyzny-w-bibliotece\/#primaryimage"},"thumbnailUrl":"http:\/\/biblioteka-gabin.pl\/wp-content\/uploads\/2026\/03\/Projekt-bez-nazwy.jpg","articleSection":["Filie","Main"],"inLanguage":"pl-PL","potentialAction":[{"@type":"CommentAction","name":"Comment","target":["http:\/\/biblioteka-gabin.pl\/index.php\/2026\/03\/10\/dzien-mezczyzny-w-bibliotece\/#respond"]}]},{"@type":"WebPage","@id":"http:\/\/biblioteka-gabin.pl\/index.php\/2026\/03\/10\/dzien-mezczyzny-w-bibliotece\/","url":"http:\/\/biblioteka-gabin.pl\/index.php\/2026\/03\/10\/dzien-mezczyzny-w-bibliotece\/","name":"Dzie\u0144 M\u0119\u017cczyzny w bibliotece - Miejsko-Gminna Biblioteka Publiczna w G\u0105binie","isPartOf":{"@id":"https:\/\/biblioteka-gabin.pl\/#website"},"primaryImageOfPage":{"@id":"http:\/\/biblioteka-gabin.pl\/index.php\/2026\/03\/10\/dzien-mezczyzny-w-bibliotece\/#primaryimage"},"image":{"@id":"http:\/\/biblioteka-gabin.pl\/index.php\/2026\/03\/10\/dzien-mezczyzny-w-bibliotece\/#primaryimage"},"thumbnailUrl":"http:\/\/biblioteka-gabin.pl\/wp-content\/uploads\/2026\/03\/Projekt-bez-nazwy.jpg","datePublished":"2026-03-10T11:03:07+00:00","dateModified":"2026-03-10T13:18:52+00:00","breadcrumb":{"@id":"http:\/\/biblioteka-gabin.pl\/index.php\/2026\/03\/10\/dzien-mezczyzny-w-bibliotece\/#breadcrumb"},"inLanguage":"pl-PL","potentialAction":[{"@type":"ReadAction","target":["http:\/\/biblioteka-gabin.pl\/index.php\/2026\/03\/10\/dzien-mezczyzny-w-bibliotece\/"]}]},{"@type":"ImageObject","inLanguage":"pl-PL","@id":"http:\/\/biblioteka-gabin.pl\/index.php\/2026\/03\/10\/dzien-mezczyzny-w-bibliotece\/#primaryimage","url":"http:\/\/biblioteka-gabin.pl\/wp-content\/uploads\/2026\/03\/Projekt-bez-nazwy.jpg","contentUrl":"http:\/\/biblioteka-gabin.pl\/wp-content\/uploads\/2026\/03\/Projekt-bez-nazwy.jpg","width":2245,"height":1587},{"@type":"BreadcrumbList","@id":"http:\/\/biblioteka-gabin.pl\/index.php\/2026\/03\/10\/dzien-mezczyzny-w-bibliotece\/#breadcrumb","itemListElement":[{"@type":"ListItem","position":1,"name":"Strona g\u0142\u00f3wna","item":"https:\/\/biblioteka-gabin.pl\/"},{"@type":"ListItem","position":2,"name":"Dzie\u0144 M\u0119\u017cczyzny w bibliotece"}]},{"@type":"WebSite","@id":"https:\/\/biblioteka-gabin.pl\/#website","url":"https:\/\/biblioteka-gabin.pl\/","name":"Miejsko-Gminna Biblioteka Publiczna w G\u0105binie","description":"","publisher":{"@id":"https:\/\/biblioteka-gabin.pl\/#organization"},"potentialAction":[{"@type":"SearchAction","target":{"@type":"EntryPoint","urlTemplate":"https:\/\/biblioteka-gabin.pl\/?s={search_term_string}"},"query-input":{"@type":"PropertyValueSpecification","valueRequired":true,"valueName":"search_term_string"}}],"inLanguage":"pl-PL"},{"@type":"Organization","@id":"https:\/\/biblioteka-gabin.pl\/#organization","name":"Miejsko-Gminna Biblioteka Publiczna w G\u0105binie","url":"https:\/\/biblioteka-gabin.pl\/","logo":{"@type":"ImageObject","inLanguage":"pl-PL","@id":"https:\/\/biblioteka-gabin.pl\/#\/schema\/logo\/image\/","url":"https:\/\/biblioteka-gabin.pl\/wp-content\/uploads\/2025\/03\/logo-biblioteka-2-1657013691-1.jpg","contentUrl":"https:\/\/biblioteka-gabin.pl\/wp-content\/uploads\/2025\/03\/logo-biblioteka-2-1657013691-1.jpg","width":1600,"height":772,"caption":"Miejsko-Gminna Biblioteka Publiczna w G\u0105binie"},"image":{"@id":"https:\/\/biblioteka-gabin.pl\/#\/schema\/logo\/image\/"},"sameAs":["https:\/\/www.facebook.com\/bibliotekagabin","https:\/\/www.youtube.com\/@mgbpgabin9392"]},{"@type":"Person","@id":"https:\/\/biblioteka-gabin.pl\/#\/schema\/person\/2cbe9ec31ab40d3dde521364eef03724","name":"k.kedzia","image":{"@type":"ImageObject","inLanguage":"pl-PL","@id":"https:\/\/secure.gravatar.com\/avatar\/a33219e29a43e193a2e044bd0ca8c26c9358ca5f2dc72ecdeb69dc112abbba73?s=96&d=mm&r=g","url":"https:\/\/secure.gravatar.com\/avatar\/a33219e29a43e193a2e044bd0ca8c26c9358ca5f2dc72ecdeb69dc112abbba73?s=96&d=mm&r=g","contentUrl":"https:\/\/secure.gravatar.com\/avatar\/a33219e29a43e193a2e044bd0ca8c26c9358ca5f2dc72ecdeb69dc112abbba73?s=96&d=mm&r=g","caption":"k.kedzia"},"sameAs":["http:\/\/www.biblioteka-gabin.pl"],"url":"http:\/\/biblioteka-gabin.pl\/index.php\/author\/k-kedzia\/"}]}},"_links":{"self":[{"href":"http:\/\/biblioteka-gabin.pl\/index.php\/wp-json\/wp\/v2\/posts\/10569","targetHints":{"allow":["GET"]}}],"collection":[{"href":"http:\/\/biblioteka-gabin.pl\/index.php\/wp-json\/wp\/v2\/posts"}],"about":[{"href":"http:\/\/biblioteka-gabin.pl\/index.php\/wp-json\/wp\/v2\/types\/post"}],"author":[{"embeddable":true,"href":"http:\/\/biblioteka-gabin.pl\/index.php\/wp-json\/wp\/v2\/users\/6"}],"replies":[{"embeddable":true,"href":"http:\/\/biblioteka-gabin.pl\/index.php\/wp-json\/wp\/v2\/comments?post=10569"}],"version-history":[{"count":1,"href":"http:\/\/biblioteka-gabin.pl\/index.php\/wp-json\/wp\/v2\/posts\/10569\/revisions"}],"predecessor-version":[{"id":10573,"href":"http:\/\/biblioteka-gabin.pl\/index.php\/wp-json\/wp\/v2\/posts\/10569\/revisions\/10573"}],"wp:featuredmedia":[{"embeddable":true,"href":"http:\/\/biblioteka-gabin.pl\/index.php\/wp-json\/wp\/v2\/media\/10570"}],"wp:attachment":[{"href":"http:\/\/biblioteka-gabin.pl\/index.php\/wp-json\/wp\/v2\/media?parent=10569"}],"wp:term":[{"taxonomy":"category","embeddable":true,"href":"http:\/\/biblioteka-gabin.pl\/index.php\/wp-json\/wp\/v2\/categories?post=10569"},{"taxonomy":"post_tag","embeddable":true,"href":"http:\/\/biblioteka-gabin.pl\/index.php\/wp-json\/wp\/v2\/tags?post=10569"}],"curies":[{"name":"wp","href":"https:\/\/api.w.org\/{rel}","templated":true}]}}