{"id":10575,"date":"2026-03-11T11:48:39","date_gmt":"2026-03-11T11:48:39","guid":{"rendered":"https:\/\/biblioteka-gabin.pl\/?p=10575"},"modified":"2026-03-11T11:48:40","modified_gmt":"2026-03-11T11:48:40","slug":"spotkanie-z-bajka-w-przedszkolu-samorzadowym-w-gabinie-grupy-smerfy-biedronki-skrzaty10-03-2026","status":"publish","type":"post","link":"http:\/\/biblioteka-gabin.pl\/index.php\/2026\/03\/11\/spotkanie-z-bajka-w-przedszkolu-samorzadowym-w-gabinie-grupy-smerfy-biedronki-skrzaty10-03-2026\/","title":{"rendered":"&#8222;Spotkanie z bajk\u0105&#8221; w Przedszkolu Samorz\u0105dowym w G\u0105binie- grupy: &#8222;Smerfy&#8221;, &#8222;Biedronki&#8221;, &#8222;Skrzaty&#8221;(10.03.2026)"},"content":{"rendered":"\n<p>Z najstarszymi grupami Przedszkolak\u00f3w porozmawia\u0142am dzi\u015b na temat zawod\u00f3w jakie mog\u0105 by\u0107 wykonywane przez kobiety, jakie zawody mog\u0105 wykonywa\u0107 m\u0119\u017cczy\u017ani, co znaczy s\u0142owo \u201eautorytet\u201d. Z ostatnim stwierdzeniem dzieci mia\u0142y ma\u0142y k\u0142opot, ale wyja\u015bnili\u015bmy sobie to poj\u0119cie, kogo mo\u017cemy uzna\u0107 za autorytet, kogo mo\u017cemy na\u015bladowa\u0107- pad\u0142y odpowiedzi: stra\u017cak, policjant. Je\u017celi chodzi o zawody, jakie mog\u0105 by\u0107 wykonywane przez kobiety- uczestnicy zaj\u0119\u0107 b\u0142yskawicznie udzielili odpowiedzi. Najcz\u0119\u015bciej wymieniane to: piel\u0119gniarka, fryzjerka, lekarka, kosmetyczka. W przypadku zawod\u00f3w wykonywanych przez m\u0119\u017cczyzn- stra\u017cak, policjant, kurier, lekarz, g\u00f3rnik. Omawiaj\u0105c z dzie\u0107mi poszczeg\u00f3lne zagadnienia, przeczyta\u0142am ksi\u0105\u017ck\u0119 W. Disney pt. \u201eJudy idzie do lekarza\u201d z serii Ma\u0142e wielkie sprawy. Historia ma\u0142ej dziewczynki o imieniu Judy, kt\u00f3ra uda\u0142a si\u0119 z mam\u0105 na wizyt\u0119 lekarsk\u0105. Towarzyszy\u0142y przy tym wielkie emocje- troch\u0119 niepokoju, l\u0119ku. Z pomoc\u0105 siostry oraz pluszowego misia poradzi\u0142a sobie bez problemu.<\/p>\n\n\n\n<p>Ka\u017cda z grup ch\u0119tnie uczestniczy\u0142a w dyskusji, znakomicie odpowiadaj\u0105c na moje pytania.<\/p>\n\n\n\n<p>Na zako\u0144czenie dzisiejszego spotkania urz\u0105dzi\u0142am dzieciom quiz wiosenny. Zaprezentowa\u0142am kilka zagadek, kt\u00f3re dotyczy\u0142y zwierz\u0105t, warzyw i owad\u00f3w- zwi\u0105zanych z tematyk\u0105 zbli\u017caj\u0105cej si\u0119 wiosny. Dzieci poradzi\u0142y sobie znakomicie.<\/p>\n\n\n\n<p>Wszystkim dzieciom serdecznie dzi\u0119kuj\u0119 za wsp\u00f3lnie sp\u0119dzony czas.<\/p>\n\n\n\n<p>Opr. Joanna Olejniczak<\/p>\n\n\n\n<figure class=\"wp-block-image size-large\"><img loading=\"lazy\" decoding=\"async\" width=\"1024\" height=\"578\" src=\"https:\/\/biblioteka-gabin.pl\/wp-content\/uploads\/2026\/03\/6siTs-SD-1024x578.jpg\" alt=\"\" class=\"wp-image-10576\" srcset=\"http:\/\/biblioteka-gabin.pl\/wp-content\/uploads\/2026\/03\/6siTs-SD-1024x578.jpg 1024w, http:\/\/biblioteka-gabin.pl\/wp-content\/uploads\/2026\/03\/6siTs-SD-300x169.jpg 300w, http:\/\/biblioteka-gabin.pl\/wp-content\/uploads\/2026\/03\/6siTs-SD-768x433.jpg 768w, http:\/\/biblioteka-gabin.pl\/wp-content\/uploads\/2026\/03\/6siTs-SD-1536x866.jpg 1536w, http:\/\/biblioteka-gabin.pl\/wp-content\/uploads\/2026\/03\/6siTs-SD.jpg 2048w\" sizes=\"auto, (max-width: 1024px) 100vw, 1024px\" \/><\/figure>\n\n\n\n<figure class=\"wp-block-image size-large\"><img loading=\"lazy\" decoding=\"async\" width=\"1024\" height=\"427\" src=\"https:\/\/biblioteka-gabin.pl\/wp-content\/uploads\/2026\/03\/47C9uucs-1024x427.jpg\" alt=\"\" class=\"wp-image-10577\" srcset=\"http:\/\/biblioteka-gabin.pl\/wp-content\/uploads\/2026\/03\/47C9uucs-1024x427.jpg 1024w, http:\/\/biblioteka-gabin.pl\/wp-content\/uploads\/2026\/03\/47C9uucs-300x125.jpg 300w, http:\/\/biblioteka-gabin.pl\/wp-content\/uploads\/2026\/03\/47C9uucs-768x320.jpg 768w, http:\/\/biblioteka-gabin.pl\/wp-content\/uploads\/2026\/03\/47C9uucs-1536x640.jpg 1536w, http:\/\/biblioteka-gabin.pl\/wp-content\/uploads\/2026\/03\/47C9uucs.jpg 2048w\" sizes=\"auto, (max-width: 1024px) 100vw, 1024px\" \/><\/figure>\n\n\n\n<figure class=\"wp-block-image size-large\"><img loading=\"lazy\" decoding=\"async\" width=\"1024\" height=\"927\" src=\"https:\/\/biblioteka-gabin.pl\/wp-content\/uploads\/2026\/03\/d5rP7Wn8-1024x927.jpg\" alt=\"\" class=\"wp-image-10578\" srcset=\"http:\/\/biblioteka-gabin.pl\/wp-content\/uploads\/2026\/03\/d5rP7Wn8-1024x927.jpg 1024w, http:\/\/biblioteka-gabin.pl\/wp-content\/uploads\/2026\/03\/d5rP7Wn8-300x272.jpg 300w, http:\/\/biblioteka-gabin.pl\/wp-content\/uploads\/2026\/03\/d5rP7Wn8-768x695.jpg 768w, http:\/\/biblioteka-gabin.pl\/wp-content\/uploads\/2026\/03\/d5rP7Wn8-1536x1391.jpg 1536w, http:\/\/biblioteka-gabin.pl\/wp-content\/uploads\/2026\/03\/d5rP7Wn8.jpg 1871w\" sizes=\"auto, (max-width: 1024px) 100vw, 1024px\" \/><\/figure>\n\n\n\n<figure class=\"wp-block-image size-large\"><img loading=\"lazy\" decoding=\"async\" width=\"1024\" height=\"578\" src=\"https:\/\/biblioteka-gabin.pl\/wp-content\/uploads\/2026\/03\/eu14guG_-1024x578.jpg\" alt=\"\" class=\"wp-image-10579\" srcset=\"http:\/\/biblioteka-gabin.pl\/wp-content\/uploads\/2026\/03\/eu14guG_-1024x578.jpg 1024w, http:\/\/biblioteka-gabin.pl\/wp-content\/uploads\/2026\/03\/eu14guG_-300x169.jpg 300w, http:\/\/biblioteka-gabin.pl\/wp-content\/uploads\/2026\/03\/eu14guG_-768x433.jpg 768w, http:\/\/biblioteka-gabin.pl\/wp-content\/uploads\/2026\/03\/eu14guG_-1536x866.jpg 1536w, http:\/\/biblioteka-gabin.pl\/wp-content\/uploads\/2026\/03\/eu14guG_.jpg 2048w\" sizes=\"auto, (max-width: 1024px) 100vw, 1024px\" \/><\/figure>\n\n\n\n<figure class=\"wp-block-image size-large\"><img loading=\"lazy\" decoding=\"async\" width=\"578\" height=\"1024\" src=\"https:\/\/biblioteka-gabin.pl\/wp-content\/uploads\/2026\/03\/PP58MQAc-578x1024.jpg\" alt=\"\" class=\"wp-image-10580\" srcset=\"http:\/\/biblioteka-gabin.pl\/wp-content\/uploads\/2026\/03\/PP58MQAc-578x1024.jpg 578w, http:\/\/biblioteka-gabin.pl\/wp-content\/uploads\/2026\/03\/PP58MQAc-169x300.jpg 169w, http:\/\/biblioteka-gabin.pl\/wp-content\/uploads\/2026\/03\/PP58MQAc-768x1361.jpg 768w, http:\/\/biblioteka-gabin.pl\/wp-content\/uploads\/2026\/03\/PP58MQAc-867x1536.jpg 867w, http:\/\/biblioteka-gabin.pl\/wp-content\/uploads\/2026\/03\/PP58MQAc-1024x1815.jpg 1024w, http:\/\/biblioteka-gabin.pl\/wp-content\/uploads\/2026\/03\/PP58MQAc.jpg 1156w\" sizes=\"auto, (max-width: 578px) 100vw, 578px\" \/><\/figure>\n\n\n\n<figure class=\"wp-block-image size-large\"><img loading=\"lazy\" decoding=\"async\" width=\"578\" height=\"1024\" src=\"https:\/\/biblioteka-gabin.pl\/wp-content\/uploads\/2026\/03\/YJ-pyuYg-578x1024.jpg\" alt=\"\" class=\"wp-image-10581\" srcset=\"http:\/\/biblioteka-gabin.pl\/wp-content\/uploads\/2026\/03\/YJ-pyuYg-578x1024.jpg 578w, http:\/\/biblioteka-gabin.pl\/wp-content\/uploads\/2026\/03\/YJ-pyuYg-169x300.jpg 169w, http:\/\/biblioteka-gabin.pl\/wp-content\/uploads\/2026\/03\/YJ-pyuYg-768x1361.jpg 768w, http:\/\/biblioteka-gabin.pl\/wp-content\/uploads\/2026\/03\/YJ-pyuYg-867x1536.jpg 867w, http:\/\/biblioteka-gabin.pl\/wp-content\/uploads\/2026\/03\/YJ-pyuYg-1024x1815.jpg 1024w, http:\/\/biblioteka-gabin.pl\/wp-content\/uploads\/2026\/03\/YJ-pyuYg.jpg 1156w\" sizes=\"auto, (max-width: 578px) 100vw, 578px\" \/><\/figure>\n\n\n","protected":false},"excerpt":{"rendered":"<p>Z najstarszymi grupami Przedszkolak\u00f3w porozmawia\u0142am dzi\u015b na temat zawod\u00f3w jakie<\/p>\n","protected":false},"author":5,"featured_media":10576,"comment_status":"open","ping_status":"open","sticky":false,"template":"","format":"standard","meta":{"footnotes":""},"categories":[37,36],"tags":[],"class_list":["post-10575","post","type-post","status-publish","format-standard","has-post-thumbnail","hentry","category-galeria","category-main"],"yoast_head":"<!-- This site is optimized with the Yoast SEO plugin v27.4 - https:\/\/yoast.com\/product\/yoast-seo-wordpress\/ -->\n<title>&quot;Spotkanie z bajk\u0105&quot; w Przedszkolu Samorz\u0105dowym w G\u0105binie- grupy: &quot;Smerfy&quot;, &quot;Biedronki&quot;, &quot;Skrzaty&quot;(10.03.2026) - Miejsko-Gminna Biblioteka Publiczna w G\u0105binie<\/title>\n<meta name=\"robots\" content=\"index, follow, max-snippet:-1, max-image-preview:large, max-video-preview:-1\" \/>\n<link rel=\"canonical\" href=\"http:\/\/biblioteka-gabin.pl\/index.php\/2026\/03\/11\/spotkanie-z-bajka-w-przedszkolu-samorzadowym-w-gabinie-grupy-smerfy-biedronki-skrzaty10-03-2026\/\" \/>\n<meta property=\"og:locale\" content=\"pl_PL\" \/>\n<meta property=\"og:type\" content=\"article\" \/>\n<meta property=\"og:title\" content=\"&quot;Spotkanie z bajk\u0105&quot; w Przedszkolu Samorz\u0105dowym w G\u0105binie- grupy: &quot;Smerfy&quot;, &quot;Biedronki&quot;, &quot;Skrzaty&quot;(10.03.2026) - Miejsko-Gminna Biblioteka Publiczna w G\u0105binie\" \/>\n<meta property=\"og:description\" content=\"Z najstarszymi grupami Przedszkolak\u00f3w porozmawia\u0142am dzi\u015b na temat zawod\u00f3w jakie\" \/>\n<meta property=\"og:url\" content=\"http:\/\/biblioteka-gabin.pl\/index.php\/2026\/03\/11\/spotkanie-z-bajka-w-przedszkolu-samorzadowym-w-gabinie-grupy-smerfy-biedronki-skrzaty10-03-2026\/\" \/>\n<meta property=\"og:site_name\" content=\"Miejsko-Gminna Biblioteka Publiczna w G\u0105binie\" \/>\n<meta property=\"article:publisher\" content=\"https:\/\/www.facebook.com\/bibliotekagabin\" \/>\n<meta property=\"article:published_time\" content=\"2026-03-11T11:48:39+00:00\" \/>\n<meta property=\"article:modified_time\" content=\"2026-03-11T11:48:40+00:00\" \/>\n<meta property=\"og:image\" content=\"http:\/\/biblioteka-gabin.pl\/wp-content\/uploads\/2026\/03\/6siTs-SD.jpg\" \/>\n\t<meta property=\"og:image:width\" content=\"2048\" \/>\n\t<meta property=\"og:image:height\" content=\"1155\" \/>\n\t<meta property=\"og:image:type\" content=\"image\/jpeg\" \/>\n<meta name=\"author\" content=\"j.olejniczak\" \/>\n<meta name=\"twitter:card\" content=\"summary_large_image\" \/>\n<meta name=\"twitter:label1\" content=\"Napisane przez\" \/>\n\t<meta name=\"twitter:data1\" content=\"j.olejniczak\" \/>\n\t<meta name=\"twitter:label2\" content=\"Szacowany czas czytania\" \/>\n\t<meta name=\"twitter:data2\" content=\"3 minuty\" \/>\n<script type=\"application\/ld+json\" class=\"yoast-schema-graph\">{\"@context\":\"https:\\\/\\\/schema.org\",\"@graph\":[{\"@type\":\"Article\",\"@id\":\"http:\\\/\\\/biblioteka-gabin.pl\\\/index.php\\\/2026\\\/03\\\/11\\\/spotkanie-z-bajka-w-przedszkolu-samorzadowym-w-gabinie-grupy-smerfy-biedronki-skrzaty10-03-2026\\\/#article\",\"isPartOf\":{\"@id\":\"http:\\\/\\\/biblioteka-gabin.pl\\\/index.php\\\/2026\\\/03\\\/11\\\/spotkanie-z-bajka-w-przedszkolu-samorzadowym-w-gabinie-grupy-smerfy-biedronki-skrzaty10-03-2026\\\/\"},\"author\":{\"name\":\"j.olejniczak\",\"@id\":\"https:\\\/\\\/biblioteka-gabin.pl\\\/#\\\/schema\\\/person\\\/c6271403c55804b0c90b1abcdc89a4be\"},\"headline\":\"&#8222;Spotkanie z bajk\u0105&#8221; w Przedszkolu Samorz\u0105dowym w G\u0105binie- grupy: &#8222;Smerfy&#8221;, &#8222;Biedronki&#8221;, &#8222;Skrzaty&#8221;(10.03.2026)\",\"datePublished\":\"2026-03-11T11:48:39+00:00\",\"dateModified\":\"2026-03-11T11:48:40+00:00\",\"mainEntityOfPage\":{\"@id\":\"http:\\\/\\\/biblioteka-gabin.pl\\\/index.php\\\/2026\\\/03\\\/11\\\/spotkanie-z-bajka-w-przedszkolu-samorzadowym-w-gabinie-grupy-smerfy-biedronki-skrzaty10-03-2026\\\/\"},\"wordCount\":253,\"commentCount\":0,\"publisher\":{\"@id\":\"https:\\\/\\\/biblioteka-gabin.pl\\\/#organization\"},\"image\":{\"@id\":\"http:\\\/\\\/biblioteka-gabin.pl\\\/index.php\\\/2026\\\/03\\\/11\\\/spotkanie-z-bajka-w-przedszkolu-samorzadowym-w-gabinie-grupy-smerfy-biedronki-skrzaty10-03-2026\\\/#primaryimage\"},\"thumbnailUrl\":\"http:\\\/\\\/biblioteka-gabin.pl\\\/wp-content\\\/uploads\\\/2026\\\/03\\\/6siTs-SD.jpg\",\"articleSection\":[\"Galeria\",\"Main\"],\"inLanguage\":\"pl-PL\",\"potentialAction\":[{\"@type\":\"CommentAction\",\"name\":\"Comment\",\"target\":[\"http:\\\/\\\/biblioteka-gabin.pl\\\/index.php\\\/2026\\\/03\\\/11\\\/spotkanie-z-bajka-w-przedszkolu-samorzadowym-w-gabinie-grupy-smerfy-biedronki-skrzaty10-03-2026\\\/#respond\"]}]},{\"@type\":\"WebPage\",\"@id\":\"http:\\\/\\\/biblioteka-gabin.pl\\\/index.php\\\/2026\\\/03\\\/11\\\/spotkanie-z-bajka-w-przedszkolu-samorzadowym-w-gabinie-grupy-smerfy-biedronki-skrzaty10-03-2026\\\/\",\"url\":\"http:\\\/\\\/biblioteka-gabin.pl\\\/index.php\\\/2026\\\/03\\\/11\\\/spotkanie-z-bajka-w-przedszkolu-samorzadowym-w-gabinie-grupy-smerfy-biedronki-skrzaty10-03-2026\\\/\",\"name\":\"\\\"Spotkanie z bajk\u0105\\\" w Przedszkolu Samorz\u0105dowym w G\u0105binie- grupy: \\\"Smerfy\\\", \\\"Biedronki\\\", \\\"Skrzaty\\\"(10.03.2026) - Miejsko-Gminna Biblioteka Publiczna w G\u0105binie\",\"isPartOf\":{\"@id\":\"https:\\\/\\\/biblioteka-gabin.pl\\\/#website\"},\"primaryImageOfPage\":{\"@id\":\"http:\\\/\\\/biblioteka-gabin.pl\\\/index.php\\\/2026\\\/03\\\/11\\\/spotkanie-z-bajka-w-przedszkolu-samorzadowym-w-gabinie-grupy-smerfy-biedronki-skrzaty10-03-2026\\\/#primaryimage\"},\"image\":{\"@id\":\"http:\\\/\\\/biblioteka-gabin.pl\\\/index.php\\\/2026\\\/03\\\/11\\\/spotkanie-z-bajka-w-przedszkolu-samorzadowym-w-gabinie-grupy-smerfy-biedronki-skrzaty10-03-2026\\\/#primaryimage\"},\"thumbnailUrl\":\"http:\\\/\\\/biblioteka-gabin.pl\\\/wp-content\\\/uploads\\\/2026\\\/03\\\/6siTs-SD.jpg\",\"datePublished\":\"2026-03-11T11:48:39+00:00\",\"dateModified\":\"2026-03-11T11:48:40+00:00\",\"breadcrumb\":{\"@id\":\"http:\\\/\\\/biblioteka-gabin.pl\\\/index.php\\\/2026\\\/03\\\/11\\\/spotkanie-z-bajka-w-przedszkolu-samorzadowym-w-gabinie-grupy-smerfy-biedronki-skrzaty10-03-2026\\\/#breadcrumb\"},\"inLanguage\":\"pl-PL\",\"potentialAction\":[{\"@type\":\"ReadAction\",\"target\":[\"http:\\\/\\\/biblioteka-gabin.pl\\\/index.php\\\/2026\\\/03\\\/11\\\/spotkanie-z-bajka-w-przedszkolu-samorzadowym-w-gabinie-grupy-smerfy-biedronki-skrzaty10-03-2026\\\/\"]}]},{\"@type\":\"ImageObject\",\"inLanguage\":\"pl-PL\",\"@id\":\"http:\\\/\\\/biblioteka-gabin.pl\\\/index.php\\\/2026\\\/03\\\/11\\\/spotkanie-z-bajka-w-przedszkolu-samorzadowym-w-gabinie-grupy-smerfy-biedronki-skrzaty10-03-2026\\\/#primaryimage\",\"url\":\"http:\\\/\\\/biblioteka-gabin.pl\\\/wp-content\\\/uploads\\\/2026\\\/03\\\/6siTs-SD.jpg\",\"contentUrl\":\"http:\\\/\\\/biblioteka-gabin.pl\\\/wp-content\\\/uploads\\\/2026\\\/03\\\/6siTs-SD.jpg\",\"width\":2048,\"height\":1155},{\"@type\":\"BreadcrumbList\",\"@id\":\"http:\\\/\\\/biblioteka-gabin.pl\\\/index.php\\\/2026\\\/03\\\/11\\\/spotkanie-z-bajka-w-przedszkolu-samorzadowym-w-gabinie-grupy-smerfy-biedronki-skrzaty10-03-2026\\\/#breadcrumb\",\"itemListElement\":[{\"@type\":\"ListItem\",\"position\":1,\"name\":\"Strona g\u0142\u00f3wna\",\"item\":\"https:\\\/\\\/biblioteka-gabin.pl\\\/\"},{\"@type\":\"ListItem\",\"position\":2,\"name\":\"&#8222;Spotkanie z bajk\u0105&#8221; w Przedszkolu Samorz\u0105dowym w G\u0105binie- grupy: &#8222;Smerfy&#8221;, &#8222;Biedronki&#8221;, &#8222;Skrzaty&#8221;(10.03.2026)\"}]},{\"@type\":\"WebSite\",\"@id\":\"https:\\\/\\\/biblioteka-gabin.pl\\\/#website\",\"url\":\"https:\\\/\\\/biblioteka-gabin.pl\\\/\",\"name\":\"Miejsko-Gminna Biblioteka Publiczna w G\u0105binie\",\"description\":\"\",\"publisher\":{\"@id\":\"https:\\\/\\\/biblioteka-gabin.pl\\\/#organization\"},\"potentialAction\":[{\"@type\":\"SearchAction\",\"target\":{\"@type\":\"EntryPoint\",\"urlTemplate\":\"https:\\\/\\\/biblioteka-gabin.pl\\\/?s={search_term_string}\"},\"query-input\":{\"@type\":\"PropertyValueSpecification\",\"valueRequired\":true,\"valueName\":\"search_term_string\"}}],\"inLanguage\":\"pl-PL\"},{\"@type\":\"Organization\",\"@id\":\"https:\\\/\\\/biblioteka-gabin.pl\\\/#organization\",\"name\":\"Miejsko-Gminna Biblioteka Publiczna w G\u0105binie\",\"url\":\"https:\\\/\\\/biblioteka-gabin.pl\\\/\",\"logo\":{\"@type\":\"ImageObject\",\"inLanguage\":\"pl-PL\",\"@id\":\"https:\\\/\\\/biblioteka-gabin.pl\\\/#\\\/schema\\\/logo\\\/image\\\/\",\"url\":\"https:\\\/\\\/biblioteka-gabin.pl\\\/wp-content\\\/uploads\\\/2025\\\/03\\\/logo-biblioteka-2-1657013691-1.jpg\",\"contentUrl\":\"https:\\\/\\\/biblioteka-gabin.pl\\\/wp-content\\\/uploads\\\/2025\\\/03\\\/logo-biblioteka-2-1657013691-1.jpg\",\"width\":1600,\"height\":772,\"caption\":\"Miejsko-Gminna Biblioteka Publiczna w G\u0105binie\"},\"image\":{\"@id\":\"https:\\\/\\\/biblioteka-gabin.pl\\\/#\\\/schema\\\/logo\\\/image\\\/\"},\"sameAs\":[\"https:\\\/\\\/www.facebook.com\\\/bibliotekagabin\",\"https:\\\/\\\/www.youtube.com\\\/@mgbpgabin9392\"]},{\"@type\":\"Person\",\"@id\":\"https:\\\/\\\/biblioteka-gabin.pl\\\/#\\\/schema\\\/person\\\/c6271403c55804b0c90b1abcdc89a4be\",\"name\":\"j.olejniczak\",\"image\":{\"@type\":\"ImageObject\",\"inLanguage\":\"pl-PL\",\"@id\":\"https:\\\/\\\/secure.gravatar.com\\\/avatar\\\/926a0e21a6bc9c5f3d8b7350eef4c1328c61093f6afee787beeac212421b433a?s=96&d=mm&r=g\",\"url\":\"https:\\\/\\\/secure.gravatar.com\\\/avatar\\\/926a0e21a6bc9c5f3d8b7350eef4c1328c61093f6afee787beeac212421b433a?s=96&d=mm&r=g\",\"contentUrl\":\"https:\\\/\\\/secure.gravatar.com\\\/avatar\\\/926a0e21a6bc9c5f3d8b7350eef4c1328c61093f6afee787beeac212421b433a?s=96&d=mm&r=g\",\"caption\":\"j.olejniczak\"},\"sameAs\":[\"http:\\\/\\\/www.biblioteka-gabin.pl\"],\"url\":\"http:\\\/\\\/biblioteka-gabin.pl\\\/index.php\\\/author\\\/j-olejniczak\\\/\"}]}<\/script>\n<!-- \/ Yoast SEO plugin. -->","yoast_head_json":{"title":"\"Spotkanie z bajk\u0105\" w Przedszkolu Samorz\u0105dowym w G\u0105binie- grupy: \"Smerfy\", \"Biedronki\", \"Skrzaty\"(10.03.2026) - Miejsko-Gminna Biblioteka Publiczna w G\u0105binie","robots":{"index":"index","follow":"follow","max-snippet":"max-snippet:-1","max-image-preview":"max-image-preview:large","max-video-preview":"max-video-preview:-1"},"canonical":"http:\/\/biblioteka-gabin.pl\/index.php\/2026\/03\/11\/spotkanie-z-bajka-w-przedszkolu-samorzadowym-w-gabinie-grupy-smerfy-biedronki-skrzaty10-03-2026\/","og_locale":"pl_PL","og_type":"article","og_title":"\"Spotkanie z bajk\u0105\" w Przedszkolu Samorz\u0105dowym w G\u0105binie- grupy: \"Smerfy\", \"Biedronki\", \"Skrzaty\"(10.03.2026) - Miejsko-Gminna Biblioteka Publiczna w G\u0105binie","og_description":"Z najstarszymi grupami Przedszkolak\u00f3w porozmawia\u0142am dzi\u015b na temat zawod\u00f3w jakie","og_url":"http:\/\/biblioteka-gabin.pl\/index.php\/2026\/03\/11\/spotkanie-z-bajka-w-przedszkolu-samorzadowym-w-gabinie-grupy-smerfy-biedronki-skrzaty10-03-2026\/","og_site_name":"Miejsko-Gminna Biblioteka Publiczna w G\u0105binie","article_publisher":"https:\/\/www.facebook.com\/bibliotekagabin","article_published_time":"2026-03-11T11:48:39+00:00","article_modified_time":"2026-03-11T11:48:40+00:00","og_image":[{"width":2048,"height":1155,"url":"http:\/\/biblioteka-gabin.pl\/wp-content\/uploads\/2026\/03\/6siTs-SD.jpg","type":"image\/jpeg"}],"author":"j.olejniczak","twitter_card":"summary_large_image","twitter_misc":{"Napisane przez":"j.olejniczak","Szacowany czas czytania":"3 minuty"},"schema":{"@context":"https:\/\/schema.org","@graph":[{"@type":"Article","@id":"http:\/\/biblioteka-gabin.pl\/index.php\/2026\/03\/11\/spotkanie-z-bajka-w-przedszkolu-samorzadowym-w-gabinie-grupy-smerfy-biedronki-skrzaty10-03-2026\/#article","isPartOf":{"@id":"http:\/\/biblioteka-gabin.pl\/index.php\/2026\/03\/11\/spotkanie-z-bajka-w-przedszkolu-samorzadowym-w-gabinie-grupy-smerfy-biedronki-skrzaty10-03-2026\/"},"author":{"name":"j.olejniczak","@id":"https:\/\/biblioteka-gabin.pl\/#\/schema\/person\/c6271403c55804b0c90b1abcdc89a4be"},"headline":"&#8222;Spotkanie z bajk\u0105&#8221; w Przedszkolu Samorz\u0105dowym w G\u0105binie- grupy: &#8222;Smerfy&#8221;, &#8222;Biedronki&#8221;, &#8222;Skrzaty&#8221;(10.03.2026)","datePublished":"2026-03-11T11:48:39+00:00","dateModified":"2026-03-11T11:48:40+00:00","mainEntityOfPage":{"@id":"http:\/\/biblioteka-gabin.pl\/index.php\/2026\/03\/11\/spotkanie-z-bajka-w-przedszkolu-samorzadowym-w-gabinie-grupy-smerfy-biedronki-skrzaty10-03-2026\/"},"wordCount":253,"commentCount":0,"publisher":{"@id":"https:\/\/biblioteka-gabin.pl\/#organization"},"image":{"@id":"http:\/\/biblioteka-gabin.pl\/index.php\/2026\/03\/11\/spotkanie-z-bajka-w-przedszkolu-samorzadowym-w-gabinie-grupy-smerfy-biedronki-skrzaty10-03-2026\/#primaryimage"},"thumbnailUrl":"http:\/\/biblioteka-gabin.pl\/wp-content\/uploads\/2026\/03\/6siTs-SD.jpg","articleSection":["Galeria","Main"],"inLanguage":"pl-PL","potentialAction":[{"@type":"CommentAction","name":"Comment","target":["http:\/\/biblioteka-gabin.pl\/index.php\/2026\/03\/11\/spotkanie-z-bajka-w-przedszkolu-samorzadowym-w-gabinie-grupy-smerfy-biedronki-skrzaty10-03-2026\/#respond"]}]},{"@type":"WebPage","@id":"http:\/\/biblioteka-gabin.pl\/index.php\/2026\/03\/11\/spotkanie-z-bajka-w-przedszkolu-samorzadowym-w-gabinie-grupy-smerfy-biedronki-skrzaty10-03-2026\/","url":"http:\/\/biblioteka-gabin.pl\/index.php\/2026\/03\/11\/spotkanie-z-bajka-w-przedszkolu-samorzadowym-w-gabinie-grupy-smerfy-biedronki-skrzaty10-03-2026\/","name":"\"Spotkanie z bajk\u0105\" w Przedszkolu Samorz\u0105dowym w G\u0105binie- grupy: \"Smerfy\", \"Biedronki\", \"Skrzaty\"(10.03.2026) - Miejsko-Gminna Biblioteka Publiczna w G\u0105binie","isPartOf":{"@id":"https:\/\/biblioteka-gabin.pl\/#website"},"primaryImageOfPage":{"@id":"http:\/\/biblioteka-gabin.pl\/index.php\/2026\/03\/11\/spotkanie-z-bajka-w-przedszkolu-samorzadowym-w-gabinie-grupy-smerfy-biedronki-skrzaty10-03-2026\/#primaryimage"},"image":{"@id":"http:\/\/biblioteka-gabin.pl\/index.php\/2026\/03\/11\/spotkanie-z-bajka-w-przedszkolu-samorzadowym-w-gabinie-grupy-smerfy-biedronki-skrzaty10-03-2026\/#primaryimage"},"thumbnailUrl":"http:\/\/biblioteka-gabin.pl\/wp-content\/uploads\/2026\/03\/6siTs-SD.jpg","datePublished":"2026-03-11T11:48:39+00:00","dateModified":"2026-03-11T11:48:40+00:00","breadcrumb":{"@id":"http:\/\/biblioteka-gabin.pl\/index.php\/2026\/03\/11\/spotkanie-z-bajka-w-przedszkolu-samorzadowym-w-gabinie-grupy-smerfy-biedronki-skrzaty10-03-2026\/#breadcrumb"},"inLanguage":"pl-PL","potentialAction":[{"@type":"ReadAction","target":["http:\/\/biblioteka-gabin.pl\/index.php\/2026\/03\/11\/spotkanie-z-bajka-w-przedszkolu-samorzadowym-w-gabinie-grupy-smerfy-biedronki-skrzaty10-03-2026\/"]}]},{"@type":"ImageObject","inLanguage":"pl-PL","@id":"http:\/\/biblioteka-gabin.pl\/index.php\/2026\/03\/11\/spotkanie-z-bajka-w-przedszkolu-samorzadowym-w-gabinie-grupy-smerfy-biedronki-skrzaty10-03-2026\/#primaryimage","url":"http:\/\/biblioteka-gabin.pl\/wp-content\/uploads\/2026\/03\/6siTs-SD.jpg","contentUrl":"http:\/\/biblioteka-gabin.pl\/wp-content\/uploads\/2026\/03\/6siTs-SD.jpg","width":2048,"height":1155},{"@type":"BreadcrumbList","@id":"http:\/\/biblioteka-gabin.pl\/index.php\/2026\/03\/11\/spotkanie-z-bajka-w-przedszkolu-samorzadowym-w-gabinie-grupy-smerfy-biedronki-skrzaty10-03-2026\/#breadcrumb","itemListElement":[{"@type":"ListItem","position":1,"name":"Strona g\u0142\u00f3wna","item":"https:\/\/biblioteka-gabin.pl\/"},{"@type":"ListItem","position":2,"name":"&#8222;Spotkanie z bajk\u0105&#8221; w Przedszkolu Samorz\u0105dowym w G\u0105binie- grupy: &#8222;Smerfy&#8221;, &#8222;Biedronki&#8221;, &#8222;Skrzaty&#8221;(10.03.2026)"}]},{"@type":"WebSite","@id":"https:\/\/biblioteka-gabin.pl\/#website","url":"https:\/\/biblioteka-gabin.pl\/","name":"Miejsko-Gminna Biblioteka Publiczna w G\u0105binie","description":"","publisher":{"@id":"https:\/\/biblioteka-gabin.pl\/#organization"},"potentialAction":[{"@type":"SearchAction","target":{"@type":"EntryPoint","urlTemplate":"https:\/\/biblioteka-gabin.pl\/?s={search_term_string}"},"query-input":{"@type":"PropertyValueSpecification","valueRequired":true,"valueName":"search_term_string"}}],"inLanguage":"pl-PL"},{"@type":"Organization","@id":"https:\/\/biblioteka-gabin.pl\/#organization","name":"Miejsko-Gminna Biblioteka Publiczna w G\u0105binie","url":"https:\/\/biblioteka-gabin.pl\/","logo":{"@type":"ImageObject","inLanguage":"pl-PL","@id":"https:\/\/biblioteka-gabin.pl\/#\/schema\/logo\/image\/","url":"https:\/\/biblioteka-gabin.pl\/wp-content\/uploads\/2025\/03\/logo-biblioteka-2-1657013691-1.jpg","contentUrl":"https:\/\/biblioteka-gabin.pl\/wp-content\/uploads\/2025\/03\/logo-biblioteka-2-1657013691-1.jpg","width":1600,"height":772,"caption":"Miejsko-Gminna Biblioteka Publiczna w G\u0105binie"},"image":{"@id":"https:\/\/biblioteka-gabin.pl\/#\/schema\/logo\/image\/"},"sameAs":["https:\/\/www.facebook.com\/bibliotekagabin","https:\/\/www.youtube.com\/@mgbpgabin9392"]},{"@type":"Person","@id":"https:\/\/biblioteka-gabin.pl\/#\/schema\/person\/c6271403c55804b0c90b1abcdc89a4be","name":"j.olejniczak","image":{"@type":"ImageObject","inLanguage":"pl-PL","@id":"https:\/\/secure.gravatar.com\/avatar\/926a0e21a6bc9c5f3d8b7350eef4c1328c61093f6afee787beeac212421b433a?s=96&d=mm&r=g","url":"https:\/\/secure.gravatar.com\/avatar\/926a0e21a6bc9c5f3d8b7350eef4c1328c61093f6afee787beeac212421b433a?s=96&d=mm&r=g","contentUrl":"https:\/\/secure.gravatar.com\/avatar\/926a0e21a6bc9c5f3d8b7350eef4c1328c61093f6afee787beeac212421b433a?s=96&d=mm&r=g","caption":"j.olejniczak"},"sameAs":["http:\/\/www.biblioteka-gabin.pl"],"url":"http:\/\/biblioteka-gabin.pl\/index.php\/author\/j-olejniczak\/"}]}},"_links":{"self":[{"href":"http:\/\/biblioteka-gabin.pl\/index.php\/wp-json\/wp\/v2\/posts\/10575","targetHints":{"allow":["GET"]}}],"collection":[{"href":"http:\/\/biblioteka-gabin.pl\/index.php\/wp-json\/wp\/v2\/posts"}],"about":[{"href":"http:\/\/biblioteka-gabin.pl\/index.php\/wp-json\/wp\/v2\/types\/post"}],"author":[{"embeddable":true,"href":"http:\/\/biblioteka-gabin.pl\/index.php\/wp-json\/wp\/v2\/users\/5"}],"replies":[{"embeddable":true,"href":"http:\/\/biblioteka-gabin.pl\/index.php\/wp-json\/wp\/v2\/comments?post=10575"}],"version-history":[{"count":1,"href":"http:\/\/biblioteka-gabin.pl\/index.php\/wp-json\/wp\/v2\/posts\/10575\/revisions"}],"predecessor-version":[{"id":10582,"href":"http:\/\/biblioteka-gabin.pl\/index.php\/wp-json\/wp\/v2\/posts\/10575\/revisions\/10582"}],"wp:featuredmedia":[{"embeddable":true,"href":"http:\/\/biblioteka-gabin.pl\/index.php\/wp-json\/wp\/v2\/media\/10576"}],"wp:attachment":[{"href":"http:\/\/biblioteka-gabin.pl\/index.php\/wp-json\/wp\/v2\/media?parent=10575"}],"wp:term":[{"taxonomy":"category","embeddable":true,"href":"http:\/\/biblioteka-gabin.pl\/index.php\/wp-json\/wp\/v2\/categories?post=10575"},{"taxonomy":"post_tag","embeddable":true,"href":"http:\/\/biblioteka-gabin.pl\/index.php\/wp-json\/wp\/v2\/tags?post=10575"}],"curies":[{"name":"wp","href":"https:\/\/api.w.org\/{rel}","templated":true}]}}