{"id":1521,"date":"2025-09-24T13:26:23","date_gmt":"2025-09-24T13:26:23","guid":{"rendered":"https:\/\/strona.biblioteka-gabin.pl\/?p=1521"},"modified":"2025-10-07T14:27:55","modified_gmt":"2025-10-07T14:27:55","slug":"konkurs-pt-jesienny-bukiet","status":"publish","type":"post","link":"http:\/\/biblioteka-gabin.pl\/index.php\/2025\/09\/24\/konkurs-pt-jesienny-bukiet\/","title":{"rendered":"Konkurs pt. &#8222;Jesienny bukiet&#8221;"},"content":{"rendered":"\n<p>KONKURS dla dzieci i m\u0142odzie\u017cy!<\/p>\n\n\n\n<p>Serdecznie zapraszamy wszystkie dzieci i m\u0142odzie\u017c do nowego konkursu pt. &#8222;Jesienny bukiet&#8221;. Co nale\u017cy zrobi\u0107?<\/p>\n\n\n\n<p><a><\/a><img loading=\"lazy\" decoding=\"async\" alt=\"&#x27a1;&#xfe0f;\" src=\"https:\/\/static.xx.fbcdn.net\/images\/emoji.php\/v9\/t9e\/1\/16\/27a1.png\" width=\"16\" height=\"16\">Wykorzystuj\u0105c dary jesieni- zrobi\u0107 pi\u0119kny bukiet i dostarczy\u0107 go do Biblioteki<\/p>\n\n\n\n<p><img loading=\"lazy\" decoding=\"async\" alt=\"&#x27a1;&#xfe0f;\" src=\"https:\/\/static.xx.fbcdn.net\/images\/emoji.php\/v9\/t9e\/1\/16\/27a1.png\" width=\"16\" height=\"16\">Bukiet mo\u017ce by\u0107 przyniesiony w wazonie, koszyczku, dyni itp.<\/p>\n\n\n\n<p><img loading=\"lazy\" decoding=\"async\" alt=\"&#x27a1;&#xfe0f;\" src=\"https:\/\/static.xx.fbcdn.net\/images\/emoji.php\/v9\/t9e\/1\/16\/27a1.png\" width=\"16\" height=\"16\">Konkurs twa od 24 wrze\u015bnia do 17 pa\u017adziernika 2025r.<\/p>\n\n\n\n<p><img loading=\"lazy\" decoding=\"async\" alt=\"&#x27a1;&#xfe0f;\" src=\"https:\/\/static.xx.fbcdn.net\/images\/emoji.php\/v9\/t9e\/1\/16\/27a1.png\" width=\"16\" height=\"16\">Dla zwyci\u0119zc\u00f3w przygotowane b\u0119d\u0105 nagrody<\/p>\n\n\n\n<p><img loading=\"lazy\" decoding=\"async\" width=\"16\" height=\"16\" src=\"https:\/\/static.xx.fbcdn.net\/images\/emoji.php\/v9\/t9e\/1\/16\/27a1.png\" alt=\"&#x27a1;&#xfe0f;\">Prosimy mie\u0107 ze sob\u0105 wype\u0142nion\u0105 zgod\u0119 oraz zapozna\u0107 si\u0119 z regulaminem (wszystko w za\u0142\u0105cznikach).<\/p>\n\n\n\n<div class=\"wp-block-file\"><a id=\"wp-block-file--media-05b494ae-3813-4ba6-8287-7f287ff73ca5\" href=\"https:\/\/biblioteka-gabin.pl\/wp-content\/uploads\/2025\/09\/Regulamin-konkursu-Jesienny-bukiet-1.docx\">Regulamin konkursu Jesienny bukiet<\/a><a href=\"https:\/\/biblioteka-gabin.pl\/wp-content\/uploads\/2025\/09\/Regulamin-konkursu-Jesienny-bukiet-1.docx\" class=\"wp-block-file__button wp-element-button\" download aria-describedby=\"wp-block-file--media-05b494ae-3813-4ba6-8287-7f287ff73ca5\">Pobierz<\/a><\/div>\n\n\n\n<div class=\"wp-block-file\"><a id=\"wp-block-file--media-9eec0754-34c4-499b-a7fa-bef397ae8eb8\" href=\"https:\/\/biblioteka-gabin.pl\/wp-content\/uploads\/2025\/09\/KARTA-ZGLOSZENIOWA-Jesienny-bukiet-1.docx\">KARTA ZG\u0141OSZENIOWA( Jesienny bukiet)<\/a><a href=\"https:\/\/biblioteka-gabin.pl\/wp-content\/uploads\/2025\/09\/KARTA-ZGLOSZENIOWA-Jesienny-bukiet-1.docx\" class=\"wp-block-file__button wp-element-button\" download aria-describedby=\"wp-block-file--media-9eec0754-34c4-499b-a7fa-bef397ae8eb8\">Pobierz<\/a><\/div>\n","protected":false},"excerpt":{"rendered":"<p>KONKURS dla dzieci i m\u0142odzie\u017cy! Serdecznie zapraszamy wszystkie dzieci i<\/p>\n","protected":false},"author":5,"featured_media":1522,"comment_status":"open","ping_status":"open","sticky":false,"template":"","format":"standard","meta":{"footnotes":""},"categories":[36],"tags":[],"class_list":["post-1521","post","type-post","status-publish","format-standard","has-post-thumbnail","hentry","category-main"],"yoast_head":"<!-- This site is optimized with the Yoast SEO plugin v27.4 - https:\/\/yoast.com\/product\/yoast-seo-wordpress\/ -->\n<title>Konkurs pt. &quot;Jesienny bukiet&quot; - Miejsko-Gminna Biblioteka Publiczna w G\u0105binie<\/title>\n<meta name=\"robots\" content=\"index, follow, max-snippet:-1, max-image-preview:large, max-video-preview:-1\" \/>\n<link rel=\"canonical\" href=\"https:\/\/biblioteka-gabin.pl\/index.php\/2025\/09\/24\/konkurs-pt-jesienny-bukiet\/\" \/>\n<meta property=\"og:locale\" content=\"pl_PL\" \/>\n<meta property=\"og:type\" content=\"article\" \/>\n<meta property=\"og:title\" content=\"Konkurs pt. &quot;Jesienny bukiet&quot; - Miejsko-Gminna Biblioteka Publiczna w G\u0105binie\" \/>\n<meta property=\"og:description\" content=\"KONKURS dla dzieci i m\u0142odzie\u017cy! Serdecznie zapraszamy wszystkie dzieci i\" \/>\n<meta property=\"og:url\" content=\"https:\/\/biblioteka-gabin.pl\/index.php\/2025\/09\/24\/konkurs-pt-jesienny-bukiet\/\" \/>\n<meta property=\"og:site_name\" content=\"Miejsko-Gminna Biblioteka Publiczna w G\u0105binie\" \/>\n<meta property=\"article:publisher\" content=\"https:\/\/www.facebook.com\/bibliotekagabin\" \/>\n<meta property=\"article:published_time\" content=\"2025-09-24T13:26:23+00:00\" \/>\n<meta property=\"article:modified_time\" content=\"2025-10-07T14:27:55+00:00\" \/>\n<meta property=\"og:image\" content=\"https:\/\/biblioteka-gabin.pl\/wp-content\/uploads\/2025\/09\/KONKURS-Jesienny-bukiet2.png\" \/>\n\t<meta property=\"og:image:width\" content=\"1587\" \/>\n\t<meta property=\"og:image:height\" content=\"2245\" \/>\n\t<meta property=\"og:image:type\" content=\"image\/png\" \/>\n<meta name=\"author\" content=\"j.olejniczak\" \/>\n<meta name=\"twitter:card\" content=\"summary_large_image\" \/>\n<meta name=\"twitter:label1\" content=\"Napisane przez\" \/>\n\t<meta name=\"twitter:data1\" content=\"j.olejniczak\" \/>\n\t<meta name=\"twitter:label2\" content=\"Szacowany czas czytania\" \/>\n\t<meta name=\"twitter:data2\" content=\"2 minuty\" \/>\n<script type=\"application\/ld+json\" class=\"yoast-schema-graph\">{\"@context\":\"https:\\\/\\\/schema.org\",\"@graph\":[{\"@type\":\"Article\",\"@id\":\"https:\\\/\\\/biblioteka-gabin.pl\\\/index.php\\\/2025\\\/09\\\/24\\\/konkurs-pt-jesienny-bukiet\\\/#article\",\"isPartOf\":{\"@id\":\"https:\\\/\\\/biblioteka-gabin.pl\\\/index.php\\\/2025\\\/09\\\/24\\\/konkurs-pt-jesienny-bukiet\\\/\"},\"author\":{\"name\":\"j.olejniczak\",\"@id\":\"https:\\\/\\\/biblioteka-gabin.pl\\\/#\\\/schema\\\/person\\\/c6271403c55804b0c90b1abcdc89a4be\"},\"headline\":\"Konkurs pt. &#8222;Jesienny bukiet&#8221;\",\"datePublished\":\"2025-09-24T13:26:23+00:00\",\"dateModified\":\"2025-10-07T14:27:55+00:00\",\"mainEntityOfPage\":{\"@id\":\"https:\\\/\\\/biblioteka-gabin.pl\\\/index.php\\\/2025\\\/09\\\/24\\\/konkurs-pt-jesienny-bukiet\\\/\"},\"wordCount\":95,\"commentCount\":0,\"publisher\":{\"@id\":\"https:\\\/\\\/biblioteka-gabin.pl\\\/#organization\"},\"image\":{\"@id\":\"https:\\\/\\\/biblioteka-gabin.pl\\\/index.php\\\/2025\\\/09\\\/24\\\/konkurs-pt-jesienny-bukiet\\\/#primaryimage\"},\"thumbnailUrl\":\"http:\\\/\\\/biblioteka-gabin.pl\\\/wp-content\\\/uploads\\\/2025\\\/09\\\/KONKURS-Jesienny-bukiet2.png\",\"articleSection\":[\"Main\"],\"inLanguage\":\"pl-PL\",\"potentialAction\":[{\"@type\":\"CommentAction\",\"name\":\"Comment\",\"target\":[\"https:\\\/\\\/biblioteka-gabin.pl\\\/index.php\\\/2025\\\/09\\\/24\\\/konkurs-pt-jesienny-bukiet\\\/#respond\"]}]},{\"@type\":\"WebPage\",\"@id\":\"https:\\\/\\\/biblioteka-gabin.pl\\\/index.php\\\/2025\\\/09\\\/24\\\/konkurs-pt-jesienny-bukiet\\\/\",\"url\":\"https:\\\/\\\/biblioteka-gabin.pl\\\/index.php\\\/2025\\\/09\\\/24\\\/konkurs-pt-jesienny-bukiet\\\/\",\"name\":\"Konkurs pt. \\\"Jesienny bukiet\\\" - Miejsko-Gminna Biblioteka Publiczna w G\u0105binie\",\"isPartOf\":{\"@id\":\"https:\\\/\\\/biblioteka-gabin.pl\\\/#website\"},\"primaryImageOfPage\":{\"@id\":\"https:\\\/\\\/biblioteka-gabin.pl\\\/index.php\\\/2025\\\/09\\\/24\\\/konkurs-pt-jesienny-bukiet\\\/#primaryimage\"},\"image\":{\"@id\":\"https:\\\/\\\/biblioteka-gabin.pl\\\/index.php\\\/2025\\\/09\\\/24\\\/konkurs-pt-jesienny-bukiet\\\/#primaryimage\"},\"thumbnailUrl\":\"http:\\\/\\\/biblioteka-gabin.pl\\\/wp-content\\\/uploads\\\/2025\\\/09\\\/KONKURS-Jesienny-bukiet2.png\",\"datePublished\":\"2025-09-24T13:26:23+00:00\",\"dateModified\":\"2025-10-07T14:27:55+00:00\",\"breadcrumb\":{\"@id\":\"https:\\\/\\\/biblioteka-gabin.pl\\\/index.php\\\/2025\\\/09\\\/24\\\/konkurs-pt-jesienny-bukiet\\\/#breadcrumb\"},\"inLanguage\":\"pl-PL\",\"potentialAction\":[{\"@type\":\"ReadAction\",\"target\":[\"https:\\\/\\\/biblioteka-gabin.pl\\\/index.php\\\/2025\\\/09\\\/24\\\/konkurs-pt-jesienny-bukiet\\\/\"]}]},{\"@type\":\"ImageObject\",\"inLanguage\":\"pl-PL\",\"@id\":\"https:\\\/\\\/biblioteka-gabin.pl\\\/index.php\\\/2025\\\/09\\\/24\\\/konkurs-pt-jesienny-bukiet\\\/#primaryimage\",\"url\":\"http:\\\/\\\/biblioteka-gabin.pl\\\/wp-content\\\/uploads\\\/2025\\\/09\\\/KONKURS-Jesienny-bukiet2.png\",\"contentUrl\":\"http:\\\/\\\/biblioteka-gabin.pl\\\/wp-content\\\/uploads\\\/2025\\\/09\\\/KONKURS-Jesienny-bukiet2.png\",\"width\":1587,\"height\":2245},{\"@type\":\"BreadcrumbList\",\"@id\":\"https:\\\/\\\/biblioteka-gabin.pl\\\/index.php\\\/2025\\\/09\\\/24\\\/konkurs-pt-jesienny-bukiet\\\/#breadcrumb\",\"itemListElement\":[{\"@type\":\"ListItem\",\"position\":1,\"name\":\"Strona g\u0142\u00f3wna\",\"item\":\"https:\\\/\\\/biblioteka-gabin.pl\\\/\"},{\"@type\":\"ListItem\",\"position\":2,\"name\":\"Konkurs pt. &#8222;Jesienny bukiet&#8221;\"}]},{\"@type\":\"WebSite\",\"@id\":\"https:\\\/\\\/biblioteka-gabin.pl\\\/#website\",\"url\":\"https:\\\/\\\/biblioteka-gabin.pl\\\/\",\"name\":\"Miejsko-Gminna Biblioteka Publiczna w G\u0105binie\",\"description\":\"\",\"publisher\":{\"@id\":\"https:\\\/\\\/biblioteka-gabin.pl\\\/#organization\"},\"potentialAction\":[{\"@type\":\"SearchAction\",\"target\":{\"@type\":\"EntryPoint\",\"urlTemplate\":\"https:\\\/\\\/biblioteka-gabin.pl\\\/?s={search_term_string}\"},\"query-input\":{\"@type\":\"PropertyValueSpecification\",\"valueRequired\":true,\"valueName\":\"search_term_string\"}}],\"inLanguage\":\"pl-PL\"},{\"@type\":\"Organization\",\"@id\":\"https:\\\/\\\/biblioteka-gabin.pl\\\/#organization\",\"name\":\"Miejsko-Gminna Biblioteka Publiczna w G\u0105binie\",\"url\":\"https:\\\/\\\/biblioteka-gabin.pl\\\/\",\"logo\":{\"@type\":\"ImageObject\",\"inLanguage\":\"pl-PL\",\"@id\":\"https:\\\/\\\/biblioteka-gabin.pl\\\/#\\\/schema\\\/logo\\\/image\\\/\",\"url\":\"https:\\\/\\\/biblioteka-gabin.pl\\\/wp-content\\\/uploads\\\/2025\\\/03\\\/logo-biblioteka-2-1657013691-1.jpg\",\"contentUrl\":\"https:\\\/\\\/biblioteka-gabin.pl\\\/wp-content\\\/uploads\\\/2025\\\/03\\\/logo-biblioteka-2-1657013691-1.jpg\",\"width\":1600,\"height\":772,\"caption\":\"Miejsko-Gminna Biblioteka Publiczna w G\u0105binie\"},\"image\":{\"@id\":\"https:\\\/\\\/biblioteka-gabin.pl\\\/#\\\/schema\\\/logo\\\/image\\\/\"},\"sameAs\":[\"https:\\\/\\\/www.facebook.com\\\/bibliotekagabin\",\"https:\\\/\\\/www.youtube.com\\\/@mgbpgabin9392\"]},{\"@type\":\"Person\",\"@id\":\"https:\\\/\\\/biblioteka-gabin.pl\\\/#\\\/schema\\\/person\\\/c6271403c55804b0c90b1abcdc89a4be\",\"name\":\"j.olejniczak\",\"image\":{\"@type\":\"ImageObject\",\"inLanguage\":\"pl-PL\",\"@id\":\"https:\\\/\\\/secure.gravatar.com\\\/avatar\\\/926a0e21a6bc9c5f3d8b7350eef4c1328c61093f6afee787beeac212421b433a?s=96&d=mm&r=g\",\"url\":\"https:\\\/\\\/secure.gravatar.com\\\/avatar\\\/926a0e21a6bc9c5f3d8b7350eef4c1328c61093f6afee787beeac212421b433a?s=96&d=mm&r=g\",\"contentUrl\":\"https:\\\/\\\/secure.gravatar.com\\\/avatar\\\/926a0e21a6bc9c5f3d8b7350eef4c1328c61093f6afee787beeac212421b433a?s=96&d=mm&r=g\",\"caption\":\"j.olejniczak\"},\"sameAs\":[\"http:\\\/\\\/www.biblioteka-gabin.pl\"],\"url\":\"http:\\\/\\\/biblioteka-gabin.pl\\\/index.php\\\/author\\\/j-olejniczak\\\/\"}]}<\/script>\n<!-- \/ Yoast SEO plugin. -->","yoast_head_json":{"title":"Konkurs pt. \"Jesienny bukiet\" - Miejsko-Gminna Biblioteka Publiczna w G\u0105binie","robots":{"index":"index","follow":"follow","max-snippet":"max-snippet:-1","max-image-preview":"max-image-preview:large","max-video-preview":"max-video-preview:-1"},"canonical":"https:\/\/biblioteka-gabin.pl\/index.php\/2025\/09\/24\/konkurs-pt-jesienny-bukiet\/","og_locale":"pl_PL","og_type":"article","og_title":"Konkurs pt. \"Jesienny bukiet\" - Miejsko-Gminna Biblioteka Publiczna w G\u0105binie","og_description":"KONKURS dla dzieci i m\u0142odzie\u017cy! Serdecznie zapraszamy wszystkie dzieci i","og_url":"https:\/\/biblioteka-gabin.pl\/index.php\/2025\/09\/24\/konkurs-pt-jesienny-bukiet\/","og_site_name":"Miejsko-Gminna Biblioteka Publiczna w G\u0105binie","article_publisher":"https:\/\/www.facebook.com\/bibliotekagabin","article_published_time":"2025-09-24T13:26:23+00:00","article_modified_time":"2025-10-07T14:27:55+00:00","og_image":[{"width":1587,"height":2245,"url":"https:\/\/biblioteka-gabin.pl\/wp-content\/uploads\/2025\/09\/KONKURS-Jesienny-bukiet2.png","type":"image\/png"}],"author":"j.olejniczak","twitter_card":"summary_large_image","twitter_misc":{"Napisane przez":"j.olejniczak","Szacowany czas czytania":"2 minuty"},"schema":{"@context":"https:\/\/schema.org","@graph":[{"@type":"Article","@id":"https:\/\/biblioteka-gabin.pl\/index.php\/2025\/09\/24\/konkurs-pt-jesienny-bukiet\/#article","isPartOf":{"@id":"https:\/\/biblioteka-gabin.pl\/index.php\/2025\/09\/24\/konkurs-pt-jesienny-bukiet\/"},"author":{"name":"j.olejniczak","@id":"https:\/\/biblioteka-gabin.pl\/#\/schema\/person\/c6271403c55804b0c90b1abcdc89a4be"},"headline":"Konkurs pt. &#8222;Jesienny bukiet&#8221;","datePublished":"2025-09-24T13:26:23+00:00","dateModified":"2025-10-07T14:27:55+00:00","mainEntityOfPage":{"@id":"https:\/\/biblioteka-gabin.pl\/index.php\/2025\/09\/24\/konkurs-pt-jesienny-bukiet\/"},"wordCount":95,"commentCount":0,"publisher":{"@id":"https:\/\/biblioteka-gabin.pl\/#organization"},"image":{"@id":"https:\/\/biblioteka-gabin.pl\/index.php\/2025\/09\/24\/konkurs-pt-jesienny-bukiet\/#primaryimage"},"thumbnailUrl":"http:\/\/biblioteka-gabin.pl\/wp-content\/uploads\/2025\/09\/KONKURS-Jesienny-bukiet2.png","articleSection":["Main"],"inLanguage":"pl-PL","potentialAction":[{"@type":"CommentAction","name":"Comment","target":["https:\/\/biblioteka-gabin.pl\/index.php\/2025\/09\/24\/konkurs-pt-jesienny-bukiet\/#respond"]}]},{"@type":"WebPage","@id":"https:\/\/biblioteka-gabin.pl\/index.php\/2025\/09\/24\/konkurs-pt-jesienny-bukiet\/","url":"https:\/\/biblioteka-gabin.pl\/index.php\/2025\/09\/24\/konkurs-pt-jesienny-bukiet\/","name":"Konkurs pt. \"Jesienny bukiet\" - Miejsko-Gminna Biblioteka Publiczna w G\u0105binie","isPartOf":{"@id":"https:\/\/biblioteka-gabin.pl\/#website"},"primaryImageOfPage":{"@id":"https:\/\/biblioteka-gabin.pl\/index.php\/2025\/09\/24\/konkurs-pt-jesienny-bukiet\/#primaryimage"},"image":{"@id":"https:\/\/biblioteka-gabin.pl\/index.php\/2025\/09\/24\/konkurs-pt-jesienny-bukiet\/#primaryimage"},"thumbnailUrl":"http:\/\/biblioteka-gabin.pl\/wp-content\/uploads\/2025\/09\/KONKURS-Jesienny-bukiet2.png","datePublished":"2025-09-24T13:26:23+00:00","dateModified":"2025-10-07T14:27:55+00:00","breadcrumb":{"@id":"https:\/\/biblioteka-gabin.pl\/index.php\/2025\/09\/24\/konkurs-pt-jesienny-bukiet\/#breadcrumb"},"inLanguage":"pl-PL","potentialAction":[{"@type":"ReadAction","target":["https:\/\/biblioteka-gabin.pl\/index.php\/2025\/09\/24\/konkurs-pt-jesienny-bukiet\/"]}]},{"@type":"ImageObject","inLanguage":"pl-PL","@id":"https:\/\/biblioteka-gabin.pl\/index.php\/2025\/09\/24\/konkurs-pt-jesienny-bukiet\/#primaryimage","url":"http:\/\/biblioteka-gabin.pl\/wp-content\/uploads\/2025\/09\/KONKURS-Jesienny-bukiet2.png","contentUrl":"http:\/\/biblioteka-gabin.pl\/wp-content\/uploads\/2025\/09\/KONKURS-Jesienny-bukiet2.png","width":1587,"height":2245},{"@type":"BreadcrumbList","@id":"https:\/\/biblioteka-gabin.pl\/index.php\/2025\/09\/24\/konkurs-pt-jesienny-bukiet\/#breadcrumb","itemListElement":[{"@type":"ListItem","position":1,"name":"Strona g\u0142\u00f3wna","item":"https:\/\/biblioteka-gabin.pl\/"},{"@type":"ListItem","position":2,"name":"Konkurs pt. &#8222;Jesienny bukiet&#8221;"}]},{"@type":"WebSite","@id":"https:\/\/biblioteka-gabin.pl\/#website","url":"https:\/\/biblioteka-gabin.pl\/","name":"Miejsko-Gminna Biblioteka Publiczna w G\u0105binie","description":"","publisher":{"@id":"https:\/\/biblioteka-gabin.pl\/#organization"},"potentialAction":[{"@type":"SearchAction","target":{"@type":"EntryPoint","urlTemplate":"https:\/\/biblioteka-gabin.pl\/?s={search_term_string}"},"query-input":{"@type":"PropertyValueSpecification","valueRequired":true,"valueName":"search_term_string"}}],"inLanguage":"pl-PL"},{"@type":"Organization","@id":"https:\/\/biblioteka-gabin.pl\/#organization","name":"Miejsko-Gminna Biblioteka Publiczna w G\u0105binie","url":"https:\/\/biblioteka-gabin.pl\/","logo":{"@type":"ImageObject","inLanguage":"pl-PL","@id":"https:\/\/biblioteka-gabin.pl\/#\/schema\/logo\/image\/","url":"https:\/\/biblioteka-gabin.pl\/wp-content\/uploads\/2025\/03\/logo-biblioteka-2-1657013691-1.jpg","contentUrl":"https:\/\/biblioteka-gabin.pl\/wp-content\/uploads\/2025\/03\/logo-biblioteka-2-1657013691-1.jpg","width":1600,"height":772,"caption":"Miejsko-Gminna Biblioteka Publiczna w G\u0105binie"},"image":{"@id":"https:\/\/biblioteka-gabin.pl\/#\/schema\/logo\/image\/"},"sameAs":["https:\/\/www.facebook.com\/bibliotekagabin","https:\/\/www.youtube.com\/@mgbpgabin9392"]},{"@type":"Person","@id":"https:\/\/biblioteka-gabin.pl\/#\/schema\/person\/c6271403c55804b0c90b1abcdc89a4be","name":"j.olejniczak","image":{"@type":"ImageObject","inLanguage":"pl-PL","@id":"https:\/\/secure.gravatar.com\/avatar\/926a0e21a6bc9c5f3d8b7350eef4c1328c61093f6afee787beeac212421b433a?s=96&d=mm&r=g","url":"https:\/\/secure.gravatar.com\/avatar\/926a0e21a6bc9c5f3d8b7350eef4c1328c61093f6afee787beeac212421b433a?s=96&d=mm&r=g","contentUrl":"https:\/\/secure.gravatar.com\/avatar\/926a0e21a6bc9c5f3d8b7350eef4c1328c61093f6afee787beeac212421b433a?s=96&d=mm&r=g","caption":"j.olejniczak"},"sameAs":["http:\/\/www.biblioteka-gabin.pl"],"url":"http:\/\/biblioteka-gabin.pl\/index.php\/author\/j-olejniczak\/"}]}},"_links":{"self":[{"href":"http:\/\/biblioteka-gabin.pl\/index.php\/wp-json\/wp\/v2\/posts\/1521","targetHints":{"allow":["GET"]}}],"collection":[{"href":"http:\/\/biblioteka-gabin.pl\/index.php\/wp-json\/wp\/v2\/posts"}],"about":[{"href":"http:\/\/biblioteka-gabin.pl\/index.php\/wp-json\/wp\/v2\/types\/post"}],"author":[{"embeddable":true,"href":"http:\/\/biblioteka-gabin.pl\/index.php\/wp-json\/wp\/v2\/users\/5"}],"replies":[{"embeddable":true,"href":"http:\/\/biblioteka-gabin.pl\/index.php\/wp-json\/wp\/v2\/comments?post=1521"}],"version-history":[{"count":4,"href":"http:\/\/biblioteka-gabin.pl\/index.php\/wp-json\/wp\/v2\/posts\/1521\/revisions"}],"predecessor-version":[{"id":1589,"href":"http:\/\/biblioteka-gabin.pl\/index.php\/wp-json\/wp\/v2\/posts\/1521\/revisions\/1589"}],"wp:featuredmedia":[{"embeddable":true,"href":"http:\/\/biblioteka-gabin.pl\/index.php\/wp-json\/wp\/v2\/media\/1522"}],"wp:attachment":[{"href":"http:\/\/biblioteka-gabin.pl\/index.php\/wp-json\/wp\/v2\/media?parent=1521"}],"wp:term":[{"taxonomy":"category","embeddable":true,"href":"http:\/\/biblioteka-gabin.pl\/index.php\/wp-json\/wp\/v2\/categories?post=1521"},{"taxonomy":"post_tag","embeddable":true,"href":"http:\/\/biblioteka-gabin.pl\/index.php\/wp-json\/wp\/v2\/tags?post=1521"}],"curies":[{"name":"wp","href":"https:\/\/api.w.org\/{rel}","templated":true}]}}