{"id":8053,"date":"2025-05-29T00:00:00","date_gmt":"2025-05-29T00:00:00","guid":{"rendered":"https:\/\/biblioteka-gabin.pl\/index.php\/2025\/05\/29\/konkurs-recytatorski-pieknie-byc-czlowiekiem-22-maja-2025r-zdjecia\/"},"modified":"2025-05-29T00:00:00","modified_gmt":"2025-05-29T00:00:00","slug":"konkurs-recytatorski-pieknie-byc-czlowiekiem-22-maja-2025r-zdjecia","status":"publish","type":"post","link":"http:\/\/biblioteka-gabin.pl\/index.php\/2025\/05\/29\/konkurs-recytatorski-pieknie-byc-czlowiekiem-22-maja-2025r-zdjecia\/","title":{"rendered":"Konkurs recytatorski &#8222;Pi\u0119knie byc cz\u0142owiekiem&#8221; (22 maja 2025r. ) [ZDJ\u0118CIA]"},"content":{"rendered":"<p>W dniu 22 maja 2025r. w Miejsko-Gminnej Bibliotece Publicznej w G\u0105binie odby\u0142y si\u0119 eliminacje do Rejonowego Konkursu Recytatorskiego im. Janusza Korczaka pt. \u201ePi\u0119knie by\u0107 cz\u0142owiekiem\u201d- XLVI edycja. Tegorocznym motywem przewodnim by\u0142a nadzieja w codziennym \u017cyciu- warto\u015b\u0107 szczeg\u00f3lnie cenna w dzisiejszym, cz\u0119sto zabieganym i pe\u0142nym wyzwa\u0144 \u015bwiecie.<br \/>\n\u00a0W konkursie wzi\u0119li udzia\u0142 uczniowie w kategorii wiekowej klasy I-III, IV-VI oraz VII-VIII z gminy G\u0105bin, \u0141\u0105ck oraz S\u0142ubice, kt\u00f3rzy z ogromnym zaanga\u017cowaniem i wra\u017cliwo\u015bci\u0105 zaprezentowali wybrane przez siebie wiersze i fragmenty prozy. Us\u0142yszeli\u015bmy klasyk\u00f3w literatury polskiej- takich jak Wis\u0142awa Szymborska, Czes\u0142aw Mi\u0142osz, Dorota Wawi\u0142ow, Hanna Niewiadomska.<br \/>\nKa\u017cda recytacja by\u0142a wyj\u0105tkowa i nios\u0142a ze sob\u0105 przes\u0142anie- o sile u\u015bmiechu, o potrzebie dobra, o tym, \u017ce nawet w najzwyklejszym dniu mo\u017cna znale\u017a\u0107 iskierk\u0119 nadziei.<br \/>\nKomisje konkursowe ocenia\u0142y nie tylko poprawno\u015b\u0107 recytacji, ale tak\u017ce interpretacj\u0119, dykcj\u0119 i wyraz artystyczny. Po burzliwych naradach przyznano nagrody i wyr\u00f3\u017cnienia. Ka\u017cdy z uczestnik\u00f3w otrzyma\u0142 nagrod\u0119 ksi\u0105\u017ckow\u0105 oraz s\u0142odki podarunek. Wszyscy zostali zwyci\u0119zcami, bo ka\u017cdy podzieli\u0142 si\u0119 cz\u0105stk\u0105 siebie i swojego spojrzenia na pi\u0119kno cz\u0142owiecze\u0144stwa.<br \/>\nKonkurs by\u0142 nie tylko artystycznym prze\u017cyciem, ale r\u00f3wnie\u017c refleksj\u0105 nad tym, jak wa\u017cne jest, by nie traci\u0107 nadziei- nawet w najzwyklejszym dniu. Bo w\u0142a\u015bnie wtedy najpi\u0119kniej wida\u0107, co to znaczy by\u0107 cz\u0142owiekiem.<br \/>\nKomisja w sk\u0142adzie:\u00a0 Artur Bedyk (przewodnicz\u0105cy), Aniela Borz\u0119cka, Maria Lewandowska, Maria Olszewska, Edyta Sta\u0144czak nagrodzi\u0142a uczni\u00f3w w kategorii wiekowej klas I-III oraz klasom VII-VIII.<br \/>\nKomisja w sk\u0142adzie: Joanna Sta\u0144czak (przewodnicz\u0105ca), Iwona Adamczyk, Barbara Golus, Monika Cicho\u0144ska, Kamilla Ostrowska nagrodzi\u0142a uczni\u00f3w w kategorii wiekowej klas IV-VI.<br \/>\nPrezentujemy zwyci\u0119zc\u00f3w:<br \/>\nKlasy I-III<br \/>\nI miejsce- \u0141ucja Kie\u0142basa<br \/>\nII miejsce- \u0141ukasz Molka<br \/>\nIII miejsce- Michalina \u0141opi\u0144ska<br \/>\nWyr\u00f3\u017cnienie- Sandra Olobry<br \/>\nKlasy IV-VI<br \/>\nI miejsce-Marcelina Elena Kowalewska<br \/>\nII miejsce- Wojciech Milczarek<br \/>\nIII miejsce- Maria Stawska<br \/>\nWyr\u00f3\u017cnienie- Hanna Leonarcik<br \/>\nKlasy VII-VIII<br \/>\nI miejsce-Zofia Grabus<br \/>\nII miejsce-Agnieszka Go\u015bciniak<br \/>\nIII miejsce-Mi\u0142osz Cierpikowski<br \/>\nWyr\u00f3\u017cnienie-Zuzanna Znajewska<br \/>\nPatronat Honorowy nad spotkaniem obj\u0105\u0142 Burmistrz Miasta i Gminy G\u0105bin Pan Krzysztof Jadczak.<br \/>\n<img src='https:\/\/biblioteka-gabin.pl\/wp-content\/uploads\/archive\/pliki\/obraz\/2025\/maj\/pzc0_phy.jpg'><br \/>\n<a href='https:\/\/biblioteka-gabin.pl\/wp-content\/uploads\/archive\/galleries\/684\/gktxeom-b7f31981be.jpg'><img style='max-height:300px;' src='https:\/\/biblioteka-gabin.pl\/wp-content\/uploads\/archive\/galleries\/684\/gktxeom-b7f31981be.jpg'><\/a><br \/>\n<a href='https:\/\/biblioteka-gabin.pl\/wp-content\/uploads\/archive\/galleries\/684\/eehawqop-0ed69d06a0.jpg'><img style='max-height:300px;' src='https:\/\/biblioteka-gabin.pl\/wp-content\/uploads\/archive\/galleries\/684\/eehawqop-0ed69d06a0.jpg'><\/a><br \/>\n<a href='https:\/\/biblioteka-gabin.pl\/wp-content\/uploads\/archive\/galleries\/684\/1sqznroc-feba947ae1.jpg'><img style='max-height:300px;' src='https:\/\/biblioteka-gabin.pl\/wp-content\/uploads\/archive\/galleries\/684\/1sqznroc-feba947ae1.jpg'><\/a><br \/>\n<a href='https:\/\/biblioteka-gabin.pl\/wp-content\/uploads\/archive\/galleries\/684\/2ceerh9p-880d9eb6d0.jpg'><img style='max-height:300px;' src='https:\/\/biblioteka-gabin.pl\/wp-content\/uploads\/archive\/galleries\/684\/2ceerh9p-880d9eb6d0.jpg'><\/a><br \/>\n<a href='https:\/\/biblioteka-gabin.pl\/wp-content\/uploads\/archive\/galleries\/684\/20nsmm73-84fe0e938f.jpg'><img style='max-height:300px;' src='https:\/\/biblioteka-gabin.pl\/wp-content\/uploads\/archive\/galleries\/684\/20nsmm73-84fe0e938f.jpg'><\/a><br \/>\n<a href='https:\/\/biblioteka-gabin.pl\/wp-content\/uploads\/archive\/galleries\/684\/onxh01vl-bc20a7e04c.jpg'><img style='max-height:300px;' src='https:\/\/biblioteka-gabin.pl\/wp-content\/uploads\/archive\/galleries\/684\/onxh01vl-bc20a7e04c.jpg'><\/a><br \/>\n<a href='https:\/\/biblioteka-gabin.pl\/wp-content\/uploads\/archive\/galleries\/684\/koeb6lmm-b84758a60c.jpg'><img style='max-height:300px;' src='https:\/\/biblioteka-gabin.pl\/wp-content\/uploads\/archive\/galleries\/684\/koeb6lmm-b84758a60c.jpg'><\/a><br \/>\n<a href='https:\/\/biblioteka-gabin.pl\/wp-content\/uploads\/archive\/galleries\/684\/32k5oh54-1286e02a36.jpg'><img style='max-height:300px;' src='https:\/\/biblioteka-gabin.pl\/wp-content\/uploads\/archive\/galleries\/684\/32k5oh54-1286e02a36.jpg'><\/a><br \/>\n<a href='https:\/\/biblioteka-gabin.pl\/wp-content\/uploads\/archive\/galleries\/684\/3k8mkt-f-09c95f2c16.jpg'><img style='max-height:300px;' src='https:\/\/biblioteka-gabin.pl\/wp-content\/uploads\/archive\/galleries\/684\/3k8mkt-f-09c95f2c16.jpg'><\/a><br \/>\n<a href='https:\/\/biblioteka-gabin.pl\/wp-content\/uploads\/archive\/galleries\/684\/p0cpazxg-d9c8995ad6.jpg'><img style='max-height:300px;' src='https:\/\/biblioteka-gabin.pl\/wp-content\/uploads\/archive\/galleries\/684\/p0cpazxg-d9c8995ad6.jpg'><\/a><br \/>\n<a href='https:\/\/biblioteka-gabin.pl\/wp-content\/uploads\/archive\/galleries\/684\/ukkujpuk-a6be435ca7.jpg'><img style='max-height:300px;' src='https:\/\/biblioteka-gabin.pl\/wp-content\/uploads\/archive\/galleries\/684\/ukkujpuk-a6be435ca7.jpg'><\/a><br \/>\n<a href='https:\/\/biblioteka-gabin.pl\/wp-content\/uploads\/archive\/galleries\/684\/pxgo0zc-4cc94f1f9a.jpg'><img style='max-height:300px;' src='https:\/\/biblioteka-gabin.pl\/wp-content\/uploads\/archive\/galleries\/684\/pxgo0zc-4cc94f1f9a.jpg'><\/a><br \/>\n<a href='https:\/\/biblioteka-gabin.pl\/wp-content\/uploads\/archive\/galleries\/684\/owydconu-9361a20a36.jpg'><img style='max-height:300px;' src='https:\/\/biblioteka-gabin.pl\/wp-content\/uploads\/archive\/galleries\/684\/owydconu-9361a20a36.jpg'><\/a><br \/>\n<a href='https:\/\/biblioteka-gabin.pl\/wp-content\/uploads\/archive\/galleries\/684\/tunht9wr-2def613eb8.jpg'><img style='max-height:300px;' src='https:\/\/biblioteka-gabin.pl\/wp-content\/uploads\/archive\/galleries\/684\/tunht9wr-2def613eb8.jpg'><\/a><br \/>\n<a href='https:\/\/biblioteka-gabin.pl\/wp-content\/uploads\/archive\/galleries\/684\/twty21re-1904eabb85.jpg'><img style='max-height:300px;' src='https:\/\/biblioteka-gabin.pl\/wp-content\/uploads\/archive\/galleries\/684\/twty21re-1904eabb85.jpg'><\/a><br \/>\n<a href='https:\/\/biblioteka-gabin.pl\/wp-content\/uploads\/archive\/galleries\/684\/tkeabj8t-9c44b46c48.jpg'><img style='max-height:300px;' src='https:\/\/biblioteka-gabin.pl\/wp-content\/uploads\/archive\/galleries\/684\/tkeabj8t-9c44b46c48.jpg'><\/a><br \/>\n<a href='https:\/\/biblioteka-gabin.pl\/wp-content\/uploads\/archive\/galleries\/684\/orn4dkxc-1ba13e7a05.jpg'><img style='max-height:300px;' src='https:\/\/biblioteka-gabin.pl\/wp-content\/uploads\/archive\/galleries\/684\/orn4dkxc-1ba13e7a05.jpg'><\/a><br \/>\n<a href='https:\/\/biblioteka-gabin.pl\/wp-content\/uploads\/archive\/galleries\/684\/wwz4hokw-cccd48ea1f.jpg'><img style='max-height:300px;' src='https:\/\/biblioteka-gabin.pl\/wp-content\/uploads\/archive\/galleries\/684\/wwz4hokw-cccd48ea1f.jpg'><\/a><br \/>\n<a href='https:\/\/biblioteka-gabin.pl\/wp-content\/uploads\/archive\/galleries\/684\/ocevgy0u-4c0a399b63.jpg'><img style='max-height:300px;' src='https:\/\/biblioteka-gabin.pl\/wp-content\/uploads\/archive\/galleries\/684\/ocevgy0u-4c0a399b63.jpg'><\/a><br \/>\n<a href='https:\/\/biblioteka-gabin.pl\/wp-content\/uploads\/archive\/galleries\/684\/njqjsnjj-fbb0803182.jpg'><img style='max-height:300px;' src='https:\/\/biblioteka-gabin.pl\/wp-content\/uploads\/archive\/galleries\/684\/njqjsnjj-fbb0803182.jpg'><\/a><br \/>\n<a href='https:\/\/biblioteka-gabin.pl\/wp-content\/uploads\/archive\/galleries\/684\/scg70tq-387a8cf4c5.jpg'><img style='max-height:300px;' src='https:\/\/biblioteka-gabin.pl\/wp-content\/uploads\/archive\/galleries\/684\/scg70tq-387a8cf4c5.jpg'><\/a><br \/>\n<a href='https:\/\/biblioteka-gabin.pl\/wp-content\/uploads\/archive\/galleries\/684\/pl0k3jlx-4b6cecf5d8.jpg'><img style='max-height:300px;' src='https:\/\/biblioteka-gabin.pl\/wp-content\/uploads\/archive\/galleries\/684\/pl0k3jlx-4b6cecf5d8.jpg'><\/a><br \/>\n<a href='https:\/\/biblioteka-gabin.pl\/wp-content\/uploads\/archive\/galleries\/684\/l-us29sh-e114959563.jpg'><img style='max-height:300px;' src='https:\/\/biblioteka-gabin.pl\/wp-content\/uploads\/archive\/galleries\/684\/l-us29sh-e114959563.jpg'><\/a><br \/>\n<a href='https:\/\/biblioteka-gabin.pl\/wp-content\/uploads\/archive\/galleries\/684\/luwljxgo-92f5c5b592.jpg'><img style='max-height:300px;' src='https:\/\/biblioteka-gabin.pl\/wp-content\/uploads\/archive\/galleries\/684\/luwljxgo-92f5c5b592.jpg'><\/a><br \/>\n<a href='https:\/\/biblioteka-gabin.pl\/wp-content\/uploads\/archive\/galleries\/684\/koeb6lmm-891061540f.jpg'><img style='max-height:300px;' src='https:\/\/biblioteka-gabin.pl\/wp-content\/uploads\/archive\/galleries\/684\/koeb6lmm-891061540f.jpg'><\/a><br \/>\n<a href='https:\/\/biblioteka-gabin.pl\/wp-content\/uploads\/archive\/galleries\/684\/fm7lj-bi-7bdc232c80.jpg'><img style='max-height:300px;' src='https:\/\/biblioteka-gabin.pl\/wp-content\/uploads\/archive\/galleries\/684\/fm7lj-bi-7bdc232c80.jpg'><\/a><br \/>\n<a href='https:\/\/biblioteka-gabin.pl\/wp-content\/uploads\/archive\/galleries\/684\/qqnem5fe-b16f25c70a.jpg'><img style='max-height:300px;' src='https:\/\/biblioteka-gabin.pl\/wp-content\/uploads\/archive\/galleries\/684\/qqnem5fe-b16f25c70a.jpg'><\/a><br \/>\n<a href='https:\/\/biblioteka-gabin.pl\/wp-content\/uploads\/archive\/galleries\/684\/p3-mm9ba-45449dac14.jpg'><img style='max-height:300px;' src='https:\/\/biblioteka-gabin.pl\/wp-content\/uploads\/archive\/galleries\/684\/p3-mm9ba-45449dac14.jpg'><\/a><br \/>\n<a href='https:\/\/biblioteka-gabin.pl\/wp-content\/uploads\/archive\/galleries\/684\/3wjbpprb-e436e69199.jpg'><img style='max-height:300px;' src='https:\/\/biblioteka-gabin.pl\/wp-content\/uploads\/archive\/galleries\/684\/3wjbpprb-e436e69199.jpg'><\/a><br \/>\n<a href='https:\/\/biblioteka-gabin.pl\/wp-content\/uploads\/archive\/galleries\/684\/cl33lcnq-15bd7bdbed.jpg'><img style='max-height:300px;' src='https:\/\/biblioteka-gabin.pl\/wp-content\/uploads\/archive\/galleries\/684\/cl33lcnq-15bd7bdbed.jpg'><\/a><\/p>\n","protected":false},"excerpt":{"rendered":"<p>W dniu 22 maja 2025r. w Miejsko-Gminnej Bibliotece Publicznej w<\/p>\n","protected":false},"author":1,"featured_media":0,"comment_status":"open","ping_status":"open","sticky":false,"template":"","format":"standard","meta":{"footnotes":""},"categories":[36],"tags":[],"class_list":["post-8053","post","type-post","status-publish","format-standard","hentry","category-main"],"yoast_head":"<!-- This site is optimized with the Yoast SEO plugin v27.4 - https:\/\/yoast.com\/product\/yoast-seo-wordpress\/ -->\n<title>Konkurs recytatorski &quot;Pi\u0119knie byc cz\u0142owiekiem&quot; (22 maja 2025r. ) [ZDJ\u0118CIA] - Miejsko-Gminna Biblioteka Publiczna w G\u0105binie<\/title>\n<meta name=\"robots\" content=\"index, follow, max-snippet:-1, max-image-preview:large, max-video-preview:-1\" \/>\n<link rel=\"canonical\" href=\"http:\/\/biblioteka-gabin.pl\/index.php\/2025\/05\/29\/konkurs-recytatorski-pieknie-byc-czlowiekiem-22-maja-2025r-zdjecia\/\" \/>\n<meta property=\"og:locale\" content=\"pl_PL\" \/>\n<meta property=\"og:type\" content=\"article\" \/>\n<meta property=\"og:title\" content=\"Konkurs recytatorski &quot;Pi\u0119knie byc cz\u0142owiekiem&quot; (22 maja 2025r. ) [ZDJ\u0118CIA] - Miejsko-Gminna Biblioteka Publiczna w G\u0105binie\" \/>\n<meta property=\"og:description\" content=\"W dniu 22 maja 2025r. w Miejsko-Gminnej Bibliotece Publicznej w\" \/>\n<meta property=\"og:url\" content=\"http:\/\/biblioteka-gabin.pl\/index.php\/2025\/05\/29\/konkurs-recytatorski-pieknie-byc-czlowiekiem-22-maja-2025r-zdjecia\/\" \/>\n<meta property=\"og:site_name\" content=\"Miejsko-Gminna Biblioteka Publiczna w G\u0105binie\" \/>\n<meta property=\"article:publisher\" content=\"https:\/\/www.facebook.com\/bibliotekagabin\" \/>\n<meta property=\"article:published_time\" content=\"2025-05-29T00:00:00+00:00\" \/>\n<meta property=\"og:image\" content=\"https:\/\/biblioteka-gabin.pl\/wp-content\/uploads\/archive\/pliki\/obraz\/2025\/maj\/pzc0_phy.jpg\" \/>\n<meta name=\"author\" content=\"admin\" \/>\n<meta name=\"twitter:card\" content=\"summary_large_image\" \/>\n<meta name=\"twitter:label1\" content=\"Napisane przez\" \/>\n\t<meta name=\"twitter:data1\" content=\"admin\" \/>\n\t<meta name=\"twitter:label2\" content=\"Szacowany czas czytania\" \/>\n\t<meta name=\"twitter:data2\" content=\"2 minuty\" \/>\n<script type=\"application\/ld+json\" class=\"yoast-schema-graph\">{\"@context\":\"https:\\\/\\\/schema.org\",\"@graph\":[{\"@type\":\"Article\",\"@id\":\"http:\\\/\\\/biblioteka-gabin.pl\\\/index.php\\\/2025\\\/05\\\/29\\\/konkurs-recytatorski-pieknie-byc-czlowiekiem-22-maja-2025r-zdjecia\\\/#article\",\"isPartOf\":{\"@id\":\"http:\\\/\\\/biblioteka-gabin.pl\\\/index.php\\\/2025\\\/05\\\/29\\\/konkurs-recytatorski-pieknie-byc-czlowiekiem-22-maja-2025r-zdjecia\\\/\"},\"author\":{\"name\":\"admin\",\"@id\":\"https:\\\/\\\/biblioteka-gabin.pl\\\/#\\\/schema\\\/person\\\/2067b97c24663d987ef6ef95bed7c99a\"},\"headline\":\"Konkurs recytatorski &#8222;Pi\u0119knie byc cz\u0142owiekiem&#8221; (22 maja 2025r. ) [ZDJ\u0118CIA]\",\"datePublished\":\"2025-05-29T00:00:00+00:00\",\"mainEntityOfPage\":{\"@id\":\"http:\\\/\\\/biblioteka-gabin.pl\\\/index.php\\\/2025\\\/05\\\/29\\\/konkurs-recytatorski-pieknie-byc-czlowiekiem-22-maja-2025r-zdjecia\\\/\"},\"wordCount\":385,\"commentCount\":0,\"publisher\":{\"@id\":\"https:\\\/\\\/biblioteka-gabin.pl\\\/#organization\"},\"image\":{\"@id\":\"http:\\\/\\\/biblioteka-gabin.pl\\\/index.php\\\/2025\\\/05\\\/29\\\/konkurs-recytatorski-pieknie-byc-czlowiekiem-22-maja-2025r-zdjecia\\\/#primaryimage\"},\"thumbnailUrl\":\"https:\\\/\\\/biblioteka-gabin.pl\\\/wp-content\\\/uploads\\\/archive\\\/pliki\\\/obraz\\\/2025\\\/maj\\\/pzc0_phy.jpg\",\"articleSection\":[\"Main\"],\"inLanguage\":\"pl-PL\",\"potentialAction\":[{\"@type\":\"CommentAction\",\"name\":\"Comment\",\"target\":[\"http:\\\/\\\/biblioteka-gabin.pl\\\/index.php\\\/2025\\\/05\\\/29\\\/konkurs-recytatorski-pieknie-byc-czlowiekiem-22-maja-2025r-zdjecia\\\/#respond\"]}]},{\"@type\":\"WebPage\",\"@id\":\"http:\\\/\\\/biblioteka-gabin.pl\\\/index.php\\\/2025\\\/05\\\/29\\\/konkurs-recytatorski-pieknie-byc-czlowiekiem-22-maja-2025r-zdjecia\\\/\",\"url\":\"http:\\\/\\\/biblioteka-gabin.pl\\\/index.php\\\/2025\\\/05\\\/29\\\/konkurs-recytatorski-pieknie-byc-czlowiekiem-22-maja-2025r-zdjecia\\\/\",\"name\":\"Konkurs recytatorski \\\"Pi\u0119knie byc cz\u0142owiekiem\\\" (22 maja 2025r. ) [ZDJ\u0118CIA] - Miejsko-Gminna Biblioteka Publiczna w G\u0105binie\",\"isPartOf\":{\"@id\":\"https:\\\/\\\/biblioteka-gabin.pl\\\/#website\"},\"primaryImageOfPage\":{\"@id\":\"http:\\\/\\\/biblioteka-gabin.pl\\\/index.php\\\/2025\\\/05\\\/29\\\/konkurs-recytatorski-pieknie-byc-czlowiekiem-22-maja-2025r-zdjecia\\\/#primaryimage\"},\"image\":{\"@id\":\"http:\\\/\\\/biblioteka-gabin.pl\\\/index.php\\\/2025\\\/05\\\/29\\\/konkurs-recytatorski-pieknie-byc-czlowiekiem-22-maja-2025r-zdjecia\\\/#primaryimage\"},\"thumbnailUrl\":\"https:\\\/\\\/biblioteka-gabin.pl\\\/wp-content\\\/uploads\\\/archive\\\/pliki\\\/obraz\\\/2025\\\/maj\\\/pzc0_phy.jpg\",\"datePublished\":\"2025-05-29T00:00:00+00:00\",\"breadcrumb\":{\"@id\":\"http:\\\/\\\/biblioteka-gabin.pl\\\/index.php\\\/2025\\\/05\\\/29\\\/konkurs-recytatorski-pieknie-byc-czlowiekiem-22-maja-2025r-zdjecia\\\/#breadcrumb\"},\"inLanguage\":\"pl-PL\",\"potentialAction\":[{\"@type\":\"ReadAction\",\"target\":[\"http:\\\/\\\/biblioteka-gabin.pl\\\/index.php\\\/2025\\\/05\\\/29\\\/konkurs-recytatorski-pieknie-byc-czlowiekiem-22-maja-2025r-zdjecia\\\/\"]}]},{\"@type\":\"ImageObject\",\"inLanguage\":\"pl-PL\",\"@id\":\"http:\\\/\\\/biblioteka-gabin.pl\\\/index.php\\\/2025\\\/05\\\/29\\\/konkurs-recytatorski-pieknie-byc-czlowiekiem-22-maja-2025r-zdjecia\\\/#primaryimage\",\"url\":\"https:\\\/\\\/biblioteka-gabin.pl\\\/wp-content\\\/uploads\\\/archive\\\/pliki\\\/obraz\\\/2025\\\/maj\\\/pzc0_phy.jpg\",\"contentUrl\":\"https:\\\/\\\/biblioteka-gabin.pl\\\/wp-content\\\/uploads\\\/archive\\\/pliki\\\/obraz\\\/2025\\\/maj\\\/pzc0_phy.jpg\"},{\"@type\":\"BreadcrumbList\",\"@id\":\"http:\\\/\\\/biblioteka-gabin.pl\\\/index.php\\\/2025\\\/05\\\/29\\\/konkurs-recytatorski-pieknie-byc-czlowiekiem-22-maja-2025r-zdjecia\\\/#breadcrumb\",\"itemListElement\":[{\"@type\":\"ListItem\",\"position\":1,\"name\":\"Strona g\u0142\u00f3wna\",\"item\":\"https:\\\/\\\/biblioteka-gabin.pl\\\/\"},{\"@type\":\"ListItem\",\"position\":2,\"name\":\"Konkurs recytatorski &#8222;Pi\u0119knie byc cz\u0142owiekiem&#8221; (22 maja 2025r. ) [ZDJ\u0118CIA]\"}]},{\"@type\":\"WebSite\",\"@id\":\"https:\\\/\\\/biblioteka-gabin.pl\\\/#website\",\"url\":\"https:\\\/\\\/biblioteka-gabin.pl\\\/\",\"name\":\"Miejsko-Gminna Biblioteka Publiczna w G\u0105binie\",\"description\":\"\",\"publisher\":{\"@id\":\"https:\\\/\\\/biblioteka-gabin.pl\\\/#organization\"},\"potentialAction\":[{\"@type\":\"SearchAction\",\"target\":{\"@type\":\"EntryPoint\",\"urlTemplate\":\"https:\\\/\\\/biblioteka-gabin.pl\\\/?s={search_term_string}\"},\"query-input\":{\"@type\":\"PropertyValueSpecification\",\"valueRequired\":true,\"valueName\":\"search_term_string\"}}],\"inLanguage\":\"pl-PL\"},{\"@type\":\"Organization\",\"@id\":\"https:\\\/\\\/biblioteka-gabin.pl\\\/#organization\",\"name\":\"Miejsko-Gminna Biblioteka Publiczna w G\u0105binie\",\"url\":\"https:\\\/\\\/biblioteka-gabin.pl\\\/\",\"logo\":{\"@type\":\"ImageObject\",\"inLanguage\":\"pl-PL\",\"@id\":\"https:\\\/\\\/biblioteka-gabin.pl\\\/#\\\/schema\\\/logo\\\/image\\\/\",\"url\":\"https:\\\/\\\/biblioteka-gabin.pl\\\/wp-content\\\/uploads\\\/2025\\\/03\\\/logo-biblioteka-2-1657013691-1.jpg\",\"contentUrl\":\"https:\\\/\\\/biblioteka-gabin.pl\\\/wp-content\\\/uploads\\\/2025\\\/03\\\/logo-biblioteka-2-1657013691-1.jpg\",\"width\":1600,\"height\":772,\"caption\":\"Miejsko-Gminna Biblioteka Publiczna w G\u0105binie\"},\"image\":{\"@id\":\"https:\\\/\\\/biblioteka-gabin.pl\\\/#\\\/schema\\\/logo\\\/image\\\/\"},\"sameAs\":[\"https:\\\/\\\/www.facebook.com\\\/bibliotekagabin\",\"https:\\\/\\\/www.youtube.com\\\/@mgbpgabin9392\"]},{\"@type\":\"Person\",\"@id\":\"https:\\\/\\\/biblioteka-gabin.pl\\\/#\\\/schema\\\/person\\\/2067b97c24663d987ef6ef95bed7c99a\",\"name\":\"admin\",\"image\":{\"@type\":\"ImageObject\",\"inLanguage\":\"pl-PL\",\"@id\":\"https:\\\/\\\/secure.gravatar.com\\\/avatar\\\/e1843904e97b4e376a0fc90ae10372cd31bce9b207a7a3d2ca68fc7ca7e4174c?s=96&d=mm&r=g\",\"url\":\"https:\\\/\\\/secure.gravatar.com\\\/avatar\\\/e1843904e97b4e376a0fc90ae10372cd31bce9b207a7a3d2ca68fc7ca7e4174c?s=96&d=mm&r=g\",\"contentUrl\":\"https:\\\/\\\/secure.gravatar.com\\\/avatar\\\/e1843904e97b4e376a0fc90ae10372cd31bce9b207a7a3d2ca68fc7ca7e4174c?s=96&d=mm&r=g\",\"caption\":\"admin\"},\"sameAs\":[\"http:\\\/\\\/strona.biblioteka-gabin.pl\"],\"url\":\"http:\\\/\\\/biblioteka-gabin.pl\\\/index.php\\\/author\\\/admin\\\/\"}]}<\/script>\n<!-- \/ Yoast SEO plugin. -->","yoast_head_json":{"title":"Konkurs recytatorski \"Pi\u0119knie byc cz\u0142owiekiem\" (22 maja 2025r. ) [ZDJ\u0118CIA] - Miejsko-Gminna Biblioteka Publiczna w G\u0105binie","robots":{"index":"index","follow":"follow","max-snippet":"max-snippet:-1","max-image-preview":"max-image-preview:large","max-video-preview":"max-video-preview:-1"},"canonical":"http:\/\/biblioteka-gabin.pl\/index.php\/2025\/05\/29\/konkurs-recytatorski-pieknie-byc-czlowiekiem-22-maja-2025r-zdjecia\/","og_locale":"pl_PL","og_type":"article","og_title":"Konkurs recytatorski \"Pi\u0119knie byc cz\u0142owiekiem\" (22 maja 2025r. ) [ZDJ\u0118CIA] - Miejsko-Gminna Biblioteka Publiczna w G\u0105binie","og_description":"W dniu 22 maja 2025r. w Miejsko-Gminnej Bibliotece Publicznej w","og_url":"http:\/\/biblioteka-gabin.pl\/index.php\/2025\/05\/29\/konkurs-recytatorski-pieknie-byc-czlowiekiem-22-maja-2025r-zdjecia\/","og_site_name":"Miejsko-Gminna Biblioteka Publiczna w G\u0105binie","article_publisher":"https:\/\/www.facebook.com\/bibliotekagabin","article_published_time":"2025-05-29T00:00:00+00:00","og_image":[{"url":"https:\/\/biblioteka-gabin.pl\/wp-content\/uploads\/archive\/pliki\/obraz\/2025\/maj\/pzc0_phy.jpg","type":"","width":"","height":""}],"author":"admin","twitter_card":"summary_large_image","twitter_misc":{"Napisane przez":"admin","Szacowany czas czytania":"2 minuty"},"schema":{"@context":"https:\/\/schema.org","@graph":[{"@type":"Article","@id":"http:\/\/biblioteka-gabin.pl\/index.php\/2025\/05\/29\/konkurs-recytatorski-pieknie-byc-czlowiekiem-22-maja-2025r-zdjecia\/#article","isPartOf":{"@id":"http:\/\/biblioteka-gabin.pl\/index.php\/2025\/05\/29\/konkurs-recytatorski-pieknie-byc-czlowiekiem-22-maja-2025r-zdjecia\/"},"author":{"name":"admin","@id":"https:\/\/biblioteka-gabin.pl\/#\/schema\/person\/2067b97c24663d987ef6ef95bed7c99a"},"headline":"Konkurs recytatorski &#8222;Pi\u0119knie byc cz\u0142owiekiem&#8221; (22 maja 2025r. ) [ZDJ\u0118CIA]","datePublished":"2025-05-29T00:00:00+00:00","mainEntityOfPage":{"@id":"http:\/\/biblioteka-gabin.pl\/index.php\/2025\/05\/29\/konkurs-recytatorski-pieknie-byc-czlowiekiem-22-maja-2025r-zdjecia\/"},"wordCount":385,"commentCount":0,"publisher":{"@id":"https:\/\/biblioteka-gabin.pl\/#organization"},"image":{"@id":"http:\/\/biblioteka-gabin.pl\/index.php\/2025\/05\/29\/konkurs-recytatorski-pieknie-byc-czlowiekiem-22-maja-2025r-zdjecia\/#primaryimage"},"thumbnailUrl":"https:\/\/biblioteka-gabin.pl\/wp-content\/uploads\/archive\/pliki\/obraz\/2025\/maj\/pzc0_phy.jpg","articleSection":["Main"],"inLanguage":"pl-PL","potentialAction":[{"@type":"CommentAction","name":"Comment","target":["http:\/\/biblioteka-gabin.pl\/index.php\/2025\/05\/29\/konkurs-recytatorski-pieknie-byc-czlowiekiem-22-maja-2025r-zdjecia\/#respond"]}]},{"@type":"WebPage","@id":"http:\/\/biblioteka-gabin.pl\/index.php\/2025\/05\/29\/konkurs-recytatorski-pieknie-byc-czlowiekiem-22-maja-2025r-zdjecia\/","url":"http:\/\/biblioteka-gabin.pl\/index.php\/2025\/05\/29\/konkurs-recytatorski-pieknie-byc-czlowiekiem-22-maja-2025r-zdjecia\/","name":"Konkurs recytatorski \"Pi\u0119knie byc cz\u0142owiekiem\" (22 maja 2025r. ) [ZDJ\u0118CIA] - Miejsko-Gminna Biblioteka Publiczna w G\u0105binie","isPartOf":{"@id":"https:\/\/biblioteka-gabin.pl\/#website"},"primaryImageOfPage":{"@id":"http:\/\/biblioteka-gabin.pl\/index.php\/2025\/05\/29\/konkurs-recytatorski-pieknie-byc-czlowiekiem-22-maja-2025r-zdjecia\/#primaryimage"},"image":{"@id":"http:\/\/biblioteka-gabin.pl\/index.php\/2025\/05\/29\/konkurs-recytatorski-pieknie-byc-czlowiekiem-22-maja-2025r-zdjecia\/#primaryimage"},"thumbnailUrl":"https:\/\/biblioteka-gabin.pl\/wp-content\/uploads\/archive\/pliki\/obraz\/2025\/maj\/pzc0_phy.jpg","datePublished":"2025-05-29T00:00:00+00:00","breadcrumb":{"@id":"http:\/\/biblioteka-gabin.pl\/index.php\/2025\/05\/29\/konkurs-recytatorski-pieknie-byc-czlowiekiem-22-maja-2025r-zdjecia\/#breadcrumb"},"inLanguage":"pl-PL","potentialAction":[{"@type":"ReadAction","target":["http:\/\/biblioteka-gabin.pl\/index.php\/2025\/05\/29\/konkurs-recytatorski-pieknie-byc-czlowiekiem-22-maja-2025r-zdjecia\/"]}]},{"@type":"ImageObject","inLanguage":"pl-PL","@id":"http:\/\/biblioteka-gabin.pl\/index.php\/2025\/05\/29\/konkurs-recytatorski-pieknie-byc-czlowiekiem-22-maja-2025r-zdjecia\/#primaryimage","url":"https:\/\/biblioteka-gabin.pl\/wp-content\/uploads\/archive\/pliki\/obraz\/2025\/maj\/pzc0_phy.jpg","contentUrl":"https:\/\/biblioteka-gabin.pl\/wp-content\/uploads\/archive\/pliki\/obraz\/2025\/maj\/pzc0_phy.jpg"},{"@type":"BreadcrumbList","@id":"http:\/\/biblioteka-gabin.pl\/index.php\/2025\/05\/29\/konkurs-recytatorski-pieknie-byc-czlowiekiem-22-maja-2025r-zdjecia\/#breadcrumb","itemListElement":[{"@type":"ListItem","position":1,"name":"Strona g\u0142\u00f3wna","item":"https:\/\/biblioteka-gabin.pl\/"},{"@type":"ListItem","position":2,"name":"Konkurs recytatorski &#8222;Pi\u0119knie byc cz\u0142owiekiem&#8221; (22 maja 2025r. ) [ZDJ\u0118CIA]"}]},{"@type":"WebSite","@id":"https:\/\/biblioteka-gabin.pl\/#website","url":"https:\/\/biblioteka-gabin.pl\/","name":"Miejsko-Gminna Biblioteka Publiczna w G\u0105binie","description":"","publisher":{"@id":"https:\/\/biblioteka-gabin.pl\/#organization"},"potentialAction":[{"@type":"SearchAction","target":{"@type":"EntryPoint","urlTemplate":"https:\/\/biblioteka-gabin.pl\/?s={search_term_string}"},"query-input":{"@type":"PropertyValueSpecification","valueRequired":true,"valueName":"search_term_string"}}],"inLanguage":"pl-PL"},{"@type":"Organization","@id":"https:\/\/biblioteka-gabin.pl\/#organization","name":"Miejsko-Gminna Biblioteka Publiczna w G\u0105binie","url":"https:\/\/biblioteka-gabin.pl\/","logo":{"@type":"ImageObject","inLanguage":"pl-PL","@id":"https:\/\/biblioteka-gabin.pl\/#\/schema\/logo\/image\/","url":"https:\/\/biblioteka-gabin.pl\/wp-content\/uploads\/2025\/03\/logo-biblioteka-2-1657013691-1.jpg","contentUrl":"https:\/\/biblioteka-gabin.pl\/wp-content\/uploads\/2025\/03\/logo-biblioteka-2-1657013691-1.jpg","width":1600,"height":772,"caption":"Miejsko-Gminna Biblioteka Publiczna w G\u0105binie"},"image":{"@id":"https:\/\/biblioteka-gabin.pl\/#\/schema\/logo\/image\/"},"sameAs":["https:\/\/www.facebook.com\/bibliotekagabin","https:\/\/www.youtube.com\/@mgbpgabin9392"]},{"@type":"Person","@id":"https:\/\/biblioteka-gabin.pl\/#\/schema\/person\/2067b97c24663d987ef6ef95bed7c99a","name":"admin","image":{"@type":"ImageObject","inLanguage":"pl-PL","@id":"https:\/\/secure.gravatar.com\/avatar\/e1843904e97b4e376a0fc90ae10372cd31bce9b207a7a3d2ca68fc7ca7e4174c?s=96&d=mm&r=g","url":"https:\/\/secure.gravatar.com\/avatar\/e1843904e97b4e376a0fc90ae10372cd31bce9b207a7a3d2ca68fc7ca7e4174c?s=96&d=mm&r=g","contentUrl":"https:\/\/secure.gravatar.com\/avatar\/e1843904e97b4e376a0fc90ae10372cd31bce9b207a7a3d2ca68fc7ca7e4174c?s=96&d=mm&r=g","caption":"admin"},"sameAs":["http:\/\/strona.biblioteka-gabin.pl"],"url":"http:\/\/biblioteka-gabin.pl\/index.php\/author\/admin\/"}]}},"_links":{"self":[{"href":"http:\/\/biblioteka-gabin.pl\/index.php\/wp-json\/wp\/v2\/posts\/8053","targetHints":{"allow":["GET"]}}],"collection":[{"href":"http:\/\/biblioteka-gabin.pl\/index.php\/wp-json\/wp\/v2\/posts"}],"about":[{"href":"http:\/\/biblioteka-gabin.pl\/index.php\/wp-json\/wp\/v2\/types\/post"}],"author":[{"embeddable":true,"href":"http:\/\/biblioteka-gabin.pl\/index.php\/wp-json\/wp\/v2\/users\/1"}],"replies":[{"embeddable":true,"href":"http:\/\/biblioteka-gabin.pl\/index.php\/wp-json\/wp\/v2\/comments?post=8053"}],"version-history":[{"count":0,"href":"http:\/\/biblioteka-gabin.pl\/index.php\/wp-json\/wp\/v2\/posts\/8053\/revisions"}],"wp:attachment":[{"href":"http:\/\/biblioteka-gabin.pl\/index.php\/wp-json\/wp\/v2\/media?parent=8053"}],"wp:term":[{"taxonomy":"category","embeddable":true,"href":"http:\/\/biblioteka-gabin.pl\/index.php\/wp-json\/wp\/v2\/categories?post=8053"},{"taxonomy":"post_tag","embeddable":true,"href":"http:\/\/biblioteka-gabin.pl\/index.php\/wp-json\/wp\/v2\/tags?post=8053"}],"curies":[{"name":"wp","href":"https:\/\/api.w.org\/{rel}","templated":true}]}}