{"id":8273,"date":"2025-02-17T00:00:00","date_gmt":"2025-02-17T00:00:00","guid":{"rendered":"https:\/\/biblioteka-gabin.pl\/index.php\/2025\/02\/17\/podsumowanie-biblio-ferii-w-bibliotece-w-mgbp-w-gabinie\/"},"modified":"2025-02-17T00:00:00","modified_gmt":"2025-02-17T00:00:00","slug":"podsumowanie-biblio-ferii-w-bibliotece-w-mgbp-w-gabinie","status":"publish","type":"post","link":"http:\/\/biblioteka-gabin.pl\/index.php\/2025\/02\/17\/podsumowanie-biblio-ferii-w-bibliotece-w-mgbp-w-gabinie\/","title":{"rendered":"Podsumowanie &#8222;Biblio-ferii w Bibliotece&#8221; w MGBP w G\u0105binie"},"content":{"rendered":"<p>Podsumowanie \u201eBiblio-ferii w Bibliotece\u201d<br \/>\nW dniu 11 lutego 2025 r. w ramach cyklu \u201eBiblio-ferie w Bibliotece\u201d MGBP w G\u0105binie dwie grupy dzieci: \u201eJe\u017cyki\u201d oraz \u201ePszcz\u00f3\u0142ki\u201d z Przedszkola Samorz\u0105dowego im. Kr\u00f3la Maciusia Pierwszego w G\u0105binie wraz z opiekunami, wzi\u0119\u0142y udzia\u0142 w zaj\u0119ciach przygotowanych specjalnie dla nich.<br \/>\nSpotkanie rozpocz\u0119\u0142a Pani Ewa Lewandowska- St. Kustosz Bibliotekarz, kt\u00f3ra powita\u0142a go\u015bci w naszych progach, zapraszaj\u0105c do znakomitej zabawy.<br \/>\nFerie w Bibliotece by\u0142y pe\u0142ne kreatywnych zaj\u0119\u0107 i rado\u015bci. Dzieci mia\u0142y okazj\u0119 wzi\u0105\u0107 udzia\u0142 w r\u00f3\u017cnych aktywno\u015bciach. Jednym z nich by\u0142o tworzenie kolorowego kr\u00f3lika z kubk\u00f3w, co rozwija\u0142o ich zdolno\u015bci manualne i wyobra\u017ani\u0119. Maluchy z rado\u015bci\u0105 wykona\u0142y zadanie- wykorzysta\u0142y kolorowe kubeczki, pompony, przyklejane oczka, kredki. Efekt ko\u0144cowy by\u0142 zachwycaj\u0105cy. Stworzone przez dzieci kr\u00f3liki zosta\u0142y tak\u017ce pi\u0119knie ozdobione- pomalowane kredkami i mazakami.<br \/>\nPo pracy tw\u00f3rczej dzieci usiad\u0142y by wys\u0142ucha\u0107 bajki M. Strza\u0142kowskiej pt. \u201eSzara myszka i kolory\u201d, kt\u00f3ra przenios\u0142a ich do magicznego \u015bwiata opowie\u015bci. Dzieci wykaza\u0142y du\u017c\u0105 koncentracj\u0119 podczas s\u0142uchania bajki. Ich uwaga by\u0142a skupiona a twarze pe\u0142ne zaciekawienia. By\u0142o wida\u0107 jak anga\u017cuj\u0105 w czytan\u0105 opowie\u015b\u0107.<br \/>\nKolejn\u0105 atrakcj\u0105 by\u0142y zabawy na macie graj\u0105cej, gdzie dzieci mog\u0142y si\u0119 porusza\u0107 w rytm muzyki, ods\u0142ucha\u0107 d\u017awi\u0119k\u00f3w pewnych instrument\u00f3w. Przedszkolaki weso\u0142o sp\u0119dzi\u0142y czas, \u015bwietnie si\u0119 bawi\u0105c. Rozwijaj\u0105c swoj\u0105 aktywno\u015b\u0107 fizyczn\u0105 i wsp\u00f3\u0142prac\u0119 w grupie. Ca\u0142o\u015b\u0107 by\u0142a \u015bwietn\u0105 okazj\u0105 do wsp\u00f3lnej zabawy i nauki w przyjaznej atmosferze Biblioteki.<br \/>\n\u0141\u0105cznie w spotkaniu wzi\u0119\u0142o udzia\u0142 14 uczestnik\u00f3w. To by\u0142 czas pe\u0142en rado\u015bci, u\u015bmiechu i tw\u00f3rczej energii, za kt\u00f3ry serdecznie dzi\u0119kujemy.<br \/>\n\u00a0\u00a0\u00a0\u00a0\u00a0\u00a0\u00a0\u00a0\u00a0\u00a0\u00a0\u00a0\u00a0\u00a0\u00a0\u00a0\u00a0\u00a0\u00a0\u00a0\u00a0\u00a0\u00a0\u00a0\u00a0\u00a0\u00a0\u00a0\u00a0\u00a0\u00a0\u00a0\u00a0\u00a0\u00a0\u00a0\u00a0\u00a0\u00a0\u00a0\u00a0\u00a0\u00a0\u00a0\u00a0\u00a0\u00a0\u00a0\u00a0\u00a0\u00a0\u00a0 Opr. Joanna Olejniczak<br \/>\n<img src='https:\/\/biblioteka-gabin.pl\/wp-content\/uploads\/archive\/pliki\/obraz\/2025\/luty\/477669284_969044645320955_7867997597968933899_n.jpg'><br \/>\n<a href='https:\/\/biblioteka-gabin.pl\/wp-content\/uploads\/archive\/galleries\/654\/4776692849690446453209557867997597968933899n-22cf23fa8c.jpg'><img style='max-height:300px;' src='https:\/\/biblioteka-gabin.pl\/wp-content\/uploads\/archive\/galleries\/654\/4776692849690446453209557867997597968933899n-22cf23fa8c.jpg'><\/a><br \/>\n<a href='https:\/\/biblioteka-gabin.pl\/wp-content\/uploads\/archive\/galleries\/654\/4761572406153903444381134860884602439367430n-08bc1ab52b.jpg'><img style='max-height:300px;' src='https:\/\/biblioteka-gabin.pl\/wp-content\/uploads\/archive\/galleries\/654\/4761572406153903444381134860884602439367430n-08bc1ab52b.jpg'><\/a><br \/>\n<a href='https:\/\/biblioteka-gabin.pl\/wp-content\/uploads\/archive\/galleries\/654\/4763288206122447215783447465210379415750743n-0ede574bb9.jpg'><img style='max-height:300px;' src='https:\/\/biblioteka-gabin.pl\/wp-content\/uploads\/archive\/galleries\/654\/4763288206122447215783447465210379415750743n-0ede574bb9.jpg'><\/a><br \/>\n<a href='https:\/\/biblioteka-gabin.pl\/wp-content\/uploads\/archive\/galleries\/654\/47675844313170352296292395933746784016750575n-8f2e1cba0e.jpg'><img style='max-height:300px;' src='https:\/\/biblioteka-gabin.pl\/wp-content\/uploads\/archive\/galleries\/654\/47675844313170352296292395933746784016750575n-8f2e1cba0e.jpg'><\/a><\/p>\n","protected":false},"excerpt":{"rendered":"<p>Podsumowanie \u201eBiblio-ferii w Bibliotece\u201d W dniu 11 lutego 2025 r.<\/p>\n","protected":false},"author":1,"featured_media":0,"comment_status":"open","ping_status":"open","sticky":false,"template":"","format":"standard","meta":{"footnotes":""},"categories":[36],"tags":[],"class_list":["post-8273","post","type-post","status-publish","format-standard","hentry","category-main"],"yoast_head":"<!-- This site is optimized with the Yoast SEO plugin v27.4 - https:\/\/yoast.com\/product\/yoast-seo-wordpress\/ -->\n<title>Podsumowanie &quot;Biblio-ferii w Bibliotece&quot; w MGBP w G\u0105binie - Miejsko-Gminna Biblioteka Publiczna w G\u0105binie<\/title>\n<meta name=\"robots\" content=\"index, follow, max-snippet:-1, max-image-preview:large, max-video-preview:-1\" \/>\n<link rel=\"canonical\" href=\"http:\/\/biblioteka-gabin.pl\/index.php\/2025\/02\/17\/podsumowanie-biblio-ferii-w-bibliotece-w-mgbp-w-gabinie\/\" \/>\n<meta property=\"og:locale\" content=\"pl_PL\" \/>\n<meta property=\"og:type\" content=\"article\" \/>\n<meta property=\"og:title\" content=\"Podsumowanie &quot;Biblio-ferii w Bibliotece&quot; w MGBP w G\u0105binie - Miejsko-Gminna Biblioteka Publiczna w G\u0105binie\" \/>\n<meta property=\"og:description\" content=\"Podsumowanie \u201eBiblio-ferii w Bibliotece\u201d W dniu 11 lutego 2025 r.\" \/>\n<meta property=\"og:url\" content=\"http:\/\/biblioteka-gabin.pl\/index.php\/2025\/02\/17\/podsumowanie-biblio-ferii-w-bibliotece-w-mgbp-w-gabinie\/\" \/>\n<meta property=\"og:site_name\" content=\"Miejsko-Gminna Biblioteka Publiczna w G\u0105binie\" \/>\n<meta property=\"article:publisher\" content=\"https:\/\/www.facebook.com\/bibliotekagabin\" \/>\n<meta property=\"article:published_time\" content=\"2025-02-17T00:00:00+00:00\" \/>\n<meta property=\"og:image\" content=\"https:\/\/biblioteka-gabin.pl\/wp-content\/uploads\/archive\/pliki\/obraz\/2025\/luty\/477669284_969044645320955_7867997597968933899_n.jpg\" \/>\n<meta name=\"author\" content=\"admin\" \/>\n<meta name=\"twitter:card\" content=\"summary_large_image\" \/>\n<meta name=\"twitter:label1\" content=\"Napisane przez\" \/>\n\t<meta name=\"twitter:data1\" content=\"admin\" \/>\n\t<meta name=\"twitter:label2\" content=\"Szacowany czas czytania\" \/>\n\t<meta name=\"twitter:data2\" content=\"2 minuty\" \/>\n<script type=\"application\/ld+json\" class=\"yoast-schema-graph\">{\"@context\":\"https:\\\/\\\/schema.org\",\"@graph\":[{\"@type\":\"Article\",\"@id\":\"http:\\\/\\\/biblioteka-gabin.pl\\\/index.php\\\/2025\\\/02\\\/17\\\/podsumowanie-biblio-ferii-w-bibliotece-w-mgbp-w-gabinie\\\/#article\",\"isPartOf\":{\"@id\":\"http:\\\/\\\/biblioteka-gabin.pl\\\/index.php\\\/2025\\\/02\\\/17\\\/podsumowanie-biblio-ferii-w-bibliotece-w-mgbp-w-gabinie\\\/\"},\"author\":{\"name\":\"admin\",\"@id\":\"https:\\\/\\\/biblioteka-gabin.pl\\\/#\\\/schema\\\/person\\\/2067b97c24663d987ef6ef95bed7c99a\"},\"headline\":\"Podsumowanie &#8222;Biblio-ferii w Bibliotece&#8221; w MGBP w G\u0105binie\",\"datePublished\":\"2025-02-17T00:00:00+00:00\",\"mainEntityOfPage\":{\"@id\":\"http:\\\/\\\/biblioteka-gabin.pl\\\/index.php\\\/2025\\\/02\\\/17\\\/podsumowanie-biblio-ferii-w-bibliotece-w-mgbp-w-gabinie\\\/\"},\"wordCount\":316,\"commentCount\":0,\"publisher\":{\"@id\":\"https:\\\/\\\/biblioteka-gabin.pl\\\/#organization\"},\"image\":{\"@id\":\"http:\\\/\\\/biblioteka-gabin.pl\\\/index.php\\\/2025\\\/02\\\/17\\\/podsumowanie-biblio-ferii-w-bibliotece-w-mgbp-w-gabinie\\\/#primaryimage\"},\"thumbnailUrl\":\"https:\\\/\\\/biblioteka-gabin.pl\\\/wp-content\\\/uploads\\\/archive\\\/pliki\\\/obraz\\\/2025\\\/luty\\\/477669284_969044645320955_7867997597968933899_n.jpg\",\"articleSection\":[\"Main\"],\"inLanguage\":\"pl-PL\",\"potentialAction\":[{\"@type\":\"CommentAction\",\"name\":\"Comment\",\"target\":[\"http:\\\/\\\/biblioteka-gabin.pl\\\/index.php\\\/2025\\\/02\\\/17\\\/podsumowanie-biblio-ferii-w-bibliotece-w-mgbp-w-gabinie\\\/#respond\"]}]},{\"@type\":\"WebPage\",\"@id\":\"http:\\\/\\\/biblioteka-gabin.pl\\\/index.php\\\/2025\\\/02\\\/17\\\/podsumowanie-biblio-ferii-w-bibliotece-w-mgbp-w-gabinie\\\/\",\"url\":\"http:\\\/\\\/biblioteka-gabin.pl\\\/index.php\\\/2025\\\/02\\\/17\\\/podsumowanie-biblio-ferii-w-bibliotece-w-mgbp-w-gabinie\\\/\",\"name\":\"Podsumowanie \\\"Biblio-ferii w Bibliotece\\\" w MGBP w G\u0105binie - Miejsko-Gminna Biblioteka Publiczna w G\u0105binie\",\"isPartOf\":{\"@id\":\"https:\\\/\\\/biblioteka-gabin.pl\\\/#website\"},\"primaryImageOfPage\":{\"@id\":\"http:\\\/\\\/biblioteka-gabin.pl\\\/index.php\\\/2025\\\/02\\\/17\\\/podsumowanie-biblio-ferii-w-bibliotece-w-mgbp-w-gabinie\\\/#primaryimage\"},\"image\":{\"@id\":\"http:\\\/\\\/biblioteka-gabin.pl\\\/index.php\\\/2025\\\/02\\\/17\\\/podsumowanie-biblio-ferii-w-bibliotece-w-mgbp-w-gabinie\\\/#primaryimage\"},\"thumbnailUrl\":\"https:\\\/\\\/biblioteka-gabin.pl\\\/wp-content\\\/uploads\\\/archive\\\/pliki\\\/obraz\\\/2025\\\/luty\\\/477669284_969044645320955_7867997597968933899_n.jpg\",\"datePublished\":\"2025-02-17T00:00:00+00:00\",\"breadcrumb\":{\"@id\":\"http:\\\/\\\/biblioteka-gabin.pl\\\/index.php\\\/2025\\\/02\\\/17\\\/podsumowanie-biblio-ferii-w-bibliotece-w-mgbp-w-gabinie\\\/#breadcrumb\"},\"inLanguage\":\"pl-PL\",\"potentialAction\":[{\"@type\":\"ReadAction\",\"target\":[\"http:\\\/\\\/biblioteka-gabin.pl\\\/index.php\\\/2025\\\/02\\\/17\\\/podsumowanie-biblio-ferii-w-bibliotece-w-mgbp-w-gabinie\\\/\"]}]},{\"@type\":\"ImageObject\",\"inLanguage\":\"pl-PL\",\"@id\":\"http:\\\/\\\/biblioteka-gabin.pl\\\/index.php\\\/2025\\\/02\\\/17\\\/podsumowanie-biblio-ferii-w-bibliotece-w-mgbp-w-gabinie\\\/#primaryimage\",\"url\":\"https:\\\/\\\/biblioteka-gabin.pl\\\/wp-content\\\/uploads\\\/archive\\\/pliki\\\/obraz\\\/2025\\\/luty\\\/477669284_969044645320955_7867997597968933899_n.jpg\",\"contentUrl\":\"https:\\\/\\\/biblioteka-gabin.pl\\\/wp-content\\\/uploads\\\/archive\\\/pliki\\\/obraz\\\/2025\\\/luty\\\/477669284_969044645320955_7867997597968933899_n.jpg\"},{\"@type\":\"BreadcrumbList\",\"@id\":\"http:\\\/\\\/biblioteka-gabin.pl\\\/index.php\\\/2025\\\/02\\\/17\\\/podsumowanie-biblio-ferii-w-bibliotece-w-mgbp-w-gabinie\\\/#breadcrumb\",\"itemListElement\":[{\"@type\":\"ListItem\",\"position\":1,\"name\":\"Strona g\u0142\u00f3wna\",\"item\":\"https:\\\/\\\/biblioteka-gabin.pl\\\/\"},{\"@type\":\"ListItem\",\"position\":2,\"name\":\"Podsumowanie &#8222;Biblio-ferii w Bibliotece&#8221; w MGBP w G\u0105binie\"}]},{\"@type\":\"WebSite\",\"@id\":\"https:\\\/\\\/biblioteka-gabin.pl\\\/#website\",\"url\":\"https:\\\/\\\/biblioteka-gabin.pl\\\/\",\"name\":\"Miejsko-Gminna Biblioteka Publiczna w G\u0105binie\",\"description\":\"\",\"publisher\":{\"@id\":\"https:\\\/\\\/biblioteka-gabin.pl\\\/#organization\"},\"potentialAction\":[{\"@type\":\"SearchAction\",\"target\":{\"@type\":\"EntryPoint\",\"urlTemplate\":\"https:\\\/\\\/biblioteka-gabin.pl\\\/?s={search_term_string}\"},\"query-input\":{\"@type\":\"PropertyValueSpecification\",\"valueRequired\":true,\"valueName\":\"search_term_string\"}}],\"inLanguage\":\"pl-PL\"},{\"@type\":\"Organization\",\"@id\":\"https:\\\/\\\/biblioteka-gabin.pl\\\/#organization\",\"name\":\"Miejsko-Gminna Biblioteka Publiczna w G\u0105binie\",\"url\":\"https:\\\/\\\/biblioteka-gabin.pl\\\/\",\"logo\":{\"@type\":\"ImageObject\",\"inLanguage\":\"pl-PL\",\"@id\":\"https:\\\/\\\/biblioteka-gabin.pl\\\/#\\\/schema\\\/logo\\\/image\\\/\",\"url\":\"https:\\\/\\\/biblioteka-gabin.pl\\\/wp-content\\\/uploads\\\/2025\\\/03\\\/logo-biblioteka-2-1657013691-1.jpg\",\"contentUrl\":\"https:\\\/\\\/biblioteka-gabin.pl\\\/wp-content\\\/uploads\\\/2025\\\/03\\\/logo-biblioteka-2-1657013691-1.jpg\",\"width\":1600,\"height\":772,\"caption\":\"Miejsko-Gminna Biblioteka Publiczna w G\u0105binie\"},\"image\":{\"@id\":\"https:\\\/\\\/biblioteka-gabin.pl\\\/#\\\/schema\\\/logo\\\/image\\\/\"},\"sameAs\":[\"https:\\\/\\\/www.facebook.com\\\/bibliotekagabin\",\"https:\\\/\\\/www.youtube.com\\\/@mgbpgabin9392\"]},{\"@type\":\"Person\",\"@id\":\"https:\\\/\\\/biblioteka-gabin.pl\\\/#\\\/schema\\\/person\\\/2067b97c24663d987ef6ef95bed7c99a\",\"name\":\"admin\",\"image\":{\"@type\":\"ImageObject\",\"inLanguage\":\"pl-PL\",\"@id\":\"https:\\\/\\\/secure.gravatar.com\\\/avatar\\\/e1843904e97b4e376a0fc90ae10372cd31bce9b207a7a3d2ca68fc7ca7e4174c?s=96&d=mm&r=g\",\"url\":\"https:\\\/\\\/secure.gravatar.com\\\/avatar\\\/e1843904e97b4e376a0fc90ae10372cd31bce9b207a7a3d2ca68fc7ca7e4174c?s=96&d=mm&r=g\",\"contentUrl\":\"https:\\\/\\\/secure.gravatar.com\\\/avatar\\\/e1843904e97b4e376a0fc90ae10372cd31bce9b207a7a3d2ca68fc7ca7e4174c?s=96&d=mm&r=g\",\"caption\":\"admin\"},\"sameAs\":[\"http:\\\/\\\/strona.biblioteka-gabin.pl\"],\"url\":\"http:\\\/\\\/biblioteka-gabin.pl\\\/index.php\\\/author\\\/admin\\\/\"}]}<\/script>\n<!-- \/ Yoast SEO plugin. -->","yoast_head_json":{"title":"Podsumowanie \"Biblio-ferii w Bibliotece\" w MGBP w G\u0105binie - Miejsko-Gminna Biblioteka Publiczna w G\u0105binie","robots":{"index":"index","follow":"follow","max-snippet":"max-snippet:-1","max-image-preview":"max-image-preview:large","max-video-preview":"max-video-preview:-1"},"canonical":"http:\/\/biblioteka-gabin.pl\/index.php\/2025\/02\/17\/podsumowanie-biblio-ferii-w-bibliotece-w-mgbp-w-gabinie\/","og_locale":"pl_PL","og_type":"article","og_title":"Podsumowanie \"Biblio-ferii w Bibliotece\" w MGBP w G\u0105binie - Miejsko-Gminna Biblioteka Publiczna w G\u0105binie","og_description":"Podsumowanie \u201eBiblio-ferii w Bibliotece\u201d W dniu 11 lutego 2025 r.","og_url":"http:\/\/biblioteka-gabin.pl\/index.php\/2025\/02\/17\/podsumowanie-biblio-ferii-w-bibliotece-w-mgbp-w-gabinie\/","og_site_name":"Miejsko-Gminna Biblioteka Publiczna w G\u0105binie","article_publisher":"https:\/\/www.facebook.com\/bibliotekagabin","article_published_time":"2025-02-17T00:00:00+00:00","og_image":[{"url":"https:\/\/biblioteka-gabin.pl\/wp-content\/uploads\/archive\/pliki\/obraz\/2025\/luty\/477669284_969044645320955_7867997597968933899_n.jpg","type":"","width":"","height":""}],"author":"admin","twitter_card":"summary_large_image","twitter_misc":{"Napisane przez":"admin","Szacowany czas czytania":"2 minuty"},"schema":{"@context":"https:\/\/schema.org","@graph":[{"@type":"Article","@id":"http:\/\/biblioteka-gabin.pl\/index.php\/2025\/02\/17\/podsumowanie-biblio-ferii-w-bibliotece-w-mgbp-w-gabinie\/#article","isPartOf":{"@id":"http:\/\/biblioteka-gabin.pl\/index.php\/2025\/02\/17\/podsumowanie-biblio-ferii-w-bibliotece-w-mgbp-w-gabinie\/"},"author":{"name":"admin","@id":"https:\/\/biblioteka-gabin.pl\/#\/schema\/person\/2067b97c24663d987ef6ef95bed7c99a"},"headline":"Podsumowanie &#8222;Biblio-ferii w Bibliotece&#8221; w MGBP w G\u0105binie","datePublished":"2025-02-17T00:00:00+00:00","mainEntityOfPage":{"@id":"http:\/\/biblioteka-gabin.pl\/index.php\/2025\/02\/17\/podsumowanie-biblio-ferii-w-bibliotece-w-mgbp-w-gabinie\/"},"wordCount":316,"commentCount":0,"publisher":{"@id":"https:\/\/biblioteka-gabin.pl\/#organization"},"image":{"@id":"http:\/\/biblioteka-gabin.pl\/index.php\/2025\/02\/17\/podsumowanie-biblio-ferii-w-bibliotece-w-mgbp-w-gabinie\/#primaryimage"},"thumbnailUrl":"https:\/\/biblioteka-gabin.pl\/wp-content\/uploads\/archive\/pliki\/obraz\/2025\/luty\/477669284_969044645320955_7867997597968933899_n.jpg","articleSection":["Main"],"inLanguage":"pl-PL","potentialAction":[{"@type":"CommentAction","name":"Comment","target":["http:\/\/biblioteka-gabin.pl\/index.php\/2025\/02\/17\/podsumowanie-biblio-ferii-w-bibliotece-w-mgbp-w-gabinie\/#respond"]}]},{"@type":"WebPage","@id":"http:\/\/biblioteka-gabin.pl\/index.php\/2025\/02\/17\/podsumowanie-biblio-ferii-w-bibliotece-w-mgbp-w-gabinie\/","url":"http:\/\/biblioteka-gabin.pl\/index.php\/2025\/02\/17\/podsumowanie-biblio-ferii-w-bibliotece-w-mgbp-w-gabinie\/","name":"Podsumowanie \"Biblio-ferii w Bibliotece\" w MGBP w G\u0105binie - Miejsko-Gminna Biblioteka Publiczna w G\u0105binie","isPartOf":{"@id":"https:\/\/biblioteka-gabin.pl\/#website"},"primaryImageOfPage":{"@id":"http:\/\/biblioteka-gabin.pl\/index.php\/2025\/02\/17\/podsumowanie-biblio-ferii-w-bibliotece-w-mgbp-w-gabinie\/#primaryimage"},"image":{"@id":"http:\/\/biblioteka-gabin.pl\/index.php\/2025\/02\/17\/podsumowanie-biblio-ferii-w-bibliotece-w-mgbp-w-gabinie\/#primaryimage"},"thumbnailUrl":"https:\/\/biblioteka-gabin.pl\/wp-content\/uploads\/archive\/pliki\/obraz\/2025\/luty\/477669284_969044645320955_7867997597968933899_n.jpg","datePublished":"2025-02-17T00:00:00+00:00","breadcrumb":{"@id":"http:\/\/biblioteka-gabin.pl\/index.php\/2025\/02\/17\/podsumowanie-biblio-ferii-w-bibliotece-w-mgbp-w-gabinie\/#breadcrumb"},"inLanguage":"pl-PL","potentialAction":[{"@type":"ReadAction","target":["http:\/\/biblioteka-gabin.pl\/index.php\/2025\/02\/17\/podsumowanie-biblio-ferii-w-bibliotece-w-mgbp-w-gabinie\/"]}]},{"@type":"ImageObject","inLanguage":"pl-PL","@id":"http:\/\/biblioteka-gabin.pl\/index.php\/2025\/02\/17\/podsumowanie-biblio-ferii-w-bibliotece-w-mgbp-w-gabinie\/#primaryimage","url":"https:\/\/biblioteka-gabin.pl\/wp-content\/uploads\/archive\/pliki\/obraz\/2025\/luty\/477669284_969044645320955_7867997597968933899_n.jpg","contentUrl":"https:\/\/biblioteka-gabin.pl\/wp-content\/uploads\/archive\/pliki\/obraz\/2025\/luty\/477669284_969044645320955_7867997597968933899_n.jpg"},{"@type":"BreadcrumbList","@id":"http:\/\/biblioteka-gabin.pl\/index.php\/2025\/02\/17\/podsumowanie-biblio-ferii-w-bibliotece-w-mgbp-w-gabinie\/#breadcrumb","itemListElement":[{"@type":"ListItem","position":1,"name":"Strona g\u0142\u00f3wna","item":"https:\/\/biblioteka-gabin.pl\/"},{"@type":"ListItem","position":2,"name":"Podsumowanie &#8222;Biblio-ferii w Bibliotece&#8221; w MGBP w G\u0105binie"}]},{"@type":"WebSite","@id":"https:\/\/biblioteka-gabin.pl\/#website","url":"https:\/\/biblioteka-gabin.pl\/","name":"Miejsko-Gminna Biblioteka Publiczna w G\u0105binie","description":"","publisher":{"@id":"https:\/\/biblioteka-gabin.pl\/#organization"},"potentialAction":[{"@type":"SearchAction","target":{"@type":"EntryPoint","urlTemplate":"https:\/\/biblioteka-gabin.pl\/?s={search_term_string}"},"query-input":{"@type":"PropertyValueSpecification","valueRequired":true,"valueName":"search_term_string"}}],"inLanguage":"pl-PL"},{"@type":"Organization","@id":"https:\/\/biblioteka-gabin.pl\/#organization","name":"Miejsko-Gminna Biblioteka Publiczna w G\u0105binie","url":"https:\/\/biblioteka-gabin.pl\/","logo":{"@type":"ImageObject","inLanguage":"pl-PL","@id":"https:\/\/biblioteka-gabin.pl\/#\/schema\/logo\/image\/","url":"https:\/\/biblioteka-gabin.pl\/wp-content\/uploads\/2025\/03\/logo-biblioteka-2-1657013691-1.jpg","contentUrl":"https:\/\/biblioteka-gabin.pl\/wp-content\/uploads\/2025\/03\/logo-biblioteka-2-1657013691-1.jpg","width":1600,"height":772,"caption":"Miejsko-Gminna Biblioteka Publiczna w G\u0105binie"},"image":{"@id":"https:\/\/biblioteka-gabin.pl\/#\/schema\/logo\/image\/"},"sameAs":["https:\/\/www.facebook.com\/bibliotekagabin","https:\/\/www.youtube.com\/@mgbpgabin9392"]},{"@type":"Person","@id":"https:\/\/biblioteka-gabin.pl\/#\/schema\/person\/2067b97c24663d987ef6ef95bed7c99a","name":"admin","image":{"@type":"ImageObject","inLanguage":"pl-PL","@id":"https:\/\/secure.gravatar.com\/avatar\/e1843904e97b4e376a0fc90ae10372cd31bce9b207a7a3d2ca68fc7ca7e4174c?s=96&d=mm&r=g","url":"https:\/\/secure.gravatar.com\/avatar\/e1843904e97b4e376a0fc90ae10372cd31bce9b207a7a3d2ca68fc7ca7e4174c?s=96&d=mm&r=g","contentUrl":"https:\/\/secure.gravatar.com\/avatar\/e1843904e97b4e376a0fc90ae10372cd31bce9b207a7a3d2ca68fc7ca7e4174c?s=96&d=mm&r=g","caption":"admin"},"sameAs":["http:\/\/strona.biblioteka-gabin.pl"],"url":"http:\/\/biblioteka-gabin.pl\/index.php\/author\/admin\/"}]}},"_links":{"self":[{"href":"http:\/\/biblioteka-gabin.pl\/index.php\/wp-json\/wp\/v2\/posts\/8273","targetHints":{"allow":["GET"]}}],"collection":[{"href":"http:\/\/biblioteka-gabin.pl\/index.php\/wp-json\/wp\/v2\/posts"}],"about":[{"href":"http:\/\/biblioteka-gabin.pl\/index.php\/wp-json\/wp\/v2\/types\/post"}],"author":[{"embeddable":true,"href":"http:\/\/biblioteka-gabin.pl\/index.php\/wp-json\/wp\/v2\/users\/1"}],"replies":[{"embeddable":true,"href":"http:\/\/biblioteka-gabin.pl\/index.php\/wp-json\/wp\/v2\/comments?post=8273"}],"version-history":[{"count":0,"href":"http:\/\/biblioteka-gabin.pl\/index.php\/wp-json\/wp\/v2\/posts\/8273\/revisions"}],"wp:attachment":[{"href":"http:\/\/biblioteka-gabin.pl\/index.php\/wp-json\/wp\/v2\/media?parent=8273"}],"wp:term":[{"taxonomy":"category","embeddable":true,"href":"http:\/\/biblioteka-gabin.pl\/index.php\/wp-json\/wp\/v2\/categories?post=8273"},{"taxonomy":"post_tag","embeddable":true,"href":"http:\/\/biblioteka-gabin.pl\/index.php\/wp-json\/wp\/v2\/tags?post=8273"}],"curies":[{"name":"wp","href":"https:\/\/api.w.org\/{rel}","templated":true}]}}