{"id":8279,"date":"2020-10-08T00:00:00","date_gmt":"2020-10-08T00:00:00","guid":{"rendered":"https:\/\/biblioteka-gabin.pl\/index.php\/2020\/10\/08\/podziel-sie-ksiazka-z-nasza-biblioteka\/"},"modified":"2020-10-08T00:00:00","modified_gmt":"2020-10-08T00:00:00","slug":"podziel-sie-ksiazka-z-nasza-biblioteka","status":"publish","type":"post","link":"http:\/\/biblioteka-gabin.pl\/index.php\/2020\/10\/08\/podziel-sie-ksiazka-z-nasza-biblioteka\/","title":{"rendered":"\u201ePodziel si\u0119 ksi\u0105\u017ck\u0105\u201d z nasz\u0105 bibliotek\u0105"},"content":{"rendered":"<p>Po ubieg\u0142orocznej akcji \u201ePrzerwa na wsp\u00f3lne czytanie\u201d, w kt\u00f3rej Miejsko-Gminna Biblioteka Publiczna w G\u0105binie otrzyma\u0142a nagrody (dyplom i dwie du\u017ce pufy) tym razem zapraszamy do w\u0142\u0105czenia si\u0119 w akcj\u0119 \u201ePodziel si\u0119 ksi\u0105\u017ck\u0105\u201d.<br \/>\nNa czym b\u0119dzie polega\u0107? Zbieramy ksi\u0105\u017cki dla dzieci, kt\u00f3re zostan\u0105 przekazane do mniejszych bibliotek, wa\u017cne by ksi\u0105\u017cki nie by\u0142y zniszczone. Organizatorzy akcji czyli Kinder, wydawnictwo Znak oraz wypo\u017cyczalnie zbior\u0105 je, uzupe\u0142ni\u0105 o nowe i przeka\u017c\u0105 ma\u0142ym bibliotekom w kt\u00f3rych brakuje ksi\u0105\u017cek.<br \/>\nKsi\u0105\u017cki zbieramy od 1 do 30 listopada. Z powodu sytuacji epidemicznej i nowych obostrze\u0144 akcja zostanie przed\u0142u\u017cona o 3 tygodnie.<br \/>\nKa\u017cde dziecko za oddan\u0105 ksi\u0105\u017ck\u0119 otrzyma zak\u0142adk\u0119 zaprojektowan\u0105 przez Ambasador\u00f3w (Micha\u0142a Rusinka i Ksi\u0119\u017cniczki) oraz dyplom od Kindera.<br \/>\nBiblioteki, kt\u00f3re zbior\u0105 najwi\u0119ksz\u0105 ilo\u015b\u0107 ksi\u0105\u017cek wylosuj\u0105 nagrody: spotkanie z Ambasadorami lub zestaw ksi\u0105\u017cek oraz puf do wsp\u00f3lnego czytania.\u00a0<br \/>\nRegulamin akcji b\u0119dzie dost\u0119pny na www.kinder.pl od 2 listopada 2020 r.<br \/>\nDzi\u0119kujemy wszystkim, kt\u00f3rzy przy\u0142\u0105cz\u0105 si\u0119 do akcji!<br \/>\nkk<br \/>\n<img src='https:\/\/biblioteka-gabin.pl\/wp-content\/uploads\/archive\/pliki\/obraz\/fbpost1200x1200-1604998293.jpg'><\/p>\n","protected":false},"excerpt":{"rendered":"<p>Po ubieg\u0142orocznej akcji \u201ePrzerwa na wsp\u00f3lne czytanie\u201d, w kt\u00f3rej Miejsko-Gminna<\/p>\n","protected":false},"author":1,"featured_media":0,"comment_status":"open","ping_status":"open","sticky":false,"template":"","format":"standard","meta":{"footnotes":""},"categories":[36],"tags":[],"class_list":["post-8279","post","type-post","status-publish","format-standard","hentry","category-main"],"yoast_head":"<!-- This site is optimized with the Yoast SEO plugin v27.4 - https:\/\/yoast.com\/product\/yoast-seo-wordpress\/ -->\n<title>\u201ePodziel si\u0119 ksi\u0105\u017ck\u0105\u201d z nasz\u0105 bibliotek\u0105 - Miejsko-Gminna Biblioteka Publiczna w G\u0105binie<\/title>\n<meta name=\"robots\" content=\"index, follow, max-snippet:-1, max-image-preview:large, max-video-preview:-1\" \/>\n<link rel=\"canonical\" href=\"http:\/\/biblioteka-gabin.pl\/index.php\/2020\/10\/08\/podziel-sie-ksiazka-z-nasza-biblioteka\/\" \/>\n<meta property=\"og:locale\" content=\"pl_PL\" \/>\n<meta property=\"og:type\" content=\"article\" \/>\n<meta property=\"og:title\" content=\"\u201ePodziel si\u0119 ksi\u0105\u017ck\u0105\u201d z nasz\u0105 bibliotek\u0105 - Miejsko-Gminna Biblioteka Publiczna w G\u0105binie\" \/>\n<meta property=\"og:description\" content=\"Po ubieg\u0142orocznej akcji \u201ePrzerwa na wsp\u00f3lne czytanie\u201d, w kt\u00f3rej Miejsko-Gminna\" \/>\n<meta property=\"og:url\" content=\"http:\/\/biblioteka-gabin.pl\/index.php\/2020\/10\/08\/podziel-sie-ksiazka-z-nasza-biblioteka\/\" \/>\n<meta property=\"og:site_name\" content=\"Miejsko-Gminna Biblioteka Publiczna w G\u0105binie\" \/>\n<meta property=\"article:publisher\" content=\"https:\/\/www.facebook.com\/bibliotekagabin\" \/>\n<meta property=\"article:published_time\" content=\"2020-10-08T00:00:00+00:00\" \/>\n<meta property=\"og:image\" content=\"https:\/\/biblioteka-gabin.pl\/wp-content\/uploads\/archive\/pliki\/obraz\/fbpost1200x1200-1604998293.jpg\" \/>\n<meta name=\"author\" content=\"admin\" \/>\n<meta name=\"twitter:card\" content=\"summary_large_image\" \/>\n<meta name=\"twitter:label1\" content=\"Napisane przez\" \/>\n\t<meta name=\"twitter:data1\" content=\"admin\" \/>\n\t<meta name=\"twitter:label2\" content=\"Szacowany czas czytania\" \/>\n\t<meta name=\"twitter:data2\" content=\"1 minuta\" \/>\n<script type=\"application\/ld+json\" class=\"yoast-schema-graph\">{\"@context\":\"https:\\\/\\\/schema.org\",\"@graph\":[{\"@type\":\"Article\",\"@id\":\"http:\\\/\\\/biblioteka-gabin.pl\\\/index.php\\\/2020\\\/10\\\/08\\\/podziel-sie-ksiazka-z-nasza-biblioteka\\\/#article\",\"isPartOf\":{\"@id\":\"http:\\\/\\\/biblioteka-gabin.pl\\\/index.php\\\/2020\\\/10\\\/08\\\/podziel-sie-ksiazka-z-nasza-biblioteka\\\/\"},\"author\":{\"name\":\"admin\",\"@id\":\"https:\\\/\\\/biblioteka-gabin.pl\\\/#\\\/schema\\\/person\\\/2067b97c24663d987ef6ef95bed7c99a\"},\"headline\":\"\u201ePodziel si\u0119 ksi\u0105\u017ck\u0105\u201d z nasz\u0105 bibliotek\u0105\",\"datePublished\":\"2020-10-08T00:00:00+00:00\",\"mainEntityOfPage\":{\"@id\":\"http:\\\/\\\/biblioteka-gabin.pl\\\/index.php\\\/2020\\\/10\\\/08\\\/podziel-sie-ksiazka-z-nasza-biblioteka\\\/\"},\"wordCount\":191,\"commentCount\":0,\"publisher\":{\"@id\":\"https:\\\/\\\/biblioteka-gabin.pl\\\/#organization\"},\"image\":{\"@id\":\"http:\\\/\\\/biblioteka-gabin.pl\\\/index.php\\\/2020\\\/10\\\/08\\\/podziel-sie-ksiazka-z-nasza-biblioteka\\\/#primaryimage\"},\"thumbnailUrl\":\"https:\\\/\\\/biblioteka-gabin.pl\\\/wp-content\\\/uploads\\\/archive\\\/pliki\\\/obraz\\\/fbpost1200x1200-1604998293.jpg\",\"articleSection\":[\"Main\"],\"inLanguage\":\"pl-PL\",\"potentialAction\":[{\"@type\":\"CommentAction\",\"name\":\"Comment\",\"target\":[\"http:\\\/\\\/biblioteka-gabin.pl\\\/index.php\\\/2020\\\/10\\\/08\\\/podziel-sie-ksiazka-z-nasza-biblioteka\\\/#respond\"]}]},{\"@type\":\"WebPage\",\"@id\":\"http:\\\/\\\/biblioteka-gabin.pl\\\/index.php\\\/2020\\\/10\\\/08\\\/podziel-sie-ksiazka-z-nasza-biblioteka\\\/\",\"url\":\"http:\\\/\\\/biblioteka-gabin.pl\\\/index.php\\\/2020\\\/10\\\/08\\\/podziel-sie-ksiazka-z-nasza-biblioteka\\\/\",\"name\":\"\u201ePodziel si\u0119 ksi\u0105\u017ck\u0105\u201d z nasz\u0105 bibliotek\u0105 - Miejsko-Gminna Biblioteka Publiczna w G\u0105binie\",\"isPartOf\":{\"@id\":\"https:\\\/\\\/biblioteka-gabin.pl\\\/#website\"},\"primaryImageOfPage\":{\"@id\":\"http:\\\/\\\/biblioteka-gabin.pl\\\/index.php\\\/2020\\\/10\\\/08\\\/podziel-sie-ksiazka-z-nasza-biblioteka\\\/#primaryimage\"},\"image\":{\"@id\":\"http:\\\/\\\/biblioteka-gabin.pl\\\/index.php\\\/2020\\\/10\\\/08\\\/podziel-sie-ksiazka-z-nasza-biblioteka\\\/#primaryimage\"},\"thumbnailUrl\":\"https:\\\/\\\/biblioteka-gabin.pl\\\/wp-content\\\/uploads\\\/archive\\\/pliki\\\/obraz\\\/fbpost1200x1200-1604998293.jpg\",\"datePublished\":\"2020-10-08T00:00:00+00:00\",\"breadcrumb\":{\"@id\":\"http:\\\/\\\/biblioteka-gabin.pl\\\/index.php\\\/2020\\\/10\\\/08\\\/podziel-sie-ksiazka-z-nasza-biblioteka\\\/#breadcrumb\"},\"inLanguage\":\"pl-PL\",\"potentialAction\":[{\"@type\":\"ReadAction\",\"target\":[\"http:\\\/\\\/biblioteka-gabin.pl\\\/index.php\\\/2020\\\/10\\\/08\\\/podziel-sie-ksiazka-z-nasza-biblioteka\\\/\"]}]},{\"@type\":\"ImageObject\",\"inLanguage\":\"pl-PL\",\"@id\":\"http:\\\/\\\/biblioteka-gabin.pl\\\/index.php\\\/2020\\\/10\\\/08\\\/podziel-sie-ksiazka-z-nasza-biblioteka\\\/#primaryimage\",\"url\":\"https:\\\/\\\/biblioteka-gabin.pl\\\/wp-content\\\/uploads\\\/archive\\\/pliki\\\/obraz\\\/fbpost1200x1200-1604998293.jpg\",\"contentUrl\":\"https:\\\/\\\/biblioteka-gabin.pl\\\/wp-content\\\/uploads\\\/archive\\\/pliki\\\/obraz\\\/fbpost1200x1200-1604998293.jpg\"},{\"@type\":\"BreadcrumbList\",\"@id\":\"http:\\\/\\\/biblioteka-gabin.pl\\\/index.php\\\/2020\\\/10\\\/08\\\/podziel-sie-ksiazka-z-nasza-biblioteka\\\/#breadcrumb\",\"itemListElement\":[{\"@type\":\"ListItem\",\"position\":1,\"name\":\"Strona g\u0142\u00f3wna\",\"item\":\"https:\\\/\\\/biblioteka-gabin.pl\\\/\"},{\"@type\":\"ListItem\",\"position\":2,\"name\":\"\u201ePodziel si\u0119 ksi\u0105\u017ck\u0105\u201d z nasz\u0105 bibliotek\u0105\"}]},{\"@type\":\"WebSite\",\"@id\":\"https:\\\/\\\/biblioteka-gabin.pl\\\/#website\",\"url\":\"https:\\\/\\\/biblioteka-gabin.pl\\\/\",\"name\":\"Miejsko-Gminna Biblioteka Publiczna w G\u0105binie\",\"description\":\"\",\"publisher\":{\"@id\":\"https:\\\/\\\/biblioteka-gabin.pl\\\/#organization\"},\"potentialAction\":[{\"@type\":\"SearchAction\",\"target\":{\"@type\":\"EntryPoint\",\"urlTemplate\":\"https:\\\/\\\/biblioteka-gabin.pl\\\/?s={search_term_string}\"},\"query-input\":{\"@type\":\"PropertyValueSpecification\",\"valueRequired\":true,\"valueName\":\"search_term_string\"}}],\"inLanguage\":\"pl-PL\"},{\"@type\":\"Organization\",\"@id\":\"https:\\\/\\\/biblioteka-gabin.pl\\\/#organization\",\"name\":\"Miejsko-Gminna Biblioteka Publiczna w G\u0105binie\",\"url\":\"https:\\\/\\\/biblioteka-gabin.pl\\\/\",\"logo\":{\"@type\":\"ImageObject\",\"inLanguage\":\"pl-PL\",\"@id\":\"https:\\\/\\\/biblioteka-gabin.pl\\\/#\\\/schema\\\/logo\\\/image\\\/\",\"url\":\"https:\\\/\\\/biblioteka-gabin.pl\\\/wp-content\\\/uploads\\\/2025\\\/03\\\/logo-biblioteka-2-1657013691-1.jpg\",\"contentUrl\":\"https:\\\/\\\/biblioteka-gabin.pl\\\/wp-content\\\/uploads\\\/2025\\\/03\\\/logo-biblioteka-2-1657013691-1.jpg\",\"width\":1600,\"height\":772,\"caption\":\"Miejsko-Gminna Biblioteka Publiczna w G\u0105binie\"},\"image\":{\"@id\":\"https:\\\/\\\/biblioteka-gabin.pl\\\/#\\\/schema\\\/logo\\\/image\\\/\"},\"sameAs\":[\"https:\\\/\\\/www.facebook.com\\\/bibliotekagabin\",\"https:\\\/\\\/www.youtube.com\\\/@mgbpgabin9392\"]},{\"@type\":\"Person\",\"@id\":\"https:\\\/\\\/biblioteka-gabin.pl\\\/#\\\/schema\\\/person\\\/2067b97c24663d987ef6ef95bed7c99a\",\"name\":\"admin\",\"image\":{\"@type\":\"ImageObject\",\"inLanguage\":\"pl-PL\",\"@id\":\"https:\\\/\\\/secure.gravatar.com\\\/avatar\\\/e1843904e97b4e376a0fc90ae10372cd31bce9b207a7a3d2ca68fc7ca7e4174c?s=96&d=mm&r=g\",\"url\":\"https:\\\/\\\/secure.gravatar.com\\\/avatar\\\/e1843904e97b4e376a0fc90ae10372cd31bce9b207a7a3d2ca68fc7ca7e4174c?s=96&d=mm&r=g\",\"contentUrl\":\"https:\\\/\\\/secure.gravatar.com\\\/avatar\\\/e1843904e97b4e376a0fc90ae10372cd31bce9b207a7a3d2ca68fc7ca7e4174c?s=96&d=mm&r=g\",\"caption\":\"admin\"},\"sameAs\":[\"http:\\\/\\\/strona.biblioteka-gabin.pl\"],\"url\":\"http:\\\/\\\/biblioteka-gabin.pl\\\/index.php\\\/author\\\/admin\\\/\"}]}<\/script>\n<!-- \/ Yoast SEO plugin. -->","yoast_head_json":{"title":"\u201ePodziel si\u0119 ksi\u0105\u017ck\u0105\u201d z nasz\u0105 bibliotek\u0105 - Miejsko-Gminna Biblioteka Publiczna w G\u0105binie","robots":{"index":"index","follow":"follow","max-snippet":"max-snippet:-1","max-image-preview":"max-image-preview:large","max-video-preview":"max-video-preview:-1"},"canonical":"http:\/\/biblioteka-gabin.pl\/index.php\/2020\/10\/08\/podziel-sie-ksiazka-z-nasza-biblioteka\/","og_locale":"pl_PL","og_type":"article","og_title":"\u201ePodziel si\u0119 ksi\u0105\u017ck\u0105\u201d z nasz\u0105 bibliotek\u0105 - Miejsko-Gminna Biblioteka Publiczna w G\u0105binie","og_description":"Po ubieg\u0142orocznej akcji \u201ePrzerwa na wsp\u00f3lne czytanie\u201d, w kt\u00f3rej Miejsko-Gminna","og_url":"http:\/\/biblioteka-gabin.pl\/index.php\/2020\/10\/08\/podziel-sie-ksiazka-z-nasza-biblioteka\/","og_site_name":"Miejsko-Gminna Biblioteka Publiczna w G\u0105binie","article_publisher":"https:\/\/www.facebook.com\/bibliotekagabin","article_published_time":"2020-10-08T00:00:00+00:00","og_image":[{"url":"https:\/\/biblioteka-gabin.pl\/wp-content\/uploads\/archive\/pliki\/obraz\/fbpost1200x1200-1604998293.jpg","type":"","width":"","height":""}],"author":"admin","twitter_card":"summary_large_image","twitter_misc":{"Napisane przez":"admin","Szacowany czas czytania":"1 minuta"},"schema":{"@context":"https:\/\/schema.org","@graph":[{"@type":"Article","@id":"http:\/\/biblioteka-gabin.pl\/index.php\/2020\/10\/08\/podziel-sie-ksiazka-z-nasza-biblioteka\/#article","isPartOf":{"@id":"http:\/\/biblioteka-gabin.pl\/index.php\/2020\/10\/08\/podziel-sie-ksiazka-z-nasza-biblioteka\/"},"author":{"name":"admin","@id":"https:\/\/biblioteka-gabin.pl\/#\/schema\/person\/2067b97c24663d987ef6ef95bed7c99a"},"headline":"\u201ePodziel si\u0119 ksi\u0105\u017ck\u0105\u201d z nasz\u0105 bibliotek\u0105","datePublished":"2020-10-08T00:00:00+00:00","mainEntityOfPage":{"@id":"http:\/\/biblioteka-gabin.pl\/index.php\/2020\/10\/08\/podziel-sie-ksiazka-z-nasza-biblioteka\/"},"wordCount":191,"commentCount":0,"publisher":{"@id":"https:\/\/biblioteka-gabin.pl\/#organization"},"image":{"@id":"http:\/\/biblioteka-gabin.pl\/index.php\/2020\/10\/08\/podziel-sie-ksiazka-z-nasza-biblioteka\/#primaryimage"},"thumbnailUrl":"https:\/\/biblioteka-gabin.pl\/wp-content\/uploads\/archive\/pliki\/obraz\/fbpost1200x1200-1604998293.jpg","articleSection":["Main"],"inLanguage":"pl-PL","potentialAction":[{"@type":"CommentAction","name":"Comment","target":["http:\/\/biblioteka-gabin.pl\/index.php\/2020\/10\/08\/podziel-sie-ksiazka-z-nasza-biblioteka\/#respond"]}]},{"@type":"WebPage","@id":"http:\/\/biblioteka-gabin.pl\/index.php\/2020\/10\/08\/podziel-sie-ksiazka-z-nasza-biblioteka\/","url":"http:\/\/biblioteka-gabin.pl\/index.php\/2020\/10\/08\/podziel-sie-ksiazka-z-nasza-biblioteka\/","name":"\u201ePodziel si\u0119 ksi\u0105\u017ck\u0105\u201d z nasz\u0105 bibliotek\u0105 - Miejsko-Gminna Biblioteka Publiczna w G\u0105binie","isPartOf":{"@id":"https:\/\/biblioteka-gabin.pl\/#website"},"primaryImageOfPage":{"@id":"http:\/\/biblioteka-gabin.pl\/index.php\/2020\/10\/08\/podziel-sie-ksiazka-z-nasza-biblioteka\/#primaryimage"},"image":{"@id":"http:\/\/biblioteka-gabin.pl\/index.php\/2020\/10\/08\/podziel-sie-ksiazka-z-nasza-biblioteka\/#primaryimage"},"thumbnailUrl":"https:\/\/biblioteka-gabin.pl\/wp-content\/uploads\/archive\/pliki\/obraz\/fbpost1200x1200-1604998293.jpg","datePublished":"2020-10-08T00:00:00+00:00","breadcrumb":{"@id":"http:\/\/biblioteka-gabin.pl\/index.php\/2020\/10\/08\/podziel-sie-ksiazka-z-nasza-biblioteka\/#breadcrumb"},"inLanguage":"pl-PL","potentialAction":[{"@type":"ReadAction","target":["http:\/\/biblioteka-gabin.pl\/index.php\/2020\/10\/08\/podziel-sie-ksiazka-z-nasza-biblioteka\/"]}]},{"@type":"ImageObject","inLanguage":"pl-PL","@id":"http:\/\/biblioteka-gabin.pl\/index.php\/2020\/10\/08\/podziel-sie-ksiazka-z-nasza-biblioteka\/#primaryimage","url":"https:\/\/biblioteka-gabin.pl\/wp-content\/uploads\/archive\/pliki\/obraz\/fbpost1200x1200-1604998293.jpg","contentUrl":"https:\/\/biblioteka-gabin.pl\/wp-content\/uploads\/archive\/pliki\/obraz\/fbpost1200x1200-1604998293.jpg"},{"@type":"BreadcrumbList","@id":"http:\/\/biblioteka-gabin.pl\/index.php\/2020\/10\/08\/podziel-sie-ksiazka-z-nasza-biblioteka\/#breadcrumb","itemListElement":[{"@type":"ListItem","position":1,"name":"Strona g\u0142\u00f3wna","item":"https:\/\/biblioteka-gabin.pl\/"},{"@type":"ListItem","position":2,"name":"\u201ePodziel si\u0119 ksi\u0105\u017ck\u0105\u201d z nasz\u0105 bibliotek\u0105"}]},{"@type":"WebSite","@id":"https:\/\/biblioteka-gabin.pl\/#website","url":"https:\/\/biblioteka-gabin.pl\/","name":"Miejsko-Gminna Biblioteka Publiczna w G\u0105binie","description":"","publisher":{"@id":"https:\/\/biblioteka-gabin.pl\/#organization"},"potentialAction":[{"@type":"SearchAction","target":{"@type":"EntryPoint","urlTemplate":"https:\/\/biblioteka-gabin.pl\/?s={search_term_string}"},"query-input":{"@type":"PropertyValueSpecification","valueRequired":true,"valueName":"search_term_string"}}],"inLanguage":"pl-PL"},{"@type":"Organization","@id":"https:\/\/biblioteka-gabin.pl\/#organization","name":"Miejsko-Gminna Biblioteka Publiczna w G\u0105binie","url":"https:\/\/biblioteka-gabin.pl\/","logo":{"@type":"ImageObject","inLanguage":"pl-PL","@id":"https:\/\/biblioteka-gabin.pl\/#\/schema\/logo\/image\/","url":"https:\/\/biblioteka-gabin.pl\/wp-content\/uploads\/2025\/03\/logo-biblioteka-2-1657013691-1.jpg","contentUrl":"https:\/\/biblioteka-gabin.pl\/wp-content\/uploads\/2025\/03\/logo-biblioteka-2-1657013691-1.jpg","width":1600,"height":772,"caption":"Miejsko-Gminna Biblioteka Publiczna w G\u0105binie"},"image":{"@id":"https:\/\/biblioteka-gabin.pl\/#\/schema\/logo\/image\/"},"sameAs":["https:\/\/www.facebook.com\/bibliotekagabin","https:\/\/www.youtube.com\/@mgbpgabin9392"]},{"@type":"Person","@id":"https:\/\/biblioteka-gabin.pl\/#\/schema\/person\/2067b97c24663d987ef6ef95bed7c99a","name":"admin","image":{"@type":"ImageObject","inLanguage":"pl-PL","@id":"https:\/\/secure.gravatar.com\/avatar\/e1843904e97b4e376a0fc90ae10372cd31bce9b207a7a3d2ca68fc7ca7e4174c?s=96&d=mm&r=g","url":"https:\/\/secure.gravatar.com\/avatar\/e1843904e97b4e376a0fc90ae10372cd31bce9b207a7a3d2ca68fc7ca7e4174c?s=96&d=mm&r=g","contentUrl":"https:\/\/secure.gravatar.com\/avatar\/e1843904e97b4e376a0fc90ae10372cd31bce9b207a7a3d2ca68fc7ca7e4174c?s=96&d=mm&r=g","caption":"admin"},"sameAs":["http:\/\/strona.biblioteka-gabin.pl"],"url":"http:\/\/biblioteka-gabin.pl\/index.php\/author\/admin\/"}]}},"_links":{"self":[{"href":"http:\/\/biblioteka-gabin.pl\/index.php\/wp-json\/wp\/v2\/posts\/8279","targetHints":{"allow":["GET"]}}],"collection":[{"href":"http:\/\/biblioteka-gabin.pl\/index.php\/wp-json\/wp\/v2\/posts"}],"about":[{"href":"http:\/\/biblioteka-gabin.pl\/index.php\/wp-json\/wp\/v2\/types\/post"}],"author":[{"embeddable":true,"href":"http:\/\/biblioteka-gabin.pl\/index.php\/wp-json\/wp\/v2\/users\/1"}],"replies":[{"embeddable":true,"href":"http:\/\/biblioteka-gabin.pl\/index.php\/wp-json\/wp\/v2\/comments?post=8279"}],"version-history":[{"count":0,"href":"http:\/\/biblioteka-gabin.pl\/index.php\/wp-json\/wp\/v2\/posts\/8279\/revisions"}],"wp:attachment":[{"href":"http:\/\/biblioteka-gabin.pl\/index.php\/wp-json\/wp\/v2\/media?parent=8279"}],"wp:term":[{"taxonomy":"category","embeddable":true,"href":"http:\/\/biblioteka-gabin.pl\/index.php\/wp-json\/wp\/v2\/categories?post=8279"},{"taxonomy":"post_tag","embeddable":true,"href":"http:\/\/biblioteka-gabin.pl\/index.php\/wp-json\/wp\/v2\/tags?post=8279"}],"curies":[{"name":"wp","href":"https:\/\/api.w.org\/{rel}","templated":true}]}}