{"id":8284,"date":"2025-02-06T00:00:00","date_gmt":"2025-02-06T00:00:00","guid":{"rendered":"https:\/\/biblioteka-gabin.pl\/index.php\/2025\/02\/06\/pogadanka-i-spotkanie-z-bajka-w-przedszkolu-samorzadowym-w-gabinie-grupy-zabkiskrzaty-i-motylki\/"},"modified":"2025-02-06T00:00:00","modified_gmt":"2025-02-06T00:00:00","slug":"pogadanka-i-spotkanie-z-bajka-w-przedszkolu-samorzadowym-w-gabinie-grupy-zabkiskrzaty-i-motylki","status":"publish","type":"post","link":"http:\/\/biblioteka-gabin.pl\/index.php\/2025\/02\/06\/pogadanka-i-spotkanie-z-bajka-w-przedszkolu-samorzadowym-w-gabinie-grupy-zabkiskrzaty-i-motylki\/","title":{"rendered":"Pogadanka i Spotkanie z bajk\u0105 w Przedszkolu Samorz\u0105dowym w G\u0105binie- grupy: &#8222;\u017babki&#8221;,&#8221;Skrzaty&#8221; i &#8222;Motylki&#8221;"},"content":{"rendered":"<p>Na dzisiejszym spotkaniu zaprezentowa\u0142am dw\u00f3m grupom \u201e\u017babkom\u201d i \u201eSkrzatom\u201d \u00a0klasyk\u0119 bajek: \u201eKopciuszek\u201d, \u201ePinokio\u201d, \u201ePi\u0119kna i Bestia\u201d oraz \u201eBrzydkie Kacz\u0105tko\u201d. Dzieci wys\u0142ucha\u0142y opowie\u015bci o dziewczynce niekochanej przez\u00a0 z\u0142\u0105 macoch\u0119 i jej c\u00f3rki, kt\u00f3ra dzi\u0119ki pomocy dobrej wr\u00f3\u017cki i magii uczestniczy\u0142a w balu, gdzie zakocha\u0142 si\u0119 w niej ksi\u0105\u017c\u0119. Po przeczytaniu bajki poprowadzi\u0142a dyskusj\u0119 na temat warto\u015bci takich jak dobro\u0107, wytrwa\u0142o\u015b\u0107 i sprawiedliwo\u015b\u0107. Dzieci rozwi\u0105zywa\u0142y zagadki przeze mnie zadane: Kto zgubi\u0142 pantofelek? Czy Kopciuszek pojecha\u0142 na bal? W co zosta\u0142y zamienione szczury i dynia?<br \/>\n\u00a0\u00a0\u00a0 Bajka o drewnianym ch\u0142opcu, kt\u00f3ry marzy\u0142 o byciu prawdziwym dzieckiem, spodoba\u0142a si\u0119 dzieciom. Zw\u0142aszcza fragment, gdy Pinokio k\u0142ama\u0142 a jego nos r\u00f3s\u0142. Rozmowa dotyczy\u0142a uczciwo\u015bci wobec innych, konsekwencji k\u0142amstwa oraz warto\u015bci prawdy.<br \/>\n\u00a0\u00a0 Historia \u201eBrzydkiego Kacz\u0105tka\u201d, kt\u00f3ry nie pasowa\u0142 do reszty stada poruszy\u0142a dzieci. Z czasem po wielu trudach, okaza\u0142o si\u0119, \u017ce wyr\u00f3s\u0142 na pi\u0119knego \u0142ab\u0119dzia. Przedszkolaki nauczy\u0142y si\u0119, \u017ce bycie innym nie jest z\u0142e i czasem zmiany mog\u0105 prowadzi\u0107 do czego\u015b wspania\u0142ego. Opowiedziana historia pokazuje r\u00f3wnie\u017c, jak wa\u017cne jest, by nie ocenia\u0107 innych po wygl\u0105dzie i zaakceptowa\u0107 siebie i innych takim, jakim si\u0119 jest.<br \/>\n\u00a0\u00a0\u00a0 \u201ePi\u0119kna i Bestia\u201d- zaprezentowana historia ogromnej mi\u0142o\u015bci i dobroci, kt\u00f3ra przezwyci\u0119\u017ca uprzedzenia. Pi\u0119kna , mimo pocz\u0105tkowych trudno\u015bci, widzia\u0142a w Bestii wi\u0119cej ni\u017c tylko wygl\u0105d zewn\u0119trzny i przez to jej serce otworzy\u0142o si\u0119 na niego. Poprzez t\u0105 opowie\u015b\u0107 dzieci mog\u0142y pozna\u0107 czym jest empatia i szacunek do drugiego cz\u0142owieka. Jak wa\u017cne jest patrzenia poza wygl\u0105d zewn\u0119trzny.<br \/>\n\u00a0\u00a0\u00a0 Wszystkie te bajki pomagaj\u0105 w wychowaniu\u00a0 w duchu empatii, szacunku i akceptacji, kt\u00f3re s\u0105 fundamentem pozytywnych relacji- cho\u0107by w Przedszkolu.<br \/>\n\u00a0\u00a0 W grupie \u201eMotylk\u00f3w\u201d przeprowadzi\u0142am pogadank\u0119 o zimowych zabawach. Bajki pt. \u201eUwielbiam zim\u0119!\u201d oraz \u201eHopcia i jej sanki\u201d z serii Zimowe opowiastki- 15 historyjek na mro\u017ane dni- to \u015bwietny spos\u00f3b na wprowadzenie Przedszkolak\u00f3w w magi\u0119 zimy i zimowych aktywno\u015bci. Mam nadziej\u0119 ,\u017ce przeczytane przeze mnie opowie\u015bci, nape\u0142ni\u0142y wszystkich rado\u015bci\u0105 i zach\u0119ci\u0142y do przebywania na \u015bwie\u017cym powietrzu. Chcia\u0142abym, aby te bajki o zimowych historiach pomog\u0142y zrozumie\u0107 dzieciom jak cieszy\u0107 si\u0119 zimow\u0105 por\u0105, jak wa\u017cna jest aktywno\u015b\u0107 fizyczna i wsp\u00f3lna zabawa na \u015bniegu. Podczas wsp\u00f3lnej rozmowy dostrzeg\u0142am ogromny u\u015bmiech na twarzach dzieci, gdy tylko wspomina\u0142y bitw\u0119 na \u015bnie\u017cki, zje\u017cd\u017canie na sankach czy lepienie ba\u0142wana.<br \/>\n\u00a0\u00a0 Wszystkim Dzieciom serdecznie dzi\u0119kuj\u0119 za cudowne spotkanie, ciesz\u0119 si\u0119, gdy spotykam si\u0119 z takim \u201ezas\u0142uchaniem\u201d w\u015br\u00f3d najm\u0142odszych. Mam nadziej\u0119 , \u017ce takie spotkania w przysz\u0142o\u015bci zaowocuj\u0105- w zasadzie to jestem tego pewna.<br \/>\n\u00a0Do mi\u0142ego zobaczenia urocze Przedszkolaki.<br \/>\n\u00a0\u00a0\u00a0\u00a0\u00a0\u00a0\u00a0\u00a0\u00a0\u00a0\u00a0\u00a0\u00a0\u00a0\u00a0\u00a0\u00a0\u00a0\u00a0\u00a0\u00a0\u00a0\u00a0\u00a0\u00a0\u00a0\u00a0\u00a0\u00a0\u00a0\u00a0\u00a0\u00a0\u00a0\u00a0\u00a0\u00a0\u00a0 \u00a0\u00a0\u00a0\u00a0\u00a0\u00a0\u00a0\u00a0\u00a0\u00a0\u00a0\u00a0\u00a0\u00a0\u00a0\u00a0\u00a0\u00a0\u00a0Opr. Joanna Olejniczak<br \/>\n<img src='https:\/\/biblioteka-gabin.pl\/wp-content\/uploads\/archive\/pliki\/obraz\/2025\/luty\/476196878_918478750118761_2144756646209413353_n.jpg'><\/p>\n","protected":false},"excerpt":{"rendered":"<p>Na dzisiejszym spotkaniu zaprezentowa\u0142am dw\u00f3m grupom \u201e\u017babkom\u201d i \u201eSkrzatom\u201d \u00a0klasyk\u0119<\/p>\n","protected":false},"author":1,"featured_media":0,"comment_status":"open","ping_status":"open","sticky":false,"template":"","format":"standard","meta":{"footnotes":""},"categories":[36],"tags":[],"class_list":["post-8284","post","type-post","status-publish","format-standard","hentry","category-main"],"yoast_head":"<!-- This site is optimized with the Yoast SEO plugin v27.4 - https:\/\/yoast.com\/product\/yoast-seo-wordpress\/ -->\n<title>Pogadanka i Spotkanie z bajk\u0105 w Przedszkolu Samorz\u0105dowym w G\u0105binie- grupy: &quot;\u017babki&quot;,&quot;Skrzaty&quot; i &quot;Motylki&quot; - Miejsko-Gminna Biblioteka Publiczna w G\u0105binie<\/title>\n<meta name=\"robots\" content=\"index, follow, max-snippet:-1, max-image-preview:large, max-video-preview:-1\" \/>\n<link rel=\"canonical\" href=\"http:\/\/biblioteka-gabin.pl\/index.php\/2025\/02\/06\/pogadanka-i-spotkanie-z-bajka-w-przedszkolu-samorzadowym-w-gabinie-grupy-zabkiskrzaty-i-motylki\/\" \/>\n<meta property=\"og:locale\" content=\"pl_PL\" \/>\n<meta property=\"og:type\" content=\"article\" \/>\n<meta property=\"og:title\" content=\"Pogadanka i Spotkanie z bajk\u0105 w Przedszkolu Samorz\u0105dowym w G\u0105binie- grupy: &quot;\u017babki&quot;,&quot;Skrzaty&quot; i &quot;Motylki&quot; - Miejsko-Gminna Biblioteka Publiczna w G\u0105binie\" \/>\n<meta property=\"og:description\" content=\"Na dzisiejszym spotkaniu zaprezentowa\u0142am dw\u00f3m grupom \u201e\u017babkom\u201d i \u201eSkrzatom\u201d \u00a0klasyk\u0119\" \/>\n<meta property=\"og:url\" content=\"http:\/\/biblioteka-gabin.pl\/index.php\/2025\/02\/06\/pogadanka-i-spotkanie-z-bajka-w-przedszkolu-samorzadowym-w-gabinie-grupy-zabkiskrzaty-i-motylki\/\" \/>\n<meta property=\"og:site_name\" content=\"Miejsko-Gminna Biblioteka Publiczna w G\u0105binie\" \/>\n<meta property=\"article:publisher\" content=\"https:\/\/www.facebook.com\/bibliotekagabin\" \/>\n<meta property=\"article:published_time\" content=\"2025-02-06T00:00:00+00:00\" \/>\n<meta property=\"og:image\" content=\"https:\/\/biblioteka-gabin.pl\/wp-content\/uploads\/archive\/pliki\/obraz\/2025\/luty\/476196878_918478750118761_2144756646209413353_n.jpg\" \/>\n<meta name=\"author\" content=\"admin\" \/>\n<meta name=\"twitter:card\" content=\"summary_large_image\" \/>\n<meta name=\"twitter:label1\" content=\"Napisane przez\" \/>\n\t<meta name=\"twitter:data1\" content=\"admin\" \/>\n\t<meta name=\"twitter:label2\" content=\"Szacowany czas czytania\" \/>\n\t<meta name=\"twitter:data2\" content=\"2 minuty\" \/>\n<script type=\"application\/ld+json\" class=\"yoast-schema-graph\">{\"@context\":\"https:\\\/\\\/schema.org\",\"@graph\":[{\"@type\":\"Article\",\"@id\":\"http:\\\/\\\/biblioteka-gabin.pl\\\/index.php\\\/2025\\\/02\\\/06\\\/pogadanka-i-spotkanie-z-bajka-w-przedszkolu-samorzadowym-w-gabinie-grupy-zabkiskrzaty-i-motylki\\\/#article\",\"isPartOf\":{\"@id\":\"http:\\\/\\\/biblioteka-gabin.pl\\\/index.php\\\/2025\\\/02\\\/06\\\/pogadanka-i-spotkanie-z-bajka-w-przedszkolu-samorzadowym-w-gabinie-grupy-zabkiskrzaty-i-motylki\\\/\"},\"author\":{\"name\":\"admin\",\"@id\":\"https:\\\/\\\/biblioteka-gabin.pl\\\/#\\\/schema\\\/person\\\/2067b97c24663d987ef6ef95bed7c99a\"},\"headline\":\"Pogadanka i Spotkanie z bajk\u0105 w Przedszkolu Samorz\u0105dowym w G\u0105binie- grupy: &#8222;\u017babki&#8221;,&#8221;Skrzaty&#8221; i &#8222;Motylki&#8221;\",\"datePublished\":\"2025-02-06T00:00:00+00:00\",\"mainEntityOfPage\":{\"@id\":\"http:\\\/\\\/biblioteka-gabin.pl\\\/index.php\\\/2025\\\/02\\\/06\\\/pogadanka-i-spotkanie-z-bajka-w-przedszkolu-samorzadowym-w-gabinie-grupy-zabkiskrzaty-i-motylki\\\/\"},\"wordCount\":502,\"commentCount\":0,\"publisher\":{\"@id\":\"https:\\\/\\\/biblioteka-gabin.pl\\\/#organization\"},\"image\":{\"@id\":\"http:\\\/\\\/biblioteka-gabin.pl\\\/index.php\\\/2025\\\/02\\\/06\\\/pogadanka-i-spotkanie-z-bajka-w-przedszkolu-samorzadowym-w-gabinie-grupy-zabkiskrzaty-i-motylki\\\/#primaryimage\"},\"thumbnailUrl\":\"https:\\\/\\\/biblioteka-gabin.pl\\\/wp-content\\\/uploads\\\/archive\\\/pliki\\\/obraz\\\/2025\\\/luty\\\/476196878_918478750118761_2144756646209413353_n.jpg\",\"articleSection\":[\"Main\"],\"inLanguage\":\"pl-PL\",\"potentialAction\":[{\"@type\":\"CommentAction\",\"name\":\"Comment\",\"target\":[\"http:\\\/\\\/biblioteka-gabin.pl\\\/index.php\\\/2025\\\/02\\\/06\\\/pogadanka-i-spotkanie-z-bajka-w-przedszkolu-samorzadowym-w-gabinie-grupy-zabkiskrzaty-i-motylki\\\/#respond\"]}]},{\"@type\":\"WebPage\",\"@id\":\"http:\\\/\\\/biblioteka-gabin.pl\\\/index.php\\\/2025\\\/02\\\/06\\\/pogadanka-i-spotkanie-z-bajka-w-przedszkolu-samorzadowym-w-gabinie-grupy-zabkiskrzaty-i-motylki\\\/\",\"url\":\"http:\\\/\\\/biblioteka-gabin.pl\\\/index.php\\\/2025\\\/02\\\/06\\\/pogadanka-i-spotkanie-z-bajka-w-przedszkolu-samorzadowym-w-gabinie-grupy-zabkiskrzaty-i-motylki\\\/\",\"name\":\"Pogadanka i Spotkanie z bajk\u0105 w Przedszkolu Samorz\u0105dowym w G\u0105binie- grupy: \\\"\u017babki\\\",\\\"Skrzaty\\\" i \\\"Motylki\\\" - Miejsko-Gminna Biblioteka Publiczna w G\u0105binie\",\"isPartOf\":{\"@id\":\"https:\\\/\\\/biblioteka-gabin.pl\\\/#website\"},\"primaryImageOfPage\":{\"@id\":\"http:\\\/\\\/biblioteka-gabin.pl\\\/index.php\\\/2025\\\/02\\\/06\\\/pogadanka-i-spotkanie-z-bajka-w-przedszkolu-samorzadowym-w-gabinie-grupy-zabkiskrzaty-i-motylki\\\/#primaryimage\"},\"image\":{\"@id\":\"http:\\\/\\\/biblioteka-gabin.pl\\\/index.php\\\/2025\\\/02\\\/06\\\/pogadanka-i-spotkanie-z-bajka-w-przedszkolu-samorzadowym-w-gabinie-grupy-zabkiskrzaty-i-motylki\\\/#primaryimage\"},\"thumbnailUrl\":\"https:\\\/\\\/biblioteka-gabin.pl\\\/wp-content\\\/uploads\\\/archive\\\/pliki\\\/obraz\\\/2025\\\/luty\\\/476196878_918478750118761_2144756646209413353_n.jpg\",\"datePublished\":\"2025-02-06T00:00:00+00:00\",\"breadcrumb\":{\"@id\":\"http:\\\/\\\/biblioteka-gabin.pl\\\/index.php\\\/2025\\\/02\\\/06\\\/pogadanka-i-spotkanie-z-bajka-w-przedszkolu-samorzadowym-w-gabinie-grupy-zabkiskrzaty-i-motylki\\\/#breadcrumb\"},\"inLanguage\":\"pl-PL\",\"potentialAction\":[{\"@type\":\"ReadAction\",\"target\":[\"http:\\\/\\\/biblioteka-gabin.pl\\\/index.php\\\/2025\\\/02\\\/06\\\/pogadanka-i-spotkanie-z-bajka-w-przedszkolu-samorzadowym-w-gabinie-grupy-zabkiskrzaty-i-motylki\\\/\"]}]},{\"@type\":\"ImageObject\",\"inLanguage\":\"pl-PL\",\"@id\":\"http:\\\/\\\/biblioteka-gabin.pl\\\/index.php\\\/2025\\\/02\\\/06\\\/pogadanka-i-spotkanie-z-bajka-w-przedszkolu-samorzadowym-w-gabinie-grupy-zabkiskrzaty-i-motylki\\\/#primaryimage\",\"url\":\"https:\\\/\\\/biblioteka-gabin.pl\\\/wp-content\\\/uploads\\\/archive\\\/pliki\\\/obraz\\\/2025\\\/luty\\\/476196878_918478750118761_2144756646209413353_n.jpg\",\"contentUrl\":\"https:\\\/\\\/biblioteka-gabin.pl\\\/wp-content\\\/uploads\\\/archive\\\/pliki\\\/obraz\\\/2025\\\/luty\\\/476196878_918478750118761_2144756646209413353_n.jpg\"},{\"@type\":\"BreadcrumbList\",\"@id\":\"http:\\\/\\\/biblioteka-gabin.pl\\\/index.php\\\/2025\\\/02\\\/06\\\/pogadanka-i-spotkanie-z-bajka-w-przedszkolu-samorzadowym-w-gabinie-grupy-zabkiskrzaty-i-motylki\\\/#breadcrumb\",\"itemListElement\":[{\"@type\":\"ListItem\",\"position\":1,\"name\":\"Strona g\u0142\u00f3wna\",\"item\":\"https:\\\/\\\/biblioteka-gabin.pl\\\/\"},{\"@type\":\"ListItem\",\"position\":2,\"name\":\"Pogadanka i Spotkanie z bajk\u0105 w Przedszkolu Samorz\u0105dowym w G\u0105binie- grupy: &#8222;\u017babki&#8221;,&#8221;Skrzaty&#8221; i &#8222;Motylki&#8221;\"}]},{\"@type\":\"WebSite\",\"@id\":\"https:\\\/\\\/biblioteka-gabin.pl\\\/#website\",\"url\":\"https:\\\/\\\/biblioteka-gabin.pl\\\/\",\"name\":\"Miejsko-Gminna Biblioteka Publiczna w G\u0105binie\",\"description\":\"\",\"publisher\":{\"@id\":\"https:\\\/\\\/biblioteka-gabin.pl\\\/#organization\"},\"potentialAction\":[{\"@type\":\"SearchAction\",\"target\":{\"@type\":\"EntryPoint\",\"urlTemplate\":\"https:\\\/\\\/biblioteka-gabin.pl\\\/?s={search_term_string}\"},\"query-input\":{\"@type\":\"PropertyValueSpecification\",\"valueRequired\":true,\"valueName\":\"search_term_string\"}}],\"inLanguage\":\"pl-PL\"},{\"@type\":\"Organization\",\"@id\":\"https:\\\/\\\/biblioteka-gabin.pl\\\/#organization\",\"name\":\"Miejsko-Gminna Biblioteka Publiczna w G\u0105binie\",\"url\":\"https:\\\/\\\/biblioteka-gabin.pl\\\/\",\"logo\":{\"@type\":\"ImageObject\",\"inLanguage\":\"pl-PL\",\"@id\":\"https:\\\/\\\/biblioteka-gabin.pl\\\/#\\\/schema\\\/logo\\\/image\\\/\",\"url\":\"https:\\\/\\\/biblioteka-gabin.pl\\\/wp-content\\\/uploads\\\/2025\\\/03\\\/logo-biblioteka-2-1657013691-1.jpg\",\"contentUrl\":\"https:\\\/\\\/biblioteka-gabin.pl\\\/wp-content\\\/uploads\\\/2025\\\/03\\\/logo-biblioteka-2-1657013691-1.jpg\",\"width\":1600,\"height\":772,\"caption\":\"Miejsko-Gminna Biblioteka Publiczna w G\u0105binie\"},\"image\":{\"@id\":\"https:\\\/\\\/biblioteka-gabin.pl\\\/#\\\/schema\\\/logo\\\/image\\\/\"},\"sameAs\":[\"https:\\\/\\\/www.facebook.com\\\/bibliotekagabin\",\"https:\\\/\\\/www.youtube.com\\\/@mgbpgabin9392\"]},{\"@type\":\"Person\",\"@id\":\"https:\\\/\\\/biblioteka-gabin.pl\\\/#\\\/schema\\\/person\\\/2067b97c24663d987ef6ef95bed7c99a\",\"name\":\"admin\",\"image\":{\"@type\":\"ImageObject\",\"inLanguage\":\"pl-PL\",\"@id\":\"https:\\\/\\\/secure.gravatar.com\\\/avatar\\\/e1843904e97b4e376a0fc90ae10372cd31bce9b207a7a3d2ca68fc7ca7e4174c?s=96&d=mm&r=g\",\"url\":\"https:\\\/\\\/secure.gravatar.com\\\/avatar\\\/e1843904e97b4e376a0fc90ae10372cd31bce9b207a7a3d2ca68fc7ca7e4174c?s=96&d=mm&r=g\",\"contentUrl\":\"https:\\\/\\\/secure.gravatar.com\\\/avatar\\\/e1843904e97b4e376a0fc90ae10372cd31bce9b207a7a3d2ca68fc7ca7e4174c?s=96&d=mm&r=g\",\"caption\":\"admin\"},\"sameAs\":[\"http:\\\/\\\/strona.biblioteka-gabin.pl\"],\"url\":\"http:\\\/\\\/biblioteka-gabin.pl\\\/index.php\\\/author\\\/admin\\\/\"}]}<\/script>\n<!-- \/ Yoast SEO plugin. -->","yoast_head_json":{"title":"Pogadanka i Spotkanie z bajk\u0105 w Przedszkolu Samorz\u0105dowym w G\u0105binie- grupy: \"\u017babki\",\"Skrzaty\" i \"Motylki\" - Miejsko-Gminna Biblioteka Publiczna w G\u0105binie","robots":{"index":"index","follow":"follow","max-snippet":"max-snippet:-1","max-image-preview":"max-image-preview:large","max-video-preview":"max-video-preview:-1"},"canonical":"http:\/\/biblioteka-gabin.pl\/index.php\/2025\/02\/06\/pogadanka-i-spotkanie-z-bajka-w-przedszkolu-samorzadowym-w-gabinie-grupy-zabkiskrzaty-i-motylki\/","og_locale":"pl_PL","og_type":"article","og_title":"Pogadanka i Spotkanie z bajk\u0105 w Przedszkolu Samorz\u0105dowym w G\u0105binie- grupy: \"\u017babki\",\"Skrzaty\" i \"Motylki\" - Miejsko-Gminna Biblioteka Publiczna w G\u0105binie","og_description":"Na dzisiejszym spotkaniu zaprezentowa\u0142am dw\u00f3m grupom \u201e\u017babkom\u201d i \u201eSkrzatom\u201d \u00a0klasyk\u0119","og_url":"http:\/\/biblioteka-gabin.pl\/index.php\/2025\/02\/06\/pogadanka-i-spotkanie-z-bajka-w-przedszkolu-samorzadowym-w-gabinie-grupy-zabkiskrzaty-i-motylki\/","og_site_name":"Miejsko-Gminna Biblioteka Publiczna w G\u0105binie","article_publisher":"https:\/\/www.facebook.com\/bibliotekagabin","article_published_time":"2025-02-06T00:00:00+00:00","og_image":[{"url":"https:\/\/biblioteka-gabin.pl\/wp-content\/uploads\/archive\/pliki\/obraz\/2025\/luty\/476196878_918478750118761_2144756646209413353_n.jpg","type":"","width":"","height":""}],"author":"admin","twitter_card":"summary_large_image","twitter_misc":{"Napisane przez":"admin","Szacowany czas czytania":"2 minuty"},"schema":{"@context":"https:\/\/schema.org","@graph":[{"@type":"Article","@id":"http:\/\/biblioteka-gabin.pl\/index.php\/2025\/02\/06\/pogadanka-i-spotkanie-z-bajka-w-przedszkolu-samorzadowym-w-gabinie-grupy-zabkiskrzaty-i-motylki\/#article","isPartOf":{"@id":"http:\/\/biblioteka-gabin.pl\/index.php\/2025\/02\/06\/pogadanka-i-spotkanie-z-bajka-w-przedszkolu-samorzadowym-w-gabinie-grupy-zabkiskrzaty-i-motylki\/"},"author":{"name":"admin","@id":"https:\/\/biblioteka-gabin.pl\/#\/schema\/person\/2067b97c24663d987ef6ef95bed7c99a"},"headline":"Pogadanka i Spotkanie z bajk\u0105 w Przedszkolu Samorz\u0105dowym w G\u0105binie- grupy: &#8222;\u017babki&#8221;,&#8221;Skrzaty&#8221; i &#8222;Motylki&#8221;","datePublished":"2025-02-06T00:00:00+00:00","mainEntityOfPage":{"@id":"http:\/\/biblioteka-gabin.pl\/index.php\/2025\/02\/06\/pogadanka-i-spotkanie-z-bajka-w-przedszkolu-samorzadowym-w-gabinie-grupy-zabkiskrzaty-i-motylki\/"},"wordCount":502,"commentCount":0,"publisher":{"@id":"https:\/\/biblioteka-gabin.pl\/#organization"},"image":{"@id":"http:\/\/biblioteka-gabin.pl\/index.php\/2025\/02\/06\/pogadanka-i-spotkanie-z-bajka-w-przedszkolu-samorzadowym-w-gabinie-grupy-zabkiskrzaty-i-motylki\/#primaryimage"},"thumbnailUrl":"https:\/\/biblioteka-gabin.pl\/wp-content\/uploads\/archive\/pliki\/obraz\/2025\/luty\/476196878_918478750118761_2144756646209413353_n.jpg","articleSection":["Main"],"inLanguage":"pl-PL","potentialAction":[{"@type":"CommentAction","name":"Comment","target":["http:\/\/biblioteka-gabin.pl\/index.php\/2025\/02\/06\/pogadanka-i-spotkanie-z-bajka-w-przedszkolu-samorzadowym-w-gabinie-grupy-zabkiskrzaty-i-motylki\/#respond"]}]},{"@type":"WebPage","@id":"http:\/\/biblioteka-gabin.pl\/index.php\/2025\/02\/06\/pogadanka-i-spotkanie-z-bajka-w-przedszkolu-samorzadowym-w-gabinie-grupy-zabkiskrzaty-i-motylki\/","url":"http:\/\/biblioteka-gabin.pl\/index.php\/2025\/02\/06\/pogadanka-i-spotkanie-z-bajka-w-przedszkolu-samorzadowym-w-gabinie-grupy-zabkiskrzaty-i-motylki\/","name":"Pogadanka i Spotkanie z bajk\u0105 w Przedszkolu Samorz\u0105dowym w G\u0105binie- grupy: \"\u017babki\",\"Skrzaty\" i \"Motylki\" - Miejsko-Gminna Biblioteka Publiczna w G\u0105binie","isPartOf":{"@id":"https:\/\/biblioteka-gabin.pl\/#website"},"primaryImageOfPage":{"@id":"http:\/\/biblioteka-gabin.pl\/index.php\/2025\/02\/06\/pogadanka-i-spotkanie-z-bajka-w-przedszkolu-samorzadowym-w-gabinie-grupy-zabkiskrzaty-i-motylki\/#primaryimage"},"image":{"@id":"http:\/\/biblioteka-gabin.pl\/index.php\/2025\/02\/06\/pogadanka-i-spotkanie-z-bajka-w-przedszkolu-samorzadowym-w-gabinie-grupy-zabkiskrzaty-i-motylki\/#primaryimage"},"thumbnailUrl":"https:\/\/biblioteka-gabin.pl\/wp-content\/uploads\/archive\/pliki\/obraz\/2025\/luty\/476196878_918478750118761_2144756646209413353_n.jpg","datePublished":"2025-02-06T00:00:00+00:00","breadcrumb":{"@id":"http:\/\/biblioteka-gabin.pl\/index.php\/2025\/02\/06\/pogadanka-i-spotkanie-z-bajka-w-przedszkolu-samorzadowym-w-gabinie-grupy-zabkiskrzaty-i-motylki\/#breadcrumb"},"inLanguage":"pl-PL","potentialAction":[{"@type":"ReadAction","target":["http:\/\/biblioteka-gabin.pl\/index.php\/2025\/02\/06\/pogadanka-i-spotkanie-z-bajka-w-przedszkolu-samorzadowym-w-gabinie-grupy-zabkiskrzaty-i-motylki\/"]}]},{"@type":"ImageObject","inLanguage":"pl-PL","@id":"http:\/\/biblioteka-gabin.pl\/index.php\/2025\/02\/06\/pogadanka-i-spotkanie-z-bajka-w-przedszkolu-samorzadowym-w-gabinie-grupy-zabkiskrzaty-i-motylki\/#primaryimage","url":"https:\/\/biblioteka-gabin.pl\/wp-content\/uploads\/archive\/pliki\/obraz\/2025\/luty\/476196878_918478750118761_2144756646209413353_n.jpg","contentUrl":"https:\/\/biblioteka-gabin.pl\/wp-content\/uploads\/archive\/pliki\/obraz\/2025\/luty\/476196878_918478750118761_2144756646209413353_n.jpg"},{"@type":"BreadcrumbList","@id":"http:\/\/biblioteka-gabin.pl\/index.php\/2025\/02\/06\/pogadanka-i-spotkanie-z-bajka-w-przedszkolu-samorzadowym-w-gabinie-grupy-zabkiskrzaty-i-motylki\/#breadcrumb","itemListElement":[{"@type":"ListItem","position":1,"name":"Strona g\u0142\u00f3wna","item":"https:\/\/biblioteka-gabin.pl\/"},{"@type":"ListItem","position":2,"name":"Pogadanka i Spotkanie z bajk\u0105 w Przedszkolu Samorz\u0105dowym w G\u0105binie- grupy: &#8222;\u017babki&#8221;,&#8221;Skrzaty&#8221; i &#8222;Motylki&#8221;"}]},{"@type":"WebSite","@id":"https:\/\/biblioteka-gabin.pl\/#website","url":"https:\/\/biblioteka-gabin.pl\/","name":"Miejsko-Gminna Biblioteka Publiczna w G\u0105binie","description":"","publisher":{"@id":"https:\/\/biblioteka-gabin.pl\/#organization"},"potentialAction":[{"@type":"SearchAction","target":{"@type":"EntryPoint","urlTemplate":"https:\/\/biblioteka-gabin.pl\/?s={search_term_string}"},"query-input":{"@type":"PropertyValueSpecification","valueRequired":true,"valueName":"search_term_string"}}],"inLanguage":"pl-PL"},{"@type":"Organization","@id":"https:\/\/biblioteka-gabin.pl\/#organization","name":"Miejsko-Gminna Biblioteka Publiczna w G\u0105binie","url":"https:\/\/biblioteka-gabin.pl\/","logo":{"@type":"ImageObject","inLanguage":"pl-PL","@id":"https:\/\/biblioteka-gabin.pl\/#\/schema\/logo\/image\/","url":"https:\/\/biblioteka-gabin.pl\/wp-content\/uploads\/2025\/03\/logo-biblioteka-2-1657013691-1.jpg","contentUrl":"https:\/\/biblioteka-gabin.pl\/wp-content\/uploads\/2025\/03\/logo-biblioteka-2-1657013691-1.jpg","width":1600,"height":772,"caption":"Miejsko-Gminna Biblioteka Publiczna w G\u0105binie"},"image":{"@id":"https:\/\/biblioteka-gabin.pl\/#\/schema\/logo\/image\/"},"sameAs":["https:\/\/www.facebook.com\/bibliotekagabin","https:\/\/www.youtube.com\/@mgbpgabin9392"]},{"@type":"Person","@id":"https:\/\/biblioteka-gabin.pl\/#\/schema\/person\/2067b97c24663d987ef6ef95bed7c99a","name":"admin","image":{"@type":"ImageObject","inLanguage":"pl-PL","@id":"https:\/\/secure.gravatar.com\/avatar\/e1843904e97b4e376a0fc90ae10372cd31bce9b207a7a3d2ca68fc7ca7e4174c?s=96&d=mm&r=g","url":"https:\/\/secure.gravatar.com\/avatar\/e1843904e97b4e376a0fc90ae10372cd31bce9b207a7a3d2ca68fc7ca7e4174c?s=96&d=mm&r=g","contentUrl":"https:\/\/secure.gravatar.com\/avatar\/e1843904e97b4e376a0fc90ae10372cd31bce9b207a7a3d2ca68fc7ca7e4174c?s=96&d=mm&r=g","caption":"admin"},"sameAs":["http:\/\/strona.biblioteka-gabin.pl"],"url":"http:\/\/biblioteka-gabin.pl\/index.php\/author\/admin\/"}]}},"_links":{"self":[{"href":"http:\/\/biblioteka-gabin.pl\/index.php\/wp-json\/wp\/v2\/posts\/8284","targetHints":{"allow":["GET"]}}],"collection":[{"href":"http:\/\/biblioteka-gabin.pl\/index.php\/wp-json\/wp\/v2\/posts"}],"about":[{"href":"http:\/\/biblioteka-gabin.pl\/index.php\/wp-json\/wp\/v2\/types\/post"}],"author":[{"embeddable":true,"href":"http:\/\/biblioteka-gabin.pl\/index.php\/wp-json\/wp\/v2\/users\/1"}],"replies":[{"embeddable":true,"href":"http:\/\/biblioteka-gabin.pl\/index.php\/wp-json\/wp\/v2\/comments?post=8284"}],"version-history":[{"count":0,"href":"http:\/\/biblioteka-gabin.pl\/index.php\/wp-json\/wp\/v2\/posts\/8284\/revisions"}],"wp:attachment":[{"href":"http:\/\/biblioteka-gabin.pl\/index.php\/wp-json\/wp\/v2\/media?parent=8284"}],"wp:term":[{"taxonomy":"category","embeddable":true,"href":"http:\/\/biblioteka-gabin.pl\/index.php\/wp-json\/wp\/v2\/categories?post=8284"},{"taxonomy":"post_tag","embeddable":true,"href":"http:\/\/biblioteka-gabin.pl\/index.php\/wp-json\/wp\/v2\/tags?post=8284"}],"curies":[{"name":"wp","href":"https:\/\/api.w.org\/{rel}","templated":true}]}}