{"id":8288,"date":"2025-02-19T00:00:00","date_gmt":"2025-02-19T00:00:00","guid":{"rendered":"https:\/\/biblioteka-gabin.pl\/index.php\/2025\/02\/19\/pogadanka-w-oddziale-przedszkolnym-w-czermnie-gr-gwiazdy-19-02-2025-r\/"},"modified":"2025-02-19T00:00:00","modified_gmt":"2025-02-19T00:00:00","slug":"pogadanka-w-oddziale-przedszkolnym-w-czermnie-gr-gwiazdy-19-02-2025-r","status":"publish","type":"post","link":"http:\/\/biblioteka-gabin.pl\/index.php\/2025\/02\/19\/pogadanka-w-oddziale-przedszkolnym-w-czermnie-gr-gwiazdy-19-02-2025-r\/","title":{"rendered":"Pogadanka w Oddziale Przedszkolnym w Czermnie, gr. ,,Gwiazdy\u201d (19.02. 2025 r.)"},"content":{"rendered":"<p>,,\u015awiat, kt\u00f3ry nas otacza jest jednym wielkim prezentem do odpakowania. Mam na my\u015bli przede wszystkim przyrod\u0119, jak\u0105 widzimy za oknem ka\u017cdego dnia (dzisiaj jest to pi\u0119kny bia\u0142y \u015bnieg!) i inne osoby.\u201d \u2013 rozpocz\u0119\u0142a zaj\u0119cia w Oddziale Przedszkolnym w Czermnie Karolina, bibliotekarka.<br \/>\n,,Dlaczego gwiazdy migocz\u0105? Z czego zrobione s\u0105 gwiazdy?\u201d &#8211; \u00a0takie pytania z ksi\u0105\u017cki ,,Gwiazdy migocz\u0105\u201d Carole Stott pad\u0142y w trakcie Pogadanki do dopiero co nazwanej grupy o nazwie takiej jak bohaterowie opowie\u015bci. Okre\u015blenie ,,Gwiazdy\u201d dla Przedszkolak\u00f3w powsta\u0142o na ostatnich zaj\u0119ciach. \u00a0Wzi\u0119\u0142o si\u0119 od tematu spotkania, historii o iskierce, kt\u00f3ra mimo swojego ma\u0142ego rozmiaru mia\u0142a du\u017ce znaczenie. Ponadto nawi\u0105zywa\u0142o do wykonanych przez dzieci bry\u0142, umieszczonych pod sufitem w sali, gdzie trwa\u0142y zaj\u0119cia. \u00a0<br \/>\n\u00a0\u00a0\u00a0\u00a0\u00a0\u00a0\u00a0\u00a0\u00a0\u00a0\u00a0 ,,\u015awiat\u0142o przesy\u0142ane przez punkty, znajduj\u0105ce si\u0119 na niebie mo\u017cna por\u00f3wna\u0107 do sygna\u0142u wysy\u0142anego przez telefon kom\u00f3rkowy.\u201d \u2013 m\u00f3wi\u0142a bibliotekarka. ,,Chwil\u0119 potrwa zanim fala dojdzie do drugiego urz\u0105dzenia. Ka\u017cdy na pewno ma do\u015bwiadczenie, \u017ce odbiorca nie us\u0142yszy d\u017awi\u0119ku w momencie <<wys\u0142ania impulsu>>, ale dopiero po jakim\u015b czasie. Tak jak z telefonami, podobnie jest z gwiazdami. \u2013 doda\u0142a troch\u0119 \u017cartuj\u0105c &#8211; Wysy\u0142aj\u0105 one \u015bwiat\u0142o wiele lat wstecz, a my widzimy je dzisiaj.\u201d<br \/>\n\u00a0\u00a0\u00a0\u00a0\u00a0\u00a0\u00a0\u00a0\u00a0\u00a0\u00a0 W trakcie spotkania bibliotekarka zach\u0119ci\u0142a dzieci do zamkni\u0119cia oczu i wyobra\u017cenia sobie, \u017ce stoj\u0105 przed domem z rodzicami, bratem czy siostrom, pod niebem, gdzie migocz\u0105 gwiazdy i zachwycaj\u0105 si\u0119 tym widokiem. Ucieszcie si\u0119 nim i pomy\u015blcie, \u017ce \u015bwiat wok\u00f3\u0142 jest pi\u0119kny! &#8211; zako\u0144czy\u0142a Pogadank\u0119.<br \/>\n\u00a0\u00a0\u00a0\u00a0\u00a0\u00a0\u00a0\u00a0\u00a0\u00a0\u00a0 Spotkania w Oddziale Przedszkolnym w Czermnie przeprowadzane s\u0105 dzi\u0119ki uprzejmo\u015bci Pani Dyrektor Marzenie Ledzion w ka\u017cd\u0105 \u015brod\u0119, raz w miesi\u0105cu.<br \/>\nOpr. Karolina K\u0119dzia<br \/>\n<img src='https:\/\/biblioteka-gabin.pl\/wp-content\/uploads\/archive\/pliki\/obraz\/2025\/luty\/476888236_1160846345760357_7766886365191570896_n1.jpg'><br \/>\n<a href='https:\/\/biblioteka-gabin.pl\/wp-content\/uploads\/archive\/galleries\/656\/47688823611608463457603577766886365191570896n1-fa969c3393.jpg'><img style='max-height:300px;' src='https:\/\/biblioteka-gabin.pl\/wp-content\/uploads\/archive\/galleries\/656\/47688823611608463457603577766886365191570896n1-fa969c3393.jpg'><\/a><br \/>\n<a href='https:\/\/biblioteka-gabin.pl\/wp-content\/uploads\/archive\/galleries\/656\/4800630896641201595004097031915629228912941n1-453b97649c.jpg'><img style='max-height:300px;' src='https:\/\/biblioteka-gabin.pl\/wp-content\/uploads\/archive\/galleries\/656\/4800630896641201595004097031915629228912941n1-453b97649c.jpg'><\/a><br \/>\n<a href='https:\/\/biblioteka-gabin.pl\/wp-content\/uploads\/archive\/galleries\/656\/47703423414056034304055657920989639352914813n-1bbe3f0986.jpg'><img style='max-height:300px;' src='https:\/\/biblioteka-gabin.pl\/wp-content\/uploads\/archive\/galleries\/656\/47703423414056034304055657920989639352914813n-1bbe3f0986.jpg'><\/a><br \/>\n<a href='https:\/\/biblioteka-gabin.pl\/wp-content\/uploads\/archive\/galleries\/656\/4791117086469634411204892269042402970588373n-684d9a0146.jpg'><img style='max-height:300px;' src='https:\/\/biblioteka-gabin.pl\/wp-content\/uploads\/archive\/galleries\/656\/4791117086469634411204892269042402970588373n-684d9a0146.jpg'><\/a><\/p>\n","protected":false},"excerpt":{"rendered":"<p>,,\u015awiat, kt\u00f3ry nas otacza jest jednym wielkim prezentem do odpakowania.<\/p>\n","protected":false},"author":1,"featured_media":0,"comment_status":"open","ping_status":"open","sticky":false,"template":"","format":"standard","meta":{"footnotes":""},"categories":[36],"tags":[],"class_list":["post-8288","post","type-post","status-publish","format-standard","hentry","category-main"],"yoast_head":"<!-- This site is optimized with the Yoast SEO plugin v27.4 - https:\/\/yoast.com\/product\/yoast-seo-wordpress\/ -->\n<title>Pogadanka w Oddziale Przedszkolnym w Czermnie, gr. ,,Gwiazdy\u201d (19.02. 2025 r.) - Miejsko-Gminna Biblioteka Publiczna w G\u0105binie<\/title>\n<meta name=\"robots\" content=\"index, follow, max-snippet:-1, max-image-preview:large, max-video-preview:-1\" \/>\n<link rel=\"canonical\" href=\"https:\/\/biblioteka-gabin.pl\/index.php\/2025\/02\/19\/pogadanka-w-oddziale-przedszkolnym-w-czermnie-gr-gwiazdy-19-02-2025-r\/\" \/>\n<meta property=\"og:locale\" content=\"pl_PL\" \/>\n<meta property=\"og:type\" content=\"article\" \/>\n<meta property=\"og:title\" content=\"Pogadanka w Oddziale Przedszkolnym w Czermnie, gr. ,,Gwiazdy\u201d (19.02. 2025 r.) - Miejsko-Gminna Biblioteka Publiczna w G\u0105binie\" \/>\n<meta property=\"og:description\" content=\",,\u015awiat, kt\u00f3ry nas otacza jest jednym wielkim prezentem do odpakowania.\" \/>\n<meta property=\"og:url\" content=\"https:\/\/biblioteka-gabin.pl\/index.php\/2025\/02\/19\/pogadanka-w-oddziale-przedszkolnym-w-czermnie-gr-gwiazdy-19-02-2025-r\/\" \/>\n<meta property=\"og:site_name\" content=\"Miejsko-Gminna Biblioteka Publiczna w G\u0105binie\" \/>\n<meta property=\"article:publisher\" content=\"https:\/\/www.facebook.com\/bibliotekagabin\" \/>\n<meta property=\"article:published_time\" content=\"2025-02-19T00:00:00+00:00\" \/>\n<meta property=\"og:image\" content=\"https:\/\/biblioteka-gabin.pl\/wp-content\/uploads\/archive\/pliki\/obraz\/2025\/luty\/476888236_1160846345760357_7766886365191570896_n1.jpg\" \/>\n<meta name=\"author\" content=\"admin\" \/>\n<meta name=\"twitter:card\" content=\"summary_large_image\" \/>\n<meta name=\"twitter:label1\" content=\"Napisane przez\" \/>\n\t<meta name=\"twitter:data1\" content=\"admin\" \/>\n\t<meta name=\"twitter:label2\" content=\"Szacowany czas czytania\" \/>\n\t<meta name=\"twitter:data2\" content=\"2 minuty\" \/>\n<script type=\"application\/ld+json\" class=\"yoast-schema-graph\">{\"@context\":\"https:\\\/\\\/schema.org\",\"@graph\":[{\"@type\":\"Article\",\"@id\":\"https:\\\/\\\/biblioteka-gabin.pl\\\/index.php\\\/2025\\\/02\\\/19\\\/pogadanka-w-oddziale-przedszkolnym-w-czermnie-gr-gwiazdy-19-02-2025-r\\\/#article\",\"isPartOf\":{\"@id\":\"https:\\\/\\\/biblioteka-gabin.pl\\\/index.php\\\/2025\\\/02\\\/19\\\/pogadanka-w-oddziale-przedszkolnym-w-czermnie-gr-gwiazdy-19-02-2025-r\\\/\"},\"author\":{\"name\":\"admin\",\"@id\":\"https:\\\/\\\/biblioteka-gabin.pl\\\/#\\\/schema\\\/person\\\/2067b97c24663d987ef6ef95bed7c99a\"},\"headline\":\"Pogadanka w Oddziale Przedszkolnym w Czermnie, gr. ,,Gwiazdy\u201d (19.02. 2025 r.)\",\"datePublished\":\"2025-02-19T00:00:00+00:00\",\"mainEntityOfPage\":{\"@id\":\"https:\\\/\\\/biblioteka-gabin.pl\\\/index.php\\\/2025\\\/02\\\/19\\\/pogadanka-w-oddziale-przedszkolnym-w-czermnie-gr-gwiazdy-19-02-2025-r\\\/\"},\"wordCount\":309,\"commentCount\":0,\"publisher\":{\"@id\":\"https:\\\/\\\/biblioteka-gabin.pl\\\/#organization\"},\"image\":{\"@id\":\"https:\\\/\\\/biblioteka-gabin.pl\\\/index.php\\\/2025\\\/02\\\/19\\\/pogadanka-w-oddziale-przedszkolnym-w-czermnie-gr-gwiazdy-19-02-2025-r\\\/#primaryimage\"},\"thumbnailUrl\":\"https:\\\/\\\/biblioteka-gabin.pl\\\/wp-content\\\/uploads\\\/archive\\\/pliki\\\/obraz\\\/2025\\\/luty\\\/476888236_1160846345760357_7766886365191570896_n1.jpg\",\"articleSection\":[\"Main\"],\"inLanguage\":\"pl-PL\",\"potentialAction\":[{\"@type\":\"CommentAction\",\"name\":\"Comment\",\"target\":[\"https:\\\/\\\/biblioteka-gabin.pl\\\/index.php\\\/2025\\\/02\\\/19\\\/pogadanka-w-oddziale-przedszkolnym-w-czermnie-gr-gwiazdy-19-02-2025-r\\\/#respond\"]}]},{\"@type\":\"WebPage\",\"@id\":\"https:\\\/\\\/biblioteka-gabin.pl\\\/index.php\\\/2025\\\/02\\\/19\\\/pogadanka-w-oddziale-przedszkolnym-w-czermnie-gr-gwiazdy-19-02-2025-r\\\/\",\"url\":\"https:\\\/\\\/biblioteka-gabin.pl\\\/index.php\\\/2025\\\/02\\\/19\\\/pogadanka-w-oddziale-przedszkolnym-w-czermnie-gr-gwiazdy-19-02-2025-r\\\/\",\"name\":\"Pogadanka w Oddziale Przedszkolnym w Czermnie, gr. ,,Gwiazdy\u201d (19.02. 2025 r.) - Miejsko-Gminna Biblioteka Publiczna w G\u0105binie\",\"isPartOf\":{\"@id\":\"https:\\\/\\\/biblioteka-gabin.pl\\\/#website\"},\"primaryImageOfPage\":{\"@id\":\"https:\\\/\\\/biblioteka-gabin.pl\\\/index.php\\\/2025\\\/02\\\/19\\\/pogadanka-w-oddziale-przedszkolnym-w-czermnie-gr-gwiazdy-19-02-2025-r\\\/#primaryimage\"},\"image\":{\"@id\":\"https:\\\/\\\/biblioteka-gabin.pl\\\/index.php\\\/2025\\\/02\\\/19\\\/pogadanka-w-oddziale-przedszkolnym-w-czermnie-gr-gwiazdy-19-02-2025-r\\\/#primaryimage\"},\"thumbnailUrl\":\"https:\\\/\\\/biblioteka-gabin.pl\\\/wp-content\\\/uploads\\\/archive\\\/pliki\\\/obraz\\\/2025\\\/luty\\\/476888236_1160846345760357_7766886365191570896_n1.jpg\",\"datePublished\":\"2025-02-19T00:00:00+00:00\",\"breadcrumb\":{\"@id\":\"https:\\\/\\\/biblioteka-gabin.pl\\\/index.php\\\/2025\\\/02\\\/19\\\/pogadanka-w-oddziale-przedszkolnym-w-czermnie-gr-gwiazdy-19-02-2025-r\\\/#breadcrumb\"},\"inLanguage\":\"pl-PL\",\"potentialAction\":[{\"@type\":\"ReadAction\",\"target\":[\"https:\\\/\\\/biblioteka-gabin.pl\\\/index.php\\\/2025\\\/02\\\/19\\\/pogadanka-w-oddziale-przedszkolnym-w-czermnie-gr-gwiazdy-19-02-2025-r\\\/\"]}]},{\"@type\":\"ImageObject\",\"inLanguage\":\"pl-PL\",\"@id\":\"https:\\\/\\\/biblioteka-gabin.pl\\\/index.php\\\/2025\\\/02\\\/19\\\/pogadanka-w-oddziale-przedszkolnym-w-czermnie-gr-gwiazdy-19-02-2025-r\\\/#primaryimage\",\"url\":\"https:\\\/\\\/biblioteka-gabin.pl\\\/wp-content\\\/uploads\\\/archive\\\/pliki\\\/obraz\\\/2025\\\/luty\\\/476888236_1160846345760357_7766886365191570896_n1.jpg\",\"contentUrl\":\"https:\\\/\\\/biblioteka-gabin.pl\\\/wp-content\\\/uploads\\\/archive\\\/pliki\\\/obraz\\\/2025\\\/luty\\\/476888236_1160846345760357_7766886365191570896_n1.jpg\"},{\"@type\":\"BreadcrumbList\",\"@id\":\"https:\\\/\\\/biblioteka-gabin.pl\\\/index.php\\\/2025\\\/02\\\/19\\\/pogadanka-w-oddziale-przedszkolnym-w-czermnie-gr-gwiazdy-19-02-2025-r\\\/#breadcrumb\",\"itemListElement\":[{\"@type\":\"ListItem\",\"position\":1,\"name\":\"Strona g\u0142\u00f3wna\",\"item\":\"https:\\\/\\\/biblioteka-gabin.pl\\\/\"},{\"@type\":\"ListItem\",\"position\":2,\"name\":\"Pogadanka w Oddziale Przedszkolnym w Czermnie, gr. ,,Gwiazdy\u201d (19.02. 2025 r.)\"}]},{\"@type\":\"WebSite\",\"@id\":\"https:\\\/\\\/biblioteka-gabin.pl\\\/#website\",\"url\":\"https:\\\/\\\/biblioteka-gabin.pl\\\/\",\"name\":\"Miejsko-Gminna Biblioteka Publiczna w G\u0105binie\",\"description\":\"\",\"publisher\":{\"@id\":\"https:\\\/\\\/biblioteka-gabin.pl\\\/#organization\"},\"potentialAction\":[{\"@type\":\"SearchAction\",\"target\":{\"@type\":\"EntryPoint\",\"urlTemplate\":\"https:\\\/\\\/biblioteka-gabin.pl\\\/?s={search_term_string}\"},\"query-input\":{\"@type\":\"PropertyValueSpecification\",\"valueRequired\":true,\"valueName\":\"search_term_string\"}}],\"inLanguage\":\"pl-PL\"},{\"@type\":\"Organization\",\"@id\":\"https:\\\/\\\/biblioteka-gabin.pl\\\/#organization\",\"name\":\"Miejsko-Gminna Biblioteka Publiczna w G\u0105binie\",\"url\":\"https:\\\/\\\/biblioteka-gabin.pl\\\/\",\"logo\":{\"@type\":\"ImageObject\",\"inLanguage\":\"pl-PL\",\"@id\":\"https:\\\/\\\/biblioteka-gabin.pl\\\/#\\\/schema\\\/logo\\\/image\\\/\",\"url\":\"https:\\\/\\\/biblioteka-gabin.pl\\\/wp-content\\\/uploads\\\/2025\\\/03\\\/logo-biblioteka-2-1657013691-1.jpg\",\"contentUrl\":\"https:\\\/\\\/biblioteka-gabin.pl\\\/wp-content\\\/uploads\\\/2025\\\/03\\\/logo-biblioteka-2-1657013691-1.jpg\",\"width\":1600,\"height\":772,\"caption\":\"Miejsko-Gminna Biblioteka Publiczna w G\u0105binie\"},\"image\":{\"@id\":\"https:\\\/\\\/biblioteka-gabin.pl\\\/#\\\/schema\\\/logo\\\/image\\\/\"},\"sameAs\":[\"https:\\\/\\\/www.facebook.com\\\/bibliotekagabin\",\"https:\\\/\\\/www.youtube.com\\\/@mgbpgabin9392\"]},{\"@type\":\"Person\",\"@id\":\"https:\\\/\\\/biblioteka-gabin.pl\\\/#\\\/schema\\\/person\\\/2067b97c24663d987ef6ef95bed7c99a\",\"name\":\"admin\",\"image\":{\"@type\":\"ImageObject\",\"inLanguage\":\"pl-PL\",\"@id\":\"https:\\\/\\\/secure.gravatar.com\\\/avatar\\\/e1843904e97b4e376a0fc90ae10372cd31bce9b207a7a3d2ca68fc7ca7e4174c?s=96&d=mm&r=g\",\"url\":\"https:\\\/\\\/secure.gravatar.com\\\/avatar\\\/e1843904e97b4e376a0fc90ae10372cd31bce9b207a7a3d2ca68fc7ca7e4174c?s=96&d=mm&r=g\",\"contentUrl\":\"https:\\\/\\\/secure.gravatar.com\\\/avatar\\\/e1843904e97b4e376a0fc90ae10372cd31bce9b207a7a3d2ca68fc7ca7e4174c?s=96&d=mm&r=g\",\"caption\":\"admin\"},\"sameAs\":[\"http:\\\/\\\/strona.biblioteka-gabin.pl\"],\"url\":\"http:\\\/\\\/biblioteka-gabin.pl\\\/index.php\\\/author\\\/admin\\\/\"}]}<\/script>\n<!-- \/ Yoast SEO plugin. -->","yoast_head_json":{"title":"Pogadanka w Oddziale Przedszkolnym w Czermnie, gr. ,,Gwiazdy\u201d (19.02. 2025 r.) - Miejsko-Gminna Biblioteka Publiczna w G\u0105binie","robots":{"index":"index","follow":"follow","max-snippet":"max-snippet:-1","max-image-preview":"max-image-preview:large","max-video-preview":"max-video-preview:-1"},"canonical":"https:\/\/biblioteka-gabin.pl\/index.php\/2025\/02\/19\/pogadanka-w-oddziale-przedszkolnym-w-czermnie-gr-gwiazdy-19-02-2025-r\/","og_locale":"pl_PL","og_type":"article","og_title":"Pogadanka w Oddziale Przedszkolnym w Czermnie, gr. ,,Gwiazdy\u201d (19.02. 2025 r.) - Miejsko-Gminna Biblioteka Publiczna w G\u0105binie","og_description":",,\u015awiat, kt\u00f3ry nas otacza jest jednym wielkim prezentem do odpakowania.","og_url":"https:\/\/biblioteka-gabin.pl\/index.php\/2025\/02\/19\/pogadanka-w-oddziale-przedszkolnym-w-czermnie-gr-gwiazdy-19-02-2025-r\/","og_site_name":"Miejsko-Gminna Biblioteka Publiczna w G\u0105binie","article_publisher":"https:\/\/www.facebook.com\/bibliotekagabin","article_published_time":"2025-02-19T00:00:00+00:00","og_image":[{"url":"https:\/\/biblioteka-gabin.pl\/wp-content\/uploads\/archive\/pliki\/obraz\/2025\/luty\/476888236_1160846345760357_7766886365191570896_n1.jpg","type":"","width":"","height":""}],"author":"admin","twitter_card":"summary_large_image","twitter_misc":{"Napisane przez":"admin","Szacowany czas czytania":"2 minuty"},"schema":{"@context":"https:\/\/schema.org","@graph":[{"@type":"Article","@id":"https:\/\/biblioteka-gabin.pl\/index.php\/2025\/02\/19\/pogadanka-w-oddziale-przedszkolnym-w-czermnie-gr-gwiazdy-19-02-2025-r\/#article","isPartOf":{"@id":"https:\/\/biblioteka-gabin.pl\/index.php\/2025\/02\/19\/pogadanka-w-oddziale-przedszkolnym-w-czermnie-gr-gwiazdy-19-02-2025-r\/"},"author":{"name":"admin","@id":"https:\/\/biblioteka-gabin.pl\/#\/schema\/person\/2067b97c24663d987ef6ef95bed7c99a"},"headline":"Pogadanka w Oddziale Przedszkolnym w Czermnie, gr. ,,Gwiazdy\u201d (19.02. 2025 r.)","datePublished":"2025-02-19T00:00:00+00:00","mainEntityOfPage":{"@id":"https:\/\/biblioteka-gabin.pl\/index.php\/2025\/02\/19\/pogadanka-w-oddziale-przedszkolnym-w-czermnie-gr-gwiazdy-19-02-2025-r\/"},"wordCount":309,"commentCount":0,"publisher":{"@id":"https:\/\/biblioteka-gabin.pl\/#organization"},"image":{"@id":"https:\/\/biblioteka-gabin.pl\/index.php\/2025\/02\/19\/pogadanka-w-oddziale-przedszkolnym-w-czermnie-gr-gwiazdy-19-02-2025-r\/#primaryimage"},"thumbnailUrl":"https:\/\/biblioteka-gabin.pl\/wp-content\/uploads\/archive\/pliki\/obraz\/2025\/luty\/476888236_1160846345760357_7766886365191570896_n1.jpg","articleSection":["Main"],"inLanguage":"pl-PL","potentialAction":[{"@type":"CommentAction","name":"Comment","target":["https:\/\/biblioteka-gabin.pl\/index.php\/2025\/02\/19\/pogadanka-w-oddziale-przedszkolnym-w-czermnie-gr-gwiazdy-19-02-2025-r\/#respond"]}]},{"@type":"WebPage","@id":"https:\/\/biblioteka-gabin.pl\/index.php\/2025\/02\/19\/pogadanka-w-oddziale-przedszkolnym-w-czermnie-gr-gwiazdy-19-02-2025-r\/","url":"https:\/\/biblioteka-gabin.pl\/index.php\/2025\/02\/19\/pogadanka-w-oddziale-przedszkolnym-w-czermnie-gr-gwiazdy-19-02-2025-r\/","name":"Pogadanka w Oddziale Przedszkolnym w Czermnie, gr. ,,Gwiazdy\u201d (19.02. 2025 r.) - Miejsko-Gminna Biblioteka Publiczna w G\u0105binie","isPartOf":{"@id":"https:\/\/biblioteka-gabin.pl\/#website"},"primaryImageOfPage":{"@id":"https:\/\/biblioteka-gabin.pl\/index.php\/2025\/02\/19\/pogadanka-w-oddziale-przedszkolnym-w-czermnie-gr-gwiazdy-19-02-2025-r\/#primaryimage"},"image":{"@id":"https:\/\/biblioteka-gabin.pl\/index.php\/2025\/02\/19\/pogadanka-w-oddziale-przedszkolnym-w-czermnie-gr-gwiazdy-19-02-2025-r\/#primaryimage"},"thumbnailUrl":"https:\/\/biblioteka-gabin.pl\/wp-content\/uploads\/archive\/pliki\/obraz\/2025\/luty\/476888236_1160846345760357_7766886365191570896_n1.jpg","datePublished":"2025-02-19T00:00:00+00:00","breadcrumb":{"@id":"https:\/\/biblioteka-gabin.pl\/index.php\/2025\/02\/19\/pogadanka-w-oddziale-przedszkolnym-w-czermnie-gr-gwiazdy-19-02-2025-r\/#breadcrumb"},"inLanguage":"pl-PL","potentialAction":[{"@type":"ReadAction","target":["https:\/\/biblioteka-gabin.pl\/index.php\/2025\/02\/19\/pogadanka-w-oddziale-przedszkolnym-w-czermnie-gr-gwiazdy-19-02-2025-r\/"]}]},{"@type":"ImageObject","inLanguage":"pl-PL","@id":"https:\/\/biblioteka-gabin.pl\/index.php\/2025\/02\/19\/pogadanka-w-oddziale-przedszkolnym-w-czermnie-gr-gwiazdy-19-02-2025-r\/#primaryimage","url":"https:\/\/biblioteka-gabin.pl\/wp-content\/uploads\/archive\/pliki\/obraz\/2025\/luty\/476888236_1160846345760357_7766886365191570896_n1.jpg","contentUrl":"https:\/\/biblioteka-gabin.pl\/wp-content\/uploads\/archive\/pliki\/obraz\/2025\/luty\/476888236_1160846345760357_7766886365191570896_n1.jpg"},{"@type":"BreadcrumbList","@id":"https:\/\/biblioteka-gabin.pl\/index.php\/2025\/02\/19\/pogadanka-w-oddziale-przedszkolnym-w-czermnie-gr-gwiazdy-19-02-2025-r\/#breadcrumb","itemListElement":[{"@type":"ListItem","position":1,"name":"Strona g\u0142\u00f3wna","item":"https:\/\/biblioteka-gabin.pl\/"},{"@type":"ListItem","position":2,"name":"Pogadanka w Oddziale Przedszkolnym w Czermnie, gr. ,,Gwiazdy\u201d (19.02. 2025 r.)"}]},{"@type":"WebSite","@id":"https:\/\/biblioteka-gabin.pl\/#website","url":"https:\/\/biblioteka-gabin.pl\/","name":"Miejsko-Gminna Biblioteka Publiczna w G\u0105binie","description":"","publisher":{"@id":"https:\/\/biblioteka-gabin.pl\/#organization"},"potentialAction":[{"@type":"SearchAction","target":{"@type":"EntryPoint","urlTemplate":"https:\/\/biblioteka-gabin.pl\/?s={search_term_string}"},"query-input":{"@type":"PropertyValueSpecification","valueRequired":true,"valueName":"search_term_string"}}],"inLanguage":"pl-PL"},{"@type":"Organization","@id":"https:\/\/biblioteka-gabin.pl\/#organization","name":"Miejsko-Gminna Biblioteka Publiczna w G\u0105binie","url":"https:\/\/biblioteka-gabin.pl\/","logo":{"@type":"ImageObject","inLanguage":"pl-PL","@id":"https:\/\/biblioteka-gabin.pl\/#\/schema\/logo\/image\/","url":"https:\/\/biblioteka-gabin.pl\/wp-content\/uploads\/2025\/03\/logo-biblioteka-2-1657013691-1.jpg","contentUrl":"https:\/\/biblioteka-gabin.pl\/wp-content\/uploads\/2025\/03\/logo-biblioteka-2-1657013691-1.jpg","width":1600,"height":772,"caption":"Miejsko-Gminna Biblioteka Publiczna w G\u0105binie"},"image":{"@id":"https:\/\/biblioteka-gabin.pl\/#\/schema\/logo\/image\/"},"sameAs":["https:\/\/www.facebook.com\/bibliotekagabin","https:\/\/www.youtube.com\/@mgbpgabin9392"]},{"@type":"Person","@id":"https:\/\/biblioteka-gabin.pl\/#\/schema\/person\/2067b97c24663d987ef6ef95bed7c99a","name":"admin","image":{"@type":"ImageObject","inLanguage":"pl-PL","@id":"https:\/\/secure.gravatar.com\/avatar\/e1843904e97b4e376a0fc90ae10372cd31bce9b207a7a3d2ca68fc7ca7e4174c?s=96&d=mm&r=g","url":"https:\/\/secure.gravatar.com\/avatar\/e1843904e97b4e376a0fc90ae10372cd31bce9b207a7a3d2ca68fc7ca7e4174c?s=96&d=mm&r=g","contentUrl":"https:\/\/secure.gravatar.com\/avatar\/e1843904e97b4e376a0fc90ae10372cd31bce9b207a7a3d2ca68fc7ca7e4174c?s=96&d=mm&r=g","caption":"admin"},"sameAs":["http:\/\/strona.biblioteka-gabin.pl"],"url":"http:\/\/biblioteka-gabin.pl\/index.php\/author\/admin\/"}]}},"_links":{"self":[{"href":"http:\/\/biblioteka-gabin.pl\/index.php\/wp-json\/wp\/v2\/posts\/8288","targetHints":{"allow":["GET"]}}],"collection":[{"href":"http:\/\/biblioteka-gabin.pl\/index.php\/wp-json\/wp\/v2\/posts"}],"about":[{"href":"http:\/\/biblioteka-gabin.pl\/index.php\/wp-json\/wp\/v2\/types\/post"}],"author":[{"embeddable":true,"href":"http:\/\/biblioteka-gabin.pl\/index.php\/wp-json\/wp\/v2\/users\/1"}],"replies":[{"embeddable":true,"href":"http:\/\/biblioteka-gabin.pl\/index.php\/wp-json\/wp\/v2\/comments?post=8288"}],"version-history":[{"count":0,"href":"http:\/\/biblioteka-gabin.pl\/index.php\/wp-json\/wp\/v2\/posts\/8288\/revisions"}],"wp:attachment":[{"href":"http:\/\/biblioteka-gabin.pl\/index.php\/wp-json\/wp\/v2\/media?parent=8288"}],"wp:term":[{"taxonomy":"category","embeddable":true,"href":"http:\/\/biblioteka-gabin.pl\/index.php\/wp-json\/wp\/v2\/categories?post=8288"},{"taxonomy":"post_tag","embeddable":true,"href":"http:\/\/biblioteka-gabin.pl\/index.php\/wp-json\/wp\/v2\/tags?post=8288"}],"curies":[{"name":"wp","href":"https:\/\/api.w.org\/{rel}","templated":true}]}}