{"id":8295,"date":"2025-02-19T00:00:00","date_gmt":"2025-02-19T00:00:00","guid":{"rendered":"https:\/\/biblioteka-gabin.pl\/index.php\/2025\/02\/19\/pogadanka-z-dziecmi-z-przedszkola-samorzadowego-w-gabinie-grupy-smerfy-i-pszczolki-18-02-2025\/"},"modified":"2025-02-19T00:00:00","modified_gmt":"2025-02-19T00:00:00","slug":"pogadanka-z-dziecmi-z-przedszkola-samorzadowego-w-gabinie-grupy-smerfy-i-pszczolki-18-02-2025","status":"publish","type":"post","link":"http:\/\/biblioteka-gabin.pl\/index.php\/2025\/02\/19\/pogadanka-z-dziecmi-z-przedszkola-samorzadowego-w-gabinie-grupy-smerfy-i-pszczolki-18-02-2025\/","title":{"rendered":"Pogadanka z dzie\u0107mi z Przedszkola Samorz\u0105dowego w G\u0105binie- grupy: &#8222;Smerfy&#8221; i &#8222;Pszcz\u00f3\u0142ki&#8221; (18.02.2025)"},"content":{"rendered":"<p>Tajemnice kosmosu- by\u0142y dzisiejszym tematem pogadanki w dw\u00f3ch grupach: Smerf\u00f3w i Pszcz\u00f3\u0142ek. Dzieci cho\u0107 na chwil\u0119 przenios\u0142y si\u0119 w \u015bwiat statk\u00f3w kosmicznych, gwiazd, planet. W\u0142a\u015bnie z takimi poj\u0119ciami Przedszkolaki skojarzy\u0142y poj\u0119cie kosmosu. Pogadanka wzbudzi\u0142a u dzieci ciekawo\u015bci i wyobra\u017ani\u0119, zach\u0119caj\u0105c je do dalszego zg\u0142\u0119biania wiedzy z tajemnic kosmosu. Spotkanie okaza\u0142o si\u0119 fascynuj\u0105c\u0105 podr\u00f3\u017c\u0105 przez niesko\u0144czono\u015b\u0107 wszech\u015bwiata. Zar\u00f3wno \u201ePszcz\u00f3\u0142ki\u201d jak i\u201d Smerfy\u201d pozna\u0142y nazwy planet, tajniki powstania gwiazd, co dzieje si\u0119 w momencie, kiedy gwiazda przestaje istnie\u0107? Najciekawsz\u0105 ciekawostk\u0105 okaza\u0142o si\u0119: czy gwiazdy tak naprawd\u0119 spadaj\u0105? \u201eSpadaj\u0105ce gwiazdy nie istniej\u0105, to s\u0105 tylko meteory\u201d- pad\u0142a jedna z wypowiedzi. Moment kiedy Ksi\u0119\u017cyc znajdzie si\u0119 pomi\u0119dzy Ziemi\u0105 a S\u0142o\u0144cem nazywany jest za\u0107mieniem s\u0142o\u0144ca- by\u0142a to kolejna ciekawostka, jak\u0105 przedstawi\u0142am dzieciom.<br \/>\n\u00a0\u00a0\u00a0 Ponadto przeczyta\u0142am uczestnikom spotkania histori\u0119 ma\u0142ego \u017c\u00f3\u0142wia, kt\u00f3ry w swoim kosmicznym pokoju stworzy\u0142 namiastk\u0119 kosmosu. By\u0142a to ksi\u0105\u017cka P. Bourgeois pt. \u201eFranklin i gwiezdna podr\u00f3\u017c\u201d. Z zaprezentowanej opowie\u015bci dzieci dowiedzia\u0142y si\u0119, \u017ce nie trzeba mie\u0107 teleskopu, aby podziwia\u0107 gwiazdy. Z pomoc\u0105 pomys\u0142owej cioci Emi g\u0142\u00f3wny bohater znalaz\u0142 spos\u00f3b jak zbudowa\u0107 statek kosmiczny w pokoju oraz sk\u0105d wzi\u0105\u0107 gwiazdy, do tego takie, kt\u00f3re si\u0119 ruszaj\u0105 i \u015bwiec\u0105. Z\u0142apane do s\u0142oika \u015bwietliki idealnie si\u0119 do tego nada\u0142y. Dzieci obieca\u0142y, \u017ce spr\u00f3buj\u0105 w swoich domach stworzy\u0107 podobny statek kosmiczny. \u201eA do wykonania planet i gwiazd wykorzystam pi\u0142eczki\u2026\u201d-powiedzia\u0142 ch\u0142opiec na zako\u0144czenie spotkania.<br \/>\n\u00a0\u00a0\u00a0\u00a0 Dzisiejsza pogadanka o kosmosie u\u015bwiadomi\u0142a mi, \u017ce dzieci maj\u0105 du\u017ca wiedz\u0119 na ten temat. Bardzo dobrze znaj\u0105 nazwy planet, wiedzia\u0142y czym jest czarna dziura w kosmosie, \u017ce nie ma spadaj\u0105cych gwiazd. Z ogromn\u0105 przyjemno\u015bci\u0105 mog\u0142am podyskutowa\u0107 na dany temat.<br \/>\n\u00a0\u00a0\u00a0\u00a0 Serdecznie dzi\u0119kuj\u0119 za spotkanie, niebawem zobaczymy si\u0119 ponownie. Wszystkim dzieciom m\u00f3wi\u0119 do mi\u0142ego zobaczenia.<br \/>\n\u00a0\u00a0\u00a0\u00a0\u00a0\u00a0\u00a0\u00a0\u00a0\u00a0\u00a0\u00a0\u00a0\u00a0\u00a0\u00a0\u00a0\u00a0\u00a0\u00a0\u00a0\u00a0\u00a0\u00a0\u00a0\u00a0\u00a0\u00a0\u00a0\u00a0\u00a0\u00a0\u00a0\u00a0\u00a0\u00a0\u00a0 Opr. Joanna Olejniczak<br \/>\n<img src='https:\/\/biblioteka-gabin.pl\/wp-content\/uploads\/archive\/pliki\/obraz\/2025\/luty\/476818871_3019465564872727_6498812436556303636_n.jpg'><br \/>\n<a href='https:\/\/biblioteka-gabin.pl\/wp-content\/uploads\/archive\/galleries\/655\/47681887130194655648727276498812436556303636n-76718f3f1c.jpg'><img style='max-height:300px;' src='https:\/\/biblioteka-gabin.pl\/wp-content\/uploads\/archive\/galleries\/655\/47681887130194655648727276498812436556303636n-76718f3f1c.jpg'><\/a><br \/>\n<a href='https:\/\/biblioteka-gabin.pl\/wp-content\/uploads\/archive\/galleries\/655\/4770228356121348449714093885029270236102363n-2e62898723.jpg'><img style='max-height:300px;' src='https:\/\/biblioteka-gabin.pl\/wp-content\/uploads\/archive\/galleries\/655\/4770228356121348449714093885029270236102363n-2e62898723.jpg'><\/a><br \/>\n<a href='https:\/\/biblioteka-gabin.pl\/wp-content\/uploads\/archive\/galleries\/655\/47770346112751556003788455159941246690283352n-d59e921523.jpg'><img style='max-height:300px;' src='https:\/\/biblioteka-gabin.pl\/wp-content\/uploads\/archive\/galleries\/655\/47770346112751556003788455159941246690283352n-d59e921523.jpg'><\/a><br \/>\n<a href='https:\/\/biblioteka-gabin.pl\/wp-content\/uploads\/archive\/galleries\/655\/48103058613322921878053308750546641576934463n-1d85e2292e.jpg'><img style='max-height:300px;' src='https:\/\/biblioteka-gabin.pl\/wp-content\/uploads\/archive\/galleries\/655\/48103058613322921878053308750546641576934463n-1d85e2292e.jpg'><\/a><br \/>\n<a href='https:\/\/biblioteka-gabin.pl\/wp-content\/uploads\/archive\/galleries\/655\/47706499213043764574678126759195609343611167n-e01213a458.jpg'><img style='max-height:300px;' src='https:\/\/biblioteka-gabin.pl\/wp-content\/uploads\/archive\/galleries\/655\/47706499213043764574678126759195609343611167n-e01213a458.jpg'><\/a><\/p>\n","protected":false},"excerpt":{"rendered":"<p>Tajemnice kosmosu- by\u0142y dzisiejszym tematem pogadanki w dw\u00f3ch grupach: Smerf\u00f3w<\/p>\n","protected":false},"author":1,"featured_media":0,"comment_status":"open","ping_status":"open","sticky":false,"template":"","format":"standard","meta":{"footnotes":""},"categories":[36],"tags":[],"class_list":["post-8295","post","type-post","status-publish","format-standard","hentry","category-main"],"yoast_head":"<!-- This site is optimized with the Yoast SEO plugin v27.4 - https:\/\/yoast.com\/product\/yoast-seo-wordpress\/ -->\n<title>Pogadanka z dzie\u0107mi z Przedszkola Samorz\u0105dowego w G\u0105binie- grupy: &quot;Smerfy&quot; i &quot;Pszcz\u00f3\u0142ki&quot; (18.02.2025) - Miejsko-Gminna Biblioteka Publiczna w G\u0105binie<\/title>\n<meta name=\"robots\" content=\"index, follow, max-snippet:-1, max-image-preview:large, max-video-preview:-1\" \/>\n<link rel=\"canonical\" href=\"http:\/\/biblioteka-gabin.pl\/index.php\/2025\/02\/19\/pogadanka-z-dziecmi-z-przedszkola-samorzadowego-w-gabinie-grupy-smerfy-i-pszczolki-18-02-2025\/\" \/>\n<meta property=\"og:locale\" content=\"pl_PL\" \/>\n<meta property=\"og:type\" content=\"article\" \/>\n<meta property=\"og:title\" content=\"Pogadanka z dzie\u0107mi z Przedszkola Samorz\u0105dowego w G\u0105binie- grupy: &quot;Smerfy&quot; i &quot;Pszcz\u00f3\u0142ki&quot; (18.02.2025) - Miejsko-Gminna Biblioteka Publiczna w G\u0105binie\" \/>\n<meta property=\"og:description\" content=\"Tajemnice kosmosu- by\u0142y dzisiejszym tematem pogadanki w dw\u00f3ch grupach: Smerf\u00f3w\" \/>\n<meta property=\"og:url\" content=\"http:\/\/biblioteka-gabin.pl\/index.php\/2025\/02\/19\/pogadanka-z-dziecmi-z-przedszkola-samorzadowego-w-gabinie-grupy-smerfy-i-pszczolki-18-02-2025\/\" \/>\n<meta property=\"og:site_name\" content=\"Miejsko-Gminna Biblioteka Publiczna w G\u0105binie\" \/>\n<meta property=\"article:publisher\" content=\"https:\/\/www.facebook.com\/bibliotekagabin\" \/>\n<meta property=\"article:published_time\" content=\"2025-02-19T00:00:00+00:00\" \/>\n<meta property=\"og:image\" content=\"https:\/\/biblioteka-gabin.pl\/wp-content\/uploads\/archive\/pliki\/obraz\/2025\/luty\/476818871_3019465564872727_6498812436556303636_n.jpg\" \/>\n<meta name=\"author\" content=\"admin\" \/>\n<meta name=\"twitter:card\" content=\"summary_large_image\" \/>\n<meta name=\"twitter:label1\" content=\"Napisane przez\" \/>\n\t<meta name=\"twitter:data1\" content=\"admin\" \/>\n\t<meta name=\"twitter:label2\" content=\"Szacowany czas czytania\" \/>\n\t<meta name=\"twitter:data2\" content=\"2 minuty\" \/>\n<script type=\"application\/ld+json\" class=\"yoast-schema-graph\">{\"@context\":\"https:\\\/\\\/schema.org\",\"@graph\":[{\"@type\":\"Article\",\"@id\":\"http:\\\/\\\/biblioteka-gabin.pl\\\/index.php\\\/2025\\\/02\\\/19\\\/pogadanka-z-dziecmi-z-przedszkola-samorzadowego-w-gabinie-grupy-smerfy-i-pszczolki-18-02-2025\\\/#article\",\"isPartOf\":{\"@id\":\"http:\\\/\\\/biblioteka-gabin.pl\\\/index.php\\\/2025\\\/02\\\/19\\\/pogadanka-z-dziecmi-z-przedszkola-samorzadowego-w-gabinie-grupy-smerfy-i-pszczolki-18-02-2025\\\/\"},\"author\":{\"name\":\"admin\",\"@id\":\"https:\\\/\\\/biblioteka-gabin.pl\\\/#\\\/schema\\\/person\\\/2067b97c24663d987ef6ef95bed7c99a\"},\"headline\":\"Pogadanka z dzie\u0107mi z Przedszkola Samorz\u0105dowego w G\u0105binie- grupy: &#8222;Smerfy&#8221; i &#8222;Pszcz\u00f3\u0142ki&#8221; (18.02.2025)\",\"datePublished\":\"2025-02-19T00:00:00+00:00\",\"mainEntityOfPage\":{\"@id\":\"http:\\\/\\\/biblioteka-gabin.pl\\\/index.php\\\/2025\\\/02\\\/19\\\/pogadanka-z-dziecmi-z-przedszkola-samorzadowego-w-gabinie-grupy-smerfy-i-pszczolki-18-02-2025\\\/\"},\"wordCount\":355,\"commentCount\":0,\"publisher\":{\"@id\":\"https:\\\/\\\/biblioteka-gabin.pl\\\/#organization\"},\"image\":{\"@id\":\"http:\\\/\\\/biblioteka-gabin.pl\\\/index.php\\\/2025\\\/02\\\/19\\\/pogadanka-z-dziecmi-z-przedszkola-samorzadowego-w-gabinie-grupy-smerfy-i-pszczolki-18-02-2025\\\/#primaryimage\"},\"thumbnailUrl\":\"https:\\\/\\\/biblioteka-gabin.pl\\\/wp-content\\\/uploads\\\/archive\\\/pliki\\\/obraz\\\/2025\\\/luty\\\/476818871_3019465564872727_6498812436556303636_n.jpg\",\"articleSection\":[\"Main\"],\"inLanguage\":\"pl-PL\",\"potentialAction\":[{\"@type\":\"CommentAction\",\"name\":\"Comment\",\"target\":[\"http:\\\/\\\/biblioteka-gabin.pl\\\/index.php\\\/2025\\\/02\\\/19\\\/pogadanka-z-dziecmi-z-przedszkola-samorzadowego-w-gabinie-grupy-smerfy-i-pszczolki-18-02-2025\\\/#respond\"]}]},{\"@type\":\"WebPage\",\"@id\":\"http:\\\/\\\/biblioteka-gabin.pl\\\/index.php\\\/2025\\\/02\\\/19\\\/pogadanka-z-dziecmi-z-przedszkola-samorzadowego-w-gabinie-grupy-smerfy-i-pszczolki-18-02-2025\\\/\",\"url\":\"http:\\\/\\\/biblioteka-gabin.pl\\\/index.php\\\/2025\\\/02\\\/19\\\/pogadanka-z-dziecmi-z-przedszkola-samorzadowego-w-gabinie-grupy-smerfy-i-pszczolki-18-02-2025\\\/\",\"name\":\"Pogadanka z dzie\u0107mi z Przedszkola Samorz\u0105dowego w G\u0105binie- grupy: \\\"Smerfy\\\" i \\\"Pszcz\u00f3\u0142ki\\\" (18.02.2025) - Miejsko-Gminna Biblioteka Publiczna w G\u0105binie\",\"isPartOf\":{\"@id\":\"https:\\\/\\\/biblioteka-gabin.pl\\\/#website\"},\"primaryImageOfPage\":{\"@id\":\"http:\\\/\\\/biblioteka-gabin.pl\\\/index.php\\\/2025\\\/02\\\/19\\\/pogadanka-z-dziecmi-z-przedszkola-samorzadowego-w-gabinie-grupy-smerfy-i-pszczolki-18-02-2025\\\/#primaryimage\"},\"image\":{\"@id\":\"http:\\\/\\\/biblioteka-gabin.pl\\\/index.php\\\/2025\\\/02\\\/19\\\/pogadanka-z-dziecmi-z-przedszkola-samorzadowego-w-gabinie-grupy-smerfy-i-pszczolki-18-02-2025\\\/#primaryimage\"},\"thumbnailUrl\":\"https:\\\/\\\/biblioteka-gabin.pl\\\/wp-content\\\/uploads\\\/archive\\\/pliki\\\/obraz\\\/2025\\\/luty\\\/476818871_3019465564872727_6498812436556303636_n.jpg\",\"datePublished\":\"2025-02-19T00:00:00+00:00\",\"breadcrumb\":{\"@id\":\"http:\\\/\\\/biblioteka-gabin.pl\\\/index.php\\\/2025\\\/02\\\/19\\\/pogadanka-z-dziecmi-z-przedszkola-samorzadowego-w-gabinie-grupy-smerfy-i-pszczolki-18-02-2025\\\/#breadcrumb\"},\"inLanguage\":\"pl-PL\",\"potentialAction\":[{\"@type\":\"ReadAction\",\"target\":[\"http:\\\/\\\/biblioteka-gabin.pl\\\/index.php\\\/2025\\\/02\\\/19\\\/pogadanka-z-dziecmi-z-przedszkola-samorzadowego-w-gabinie-grupy-smerfy-i-pszczolki-18-02-2025\\\/\"]}]},{\"@type\":\"ImageObject\",\"inLanguage\":\"pl-PL\",\"@id\":\"http:\\\/\\\/biblioteka-gabin.pl\\\/index.php\\\/2025\\\/02\\\/19\\\/pogadanka-z-dziecmi-z-przedszkola-samorzadowego-w-gabinie-grupy-smerfy-i-pszczolki-18-02-2025\\\/#primaryimage\",\"url\":\"https:\\\/\\\/biblioteka-gabin.pl\\\/wp-content\\\/uploads\\\/archive\\\/pliki\\\/obraz\\\/2025\\\/luty\\\/476818871_3019465564872727_6498812436556303636_n.jpg\",\"contentUrl\":\"https:\\\/\\\/biblioteka-gabin.pl\\\/wp-content\\\/uploads\\\/archive\\\/pliki\\\/obraz\\\/2025\\\/luty\\\/476818871_3019465564872727_6498812436556303636_n.jpg\"},{\"@type\":\"BreadcrumbList\",\"@id\":\"http:\\\/\\\/biblioteka-gabin.pl\\\/index.php\\\/2025\\\/02\\\/19\\\/pogadanka-z-dziecmi-z-przedszkola-samorzadowego-w-gabinie-grupy-smerfy-i-pszczolki-18-02-2025\\\/#breadcrumb\",\"itemListElement\":[{\"@type\":\"ListItem\",\"position\":1,\"name\":\"Strona g\u0142\u00f3wna\",\"item\":\"https:\\\/\\\/biblioteka-gabin.pl\\\/\"},{\"@type\":\"ListItem\",\"position\":2,\"name\":\"Pogadanka z dzie\u0107mi z Przedszkola Samorz\u0105dowego w G\u0105binie- grupy: &#8222;Smerfy&#8221; i &#8222;Pszcz\u00f3\u0142ki&#8221; (18.02.2025)\"}]},{\"@type\":\"WebSite\",\"@id\":\"https:\\\/\\\/biblioteka-gabin.pl\\\/#website\",\"url\":\"https:\\\/\\\/biblioteka-gabin.pl\\\/\",\"name\":\"Miejsko-Gminna Biblioteka Publiczna w G\u0105binie\",\"description\":\"\",\"publisher\":{\"@id\":\"https:\\\/\\\/biblioteka-gabin.pl\\\/#organization\"},\"potentialAction\":[{\"@type\":\"SearchAction\",\"target\":{\"@type\":\"EntryPoint\",\"urlTemplate\":\"https:\\\/\\\/biblioteka-gabin.pl\\\/?s={search_term_string}\"},\"query-input\":{\"@type\":\"PropertyValueSpecification\",\"valueRequired\":true,\"valueName\":\"search_term_string\"}}],\"inLanguage\":\"pl-PL\"},{\"@type\":\"Organization\",\"@id\":\"https:\\\/\\\/biblioteka-gabin.pl\\\/#organization\",\"name\":\"Miejsko-Gminna Biblioteka Publiczna w G\u0105binie\",\"url\":\"https:\\\/\\\/biblioteka-gabin.pl\\\/\",\"logo\":{\"@type\":\"ImageObject\",\"inLanguage\":\"pl-PL\",\"@id\":\"https:\\\/\\\/biblioteka-gabin.pl\\\/#\\\/schema\\\/logo\\\/image\\\/\",\"url\":\"https:\\\/\\\/biblioteka-gabin.pl\\\/wp-content\\\/uploads\\\/2025\\\/03\\\/logo-biblioteka-2-1657013691-1.jpg\",\"contentUrl\":\"https:\\\/\\\/biblioteka-gabin.pl\\\/wp-content\\\/uploads\\\/2025\\\/03\\\/logo-biblioteka-2-1657013691-1.jpg\",\"width\":1600,\"height\":772,\"caption\":\"Miejsko-Gminna Biblioteka Publiczna w G\u0105binie\"},\"image\":{\"@id\":\"https:\\\/\\\/biblioteka-gabin.pl\\\/#\\\/schema\\\/logo\\\/image\\\/\"},\"sameAs\":[\"https:\\\/\\\/www.facebook.com\\\/bibliotekagabin\",\"https:\\\/\\\/www.youtube.com\\\/@mgbpgabin9392\"]},{\"@type\":\"Person\",\"@id\":\"https:\\\/\\\/biblioteka-gabin.pl\\\/#\\\/schema\\\/person\\\/2067b97c24663d987ef6ef95bed7c99a\",\"name\":\"admin\",\"image\":{\"@type\":\"ImageObject\",\"inLanguage\":\"pl-PL\",\"@id\":\"https:\\\/\\\/secure.gravatar.com\\\/avatar\\\/e1843904e97b4e376a0fc90ae10372cd31bce9b207a7a3d2ca68fc7ca7e4174c?s=96&d=mm&r=g\",\"url\":\"https:\\\/\\\/secure.gravatar.com\\\/avatar\\\/e1843904e97b4e376a0fc90ae10372cd31bce9b207a7a3d2ca68fc7ca7e4174c?s=96&d=mm&r=g\",\"contentUrl\":\"https:\\\/\\\/secure.gravatar.com\\\/avatar\\\/e1843904e97b4e376a0fc90ae10372cd31bce9b207a7a3d2ca68fc7ca7e4174c?s=96&d=mm&r=g\",\"caption\":\"admin\"},\"sameAs\":[\"http:\\\/\\\/strona.biblioteka-gabin.pl\"],\"url\":\"http:\\\/\\\/biblioteka-gabin.pl\\\/index.php\\\/author\\\/admin\\\/\"}]}<\/script>\n<!-- \/ Yoast SEO plugin. -->","yoast_head_json":{"title":"Pogadanka z dzie\u0107mi z Przedszkola Samorz\u0105dowego w G\u0105binie- grupy: \"Smerfy\" i \"Pszcz\u00f3\u0142ki\" (18.02.2025) - Miejsko-Gminna Biblioteka Publiczna w G\u0105binie","robots":{"index":"index","follow":"follow","max-snippet":"max-snippet:-1","max-image-preview":"max-image-preview:large","max-video-preview":"max-video-preview:-1"},"canonical":"http:\/\/biblioteka-gabin.pl\/index.php\/2025\/02\/19\/pogadanka-z-dziecmi-z-przedszkola-samorzadowego-w-gabinie-grupy-smerfy-i-pszczolki-18-02-2025\/","og_locale":"pl_PL","og_type":"article","og_title":"Pogadanka z dzie\u0107mi z Przedszkola Samorz\u0105dowego w G\u0105binie- grupy: \"Smerfy\" i \"Pszcz\u00f3\u0142ki\" (18.02.2025) - Miejsko-Gminna Biblioteka Publiczna w G\u0105binie","og_description":"Tajemnice kosmosu- by\u0142y dzisiejszym tematem pogadanki w dw\u00f3ch grupach: Smerf\u00f3w","og_url":"http:\/\/biblioteka-gabin.pl\/index.php\/2025\/02\/19\/pogadanka-z-dziecmi-z-przedszkola-samorzadowego-w-gabinie-grupy-smerfy-i-pszczolki-18-02-2025\/","og_site_name":"Miejsko-Gminna Biblioteka Publiczna w G\u0105binie","article_publisher":"https:\/\/www.facebook.com\/bibliotekagabin","article_published_time":"2025-02-19T00:00:00+00:00","og_image":[{"url":"https:\/\/biblioteka-gabin.pl\/wp-content\/uploads\/archive\/pliki\/obraz\/2025\/luty\/476818871_3019465564872727_6498812436556303636_n.jpg","type":"","width":"","height":""}],"author":"admin","twitter_card":"summary_large_image","twitter_misc":{"Napisane przez":"admin","Szacowany czas czytania":"2 minuty"},"schema":{"@context":"https:\/\/schema.org","@graph":[{"@type":"Article","@id":"http:\/\/biblioteka-gabin.pl\/index.php\/2025\/02\/19\/pogadanka-z-dziecmi-z-przedszkola-samorzadowego-w-gabinie-grupy-smerfy-i-pszczolki-18-02-2025\/#article","isPartOf":{"@id":"http:\/\/biblioteka-gabin.pl\/index.php\/2025\/02\/19\/pogadanka-z-dziecmi-z-przedszkola-samorzadowego-w-gabinie-grupy-smerfy-i-pszczolki-18-02-2025\/"},"author":{"name":"admin","@id":"https:\/\/biblioteka-gabin.pl\/#\/schema\/person\/2067b97c24663d987ef6ef95bed7c99a"},"headline":"Pogadanka z dzie\u0107mi z Przedszkola Samorz\u0105dowego w G\u0105binie- grupy: &#8222;Smerfy&#8221; i &#8222;Pszcz\u00f3\u0142ki&#8221; (18.02.2025)","datePublished":"2025-02-19T00:00:00+00:00","mainEntityOfPage":{"@id":"http:\/\/biblioteka-gabin.pl\/index.php\/2025\/02\/19\/pogadanka-z-dziecmi-z-przedszkola-samorzadowego-w-gabinie-grupy-smerfy-i-pszczolki-18-02-2025\/"},"wordCount":355,"commentCount":0,"publisher":{"@id":"https:\/\/biblioteka-gabin.pl\/#organization"},"image":{"@id":"http:\/\/biblioteka-gabin.pl\/index.php\/2025\/02\/19\/pogadanka-z-dziecmi-z-przedszkola-samorzadowego-w-gabinie-grupy-smerfy-i-pszczolki-18-02-2025\/#primaryimage"},"thumbnailUrl":"https:\/\/biblioteka-gabin.pl\/wp-content\/uploads\/archive\/pliki\/obraz\/2025\/luty\/476818871_3019465564872727_6498812436556303636_n.jpg","articleSection":["Main"],"inLanguage":"pl-PL","potentialAction":[{"@type":"CommentAction","name":"Comment","target":["http:\/\/biblioteka-gabin.pl\/index.php\/2025\/02\/19\/pogadanka-z-dziecmi-z-przedszkola-samorzadowego-w-gabinie-grupy-smerfy-i-pszczolki-18-02-2025\/#respond"]}]},{"@type":"WebPage","@id":"http:\/\/biblioteka-gabin.pl\/index.php\/2025\/02\/19\/pogadanka-z-dziecmi-z-przedszkola-samorzadowego-w-gabinie-grupy-smerfy-i-pszczolki-18-02-2025\/","url":"http:\/\/biblioteka-gabin.pl\/index.php\/2025\/02\/19\/pogadanka-z-dziecmi-z-przedszkola-samorzadowego-w-gabinie-grupy-smerfy-i-pszczolki-18-02-2025\/","name":"Pogadanka z dzie\u0107mi z Przedszkola Samorz\u0105dowego w G\u0105binie- grupy: \"Smerfy\" i \"Pszcz\u00f3\u0142ki\" (18.02.2025) - Miejsko-Gminna Biblioteka Publiczna w G\u0105binie","isPartOf":{"@id":"https:\/\/biblioteka-gabin.pl\/#website"},"primaryImageOfPage":{"@id":"http:\/\/biblioteka-gabin.pl\/index.php\/2025\/02\/19\/pogadanka-z-dziecmi-z-przedszkola-samorzadowego-w-gabinie-grupy-smerfy-i-pszczolki-18-02-2025\/#primaryimage"},"image":{"@id":"http:\/\/biblioteka-gabin.pl\/index.php\/2025\/02\/19\/pogadanka-z-dziecmi-z-przedszkola-samorzadowego-w-gabinie-grupy-smerfy-i-pszczolki-18-02-2025\/#primaryimage"},"thumbnailUrl":"https:\/\/biblioteka-gabin.pl\/wp-content\/uploads\/archive\/pliki\/obraz\/2025\/luty\/476818871_3019465564872727_6498812436556303636_n.jpg","datePublished":"2025-02-19T00:00:00+00:00","breadcrumb":{"@id":"http:\/\/biblioteka-gabin.pl\/index.php\/2025\/02\/19\/pogadanka-z-dziecmi-z-przedszkola-samorzadowego-w-gabinie-grupy-smerfy-i-pszczolki-18-02-2025\/#breadcrumb"},"inLanguage":"pl-PL","potentialAction":[{"@type":"ReadAction","target":["http:\/\/biblioteka-gabin.pl\/index.php\/2025\/02\/19\/pogadanka-z-dziecmi-z-przedszkola-samorzadowego-w-gabinie-grupy-smerfy-i-pszczolki-18-02-2025\/"]}]},{"@type":"ImageObject","inLanguage":"pl-PL","@id":"http:\/\/biblioteka-gabin.pl\/index.php\/2025\/02\/19\/pogadanka-z-dziecmi-z-przedszkola-samorzadowego-w-gabinie-grupy-smerfy-i-pszczolki-18-02-2025\/#primaryimage","url":"https:\/\/biblioteka-gabin.pl\/wp-content\/uploads\/archive\/pliki\/obraz\/2025\/luty\/476818871_3019465564872727_6498812436556303636_n.jpg","contentUrl":"https:\/\/biblioteka-gabin.pl\/wp-content\/uploads\/archive\/pliki\/obraz\/2025\/luty\/476818871_3019465564872727_6498812436556303636_n.jpg"},{"@type":"BreadcrumbList","@id":"http:\/\/biblioteka-gabin.pl\/index.php\/2025\/02\/19\/pogadanka-z-dziecmi-z-przedszkola-samorzadowego-w-gabinie-grupy-smerfy-i-pszczolki-18-02-2025\/#breadcrumb","itemListElement":[{"@type":"ListItem","position":1,"name":"Strona g\u0142\u00f3wna","item":"https:\/\/biblioteka-gabin.pl\/"},{"@type":"ListItem","position":2,"name":"Pogadanka z dzie\u0107mi z Przedszkola Samorz\u0105dowego w G\u0105binie- grupy: &#8222;Smerfy&#8221; i &#8222;Pszcz\u00f3\u0142ki&#8221; (18.02.2025)"}]},{"@type":"WebSite","@id":"https:\/\/biblioteka-gabin.pl\/#website","url":"https:\/\/biblioteka-gabin.pl\/","name":"Miejsko-Gminna Biblioteka Publiczna w G\u0105binie","description":"","publisher":{"@id":"https:\/\/biblioteka-gabin.pl\/#organization"},"potentialAction":[{"@type":"SearchAction","target":{"@type":"EntryPoint","urlTemplate":"https:\/\/biblioteka-gabin.pl\/?s={search_term_string}"},"query-input":{"@type":"PropertyValueSpecification","valueRequired":true,"valueName":"search_term_string"}}],"inLanguage":"pl-PL"},{"@type":"Organization","@id":"https:\/\/biblioteka-gabin.pl\/#organization","name":"Miejsko-Gminna Biblioteka Publiczna w G\u0105binie","url":"https:\/\/biblioteka-gabin.pl\/","logo":{"@type":"ImageObject","inLanguage":"pl-PL","@id":"https:\/\/biblioteka-gabin.pl\/#\/schema\/logo\/image\/","url":"https:\/\/biblioteka-gabin.pl\/wp-content\/uploads\/2025\/03\/logo-biblioteka-2-1657013691-1.jpg","contentUrl":"https:\/\/biblioteka-gabin.pl\/wp-content\/uploads\/2025\/03\/logo-biblioteka-2-1657013691-1.jpg","width":1600,"height":772,"caption":"Miejsko-Gminna Biblioteka Publiczna w G\u0105binie"},"image":{"@id":"https:\/\/biblioteka-gabin.pl\/#\/schema\/logo\/image\/"},"sameAs":["https:\/\/www.facebook.com\/bibliotekagabin","https:\/\/www.youtube.com\/@mgbpgabin9392"]},{"@type":"Person","@id":"https:\/\/biblioteka-gabin.pl\/#\/schema\/person\/2067b97c24663d987ef6ef95bed7c99a","name":"admin","image":{"@type":"ImageObject","inLanguage":"pl-PL","@id":"https:\/\/secure.gravatar.com\/avatar\/e1843904e97b4e376a0fc90ae10372cd31bce9b207a7a3d2ca68fc7ca7e4174c?s=96&d=mm&r=g","url":"https:\/\/secure.gravatar.com\/avatar\/e1843904e97b4e376a0fc90ae10372cd31bce9b207a7a3d2ca68fc7ca7e4174c?s=96&d=mm&r=g","contentUrl":"https:\/\/secure.gravatar.com\/avatar\/e1843904e97b4e376a0fc90ae10372cd31bce9b207a7a3d2ca68fc7ca7e4174c?s=96&d=mm&r=g","caption":"admin"},"sameAs":["http:\/\/strona.biblioteka-gabin.pl"],"url":"http:\/\/biblioteka-gabin.pl\/index.php\/author\/admin\/"}]}},"_links":{"self":[{"href":"http:\/\/biblioteka-gabin.pl\/index.php\/wp-json\/wp\/v2\/posts\/8295","targetHints":{"allow":["GET"]}}],"collection":[{"href":"http:\/\/biblioteka-gabin.pl\/index.php\/wp-json\/wp\/v2\/posts"}],"about":[{"href":"http:\/\/biblioteka-gabin.pl\/index.php\/wp-json\/wp\/v2\/types\/post"}],"author":[{"embeddable":true,"href":"http:\/\/biblioteka-gabin.pl\/index.php\/wp-json\/wp\/v2\/users\/1"}],"replies":[{"embeddable":true,"href":"http:\/\/biblioteka-gabin.pl\/index.php\/wp-json\/wp\/v2\/comments?post=8295"}],"version-history":[{"count":0,"href":"http:\/\/biblioteka-gabin.pl\/index.php\/wp-json\/wp\/v2\/posts\/8295\/revisions"}],"wp:attachment":[{"href":"http:\/\/biblioteka-gabin.pl\/index.php\/wp-json\/wp\/v2\/media?parent=8295"}],"wp:term":[{"taxonomy":"category","embeddable":true,"href":"http:\/\/biblioteka-gabin.pl\/index.php\/wp-json\/wp\/v2\/categories?post=8295"},{"taxonomy":"post_tag","embeddable":true,"href":"http:\/\/biblioteka-gabin.pl\/index.php\/wp-json\/wp\/v2\/tags?post=8295"}],"curies":[{"name":"wp","href":"https:\/\/api.w.org\/{rel}","templated":true}]}}