{"id":8296,"date":"2025-05-02T00:00:00","date_gmt":"2025-05-02T00:00:00","guid":{"rendered":"https:\/\/biblioteka-gabin.pl\/index.php\/2025\/05\/02\/pogadanka-z-grupa-jagodki-z-oddzialu-przedszkolnego-przy-szkole-podstawowej-w-gabinie-23-04-2025\/"},"modified":"2025-05-02T00:00:00","modified_gmt":"2025-05-02T00:00:00","slug":"pogadanka-z-grupa-jagodki-z-oddzialu-przedszkolnego-przy-szkole-podstawowej-w-gabinie-23-04-2025","status":"publish","type":"post","link":"http:\/\/biblioteka-gabin.pl\/index.php\/2025\/05\/02\/pogadanka-z-grupa-jagodki-z-oddzialu-przedszkolnego-przy-szkole-podstawowej-w-gabinie-23-04-2025\/","title":{"rendered":"Pogadanka z grup\u0105 &#8222;Jag\u00f3dki&#8221; z Oddzia\u0142u Przedszkolnego przy Szkole Podstawowej w G\u0105binie (23.04.2025)"},"content":{"rendered":"<p>Dzie\u0144 23 kwietnia to \u015awiatowy Dzie\u0144 Ksi\u0105\u017cki i Praw Autorskich. Ciesz\u0119 si\u0119, \u017ce to w\u0142a\u015bnie z grup\u0105 \u201eJag\u00f3dek\u201d mog\u0142am porozmawia\u0107 na ten temat i wyja\u015bni\u0107 czym s\u0105 prawa autorskie. Zada\u0142am dzieciom pytanie czy wiedz\u0105 jak nazywa si\u0119 osoba, kt\u00f3ra napisa\u0142a ksi\u0105\u017ck\u0119? Jednog\u0142o\u015bnie wybrzmia\u0142o s\u0142owo: autor. Dosz\u0142am do wniosku, \u017ce naj\u0142atwiejszym sposobem na wyt\u0142umaczenie dzieciom czym s\u0105 prawa autorskie b\u0119dzie prosty przyk\u0142ad: \u201eJasiu, gdy narysujesz sw\u00f3j rysunek samodzielnie to czy Tosia mo\u017ce si\u0119 pod nim podpisa\u0107 i uzna\u0107, \u017ce jest jej prac\u0105? Nie!- pad\u0142a odpowied\u017a\u2026\u201d. Ten, kto namalowa\u0142 rysunek jest jego w\u0142a\u015bcicielem i ma do niego prawa, poniewa\u017c jest jego autorem. Nie mo\u017cna przyw\u0142aszcza\u0107 sobie czyjej\u015b pracy czy te\u017c jej kopiowa\u0107.<br \/>\n\u00a0\u00a0\u00a0\u00a0 Po wys\u0142uchaniu pierwszej cz\u0119\u015bci spotkania przesz\u0142am do najwa\u017cniejszej bohaterki dzisiejszej mojej wizyty czyli ksi\u0105\u017cki. Przeczyta\u0142am moim s\u0142uchaczom ksi\u0105\u017ck\u0119 Jakuba Tylmana pt. \u201eMi\u0142o\u015b\u0107 na czterech \u0142apach\u201d. Opisana wycieczka do schroniska da\u0142a dzieciom wiele do my\u015blenia. Ten fakt stwierdzam po wyrazie ich twarzy i emocjach, jakie si\u0119 malowa\u0142y, gdy czyta\u0142am t\u0119 ksi\u0105\u017ck\u0119. Przybli\u017cenie historii niekt\u00f3rych zwierzak\u00f3w i powod\u00f3w, z jakich si\u0119 znale\u017ali w schronisku poruszy\u0142a dzieci. Ch\u0119tnie w\u0142\u0105czyli si\u0119 do rozmowy, t\u0142umacz\u0105c, jakich zachowa\u0144 nie popieramy, je\u015bli chodzi o opiek\u0119 nad zwierz\u0105tkiem. Idealnie wiedzieli co nale\u017cy zapewni\u0107 pupilom.<br \/>\n\u00a0\u00a0\u00a0\u00a0 Przeczyta\u0142am tak\u017ce ksi\u0105\u017ck\u0119 K. Hudson pt. \u201eZa doskona\u0142y tort urodzinowy\u201d. Zabawn\u0105 historia ma\u0142ego bobra, kt\u00f3ry zawsze robi\u0142 wszystko doskonale\u2026do czasu.<br \/>\n\u00a0\u00a0 Serdecznie dzi\u0119kuj\u0119 wszystkim dzieciom za urocze spotkanie. Bardzo mi\u0142o by\u0142o u Was go\u015bci\u0107, mam nadziej\u0119, \u017ce ksi\u0105\u017cka stanie si\u0119 rzecz\u0105, po kt\u00f3r\u0105 b\u0119dziecie cz\u0119\u015bciej si\u0119ga\u0107- do czego serdecznie zach\u0119cam.<br \/>\n\u00a0\u00a0\u00a0\u00a0\u00a0\u00a0\u00a0\u00a0\u00a0\u00a0\u00a0\u00a0\u00a0\u00a0\u00a0\u00a0\u00a0\u00a0\u00a0\u00a0\u00a0\u00a0\u00a0\u00a0\u00a0\u00a0\u00a0\u00a0\u00a0\u00a0\u00a0\u00a0\u00a0\u00a0\u00a0\u00a0\u00a0\u00a0 Opr. Joanna Olejniczak<br \/>\n<img src='https:\/\/biblioteka-gabin.pl\/wp-content\/uploads\/archive\/pliki\/obraz\/2025\/kwiecie\/e67728b2-b01d-4684-81df-71881443cc46.jpg'><br \/>\n<a href='https:\/\/biblioteka-gabin.pl\/wp-content\/uploads\/archive\/galleries\/679\/2089feec-908d-4215-b8f7-5c480d79c242-7ced7ed4f4.jpg'><img style='max-height:300px;' src='https:\/\/biblioteka-gabin.pl\/wp-content\/uploads\/archive\/galleries\/679\/2089feec-908d-4215-b8f7-5c480d79c242-7ced7ed4f4.jpg'><\/a><br \/>\n<a href='https:\/\/biblioteka-gabin.pl\/wp-content\/uploads\/archive\/galleries\/679\/e67728b2-b01d-4684-81df-71881443cc46-9d5225f7a2.jpg'><img style='max-height:300px;' src='https:\/\/biblioteka-gabin.pl\/wp-content\/uploads\/archive\/galleries\/679\/e67728b2-b01d-4684-81df-71881443cc46-9d5225f7a2.jpg'><\/a><\/p>\n","protected":false},"excerpt":{"rendered":"<p>Dzie\u0144 23 kwietnia to \u015awiatowy Dzie\u0144 Ksi\u0105\u017cki i Praw Autorskich.<\/p>\n","protected":false},"author":1,"featured_media":0,"comment_status":"open","ping_status":"open","sticky":false,"template":"","format":"standard","meta":{"footnotes":""},"categories":[36],"tags":[],"class_list":["post-8296","post","type-post","status-publish","format-standard","hentry","category-main"],"yoast_head":"<!-- This site is optimized with the Yoast SEO plugin v27.4 - https:\/\/yoast.com\/product\/yoast-seo-wordpress\/ -->\n<title>Pogadanka z grup\u0105 &quot;Jag\u00f3dki&quot; z Oddzia\u0142u Przedszkolnego przy Szkole Podstawowej w G\u0105binie (23.04.2025) - Miejsko-Gminna Biblioteka Publiczna w G\u0105binie<\/title>\n<meta name=\"robots\" content=\"index, follow, max-snippet:-1, max-image-preview:large, max-video-preview:-1\" \/>\n<link rel=\"canonical\" href=\"http:\/\/biblioteka-gabin.pl\/index.php\/2025\/05\/02\/pogadanka-z-grupa-jagodki-z-oddzialu-przedszkolnego-przy-szkole-podstawowej-w-gabinie-23-04-2025\/\" \/>\n<meta property=\"og:locale\" content=\"pl_PL\" \/>\n<meta property=\"og:type\" content=\"article\" \/>\n<meta property=\"og:title\" content=\"Pogadanka z grup\u0105 &quot;Jag\u00f3dki&quot; z Oddzia\u0142u Przedszkolnego przy Szkole Podstawowej w G\u0105binie (23.04.2025) - Miejsko-Gminna Biblioteka Publiczna w G\u0105binie\" \/>\n<meta property=\"og:description\" content=\"Dzie\u0144 23 kwietnia to \u015awiatowy Dzie\u0144 Ksi\u0105\u017cki i Praw Autorskich.\" \/>\n<meta property=\"og:url\" content=\"http:\/\/biblioteka-gabin.pl\/index.php\/2025\/05\/02\/pogadanka-z-grupa-jagodki-z-oddzialu-przedszkolnego-przy-szkole-podstawowej-w-gabinie-23-04-2025\/\" \/>\n<meta property=\"og:site_name\" content=\"Miejsko-Gminna Biblioteka Publiczna w G\u0105binie\" \/>\n<meta property=\"article:publisher\" content=\"https:\/\/www.facebook.com\/bibliotekagabin\" \/>\n<meta property=\"article:published_time\" content=\"2025-05-02T00:00:00+00:00\" \/>\n<meta property=\"og:image\" content=\"https:\/\/biblioteka-gabin.pl\/wp-content\/uploads\/archive\/pliki\/obraz\/2025\/kwiecie\/e67728b2-b01d-4684-81df-71881443cc46.jpg\" \/>\n<meta name=\"author\" content=\"admin\" \/>\n<meta name=\"twitter:card\" content=\"summary_large_image\" \/>\n<meta name=\"twitter:label1\" content=\"Napisane przez\" \/>\n\t<meta name=\"twitter:data1\" content=\"admin\" \/>\n\t<meta name=\"twitter:label2\" content=\"Szacowany czas czytania\" \/>\n\t<meta name=\"twitter:data2\" content=\"2 minuty\" \/>\n<script type=\"application\/ld+json\" class=\"yoast-schema-graph\">{\"@context\":\"https:\\\/\\\/schema.org\",\"@graph\":[{\"@type\":\"Article\",\"@id\":\"http:\\\/\\\/biblioteka-gabin.pl\\\/index.php\\\/2025\\\/05\\\/02\\\/pogadanka-z-grupa-jagodki-z-oddzialu-przedszkolnego-przy-szkole-podstawowej-w-gabinie-23-04-2025\\\/#article\",\"isPartOf\":{\"@id\":\"http:\\\/\\\/biblioteka-gabin.pl\\\/index.php\\\/2025\\\/05\\\/02\\\/pogadanka-z-grupa-jagodki-z-oddzialu-przedszkolnego-przy-szkole-podstawowej-w-gabinie-23-04-2025\\\/\"},\"author\":{\"name\":\"admin\",\"@id\":\"https:\\\/\\\/biblioteka-gabin.pl\\\/#\\\/schema\\\/person\\\/2067b97c24663d987ef6ef95bed7c99a\"},\"headline\":\"Pogadanka z grup\u0105 &#8222;Jag\u00f3dki&#8221; z Oddzia\u0142u Przedszkolnego przy Szkole Podstawowej w G\u0105binie (23.04.2025)\",\"datePublished\":\"2025-05-02T00:00:00+00:00\",\"mainEntityOfPage\":{\"@id\":\"http:\\\/\\\/biblioteka-gabin.pl\\\/index.php\\\/2025\\\/05\\\/02\\\/pogadanka-z-grupa-jagodki-z-oddzialu-przedszkolnego-przy-szkole-podstawowej-w-gabinie-23-04-2025\\\/\"},\"wordCount\":334,\"commentCount\":0,\"publisher\":{\"@id\":\"https:\\\/\\\/biblioteka-gabin.pl\\\/#organization\"},\"image\":{\"@id\":\"http:\\\/\\\/biblioteka-gabin.pl\\\/index.php\\\/2025\\\/05\\\/02\\\/pogadanka-z-grupa-jagodki-z-oddzialu-przedszkolnego-przy-szkole-podstawowej-w-gabinie-23-04-2025\\\/#primaryimage\"},\"thumbnailUrl\":\"https:\\\/\\\/biblioteka-gabin.pl\\\/wp-content\\\/uploads\\\/archive\\\/pliki\\\/obraz\\\/2025\\\/kwiecie\\\/e67728b2-b01d-4684-81df-71881443cc46.jpg\",\"articleSection\":[\"Main\"],\"inLanguage\":\"pl-PL\",\"potentialAction\":[{\"@type\":\"CommentAction\",\"name\":\"Comment\",\"target\":[\"http:\\\/\\\/biblioteka-gabin.pl\\\/index.php\\\/2025\\\/05\\\/02\\\/pogadanka-z-grupa-jagodki-z-oddzialu-przedszkolnego-przy-szkole-podstawowej-w-gabinie-23-04-2025\\\/#respond\"]}]},{\"@type\":\"WebPage\",\"@id\":\"http:\\\/\\\/biblioteka-gabin.pl\\\/index.php\\\/2025\\\/05\\\/02\\\/pogadanka-z-grupa-jagodki-z-oddzialu-przedszkolnego-przy-szkole-podstawowej-w-gabinie-23-04-2025\\\/\",\"url\":\"http:\\\/\\\/biblioteka-gabin.pl\\\/index.php\\\/2025\\\/05\\\/02\\\/pogadanka-z-grupa-jagodki-z-oddzialu-przedszkolnego-przy-szkole-podstawowej-w-gabinie-23-04-2025\\\/\",\"name\":\"Pogadanka z grup\u0105 \\\"Jag\u00f3dki\\\" z Oddzia\u0142u Przedszkolnego przy Szkole Podstawowej w G\u0105binie (23.04.2025) - Miejsko-Gminna Biblioteka Publiczna w G\u0105binie\",\"isPartOf\":{\"@id\":\"https:\\\/\\\/biblioteka-gabin.pl\\\/#website\"},\"primaryImageOfPage\":{\"@id\":\"http:\\\/\\\/biblioteka-gabin.pl\\\/index.php\\\/2025\\\/05\\\/02\\\/pogadanka-z-grupa-jagodki-z-oddzialu-przedszkolnego-przy-szkole-podstawowej-w-gabinie-23-04-2025\\\/#primaryimage\"},\"image\":{\"@id\":\"http:\\\/\\\/biblioteka-gabin.pl\\\/index.php\\\/2025\\\/05\\\/02\\\/pogadanka-z-grupa-jagodki-z-oddzialu-przedszkolnego-przy-szkole-podstawowej-w-gabinie-23-04-2025\\\/#primaryimage\"},\"thumbnailUrl\":\"https:\\\/\\\/biblioteka-gabin.pl\\\/wp-content\\\/uploads\\\/archive\\\/pliki\\\/obraz\\\/2025\\\/kwiecie\\\/e67728b2-b01d-4684-81df-71881443cc46.jpg\",\"datePublished\":\"2025-05-02T00:00:00+00:00\",\"breadcrumb\":{\"@id\":\"http:\\\/\\\/biblioteka-gabin.pl\\\/index.php\\\/2025\\\/05\\\/02\\\/pogadanka-z-grupa-jagodki-z-oddzialu-przedszkolnego-przy-szkole-podstawowej-w-gabinie-23-04-2025\\\/#breadcrumb\"},\"inLanguage\":\"pl-PL\",\"potentialAction\":[{\"@type\":\"ReadAction\",\"target\":[\"http:\\\/\\\/biblioteka-gabin.pl\\\/index.php\\\/2025\\\/05\\\/02\\\/pogadanka-z-grupa-jagodki-z-oddzialu-przedszkolnego-przy-szkole-podstawowej-w-gabinie-23-04-2025\\\/\"]}]},{\"@type\":\"ImageObject\",\"inLanguage\":\"pl-PL\",\"@id\":\"http:\\\/\\\/biblioteka-gabin.pl\\\/index.php\\\/2025\\\/05\\\/02\\\/pogadanka-z-grupa-jagodki-z-oddzialu-przedszkolnego-przy-szkole-podstawowej-w-gabinie-23-04-2025\\\/#primaryimage\",\"url\":\"https:\\\/\\\/biblioteka-gabin.pl\\\/wp-content\\\/uploads\\\/archive\\\/pliki\\\/obraz\\\/2025\\\/kwiecie\\\/e67728b2-b01d-4684-81df-71881443cc46.jpg\",\"contentUrl\":\"https:\\\/\\\/biblioteka-gabin.pl\\\/wp-content\\\/uploads\\\/archive\\\/pliki\\\/obraz\\\/2025\\\/kwiecie\\\/e67728b2-b01d-4684-81df-71881443cc46.jpg\"},{\"@type\":\"BreadcrumbList\",\"@id\":\"http:\\\/\\\/biblioteka-gabin.pl\\\/index.php\\\/2025\\\/05\\\/02\\\/pogadanka-z-grupa-jagodki-z-oddzialu-przedszkolnego-przy-szkole-podstawowej-w-gabinie-23-04-2025\\\/#breadcrumb\",\"itemListElement\":[{\"@type\":\"ListItem\",\"position\":1,\"name\":\"Strona g\u0142\u00f3wna\",\"item\":\"https:\\\/\\\/biblioteka-gabin.pl\\\/\"},{\"@type\":\"ListItem\",\"position\":2,\"name\":\"Pogadanka z grup\u0105 &#8222;Jag\u00f3dki&#8221; z Oddzia\u0142u Przedszkolnego przy Szkole Podstawowej w G\u0105binie (23.04.2025)\"}]},{\"@type\":\"WebSite\",\"@id\":\"https:\\\/\\\/biblioteka-gabin.pl\\\/#website\",\"url\":\"https:\\\/\\\/biblioteka-gabin.pl\\\/\",\"name\":\"Miejsko-Gminna Biblioteka Publiczna w G\u0105binie\",\"description\":\"\",\"publisher\":{\"@id\":\"https:\\\/\\\/biblioteka-gabin.pl\\\/#organization\"},\"potentialAction\":[{\"@type\":\"SearchAction\",\"target\":{\"@type\":\"EntryPoint\",\"urlTemplate\":\"https:\\\/\\\/biblioteka-gabin.pl\\\/?s={search_term_string}\"},\"query-input\":{\"@type\":\"PropertyValueSpecification\",\"valueRequired\":true,\"valueName\":\"search_term_string\"}}],\"inLanguage\":\"pl-PL\"},{\"@type\":\"Organization\",\"@id\":\"https:\\\/\\\/biblioteka-gabin.pl\\\/#organization\",\"name\":\"Miejsko-Gminna Biblioteka Publiczna w G\u0105binie\",\"url\":\"https:\\\/\\\/biblioteka-gabin.pl\\\/\",\"logo\":{\"@type\":\"ImageObject\",\"inLanguage\":\"pl-PL\",\"@id\":\"https:\\\/\\\/biblioteka-gabin.pl\\\/#\\\/schema\\\/logo\\\/image\\\/\",\"url\":\"https:\\\/\\\/biblioteka-gabin.pl\\\/wp-content\\\/uploads\\\/2025\\\/03\\\/logo-biblioteka-2-1657013691-1.jpg\",\"contentUrl\":\"https:\\\/\\\/biblioteka-gabin.pl\\\/wp-content\\\/uploads\\\/2025\\\/03\\\/logo-biblioteka-2-1657013691-1.jpg\",\"width\":1600,\"height\":772,\"caption\":\"Miejsko-Gminna Biblioteka Publiczna w G\u0105binie\"},\"image\":{\"@id\":\"https:\\\/\\\/biblioteka-gabin.pl\\\/#\\\/schema\\\/logo\\\/image\\\/\"},\"sameAs\":[\"https:\\\/\\\/www.facebook.com\\\/bibliotekagabin\",\"https:\\\/\\\/www.youtube.com\\\/@mgbpgabin9392\"]},{\"@type\":\"Person\",\"@id\":\"https:\\\/\\\/biblioteka-gabin.pl\\\/#\\\/schema\\\/person\\\/2067b97c24663d987ef6ef95bed7c99a\",\"name\":\"admin\",\"image\":{\"@type\":\"ImageObject\",\"inLanguage\":\"pl-PL\",\"@id\":\"https:\\\/\\\/secure.gravatar.com\\\/avatar\\\/e1843904e97b4e376a0fc90ae10372cd31bce9b207a7a3d2ca68fc7ca7e4174c?s=96&d=mm&r=g\",\"url\":\"https:\\\/\\\/secure.gravatar.com\\\/avatar\\\/e1843904e97b4e376a0fc90ae10372cd31bce9b207a7a3d2ca68fc7ca7e4174c?s=96&d=mm&r=g\",\"contentUrl\":\"https:\\\/\\\/secure.gravatar.com\\\/avatar\\\/e1843904e97b4e376a0fc90ae10372cd31bce9b207a7a3d2ca68fc7ca7e4174c?s=96&d=mm&r=g\",\"caption\":\"admin\"},\"sameAs\":[\"http:\\\/\\\/strona.biblioteka-gabin.pl\"],\"url\":\"http:\\\/\\\/biblioteka-gabin.pl\\\/index.php\\\/author\\\/admin\\\/\"}]}<\/script>\n<!-- \/ Yoast SEO plugin. -->","yoast_head_json":{"title":"Pogadanka z grup\u0105 \"Jag\u00f3dki\" z Oddzia\u0142u Przedszkolnego przy Szkole Podstawowej w G\u0105binie (23.04.2025) - Miejsko-Gminna Biblioteka Publiczna w G\u0105binie","robots":{"index":"index","follow":"follow","max-snippet":"max-snippet:-1","max-image-preview":"max-image-preview:large","max-video-preview":"max-video-preview:-1"},"canonical":"http:\/\/biblioteka-gabin.pl\/index.php\/2025\/05\/02\/pogadanka-z-grupa-jagodki-z-oddzialu-przedszkolnego-przy-szkole-podstawowej-w-gabinie-23-04-2025\/","og_locale":"pl_PL","og_type":"article","og_title":"Pogadanka z grup\u0105 \"Jag\u00f3dki\" z Oddzia\u0142u Przedszkolnego przy Szkole Podstawowej w G\u0105binie (23.04.2025) - Miejsko-Gminna Biblioteka Publiczna w G\u0105binie","og_description":"Dzie\u0144 23 kwietnia to \u015awiatowy Dzie\u0144 Ksi\u0105\u017cki i Praw Autorskich.","og_url":"http:\/\/biblioteka-gabin.pl\/index.php\/2025\/05\/02\/pogadanka-z-grupa-jagodki-z-oddzialu-przedszkolnego-przy-szkole-podstawowej-w-gabinie-23-04-2025\/","og_site_name":"Miejsko-Gminna Biblioteka Publiczna w G\u0105binie","article_publisher":"https:\/\/www.facebook.com\/bibliotekagabin","article_published_time":"2025-05-02T00:00:00+00:00","og_image":[{"url":"https:\/\/biblioteka-gabin.pl\/wp-content\/uploads\/archive\/pliki\/obraz\/2025\/kwiecie\/e67728b2-b01d-4684-81df-71881443cc46.jpg","type":"","width":"","height":""}],"author":"admin","twitter_card":"summary_large_image","twitter_misc":{"Napisane przez":"admin","Szacowany czas czytania":"2 minuty"},"schema":{"@context":"https:\/\/schema.org","@graph":[{"@type":"Article","@id":"http:\/\/biblioteka-gabin.pl\/index.php\/2025\/05\/02\/pogadanka-z-grupa-jagodki-z-oddzialu-przedszkolnego-przy-szkole-podstawowej-w-gabinie-23-04-2025\/#article","isPartOf":{"@id":"http:\/\/biblioteka-gabin.pl\/index.php\/2025\/05\/02\/pogadanka-z-grupa-jagodki-z-oddzialu-przedszkolnego-przy-szkole-podstawowej-w-gabinie-23-04-2025\/"},"author":{"name":"admin","@id":"https:\/\/biblioteka-gabin.pl\/#\/schema\/person\/2067b97c24663d987ef6ef95bed7c99a"},"headline":"Pogadanka z grup\u0105 &#8222;Jag\u00f3dki&#8221; z Oddzia\u0142u Przedszkolnego przy Szkole Podstawowej w G\u0105binie (23.04.2025)","datePublished":"2025-05-02T00:00:00+00:00","mainEntityOfPage":{"@id":"http:\/\/biblioteka-gabin.pl\/index.php\/2025\/05\/02\/pogadanka-z-grupa-jagodki-z-oddzialu-przedszkolnego-przy-szkole-podstawowej-w-gabinie-23-04-2025\/"},"wordCount":334,"commentCount":0,"publisher":{"@id":"https:\/\/biblioteka-gabin.pl\/#organization"},"image":{"@id":"http:\/\/biblioteka-gabin.pl\/index.php\/2025\/05\/02\/pogadanka-z-grupa-jagodki-z-oddzialu-przedszkolnego-przy-szkole-podstawowej-w-gabinie-23-04-2025\/#primaryimage"},"thumbnailUrl":"https:\/\/biblioteka-gabin.pl\/wp-content\/uploads\/archive\/pliki\/obraz\/2025\/kwiecie\/e67728b2-b01d-4684-81df-71881443cc46.jpg","articleSection":["Main"],"inLanguage":"pl-PL","potentialAction":[{"@type":"CommentAction","name":"Comment","target":["http:\/\/biblioteka-gabin.pl\/index.php\/2025\/05\/02\/pogadanka-z-grupa-jagodki-z-oddzialu-przedszkolnego-przy-szkole-podstawowej-w-gabinie-23-04-2025\/#respond"]}]},{"@type":"WebPage","@id":"http:\/\/biblioteka-gabin.pl\/index.php\/2025\/05\/02\/pogadanka-z-grupa-jagodki-z-oddzialu-przedszkolnego-przy-szkole-podstawowej-w-gabinie-23-04-2025\/","url":"http:\/\/biblioteka-gabin.pl\/index.php\/2025\/05\/02\/pogadanka-z-grupa-jagodki-z-oddzialu-przedszkolnego-przy-szkole-podstawowej-w-gabinie-23-04-2025\/","name":"Pogadanka z grup\u0105 \"Jag\u00f3dki\" z Oddzia\u0142u Przedszkolnego przy Szkole Podstawowej w G\u0105binie (23.04.2025) - Miejsko-Gminna Biblioteka Publiczna w G\u0105binie","isPartOf":{"@id":"https:\/\/biblioteka-gabin.pl\/#website"},"primaryImageOfPage":{"@id":"http:\/\/biblioteka-gabin.pl\/index.php\/2025\/05\/02\/pogadanka-z-grupa-jagodki-z-oddzialu-przedszkolnego-przy-szkole-podstawowej-w-gabinie-23-04-2025\/#primaryimage"},"image":{"@id":"http:\/\/biblioteka-gabin.pl\/index.php\/2025\/05\/02\/pogadanka-z-grupa-jagodki-z-oddzialu-przedszkolnego-przy-szkole-podstawowej-w-gabinie-23-04-2025\/#primaryimage"},"thumbnailUrl":"https:\/\/biblioteka-gabin.pl\/wp-content\/uploads\/archive\/pliki\/obraz\/2025\/kwiecie\/e67728b2-b01d-4684-81df-71881443cc46.jpg","datePublished":"2025-05-02T00:00:00+00:00","breadcrumb":{"@id":"http:\/\/biblioteka-gabin.pl\/index.php\/2025\/05\/02\/pogadanka-z-grupa-jagodki-z-oddzialu-przedszkolnego-przy-szkole-podstawowej-w-gabinie-23-04-2025\/#breadcrumb"},"inLanguage":"pl-PL","potentialAction":[{"@type":"ReadAction","target":["http:\/\/biblioteka-gabin.pl\/index.php\/2025\/05\/02\/pogadanka-z-grupa-jagodki-z-oddzialu-przedszkolnego-przy-szkole-podstawowej-w-gabinie-23-04-2025\/"]}]},{"@type":"ImageObject","inLanguage":"pl-PL","@id":"http:\/\/biblioteka-gabin.pl\/index.php\/2025\/05\/02\/pogadanka-z-grupa-jagodki-z-oddzialu-przedszkolnego-przy-szkole-podstawowej-w-gabinie-23-04-2025\/#primaryimage","url":"https:\/\/biblioteka-gabin.pl\/wp-content\/uploads\/archive\/pliki\/obraz\/2025\/kwiecie\/e67728b2-b01d-4684-81df-71881443cc46.jpg","contentUrl":"https:\/\/biblioteka-gabin.pl\/wp-content\/uploads\/archive\/pliki\/obraz\/2025\/kwiecie\/e67728b2-b01d-4684-81df-71881443cc46.jpg"},{"@type":"BreadcrumbList","@id":"http:\/\/biblioteka-gabin.pl\/index.php\/2025\/05\/02\/pogadanka-z-grupa-jagodki-z-oddzialu-przedszkolnego-przy-szkole-podstawowej-w-gabinie-23-04-2025\/#breadcrumb","itemListElement":[{"@type":"ListItem","position":1,"name":"Strona g\u0142\u00f3wna","item":"https:\/\/biblioteka-gabin.pl\/"},{"@type":"ListItem","position":2,"name":"Pogadanka z grup\u0105 &#8222;Jag\u00f3dki&#8221; z Oddzia\u0142u Przedszkolnego przy Szkole Podstawowej w G\u0105binie (23.04.2025)"}]},{"@type":"WebSite","@id":"https:\/\/biblioteka-gabin.pl\/#website","url":"https:\/\/biblioteka-gabin.pl\/","name":"Miejsko-Gminna Biblioteka Publiczna w G\u0105binie","description":"","publisher":{"@id":"https:\/\/biblioteka-gabin.pl\/#organization"},"potentialAction":[{"@type":"SearchAction","target":{"@type":"EntryPoint","urlTemplate":"https:\/\/biblioteka-gabin.pl\/?s={search_term_string}"},"query-input":{"@type":"PropertyValueSpecification","valueRequired":true,"valueName":"search_term_string"}}],"inLanguage":"pl-PL"},{"@type":"Organization","@id":"https:\/\/biblioteka-gabin.pl\/#organization","name":"Miejsko-Gminna Biblioteka Publiczna w G\u0105binie","url":"https:\/\/biblioteka-gabin.pl\/","logo":{"@type":"ImageObject","inLanguage":"pl-PL","@id":"https:\/\/biblioteka-gabin.pl\/#\/schema\/logo\/image\/","url":"https:\/\/biblioteka-gabin.pl\/wp-content\/uploads\/2025\/03\/logo-biblioteka-2-1657013691-1.jpg","contentUrl":"https:\/\/biblioteka-gabin.pl\/wp-content\/uploads\/2025\/03\/logo-biblioteka-2-1657013691-1.jpg","width":1600,"height":772,"caption":"Miejsko-Gminna Biblioteka Publiczna w G\u0105binie"},"image":{"@id":"https:\/\/biblioteka-gabin.pl\/#\/schema\/logo\/image\/"},"sameAs":["https:\/\/www.facebook.com\/bibliotekagabin","https:\/\/www.youtube.com\/@mgbpgabin9392"]},{"@type":"Person","@id":"https:\/\/biblioteka-gabin.pl\/#\/schema\/person\/2067b97c24663d987ef6ef95bed7c99a","name":"admin","image":{"@type":"ImageObject","inLanguage":"pl-PL","@id":"https:\/\/secure.gravatar.com\/avatar\/e1843904e97b4e376a0fc90ae10372cd31bce9b207a7a3d2ca68fc7ca7e4174c?s=96&d=mm&r=g","url":"https:\/\/secure.gravatar.com\/avatar\/e1843904e97b4e376a0fc90ae10372cd31bce9b207a7a3d2ca68fc7ca7e4174c?s=96&d=mm&r=g","contentUrl":"https:\/\/secure.gravatar.com\/avatar\/e1843904e97b4e376a0fc90ae10372cd31bce9b207a7a3d2ca68fc7ca7e4174c?s=96&d=mm&r=g","caption":"admin"},"sameAs":["http:\/\/strona.biblioteka-gabin.pl"],"url":"http:\/\/biblioteka-gabin.pl\/index.php\/author\/admin\/"}]}},"_links":{"self":[{"href":"http:\/\/biblioteka-gabin.pl\/index.php\/wp-json\/wp\/v2\/posts\/8296","targetHints":{"allow":["GET"]}}],"collection":[{"href":"http:\/\/biblioteka-gabin.pl\/index.php\/wp-json\/wp\/v2\/posts"}],"about":[{"href":"http:\/\/biblioteka-gabin.pl\/index.php\/wp-json\/wp\/v2\/types\/post"}],"author":[{"embeddable":true,"href":"http:\/\/biblioteka-gabin.pl\/index.php\/wp-json\/wp\/v2\/users\/1"}],"replies":[{"embeddable":true,"href":"http:\/\/biblioteka-gabin.pl\/index.php\/wp-json\/wp\/v2\/comments?post=8296"}],"version-history":[{"count":0,"href":"http:\/\/biblioteka-gabin.pl\/index.php\/wp-json\/wp\/v2\/posts\/8296\/revisions"}],"wp:attachment":[{"href":"http:\/\/biblioteka-gabin.pl\/index.php\/wp-json\/wp\/v2\/media?parent=8296"}],"wp:term":[{"taxonomy":"category","embeddable":true,"href":"http:\/\/biblioteka-gabin.pl\/index.php\/wp-json\/wp\/v2\/categories?post=8296"},{"taxonomy":"post_tag","embeddable":true,"href":"http:\/\/biblioteka-gabin.pl\/index.php\/wp-json\/wp\/v2\/tags?post=8296"}],"curies":[{"name":"wp","href":"https:\/\/api.w.org\/{rel}","templated":true}]}}