{"id":8433,"date":"2025-02-11T00:00:00","date_gmt":"2025-02-11T00:00:00","guid":{"rendered":"https:\/\/biblioteka-gabin.pl\/index.php\/2025\/02\/11\/spotkanie-w-ramach-ferii-zimowych-z-dziecmi-z-przedszkola-samorzadowego-w-gabinie-11-02-25-r\/"},"modified":"2025-02-11T00:00:00","modified_gmt":"2025-02-11T00:00:00","slug":"spotkanie-w-ramach-ferii-zimowych-z-dziecmi-z-przedszkola-samorzadowego-w-gabinie-11-02-25-r","status":"publish","type":"post","link":"http:\/\/biblioteka-gabin.pl\/index.php\/2025\/02\/11\/spotkanie-w-ramach-ferii-zimowych-z-dziecmi-z-przedszkola-samorzadowego-w-gabinie-11-02-25-r\/","title":{"rendered":"Spotkanie w ramach ferii zimowych z dzie\u0107mi z Przedszkola Samorz\u0105dowego w G\u0105binie (11.02.25 r.)"},"content":{"rendered":"<p>Plastikowe oczka, klej, kredki i mata d\u017awi\u0119kowa czeka\u0142y na uczestnik\u00f3w spotkania zorganizowanego w MGBP z okazji ferii zimowych. Bardzo si\u0119 cieszymy, ze mimo niskiej temperatury na dworze naszym dzisiejszym go\u015bciom uda\u0142o si\u0119 dotrze\u0107 do biblioteki- podkre\u015bli\u0142a Pani Ewa Lewandowska-St. Kustosz Bibliotekarz.<br \/>\nWe wtorek, 11 lutego dwie grupy: Je\u017cyki i Pszcz\u00f3\u0142ki z Przedszkola Samorz\u0105dowego im. Kr\u00f3la Maciusia Pierwszego w G\u0105binie przygotowa\u0142y kolorowe kr\u00f3liki z kubk\u00f3w i poszerzy\u0142y \u015bwiat ksi\u0105\u017cek o kolejny tytu\u0142, tym razem by\u0142 to ,,Szara myszka i kolory&#8221; Ma\u0142gorzaty Strza\u0142kowskiej.<br \/>\n\u00a0\u00a0\u00a0 Rymowany tekst autorki opowiada\u0142 o w\u0119dr\u00f3wce ma\u0142ego gryzonia, kt\u00f3ry by\u0142 niezadowolony z koloru swojego futerka. Podczas jego drogi czytelnik odkrywa \u015bwiat kolor\u00f3w, w tym zielonego, niebieskiego, czerwonego i r\u00f3\u017cowego. Na ka\u017cdej stronie z dan\u0105 barw\u0105 by\u0142y umieszczone rzeczy, zwierz\u0119ta i przedmioty codziennego u\u017cytku w danym kolorze. Dzi\u0119ki temu Przedszkolaki mia\u0142y okazj\u0119 rozwija\u0107 sw\u00f3j zmys\u0142 wzroku. Na koniec myszka spotyka szarego wilka i wtedy docenia kolor futerka.<br \/>\n\u00a0\u00a0\u00a0 Ponadto bibliotekarka Joanna metod\u0105,,krok po krok&#8221; pokaza\u0142a dzieciom w jaki spos\u00f3b wykona\u0107,,kubkowego kr\u00f3lika&#8221;. Po sko\u0144czonych zaj\u0119ciach prawie ka\u017cdy z uczestnik\u00f3w zabra\u0142 swojego w\u0142asnor\u0119cznie wykonanego przyjaciela ze sob\u0105 do domu.<br \/>\n\u00a0\u00a0\u00a0\u00a0 ,,Te\u017c mam co\u015b takiego!&#8221;- wykrzykn\u0119\u0142a jedna z dziewczynek. Jej entuzjazm by\u0142 reakcj\u0105 na d\u017awi\u0119kow\u0105 mat\u0119, kt\u00f3ra by\u0142a kolejnym i ostatnim punktem porannego spotkania. W trakcie zabawy w kole ka\u017cde dziecko, za pomoc\u0105 st\u00f3p wygra\u0142o w\u0142asn\u0105 melodi\u0119. Przedszkolaki \u015bwietnie si\u0119 bawi\u0142y!<br \/>\n\u00a0\u00a0\u00a0 Bardzo dzi\u0119kujemy za dzisiejsze spotkanie i ju\u017c nie mo\u017cemy doczeka\u0107 si\u0119 kolejnego &#8211; mamy nadziej\u0119, \u017ce z wiosn\u0105 za oknem. Do zobaczenia!<br \/>\n\u00a0\u00a0\u00a0\u00a0\u00a0\u00a0\u00a0\u00a0\u00a0\u00a0\u00a0\u00a0\u00a0\u00a0\u00a0\u00a0\u00a0\u00a0\u00a0\u00a0\u00a0\u00a0\u00a0\u00a0\u00a0\u00a0\u00a0\u00a0\u00a0\u00a0\u00a0\u00a0\u00a0\u00a0\u00a0\u00a0\u00a0\u00a0\u00a0\u00a0\u00a0\u00a0\u00a0\u00a0\u00a0\u00a0\u00a0\u00a0\u00a0\u00a0\u00a0\u00a0\u00a0\u00a0\u00a0\u00a0\u00a0\u00a0\u00a0\u00a0\u00a0\u00a0\u00a0\u00a0\u00a0\u00a0\u00a0\u00a0\u00a0\u00a0\u00a0\u00a0\u00a0 Opr. Karolina K\u0119dzia<br \/>\n<img src='https:\/\/biblioteka-gabin.pl\/wp-content\/uploads\/archive\/pliki\/obraz\/2025\/luty\/476199290_1661967874414079_5149394007771593524_n.jpg'><br \/>\n<a href='https:\/\/biblioteka-gabin.pl\/wp-content\/uploads\/archive\/galleries\/649\/47619929016619678744140795149394007771593524n-32cb74beb3.jpg'><img style='max-height:300px;' src='https:\/\/biblioteka-gabin.pl\/wp-content\/uploads\/archive\/galleries\/649\/47619929016619678744140795149394007771593524n-32cb74beb3.jpg'><\/a><br \/>\n<a href='https:\/\/biblioteka-gabin.pl\/wp-content\/uploads\/archive\/galleries\/649\/bez-nazwy-c9b8d60678.jpg'><img style='max-height:300px;' src='https:\/\/biblioteka-gabin.pl\/wp-content\/uploads\/archive\/galleries\/649\/bez-nazwy-c9b8d60678.jpg'><\/a><br \/>\n<a href='https:\/\/biblioteka-gabin.pl\/wp-content\/uploads\/archive\/galleries\/649\/47657535516889992120348121491497120989434464n-390347d05a.jpg'><img style='max-height:300px;' src='https:\/\/biblioteka-gabin.pl\/wp-content\/uploads\/archive\/galleries\/649\/47657535516889992120348121491497120989434464n-390347d05a.jpg'><\/a><br \/>\n<a href='https:\/\/biblioteka-gabin.pl\/wp-content\/uploads\/archive\/galleries\/649\/47703848611038784814714385619112135086965684n-900b37ff4a.jpg'><img style='max-height:300px;' src='https:\/\/biblioteka-gabin.pl\/wp-content\/uploads\/archive\/galleries\/649\/47703848611038784814714385619112135086965684n-900b37ff4a.jpg'><\/a><br \/>\n<a href='https:\/\/biblioteka-gabin.pl\/wp-content\/uploads\/archive\/galleries\/649\/47658527320292969374826835654032260661667288n-2255ad57ce.jpg'><img style='max-height:300px;' src='https:\/\/biblioteka-gabin.pl\/wp-content\/uploads\/archive\/galleries\/649\/47658527320292969374826835654032260661667288n-2255ad57ce.jpg'><\/a><br \/>\n<a href='https:\/\/biblioteka-gabin.pl\/wp-content\/uploads\/archive\/galleries\/649\/47634741416348828073946502635578685062135676n-7146214816.jpg'><img style='max-height:300px;' src='https:\/\/biblioteka-gabin.pl\/wp-content\/uploads\/archive\/galleries\/649\/47634741416348828073946502635578685062135676n-7146214816.jpg'><\/a><br \/>\n<a href='https:\/\/biblioteka-gabin.pl\/wp-content\/uploads\/archive\/galleries\/649\/47569681911786526972187267329058733905704232n-2e09c3f8e2.jpg'><img style='max-height:300px;' src='https:\/\/biblioteka-gabin.pl\/wp-content\/uploads\/archive\/galleries\/649\/47569681911786526972187267329058733905704232n-2e09c3f8e2.jpg'><\/a><br \/>\n<a href='https:\/\/biblioteka-gabin.pl\/wp-content\/uploads\/archive\/galleries\/649\/47572394610159171370177612433473155556036814n-a3cc886887.jpg'><img style='max-height:300px;' src='https:\/\/biblioteka-gabin.pl\/wp-content\/uploads\/archive\/galleries\/649\/47572394610159171370177612433473155556036814n-a3cc886887.jpg'><\/a><br \/>\n<a href='https:\/\/biblioteka-gabin.pl\/wp-content\/uploads\/archive\/galleries\/649\/47570066810065532548415294459562879730720051n-256c42234e.jpg'><img style='max-height:300px;' src='https:\/\/biblioteka-gabin.pl\/wp-content\/uploads\/archive\/galleries\/649\/47570066810065532548415294459562879730720051n-256c42234e.jpg'><\/a><br \/>\n<a href='https:\/\/biblioteka-gabin.pl\/wp-content\/uploads\/archive\/galleries\/649\/222-8e4ecca560.jpg'><img style='max-height:300px;' src='https:\/\/biblioteka-gabin.pl\/wp-content\/uploads\/archive\/galleries\/649\/222-8e4ecca560.jpg'><\/a><br \/>\n<a href='https:\/\/biblioteka-gabin.pl\/wp-content\/uploads\/archive\/galleries\/649\/475826086598760566261646827465266519727385n-116a5c8806.jpg'><img style='max-height:300px;' src='https:\/\/biblioteka-gabin.pl\/wp-content\/uploads\/archive\/galleries\/649\/475826086598760566261646827465266519727385n-116a5c8806.jpg'><\/a><br \/>\n<a href='https:\/\/biblioteka-gabin.pl\/wp-content\/uploads\/archive\/galleries\/649\/47674012337931002076221219045456503343011048n-9549a034f8.jpg'><img style='max-height:300px;' src='https:\/\/biblioteka-gabin.pl\/wp-content\/uploads\/archive\/galleries\/649\/47674012337931002076221219045456503343011048n-9549a034f8.jpg'><\/a><br \/>\n<a href='https:\/\/biblioteka-gabin.pl\/wp-content\/uploads\/archive\/galleries\/649\/4756977566408563650772452527852815781353692n-bdcf0d483e.jpg'><img style='max-height:300px;' src='https:\/\/biblioteka-gabin.pl\/wp-content\/uploads\/archive\/galleries\/649\/4756977566408563650772452527852815781353692n-bdcf0d483e.jpg'><\/a><\/p>\n","protected":false},"excerpt":{"rendered":"<p>Plastikowe oczka, klej, kredki i mata d\u017awi\u0119kowa czeka\u0142y na uczestnik\u00f3w<\/p>\n","protected":false},"author":1,"featured_media":0,"comment_status":"open","ping_status":"open","sticky":false,"template":"","format":"standard","meta":{"footnotes":""},"categories":[36],"tags":[],"class_list":["post-8433","post","type-post","status-publish","format-standard","hentry","category-main"],"yoast_head":"<!-- This site is optimized with the Yoast SEO plugin v27.4 - https:\/\/yoast.com\/product\/yoast-seo-wordpress\/ -->\n<title>Spotkanie w ramach ferii zimowych z dzie\u0107mi z Przedszkola Samorz\u0105dowego w G\u0105binie (11.02.25 r.) - Miejsko-Gminna Biblioteka Publiczna w G\u0105binie<\/title>\n<meta name=\"robots\" content=\"index, follow, max-snippet:-1, max-image-preview:large, max-video-preview:-1\" \/>\n<link rel=\"canonical\" href=\"http:\/\/biblioteka-gabin.pl\/index.php\/2025\/02\/11\/spotkanie-w-ramach-ferii-zimowych-z-dziecmi-z-przedszkola-samorzadowego-w-gabinie-11-02-25-r\/\" \/>\n<meta property=\"og:locale\" content=\"pl_PL\" \/>\n<meta property=\"og:type\" content=\"article\" \/>\n<meta property=\"og:title\" content=\"Spotkanie w ramach ferii zimowych z dzie\u0107mi z Przedszkola Samorz\u0105dowego w G\u0105binie (11.02.25 r.) - Miejsko-Gminna Biblioteka Publiczna w G\u0105binie\" \/>\n<meta property=\"og:description\" content=\"Plastikowe oczka, klej, kredki i mata d\u017awi\u0119kowa czeka\u0142y na uczestnik\u00f3w\" \/>\n<meta property=\"og:url\" content=\"http:\/\/biblioteka-gabin.pl\/index.php\/2025\/02\/11\/spotkanie-w-ramach-ferii-zimowych-z-dziecmi-z-przedszkola-samorzadowego-w-gabinie-11-02-25-r\/\" \/>\n<meta property=\"og:site_name\" content=\"Miejsko-Gminna Biblioteka Publiczna w G\u0105binie\" \/>\n<meta property=\"article:publisher\" content=\"https:\/\/www.facebook.com\/bibliotekagabin\" \/>\n<meta property=\"article:published_time\" content=\"2025-02-11T00:00:00+00:00\" \/>\n<meta property=\"og:image\" content=\"https:\/\/biblioteka-gabin.pl\/wp-content\/uploads\/archive\/pliki\/obraz\/2025\/luty\/476199290_1661967874414079_5149394007771593524_n.jpg\" \/>\n<meta name=\"author\" content=\"admin\" \/>\n<meta name=\"twitter:card\" content=\"summary_large_image\" \/>\n<meta name=\"twitter:label1\" content=\"Napisane przez\" \/>\n\t<meta name=\"twitter:data1\" content=\"admin\" \/>\n\t<meta name=\"twitter:label2\" content=\"Szacowany czas czytania\" \/>\n\t<meta name=\"twitter:data2\" content=\"1 minuta\" \/>\n<script type=\"application\/ld+json\" class=\"yoast-schema-graph\">{\"@context\":\"https:\\\/\\\/schema.org\",\"@graph\":[{\"@type\":\"Article\",\"@id\":\"http:\\\/\\\/biblioteka-gabin.pl\\\/index.php\\\/2025\\\/02\\\/11\\\/spotkanie-w-ramach-ferii-zimowych-z-dziecmi-z-przedszkola-samorzadowego-w-gabinie-11-02-25-r\\\/#article\",\"isPartOf\":{\"@id\":\"http:\\\/\\\/biblioteka-gabin.pl\\\/index.php\\\/2025\\\/02\\\/11\\\/spotkanie-w-ramach-ferii-zimowych-z-dziecmi-z-przedszkola-samorzadowego-w-gabinie-11-02-25-r\\\/\"},\"author\":{\"name\":\"admin\",\"@id\":\"https:\\\/\\\/biblioteka-gabin.pl\\\/#\\\/schema\\\/person\\\/2067b97c24663d987ef6ef95bed7c99a\"},\"headline\":\"Spotkanie w ramach ferii zimowych z dzie\u0107mi z Przedszkola Samorz\u0105dowego w G\u0105binie (11.02.25 r.)\",\"datePublished\":\"2025-02-11T00:00:00+00:00\",\"mainEntityOfPage\":{\"@id\":\"http:\\\/\\\/biblioteka-gabin.pl\\\/index.php\\\/2025\\\/02\\\/11\\\/spotkanie-w-ramach-ferii-zimowych-z-dziecmi-z-przedszkola-samorzadowego-w-gabinie-11-02-25-r\\\/\"},\"wordCount\":314,\"commentCount\":0,\"publisher\":{\"@id\":\"https:\\\/\\\/biblioteka-gabin.pl\\\/#organization\"},\"image\":{\"@id\":\"http:\\\/\\\/biblioteka-gabin.pl\\\/index.php\\\/2025\\\/02\\\/11\\\/spotkanie-w-ramach-ferii-zimowych-z-dziecmi-z-przedszkola-samorzadowego-w-gabinie-11-02-25-r\\\/#primaryimage\"},\"thumbnailUrl\":\"https:\\\/\\\/biblioteka-gabin.pl\\\/wp-content\\\/uploads\\\/archive\\\/pliki\\\/obraz\\\/2025\\\/luty\\\/476199290_1661967874414079_5149394007771593524_n.jpg\",\"articleSection\":[\"Main\"],\"inLanguage\":\"pl-PL\",\"potentialAction\":[{\"@type\":\"CommentAction\",\"name\":\"Comment\",\"target\":[\"http:\\\/\\\/biblioteka-gabin.pl\\\/index.php\\\/2025\\\/02\\\/11\\\/spotkanie-w-ramach-ferii-zimowych-z-dziecmi-z-przedszkola-samorzadowego-w-gabinie-11-02-25-r\\\/#respond\"]}]},{\"@type\":\"WebPage\",\"@id\":\"http:\\\/\\\/biblioteka-gabin.pl\\\/index.php\\\/2025\\\/02\\\/11\\\/spotkanie-w-ramach-ferii-zimowych-z-dziecmi-z-przedszkola-samorzadowego-w-gabinie-11-02-25-r\\\/\",\"url\":\"http:\\\/\\\/biblioteka-gabin.pl\\\/index.php\\\/2025\\\/02\\\/11\\\/spotkanie-w-ramach-ferii-zimowych-z-dziecmi-z-przedszkola-samorzadowego-w-gabinie-11-02-25-r\\\/\",\"name\":\"Spotkanie w ramach ferii zimowych z dzie\u0107mi z Przedszkola Samorz\u0105dowego w G\u0105binie (11.02.25 r.) - Miejsko-Gminna Biblioteka Publiczna w G\u0105binie\",\"isPartOf\":{\"@id\":\"https:\\\/\\\/biblioteka-gabin.pl\\\/#website\"},\"primaryImageOfPage\":{\"@id\":\"http:\\\/\\\/biblioteka-gabin.pl\\\/index.php\\\/2025\\\/02\\\/11\\\/spotkanie-w-ramach-ferii-zimowych-z-dziecmi-z-przedszkola-samorzadowego-w-gabinie-11-02-25-r\\\/#primaryimage\"},\"image\":{\"@id\":\"http:\\\/\\\/biblioteka-gabin.pl\\\/index.php\\\/2025\\\/02\\\/11\\\/spotkanie-w-ramach-ferii-zimowych-z-dziecmi-z-przedszkola-samorzadowego-w-gabinie-11-02-25-r\\\/#primaryimage\"},\"thumbnailUrl\":\"https:\\\/\\\/biblioteka-gabin.pl\\\/wp-content\\\/uploads\\\/archive\\\/pliki\\\/obraz\\\/2025\\\/luty\\\/476199290_1661967874414079_5149394007771593524_n.jpg\",\"datePublished\":\"2025-02-11T00:00:00+00:00\",\"breadcrumb\":{\"@id\":\"http:\\\/\\\/biblioteka-gabin.pl\\\/index.php\\\/2025\\\/02\\\/11\\\/spotkanie-w-ramach-ferii-zimowych-z-dziecmi-z-przedszkola-samorzadowego-w-gabinie-11-02-25-r\\\/#breadcrumb\"},\"inLanguage\":\"pl-PL\",\"potentialAction\":[{\"@type\":\"ReadAction\",\"target\":[\"http:\\\/\\\/biblioteka-gabin.pl\\\/index.php\\\/2025\\\/02\\\/11\\\/spotkanie-w-ramach-ferii-zimowych-z-dziecmi-z-przedszkola-samorzadowego-w-gabinie-11-02-25-r\\\/\"]}]},{\"@type\":\"ImageObject\",\"inLanguage\":\"pl-PL\",\"@id\":\"http:\\\/\\\/biblioteka-gabin.pl\\\/index.php\\\/2025\\\/02\\\/11\\\/spotkanie-w-ramach-ferii-zimowych-z-dziecmi-z-przedszkola-samorzadowego-w-gabinie-11-02-25-r\\\/#primaryimage\",\"url\":\"https:\\\/\\\/biblioteka-gabin.pl\\\/wp-content\\\/uploads\\\/archive\\\/pliki\\\/obraz\\\/2025\\\/luty\\\/476199290_1661967874414079_5149394007771593524_n.jpg\",\"contentUrl\":\"https:\\\/\\\/biblioteka-gabin.pl\\\/wp-content\\\/uploads\\\/archive\\\/pliki\\\/obraz\\\/2025\\\/luty\\\/476199290_1661967874414079_5149394007771593524_n.jpg\"},{\"@type\":\"BreadcrumbList\",\"@id\":\"http:\\\/\\\/biblioteka-gabin.pl\\\/index.php\\\/2025\\\/02\\\/11\\\/spotkanie-w-ramach-ferii-zimowych-z-dziecmi-z-przedszkola-samorzadowego-w-gabinie-11-02-25-r\\\/#breadcrumb\",\"itemListElement\":[{\"@type\":\"ListItem\",\"position\":1,\"name\":\"Strona g\u0142\u00f3wna\",\"item\":\"https:\\\/\\\/biblioteka-gabin.pl\\\/\"},{\"@type\":\"ListItem\",\"position\":2,\"name\":\"Spotkanie w ramach ferii zimowych z dzie\u0107mi z Przedszkola Samorz\u0105dowego w G\u0105binie (11.02.25 r.)\"}]},{\"@type\":\"WebSite\",\"@id\":\"https:\\\/\\\/biblioteka-gabin.pl\\\/#website\",\"url\":\"https:\\\/\\\/biblioteka-gabin.pl\\\/\",\"name\":\"Miejsko-Gminna Biblioteka Publiczna w G\u0105binie\",\"description\":\"\",\"publisher\":{\"@id\":\"https:\\\/\\\/biblioteka-gabin.pl\\\/#organization\"},\"potentialAction\":[{\"@type\":\"SearchAction\",\"target\":{\"@type\":\"EntryPoint\",\"urlTemplate\":\"https:\\\/\\\/biblioteka-gabin.pl\\\/?s={search_term_string}\"},\"query-input\":{\"@type\":\"PropertyValueSpecification\",\"valueRequired\":true,\"valueName\":\"search_term_string\"}}],\"inLanguage\":\"pl-PL\"},{\"@type\":\"Organization\",\"@id\":\"https:\\\/\\\/biblioteka-gabin.pl\\\/#organization\",\"name\":\"Miejsko-Gminna Biblioteka Publiczna w G\u0105binie\",\"url\":\"https:\\\/\\\/biblioteka-gabin.pl\\\/\",\"logo\":{\"@type\":\"ImageObject\",\"inLanguage\":\"pl-PL\",\"@id\":\"https:\\\/\\\/biblioteka-gabin.pl\\\/#\\\/schema\\\/logo\\\/image\\\/\",\"url\":\"https:\\\/\\\/biblioteka-gabin.pl\\\/wp-content\\\/uploads\\\/2025\\\/03\\\/logo-biblioteka-2-1657013691-1.jpg\",\"contentUrl\":\"https:\\\/\\\/biblioteka-gabin.pl\\\/wp-content\\\/uploads\\\/2025\\\/03\\\/logo-biblioteka-2-1657013691-1.jpg\",\"width\":1600,\"height\":772,\"caption\":\"Miejsko-Gminna Biblioteka Publiczna w G\u0105binie\"},\"image\":{\"@id\":\"https:\\\/\\\/biblioteka-gabin.pl\\\/#\\\/schema\\\/logo\\\/image\\\/\"},\"sameAs\":[\"https:\\\/\\\/www.facebook.com\\\/bibliotekagabin\",\"https:\\\/\\\/www.youtube.com\\\/@mgbpgabin9392\"]},{\"@type\":\"Person\",\"@id\":\"https:\\\/\\\/biblioteka-gabin.pl\\\/#\\\/schema\\\/person\\\/2067b97c24663d987ef6ef95bed7c99a\",\"name\":\"admin\",\"image\":{\"@type\":\"ImageObject\",\"inLanguage\":\"pl-PL\",\"@id\":\"https:\\\/\\\/secure.gravatar.com\\\/avatar\\\/e1843904e97b4e376a0fc90ae10372cd31bce9b207a7a3d2ca68fc7ca7e4174c?s=96&d=mm&r=g\",\"url\":\"https:\\\/\\\/secure.gravatar.com\\\/avatar\\\/e1843904e97b4e376a0fc90ae10372cd31bce9b207a7a3d2ca68fc7ca7e4174c?s=96&d=mm&r=g\",\"contentUrl\":\"https:\\\/\\\/secure.gravatar.com\\\/avatar\\\/e1843904e97b4e376a0fc90ae10372cd31bce9b207a7a3d2ca68fc7ca7e4174c?s=96&d=mm&r=g\",\"caption\":\"admin\"},\"sameAs\":[\"http:\\\/\\\/strona.biblioteka-gabin.pl\"],\"url\":\"http:\\\/\\\/biblioteka-gabin.pl\\\/index.php\\\/author\\\/admin\\\/\"}]}<\/script>\n<!-- \/ Yoast SEO plugin. -->","yoast_head_json":{"title":"Spotkanie w ramach ferii zimowych z dzie\u0107mi z Przedszkola Samorz\u0105dowego w G\u0105binie (11.02.25 r.) - Miejsko-Gminna Biblioteka Publiczna w G\u0105binie","robots":{"index":"index","follow":"follow","max-snippet":"max-snippet:-1","max-image-preview":"max-image-preview:large","max-video-preview":"max-video-preview:-1"},"canonical":"http:\/\/biblioteka-gabin.pl\/index.php\/2025\/02\/11\/spotkanie-w-ramach-ferii-zimowych-z-dziecmi-z-przedszkola-samorzadowego-w-gabinie-11-02-25-r\/","og_locale":"pl_PL","og_type":"article","og_title":"Spotkanie w ramach ferii zimowych z dzie\u0107mi z Przedszkola Samorz\u0105dowego w G\u0105binie (11.02.25 r.) - Miejsko-Gminna Biblioteka Publiczna w G\u0105binie","og_description":"Plastikowe oczka, klej, kredki i mata d\u017awi\u0119kowa czeka\u0142y na uczestnik\u00f3w","og_url":"http:\/\/biblioteka-gabin.pl\/index.php\/2025\/02\/11\/spotkanie-w-ramach-ferii-zimowych-z-dziecmi-z-przedszkola-samorzadowego-w-gabinie-11-02-25-r\/","og_site_name":"Miejsko-Gminna Biblioteka Publiczna w G\u0105binie","article_publisher":"https:\/\/www.facebook.com\/bibliotekagabin","article_published_time":"2025-02-11T00:00:00+00:00","og_image":[{"url":"https:\/\/biblioteka-gabin.pl\/wp-content\/uploads\/archive\/pliki\/obraz\/2025\/luty\/476199290_1661967874414079_5149394007771593524_n.jpg","type":"","width":"","height":""}],"author":"admin","twitter_card":"summary_large_image","twitter_misc":{"Napisane przez":"admin","Szacowany czas czytania":"1 minuta"},"schema":{"@context":"https:\/\/schema.org","@graph":[{"@type":"Article","@id":"http:\/\/biblioteka-gabin.pl\/index.php\/2025\/02\/11\/spotkanie-w-ramach-ferii-zimowych-z-dziecmi-z-przedszkola-samorzadowego-w-gabinie-11-02-25-r\/#article","isPartOf":{"@id":"http:\/\/biblioteka-gabin.pl\/index.php\/2025\/02\/11\/spotkanie-w-ramach-ferii-zimowych-z-dziecmi-z-przedszkola-samorzadowego-w-gabinie-11-02-25-r\/"},"author":{"name":"admin","@id":"https:\/\/biblioteka-gabin.pl\/#\/schema\/person\/2067b97c24663d987ef6ef95bed7c99a"},"headline":"Spotkanie w ramach ferii zimowych z dzie\u0107mi z Przedszkola Samorz\u0105dowego w G\u0105binie (11.02.25 r.)","datePublished":"2025-02-11T00:00:00+00:00","mainEntityOfPage":{"@id":"http:\/\/biblioteka-gabin.pl\/index.php\/2025\/02\/11\/spotkanie-w-ramach-ferii-zimowych-z-dziecmi-z-przedszkola-samorzadowego-w-gabinie-11-02-25-r\/"},"wordCount":314,"commentCount":0,"publisher":{"@id":"https:\/\/biblioteka-gabin.pl\/#organization"},"image":{"@id":"http:\/\/biblioteka-gabin.pl\/index.php\/2025\/02\/11\/spotkanie-w-ramach-ferii-zimowych-z-dziecmi-z-przedszkola-samorzadowego-w-gabinie-11-02-25-r\/#primaryimage"},"thumbnailUrl":"https:\/\/biblioteka-gabin.pl\/wp-content\/uploads\/archive\/pliki\/obraz\/2025\/luty\/476199290_1661967874414079_5149394007771593524_n.jpg","articleSection":["Main"],"inLanguage":"pl-PL","potentialAction":[{"@type":"CommentAction","name":"Comment","target":["http:\/\/biblioteka-gabin.pl\/index.php\/2025\/02\/11\/spotkanie-w-ramach-ferii-zimowych-z-dziecmi-z-przedszkola-samorzadowego-w-gabinie-11-02-25-r\/#respond"]}]},{"@type":"WebPage","@id":"http:\/\/biblioteka-gabin.pl\/index.php\/2025\/02\/11\/spotkanie-w-ramach-ferii-zimowych-z-dziecmi-z-przedszkola-samorzadowego-w-gabinie-11-02-25-r\/","url":"http:\/\/biblioteka-gabin.pl\/index.php\/2025\/02\/11\/spotkanie-w-ramach-ferii-zimowych-z-dziecmi-z-przedszkola-samorzadowego-w-gabinie-11-02-25-r\/","name":"Spotkanie w ramach ferii zimowych z dzie\u0107mi z Przedszkola Samorz\u0105dowego w G\u0105binie (11.02.25 r.) - Miejsko-Gminna Biblioteka Publiczna w G\u0105binie","isPartOf":{"@id":"https:\/\/biblioteka-gabin.pl\/#website"},"primaryImageOfPage":{"@id":"http:\/\/biblioteka-gabin.pl\/index.php\/2025\/02\/11\/spotkanie-w-ramach-ferii-zimowych-z-dziecmi-z-przedszkola-samorzadowego-w-gabinie-11-02-25-r\/#primaryimage"},"image":{"@id":"http:\/\/biblioteka-gabin.pl\/index.php\/2025\/02\/11\/spotkanie-w-ramach-ferii-zimowych-z-dziecmi-z-przedszkola-samorzadowego-w-gabinie-11-02-25-r\/#primaryimage"},"thumbnailUrl":"https:\/\/biblioteka-gabin.pl\/wp-content\/uploads\/archive\/pliki\/obraz\/2025\/luty\/476199290_1661967874414079_5149394007771593524_n.jpg","datePublished":"2025-02-11T00:00:00+00:00","breadcrumb":{"@id":"http:\/\/biblioteka-gabin.pl\/index.php\/2025\/02\/11\/spotkanie-w-ramach-ferii-zimowych-z-dziecmi-z-przedszkola-samorzadowego-w-gabinie-11-02-25-r\/#breadcrumb"},"inLanguage":"pl-PL","potentialAction":[{"@type":"ReadAction","target":["http:\/\/biblioteka-gabin.pl\/index.php\/2025\/02\/11\/spotkanie-w-ramach-ferii-zimowych-z-dziecmi-z-przedszkola-samorzadowego-w-gabinie-11-02-25-r\/"]}]},{"@type":"ImageObject","inLanguage":"pl-PL","@id":"http:\/\/biblioteka-gabin.pl\/index.php\/2025\/02\/11\/spotkanie-w-ramach-ferii-zimowych-z-dziecmi-z-przedszkola-samorzadowego-w-gabinie-11-02-25-r\/#primaryimage","url":"https:\/\/biblioteka-gabin.pl\/wp-content\/uploads\/archive\/pliki\/obraz\/2025\/luty\/476199290_1661967874414079_5149394007771593524_n.jpg","contentUrl":"https:\/\/biblioteka-gabin.pl\/wp-content\/uploads\/archive\/pliki\/obraz\/2025\/luty\/476199290_1661967874414079_5149394007771593524_n.jpg"},{"@type":"BreadcrumbList","@id":"http:\/\/biblioteka-gabin.pl\/index.php\/2025\/02\/11\/spotkanie-w-ramach-ferii-zimowych-z-dziecmi-z-przedszkola-samorzadowego-w-gabinie-11-02-25-r\/#breadcrumb","itemListElement":[{"@type":"ListItem","position":1,"name":"Strona g\u0142\u00f3wna","item":"https:\/\/biblioteka-gabin.pl\/"},{"@type":"ListItem","position":2,"name":"Spotkanie w ramach ferii zimowych z dzie\u0107mi z Przedszkola Samorz\u0105dowego w G\u0105binie (11.02.25 r.)"}]},{"@type":"WebSite","@id":"https:\/\/biblioteka-gabin.pl\/#website","url":"https:\/\/biblioteka-gabin.pl\/","name":"Miejsko-Gminna Biblioteka Publiczna w G\u0105binie","description":"","publisher":{"@id":"https:\/\/biblioteka-gabin.pl\/#organization"},"potentialAction":[{"@type":"SearchAction","target":{"@type":"EntryPoint","urlTemplate":"https:\/\/biblioteka-gabin.pl\/?s={search_term_string}"},"query-input":{"@type":"PropertyValueSpecification","valueRequired":true,"valueName":"search_term_string"}}],"inLanguage":"pl-PL"},{"@type":"Organization","@id":"https:\/\/biblioteka-gabin.pl\/#organization","name":"Miejsko-Gminna Biblioteka Publiczna w G\u0105binie","url":"https:\/\/biblioteka-gabin.pl\/","logo":{"@type":"ImageObject","inLanguage":"pl-PL","@id":"https:\/\/biblioteka-gabin.pl\/#\/schema\/logo\/image\/","url":"https:\/\/biblioteka-gabin.pl\/wp-content\/uploads\/2025\/03\/logo-biblioteka-2-1657013691-1.jpg","contentUrl":"https:\/\/biblioteka-gabin.pl\/wp-content\/uploads\/2025\/03\/logo-biblioteka-2-1657013691-1.jpg","width":1600,"height":772,"caption":"Miejsko-Gminna Biblioteka Publiczna w G\u0105binie"},"image":{"@id":"https:\/\/biblioteka-gabin.pl\/#\/schema\/logo\/image\/"},"sameAs":["https:\/\/www.facebook.com\/bibliotekagabin","https:\/\/www.youtube.com\/@mgbpgabin9392"]},{"@type":"Person","@id":"https:\/\/biblioteka-gabin.pl\/#\/schema\/person\/2067b97c24663d987ef6ef95bed7c99a","name":"admin","image":{"@type":"ImageObject","inLanguage":"pl-PL","@id":"https:\/\/secure.gravatar.com\/avatar\/e1843904e97b4e376a0fc90ae10372cd31bce9b207a7a3d2ca68fc7ca7e4174c?s=96&d=mm&r=g","url":"https:\/\/secure.gravatar.com\/avatar\/e1843904e97b4e376a0fc90ae10372cd31bce9b207a7a3d2ca68fc7ca7e4174c?s=96&d=mm&r=g","contentUrl":"https:\/\/secure.gravatar.com\/avatar\/e1843904e97b4e376a0fc90ae10372cd31bce9b207a7a3d2ca68fc7ca7e4174c?s=96&d=mm&r=g","caption":"admin"},"sameAs":["http:\/\/strona.biblioteka-gabin.pl"],"url":"http:\/\/biblioteka-gabin.pl\/index.php\/author\/admin\/"}]}},"_links":{"self":[{"href":"http:\/\/biblioteka-gabin.pl\/index.php\/wp-json\/wp\/v2\/posts\/8433","targetHints":{"allow":["GET"]}}],"collection":[{"href":"http:\/\/biblioteka-gabin.pl\/index.php\/wp-json\/wp\/v2\/posts"}],"about":[{"href":"http:\/\/biblioteka-gabin.pl\/index.php\/wp-json\/wp\/v2\/types\/post"}],"author":[{"embeddable":true,"href":"http:\/\/biblioteka-gabin.pl\/index.php\/wp-json\/wp\/v2\/users\/1"}],"replies":[{"embeddable":true,"href":"http:\/\/biblioteka-gabin.pl\/index.php\/wp-json\/wp\/v2\/comments?post=8433"}],"version-history":[{"count":0,"href":"http:\/\/biblioteka-gabin.pl\/index.php\/wp-json\/wp\/v2\/posts\/8433\/revisions"}],"wp:attachment":[{"href":"http:\/\/biblioteka-gabin.pl\/index.php\/wp-json\/wp\/v2\/media?parent=8433"}],"wp:term":[{"taxonomy":"category","embeddable":true,"href":"http:\/\/biblioteka-gabin.pl\/index.php\/wp-json\/wp\/v2\/categories?post=8433"},{"taxonomy":"post_tag","embeddable":true,"href":"http:\/\/biblioteka-gabin.pl\/index.php\/wp-json\/wp\/v2\/tags?post=8433"}],"curies":[{"name":"wp","href":"https:\/\/api.w.org\/{rel}","templated":true}]}}