{"id":8435,"date":"2025-02-20T00:00:00","date_gmt":"2025-02-20T00:00:00","guid":{"rendered":"https:\/\/biblioteka-gabin.pl\/index.php\/2025\/02\/20\/spotkanie-z-bajka-gr-biedronki-i-smerfy-20-02-2025-r\/"},"modified":"2025-02-20T00:00:00","modified_gmt":"2025-02-20T00:00:00","slug":"spotkanie-z-bajka-gr-biedronki-i-smerfy-20-02-2025-r","status":"publish","type":"post","link":"http:\/\/biblioteka-gabin.pl\/index.php\/2025\/02\/20\/spotkanie-z-bajka-gr-biedronki-i-smerfy-20-02-2025-r\/","title":{"rendered":",,Spotkanie z bajk\u0105\u201d, gr. Biedronki i Smerfy (20.02.2025 r.)"},"content":{"rendered":"<p>,,Inspiruj\u0105ce bajki\u201d Agnieszki Antosiewicz-historia o Ruru lataj\u0105cym pingwinie oraz ksi\u0105\u017cka pt. ,,Wycieczka z przyjaci\u00f3\u0142mi\u201d zosta\u0142y przeczytane na dzisiejszych ,,Spotkaniach z bajk\u0105\u201d w Przedszkolu Samorz\u0105dowym w Dobrzykowie. Dodatkowo dzieci po zimowej przerwie opowiada\u0142y w jaki spos\u00f3b i gdzie sp\u0119dzi\u0142y ten czas.<br \/>\n\u00a0,,Ja w tym roku nigdzie nie by\u0142am.\u201d, ,,By\u0107 mo\u017ce kto\u015b z was w trakcie ferii nauczy\u0142 si\u0119 czego\u015b nowego i inspiruj\u0105cego, jak np. jazdy na nartach malowania albo spacerowa\u0142 z rodzicami po lesie.\u201d,, Jaka zimowa przerwa?\u201d \u2013 brzmia\u0142o odno\u015bnie do wywo\u0142anego tematu.<br \/>\n\u00a0\u00a0\u00a0\u00a0\u00a0\u00a0\u00a0\u00a0\u00a0\u00a0\u00a0 ,,W tamtym tygodniu by\u0142 kaszel, ale teraz czujemy si\u0119 ju\u017c dobrze.\u201d \u2013 doda\u0142y z dzieci z drugiej grupy, w kt\u00f3rej niestety wi\u0119kszo\u015b\u0107 os\u00f3b czas wypoczynku sp\u0119dzi\u0142a na\u2026 chorowaniu. Na szcz\u0119\u015bcie Maluchy, kt\u00f3re dzisiaj (20.02.2025 r.) by\u0142y obecne w Przedszkolu bardzo uwa\u017cnie wys\u0142ucha\u0142y ksi\u0105\u017cki o tr\u00f3jce przyjaci\u00f3\u0142: psie, kocie i kr\u00f3liku, p\u0142yn\u0105cych na swojej \u0142\u00f3dce przez r\u00f3\u017cne krajobrazy, w tym d\u017cungl\u0119, las i z pewno\u015bci\u0105 jeden z jakich\u015b zimowych l\u0105d\u00f3w &#8211; autor niestety nie zaznaczy\u0142 jak konkretnie si\u0119 on nazywa. Faktem jest, \u017ce na obrazku przedstawiaj\u0105cym t\u0119 scen\u0119 z ty\u0142u za bohaterami widoczna jest g\u00f3ra lodowa i ruchomy element tej ksi\u0105\u017cki\u2013 nied\u017awied\u017a polarny. Zwierz\u0119 wysuwa si\u0119 ponad sztywne strony bajki, co urozmaica dzieciom spotkanie z ksi\u0105\u017ck\u0105 i pozwala na jeszcze lepsze jej zrozumienie i zapami\u0119tanie. \u00a0\u00a0\u00a0\u00a0\u00a0\u00a0\u00a0\u00a0\u00a0\u00a0<br \/>\n\u00a0\u00a0\u00a0\u00a0\u00a0\u00a0\u00a0\u00a0\u00a0\u00a0\u00a0 Dzisiejsze zaj\u0119cia zosta\u0142y opracowane uwzgl\u0119dniaj\u0105c zimow\u0105 przerw\u0119 od czasu w Przedszkolu a ich celem by\u0142 rozw\u00f3j wyobra\u017ani, u\u015bwiadomienie, \u017ce marzenia s\u0105 wa\u017cn\u0105 spraw\u0105 w naszym \u017cyciu, ale ich niezrealizowanie nie oznacza pora\u017cki, a wr\u0119cz przeciwnie\u2026mo\u017ce w\u0142a\u015bnie wtedy rozpoczyna si\u0119 nowa przygoda.<br \/>\nOpr. Karolina K\u0119dzia<br \/>\n<img src='https:\/\/biblioteka-gabin.pl\/wp-content\/uploads\/archive\/pliki\/obraz\/2025\/luty\/481229256_664760009555189_1309826148895111181_n.jpg'><br \/>\n<a href='https:\/\/biblioteka-gabin.pl\/wp-content\/uploads\/archive\/galleries\/658\/48084468715271916512989163510713432544703781n-1ad6164da5.jpg'><img style='max-height:300px;' src='https:\/\/biblioteka-gabin.pl\/wp-content\/uploads\/archive\/galleries\/658\/48084468715271916512989163510713432544703781n-1ad6164da5.jpg'><\/a><br \/>\n<a href='https:\/\/biblioteka-gabin.pl\/wp-content\/uploads\/archive\/galleries\/658\/4768828679957328891040777227653341564984764n-119b046d4f.jpg'><img style='max-height:300px;' src='https:\/\/biblioteka-gabin.pl\/wp-content\/uploads\/archive\/galleries\/658\/4768828679957328891040777227653341564984764n-119b046d4f.jpg'><\/a><br \/>\n<a href='https:\/\/biblioteka-gabin.pl\/wp-content\/uploads\/archive\/galleries\/658\/48044959616161068123556105535408520467827659n-3979bfcc96.jpg'><img style='max-height:300px;' src='https:\/\/biblioteka-gabin.pl\/wp-content\/uploads\/archive\/galleries\/658\/48044959616161068123556105535408520467827659n-3979bfcc96.jpg'><\/a><br \/>\n<a href='https:\/\/biblioteka-gabin.pl\/wp-content\/uploads\/archive\/galleries\/658\/48087111010496814938447227419534604092737856n-99531a128a.jpg'><img style='max-height:300px;' src='https:\/\/biblioteka-gabin.pl\/wp-content\/uploads\/archive\/galleries\/658\/48087111010496814938447227419534604092737856n-99531a128a.jpg'><\/a><br \/>\n<a href='https:\/\/biblioteka-gabin.pl\/wp-content\/uploads\/archive\/galleries\/658\/48032559411493858929926224668888690820966513n-a5fded9825.jpg'><img style='max-height:300px;' src='https:\/\/biblioteka-gabin.pl\/wp-content\/uploads\/archive\/galleries\/658\/48032559411493858929926224668888690820966513n-a5fded9825.jpg'><\/a><\/p>\n","protected":false},"excerpt":{"rendered":"<p>,,Inspiruj\u0105ce bajki\u201d Agnieszki Antosiewicz-historia o Ruru lataj\u0105cym pingwinie oraz ksi\u0105\u017cka<\/p>\n","protected":false},"author":1,"featured_media":0,"comment_status":"open","ping_status":"open","sticky":false,"template":"","format":"standard","meta":{"footnotes":""},"categories":[36],"tags":[],"class_list":["post-8435","post","type-post","status-publish","format-standard","hentry","category-main"],"yoast_head":"<!-- This site is optimized with the Yoast SEO plugin v27.4 - https:\/\/yoast.com\/product\/yoast-seo-wordpress\/ -->\n<title>,,Spotkanie z bajk\u0105\u201d, gr. Biedronki i Smerfy (20.02.2025 r.) - Miejsko-Gminna Biblioteka Publiczna w G\u0105binie<\/title>\n<meta name=\"robots\" content=\"index, follow, max-snippet:-1, max-image-preview:large, max-video-preview:-1\" \/>\n<link rel=\"canonical\" href=\"http:\/\/biblioteka-gabin.pl\/index.php\/2025\/02\/20\/spotkanie-z-bajka-gr-biedronki-i-smerfy-20-02-2025-r\/\" \/>\n<meta property=\"og:locale\" content=\"pl_PL\" \/>\n<meta property=\"og:type\" content=\"article\" \/>\n<meta property=\"og:title\" content=\",,Spotkanie z bajk\u0105\u201d, gr. Biedronki i Smerfy (20.02.2025 r.) - Miejsko-Gminna Biblioteka Publiczna w G\u0105binie\" \/>\n<meta property=\"og:description\" content=\",,Inspiruj\u0105ce bajki\u201d Agnieszki Antosiewicz-historia o Ruru lataj\u0105cym pingwinie oraz ksi\u0105\u017cka\" \/>\n<meta property=\"og:url\" content=\"http:\/\/biblioteka-gabin.pl\/index.php\/2025\/02\/20\/spotkanie-z-bajka-gr-biedronki-i-smerfy-20-02-2025-r\/\" \/>\n<meta property=\"og:site_name\" content=\"Miejsko-Gminna Biblioteka Publiczna w G\u0105binie\" \/>\n<meta property=\"article:publisher\" content=\"https:\/\/www.facebook.com\/bibliotekagabin\" \/>\n<meta property=\"article:published_time\" content=\"2025-02-20T00:00:00+00:00\" \/>\n<meta property=\"og:image\" content=\"https:\/\/biblioteka-gabin.pl\/wp-content\/uploads\/archive\/pliki\/obraz\/2025\/luty\/481229256_664760009555189_1309826148895111181_n.jpg\" \/>\n<meta name=\"author\" content=\"admin\" \/>\n<meta name=\"twitter:card\" content=\"summary_large_image\" \/>\n<meta name=\"twitter:label1\" content=\"Napisane przez\" \/>\n\t<meta name=\"twitter:data1\" content=\"admin\" \/>\n\t<meta name=\"twitter:label2\" content=\"Szacowany czas czytania\" \/>\n\t<meta name=\"twitter:data2\" content=\"2 minuty\" \/>\n<script type=\"application\/ld+json\" class=\"yoast-schema-graph\">{\"@context\":\"https:\\\/\\\/schema.org\",\"@graph\":[{\"@type\":\"Article\",\"@id\":\"http:\\\/\\\/biblioteka-gabin.pl\\\/index.php\\\/2025\\\/02\\\/20\\\/spotkanie-z-bajka-gr-biedronki-i-smerfy-20-02-2025-r\\\/#article\",\"isPartOf\":{\"@id\":\"http:\\\/\\\/biblioteka-gabin.pl\\\/index.php\\\/2025\\\/02\\\/20\\\/spotkanie-z-bajka-gr-biedronki-i-smerfy-20-02-2025-r\\\/\"},\"author\":{\"name\":\"admin\",\"@id\":\"https:\\\/\\\/biblioteka-gabin.pl\\\/#\\\/schema\\\/person\\\/2067b97c24663d987ef6ef95bed7c99a\"},\"headline\":\",,Spotkanie z bajk\u0105\u201d, gr. Biedronki i Smerfy (20.02.2025 r.)\",\"datePublished\":\"2025-02-20T00:00:00+00:00\",\"mainEntityOfPage\":{\"@id\":\"http:\\\/\\\/biblioteka-gabin.pl\\\/index.php\\\/2025\\\/02\\\/20\\\/spotkanie-z-bajka-gr-biedronki-i-smerfy-20-02-2025-r\\\/\"},\"wordCount\":315,\"commentCount\":0,\"publisher\":{\"@id\":\"https:\\\/\\\/biblioteka-gabin.pl\\\/#organization\"},\"image\":{\"@id\":\"http:\\\/\\\/biblioteka-gabin.pl\\\/index.php\\\/2025\\\/02\\\/20\\\/spotkanie-z-bajka-gr-biedronki-i-smerfy-20-02-2025-r\\\/#primaryimage\"},\"thumbnailUrl\":\"https:\\\/\\\/biblioteka-gabin.pl\\\/wp-content\\\/uploads\\\/archive\\\/pliki\\\/obraz\\\/2025\\\/luty\\\/481229256_664760009555189_1309826148895111181_n.jpg\",\"articleSection\":[\"Main\"],\"inLanguage\":\"pl-PL\",\"potentialAction\":[{\"@type\":\"CommentAction\",\"name\":\"Comment\",\"target\":[\"http:\\\/\\\/biblioteka-gabin.pl\\\/index.php\\\/2025\\\/02\\\/20\\\/spotkanie-z-bajka-gr-biedronki-i-smerfy-20-02-2025-r\\\/#respond\"]}]},{\"@type\":\"WebPage\",\"@id\":\"http:\\\/\\\/biblioteka-gabin.pl\\\/index.php\\\/2025\\\/02\\\/20\\\/spotkanie-z-bajka-gr-biedronki-i-smerfy-20-02-2025-r\\\/\",\"url\":\"http:\\\/\\\/biblioteka-gabin.pl\\\/index.php\\\/2025\\\/02\\\/20\\\/spotkanie-z-bajka-gr-biedronki-i-smerfy-20-02-2025-r\\\/\",\"name\":\",,Spotkanie z bajk\u0105\u201d, gr. Biedronki i Smerfy (20.02.2025 r.) - Miejsko-Gminna Biblioteka Publiczna w G\u0105binie\",\"isPartOf\":{\"@id\":\"https:\\\/\\\/biblioteka-gabin.pl\\\/#website\"},\"primaryImageOfPage\":{\"@id\":\"http:\\\/\\\/biblioteka-gabin.pl\\\/index.php\\\/2025\\\/02\\\/20\\\/spotkanie-z-bajka-gr-biedronki-i-smerfy-20-02-2025-r\\\/#primaryimage\"},\"image\":{\"@id\":\"http:\\\/\\\/biblioteka-gabin.pl\\\/index.php\\\/2025\\\/02\\\/20\\\/spotkanie-z-bajka-gr-biedronki-i-smerfy-20-02-2025-r\\\/#primaryimage\"},\"thumbnailUrl\":\"https:\\\/\\\/biblioteka-gabin.pl\\\/wp-content\\\/uploads\\\/archive\\\/pliki\\\/obraz\\\/2025\\\/luty\\\/481229256_664760009555189_1309826148895111181_n.jpg\",\"datePublished\":\"2025-02-20T00:00:00+00:00\",\"breadcrumb\":{\"@id\":\"http:\\\/\\\/biblioteka-gabin.pl\\\/index.php\\\/2025\\\/02\\\/20\\\/spotkanie-z-bajka-gr-biedronki-i-smerfy-20-02-2025-r\\\/#breadcrumb\"},\"inLanguage\":\"pl-PL\",\"potentialAction\":[{\"@type\":\"ReadAction\",\"target\":[\"http:\\\/\\\/biblioteka-gabin.pl\\\/index.php\\\/2025\\\/02\\\/20\\\/spotkanie-z-bajka-gr-biedronki-i-smerfy-20-02-2025-r\\\/\"]}]},{\"@type\":\"ImageObject\",\"inLanguage\":\"pl-PL\",\"@id\":\"http:\\\/\\\/biblioteka-gabin.pl\\\/index.php\\\/2025\\\/02\\\/20\\\/spotkanie-z-bajka-gr-biedronki-i-smerfy-20-02-2025-r\\\/#primaryimage\",\"url\":\"https:\\\/\\\/biblioteka-gabin.pl\\\/wp-content\\\/uploads\\\/archive\\\/pliki\\\/obraz\\\/2025\\\/luty\\\/481229256_664760009555189_1309826148895111181_n.jpg\",\"contentUrl\":\"https:\\\/\\\/biblioteka-gabin.pl\\\/wp-content\\\/uploads\\\/archive\\\/pliki\\\/obraz\\\/2025\\\/luty\\\/481229256_664760009555189_1309826148895111181_n.jpg\"},{\"@type\":\"BreadcrumbList\",\"@id\":\"http:\\\/\\\/biblioteka-gabin.pl\\\/index.php\\\/2025\\\/02\\\/20\\\/spotkanie-z-bajka-gr-biedronki-i-smerfy-20-02-2025-r\\\/#breadcrumb\",\"itemListElement\":[{\"@type\":\"ListItem\",\"position\":1,\"name\":\"Strona g\u0142\u00f3wna\",\"item\":\"https:\\\/\\\/biblioteka-gabin.pl\\\/\"},{\"@type\":\"ListItem\",\"position\":2,\"name\":\",,Spotkanie z bajk\u0105\u201d, gr. Biedronki i Smerfy (20.02.2025 r.)\"}]},{\"@type\":\"WebSite\",\"@id\":\"https:\\\/\\\/biblioteka-gabin.pl\\\/#website\",\"url\":\"https:\\\/\\\/biblioteka-gabin.pl\\\/\",\"name\":\"Miejsko-Gminna Biblioteka Publiczna w G\u0105binie\",\"description\":\"\",\"publisher\":{\"@id\":\"https:\\\/\\\/biblioteka-gabin.pl\\\/#organization\"},\"potentialAction\":[{\"@type\":\"SearchAction\",\"target\":{\"@type\":\"EntryPoint\",\"urlTemplate\":\"https:\\\/\\\/biblioteka-gabin.pl\\\/?s={search_term_string}\"},\"query-input\":{\"@type\":\"PropertyValueSpecification\",\"valueRequired\":true,\"valueName\":\"search_term_string\"}}],\"inLanguage\":\"pl-PL\"},{\"@type\":\"Organization\",\"@id\":\"https:\\\/\\\/biblioteka-gabin.pl\\\/#organization\",\"name\":\"Miejsko-Gminna Biblioteka Publiczna w G\u0105binie\",\"url\":\"https:\\\/\\\/biblioteka-gabin.pl\\\/\",\"logo\":{\"@type\":\"ImageObject\",\"inLanguage\":\"pl-PL\",\"@id\":\"https:\\\/\\\/biblioteka-gabin.pl\\\/#\\\/schema\\\/logo\\\/image\\\/\",\"url\":\"https:\\\/\\\/biblioteka-gabin.pl\\\/wp-content\\\/uploads\\\/2025\\\/03\\\/logo-biblioteka-2-1657013691-1.jpg\",\"contentUrl\":\"https:\\\/\\\/biblioteka-gabin.pl\\\/wp-content\\\/uploads\\\/2025\\\/03\\\/logo-biblioteka-2-1657013691-1.jpg\",\"width\":1600,\"height\":772,\"caption\":\"Miejsko-Gminna Biblioteka Publiczna w G\u0105binie\"},\"image\":{\"@id\":\"https:\\\/\\\/biblioteka-gabin.pl\\\/#\\\/schema\\\/logo\\\/image\\\/\"},\"sameAs\":[\"https:\\\/\\\/www.facebook.com\\\/bibliotekagabin\",\"https:\\\/\\\/www.youtube.com\\\/@mgbpgabin9392\"]},{\"@type\":\"Person\",\"@id\":\"https:\\\/\\\/biblioteka-gabin.pl\\\/#\\\/schema\\\/person\\\/2067b97c24663d987ef6ef95bed7c99a\",\"name\":\"admin\",\"image\":{\"@type\":\"ImageObject\",\"inLanguage\":\"pl-PL\",\"@id\":\"https:\\\/\\\/secure.gravatar.com\\\/avatar\\\/e1843904e97b4e376a0fc90ae10372cd31bce9b207a7a3d2ca68fc7ca7e4174c?s=96&d=mm&r=g\",\"url\":\"https:\\\/\\\/secure.gravatar.com\\\/avatar\\\/e1843904e97b4e376a0fc90ae10372cd31bce9b207a7a3d2ca68fc7ca7e4174c?s=96&d=mm&r=g\",\"contentUrl\":\"https:\\\/\\\/secure.gravatar.com\\\/avatar\\\/e1843904e97b4e376a0fc90ae10372cd31bce9b207a7a3d2ca68fc7ca7e4174c?s=96&d=mm&r=g\",\"caption\":\"admin\"},\"sameAs\":[\"http:\\\/\\\/strona.biblioteka-gabin.pl\"],\"url\":\"http:\\\/\\\/biblioteka-gabin.pl\\\/index.php\\\/author\\\/admin\\\/\"}]}<\/script>\n<!-- \/ Yoast SEO plugin. -->","yoast_head_json":{"title":",,Spotkanie z bajk\u0105\u201d, gr. Biedronki i Smerfy (20.02.2025 r.) - Miejsko-Gminna Biblioteka Publiczna w G\u0105binie","robots":{"index":"index","follow":"follow","max-snippet":"max-snippet:-1","max-image-preview":"max-image-preview:large","max-video-preview":"max-video-preview:-1"},"canonical":"http:\/\/biblioteka-gabin.pl\/index.php\/2025\/02\/20\/spotkanie-z-bajka-gr-biedronki-i-smerfy-20-02-2025-r\/","og_locale":"pl_PL","og_type":"article","og_title":",,Spotkanie z bajk\u0105\u201d, gr. Biedronki i Smerfy (20.02.2025 r.) - Miejsko-Gminna Biblioteka Publiczna w G\u0105binie","og_description":",,Inspiruj\u0105ce bajki\u201d Agnieszki Antosiewicz-historia o Ruru lataj\u0105cym pingwinie oraz ksi\u0105\u017cka","og_url":"http:\/\/biblioteka-gabin.pl\/index.php\/2025\/02\/20\/spotkanie-z-bajka-gr-biedronki-i-smerfy-20-02-2025-r\/","og_site_name":"Miejsko-Gminna Biblioteka Publiczna w G\u0105binie","article_publisher":"https:\/\/www.facebook.com\/bibliotekagabin","article_published_time":"2025-02-20T00:00:00+00:00","og_image":[{"url":"https:\/\/biblioteka-gabin.pl\/wp-content\/uploads\/archive\/pliki\/obraz\/2025\/luty\/481229256_664760009555189_1309826148895111181_n.jpg","type":"","width":"","height":""}],"author":"admin","twitter_card":"summary_large_image","twitter_misc":{"Napisane przez":"admin","Szacowany czas czytania":"2 minuty"},"schema":{"@context":"https:\/\/schema.org","@graph":[{"@type":"Article","@id":"http:\/\/biblioteka-gabin.pl\/index.php\/2025\/02\/20\/spotkanie-z-bajka-gr-biedronki-i-smerfy-20-02-2025-r\/#article","isPartOf":{"@id":"http:\/\/biblioteka-gabin.pl\/index.php\/2025\/02\/20\/spotkanie-z-bajka-gr-biedronki-i-smerfy-20-02-2025-r\/"},"author":{"name":"admin","@id":"https:\/\/biblioteka-gabin.pl\/#\/schema\/person\/2067b97c24663d987ef6ef95bed7c99a"},"headline":",,Spotkanie z bajk\u0105\u201d, gr. Biedronki i Smerfy (20.02.2025 r.)","datePublished":"2025-02-20T00:00:00+00:00","mainEntityOfPage":{"@id":"http:\/\/biblioteka-gabin.pl\/index.php\/2025\/02\/20\/spotkanie-z-bajka-gr-biedronki-i-smerfy-20-02-2025-r\/"},"wordCount":315,"commentCount":0,"publisher":{"@id":"https:\/\/biblioteka-gabin.pl\/#organization"},"image":{"@id":"http:\/\/biblioteka-gabin.pl\/index.php\/2025\/02\/20\/spotkanie-z-bajka-gr-biedronki-i-smerfy-20-02-2025-r\/#primaryimage"},"thumbnailUrl":"https:\/\/biblioteka-gabin.pl\/wp-content\/uploads\/archive\/pliki\/obraz\/2025\/luty\/481229256_664760009555189_1309826148895111181_n.jpg","articleSection":["Main"],"inLanguage":"pl-PL","potentialAction":[{"@type":"CommentAction","name":"Comment","target":["http:\/\/biblioteka-gabin.pl\/index.php\/2025\/02\/20\/spotkanie-z-bajka-gr-biedronki-i-smerfy-20-02-2025-r\/#respond"]}]},{"@type":"WebPage","@id":"http:\/\/biblioteka-gabin.pl\/index.php\/2025\/02\/20\/spotkanie-z-bajka-gr-biedronki-i-smerfy-20-02-2025-r\/","url":"http:\/\/biblioteka-gabin.pl\/index.php\/2025\/02\/20\/spotkanie-z-bajka-gr-biedronki-i-smerfy-20-02-2025-r\/","name":",,Spotkanie z bajk\u0105\u201d, gr. Biedronki i Smerfy (20.02.2025 r.) - Miejsko-Gminna Biblioteka Publiczna w G\u0105binie","isPartOf":{"@id":"https:\/\/biblioteka-gabin.pl\/#website"},"primaryImageOfPage":{"@id":"http:\/\/biblioteka-gabin.pl\/index.php\/2025\/02\/20\/spotkanie-z-bajka-gr-biedronki-i-smerfy-20-02-2025-r\/#primaryimage"},"image":{"@id":"http:\/\/biblioteka-gabin.pl\/index.php\/2025\/02\/20\/spotkanie-z-bajka-gr-biedronki-i-smerfy-20-02-2025-r\/#primaryimage"},"thumbnailUrl":"https:\/\/biblioteka-gabin.pl\/wp-content\/uploads\/archive\/pliki\/obraz\/2025\/luty\/481229256_664760009555189_1309826148895111181_n.jpg","datePublished":"2025-02-20T00:00:00+00:00","breadcrumb":{"@id":"http:\/\/biblioteka-gabin.pl\/index.php\/2025\/02\/20\/spotkanie-z-bajka-gr-biedronki-i-smerfy-20-02-2025-r\/#breadcrumb"},"inLanguage":"pl-PL","potentialAction":[{"@type":"ReadAction","target":["http:\/\/biblioteka-gabin.pl\/index.php\/2025\/02\/20\/spotkanie-z-bajka-gr-biedronki-i-smerfy-20-02-2025-r\/"]}]},{"@type":"ImageObject","inLanguage":"pl-PL","@id":"http:\/\/biblioteka-gabin.pl\/index.php\/2025\/02\/20\/spotkanie-z-bajka-gr-biedronki-i-smerfy-20-02-2025-r\/#primaryimage","url":"https:\/\/biblioteka-gabin.pl\/wp-content\/uploads\/archive\/pliki\/obraz\/2025\/luty\/481229256_664760009555189_1309826148895111181_n.jpg","contentUrl":"https:\/\/biblioteka-gabin.pl\/wp-content\/uploads\/archive\/pliki\/obraz\/2025\/luty\/481229256_664760009555189_1309826148895111181_n.jpg"},{"@type":"BreadcrumbList","@id":"http:\/\/biblioteka-gabin.pl\/index.php\/2025\/02\/20\/spotkanie-z-bajka-gr-biedronki-i-smerfy-20-02-2025-r\/#breadcrumb","itemListElement":[{"@type":"ListItem","position":1,"name":"Strona g\u0142\u00f3wna","item":"https:\/\/biblioteka-gabin.pl\/"},{"@type":"ListItem","position":2,"name":",,Spotkanie z bajk\u0105\u201d, gr. Biedronki i Smerfy (20.02.2025 r.)"}]},{"@type":"WebSite","@id":"https:\/\/biblioteka-gabin.pl\/#website","url":"https:\/\/biblioteka-gabin.pl\/","name":"Miejsko-Gminna Biblioteka Publiczna w G\u0105binie","description":"","publisher":{"@id":"https:\/\/biblioteka-gabin.pl\/#organization"},"potentialAction":[{"@type":"SearchAction","target":{"@type":"EntryPoint","urlTemplate":"https:\/\/biblioteka-gabin.pl\/?s={search_term_string}"},"query-input":{"@type":"PropertyValueSpecification","valueRequired":true,"valueName":"search_term_string"}}],"inLanguage":"pl-PL"},{"@type":"Organization","@id":"https:\/\/biblioteka-gabin.pl\/#organization","name":"Miejsko-Gminna Biblioteka Publiczna w G\u0105binie","url":"https:\/\/biblioteka-gabin.pl\/","logo":{"@type":"ImageObject","inLanguage":"pl-PL","@id":"https:\/\/biblioteka-gabin.pl\/#\/schema\/logo\/image\/","url":"https:\/\/biblioteka-gabin.pl\/wp-content\/uploads\/2025\/03\/logo-biblioteka-2-1657013691-1.jpg","contentUrl":"https:\/\/biblioteka-gabin.pl\/wp-content\/uploads\/2025\/03\/logo-biblioteka-2-1657013691-1.jpg","width":1600,"height":772,"caption":"Miejsko-Gminna Biblioteka Publiczna w G\u0105binie"},"image":{"@id":"https:\/\/biblioteka-gabin.pl\/#\/schema\/logo\/image\/"},"sameAs":["https:\/\/www.facebook.com\/bibliotekagabin","https:\/\/www.youtube.com\/@mgbpgabin9392"]},{"@type":"Person","@id":"https:\/\/biblioteka-gabin.pl\/#\/schema\/person\/2067b97c24663d987ef6ef95bed7c99a","name":"admin","image":{"@type":"ImageObject","inLanguage":"pl-PL","@id":"https:\/\/secure.gravatar.com\/avatar\/e1843904e97b4e376a0fc90ae10372cd31bce9b207a7a3d2ca68fc7ca7e4174c?s=96&d=mm&r=g","url":"https:\/\/secure.gravatar.com\/avatar\/e1843904e97b4e376a0fc90ae10372cd31bce9b207a7a3d2ca68fc7ca7e4174c?s=96&d=mm&r=g","contentUrl":"https:\/\/secure.gravatar.com\/avatar\/e1843904e97b4e376a0fc90ae10372cd31bce9b207a7a3d2ca68fc7ca7e4174c?s=96&d=mm&r=g","caption":"admin"},"sameAs":["http:\/\/strona.biblioteka-gabin.pl"],"url":"http:\/\/biblioteka-gabin.pl\/index.php\/author\/admin\/"}]}},"_links":{"self":[{"href":"http:\/\/biblioteka-gabin.pl\/index.php\/wp-json\/wp\/v2\/posts\/8435","targetHints":{"allow":["GET"]}}],"collection":[{"href":"http:\/\/biblioteka-gabin.pl\/index.php\/wp-json\/wp\/v2\/posts"}],"about":[{"href":"http:\/\/biblioteka-gabin.pl\/index.php\/wp-json\/wp\/v2\/types\/post"}],"author":[{"embeddable":true,"href":"http:\/\/biblioteka-gabin.pl\/index.php\/wp-json\/wp\/v2\/users\/1"}],"replies":[{"embeddable":true,"href":"http:\/\/biblioteka-gabin.pl\/index.php\/wp-json\/wp\/v2\/comments?post=8435"}],"version-history":[{"count":0,"href":"http:\/\/biblioteka-gabin.pl\/index.php\/wp-json\/wp\/v2\/posts\/8435\/revisions"}],"wp:attachment":[{"href":"http:\/\/biblioteka-gabin.pl\/index.php\/wp-json\/wp\/v2\/media?parent=8435"}],"wp:term":[{"taxonomy":"category","embeddable":true,"href":"http:\/\/biblioteka-gabin.pl\/index.php\/wp-json\/wp\/v2\/categories?post=8435"},{"taxonomy":"post_tag","embeddable":true,"href":"http:\/\/biblioteka-gabin.pl\/index.php\/wp-json\/wp\/v2\/tags?post=8435"}],"curies":[{"name":"wp","href":"https:\/\/api.w.org\/{rel}","templated":true}]}}