{"id":8437,"date":"2025-02-19T00:00:00","date_gmt":"2025-02-19T00:00:00","guid":{"rendered":"https:\/\/biblioteka-gabin.pl\/index.php\/2025\/02\/19\/spotkanie-z-bajka-grupa-jagodki-z-oddzialu-przedszkolnego-przy-szkole-podstawowej-im-m-konopnickiej-w-gabinie-19-02-2025\/"},"modified":"2025-02-19T00:00:00","modified_gmt":"2025-02-19T00:00:00","slug":"spotkanie-z-bajka-grupa-jagodki-z-oddzialu-przedszkolnego-przy-szkole-podstawowej-im-m-konopnickiej-w-gabinie-19-02-2025","status":"publish","type":"post","link":"http:\/\/biblioteka-gabin.pl\/index.php\/2025\/02\/19\/spotkanie-z-bajka-grupa-jagodki-z-oddzialu-przedszkolnego-przy-szkole-podstawowej-im-m-konopnickiej-w-gabinie-19-02-2025\/","title":{"rendered":"&#8222;Spotkanie z bajk\u0105&#8221;- grupa &#8222;Jag\u00f3dki&#8221; z Oddzia\u0142u Przedszkolnego przy Szkole Podstawowej im. M. Konopnickiej w G\u0105binie (19.02.2025)"},"content":{"rendered":"<p>Czy warto pomaga\u0107 innym? Ten temat om\u00f3wiony zosta\u0142 dzi\u015b na spotkaniu z grup\u0105 \u201eJag\u00f3dek\u201d w Oddziale Przedszkolnym przy Szkole Podstawowej im. M. Konopnickiej w G\u0105binie.<br \/>\n\u00a0\u00a0 Pomaganie jest bardzo warto\u015bciowe, zar\u00f3wno dla dzieci jak i dla ich rozwoju. Poprzez to uczymy si\u0119 jak wsp\u00f3\u0142pracowa\u0107 i rozwi\u0105zywa\u0107 problemy. Tego rodzaju zachowania wp\u0142ywaj\u0105 na rozw\u00f3j empatii i odpowiedzialno\u015bci. Do wprowadzenia idealnie pos\u0142u\u017cy\u0142a mi ksi\u0105\u017cka T. Percivala pt. \u201eSzcz\u0119\u015bliwy p\u0142aszcz kozio\u0142ka\u201d. Znakomicie przedstawiona opowie\u015b\u0107 mia\u0142a na celu pokaza\u0107 dzieciom, \u017ce czasem trzeba po\u015bwi\u0119ci\u0107 swoj\u0105 wygod\u0119 i swoje dobro na rzecz os\u00f3b, kt\u00f3re w danym momencie tego potrzebuj\u0105 bardziej. G\u0142\u00f3wny bohater po\u015bwi\u0119ci\u0142 sw\u00f3j p\u0142aszcz, aby pom\u00f3c przyjacio\u0142om w potrzebie. A na koniec, gdy sam zosta\u0142 bez okrycia i zmarz\u0142- dobro do niego wr\u00f3ci\u0142o. Przyjaciele nie zapomnieli o nimi uszyli mu p\u0142aszcz z fragment\u00f3w materia\u0142u jakie mieli. Historia ta pokazuje nam, aby\u015bmy byli otwarci na pomoc innym.<br \/>\n\u00a0\u00a0 Dodatkowo przeczyta\u0142am dzieciom bajk\u0119 K. Hudson pt. \u201ePanna \u015apieszka czeka na Pana Leniwca\u201d. Zabawna przygoda dziewczynki szybkiej niczym wiatr i powolnego leniwca, wprawi\u0142a s\u0142uchaczy w dobry humor. Dzieci pozna\u0142y si\u0142\u0119 przyja\u017ani tych dwojga przyjaci\u00f3\u0142-pomimo r\u00f3\u017cnic znakomicie si\u0119 dogadywali.<br \/>\n\u00a0\u00a0\u00a0 Na zako\u0144czenie naszego pierwszego spotkania z cyklu \u201eSpotkanie z bajk\u0105\u201d bawi\u0142am si\u0119 z dzie\u0107mi w zgadywanki, dotycz\u0105ce tytu\u0142\u00f3w i bohater\u00f3w ksi\u0105\u017cek. ,,Brzydkie kacz\u0105tko\u201d, \u201eKopciuszek\u201d czy \u201eCzerwony Kapturek\u201d to tylko niekt\u00f3re has\u0142a, z kt\u00f3rym dzieci poradzi\u0142y sobie znakomicie.<br \/>\n\u00a0\u00a0\u00a0 Dzi\u0119kuj\u0119 wszystkim za urocze spotkanie. Ciesz\u0119 si\u0119, \u017ce kolejna grupa dzieci do\u0142\u0105czy\u0142a do naszego cyklu \u201eSpotka\u0144 z bajk\u0105\u201d. Niebawem ponownie si\u0119 zobaczymy, postaram si\u0119 ponownie przywie\u017a\u0107 ze sob\u0105 takie ksi\u0105\u017cki, kt\u00f3re zach\u0119c\u0105 do si\u0119gania po nie znacznie cz\u0119\u015bciej.<br \/>\n\u00a0\u00a0\u00a0\u00a0\u00a0\u00a0\u00a0\u00a0\u00a0\u00a0\u00a0\u00a0\u00a0\u00a0\u00a0\u00a0\u00a0\u00a0\u00a0\u00a0\u00a0\u00a0\u00a0\u00a0\u00a0\u00a0\u00a0\u00a0\u00a0\u00a0\u00a0\u00a0\u00a0\u00a0\u00a0\u00a0\u00a0\u00a0\u00a0\u00a0\u00a0\u00a0\u00a0\u00a0\u00a0\u00a0\u00a0\u00a0\u00a0\u00a0\u00a0\u00a0 Opr. Joanna Olejniczak<br \/>\n<img src='https:\/\/biblioteka-gabin.pl\/wp-content\/uploads\/archive\/pliki\/obraz\/2025\/luty\/474933626_1189860545984136_184959103726573_n.jpg'><br \/>\n<a href='https:\/\/biblioteka-gabin.pl\/wp-content\/uploads\/archive\/galleries\/657\/4749336261189860545984136184959103726573n-8ec7c4aec2.jpg'><img style='max-height:300px;' src='https:\/\/biblioteka-gabin.pl\/wp-content\/uploads\/archive\/galleries\/657\/4749336261189860545984136184959103726573n-8ec7c4aec2.jpg'><\/a><br \/>\n<a href='https:\/\/biblioteka-gabin.pl\/wp-content\/uploads\/archive\/galleries\/657\/4774961666124972983187461988339399605968995n-b48f678dbf.jpg'><img style='max-height:300px;' src='https:\/\/biblioteka-gabin.pl\/wp-content\/uploads\/archive\/galleries\/657\/4774961666124972983187461988339399605968995n-b48f678dbf.jpg'><\/a><br \/>\n<a href='https:\/\/biblioteka-gabin.pl\/wp-content\/uploads\/archive\/galleries\/657\/4749540911847833442630776903867377508906387n-9e80af27b0.jpg'><img style='max-height:300px;' src='https:\/\/biblioteka-gabin.pl\/wp-content\/uploads\/archive\/galleries\/657\/4749540911847833442630776903867377508906387n-9e80af27b0.jpg'><\/a><br \/>\n<a href='https:\/\/biblioteka-gabin.pl\/wp-content\/uploads\/archive\/galleries\/657\/4770138026282831096035184848705303882466545n-e69fdb5401.jpg'><img style='max-height:300px;' src='https:\/\/biblioteka-gabin.pl\/wp-content\/uploads\/archive\/galleries\/657\/4770138026282831096035184848705303882466545n-e69fdb5401.jpg'><\/a><br \/>\n<a href='https:\/\/biblioteka-gabin.pl\/wp-content\/uploads\/archive\/galleries\/657\/47689590313438191634114708815004111953962334n-160413c1eb.jpg'><img style='max-height:300px;' src='https:\/\/biblioteka-gabin.pl\/wp-content\/uploads\/archive\/galleries\/657\/47689590313438191634114708815004111953962334n-160413c1eb.jpg'><\/a><\/p>\n","protected":false},"excerpt":{"rendered":"<p>Czy warto pomaga\u0107 innym? Ten temat om\u00f3wiony zosta\u0142 dzi\u015b na<\/p>\n","protected":false},"author":1,"featured_media":0,"comment_status":"open","ping_status":"open","sticky":false,"template":"","format":"standard","meta":{"footnotes":""},"categories":[36],"tags":[],"class_list":["post-8437","post","type-post","status-publish","format-standard","hentry","category-main"],"yoast_head":"<!-- This site is optimized with the Yoast SEO plugin v27.4 - https:\/\/yoast.com\/product\/yoast-seo-wordpress\/ -->\n<title>&quot;Spotkanie z bajk\u0105&quot;- grupa &quot;Jag\u00f3dki&quot; z Oddzia\u0142u Przedszkolnego przy Szkole Podstawowej im. M. Konopnickiej w G\u0105binie (19.02.2025) - Miejsko-Gminna Biblioteka Publiczna w G\u0105binie<\/title>\n<meta name=\"robots\" content=\"index, follow, max-snippet:-1, max-image-preview:large, max-video-preview:-1\" \/>\n<link rel=\"canonical\" href=\"http:\/\/biblioteka-gabin.pl\/index.php\/2025\/02\/19\/spotkanie-z-bajka-grupa-jagodki-z-oddzialu-przedszkolnego-przy-szkole-podstawowej-im-m-konopnickiej-w-gabinie-19-02-2025\/\" \/>\n<meta property=\"og:locale\" content=\"pl_PL\" \/>\n<meta property=\"og:type\" content=\"article\" \/>\n<meta property=\"og:title\" content=\"&quot;Spotkanie z bajk\u0105&quot;- grupa &quot;Jag\u00f3dki&quot; z Oddzia\u0142u Przedszkolnego przy Szkole Podstawowej im. M. Konopnickiej w G\u0105binie (19.02.2025) - Miejsko-Gminna Biblioteka Publiczna w G\u0105binie\" \/>\n<meta property=\"og:description\" content=\"Czy warto pomaga\u0107 innym? Ten temat om\u00f3wiony zosta\u0142 dzi\u015b na\" \/>\n<meta property=\"og:url\" content=\"http:\/\/biblioteka-gabin.pl\/index.php\/2025\/02\/19\/spotkanie-z-bajka-grupa-jagodki-z-oddzialu-przedszkolnego-przy-szkole-podstawowej-im-m-konopnickiej-w-gabinie-19-02-2025\/\" \/>\n<meta property=\"og:site_name\" content=\"Miejsko-Gminna Biblioteka Publiczna w G\u0105binie\" \/>\n<meta property=\"article:publisher\" content=\"https:\/\/www.facebook.com\/bibliotekagabin\" \/>\n<meta property=\"article:published_time\" content=\"2025-02-19T00:00:00+00:00\" \/>\n<meta property=\"og:image\" content=\"https:\/\/biblioteka-gabin.pl\/wp-content\/uploads\/archive\/pliki\/obraz\/2025\/luty\/474933626_1189860545984136_184959103726573_n.jpg\" \/>\n<meta name=\"author\" content=\"admin\" \/>\n<meta name=\"twitter:card\" content=\"summary_large_image\" \/>\n<meta name=\"twitter:label1\" content=\"Napisane przez\" \/>\n\t<meta name=\"twitter:data1\" content=\"admin\" \/>\n\t<meta name=\"twitter:label2\" content=\"Szacowany czas czytania\" \/>\n\t<meta name=\"twitter:data2\" content=\"2 minuty\" \/>\n<script type=\"application\/ld+json\" class=\"yoast-schema-graph\">{\"@context\":\"https:\\\/\\\/schema.org\",\"@graph\":[{\"@type\":\"Article\",\"@id\":\"http:\\\/\\\/biblioteka-gabin.pl\\\/index.php\\\/2025\\\/02\\\/19\\\/spotkanie-z-bajka-grupa-jagodki-z-oddzialu-przedszkolnego-przy-szkole-podstawowej-im-m-konopnickiej-w-gabinie-19-02-2025\\\/#article\",\"isPartOf\":{\"@id\":\"http:\\\/\\\/biblioteka-gabin.pl\\\/index.php\\\/2025\\\/02\\\/19\\\/spotkanie-z-bajka-grupa-jagodki-z-oddzialu-przedszkolnego-przy-szkole-podstawowej-im-m-konopnickiej-w-gabinie-19-02-2025\\\/\"},\"author\":{\"name\":\"admin\",\"@id\":\"https:\\\/\\\/biblioteka-gabin.pl\\\/#\\\/schema\\\/person\\\/2067b97c24663d987ef6ef95bed7c99a\"},\"headline\":\"&#8222;Spotkanie z bajk\u0105&#8221;- grupa &#8222;Jag\u00f3dki&#8221; z Oddzia\u0142u Przedszkolnego przy Szkole Podstawowej im. M. Konopnickiej w G\u0105binie (19.02.2025)\",\"datePublished\":\"2025-02-19T00:00:00+00:00\",\"mainEntityOfPage\":{\"@id\":\"http:\\\/\\\/biblioteka-gabin.pl\\\/index.php\\\/2025\\\/02\\\/19\\\/spotkanie-z-bajka-grupa-jagodki-z-oddzialu-przedszkolnego-przy-szkole-podstawowej-im-m-konopnickiej-w-gabinie-19-02-2025\\\/\"},\"wordCount\":340,\"commentCount\":0,\"publisher\":{\"@id\":\"https:\\\/\\\/biblioteka-gabin.pl\\\/#organization\"},\"image\":{\"@id\":\"http:\\\/\\\/biblioteka-gabin.pl\\\/index.php\\\/2025\\\/02\\\/19\\\/spotkanie-z-bajka-grupa-jagodki-z-oddzialu-przedszkolnego-przy-szkole-podstawowej-im-m-konopnickiej-w-gabinie-19-02-2025\\\/#primaryimage\"},\"thumbnailUrl\":\"https:\\\/\\\/biblioteka-gabin.pl\\\/wp-content\\\/uploads\\\/archive\\\/pliki\\\/obraz\\\/2025\\\/luty\\\/474933626_1189860545984136_184959103726573_n.jpg\",\"articleSection\":[\"Main\"],\"inLanguage\":\"pl-PL\",\"potentialAction\":[{\"@type\":\"CommentAction\",\"name\":\"Comment\",\"target\":[\"http:\\\/\\\/biblioteka-gabin.pl\\\/index.php\\\/2025\\\/02\\\/19\\\/spotkanie-z-bajka-grupa-jagodki-z-oddzialu-przedszkolnego-przy-szkole-podstawowej-im-m-konopnickiej-w-gabinie-19-02-2025\\\/#respond\"]}]},{\"@type\":\"WebPage\",\"@id\":\"http:\\\/\\\/biblioteka-gabin.pl\\\/index.php\\\/2025\\\/02\\\/19\\\/spotkanie-z-bajka-grupa-jagodki-z-oddzialu-przedszkolnego-przy-szkole-podstawowej-im-m-konopnickiej-w-gabinie-19-02-2025\\\/\",\"url\":\"http:\\\/\\\/biblioteka-gabin.pl\\\/index.php\\\/2025\\\/02\\\/19\\\/spotkanie-z-bajka-grupa-jagodki-z-oddzialu-przedszkolnego-przy-szkole-podstawowej-im-m-konopnickiej-w-gabinie-19-02-2025\\\/\",\"name\":\"\\\"Spotkanie z bajk\u0105\\\"- grupa \\\"Jag\u00f3dki\\\" z Oddzia\u0142u Przedszkolnego przy Szkole Podstawowej im. M. Konopnickiej w G\u0105binie (19.02.2025) - Miejsko-Gminna Biblioteka Publiczna w G\u0105binie\",\"isPartOf\":{\"@id\":\"https:\\\/\\\/biblioteka-gabin.pl\\\/#website\"},\"primaryImageOfPage\":{\"@id\":\"http:\\\/\\\/biblioteka-gabin.pl\\\/index.php\\\/2025\\\/02\\\/19\\\/spotkanie-z-bajka-grupa-jagodki-z-oddzialu-przedszkolnego-przy-szkole-podstawowej-im-m-konopnickiej-w-gabinie-19-02-2025\\\/#primaryimage\"},\"image\":{\"@id\":\"http:\\\/\\\/biblioteka-gabin.pl\\\/index.php\\\/2025\\\/02\\\/19\\\/spotkanie-z-bajka-grupa-jagodki-z-oddzialu-przedszkolnego-przy-szkole-podstawowej-im-m-konopnickiej-w-gabinie-19-02-2025\\\/#primaryimage\"},\"thumbnailUrl\":\"https:\\\/\\\/biblioteka-gabin.pl\\\/wp-content\\\/uploads\\\/archive\\\/pliki\\\/obraz\\\/2025\\\/luty\\\/474933626_1189860545984136_184959103726573_n.jpg\",\"datePublished\":\"2025-02-19T00:00:00+00:00\",\"breadcrumb\":{\"@id\":\"http:\\\/\\\/biblioteka-gabin.pl\\\/index.php\\\/2025\\\/02\\\/19\\\/spotkanie-z-bajka-grupa-jagodki-z-oddzialu-przedszkolnego-przy-szkole-podstawowej-im-m-konopnickiej-w-gabinie-19-02-2025\\\/#breadcrumb\"},\"inLanguage\":\"pl-PL\",\"potentialAction\":[{\"@type\":\"ReadAction\",\"target\":[\"http:\\\/\\\/biblioteka-gabin.pl\\\/index.php\\\/2025\\\/02\\\/19\\\/spotkanie-z-bajka-grupa-jagodki-z-oddzialu-przedszkolnego-przy-szkole-podstawowej-im-m-konopnickiej-w-gabinie-19-02-2025\\\/\"]}]},{\"@type\":\"ImageObject\",\"inLanguage\":\"pl-PL\",\"@id\":\"http:\\\/\\\/biblioteka-gabin.pl\\\/index.php\\\/2025\\\/02\\\/19\\\/spotkanie-z-bajka-grupa-jagodki-z-oddzialu-przedszkolnego-przy-szkole-podstawowej-im-m-konopnickiej-w-gabinie-19-02-2025\\\/#primaryimage\",\"url\":\"https:\\\/\\\/biblioteka-gabin.pl\\\/wp-content\\\/uploads\\\/archive\\\/pliki\\\/obraz\\\/2025\\\/luty\\\/474933626_1189860545984136_184959103726573_n.jpg\",\"contentUrl\":\"https:\\\/\\\/biblioteka-gabin.pl\\\/wp-content\\\/uploads\\\/archive\\\/pliki\\\/obraz\\\/2025\\\/luty\\\/474933626_1189860545984136_184959103726573_n.jpg\"},{\"@type\":\"BreadcrumbList\",\"@id\":\"http:\\\/\\\/biblioteka-gabin.pl\\\/index.php\\\/2025\\\/02\\\/19\\\/spotkanie-z-bajka-grupa-jagodki-z-oddzialu-przedszkolnego-przy-szkole-podstawowej-im-m-konopnickiej-w-gabinie-19-02-2025\\\/#breadcrumb\",\"itemListElement\":[{\"@type\":\"ListItem\",\"position\":1,\"name\":\"Strona g\u0142\u00f3wna\",\"item\":\"https:\\\/\\\/biblioteka-gabin.pl\\\/\"},{\"@type\":\"ListItem\",\"position\":2,\"name\":\"&#8222;Spotkanie z bajk\u0105&#8221;- grupa &#8222;Jag\u00f3dki&#8221; z Oddzia\u0142u Przedszkolnego przy Szkole Podstawowej im. M. Konopnickiej w G\u0105binie (19.02.2025)\"}]},{\"@type\":\"WebSite\",\"@id\":\"https:\\\/\\\/biblioteka-gabin.pl\\\/#website\",\"url\":\"https:\\\/\\\/biblioteka-gabin.pl\\\/\",\"name\":\"Miejsko-Gminna Biblioteka Publiczna w G\u0105binie\",\"description\":\"\",\"publisher\":{\"@id\":\"https:\\\/\\\/biblioteka-gabin.pl\\\/#organization\"},\"potentialAction\":[{\"@type\":\"SearchAction\",\"target\":{\"@type\":\"EntryPoint\",\"urlTemplate\":\"https:\\\/\\\/biblioteka-gabin.pl\\\/?s={search_term_string}\"},\"query-input\":{\"@type\":\"PropertyValueSpecification\",\"valueRequired\":true,\"valueName\":\"search_term_string\"}}],\"inLanguage\":\"pl-PL\"},{\"@type\":\"Organization\",\"@id\":\"https:\\\/\\\/biblioteka-gabin.pl\\\/#organization\",\"name\":\"Miejsko-Gminna Biblioteka Publiczna w G\u0105binie\",\"url\":\"https:\\\/\\\/biblioteka-gabin.pl\\\/\",\"logo\":{\"@type\":\"ImageObject\",\"inLanguage\":\"pl-PL\",\"@id\":\"https:\\\/\\\/biblioteka-gabin.pl\\\/#\\\/schema\\\/logo\\\/image\\\/\",\"url\":\"https:\\\/\\\/biblioteka-gabin.pl\\\/wp-content\\\/uploads\\\/2025\\\/03\\\/logo-biblioteka-2-1657013691-1.jpg\",\"contentUrl\":\"https:\\\/\\\/biblioteka-gabin.pl\\\/wp-content\\\/uploads\\\/2025\\\/03\\\/logo-biblioteka-2-1657013691-1.jpg\",\"width\":1600,\"height\":772,\"caption\":\"Miejsko-Gminna Biblioteka Publiczna w G\u0105binie\"},\"image\":{\"@id\":\"https:\\\/\\\/biblioteka-gabin.pl\\\/#\\\/schema\\\/logo\\\/image\\\/\"},\"sameAs\":[\"https:\\\/\\\/www.facebook.com\\\/bibliotekagabin\",\"https:\\\/\\\/www.youtube.com\\\/@mgbpgabin9392\"]},{\"@type\":\"Person\",\"@id\":\"https:\\\/\\\/biblioteka-gabin.pl\\\/#\\\/schema\\\/person\\\/2067b97c24663d987ef6ef95bed7c99a\",\"name\":\"admin\",\"image\":{\"@type\":\"ImageObject\",\"inLanguage\":\"pl-PL\",\"@id\":\"https:\\\/\\\/secure.gravatar.com\\\/avatar\\\/e1843904e97b4e376a0fc90ae10372cd31bce9b207a7a3d2ca68fc7ca7e4174c?s=96&d=mm&r=g\",\"url\":\"https:\\\/\\\/secure.gravatar.com\\\/avatar\\\/e1843904e97b4e376a0fc90ae10372cd31bce9b207a7a3d2ca68fc7ca7e4174c?s=96&d=mm&r=g\",\"contentUrl\":\"https:\\\/\\\/secure.gravatar.com\\\/avatar\\\/e1843904e97b4e376a0fc90ae10372cd31bce9b207a7a3d2ca68fc7ca7e4174c?s=96&d=mm&r=g\",\"caption\":\"admin\"},\"sameAs\":[\"http:\\\/\\\/strona.biblioteka-gabin.pl\"],\"url\":\"http:\\\/\\\/biblioteka-gabin.pl\\\/index.php\\\/author\\\/admin\\\/\"}]}<\/script>\n<!-- \/ Yoast SEO plugin. -->","yoast_head_json":{"title":"\"Spotkanie z bajk\u0105\"- grupa \"Jag\u00f3dki\" z Oddzia\u0142u Przedszkolnego przy Szkole Podstawowej im. M. Konopnickiej w G\u0105binie (19.02.2025) - Miejsko-Gminna Biblioteka Publiczna w G\u0105binie","robots":{"index":"index","follow":"follow","max-snippet":"max-snippet:-1","max-image-preview":"max-image-preview:large","max-video-preview":"max-video-preview:-1"},"canonical":"http:\/\/biblioteka-gabin.pl\/index.php\/2025\/02\/19\/spotkanie-z-bajka-grupa-jagodki-z-oddzialu-przedszkolnego-przy-szkole-podstawowej-im-m-konopnickiej-w-gabinie-19-02-2025\/","og_locale":"pl_PL","og_type":"article","og_title":"\"Spotkanie z bajk\u0105\"- grupa \"Jag\u00f3dki\" z Oddzia\u0142u Przedszkolnego przy Szkole Podstawowej im. M. Konopnickiej w G\u0105binie (19.02.2025) - Miejsko-Gminna Biblioteka Publiczna w G\u0105binie","og_description":"Czy warto pomaga\u0107 innym? Ten temat om\u00f3wiony zosta\u0142 dzi\u015b na","og_url":"http:\/\/biblioteka-gabin.pl\/index.php\/2025\/02\/19\/spotkanie-z-bajka-grupa-jagodki-z-oddzialu-przedszkolnego-przy-szkole-podstawowej-im-m-konopnickiej-w-gabinie-19-02-2025\/","og_site_name":"Miejsko-Gminna Biblioteka Publiczna w G\u0105binie","article_publisher":"https:\/\/www.facebook.com\/bibliotekagabin","article_published_time":"2025-02-19T00:00:00+00:00","og_image":[{"url":"https:\/\/biblioteka-gabin.pl\/wp-content\/uploads\/archive\/pliki\/obraz\/2025\/luty\/474933626_1189860545984136_184959103726573_n.jpg","type":"","width":"","height":""}],"author":"admin","twitter_card":"summary_large_image","twitter_misc":{"Napisane przez":"admin","Szacowany czas czytania":"2 minuty"},"schema":{"@context":"https:\/\/schema.org","@graph":[{"@type":"Article","@id":"http:\/\/biblioteka-gabin.pl\/index.php\/2025\/02\/19\/spotkanie-z-bajka-grupa-jagodki-z-oddzialu-przedszkolnego-przy-szkole-podstawowej-im-m-konopnickiej-w-gabinie-19-02-2025\/#article","isPartOf":{"@id":"http:\/\/biblioteka-gabin.pl\/index.php\/2025\/02\/19\/spotkanie-z-bajka-grupa-jagodki-z-oddzialu-przedszkolnego-przy-szkole-podstawowej-im-m-konopnickiej-w-gabinie-19-02-2025\/"},"author":{"name":"admin","@id":"https:\/\/biblioteka-gabin.pl\/#\/schema\/person\/2067b97c24663d987ef6ef95bed7c99a"},"headline":"&#8222;Spotkanie z bajk\u0105&#8221;- grupa &#8222;Jag\u00f3dki&#8221; z Oddzia\u0142u Przedszkolnego przy Szkole Podstawowej im. M. Konopnickiej w G\u0105binie (19.02.2025)","datePublished":"2025-02-19T00:00:00+00:00","mainEntityOfPage":{"@id":"http:\/\/biblioteka-gabin.pl\/index.php\/2025\/02\/19\/spotkanie-z-bajka-grupa-jagodki-z-oddzialu-przedszkolnego-przy-szkole-podstawowej-im-m-konopnickiej-w-gabinie-19-02-2025\/"},"wordCount":340,"commentCount":0,"publisher":{"@id":"https:\/\/biblioteka-gabin.pl\/#organization"},"image":{"@id":"http:\/\/biblioteka-gabin.pl\/index.php\/2025\/02\/19\/spotkanie-z-bajka-grupa-jagodki-z-oddzialu-przedszkolnego-przy-szkole-podstawowej-im-m-konopnickiej-w-gabinie-19-02-2025\/#primaryimage"},"thumbnailUrl":"https:\/\/biblioteka-gabin.pl\/wp-content\/uploads\/archive\/pliki\/obraz\/2025\/luty\/474933626_1189860545984136_184959103726573_n.jpg","articleSection":["Main"],"inLanguage":"pl-PL","potentialAction":[{"@type":"CommentAction","name":"Comment","target":["http:\/\/biblioteka-gabin.pl\/index.php\/2025\/02\/19\/spotkanie-z-bajka-grupa-jagodki-z-oddzialu-przedszkolnego-przy-szkole-podstawowej-im-m-konopnickiej-w-gabinie-19-02-2025\/#respond"]}]},{"@type":"WebPage","@id":"http:\/\/biblioteka-gabin.pl\/index.php\/2025\/02\/19\/spotkanie-z-bajka-grupa-jagodki-z-oddzialu-przedszkolnego-przy-szkole-podstawowej-im-m-konopnickiej-w-gabinie-19-02-2025\/","url":"http:\/\/biblioteka-gabin.pl\/index.php\/2025\/02\/19\/spotkanie-z-bajka-grupa-jagodki-z-oddzialu-przedszkolnego-przy-szkole-podstawowej-im-m-konopnickiej-w-gabinie-19-02-2025\/","name":"\"Spotkanie z bajk\u0105\"- grupa \"Jag\u00f3dki\" z Oddzia\u0142u Przedszkolnego przy Szkole Podstawowej im. M. Konopnickiej w G\u0105binie (19.02.2025) - Miejsko-Gminna Biblioteka Publiczna w G\u0105binie","isPartOf":{"@id":"https:\/\/biblioteka-gabin.pl\/#website"},"primaryImageOfPage":{"@id":"http:\/\/biblioteka-gabin.pl\/index.php\/2025\/02\/19\/spotkanie-z-bajka-grupa-jagodki-z-oddzialu-przedszkolnego-przy-szkole-podstawowej-im-m-konopnickiej-w-gabinie-19-02-2025\/#primaryimage"},"image":{"@id":"http:\/\/biblioteka-gabin.pl\/index.php\/2025\/02\/19\/spotkanie-z-bajka-grupa-jagodki-z-oddzialu-przedszkolnego-przy-szkole-podstawowej-im-m-konopnickiej-w-gabinie-19-02-2025\/#primaryimage"},"thumbnailUrl":"https:\/\/biblioteka-gabin.pl\/wp-content\/uploads\/archive\/pliki\/obraz\/2025\/luty\/474933626_1189860545984136_184959103726573_n.jpg","datePublished":"2025-02-19T00:00:00+00:00","breadcrumb":{"@id":"http:\/\/biblioteka-gabin.pl\/index.php\/2025\/02\/19\/spotkanie-z-bajka-grupa-jagodki-z-oddzialu-przedszkolnego-przy-szkole-podstawowej-im-m-konopnickiej-w-gabinie-19-02-2025\/#breadcrumb"},"inLanguage":"pl-PL","potentialAction":[{"@type":"ReadAction","target":["http:\/\/biblioteka-gabin.pl\/index.php\/2025\/02\/19\/spotkanie-z-bajka-grupa-jagodki-z-oddzialu-przedszkolnego-przy-szkole-podstawowej-im-m-konopnickiej-w-gabinie-19-02-2025\/"]}]},{"@type":"ImageObject","inLanguage":"pl-PL","@id":"http:\/\/biblioteka-gabin.pl\/index.php\/2025\/02\/19\/spotkanie-z-bajka-grupa-jagodki-z-oddzialu-przedszkolnego-przy-szkole-podstawowej-im-m-konopnickiej-w-gabinie-19-02-2025\/#primaryimage","url":"https:\/\/biblioteka-gabin.pl\/wp-content\/uploads\/archive\/pliki\/obraz\/2025\/luty\/474933626_1189860545984136_184959103726573_n.jpg","contentUrl":"https:\/\/biblioteka-gabin.pl\/wp-content\/uploads\/archive\/pliki\/obraz\/2025\/luty\/474933626_1189860545984136_184959103726573_n.jpg"},{"@type":"BreadcrumbList","@id":"http:\/\/biblioteka-gabin.pl\/index.php\/2025\/02\/19\/spotkanie-z-bajka-grupa-jagodki-z-oddzialu-przedszkolnego-przy-szkole-podstawowej-im-m-konopnickiej-w-gabinie-19-02-2025\/#breadcrumb","itemListElement":[{"@type":"ListItem","position":1,"name":"Strona g\u0142\u00f3wna","item":"https:\/\/biblioteka-gabin.pl\/"},{"@type":"ListItem","position":2,"name":"&#8222;Spotkanie z bajk\u0105&#8221;- grupa &#8222;Jag\u00f3dki&#8221; z Oddzia\u0142u Przedszkolnego przy Szkole Podstawowej im. M. Konopnickiej w G\u0105binie (19.02.2025)"}]},{"@type":"WebSite","@id":"https:\/\/biblioteka-gabin.pl\/#website","url":"https:\/\/biblioteka-gabin.pl\/","name":"Miejsko-Gminna Biblioteka Publiczna w G\u0105binie","description":"","publisher":{"@id":"https:\/\/biblioteka-gabin.pl\/#organization"},"potentialAction":[{"@type":"SearchAction","target":{"@type":"EntryPoint","urlTemplate":"https:\/\/biblioteka-gabin.pl\/?s={search_term_string}"},"query-input":{"@type":"PropertyValueSpecification","valueRequired":true,"valueName":"search_term_string"}}],"inLanguage":"pl-PL"},{"@type":"Organization","@id":"https:\/\/biblioteka-gabin.pl\/#organization","name":"Miejsko-Gminna Biblioteka Publiczna w G\u0105binie","url":"https:\/\/biblioteka-gabin.pl\/","logo":{"@type":"ImageObject","inLanguage":"pl-PL","@id":"https:\/\/biblioteka-gabin.pl\/#\/schema\/logo\/image\/","url":"https:\/\/biblioteka-gabin.pl\/wp-content\/uploads\/2025\/03\/logo-biblioteka-2-1657013691-1.jpg","contentUrl":"https:\/\/biblioteka-gabin.pl\/wp-content\/uploads\/2025\/03\/logo-biblioteka-2-1657013691-1.jpg","width":1600,"height":772,"caption":"Miejsko-Gminna Biblioteka Publiczna w G\u0105binie"},"image":{"@id":"https:\/\/biblioteka-gabin.pl\/#\/schema\/logo\/image\/"},"sameAs":["https:\/\/www.facebook.com\/bibliotekagabin","https:\/\/www.youtube.com\/@mgbpgabin9392"]},{"@type":"Person","@id":"https:\/\/biblioteka-gabin.pl\/#\/schema\/person\/2067b97c24663d987ef6ef95bed7c99a","name":"admin","image":{"@type":"ImageObject","inLanguage":"pl-PL","@id":"https:\/\/secure.gravatar.com\/avatar\/e1843904e97b4e376a0fc90ae10372cd31bce9b207a7a3d2ca68fc7ca7e4174c?s=96&d=mm&r=g","url":"https:\/\/secure.gravatar.com\/avatar\/e1843904e97b4e376a0fc90ae10372cd31bce9b207a7a3d2ca68fc7ca7e4174c?s=96&d=mm&r=g","contentUrl":"https:\/\/secure.gravatar.com\/avatar\/e1843904e97b4e376a0fc90ae10372cd31bce9b207a7a3d2ca68fc7ca7e4174c?s=96&d=mm&r=g","caption":"admin"},"sameAs":["http:\/\/strona.biblioteka-gabin.pl"],"url":"http:\/\/biblioteka-gabin.pl\/index.php\/author\/admin\/"}]}},"_links":{"self":[{"href":"http:\/\/biblioteka-gabin.pl\/index.php\/wp-json\/wp\/v2\/posts\/8437","targetHints":{"allow":["GET"]}}],"collection":[{"href":"http:\/\/biblioteka-gabin.pl\/index.php\/wp-json\/wp\/v2\/posts"}],"about":[{"href":"http:\/\/biblioteka-gabin.pl\/index.php\/wp-json\/wp\/v2\/types\/post"}],"author":[{"embeddable":true,"href":"http:\/\/biblioteka-gabin.pl\/index.php\/wp-json\/wp\/v2\/users\/1"}],"replies":[{"embeddable":true,"href":"http:\/\/biblioteka-gabin.pl\/index.php\/wp-json\/wp\/v2\/comments?post=8437"}],"version-history":[{"count":0,"href":"http:\/\/biblioteka-gabin.pl\/index.php\/wp-json\/wp\/v2\/posts\/8437\/revisions"}],"wp:attachment":[{"href":"http:\/\/biblioteka-gabin.pl\/index.php\/wp-json\/wp\/v2\/media?parent=8437"}],"wp:term":[{"taxonomy":"category","embeddable":true,"href":"http:\/\/biblioteka-gabin.pl\/index.php\/wp-json\/wp\/v2\/categories?post=8437"},{"taxonomy":"post_tag","embeddable":true,"href":"http:\/\/biblioteka-gabin.pl\/index.php\/wp-json\/wp\/v2\/tags?post=8437"}],"curies":[{"name":"wp","href":"https:\/\/api.w.org\/{rel}","templated":true}]}}