{"id":8440,"date":"2025-01-30T00:00:00","date_gmt":"2025-01-30T00:00:00","guid":{"rendered":"https:\/\/biblioteka-gabin.pl\/index.php\/2025\/01\/30\/spotkanie-z-bajka-i-pogadanka-w-przedszkolu-samorzadowym-w-dobrzykowie-30-01-2025-r\/"},"modified":"2025-01-30T00:00:00","modified_gmt":"2025-01-30T00:00:00","slug":"spotkanie-z-bajka-i-pogadanka-w-przedszkolu-samorzadowym-w-dobrzykowie-30-01-2025-r","status":"publish","type":"post","link":"http:\/\/biblioteka-gabin.pl\/index.php\/2025\/01\/30\/spotkanie-z-bajka-i-pogadanka-w-przedszkolu-samorzadowym-w-dobrzykowie-30-01-2025-r\/","title":{"rendered":"Spotkanie z bajk\u0105 i Pogadanka w Przedszkolu Samorz\u0105dowym w Dobrzykowie (30.01.2025 r. )"},"content":{"rendered":"<p>,,Co szumi\u0105 drzewa?\u201d brzmia\u0142 tytu\u0142 opowiadania z ksi\u0105\u017cki pt. ,,Bajki na g\u00f3rskich szlakach\u201d, kt\u00f3re us\u0142ysza\u0142y ,,Jag\u00f3dki\u201d. W trakcie zaj\u0119\u0107 opowiada\u0142y o przyrodzie, spacerach w lesie i opiece nad chorymi zwierz\u0119tami odwiedzaj\u0105cymi ich domy i ogr\u00f3dki.<br \/>\n\u00a0\u00a0\u00a0\u00a0\u00a0\u00a0\u00a0\u00a0 W czwartek 30 stycznia w Przedszkolu Samorz\u0105dowym w Dobrzykowie dzieci z dw\u00f3ch starszych grup pozna\u0142y tajemnice g\u00f3r, \u017cycie pszcz\u00f3\u0142 i dowiedzia\u0142y si\u0119 jak rozwija\u0107 cnot\u0119 wdzi\u0119czno\u015bci.<br \/>\n\u00a0\u00a0\u00a0\u00a0\u00a0\u00a0 ,,Kiedy\u015b do miejsca, gdzie mieszkam przylecia\u0142 ptak, kt\u00f3ry uderzy\u0142 g\u0142ow\u0105 w szyb\u0119 a nast\u0119pnie upad\u0142 na p\u0142ytki tarasu. Ca\u0142\u0105 rodzin\u0105, wsp\u00f3lnie pr\u00f3bowali\u015bmy mu pom\u00f3c, podaj\u0105c do picia wod\u0119 i ziarna do jedzenia. Zwierz\u0119 przez d\u0142u\u017csz\u0105 chwil\u0119 nie reagowa\u0142o\u201d. \u2013 m\u00f3wi\u0142a jedna z uczestniczek spotkania &#8211; ,,Na szcz\u0119\u015bcie wszystko dobrze si\u0119 sko\u0144czy\u0142o i maluch po kilku godzinach odlecia\u0142 zdrowy. ,,Mo\u017ce do swojej rodziny\u201d \u2013 doda\u0142a po chwili zastanowienia &#8211; \u201e\u2026W dalsz\u0105 drog\u0119!\u201d<br \/>\n\u00a0\u00a0\u00a0\u00a0\u00a0\u00a0\u00a0\u00a0\u00a0\u00a0\u00a0 ,,Do mnie kiedy\u015b przylecia\u0142 kruk!\u201d \u2013 powiedzia\u0142 ch\u0142opiec. ,,A ja widzia\u0142am dzi\u0119cio\u0142a!\u201d \u2013doda\u0142 kto\u015b inny. S\u0142yszeli\u015bmy g\u0119si! \u2013 podkre\u015bla\u0142y dzieci, kt\u00f3re zareagowa\u0142y na s\u0142owa o budz\u0105cej si\u0119 do \u017cycia wio\u015bnie. Bibliotekarka powiedzia\u0142a, \u017ce za oknem wida\u0107 ju\u017c pierwsze oznaki tej pory roku.<br \/>\n\u00a0\u00a0\u00a0\u00a0\u00a0\u00a0\u00a0\u00a0\u00a0\u00a0\u00a0\u00a0 Dodatkowo podczas spotkania dzieci dowiedzia\u0142y si\u0119, \u017ce trzeba dba\u0107 o przyrod\u0119 i wa\u017cna jest, by w dobry i bezpieczny spos\u00f3b pomaga\u0107 chorym zwierz\u0119tom, Dobrze je\u015bli w takiej sytuacji poprosimy o wsparcie kogo\u015b doros\u0142ego, mam\u0119 lub tat\u0119, kt\u00f3rzy podpowiedz\u0105 nam co nale\u017cy robi\u0107. \u2013 doda\u0142a bibliotekarka.<br \/>\nOpr. Karolina K\u0119dzia<br \/>\n<img src='https:\/\/biblioteka-gabin.pl\/wp-content\/uploads\/archive\/pliki\/obraz\/2025\/stycze\/474840581_983357100364000_38397086495269984_n_1.jpg'><br \/>\n<a href='https:\/\/biblioteka-gabin.pl\/wp-content\/uploads\/archive\/galleries\/646\/47549015013307493146116373029975919971516690n-aa92c112af.jpg'><img style='max-height:300px;' src='https:\/\/biblioteka-gabin.pl\/wp-content\/uploads\/archive\/galleries\/646\/47549015013307493146116373029975919971516690n-aa92c112af.jpg'><\/a><br \/>\n<a href='https:\/\/biblioteka-gabin.pl\/wp-content\/uploads\/archive\/galleries\/646\/47432734813748173136771475301736228584384666n-20127d4fe2.jpg'><img style='max-height:300px;' src='https:\/\/biblioteka-gabin.pl\/wp-content\/uploads\/archive\/galleries\/646\/47432734813748173136771475301736228584384666n-20127d4fe2.jpg'><\/a><br \/>\n<a href='https:\/\/biblioteka-gabin.pl\/wp-content\/uploads\/archive\/galleries\/646\/4754055916042540889776413163020449392195338n-ec1dbc3a91.jpg'><img style='max-height:300px;' src='https:\/\/biblioteka-gabin.pl\/wp-content\/uploads\/archive\/galleries\/646\/4754055916042540889776413163020449392195338n-ec1dbc3a91.jpg'><\/a><\/p>\n","protected":false},"excerpt":{"rendered":"<p>,,Co szumi\u0105 drzewa?\u201d brzmia\u0142 tytu\u0142 opowiadania z ksi\u0105\u017cki pt. ,,Bajki<\/p>\n","protected":false},"author":1,"featured_media":0,"comment_status":"open","ping_status":"open","sticky":false,"template":"","format":"standard","meta":{"footnotes":""},"categories":[36],"tags":[],"class_list":["post-8440","post","type-post","status-publish","format-standard","hentry","category-main"],"yoast_head":"<!-- This site is optimized with the Yoast SEO plugin v27.4 - https:\/\/yoast.com\/product\/yoast-seo-wordpress\/ -->\n<title>Spotkanie z bajk\u0105 i Pogadanka w Przedszkolu Samorz\u0105dowym w Dobrzykowie (30.01.2025 r. ) - Miejsko-Gminna Biblioteka Publiczna w G\u0105binie<\/title>\n<meta name=\"robots\" content=\"index, follow, max-snippet:-1, max-image-preview:large, max-video-preview:-1\" \/>\n<link rel=\"canonical\" href=\"http:\/\/biblioteka-gabin.pl\/index.php\/2025\/01\/30\/spotkanie-z-bajka-i-pogadanka-w-przedszkolu-samorzadowym-w-dobrzykowie-30-01-2025-r\/\" \/>\n<meta property=\"og:locale\" content=\"pl_PL\" \/>\n<meta property=\"og:type\" content=\"article\" \/>\n<meta property=\"og:title\" content=\"Spotkanie z bajk\u0105 i Pogadanka w Przedszkolu Samorz\u0105dowym w Dobrzykowie (30.01.2025 r. ) - Miejsko-Gminna Biblioteka Publiczna w G\u0105binie\" \/>\n<meta property=\"og:description\" content=\",,Co szumi\u0105 drzewa?\u201d brzmia\u0142 tytu\u0142 opowiadania z ksi\u0105\u017cki pt. ,,Bajki\" \/>\n<meta property=\"og:url\" content=\"http:\/\/biblioteka-gabin.pl\/index.php\/2025\/01\/30\/spotkanie-z-bajka-i-pogadanka-w-przedszkolu-samorzadowym-w-dobrzykowie-30-01-2025-r\/\" \/>\n<meta property=\"og:site_name\" content=\"Miejsko-Gminna Biblioteka Publiczna w G\u0105binie\" \/>\n<meta property=\"article:publisher\" content=\"https:\/\/www.facebook.com\/bibliotekagabin\" \/>\n<meta property=\"article:published_time\" content=\"2025-01-30T00:00:00+00:00\" \/>\n<meta property=\"og:image\" content=\"https:\/\/biblioteka-gabin.pl\/wp-content\/uploads\/archive\/pliki\/obraz\/2025\/stycze\/474840581_983357100364000_38397086495269984_n_1.jpg\" \/>\n<meta name=\"author\" content=\"admin\" \/>\n<meta name=\"twitter:card\" content=\"summary_large_image\" \/>\n<meta name=\"twitter:label1\" content=\"Napisane przez\" \/>\n\t<meta name=\"twitter:data1\" content=\"admin\" \/>\n\t<meta name=\"twitter:label2\" content=\"Szacowany czas czytania\" \/>\n\t<meta name=\"twitter:data2\" content=\"1 minuta\" \/>\n<script type=\"application\/ld+json\" class=\"yoast-schema-graph\">{\"@context\":\"https:\\\/\\\/schema.org\",\"@graph\":[{\"@type\":\"Article\",\"@id\":\"http:\\\/\\\/biblioteka-gabin.pl\\\/index.php\\\/2025\\\/01\\\/30\\\/spotkanie-z-bajka-i-pogadanka-w-przedszkolu-samorzadowym-w-dobrzykowie-30-01-2025-r\\\/#article\",\"isPartOf\":{\"@id\":\"http:\\\/\\\/biblioteka-gabin.pl\\\/index.php\\\/2025\\\/01\\\/30\\\/spotkanie-z-bajka-i-pogadanka-w-przedszkolu-samorzadowym-w-dobrzykowie-30-01-2025-r\\\/\"},\"author\":{\"name\":\"admin\",\"@id\":\"https:\\\/\\\/biblioteka-gabin.pl\\\/#\\\/schema\\\/person\\\/2067b97c24663d987ef6ef95bed7c99a\"},\"headline\":\"Spotkanie z bajk\u0105 i Pogadanka w Przedszkolu Samorz\u0105dowym w Dobrzykowie (30.01.2025 r. )\",\"datePublished\":\"2025-01-30T00:00:00+00:00\",\"mainEntityOfPage\":{\"@id\":\"http:\\\/\\\/biblioteka-gabin.pl\\\/index.php\\\/2025\\\/01\\\/30\\\/spotkanie-z-bajka-i-pogadanka-w-przedszkolu-samorzadowym-w-dobrzykowie-30-01-2025-r\\\/\"},\"wordCount\":289,\"commentCount\":0,\"publisher\":{\"@id\":\"https:\\\/\\\/biblioteka-gabin.pl\\\/#organization\"},\"image\":{\"@id\":\"http:\\\/\\\/biblioteka-gabin.pl\\\/index.php\\\/2025\\\/01\\\/30\\\/spotkanie-z-bajka-i-pogadanka-w-przedszkolu-samorzadowym-w-dobrzykowie-30-01-2025-r\\\/#primaryimage\"},\"thumbnailUrl\":\"https:\\\/\\\/biblioteka-gabin.pl\\\/wp-content\\\/uploads\\\/archive\\\/pliki\\\/obraz\\\/2025\\\/stycze\\\/474840581_983357100364000_38397086495269984_n_1.jpg\",\"articleSection\":[\"Main\"],\"inLanguage\":\"pl-PL\",\"potentialAction\":[{\"@type\":\"CommentAction\",\"name\":\"Comment\",\"target\":[\"http:\\\/\\\/biblioteka-gabin.pl\\\/index.php\\\/2025\\\/01\\\/30\\\/spotkanie-z-bajka-i-pogadanka-w-przedszkolu-samorzadowym-w-dobrzykowie-30-01-2025-r\\\/#respond\"]}]},{\"@type\":\"WebPage\",\"@id\":\"http:\\\/\\\/biblioteka-gabin.pl\\\/index.php\\\/2025\\\/01\\\/30\\\/spotkanie-z-bajka-i-pogadanka-w-przedszkolu-samorzadowym-w-dobrzykowie-30-01-2025-r\\\/\",\"url\":\"http:\\\/\\\/biblioteka-gabin.pl\\\/index.php\\\/2025\\\/01\\\/30\\\/spotkanie-z-bajka-i-pogadanka-w-przedszkolu-samorzadowym-w-dobrzykowie-30-01-2025-r\\\/\",\"name\":\"Spotkanie z bajk\u0105 i Pogadanka w Przedszkolu Samorz\u0105dowym w Dobrzykowie (30.01.2025 r. ) - Miejsko-Gminna Biblioteka Publiczna w G\u0105binie\",\"isPartOf\":{\"@id\":\"https:\\\/\\\/biblioteka-gabin.pl\\\/#website\"},\"primaryImageOfPage\":{\"@id\":\"http:\\\/\\\/biblioteka-gabin.pl\\\/index.php\\\/2025\\\/01\\\/30\\\/spotkanie-z-bajka-i-pogadanka-w-przedszkolu-samorzadowym-w-dobrzykowie-30-01-2025-r\\\/#primaryimage\"},\"image\":{\"@id\":\"http:\\\/\\\/biblioteka-gabin.pl\\\/index.php\\\/2025\\\/01\\\/30\\\/spotkanie-z-bajka-i-pogadanka-w-przedszkolu-samorzadowym-w-dobrzykowie-30-01-2025-r\\\/#primaryimage\"},\"thumbnailUrl\":\"https:\\\/\\\/biblioteka-gabin.pl\\\/wp-content\\\/uploads\\\/archive\\\/pliki\\\/obraz\\\/2025\\\/stycze\\\/474840581_983357100364000_38397086495269984_n_1.jpg\",\"datePublished\":\"2025-01-30T00:00:00+00:00\",\"breadcrumb\":{\"@id\":\"http:\\\/\\\/biblioteka-gabin.pl\\\/index.php\\\/2025\\\/01\\\/30\\\/spotkanie-z-bajka-i-pogadanka-w-przedszkolu-samorzadowym-w-dobrzykowie-30-01-2025-r\\\/#breadcrumb\"},\"inLanguage\":\"pl-PL\",\"potentialAction\":[{\"@type\":\"ReadAction\",\"target\":[\"http:\\\/\\\/biblioteka-gabin.pl\\\/index.php\\\/2025\\\/01\\\/30\\\/spotkanie-z-bajka-i-pogadanka-w-przedszkolu-samorzadowym-w-dobrzykowie-30-01-2025-r\\\/\"]}]},{\"@type\":\"ImageObject\",\"inLanguage\":\"pl-PL\",\"@id\":\"http:\\\/\\\/biblioteka-gabin.pl\\\/index.php\\\/2025\\\/01\\\/30\\\/spotkanie-z-bajka-i-pogadanka-w-przedszkolu-samorzadowym-w-dobrzykowie-30-01-2025-r\\\/#primaryimage\",\"url\":\"https:\\\/\\\/biblioteka-gabin.pl\\\/wp-content\\\/uploads\\\/archive\\\/pliki\\\/obraz\\\/2025\\\/stycze\\\/474840581_983357100364000_38397086495269984_n_1.jpg\",\"contentUrl\":\"https:\\\/\\\/biblioteka-gabin.pl\\\/wp-content\\\/uploads\\\/archive\\\/pliki\\\/obraz\\\/2025\\\/stycze\\\/474840581_983357100364000_38397086495269984_n_1.jpg\"},{\"@type\":\"BreadcrumbList\",\"@id\":\"http:\\\/\\\/biblioteka-gabin.pl\\\/index.php\\\/2025\\\/01\\\/30\\\/spotkanie-z-bajka-i-pogadanka-w-przedszkolu-samorzadowym-w-dobrzykowie-30-01-2025-r\\\/#breadcrumb\",\"itemListElement\":[{\"@type\":\"ListItem\",\"position\":1,\"name\":\"Strona g\u0142\u00f3wna\",\"item\":\"https:\\\/\\\/biblioteka-gabin.pl\\\/\"},{\"@type\":\"ListItem\",\"position\":2,\"name\":\"Spotkanie z bajk\u0105 i Pogadanka w Przedszkolu Samorz\u0105dowym w Dobrzykowie (30.01.2025 r. )\"}]},{\"@type\":\"WebSite\",\"@id\":\"https:\\\/\\\/biblioteka-gabin.pl\\\/#website\",\"url\":\"https:\\\/\\\/biblioteka-gabin.pl\\\/\",\"name\":\"Miejsko-Gminna Biblioteka Publiczna w G\u0105binie\",\"description\":\"\",\"publisher\":{\"@id\":\"https:\\\/\\\/biblioteka-gabin.pl\\\/#organization\"},\"potentialAction\":[{\"@type\":\"SearchAction\",\"target\":{\"@type\":\"EntryPoint\",\"urlTemplate\":\"https:\\\/\\\/biblioteka-gabin.pl\\\/?s={search_term_string}\"},\"query-input\":{\"@type\":\"PropertyValueSpecification\",\"valueRequired\":true,\"valueName\":\"search_term_string\"}}],\"inLanguage\":\"pl-PL\"},{\"@type\":\"Organization\",\"@id\":\"https:\\\/\\\/biblioteka-gabin.pl\\\/#organization\",\"name\":\"Miejsko-Gminna Biblioteka Publiczna w G\u0105binie\",\"url\":\"https:\\\/\\\/biblioteka-gabin.pl\\\/\",\"logo\":{\"@type\":\"ImageObject\",\"inLanguage\":\"pl-PL\",\"@id\":\"https:\\\/\\\/biblioteka-gabin.pl\\\/#\\\/schema\\\/logo\\\/image\\\/\",\"url\":\"https:\\\/\\\/biblioteka-gabin.pl\\\/wp-content\\\/uploads\\\/2025\\\/03\\\/logo-biblioteka-2-1657013691-1.jpg\",\"contentUrl\":\"https:\\\/\\\/biblioteka-gabin.pl\\\/wp-content\\\/uploads\\\/2025\\\/03\\\/logo-biblioteka-2-1657013691-1.jpg\",\"width\":1600,\"height\":772,\"caption\":\"Miejsko-Gminna Biblioteka Publiczna w G\u0105binie\"},\"image\":{\"@id\":\"https:\\\/\\\/biblioteka-gabin.pl\\\/#\\\/schema\\\/logo\\\/image\\\/\"},\"sameAs\":[\"https:\\\/\\\/www.facebook.com\\\/bibliotekagabin\",\"https:\\\/\\\/www.youtube.com\\\/@mgbpgabin9392\"]},{\"@type\":\"Person\",\"@id\":\"https:\\\/\\\/biblioteka-gabin.pl\\\/#\\\/schema\\\/person\\\/2067b97c24663d987ef6ef95bed7c99a\",\"name\":\"admin\",\"image\":{\"@type\":\"ImageObject\",\"inLanguage\":\"pl-PL\",\"@id\":\"https:\\\/\\\/secure.gravatar.com\\\/avatar\\\/e1843904e97b4e376a0fc90ae10372cd31bce9b207a7a3d2ca68fc7ca7e4174c?s=96&d=mm&r=g\",\"url\":\"https:\\\/\\\/secure.gravatar.com\\\/avatar\\\/e1843904e97b4e376a0fc90ae10372cd31bce9b207a7a3d2ca68fc7ca7e4174c?s=96&d=mm&r=g\",\"contentUrl\":\"https:\\\/\\\/secure.gravatar.com\\\/avatar\\\/e1843904e97b4e376a0fc90ae10372cd31bce9b207a7a3d2ca68fc7ca7e4174c?s=96&d=mm&r=g\",\"caption\":\"admin\"},\"sameAs\":[\"http:\\\/\\\/strona.biblioteka-gabin.pl\"],\"url\":\"http:\\\/\\\/biblioteka-gabin.pl\\\/index.php\\\/author\\\/admin\\\/\"}]}<\/script>\n<!-- \/ Yoast SEO plugin. -->","yoast_head_json":{"title":"Spotkanie z bajk\u0105 i Pogadanka w Przedszkolu Samorz\u0105dowym w Dobrzykowie (30.01.2025 r. ) - Miejsko-Gminna Biblioteka Publiczna w G\u0105binie","robots":{"index":"index","follow":"follow","max-snippet":"max-snippet:-1","max-image-preview":"max-image-preview:large","max-video-preview":"max-video-preview:-1"},"canonical":"http:\/\/biblioteka-gabin.pl\/index.php\/2025\/01\/30\/spotkanie-z-bajka-i-pogadanka-w-przedszkolu-samorzadowym-w-dobrzykowie-30-01-2025-r\/","og_locale":"pl_PL","og_type":"article","og_title":"Spotkanie z bajk\u0105 i Pogadanka w Przedszkolu Samorz\u0105dowym w Dobrzykowie (30.01.2025 r. ) - Miejsko-Gminna Biblioteka Publiczna w G\u0105binie","og_description":",,Co szumi\u0105 drzewa?\u201d brzmia\u0142 tytu\u0142 opowiadania z ksi\u0105\u017cki pt. ,,Bajki","og_url":"http:\/\/biblioteka-gabin.pl\/index.php\/2025\/01\/30\/spotkanie-z-bajka-i-pogadanka-w-przedszkolu-samorzadowym-w-dobrzykowie-30-01-2025-r\/","og_site_name":"Miejsko-Gminna Biblioteka Publiczna w G\u0105binie","article_publisher":"https:\/\/www.facebook.com\/bibliotekagabin","article_published_time":"2025-01-30T00:00:00+00:00","og_image":[{"url":"https:\/\/biblioteka-gabin.pl\/wp-content\/uploads\/archive\/pliki\/obraz\/2025\/stycze\/474840581_983357100364000_38397086495269984_n_1.jpg","type":"","width":"","height":""}],"author":"admin","twitter_card":"summary_large_image","twitter_misc":{"Napisane przez":"admin","Szacowany czas czytania":"1 minuta"},"schema":{"@context":"https:\/\/schema.org","@graph":[{"@type":"Article","@id":"http:\/\/biblioteka-gabin.pl\/index.php\/2025\/01\/30\/spotkanie-z-bajka-i-pogadanka-w-przedszkolu-samorzadowym-w-dobrzykowie-30-01-2025-r\/#article","isPartOf":{"@id":"http:\/\/biblioteka-gabin.pl\/index.php\/2025\/01\/30\/spotkanie-z-bajka-i-pogadanka-w-przedszkolu-samorzadowym-w-dobrzykowie-30-01-2025-r\/"},"author":{"name":"admin","@id":"https:\/\/biblioteka-gabin.pl\/#\/schema\/person\/2067b97c24663d987ef6ef95bed7c99a"},"headline":"Spotkanie z bajk\u0105 i Pogadanka w Przedszkolu Samorz\u0105dowym w Dobrzykowie (30.01.2025 r. )","datePublished":"2025-01-30T00:00:00+00:00","mainEntityOfPage":{"@id":"http:\/\/biblioteka-gabin.pl\/index.php\/2025\/01\/30\/spotkanie-z-bajka-i-pogadanka-w-przedszkolu-samorzadowym-w-dobrzykowie-30-01-2025-r\/"},"wordCount":289,"commentCount":0,"publisher":{"@id":"https:\/\/biblioteka-gabin.pl\/#organization"},"image":{"@id":"http:\/\/biblioteka-gabin.pl\/index.php\/2025\/01\/30\/spotkanie-z-bajka-i-pogadanka-w-przedszkolu-samorzadowym-w-dobrzykowie-30-01-2025-r\/#primaryimage"},"thumbnailUrl":"https:\/\/biblioteka-gabin.pl\/wp-content\/uploads\/archive\/pliki\/obraz\/2025\/stycze\/474840581_983357100364000_38397086495269984_n_1.jpg","articleSection":["Main"],"inLanguage":"pl-PL","potentialAction":[{"@type":"CommentAction","name":"Comment","target":["http:\/\/biblioteka-gabin.pl\/index.php\/2025\/01\/30\/spotkanie-z-bajka-i-pogadanka-w-przedszkolu-samorzadowym-w-dobrzykowie-30-01-2025-r\/#respond"]}]},{"@type":"WebPage","@id":"http:\/\/biblioteka-gabin.pl\/index.php\/2025\/01\/30\/spotkanie-z-bajka-i-pogadanka-w-przedszkolu-samorzadowym-w-dobrzykowie-30-01-2025-r\/","url":"http:\/\/biblioteka-gabin.pl\/index.php\/2025\/01\/30\/spotkanie-z-bajka-i-pogadanka-w-przedszkolu-samorzadowym-w-dobrzykowie-30-01-2025-r\/","name":"Spotkanie z bajk\u0105 i Pogadanka w Przedszkolu Samorz\u0105dowym w Dobrzykowie (30.01.2025 r. ) - Miejsko-Gminna Biblioteka Publiczna w G\u0105binie","isPartOf":{"@id":"https:\/\/biblioteka-gabin.pl\/#website"},"primaryImageOfPage":{"@id":"http:\/\/biblioteka-gabin.pl\/index.php\/2025\/01\/30\/spotkanie-z-bajka-i-pogadanka-w-przedszkolu-samorzadowym-w-dobrzykowie-30-01-2025-r\/#primaryimage"},"image":{"@id":"http:\/\/biblioteka-gabin.pl\/index.php\/2025\/01\/30\/spotkanie-z-bajka-i-pogadanka-w-przedszkolu-samorzadowym-w-dobrzykowie-30-01-2025-r\/#primaryimage"},"thumbnailUrl":"https:\/\/biblioteka-gabin.pl\/wp-content\/uploads\/archive\/pliki\/obraz\/2025\/stycze\/474840581_983357100364000_38397086495269984_n_1.jpg","datePublished":"2025-01-30T00:00:00+00:00","breadcrumb":{"@id":"http:\/\/biblioteka-gabin.pl\/index.php\/2025\/01\/30\/spotkanie-z-bajka-i-pogadanka-w-przedszkolu-samorzadowym-w-dobrzykowie-30-01-2025-r\/#breadcrumb"},"inLanguage":"pl-PL","potentialAction":[{"@type":"ReadAction","target":["http:\/\/biblioteka-gabin.pl\/index.php\/2025\/01\/30\/spotkanie-z-bajka-i-pogadanka-w-przedszkolu-samorzadowym-w-dobrzykowie-30-01-2025-r\/"]}]},{"@type":"ImageObject","inLanguage":"pl-PL","@id":"http:\/\/biblioteka-gabin.pl\/index.php\/2025\/01\/30\/spotkanie-z-bajka-i-pogadanka-w-przedszkolu-samorzadowym-w-dobrzykowie-30-01-2025-r\/#primaryimage","url":"https:\/\/biblioteka-gabin.pl\/wp-content\/uploads\/archive\/pliki\/obraz\/2025\/stycze\/474840581_983357100364000_38397086495269984_n_1.jpg","contentUrl":"https:\/\/biblioteka-gabin.pl\/wp-content\/uploads\/archive\/pliki\/obraz\/2025\/stycze\/474840581_983357100364000_38397086495269984_n_1.jpg"},{"@type":"BreadcrumbList","@id":"http:\/\/biblioteka-gabin.pl\/index.php\/2025\/01\/30\/spotkanie-z-bajka-i-pogadanka-w-przedszkolu-samorzadowym-w-dobrzykowie-30-01-2025-r\/#breadcrumb","itemListElement":[{"@type":"ListItem","position":1,"name":"Strona g\u0142\u00f3wna","item":"https:\/\/biblioteka-gabin.pl\/"},{"@type":"ListItem","position":2,"name":"Spotkanie z bajk\u0105 i Pogadanka w Przedszkolu Samorz\u0105dowym w Dobrzykowie (30.01.2025 r. )"}]},{"@type":"WebSite","@id":"https:\/\/biblioteka-gabin.pl\/#website","url":"https:\/\/biblioteka-gabin.pl\/","name":"Miejsko-Gminna Biblioteka Publiczna w G\u0105binie","description":"","publisher":{"@id":"https:\/\/biblioteka-gabin.pl\/#organization"},"potentialAction":[{"@type":"SearchAction","target":{"@type":"EntryPoint","urlTemplate":"https:\/\/biblioteka-gabin.pl\/?s={search_term_string}"},"query-input":{"@type":"PropertyValueSpecification","valueRequired":true,"valueName":"search_term_string"}}],"inLanguage":"pl-PL"},{"@type":"Organization","@id":"https:\/\/biblioteka-gabin.pl\/#organization","name":"Miejsko-Gminna Biblioteka Publiczna w G\u0105binie","url":"https:\/\/biblioteka-gabin.pl\/","logo":{"@type":"ImageObject","inLanguage":"pl-PL","@id":"https:\/\/biblioteka-gabin.pl\/#\/schema\/logo\/image\/","url":"https:\/\/biblioteka-gabin.pl\/wp-content\/uploads\/2025\/03\/logo-biblioteka-2-1657013691-1.jpg","contentUrl":"https:\/\/biblioteka-gabin.pl\/wp-content\/uploads\/2025\/03\/logo-biblioteka-2-1657013691-1.jpg","width":1600,"height":772,"caption":"Miejsko-Gminna Biblioteka Publiczna w G\u0105binie"},"image":{"@id":"https:\/\/biblioteka-gabin.pl\/#\/schema\/logo\/image\/"},"sameAs":["https:\/\/www.facebook.com\/bibliotekagabin","https:\/\/www.youtube.com\/@mgbpgabin9392"]},{"@type":"Person","@id":"https:\/\/biblioteka-gabin.pl\/#\/schema\/person\/2067b97c24663d987ef6ef95bed7c99a","name":"admin","image":{"@type":"ImageObject","inLanguage":"pl-PL","@id":"https:\/\/secure.gravatar.com\/avatar\/e1843904e97b4e376a0fc90ae10372cd31bce9b207a7a3d2ca68fc7ca7e4174c?s=96&d=mm&r=g","url":"https:\/\/secure.gravatar.com\/avatar\/e1843904e97b4e376a0fc90ae10372cd31bce9b207a7a3d2ca68fc7ca7e4174c?s=96&d=mm&r=g","contentUrl":"https:\/\/secure.gravatar.com\/avatar\/e1843904e97b4e376a0fc90ae10372cd31bce9b207a7a3d2ca68fc7ca7e4174c?s=96&d=mm&r=g","caption":"admin"},"sameAs":["http:\/\/strona.biblioteka-gabin.pl"],"url":"http:\/\/biblioteka-gabin.pl\/index.php\/author\/admin\/"}]}},"_links":{"self":[{"href":"http:\/\/biblioteka-gabin.pl\/index.php\/wp-json\/wp\/v2\/posts\/8440","targetHints":{"allow":["GET"]}}],"collection":[{"href":"http:\/\/biblioteka-gabin.pl\/index.php\/wp-json\/wp\/v2\/posts"}],"about":[{"href":"http:\/\/biblioteka-gabin.pl\/index.php\/wp-json\/wp\/v2\/types\/post"}],"author":[{"embeddable":true,"href":"http:\/\/biblioteka-gabin.pl\/index.php\/wp-json\/wp\/v2\/users\/1"}],"replies":[{"embeddable":true,"href":"http:\/\/biblioteka-gabin.pl\/index.php\/wp-json\/wp\/v2\/comments?post=8440"}],"version-history":[{"count":0,"href":"http:\/\/biblioteka-gabin.pl\/index.php\/wp-json\/wp\/v2\/posts\/8440\/revisions"}],"wp:attachment":[{"href":"http:\/\/biblioteka-gabin.pl\/index.php\/wp-json\/wp\/v2\/media?parent=8440"}],"wp:term":[{"taxonomy":"category","embeddable":true,"href":"http:\/\/biblioteka-gabin.pl\/index.php\/wp-json\/wp\/v2\/categories?post=8440"},{"taxonomy":"post_tag","embeddable":true,"href":"http:\/\/biblioteka-gabin.pl\/index.php\/wp-json\/wp\/v2\/tags?post=8440"}],"curies":[{"name":"wp","href":"https:\/\/api.w.org\/{rel}","templated":true}]}}