{"id":8442,"date":"2025-04-29T00:00:00","date_gmt":"2025-04-29T00:00:00","guid":{"rendered":"https:\/\/biblioteka-gabin.pl\/index.php\/2025\/04\/29\/spotkanie-z-bajka-przedszkole-im-krola-maciusia-pierwszego-grupa-skrzaty-29-04-2025\/"},"modified":"2025-04-29T00:00:00","modified_gmt":"2025-04-29T00:00:00","slug":"spotkanie-z-bajka-przedszkole-im-krola-maciusia-pierwszego-grupa-skrzaty-29-04-2025","status":"publish","type":"post","link":"http:\/\/biblioteka-gabin.pl\/index.php\/2025\/04\/29\/spotkanie-z-bajka-przedszkole-im-krola-maciusia-pierwszego-grupa-skrzaty-29-04-2025\/","title":{"rendered":"&#8222;Spotkanie z bajk\u0105&#8221;- Przedszkole im. Kr\u00f3la Maciusia Pierwszego &#8211; grupa &#8222;Skrzaty&#8221; (29.04.2025)"},"content":{"rendered":"<p>Audiobajka te\u017c mo\u017ce by\u0107 \u015bwietn\u0105 form\u0105 poznawania \u015bwiata ksi\u0105\u017cek. Przekona\u0142y si\u0119 o tym dzieci z Przedszkola im. Kr\u00f3la Maciusia Pierwszego w G\u0105binie. Dzisiaj (29.04) dla odmiany, to nie bibliotekarka odwiedzi\u0142a miejsce, gdzie Najm\u0142odsi s\u0105 na co dzie\u0144, ale to maluchy go\u015bci\u0142y w lokalnej ksi\u0105\u017cnicy.<br \/>\nNa pocz\u0105tku spotkania gr. Skrzat\u00f3w zosta\u0142a mile przywitana przez bibliotekark\u0119 Joann\u0119, kt\u00f3ra przypomnia\u0142a im o akcji pod has\u0142em ,,Ma\u0142a ksi\u0105\u017cka-wielki cz\u0142owiek\u201d Instytutu Ksi\u0105\u017cki w Krakowie. Dzieci, kt\u00f3re wezm\u0105 w niej udzia\u0142 zupe\u0142nie bezp\u0142atnie otrzymaj\u0105 ksi\u0105\u017cki, broszurk\u0119 dla rodzic\u00f3w lub opiekun\u00f3w o sposobach czytania oraz specjaln\u0105 kart\u0119 do zbierania naklejek. Skrzaty bardzo si\u0119 cieszy\u0142y, \u017ce mia\u0142y okazj\u0119 odwiedzi\u0107 bibliotek\u0119, tym bardziej, \u017ce dla niekt\u00f3rych by\u0142o ich to pierwsze spotkanie z tak du\u017c\u0105 ilo\u015bci\u0105 ksi\u0105\u017cek w jednym miejscu.<br \/>\n\u00a0\u00a0\u00a0\u00a0\u00a0\u00a0\u00a0\u00a0\u00a0\u00a0\u00a0 B\u00f3br zawsze chce by\u0107 perfekcyjny! Wszystko robi starannie, uwa\u017canie i rozwa\u017canie. \u2013 powiedzia\u0142a bibliotekarka Joanna, czytaj\u0105c fragment ksi\u0105\u017cki pt. ,,Za doskona\u0142y tort urodziny\u201d Katy Hudson. Historia opowiada\u0142a przygody futrzanego bohatera, kt\u00f3ry chcia\u0142 upiec tort na swoje zbli\u017caj\u0105ce si\u0119 urodziny. Mia\u0142 na niego fantastyczny przepis i nadziej\u0119, \u017ce przysmak wyjdzie doskonale! \u00a0&#8211; brzmia\u0142a dalej opowie\u015b\u0107. Do pomocy przy kuchennych pracach zg\u0142osili si\u0119 przyjaciele Bobra. Niestety zwierz\u0119 nie by\u0142o zadowolone, poniewa\u017c martwi\u0142o si\u0119 czy jego bliscy przygotuj\u0105 ciasto dok\u0142adnie tak jak sobie wymarzy\u0142o.<br \/>\n\u00a0\u00a0\u00a0\u00a0\u00a0\u00a0\u00a0\u00a0\u00a0\u00a0\u00a0 W trakcie zaj\u0119\u0107 dzieci przekona\u0142y si\u0119, \u017ce dzie\u0142o nawet mniej doskona\u0142e, ale wsp\u00f3lne jest lepsze ni\u017c dzie\u0142o doskona\u0142e i stworzone samemu. Taka by\u0142a pointa i podsumowanie bajki.<br \/>\n\u00a0\u00a0\u00a0\u00a0\u00a0\u00a0\u00a0\u00a0\u00a0\u00a0\u00a0 Dodatkowo Skrzaty wys\u0142ucha\u0142y audiobajki pt. ,,Kicia Kocia w bibliotece\u201d oraz wsp\u00f3lnie bawi\u0142y si\u0119 w obrazkow\u0105 gr\u0119 Kalambury Junior. Na koniec czeka\u0142a na nich ma\u0142a niespodzianka \u2013 s\u0142odko\u015b\u0107, kt\u00f3ra mia\u0142a da\u0107 im si\u0142\u0119 na powr\u00f3t do przedszkola.<br \/>\nBardzo dzi\u0119kujemy za dzisiejsze spotkanie i czekamy na inne \u00a0dzieci w Miejsko-Gminnej Bibliotece Publicznej w G\u0105binie przy ul. Ko\u015bciuszki 1. Serdecznie zapraszamy!<br \/>\nOpr. Karolina K\u0119dzia<br \/>\n<img src='https:\/\/biblioteka-gabin.pl\/wp-content\/uploads\/archive\/pliki\/obraz\/2025\/kwiecie\/494573384_566233213250579_3834780689048550917_n.jpg'><br \/>\n<a href='https:\/\/biblioteka-gabin.pl\/wp-content\/uploads\/archive\/galleries\/677\/49457412322419480762268097827776702390633273n-5f0b1dc1ee.jpg'><img style='max-height:300px;' src='https:\/\/biblioteka-gabin.pl\/wp-content\/uploads\/archive\/galleries\/677\/49457412322419480762268097827776702390633273n-5f0b1dc1ee.jpg'><\/a><br \/>\n<a href='https:\/\/biblioteka-gabin.pl\/wp-content\/uploads\/archive\/galleries\/677\/49457419422402313131014047815076572166702235n-4127ba37f2.jpg'><img style='max-height:300px;' src='https:\/\/biblioteka-gabin.pl\/wp-content\/uploads\/archive\/galleries\/677\/49457419422402313131014047815076572166702235n-4127ba37f2.jpg'><\/a><br \/>\n<a href='https:\/\/biblioteka-gabin.pl\/wp-content\/uploads\/archive\/galleries\/677\/49457556610028472147196968970928946458122706n-e5fdb70ab1.jpg'><img style='max-height:300px;' src='https:\/\/biblioteka-gabin.pl\/wp-content\/uploads\/archive\/galleries\/677\/49457556610028472147196968970928946458122706n-e5fdb70ab1.jpg'><\/a><br \/>\n<a href='https:\/\/biblioteka-gabin.pl\/wp-content\/uploads\/archive\/galleries\/677\/49457593597431578857223836018341678620205155n-2ee42e4f4d.jpg'><img style='max-height:300px;' src='https:\/\/biblioteka-gabin.pl\/wp-content\/uploads\/archive\/galleries\/677\/49457593597431578857223836018341678620205155n-2ee42e4f4d.jpg'><\/a><br \/>\n<a href='https:\/\/biblioteka-gabin.pl\/wp-content\/uploads\/archive\/galleries\/677\/4945733845662332132505793834780689048550917n-80bbe3e4e7.jpg'><img style='max-height:300px;' src='https:\/\/biblioteka-gabin.pl\/wp-content\/uploads\/archive\/galleries\/677\/4945733845662332132505793834780689048550917n-80bbe3e4e7.jpg'><\/a><br \/>\n<a href='https:\/\/biblioteka-gabin.pl\/wp-content\/uploads\/archive\/galleries\/677\/4945771306654540031203367751239605620185455n-a314e1ac07.jpg'><img style='max-height:300px;' src='https:\/\/biblioteka-gabin.pl\/wp-content\/uploads\/archive\/galleries\/677\/4945771306654540031203367751239605620185455n-a314e1ac07.jpg'><\/a><br \/>\n<a href='https:\/\/biblioteka-gabin.pl\/wp-content\/uploads\/archive\/galleries\/677\/49457572414176660294014566553083258455462650n-2471b551a7.jpg'><img style='max-height:300px;' src='https:\/\/biblioteka-gabin.pl\/wp-content\/uploads\/archive\/galleries\/677\/49457572414176660294014566553083258455462650n-2471b551a7.jpg'><\/a><br \/>\n<a href='https:\/\/biblioteka-gabin.pl\/wp-content\/uploads\/archive\/galleries\/677\/49457418513301559815478038933884165321322412n-d369cfad66.jpg'><img style='max-height:300px;' src='https:\/\/biblioteka-gabin.pl\/wp-content\/uploads\/archive\/galleries\/677\/49457418513301559815478038933884165321322412n-d369cfad66.jpg'><\/a><br \/>\n<a href='https:\/\/biblioteka-gabin.pl\/wp-content\/uploads\/archive\/galleries\/677\/49457318913652964248041656357160594988929092n-ce4eac00a9.jpg'><img style='max-height:300px;' src='https:\/\/biblioteka-gabin.pl\/wp-content\/uploads\/archive\/galleries\/677\/49457318913652964248041656357160594988929092n-ce4eac00a9.jpg'><\/a><br \/>\n<a href='https:\/\/biblioteka-gabin.pl\/wp-content\/uploads\/archive\/galleries\/677\/4945724636807182213149298227779847337679071n-d59c6d46e6.jpg'><img style='max-height:300px;' src='https:\/\/biblioteka-gabin.pl\/wp-content\/uploads\/archive\/galleries\/677\/4945724636807182213149298227779847337679071n-d59c6d46e6.jpg'><\/a><\/p>\n","protected":false},"excerpt":{"rendered":"<p>Audiobajka te\u017c mo\u017ce by\u0107 \u015bwietn\u0105 form\u0105 poznawania \u015bwiata ksi\u0105\u017cek. Przekona\u0142y<\/p>\n","protected":false},"author":1,"featured_media":0,"comment_status":"open","ping_status":"open","sticky":false,"template":"","format":"standard","meta":{"footnotes":""},"categories":[36],"tags":[],"class_list":["post-8442","post","type-post","status-publish","format-standard","hentry","category-main"],"yoast_head":"<!-- This site is optimized with the Yoast SEO plugin v27.4 - https:\/\/yoast.com\/product\/yoast-seo-wordpress\/ -->\n<title>&quot;Spotkanie z bajk\u0105&quot;- Przedszkole im. Kr\u00f3la Maciusia Pierwszego - grupa &quot;Skrzaty&quot; (29.04.2025) - Miejsko-Gminna Biblioteka Publiczna w G\u0105binie<\/title>\n<meta name=\"robots\" content=\"index, follow, max-snippet:-1, max-image-preview:large, max-video-preview:-1\" \/>\n<link rel=\"canonical\" href=\"http:\/\/biblioteka-gabin.pl\/index.php\/2025\/04\/29\/spotkanie-z-bajka-przedszkole-im-krola-maciusia-pierwszego-grupa-skrzaty-29-04-2025\/\" \/>\n<meta property=\"og:locale\" content=\"pl_PL\" \/>\n<meta property=\"og:type\" content=\"article\" \/>\n<meta property=\"og:title\" content=\"&quot;Spotkanie z bajk\u0105&quot;- Przedszkole im. Kr\u00f3la Maciusia Pierwszego - grupa &quot;Skrzaty&quot; (29.04.2025) - Miejsko-Gminna Biblioteka Publiczna w G\u0105binie\" \/>\n<meta property=\"og:description\" content=\"Audiobajka te\u017c mo\u017ce by\u0107 \u015bwietn\u0105 form\u0105 poznawania \u015bwiata ksi\u0105\u017cek. Przekona\u0142y\" \/>\n<meta property=\"og:url\" content=\"http:\/\/biblioteka-gabin.pl\/index.php\/2025\/04\/29\/spotkanie-z-bajka-przedszkole-im-krola-maciusia-pierwszego-grupa-skrzaty-29-04-2025\/\" \/>\n<meta property=\"og:site_name\" content=\"Miejsko-Gminna Biblioteka Publiczna w G\u0105binie\" \/>\n<meta property=\"article:publisher\" content=\"https:\/\/www.facebook.com\/bibliotekagabin\" \/>\n<meta property=\"article:published_time\" content=\"2025-04-29T00:00:00+00:00\" \/>\n<meta property=\"og:image\" content=\"https:\/\/biblioteka-gabin.pl\/wp-content\/uploads\/archive\/pliki\/obraz\/2025\/kwiecie\/494573384_566233213250579_3834780689048550917_n.jpg\" \/>\n<meta name=\"author\" content=\"admin\" \/>\n<meta name=\"twitter:card\" content=\"summary_large_image\" \/>\n<meta name=\"twitter:label1\" content=\"Napisane przez\" \/>\n\t<meta name=\"twitter:data1\" content=\"admin\" \/>\n\t<meta name=\"twitter:label2\" content=\"Szacowany czas czytania\" \/>\n\t<meta name=\"twitter:data2\" content=\"2 minuty\" \/>\n<script type=\"application\/ld+json\" class=\"yoast-schema-graph\">{\"@context\":\"https:\\\/\\\/schema.org\",\"@graph\":[{\"@type\":\"Article\",\"@id\":\"http:\\\/\\\/biblioteka-gabin.pl\\\/index.php\\\/2025\\\/04\\\/29\\\/spotkanie-z-bajka-przedszkole-im-krola-maciusia-pierwszego-grupa-skrzaty-29-04-2025\\\/#article\",\"isPartOf\":{\"@id\":\"http:\\\/\\\/biblioteka-gabin.pl\\\/index.php\\\/2025\\\/04\\\/29\\\/spotkanie-z-bajka-przedszkole-im-krola-maciusia-pierwszego-grupa-skrzaty-29-04-2025\\\/\"},\"author\":{\"name\":\"admin\",\"@id\":\"https:\\\/\\\/biblioteka-gabin.pl\\\/#\\\/schema\\\/person\\\/2067b97c24663d987ef6ef95bed7c99a\"},\"headline\":\"&#8222;Spotkanie z bajk\u0105&#8221;- Przedszkole im. Kr\u00f3la Maciusia Pierwszego &#8211; grupa &#8222;Skrzaty&#8221; (29.04.2025)\",\"datePublished\":\"2025-04-29T00:00:00+00:00\",\"mainEntityOfPage\":{\"@id\":\"http:\\\/\\\/biblioteka-gabin.pl\\\/index.php\\\/2025\\\/04\\\/29\\\/spotkanie-z-bajka-przedszkole-im-krola-maciusia-pierwszego-grupa-skrzaty-29-04-2025\\\/\"},\"wordCount\":368,\"commentCount\":0,\"publisher\":{\"@id\":\"https:\\\/\\\/biblioteka-gabin.pl\\\/#organization\"},\"image\":{\"@id\":\"http:\\\/\\\/biblioteka-gabin.pl\\\/index.php\\\/2025\\\/04\\\/29\\\/spotkanie-z-bajka-przedszkole-im-krola-maciusia-pierwszego-grupa-skrzaty-29-04-2025\\\/#primaryimage\"},\"thumbnailUrl\":\"https:\\\/\\\/biblioteka-gabin.pl\\\/wp-content\\\/uploads\\\/archive\\\/pliki\\\/obraz\\\/2025\\\/kwiecie\\\/494573384_566233213250579_3834780689048550917_n.jpg\",\"articleSection\":[\"Main\"],\"inLanguage\":\"pl-PL\",\"potentialAction\":[{\"@type\":\"CommentAction\",\"name\":\"Comment\",\"target\":[\"http:\\\/\\\/biblioteka-gabin.pl\\\/index.php\\\/2025\\\/04\\\/29\\\/spotkanie-z-bajka-przedszkole-im-krola-maciusia-pierwszego-grupa-skrzaty-29-04-2025\\\/#respond\"]}]},{\"@type\":\"WebPage\",\"@id\":\"http:\\\/\\\/biblioteka-gabin.pl\\\/index.php\\\/2025\\\/04\\\/29\\\/spotkanie-z-bajka-przedszkole-im-krola-maciusia-pierwszego-grupa-skrzaty-29-04-2025\\\/\",\"url\":\"http:\\\/\\\/biblioteka-gabin.pl\\\/index.php\\\/2025\\\/04\\\/29\\\/spotkanie-z-bajka-przedszkole-im-krola-maciusia-pierwszego-grupa-skrzaty-29-04-2025\\\/\",\"name\":\"\\\"Spotkanie z bajk\u0105\\\"- Przedszkole im. Kr\u00f3la Maciusia Pierwszego - grupa \\\"Skrzaty\\\" (29.04.2025) - Miejsko-Gminna Biblioteka Publiczna w G\u0105binie\",\"isPartOf\":{\"@id\":\"https:\\\/\\\/biblioteka-gabin.pl\\\/#website\"},\"primaryImageOfPage\":{\"@id\":\"http:\\\/\\\/biblioteka-gabin.pl\\\/index.php\\\/2025\\\/04\\\/29\\\/spotkanie-z-bajka-przedszkole-im-krola-maciusia-pierwszego-grupa-skrzaty-29-04-2025\\\/#primaryimage\"},\"image\":{\"@id\":\"http:\\\/\\\/biblioteka-gabin.pl\\\/index.php\\\/2025\\\/04\\\/29\\\/spotkanie-z-bajka-przedszkole-im-krola-maciusia-pierwszego-grupa-skrzaty-29-04-2025\\\/#primaryimage\"},\"thumbnailUrl\":\"https:\\\/\\\/biblioteka-gabin.pl\\\/wp-content\\\/uploads\\\/archive\\\/pliki\\\/obraz\\\/2025\\\/kwiecie\\\/494573384_566233213250579_3834780689048550917_n.jpg\",\"datePublished\":\"2025-04-29T00:00:00+00:00\",\"breadcrumb\":{\"@id\":\"http:\\\/\\\/biblioteka-gabin.pl\\\/index.php\\\/2025\\\/04\\\/29\\\/spotkanie-z-bajka-przedszkole-im-krola-maciusia-pierwszego-grupa-skrzaty-29-04-2025\\\/#breadcrumb\"},\"inLanguage\":\"pl-PL\",\"potentialAction\":[{\"@type\":\"ReadAction\",\"target\":[\"http:\\\/\\\/biblioteka-gabin.pl\\\/index.php\\\/2025\\\/04\\\/29\\\/spotkanie-z-bajka-przedszkole-im-krola-maciusia-pierwszego-grupa-skrzaty-29-04-2025\\\/\"]}]},{\"@type\":\"ImageObject\",\"inLanguage\":\"pl-PL\",\"@id\":\"http:\\\/\\\/biblioteka-gabin.pl\\\/index.php\\\/2025\\\/04\\\/29\\\/spotkanie-z-bajka-przedszkole-im-krola-maciusia-pierwszego-grupa-skrzaty-29-04-2025\\\/#primaryimage\",\"url\":\"https:\\\/\\\/biblioteka-gabin.pl\\\/wp-content\\\/uploads\\\/archive\\\/pliki\\\/obraz\\\/2025\\\/kwiecie\\\/494573384_566233213250579_3834780689048550917_n.jpg\",\"contentUrl\":\"https:\\\/\\\/biblioteka-gabin.pl\\\/wp-content\\\/uploads\\\/archive\\\/pliki\\\/obraz\\\/2025\\\/kwiecie\\\/494573384_566233213250579_3834780689048550917_n.jpg\"},{\"@type\":\"BreadcrumbList\",\"@id\":\"http:\\\/\\\/biblioteka-gabin.pl\\\/index.php\\\/2025\\\/04\\\/29\\\/spotkanie-z-bajka-przedszkole-im-krola-maciusia-pierwszego-grupa-skrzaty-29-04-2025\\\/#breadcrumb\",\"itemListElement\":[{\"@type\":\"ListItem\",\"position\":1,\"name\":\"Strona g\u0142\u00f3wna\",\"item\":\"https:\\\/\\\/biblioteka-gabin.pl\\\/\"},{\"@type\":\"ListItem\",\"position\":2,\"name\":\"&#8222;Spotkanie z bajk\u0105&#8221;- Przedszkole im. Kr\u00f3la Maciusia Pierwszego &#8211; grupa &#8222;Skrzaty&#8221; (29.04.2025)\"}]},{\"@type\":\"WebSite\",\"@id\":\"https:\\\/\\\/biblioteka-gabin.pl\\\/#website\",\"url\":\"https:\\\/\\\/biblioteka-gabin.pl\\\/\",\"name\":\"Miejsko-Gminna Biblioteka Publiczna w G\u0105binie\",\"description\":\"\",\"publisher\":{\"@id\":\"https:\\\/\\\/biblioteka-gabin.pl\\\/#organization\"},\"potentialAction\":[{\"@type\":\"SearchAction\",\"target\":{\"@type\":\"EntryPoint\",\"urlTemplate\":\"https:\\\/\\\/biblioteka-gabin.pl\\\/?s={search_term_string}\"},\"query-input\":{\"@type\":\"PropertyValueSpecification\",\"valueRequired\":true,\"valueName\":\"search_term_string\"}}],\"inLanguage\":\"pl-PL\"},{\"@type\":\"Organization\",\"@id\":\"https:\\\/\\\/biblioteka-gabin.pl\\\/#organization\",\"name\":\"Miejsko-Gminna Biblioteka Publiczna w G\u0105binie\",\"url\":\"https:\\\/\\\/biblioteka-gabin.pl\\\/\",\"logo\":{\"@type\":\"ImageObject\",\"inLanguage\":\"pl-PL\",\"@id\":\"https:\\\/\\\/biblioteka-gabin.pl\\\/#\\\/schema\\\/logo\\\/image\\\/\",\"url\":\"https:\\\/\\\/biblioteka-gabin.pl\\\/wp-content\\\/uploads\\\/2025\\\/03\\\/logo-biblioteka-2-1657013691-1.jpg\",\"contentUrl\":\"https:\\\/\\\/biblioteka-gabin.pl\\\/wp-content\\\/uploads\\\/2025\\\/03\\\/logo-biblioteka-2-1657013691-1.jpg\",\"width\":1600,\"height\":772,\"caption\":\"Miejsko-Gminna Biblioteka Publiczna w G\u0105binie\"},\"image\":{\"@id\":\"https:\\\/\\\/biblioteka-gabin.pl\\\/#\\\/schema\\\/logo\\\/image\\\/\"},\"sameAs\":[\"https:\\\/\\\/www.facebook.com\\\/bibliotekagabin\",\"https:\\\/\\\/www.youtube.com\\\/@mgbpgabin9392\"]},{\"@type\":\"Person\",\"@id\":\"https:\\\/\\\/biblioteka-gabin.pl\\\/#\\\/schema\\\/person\\\/2067b97c24663d987ef6ef95bed7c99a\",\"name\":\"admin\",\"image\":{\"@type\":\"ImageObject\",\"inLanguage\":\"pl-PL\",\"@id\":\"https:\\\/\\\/secure.gravatar.com\\\/avatar\\\/e1843904e97b4e376a0fc90ae10372cd31bce9b207a7a3d2ca68fc7ca7e4174c?s=96&d=mm&r=g\",\"url\":\"https:\\\/\\\/secure.gravatar.com\\\/avatar\\\/e1843904e97b4e376a0fc90ae10372cd31bce9b207a7a3d2ca68fc7ca7e4174c?s=96&d=mm&r=g\",\"contentUrl\":\"https:\\\/\\\/secure.gravatar.com\\\/avatar\\\/e1843904e97b4e376a0fc90ae10372cd31bce9b207a7a3d2ca68fc7ca7e4174c?s=96&d=mm&r=g\",\"caption\":\"admin\"},\"sameAs\":[\"http:\\\/\\\/strona.biblioteka-gabin.pl\"],\"url\":\"http:\\\/\\\/biblioteka-gabin.pl\\\/index.php\\\/author\\\/admin\\\/\"}]}<\/script>\n<!-- \/ Yoast SEO plugin. -->","yoast_head_json":{"title":"\"Spotkanie z bajk\u0105\"- Przedszkole im. Kr\u00f3la Maciusia Pierwszego - grupa \"Skrzaty\" (29.04.2025) - Miejsko-Gminna Biblioteka Publiczna w G\u0105binie","robots":{"index":"index","follow":"follow","max-snippet":"max-snippet:-1","max-image-preview":"max-image-preview:large","max-video-preview":"max-video-preview:-1"},"canonical":"http:\/\/biblioteka-gabin.pl\/index.php\/2025\/04\/29\/spotkanie-z-bajka-przedszkole-im-krola-maciusia-pierwszego-grupa-skrzaty-29-04-2025\/","og_locale":"pl_PL","og_type":"article","og_title":"\"Spotkanie z bajk\u0105\"- Przedszkole im. Kr\u00f3la Maciusia Pierwszego - grupa \"Skrzaty\" (29.04.2025) - Miejsko-Gminna Biblioteka Publiczna w G\u0105binie","og_description":"Audiobajka te\u017c mo\u017ce by\u0107 \u015bwietn\u0105 form\u0105 poznawania \u015bwiata ksi\u0105\u017cek. Przekona\u0142y","og_url":"http:\/\/biblioteka-gabin.pl\/index.php\/2025\/04\/29\/spotkanie-z-bajka-przedszkole-im-krola-maciusia-pierwszego-grupa-skrzaty-29-04-2025\/","og_site_name":"Miejsko-Gminna Biblioteka Publiczna w G\u0105binie","article_publisher":"https:\/\/www.facebook.com\/bibliotekagabin","article_published_time":"2025-04-29T00:00:00+00:00","og_image":[{"url":"https:\/\/biblioteka-gabin.pl\/wp-content\/uploads\/archive\/pliki\/obraz\/2025\/kwiecie\/494573384_566233213250579_3834780689048550917_n.jpg","type":"","width":"","height":""}],"author":"admin","twitter_card":"summary_large_image","twitter_misc":{"Napisane przez":"admin","Szacowany czas czytania":"2 minuty"},"schema":{"@context":"https:\/\/schema.org","@graph":[{"@type":"Article","@id":"http:\/\/biblioteka-gabin.pl\/index.php\/2025\/04\/29\/spotkanie-z-bajka-przedszkole-im-krola-maciusia-pierwszego-grupa-skrzaty-29-04-2025\/#article","isPartOf":{"@id":"http:\/\/biblioteka-gabin.pl\/index.php\/2025\/04\/29\/spotkanie-z-bajka-przedszkole-im-krola-maciusia-pierwszego-grupa-skrzaty-29-04-2025\/"},"author":{"name":"admin","@id":"https:\/\/biblioteka-gabin.pl\/#\/schema\/person\/2067b97c24663d987ef6ef95bed7c99a"},"headline":"&#8222;Spotkanie z bajk\u0105&#8221;- Przedszkole im. Kr\u00f3la Maciusia Pierwszego &#8211; grupa &#8222;Skrzaty&#8221; (29.04.2025)","datePublished":"2025-04-29T00:00:00+00:00","mainEntityOfPage":{"@id":"http:\/\/biblioteka-gabin.pl\/index.php\/2025\/04\/29\/spotkanie-z-bajka-przedszkole-im-krola-maciusia-pierwszego-grupa-skrzaty-29-04-2025\/"},"wordCount":368,"commentCount":0,"publisher":{"@id":"https:\/\/biblioteka-gabin.pl\/#organization"},"image":{"@id":"http:\/\/biblioteka-gabin.pl\/index.php\/2025\/04\/29\/spotkanie-z-bajka-przedszkole-im-krola-maciusia-pierwszego-grupa-skrzaty-29-04-2025\/#primaryimage"},"thumbnailUrl":"https:\/\/biblioteka-gabin.pl\/wp-content\/uploads\/archive\/pliki\/obraz\/2025\/kwiecie\/494573384_566233213250579_3834780689048550917_n.jpg","articleSection":["Main"],"inLanguage":"pl-PL","potentialAction":[{"@type":"CommentAction","name":"Comment","target":["http:\/\/biblioteka-gabin.pl\/index.php\/2025\/04\/29\/spotkanie-z-bajka-przedszkole-im-krola-maciusia-pierwszego-grupa-skrzaty-29-04-2025\/#respond"]}]},{"@type":"WebPage","@id":"http:\/\/biblioteka-gabin.pl\/index.php\/2025\/04\/29\/spotkanie-z-bajka-przedszkole-im-krola-maciusia-pierwszego-grupa-skrzaty-29-04-2025\/","url":"http:\/\/biblioteka-gabin.pl\/index.php\/2025\/04\/29\/spotkanie-z-bajka-przedszkole-im-krola-maciusia-pierwszego-grupa-skrzaty-29-04-2025\/","name":"\"Spotkanie z bajk\u0105\"- Przedszkole im. Kr\u00f3la Maciusia Pierwszego - grupa \"Skrzaty\" (29.04.2025) - Miejsko-Gminna Biblioteka Publiczna w G\u0105binie","isPartOf":{"@id":"https:\/\/biblioteka-gabin.pl\/#website"},"primaryImageOfPage":{"@id":"http:\/\/biblioteka-gabin.pl\/index.php\/2025\/04\/29\/spotkanie-z-bajka-przedszkole-im-krola-maciusia-pierwszego-grupa-skrzaty-29-04-2025\/#primaryimage"},"image":{"@id":"http:\/\/biblioteka-gabin.pl\/index.php\/2025\/04\/29\/spotkanie-z-bajka-przedszkole-im-krola-maciusia-pierwszego-grupa-skrzaty-29-04-2025\/#primaryimage"},"thumbnailUrl":"https:\/\/biblioteka-gabin.pl\/wp-content\/uploads\/archive\/pliki\/obraz\/2025\/kwiecie\/494573384_566233213250579_3834780689048550917_n.jpg","datePublished":"2025-04-29T00:00:00+00:00","breadcrumb":{"@id":"http:\/\/biblioteka-gabin.pl\/index.php\/2025\/04\/29\/spotkanie-z-bajka-przedszkole-im-krola-maciusia-pierwszego-grupa-skrzaty-29-04-2025\/#breadcrumb"},"inLanguage":"pl-PL","potentialAction":[{"@type":"ReadAction","target":["http:\/\/biblioteka-gabin.pl\/index.php\/2025\/04\/29\/spotkanie-z-bajka-przedszkole-im-krola-maciusia-pierwszego-grupa-skrzaty-29-04-2025\/"]}]},{"@type":"ImageObject","inLanguage":"pl-PL","@id":"http:\/\/biblioteka-gabin.pl\/index.php\/2025\/04\/29\/spotkanie-z-bajka-przedszkole-im-krola-maciusia-pierwszego-grupa-skrzaty-29-04-2025\/#primaryimage","url":"https:\/\/biblioteka-gabin.pl\/wp-content\/uploads\/archive\/pliki\/obraz\/2025\/kwiecie\/494573384_566233213250579_3834780689048550917_n.jpg","contentUrl":"https:\/\/biblioteka-gabin.pl\/wp-content\/uploads\/archive\/pliki\/obraz\/2025\/kwiecie\/494573384_566233213250579_3834780689048550917_n.jpg"},{"@type":"BreadcrumbList","@id":"http:\/\/biblioteka-gabin.pl\/index.php\/2025\/04\/29\/spotkanie-z-bajka-przedszkole-im-krola-maciusia-pierwszego-grupa-skrzaty-29-04-2025\/#breadcrumb","itemListElement":[{"@type":"ListItem","position":1,"name":"Strona g\u0142\u00f3wna","item":"https:\/\/biblioteka-gabin.pl\/"},{"@type":"ListItem","position":2,"name":"&#8222;Spotkanie z bajk\u0105&#8221;- Przedszkole im. Kr\u00f3la Maciusia Pierwszego &#8211; grupa &#8222;Skrzaty&#8221; (29.04.2025)"}]},{"@type":"WebSite","@id":"https:\/\/biblioteka-gabin.pl\/#website","url":"https:\/\/biblioteka-gabin.pl\/","name":"Miejsko-Gminna Biblioteka Publiczna w G\u0105binie","description":"","publisher":{"@id":"https:\/\/biblioteka-gabin.pl\/#organization"},"potentialAction":[{"@type":"SearchAction","target":{"@type":"EntryPoint","urlTemplate":"https:\/\/biblioteka-gabin.pl\/?s={search_term_string}"},"query-input":{"@type":"PropertyValueSpecification","valueRequired":true,"valueName":"search_term_string"}}],"inLanguage":"pl-PL"},{"@type":"Organization","@id":"https:\/\/biblioteka-gabin.pl\/#organization","name":"Miejsko-Gminna Biblioteka Publiczna w G\u0105binie","url":"https:\/\/biblioteka-gabin.pl\/","logo":{"@type":"ImageObject","inLanguage":"pl-PL","@id":"https:\/\/biblioteka-gabin.pl\/#\/schema\/logo\/image\/","url":"https:\/\/biblioteka-gabin.pl\/wp-content\/uploads\/2025\/03\/logo-biblioteka-2-1657013691-1.jpg","contentUrl":"https:\/\/biblioteka-gabin.pl\/wp-content\/uploads\/2025\/03\/logo-biblioteka-2-1657013691-1.jpg","width":1600,"height":772,"caption":"Miejsko-Gminna Biblioteka Publiczna w G\u0105binie"},"image":{"@id":"https:\/\/biblioteka-gabin.pl\/#\/schema\/logo\/image\/"},"sameAs":["https:\/\/www.facebook.com\/bibliotekagabin","https:\/\/www.youtube.com\/@mgbpgabin9392"]},{"@type":"Person","@id":"https:\/\/biblioteka-gabin.pl\/#\/schema\/person\/2067b97c24663d987ef6ef95bed7c99a","name":"admin","image":{"@type":"ImageObject","inLanguage":"pl-PL","@id":"https:\/\/secure.gravatar.com\/avatar\/e1843904e97b4e376a0fc90ae10372cd31bce9b207a7a3d2ca68fc7ca7e4174c?s=96&d=mm&r=g","url":"https:\/\/secure.gravatar.com\/avatar\/e1843904e97b4e376a0fc90ae10372cd31bce9b207a7a3d2ca68fc7ca7e4174c?s=96&d=mm&r=g","contentUrl":"https:\/\/secure.gravatar.com\/avatar\/e1843904e97b4e376a0fc90ae10372cd31bce9b207a7a3d2ca68fc7ca7e4174c?s=96&d=mm&r=g","caption":"admin"},"sameAs":["http:\/\/strona.biblioteka-gabin.pl"],"url":"http:\/\/biblioteka-gabin.pl\/index.php\/author\/admin\/"}]}},"_links":{"self":[{"href":"http:\/\/biblioteka-gabin.pl\/index.php\/wp-json\/wp\/v2\/posts\/8442","targetHints":{"allow":["GET"]}}],"collection":[{"href":"http:\/\/biblioteka-gabin.pl\/index.php\/wp-json\/wp\/v2\/posts"}],"about":[{"href":"http:\/\/biblioteka-gabin.pl\/index.php\/wp-json\/wp\/v2\/types\/post"}],"author":[{"embeddable":true,"href":"http:\/\/biblioteka-gabin.pl\/index.php\/wp-json\/wp\/v2\/users\/1"}],"replies":[{"embeddable":true,"href":"http:\/\/biblioteka-gabin.pl\/index.php\/wp-json\/wp\/v2\/comments?post=8442"}],"version-history":[{"count":0,"href":"http:\/\/biblioteka-gabin.pl\/index.php\/wp-json\/wp\/v2\/posts\/8442\/revisions"}],"wp:attachment":[{"href":"http:\/\/biblioteka-gabin.pl\/index.php\/wp-json\/wp\/v2\/media?parent=8442"}],"wp:term":[{"taxonomy":"category","embeddable":true,"href":"http:\/\/biblioteka-gabin.pl\/index.php\/wp-json\/wp\/v2\/categories?post=8442"},{"taxonomy":"post_tag","embeddable":true,"href":"http:\/\/biblioteka-gabin.pl\/index.php\/wp-json\/wp\/v2\/tags?post=8442"}],"curies":[{"name":"wp","href":"https:\/\/api.w.org\/{rel}","templated":true}]}}