{"id":8454,"date":"2025-05-28T00:00:00","date_gmt":"2025-05-28T00:00:00","guid":{"rendered":"https:\/\/biblioteka-gabin.pl\/index.php\/2025\/05\/28\/spotkanie-z-bajka-w-nowym-grabiu-23-05-2025\/"},"modified":"2025-05-28T00:00:00","modified_gmt":"2025-05-28T00:00:00","slug":"spotkanie-z-bajka-w-nowym-grabiu-23-05-2025","status":"publish","type":"post","link":"http:\/\/biblioteka-gabin.pl\/index.php\/2025\/05\/28\/spotkanie-z-bajka-w-nowym-grabiu-23-05-2025\/","title":{"rendered":"&#8222;Spotkanie z bajk\u0105&#8221; w Nowym Grabiu (23.05.2025)"},"content":{"rendered":"<p>W ubieg\u0142y pi\u0105tek (23.05) ,,Spotkania z bajk\u0105&#8221; w Punkcie Przedszkolnym w Nowym Grabiu by\u0142y po\u015bwi\u0119cone przede wszystkim tematowi Dniu Mamy. Dodatkowo dzieci zapozna\u0142y si\u0119 bardziej ze \u015bwiatem zwierz\u0105t, kt\u00f3re wyst\u0119puj\u0105 w maju i odkry\u0142y ,,pachn\u0105ce\u201d strony wyj\u0105tkowej ksi\u0105\u017ceczki pt. ,,M\u00f3j dzie\u0144\u201d.<br \/>\nNa pocz\u0105tku grupa ,,Biedronek\u201d na podstawie obrazk\u00f3w uk\u0142ada\u0142a wymy\u015blone przez siebie historie. Ka\u017cda z opowie\u015bci by\u0142a zwi\u0105zana z jednym wybranym kolorem, kt\u00f3ry znajdowa\u0142 si\u0119 w ksi\u0105\u017cce. Przyk\u0142adowo: na stronie by\u0142y umieszczone has\u0142a kredka, robot, klocki, stolik i taboret, rysunek, ksi\u0105\u017cka a zadaniem dzieci by\u0142o stworzenie historii, w kt\u00f3rej wyst\u0119powa\u0142y wszystkie wymienioneprzedmioty.<br \/>\nPonadto w trakcie czytania i pokazywania obrazk\u00f3w dzieci podchodzi\u0142y kolejno do bajeczki i pociera\u0142y swoimi r\u0105czkami zapachowe strony. ,,\u015awierk, myd\u0142o, lody waniliowe, truskawki\u201d \u2013 znajdowa\u0142y si\u0119 w\u015br\u00f3d umieszczonych rzeczy. Dzieci by\u0142y zachwycone odkrywaniem zapach\u00f3w i \u0142\u0105czeniem ich z rzeczywistymi przedmiotami, kt\u00f3re zna\u0142y na co dzie\u0144!<br \/>\nW drugiej grupie zosta\u0142a przeprowadzona rozmowa na temat uczu\u0107 i sposobach ich wyra\u017cania wobec najbli\u017cszych os\u00f3b, a szczeg\u00f3lnie w stosunku do mamy. Dzieci by\u0142y zgodne, \u017ce mi\u0142o\u015b\u0107, o kt\u00f3rej by\u0142a mowa podczas spotkania jest przepi\u0119knym uczuciem i warto o niej przypomina\u0107, tym, na kt\u00f3rych nam zale\u017cy. ,,Mi\u0142o\u015b\u0107 jest wielka. Wielka jak rami\u0119 mojego taty, kt\u00f3re potrafi mnie ud\u017awign\u0105\u0107 i unie\u015b\u0107 wysoko(\u2026).\u201d \u2013 powiedzia\u0142a ma\u0142pka z przeczytanej ksi\u0105\u017cki pt. ,, Czym jest mi\u0142o\u015b\u0107?\u201d autorstwa Mojo Graffi. ,,Mi\u0142o\u015b\u0107 mo\u017cna us\u0142ysze\u0107.\u201d \u2013 m\u00f3wi\u0142y dzieci. ,,To uczucie mo\u017cna zobaczy\u0107 w ciszy albo w smutku.\u201d \u2013 doda\u0142 kto\u015b inny, nawi\u0105zuj\u0105c do ksi\u0105\u017cki, w kt\u00f3rej by\u0142 przytoczony przyk\u0142ad taty, pocieszaj\u0105cego swoje dziecko. W\u0142a\u015bnie wtedy, kiedy maluchowi by\u0142o trudno i \u017ale przysz\u0142a mi\u0142o\u015b\u0107 w postaci pocieszaj\u0105cego u\u015bcisku i s\u0142\u00f3w wsparcia kogo\u015b bliskiego. Na koniec spotkania dzieci porusza\u0142y si\u0119 w rytm klaskania d\u0142o\u0144mi bibliotekarki a na has\u0142o ,,Do mamy!\u201d pokazywa\u0142y r\u0119koma serduszka.<br \/>\n,,Jak nazywa si\u0119 du\u017cy czarno-bia\u0142y ptak z czerwonym dziobem i d\u0142ugimi nogami?\u201d \u2013 pad\u0142o pytanie na Pogadance w ostatniej grupie ,,Pszcz\u00f3\u0142ek\u201d. Dzieci doskonale odgad\u0142y, \u017ce chodzi o bociana. Dodatkowo pozna\u0142y takie zwierz\u0119ta jak kos, mr\u00f3wka, motyl czy \u015blimak. Na zako\u0144czenie spotkania 3-latki mia\u0142y za zadanie na\u015bladowa\u0107 owady zbieraj\u0105ce nektar z r\u00f3\u017cnorodnych kwiat\u00f3w, do czego pomoc\u0105 by\u0142y kolorowe przedmioty znajduj\u0105ce si\u0119 w sali.<br \/>\nDzi\u0119kuj\u0119 wszystkim uczestnikom ,,Spotka\u0144 z bajk\u0105\u201d i z rado\u015bci\u0105 oraz wdzi\u0119czno\u015bci\u0105 za pi\u0105tkowe odkrywanie \u015bwiata ksi\u0105\u017cek m\u00f3wi\u0119: ,,Do zobaczenia!\u201d na kolejnych.<br \/>\nOpr. Karolina K\u0119dzia<br \/>\n<img src='https:\/\/biblioteka-gabin.pl\/wp-content\/uploads\/archive\/pliki\/obraz\/2025\/maj\/500065362_1029769402590408_1857899357775774183_n.jpg'><br \/>\n<a href='https:\/\/biblioteka-gabin.pl\/wp-content\/uploads\/archive\/g'>g<\/a><br \/>\n<a href='https:\/\/biblioteka-gabin.pl\/wp-content\/uploads\/archive\/g'>g<\/a><br \/>\n<a href='https:\/\/biblioteka-gabin.pl\/wp-content\/uploads\/archive\/g'>g<\/a><br \/>\n<a href='https:\/\/biblioteka-gabin.pl\/wp-content\/uploads\/archive\/g'>g<\/a><br \/>\n<a href='https:\/\/biblioteka-gabin.pl\/wp-content\/uploads\/archive\/g'>g<\/a><\/p>\n","protected":false},"excerpt":{"rendered":"<p>W ubieg\u0142y pi\u0105tek (23.05) ,,Spotkania z bajk\u0105&#8221; w Punkcie Przedszkolnym<\/p>\n","protected":false},"author":1,"featured_media":0,"comment_status":"open","ping_status":"open","sticky":false,"template":"","format":"standard","meta":{"footnotes":""},"categories":[36],"tags":[],"class_list":["post-8454","post","type-post","status-publish","format-standard","hentry","category-main"],"yoast_head":"<!-- This site is optimized with the Yoast SEO plugin v27.4 - https:\/\/yoast.com\/product\/yoast-seo-wordpress\/ -->\n<title>&quot;Spotkanie z bajk\u0105&quot; w Nowym Grabiu (23.05.2025) - Miejsko-Gminna Biblioteka Publiczna w G\u0105binie<\/title>\n<meta name=\"robots\" content=\"index, follow, max-snippet:-1, max-image-preview:large, max-video-preview:-1\" \/>\n<link rel=\"canonical\" href=\"http:\/\/biblioteka-gabin.pl\/index.php\/2025\/05\/28\/spotkanie-z-bajka-w-nowym-grabiu-23-05-2025\/\" \/>\n<meta property=\"og:locale\" content=\"pl_PL\" \/>\n<meta property=\"og:type\" content=\"article\" \/>\n<meta property=\"og:title\" content=\"&quot;Spotkanie z bajk\u0105&quot; w Nowym Grabiu (23.05.2025) - Miejsko-Gminna Biblioteka Publiczna w G\u0105binie\" \/>\n<meta property=\"og:description\" content=\"W ubieg\u0142y pi\u0105tek (23.05) ,,Spotkania z bajk\u0105&#8221; w Punkcie Przedszkolnym\" \/>\n<meta property=\"og:url\" content=\"http:\/\/biblioteka-gabin.pl\/index.php\/2025\/05\/28\/spotkanie-z-bajka-w-nowym-grabiu-23-05-2025\/\" \/>\n<meta property=\"og:site_name\" content=\"Miejsko-Gminna Biblioteka Publiczna w G\u0105binie\" \/>\n<meta property=\"article:publisher\" content=\"https:\/\/www.facebook.com\/bibliotekagabin\" \/>\n<meta property=\"article:published_time\" content=\"2025-05-28T00:00:00+00:00\" \/>\n<meta property=\"og:image\" content=\"https:\/\/biblioteka-gabin.pl\/wp-content\/uploads\/archive\/pliki\/obraz\/2025\/maj\/500065362_1029769402590408_1857899357775774183_n.jpg\" \/>\n<meta name=\"author\" content=\"admin\" \/>\n<meta name=\"twitter:card\" content=\"summary_large_image\" \/>\n<meta name=\"twitter:label1\" content=\"Napisane przez\" \/>\n\t<meta name=\"twitter:data1\" content=\"admin\" \/>\n\t<meta name=\"twitter:label2\" content=\"Szacowany czas czytania\" \/>\n\t<meta name=\"twitter:data2\" content=\"2 minuty\" \/>\n<script type=\"application\/ld+json\" class=\"yoast-schema-graph\">{\"@context\":\"https:\\\/\\\/schema.org\",\"@graph\":[{\"@type\":\"Article\",\"@id\":\"http:\\\/\\\/biblioteka-gabin.pl\\\/index.php\\\/2025\\\/05\\\/28\\\/spotkanie-z-bajka-w-nowym-grabiu-23-05-2025\\\/#article\",\"isPartOf\":{\"@id\":\"http:\\\/\\\/biblioteka-gabin.pl\\\/index.php\\\/2025\\\/05\\\/28\\\/spotkanie-z-bajka-w-nowym-grabiu-23-05-2025\\\/\"},\"author\":{\"name\":\"admin\",\"@id\":\"https:\\\/\\\/biblioteka-gabin.pl\\\/#\\\/schema\\\/person\\\/2067b97c24663d987ef6ef95bed7c99a\"},\"headline\":\"&#8222;Spotkanie z bajk\u0105&#8221; w Nowym Grabiu (23.05.2025)\",\"datePublished\":\"2025-05-28T00:00:00+00:00\",\"mainEntityOfPage\":{\"@id\":\"http:\\\/\\\/biblioteka-gabin.pl\\\/index.php\\\/2025\\\/05\\\/28\\\/spotkanie-z-bajka-w-nowym-grabiu-23-05-2025\\\/\"},\"wordCount\":486,\"commentCount\":0,\"publisher\":{\"@id\":\"https:\\\/\\\/biblioteka-gabin.pl\\\/#organization\"},\"image\":{\"@id\":\"http:\\\/\\\/biblioteka-gabin.pl\\\/index.php\\\/2025\\\/05\\\/28\\\/spotkanie-z-bajka-w-nowym-grabiu-23-05-2025\\\/#primaryimage\"},\"thumbnailUrl\":\"https:\\\/\\\/biblioteka-gabin.pl\\\/wp-content\\\/uploads\\\/archive\\\/pliki\\\/obraz\\\/2025\\\/maj\\\/500065362_1029769402590408_1857899357775774183_n.jpg\",\"articleSection\":[\"Main\"],\"inLanguage\":\"pl-PL\",\"potentialAction\":[{\"@type\":\"CommentAction\",\"name\":\"Comment\",\"target\":[\"http:\\\/\\\/biblioteka-gabin.pl\\\/index.php\\\/2025\\\/05\\\/28\\\/spotkanie-z-bajka-w-nowym-grabiu-23-05-2025\\\/#respond\"]}]},{\"@type\":\"WebPage\",\"@id\":\"http:\\\/\\\/biblioteka-gabin.pl\\\/index.php\\\/2025\\\/05\\\/28\\\/spotkanie-z-bajka-w-nowym-grabiu-23-05-2025\\\/\",\"url\":\"http:\\\/\\\/biblioteka-gabin.pl\\\/index.php\\\/2025\\\/05\\\/28\\\/spotkanie-z-bajka-w-nowym-grabiu-23-05-2025\\\/\",\"name\":\"\\\"Spotkanie z bajk\u0105\\\" w Nowym Grabiu (23.05.2025) - Miejsko-Gminna Biblioteka Publiczna w G\u0105binie\",\"isPartOf\":{\"@id\":\"https:\\\/\\\/biblioteka-gabin.pl\\\/#website\"},\"primaryImageOfPage\":{\"@id\":\"http:\\\/\\\/biblioteka-gabin.pl\\\/index.php\\\/2025\\\/05\\\/28\\\/spotkanie-z-bajka-w-nowym-grabiu-23-05-2025\\\/#primaryimage\"},\"image\":{\"@id\":\"http:\\\/\\\/biblioteka-gabin.pl\\\/index.php\\\/2025\\\/05\\\/28\\\/spotkanie-z-bajka-w-nowym-grabiu-23-05-2025\\\/#primaryimage\"},\"thumbnailUrl\":\"https:\\\/\\\/biblioteka-gabin.pl\\\/wp-content\\\/uploads\\\/archive\\\/pliki\\\/obraz\\\/2025\\\/maj\\\/500065362_1029769402590408_1857899357775774183_n.jpg\",\"datePublished\":\"2025-05-28T00:00:00+00:00\",\"breadcrumb\":{\"@id\":\"http:\\\/\\\/biblioteka-gabin.pl\\\/index.php\\\/2025\\\/05\\\/28\\\/spotkanie-z-bajka-w-nowym-grabiu-23-05-2025\\\/#breadcrumb\"},\"inLanguage\":\"pl-PL\",\"potentialAction\":[{\"@type\":\"ReadAction\",\"target\":[\"http:\\\/\\\/biblioteka-gabin.pl\\\/index.php\\\/2025\\\/05\\\/28\\\/spotkanie-z-bajka-w-nowym-grabiu-23-05-2025\\\/\"]}]},{\"@type\":\"ImageObject\",\"inLanguage\":\"pl-PL\",\"@id\":\"http:\\\/\\\/biblioteka-gabin.pl\\\/index.php\\\/2025\\\/05\\\/28\\\/spotkanie-z-bajka-w-nowym-grabiu-23-05-2025\\\/#primaryimage\",\"url\":\"https:\\\/\\\/biblioteka-gabin.pl\\\/wp-content\\\/uploads\\\/archive\\\/pliki\\\/obraz\\\/2025\\\/maj\\\/500065362_1029769402590408_1857899357775774183_n.jpg\",\"contentUrl\":\"https:\\\/\\\/biblioteka-gabin.pl\\\/wp-content\\\/uploads\\\/archive\\\/pliki\\\/obraz\\\/2025\\\/maj\\\/500065362_1029769402590408_1857899357775774183_n.jpg\"},{\"@type\":\"BreadcrumbList\",\"@id\":\"http:\\\/\\\/biblioteka-gabin.pl\\\/index.php\\\/2025\\\/05\\\/28\\\/spotkanie-z-bajka-w-nowym-grabiu-23-05-2025\\\/#breadcrumb\",\"itemListElement\":[{\"@type\":\"ListItem\",\"position\":1,\"name\":\"Strona g\u0142\u00f3wna\",\"item\":\"https:\\\/\\\/biblioteka-gabin.pl\\\/\"},{\"@type\":\"ListItem\",\"position\":2,\"name\":\"&#8222;Spotkanie z bajk\u0105&#8221; w Nowym Grabiu (23.05.2025)\"}]},{\"@type\":\"WebSite\",\"@id\":\"https:\\\/\\\/biblioteka-gabin.pl\\\/#website\",\"url\":\"https:\\\/\\\/biblioteka-gabin.pl\\\/\",\"name\":\"Miejsko-Gminna Biblioteka Publiczna w G\u0105binie\",\"description\":\"\",\"publisher\":{\"@id\":\"https:\\\/\\\/biblioteka-gabin.pl\\\/#organization\"},\"potentialAction\":[{\"@type\":\"SearchAction\",\"target\":{\"@type\":\"EntryPoint\",\"urlTemplate\":\"https:\\\/\\\/biblioteka-gabin.pl\\\/?s={search_term_string}\"},\"query-input\":{\"@type\":\"PropertyValueSpecification\",\"valueRequired\":true,\"valueName\":\"search_term_string\"}}],\"inLanguage\":\"pl-PL\"},{\"@type\":\"Organization\",\"@id\":\"https:\\\/\\\/biblioteka-gabin.pl\\\/#organization\",\"name\":\"Miejsko-Gminna Biblioteka Publiczna w G\u0105binie\",\"url\":\"https:\\\/\\\/biblioteka-gabin.pl\\\/\",\"logo\":{\"@type\":\"ImageObject\",\"inLanguage\":\"pl-PL\",\"@id\":\"https:\\\/\\\/biblioteka-gabin.pl\\\/#\\\/schema\\\/logo\\\/image\\\/\",\"url\":\"https:\\\/\\\/biblioteka-gabin.pl\\\/wp-content\\\/uploads\\\/2025\\\/03\\\/logo-biblioteka-2-1657013691-1.jpg\",\"contentUrl\":\"https:\\\/\\\/biblioteka-gabin.pl\\\/wp-content\\\/uploads\\\/2025\\\/03\\\/logo-biblioteka-2-1657013691-1.jpg\",\"width\":1600,\"height\":772,\"caption\":\"Miejsko-Gminna Biblioteka Publiczna w G\u0105binie\"},\"image\":{\"@id\":\"https:\\\/\\\/biblioteka-gabin.pl\\\/#\\\/schema\\\/logo\\\/image\\\/\"},\"sameAs\":[\"https:\\\/\\\/www.facebook.com\\\/bibliotekagabin\",\"https:\\\/\\\/www.youtube.com\\\/@mgbpgabin9392\"]},{\"@type\":\"Person\",\"@id\":\"https:\\\/\\\/biblioteka-gabin.pl\\\/#\\\/schema\\\/person\\\/2067b97c24663d987ef6ef95bed7c99a\",\"name\":\"admin\",\"image\":{\"@type\":\"ImageObject\",\"inLanguage\":\"pl-PL\",\"@id\":\"https:\\\/\\\/secure.gravatar.com\\\/avatar\\\/e1843904e97b4e376a0fc90ae10372cd31bce9b207a7a3d2ca68fc7ca7e4174c?s=96&d=mm&r=g\",\"url\":\"https:\\\/\\\/secure.gravatar.com\\\/avatar\\\/e1843904e97b4e376a0fc90ae10372cd31bce9b207a7a3d2ca68fc7ca7e4174c?s=96&d=mm&r=g\",\"contentUrl\":\"https:\\\/\\\/secure.gravatar.com\\\/avatar\\\/e1843904e97b4e376a0fc90ae10372cd31bce9b207a7a3d2ca68fc7ca7e4174c?s=96&d=mm&r=g\",\"caption\":\"admin\"},\"sameAs\":[\"http:\\\/\\\/strona.biblioteka-gabin.pl\"],\"url\":\"http:\\\/\\\/biblioteka-gabin.pl\\\/index.php\\\/author\\\/admin\\\/\"}]}<\/script>\n<!-- \/ Yoast SEO plugin. -->","yoast_head_json":{"title":"\"Spotkanie z bajk\u0105\" w Nowym Grabiu (23.05.2025) - Miejsko-Gminna Biblioteka Publiczna w G\u0105binie","robots":{"index":"index","follow":"follow","max-snippet":"max-snippet:-1","max-image-preview":"max-image-preview:large","max-video-preview":"max-video-preview:-1"},"canonical":"http:\/\/biblioteka-gabin.pl\/index.php\/2025\/05\/28\/spotkanie-z-bajka-w-nowym-grabiu-23-05-2025\/","og_locale":"pl_PL","og_type":"article","og_title":"\"Spotkanie z bajk\u0105\" w Nowym Grabiu (23.05.2025) - Miejsko-Gminna Biblioteka Publiczna w G\u0105binie","og_description":"W ubieg\u0142y pi\u0105tek (23.05) ,,Spotkania z bajk\u0105&#8221; w Punkcie Przedszkolnym","og_url":"http:\/\/biblioteka-gabin.pl\/index.php\/2025\/05\/28\/spotkanie-z-bajka-w-nowym-grabiu-23-05-2025\/","og_site_name":"Miejsko-Gminna Biblioteka Publiczna w G\u0105binie","article_publisher":"https:\/\/www.facebook.com\/bibliotekagabin","article_published_time":"2025-05-28T00:00:00+00:00","og_image":[{"url":"https:\/\/biblioteka-gabin.pl\/wp-content\/uploads\/archive\/pliki\/obraz\/2025\/maj\/500065362_1029769402590408_1857899357775774183_n.jpg","type":"","width":"","height":""}],"author":"admin","twitter_card":"summary_large_image","twitter_misc":{"Napisane przez":"admin","Szacowany czas czytania":"2 minuty"},"schema":{"@context":"https:\/\/schema.org","@graph":[{"@type":"Article","@id":"http:\/\/biblioteka-gabin.pl\/index.php\/2025\/05\/28\/spotkanie-z-bajka-w-nowym-grabiu-23-05-2025\/#article","isPartOf":{"@id":"http:\/\/biblioteka-gabin.pl\/index.php\/2025\/05\/28\/spotkanie-z-bajka-w-nowym-grabiu-23-05-2025\/"},"author":{"name":"admin","@id":"https:\/\/biblioteka-gabin.pl\/#\/schema\/person\/2067b97c24663d987ef6ef95bed7c99a"},"headline":"&#8222;Spotkanie z bajk\u0105&#8221; w Nowym Grabiu (23.05.2025)","datePublished":"2025-05-28T00:00:00+00:00","mainEntityOfPage":{"@id":"http:\/\/biblioteka-gabin.pl\/index.php\/2025\/05\/28\/spotkanie-z-bajka-w-nowym-grabiu-23-05-2025\/"},"wordCount":486,"commentCount":0,"publisher":{"@id":"https:\/\/biblioteka-gabin.pl\/#organization"},"image":{"@id":"http:\/\/biblioteka-gabin.pl\/index.php\/2025\/05\/28\/spotkanie-z-bajka-w-nowym-grabiu-23-05-2025\/#primaryimage"},"thumbnailUrl":"https:\/\/biblioteka-gabin.pl\/wp-content\/uploads\/archive\/pliki\/obraz\/2025\/maj\/500065362_1029769402590408_1857899357775774183_n.jpg","articleSection":["Main"],"inLanguage":"pl-PL","potentialAction":[{"@type":"CommentAction","name":"Comment","target":["http:\/\/biblioteka-gabin.pl\/index.php\/2025\/05\/28\/spotkanie-z-bajka-w-nowym-grabiu-23-05-2025\/#respond"]}]},{"@type":"WebPage","@id":"http:\/\/biblioteka-gabin.pl\/index.php\/2025\/05\/28\/spotkanie-z-bajka-w-nowym-grabiu-23-05-2025\/","url":"http:\/\/biblioteka-gabin.pl\/index.php\/2025\/05\/28\/spotkanie-z-bajka-w-nowym-grabiu-23-05-2025\/","name":"\"Spotkanie z bajk\u0105\" w Nowym Grabiu (23.05.2025) - Miejsko-Gminna Biblioteka Publiczna w G\u0105binie","isPartOf":{"@id":"https:\/\/biblioteka-gabin.pl\/#website"},"primaryImageOfPage":{"@id":"http:\/\/biblioteka-gabin.pl\/index.php\/2025\/05\/28\/spotkanie-z-bajka-w-nowym-grabiu-23-05-2025\/#primaryimage"},"image":{"@id":"http:\/\/biblioteka-gabin.pl\/index.php\/2025\/05\/28\/spotkanie-z-bajka-w-nowym-grabiu-23-05-2025\/#primaryimage"},"thumbnailUrl":"https:\/\/biblioteka-gabin.pl\/wp-content\/uploads\/archive\/pliki\/obraz\/2025\/maj\/500065362_1029769402590408_1857899357775774183_n.jpg","datePublished":"2025-05-28T00:00:00+00:00","breadcrumb":{"@id":"http:\/\/biblioteka-gabin.pl\/index.php\/2025\/05\/28\/spotkanie-z-bajka-w-nowym-grabiu-23-05-2025\/#breadcrumb"},"inLanguage":"pl-PL","potentialAction":[{"@type":"ReadAction","target":["http:\/\/biblioteka-gabin.pl\/index.php\/2025\/05\/28\/spotkanie-z-bajka-w-nowym-grabiu-23-05-2025\/"]}]},{"@type":"ImageObject","inLanguage":"pl-PL","@id":"http:\/\/biblioteka-gabin.pl\/index.php\/2025\/05\/28\/spotkanie-z-bajka-w-nowym-grabiu-23-05-2025\/#primaryimage","url":"https:\/\/biblioteka-gabin.pl\/wp-content\/uploads\/archive\/pliki\/obraz\/2025\/maj\/500065362_1029769402590408_1857899357775774183_n.jpg","contentUrl":"https:\/\/biblioteka-gabin.pl\/wp-content\/uploads\/archive\/pliki\/obraz\/2025\/maj\/500065362_1029769402590408_1857899357775774183_n.jpg"},{"@type":"BreadcrumbList","@id":"http:\/\/biblioteka-gabin.pl\/index.php\/2025\/05\/28\/spotkanie-z-bajka-w-nowym-grabiu-23-05-2025\/#breadcrumb","itemListElement":[{"@type":"ListItem","position":1,"name":"Strona g\u0142\u00f3wna","item":"https:\/\/biblioteka-gabin.pl\/"},{"@type":"ListItem","position":2,"name":"&#8222;Spotkanie z bajk\u0105&#8221; w Nowym Grabiu (23.05.2025)"}]},{"@type":"WebSite","@id":"https:\/\/biblioteka-gabin.pl\/#website","url":"https:\/\/biblioteka-gabin.pl\/","name":"Miejsko-Gminna Biblioteka Publiczna w G\u0105binie","description":"","publisher":{"@id":"https:\/\/biblioteka-gabin.pl\/#organization"},"potentialAction":[{"@type":"SearchAction","target":{"@type":"EntryPoint","urlTemplate":"https:\/\/biblioteka-gabin.pl\/?s={search_term_string}"},"query-input":{"@type":"PropertyValueSpecification","valueRequired":true,"valueName":"search_term_string"}}],"inLanguage":"pl-PL"},{"@type":"Organization","@id":"https:\/\/biblioteka-gabin.pl\/#organization","name":"Miejsko-Gminna Biblioteka Publiczna w G\u0105binie","url":"https:\/\/biblioteka-gabin.pl\/","logo":{"@type":"ImageObject","inLanguage":"pl-PL","@id":"https:\/\/biblioteka-gabin.pl\/#\/schema\/logo\/image\/","url":"https:\/\/biblioteka-gabin.pl\/wp-content\/uploads\/2025\/03\/logo-biblioteka-2-1657013691-1.jpg","contentUrl":"https:\/\/biblioteka-gabin.pl\/wp-content\/uploads\/2025\/03\/logo-biblioteka-2-1657013691-1.jpg","width":1600,"height":772,"caption":"Miejsko-Gminna Biblioteka Publiczna w G\u0105binie"},"image":{"@id":"https:\/\/biblioteka-gabin.pl\/#\/schema\/logo\/image\/"},"sameAs":["https:\/\/www.facebook.com\/bibliotekagabin","https:\/\/www.youtube.com\/@mgbpgabin9392"]},{"@type":"Person","@id":"https:\/\/biblioteka-gabin.pl\/#\/schema\/person\/2067b97c24663d987ef6ef95bed7c99a","name":"admin","image":{"@type":"ImageObject","inLanguage":"pl-PL","@id":"https:\/\/secure.gravatar.com\/avatar\/e1843904e97b4e376a0fc90ae10372cd31bce9b207a7a3d2ca68fc7ca7e4174c?s=96&d=mm&r=g","url":"https:\/\/secure.gravatar.com\/avatar\/e1843904e97b4e376a0fc90ae10372cd31bce9b207a7a3d2ca68fc7ca7e4174c?s=96&d=mm&r=g","contentUrl":"https:\/\/secure.gravatar.com\/avatar\/e1843904e97b4e376a0fc90ae10372cd31bce9b207a7a3d2ca68fc7ca7e4174c?s=96&d=mm&r=g","caption":"admin"},"sameAs":["http:\/\/strona.biblioteka-gabin.pl"],"url":"http:\/\/biblioteka-gabin.pl\/index.php\/author\/admin\/"}]}},"_links":{"self":[{"href":"http:\/\/biblioteka-gabin.pl\/index.php\/wp-json\/wp\/v2\/posts\/8454","targetHints":{"allow":["GET"]}}],"collection":[{"href":"http:\/\/biblioteka-gabin.pl\/index.php\/wp-json\/wp\/v2\/posts"}],"about":[{"href":"http:\/\/biblioteka-gabin.pl\/index.php\/wp-json\/wp\/v2\/types\/post"}],"author":[{"embeddable":true,"href":"http:\/\/biblioteka-gabin.pl\/index.php\/wp-json\/wp\/v2\/users\/1"}],"replies":[{"embeddable":true,"href":"http:\/\/biblioteka-gabin.pl\/index.php\/wp-json\/wp\/v2\/comments?post=8454"}],"version-history":[{"count":0,"href":"http:\/\/biblioteka-gabin.pl\/index.php\/wp-json\/wp\/v2\/posts\/8454\/revisions"}],"wp:attachment":[{"href":"http:\/\/biblioteka-gabin.pl\/index.php\/wp-json\/wp\/v2\/media?parent=8454"}],"wp:term":[{"taxonomy":"category","embeddable":true,"href":"http:\/\/biblioteka-gabin.pl\/index.php\/wp-json\/wp\/v2\/categories?post=8454"},{"taxonomy":"post_tag","embeddable":true,"href":"http:\/\/biblioteka-gabin.pl\/index.php\/wp-json\/wp\/v2\/tags?post=8454"}],"curies":[{"name":"wp","href":"https:\/\/api.w.org\/{rel}","templated":true}]}}