{"id":8459,"date":"2025-05-12T00:00:00","date_gmt":"2025-05-12T00:00:00","guid":{"rendered":"https:\/\/biblioteka-gabin.pl\/index.php\/2025\/05\/12\/spotkanie-z-bajka-w-oddziale-i-punkcie-przedszkolnym-w-nowym-grabiu-11-04-25\/"},"modified":"2025-05-12T00:00:00","modified_gmt":"2025-05-12T00:00:00","slug":"spotkanie-z-bajka-w-oddziale-i-punkcie-przedszkolnym-w-nowym-grabiu-11-04-25","status":"publish","type":"post","link":"http:\/\/biblioteka-gabin.pl\/index.php\/2025\/05\/12\/spotkanie-z-bajka-w-oddziale-i-punkcie-przedszkolnym-w-nowym-grabiu-11-04-25\/","title":{"rendered":"&#8222;Spotkanie z bajk\u0105&#8221; w Oddziale i Punkcie Przedszkolnym w Nowym Grabiu (11.04.25)"},"content":{"rendered":"<p>\u017byrafa nie zmie\u015bci si\u0119 w przedszkolu, pod \u0142\u00f3\u017ckiem, w ratuszu, ani w lodziarni \u2013 przekona\u0142y si\u0119 o tym dzieci, a dok\u0142adnie gr. ,,Pszcz\u00f3\u0142ek\u201d w Punkcie Przedszkolnym w Nowym Grabiu na ostatnim ,,Spotkaniu z bajk\u0105\u201d (11.04). Ciekawostki o tym \u015bpi\u0105cym na stoj\u0105co zwierz\u0119ciu zaczerpn\u0119\u0142y z ksi\u0105\u017cki pt. ,,Gdzie si\u0119 zmie\u015bci \u017cyrafa?\u201d, kt\u00f3r\u0105 napisa\u0142 oraz zilustrowa\u0142 Bartek Brosz.<br \/>\nMaluchy z najm\u0142odszej grupy by\u0142y bardzo ciekawe czy jest mo\u017cliwe, by tak wielkie zwierz\u0119 mia\u0142o sw\u00f3j dom. W trakcie czytania prosi\u0142y o jak najszybsze przewracanie stron ksi\u0105\u017cki.<br \/>\n,,By\u0142am w lodziarni i w banku, w piekarni, u fotografa\u2026 Wsz\u0119dzie za ciasno, za nisko. I gdzie si\u0119 zmie\u015bci \u017cyrafa?\u201d \u2013 przeczyta\u0142a bibliotekarka. I doda\u0142a ,, A wiecie, \u017ce architekta wymy\u015bla\u0107 domy potrafi? (\u2026) I chocia\u017c prawda jest taka, \u017ce nie mam \u017cyrafy jeszcze, ale gdy trafi si\u0119 jaka\u015b, to gdzie\u015b na pewno j\u0105 zmieszcz\u0119. \u201e \u2013 zako\u0144czy\u0142a rymowan\u0105 opowie\u015b\u0107.<br \/>\n,,Na dnie morza zawsze istnia\u0142y miejsca ukryte przed ludzkim wzrokiem.\u201d \u2013 wybrzmia\u0142 d\u017awi\u0119k z interaktywnej ksi\u0105\u017cki pt. ,,Ba\u015bnie z ca\u0142ego \u015bwiata\u201d na zaj\u0119ciach u ,,Biedronek\u201d. Dzieci by\u0142y zachwycony tak\u0105 form\u0105 ,,czytania ksi\u0105\u017cek\u201d. Syrenka, \u017c\u00f3\u0142w, wied\u017ama, ksi\u0105\u017c\u0119, korale, ksi\u0119\u017cniczka\u2026 pada\u0142y kolejne symbole z opowie\u015bci ,,Ma\u0142a Syrenka\u201d. Ka\u017cdy z nich by\u0142 przedstawiony w ksi\u0105\u017cce. Dodatkiem do zbioru ba\u015bni by\u0142 elektroniczny d\u0142ugopis, z kt\u00f3rego po naci\u015bni\u0119ciu na odpowiedni\u0105 ikon\u0119 wydobywa\u0142 si\u0119 d\u017awi\u0119k. Do wyboru by\u0142a tre\u015b\u0107 bajki, quiz czy muzyka odzwierciedlaj\u0105ca swoim charakterem klimat historii.<br \/>\nZar\u00f3wno w gr. ,,Motyli\u201d i ,,Biedronek\u201d dzieci opowiedzia\u0142y o zwyczajach wielkanocnych panuj\u0105cych w ich domach i zosta\u0142a poprowadzona zgadywanka w ,,Jaki to symbol?\u201d.<br \/>\nKa\u017cdej grupie maluch\u00f3w oraz Paniom Przedszkolankom bibliotekarka \u017cyczy\u0142a wszystkiego najlepszego z okazji zbli\u017caj\u0105cych si\u0119 \u015awi\u0105t Wielkanocnych. Ponadto by\u0142a dumna z zaanga\u017cowania dzieci w zaj\u0119cia, pochwali\u0142a za pi\u0119kne prace i ich udzia\u0142 w wielkanocnych przygotowaniach w domu.<br \/>\nNa koniec wszystkim powiedzia\u0142a ,,Do mi\u0142ego zobaczenia&#8221; , \u017cycz\u0105c jeszcze raz pi\u0119knych, zdrowych i radosnych \u015awi\u0105t!. ,,Mam nadziej\u0119, \u017ce spotkamy si\u0119 jeszcze na innym spotkaniu z ksi\u0105\u017ck\u0105&#8221;.<br \/>\nOpr. Karolina K\u0119dzia<br \/>\n<img src='https:\/\/biblioteka-gabin.pl\/wp-content\/uploads\/archive\/pliki\/obraz\/2025\/maj\/491999050_1001788012055214_6199048781285006971_n.jpg'><br \/>\n<a href='https:\/\/biblioteka-gabin.pl\/wp-content\/uploads\/archive\/g'>g<\/a><br \/>\n<a href='https:\/\/biblioteka-gabin.pl\/wp-content\/uploads\/archive\/g'>g<\/a><br \/>\n<a href='https:\/\/biblioteka-gabin.pl\/wp-content\/uploads\/archive\/g'>g<\/a><br \/>\n<a href='https:\/\/biblioteka-gabin.pl\/wp-content\/uploads\/archive\/g'>g<\/a><br \/>\n<a href='https:\/\/biblioteka-gabin.pl\/wp-content\/uploads\/archive\/g'>g<\/a><br \/>\n<a href='https:\/\/biblioteka-gabin.pl\/wp-content\/uploads\/archive\/g'>g<\/a><br \/>\n<a href='https:\/\/biblioteka-gabin.pl\/wp-content\/uploads\/archive\/g'>g<\/a><\/p>\n","protected":false},"excerpt":{"rendered":"<p>\u017byrafa nie zmie\u015bci si\u0119 w przedszkolu, pod \u0142\u00f3\u017ckiem, w ratuszu,<\/p>\n","protected":false},"author":1,"featured_media":0,"comment_status":"open","ping_status":"open","sticky":false,"template":"","format":"standard","meta":{"footnotes":""},"categories":[36],"tags":[],"class_list":["post-8459","post","type-post","status-publish","format-standard","hentry","category-main"],"yoast_head":"<!-- This site is optimized with the Yoast SEO plugin v27.4 - https:\/\/yoast.com\/product\/yoast-seo-wordpress\/ -->\n<title>&quot;Spotkanie z bajk\u0105&quot; w Oddziale i Punkcie Przedszkolnym w Nowym Grabiu (11.04.25) - Miejsko-Gminna Biblioteka Publiczna w G\u0105binie<\/title>\n<meta name=\"robots\" content=\"index, follow, max-snippet:-1, max-image-preview:large, max-video-preview:-1\" \/>\n<link rel=\"canonical\" href=\"http:\/\/biblioteka-gabin.pl\/index.php\/2025\/05\/12\/spotkanie-z-bajka-w-oddziale-i-punkcie-przedszkolnym-w-nowym-grabiu-11-04-25\/\" \/>\n<meta property=\"og:locale\" content=\"pl_PL\" \/>\n<meta property=\"og:type\" content=\"article\" \/>\n<meta property=\"og:title\" content=\"&quot;Spotkanie z bajk\u0105&quot; w Oddziale i Punkcie Przedszkolnym w Nowym Grabiu (11.04.25) - Miejsko-Gminna Biblioteka Publiczna w G\u0105binie\" \/>\n<meta property=\"og:description\" content=\"\u017byrafa nie zmie\u015bci si\u0119 w przedszkolu, pod \u0142\u00f3\u017ckiem, w ratuszu,\" \/>\n<meta property=\"og:url\" content=\"http:\/\/biblioteka-gabin.pl\/index.php\/2025\/05\/12\/spotkanie-z-bajka-w-oddziale-i-punkcie-przedszkolnym-w-nowym-grabiu-11-04-25\/\" \/>\n<meta property=\"og:site_name\" content=\"Miejsko-Gminna Biblioteka Publiczna w G\u0105binie\" \/>\n<meta property=\"article:publisher\" content=\"https:\/\/www.facebook.com\/bibliotekagabin\" \/>\n<meta property=\"article:published_time\" content=\"2025-05-12T00:00:00+00:00\" \/>\n<meta property=\"og:image\" content=\"https:\/\/biblioteka-gabin.pl\/wp-content\/uploads\/archive\/pliki\/obraz\/2025\/maj\/491999050_1001788012055214_6199048781285006971_n.jpg\" \/>\n<meta name=\"author\" content=\"admin\" \/>\n<meta name=\"twitter:card\" content=\"summary_large_image\" \/>\n<meta name=\"twitter:label1\" content=\"Napisane przez\" \/>\n\t<meta name=\"twitter:data1\" content=\"admin\" \/>\n\t<meta name=\"twitter:label2\" content=\"Szacowany czas czytania\" \/>\n\t<meta name=\"twitter:data2\" content=\"2 minuty\" \/>\n<script type=\"application\/ld+json\" class=\"yoast-schema-graph\">{\"@context\":\"https:\\\/\\\/schema.org\",\"@graph\":[{\"@type\":\"Article\",\"@id\":\"http:\\\/\\\/biblioteka-gabin.pl\\\/index.php\\\/2025\\\/05\\\/12\\\/spotkanie-z-bajka-w-oddziale-i-punkcie-przedszkolnym-w-nowym-grabiu-11-04-25\\\/#article\",\"isPartOf\":{\"@id\":\"http:\\\/\\\/biblioteka-gabin.pl\\\/index.php\\\/2025\\\/05\\\/12\\\/spotkanie-z-bajka-w-oddziale-i-punkcie-przedszkolnym-w-nowym-grabiu-11-04-25\\\/\"},\"author\":{\"name\":\"admin\",\"@id\":\"https:\\\/\\\/biblioteka-gabin.pl\\\/#\\\/schema\\\/person\\\/2067b97c24663d987ef6ef95bed7c99a\"},\"headline\":\"&#8222;Spotkanie z bajk\u0105&#8221; w Oddziale i Punkcie Przedszkolnym w Nowym Grabiu (11.04.25)\",\"datePublished\":\"2025-05-12T00:00:00+00:00\",\"mainEntityOfPage\":{\"@id\":\"http:\\\/\\\/biblioteka-gabin.pl\\\/index.php\\\/2025\\\/05\\\/12\\\/spotkanie-z-bajka-w-oddziale-i-punkcie-przedszkolnym-w-nowym-grabiu-11-04-25\\\/\"},\"wordCount\":396,\"commentCount\":0,\"publisher\":{\"@id\":\"https:\\\/\\\/biblioteka-gabin.pl\\\/#organization\"},\"image\":{\"@id\":\"http:\\\/\\\/biblioteka-gabin.pl\\\/index.php\\\/2025\\\/05\\\/12\\\/spotkanie-z-bajka-w-oddziale-i-punkcie-przedszkolnym-w-nowym-grabiu-11-04-25\\\/#primaryimage\"},\"thumbnailUrl\":\"https:\\\/\\\/biblioteka-gabin.pl\\\/wp-content\\\/uploads\\\/archive\\\/pliki\\\/obraz\\\/2025\\\/maj\\\/491999050_1001788012055214_6199048781285006971_n.jpg\",\"articleSection\":[\"Main\"],\"inLanguage\":\"pl-PL\",\"potentialAction\":[{\"@type\":\"CommentAction\",\"name\":\"Comment\",\"target\":[\"http:\\\/\\\/biblioteka-gabin.pl\\\/index.php\\\/2025\\\/05\\\/12\\\/spotkanie-z-bajka-w-oddziale-i-punkcie-przedszkolnym-w-nowym-grabiu-11-04-25\\\/#respond\"]}]},{\"@type\":\"WebPage\",\"@id\":\"http:\\\/\\\/biblioteka-gabin.pl\\\/index.php\\\/2025\\\/05\\\/12\\\/spotkanie-z-bajka-w-oddziale-i-punkcie-przedszkolnym-w-nowym-grabiu-11-04-25\\\/\",\"url\":\"http:\\\/\\\/biblioteka-gabin.pl\\\/index.php\\\/2025\\\/05\\\/12\\\/spotkanie-z-bajka-w-oddziale-i-punkcie-przedszkolnym-w-nowym-grabiu-11-04-25\\\/\",\"name\":\"\\\"Spotkanie z bajk\u0105\\\" w Oddziale i Punkcie Przedszkolnym w Nowym Grabiu (11.04.25) - Miejsko-Gminna Biblioteka Publiczna w G\u0105binie\",\"isPartOf\":{\"@id\":\"https:\\\/\\\/biblioteka-gabin.pl\\\/#website\"},\"primaryImageOfPage\":{\"@id\":\"http:\\\/\\\/biblioteka-gabin.pl\\\/index.php\\\/2025\\\/05\\\/12\\\/spotkanie-z-bajka-w-oddziale-i-punkcie-przedszkolnym-w-nowym-grabiu-11-04-25\\\/#primaryimage\"},\"image\":{\"@id\":\"http:\\\/\\\/biblioteka-gabin.pl\\\/index.php\\\/2025\\\/05\\\/12\\\/spotkanie-z-bajka-w-oddziale-i-punkcie-przedszkolnym-w-nowym-grabiu-11-04-25\\\/#primaryimage\"},\"thumbnailUrl\":\"https:\\\/\\\/biblioteka-gabin.pl\\\/wp-content\\\/uploads\\\/archive\\\/pliki\\\/obraz\\\/2025\\\/maj\\\/491999050_1001788012055214_6199048781285006971_n.jpg\",\"datePublished\":\"2025-05-12T00:00:00+00:00\",\"breadcrumb\":{\"@id\":\"http:\\\/\\\/biblioteka-gabin.pl\\\/index.php\\\/2025\\\/05\\\/12\\\/spotkanie-z-bajka-w-oddziale-i-punkcie-przedszkolnym-w-nowym-grabiu-11-04-25\\\/#breadcrumb\"},\"inLanguage\":\"pl-PL\",\"potentialAction\":[{\"@type\":\"ReadAction\",\"target\":[\"http:\\\/\\\/biblioteka-gabin.pl\\\/index.php\\\/2025\\\/05\\\/12\\\/spotkanie-z-bajka-w-oddziale-i-punkcie-przedszkolnym-w-nowym-grabiu-11-04-25\\\/\"]}]},{\"@type\":\"ImageObject\",\"inLanguage\":\"pl-PL\",\"@id\":\"http:\\\/\\\/biblioteka-gabin.pl\\\/index.php\\\/2025\\\/05\\\/12\\\/spotkanie-z-bajka-w-oddziale-i-punkcie-przedszkolnym-w-nowym-grabiu-11-04-25\\\/#primaryimage\",\"url\":\"https:\\\/\\\/biblioteka-gabin.pl\\\/wp-content\\\/uploads\\\/archive\\\/pliki\\\/obraz\\\/2025\\\/maj\\\/491999050_1001788012055214_6199048781285006971_n.jpg\",\"contentUrl\":\"https:\\\/\\\/biblioteka-gabin.pl\\\/wp-content\\\/uploads\\\/archive\\\/pliki\\\/obraz\\\/2025\\\/maj\\\/491999050_1001788012055214_6199048781285006971_n.jpg\"},{\"@type\":\"BreadcrumbList\",\"@id\":\"http:\\\/\\\/biblioteka-gabin.pl\\\/index.php\\\/2025\\\/05\\\/12\\\/spotkanie-z-bajka-w-oddziale-i-punkcie-przedszkolnym-w-nowym-grabiu-11-04-25\\\/#breadcrumb\",\"itemListElement\":[{\"@type\":\"ListItem\",\"position\":1,\"name\":\"Strona g\u0142\u00f3wna\",\"item\":\"https:\\\/\\\/biblioteka-gabin.pl\\\/\"},{\"@type\":\"ListItem\",\"position\":2,\"name\":\"&#8222;Spotkanie z bajk\u0105&#8221; w Oddziale i Punkcie Przedszkolnym w Nowym Grabiu (11.04.25)\"}]},{\"@type\":\"WebSite\",\"@id\":\"https:\\\/\\\/biblioteka-gabin.pl\\\/#website\",\"url\":\"https:\\\/\\\/biblioteka-gabin.pl\\\/\",\"name\":\"Miejsko-Gminna Biblioteka Publiczna w G\u0105binie\",\"description\":\"\",\"publisher\":{\"@id\":\"https:\\\/\\\/biblioteka-gabin.pl\\\/#organization\"},\"potentialAction\":[{\"@type\":\"SearchAction\",\"target\":{\"@type\":\"EntryPoint\",\"urlTemplate\":\"https:\\\/\\\/biblioteka-gabin.pl\\\/?s={search_term_string}\"},\"query-input\":{\"@type\":\"PropertyValueSpecification\",\"valueRequired\":true,\"valueName\":\"search_term_string\"}}],\"inLanguage\":\"pl-PL\"},{\"@type\":\"Organization\",\"@id\":\"https:\\\/\\\/biblioteka-gabin.pl\\\/#organization\",\"name\":\"Miejsko-Gminna Biblioteka Publiczna w G\u0105binie\",\"url\":\"https:\\\/\\\/biblioteka-gabin.pl\\\/\",\"logo\":{\"@type\":\"ImageObject\",\"inLanguage\":\"pl-PL\",\"@id\":\"https:\\\/\\\/biblioteka-gabin.pl\\\/#\\\/schema\\\/logo\\\/image\\\/\",\"url\":\"https:\\\/\\\/biblioteka-gabin.pl\\\/wp-content\\\/uploads\\\/2025\\\/03\\\/logo-biblioteka-2-1657013691-1.jpg\",\"contentUrl\":\"https:\\\/\\\/biblioteka-gabin.pl\\\/wp-content\\\/uploads\\\/2025\\\/03\\\/logo-biblioteka-2-1657013691-1.jpg\",\"width\":1600,\"height\":772,\"caption\":\"Miejsko-Gminna Biblioteka Publiczna w G\u0105binie\"},\"image\":{\"@id\":\"https:\\\/\\\/biblioteka-gabin.pl\\\/#\\\/schema\\\/logo\\\/image\\\/\"},\"sameAs\":[\"https:\\\/\\\/www.facebook.com\\\/bibliotekagabin\",\"https:\\\/\\\/www.youtube.com\\\/@mgbpgabin9392\"]},{\"@type\":\"Person\",\"@id\":\"https:\\\/\\\/biblioteka-gabin.pl\\\/#\\\/schema\\\/person\\\/2067b97c24663d987ef6ef95bed7c99a\",\"name\":\"admin\",\"image\":{\"@type\":\"ImageObject\",\"inLanguage\":\"pl-PL\",\"@id\":\"https:\\\/\\\/secure.gravatar.com\\\/avatar\\\/e1843904e97b4e376a0fc90ae10372cd31bce9b207a7a3d2ca68fc7ca7e4174c?s=96&d=mm&r=g\",\"url\":\"https:\\\/\\\/secure.gravatar.com\\\/avatar\\\/e1843904e97b4e376a0fc90ae10372cd31bce9b207a7a3d2ca68fc7ca7e4174c?s=96&d=mm&r=g\",\"contentUrl\":\"https:\\\/\\\/secure.gravatar.com\\\/avatar\\\/e1843904e97b4e376a0fc90ae10372cd31bce9b207a7a3d2ca68fc7ca7e4174c?s=96&d=mm&r=g\",\"caption\":\"admin\"},\"sameAs\":[\"http:\\\/\\\/strona.biblioteka-gabin.pl\"],\"url\":\"http:\\\/\\\/biblioteka-gabin.pl\\\/index.php\\\/author\\\/admin\\\/\"}]}<\/script>\n<!-- \/ Yoast SEO plugin. -->","yoast_head_json":{"title":"\"Spotkanie z bajk\u0105\" w Oddziale i Punkcie Przedszkolnym w Nowym Grabiu (11.04.25) - Miejsko-Gminna Biblioteka Publiczna w G\u0105binie","robots":{"index":"index","follow":"follow","max-snippet":"max-snippet:-1","max-image-preview":"max-image-preview:large","max-video-preview":"max-video-preview:-1"},"canonical":"http:\/\/biblioteka-gabin.pl\/index.php\/2025\/05\/12\/spotkanie-z-bajka-w-oddziale-i-punkcie-przedszkolnym-w-nowym-grabiu-11-04-25\/","og_locale":"pl_PL","og_type":"article","og_title":"\"Spotkanie z bajk\u0105\" w Oddziale i Punkcie Przedszkolnym w Nowym Grabiu (11.04.25) - Miejsko-Gminna Biblioteka Publiczna w G\u0105binie","og_description":"\u017byrafa nie zmie\u015bci si\u0119 w przedszkolu, pod \u0142\u00f3\u017ckiem, w ratuszu,","og_url":"http:\/\/biblioteka-gabin.pl\/index.php\/2025\/05\/12\/spotkanie-z-bajka-w-oddziale-i-punkcie-przedszkolnym-w-nowym-grabiu-11-04-25\/","og_site_name":"Miejsko-Gminna Biblioteka Publiczna w G\u0105binie","article_publisher":"https:\/\/www.facebook.com\/bibliotekagabin","article_published_time":"2025-05-12T00:00:00+00:00","og_image":[{"url":"https:\/\/biblioteka-gabin.pl\/wp-content\/uploads\/archive\/pliki\/obraz\/2025\/maj\/491999050_1001788012055214_6199048781285006971_n.jpg","type":"","width":"","height":""}],"author":"admin","twitter_card":"summary_large_image","twitter_misc":{"Napisane przez":"admin","Szacowany czas czytania":"2 minuty"},"schema":{"@context":"https:\/\/schema.org","@graph":[{"@type":"Article","@id":"http:\/\/biblioteka-gabin.pl\/index.php\/2025\/05\/12\/spotkanie-z-bajka-w-oddziale-i-punkcie-przedszkolnym-w-nowym-grabiu-11-04-25\/#article","isPartOf":{"@id":"http:\/\/biblioteka-gabin.pl\/index.php\/2025\/05\/12\/spotkanie-z-bajka-w-oddziale-i-punkcie-przedszkolnym-w-nowym-grabiu-11-04-25\/"},"author":{"name":"admin","@id":"https:\/\/biblioteka-gabin.pl\/#\/schema\/person\/2067b97c24663d987ef6ef95bed7c99a"},"headline":"&#8222;Spotkanie z bajk\u0105&#8221; w Oddziale i Punkcie Przedszkolnym w Nowym Grabiu (11.04.25)","datePublished":"2025-05-12T00:00:00+00:00","mainEntityOfPage":{"@id":"http:\/\/biblioteka-gabin.pl\/index.php\/2025\/05\/12\/spotkanie-z-bajka-w-oddziale-i-punkcie-przedszkolnym-w-nowym-grabiu-11-04-25\/"},"wordCount":396,"commentCount":0,"publisher":{"@id":"https:\/\/biblioteka-gabin.pl\/#organization"},"image":{"@id":"http:\/\/biblioteka-gabin.pl\/index.php\/2025\/05\/12\/spotkanie-z-bajka-w-oddziale-i-punkcie-przedszkolnym-w-nowym-grabiu-11-04-25\/#primaryimage"},"thumbnailUrl":"https:\/\/biblioteka-gabin.pl\/wp-content\/uploads\/archive\/pliki\/obraz\/2025\/maj\/491999050_1001788012055214_6199048781285006971_n.jpg","articleSection":["Main"],"inLanguage":"pl-PL","potentialAction":[{"@type":"CommentAction","name":"Comment","target":["http:\/\/biblioteka-gabin.pl\/index.php\/2025\/05\/12\/spotkanie-z-bajka-w-oddziale-i-punkcie-przedszkolnym-w-nowym-grabiu-11-04-25\/#respond"]}]},{"@type":"WebPage","@id":"http:\/\/biblioteka-gabin.pl\/index.php\/2025\/05\/12\/spotkanie-z-bajka-w-oddziale-i-punkcie-przedszkolnym-w-nowym-grabiu-11-04-25\/","url":"http:\/\/biblioteka-gabin.pl\/index.php\/2025\/05\/12\/spotkanie-z-bajka-w-oddziale-i-punkcie-przedszkolnym-w-nowym-grabiu-11-04-25\/","name":"\"Spotkanie z bajk\u0105\" w Oddziale i Punkcie Przedszkolnym w Nowym Grabiu (11.04.25) - Miejsko-Gminna Biblioteka Publiczna w G\u0105binie","isPartOf":{"@id":"https:\/\/biblioteka-gabin.pl\/#website"},"primaryImageOfPage":{"@id":"http:\/\/biblioteka-gabin.pl\/index.php\/2025\/05\/12\/spotkanie-z-bajka-w-oddziale-i-punkcie-przedszkolnym-w-nowym-grabiu-11-04-25\/#primaryimage"},"image":{"@id":"http:\/\/biblioteka-gabin.pl\/index.php\/2025\/05\/12\/spotkanie-z-bajka-w-oddziale-i-punkcie-przedszkolnym-w-nowym-grabiu-11-04-25\/#primaryimage"},"thumbnailUrl":"https:\/\/biblioteka-gabin.pl\/wp-content\/uploads\/archive\/pliki\/obraz\/2025\/maj\/491999050_1001788012055214_6199048781285006971_n.jpg","datePublished":"2025-05-12T00:00:00+00:00","breadcrumb":{"@id":"http:\/\/biblioteka-gabin.pl\/index.php\/2025\/05\/12\/spotkanie-z-bajka-w-oddziale-i-punkcie-przedszkolnym-w-nowym-grabiu-11-04-25\/#breadcrumb"},"inLanguage":"pl-PL","potentialAction":[{"@type":"ReadAction","target":["http:\/\/biblioteka-gabin.pl\/index.php\/2025\/05\/12\/spotkanie-z-bajka-w-oddziale-i-punkcie-przedszkolnym-w-nowym-grabiu-11-04-25\/"]}]},{"@type":"ImageObject","inLanguage":"pl-PL","@id":"http:\/\/biblioteka-gabin.pl\/index.php\/2025\/05\/12\/spotkanie-z-bajka-w-oddziale-i-punkcie-przedszkolnym-w-nowym-grabiu-11-04-25\/#primaryimage","url":"https:\/\/biblioteka-gabin.pl\/wp-content\/uploads\/archive\/pliki\/obraz\/2025\/maj\/491999050_1001788012055214_6199048781285006971_n.jpg","contentUrl":"https:\/\/biblioteka-gabin.pl\/wp-content\/uploads\/archive\/pliki\/obraz\/2025\/maj\/491999050_1001788012055214_6199048781285006971_n.jpg"},{"@type":"BreadcrumbList","@id":"http:\/\/biblioteka-gabin.pl\/index.php\/2025\/05\/12\/spotkanie-z-bajka-w-oddziale-i-punkcie-przedszkolnym-w-nowym-grabiu-11-04-25\/#breadcrumb","itemListElement":[{"@type":"ListItem","position":1,"name":"Strona g\u0142\u00f3wna","item":"https:\/\/biblioteka-gabin.pl\/"},{"@type":"ListItem","position":2,"name":"&#8222;Spotkanie z bajk\u0105&#8221; w Oddziale i Punkcie Przedszkolnym w Nowym Grabiu (11.04.25)"}]},{"@type":"WebSite","@id":"https:\/\/biblioteka-gabin.pl\/#website","url":"https:\/\/biblioteka-gabin.pl\/","name":"Miejsko-Gminna Biblioteka Publiczna w G\u0105binie","description":"","publisher":{"@id":"https:\/\/biblioteka-gabin.pl\/#organization"},"potentialAction":[{"@type":"SearchAction","target":{"@type":"EntryPoint","urlTemplate":"https:\/\/biblioteka-gabin.pl\/?s={search_term_string}"},"query-input":{"@type":"PropertyValueSpecification","valueRequired":true,"valueName":"search_term_string"}}],"inLanguage":"pl-PL"},{"@type":"Organization","@id":"https:\/\/biblioteka-gabin.pl\/#organization","name":"Miejsko-Gminna Biblioteka Publiczna w G\u0105binie","url":"https:\/\/biblioteka-gabin.pl\/","logo":{"@type":"ImageObject","inLanguage":"pl-PL","@id":"https:\/\/biblioteka-gabin.pl\/#\/schema\/logo\/image\/","url":"https:\/\/biblioteka-gabin.pl\/wp-content\/uploads\/2025\/03\/logo-biblioteka-2-1657013691-1.jpg","contentUrl":"https:\/\/biblioteka-gabin.pl\/wp-content\/uploads\/2025\/03\/logo-biblioteka-2-1657013691-1.jpg","width":1600,"height":772,"caption":"Miejsko-Gminna Biblioteka Publiczna w G\u0105binie"},"image":{"@id":"https:\/\/biblioteka-gabin.pl\/#\/schema\/logo\/image\/"},"sameAs":["https:\/\/www.facebook.com\/bibliotekagabin","https:\/\/www.youtube.com\/@mgbpgabin9392"]},{"@type":"Person","@id":"https:\/\/biblioteka-gabin.pl\/#\/schema\/person\/2067b97c24663d987ef6ef95bed7c99a","name":"admin","image":{"@type":"ImageObject","inLanguage":"pl-PL","@id":"https:\/\/secure.gravatar.com\/avatar\/e1843904e97b4e376a0fc90ae10372cd31bce9b207a7a3d2ca68fc7ca7e4174c?s=96&d=mm&r=g","url":"https:\/\/secure.gravatar.com\/avatar\/e1843904e97b4e376a0fc90ae10372cd31bce9b207a7a3d2ca68fc7ca7e4174c?s=96&d=mm&r=g","contentUrl":"https:\/\/secure.gravatar.com\/avatar\/e1843904e97b4e376a0fc90ae10372cd31bce9b207a7a3d2ca68fc7ca7e4174c?s=96&d=mm&r=g","caption":"admin"},"sameAs":["http:\/\/strona.biblioteka-gabin.pl"],"url":"http:\/\/biblioteka-gabin.pl\/index.php\/author\/admin\/"}]}},"_links":{"self":[{"href":"http:\/\/biblioteka-gabin.pl\/index.php\/wp-json\/wp\/v2\/posts\/8459","targetHints":{"allow":["GET"]}}],"collection":[{"href":"http:\/\/biblioteka-gabin.pl\/index.php\/wp-json\/wp\/v2\/posts"}],"about":[{"href":"http:\/\/biblioteka-gabin.pl\/index.php\/wp-json\/wp\/v2\/types\/post"}],"author":[{"embeddable":true,"href":"http:\/\/biblioteka-gabin.pl\/index.php\/wp-json\/wp\/v2\/users\/1"}],"replies":[{"embeddable":true,"href":"http:\/\/biblioteka-gabin.pl\/index.php\/wp-json\/wp\/v2\/comments?post=8459"}],"version-history":[{"count":0,"href":"http:\/\/biblioteka-gabin.pl\/index.php\/wp-json\/wp\/v2\/posts\/8459\/revisions"}],"wp:attachment":[{"href":"http:\/\/biblioteka-gabin.pl\/index.php\/wp-json\/wp\/v2\/media?parent=8459"}],"wp:term":[{"taxonomy":"category","embeddable":true,"href":"http:\/\/biblioteka-gabin.pl\/index.php\/wp-json\/wp\/v2\/categories?post=8459"},{"taxonomy":"post_tag","embeddable":true,"href":"http:\/\/biblioteka-gabin.pl\/index.php\/wp-json\/wp\/v2\/tags?post=8459"}],"curies":[{"name":"wp","href":"https:\/\/api.w.org\/{rel}","templated":true}]}}