{"id":8465,"date":"2025-02-28T00:00:00","date_gmt":"2025-02-28T00:00:00","guid":{"rendered":"https:\/\/biblioteka-gabin.pl\/index.php\/2025\/02\/28\/spotkanie-z-bajka-w-oddziale-i-punkcie-przedszkolnym-w-nowym-grabiu-27-02-2025\/"},"modified":"2025-02-28T00:00:00","modified_gmt":"2025-02-28T00:00:00","slug":"spotkanie-z-bajka-w-oddziale-i-punkcie-przedszkolnym-w-nowym-grabiu-27-02-2025","status":"publish","type":"post","link":"http:\/\/biblioteka-gabin.pl\/index.php\/2025\/02\/28\/spotkanie-z-bajka-w-oddziale-i-punkcie-przedszkolnym-w-nowym-grabiu-27-02-2025\/","title":{"rendered":"&#8222;Spotkanie z bajk\u0105&#8221; w Oddziale i Punkcie Przedszkolnym w Nowym Grabiu (27.02.2025)"},"content":{"rendered":"<p>Dinozaur Diplodok\u00a0 pluskaj\u0105cy si\u0119 w wodzie i zanurzaj\u0105cy si\u0119 w koronie drzewa wzbudzi\u0142 zainteresowanie w\u015br\u00f3d dzieci z grupy \u201ePszcz\u00f3\u0142ki\u201d. Ksi\u0105\u017ceczka z kt\u00f3rej wysuwa\u0142y si\u0119 poszczeg\u00f3lne fragmenty dinozaura zaciekawi\u0142a Maluch\u00f3w. Diplodok nie m\u00f3g\u0142 zasn\u0105\u0107, gdy jego przyjaciele z jego plec\u00f3w zrobili sobie zje\u017cd\u017calnie. Ponadto dzieci wys\u0142ucha\u0142y bajki pt. \u201eCzerwony Kapturek\u201d z serii Kolekcja Niezapomnianych Bajek.<br \/>\n\u00a0\u00a0\u00a0 Z najstarsz\u0105 grup\u0105 \u201eMotyli\u201d bawi\u0142am si\u0119 wraz z ksi\u0105\u017ck\u0105 interaktywn\u0105 pt. \u201eZwierz\u0119ta\u201d, do kt\u00f3rej u\u017cyli\u015bmy magicznego pi\u00f3ra. Dzieci wielokrotnie korzysta\u0142y z tej\u017ce ksi\u0105\u017cki, ale na specjalne ich \u017cyczenie przywioz\u0142am j\u0105 ponownie.\u00a0 Poprzez znakomit\u0105 zabaw\u0119 dzieci ucz\u0105 si\u0119 i poznaj\u0105 wiele ciekawostek dotycz\u0105cych nietypowych zwierz\u0105t. Ta wiedza pos\u0142u\u017cy im z pewno\u015bci\u0105 nie raz. Dzieci pozna\u0142y zwierz\u0119ta z r\u00f3\u017cnych zak\u0105tk\u00f3w \u00a0\u015bwiata, wys\u0142ucha\u0142y ich charakterystycznych odg\u0142os\u00f3w. Na koniec sprawdzi\u0142am wiedz\u0119 poprzez zabaw\u0119 w quiz.<br \/>\n\u00a0\u00a0\u00a0\u00a0 \u201eBiedronkom\u201d\u00a0 przeczyta\u0142am bajki: \u00a0\u201ePinokio\u201d oraz \u201eMa\u0142y czerwony kogucik\u201d z serii Kolekcja Niezapomnianych bajek. Historia o ch\u0142opcu, wystuganym z drewna wszystkim dzieciom by\u0142a dobrze znana, ale dzieci wys\u0142ucha\u0142y jej z du\u017cym zainteresowaniem. Musz\u0119 przyzna\u0107, \u017ce z ogromn\u0105 rado\u015bci\u0105 j\u0105 przeczyta\u0142am.<br \/>\n\u00a0\u00a0\u00a0\u00a0 Dla mnie to sama rado\u015b\u0107, kiedy mam na zaj\u0119ciach tak uroczych s\u0142uchaczy. Wszystkim dzieciom serdecznie dzi\u0119kuj\u0119 za mi\u0142y czas wsp\u00f3lnie sp\u0119dzony. Niebawem ponownie si\u0119 spotkamy. Tym samym m\u00f3wi\u0119 do mi\u0142ego zobaczenia.<br \/>\n\u00a0\u00a0\u00a0\u00a0\u00a0\u00a0\u00a0\u00a0\u00a0\u00a0\u00a0\u00a0\u00a0\u00a0\u00a0\u00a0\u00a0\u00a0\u00a0\u00a0\u00a0\u00a0\u00a0\u00a0\u00a0\u00a0\u00a0\u00a0\u00a0\u00a0\u00a0\u00a0\u00a0\u00a0\u00a0\u00a0\u00a0\u00a0\u00a0\u00a0\u00a0\u00a0\u00a0\u00a0\u00a0\u00a0\u00a0\u00a0\u00a0\u00a0\u00a0\u00a0\u00a0\u00a0 Opr. Joanna Olejniczak<br \/>\n<img src='https:\/\/biblioteka-gabin.pl\/wp-content\/uploads\/archive\/pliki\/obraz\/2025\/luty\/jntlug7l.jpg'><br \/>\n<a href='https:\/\/biblioteka-gabin.pl\/wp-content\/uploads\/archive\/galleries\/661\/fpkgkv23-364f6af5ca.jpg'><img style='max-height:300px;' src='https:\/\/biblioteka-gabin.pl\/wp-content\/uploads\/archive\/galleries\/661\/fpkgkv23-364f6af5ca.jpg'><\/a><br \/>\n<a href='https:\/\/biblioteka-gabin.pl\/wp-content\/uploads\/archive\/galleries\/661\/usmlfrpn-8f40f0eb00.jpg'><img style='max-height:300px;' src='https:\/\/biblioteka-gabin.pl\/wp-content\/uploads\/archive\/galleries\/661\/usmlfrpn-8f40f0eb00.jpg'><\/a><\/p>\n","protected":false},"excerpt":{"rendered":"<p>Dinozaur Diplodok\u00a0 pluskaj\u0105cy si\u0119 w wodzie i zanurzaj\u0105cy si\u0119 w<\/p>\n","protected":false},"author":1,"featured_media":0,"comment_status":"open","ping_status":"open","sticky":false,"template":"","format":"standard","meta":{"footnotes":""},"categories":[36],"tags":[],"class_list":["post-8465","post","type-post","status-publish","format-standard","hentry","category-main"],"yoast_head":"<!-- This site is optimized with the Yoast SEO plugin v27.4 - https:\/\/yoast.com\/product\/yoast-seo-wordpress\/ -->\n<title>&quot;Spotkanie z bajk\u0105&quot; w Oddziale i Punkcie Przedszkolnym w Nowym Grabiu (27.02.2025) - Miejsko-Gminna Biblioteka Publiczna w G\u0105binie<\/title>\n<meta name=\"robots\" content=\"index, follow, max-snippet:-1, max-image-preview:large, max-video-preview:-1\" \/>\n<link rel=\"canonical\" href=\"http:\/\/biblioteka-gabin.pl\/index.php\/2025\/02\/28\/spotkanie-z-bajka-w-oddziale-i-punkcie-przedszkolnym-w-nowym-grabiu-27-02-2025\/\" \/>\n<meta property=\"og:locale\" content=\"pl_PL\" \/>\n<meta property=\"og:type\" content=\"article\" \/>\n<meta property=\"og:title\" content=\"&quot;Spotkanie z bajk\u0105&quot; w Oddziale i Punkcie Przedszkolnym w Nowym Grabiu (27.02.2025) - Miejsko-Gminna Biblioteka Publiczna w G\u0105binie\" \/>\n<meta property=\"og:description\" content=\"Dinozaur Diplodok\u00a0 pluskaj\u0105cy si\u0119 w wodzie i zanurzaj\u0105cy si\u0119 w\" \/>\n<meta property=\"og:url\" content=\"http:\/\/biblioteka-gabin.pl\/index.php\/2025\/02\/28\/spotkanie-z-bajka-w-oddziale-i-punkcie-przedszkolnym-w-nowym-grabiu-27-02-2025\/\" \/>\n<meta property=\"og:site_name\" content=\"Miejsko-Gminna Biblioteka Publiczna w G\u0105binie\" \/>\n<meta property=\"article:publisher\" content=\"https:\/\/www.facebook.com\/bibliotekagabin\" \/>\n<meta property=\"article:published_time\" content=\"2025-02-28T00:00:00+00:00\" \/>\n<meta property=\"og:image\" content=\"https:\/\/biblioteka-gabin.pl\/wp-content\/uploads\/archive\/pliki\/obraz\/2025\/luty\/jntlug7l.jpg\" \/>\n<meta name=\"author\" content=\"admin\" \/>\n<meta name=\"twitter:card\" content=\"summary_large_image\" \/>\n<meta name=\"twitter:label1\" content=\"Napisane przez\" \/>\n\t<meta name=\"twitter:data1\" content=\"admin\" \/>\n\t<meta name=\"twitter:label2\" content=\"Szacowany czas czytania\" \/>\n\t<meta name=\"twitter:data2\" content=\"1 minuta\" \/>\n<script type=\"application\/ld+json\" class=\"yoast-schema-graph\">{\"@context\":\"https:\\\/\\\/schema.org\",\"@graph\":[{\"@type\":\"Article\",\"@id\":\"http:\\\/\\\/biblioteka-gabin.pl\\\/index.php\\\/2025\\\/02\\\/28\\\/spotkanie-z-bajka-w-oddziale-i-punkcie-przedszkolnym-w-nowym-grabiu-27-02-2025\\\/#article\",\"isPartOf\":{\"@id\":\"http:\\\/\\\/biblioteka-gabin.pl\\\/index.php\\\/2025\\\/02\\\/28\\\/spotkanie-z-bajka-w-oddziale-i-punkcie-przedszkolnym-w-nowym-grabiu-27-02-2025\\\/\"},\"author\":{\"name\":\"admin\",\"@id\":\"https:\\\/\\\/biblioteka-gabin.pl\\\/#\\\/schema\\\/person\\\/2067b97c24663d987ef6ef95bed7c99a\"},\"headline\":\"&#8222;Spotkanie z bajk\u0105&#8221; w Oddziale i Punkcie Przedszkolnym w Nowym Grabiu (27.02.2025)\",\"datePublished\":\"2025-02-28T00:00:00+00:00\",\"mainEntityOfPage\":{\"@id\":\"http:\\\/\\\/biblioteka-gabin.pl\\\/index.php\\\/2025\\\/02\\\/28\\\/spotkanie-z-bajka-w-oddziale-i-punkcie-przedszkolnym-w-nowym-grabiu-27-02-2025\\\/\"},\"wordCount\":269,\"commentCount\":0,\"publisher\":{\"@id\":\"https:\\\/\\\/biblioteka-gabin.pl\\\/#organization\"},\"image\":{\"@id\":\"http:\\\/\\\/biblioteka-gabin.pl\\\/index.php\\\/2025\\\/02\\\/28\\\/spotkanie-z-bajka-w-oddziale-i-punkcie-przedszkolnym-w-nowym-grabiu-27-02-2025\\\/#primaryimage\"},\"thumbnailUrl\":\"https:\\\/\\\/biblioteka-gabin.pl\\\/wp-content\\\/uploads\\\/archive\\\/pliki\\\/obraz\\\/2025\\\/luty\\\/jntlug7l.jpg\",\"articleSection\":[\"Main\"],\"inLanguage\":\"pl-PL\",\"potentialAction\":[{\"@type\":\"CommentAction\",\"name\":\"Comment\",\"target\":[\"http:\\\/\\\/biblioteka-gabin.pl\\\/index.php\\\/2025\\\/02\\\/28\\\/spotkanie-z-bajka-w-oddziale-i-punkcie-przedszkolnym-w-nowym-grabiu-27-02-2025\\\/#respond\"]}]},{\"@type\":\"WebPage\",\"@id\":\"http:\\\/\\\/biblioteka-gabin.pl\\\/index.php\\\/2025\\\/02\\\/28\\\/spotkanie-z-bajka-w-oddziale-i-punkcie-przedszkolnym-w-nowym-grabiu-27-02-2025\\\/\",\"url\":\"http:\\\/\\\/biblioteka-gabin.pl\\\/index.php\\\/2025\\\/02\\\/28\\\/spotkanie-z-bajka-w-oddziale-i-punkcie-przedszkolnym-w-nowym-grabiu-27-02-2025\\\/\",\"name\":\"\\\"Spotkanie z bajk\u0105\\\" w Oddziale i Punkcie Przedszkolnym w Nowym Grabiu (27.02.2025) - Miejsko-Gminna Biblioteka Publiczna w G\u0105binie\",\"isPartOf\":{\"@id\":\"https:\\\/\\\/biblioteka-gabin.pl\\\/#website\"},\"primaryImageOfPage\":{\"@id\":\"http:\\\/\\\/biblioteka-gabin.pl\\\/index.php\\\/2025\\\/02\\\/28\\\/spotkanie-z-bajka-w-oddziale-i-punkcie-przedszkolnym-w-nowym-grabiu-27-02-2025\\\/#primaryimage\"},\"image\":{\"@id\":\"http:\\\/\\\/biblioteka-gabin.pl\\\/index.php\\\/2025\\\/02\\\/28\\\/spotkanie-z-bajka-w-oddziale-i-punkcie-przedszkolnym-w-nowym-grabiu-27-02-2025\\\/#primaryimage\"},\"thumbnailUrl\":\"https:\\\/\\\/biblioteka-gabin.pl\\\/wp-content\\\/uploads\\\/archive\\\/pliki\\\/obraz\\\/2025\\\/luty\\\/jntlug7l.jpg\",\"datePublished\":\"2025-02-28T00:00:00+00:00\",\"breadcrumb\":{\"@id\":\"http:\\\/\\\/biblioteka-gabin.pl\\\/index.php\\\/2025\\\/02\\\/28\\\/spotkanie-z-bajka-w-oddziale-i-punkcie-przedszkolnym-w-nowym-grabiu-27-02-2025\\\/#breadcrumb\"},\"inLanguage\":\"pl-PL\",\"potentialAction\":[{\"@type\":\"ReadAction\",\"target\":[\"http:\\\/\\\/biblioteka-gabin.pl\\\/index.php\\\/2025\\\/02\\\/28\\\/spotkanie-z-bajka-w-oddziale-i-punkcie-przedszkolnym-w-nowym-grabiu-27-02-2025\\\/\"]}]},{\"@type\":\"ImageObject\",\"inLanguage\":\"pl-PL\",\"@id\":\"http:\\\/\\\/biblioteka-gabin.pl\\\/index.php\\\/2025\\\/02\\\/28\\\/spotkanie-z-bajka-w-oddziale-i-punkcie-przedszkolnym-w-nowym-grabiu-27-02-2025\\\/#primaryimage\",\"url\":\"https:\\\/\\\/biblioteka-gabin.pl\\\/wp-content\\\/uploads\\\/archive\\\/pliki\\\/obraz\\\/2025\\\/luty\\\/jntlug7l.jpg\",\"contentUrl\":\"https:\\\/\\\/biblioteka-gabin.pl\\\/wp-content\\\/uploads\\\/archive\\\/pliki\\\/obraz\\\/2025\\\/luty\\\/jntlug7l.jpg\"},{\"@type\":\"BreadcrumbList\",\"@id\":\"http:\\\/\\\/biblioteka-gabin.pl\\\/index.php\\\/2025\\\/02\\\/28\\\/spotkanie-z-bajka-w-oddziale-i-punkcie-przedszkolnym-w-nowym-grabiu-27-02-2025\\\/#breadcrumb\",\"itemListElement\":[{\"@type\":\"ListItem\",\"position\":1,\"name\":\"Strona g\u0142\u00f3wna\",\"item\":\"https:\\\/\\\/biblioteka-gabin.pl\\\/\"},{\"@type\":\"ListItem\",\"position\":2,\"name\":\"&#8222;Spotkanie z bajk\u0105&#8221; w Oddziale i Punkcie Przedszkolnym w Nowym Grabiu (27.02.2025)\"}]},{\"@type\":\"WebSite\",\"@id\":\"https:\\\/\\\/biblioteka-gabin.pl\\\/#website\",\"url\":\"https:\\\/\\\/biblioteka-gabin.pl\\\/\",\"name\":\"Miejsko-Gminna Biblioteka Publiczna w G\u0105binie\",\"description\":\"\",\"publisher\":{\"@id\":\"https:\\\/\\\/biblioteka-gabin.pl\\\/#organization\"},\"potentialAction\":[{\"@type\":\"SearchAction\",\"target\":{\"@type\":\"EntryPoint\",\"urlTemplate\":\"https:\\\/\\\/biblioteka-gabin.pl\\\/?s={search_term_string}\"},\"query-input\":{\"@type\":\"PropertyValueSpecification\",\"valueRequired\":true,\"valueName\":\"search_term_string\"}}],\"inLanguage\":\"pl-PL\"},{\"@type\":\"Organization\",\"@id\":\"https:\\\/\\\/biblioteka-gabin.pl\\\/#organization\",\"name\":\"Miejsko-Gminna Biblioteka Publiczna w G\u0105binie\",\"url\":\"https:\\\/\\\/biblioteka-gabin.pl\\\/\",\"logo\":{\"@type\":\"ImageObject\",\"inLanguage\":\"pl-PL\",\"@id\":\"https:\\\/\\\/biblioteka-gabin.pl\\\/#\\\/schema\\\/logo\\\/image\\\/\",\"url\":\"https:\\\/\\\/biblioteka-gabin.pl\\\/wp-content\\\/uploads\\\/2025\\\/03\\\/logo-biblioteka-2-1657013691-1.jpg\",\"contentUrl\":\"https:\\\/\\\/biblioteka-gabin.pl\\\/wp-content\\\/uploads\\\/2025\\\/03\\\/logo-biblioteka-2-1657013691-1.jpg\",\"width\":1600,\"height\":772,\"caption\":\"Miejsko-Gminna Biblioteka Publiczna w G\u0105binie\"},\"image\":{\"@id\":\"https:\\\/\\\/biblioteka-gabin.pl\\\/#\\\/schema\\\/logo\\\/image\\\/\"},\"sameAs\":[\"https:\\\/\\\/www.facebook.com\\\/bibliotekagabin\",\"https:\\\/\\\/www.youtube.com\\\/@mgbpgabin9392\"]},{\"@type\":\"Person\",\"@id\":\"https:\\\/\\\/biblioteka-gabin.pl\\\/#\\\/schema\\\/person\\\/2067b97c24663d987ef6ef95bed7c99a\",\"name\":\"admin\",\"image\":{\"@type\":\"ImageObject\",\"inLanguage\":\"pl-PL\",\"@id\":\"https:\\\/\\\/secure.gravatar.com\\\/avatar\\\/e1843904e97b4e376a0fc90ae10372cd31bce9b207a7a3d2ca68fc7ca7e4174c?s=96&d=mm&r=g\",\"url\":\"https:\\\/\\\/secure.gravatar.com\\\/avatar\\\/e1843904e97b4e376a0fc90ae10372cd31bce9b207a7a3d2ca68fc7ca7e4174c?s=96&d=mm&r=g\",\"contentUrl\":\"https:\\\/\\\/secure.gravatar.com\\\/avatar\\\/e1843904e97b4e376a0fc90ae10372cd31bce9b207a7a3d2ca68fc7ca7e4174c?s=96&d=mm&r=g\",\"caption\":\"admin\"},\"sameAs\":[\"http:\\\/\\\/strona.biblioteka-gabin.pl\"],\"url\":\"http:\\\/\\\/biblioteka-gabin.pl\\\/index.php\\\/author\\\/admin\\\/\"}]}<\/script>\n<!-- \/ Yoast SEO plugin. -->","yoast_head_json":{"title":"\"Spotkanie z bajk\u0105\" w Oddziale i Punkcie Przedszkolnym w Nowym Grabiu (27.02.2025) - Miejsko-Gminna Biblioteka Publiczna w G\u0105binie","robots":{"index":"index","follow":"follow","max-snippet":"max-snippet:-1","max-image-preview":"max-image-preview:large","max-video-preview":"max-video-preview:-1"},"canonical":"http:\/\/biblioteka-gabin.pl\/index.php\/2025\/02\/28\/spotkanie-z-bajka-w-oddziale-i-punkcie-przedszkolnym-w-nowym-grabiu-27-02-2025\/","og_locale":"pl_PL","og_type":"article","og_title":"\"Spotkanie z bajk\u0105\" w Oddziale i Punkcie Przedszkolnym w Nowym Grabiu (27.02.2025) - Miejsko-Gminna Biblioteka Publiczna w G\u0105binie","og_description":"Dinozaur Diplodok\u00a0 pluskaj\u0105cy si\u0119 w wodzie i zanurzaj\u0105cy si\u0119 w","og_url":"http:\/\/biblioteka-gabin.pl\/index.php\/2025\/02\/28\/spotkanie-z-bajka-w-oddziale-i-punkcie-przedszkolnym-w-nowym-grabiu-27-02-2025\/","og_site_name":"Miejsko-Gminna Biblioteka Publiczna w G\u0105binie","article_publisher":"https:\/\/www.facebook.com\/bibliotekagabin","article_published_time":"2025-02-28T00:00:00+00:00","og_image":[{"url":"https:\/\/biblioteka-gabin.pl\/wp-content\/uploads\/archive\/pliki\/obraz\/2025\/luty\/jntlug7l.jpg","type":"","width":"","height":""}],"author":"admin","twitter_card":"summary_large_image","twitter_misc":{"Napisane przez":"admin","Szacowany czas czytania":"1 minuta"},"schema":{"@context":"https:\/\/schema.org","@graph":[{"@type":"Article","@id":"http:\/\/biblioteka-gabin.pl\/index.php\/2025\/02\/28\/spotkanie-z-bajka-w-oddziale-i-punkcie-przedszkolnym-w-nowym-grabiu-27-02-2025\/#article","isPartOf":{"@id":"http:\/\/biblioteka-gabin.pl\/index.php\/2025\/02\/28\/spotkanie-z-bajka-w-oddziale-i-punkcie-przedszkolnym-w-nowym-grabiu-27-02-2025\/"},"author":{"name":"admin","@id":"https:\/\/biblioteka-gabin.pl\/#\/schema\/person\/2067b97c24663d987ef6ef95bed7c99a"},"headline":"&#8222;Spotkanie z bajk\u0105&#8221; w Oddziale i Punkcie Przedszkolnym w Nowym Grabiu (27.02.2025)","datePublished":"2025-02-28T00:00:00+00:00","mainEntityOfPage":{"@id":"http:\/\/biblioteka-gabin.pl\/index.php\/2025\/02\/28\/spotkanie-z-bajka-w-oddziale-i-punkcie-przedszkolnym-w-nowym-grabiu-27-02-2025\/"},"wordCount":269,"commentCount":0,"publisher":{"@id":"https:\/\/biblioteka-gabin.pl\/#organization"},"image":{"@id":"http:\/\/biblioteka-gabin.pl\/index.php\/2025\/02\/28\/spotkanie-z-bajka-w-oddziale-i-punkcie-przedszkolnym-w-nowym-grabiu-27-02-2025\/#primaryimage"},"thumbnailUrl":"https:\/\/biblioteka-gabin.pl\/wp-content\/uploads\/archive\/pliki\/obraz\/2025\/luty\/jntlug7l.jpg","articleSection":["Main"],"inLanguage":"pl-PL","potentialAction":[{"@type":"CommentAction","name":"Comment","target":["http:\/\/biblioteka-gabin.pl\/index.php\/2025\/02\/28\/spotkanie-z-bajka-w-oddziale-i-punkcie-przedszkolnym-w-nowym-grabiu-27-02-2025\/#respond"]}]},{"@type":"WebPage","@id":"http:\/\/biblioteka-gabin.pl\/index.php\/2025\/02\/28\/spotkanie-z-bajka-w-oddziale-i-punkcie-przedszkolnym-w-nowym-grabiu-27-02-2025\/","url":"http:\/\/biblioteka-gabin.pl\/index.php\/2025\/02\/28\/spotkanie-z-bajka-w-oddziale-i-punkcie-przedszkolnym-w-nowym-grabiu-27-02-2025\/","name":"\"Spotkanie z bajk\u0105\" w Oddziale i Punkcie Przedszkolnym w Nowym Grabiu (27.02.2025) - Miejsko-Gminna Biblioteka Publiczna w G\u0105binie","isPartOf":{"@id":"https:\/\/biblioteka-gabin.pl\/#website"},"primaryImageOfPage":{"@id":"http:\/\/biblioteka-gabin.pl\/index.php\/2025\/02\/28\/spotkanie-z-bajka-w-oddziale-i-punkcie-przedszkolnym-w-nowym-grabiu-27-02-2025\/#primaryimage"},"image":{"@id":"http:\/\/biblioteka-gabin.pl\/index.php\/2025\/02\/28\/spotkanie-z-bajka-w-oddziale-i-punkcie-przedszkolnym-w-nowym-grabiu-27-02-2025\/#primaryimage"},"thumbnailUrl":"https:\/\/biblioteka-gabin.pl\/wp-content\/uploads\/archive\/pliki\/obraz\/2025\/luty\/jntlug7l.jpg","datePublished":"2025-02-28T00:00:00+00:00","breadcrumb":{"@id":"http:\/\/biblioteka-gabin.pl\/index.php\/2025\/02\/28\/spotkanie-z-bajka-w-oddziale-i-punkcie-przedszkolnym-w-nowym-grabiu-27-02-2025\/#breadcrumb"},"inLanguage":"pl-PL","potentialAction":[{"@type":"ReadAction","target":["http:\/\/biblioteka-gabin.pl\/index.php\/2025\/02\/28\/spotkanie-z-bajka-w-oddziale-i-punkcie-przedszkolnym-w-nowym-grabiu-27-02-2025\/"]}]},{"@type":"ImageObject","inLanguage":"pl-PL","@id":"http:\/\/biblioteka-gabin.pl\/index.php\/2025\/02\/28\/spotkanie-z-bajka-w-oddziale-i-punkcie-przedszkolnym-w-nowym-grabiu-27-02-2025\/#primaryimage","url":"https:\/\/biblioteka-gabin.pl\/wp-content\/uploads\/archive\/pliki\/obraz\/2025\/luty\/jntlug7l.jpg","contentUrl":"https:\/\/biblioteka-gabin.pl\/wp-content\/uploads\/archive\/pliki\/obraz\/2025\/luty\/jntlug7l.jpg"},{"@type":"BreadcrumbList","@id":"http:\/\/biblioteka-gabin.pl\/index.php\/2025\/02\/28\/spotkanie-z-bajka-w-oddziale-i-punkcie-przedszkolnym-w-nowym-grabiu-27-02-2025\/#breadcrumb","itemListElement":[{"@type":"ListItem","position":1,"name":"Strona g\u0142\u00f3wna","item":"https:\/\/biblioteka-gabin.pl\/"},{"@type":"ListItem","position":2,"name":"&#8222;Spotkanie z bajk\u0105&#8221; w Oddziale i Punkcie Przedszkolnym w Nowym Grabiu (27.02.2025)"}]},{"@type":"WebSite","@id":"https:\/\/biblioteka-gabin.pl\/#website","url":"https:\/\/biblioteka-gabin.pl\/","name":"Miejsko-Gminna Biblioteka Publiczna w G\u0105binie","description":"","publisher":{"@id":"https:\/\/biblioteka-gabin.pl\/#organization"},"potentialAction":[{"@type":"SearchAction","target":{"@type":"EntryPoint","urlTemplate":"https:\/\/biblioteka-gabin.pl\/?s={search_term_string}"},"query-input":{"@type":"PropertyValueSpecification","valueRequired":true,"valueName":"search_term_string"}}],"inLanguage":"pl-PL"},{"@type":"Organization","@id":"https:\/\/biblioteka-gabin.pl\/#organization","name":"Miejsko-Gminna Biblioteka Publiczna w G\u0105binie","url":"https:\/\/biblioteka-gabin.pl\/","logo":{"@type":"ImageObject","inLanguage":"pl-PL","@id":"https:\/\/biblioteka-gabin.pl\/#\/schema\/logo\/image\/","url":"https:\/\/biblioteka-gabin.pl\/wp-content\/uploads\/2025\/03\/logo-biblioteka-2-1657013691-1.jpg","contentUrl":"https:\/\/biblioteka-gabin.pl\/wp-content\/uploads\/2025\/03\/logo-biblioteka-2-1657013691-1.jpg","width":1600,"height":772,"caption":"Miejsko-Gminna Biblioteka Publiczna w G\u0105binie"},"image":{"@id":"https:\/\/biblioteka-gabin.pl\/#\/schema\/logo\/image\/"},"sameAs":["https:\/\/www.facebook.com\/bibliotekagabin","https:\/\/www.youtube.com\/@mgbpgabin9392"]},{"@type":"Person","@id":"https:\/\/biblioteka-gabin.pl\/#\/schema\/person\/2067b97c24663d987ef6ef95bed7c99a","name":"admin","image":{"@type":"ImageObject","inLanguage":"pl-PL","@id":"https:\/\/secure.gravatar.com\/avatar\/e1843904e97b4e376a0fc90ae10372cd31bce9b207a7a3d2ca68fc7ca7e4174c?s=96&d=mm&r=g","url":"https:\/\/secure.gravatar.com\/avatar\/e1843904e97b4e376a0fc90ae10372cd31bce9b207a7a3d2ca68fc7ca7e4174c?s=96&d=mm&r=g","contentUrl":"https:\/\/secure.gravatar.com\/avatar\/e1843904e97b4e376a0fc90ae10372cd31bce9b207a7a3d2ca68fc7ca7e4174c?s=96&d=mm&r=g","caption":"admin"},"sameAs":["http:\/\/strona.biblioteka-gabin.pl"],"url":"http:\/\/biblioteka-gabin.pl\/index.php\/author\/admin\/"}]}},"_links":{"self":[{"href":"http:\/\/biblioteka-gabin.pl\/index.php\/wp-json\/wp\/v2\/posts\/8465","targetHints":{"allow":["GET"]}}],"collection":[{"href":"http:\/\/biblioteka-gabin.pl\/index.php\/wp-json\/wp\/v2\/posts"}],"about":[{"href":"http:\/\/biblioteka-gabin.pl\/index.php\/wp-json\/wp\/v2\/types\/post"}],"author":[{"embeddable":true,"href":"http:\/\/biblioteka-gabin.pl\/index.php\/wp-json\/wp\/v2\/users\/1"}],"replies":[{"embeddable":true,"href":"http:\/\/biblioteka-gabin.pl\/index.php\/wp-json\/wp\/v2\/comments?post=8465"}],"version-history":[{"count":0,"href":"http:\/\/biblioteka-gabin.pl\/index.php\/wp-json\/wp\/v2\/posts\/8465\/revisions"}],"wp:attachment":[{"href":"http:\/\/biblioteka-gabin.pl\/index.php\/wp-json\/wp\/v2\/media?parent=8465"}],"wp:term":[{"taxonomy":"category","embeddable":true,"href":"http:\/\/biblioteka-gabin.pl\/index.php\/wp-json\/wp\/v2\/categories?post=8465"},{"taxonomy":"post_tag","embeddable":true,"href":"http:\/\/biblioteka-gabin.pl\/index.php\/wp-json\/wp\/v2\/tags?post=8465"}],"curies":[{"name":"wp","href":"https:\/\/api.w.org\/{rel}","templated":true}]}}