{"id":8467,"date":"2025-01-30T00:00:00","date_gmt":"2025-01-30T00:00:00","guid":{"rendered":"https:\/\/biblioteka-gabin.pl\/index.php\/2025\/01\/30\/spotkanie-z-bajka-w-oddziale-i-punkcie-przedszkolnym-w-nowym-grabiu-30-01-2025\/"},"modified":"2025-01-30T00:00:00","modified_gmt":"2025-01-30T00:00:00","slug":"spotkanie-z-bajka-w-oddziale-i-punkcie-przedszkolnym-w-nowym-grabiu-30-01-2025","status":"publish","type":"post","link":"http:\/\/biblioteka-gabin.pl\/index.php\/2025\/01\/30\/spotkanie-z-bajka-w-oddziale-i-punkcie-przedszkolnym-w-nowym-grabiu-30-01-2025\/","title":{"rendered":"&#8222;Spotkanie z bajk\u0105&#8221; w Oddziale i Punkcie Przedszkolnym w Nowym grabiu (30.01.2025)"},"content":{"rendered":"<p>Po kr\u00f3tkiej nieobecno\u015bci u Przedszkolak\u00f3w z Nowego Grabia ponownie zago\u015bci\u0142am z ksi\u0105\u017ckami. Moc u\u015bcisk\u00f3w, u\u015bmiech\u00f3w i zapyta\u0144: czemu tak d\u0142ugo mnie nie by\u0142o?-upewni\u0142o mnie, \u017ce w dzieciach chod\u017a troszk\u0119 uda\u0142o mi si\u0119 \u201ezaszczepi\u0107\u201d sympati\u0119 do ksi\u0105\u017cek!<br \/>\n\u00a0\u00a0 Najm\u0142odszej grupie \u201ePszcz\u00f3\u0142kom\u201d przeczyta\u0142am bajk\u0119 S. Smallman pt. \u201ePrzyjaciele Myszki Marudy\u201d. Historia malutkiego zwierz\u0105tka zafascynowa\u0142a Milusi\u0144skich. Gdy spogl\u0105da\u0142am na ich twarze dostrzeg\u0142am jak emocjonalnie prze\u017cywali ka\u017cd\u0105 jej przygod\u0119. Z opowie\u015bci dzieci dowiedzia\u0142y si\u0119, \u017ce nie warto by\u0107 marudnym- u\u015bmiech zdecydowanie lepiej maluje si\u0119 na naszych twarzach. Dodatkowo przeczyta\u0142am ksi\u0105\u017ceczk\u0119 E. Korolkiewicz pt. \u201ePupile\u201d z serii Przytul mnie. By\u0142a to sensoryczna ksi\u0105\u017cka, zawieraj\u0105ca pi\u0119kne zdj\u0119cia zwierzak\u00f3w, mi\u0119ciutkie ich futerka oraz sympatyczne wierszyki o nich. Ka\u017cdy Maluch m\u00f3g\u0142 dotkn\u0105\u0107 wypuk\u0142ych element\u00f3w i samodzielnie przekona\u0107 si\u0119, jak mi\u0142e s\u0105 w dotyku.<br \/>\n\u00a0\u00a0\u00a0\u00a0 \u201eBiedronki\u201d wys\u0142ucha\u0142y bajki M. Strza\u0142kowskiej pt. \u201eSzara Myszka i kolory\u201d. Opowie\u015b\u0107 rozbawi\u0142a i zaciekawi\u0142a grup\u0119. Cierpliwie czekali co wydarzy si\u0119 na ko\u0144cu przyg\u00f3d niezdecydowanej Myszki, kt\u00f3ra zapragn\u0119\u0142a zmieni\u0107 sw\u00f3j kolor futerka. Ponadto wprowadzi\u0142am dzieci w \u015bwiat marze\u0144, prezentuj\u0105c ksi\u0105\u017ck\u0119 B. Cort pt. \u201eZ marzeniami mog\u0119 wszystko!\u201d . U\u015bwiadomi\u0142am s\u0142uchaczom, \u017ce codziennie mog\u0105 odby\u0107 podr\u00f3\u017c w nieznane, daleko, daleko st\u0105d\u2026Wystarczy, \u017ce zaczn\u0105 marzy\u0107\u2026<br \/>\n\u00a0\u00a0 Z najstarsz\u0105 grupa \u201eMotylk\u00f3w\u201d porozmawia\u0142am na temat mi\u0142o\u015bci. Pi\u0119knie odpowiedzieli mi gdzie mo\u017cna j\u0105 spotka\u0107, kogo mo\u017cemy j\u0105 obdarzy\u0107. Podtrzymuj\u0105c temat przeczyta\u0142a dzieciom ksi\u0105\u017ck\u0119 Mojo Graffi pt. \u201eCzym jest mi\u0142o\u015b\u0107?\u201d. Zaprezentowa\u0142am dodatkowo bajk\u0119 o pewnej \u017cabce, kt\u00f3ra nie dostrzega\u0142a pi\u0119kna jakie mia\u0142a wok\u00f3\u0142 siebie- J. Chapman pt. \u201eKa\u017cdy jest cudem\u201d.<br \/>\n\u00a0\u00a0\u00a0 Dzi\u0119kuj\u0119 za mi\u0142e spotkanie, cudownie by\u0142o ponownie u Was go\u015bci\u0107. Ogrom u\u015bmiech\u00f3w i \u201eprzytulak\u00f3w\u201d sprawi\u0142, \u017ce ten dzie\u0144 by\u0142 wyj\u0105tkowy- za kt\u00f3ry bardzo serdecznie Wam dzi\u0119kuj\u0119. Niebawem ponownie si\u0119 spotkamy, a tym samym do mi\u0142ego zobaczenia\u2026<br \/>\n\u00a0\u00a0\u00a0\u00a0\u00a0\u00a0\u00a0\u00a0\u00a0\u00a0\u00a0\u00a0\u00a0\u00a0\u00a0\u00a0\u00a0\u00a0\u00a0\u00a0\u00a0\u00a0\u00a0\u00a0\u00a0\u00a0 \u00a0\u00a0\u00a0\u00a0\u00a0\u00a0\u00a0\u00a0\u00a0\u00a0\u00a0\u00a0\u00a0\u00a0Opr. Joanna Olejniczak<br \/>\n<img src='https:\/\/biblioteka-gabin.pl\/wp-content\/uploads\/archive\/pliki\/obraz\/2025\/stycze\/474156938_587989207449961_6275318977476346755_n.jpg'><br \/>\n<a href='https:\/\/biblioteka-gabin.pl\/wp-content\/uploads\/archive\/galleries\/645\/4741569385879892074499616275318977476346755n-5c2872f871.jpg'><img style='max-height:300px;' src='https:\/\/biblioteka-gabin.pl\/wp-content\/uploads\/archive\/galleries\/645\/4741569385879892074499616275318977476346755n-5c2872f871.jpg'><\/a><br \/>\n<a href='https:\/\/biblioteka-gabin.pl\/wp-content\/uploads\/archive\/galleries\/645\/bk9zyos-bddfa72e67.jpg'><img style='max-height:300px;' src='https:\/\/biblioteka-gabin.pl\/wp-content\/uploads\/archive\/galleries\/645\/bk9zyos-bddfa72e67.jpg'><\/a><br \/>\n<a href='https:\/\/biblioteka-gabin.pl\/wp-content\/uploads\/archive\/galleries\/645\/b6vmfkzw-f3cb22306c.jpg'><img style='max-height:300px;' src='https:\/\/biblioteka-gabin.pl\/wp-content\/uploads\/archive\/galleries\/645\/b6vmfkzw-f3cb22306c.jpg'><\/a><br \/>\n<a href='https:\/\/biblioteka-gabin.pl\/wp-content\/uploads\/archive\/galleries\/645\/ju-nf18s-df902883b6.jpg'><img style='max-height:300px;' src='https:\/\/biblioteka-gabin.pl\/wp-content\/uploads\/archive\/galleries\/645\/ju-nf18s-df902883b6.jpg'><\/a><br \/>\n<a href='https:\/\/biblioteka-gabin.pl\/wp-content\/uploads\/archive\/galleries\/645\/xvmureha-3c06c0ae29.jpg'><img style='max-height:300px;' src='https:\/\/biblioteka-gabin.pl\/wp-content\/uploads\/archive\/galleries\/645\/xvmureha-3c06c0ae29.jpg'><\/a><br \/>\n<a href='https:\/\/biblioteka-gabin.pl\/wp-content\/uploads\/archive\/galleries\/645\/bo3kzryj-dc32e49fa9.jpg'><img style='max-height:300px;' src='https:\/\/biblioteka-gabin.pl\/wp-content\/uploads\/archive\/galleries\/645\/bo3kzryj-dc32e49fa9.jpg'><\/a><\/p>\n","protected":false},"excerpt":{"rendered":"<p>Po kr\u00f3tkiej nieobecno\u015bci u Przedszkolak\u00f3w z Nowego Grabia ponownie zago\u015bci\u0142am<\/p>\n","protected":false},"author":1,"featured_media":0,"comment_status":"open","ping_status":"open","sticky":false,"template":"","format":"standard","meta":{"footnotes":""},"categories":[36],"tags":[],"class_list":["post-8467","post","type-post","status-publish","format-standard","hentry","category-main"],"yoast_head":"<!-- This site is optimized with the Yoast SEO plugin v27.4 - https:\/\/yoast.com\/product\/yoast-seo-wordpress\/ -->\n<title>&quot;Spotkanie z bajk\u0105&quot; w Oddziale i Punkcie Przedszkolnym w Nowym grabiu (30.01.2025) - Miejsko-Gminna Biblioteka Publiczna w G\u0105binie<\/title>\n<meta name=\"robots\" content=\"index, follow, max-snippet:-1, max-image-preview:large, max-video-preview:-1\" \/>\n<link rel=\"canonical\" href=\"http:\/\/biblioteka-gabin.pl\/index.php\/2025\/01\/30\/spotkanie-z-bajka-w-oddziale-i-punkcie-przedszkolnym-w-nowym-grabiu-30-01-2025\/\" \/>\n<meta property=\"og:locale\" content=\"pl_PL\" \/>\n<meta property=\"og:type\" content=\"article\" \/>\n<meta property=\"og:title\" content=\"&quot;Spotkanie z bajk\u0105&quot; w Oddziale i Punkcie Przedszkolnym w Nowym grabiu (30.01.2025) - Miejsko-Gminna Biblioteka Publiczna w G\u0105binie\" \/>\n<meta property=\"og:description\" content=\"Po kr\u00f3tkiej nieobecno\u015bci u Przedszkolak\u00f3w z Nowego Grabia ponownie zago\u015bci\u0142am\" \/>\n<meta property=\"og:url\" content=\"http:\/\/biblioteka-gabin.pl\/index.php\/2025\/01\/30\/spotkanie-z-bajka-w-oddziale-i-punkcie-przedszkolnym-w-nowym-grabiu-30-01-2025\/\" \/>\n<meta property=\"og:site_name\" content=\"Miejsko-Gminna Biblioteka Publiczna w G\u0105binie\" \/>\n<meta property=\"article:publisher\" content=\"https:\/\/www.facebook.com\/bibliotekagabin\" \/>\n<meta property=\"article:published_time\" content=\"2025-01-30T00:00:00+00:00\" \/>\n<meta property=\"og:image\" content=\"https:\/\/biblioteka-gabin.pl\/wp-content\/uploads\/archive\/pliki\/obraz\/2025\/stycze\/474156938_587989207449961_6275318977476346755_n.jpg\" \/>\n<meta name=\"author\" content=\"admin\" \/>\n<meta name=\"twitter:card\" content=\"summary_large_image\" \/>\n<meta name=\"twitter:label1\" content=\"Napisane przez\" \/>\n\t<meta name=\"twitter:data1\" content=\"admin\" \/>\n\t<meta name=\"twitter:label2\" content=\"Szacowany czas czytania\" \/>\n\t<meta name=\"twitter:data2\" content=\"2 minuty\" \/>\n<script type=\"application\/ld+json\" class=\"yoast-schema-graph\">{\"@context\":\"https:\\\/\\\/schema.org\",\"@graph\":[{\"@type\":\"Article\",\"@id\":\"http:\\\/\\\/biblioteka-gabin.pl\\\/index.php\\\/2025\\\/01\\\/30\\\/spotkanie-z-bajka-w-oddziale-i-punkcie-przedszkolnym-w-nowym-grabiu-30-01-2025\\\/#article\",\"isPartOf\":{\"@id\":\"http:\\\/\\\/biblioteka-gabin.pl\\\/index.php\\\/2025\\\/01\\\/30\\\/spotkanie-z-bajka-w-oddziale-i-punkcie-przedszkolnym-w-nowym-grabiu-30-01-2025\\\/\"},\"author\":{\"name\":\"admin\",\"@id\":\"https:\\\/\\\/biblioteka-gabin.pl\\\/#\\\/schema\\\/person\\\/2067b97c24663d987ef6ef95bed7c99a\"},\"headline\":\"&#8222;Spotkanie z bajk\u0105&#8221; w Oddziale i Punkcie Przedszkolnym w Nowym grabiu (30.01.2025)\",\"datePublished\":\"2025-01-30T00:00:00+00:00\",\"mainEntityOfPage\":{\"@id\":\"http:\\\/\\\/biblioteka-gabin.pl\\\/index.php\\\/2025\\\/01\\\/30\\\/spotkanie-z-bajka-w-oddziale-i-punkcie-przedszkolnym-w-nowym-grabiu-30-01-2025\\\/\"},\"wordCount\":375,\"commentCount\":0,\"publisher\":{\"@id\":\"https:\\\/\\\/biblioteka-gabin.pl\\\/#organization\"},\"image\":{\"@id\":\"http:\\\/\\\/biblioteka-gabin.pl\\\/index.php\\\/2025\\\/01\\\/30\\\/spotkanie-z-bajka-w-oddziale-i-punkcie-przedszkolnym-w-nowym-grabiu-30-01-2025\\\/#primaryimage\"},\"thumbnailUrl\":\"https:\\\/\\\/biblioteka-gabin.pl\\\/wp-content\\\/uploads\\\/archive\\\/pliki\\\/obraz\\\/2025\\\/stycze\\\/474156938_587989207449961_6275318977476346755_n.jpg\",\"articleSection\":[\"Main\"],\"inLanguage\":\"pl-PL\",\"potentialAction\":[{\"@type\":\"CommentAction\",\"name\":\"Comment\",\"target\":[\"http:\\\/\\\/biblioteka-gabin.pl\\\/index.php\\\/2025\\\/01\\\/30\\\/spotkanie-z-bajka-w-oddziale-i-punkcie-przedszkolnym-w-nowym-grabiu-30-01-2025\\\/#respond\"]}]},{\"@type\":\"WebPage\",\"@id\":\"http:\\\/\\\/biblioteka-gabin.pl\\\/index.php\\\/2025\\\/01\\\/30\\\/spotkanie-z-bajka-w-oddziale-i-punkcie-przedszkolnym-w-nowym-grabiu-30-01-2025\\\/\",\"url\":\"http:\\\/\\\/biblioteka-gabin.pl\\\/index.php\\\/2025\\\/01\\\/30\\\/spotkanie-z-bajka-w-oddziale-i-punkcie-przedszkolnym-w-nowym-grabiu-30-01-2025\\\/\",\"name\":\"\\\"Spotkanie z bajk\u0105\\\" w Oddziale i Punkcie Przedszkolnym w Nowym grabiu (30.01.2025) - Miejsko-Gminna Biblioteka Publiczna w G\u0105binie\",\"isPartOf\":{\"@id\":\"https:\\\/\\\/biblioteka-gabin.pl\\\/#website\"},\"primaryImageOfPage\":{\"@id\":\"http:\\\/\\\/biblioteka-gabin.pl\\\/index.php\\\/2025\\\/01\\\/30\\\/spotkanie-z-bajka-w-oddziale-i-punkcie-przedszkolnym-w-nowym-grabiu-30-01-2025\\\/#primaryimage\"},\"image\":{\"@id\":\"http:\\\/\\\/biblioteka-gabin.pl\\\/index.php\\\/2025\\\/01\\\/30\\\/spotkanie-z-bajka-w-oddziale-i-punkcie-przedszkolnym-w-nowym-grabiu-30-01-2025\\\/#primaryimage\"},\"thumbnailUrl\":\"https:\\\/\\\/biblioteka-gabin.pl\\\/wp-content\\\/uploads\\\/archive\\\/pliki\\\/obraz\\\/2025\\\/stycze\\\/474156938_587989207449961_6275318977476346755_n.jpg\",\"datePublished\":\"2025-01-30T00:00:00+00:00\",\"breadcrumb\":{\"@id\":\"http:\\\/\\\/biblioteka-gabin.pl\\\/index.php\\\/2025\\\/01\\\/30\\\/spotkanie-z-bajka-w-oddziale-i-punkcie-przedszkolnym-w-nowym-grabiu-30-01-2025\\\/#breadcrumb\"},\"inLanguage\":\"pl-PL\",\"potentialAction\":[{\"@type\":\"ReadAction\",\"target\":[\"http:\\\/\\\/biblioteka-gabin.pl\\\/index.php\\\/2025\\\/01\\\/30\\\/spotkanie-z-bajka-w-oddziale-i-punkcie-przedszkolnym-w-nowym-grabiu-30-01-2025\\\/\"]}]},{\"@type\":\"ImageObject\",\"inLanguage\":\"pl-PL\",\"@id\":\"http:\\\/\\\/biblioteka-gabin.pl\\\/index.php\\\/2025\\\/01\\\/30\\\/spotkanie-z-bajka-w-oddziale-i-punkcie-przedszkolnym-w-nowym-grabiu-30-01-2025\\\/#primaryimage\",\"url\":\"https:\\\/\\\/biblioteka-gabin.pl\\\/wp-content\\\/uploads\\\/archive\\\/pliki\\\/obraz\\\/2025\\\/stycze\\\/474156938_587989207449961_6275318977476346755_n.jpg\",\"contentUrl\":\"https:\\\/\\\/biblioteka-gabin.pl\\\/wp-content\\\/uploads\\\/archive\\\/pliki\\\/obraz\\\/2025\\\/stycze\\\/474156938_587989207449961_6275318977476346755_n.jpg\"},{\"@type\":\"BreadcrumbList\",\"@id\":\"http:\\\/\\\/biblioteka-gabin.pl\\\/index.php\\\/2025\\\/01\\\/30\\\/spotkanie-z-bajka-w-oddziale-i-punkcie-przedszkolnym-w-nowym-grabiu-30-01-2025\\\/#breadcrumb\",\"itemListElement\":[{\"@type\":\"ListItem\",\"position\":1,\"name\":\"Strona g\u0142\u00f3wna\",\"item\":\"https:\\\/\\\/biblioteka-gabin.pl\\\/\"},{\"@type\":\"ListItem\",\"position\":2,\"name\":\"&#8222;Spotkanie z bajk\u0105&#8221; w Oddziale i Punkcie Przedszkolnym w Nowym grabiu (30.01.2025)\"}]},{\"@type\":\"WebSite\",\"@id\":\"https:\\\/\\\/biblioteka-gabin.pl\\\/#website\",\"url\":\"https:\\\/\\\/biblioteka-gabin.pl\\\/\",\"name\":\"Miejsko-Gminna Biblioteka Publiczna w G\u0105binie\",\"description\":\"\",\"publisher\":{\"@id\":\"https:\\\/\\\/biblioteka-gabin.pl\\\/#organization\"},\"potentialAction\":[{\"@type\":\"SearchAction\",\"target\":{\"@type\":\"EntryPoint\",\"urlTemplate\":\"https:\\\/\\\/biblioteka-gabin.pl\\\/?s={search_term_string}\"},\"query-input\":{\"@type\":\"PropertyValueSpecification\",\"valueRequired\":true,\"valueName\":\"search_term_string\"}}],\"inLanguage\":\"pl-PL\"},{\"@type\":\"Organization\",\"@id\":\"https:\\\/\\\/biblioteka-gabin.pl\\\/#organization\",\"name\":\"Miejsko-Gminna Biblioteka Publiczna w G\u0105binie\",\"url\":\"https:\\\/\\\/biblioteka-gabin.pl\\\/\",\"logo\":{\"@type\":\"ImageObject\",\"inLanguage\":\"pl-PL\",\"@id\":\"https:\\\/\\\/biblioteka-gabin.pl\\\/#\\\/schema\\\/logo\\\/image\\\/\",\"url\":\"https:\\\/\\\/biblioteka-gabin.pl\\\/wp-content\\\/uploads\\\/2025\\\/03\\\/logo-biblioteka-2-1657013691-1.jpg\",\"contentUrl\":\"https:\\\/\\\/biblioteka-gabin.pl\\\/wp-content\\\/uploads\\\/2025\\\/03\\\/logo-biblioteka-2-1657013691-1.jpg\",\"width\":1600,\"height\":772,\"caption\":\"Miejsko-Gminna Biblioteka Publiczna w G\u0105binie\"},\"image\":{\"@id\":\"https:\\\/\\\/biblioteka-gabin.pl\\\/#\\\/schema\\\/logo\\\/image\\\/\"},\"sameAs\":[\"https:\\\/\\\/www.facebook.com\\\/bibliotekagabin\",\"https:\\\/\\\/www.youtube.com\\\/@mgbpgabin9392\"]},{\"@type\":\"Person\",\"@id\":\"https:\\\/\\\/biblioteka-gabin.pl\\\/#\\\/schema\\\/person\\\/2067b97c24663d987ef6ef95bed7c99a\",\"name\":\"admin\",\"image\":{\"@type\":\"ImageObject\",\"inLanguage\":\"pl-PL\",\"@id\":\"https:\\\/\\\/secure.gravatar.com\\\/avatar\\\/e1843904e97b4e376a0fc90ae10372cd31bce9b207a7a3d2ca68fc7ca7e4174c?s=96&d=mm&r=g\",\"url\":\"https:\\\/\\\/secure.gravatar.com\\\/avatar\\\/e1843904e97b4e376a0fc90ae10372cd31bce9b207a7a3d2ca68fc7ca7e4174c?s=96&d=mm&r=g\",\"contentUrl\":\"https:\\\/\\\/secure.gravatar.com\\\/avatar\\\/e1843904e97b4e376a0fc90ae10372cd31bce9b207a7a3d2ca68fc7ca7e4174c?s=96&d=mm&r=g\",\"caption\":\"admin\"},\"sameAs\":[\"http:\\\/\\\/strona.biblioteka-gabin.pl\"],\"url\":\"http:\\\/\\\/biblioteka-gabin.pl\\\/index.php\\\/author\\\/admin\\\/\"}]}<\/script>\n<!-- \/ Yoast SEO plugin. -->","yoast_head_json":{"title":"\"Spotkanie z bajk\u0105\" w Oddziale i Punkcie Przedszkolnym w Nowym grabiu (30.01.2025) - Miejsko-Gminna Biblioteka Publiczna w G\u0105binie","robots":{"index":"index","follow":"follow","max-snippet":"max-snippet:-1","max-image-preview":"max-image-preview:large","max-video-preview":"max-video-preview:-1"},"canonical":"http:\/\/biblioteka-gabin.pl\/index.php\/2025\/01\/30\/spotkanie-z-bajka-w-oddziale-i-punkcie-przedszkolnym-w-nowym-grabiu-30-01-2025\/","og_locale":"pl_PL","og_type":"article","og_title":"\"Spotkanie z bajk\u0105\" w Oddziale i Punkcie Przedszkolnym w Nowym grabiu (30.01.2025) - Miejsko-Gminna Biblioteka Publiczna w G\u0105binie","og_description":"Po kr\u00f3tkiej nieobecno\u015bci u Przedszkolak\u00f3w z Nowego Grabia ponownie zago\u015bci\u0142am","og_url":"http:\/\/biblioteka-gabin.pl\/index.php\/2025\/01\/30\/spotkanie-z-bajka-w-oddziale-i-punkcie-przedszkolnym-w-nowym-grabiu-30-01-2025\/","og_site_name":"Miejsko-Gminna Biblioteka Publiczna w G\u0105binie","article_publisher":"https:\/\/www.facebook.com\/bibliotekagabin","article_published_time":"2025-01-30T00:00:00+00:00","og_image":[{"url":"https:\/\/biblioteka-gabin.pl\/wp-content\/uploads\/archive\/pliki\/obraz\/2025\/stycze\/474156938_587989207449961_6275318977476346755_n.jpg","type":"","width":"","height":""}],"author":"admin","twitter_card":"summary_large_image","twitter_misc":{"Napisane przez":"admin","Szacowany czas czytania":"2 minuty"},"schema":{"@context":"https:\/\/schema.org","@graph":[{"@type":"Article","@id":"http:\/\/biblioteka-gabin.pl\/index.php\/2025\/01\/30\/spotkanie-z-bajka-w-oddziale-i-punkcie-przedszkolnym-w-nowym-grabiu-30-01-2025\/#article","isPartOf":{"@id":"http:\/\/biblioteka-gabin.pl\/index.php\/2025\/01\/30\/spotkanie-z-bajka-w-oddziale-i-punkcie-przedszkolnym-w-nowym-grabiu-30-01-2025\/"},"author":{"name":"admin","@id":"https:\/\/biblioteka-gabin.pl\/#\/schema\/person\/2067b97c24663d987ef6ef95bed7c99a"},"headline":"&#8222;Spotkanie z bajk\u0105&#8221; w Oddziale i Punkcie Przedszkolnym w Nowym grabiu (30.01.2025)","datePublished":"2025-01-30T00:00:00+00:00","mainEntityOfPage":{"@id":"http:\/\/biblioteka-gabin.pl\/index.php\/2025\/01\/30\/spotkanie-z-bajka-w-oddziale-i-punkcie-przedszkolnym-w-nowym-grabiu-30-01-2025\/"},"wordCount":375,"commentCount":0,"publisher":{"@id":"https:\/\/biblioteka-gabin.pl\/#organization"},"image":{"@id":"http:\/\/biblioteka-gabin.pl\/index.php\/2025\/01\/30\/spotkanie-z-bajka-w-oddziale-i-punkcie-przedszkolnym-w-nowym-grabiu-30-01-2025\/#primaryimage"},"thumbnailUrl":"https:\/\/biblioteka-gabin.pl\/wp-content\/uploads\/archive\/pliki\/obraz\/2025\/stycze\/474156938_587989207449961_6275318977476346755_n.jpg","articleSection":["Main"],"inLanguage":"pl-PL","potentialAction":[{"@type":"CommentAction","name":"Comment","target":["http:\/\/biblioteka-gabin.pl\/index.php\/2025\/01\/30\/spotkanie-z-bajka-w-oddziale-i-punkcie-przedszkolnym-w-nowym-grabiu-30-01-2025\/#respond"]}]},{"@type":"WebPage","@id":"http:\/\/biblioteka-gabin.pl\/index.php\/2025\/01\/30\/spotkanie-z-bajka-w-oddziale-i-punkcie-przedszkolnym-w-nowym-grabiu-30-01-2025\/","url":"http:\/\/biblioteka-gabin.pl\/index.php\/2025\/01\/30\/spotkanie-z-bajka-w-oddziale-i-punkcie-przedszkolnym-w-nowym-grabiu-30-01-2025\/","name":"\"Spotkanie z bajk\u0105\" w Oddziale i Punkcie Przedszkolnym w Nowym grabiu (30.01.2025) - Miejsko-Gminna Biblioteka Publiczna w G\u0105binie","isPartOf":{"@id":"https:\/\/biblioteka-gabin.pl\/#website"},"primaryImageOfPage":{"@id":"http:\/\/biblioteka-gabin.pl\/index.php\/2025\/01\/30\/spotkanie-z-bajka-w-oddziale-i-punkcie-przedszkolnym-w-nowym-grabiu-30-01-2025\/#primaryimage"},"image":{"@id":"http:\/\/biblioteka-gabin.pl\/index.php\/2025\/01\/30\/spotkanie-z-bajka-w-oddziale-i-punkcie-przedszkolnym-w-nowym-grabiu-30-01-2025\/#primaryimage"},"thumbnailUrl":"https:\/\/biblioteka-gabin.pl\/wp-content\/uploads\/archive\/pliki\/obraz\/2025\/stycze\/474156938_587989207449961_6275318977476346755_n.jpg","datePublished":"2025-01-30T00:00:00+00:00","breadcrumb":{"@id":"http:\/\/biblioteka-gabin.pl\/index.php\/2025\/01\/30\/spotkanie-z-bajka-w-oddziale-i-punkcie-przedszkolnym-w-nowym-grabiu-30-01-2025\/#breadcrumb"},"inLanguage":"pl-PL","potentialAction":[{"@type":"ReadAction","target":["http:\/\/biblioteka-gabin.pl\/index.php\/2025\/01\/30\/spotkanie-z-bajka-w-oddziale-i-punkcie-przedszkolnym-w-nowym-grabiu-30-01-2025\/"]}]},{"@type":"ImageObject","inLanguage":"pl-PL","@id":"http:\/\/biblioteka-gabin.pl\/index.php\/2025\/01\/30\/spotkanie-z-bajka-w-oddziale-i-punkcie-przedszkolnym-w-nowym-grabiu-30-01-2025\/#primaryimage","url":"https:\/\/biblioteka-gabin.pl\/wp-content\/uploads\/archive\/pliki\/obraz\/2025\/stycze\/474156938_587989207449961_6275318977476346755_n.jpg","contentUrl":"https:\/\/biblioteka-gabin.pl\/wp-content\/uploads\/archive\/pliki\/obraz\/2025\/stycze\/474156938_587989207449961_6275318977476346755_n.jpg"},{"@type":"BreadcrumbList","@id":"http:\/\/biblioteka-gabin.pl\/index.php\/2025\/01\/30\/spotkanie-z-bajka-w-oddziale-i-punkcie-przedszkolnym-w-nowym-grabiu-30-01-2025\/#breadcrumb","itemListElement":[{"@type":"ListItem","position":1,"name":"Strona g\u0142\u00f3wna","item":"https:\/\/biblioteka-gabin.pl\/"},{"@type":"ListItem","position":2,"name":"&#8222;Spotkanie z bajk\u0105&#8221; w Oddziale i Punkcie Przedszkolnym w Nowym grabiu (30.01.2025)"}]},{"@type":"WebSite","@id":"https:\/\/biblioteka-gabin.pl\/#website","url":"https:\/\/biblioteka-gabin.pl\/","name":"Miejsko-Gminna Biblioteka Publiczna w G\u0105binie","description":"","publisher":{"@id":"https:\/\/biblioteka-gabin.pl\/#organization"},"potentialAction":[{"@type":"SearchAction","target":{"@type":"EntryPoint","urlTemplate":"https:\/\/biblioteka-gabin.pl\/?s={search_term_string}"},"query-input":{"@type":"PropertyValueSpecification","valueRequired":true,"valueName":"search_term_string"}}],"inLanguage":"pl-PL"},{"@type":"Organization","@id":"https:\/\/biblioteka-gabin.pl\/#organization","name":"Miejsko-Gminna Biblioteka Publiczna w G\u0105binie","url":"https:\/\/biblioteka-gabin.pl\/","logo":{"@type":"ImageObject","inLanguage":"pl-PL","@id":"https:\/\/biblioteka-gabin.pl\/#\/schema\/logo\/image\/","url":"https:\/\/biblioteka-gabin.pl\/wp-content\/uploads\/2025\/03\/logo-biblioteka-2-1657013691-1.jpg","contentUrl":"https:\/\/biblioteka-gabin.pl\/wp-content\/uploads\/2025\/03\/logo-biblioteka-2-1657013691-1.jpg","width":1600,"height":772,"caption":"Miejsko-Gminna Biblioteka Publiczna w G\u0105binie"},"image":{"@id":"https:\/\/biblioteka-gabin.pl\/#\/schema\/logo\/image\/"},"sameAs":["https:\/\/www.facebook.com\/bibliotekagabin","https:\/\/www.youtube.com\/@mgbpgabin9392"]},{"@type":"Person","@id":"https:\/\/biblioteka-gabin.pl\/#\/schema\/person\/2067b97c24663d987ef6ef95bed7c99a","name":"admin","image":{"@type":"ImageObject","inLanguage":"pl-PL","@id":"https:\/\/secure.gravatar.com\/avatar\/e1843904e97b4e376a0fc90ae10372cd31bce9b207a7a3d2ca68fc7ca7e4174c?s=96&d=mm&r=g","url":"https:\/\/secure.gravatar.com\/avatar\/e1843904e97b4e376a0fc90ae10372cd31bce9b207a7a3d2ca68fc7ca7e4174c?s=96&d=mm&r=g","contentUrl":"https:\/\/secure.gravatar.com\/avatar\/e1843904e97b4e376a0fc90ae10372cd31bce9b207a7a3d2ca68fc7ca7e4174c?s=96&d=mm&r=g","caption":"admin"},"sameAs":["http:\/\/strona.biblioteka-gabin.pl"],"url":"http:\/\/biblioteka-gabin.pl\/index.php\/author\/admin\/"}]}},"_links":{"self":[{"href":"http:\/\/biblioteka-gabin.pl\/index.php\/wp-json\/wp\/v2\/posts\/8467","targetHints":{"allow":["GET"]}}],"collection":[{"href":"http:\/\/biblioteka-gabin.pl\/index.php\/wp-json\/wp\/v2\/posts"}],"about":[{"href":"http:\/\/biblioteka-gabin.pl\/index.php\/wp-json\/wp\/v2\/types\/post"}],"author":[{"embeddable":true,"href":"http:\/\/biblioteka-gabin.pl\/index.php\/wp-json\/wp\/v2\/users\/1"}],"replies":[{"embeddable":true,"href":"http:\/\/biblioteka-gabin.pl\/index.php\/wp-json\/wp\/v2\/comments?post=8467"}],"version-history":[{"count":0,"href":"http:\/\/biblioteka-gabin.pl\/index.php\/wp-json\/wp\/v2\/posts\/8467\/revisions"}],"wp:attachment":[{"href":"http:\/\/biblioteka-gabin.pl\/index.php\/wp-json\/wp\/v2\/media?parent=8467"}],"wp:term":[{"taxonomy":"category","embeddable":true,"href":"http:\/\/biblioteka-gabin.pl\/index.php\/wp-json\/wp\/v2\/categories?post=8467"},{"taxonomy":"post_tag","embeddable":true,"href":"http:\/\/biblioteka-gabin.pl\/index.php\/wp-json\/wp\/v2\/tags?post=8467"}],"curies":[{"name":"wp","href":"https:\/\/api.w.org\/{rel}","templated":true}]}}