{"id":8468,"date":"2025-04-01T00:00:00","date_gmt":"2025-04-01T00:00:00","guid":{"rendered":"https:\/\/biblioteka-gabin.pl\/index.php\/2025\/04\/01\/spotkanie-z-bajkaw-oddziale-przedszkolnym-przy-szkole-podstawowej-w-gabinie-26-03-2025\/"},"modified":"2025-04-01T00:00:00","modified_gmt":"2025-04-01T00:00:00","slug":"spotkanie-z-bajkaw-oddziale-przedszkolnym-przy-szkole-podstawowej-w-gabinie-26-03-2025","status":"publish","type":"post","link":"http:\/\/biblioteka-gabin.pl\/index.php\/2025\/04\/01\/spotkanie-z-bajkaw-oddziale-przedszkolnym-przy-szkole-podstawowej-w-gabinie-26-03-2025\/","title":{"rendered":"&#8222;Spotkanie z bajk\u0105&#8221;w Oddziale Przedszkolnym przy Szkole Podstawowej w G\u0105binie (26.03.2025)"},"content":{"rendered":"<p>Co to znaczy by\u0107 odpowiedzialnym? Z takim tematem przyjecha\u0142am do dzieci z grupy \u201eElfy\u201d z Oddzia\u0142u Przedszkolnego przy Szkole Podstawowej w G\u0105binie.<br \/>\nPrzeczyta\u0142am dzieciom bajk\u0119 A. Antosiewicz pt. \u201eMisiek\u201d z serii M\u0105dre bajki. Znakomita opowie\u015b\u0107 przedstawiaj\u0105ca histori\u0119 ch\u0142opca, kt\u00f3ry za wszelk\u0105 cen\u0119 chcia\u0142 mie\u0107 psa, by m\u00f3c si\u0119 nim opiekowa\u0107. Tak do ko\u0144ca nie zdawa\u0142 sobie sprawy, jaka ogromna odpowiedzialno\u015b\u0107 b\u0119dzie na nim spoczywa\u0142a. Ch\u0119\u0107 posiadania zwierz\u0119cia by\u0142a tak du\u017ca, \u017ce rodzice zgodzili si\u0119 na psa ze schroniska. Pupil szybko zszed\u0142 na drugi plan. Historia zako\u0144czy\u0142a si\u0119 optymistycznie, poniewa\u017c ch\u0142opiec szybko zda\u0142 sobie spraw\u0119 jaka wi\u0119\u017a utworzy\u0142a si\u0119 mi\u0119dzy nimi.<br \/>\n\u00a0\u00a0 Po wys\u0142uchaniu tej opowie\u015bci dzieci ch\u0119tnie w\u0142\u0105czy\u0142y si\u0119 do dyskusji, rozmawia\u0142y o swoich zwierz\u0105tkach jakie w domach maj\u0105. Jednog\u0142o\u015bnie przyznali mi racj\u0119, \u017ce zwierz\u0105tko to nie zabawka, kt\u00f3r\u0105 od\u0142o\u017cymy na p\u00f3\u0142k\u0119. \u201eElfy\u201d wymieni\u0142y podstawowe zasady opieki nad pupilami: \u201etrzeba da\u0107 pieskowi je\u015b\u0107 i wody, trzeba p\u00f3j\u015b\u0107 z nim na spacer\u201d. \u201eJa lubi\u0119 bawi\u0107 si\u0119 z moim pieskiem a on potem mnie li\u017ce\u201d- takie s\u0142owa przytoczy\u0142y dzieci. Temat bardzo zainteresowa\u0142 wszystkich- opowie\u015bciom nie by\u0142o ko\u0144ca.<br \/>\nDodatkowo przeczyta\u0142am ksi\u0105\u017ck\u0119 M. Bond pt. \u201eMi\u015b Paddington i spacerek literek\u201d. Historia m\u0105drego nied\u017awiadka zachwyci\u0142a s\u0142uchaczy, s\u0105dz\u0105c po ciszy, jak zapanowa\u0142a podczas czytania.<br \/>\n\u00a0\u00a0\u00a0 Dzi\u0119kuj\u0119 wszystkim dzieciom za mi\u0142e spotkanie. Przede wszystkim dzi\u0119kuj\u0119 za wspania\u0142e prezenty z okazji zbli\u017caj\u0105cych si\u0119 \u015awiat Wielkanocnych. By\u0142o mi niezmiernie mi\u0142o u Was go\u015bci\u0107. Do mi\u0142ego zobaczenia niebawem.<br \/>\n\u00a0\u00a0\u00a0\u00a0\u00a0\u00a0\u00a0\u00a0\u00a0\u00a0\u00a0\u00a0\u00a0\u00a0\u00a0\u00a0\u00a0\u00a0\u00a0\u00a0\u00a0\u00a0\u00a0\u00a0\u00a0\u00a0\u00a0\u00a0\u00a0\u00a0\u00a0\u00a0\u00a0\u00a0\u00a0\u00a0\u00a0\u00a0\u00a0\u00a0\u00a0 Opr. Joanna Olejniczak<br \/>\n<img src='https:\/\/biblioteka-gabin.pl\/wp-content\/uploads\/archive\/pliki\/obraz\/2025\/marzec\/488164419_1427836811985891_9037004150548864029_n.jpg'><br \/>\n<a href='https:\/\/biblioteka-gabin.pl\/wp-content\/uploads\/archive\/galleries\/673\/48635780010113317937034675052539024866296569n-228d262fad.jpg'><img style='max-height:300px;' src='https:\/\/biblioteka-gabin.pl\/wp-content\/uploads\/archive\/galleries\/673\/48635780010113317937034675052539024866296569n-228d262fad.jpg'><\/a><br \/>\n<a href='https:\/\/biblioteka-gabin.pl\/wp-content\/uploads\/archive\/galleries\/673\/48659149639204654648694987862351959404574911n-ac7a310161.jpg'><img style='max-height:300px;' src='https:\/\/biblioteka-gabin.pl\/wp-content\/uploads\/archive\/galleries\/673\/48659149639204654648694987862351959404574911n-ac7a310161.jpg'><\/a><br \/>\n<a href='https:\/\/biblioteka-gabin.pl\/wp-content\/uploads\/archive\/galleries\/673\/48672411517750432630559732704012238559293109n-1d73c453d2.jpg'><img style='max-height:300px;' src='https:\/\/biblioteka-gabin.pl\/wp-content\/uploads\/archive\/galleries\/673\/48672411517750432630559732704012238559293109n-1d73c453d2.jpg'><\/a><br \/>\n<a href='https:\/\/biblioteka-gabin.pl\/wp-content\/uploads\/archive\/galleries\/673\/48816441914278368119858919037004150548864029n-a982c92a50.jpg'><img style='max-height:300px;' src='https:\/\/biblioteka-gabin.pl\/wp-content\/uploads\/archive\/galleries\/673\/48816441914278368119858919037004150548864029n-a982c92a50.jpg'><\/a><br \/>\n<a href='https:\/\/biblioteka-gabin.pl\/wp-content\/uploads\/archive\/galleries\/673\/48676842418657766275575701641855693232584240n-ce42534267.jpg'><img style='max-height:300px;' src='https:\/\/biblioteka-gabin.pl\/wp-content\/uploads\/archive\/galleries\/673\/48676842418657766275575701641855693232584240n-ce42534267.jpg'><\/a><br \/>\n<a href='https:\/\/biblioteka-gabin.pl\/wp-content\/uploads\/archive\/galleries\/673\/48706669613682676011507166687143403920987512n-5ce248bd1e.jpg'><img style='max-height:300px;' src='https:\/\/biblioteka-gabin.pl\/wp-content\/uploads\/archive\/galleries\/673\/48706669613682676011507166687143403920987512n-5ce248bd1e.jpg'><\/a><\/p>\n","protected":false},"excerpt":{"rendered":"<p>Co to znaczy by\u0107 odpowiedzialnym? Z takim tematem przyjecha\u0142am do<\/p>\n","protected":false},"author":1,"featured_media":0,"comment_status":"open","ping_status":"open","sticky":false,"template":"","format":"standard","meta":{"footnotes":""},"categories":[36],"tags":[],"class_list":["post-8468","post","type-post","status-publish","format-standard","hentry","category-main"],"yoast_head":"<!-- This site is optimized with the Yoast SEO plugin v27.4 - https:\/\/yoast.com\/product\/yoast-seo-wordpress\/ -->\n<title>&quot;Spotkanie z bajk\u0105&quot;w Oddziale Przedszkolnym przy Szkole Podstawowej w G\u0105binie (26.03.2025) - Miejsko-Gminna Biblioteka Publiczna w G\u0105binie<\/title>\n<meta name=\"robots\" content=\"index, follow, max-snippet:-1, max-image-preview:large, max-video-preview:-1\" \/>\n<link rel=\"canonical\" href=\"http:\/\/biblioteka-gabin.pl\/index.php\/2025\/04\/01\/spotkanie-z-bajkaw-oddziale-przedszkolnym-przy-szkole-podstawowej-w-gabinie-26-03-2025\/\" \/>\n<meta property=\"og:locale\" content=\"pl_PL\" \/>\n<meta property=\"og:type\" content=\"article\" \/>\n<meta property=\"og:title\" content=\"&quot;Spotkanie z bajk\u0105&quot;w Oddziale Przedszkolnym przy Szkole Podstawowej w G\u0105binie (26.03.2025) - Miejsko-Gminna Biblioteka Publiczna w G\u0105binie\" \/>\n<meta property=\"og:description\" content=\"Co to znaczy by\u0107 odpowiedzialnym? Z takim tematem przyjecha\u0142am do\" \/>\n<meta property=\"og:url\" content=\"http:\/\/biblioteka-gabin.pl\/index.php\/2025\/04\/01\/spotkanie-z-bajkaw-oddziale-przedszkolnym-przy-szkole-podstawowej-w-gabinie-26-03-2025\/\" \/>\n<meta property=\"og:site_name\" content=\"Miejsko-Gminna Biblioteka Publiczna w G\u0105binie\" \/>\n<meta property=\"article:publisher\" content=\"https:\/\/www.facebook.com\/bibliotekagabin\" \/>\n<meta property=\"article:published_time\" content=\"2025-04-01T00:00:00+00:00\" \/>\n<meta property=\"og:image\" content=\"https:\/\/biblioteka-gabin.pl\/wp-content\/uploads\/archive\/pliki\/obraz\/2025\/marzec\/488164419_1427836811985891_9037004150548864029_n.jpg\" \/>\n<meta name=\"author\" content=\"admin\" \/>\n<meta name=\"twitter:card\" content=\"summary_large_image\" \/>\n<meta name=\"twitter:label1\" content=\"Napisane przez\" \/>\n\t<meta name=\"twitter:data1\" content=\"admin\" \/>\n\t<meta name=\"twitter:label2\" content=\"Szacowany czas czytania\" \/>\n\t<meta name=\"twitter:data2\" content=\"1 minuta\" \/>\n<script type=\"application\/ld+json\" class=\"yoast-schema-graph\">{\"@context\":\"https:\\\/\\\/schema.org\",\"@graph\":[{\"@type\":\"Article\",\"@id\":\"http:\\\/\\\/biblioteka-gabin.pl\\\/index.php\\\/2025\\\/04\\\/01\\\/spotkanie-z-bajkaw-oddziale-przedszkolnym-przy-szkole-podstawowej-w-gabinie-26-03-2025\\\/#article\",\"isPartOf\":{\"@id\":\"http:\\\/\\\/biblioteka-gabin.pl\\\/index.php\\\/2025\\\/04\\\/01\\\/spotkanie-z-bajkaw-oddziale-przedszkolnym-przy-szkole-podstawowej-w-gabinie-26-03-2025\\\/\"},\"author\":{\"name\":\"admin\",\"@id\":\"https:\\\/\\\/biblioteka-gabin.pl\\\/#\\\/schema\\\/person\\\/2067b97c24663d987ef6ef95bed7c99a\"},\"headline\":\"&#8222;Spotkanie z bajk\u0105&#8221;w Oddziale Przedszkolnym przy Szkole Podstawowej w G\u0105binie (26.03.2025)\",\"datePublished\":\"2025-04-01T00:00:00+00:00\",\"mainEntityOfPage\":{\"@id\":\"http:\\\/\\\/biblioteka-gabin.pl\\\/index.php\\\/2025\\\/04\\\/01\\\/spotkanie-z-bajkaw-oddziale-przedszkolnym-przy-szkole-podstawowej-w-gabinie-26-03-2025\\\/\"},\"wordCount\":303,\"commentCount\":0,\"publisher\":{\"@id\":\"https:\\\/\\\/biblioteka-gabin.pl\\\/#organization\"},\"image\":{\"@id\":\"http:\\\/\\\/biblioteka-gabin.pl\\\/index.php\\\/2025\\\/04\\\/01\\\/spotkanie-z-bajkaw-oddziale-przedszkolnym-przy-szkole-podstawowej-w-gabinie-26-03-2025\\\/#primaryimage\"},\"thumbnailUrl\":\"https:\\\/\\\/biblioteka-gabin.pl\\\/wp-content\\\/uploads\\\/archive\\\/pliki\\\/obraz\\\/2025\\\/marzec\\\/488164419_1427836811985891_9037004150548864029_n.jpg\",\"articleSection\":[\"Main\"],\"inLanguage\":\"pl-PL\",\"potentialAction\":[{\"@type\":\"CommentAction\",\"name\":\"Comment\",\"target\":[\"http:\\\/\\\/biblioteka-gabin.pl\\\/index.php\\\/2025\\\/04\\\/01\\\/spotkanie-z-bajkaw-oddziale-przedszkolnym-przy-szkole-podstawowej-w-gabinie-26-03-2025\\\/#respond\"]}]},{\"@type\":\"WebPage\",\"@id\":\"http:\\\/\\\/biblioteka-gabin.pl\\\/index.php\\\/2025\\\/04\\\/01\\\/spotkanie-z-bajkaw-oddziale-przedszkolnym-przy-szkole-podstawowej-w-gabinie-26-03-2025\\\/\",\"url\":\"http:\\\/\\\/biblioteka-gabin.pl\\\/index.php\\\/2025\\\/04\\\/01\\\/spotkanie-z-bajkaw-oddziale-przedszkolnym-przy-szkole-podstawowej-w-gabinie-26-03-2025\\\/\",\"name\":\"\\\"Spotkanie z bajk\u0105\\\"w Oddziale Przedszkolnym przy Szkole Podstawowej w G\u0105binie (26.03.2025) - Miejsko-Gminna Biblioteka Publiczna w G\u0105binie\",\"isPartOf\":{\"@id\":\"https:\\\/\\\/biblioteka-gabin.pl\\\/#website\"},\"primaryImageOfPage\":{\"@id\":\"http:\\\/\\\/biblioteka-gabin.pl\\\/index.php\\\/2025\\\/04\\\/01\\\/spotkanie-z-bajkaw-oddziale-przedszkolnym-przy-szkole-podstawowej-w-gabinie-26-03-2025\\\/#primaryimage\"},\"image\":{\"@id\":\"http:\\\/\\\/biblioteka-gabin.pl\\\/index.php\\\/2025\\\/04\\\/01\\\/spotkanie-z-bajkaw-oddziale-przedszkolnym-przy-szkole-podstawowej-w-gabinie-26-03-2025\\\/#primaryimage\"},\"thumbnailUrl\":\"https:\\\/\\\/biblioteka-gabin.pl\\\/wp-content\\\/uploads\\\/archive\\\/pliki\\\/obraz\\\/2025\\\/marzec\\\/488164419_1427836811985891_9037004150548864029_n.jpg\",\"datePublished\":\"2025-04-01T00:00:00+00:00\",\"breadcrumb\":{\"@id\":\"http:\\\/\\\/biblioteka-gabin.pl\\\/index.php\\\/2025\\\/04\\\/01\\\/spotkanie-z-bajkaw-oddziale-przedszkolnym-przy-szkole-podstawowej-w-gabinie-26-03-2025\\\/#breadcrumb\"},\"inLanguage\":\"pl-PL\",\"potentialAction\":[{\"@type\":\"ReadAction\",\"target\":[\"http:\\\/\\\/biblioteka-gabin.pl\\\/index.php\\\/2025\\\/04\\\/01\\\/spotkanie-z-bajkaw-oddziale-przedszkolnym-przy-szkole-podstawowej-w-gabinie-26-03-2025\\\/\"]}]},{\"@type\":\"ImageObject\",\"inLanguage\":\"pl-PL\",\"@id\":\"http:\\\/\\\/biblioteka-gabin.pl\\\/index.php\\\/2025\\\/04\\\/01\\\/spotkanie-z-bajkaw-oddziale-przedszkolnym-przy-szkole-podstawowej-w-gabinie-26-03-2025\\\/#primaryimage\",\"url\":\"https:\\\/\\\/biblioteka-gabin.pl\\\/wp-content\\\/uploads\\\/archive\\\/pliki\\\/obraz\\\/2025\\\/marzec\\\/488164419_1427836811985891_9037004150548864029_n.jpg\",\"contentUrl\":\"https:\\\/\\\/biblioteka-gabin.pl\\\/wp-content\\\/uploads\\\/archive\\\/pliki\\\/obraz\\\/2025\\\/marzec\\\/488164419_1427836811985891_9037004150548864029_n.jpg\"},{\"@type\":\"BreadcrumbList\",\"@id\":\"http:\\\/\\\/biblioteka-gabin.pl\\\/index.php\\\/2025\\\/04\\\/01\\\/spotkanie-z-bajkaw-oddziale-przedszkolnym-przy-szkole-podstawowej-w-gabinie-26-03-2025\\\/#breadcrumb\",\"itemListElement\":[{\"@type\":\"ListItem\",\"position\":1,\"name\":\"Strona g\u0142\u00f3wna\",\"item\":\"https:\\\/\\\/biblioteka-gabin.pl\\\/\"},{\"@type\":\"ListItem\",\"position\":2,\"name\":\"&#8222;Spotkanie z bajk\u0105&#8221;w Oddziale Przedszkolnym przy Szkole Podstawowej w G\u0105binie (26.03.2025)\"}]},{\"@type\":\"WebSite\",\"@id\":\"https:\\\/\\\/biblioteka-gabin.pl\\\/#website\",\"url\":\"https:\\\/\\\/biblioteka-gabin.pl\\\/\",\"name\":\"Miejsko-Gminna Biblioteka Publiczna w G\u0105binie\",\"description\":\"\",\"publisher\":{\"@id\":\"https:\\\/\\\/biblioteka-gabin.pl\\\/#organization\"},\"potentialAction\":[{\"@type\":\"SearchAction\",\"target\":{\"@type\":\"EntryPoint\",\"urlTemplate\":\"https:\\\/\\\/biblioteka-gabin.pl\\\/?s={search_term_string}\"},\"query-input\":{\"@type\":\"PropertyValueSpecification\",\"valueRequired\":true,\"valueName\":\"search_term_string\"}}],\"inLanguage\":\"pl-PL\"},{\"@type\":\"Organization\",\"@id\":\"https:\\\/\\\/biblioteka-gabin.pl\\\/#organization\",\"name\":\"Miejsko-Gminna Biblioteka Publiczna w G\u0105binie\",\"url\":\"https:\\\/\\\/biblioteka-gabin.pl\\\/\",\"logo\":{\"@type\":\"ImageObject\",\"inLanguage\":\"pl-PL\",\"@id\":\"https:\\\/\\\/biblioteka-gabin.pl\\\/#\\\/schema\\\/logo\\\/image\\\/\",\"url\":\"https:\\\/\\\/biblioteka-gabin.pl\\\/wp-content\\\/uploads\\\/2025\\\/03\\\/logo-biblioteka-2-1657013691-1.jpg\",\"contentUrl\":\"https:\\\/\\\/biblioteka-gabin.pl\\\/wp-content\\\/uploads\\\/2025\\\/03\\\/logo-biblioteka-2-1657013691-1.jpg\",\"width\":1600,\"height\":772,\"caption\":\"Miejsko-Gminna Biblioteka Publiczna w G\u0105binie\"},\"image\":{\"@id\":\"https:\\\/\\\/biblioteka-gabin.pl\\\/#\\\/schema\\\/logo\\\/image\\\/\"},\"sameAs\":[\"https:\\\/\\\/www.facebook.com\\\/bibliotekagabin\",\"https:\\\/\\\/www.youtube.com\\\/@mgbpgabin9392\"]},{\"@type\":\"Person\",\"@id\":\"https:\\\/\\\/biblioteka-gabin.pl\\\/#\\\/schema\\\/person\\\/2067b97c24663d987ef6ef95bed7c99a\",\"name\":\"admin\",\"image\":{\"@type\":\"ImageObject\",\"inLanguage\":\"pl-PL\",\"@id\":\"https:\\\/\\\/secure.gravatar.com\\\/avatar\\\/e1843904e97b4e376a0fc90ae10372cd31bce9b207a7a3d2ca68fc7ca7e4174c?s=96&d=mm&r=g\",\"url\":\"https:\\\/\\\/secure.gravatar.com\\\/avatar\\\/e1843904e97b4e376a0fc90ae10372cd31bce9b207a7a3d2ca68fc7ca7e4174c?s=96&d=mm&r=g\",\"contentUrl\":\"https:\\\/\\\/secure.gravatar.com\\\/avatar\\\/e1843904e97b4e376a0fc90ae10372cd31bce9b207a7a3d2ca68fc7ca7e4174c?s=96&d=mm&r=g\",\"caption\":\"admin\"},\"sameAs\":[\"http:\\\/\\\/strona.biblioteka-gabin.pl\"],\"url\":\"http:\\\/\\\/biblioteka-gabin.pl\\\/index.php\\\/author\\\/admin\\\/\"}]}<\/script>\n<!-- \/ Yoast SEO plugin. -->","yoast_head_json":{"title":"\"Spotkanie z bajk\u0105\"w Oddziale Przedszkolnym przy Szkole Podstawowej w G\u0105binie (26.03.2025) - Miejsko-Gminna Biblioteka Publiczna w G\u0105binie","robots":{"index":"index","follow":"follow","max-snippet":"max-snippet:-1","max-image-preview":"max-image-preview:large","max-video-preview":"max-video-preview:-1"},"canonical":"http:\/\/biblioteka-gabin.pl\/index.php\/2025\/04\/01\/spotkanie-z-bajkaw-oddziale-przedszkolnym-przy-szkole-podstawowej-w-gabinie-26-03-2025\/","og_locale":"pl_PL","og_type":"article","og_title":"\"Spotkanie z bajk\u0105\"w Oddziale Przedszkolnym przy Szkole Podstawowej w G\u0105binie (26.03.2025) - Miejsko-Gminna Biblioteka Publiczna w G\u0105binie","og_description":"Co to znaczy by\u0107 odpowiedzialnym? Z takim tematem przyjecha\u0142am do","og_url":"http:\/\/biblioteka-gabin.pl\/index.php\/2025\/04\/01\/spotkanie-z-bajkaw-oddziale-przedszkolnym-przy-szkole-podstawowej-w-gabinie-26-03-2025\/","og_site_name":"Miejsko-Gminna Biblioteka Publiczna w G\u0105binie","article_publisher":"https:\/\/www.facebook.com\/bibliotekagabin","article_published_time":"2025-04-01T00:00:00+00:00","og_image":[{"url":"https:\/\/biblioteka-gabin.pl\/wp-content\/uploads\/archive\/pliki\/obraz\/2025\/marzec\/488164419_1427836811985891_9037004150548864029_n.jpg","type":"","width":"","height":""}],"author":"admin","twitter_card":"summary_large_image","twitter_misc":{"Napisane przez":"admin","Szacowany czas czytania":"1 minuta"},"schema":{"@context":"https:\/\/schema.org","@graph":[{"@type":"Article","@id":"http:\/\/biblioteka-gabin.pl\/index.php\/2025\/04\/01\/spotkanie-z-bajkaw-oddziale-przedszkolnym-przy-szkole-podstawowej-w-gabinie-26-03-2025\/#article","isPartOf":{"@id":"http:\/\/biblioteka-gabin.pl\/index.php\/2025\/04\/01\/spotkanie-z-bajkaw-oddziale-przedszkolnym-przy-szkole-podstawowej-w-gabinie-26-03-2025\/"},"author":{"name":"admin","@id":"https:\/\/biblioteka-gabin.pl\/#\/schema\/person\/2067b97c24663d987ef6ef95bed7c99a"},"headline":"&#8222;Spotkanie z bajk\u0105&#8221;w Oddziale Przedszkolnym przy Szkole Podstawowej w G\u0105binie (26.03.2025)","datePublished":"2025-04-01T00:00:00+00:00","mainEntityOfPage":{"@id":"http:\/\/biblioteka-gabin.pl\/index.php\/2025\/04\/01\/spotkanie-z-bajkaw-oddziale-przedszkolnym-przy-szkole-podstawowej-w-gabinie-26-03-2025\/"},"wordCount":303,"commentCount":0,"publisher":{"@id":"https:\/\/biblioteka-gabin.pl\/#organization"},"image":{"@id":"http:\/\/biblioteka-gabin.pl\/index.php\/2025\/04\/01\/spotkanie-z-bajkaw-oddziale-przedszkolnym-przy-szkole-podstawowej-w-gabinie-26-03-2025\/#primaryimage"},"thumbnailUrl":"https:\/\/biblioteka-gabin.pl\/wp-content\/uploads\/archive\/pliki\/obraz\/2025\/marzec\/488164419_1427836811985891_9037004150548864029_n.jpg","articleSection":["Main"],"inLanguage":"pl-PL","potentialAction":[{"@type":"CommentAction","name":"Comment","target":["http:\/\/biblioteka-gabin.pl\/index.php\/2025\/04\/01\/spotkanie-z-bajkaw-oddziale-przedszkolnym-przy-szkole-podstawowej-w-gabinie-26-03-2025\/#respond"]}]},{"@type":"WebPage","@id":"http:\/\/biblioteka-gabin.pl\/index.php\/2025\/04\/01\/spotkanie-z-bajkaw-oddziale-przedszkolnym-przy-szkole-podstawowej-w-gabinie-26-03-2025\/","url":"http:\/\/biblioteka-gabin.pl\/index.php\/2025\/04\/01\/spotkanie-z-bajkaw-oddziale-przedszkolnym-przy-szkole-podstawowej-w-gabinie-26-03-2025\/","name":"\"Spotkanie z bajk\u0105\"w Oddziale Przedszkolnym przy Szkole Podstawowej w G\u0105binie (26.03.2025) - Miejsko-Gminna Biblioteka Publiczna w G\u0105binie","isPartOf":{"@id":"https:\/\/biblioteka-gabin.pl\/#website"},"primaryImageOfPage":{"@id":"http:\/\/biblioteka-gabin.pl\/index.php\/2025\/04\/01\/spotkanie-z-bajkaw-oddziale-przedszkolnym-przy-szkole-podstawowej-w-gabinie-26-03-2025\/#primaryimage"},"image":{"@id":"http:\/\/biblioteka-gabin.pl\/index.php\/2025\/04\/01\/spotkanie-z-bajkaw-oddziale-przedszkolnym-przy-szkole-podstawowej-w-gabinie-26-03-2025\/#primaryimage"},"thumbnailUrl":"https:\/\/biblioteka-gabin.pl\/wp-content\/uploads\/archive\/pliki\/obraz\/2025\/marzec\/488164419_1427836811985891_9037004150548864029_n.jpg","datePublished":"2025-04-01T00:00:00+00:00","breadcrumb":{"@id":"http:\/\/biblioteka-gabin.pl\/index.php\/2025\/04\/01\/spotkanie-z-bajkaw-oddziale-przedszkolnym-przy-szkole-podstawowej-w-gabinie-26-03-2025\/#breadcrumb"},"inLanguage":"pl-PL","potentialAction":[{"@type":"ReadAction","target":["http:\/\/biblioteka-gabin.pl\/index.php\/2025\/04\/01\/spotkanie-z-bajkaw-oddziale-przedszkolnym-przy-szkole-podstawowej-w-gabinie-26-03-2025\/"]}]},{"@type":"ImageObject","inLanguage":"pl-PL","@id":"http:\/\/biblioteka-gabin.pl\/index.php\/2025\/04\/01\/spotkanie-z-bajkaw-oddziale-przedszkolnym-przy-szkole-podstawowej-w-gabinie-26-03-2025\/#primaryimage","url":"https:\/\/biblioteka-gabin.pl\/wp-content\/uploads\/archive\/pliki\/obraz\/2025\/marzec\/488164419_1427836811985891_9037004150548864029_n.jpg","contentUrl":"https:\/\/biblioteka-gabin.pl\/wp-content\/uploads\/archive\/pliki\/obraz\/2025\/marzec\/488164419_1427836811985891_9037004150548864029_n.jpg"},{"@type":"BreadcrumbList","@id":"http:\/\/biblioteka-gabin.pl\/index.php\/2025\/04\/01\/spotkanie-z-bajkaw-oddziale-przedszkolnym-przy-szkole-podstawowej-w-gabinie-26-03-2025\/#breadcrumb","itemListElement":[{"@type":"ListItem","position":1,"name":"Strona g\u0142\u00f3wna","item":"https:\/\/biblioteka-gabin.pl\/"},{"@type":"ListItem","position":2,"name":"&#8222;Spotkanie z bajk\u0105&#8221;w Oddziale Przedszkolnym przy Szkole Podstawowej w G\u0105binie (26.03.2025)"}]},{"@type":"WebSite","@id":"https:\/\/biblioteka-gabin.pl\/#website","url":"https:\/\/biblioteka-gabin.pl\/","name":"Miejsko-Gminna Biblioteka Publiczna w G\u0105binie","description":"","publisher":{"@id":"https:\/\/biblioteka-gabin.pl\/#organization"},"potentialAction":[{"@type":"SearchAction","target":{"@type":"EntryPoint","urlTemplate":"https:\/\/biblioteka-gabin.pl\/?s={search_term_string}"},"query-input":{"@type":"PropertyValueSpecification","valueRequired":true,"valueName":"search_term_string"}}],"inLanguage":"pl-PL"},{"@type":"Organization","@id":"https:\/\/biblioteka-gabin.pl\/#organization","name":"Miejsko-Gminna Biblioteka Publiczna w G\u0105binie","url":"https:\/\/biblioteka-gabin.pl\/","logo":{"@type":"ImageObject","inLanguage":"pl-PL","@id":"https:\/\/biblioteka-gabin.pl\/#\/schema\/logo\/image\/","url":"https:\/\/biblioteka-gabin.pl\/wp-content\/uploads\/2025\/03\/logo-biblioteka-2-1657013691-1.jpg","contentUrl":"https:\/\/biblioteka-gabin.pl\/wp-content\/uploads\/2025\/03\/logo-biblioteka-2-1657013691-1.jpg","width":1600,"height":772,"caption":"Miejsko-Gminna Biblioteka Publiczna w G\u0105binie"},"image":{"@id":"https:\/\/biblioteka-gabin.pl\/#\/schema\/logo\/image\/"},"sameAs":["https:\/\/www.facebook.com\/bibliotekagabin","https:\/\/www.youtube.com\/@mgbpgabin9392"]},{"@type":"Person","@id":"https:\/\/biblioteka-gabin.pl\/#\/schema\/person\/2067b97c24663d987ef6ef95bed7c99a","name":"admin","image":{"@type":"ImageObject","inLanguage":"pl-PL","@id":"https:\/\/secure.gravatar.com\/avatar\/e1843904e97b4e376a0fc90ae10372cd31bce9b207a7a3d2ca68fc7ca7e4174c?s=96&d=mm&r=g","url":"https:\/\/secure.gravatar.com\/avatar\/e1843904e97b4e376a0fc90ae10372cd31bce9b207a7a3d2ca68fc7ca7e4174c?s=96&d=mm&r=g","contentUrl":"https:\/\/secure.gravatar.com\/avatar\/e1843904e97b4e376a0fc90ae10372cd31bce9b207a7a3d2ca68fc7ca7e4174c?s=96&d=mm&r=g","caption":"admin"},"sameAs":["http:\/\/strona.biblioteka-gabin.pl"],"url":"http:\/\/biblioteka-gabin.pl\/index.php\/author\/admin\/"}]}},"_links":{"self":[{"href":"http:\/\/biblioteka-gabin.pl\/index.php\/wp-json\/wp\/v2\/posts\/8468","targetHints":{"allow":["GET"]}}],"collection":[{"href":"http:\/\/biblioteka-gabin.pl\/index.php\/wp-json\/wp\/v2\/posts"}],"about":[{"href":"http:\/\/biblioteka-gabin.pl\/index.php\/wp-json\/wp\/v2\/types\/post"}],"author":[{"embeddable":true,"href":"http:\/\/biblioteka-gabin.pl\/index.php\/wp-json\/wp\/v2\/users\/1"}],"replies":[{"embeddable":true,"href":"http:\/\/biblioteka-gabin.pl\/index.php\/wp-json\/wp\/v2\/comments?post=8468"}],"version-history":[{"count":0,"href":"http:\/\/biblioteka-gabin.pl\/index.php\/wp-json\/wp\/v2\/posts\/8468\/revisions"}],"wp:attachment":[{"href":"http:\/\/biblioteka-gabin.pl\/index.php\/wp-json\/wp\/v2\/media?parent=8468"}],"wp:term":[{"taxonomy":"category","embeddable":true,"href":"http:\/\/biblioteka-gabin.pl\/index.php\/wp-json\/wp\/v2\/categories?post=8468"},{"taxonomy":"post_tag","embeddable":true,"href":"http:\/\/biblioteka-gabin.pl\/index.php\/wp-json\/wp\/v2\/tags?post=8468"}],"curies":[{"name":"wp","href":"https:\/\/api.w.org\/{rel}","templated":true}]}}