{"id":8470,"date":"2025-05-16T00:00:00","date_gmt":"2025-05-16T00:00:00","guid":{"rendered":"https:\/\/biblioteka-gabin.pl\/index.php\/2025\/05\/16\/spotkanie-z-bajka-w-oddziale-przedszkolnym-przy-szkole-podstawowej-w-gabinie-grupa-gumisie-14-05-2025\/"},"modified":"2025-05-16T00:00:00","modified_gmt":"2025-05-16T00:00:00","slug":"spotkanie-z-bajka-w-oddziale-przedszkolnym-przy-szkole-podstawowej-w-gabinie-grupa-gumisie-14-05-2025","status":"publish","type":"post","link":"http:\/\/biblioteka-gabin.pl\/index.php\/2025\/05\/16\/spotkanie-z-bajka-w-oddziale-przedszkolnym-przy-szkole-podstawowej-w-gabinie-grupa-gumisie-14-05-2025\/","title":{"rendered":"&#8222;Spotkanie z bajk\u0105&#8221; w Oddziale Przedszkolnym przy Szkole Podstawowej w G\u0105binie grupa &#8222;Gumisie&#8221; (14.05.2025)"},"content":{"rendered":"<p>,,Czy mi\u0142o\u015b\u0107 ma jaki\u015b kszta\u0142t?\u201d , ,,Czy mi\u0142o\u015b\u0107 ma jaki\u015b kolor?\u201d, ,,Czy mi\u0142o\u015b\u0107 jest du\u017ca czy ma\u0142a?\u201d \u2013 zastanawia\u0142y si\u0119 Gumisie z Przedszkola Samorz\u0105dowego w G\u0105binie podczas kolejnego ,,Spotkania z bajk\u0105\u201d (14.05).<br \/>\nNa podstawie poszukiwa\u0144 tygrysa z ksi\u0105\u017cki pt. ,,Czym jest mi\u0142o\u015b\u0107?\u201d Mojo Graffi dzieci wyruszy\u0142y w poruszaj\u0105c\u0105 podr\u00f3\u017c by dowiedzie\u0107 si\u0119 czego\u015b o tym uczuciu. ,,Mama ci\u0105gle powtarza\u0142a synkowi, \u017ce go kocha, a jednak nie pozwala\u0142a mu robi\u0107 tego, na co mia\u0142 ochot\u0119. Tygrysek zacz\u0105\u0142 si\u0119 zastanawia\u0107, czym w takim razie jest MI\u0141O\u015a\u0106. I jak wygl\u0105da? Obra\u017cony na mam\u0119, poszed\u0142 porozmawia\u0107 o tym z przyjaci\u00f3\u0142mi.\u201d \u2013 przeczyta\u0142a bibliotekarka. Nast\u0119pnie zatrzymuj\u0105c si\u0119 przy ka\u017cdym kolejnym bohaterze ksi\u0105\u017cki, pr\u00f3bowa\u0142a odpowiedzie\u0107 na pytania dzieci o mi\u0142o\u015b\u0107.<br \/>\n,,Mi\u0142o\u015b\u0107 ma kszta\u0142t serca.\u201d \u2013 odpowiedzia\u0142o s\u0142oni\u0105tko. ,,Wed\u0142ug mnie mi\u0142o\u015b\u0107 ma kszta\u0142t talerza\u201d \u2013 doda\u0142 leniwiec. Zdaniem ma\u0142pki by\u0142a wielka a dla \u017cabki wr\u0119cz przeciwnie ma\u0142a. Jako nast\u0119pne zwierz\u0105tko g\u0142os zabra\u0142a sowa, dla kt\u00f3rej mi\u0142o\u015b\u0107 mia\u0142a kolor czerwony. Ka\u017cde ze stworzonek mia\u0142o racj\u0119, poniewa\u017c uczucie mi\u0142o\u015bci cz\u0119sto zale\u017cy od do\u015bwiadcze\u0144, kt\u00f3re kto\u015b posiada. Dla jednych b\u0119dzie bardziej kojarzy\u0142o si\u0119 z rado\u015bci\u0105, a dla innych ze smutkiem, poniewa\u017c dzi\u0119ki mi\u0142o\u015bci smutek staje si\u0119 mniejszy i szybciej znika. Taki przyk\u0142ad poda\u0142 wyst\u0119puj\u0105cy w historii nied\u017awiadek: ,,Gdy p\u0142acz, tata przychodzi pop\u0142aka\u0107 ze mn\u0105.\u201d<br \/>\nNast\u0119pn\u0105 ksi\u0105\u017ck\u0105, kt\u00f3ra zosta\u0142a przeczytana dzieciom by\u0142a ,,Ka\u017cdy jest cudem\u201d autorstwa Jane Chapman. Okaza\u0142o si\u0119, \u017ce na dzisiejszych zaj\u0119ciach dzieci mia\u0142y w planach malowanie symboli wiosny, w tym \u0142\u0105k\u0119, pszczo\u0142y i kwiaty, dlatego opowiadania by\u0142o \u015bwietn\u0105 podstaw\u0105 do tworzenia dzie\u0142.<br \/>\nDodatkowo na spotkaniu przedszkolaki w ramach obchod\u00f3w Tygodnia Bibliotek pozna\u0142y zasady zapisania si\u0119 do naszej lokalnej ksi\u0105\u017cnicy. Bardzo dzi\u0119kuj\u0119 wszystkim maluchom za spotkanie i mam nadziej\u0119 ,,Do zobaczenia wkr\u00f3tce!&#8221;.<br \/>\nOpr. Karolina K\u0119dzia<br \/>\n<img src='https:\/\/biblioteka-gabin.pl\/wp-content\/uploads\/archive\/pliki\/obraz\/2025\/maj\/gumisie.jpg'><br \/>\n<a href='https:\/\/biblioteka-gabin.pl\/wp-content\/uploads\/archive\/g'>g<\/a><br \/>\n<a href='https:\/\/biblioteka-gabin.pl\/wp-content\/uploads\/archive\/g'>g<\/a><br \/>\n<a href='https:\/\/biblioteka-gabin.pl\/wp-content\/uploads\/archive\/g'>g<\/a><br \/>\n<a href='https:\/\/biblioteka-gabin.pl\/wp-content\/uploads\/archive\/g'>g<\/a><\/p>\n","protected":false},"excerpt":{"rendered":"<p>,,Czy mi\u0142o\u015b\u0107 ma jaki\u015b kszta\u0142t?\u201d , ,,Czy mi\u0142o\u015b\u0107 ma jaki\u015b<\/p>\n","protected":false},"author":1,"featured_media":0,"comment_status":"open","ping_status":"open","sticky":false,"template":"","format":"standard","meta":{"footnotes":""},"categories":[36],"tags":[],"class_list":["post-8470","post","type-post","status-publish","format-standard","hentry","category-main"],"yoast_head":"<!-- This site is optimized with the Yoast SEO plugin v27.4 - https:\/\/yoast.com\/product\/yoast-seo-wordpress\/ -->\n<title>&quot;Spotkanie z bajk\u0105&quot; w Oddziale Przedszkolnym przy Szkole Podstawowej w G\u0105binie grupa &quot;Gumisie&quot; (14.05.2025) - Miejsko-Gminna Biblioteka Publiczna w G\u0105binie<\/title>\n<meta name=\"robots\" content=\"index, follow, max-snippet:-1, max-image-preview:large, max-video-preview:-1\" \/>\n<link rel=\"canonical\" href=\"http:\/\/biblioteka-gabin.pl\/index.php\/2025\/05\/16\/spotkanie-z-bajka-w-oddziale-przedszkolnym-przy-szkole-podstawowej-w-gabinie-grupa-gumisie-14-05-2025\/\" \/>\n<meta property=\"og:locale\" content=\"pl_PL\" \/>\n<meta property=\"og:type\" content=\"article\" \/>\n<meta property=\"og:title\" content=\"&quot;Spotkanie z bajk\u0105&quot; w Oddziale Przedszkolnym przy Szkole Podstawowej w G\u0105binie grupa &quot;Gumisie&quot; (14.05.2025) - Miejsko-Gminna Biblioteka Publiczna w G\u0105binie\" \/>\n<meta property=\"og:description\" content=\",,Czy mi\u0142o\u015b\u0107 ma jaki\u015b kszta\u0142t?\u201d , ,,Czy mi\u0142o\u015b\u0107 ma jaki\u015b\" \/>\n<meta property=\"og:url\" content=\"http:\/\/biblioteka-gabin.pl\/index.php\/2025\/05\/16\/spotkanie-z-bajka-w-oddziale-przedszkolnym-przy-szkole-podstawowej-w-gabinie-grupa-gumisie-14-05-2025\/\" \/>\n<meta property=\"og:site_name\" content=\"Miejsko-Gminna Biblioteka Publiczna w G\u0105binie\" \/>\n<meta property=\"article:publisher\" content=\"https:\/\/www.facebook.com\/bibliotekagabin\" \/>\n<meta property=\"article:published_time\" content=\"2025-05-16T00:00:00+00:00\" \/>\n<meta property=\"og:image\" content=\"https:\/\/biblioteka-gabin.pl\/wp-content\/uploads\/archive\/pliki\/obraz\/2025\/maj\/gumisie.jpg\" \/>\n<meta name=\"author\" content=\"admin\" \/>\n<meta name=\"twitter:card\" content=\"summary_large_image\" \/>\n<meta name=\"twitter:label1\" content=\"Napisane przez\" \/>\n\t<meta name=\"twitter:data1\" content=\"admin\" \/>\n\t<meta name=\"twitter:label2\" content=\"Szacowany czas czytania\" \/>\n\t<meta name=\"twitter:data2\" content=\"2 minuty\" \/>\n<script type=\"application\/ld+json\" class=\"yoast-schema-graph\">{\"@context\":\"https:\\\/\\\/schema.org\",\"@graph\":[{\"@type\":\"Article\",\"@id\":\"http:\\\/\\\/biblioteka-gabin.pl\\\/index.php\\\/2025\\\/05\\\/16\\\/spotkanie-z-bajka-w-oddziale-przedszkolnym-przy-szkole-podstawowej-w-gabinie-grupa-gumisie-14-05-2025\\\/#article\",\"isPartOf\":{\"@id\":\"http:\\\/\\\/biblioteka-gabin.pl\\\/index.php\\\/2025\\\/05\\\/16\\\/spotkanie-z-bajka-w-oddziale-przedszkolnym-przy-szkole-podstawowej-w-gabinie-grupa-gumisie-14-05-2025\\\/\"},\"author\":{\"name\":\"admin\",\"@id\":\"https:\\\/\\\/biblioteka-gabin.pl\\\/#\\\/schema\\\/person\\\/2067b97c24663d987ef6ef95bed7c99a\"},\"headline\":\"&#8222;Spotkanie z bajk\u0105&#8221; w Oddziale Przedszkolnym przy Szkole Podstawowej w G\u0105binie grupa &#8222;Gumisie&#8221; (14.05.2025)\",\"datePublished\":\"2025-05-16T00:00:00+00:00\",\"mainEntityOfPage\":{\"@id\":\"http:\\\/\\\/biblioteka-gabin.pl\\\/index.php\\\/2025\\\/05\\\/16\\\/spotkanie-z-bajka-w-oddziale-przedszkolnym-przy-szkole-podstawowej-w-gabinie-grupa-gumisie-14-05-2025\\\/\"},\"wordCount\":372,\"commentCount\":0,\"publisher\":{\"@id\":\"https:\\\/\\\/biblioteka-gabin.pl\\\/#organization\"},\"image\":{\"@id\":\"http:\\\/\\\/biblioteka-gabin.pl\\\/index.php\\\/2025\\\/05\\\/16\\\/spotkanie-z-bajka-w-oddziale-przedszkolnym-przy-szkole-podstawowej-w-gabinie-grupa-gumisie-14-05-2025\\\/#primaryimage\"},\"thumbnailUrl\":\"https:\\\/\\\/biblioteka-gabin.pl\\\/wp-content\\\/uploads\\\/archive\\\/pliki\\\/obraz\\\/2025\\\/maj\\\/gumisie.jpg\",\"articleSection\":[\"Main\"],\"inLanguage\":\"pl-PL\",\"potentialAction\":[{\"@type\":\"CommentAction\",\"name\":\"Comment\",\"target\":[\"http:\\\/\\\/biblioteka-gabin.pl\\\/index.php\\\/2025\\\/05\\\/16\\\/spotkanie-z-bajka-w-oddziale-przedszkolnym-przy-szkole-podstawowej-w-gabinie-grupa-gumisie-14-05-2025\\\/#respond\"]}]},{\"@type\":\"WebPage\",\"@id\":\"http:\\\/\\\/biblioteka-gabin.pl\\\/index.php\\\/2025\\\/05\\\/16\\\/spotkanie-z-bajka-w-oddziale-przedszkolnym-przy-szkole-podstawowej-w-gabinie-grupa-gumisie-14-05-2025\\\/\",\"url\":\"http:\\\/\\\/biblioteka-gabin.pl\\\/index.php\\\/2025\\\/05\\\/16\\\/spotkanie-z-bajka-w-oddziale-przedszkolnym-przy-szkole-podstawowej-w-gabinie-grupa-gumisie-14-05-2025\\\/\",\"name\":\"\\\"Spotkanie z bajk\u0105\\\" w Oddziale Przedszkolnym przy Szkole Podstawowej w G\u0105binie grupa \\\"Gumisie\\\" (14.05.2025) - Miejsko-Gminna Biblioteka Publiczna w G\u0105binie\",\"isPartOf\":{\"@id\":\"https:\\\/\\\/biblioteka-gabin.pl\\\/#website\"},\"primaryImageOfPage\":{\"@id\":\"http:\\\/\\\/biblioteka-gabin.pl\\\/index.php\\\/2025\\\/05\\\/16\\\/spotkanie-z-bajka-w-oddziale-przedszkolnym-przy-szkole-podstawowej-w-gabinie-grupa-gumisie-14-05-2025\\\/#primaryimage\"},\"image\":{\"@id\":\"http:\\\/\\\/biblioteka-gabin.pl\\\/index.php\\\/2025\\\/05\\\/16\\\/spotkanie-z-bajka-w-oddziale-przedszkolnym-przy-szkole-podstawowej-w-gabinie-grupa-gumisie-14-05-2025\\\/#primaryimage\"},\"thumbnailUrl\":\"https:\\\/\\\/biblioteka-gabin.pl\\\/wp-content\\\/uploads\\\/archive\\\/pliki\\\/obraz\\\/2025\\\/maj\\\/gumisie.jpg\",\"datePublished\":\"2025-05-16T00:00:00+00:00\",\"breadcrumb\":{\"@id\":\"http:\\\/\\\/biblioteka-gabin.pl\\\/index.php\\\/2025\\\/05\\\/16\\\/spotkanie-z-bajka-w-oddziale-przedszkolnym-przy-szkole-podstawowej-w-gabinie-grupa-gumisie-14-05-2025\\\/#breadcrumb\"},\"inLanguage\":\"pl-PL\",\"potentialAction\":[{\"@type\":\"ReadAction\",\"target\":[\"http:\\\/\\\/biblioteka-gabin.pl\\\/index.php\\\/2025\\\/05\\\/16\\\/spotkanie-z-bajka-w-oddziale-przedszkolnym-przy-szkole-podstawowej-w-gabinie-grupa-gumisie-14-05-2025\\\/\"]}]},{\"@type\":\"ImageObject\",\"inLanguage\":\"pl-PL\",\"@id\":\"http:\\\/\\\/biblioteka-gabin.pl\\\/index.php\\\/2025\\\/05\\\/16\\\/spotkanie-z-bajka-w-oddziale-przedszkolnym-przy-szkole-podstawowej-w-gabinie-grupa-gumisie-14-05-2025\\\/#primaryimage\",\"url\":\"https:\\\/\\\/biblioteka-gabin.pl\\\/wp-content\\\/uploads\\\/archive\\\/pliki\\\/obraz\\\/2025\\\/maj\\\/gumisie.jpg\",\"contentUrl\":\"https:\\\/\\\/biblioteka-gabin.pl\\\/wp-content\\\/uploads\\\/archive\\\/pliki\\\/obraz\\\/2025\\\/maj\\\/gumisie.jpg\"},{\"@type\":\"BreadcrumbList\",\"@id\":\"http:\\\/\\\/biblioteka-gabin.pl\\\/index.php\\\/2025\\\/05\\\/16\\\/spotkanie-z-bajka-w-oddziale-przedszkolnym-przy-szkole-podstawowej-w-gabinie-grupa-gumisie-14-05-2025\\\/#breadcrumb\",\"itemListElement\":[{\"@type\":\"ListItem\",\"position\":1,\"name\":\"Strona g\u0142\u00f3wna\",\"item\":\"https:\\\/\\\/biblioteka-gabin.pl\\\/\"},{\"@type\":\"ListItem\",\"position\":2,\"name\":\"&#8222;Spotkanie z bajk\u0105&#8221; w Oddziale Przedszkolnym przy Szkole Podstawowej w G\u0105binie grupa &#8222;Gumisie&#8221; (14.05.2025)\"}]},{\"@type\":\"WebSite\",\"@id\":\"https:\\\/\\\/biblioteka-gabin.pl\\\/#website\",\"url\":\"https:\\\/\\\/biblioteka-gabin.pl\\\/\",\"name\":\"Miejsko-Gminna Biblioteka Publiczna w G\u0105binie\",\"description\":\"\",\"publisher\":{\"@id\":\"https:\\\/\\\/biblioteka-gabin.pl\\\/#organization\"},\"potentialAction\":[{\"@type\":\"SearchAction\",\"target\":{\"@type\":\"EntryPoint\",\"urlTemplate\":\"https:\\\/\\\/biblioteka-gabin.pl\\\/?s={search_term_string}\"},\"query-input\":{\"@type\":\"PropertyValueSpecification\",\"valueRequired\":true,\"valueName\":\"search_term_string\"}}],\"inLanguage\":\"pl-PL\"},{\"@type\":\"Organization\",\"@id\":\"https:\\\/\\\/biblioteka-gabin.pl\\\/#organization\",\"name\":\"Miejsko-Gminna Biblioteka Publiczna w G\u0105binie\",\"url\":\"https:\\\/\\\/biblioteka-gabin.pl\\\/\",\"logo\":{\"@type\":\"ImageObject\",\"inLanguage\":\"pl-PL\",\"@id\":\"https:\\\/\\\/biblioteka-gabin.pl\\\/#\\\/schema\\\/logo\\\/image\\\/\",\"url\":\"https:\\\/\\\/biblioteka-gabin.pl\\\/wp-content\\\/uploads\\\/2025\\\/03\\\/logo-biblioteka-2-1657013691-1.jpg\",\"contentUrl\":\"https:\\\/\\\/biblioteka-gabin.pl\\\/wp-content\\\/uploads\\\/2025\\\/03\\\/logo-biblioteka-2-1657013691-1.jpg\",\"width\":1600,\"height\":772,\"caption\":\"Miejsko-Gminna Biblioteka Publiczna w G\u0105binie\"},\"image\":{\"@id\":\"https:\\\/\\\/biblioteka-gabin.pl\\\/#\\\/schema\\\/logo\\\/image\\\/\"},\"sameAs\":[\"https:\\\/\\\/www.facebook.com\\\/bibliotekagabin\",\"https:\\\/\\\/www.youtube.com\\\/@mgbpgabin9392\"]},{\"@type\":\"Person\",\"@id\":\"https:\\\/\\\/biblioteka-gabin.pl\\\/#\\\/schema\\\/person\\\/2067b97c24663d987ef6ef95bed7c99a\",\"name\":\"admin\",\"image\":{\"@type\":\"ImageObject\",\"inLanguage\":\"pl-PL\",\"@id\":\"https:\\\/\\\/secure.gravatar.com\\\/avatar\\\/e1843904e97b4e376a0fc90ae10372cd31bce9b207a7a3d2ca68fc7ca7e4174c?s=96&d=mm&r=g\",\"url\":\"https:\\\/\\\/secure.gravatar.com\\\/avatar\\\/e1843904e97b4e376a0fc90ae10372cd31bce9b207a7a3d2ca68fc7ca7e4174c?s=96&d=mm&r=g\",\"contentUrl\":\"https:\\\/\\\/secure.gravatar.com\\\/avatar\\\/e1843904e97b4e376a0fc90ae10372cd31bce9b207a7a3d2ca68fc7ca7e4174c?s=96&d=mm&r=g\",\"caption\":\"admin\"},\"sameAs\":[\"http:\\\/\\\/strona.biblioteka-gabin.pl\"],\"url\":\"http:\\\/\\\/biblioteka-gabin.pl\\\/index.php\\\/author\\\/admin\\\/\"}]}<\/script>\n<!-- \/ Yoast SEO plugin. -->","yoast_head_json":{"title":"\"Spotkanie z bajk\u0105\" w Oddziale Przedszkolnym przy Szkole Podstawowej w G\u0105binie grupa \"Gumisie\" (14.05.2025) - Miejsko-Gminna Biblioteka Publiczna w G\u0105binie","robots":{"index":"index","follow":"follow","max-snippet":"max-snippet:-1","max-image-preview":"max-image-preview:large","max-video-preview":"max-video-preview:-1"},"canonical":"http:\/\/biblioteka-gabin.pl\/index.php\/2025\/05\/16\/spotkanie-z-bajka-w-oddziale-przedszkolnym-przy-szkole-podstawowej-w-gabinie-grupa-gumisie-14-05-2025\/","og_locale":"pl_PL","og_type":"article","og_title":"\"Spotkanie z bajk\u0105\" w Oddziale Przedszkolnym przy Szkole Podstawowej w G\u0105binie grupa \"Gumisie\" (14.05.2025) - Miejsko-Gminna Biblioteka Publiczna w G\u0105binie","og_description":",,Czy mi\u0142o\u015b\u0107 ma jaki\u015b kszta\u0142t?\u201d , ,,Czy mi\u0142o\u015b\u0107 ma jaki\u015b","og_url":"http:\/\/biblioteka-gabin.pl\/index.php\/2025\/05\/16\/spotkanie-z-bajka-w-oddziale-przedszkolnym-przy-szkole-podstawowej-w-gabinie-grupa-gumisie-14-05-2025\/","og_site_name":"Miejsko-Gminna Biblioteka Publiczna w G\u0105binie","article_publisher":"https:\/\/www.facebook.com\/bibliotekagabin","article_published_time":"2025-05-16T00:00:00+00:00","og_image":[{"url":"https:\/\/biblioteka-gabin.pl\/wp-content\/uploads\/archive\/pliki\/obraz\/2025\/maj\/gumisie.jpg","type":"","width":"","height":""}],"author":"admin","twitter_card":"summary_large_image","twitter_misc":{"Napisane przez":"admin","Szacowany czas czytania":"2 minuty"},"schema":{"@context":"https:\/\/schema.org","@graph":[{"@type":"Article","@id":"http:\/\/biblioteka-gabin.pl\/index.php\/2025\/05\/16\/spotkanie-z-bajka-w-oddziale-przedszkolnym-przy-szkole-podstawowej-w-gabinie-grupa-gumisie-14-05-2025\/#article","isPartOf":{"@id":"http:\/\/biblioteka-gabin.pl\/index.php\/2025\/05\/16\/spotkanie-z-bajka-w-oddziale-przedszkolnym-przy-szkole-podstawowej-w-gabinie-grupa-gumisie-14-05-2025\/"},"author":{"name":"admin","@id":"https:\/\/biblioteka-gabin.pl\/#\/schema\/person\/2067b97c24663d987ef6ef95bed7c99a"},"headline":"&#8222;Spotkanie z bajk\u0105&#8221; w Oddziale Przedszkolnym przy Szkole Podstawowej w G\u0105binie grupa &#8222;Gumisie&#8221; (14.05.2025)","datePublished":"2025-05-16T00:00:00+00:00","mainEntityOfPage":{"@id":"http:\/\/biblioteka-gabin.pl\/index.php\/2025\/05\/16\/spotkanie-z-bajka-w-oddziale-przedszkolnym-przy-szkole-podstawowej-w-gabinie-grupa-gumisie-14-05-2025\/"},"wordCount":372,"commentCount":0,"publisher":{"@id":"https:\/\/biblioteka-gabin.pl\/#organization"},"image":{"@id":"http:\/\/biblioteka-gabin.pl\/index.php\/2025\/05\/16\/spotkanie-z-bajka-w-oddziale-przedszkolnym-przy-szkole-podstawowej-w-gabinie-grupa-gumisie-14-05-2025\/#primaryimage"},"thumbnailUrl":"https:\/\/biblioteka-gabin.pl\/wp-content\/uploads\/archive\/pliki\/obraz\/2025\/maj\/gumisie.jpg","articleSection":["Main"],"inLanguage":"pl-PL","potentialAction":[{"@type":"CommentAction","name":"Comment","target":["http:\/\/biblioteka-gabin.pl\/index.php\/2025\/05\/16\/spotkanie-z-bajka-w-oddziale-przedszkolnym-przy-szkole-podstawowej-w-gabinie-grupa-gumisie-14-05-2025\/#respond"]}]},{"@type":"WebPage","@id":"http:\/\/biblioteka-gabin.pl\/index.php\/2025\/05\/16\/spotkanie-z-bajka-w-oddziale-przedszkolnym-przy-szkole-podstawowej-w-gabinie-grupa-gumisie-14-05-2025\/","url":"http:\/\/biblioteka-gabin.pl\/index.php\/2025\/05\/16\/spotkanie-z-bajka-w-oddziale-przedszkolnym-przy-szkole-podstawowej-w-gabinie-grupa-gumisie-14-05-2025\/","name":"\"Spotkanie z bajk\u0105\" w Oddziale Przedszkolnym przy Szkole Podstawowej w G\u0105binie grupa \"Gumisie\" (14.05.2025) - Miejsko-Gminna Biblioteka Publiczna w G\u0105binie","isPartOf":{"@id":"https:\/\/biblioteka-gabin.pl\/#website"},"primaryImageOfPage":{"@id":"http:\/\/biblioteka-gabin.pl\/index.php\/2025\/05\/16\/spotkanie-z-bajka-w-oddziale-przedszkolnym-przy-szkole-podstawowej-w-gabinie-grupa-gumisie-14-05-2025\/#primaryimage"},"image":{"@id":"http:\/\/biblioteka-gabin.pl\/index.php\/2025\/05\/16\/spotkanie-z-bajka-w-oddziale-przedszkolnym-przy-szkole-podstawowej-w-gabinie-grupa-gumisie-14-05-2025\/#primaryimage"},"thumbnailUrl":"https:\/\/biblioteka-gabin.pl\/wp-content\/uploads\/archive\/pliki\/obraz\/2025\/maj\/gumisie.jpg","datePublished":"2025-05-16T00:00:00+00:00","breadcrumb":{"@id":"http:\/\/biblioteka-gabin.pl\/index.php\/2025\/05\/16\/spotkanie-z-bajka-w-oddziale-przedszkolnym-przy-szkole-podstawowej-w-gabinie-grupa-gumisie-14-05-2025\/#breadcrumb"},"inLanguage":"pl-PL","potentialAction":[{"@type":"ReadAction","target":["http:\/\/biblioteka-gabin.pl\/index.php\/2025\/05\/16\/spotkanie-z-bajka-w-oddziale-przedszkolnym-przy-szkole-podstawowej-w-gabinie-grupa-gumisie-14-05-2025\/"]}]},{"@type":"ImageObject","inLanguage":"pl-PL","@id":"http:\/\/biblioteka-gabin.pl\/index.php\/2025\/05\/16\/spotkanie-z-bajka-w-oddziale-przedszkolnym-przy-szkole-podstawowej-w-gabinie-grupa-gumisie-14-05-2025\/#primaryimage","url":"https:\/\/biblioteka-gabin.pl\/wp-content\/uploads\/archive\/pliki\/obraz\/2025\/maj\/gumisie.jpg","contentUrl":"https:\/\/biblioteka-gabin.pl\/wp-content\/uploads\/archive\/pliki\/obraz\/2025\/maj\/gumisie.jpg"},{"@type":"BreadcrumbList","@id":"http:\/\/biblioteka-gabin.pl\/index.php\/2025\/05\/16\/spotkanie-z-bajka-w-oddziale-przedszkolnym-przy-szkole-podstawowej-w-gabinie-grupa-gumisie-14-05-2025\/#breadcrumb","itemListElement":[{"@type":"ListItem","position":1,"name":"Strona g\u0142\u00f3wna","item":"https:\/\/biblioteka-gabin.pl\/"},{"@type":"ListItem","position":2,"name":"&#8222;Spotkanie z bajk\u0105&#8221; w Oddziale Przedszkolnym przy Szkole Podstawowej w G\u0105binie grupa &#8222;Gumisie&#8221; (14.05.2025)"}]},{"@type":"WebSite","@id":"https:\/\/biblioteka-gabin.pl\/#website","url":"https:\/\/biblioteka-gabin.pl\/","name":"Miejsko-Gminna Biblioteka Publiczna w G\u0105binie","description":"","publisher":{"@id":"https:\/\/biblioteka-gabin.pl\/#organization"},"potentialAction":[{"@type":"SearchAction","target":{"@type":"EntryPoint","urlTemplate":"https:\/\/biblioteka-gabin.pl\/?s={search_term_string}"},"query-input":{"@type":"PropertyValueSpecification","valueRequired":true,"valueName":"search_term_string"}}],"inLanguage":"pl-PL"},{"@type":"Organization","@id":"https:\/\/biblioteka-gabin.pl\/#organization","name":"Miejsko-Gminna Biblioteka Publiczna w G\u0105binie","url":"https:\/\/biblioteka-gabin.pl\/","logo":{"@type":"ImageObject","inLanguage":"pl-PL","@id":"https:\/\/biblioteka-gabin.pl\/#\/schema\/logo\/image\/","url":"https:\/\/biblioteka-gabin.pl\/wp-content\/uploads\/2025\/03\/logo-biblioteka-2-1657013691-1.jpg","contentUrl":"https:\/\/biblioteka-gabin.pl\/wp-content\/uploads\/2025\/03\/logo-biblioteka-2-1657013691-1.jpg","width":1600,"height":772,"caption":"Miejsko-Gminna Biblioteka Publiczna w G\u0105binie"},"image":{"@id":"https:\/\/biblioteka-gabin.pl\/#\/schema\/logo\/image\/"},"sameAs":["https:\/\/www.facebook.com\/bibliotekagabin","https:\/\/www.youtube.com\/@mgbpgabin9392"]},{"@type":"Person","@id":"https:\/\/biblioteka-gabin.pl\/#\/schema\/person\/2067b97c24663d987ef6ef95bed7c99a","name":"admin","image":{"@type":"ImageObject","inLanguage":"pl-PL","@id":"https:\/\/secure.gravatar.com\/avatar\/e1843904e97b4e376a0fc90ae10372cd31bce9b207a7a3d2ca68fc7ca7e4174c?s=96&d=mm&r=g","url":"https:\/\/secure.gravatar.com\/avatar\/e1843904e97b4e376a0fc90ae10372cd31bce9b207a7a3d2ca68fc7ca7e4174c?s=96&d=mm&r=g","contentUrl":"https:\/\/secure.gravatar.com\/avatar\/e1843904e97b4e376a0fc90ae10372cd31bce9b207a7a3d2ca68fc7ca7e4174c?s=96&d=mm&r=g","caption":"admin"},"sameAs":["http:\/\/strona.biblioteka-gabin.pl"],"url":"http:\/\/biblioteka-gabin.pl\/index.php\/author\/admin\/"}]}},"_links":{"self":[{"href":"http:\/\/biblioteka-gabin.pl\/index.php\/wp-json\/wp\/v2\/posts\/8470","targetHints":{"allow":["GET"]}}],"collection":[{"href":"http:\/\/biblioteka-gabin.pl\/index.php\/wp-json\/wp\/v2\/posts"}],"about":[{"href":"http:\/\/biblioteka-gabin.pl\/index.php\/wp-json\/wp\/v2\/types\/post"}],"author":[{"embeddable":true,"href":"http:\/\/biblioteka-gabin.pl\/index.php\/wp-json\/wp\/v2\/users\/1"}],"replies":[{"embeddable":true,"href":"http:\/\/biblioteka-gabin.pl\/index.php\/wp-json\/wp\/v2\/comments?post=8470"}],"version-history":[{"count":0,"href":"http:\/\/biblioteka-gabin.pl\/index.php\/wp-json\/wp\/v2\/posts\/8470\/revisions"}],"wp:attachment":[{"href":"http:\/\/biblioteka-gabin.pl\/index.php\/wp-json\/wp\/v2\/media?parent=8470"}],"wp:term":[{"taxonomy":"category","embeddable":true,"href":"http:\/\/biblioteka-gabin.pl\/index.php\/wp-json\/wp\/v2\/categories?post=8470"},{"taxonomy":"post_tag","embeddable":true,"href":"http:\/\/biblioteka-gabin.pl\/index.php\/wp-json\/wp\/v2\/tags?post=8470"}],"curies":[{"name":"wp","href":"https:\/\/api.w.org\/{rel}","templated":true}]}}