{"id":8471,"date":"2025-06-20T00:00:00","date_gmt":"2025-06-20T00:00:00","guid":{"rendered":"https:\/\/biblioteka-gabin.pl\/index.php\/2025\/06\/20\/spotkanie-z-bajka-w-oddziale-przedszkolnym-przy-szkole-podstawowej-w-gabinie-grupa-jagodki-11-06-2025\/"},"modified":"2025-06-20T00:00:00","modified_gmt":"2025-06-20T00:00:00","slug":"spotkanie-z-bajka-w-oddziale-przedszkolnym-przy-szkole-podstawowej-w-gabinie-grupa-jagodki-11-06-2025","status":"publish","type":"post","link":"http:\/\/biblioteka-gabin.pl\/index.php\/2025\/06\/20\/spotkanie-z-bajka-w-oddziale-przedszkolnym-przy-szkole-podstawowej-w-gabinie-grupa-jagodki-11-06-2025\/","title":{"rendered":"&#8222;Spotkanie z bajk\u0105&#8221; w Oddziale Przedszkolnym przy Szkole podstawowej w G\u0105binie  grupa &#8222;Jag\u00f3dki&#8221; (11.06.2025)"},"content":{"rendered":"<p>Na ostatnie przedwakacyjne \u201eSpotkanie z bajk\u0105\u201d dotar\u0142am do grupy \u201eJag\u00f3dki\u201d z Oddzia\u0142u Przedszkolnego przy Szkole Podstawowej w G\u0105binie.<br \/>\nPodczas tego spotkania chcia\u0142am przedstawi\u0107 dzieciom pewnych<br \/>\nautor\u00f3w, kt\u00f3rzy s\u0105 klasyk\u0105 w literaturze polskiej.<br \/>\nPierwszym utworem jaki przeczyta\u0142am dzieciom by\u0142a \u201eKaczka Dziwaczka\u201d J. Brzechwy. Kiedy zapyta\u0142am wcze\u015bniej uczestnik\u00f3w zaj\u0119\u0107 jakie znaj\u0105 utwory Jana Brzechwy- przez moment by\u0142a cisza. Kiedy za\u015b zacz\u0119\u0142am czyta\u0107 utw\u00f3r wszyscy dobrze go rozpoznali. Wsp\u00f3lnie mogli\u015bmy powspomina\u0107 zwariowane przygody nietypowej kaczki. U\u015bmiech od razu pojawi\u0142 si\u0119 na twarzach dzieci.<br \/>\nKolejny utw\u00f3r, mo\u017ce mniej znany \u201eKatar\u201d J. Brzechwy tak\u017ce zainteresowa\u0142 s\u0142uchaczy.<br \/>\nKolejn\u0105 ksi\u0105\u017ck\u0105 jak\u0105 zabra\u0142am ze sob\u0105 na zaj\u0119cia by\u0142y \u201eBajki Andersena\u201d. Przeczyta\u0142am histori\u0119 \u201eBrzydkiego Kacz\u0105tka\u201d, dzieci mia\u0142y okazj\u0119 pos\u0142ucha\u0107 pi\u0119knej i wzruszaj\u0105cej opowie\u015bci Hansa Christiana Andersena.<br \/>\n\u201eJag\u00f3dki\u201d z zaciekawieniem i skupieniem \u015bledzi\u0142y losy ma\u0142ego kacz\u0105tka, kt\u00f3re od pocz\u0105tku r\u00f3\u017cni\u0142o si\u0119 od swojego rodze\u0144stwa. Dzieci prze\u017cywa\u0142y histori\u0119 bohatera, kt\u00f3ry pomimo trudno\u015bci i samotno\u015bci, odnalaz\u0142 swoje miejsce w \u015bwiecie. Wsp\u00f3lnie doszli\u015bmy do wniosku, \u017ce ka\u017cdy z nas jest wyj\u0105tkowy na sw\u00f3j spos\u00f3b i zas\u0142uguje na szacunek i \u017cyczliwo\u015b\u0107.<br \/>\nDzi\u0119kuj\u0119 wszystkim za to ostanie przedwakacyjne spotkanie, z nadziej\u0105 czekam na kolejne\u2026<br \/>\nMoim M\u0142odym S\u0142uchaczom \u017cycz\u0119 odpoczynku i wakacyjnego relaksu z ksi\u0105\u017ck\u0105.<br \/>\n\u00a0\u00a0\u00a0\u00a0\u00a0\u00a0\u00a0\u00a0\u00a0\u00a0\u00a0\u00a0\u00a0\u00a0\u00a0\u00a0\u00a0\u00a0\u00a0\u00a0\u00a0\u00a0\u00a0\u00a0\u00a0\u00a0\u00a0\u00a0\u00a0\u00a0\u00a0\u00a0\u00a0 Opr. Joanna Olejniczak<br \/>\n<img src='https:\/\/biblioteka-gabin.pl\/wp-content\/uploads\/archive\/pliki\/obraz\/2025\/czerwiec\/59bfc07c-cb1b-482b-a499-a27aff25c1ae.jpg'><br \/>\n<a href='https:\/\/biblioteka-gabin.pl\/wp-content\/uploads\/archive\/galleries\/693\/bf8d2901-7971-401e-b04c-47d53fc957a1-116b3dae98.jpg'><img style='max-height:300px;' src='https:\/\/biblioteka-gabin.pl\/wp-content\/uploads\/archive\/galleries\/693\/bf8d2901-7971-401e-b04c-47d53fc957a1-116b3dae98.jpg'><\/a><br \/>\n<a href='https:\/\/biblioteka-gabin.pl\/wp-content\/uploads\/archive\/galleries\/693\/59bfc07c-cb1b-482b-a499-a27aff25c1ae-9b01837478.jpg'><img style='max-height:300px;' src='https:\/\/biblioteka-gabin.pl\/wp-content\/uploads\/archive\/galleries\/693\/59bfc07c-cb1b-482b-a499-a27aff25c1ae-9b01837478.jpg'><\/a><br \/>\n<a href='https:\/\/biblioteka-gabin.pl\/wp-content\/uploads\/archive\/galleries\/693\/e0abe528-766e-403a-b6c8-6a764254c527-fb42abbf1e.jpg'><img style='max-height:300px;' src='https:\/\/biblioteka-gabin.pl\/wp-content\/uploads\/archive\/galleries\/693\/e0abe528-766e-403a-b6c8-6a764254c527-fb42abbf1e.jpg'><\/a><br \/>\n<a href='https:\/\/biblioteka-gabin.pl\/wp-content\/uploads\/archive\/galleries\/693\/db43443e-7299-4b3d-b6e6-6cf81406a7d2-519c7796b1.jpg'><img style='max-height:300px;' src='https:\/\/biblioteka-gabin.pl\/wp-content\/uploads\/archive\/galleries\/693\/db43443e-7299-4b3d-b6e6-6cf81406a7d2-519c7796b1.jpg'><\/a><br \/>\n<a href='https:\/\/biblioteka-gabin.pl\/wp-content\/uploads\/archive\/galleries\/693\/91701a18-fa11-41e6-9270-30b73a943161-e0f508ea90.jpg'><img style='max-height:300px;' src='https:\/\/biblioteka-gabin.pl\/wp-content\/uploads\/archive\/galleries\/693\/91701a18-fa11-41e6-9270-30b73a943161-e0f508ea90.jpg'><\/a><br \/>\n<a href='https:\/\/biblioteka-gabin.pl\/wp-content\/uploads\/archive\/galleries\/693\/ed88189c-8968-42fa-b9e3-a73e72da8a46-ef410c188c.jpg'><img style='max-height:300px;' src='https:\/\/biblioteka-gabin.pl\/wp-content\/uploads\/archive\/galleries\/693\/ed88189c-8968-42fa-b9e3-a73e72da8a46-ef410c188c.jpg'><\/a><br \/>\n<a href='https:\/\/biblioteka-gabin.pl\/wp-content\/uploads\/archive\/galleries\/693\/b4a5a707-13b4-44d4-83a0-745a355f9983-385c18b5fc.jpg'><img style='max-height:300px;' src='https:\/\/biblioteka-gabin.pl\/wp-content\/uploads\/archive\/galleries\/693\/b4a5a707-13b4-44d4-83a0-745a355f9983-385c18b5fc.jpg'><\/a><\/p>\n","protected":false},"excerpt":{"rendered":"<p>Na ostatnie przedwakacyjne \u201eSpotkanie z bajk\u0105\u201d dotar\u0142am do grupy \u201eJag\u00f3dki\u201d<\/p>\n","protected":false},"author":1,"featured_media":0,"comment_status":"open","ping_status":"open","sticky":false,"template":"","format":"standard","meta":{"footnotes":""},"categories":[36],"tags":[],"class_list":["post-8471","post","type-post","status-publish","format-standard","hentry","category-main"],"yoast_head":"<!-- This site is optimized with the Yoast SEO plugin v27.4 - https:\/\/yoast.com\/product\/yoast-seo-wordpress\/ -->\n<title>&quot;Spotkanie z bajk\u0105&quot; w Oddziale Przedszkolnym przy Szkole podstawowej w G\u0105binie grupa &quot;Jag\u00f3dki&quot; (11.06.2025) - Miejsko-Gminna Biblioteka Publiczna w G\u0105binie<\/title>\n<meta name=\"robots\" content=\"index, follow, max-snippet:-1, max-image-preview:large, max-video-preview:-1\" \/>\n<link rel=\"canonical\" href=\"https:\/\/biblioteka-gabin.pl\/index.php\/2025\/06\/20\/spotkanie-z-bajka-w-oddziale-przedszkolnym-przy-szkole-podstawowej-w-gabinie-grupa-jagodki-11-06-2025\/\" \/>\n<meta property=\"og:locale\" content=\"pl_PL\" \/>\n<meta property=\"og:type\" content=\"article\" \/>\n<meta property=\"og:title\" content=\"&quot;Spotkanie z bajk\u0105&quot; w Oddziale Przedszkolnym przy Szkole podstawowej w G\u0105binie grupa &quot;Jag\u00f3dki&quot; (11.06.2025) - Miejsko-Gminna Biblioteka Publiczna w G\u0105binie\" \/>\n<meta property=\"og:description\" content=\"Na ostatnie przedwakacyjne \u201eSpotkanie z bajk\u0105\u201d dotar\u0142am do grupy \u201eJag\u00f3dki\u201d\" \/>\n<meta property=\"og:url\" content=\"https:\/\/biblioteka-gabin.pl\/index.php\/2025\/06\/20\/spotkanie-z-bajka-w-oddziale-przedszkolnym-przy-szkole-podstawowej-w-gabinie-grupa-jagodki-11-06-2025\/\" \/>\n<meta property=\"og:site_name\" content=\"Miejsko-Gminna Biblioteka Publiczna w G\u0105binie\" \/>\n<meta property=\"article:publisher\" content=\"https:\/\/www.facebook.com\/bibliotekagabin\" \/>\n<meta property=\"article:published_time\" content=\"2025-06-20T00:00:00+00:00\" \/>\n<meta property=\"og:image\" content=\"https:\/\/biblioteka-gabin.pl\/wp-content\/uploads\/archive\/pliki\/obraz\/2025\/czerwiec\/59bfc07c-cb1b-482b-a499-a27aff25c1ae.jpg\" \/>\n<meta name=\"author\" content=\"admin\" \/>\n<meta name=\"twitter:card\" content=\"summary_large_image\" \/>\n<meta name=\"twitter:label1\" content=\"Napisane przez\" \/>\n\t<meta name=\"twitter:data1\" content=\"admin\" \/>\n\t<meta name=\"twitter:label2\" content=\"Szacowany czas czytania\" \/>\n\t<meta name=\"twitter:data2\" content=\"1 minuta\" \/>\n<script type=\"application\/ld+json\" class=\"yoast-schema-graph\">{\"@context\":\"https:\\\/\\\/schema.org\",\"@graph\":[{\"@type\":\"Article\",\"@id\":\"https:\\\/\\\/biblioteka-gabin.pl\\\/index.php\\\/2025\\\/06\\\/20\\\/spotkanie-z-bajka-w-oddziale-przedszkolnym-przy-szkole-podstawowej-w-gabinie-grupa-jagodki-11-06-2025\\\/#article\",\"isPartOf\":{\"@id\":\"https:\\\/\\\/biblioteka-gabin.pl\\\/index.php\\\/2025\\\/06\\\/20\\\/spotkanie-z-bajka-w-oddziale-przedszkolnym-przy-szkole-podstawowej-w-gabinie-grupa-jagodki-11-06-2025\\\/\"},\"author\":{\"name\":\"admin\",\"@id\":\"https:\\\/\\\/biblioteka-gabin.pl\\\/#\\\/schema\\\/person\\\/2067b97c24663d987ef6ef95bed7c99a\"},\"headline\":\"&#8222;Spotkanie z bajk\u0105&#8221; w Oddziale Przedszkolnym przy Szkole podstawowej w G\u0105binie grupa &#8222;Jag\u00f3dki&#8221; (11.06.2025)\",\"datePublished\":\"2025-06-20T00:00:00+00:00\",\"mainEntityOfPage\":{\"@id\":\"https:\\\/\\\/biblioteka-gabin.pl\\\/index.php\\\/2025\\\/06\\\/20\\\/spotkanie-z-bajka-w-oddziale-przedszkolnym-przy-szkole-podstawowej-w-gabinie-grupa-jagodki-11-06-2025\\\/\"},\"wordCount\":265,\"commentCount\":0,\"publisher\":{\"@id\":\"https:\\\/\\\/biblioteka-gabin.pl\\\/#organization\"},\"image\":{\"@id\":\"https:\\\/\\\/biblioteka-gabin.pl\\\/index.php\\\/2025\\\/06\\\/20\\\/spotkanie-z-bajka-w-oddziale-przedszkolnym-przy-szkole-podstawowej-w-gabinie-grupa-jagodki-11-06-2025\\\/#primaryimage\"},\"thumbnailUrl\":\"https:\\\/\\\/biblioteka-gabin.pl\\\/wp-content\\\/uploads\\\/archive\\\/pliki\\\/obraz\\\/2025\\\/czerwiec\\\/59bfc07c-cb1b-482b-a499-a27aff25c1ae.jpg\",\"articleSection\":[\"Main\"],\"inLanguage\":\"pl-PL\",\"potentialAction\":[{\"@type\":\"CommentAction\",\"name\":\"Comment\",\"target\":[\"https:\\\/\\\/biblioteka-gabin.pl\\\/index.php\\\/2025\\\/06\\\/20\\\/spotkanie-z-bajka-w-oddziale-przedszkolnym-przy-szkole-podstawowej-w-gabinie-grupa-jagodki-11-06-2025\\\/#respond\"]}]},{\"@type\":\"WebPage\",\"@id\":\"https:\\\/\\\/biblioteka-gabin.pl\\\/index.php\\\/2025\\\/06\\\/20\\\/spotkanie-z-bajka-w-oddziale-przedszkolnym-przy-szkole-podstawowej-w-gabinie-grupa-jagodki-11-06-2025\\\/\",\"url\":\"https:\\\/\\\/biblioteka-gabin.pl\\\/index.php\\\/2025\\\/06\\\/20\\\/spotkanie-z-bajka-w-oddziale-przedszkolnym-przy-szkole-podstawowej-w-gabinie-grupa-jagodki-11-06-2025\\\/\",\"name\":\"\\\"Spotkanie z bajk\u0105\\\" w Oddziale Przedszkolnym przy Szkole podstawowej w G\u0105binie grupa \\\"Jag\u00f3dki\\\" (11.06.2025) - Miejsko-Gminna Biblioteka Publiczna w G\u0105binie\",\"isPartOf\":{\"@id\":\"https:\\\/\\\/biblioteka-gabin.pl\\\/#website\"},\"primaryImageOfPage\":{\"@id\":\"https:\\\/\\\/biblioteka-gabin.pl\\\/index.php\\\/2025\\\/06\\\/20\\\/spotkanie-z-bajka-w-oddziale-przedszkolnym-przy-szkole-podstawowej-w-gabinie-grupa-jagodki-11-06-2025\\\/#primaryimage\"},\"image\":{\"@id\":\"https:\\\/\\\/biblioteka-gabin.pl\\\/index.php\\\/2025\\\/06\\\/20\\\/spotkanie-z-bajka-w-oddziale-przedszkolnym-przy-szkole-podstawowej-w-gabinie-grupa-jagodki-11-06-2025\\\/#primaryimage\"},\"thumbnailUrl\":\"https:\\\/\\\/biblioteka-gabin.pl\\\/wp-content\\\/uploads\\\/archive\\\/pliki\\\/obraz\\\/2025\\\/czerwiec\\\/59bfc07c-cb1b-482b-a499-a27aff25c1ae.jpg\",\"datePublished\":\"2025-06-20T00:00:00+00:00\",\"breadcrumb\":{\"@id\":\"https:\\\/\\\/biblioteka-gabin.pl\\\/index.php\\\/2025\\\/06\\\/20\\\/spotkanie-z-bajka-w-oddziale-przedszkolnym-przy-szkole-podstawowej-w-gabinie-grupa-jagodki-11-06-2025\\\/#breadcrumb\"},\"inLanguage\":\"pl-PL\",\"potentialAction\":[{\"@type\":\"ReadAction\",\"target\":[\"https:\\\/\\\/biblioteka-gabin.pl\\\/index.php\\\/2025\\\/06\\\/20\\\/spotkanie-z-bajka-w-oddziale-przedszkolnym-przy-szkole-podstawowej-w-gabinie-grupa-jagodki-11-06-2025\\\/\"]}]},{\"@type\":\"ImageObject\",\"inLanguage\":\"pl-PL\",\"@id\":\"https:\\\/\\\/biblioteka-gabin.pl\\\/index.php\\\/2025\\\/06\\\/20\\\/spotkanie-z-bajka-w-oddziale-przedszkolnym-przy-szkole-podstawowej-w-gabinie-grupa-jagodki-11-06-2025\\\/#primaryimage\",\"url\":\"https:\\\/\\\/biblioteka-gabin.pl\\\/wp-content\\\/uploads\\\/archive\\\/pliki\\\/obraz\\\/2025\\\/czerwiec\\\/59bfc07c-cb1b-482b-a499-a27aff25c1ae.jpg\",\"contentUrl\":\"https:\\\/\\\/biblioteka-gabin.pl\\\/wp-content\\\/uploads\\\/archive\\\/pliki\\\/obraz\\\/2025\\\/czerwiec\\\/59bfc07c-cb1b-482b-a499-a27aff25c1ae.jpg\"},{\"@type\":\"BreadcrumbList\",\"@id\":\"https:\\\/\\\/biblioteka-gabin.pl\\\/index.php\\\/2025\\\/06\\\/20\\\/spotkanie-z-bajka-w-oddziale-przedszkolnym-przy-szkole-podstawowej-w-gabinie-grupa-jagodki-11-06-2025\\\/#breadcrumb\",\"itemListElement\":[{\"@type\":\"ListItem\",\"position\":1,\"name\":\"Strona g\u0142\u00f3wna\",\"item\":\"https:\\\/\\\/biblioteka-gabin.pl\\\/\"},{\"@type\":\"ListItem\",\"position\":2,\"name\":\"&#8222;Spotkanie z bajk\u0105&#8221; w Oddziale Przedszkolnym przy Szkole podstawowej w G\u0105binie grupa &#8222;Jag\u00f3dki&#8221; (11.06.2025)\"}]},{\"@type\":\"WebSite\",\"@id\":\"https:\\\/\\\/biblioteka-gabin.pl\\\/#website\",\"url\":\"https:\\\/\\\/biblioteka-gabin.pl\\\/\",\"name\":\"Miejsko-Gminna Biblioteka Publiczna w G\u0105binie\",\"description\":\"\",\"publisher\":{\"@id\":\"https:\\\/\\\/biblioteka-gabin.pl\\\/#organization\"},\"potentialAction\":[{\"@type\":\"SearchAction\",\"target\":{\"@type\":\"EntryPoint\",\"urlTemplate\":\"https:\\\/\\\/biblioteka-gabin.pl\\\/?s={search_term_string}\"},\"query-input\":{\"@type\":\"PropertyValueSpecification\",\"valueRequired\":true,\"valueName\":\"search_term_string\"}}],\"inLanguage\":\"pl-PL\"},{\"@type\":\"Organization\",\"@id\":\"https:\\\/\\\/biblioteka-gabin.pl\\\/#organization\",\"name\":\"Miejsko-Gminna Biblioteka Publiczna w G\u0105binie\",\"url\":\"https:\\\/\\\/biblioteka-gabin.pl\\\/\",\"logo\":{\"@type\":\"ImageObject\",\"inLanguage\":\"pl-PL\",\"@id\":\"https:\\\/\\\/biblioteka-gabin.pl\\\/#\\\/schema\\\/logo\\\/image\\\/\",\"url\":\"https:\\\/\\\/biblioteka-gabin.pl\\\/wp-content\\\/uploads\\\/2025\\\/03\\\/logo-biblioteka-2-1657013691-1.jpg\",\"contentUrl\":\"https:\\\/\\\/biblioteka-gabin.pl\\\/wp-content\\\/uploads\\\/2025\\\/03\\\/logo-biblioteka-2-1657013691-1.jpg\",\"width\":1600,\"height\":772,\"caption\":\"Miejsko-Gminna Biblioteka Publiczna w G\u0105binie\"},\"image\":{\"@id\":\"https:\\\/\\\/biblioteka-gabin.pl\\\/#\\\/schema\\\/logo\\\/image\\\/\"},\"sameAs\":[\"https:\\\/\\\/www.facebook.com\\\/bibliotekagabin\",\"https:\\\/\\\/www.youtube.com\\\/@mgbpgabin9392\"]},{\"@type\":\"Person\",\"@id\":\"https:\\\/\\\/biblioteka-gabin.pl\\\/#\\\/schema\\\/person\\\/2067b97c24663d987ef6ef95bed7c99a\",\"name\":\"admin\",\"image\":{\"@type\":\"ImageObject\",\"inLanguage\":\"pl-PL\",\"@id\":\"https:\\\/\\\/secure.gravatar.com\\\/avatar\\\/e1843904e97b4e376a0fc90ae10372cd31bce9b207a7a3d2ca68fc7ca7e4174c?s=96&d=mm&r=g\",\"url\":\"https:\\\/\\\/secure.gravatar.com\\\/avatar\\\/e1843904e97b4e376a0fc90ae10372cd31bce9b207a7a3d2ca68fc7ca7e4174c?s=96&d=mm&r=g\",\"contentUrl\":\"https:\\\/\\\/secure.gravatar.com\\\/avatar\\\/e1843904e97b4e376a0fc90ae10372cd31bce9b207a7a3d2ca68fc7ca7e4174c?s=96&d=mm&r=g\",\"caption\":\"admin\"},\"sameAs\":[\"http:\\\/\\\/strona.biblioteka-gabin.pl\"],\"url\":\"http:\\\/\\\/biblioteka-gabin.pl\\\/index.php\\\/author\\\/admin\\\/\"}]}<\/script>\n<!-- \/ Yoast SEO plugin. -->","yoast_head_json":{"title":"\"Spotkanie z bajk\u0105\" w Oddziale Przedszkolnym przy Szkole podstawowej w G\u0105binie grupa \"Jag\u00f3dki\" (11.06.2025) - Miejsko-Gminna Biblioteka Publiczna w G\u0105binie","robots":{"index":"index","follow":"follow","max-snippet":"max-snippet:-1","max-image-preview":"max-image-preview:large","max-video-preview":"max-video-preview:-1"},"canonical":"https:\/\/biblioteka-gabin.pl\/index.php\/2025\/06\/20\/spotkanie-z-bajka-w-oddziale-przedszkolnym-przy-szkole-podstawowej-w-gabinie-grupa-jagodki-11-06-2025\/","og_locale":"pl_PL","og_type":"article","og_title":"\"Spotkanie z bajk\u0105\" w Oddziale Przedszkolnym przy Szkole podstawowej w G\u0105binie grupa \"Jag\u00f3dki\" (11.06.2025) - Miejsko-Gminna Biblioteka Publiczna w G\u0105binie","og_description":"Na ostatnie przedwakacyjne \u201eSpotkanie z bajk\u0105\u201d dotar\u0142am do grupy \u201eJag\u00f3dki\u201d","og_url":"https:\/\/biblioteka-gabin.pl\/index.php\/2025\/06\/20\/spotkanie-z-bajka-w-oddziale-przedszkolnym-przy-szkole-podstawowej-w-gabinie-grupa-jagodki-11-06-2025\/","og_site_name":"Miejsko-Gminna Biblioteka Publiczna w G\u0105binie","article_publisher":"https:\/\/www.facebook.com\/bibliotekagabin","article_published_time":"2025-06-20T00:00:00+00:00","og_image":[{"url":"https:\/\/biblioteka-gabin.pl\/wp-content\/uploads\/archive\/pliki\/obraz\/2025\/czerwiec\/59bfc07c-cb1b-482b-a499-a27aff25c1ae.jpg","type":"","width":"","height":""}],"author":"admin","twitter_card":"summary_large_image","twitter_misc":{"Napisane przez":"admin","Szacowany czas czytania":"1 minuta"},"schema":{"@context":"https:\/\/schema.org","@graph":[{"@type":"Article","@id":"https:\/\/biblioteka-gabin.pl\/index.php\/2025\/06\/20\/spotkanie-z-bajka-w-oddziale-przedszkolnym-przy-szkole-podstawowej-w-gabinie-grupa-jagodki-11-06-2025\/#article","isPartOf":{"@id":"https:\/\/biblioteka-gabin.pl\/index.php\/2025\/06\/20\/spotkanie-z-bajka-w-oddziale-przedszkolnym-przy-szkole-podstawowej-w-gabinie-grupa-jagodki-11-06-2025\/"},"author":{"name":"admin","@id":"https:\/\/biblioteka-gabin.pl\/#\/schema\/person\/2067b97c24663d987ef6ef95bed7c99a"},"headline":"&#8222;Spotkanie z bajk\u0105&#8221; w Oddziale Przedszkolnym przy Szkole podstawowej w G\u0105binie grupa &#8222;Jag\u00f3dki&#8221; (11.06.2025)","datePublished":"2025-06-20T00:00:00+00:00","mainEntityOfPage":{"@id":"https:\/\/biblioteka-gabin.pl\/index.php\/2025\/06\/20\/spotkanie-z-bajka-w-oddziale-przedszkolnym-przy-szkole-podstawowej-w-gabinie-grupa-jagodki-11-06-2025\/"},"wordCount":265,"commentCount":0,"publisher":{"@id":"https:\/\/biblioteka-gabin.pl\/#organization"},"image":{"@id":"https:\/\/biblioteka-gabin.pl\/index.php\/2025\/06\/20\/spotkanie-z-bajka-w-oddziale-przedszkolnym-przy-szkole-podstawowej-w-gabinie-grupa-jagodki-11-06-2025\/#primaryimage"},"thumbnailUrl":"https:\/\/biblioteka-gabin.pl\/wp-content\/uploads\/archive\/pliki\/obraz\/2025\/czerwiec\/59bfc07c-cb1b-482b-a499-a27aff25c1ae.jpg","articleSection":["Main"],"inLanguage":"pl-PL","potentialAction":[{"@type":"CommentAction","name":"Comment","target":["https:\/\/biblioteka-gabin.pl\/index.php\/2025\/06\/20\/spotkanie-z-bajka-w-oddziale-przedszkolnym-przy-szkole-podstawowej-w-gabinie-grupa-jagodki-11-06-2025\/#respond"]}]},{"@type":"WebPage","@id":"https:\/\/biblioteka-gabin.pl\/index.php\/2025\/06\/20\/spotkanie-z-bajka-w-oddziale-przedszkolnym-przy-szkole-podstawowej-w-gabinie-grupa-jagodki-11-06-2025\/","url":"https:\/\/biblioteka-gabin.pl\/index.php\/2025\/06\/20\/spotkanie-z-bajka-w-oddziale-przedszkolnym-przy-szkole-podstawowej-w-gabinie-grupa-jagodki-11-06-2025\/","name":"\"Spotkanie z bajk\u0105\" w Oddziale Przedszkolnym przy Szkole podstawowej w G\u0105binie grupa \"Jag\u00f3dki\" (11.06.2025) - Miejsko-Gminna Biblioteka Publiczna w G\u0105binie","isPartOf":{"@id":"https:\/\/biblioteka-gabin.pl\/#website"},"primaryImageOfPage":{"@id":"https:\/\/biblioteka-gabin.pl\/index.php\/2025\/06\/20\/spotkanie-z-bajka-w-oddziale-przedszkolnym-przy-szkole-podstawowej-w-gabinie-grupa-jagodki-11-06-2025\/#primaryimage"},"image":{"@id":"https:\/\/biblioteka-gabin.pl\/index.php\/2025\/06\/20\/spotkanie-z-bajka-w-oddziale-przedszkolnym-przy-szkole-podstawowej-w-gabinie-grupa-jagodki-11-06-2025\/#primaryimage"},"thumbnailUrl":"https:\/\/biblioteka-gabin.pl\/wp-content\/uploads\/archive\/pliki\/obraz\/2025\/czerwiec\/59bfc07c-cb1b-482b-a499-a27aff25c1ae.jpg","datePublished":"2025-06-20T00:00:00+00:00","breadcrumb":{"@id":"https:\/\/biblioteka-gabin.pl\/index.php\/2025\/06\/20\/spotkanie-z-bajka-w-oddziale-przedszkolnym-przy-szkole-podstawowej-w-gabinie-grupa-jagodki-11-06-2025\/#breadcrumb"},"inLanguage":"pl-PL","potentialAction":[{"@type":"ReadAction","target":["https:\/\/biblioteka-gabin.pl\/index.php\/2025\/06\/20\/spotkanie-z-bajka-w-oddziale-przedszkolnym-przy-szkole-podstawowej-w-gabinie-grupa-jagodki-11-06-2025\/"]}]},{"@type":"ImageObject","inLanguage":"pl-PL","@id":"https:\/\/biblioteka-gabin.pl\/index.php\/2025\/06\/20\/spotkanie-z-bajka-w-oddziale-przedszkolnym-przy-szkole-podstawowej-w-gabinie-grupa-jagodki-11-06-2025\/#primaryimage","url":"https:\/\/biblioteka-gabin.pl\/wp-content\/uploads\/archive\/pliki\/obraz\/2025\/czerwiec\/59bfc07c-cb1b-482b-a499-a27aff25c1ae.jpg","contentUrl":"https:\/\/biblioteka-gabin.pl\/wp-content\/uploads\/archive\/pliki\/obraz\/2025\/czerwiec\/59bfc07c-cb1b-482b-a499-a27aff25c1ae.jpg"},{"@type":"BreadcrumbList","@id":"https:\/\/biblioteka-gabin.pl\/index.php\/2025\/06\/20\/spotkanie-z-bajka-w-oddziale-przedszkolnym-przy-szkole-podstawowej-w-gabinie-grupa-jagodki-11-06-2025\/#breadcrumb","itemListElement":[{"@type":"ListItem","position":1,"name":"Strona g\u0142\u00f3wna","item":"https:\/\/biblioteka-gabin.pl\/"},{"@type":"ListItem","position":2,"name":"&#8222;Spotkanie z bajk\u0105&#8221; w Oddziale Przedszkolnym przy Szkole podstawowej w G\u0105binie grupa &#8222;Jag\u00f3dki&#8221; (11.06.2025)"}]},{"@type":"WebSite","@id":"https:\/\/biblioteka-gabin.pl\/#website","url":"https:\/\/biblioteka-gabin.pl\/","name":"Miejsko-Gminna Biblioteka Publiczna w G\u0105binie","description":"","publisher":{"@id":"https:\/\/biblioteka-gabin.pl\/#organization"},"potentialAction":[{"@type":"SearchAction","target":{"@type":"EntryPoint","urlTemplate":"https:\/\/biblioteka-gabin.pl\/?s={search_term_string}"},"query-input":{"@type":"PropertyValueSpecification","valueRequired":true,"valueName":"search_term_string"}}],"inLanguage":"pl-PL"},{"@type":"Organization","@id":"https:\/\/biblioteka-gabin.pl\/#organization","name":"Miejsko-Gminna Biblioteka Publiczna w G\u0105binie","url":"https:\/\/biblioteka-gabin.pl\/","logo":{"@type":"ImageObject","inLanguage":"pl-PL","@id":"https:\/\/biblioteka-gabin.pl\/#\/schema\/logo\/image\/","url":"https:\/\/biblioteka-gabin.pl\/wp-content\/uploads\/2025\/03\/logo-biblioteka-2-1657013691-1.jpg","contentUrl":"https:\/\/biblioteka-gabin.pl\/wp-content\/uploads\/2025\/03\/logo-biblioteka-2-1657013691-1.jpg","width":1600,"height":772,"caption":"Miejsko-Gminna Biblioteka Publiczna w G\u0105binie"},"image":{"@id":"https:\/\/biblioteka-gabin.pl\/#\/schema\/logo\/image\/"},"sameAs":["https:\/\/www.facebook.com\/bibliotekagabin","https:\/\/www.youtube.com\/@mgbpgabin9392"]},{"@type":"Person","@id":"https:\/\/biblioteka-gabin.pl\/#\/schema\/person\/2067b97c24663d987ef6ef95bed7c99a","name":"admin","image":{"@type":"ImageObject","inLanguage":"pl-PL","@id":"https:\/\/secure.gravatar.com\/avatar\/e1843904e97b4e376a0fc90ae10372cd31bce9b207a7a3d2ca68fc7ca7e4174c?s=96&d=mm&r=g","url":"https:\/\/secure.gravatar.com\/avatar\/e1843904e97b4e376a0fc90ae10372cd31bce9b207a7a3d2ca68fc7ca7e4174c?s=96&d=mm&r=g","contentUrl":"https:\/\/secure.gravatar.com\/avatar\/e1843904e97b4e376a0fc90ae10372cd31bce9b207a7a3d2ca68fc7ca7e4174c?s=96&d=mm&r=g","caption":"admin"},"sameAs":["http:\/\/strona.biblioteka-gabin.pl"],"url":"http:\/\/biblioteka-gabin.pl\/index.php\/author\/admin\/"}]}},"_links":{"self":[{"href":"http:\/\/biblioteka-gabin.pl\/index.php\/wp-json\/wp\/v2\/posts\/8471","targetHints":{"allow":["GET"]}}],"collection":[{"href":"http:\/\/biblioteka-gabin.pl\/index.php\/wp-json\/wp\/v2\/posts"}],"about":[{"href":"http:\/\/biblioteka-gabin.pl\/index.php\/wp-json\/wp\/v2\/types\/post"}],"author":[{"embeddable":true,"href":"http:\/\/biblioteka-gabin.pl\/index.php\/wp-json\/wp\/v2\/users\/1"}],"replies":[{"embeddable":true,"href":"http:\/\/biblioteka-gabin.pl\/index.php\/wp-json\/wp\/v2\/comments?post=8471"}],"version-history":[{"count":0,"href":"http:\/\/biblioteka-gabin.pl\/index.php\/wp-json\/wp\/v2\/posts\/8471\/revisions"}],"wp:attachment":[{"href":"http:\/\/biblioteka-gabin.pl\/index.php\/wp-json\/wp\/v2\/media?parent=8471"}],"wp:term":[{"taxonomy":"category","embeddable":true,"href":"http:\/\/biblioteka-gabin.pl\/index.php\/wp-json\/wp\/v2\/categories?post=8471"},{"taxonomy":"post_tag","embeddable":true,"href":"http:\/\/biblioteka-gabin.pl\/index.php\/wp-json\/wp\/v2\/tags?post=8471"}],"curies":[{"name":"wp","href":"https:\/\/api.w.org\/{rel}","templated":true}]}}