{"id":8472,"date":"2025-05-29T00:00:00","date_gmt":"2025-05-29T00:00:00","guid":{"rendered":"https:\/\/biblioteka-gabin.pl\/index.php\/2025\/05\/29\/spotkanie-z-bajka-w-oddziale-przedszkolnym-przy-szkole-podstawowej-w-gabinie-z-grupa-elfy-28-05-2025\/"},"modified":"2025-05-29T00:00:00","modified_gmt":"2025-05-29T00:00:00","slug":"spotkanie-z-bajka-w-oddziale-przedszkolnym-przy-szkole-podstawowej-w-gabinie-z-grupa-elfy-28-05-2025","status":"publish","type":"post","link":"http:\/\/biblioteka-gabin.pl\/index.php\/2025\/05\/29\/spotkanie-z-bajka-w-oddziale-przedszkolnym-przy-szkole-podstawowej-w-gabinie-z-grupa-elfy-28-05-2025\/","title":{"rendered":"&#8222;Spotkanie z bajk\u0105&#8221; w Oddziale Przedszkolnym przy Szkole Podstawowej w G\u0105binie z grup\u0105 &#8222;Elfy&#8221; (28.05.2025)"},"content":{"rendered":"<p>W \u015brodowy poranek spotka\u0142am si\u0119 z dzie\u0107mi z grupy \u201eElfy\u201d, gdzie mia\u0142am mo\u017cliwo\u015b\u0107 zaprezentowa\u0107 ma\u0142ym\u00a0 s\u0142uchaczom dwie znakomite opowie\u015bci. Pierwsza ksi\u0105\u017cka, jak\u0105 przeczyta\u0142am to \u201ePanna \u015apieszka czeka na Pana Leniwca\u201d K. Hudson. Ta zabawna historia, wszystkich wprawi\u0142a w dobry nastr\u00f3j. G\u0142\u00f3wna bohaterka opowie\u015bci- Emilka zwana \u015apieszk\u0105- to dziewczynka niecierpliwa, ci\u0105gle gdzie\u015b si\u0119 spiesz\u0105ca oraz jej przyjaciel Leniwiec- zupe\u0142ne jej przeciwie\u0144stwo- oaza spokoju, cierpliwo\u015bci. Mo\u017cna docieka\u0107: jak takie dwie skrajnie przeciwne osobowo\u015bci mog\u0105 si\u0119 przyja\u017ani\u0107? Jak wida\u0107 wszystko jest mo\u017cliwe. Ta opowie\u015b\u0107 znakomicie pokazuje, \u017ce czasem po\u015bpiech nic nam nie daje. Warto czasem na pewne rzeczy poczeka\u0107, cho\u0107 w przypadku os\u00f3b takich jak \u015apieszka nie jest to \u0142atwe. Nasi bohaterowie nawzajem nauczyli si\u0119: Leniwiec- szybszego dzia\u0142ania a Emilka-ogromnej cierpliwo\u015bci w dzia\u0142aniach.<br \/>\n\u00a0\u00a0 Przeczytana bajka zainteresowa\u0142a \u201eElfy\u201di wywo\u0142a\u0142a rado\u015b\u0107 na ich twarzach.<br \/>\nKolejna przeczytana przeze mnie ksi\u0105\u017cka to \u201eMa\u0142y czerwony Kogucik\u201d z Kolekcji Niezapomnianych Bajek. To historia pokazuj\u0105ca ile mo\u017cna osi\u0105gn\u0105\u0107 ci\u0119\u017ck\u0105 prac\u0105, czy warto pomaga\u0107 przyjacio\u0142om w potrzebie. Bohater Kogucik szybko przekona\u0142 si\u0119, \u017ce na swych przyjaci\u00f3\u0142 nie m\u00f3g\u0142 liczy\u0107 gdy prosi\u0142 o pomoc. Troszk\u0119 utar\u0142 im nosa i da\u0142 ma\u0142\u0105 nauczk\u0119, kt\u00f3ra zapewne da\u0142a im do my\u015blenia. S\u0105dz\u0119, \u017ce przy kolejnej pro\u015bbie zwr\u00f3cenia si\u0119 o pomoc- post\u0105piliby inaczej.<br \/>\n\u00a0\u00a0 Dzi\u0119kuj\u0119 dzieciom za przepi\u0119kne Podzi\u0119kowanie przekazane przez dzieci. Ciesz\u0119 si\u0119 ,\u017ce mog\u0142am go\u015bci\u0107 u Was z bajk\u0105, kt\u00f3ra zawsze by\u0142a wys\u0142uchana z du\u017cym zainteresowaniem.\u00a0 Mam nadziej\u0119, \u017ce ksi\u0105\u017cka stanie si\u0119 Waszym przyjacielem. Dla mnie by\u0142a to ogromna przyjemno\u015b\u0107 m\u00f3c spotka\u0107 si\u0119 z Wami, za co serdecznie dzi\u0119kuj\u0119.<br \/>\n\u00a0\u00a0\u00a0\u00a0\u00a0\u00a0\u00a0\u00a0\u00a0\u00a0\u00a0\u00a0\u00a0\u00a0\u00a0\u00a0\u00a0\u00a0\u00a0\u00a0\u00a0\u00a0\u00a0\u00a0\u00a0\u00a0\u00a0\u00a0\u00a0\u00a0\u00a0\u00a0\u00a0\u00a0\u00a0\u00a0\u00a0\u00a0\u00a0\u00a0\u00a0\u00a0 Opr. Joanna Olejniczak<br \/>\n<img src='https:\/\/biblioteka-gabin.pl\/wp-content\/uploads\/archive\/pliki\/obraz\/2025\/maj\/jgl5r61i.jpg'><br \/>\n<a href='https:\/\/biblioteka-gabin.pl\/wp-content\/uploads\/archive\/galleries\/683\/m0ximshn-0814e58461.jpg'><img style='max-height:300px;' src='https:\/\/biblioteka-gabin.pl\/wp-content\/uploads\/archive\/galleries\/683\/m0ximshn-0814e58461.jpg'><\/a><br \/>\n<a href='https:\/\/biblioteka-gabin.pl\/wp-content\/uploads\/archive\/galleries\/683\/8n3ebzip-02fbfb64af.jpg'><img style='max-height:300px;' src='https:\/\/biblioteka-gabin.pl\/wp-content\/uploads\/archive\/galleries\/683\/8n3ebzip-02fbfb64af.jpg'><\/a><br \/>\n<a href='https:\/\/biblioteka-gabin.pl\/wp-content\/uploads\/archive\/galleries\/683\/0xu4ajdm-3c46d60d2c.jpg'><img style='max-height:300px;' src='https:\/\/biblioteka-gabin.pl\/wp-content\/uploads\/archive\/galleries\/683\/0xu4ajdm-3c46d60d2c.jpg'><\/a><br \/>\n<a href='https:\/\/biblioteka-gabin.pl\/wp-content\/uploads\/archive\/galleries\/683\/jgl5r61i-9b1ec2858f.jpg'><img style='max-height:300px;' src='https:\/\/biblioteka-gabin.pl\/wp-content\/uploads\/archive\/galleries\/683\/jgl5r61i-9b1ec2858f.jpg'><\/a><br \/>\n<a href='https:\/\/biblioteka-gabin.pl\/wp-content\/uploads\/archive\/galleries\/683\/fdmfcs1g-934d375678.jpg'><img style='max-height:300px;' src='https:\/\/biblioteka-gabin.pl\/wp-content\/uploads\/archive\/galleries\/683\/fdmfcs1g-934d375678.jpg'><\/a><br \/>\n<a href='https:\/\/biblioteka-gabin.pl\/wp-content\/uploads\/archive\/galleries\/683\/d-fto71t-08e7e17374.jpg'><img style='max-height:300px;' src='https:\/\/biblioteka-gabin.pl\/wp-content\/uploads\/archive\/galleries\/683\/d-fto71t-08e7e17374.jpg'><\/a><br \/>\n<a href='https:\/\/biblioteka-gabin.pl\/wp-content\/uploads\/archive\/galleries\/683\/srdnejth-ffa9811111.jpg'><img style='max-height:300px;' src='https:\/\/biblioteka-gabin.pl\/wp-content\/uploads\/archive\/galleries\/683\/srdnejth-ffa9811111.jpg'><\/a><br \/>\n<a href='https:\/\/biblioteka-gabin.pl\/wp-content\/uploads\/archive\/galleries\/683\/fyna4sf-faf6d9ced7.jpg'><img style='max-height:300px;' src='https:\/\/biblioteka-gabin.pl\/wp-content\/uploads\/archive\/galleries\/683\/fyna4sf-faf6d9ced7.jpg'><\/a><\/p>\n","protected":false},"excerpt":{"rendered":"<p>W \u015brodowy poranek spotka\u0142am si\u0119 z dzie\u0107mi z grupy \u201eElfy\u201d,<\/p>\n","protected":false},"author":1,"featured_media":0,"comment_status":"open","ping_status":"open","sticky":false,"template":"","format":"standard","meta":{"footnotes":""},"categories":[36],"tags":[],"class_list":["post-8472","post","type-post","status-publish","format-standard","hentry","category-main"],"yoast_head":"<!-- This site is optimized with the Yoast SEO plugin v27.4 - https:\/\/yoast.com\/product\/yoast-seo-wordpress\/ -->\n<title>&quot;Spotkanie z bajk\u0105&quot; w Oddziale Przedszkolnym przy Szkole Podstawowej w G\u0105binie z grup\u0105 &quot;Elfy&quot; (28.05.2025) - Miejsko-Gminna Biblioteka Publiczna w G\u0105binie<\/title>\n<meta name=\"robots\" content=\"index, follow, max-snippet:-1, max-image-preview:large, max-video-preview:-1\" \/>\n<link rel=\"canonical\" href=\"http:\/\/biblioteka-gabin.pl\/index.php\/2025\/05\/29\/spotkanie-z-bajka-w-oddziale-przedszkolnym-przy-szkole-podstawowej-w-gabinie-z-grupa-elfy-28-05-2025\/\" \/>\n<meta property=\"og:locale\" content=\"pl_PL\" \/>\n<meta property=\"og:type\" content=\"article\" \/>\n<meta property=\"og:title\" content=\"&quot;Spotkanie z bajk\u0105&quot; w Oddziale Przedszkolnym przy Szkole Podstawowej w G\u0105binie z grup\u0105 &quot;Elfy&quot; (28.05.2025) - Miejsko-Gminna Biblioteka Publiczna w G\u0105binie\" \/>\n<meta property=\"og:description\" content=\"W \u015brodowy poranek spotka\u0142am si\u0119 z dzie\u0107mi z grupy \u201eElfy\u201d,\" \/>\n<meta property=\"og:url\" content=\"http:\/\/biblioteka-gabin.pl\/index.php\/2025\/05\/29\/spotkanie-z-bajka-w-oddziale-przedszkolnym-przy-szkole-podstawowej-w-gabinie-z-grupa-elfy-28-05-2025\/\" \/>\n<meta property=\"og:site_name\" content=\"Miejsko-Gminna Biblioteka Publiczna w G\u0105binie\" \/>\n<meta property=\"article:publisher\" content=\"https:\/\/www.facebook.com\/bibliotekagabin\" \/>\n<meta property=\"article:published_time\" content=\"2025-05-29T00:00:00+00:00\" \/>\n<meta property=\"og:image\" content=\"https:\/\/biblioteka-gabin.pl\/wp-content\/uploads\/archive\/pliki\/obraz\/2025\/maj\/jgl5r61i.jpg\" \/>\n<meta name=\"author\" content=\"admin\" \/>\n<meta name=\"twitter:card\" content=\"summary_large_image\" \/>\n<meta name=\"twitter:label1\" content=\"Napisane przez\" \/>\n\t<meta name=\"twitter:data1\" content=\"admin\" \/>\n\t<meta name=\"twitter:label2\" content=\"Szacowany czas czytania\" \/>\n\t<meta name=\"twitter:data2\" content=\"2 minuty\" \/>\n<script type=\"application\/ld+json\" class=\"yoast-schema-graph\">{\"@context\":\"https:\\\/\\\/schema.org\",\"@graph\":[{\"@type\":\"Article\",\"@id\":\"http:\\\/\\\/biblioteka-gabin.pl\\\/index.php\\\/2025\\\/05\\\/29\\\/spotkanie-z-bajka-w-oddziale-przedszkolnym-przy-szkole-podstawowej-w-gabinie-z-grupa-elfy-28-05-2025\\\/#article\",\"isPartOf\":{\"@id\":\"http:\\\/\\\/biblioteka-gabin.pl\\\/index.php\\\/2025\\\/05\\\/29\\\/spotkanie-z-bajka-w-oddziale-przedszkolnym-przy-szkole-podstawowej-w-gabinie-z-grupa-elfy-28-05-2025\\\/\"},\"author\":{\"name\":\"admin\",\"@id\":\"https:\\\/\\\/biblioteka-gabin.pl\\\/#\\\/schema\\\/person\\\/2067b97c24663d987ef6ef95bed7c99a\"},\"headline\":\"&#8222;Spotkanie z bajk\u0105&#8221; w Oddziale Przedszkolnym przy Szkole Podstawowej w G\u0105binie z grup\u0105 &#8222;Elfy&#8221; (28.05.2025)\",\"datePublished\":\"2025-05-29T00:00:00+00:00\",\"mainEntityOfPage\":{\"@id\":\"http:\\\/\\\/biblioteka-gabin.pl\\\/index.php\\\/2025\\\/05\\\/29\\\/spotkanie-z-bajka-w-oddziale-przedszkolnym-przy-szkole-podstawowej-w-gabinie-z-grupa-elfy-28-05-2025\\\/\"},\"wordCount\":322,\"commentCount\":0,\"publisher\":{\"@id\":\"https:\\\/\\\/biblioteka-gabin.pl\\\/#organization\"},\"image\":{\"@id\":\"http:\\\/\\\/biblioteka-gabin.pl\\\/index.php\\\/2025\\\/05\\\/29\\\/spotkanie-z-bajka-w-oddziale-przedszkolnym-przy-szkole-podstawowej-w-gabinie-z-grupa-elfy-28-05-2025\\\/#primaryimage\"},\"thumbnailUrl\":\"https:\\\/\\\/biblioteka-gabin.pl\\\/wp-content\\\/uploads\\\/archive\\\/pliki\\\/obraz\\\/2025\\\/maj\\\/jgl5r61i.jpg\",\"articleSection\":[\"Main\"],\"inLanguage\":\"pl-PL\",\"potentialAction\":[{\"@type\":\"CommentAction\",\"name\":\"Comment\",\"target\":[\"http:\\\/\\\/biblioteka-gabin.pl\\\/index.php\\\/2025\\\/05\\\/29\\\/spotkanie-z-bajka-w-oddziale-przedszkolnym-przy-szkole-podstawowej-w-gabinie-z-grupa-elfy-28-05-2025\\\/#respond\"]}]},{\"@type\":\"WebPage\",\"@id\":\"http:\\\/\\\/biblioteka-gabin.pl\\\/index.php\\\/2025\\\/05\\\/29\\\/spotkanie-z-bajka-w-oddziale-przedszkolnym-przy-szkole-podstawowej-w-gabinie-z-grupa-elfy-28-05-2025\\\/\",\"url\":\"http:\\\/\\\/biblioteka-gabin.pl\\\/index.php\\\/2025\\\/05\\\/29\\\/spotkanie-z-bajka-w-oddziale-przedszkolnym-przy-szkole-podstawowej-w-gabinie-z-grupa-elfy-28-05-2025\\\/\",\"name\":\"\\\"Spotkanie z bajk\u0105\\\" w Oddziale Przedszkolnym przy Szkole Podstawowej w G\u0105binie z grup\u0105 \\\"Elfy\\\" (28.05.2025) - Miejsko-Gminna Biblioteka Publiczna w G\u0105binie\",\"isPartOf\":{\"@id\":\"https:\\\/\\\/biblioteka-gabin.pl\\\/#website\"},\"primaryImageOfPage\":{\"@id\":\"http:\\\/\\\/biblioteka-gabin.pl\\\/index.php\\\/2025\\\/05\\\/29\\\/spotkanie-z-bajka-w-oddziale-przedszkolnym-przy-szkole-podstawowej-w-gabinie-z-grupa-elfy-28-05-2025\\\/#primaryimage\"},\"image\":{\"@id\":\"http:\\\/\\\/biblioteka-gabin.pl\\\/index.php\\\/2025\\\/05\\\/29\\\/spotkanie-z-bajka-w-oddziale-przedszkolnym-przy-szkole-podstawowej-w-gabinie-z-grupa-elfy-28-05-2025\\\/#primaryimage\"},\"thumbnailUrl\":\"https:\\\/\\\/biblioteka-gabin.pl\\\/wp-content\\\/uploads\\\/archive\\\/pliki\\\/obraz\\\/2025\\\/maj\\\/jgl5r61i.jpg\",\"datePublished\":\"2025-05-29T00:00:00+00:00\",\"breadcrumb\":{\"@id\":\"http:\\\/\\\/biblioteka-gabin.pl\\\/index.php\\\/2025\\\/05\\\/29\\\/spotkanie-z-bajka-w-oddziale-przedszkolnym-przy-szkole-podstawowej-w-gabinie-z-grupa-elfy-28-05-2025\\\/#breadcrumb\"},\"inLanguage\":\"pl-PL\",\"potentialAction\":[{\"@type\":\"ReadAction\",\"target\":[\"http:\\\/\\\/biblioteka-gabin.pl\\\/index.php\\\/2025\\\/05\\\/29\\\/spotkanie-z-bajka-w-oddziale-przedszkolnym-przy-szkole-podstawowej-w-gabinie-z-grupa-elfy-28-05-2025\\\/\"]}]},{\"@type\":\"ImageObject\",\"inLanguage\":\"pl-PL\",\"@id\":\"http:\\\/\\\/biblioteka-gabin.pl\\\/index.php\\\/2025\\\/05\\\/29\\\/spotkanie-z-bajka-w-oddziale-przedszkolnym-przy-szkole-podstawowej-w-gabinie-z-grupa-elfy-28-05-2025\\\/#primaryimage\",\"url\":\"https:\\\/\\\/biblioteka-gabin.pl\\\/wp-content\\\/uploads\\\/archive\\\/pliki\\\/obraz\\\/2025\\\/maj\\\/jgl5r61i.jpg\",\"contentUrl\":\"https:\\\/\\\/biblioteka-gabin.pl\\\/wp-content\\\/uploads\\\/archive\\\/pliki\\\/obraz\\\/2025\\\/maj\\\/jgl5r61i.jpg\"},{\"@type\":\"BreadcrumbList\",\"@id\":\"http:\\\/\\\/biblioteka-gabin.pl\\\/index.php\\\/2025\\\/05\\\/29\\\/spotkanie-z-bajka-w-oddziale-przedszkolnym-przy-szkole-podstawowej-w-gabinie-z-grupa-elfy-28-05-2025\\\/#breadcrumb\",\"itemListElement\":[{\"@type\":\"ListItem\",\"position\":1,\"name\":\"Strona g\u0142\u00f3wna\",\"item\":\"https:\\\/\\\/biblioteka-gabin.pl\\\/\"},{\"@type\":\"ListItem\",\"position\":2,\"name\":\"&#8222;Spotkanie z bajk\u0105&#8221; w Oddziale Przedszkolnym przy Szkole Podstawowej w G\u0105binie z grup\u0105 &#8222;Elfy&#8221; (28.05.2025)\"}]},{\"@type\":\"WebSite\",\"@id\":\"https:\\\/\\\/biblioteka-gabin.pl\\\/#website\",\"url\":\"https:\\\/\\\/biblioteka-gabin.pl\\\/\",\"name\":\"Miejsko-Gminna Biblioteka Publiczna w G\u0105binie\",\"description\":\"\",\"publisher\":{\"@id\":\"https:\\\/\\\/biblioteka-gabin.pl\\\/#organization\"},\"potentialAction\":[{\"@type\":\"SearchAction\",\"target\":{\"@type\":\"EntryPoint\",\"urlTemplate\":\"https:\\\/\\\/biblioteka-gabin.pl\\\/?s={search_term_string}\"},\"query-input\":{\"@type\":\"PropertyValueSpecification\",\"valueRequired\":true,\"valueName\":\"search_term_string\"}}],\"inLanguage\":\"pl-PL\"},{\"@type\":\"Organization\",\"@id\":\"https:\\\/\\\/biblioteka-gabin.pl\\\/#organization\",\"name\":\"Miejsko-Gminna Biblioteka Publiczna w G\u0105binie\",\"url\":\"https:\\\/\\\/biblioteka-gabin.pl\\\/\",\"logo\":{\"@type\":\"ImageObject\",\"inLanguage\":\"pl-PL\",\"@id\":\"https:\\\/\\\/biblioteka-gabin.pl\\\/#\\\/schema\\\/logo\\\/image\\\/\",\"url\":\"https:\\\/\\\/biblioteka-gabin.pl\\\/wp-content\\\/uploads\\\/2025\\\/03\\\/logo-biblioteka-2-1657013691-1.jpg\",\"contentUrl\":\"https:\\\/\\\/biblioteka-gabin.pl\\\/wp-content\\\/uploads\\\/2025\\\/03\\\/logo-biblioteka-2-1657013691-1.jpg\",\"width\":1600,\"height\":772,\"caption\":\"Miejsko-Gminna Biblioteka Publiczna w G\u0105binie\"},\"image\":{\"@id\":\"https:\\\/\\\/biblioteka-gabin.pl\\\/#\\\/schema\\\/logo\\\/image\\\/\"},\"sameAs\":[\"https:\\\/\\\/www.facebook.com\\\/bibliotekagabin\",\"https:\\\/\\\/www.youtube.com\\\/@mgbpgabin9392\"]},{\"@type\":\"Person\",\"@id\":\"https:\\\/\\\/biblioteka-gabin.pl\\\/#\\\/schema\\\/person\\\/2067b97c24663d987ef6ef95bed7c99a\",\"name\":\"admin\",\"image\":{\"@type\":\"ImageObject\",\"inLanguage\":\"pl-PL\",\"@id\":\"https:\\\/\\\/secure.gravatar.com\\\/avatar\\\/e1843904e97b4e376a0fc90ae10372cd31bce9b207a7a3d2ca68fc7ca7e4174c?s=96&d=mm&r=g\",\"url\":\"https:\\\/\\\/secure.gravatar.com\\\/avatar\\\/e1843904e97b4e376a0fc90ae10372cd31bce9b207a7a3d2ca68fc7ca7e4174c?s=96&d=mm&r=g\",\"contentUrl\":\"https:\\\/\\\/secure.gravatar.com\\\/avatar\\\/e1843904e97b4e376a0fc90ae10372cd31bce9b207a7a3d2ca68fc7ca7e4174c?s=96&d=mm&r=g\",\"caption\":\"admin\"},\"sameAs\":[\"http:\\\/\\\/strona.biblioteka-gabin.pl\"],\"url\":\"http:\\\/\\\/biblioteka-gabin.pl\\\/index.php\\\/author\\\/admin\\\/\"}]}<\/script>\n<!-- \/ Yoast SEO plugin. -->","yoast_head_json":{"title":"\"Spotkanie z bajk\u0105\" w Oddziale Przedszkolnym przy Szkole Podstawowej w G\u0105binie z grup\u0105 \"Elfy\" (28.05.2025) - Miejsko-Gminna Biblioteka Publiczna w G\u0105binie","robots":{"index":"index","follow":"follow","max-snippet":"max-snippet:-1","max-image-preview":"max-image-preview:large","max-video-preview":"max-video-preview:-1"},"canonical":"http:\/\/biblioteka-gabin.pl\/index.php\/2025\/05\/29\/spotkanie-z-bajka-w-oddziale-przedszkolnym-przy-szkole-podstawowej-w-gabinie-z-grupa-elfy-28-05-2025\/","og_locale":"pl_PL","og_type":"article","og_title":"\"Spotkanie z bajk\u0105\" w Oddziale Przedszkolnym przy Szkole Podstawowej w G\u0105binie z grup\u0105 \"Elfy\" (28.05.2025) - Miejsko-Gminna Biblioteka Publiczna w G\u0105binie","og_description":"W \u015brodowy poranek spotka\u0142am si\u0119 z dzie\u0107mi z grupy \u201eElfy\u201d,","og_url":"http:\/\/biblioteka-gabin.pl\/index.php\/2025\/05\/29\/spotkanie-z-bajka-w-oddziale-przedszkolnym-przy-szkole-podstawowej-w-gabinie-z-grupa-elfy-28-05-2025\/","og_site_name":"Miejsko-Gminna Biblioteka Publiczna w G\u0105binie","article_publisher":"https:\/\/www.facebook.com\/bibliotekagabin","article_published_time":"2025-05-29T00:00:00+00:00","og_image":[{"url":"https:\/\/biblioteka-gabin.pl\/wp-content\/uploads\/archive\/pliki\/obraz\/2025\/maj\/jgl5r61i.jpg","type":"","width":"","height":""}],"author":"admin","twitter_card":"summary_large_image","twitter_misc":{"Napisane przez":"admin","Szacowany czas czytania":"2 minuty"},"schema":{"@context":"https:\/\/schema.org","@graph":[{"@type":"Article","@id":"http:\/\/biblioteka-gabin.pl\/index.php\/2025\/05\/29\/spotkanie-z-bajka-w-oddziale-przedszkolnym-przy-szkole-podstawowej-w-gabinie-z-grupa-elfy-28-05-2025\/#article","isPartOf":{"@id":"http:\/\/biblioteka-gabin.pl\/index.php\/2025\/05\/29\/spotkanie-z-bajka-w-oddziale-przedszkolnym-przy-szkole-podstawowej-w-gabinie-z-grupa-elfy-28-05-2025\/"},"author":{"name":"admin","@id":"https:\/\/biblioteka-gabin.pl\/#\/schema\/person\/2067b97c24663d987ef6ef95bed7c99a"},"headline":"&#8222;Spotkanie z bajk\u0105&#8221; w Oddziale Przedszkolnym przy Szkole Podstawowej w G\u0105binie z grup\u0105 &#8222;Elfy&#8221; (28.05.2025)","datePublished":"2025-05-29T00:00:00+00:00","mainEntityOfPage":{"@id":"http:\/\/biblioteka-gabin.pl\/index.php\/2025\/05\/29\/spotkanie-z-bajka-w-oddziale-przedszkolnym-przy-szkole-podstawowej-w-gabinie-z-grupa-elfy-28-05-2025\/"},"wordCount":322,"commentCount":0,"publisher":{"@id":"https:\/\/biblioteka-gabin.pl\/#organization"},"image":{"@id":"http:\/\/biblioteka-gabin.pl\/index.php\/2025\/05\/29\/spotkanie-z-bajka-w-oddziale-przedszkolnym-przy-szkole-podstawowej-w-gabinie-z-grupa-elfy-28-05-2025\/#primaryimage"},"thumbnailUrl":"https:\/\/biblioteka-gabin.pl\/wp-content\/uploads\/archive\/pliki\/obraz\/2025\/maj\/jgl5r61i.jpg","articleSection":["Main"],"inLanguage":"pl-PL","potentialAction":[{"@type":"CommentAction","name":"Comment","target":["http:\/\/biblioteka-gabin.pl\/index.php\/2025\/05\/29\/spotkanie-z-bajka-w-oddziale-przedszkolnym-przy-szkole-podstawowej-w-gabinie-z-grupa-elfy-28-05-2025\/#respond"]}]},{"@type":"WebPage","@id":"http:\/\/biblioteka-gabin.pl\/index.php\/2025\/05\/29\/spotkanie-z-bajka-w-oddziale-przedszkolnym-przy-szkole-podstawowej-w-gabinie-z-grupa-elfy-28-05-2025\/","url":"http:\/\/biblioteka-gabin.pl\/index.php\/2025\/05\/29\/spotkanie-z-bajka-w-oddziale-przedszkolnym-przy-szkole-podstawowej-w-gabinie-z-grupa-elfy-28-05-2025\/","name":"\"Spotkanie z bajk\u0105\" w Oddziale Przedszkolnym przy Szkole Podstawowej w G\u0105binie z grup\u0105 \"Elfy\" (28.05.2025) - Miejsko-Gminna Biblioteka Publiczna w G\u0105binie","isPartOf":{"@id":"https:\/\/biblioteka-gabin.pl\/#website"},"primaryImageOfPage":{"@id":"http:\/\/biblioteka-gabin.pl\/index.php\/2025\/05\/29\/spotkanie-z-bajka-w-oddziale-przedszkolnym-przy-szkole-podstawowej-w-gabinie-z-grupa-elfy-28-05-2025\/#primaryimage"},"image":{"@id":"http:\/\/biblioteka-gabin.pl\/index.php\/2025\/05\/29\/spotkanie-z-bajka-w-oddziale-przedszkolnym-przy-szkole-podstawowej-w-gabinie-z-grupa-elfy-28-05-2025\/#primaryimage"},"thumbnailUrl":"https:\/\/biblioteka-gabin.pl\/wp-content\/uploads\/archive\/pliki\/obraz\/2025\/maj\/jgl5r61i.jpg","datePublished":"2025-05-29T00:00:00+00:00","breadcrumb":{"@id":"http:\/\/biblioteka-gabin.pl\/index.php\/2025\/05\/29\/spotkanie-z-bajka-w-oddziale-przedszkolnym-przy-szkole-podstawowej-w-gabinie-z-grupa-elfy-28-05-2025\/#breadcrumb"},"inLanguage":"pl-PL","potentialAction":[{"@type":"ReadAction","target":["http:\/\/biblioteka-gabin.pl\/index.php\/2025\/05\/29\/spotkanie-z-bajka-w-oddziale-przedszkolnym-przy-szkole-podstawowej-w-gabinie-z-grupa-elfy-28-05-2025\/"]}]},{"@type":"ImageObject","inLanguage":"pl-PL","@id":"http:\/\/biblioteka-gabin.pl\/index.php\/2025\/05\/29\/spotkanie-z-bajka-w-oddziale-przedszkolnym-przy-szkole-podstawowej-w-gabinie-z-grupa-elfy-28-05-2025\/#primaryimage","url":"https:\/\/biblioteka-gabin.pl\/wp-content\/uploads\/archive\/pliki\/obraz\/2025\/maj\/jgl5r61i.jpg","contentUrl":"https:\/\/biblioteka-gabin.pl\/wp-content\/uploads\/archive\/pliki\/obraz\/2025\/maj\/jgl5r61i.jpg"},{"@type":"BreadcrumbList","@id":"http:\/\/biblioteka-gabin.pl\/index.php\/2025\/05\/29\/spotkanie-z-bajka-w-oddziale-przedszkolnym-przy-szkole-podstawowej-w-gabinie-z-grupa-elfy-28-05-2025\/#breadcrumb","itemListElement":[{"@type":"ListItem","position":1,"name":"Strona g\u0142\u00f3wna","item":"https:\/\/biblioteka-gabin.pl\/"},{"@type":"ListItem","position":2,"name":"&#8222;Spotkanie z bajk\u0105&#8221; w Oddziale Przedszkolnym przy Szkole Podstawowej w G\u0105binie z grup\u0105 &#8222;Elfy&#8221; (28.05.2025)"}]},{"@type":"WebSite","@id":"https:\/\/biblioteka-gabin.pl\/#website","url":"https:\/\/biblioteka-gabin.pl\/","name":"Miejsko-Gminna Biblioteka Publiczna w G\u0105binie","description":"","publisher":{"@id":"https:\/\/biblioteka-gabin.pl\/#organization"},"potentialAction":[{"@type":"SearchAction","target":{"@type":"EntryPoint","urlTemplate":"https:\/\/biblioteka-gabin.pl\/?s={search_term_string}"},"query-input":{"@type":"PropertyValueSpecification","valueRequired":true,"valueName":"search_term_string"}}],"inLanguage":"pl-PL"},{"@type":"Organization","@id":"https:\/\/biblioteka-gabin.pl\/#organization","name":"Miejsko-Gminna Biblioteka Publiczna w G\u0105binie","url":"https:\/\/biblioteka-gabin.pl\/","logo":{"@type":"ImageObject","inLanguage":"pl-PL","@id":"https:\/\/biblioteka-gabin.pl\/#\/schema\/logo\/image\/","url":"https:\/\/biblioteka-gabin.pl\/wp-content\/uploads\/2025\/03\/logo-biblioteka-2-1657013691-1.jpg","contentUrl":"https:\/\/biblioteka-gabin.pl\/wp-content\/uploads\/2025\/03\/logo-biblioteka-2-1657013691-1.jpg","width":1600,"height":772,"caption":"Miejsko-Gminna Biblioteka Publiczna w G\u0105binie"},"image":{"@id":"https:\/\/biblioteka-gabin.pl\/#\/schema\/logo\/image\/"},"sameAs":["https:\/\/www.facebook.com\/bibliotekagabin","https:\/\/www.youtube.com\/@mgbpgabin9392"]},{"@type":"Person","@id":"https:\/\/biblioteka-gabin.pl\/#\/schema\/person\/2067b97c24663d987ef6ef95bed7c99a","name":"admin","image":{"@type":"ImageObject","inLanguage":"pl-PL","@id":"https:\/\/secure.gravatar.com\/avatar\/e1843904e97b4e376a0fc90ae10372cd31bce9b207a7a3d2ca68fc7ca7e4174c?s=96&d=mm&r=g","url":"https:\/\/secure.gravatar.com\/avatar\/e1843904e97b4e376a0fc90ae10372cd31bce9b207a7a3d2ca68fc7ca7e4174c?s=96&d=mm&r=g","contentUrl":"https:\/\/secure.gravatar.com\/avatar\/e1843904e97b4e376a0fc90ae10372cd31bce9b207a7a3d2ca68fc7ca7e4174c?s=96&d=mm&r=g","caption":"admin"},"sameAs":["http:\/\/strona.biblioteka-gabin.pl"],"url":"http:\/\/biblioteka-gabin.pl\/index.php\/author\/admin\/"}]}},"_links":{"self":[{"href":"http:\/\/biblioteka-gabin.pl\/index.php\/wp-json\/wp\/v2\/posts\/8472","targetHints":{"allow":["GET"]}}],"collection":[{"href":"http:\/\/biblioteka-gabin.pl\/index.php\/wp-json\/wp\/v2\/posts"}],"about":[{"href":"http:\/\/biblioteka-gabin.pl\/index.php\/wp-json\/wp\/v2\/types\/post"}],"author":[{"embeddable":true,"href":"http:\/\/biblioteka-gabin.pl\/index.php\/wp-json\/wp\/v2\/users\/1"}],"replies":[{"embeddable":true,"href":"http:\/\/biblioteka-gabin.pl\/index.php\/wp-json\/wp\/v2\/comments?post=8472"}],"version-history":[{"count":0,"href":"http:\/\/biblioteka-gabin.pl\/index.php\/wp-json\/wp\/v2\/posts\/8472\/revisions"}],"wp:attachment":[{"href":"http:\/\/biblioteka-gabin.pl\/index.php\/wp-json\/wp\/v2\/media?parent=8472"}],"wp:term":[{"taxonomy":"category","embeddable":true,"href":"http:\/\/biblioteka-gabin.pl\/index.php\/wp-json\/wp\/v2\/categories?post=8472"},{"taxonomy":"post_tag","embeddable":true,"href":"http:\/\/biblioteka-gabin.pl\/index.php\/wp-json\/wp\/v2\/tags?post=8472"}],"curies":[{"name":"wp","href":"https:\/\/api.w.org\/{rel}","templated":true}]}}