{"id":8494,"date":"2025-02-28T00:00:00","date_gmt":"2025-02-28T00:00:00","guid":{"rendered":"https:\/\/biblioteka-gabin.pl\/index.php\/2025\/02\/28\/spotkanie-z-bajka-w-przedszkolu-samorzadowym-w-gabinie-grupa-biedronki-oraz-jezyki-25-02-2025\/"},"modified":"2025-02-28T00:00:00","modified_gmt":"2025-02-28T00:00:00","slug":"spotkanie-z-bajka-w-przedszkolu-samorzadowym-w-gabinie-grupa-biedronki-oraz-jezyki-25-02-2025","status":"publish","type":"post","link":"http:\/\/biblioteka-gabin.pl\/index.php\/2025\/02\/28\/spotkanie-z-bajka-w-przedszkolu-samorzadowym-w-gabinie-grupa-biedronki-oraz-jezyki-25-02-2025\/","title":{"rendered":"&#8222;Spotkanie z bajk\u0105&#8221; w Przedszkolu Samorz\u0105dowym w G\u0105binie -grupa &#8222;Biedronki&#8221; oraz &#8222;Je\u017cyki&#8221; (25.02.2025)"},"content":{"rendered":"<p>Wtorkowe spotkanie z grup\u0105 \u201eBiedronek\u201d oraz \u201eJe\u017cyk\u00f3w\u201d z Przedszkola Samorz\u0105dowego w G\u0105binie przebieg\u0142o pod has\u0142em: do\u015bwiadczenia i laboratorium.<br \/>\n\u00a0\u00a0\u00a0 Wchodz\u0105c do sali przedszkolnej w grupie \u201eBiedronek\u201d-spostrzeg\u0142am\u00a0 na stoliku trzy pojemniki, w kt\u00f3rych znajdowa\u0142y si\u0119 kolorowe ciecze. Przedszkolaki by\u0142y przed eksperymentami. Tymczasem zasiadaj\u0105c wok\u00f3\u0142 mnie na dywanie dzieci wys\u0142ucha\u0142y bajki, kt\u00f3r\u0105 im przeczyta\u0142am. By\u0142a to historia pewnej wrony (&#8222;Spragniona wrona&#8221; z serii Znajd\u017a chwileczk\u0119 na bajeczk\u0119), kt\u00f3ra chc\u0105c ugasi\u0107 swoje pragnienie szuka\u0142a pomys\u0142u, w jaki spos\u00f3b napi\u0107 si\u0119 wody z dzbana, w kt\u00f3rym j\u0105 znalaz\u0142am-lecz by\u0142a na samym dnie. Sprytny ptak wpad\u0142 na genialny pomys\u0142, kt\u00f3ry przybli\u017cy\u0142 go do rozwi\u0105zania trudnej sytuacji. Nazbiera\u0142a kamieni, kt\u00f3re szybko wrzuci\u0142a do dzbana. A po co? By woda mog\u0142a unie\u015b\u0107 si\u0119 wy\u017cej. Ta zaprezentowana historia by\u0142a pewnego rodzaju do\u015bwiadczeniem jakiego dokona\u0142a bohaterka. Mam nadziej\u0119, \u017ce ta bajka pomog\u0142a dzieciom w odkrywaniu i rozwi\u0105zaniu kolejnych eksperyment\u00f3w jakie w dzisiejszym dniu na nich czeka\u0142y.<br \/>\n\u00a0\u00a0\u00a0 Zar\u00f3wno w \u201eBiedronkach\u201d jak i w \u201eJe\u017cykach\u201d dodatkowo przeczyta\u0142am maluchom bajki pt. \u201ePinokio\u201d, \u201eMa\u0142y czerwony kogucik\u201d, \u201eNiebieski kojot\u201d, \u201eKr\u00f3lewna \u015anie\u017cka\u201d z serii kolekcji Niezapomnianych Bajek oraz Znajd\u017a chwileczk\u0119 na bajeczk\u0119.<br \/>\n\u00a0\u00a0\u00a0\u00a0 Wszystkim dzieciom serdecznie dzi\u0119kuj\u0119 za dzisiejsze spotkanie, niebawem ponownie si\u0119 widzimy. Mam nadziej\u0119, \u017ce tak jak ja ju\u017c nie mog\u0119 si\u0119 na to spotkanie doczeka\u0107.<br \/>\n\u00a0\u00a0\u00a0\u00a0\u00a0\u00a0\u00a0\u00a0\u00a0\u00a0\u00a0\u00a0\u00a0\u00a0\u00a0\u00a0\u00a0\u00a0\u00a0\u00a0\u00a0\u00a0\u00a0\u00a0\u00a0\u00a0\u00a0\u00a0\u00a0\u00a0\u00a0\u00a0\u00a0\u00a0\u00a0\u00a0\u00a0\u00a0\u00a0\u00a0\u00a0\u00a0\u00a0\u00a0\u00a0\u00a0\u00a0\u00a0\u00a0 Opr. Joanna Olejniczak<br \/>\n<img src='https:\/\/biblioteka-gabin.pl\/wp-content\/uploads\/archive\/pliki\/obraz\/2025\/luty\/480890950_658883553370953_8010183879871371559_n.jpg'><br \/>\n<a href='https:\/\/biblioteka-gabin.pl\/wp-content\/uploads\/archive\/galleries\/659\/4808909506588835533709538010183879871371559n-1ec5a51d87.jpg'><img style='max-height:300px;' src='https:\/\/biblioteka-gabin.pl\/wp-content\/uploads\/archive\/galleries\/659\/4808909506588835533709538010183879871371559n-1ec5a51d87.jpg'><\/a><br \/>\n<a href='https:\/\/biblioteka-gabin.pl\/wp-content\/uploads\/archive\/galleries\/659\/4822143136253393935712116558471922565916483n-7c713e3e2f.jpg'><img style='max-height:300px;' src='https:\/\/biblioteka-gabin.pl\/wp-content\/uploads\/archive\/galleries\/659\/4822143136253393935712116558471922565916483n-7c713e3e2f.jpg'><\/a><br \/>\n<a href='https:\/\/biblioteka-gabin.pl\/wp-content\/uploads\/archive\/galleries\/659\/480938974649900514149484668887857026033129n-37d55e3863.jpg'><img style='max-height:300px;' src='https:\/\/biblioteka-gabin.pl\/wp-content\/uploads\/archive\/galleries\/659\/480938974649900514149484668887857026033129n-37d55e3863.jpg'><\/a><br \/>\n<a href='https:\/\/biblioteka-gabin.pl\/wp-content\/uploads\/archive\/galleries\/659\/4818716039468895509287997982459773512740725n-d74ef1bc8e.jpg'><img style='max-height:300px;' src='https:\/\/biblioteka-gabin.pl\/wp-content\/uploads\/archive\/galleries\/659\/4818716039468895509287997982459773512740725n-d74ef1bc8e.jpg'><\/a><br \/>\n<a href='https:\/\/biblioteka-gabin.pl\/wp-content\/uploads\/archive\/galleries\/659\/48178375411007109684744846101913552366632629n-bea5cd94c8.jpg'><img style='max-height:300px;' src='https:\/\/biblioteka-gabin.pl\/wp-content\/uploads\/archive\/galleries\/659\/48178375411007109684744846101913552366632629n-bea5cd94c8.jpg'><\/a><br \/>\n<a href='https:\/\/biblioteka-gabin.pl\/wp-content\/uploads\/archive\/galleries\/659\/48178807513450100368274166542558176584312653n-7a9449a1b6.jpg'><img style='max-height:300px;' src='https:\/\/biblioteka-gabin.pl\/wp-content\/uploads\/archive\/galleries\/659\/48178807513450100368274166542558176584312653n-7a9449a1b6.jpg'><\/a><\/p>\n","protected":false},"excerpt":{"rendered":"<p>Wtorkowe spotkanie z grup\u0105 \u201eBiedronek\u201d oraz \u201eJe\u017cyk\u00f3w\u201d z Przedszkola Samorz\u0105dowego<\/p>\n","protected":false},"author":1,"featured_media":0,"comment_status":"open","ping_status":"open","sticky":false,"template":"","format":"standard","meta":{"footnotes":""},"categories":[36],"tags":[],"class_list":["post-8494","post","type-post","status-publish","format-standard","hentry","category-main"],"yoast_head":"<!-- This site is optimized with the Yoast SEO plugin v27.4 - https:\/\/yoast.com\/product\/yoast-seo-wordpress\/ -->\n<title>&quot;Spotkanie z bajk\u0105&quot; w Przedszkolu Samorz\u0105dowym w G\u0105binie -grupa &quot;Biedronki&quot; oraz &quot;Je\u017cyki&quot; (25.02.2025) - Miejsko-Gminna Biblioteka Publiczna w G\u0105binie<\/title>\n<meta name=\"robots\" content=\"index, follow, max-snippet:-1, max-image-preview:large, max-video-preview:-1\" \/>\n<link rel=\"canonical\" href=\"https:\/\/biblioteka-gabin.pl\/index.php\/2025\/02\/28\/spotkanie-z-bajka-w-przedszkolu-samorzadowym-w-gabinie-grupa-biedronki-oraz-jezyki-25-02-2025\/\" \/>\n<meta property=\"og:locale\" content=\"pl_PL\" \/>\n<meta property=\"og:type\" content=\"article\" \/>\n<meta property=\"og:title\" content=\"&quot;Spotkanie z bajk\u0105&quot; w Przedszkolu Samorz\u0105dowym w G\u0105binie -grupa &quot;Biedronki&quot; oraz &quot;Je\u017cyki&quot; (25.02.2025) - Miejsko-Gminna Biblioteka Publiczna w G\u0105binie\" \/>\n<meta property=\"og:description\" content=\"Wtorkowe spotkanie z grup\u0105 \u201eBiedronek\u201d oraz \u201eJe\u017cyk\u00f3w\u201d z Przedszkola Samorz\u0105dowego\" \/>\n<meta property=\"og:url\" content=\"https:\/\/biblioteka-gabin.pl\/index.php\/2025\/02\/28\/spotkanie-z-bajka-w-przedszkolu-samorzadowym-w-gabinie-grupa-biedronki-oraz-jezyki-25-02-2025\/\" \/>\n<meta property=\"og:site_name\" content=\"Miejsko-Gminna Biblioteka Publiczna w G\u0105binie\" \/>\n<meta property=\"article:publisher\" content=\"https:\/\/www.facebook.com\/bibliotekagabin\" \/>\n<meta property=\"article:published_time\" content=\"2025-02-28T00:00:00+00:00\" \/>\n<meta property=\"og:image\" content=\"https:\/\/biblioteka-gabin.pl\/wp-content\/uploads\/archive\/pliki\/obraz\/2025\/luty\/480890950_658883553370953_8010183879871371559_n.jpg\" \/>\n<meta name=\"author\" content=\"admin\" \/>\n<meta name=\"twitter:card\" content=\"summary_large_image\" \/>\n<meta name=\"twitter:label1\" content=\"Napisane przez\" \/>\n\t<meta name=\"twitter:data1\" content=\"admin\" \/>\n\t<meta name=\"twitter:label2\" content=\"Szacowany czas czytania\" \/>\n\t<meta name=\"twitter:data2\" content=\"1 minuta\" \/>\n<script type=\"application\/ld+json\" class=\"yoast-schema-graph\">{\"@context\":\"https:\\\/\\\/schema.org\",\"@graph\":[{\"@type\":\"Article\",\"@id\":\"https:\\\/\\\/biblioteka-gabin.pl\\\/index.php\\\/2025\\\/02\\\/28\\\/spotkanie-z-bajka-w-przedszkolu-samorzadowym-w-gabinie-grupa-biedronki-oraz-jezyki-25-02-2025\\\/#article\",\"isPartOf\":{\"@id\":\"https:\\\/\\\/biblioteka-gabin.pl\\\/index.php\\\/2025\\\/02\\\/28\\\/spotkanie-z-bajka-w-przedszkolu-samorzadowym-w-gabinie-grupa-biedronki-oraz-jezyki-25-02-2025\\\/\"},\"author\":{\"name\":\"admin\",\"@id\":\"https:\\\/\\\/biblioteka-gabin.pl\\\/#\\\/schema\\\/person\\\/2067b97c24663d987ef6ef95bed7c99a\"},\"headline\":\"&#8222;Spotkanie z bajk\u0105&#8221; w Przedszkolu Samorz\u0105dowym w G\u0105binie -grupa &#8222;Biedronki&#8221; oraz &#8222;Je\u017cyki&#8221; (25.02.2025)\",\"datePublished\":\"2025-02-28T00:00:00+00:00\",\"mainEntityOfPage\":{\"@id\":\"https:\\\/\\\/biblioteka-gabin.pl\\\/index.php\\\/2025\\\/02\\\/28\\\/spotkanie-z-bajka-w-przedszkolu-samorzadowym-w-gabinie-grupa-biedronki-oraz-jezyki-25-02-2025\\\/\"},\"wordCount\":268,\"commentCount\":0,\"publisher\":{\"@id\":\"https:\\\/\\\/biblioteka-gabin.pl\\\/#organization\"},\"image\":{\"@id\":\"https:\\\/\\\/biblioteka-gabin.pl\\\/index.php\\\/2025\\\/02\\\/28\\\/spotkanie-z-bajka-w-przedszkolu-samorzadowym-w-gabinie-grupa-biedronki-oraz-jezyki-25-02-2025\\\/#primaryimage\"},\"thumbnailUrl\":\"https:\\\/\\\/biblioteka-gabin.pl\\\/wp-content\\\/uploads\\\/archive\\\/pliki\\\/obraz\\\/2025\\\/luty\\\/480890950_658883553370953_8010183879871371559_n.jpg\",\"articleSection\":[\"Main\"],\"inLanguage\":\"pl-PL\",\"potentialAction\":[{\"@type\":\"CommentAction\",\"name\":\"Comment\",\"target\":[\"https:\\\/\\\/biblioteka-gabin.pl\\\/index.php\\\/2025\\\/02\\\/28\\\/spotkanie-z-bajka-w-przedszkolu-samorzadowym-w-gabinie-grupa-biedronki-oraz-jezyki-25-02-2025\\\/#respond\"]}]},{\"@type\":\"WebPage\",\"@id\":\"https:\\\/\\\/biblioteka-gabin.pl\\\/index.php\\\/2025\\\/02\\\/28\\\/spotkanie-z-bajka-w-przedszkolu-samorzadowym-w-gabinie-grupa-biedronki-oraz-jezyki-25-02-2025\\\/\",\"url\":\"https:\\\/\\\/biblioteka-gabin.pl\\\/index.php\\\/2025\\\/02\\\/28\\\/spotkanie-z-bajka-w-przedszkolu-samorzadowym-w-gabinie-grupa-biedronki-oraz-jezyki-25-02-2025\\\/\",\"name\":\"\\\"Spotkanie z bajk\u0105\\\" w Przedszkolu Samorz\u0105dowym w G\u0105binie -grupa \\\"Biedronki\\\" oraz \\\"Je\u017cyki\\\" (25.02.2025) - Miejsko-Gminna Biblioteka Publiczna w G\u0105binie\",\"isPartOf\":{\"@id\":\"https:\\\/\\\/biblioteka-gabin.pl\\\/#website\"},\"primaryImageOfPage\":{\"@id\":\"https:\\\/\\\/biblioteka-gabin.pl\\\/index.php\\\/2025\\\/02\\\/28\\\/spotkanie-z-bajka-w-przedszkolu-samorzadowym-w-gabinie-grupa-biedronki-oraz-jezyki-25-02-2025\\\/#primaryimage\"},\"image\":{\"@id\":\"https:\\\/\\\/biblioteka-gabin.pl\\\/index.php\\\/2025\\\/02\\\/28\\\/spotkanie-z-bajka-w-przedszkolu-samorzadowym-w-gabinie-grupa-biedronki-oraz-jezyki-25-02-2025\\\/#primaryimage\"},\"thumbnailUrl\":\"https:\\\/\\\/biblioteka-gabin.pl\\\/wp-content\\\/uploads\\\/archive\\\/pliki\\\/obraz\\\/2025\\\/luty\\\/480890950_658883553370953_8010183879871371559_n.jpg\",\"datePublished\":\"2025-02-28T00:00:00+00:00\",\"breadcrumb\":{\"@id\":\"https:\\\/\\\/biblioteka-gabin.pl\\\/index.php\\\/2025\\\/02\\\/28\\\/spotkanie-z-bajka-w-przedszkolu-samorzadowym-w-gabinie-grupa-biedronki-oraz-jezyki-25-02-2025\\\/#breadcrumb\"},\"inLanguage\":\"pl-PL\",\"potentialAction\":[{\"@type\":\"ReadAction\",\"target\":[\"https:\\\/\\\/biblioteka-gabin.pl\\\/index.php\\\/2025\\\/02\\\/28\\\/spotkanie-z-bajka-w-przedszkolu-samorzadowym-w-gabinie-grupa-biedronki-oraz-jezyki-25-02-2025\\\/\"]}]},{\"@type\":\"ImageObject\",\"inLanguage\":\"pl-PL\",\"@id\":\"https:\\\/\\\/biblioteka-gabin.pl\\\/index.php\\\/2025\\\/02\\\/28\\\/spotkanie-z-bajka-w-przedszkolu-samorzadowym-w-gabinie-grupa-biedronki-oraz-jezyki-25-02-2025\\\/#primaryimage\",\"url\":\"https:\\\/\\\/biblioteka-gabin.pl\\\/wp-content\\\/uploads\\\/archive\\\/pliki\\\/obraz\\\/2025\\\/luty\\\/480890950_658883553370953_8010183879871371559_n.jpg\",\"contentUrl\":\"https:\\\/\\\/biblioteka-gabin.pl\\\/wp-content\\\/uploads\\\/archive\\\/pliki\\\/obraz\\\/2025\\\/luty\\\/480890950_658883553370953_8010183879871371559_n.jpg\"},{\"@type\":\"BreadcrumbList\",\"@id\":\"https:\\\/\\\/biblioteka-gabin.pl\\\/index.php\\\/2025\\\/02\\\/28\\\/spotkanie-z-bajka-w-przedszkolu-samorzadowym-w-gabinie-grupa-biedronki-oraz-jezyki-25-02-2025\\\/#breadcrumb\",\"itemListElement\":[{\"@type\":\"ListItem\",\"position\":1,\"name\":\"Strona g\u0142\u00f3wna\",\"item\":\"https:\\\/\\\/biblioteka-gabin.pl\\\/\"},{\"@type\":\"ListItem\",\"position\":2,\"name\":\"&#8222;Spotkanie z bajk\u0105&#8221; w Przedszkolu Samorz\u0105dowym w G\u0105binie -grupa &#8222;Biedronki&#8221; oraz &#8222;Je\u017cyki&#8221; (25.02.2025)\"}]},{\"@type\":\"WebSite\",\"@id\":\"https:\\\/\\\/biblioteka-gabin.pl\\\/#website\",\"url\":\"https:\\\/\\\/biblioteka-gabin.pl\\\/\",\"name\":\"Miejsko-Gminna Biblioteka Publiczna w G\u0105binie\",\"description\":\"\",\"publisher\":{\"@id\":\"https:\\\/\\\/biblioteka-gabin.pl\\\/#organization\"},\"potentialAction\":[{\"@type\":\"SearchAction\",\"target\":{\"@type\":\"EntryPoint\",\"urlTemplate\":\"https:\\\/\\\/biblioteka-gabin.pl\\\/?s={search_term_string}\"},\"query-input\":{\"@type\":\"PropertyValueSpecification\",\"valueRequired\":true,\"valueName\":\"search_term_string\"}}],\"inLanguage\":\"pl-PL\"},{\"@type\":\"Organization\",\"@id\":\"https:\\\/\\\/biblioteka-gabin.pl\\\/#organization\",\"name\":\"Miejsko-Gminna Biblioteka Publiczna w G\u0105binie\",\"url\":\"https:\\\/\\\/biblioteka-gabin.pl\\\/\",\"logo\":{\"@type\":\"ImageObject\",\"inLanguage\":\"pl-PL\",\"@id\":\"https:\\\/\\\/biblioteka-gabin.pl\\\/#\\\/schema\\\/logo\\\/image\\\/\",\"url\":\"https:\\\/\\\/biblioteka-gabin.pl\\\/wp-content\\\/uploads\\\/2025\\\/03\\\/logo-biblioteka-2-1657013691-1.jpg\",\"contentUrl\":\"https:\\\/\\\/biblioteka-gabin.pl\\\/wp-content\\\/uploads\\\/2025\\\/03\\\/logo-biblioteka-2-1657013691-1.jpg\",\"width\":1600,\"height\":772,\"caption\":\"Miejsko-Gminna Biblioteka Publiczna w G\u0105binie\"},\"image\":{\"@id\":\"https:\\\/\\\/biblioteka-gabin.pl\\\/#\\\/schema\\\/logo\\\/image\\\/\"},\"sameAs\":[\"https:\\\/\\\/www.facebook.com\\\/bibliotekagabin\",\"https:\\\/\\\/www.youtube.com\\\/@mgbpgabin9392\"]},{\"@type\":\"Person\",\"@id\":\"https:\\\/\\\/biblioteka-gabin.pl\\\/#\\\/schema\\\/person\\\/2067b97c24663d987ef6ef95bed7c99a\",\"name\":\"admin\",\"image\":{\"@type\":\"ImageObject\",\"inLanguage\":\"pl-PL\",\"@id\":\"https:\\\/\\\/secure.gravatar.com\\\/avatar\\\/e1843904e97b4e376a0fc90ae10372cd31bce9b207a7a3d2ca68fc7ca7e4174c?s=96&d=mm&r=g\",\"url\":\"https:\\\/\\\/secure.gravatar.com\\\/avatar\\\/e1843904e97b4e376a0fc90ae10372cd31bce9b207a7a3d2ca68fc7ca7e4174c?s=96&d=mm&r=g\",\"contentUrl\":\"https:\\\/\\\/secure.gravatar.com\\\/avatar\\\/e1843904e97b4e376a0fc90ae10372cd31bce9b207a7a3d2ca68fc7ca7e4174c?s=96&d=mm&r=g\",\"caption\":\"admin\"},\"sameAs\":[\"http:\\\/\\\/strona.biblioteka-gabin.pl\"],\"url\":\"http:\\\/\\\/biblioteka-gabin.pl\\\/index.php\\\/author\\\/admin\\\/\"}]}<\/script>\n<!-- \/ Yoast SEO plugin. -->","yoast_head_json":{"title":"\"Spotkanie z bajk\u0105\" w Przedszkolu Samorz\u0105dowym w G\u0105binie -grupa \"Biedronki\" oraz \"Je\u017cyki\" (25.02.2025) - Miejsko-Gminna Biblioteka Publiczna w G\u0105binie","robots":{"index":"index","follow":"follow","max-snippet":"max-snippet:-1","max-image-preview":"max-image-preview:large","max-video-preview":"max-video-preview:-1"},"canonical":"https:\/\/biblioteka-gabin.pl\/index.php\/2025\/02\/28\/spotkanie-z-bajka-w-przedszkolu-samorzadowym-w-gabinie-grupa-biedronki-oraz-jezyki-25-02-2025\/","og_locale":"pl_PL","og_type":"article","og_title":"\"Spotkanie z bajk\u0105\" w Przedszkolu Samorz\u0105dowym w G\u0105binie -grupa \"Biedronki\" oraz \"Je\u017cyki\" (25.02.2025) - Miejsko-Gminna Biblioteka Publiczna w G\u0105binie","og_description":"Wtorkowe spotkanie z grup\u0105 \u201eBiedronek\u201d oraz \u201eJe\u017cyk\u00f3w\u201d z Przedszkola Samorz\u0105dowego","og_url":"https:\/\/biblioteka-gabin.pl\/index.php\/2025\/02\/28\/spotkanie-z-bajka-w-przedszkolu-samorzadowym-w-gabinie-grupa-biedronki-oraz-jezyki-25-02-2025\/","og_site_name":"Miejsko-Gminna Biblioteka Publiczna w G\u0105binie","article_publisher":"https:\/\/www.facebook.com\/bibliotekagabin","article_published_time":"2025-02-28T00:00:00+00:00","og_image":[{"url":"https:\/\/biblioteka-gabin.pl\/wp-content\/uploads\/archive\/pliki\/obraz\/2025\/luty\/480890950_658883553370953_8010183879871371559_n.jpg","type":"","width":"","height":""}],"author":"admin","twitter_card":"summary_large_image","twitter_misc":{"Napisane przez":"admin","Szacowany czas czytania":"1 minuta"},"schema":{"@context":"https:\/\/schema.org","@graph":[{"@type":"Article","@id":"https:\/\/biblioteka-gabin.pl\/index.php\/2025\/02\/28\/spotkanie-z-bajka-w-przedszkolu-samorzadowym-w-gabinie-grupa-biedronki-oraz-jezyki-25-02-2025\/#article","isPartOf":{"@id":"https:\/\/biblioteka-gabin.pl\/index.php\/2025\/02\/28\/spotkanie-z-bajka-w-przedszkolu-samorzadowym-w-gabinie-grupa-biedronki-oraz-jezyki-25-02-2025\/"},"author":{"name":"admin","@id":"https:\/\/biblioteka-gabin.pl\/#\/schema\/person\/2067b97c24663d987ef6ef95bed7c99a"},"headline":"&#8222;Spotkanie z bajk\u0105&#8221; w Przedszkolu Samorz\u0105dowym w G\u0105binie -grupa &#8222;Biedronki&#8221; oraz &#8222;Je\u017cyki&#8221; (25.02.2025)","datePublished":"2025-02-28T00:00:00+00:00","mainEntityOfPage":{"@id":"https:\/\/biblioteka-gabin.pl\/index.php\/2025\/02\/28\/spotkanie-z-bajka-w-przedszkolu-samorzadowym-w-gabinie-grupa-biedronki-oraz-jezyki-25-02-2025\/"},"wordCount":268,"commentCount":0,"publisher":{"@id":"https:\/\/biblioteka-gabin.pl\/#organization"},"image":{"@id":"https:\/\/biblioteka-gabin.pl\/index.php\/2025\/02\/28\/spotkanie-z-bajka-w-przedszkolu-samorzadowym-w-gabinie-grupa-biedronki-oraz-jezyki-25-02-2025\/#primaryimage"},"thumbnailUrl":"https:\/\/biblioteka-gabin.pl\/wp-content\/uploads\/archive\/pliki\/obraz\/2025\/luty\/480890950_658883553370953_8010183879871371559_n.jpg","articleSection":["Main"],"inLanguage":"pl-PL","potentialAction":[{"@type":"CommentAction","name":"Comment","target":["https:\/\/biblioteka-gabin.pl\/index.php\/2025\/02\/28\/spotkanie-z-bajka-w-przedszkolu-samorzadowym-w-gabinie-grupa-biedronki-oraz-jezyki-25-02-2025\/#respond"]}]},{"@type":"WebPage","@id":"https:\/\/biblioteka-gabin.pl\/index.php\/2025\/02\/28\/spotkanie-z-bajka-w-przedszkolu-samorzadowym-w-gabinie-grupa-biedronki-oraz-jezyki-25-02-2025\/","url":"https:\/\/biblioteka-gabin.pl\/index.php\/2025\/02\/28\/spotkanie-z-bajka-w-przedszkolu-samorzadowym-w-gabinie-grupa-biedronki-oraz-jezyki-25-02-2025\/","name":"\"Spotkanie z bajk\u0105\" w Przedszkolu Samorz\u0105dowym w G\u0105binie -grupa \"Biedronki\" oraz \"Je\u017cyki\" (25.02.2025) - Miejsko-Gminna Biblioteka Publiczna w G\u0105binie","isPartOf":{"@id":"https:\/\/biblioteka-gabin.pl\/#website"},"primaryImageOfPage":{"@id":"https:\/\/biblioteka-gabin.pl\/index.php\/2025\/02\/28\/spotkanie-z-bajka-w-przedszkolu-samorzadowym-w-gabinie-grupa-biedronki-oraz-jezyki-25-02-2025\/#primaryimage"},"image":{"@id":"https:\/\/biblioteka-gabin.pl\/index.php\/2025\/02\/28\/spotkanie-z-bajka-w-przedszkolu-samorzadowym-w-gabinie-grupa-biedronki-oraz-jezyki-25-02-2025\/#primaryimage"},"thumbnailUrl":"https:\/\/biblioteka-gabin.pl\/wp-content\/uploads\/archive\/pliki\/obraz\/2025\/luty\/480890950_658883553370953_8010183879871371559_n.jpg","datePublished":"2025-02-28T00:00:00+00:00","breadcrumb":{"@id":"https:\/\/biblioteka-gabin.pl\/index.php\/2025\/02\/28\/spotkanie-z-bajka-w-przedszkolu-samorzadowym-w-gabinie-grupa-biedronki-oraz-jezyki-25-02-2025\/#breadcrumb"},"inLanguage":"pl-PL","potentialAction":[{"@type":"ReadAction","target":["https:\/\/biblioteka-gabin.pl\/index.php\/2025\/02\/28\/spotkanie-z-bajka-w-przedszkolu-samorzadowym-w-gabinie-grupa-biedronki-oraz-jezyki-25-02-2025\/"]}]},{"@type":"ImageObject","inLanguage":"pl-PL","@id":"https:\/\/biblioteka-gabin.pl\/index.php\/2025\/02\/28\/spotkanie-z-bajka-w-przedszkolu-samorzadowym-w-gabinie-grupa-biedronki-oraz-jezyki-25-02-2025\/#primaryimage","url":"https:\/\/biblioteka-gabin.pl\/wp-content\/uploads\/archive\/pliki\/obraz\/2025\/luty\/480890950_658883553370953_8010183879871371559_n.jpg","contentUrl":"https:\/\/biblioteka-gabin.pl\/wp-content\/uploads\/archive\/pliki\/obraz\/2025\/luty\/480890950_658883553370953_8010183879871371559_n.jpg"},{"@type":"BreadcrumbList","@id":"https:\/\/biblioteka-gabin.pl\/index.php\/2025\/02\/28\/spotkanie-z-bajka-w-przedszkolu-samorzadowym-w-gabinie-grupa-biedronki-oraz-jezyki-25-02-2025\/#breadcrumb","itemListElement":[{"@type":"ListItem","position":1,"name":"Strona g\u0142\u00f3wna","item":"https:\/\/biblioteka-gabin.pl\/"},{"@type":"ListItem","position":2,"name":"&#8222;Spotkanie z bajk\u0105&#8221; w Przedszkolu Samorz\u0105dowym w G\u0105binie -grupa &#8222;Biedronki&#8221; oraz &#8222;Je\u017cyki&#8221; (25.02.2025)"}]},{"@type":"WebSite","@id":"https:\/\/biblioteka-gabin.pl\/#website","url":"https:\/\/biblioteka-gabin.pl\/","name":"Miejsko-Gminna Biblioteka Publiczna w G\u0105binie","description":"","publisher":{"@id":"https:\/\/biblioteka-gabin.pl\/#organization"},"potentialAction":[{"@type":"SearchAction","target":{"@type":"EntryPoint","urlTemplate":"https:\/\/biblioteka-gabin.pl\/?s={search_term_string}"},"query-input":{"@type":"PropertyValueSpecification","valueRequired":true,"valueName":"search_term_string"}}],"inLanguage":"pl-PL"},{"@type":"Organization","@id":"https:\/\/biblioteka-gabin.pl\/#organization","name":"Miejsko-Gminna Biblioteka Publiczna w G\u0105binie","url":"https:\/\/biblioteka-gabin.pl\/","logo":{"@type":"ImageObject","inLanguage":"pl-PL","@id":"https:\/\/biblioteka-gabin.pl\/#\/schema\/logo\/image\/","url":"https:\/\/biblioteka-gabin.pl\/wp-content\/uploads\/2025\/03\/logo-biblioteka-2-1657013691-1.jpg","contentUrl":"https:\/\/biblioteka-gabin.pl\/wp-content\/uploads\/2025\/03\/logo-biblioteka-2-1657013691-1.jpg","width":1600,"height":772,"caption":"Miejsko-Gminna Biblioteka Publiczna w G\u0105binie"},"image":{"@id":"https:\/\/biblioteka-gabin.pl\/#\/schema\/logo\/image\/"},"sameAs":["https:\/\/www.facebook.com\/bibliotekagabin","https:\/\/www.youtube.com\/@mgbpgabin9392"]},{"@type":"Person","@id":"https:\/\/biblioteka-gabin.pl\/#\/schema\/person\/2067b97c24663d987ef6ef95bed7c99a","name":"admin","image":{"@type":"ImageObject","inLanguage":"pl-PL","@id":"https:\/\/secure.gravatar.com\/avatar\/e1843904e97b4e376a0fc90ae10372cd31bce9b207a7a3d2ca68fc7ca7e4174c?s=96&d=mm&r=g","url":"https:\/\/secure.gravatar.com\/avatar\/e1843904e97b4e376a0fc90ae10372cd31bce9b207a7a3d2ca68fc7ca7e4174c?s=96&d=mm&r=g","contentUrl":"https:\/\/secure.gravatar.com\/avatar\/e1843904e97b4e376a0fc90ae10372cd31bce9b207a7a3d2ca68fc7ca7e4174c?s=96&d=mm&r=g","caption":"admin"},"sameAs":["http:\/\/strona.biblioteka-gabin.pl"],"url":"http:\/\/biblioteka-gabin.pl\/index.php\/author\/admin\/"}]}},"_links":{"self":[{"href":"http:\/\/biblioteka-gabin.pl\/index.php\/wp-json\/wp\/v2\/posts\/8494","targetHints":{"allow":["GET"]}}],"collection":[{"href":"http:\/\/biblioteka-gabin.pl\/index.php\/wp-json\/wp\/v2\/posts"}],"about":[{"href":"http:\/\/biblioteka-gabin.pl\/index.php\/wp-json\/wp\/v2\/types\/post"}],"author":[{"embeddable":true,"href":"http:\/\/biblioteka-gabin.pl\/index.php\/wp-json\/wp\/v2\/users\/1"}],"replies":[{"embeddable":true,"href":"http:\/\/biblioteka-gabin.pl\/index.php\/wp-json\/wp\/v2\/comments?post=8494"}],"version-history":[{"count":0,"href":"http:\/\/biblioteka-gabin.pl\/index.php\/wp-json\/wp\/v2\/posts\/8494\/revisions"}],"wp:attachment":[{"href":"http:\/\/biblioteka-gabin.pl\/index.php\/wp-json\/wp\/v2\/media?parent=8494"}],"wp:term":[{"taxonomy":"category","embeddable":true,"href":"http:\/\/biblioteka-gabin.pl\/index.php\/wp-json\/wp\/v2\/categories?post=8494"},{"taxonomy":"post_tag","embeddable":true,"href":"http:\/\/biblioteka-gabin.pl\/index.php\/wp-json\/wp\/v2\/tags?post=8494"}],"curies":[{"name":"wp","href":"https:\/\/api.w.org\/{rel}","templated":true}]}}