{"id":8499,"date":"2025-05-09T00:00:00","date_gmt":"2025-05-09T00:00:00","guid":{"rendered":"https:\/\/biblioteka-gabin.pl\/index.php\/2025\/05\/09\/spotkanie-z-bajka-w-przedszkolu-w-dobrzykowie-grupa-biedronki-i-smerfy-08-05-25\/"},"modified":"2025-05-09T00:00:00","modified_gmt":"2025-05-09T00:00:00","slug":"spotkanie-z-bajka-w-przedszkolu-w-dobrzykowie-grupa-biedronki-i-smerfy-08-05-25","status":"publish","type":"post","link":"http:\/\/biblioteka-gabin.pl\/index.php\/2025\/05\/09\/spotkanie-z-bajka-w-przedszkolu-w-dobrzykowie-grupa-biedronki-i-smerfy-08-05-25\/","title":{"rendered":"&#8222;Spotkanie z bajk\u0105&#8221; w Przedszkolu w Dobrzykowie- grupa &#8222;Biedronki&#8221; i &#8222;Smerfy&#8221; (08.05.25)"},"content":{"rendered":"<p>,,Dzi\u0119kujemy za dzisiejsze spotkanie\u201d \u2013 us\u0142ysza\u0142a na ko\u0144cu zaj\u0119\u0107 bibliotekarka Karolina w Przedszkolu Samorz\u0105dowym w Dobrzykowie. Czas sp\u0119dzony z dzie\u0107mi, jest pi\u0119kn\u0105 w\u0119dr\u00f3wk\u0105 po \u015bwiecie ksi\u0105\u017cek, odkrywaniem pragnie\u0144 i marze\u0144, ale przede wszystkim owocnie sp\u0119dzonymi chwilami.<br \/>\nPoranne spotkanie 8 maja, w Dzie\u0144 Bibliotekarza i Bibliotek by\u0142o szczeg\u00f3lnie wyj\u0105tkowe, poniewa\u017c przypomina\u0142o jak wa\u017cn\u0105 rol\u0119 w \u017cyciu cz\u0142owieka, ju\u017c od najm\u0142odszych lat maj\u0105 do spe\u0142nienia ksi\u0105\u017cki. Maluchy z u\u015bmiechami na twarzach przywitali prowadz\u0105c\u0105 zaj\u0119cia, kt\u00f3ra po chwili us\u0142ysza\u0142a, \u017ce ciekawym ,,zbiegiem okoliczno\u015bci\u201d jest przypadaj\u0105ce dzi\u015b \u015awi\u0119to oraz tego samego dnia- zaj\u0119cia z dzie\u0107mi. Co by\u0142oby lepszym sposobem na uczczenie Dnia Bibliotekarza ni\u017c spotkanie z najm\u0142odszymi?<br \/>\nDodatkowo gr. Biedronek i Smerf\u00f3w mia\u0142a okazj\u0119 do poszerzenia swojej wiedzy o bibliotece i sposobach zapisania si\u0119 do Ksi\u0105\u017cnicy. Zainteresowanych by\u0142o wielu.<br \/>\nW trakcie dzisiejszego ,,Spotkania z bajk\u0105\u201d gr. Biedronek dowiedzia\u0142a si\u0119 o tym, jak pokonywa\u0107 swoje l\u0119ki oraz spe\u0142nia\u0107 marzenia na podstawie ksi\u0105\u017cki pt. ,,Bajeczki o zwierz\u0119tach\u201d M. Joyce . Pozna\u0142y ma\u0142\u0105 sow\u0119 z opowiadania pt. ,,Le\u0107, ma\u0142a s\u00f3wko!\u201d. Na pocz\u0105tku zwierz\u0119 bardzo ba\u0142o si\u0119 wyruszenia w nieznane, ale kiedy jego rodze\u0144stwo spotka\u0142o nieszcz\u0119\u015bcie natychmiast przyby\u0142o z pomoc\u0105. To w\u0142a\u015bnie wtedy okaza\u0142o si\u0119, \u017ce ma\u0142a s\u00f3wka umie lata\u0107. Bohaterka historii by\u0142a z siebie tak dumna, \u017ce ,,pohukiwa\u0142a sobie przez ca\u0142\u0105 noc\u201d \u2013 napisa\u0142a autorka.<br \/>\nSmerfy w przerwie pomi\u0119dzy dwiema czytanymi dzisiaj ksi\u0105\u017ckami: ,,Karetka Mietka\u201d i ,,Skuter Janka\u201d z serii Ma\u0142y Ch\u0142opiec pobawi\u0142y si\u0119 w ,,Stary nied\u017awied\u017a mocno \u015bpi\u201d. Pani bibliotekarka obieca\u0142a, \u017ce z powodu tak du\u017cej ilo\u015bci ch\u0119tnych do na\u015bladowania ,,fikcyjnego drapie\u017cnika&#8221; popularna zabawa odb\u0119dzie si\u0119 za dwa tygodnie jeszcze raz.<br \/>\nPonadto podczas dzisiejszych spotka\u0144 dzieci dowiedzia\u0142y o akcji ,,Ma\u0142a ksi\u0105\u017cka-wielki cz\u0142owiek\u201d Instytutu Ksi\u0105\u017cki, gdzie ka\u017cdy Ma\u0142y Czytelnik, kt\u00f3ry zapisze si\u0119 do biblioteki otrzyma pi\u0119kny bezp\u0142atny upominek w postaci ksi\u0105\u017cki, Dyplom Ma\u0142ego Czytelnika (gdy uzbiera wystarczaj\u0105c\u0105 ilo\u015b\u0107 naklejek) i wyj\u0105tkow\u0105 magnetyczn\u0105 kart\u0119.<br \/>\nNa koniec bibliotekarka podzi\u0119kowa\u0142a wszystkim uczestnikom za spotkanie. Podkre\u015bli\u0142a, \u017ce na ka\u017cdym z nich stara si\u0119 ,,odda\u0107&#8221; kawa\u0142ek serca, ale nie by\u0142o jeszcze takich zaj\u0119\u0107, na kt\u00f3rych nie otrzyma\u0142aby nowego.<br \/>\nW imieniu wszystkich Pa\u0144 Bibliotekarek z MGBP bardzo dzi\u0119kuje za mo\u017cliwo\u015b\u0107 wprowadzania dzieci w ,,\u015bwiat ksi\u0105\u017cek&#8221;. Mam nadziej\u0119, \u017ce czytane opowie\u015bci sk\u0142oni\u0105 ma\u0142ych s\u0142uchaczy do pisania w\u0142asnych historii&#8230; du\u017co pi\u0119kniejszych&#8230;<br \/>\nOpr. Karolina K\u0119dzia<br \/>\n<img src='https:\/\/biblioteka-gabin.pl\/wp-content\/uploads\/archive\/pliki\/obraz\/2025\/maj\/dobrz.jpg'><br \/>\n<a href='https:\/\/biblioteka-gabin.pl\/wp-content\/uploads\/archive\/g'>g<\/a><br \/>\n<a href='https:\/\/biblioteka-gabin.pl\/wp-content\/uploads\/archive\/g'>g<\/a><br \/>\n<a href='https:\/\/biblioteka-gabin.pl\/wp-content\/uploads\/archive\/g'>g<\/a><br \/>\n<a href='https:\/\/biblioteka-gabin.pl\/wp-content\/uploads\/archive\/g'>g<\/a><br \/>\n<a href='https:\/\/biblioteka-gabin.pl\/wp-content\/uploads\/archive\/g'>g<\/a><br \/>\n<a href='https:\/\/biblioteka-gabin.pl\/wp-content\/uploads\/archive\/g'>g<\/a><br \/>\n<a href='https:\/\/biblioteka-gabin.pl\/wp-content\/uploads\/archive\/g'>g<\/a><br \/>\n<a href='https:\/\/biblioteka-gabin.pl\/wp-content\/uploads\/archive\/galleries\/680\/dobrz-14fc5b1a16.jpg'><img style='max-height:300px;' src='https:\/\/biblioteka-gabin.pl\/wp-content\/uploads\/archive\/galleries\/680\/dobrz-14fc5b1a16.jpg'><\/a><br \/>\n<a href='https:\/\/biblioteka-gabin.pl\/wp-content\/uploads\/archive\/galleries\/680\/d2-3bea3fb8c0.jpg'><img style='max-height:300px;' src='https:\/\/biblioteka-gabin.pl\/wp-content\/uploads\/archive\/galleries\/680\/d2-3bea3fb8c0.jpg'><\/a><\/p>\n","protected":false},"excerpt":{"rendered":"<p>,,Dzi\u0119kujemy za dzisiejsze spotkanie\u201d \u2013 us\u0142ysza\u0142a na ko\u0144cu zaj\u0119\u0107 bibliotekarka<\/p>\n","protected":false},"author":1,"featured_media":0,"comment_status":"open","ping_status":"open","sticky":false,"template":"","format":"standard","meta":{"footnotes":""},"categories":[36],"tags":[],"class_list":["post-8499","post","type-post","status-publish","format-standard","hentry","category-main"],"yoast_head":"<!-- This site is optimized with the Yoast SEO plugin v27.4 - https:\/\/yoast.com\/product\/yoast-seo-wordpress\/ -->\n<title>&quot;Spotkanie z bajk\u0105&quot; w Przedszkolu w Dobrzykowie- grupa &quot;Biedronki&quot; i &quot;Smerfy&quot; (08.05.25) - Miejsko-Gminna Biblioteka Publiczna w G\u0105binie<\/title>\n<meta name=\"robots\" content=\"index, follow, max-snippet:-1, max-image-preview:large, max-video-preview:-1\" \/>\n<link rel=\"canonical\" href=\"https:\/\/biblioteka-gabin.pl\/index.php\/2025\/05\/09\/spotkanie-z-bajka-w-przedszkolu-w-dobrzykowie-grupa-biedronki-i-smerfy-08-05-25\/\" \/>\n<meta property=\"og:locale\" content=\"pl_PL\" \/>\n<meta property=\"og:type\" content=\"article\" \/>\n<meta property=\"og:title\" content=\"&quot;Spotkanie z bajk\u0105&quot; w Przedszkolu w Dobrzykowie- grupa &quot;Biedronki&quot; i &quot;Smerfy&quot; (08.05.25) - Miejsko-Gminna Biblioteka Publiczna w G\u0105binie\" \/>\n<meta property=\"og:description\" content=\",,Dzi\u0119kujemy za dzisiejsze spotkanie\u201d \u2013 us\u0142ysza\u0142a na ko\u0144cu zaj\u0119\u0107 bibliotekarka\" \/>\n<meta property=\"og:url\" content=\"https:\/\/biblioteka-gabin.pl\/index.php\/2025\/05\/09\/spotkanie-z-bajka-w-przedszkolu-w-dobrzykowie-grupa-biedronki-i-smerfy-08-05-25\/\" \/>\n<meta property=\"og:site_name\" content=\"Miejsko-Gminna Biblioteka Publiczna w G\u0105binie\" \/>\n<meta property=\"article:publisher\" content=\"https:\/\/www.facebook.com\/bibliotekagabin\" \/>\n<meta property=\"article:published_time\" content=\"2025-05-09T00:00:00+00:00\" \/>\n<meta property=\"og:image\" content=\"https:\/\/biblioteka-gabin.pl\/wp-content\/uploads\/archive\/pliki\/obraz\/2025\/maj\/dobrz.jpg\" \/>\n<meta name=\"author\" content=\"admin\" \/>\n<meta name=\"twitter:card\" content=\"summary_large_image\" \/>\n<meta name=\"twitter:label1\" content=\"Napisane przez\" \/>\n\t<meta name=\"twitter:data1\" content=\"admin\" \/>\n\t<meta name=\"twitter:label2\" content=\"Szacowany czas czytania\" \/>\n\t<meta name=\"twitter:data2\" content=\"2 minuty\" \/>\n<script type=\"application\/ld+json\" class=\"yoast-schema-graph\">{\"@context\":\"https:\\\/\\\/schema.org\",\"@graph\":[{\"@type\":\"Article\",\"@id\":\"https:\\\/\\\/biblioteka-gabin.pl\\\/index.php\\\/2025\\\/05\\\/09\\\/spotkanie-z-bajka-w-przedszkolu-w-dobrzykowie-grupa-biedronki-i-smerfy-08-05-25\\\/#article\",\"isPartOf\":{\"@id\":\"https:\\\/\\\/biblioteka-gabin.pl\\\/index.php\\\/2025\\\/05\\\/09\\\/spotkanie-z-bajka-w-przedszkolu-w-dobrzykowie-grupa-biedronki-i-smerfy-08-05-25\\\/\"},\"author\":{\"name\":\"admin\",\"@id\":\"https:\\\/\\\/biblioteka-gabin.pl\\\/#\\\/schema\\\/person\\\/2067b97c24663d987ef6ef95bed7c99a\"},\"headline\":\"&#8222;Spotkanie z bajk\u0105&#8221; w Przedszkolu w Dobrzykowie- grupa &#8222;Biedronki&#8221; i &#8222;Smerfy&#8221; (08.05.25)\",\"datePublished\":\"2025-05-09T00:00:00+00:00\",\"mainEntityOfPage\":{\"@id\":\"https:\\\/\\\/biblioteka-gabin.pl\\\/index.php\\\/2025\\\/05\\\/09\\\/spotkanie-z-bajka-w-przedszkolu-w-dobrzykowie-grupa-biedronki-i-smerfy-08-05-25\\\/\"},\"wordCount\":480,\"commentCount\":0,\"publisher\":{\"@id\":\"https:\\\/\\\/biblioteka-gabin.pl\\\/#organization\"},\"image\":{\"@id\":\"https:\\\/\\\/biblioteka-gabin.pl\\\/index.php\\\/2025\\\/05\\\/09\\\/spotkanie-z-bajka-w-przedszkolu-w-dobrzykowie-grupa-biedronki-i-smerfy-08-05-25\\\/#primaryimage\"},\"thumbnailUrl\":\"https:\\\/\\\/biblioteka-gabin.pl\\\/wp-content\\\/uploads\\\/archive\\\/pliki\\\/obraz\\\/2025\\\/maj\\\/dobrz.jpg\",\"articleSection\":[\"Main\"],\"inLanguage\":\"pl-PL\",\"potentialAction\":[{\"@type\":\"CommentAction\",\"name\":\"Comment\",\"target\":[\"https:\\\/\\\/biblioteka-gabin.pl\\\/index.php\\\/2025\\\/05\\\/09\\\/spotkanie-z-bajka-w-przedszkolu-w-dobrzykowie-grupa-biedronki-i-smerfy-08-05-25\\\/#respond\"]}]},{\"@type\":\"WebPage\",\"@id\":\"https:\\\/\\\/biblioteka-gabin.pl\\\/index.php\\\/2025\\\/05\\\/09\\\/spotkanie-z-bajka-w-przedszkolu-w-dobrzykowie-grupa-biedronki-i-smerfy-08-05-25\\\/\",\"url\":\"https:\\\/\\\/biblioteka-gabin.pl\\\/index.php\\\/2025\\\/05\\\/09\\\/spotkanie-z-bajka-w-przedszkolu-w-dobrzykowie-grupa-biedronki-i-smerfy-08-05-25\\\/\",\"name\":\"\\\"Spotkanie z bajk\u0105\\\" w Przedszkolu w Dobrzykowie- grupa \\\"Biedronki\\\" i \\\"Smerfy\\\" (08.05.25) - Miejsko-Gminna Biblioteka Publiczna w G\u0105binie\",\"isPartOf\":{\"@id\":\"https:\\\/\\\/biblioteka-gabin.pl\\\/#website\"},\"primaryImageOfPage\":{\"@id\":\"https:\\\/\\\/biblioteka-gabin.pl\\\/index.php\\\/2025\\\/05\\\/09\\\/spotkanie-z-bajka-w-przedszkolu-w-dobrzykowie-grupa-biedronki-i-smerfy-08-05-25\\\/#primaryimage\"},\"image\":{\"@id\":\"https:\\\/\\\/biblioteka-gabin.pl\\\/index.php\\\/2025\\\/05\\\/09\\\/spotkanie-z-bajka-w-przedszkolu-w-dobrzykowie-grupa-biedronki-i-smerfy-08-05-25\\\/#primaryimage\"},\"thumbnailUrl\":\"https:\\\/\\\/biblioteka-gabin.pl\\\/wp-content\\\/uploads\\\/archive\\\/pliki\\\/obraz\\\/2025\\\/maj\\\/dobrz.jpg\",\"datePublished\":\"2025-05-09T00:00:00+00:00\",\"breadcrumb\":{\"@id\":\"https:\\\/\\\/biblioteka-gabin.pl\\\/index.php\\\/2025\\\/05\\\/09\\\/spotkanie-z-bajka-w-przedszkolu-w-dobrzykowie-grupa-biedronki-i-smerfy-08-05-25\\\/#breadcrumb\"},\"inLanguage\":\"pl-PL\",\"potentialAction\":[{\"@type\":\"ReadAction\",\"target\":[\"https:\\\/\\\/biblioteka-gabin.pl\\\/index.php\\\/2025\\\/05\\\/09\\\/spotkanie-z-bajka-w-przedszkolu-w-dobrzykowie-grupa-biedronki-i-smerfy-08-05-25\\\/\"]}]},{\"@type\":\"ImageObject\",\"inLanguage\":\"pl-PL\",\"@id\":\"https:\\\/\\\/biblioteka-gabin.pl\\\/index.php\\\/2025\\\/05\\\/09\\\/spotkanie-z-bajka-w-przedszkolu-w-dobrzykowie-grupa-biedronki-i-smerfy-08-05-25\\\/#primaryimage\",\"url\":\"https:\\\/\\\/biblioteka-gabin.pl\\\/wp-content\\\/uploads\\\/archive\\\/pliki\\\/obraz\\\/2025\\\/maj\\\/dobrz.jpg\",\"contentUrl\":\"https:\\\/\\\/biblioteka-gabin.pl\\\/wp-content\\\/uploads\\\/archive\\\/pliki\\\/obraz\\\/2025\\\/maj\\\/dobrz.jpg\"},{\"@type\":\"BreadcrumbList\",\"@id\":\"https:\\\/\\\/biblioteka-gabin.pl\\\/index.php\\\/2025\\\/05\\\/09\\\/spotkanie-z-bajka-w-przedszkolu-w-dobrzykowie-grupa-biedronki-i-smerfy-08-05-25\\\/#breadcrumb\",\"itemListElement\":[{\"@type\":\"ListItem\",\"position\":1,\"name\":\"Strona g\u0142\u00f3wna\",\"item\":\"https:\\\/\\\/biblioteka-gabin.pl\\\/\"},{\"@type\":\"ListItem\",\"position\":2,\"name\":\"&#8222;Spotkanie z bajk\u0105&#8221; w Przedszkolu w Dobrzykowie- grupa &#8222;Biedronki&#8221; i &#8222;Smerfy&#8221; (08.05.25)\"}]},{\"@type\":\"WebSite\",\"@id\":\"https:\\\/\\\/biblioteka-gabin.pl\\\/#website\",\"url\":\"https:\\\/\\\/biblioteka-gabin.pl\\\/\",\"name\":\"Miejsko-Gminna Biblioteka Publiczna w G\u0105binie\",\"description\":\"\",\"publisher\":{\"@id\":\"https:\\\/\\\/biblioteka-gabin.pl\\\/#organization\"},\"potentialAction\":[{\"@type\":\"SearchAction\",\"target\":{\"@type\":\"EntryPoint\",\"urlTemplate\":\"https:\\\/\\\/biblioteka-gabin.pl\\\/?s={search_term_string}\"},\"query-input\":{\"@type\":\"PropertyValueSpecification\",\"valueRequired\":true,\"valueName\":\"search_term_string\"}}],\"inLanguage\":\"pl-PL\"},{\"@type\":\"Organization\",\"@id\":\"https:\\\/\\\/biblioteka-gabin.pl\\\/#organization\",\"name\":\"Miejsko-Gminna Biblioteka Publiczna w G\u0105binie\",\"url\":\"https:\\\/\\\/biblioteka-gabin.pl\\\/\",\"logo\":{\"@type\":\"ImageObject\",\"inLanguage\":\"pl-PL\",\"@id\":\"https:\\\/\\\/biblioteka-gabin.pl\\\/#\\\/schema\\\/logo\\\/image\\\/\",\"url\":\"https:\\\/\\\/biblioteka-gabin.pl\\\/wp-content\\\/uploads\\\/2025\\\/03\\\/logo-biblioteka-2-1657013691-1.jpg\",\"contentUrl\":\"https:\\\/\\\/biblioteka-gabin.pl\\\/wp-content\\\/uploads\\\/2025\\\/03\\\/logo-biblioteka-2-1657013691-1.jpg\",\"width\":1600,\"height\":772,\"caption\":\"Miejsko-Gminna Biblioteka Publiczna w G\u0105binie\"},\"image\":{\"@id\":\"https:\\\/\\\/biblioteka-gabin.pl\\\/#\\\/schema\\\/logo\\\/image\\\/\"},\"sameAs\":[\"https:\\\/\\\/www.facebook.com\\\/bibliotekagabin\",\"https:\\\/\\\/www.youtube.com\\\/@mgbpgabin9392\"]},{\"@type\":\"Person\",\"@id\":\"https:\\\/\\\/biblioteka-gabin.pl\\\/#\\\/schema\\\/person\\\/2067b97c24663d987ef6ef95bed7c99a\",\"name\":\"admin\",\"image\":{\"@type\":\"ImageObject\",\"inLanguage\":\"pl-PL\",\"@id\":\"https:\\\/\\\/secure.gravatar.com\\\/avatar\\\/e1843904e97b4e376a0fc90ae10372cd31bce9b207a7a3d2ca68fc7ca7e4174c?s=96&d=mm&r=g\",\"url\":\"https:\\\/\\\/secure.gravatar.com\\\/avatar\\\/e1843904e97b4e376a0fc90ae10372cd31bce9b207a7a3d2ca68fc7ca7e4174c?s=96&d=mm&r=g\",\"contentUrl\":\"https:\\\/\\\/secure.gravatar.com\\\/avatar\\\/e1843904e97b4e376a0fc90ae10372cd31bce9b207a7a3d2ca68fc7ca7e4174c?s=96&d=mm&r=g\",\"caption\":\"admin\"},\"sameAs\":[\"http:\\\/\\\/strona.biblioteka-gabin.pl\"],\"url\":\"http:\\\/\\\/biblioteka-gabin.pl\\\/index.php\\\/author\\\/admin\\\/\"}]}<\/script>\n<!-- \/ Yoast SEO plugin. -->","yoast_head_json":{"title":"\"Spotkanie z bajk\u0105\" w Przedszkolu w Dobrzykowie- grupa \"Biedronki\" i \"Smerfy\" (08.05.25) - Miejsko-Gminna Biblioteka Publiczna w G\u0105binie","robots":{"index":"index","follow":"follow","max-snippet":"max-snippet:-1","max-image-preview":"max-image-preview:large","max-video-preview":"max-video-preview:-1"},"canonical":"https:\/\/biblioteka-gabin.pl\/index.php\/2025\/05\/09\/spotkanie-z-bajka-w-przedszkolu-w-dobrzykowie-grupa-biedronki-i-smerfy-08-05-25\/","og_locale":"pl_PL","og_type":"article","og_title":"\"Spotkanie z bajk\u0105\" w Przedszkolu w Dobrzykowie- grupa \"Biedronki\" i \"Smerfy\" (08.05.25) - Miejsko-Gminna Biblioteka Publiczna w G\u0105binie","og_description":",,Dzi\u0119kujemy za dzisiejsze spotkanie\u201d \u2013 us\u0142ysza\u0142a na ko\u0144cu zaj\u0119\u0107 bibliotekarka","og_url":"https:\/\/biblioteka-gabin.pl\/index.php\/2025\/05\/09\/spotkanie-z-bajka-w-przedszkolu-w-dobrzykowie-grupa-biedronki-i-smerfy-08-05-25\/","og_site_name":"Miejsko-Gminna Biblioteka Publiczna w G\u0105binie","article_publisher":"https:\/\/www.facebook.com\/bibliotekagabin","article_published_time":"2025-05-09T00:00:00+00:00","og_image":[{"url":"https:\/\/biblioteka-gabin.pl\/wp-content\/uploads\/archive\/pliki\/obraz\/2025\/maj\/dobrz.jpg","type":"","width":"","height":""}],"author":"admin","twitter_card":"summary_large_image","twitter_misc":{"Napisane przez":"admin","Szacowany czas czytania":"2 minuty"},"schema":{"@context":"https:\/\/schema.org","@graph":[{"@type":"Article","@id":"https:\/\/biblioteka-gabin.pl\/index.php\/2025\/05\/09\/spotkanie-z-bajka-w-przedszkolu-w-dobrzykowie-grupa-biedronki-i-smerfy-08-05-25\/#article","isPartOf":{"@id":"https:\/\/biblioteka-gabin.pl\/index.php\/2025\/05\/09\/spotkanie-z-bajka-w-przedszkolu-w-dobrzykowie-grupa-biedronki-i-smerfy-08-05-25\/"},"author":{"name":"admin","@id":"https:\/\/biblioteka-gabin.pl\/#\/schema\/person\/2067b97c24663d987ef6ef95bed7c99a"},"headline":"&#8222;Spotkanie z bajk\u0105&#8221; w Przedszkolu w Dobrzykowie- grupa &#8222;Biedronki&#8221; i &#8222;Smerfy&#8221; (08.05.25)","datePublished":"2025-05-09T00:00:00+00:00","mainEntityOfPage":{"@id":"https:\/\/biblioteka-gabin.pl\/index.php\/2025\/05\/09\/spotkanie-z-bajka-w-przedszkolu-w-dobrzykowie-grupa-biedronki-i-smerfy-08-05-25\/"},"wordCount":480,"commentCount":0,"publisher":{"@id":"https:\/\/biblioteka-gabin.pl\/#organization"},"image":{"@id":"https:\/\/biblioteka-gabin.pl\/index.php\/2025\/05\/09\/spotkanie-z-bajka-w-przedszkolu-w-dobrzykowie-grupa-biedronki-i-smerfy-08-05-25\/#primaryimage"},"thumbnailUrl":"https:\/\/biblioteka-gabin.pl\/wp-content\/uploads\/archive\/pliki\/obraz\/2025\/maj\/dobrz.jpg","articleSection":["Main"],"inLanguage":"pl-PL","potentialAction":[{"@type":"CommentAction","name":"Comment","target":["https:\/\/biblioteka-gabin.pl\/index.php\/2025\/05\/09\/spotkanie-z-bajka-w-przedszkolu-w-dobrzykowie-grupa-biedronki-i-smerfy-08-05-25\/#respond"]}]},{"@type":"WebPage","@id":"https:\/\/biblioteka-gabin.pl\/index.php\/2025\/05\/09\/spotkanie-z-bajka-w-przedszkolu-w-dobrzykowie-grupa-biedronki-i-smerfy-08-05-25\/","url":"https:\/\/biblioteka-gabin.pl\/index.php\/2025\/05\/09\/spotkanie-z-bajka-w-przedszkolu-w-dobrzykowie-grupa-biedronki-i-smerfy-08-05-25\/","name":"\"Spotkanie z bajk\u0105\" w Przedszkolu w Dobrzykowie- grupa \"Biedronki\" i \"Smerfy\" (08.05.25) - Miejsko-Gminna Biblioteka Publiczna w G\u0105binie","isPartOf":{"@id":"https:\/\/biblioteka-gabin.pl\/#website"},"primaryImageOfPage":{"@id":"https:\/\/biblioteka-gabin.pl\/index.php\/2025\/05\/09\/spotkanie-z-bajka-w-przedszkolu-w-dobrzykowie-grupa-biedronki-i-smerfy-08-05-25\/#primaryimage"},"image":{"@id":"https:\/\/biblioteka-gabin.pl\/index.php\/2025\/05\/09\/spotkanie-z-bajka-w-przedszkolu-w-dobrzykowie-grupa-biedronki-i-smerfy-08-05-25\/#primaryimage"},"thumbnailUrl":"https:\/\/biblioteka-gabin.pl\/wp-content\/uploads\/archive\/pliki\/obraz\/2025\/maj\/dobrz.jpg","datePublished":"2025-05-09T00:00:00+00:00","breadcrumb":{"@id":"https:\/\/biblioteka-gabin.pl\/index.php\/2025\/05\/09\/spotkanie-z-bajka-w-przedszkolu-w-dobrzykowie-grupa-biedronki-i-smerfy-08-05-25\/#breadcrumb"},"inLanguage":"pl-PL","potentialAction":[{"@type":"ReadAction","target":["https:\/\/biblioteka-gabin.pl\/index.php\/2025\/05\/09\/spotkanie-z-bajka-w-przedszkolu-w-dobrzykowie-grupa-biedronki-i-smerfy-08-05-25\/"]}]},{"@type":"ImageObject","inLanguage":"pl-PL","@id":"https:\/\/biblioteka-gabin.pl\/index.php\/2025\/05\/09\/spotkanie-z-bajka-w-przedszkolu-w-dobrzykowie-grupa-biedronki-i-smerfy-08-05-25\/#primaryimage","url":"https:\/\/biblioteka-gabin.pl\/wp-content\/uploads\/archive\/pliki\/obraz\/2025\/maj\/dobrz.jpg","contentUrl":"https:\/\/biblioteka-gabin.pl\/wp-content\/uploads\/archive\/pliki\/obraz\/2025\/maj\/dobrz.jpg"},{"@type":"BreadcrumbList","@id":"https:\/\/biblioteka-gabin.pl\/index.php\/2025\/05\/09\/spotkanie-z-bajka-w-przedszkolu-w-dobrzykowie-grupa-biedronki-i-smerfy-08-05-25\/#breadcrumb","itemListElement":[{"@type":"ListItem","position":1,"name":"Strona g\u0142\u00f3wna","item":"https:\/\/biblioteka-gabin.pl\/"},{"@type":"ListItem","position":2,"name":"&#8222;Spotkanie z bajk\u0105&#8221; w Przedszkolu w Dobrzykowie- grupa &#8222;Biedronki&#8221; i &#8222;Smerfy&#8221; (08.05.25)"}]},{"@type":"WebSite","@id":"https:\/\/biblioteka-gabin.pl\/#website","url":"https:\/\/biblioteka-gabin.pl\/","name":"Miejsko-Gminna Biblioteka Publiczna w G\u0105binie","description":"","publisher":{"@id":"https:\/\/biblioteka-gabin.pl\/#organization"},"potentialAction":[{"@type":"SearchAction","target":{"@type":"EntryPoint","urlTemplate":"https:\/\/biblioteka-gabin.pl\/?s={search_term_string}"},"query-input":{"@type":"PropertyValueSpecification","valueRequired":true,"valueName":"search_term_string"}}],"inLanguage":"pl-PL"},{"@type":"Organization","@id":"https:\/\/biblioteka-gabin.pl\/#organization","name":"Miejsko-Gminna Biblioteka Publiczna w G\u0105binie","url":"https:\/\/biblioteka-gabin.pl\/","logo":{"@type":"ImageObject","inLanguage":"pl-PL","@id":"https:\/\/biblioteka-gabin.pl\/#\/schema\/logo\/image\/","url":"https:\/\/biblioteka-gabin.pl\/wp-content\/uploads\/2025\/03\/logo-biblioteka-2-1657013691-1.jpg","contentUrl":"https:\/\/biblioteka-gabin.pl\/wp-content\/uploads\/2025\/03\/logo-biblioteka-2-1657013691-1.jpg","width":1600,"height":772,"caption":"Miejsko-Gminna Biblioteka Publiczna w G\u0105binie"},"image":{"@id":"https:\/\/biblioteka-gabin.pl\/#\/schema\/logo\/image\/"},"sameAs":["https:\/\/www.facebook.com\/bibliotekagabin","https:\/\/www.youtube.com\/@mgbpgabin9392"]},{"@type":"Person","@id":"https:\/\/biblioteka-gabin.pl\/#\/schema\/person\/2067b97c24663d987ef6ef95bed7c99a","name":"admin","image":{"@type":"ImageObject","inLanguage":"pl-PL","@id":"https:\/\/secure.gravatar.com\/avatar\/e1843904e97b4e376a0fc90ae10372cd31bce9b207a7a3d2ca68fc7ca7e4174c?s=96&d=mm&r=g","url":"https:\/\/secure.gravatar.com\/avatar\/e1843904e97b4e376a0fc90ae10372cd31bce9b207a7a3d2ca68fc7ca7e4174c?s=96&d=mm&r=g","contentUrl":"https:\/\/secure.gravatar.com\/avatar\/e1843904e97b4e376a0fc90ae10372cd31bce9b207a7a3d2ca68fc7ca7e4174c?s=96&d=mm&r=g","caption":"admin"},"sameAs":["http:\/\/strona.biblioteka-gabin.pl"],"url":"http:\/\/biblioteka-gabin.pl\/index.php\/author\/admin\/"}]}},"_links":{"self":[{"href":"http:\/\/biblioteka-gabin.pl\/index.php\/wp-json\/wp\/v2\/posts\/8499","targetHints":{"allow":["GET"]}}],"collection":[{"href":"http:\/\/biblioteka-gabin.pl\/index.php\/wp-json\/wp\/v2\/posts"}],"about":[{"href":"http:\/\/biblioteka-gabin.pl\/index.php\/wp-json\/wp\/v2\/types\/post"}],"author":[{"embeddable":true,"href":"http:\/\/biblioteka-gabin.pl\/index.php\/wp-json\/wp\/v2\/users\/1"}],"replies":[{"embeddable":true,"href":"http:\/\/biblioteka-gabin.pl\/index.php\/wp-json\/wp\/v2\/comments?post=8499"}],"version-history":[{"count":0,"href":"http:\/\/biblioteka-gabin.pl\/index.php\/wp-json\/wp\/v2\/posts\/8499\/revisions"}],"wp:attachment":[{"href":"http:\/\/biblioteka-gabin.pl\/index.php\/wp-json\/wp\/v2\/media?parent=8499"}],"wp:term":[{"taxonomy":"category","embeddable":true,"href":"http:\/\/biblioteka-gabin.pl\/index.php\/wp-json\/wp\/v2\/categories?post=8499"},{"taxonomy":"post_tag","embeddable":true,"href":"http:\/\/biblioteka-gabin.pl\/index.php\/wp-json\/wp\/v2\/tags?post=8499"}],"curies":[{"name":"wp","href":"https:\/\/api.w.org\/{rel}","templated":true}]}}