{"id":8500,"date":"2025-05-12T00:00:00","date_gmt":"2025-05-12T00:00:00","guid":{"rendered":"https:\/\/biblioteka-gabin.pl\/index.php\/2025\/05\/12\/spotkanie-z-bajka-w-przedszkolu-w-dobrzykowie-z-grupa-sow-i-jagodek-10-04-2025\/"},"modified":"2025-05-12T00:00:00","modified_gmt":"2025-05-12T00:00:00","slug":"spotkanie-z-bajka-w-przedszkolu-w-dobrzykowie-z-grupa-sow-i-jagodek-10-04-2025","status":"publish","type":"post","link":"http:\/\/biblioteka-gabin.pl\/index.php\/2025\/05\/12\/spotkanie-z-bajka-w-przedszkolu-w-dobrzykowie-z-grupa-sow-i-jagodek-10-04-2025\/","title":{"rendered":"&#8222;Spotkanie z bajk\u0105&#8221; w Przedszkolu w Dobrzykowie z grup\u0105 &#8222;S\u00f3w&#8221; i &#8222;Jag\u00f3dek&#8221; (10.04.2025)"},"content":{"rendered":"<p>Przyozdobione jaskrawym flamastrem, br\u0105zowe, szare, brokatowe, a nawet z cierpliwie i precyzyjnie wykonanymi na brzuchu kolorami t\u0119czy \u2013 by\u0142y pomalowane szablony ,,Wielkanocnych zaj\u0105czk\u00f3w\u201d przyniesionych na zaj\u0119cia w Przedszkolu Samorz\u0105dowym w Dobrzykowie z okazji przypadaj\u0105cego ,,Spotkania z bajk\u0105&#8221;.<br \/>\nW jednej jak i drugiej grupie spotkania by\u0142y po\u015bwi\u0119cone tematowi \u015awi\u0105t. ,,Jag\u00f3dki\u201d i ,,Sowy\u201d sprawnie i b\u0142yskotliwie odpowiada\u0142y na pytania z ksi\u0105\u017cki ,,Zagadki dla dzieci\u201d Grzegorza Strzebo\u0144skiego i stron edukacyjnych. Dzieci odgad\u0142y wszystkie zagadki a w\u015br\u00f3d hase\u0142 do rozwi\u0105zania znajdowa\u0142y si\u0119: rze\u017cucha, wiosna, bazie, obrus, pisanki, zaj\u0105czek i baranek Wielkanocy.<br \/>\nNast\u0119pnie, po odgadni\u0119ciu \u0142amig\u0142\u00f3wek uczestnicy spotka\u0144 przy d\u017awi\u0119kach piosenek pt. ,,Nasz zaj\u0105czek\u201d i ,,Wielkanoc tu\u017c, tu\u017c!\u201d pomalowa\u0142y przygotowane wcze\u015bniej szablony. Obrazki przedstawia\u0142y u\u015bmiechni\u0119te zaj\u0105czki z \u015bwi\u0105tecznymi symbolami oraz pisanki. Wielk\u0105 rado\u015bci\u0105 by\u0142o, \u017ce dzieciom nie wystarczy\u0142a jedna kolorowanka, ale niekt\u00f3re poprosi\u0142y o drug\u0105 a jeszcze inne chcia\u0142y, aby ,,ciocia\u201d \u2013 w takim spos\u00f3b cz\u0119sto dzieci nazywaj\u0105 panie bibliotekarki, kt\u00f3re prowadz\u0105 im zaj\u0119cia \u2013 da\u0142a im dodatkow\u0105 do domu.<br \/>\nBaranek wielkanocny, mazurek, pisanki, palma, zaj\u0105czek, ,,Lany Poniedzia\u0142ek\u201d \u2013 wypowiada\u0142y powoli dzieci, sceny widoczne na zdj\u0119ciach umieszczonych na specjalnej tablicy.<br \/>\nPonadto bibliotekarka poprosi\u0142a dzieci ze starszej grupy ,,Sowy\u201d, \u017ceby opowiedzia\u0142y o tradycjach i zwyczajach, kt\u00f3re panuj\u0105 zazwyczaj w ich domach z okazji jednych z najcz\u0119\u015bciej obchodzonych \u015awi\u0105t w Polsce. Dodatkowo zaproponowa\u0142a, \u017ceby ka\u017cdy wymieni\u0142 chocia\u017c jeden wielkanocny obrz\u0119d. ,,Do mojego domu w najbli\u017cszy pi\u0105tek przyjdzie zaj\u0105czek i przyniesie ma\u0142ego szczeniaczka!\u201d; ,,A ja ju\u017c mam szczeniaczka!\u2019 \u2013 przekrzykiwa\u0142 kto\u015b inny, ,,U nas w domu wczoraj przygotowywali\u015bmy koszyczek.\u201d \u2013 doda\u0142a drobna u\u015bmiechni\u0119ta 5-latka,, ,,My te\u017c b\u0119dziemy szli ze \u015bwi\u0119conk\u0105.\u201d \u2013 dope\u0142ni\u0142 ch\u0142opiec o  br\u0105zowych w\u0142osach.<br \/>\n,,Rze\u017cucha\u201d i ,,Bazie\u201d by\u0142y chyba najtrudniejszymi dla ma\u0142ych my\u015blicieli has\u0142ami, kt\u00f3re by\u0142y przygotowane na zaj\u0119cia do odgadni\u0119cia. Jednak pomimo nie tak niskiego poziomu trudno\u015bci wybranych \u0142amig\u0142\u00f3wek dzieciom posz\u0142y bardzo szybko!<br \/>\nBardzo cieszy fakt, \u017ce najm\u0142odsi s\u0142uchacze tak ch\u0119tnie wzi\u0119li udzia\u0142 w dzisiejszych (10.04) spotkaniach, powiedzieli o ,,Wielkanocy w swoim domu\u201d i ju\u017c wcze\u015bniej byli dobrze poinformowani odno\u015bnie do poruszonego tematu. To oznacza, \u017ce nadchodz\u0105ce \u015awi\u0119ta nie s\u0105 im oboj\u0119tne a niekt\u00f3re tradycje maj\u0105 szans\u0119 przetrwa\u0107 bardzo d\u0142ugo. Bibliotekarka by\u0142a poruszona bogactwem ich wiedzy.<br \/>\nNajbli\u017csze ,,Spotkanie z bajk\u0105\u201d w Przedszkolu Samorz\u0105dowym w Dobrzykowie przypadnie prawdopodobnie ju\u017c w jednym z najpi\u0119kniejszych miesi\u0119cy roku, czyli w maju. ,,Do zobaczenia i przeczytania\u201d<br \/>\nOpr. Karolina K\u0119dzia<br \/>\n<img src='https:\/\/biblioteka-gabin.pl\/wp-content\/uploads\/archive\/pliki\/obraz\/2025\/maj\/dobrzykow_4.jpg'><br \/>\n<a href='https:\/\/biblioteka-gabin.pl\/wp-content\/uploads\/archive\/g'>g<\/a><br \/>\n<a href='https:\/\/biblioteka-gabin.pl\/wp-content\/uploads\/archive\/g'>g<\/a><br \/>\n<a href='https:\/\/biblioteka-gabin.pl\/wp-content\/uploads\/archive\/g'>g<\/a><br \/>\n<a href='https:\/\/biblioteka-gabin.pl\/wp-content\/uploads\/archive\/g'>g<\/a><br \/>\n<a href='https:\/\/biblioteka-gabin.pl\/wp-content\/uploads\/archive\/g'>g<\/a><br \/>\n<a href='https:\/\/biblioteka-gabin.pl\/wp-content\/uploads\/archive\/g'>g<\/a><br \/>\n<a href='https:\/\/biblioteka-gabin.pl\/wp-content\/uploads\/archive\/g'>g<\/a><br \/>\n<a href='https:\/\/biblioteka-gabin.pl\/wp-content\/uploads\/archive\/g'>g<\/a><\/p>\n","protected":false},"excerpt":{"rendered":"<p>Przyozdobione jaskrawym flamastrem, br\u0105zowe, szare, brokatowe, a nawet z cierpliwie<\/p>\n","protected":false},"author":1,"featured_media":0,"comment_status":"open","ping_status":"open","sticky":false,"template":"","format":"standard","meta":{"footnotes":""},"categories":[36],"tags":[],"class_list":["post-8500","post","type-post","status-publish","format-standard","hentry","category-main"],"yoast_head":"<!-- This site is optimized with the Yoast SEO plugin v27.4 - https:\/\/yoast.com\/product\/yoast-seo-wordpress\/ -->\n<title>&quot;Spotkanie z bajk\u0105&quot; w Przedszkolu w Dobrzykowie z grup\u0105 &quot;S\u00f3w&quot; i &quot;Jag\u00f3dek&quot; (10.04.2025) - Miejsko-Gminna Biblioteka Publiczna w G\u0105binie<\/title>\n<meta name=\"robots\" content=\"index, follow, max-snippet:-1, max-image-preview:large, max-video-preview:-1\" \/>\n<link rel=\"canonical\" href=\"http:\/\/biblioteka-gabin.pl\/index.php\/2025\/05\/12\/spotkanie-z-bajka-w-przedszkolu-w-dobrzykowie-z-grupa-sow-i-jagodek-10-04-2025\/\" \/>\n<meta property=\"og:locale\" content=\"pl_PL\" \/>\n<meta property=\"og:type\" content=\"article\" \/>\n<meta property=\"og:title\" content=\"&quot;Spotkanie z bajk\u0105&quot; w Przedszkolu w Dobrzykowie z grup\u0105 &quot;S\u00f3w&quot; i &quot;Jag\u00f3dek&quot; (10.04.2025) - Miejsko-Gminna Biblioteka Publiczna w G\u0105binie\" \/>\n<meta property=\"og:description\" content=\"Przyozdobione jaskrawym flamastrem, br\u0105zowe, szare, brokatowe, a nawet z cierpliwie\" \/>\n<meta property=\"og:url\" content=\"http:\/\/biblioteka-gabin.pl\/index.php\/2025\/05\/12\/spotkanie-z-bajka-w-przedszkolu-w-dobrzykowie-z-grupa-sow-i-jagodek-10-04-2025\/\" \/>\n<meta property=\"og:site_name\" content=\"Miejsko-Gminna Biblioteka Publiczna w G\u0105binie\" \/>\n<meta property=\"article:publisher\" content=\"https:\/\/www.facebook.com\/bibliotekagabin\" \/>\n<meta property=\"article:published_time\" content=\"2025-05-12T00:00:00+00:00\" \/>\n<meta property=\"og:image\" content=\"https:\/\/biblioteka-gabin.pl\/wp-content\/uploads\/archive\/pliki\/obraz\/2025\/maj\/dobrzykow_4.jpg\" \/>\n<meta name=\"author\" content=\"admin\" \/>\n<meta name=\"twitter:card\" content=\"summary_large_image\" \/>\n<meta name=\"twitter:label1\" content=\"Napisane przez\" \/>\n\t<meta name=\"twitter:data1\" content=\"admin\" \/>\n\t<meta name=\"twitter:label2\" content=\"Szacowany czas czytania\" \/>\n\t<meta name=\"twitter:data2\" content=\"2 minuty\" \/>\n<script type=\"application\/ld+json\" class=\"yoast-schema-graph\">{\"@context\":\"https:\\\/\\\/schema.org\",\"@graph\":[{\"@type\":\"Article\",\"@id\":\"http:\\\/\\\/biblioteka-gabin.pl\\\/index.php\\\/2025\\\/05\\\/12\\\/spotkanie-z-bajka-w-przedszkolu-w-dobrzykowie-z-grupa-sow-i-jagodek-10-04-2025\\\/#article\",\"isPartOf\":{\"@id\":\"http:\\\/\\\/biblioteka-gabin.pl\\\/index.php\\\/2025\\\/05\\\/12\\\/spotkanie-z-bajka-w-przedszkolu-w-dobrzykowie-z-grupa-sow-i-jagodek-10-04-2025\\\/\"},\"author\":{\"name\":\"admin\",\"@id\":\"https:\\\/\\\/biblioteka-gabin.pl\\\/#\\\/schema\\\/person\\\/2067b97c24663d987ef6ef95bed7c99a\"},\"headline\":\"&#8222;Spotkanie z bajk\u0105&#8221; w Przedszkolu w Dobrzykowie z grup\u0105 &#8222;S\u00f3w&#8221; i &#8222;Jag\u00f3dek&#8221; (10.04.2025)\",\"datePublished\":\"2025-05-12T00:00:00+00:00\",\"mainEntityOfPage\":{\"@id\":\"http:\\\/\\\/biblioteka-gabin.pl\\\/index.php\\\/2025\\\/05\\\/12\\\/spotkanie-z-bajka-w-przedszkolu-w-dobrzykowie-z-grupa-sow-i-jagodek-10-04-2025\\\/\"},\"wordCount\":486,\"commentCount\":0,\"publisher\":{\"@id\":\"https:\\\/\\\/biblioteka-gabin.pl\\\/#organization\"},\"image\":{\"@id\":\"http:\\\/\\\/biblioteka-gabin.pl\\\/index.php\\\/2025\\\/05\\\/12\\\/spotkanie-z-bajka-w-przedszkolu-w-dobrzykowie-z-grupa-sow-i-jagodek-10-04-2025\\\/#primaryimage\"},\"thumbnailUrl\":\"https:\\\/\\\/biblioteka-gabin.pl\\\/wp-content\\\/uploads\\\/archive\\\/pliki\\\/obraz\\\/2025\\\/maj\\\/dobrzykow_4.jpg\",\"articleSection\":[\"Main\"],\"inLanguage\":\"pl-PL\",\"potentialAction\":[{\"@type\":\"CommentAction\",\"name\":\"Comment\",\"target\":[\"http:\\\/\\\/biblioteka-gabin.pl\\\/index.php\\\/2025\\\/05\\\/12\\\/spotkanie-z-bajka-w-przedszkolu-w-dobrzykowie-z-grupa-sow-i-jagodek-10-04-2025\\\/#respond\"]}]},{\"@type\":\"WebPage\",\"@id\":\"http:\\\/\\\/biblioteka-gabin.pl\\\/index.php\\\/2025\\\/05\\\/12\\\/spotkanie-z-bajka-w-przedszkolu-w-dobrzykowie-z-grupa-sow-i-jagodek-10-04-2025\\\/\",\"url\":\"http:\\\/\\\/biblioteka-gabin.pl\\\/index.php\\\/2025\\\/05\\\/12\\\/spotkanie-z-bajka-w-przedszkolu-w-dobrzykowie-z-grupa-sow-i-jagodek-10-04-2025\\\/\",\"name\":\"\\\"Spotkanie z bajk\u0105\\\" w Przedszkolu w Dobrzykowie z grup\u0105 \\\"S\u00f3w\\\" i \\\"Jag\u00f3dek\\\" (10.04.2025) - Miejsko-Gminna Biblioteka Publiczna w G\u0105binie\",\"isPartOf\":{\"@id\":\"https:\\\/\\\/biblioteka-gabin.pl\\\/#website\"},\"primaryImageOfPage\":{\"@id\":\"http:\\\/\\\/biblioteka-gabin.pl\\\/index.php\\\/2025\\\/05\\\/12\\\/spotkanie-z-bajka-w-przedszkolu-w-dobrzykowie-z-grupa-sow-i-jagodek-10-04-2025\\\/#primaryimage\"},\"image\":{\"@id\":\"http:\\\/\\\/biblioteka-gabin.pl\\\/index.php\\\/2025\\\/05\\\/12\\\/spotkanie-z-bajka-w-przedszkolu-w-dobrzykowie-z-grupa-sow-i-jagodek-10-04-2025\\\/#primaryimage\"},\"thumbnailUrl\":\"https:\\\/\\\/biblioteka-gabin.pl\\\/wp-content\\\/uploads\\\/archive\\\/pliki\\\/obraz\\\/2025\\\/maj\\\/dobrzykow_4.jpg\",\"datePublished\":\"2025-05-12T00:00:00+00:00\",\"breadcrumb\":{\"@id\":\"http:\\\/\\\/biblioteka-gabin.pl\\\/index.php\\\/2025\\\/05\\\/12\\\/spotkanie-z-bajka-w-przedszkolu-w-dobrzykowie-z-grupa-sow-i-jagodek-10-04-2025\\\/#breadcrumb\"},\"inLanguage\":\"pl-PL\",\"potentialAction\":[{\"@type\":\"ReadAction\",\"target\":[\"http:\\\/\\\/biblioteka-gabin.pl\\\/index.php\\\/2025\\\/05\\\/12\\\/spotkanie-z-bajka-w-przedszkolu-w-dobrzykowie-z-grupa-sow-i-jagodek-10-04-2025\\\/\"]}]},{\"@type\":\"ImageObject\",\"inLanguage\":\"pl-PL\",\"@id\":\"http:\\\/\\\/biblioteka-gabin.pl\\\/index.php\\\/2025\\\/05\\\/12\\\/spotkanie-z-bajka-w-przedszkolu-w-dobrzykowie-z-grupa-sow-i-jagodek-10-04-2025\\\/#primaryimage\",\"url\":\"https:\\\/\\\/biblioteka-gabin.pl\\\/wp-content\\\/uploads\\\/archive\\\/pliki\\\/obraz\\\/2025\\\/maj\\\/dobrzykow_4.jpg\",\"contentUrl\":\"https:\\\/\\\/biblioteka-gabin.pl\\\/wp-content\\\/uploads\\\/archive\\\/pliki\\\/obraz\\\/2025\\\/maj\\\/dobrzykow_4.jpg\"},{\"@type\":\"BreadcrumbList\",\"@id\":\"http:\\\/\\\/biblioteka-gabin.pl\\\/index.php\\\/2025\\\/05\\\/12\\\/spotkanie-z-bajka-w-przedszkolu-w-dobrzykowie-z-grupa-sow-i-jagodek-10-04-2025\\\/#breadcrumb\",\"itemListElement\":[{\"@type\":\"ListItem\",\"position\":1,\"name\":\"Strona g\u0142\u00f3wna\",\"item\":\"https:\\\/\\\/biblioteka-gabin.pl\\\/\"},{\"@type\":\"ListItem\",\"position\":2,\"name\":\"&#8222;Spotkanie z bajk\u0105&#8221; w Przedszkolu w Dobrzykowie z grup\u0105 &#8222;S\u00f3w&#8221; i &#8222;Jag\u00f3dek&#8221; (10.04.2025)\"}]},{\"@type\":\"WebSite\",\"@id\":\"https:\\\/\\\/biblioteka-gabin.pl\\\/#website\",\"url\":\"https:\\\/\\\/biblioteka-gabin.pl\\\/\",\"name\":\"Miejsko-Gminna Biblioteka Publiczna w G\u0105binie\",\"description\":\"\",\"publisher\":{\"@id\":\"https:\\\/\\\/biblioteka-gabin.pl\\\/#organization\"},\"potentialAction\":[{\"@type\":\"SearchAction\",\"target\":{\"@type\":\"EntryPoint\",\"urlTemplate\":\"https:\\\/\\\/biblioteka-gabin.pl\\\/?s={search_term_string}\"},\"query-input\":{\"@type\":\"PropertyValueSpecification\",\"valueRequired\":true,\"valueName\":\"search_term_string\"}}],\"inLanguage\":\"pl-PL\"},{\"@type\":\"Organization\",\"@id\":\"https:\\\/\\\/biblioteka-gabin.pl\\\/#organization\",\"name\":\"Miejsko-Gminna Biblioteka Publiczna w G\u0105binie\",\"url\":\"https:\\\/\\\/biblioteka-gabin.pl\\\/\",\"logo\":{\"@type\":\"ImageObject\",\"inLanguage\":\"pl-PL\",\"@id\":\"https:\\\/\\\/biblioteka-gabin.pl\\\/#\\\/schema\\\/logo\\\/image\\\/\",\"url\":\"https:\\\/\\\/biblioteka-gabin.pl\\\/wp-content\\\/uploads\\\/2025\\\/03\\\/logo-biblioteka-2-1657013691-1.jpg\",\"contentUrl\":\"https:\\\/\\\/biblioteka-gabin.pl\\\/wp-content\\\/uploads\\\/2025\\\/03\\\/logo-biblioteka-2-1657013691-1.jpg\",\"width\":1600,\"height\":772,\"caption\":\"Miejsko-Gminna Biblioteka Publiczna w G\u0105binie\"},\"image\":{\"@id\":\"https:\\\/\\\/biblioteka-gabin.pl\\\/#\\\/schema\\\/logo\\\/image\\\/\"},\"sameAs\":[\"https:\\\/\\\/www.facebook.com\\\/bibliotekagabin\",\"https:\\\/\\\/www.youtube.com\\\/@mgbpgabin9392\"]},{\"@type\":\"Person\",\"@id\":\"https:\\\/\\\/biblioteka-gabin.pl\\\/#\\\/schema\\\/person\\\/2067b97c24663d987ef6ef95bed7c99a\",\"name\":\"admin\",\"image\":{\"@type\":\"ImageObject\",\"inLanguage\":\"pl-PL\",\"@id\":\"https:\\\/\\\/secure.gravatar.com\\\/avatar\\\/e1843904e97b4e376a0fc90ae10372cd31bce9b207a7a3d2ca68fc7ca7e4174c?s=96&d=mm&r=g\",\"url\":\"https:\\\/\\\/secure.gravatar.com\\\/avatar\\\/e1843904e97b4e376a0fc90ae10372cd31bce9b207a7a3d2ca68fc7ca7e4174c?s=96&d=mm&r=g\",\"contentUrl\":\"https:\\\/\\\/secure.gravatar.com\\\/avatar\\\/e1843904e97b4e376a0fc90ae10372cd31bce9b207a7a3d2ca68fc7ca7e4174c?s=96&d=mm&r=g\",\"caption\":\"admin\"},\"sameAs\":[\"http:\\\/\\\/strona.biblioteka-gabin.pl\"],\"url\":\"http:\\\/\\\/biblioteka-gabin.pl\\\/index.php\\\/author\\\/admin\\\/\"}]}<\/script>\n<!-- \/ Yoast SEO plugin. -->","yoast_head_json":{"title":"\"Spotkanie z bajk\u0105\" w Przedszkolu w Dobrzykowie z grup\u0105 \"S\u00f3w\" i \"Jag\u00f3dek\" (10.04.2025) - Miejsko-Gminna Biblioteka Publiczna w G\u0105binie","robots":{"index":"index","follow":"follow","max-snippet":"max-snippet:-1","max-image-preview":"max-image-preview:large","max-video-preview":"max-video-preview:-1"},"canonical":"http:\/\/biblioteka-gabin.pl\/index.php\/2025\/05\/12\/spotkanie-z-bajka-w-przedszkolu-w-dobrzykowie-z-grupa-sow-i-jagodek-10-04-2025\/","og_locale":"pl_PL","og_type":"article","og_title":"\"Spotkanie z bajk\u0105\" w Przedszkolu w Dobrzykowie z grup\u0105 \"S\u00f3w\" i \"Jag\u00f3dek\" (10.04.2025) - Miejsko-Gminna Biblioteka Publiczna w G\u0105binie","og_description":"Przyozdobione jaskrawym flamastrem, br\u0105zowe, szare, brokatowe, a nawet z cierpliwie","og_url":"http:\/\/biblioteka-gabin.pl\/index.php\/2025\/05\/12\/spotkanie-z-bajka-w-przedszkolu-w-dobrzykowie-z-grupa-sow-i-jagodek-10-04-2025\/","og_site_name":"Miejsko-Gminna Biblioteka Publiczna w G\u0105binie","article_publisher":"https:\/\/www.facebook.com\/bibliotekagabin","article_published_time":"2025-05-12T00:00:00+00:00","og_image":[{"url":"https:\/\/biblioteka-gabin.pl\/wp-content\/uploads\/archive\/pliki\/obraz\/2025\/maj\/dobrzykow_4.jpg","type":"","width":"","height":""}],"author":"admin","twitter_card":"summary_large_image","twitter_misc":{"Napisane przez":"admin","Szacowany czas czytania":"2 minuty"},"schema":{"@context":"https:\/\/schema.org","@graph":[{"@type":"Article","@id":"http:\/\/biblioteka-gabin.pl\/index.php\/2025\/05\/12\/spotkanie-z-bajka-w-przedszkolu-w-dobrzykowie-z-grupa-sow-i-jagodek-10-04-2025\/#article","isPartOf":{"@id":"http:\/\/biblioteka-gabin.pl\/index.php\/2025\/05\/12\/spotkanie-z-bajka-w-przedszkolu-w-dobrzykowie-z-grupa-sow-i-jagodek-10-04-2025\/"},"author":{"name":"admin","@id":"https:\/\/biblioteka-gabin.pl\/#\/schema\/person\/2067b97c24663d987ef6ef95bed7c99a"},"headline":"&#8222;Spotkanie z bajk\u0105&#8221; w Przedszkolu w Dobrzykowie z grup\u0105 &#8222;S\u00f3w&#8221; i &#8222;Jag\u00f3dek&#8221; (10.04.2025)","datePublished":"2025-05-12T00:00:00+00:00","mainEntityOfPage":{"@id":"http:\/\/biblioteka-gabin.pl\/index.php\/2025\/05\/12\/spotkanie-z-bajka-w-przedszkolu-w-dobrzykowie-z-grupa-sow-i-jagodek-10-04-2025\/"},"wordCount":486,"commentCount":0,"publisher":{"@id":"https:\/\/biblioteka-gabin.pl\/#organization"},"image":{"@id":"http:\/\/biblioteka-gabin.pl\/index.php\/2025\/05\/12\/spotkanie-z-bajka-w-przedszkolu-w-dobrzykowie-z-grupa-sow-i-jagodek-10-04-2025\/#primaryimage"},"thumbnailUrl":"https:\/\/biblioteka-gabin.pl\/wp-content\/uploads\/archive\/pliki\/obraz\/2025\/maj\/dobrzykow_4.jpg","articleSection":["Main"],"inLanguage":"pl-PL","potentialAction":[{"@type":"CommentAction","name":"Comment","target":["http:\/\/biblioteka-gabin.pl\/index.php\/2025\/05\/12\/spotkanie-z-bajka-w-przedszkolu-w-dobrzykowie-z-grupa-sow-i-jagodek-10-04-2025\/#respond"]}]},{"@type":"WebPage","@id":"http:\/\/biblioteka-gabin.pl\/index.php\/2025\/05\/12\/spotkanie-z-bajka-w-przedszkolu-w-dobrzykowie-z-grupa-sow-i-jagodek-10-04-2025\/","url":"http:\/\/biblioteka-gabin.pl\/index.php\/2025\/05\/12\/spotkanie-z-bajka-w-przedszkolu-w-dobrzykowie-z-grupa-sow-i-jagodek-10-04-2025\/","name":"\"Spotkanie z bajk\u0105\" w Przedszkolu w Dobrzykowie z grup\u0105 \"S\u00f3w\" i \"Jag\u00f3dek\" (10.04.2025) - Miejsko-Gminna Biblioteka Publiczna w G\u0105binie","isPartOf":{"@id":"https:\/\/biblioteka-gabin.pl\/#website"},"primaryImageOfPage":{"@id":"http:\/\/biblioteka-gabin.pl\/index.php\/2025\/05\/12\/spotkanie-z-bajka-w-przedszkolu-w-dobrzykowie-z-grupa-sow-i-jagodek-10-04-2025\/#primaryimage"},"image":{"@id":"http:\/\/biblioteka-gabin.pl\/index.php\/2025\/05\/12\/spotkanie-z-bajka-w-przedszkolu-w-dobrzykowie-z-grupa-sow-i-jagodek-10-04-2025\/#primaryimage"},"thumbnailUrl":"https:\/\/biblioteka-gabin.pl\/wp-content\/uploads\/archive\/pliki\/obraz\/2025\/maj\/dobrzykow_4.jpg","datePublished":"2025-05-12T00:00:00+00:00","breadcrumb":{"@id":"http:\/\/biblioteka-gabin.pl\/index.php\/2025\/05\/12\/spotkanie-z-bajka-w-przedszkolu-w-dobrzykowie-z-grupa-sow-i-jagodek-10-04-2025\/#breadcrumb"},"inLanguage":"pl-PL","potentialAction":[{"@type":"ReadAction","target":["http:\/\/biblioteka-gabin.pl\/index.php\/2025\/05\/12\/spotkanie-z-bajka-w-przedszkolu-w-dobrzykowie-z-grupa-sow-i-jagodek-10-04-2025\/"]}]},{"@type":"ImageObject","inLanguage":"pl-PL","@id":"http:\/\/biblioteka-gabin.pl\/index.php\/2025\/05\/12\/spotkanie-z-bajka-w-przedszkolu-w-dobrzykowie-z-grupa-sow-i-jagodek-10-04-2025\/#primaryimage","url":"https:\/\/biblioteka-gabin.pl\/wp-content\/uploads\/archive\/pliki\/obraz\/2025\/maj\/dobrzykow_4.jpg","contentUrl":"https:\/\/biblioteka-gabin.pl\/wp-content\/uploads\/archive\/pliki\/obraz\/2025\/maj\/dobrzykow_4.jpg"},{"@type":"BreadcrumbList","@id":"http:\/\/biblioteka-gabin.pl\/index.php\/2025\/05\/12\/spotkanie-z-bajka-w-przedszkolu-w-dobrzykowie-z-grupa-sow-i-jagodek-10-04-2025\/#breadcrumb","itemListElement":[{"@type":"ListItem","position":1,"name":"Strona g\u0142\u00f3wna","item":"https:\/\/biblioteka-gabin.pl\/"},{"@type":"ListItem","position":2,"name":"&#8222;Spotkanie z bajk\u0105&#8221; w Przedszkolu w Dobrzykowie z grup\u0105 &#8222;S\u00f3w&#8221; i &#8222;Jag\u00f3dek&#8221; (10.04.2025)"}]},{"@type":"WebSite","@id":"https:\/\/biblioteka-gabin.pl\/#website","url":"https:\/\/biblioteka-gabin.pl\/","name":"Miejsko-Gminna Biblioteka Publiczna w G\u0105binie","description":"","publisher":{"@id":"https:\/\/biblioteka-gabin.pl\/#organization"},"potentialAction":[{"@type":"SearchAction","target":{"@type":"EntryPoint","urlTemplate":"https:\/\/biblioteka-gabin.pl\/?s={search_term_string}"},"query-input":{"@type":"PropertyValueSpecification","valueRequired":true,"valueName":"search_term_string"}}],"inLanguage":"pl-PL"},{"@type":"Organization","@id":"https:\/\/biblioteka-gabin.pl\/#organization","name":"Miejsko-Gminna Biblioteka Publiczna w G\u0105binie","url":"https:\/\/biblioteka-gabin.pl\/","logo":{"@type":"ImageObject","inLanguage":"pl-PL","@id":"https:\/\/biblioteka-gabin.pl\/#\/schema\/logo\/image\/","url":"https:\/\/biblioteka-gabin.pl\/wp-content\/uploads\/2025\/03\/logo-biblioteka-2-1657013691-1.jpg","contentUrl":"https:\/\/biblioteka-gabin.pl\/wp-content\/uploads\/2025\/03\/logo-biblioteka-2-1657013691-1.jpg","width":1600,"height":772,"caption":"Miejsko-Gminna Biblioteka Publiczna w G\u0105binie"},"image":{"@id":"https:\/\/biblioteka-gabin.pl\/#\/schema\/logo\/image\/"},"sameAs":["https:\/\/www.facebook.com\/bibliotekagabin","https:\/\/www.youtube.com\/@mgbpgabin9392"]},{"@type":"Person","@id":"https:\/\/biblioteka-gabin.pl\/#\/schema\/person\/2067b97c24663d987ef6ef95bed7c99a","name":"admin","image":{"@type":"ImageObject","inLanguage":"pl-PL","@id":"https:\/\/secure.gravatar.com\/avatar\/e1843904e97b4e376a0fc90ae10372cd31bce9b207a7a3d2ca68fc7ca7e4174c?s=96&d=mm&r=g","url":"https:\/\/secure.gravatar.com\/avatar\/e1843904e97b4e376a0fc90ae10372cd31bce9b207a7a3d2ca68fc7ca7e4174c?s=96&d=mm&r=g","contentUrl":"https:\/\/secure.gravatar.com\/avatar\/e1843904e97b4e376a0fc90ae10372cd31bce9b207a7a3d2ca68fc7ca7e4174c?s=96&d=mm&r=g","caption":"admin"},"sameAs":["http:\/\/strona.biblioteka-gabin.pl"],"url":"http:\/\/biblioteka-gabin.pl\/index.php\/author\/admin\/"}]}},"_links":{"self":[{"href":"http:\/\/biblioteka-gabin.pl\/index.php\/wp-json\/wp\/v2\/posts\/8500","targetHints":{"allow":["GET"]}}],"collection":[{"href":"http:\/\/biblioteka-gabin.pl\/index.php\/wp-json\/wp\/v2\/posts"}],"about":[{"href":"http:\/\/biblioteka-gabin.pl\/index.php\/wp-json\/wp\/v2\/types\/post"}],"author":[{"embeddable":true,"href":"http:\/\/biblioteka-gabin.pl\/index.php\/wp-json\/wp\/v2\/users\/1"}],"replies":[{"embeddable":true,"href":"http:\/\/biblioteka-gabin.pl\/index.php\/wp-json\/wp\/v2\/comments?post=8500"}],"version-history":[{"count":0,"href":"http:\/\/biblioteka-gabin.pl\/index.php\/wp-json\/wp\/v2\/posts\/8500\/revisions"}],"wp:attachment":[{"href":"http:\/\/biblioteka-gabin.pl\/index.php\/wp-json\/wp\/v2\/media?parent=8500"}],"wp:term":[{"taxonomy":"category","embeddable":true,"href":"http:\/\/biblioteka-gabin.pl\/index.php\/wp-json\/wp\/v2\/categories?post=8500"},{"taxonomy":"post_tag","embeddable":true,"href":"http:\/\/biblioteka-gabin.pl\/index.php\/wp-json\/wp\/v2\/tags?post=8500"}],"curies":[{"name":"wp","href":"https:\/\/api.w.org\/{rel}","templated":true}]}}