{"id":8502,"date":"2025-03-20T00:00:00","date_gmt":"2025-03-20T00:00:00","guid":{"rendered":"https:\/\/biblioteka-gabin.pl\/index.php\/2025\/03\/20\/spotkanie-z-bajka-w-przedszkolu-w-gabinie-grupa-smerfy-oraz-biedronki-18-03-2025\/"},"modified":"2025-03-20T00:00:00","modified_gmt":"2025-03-20T00:00:00","slug":"spotkanie-z-bajka-w-przedszkolu-w-gabinie-grupa-smerfy-oraz-biedronki-18-03-2025","status":"publish","type":"post","link":"http:\/\/biblioteka-gabin.pl\/index.php\/2025\/03\/20\/spotkanie-z-bajka-w-przedszkolu-w-gabinie-grupa-smerfy-oraz-biedronki-18-03-2025\/","title":{"rendered":"&#8222;Spotkanie z bajk\u0105&#8221; w Przedszkolu w G\u0105binie-grupa &#8222;Smerfy&#8221; oraz &#8222;Biedronki&#8221; (18.03.2025)"},"content":{"rendered":"<p>Dzisiejsze zaj\u0119cia w grupie \u201eSmerf\u00f3w\u201d i \u201eBiedronek\u201d mia\u0142o na celu przybli\u017cenie tematu wiosny i wprowadzenie w magiczny \u015bwiat tej pory roku.<br \/>\n\u00a0 Spotkanie rozpocz\u0119\u0142am od rozmowy na temat tego, co charakteryzuje wiosn\u0119. Dzieci ch\u0119tnie dzieli\u0142y si\u0119 swoimi spostrze\u017ceniami, opowiadaj\u0105c o cieplejszej pogodzie, \u015bpiewaj\u0105cych ptakach i kolorowych kwiatach, kt\u00f3re zaczynaj\u0105 rozwija\u0107 si\u0119 po d\u0142ugiej zimie.<br \/>\n\u00a0\u00a0 Dzieci z zainteresowaniem wys\u0142ucha\u0142y ksi\u0105\u017cki M.D. Arnold pt. \u201eNajpi\u0119kniejszy ogr\u00f3dek Borsuka\u201d. Historia ma\u0142ego bohatera, kt\u00f3ry wysia\u0142 wszystkie nasionka, aby stworzy\u0107 najpi\u0119kniejszy ogr\u00f3dek zaciekawi\u0142a Maluchy. Niestety ulewa pokrzy\u017cowa\u0142a wszystkie plany Borsuka o pi\u0119knym ogr\u00f3dku. Pomimo zmartwienia, jakie mia\u0142 nasz bohater jego ogr\u00f3d nie przepad\u0142- zmieni\u0142 tylko swoje\u00a0 miejsce.<br \/>\n\u00a0\u00a0\u00a0 Z ka\u017cd\u0105 z grup pobawi\u0142am si\u0119 w zgadywanki, kt\u00f3re dotyczy\u0142y najpi\u0119kniejszej pory roku czyli wiosny. \u201eTen kwiatek pod \u015bniegiem si\u0119 rodzi, daje ludziom znak, \u017ce wiosna nadchodzi\u2026\u201d<br \/>\n\u201ePowr\u00f3ci\u0142 do nas z dalekiej strony, ma d\u0142ugie nogi i dzi\u00f3b czerwony. Dzieci si\u0119 \u015bmia\u0142y, gdy go wita\u0142y, \u017cabki p\u0142aka\u0142y przez dzionek ca\u0142y\u2026\u201d<br \/>\n\u201eGdy si\u0119 schowa za chmury, \u015bwiat si\u0119 staje ponury. A weselej na \u015bwiecie, kiedy \u015bmieje si\u0119 z g\u00f3ry\u2026\u201d<br \/>\n\u00a0\u00a0\u00a0\u00a0 Dzieci rewelacyjnie poradzi\u0142y sobie z tym zadaniem, odpowiedzi udziela\u0142y natychmiast. \u201eBiedronki\u201d odpowiadaj\u0105c- dodatkowo pi\u0119knie za\u015bpiewa\u0142y fragment piosenki o wio\u015bnie\u2026<br \/>\nMy\u015bl\u0119, ze ju\u017c wszyscy wyczekujemy jej z ogromnym ut\u0119sknieniem. Pierwsze oznaki wiosny da\u0142o si\u0119 zauwa\u017cy\u0107 nieco wcze\u015bniej, teraz tylko czekamy na cieplejsze dni.<br \/>\n\u00a0\u00a0\u00a0 Wszystkim dzieciom dzi\u0119kuj\u0119 za urocze spotkanie, mam nadziej\u0119, \u017ce wraz z nadchodz\u0105c\u0105 wiosn\u0105 powr\u00f3c\u0105 lepsze dni, wspania\u0142e humory i ogrom nowej energii. Czego wszystkim \u017cycz\u0119!<br \/>\n\u00a0\u00a0\u00a0\u00a0\u00a0\u00a0\u00a0\u00a0\u00a0\u00a0\u00a0\u00a0\u00a0\u00a0\u00a0\u00a0\u00a0\u00a0\u00a0\u00a0\u00a0\u00a0\u00a0\u00a0\u00a0\u00a0\u00a0\u00a0\u00a0\u00a0\u00a0\u00a0\u00a0\u00a0\u00a0\u00a0\u00a0\u00a0\u00a0\u00a0\u00a0\u00a0\u00a0\u00a0\u00a0\u00a0\u00a0 Opr. Joanna Olejniczak<br \/>\n<img src='https:\/\/biblioteka-gabin.pl\/wp-content\/uploads\/archive\/pliki\/obraz\/2025\/marzec\/483715373_1596082234404905_5886200357043001905_n.jpg'><br \/>\n<a href='https:\/\/biblioteka-gabin.pl\/wp-content\/uploads\/archive\/galleries\/669\/48371537315960822344049055886200357043001905n-32c808c4e7.jpg'><img style='max-height:300px;' src='https:\/\/biblioteka-gabin.pl\/wp-content\/uploads\/archive\/galleries\/669\/48371537315960822344049055886200357043001905n-32c808c4e7.jpg'><\/a><br \/>\n<a href='https:\/\/biblioteka-gabin.pl\/wp-content\/uploads\/archive\/galleries\/669\/48380178213116524467777203516325349874120772n-b2fd40aca2.jpg'><img style='max-height:300px;' src='https:\/\/biblioteka-gabin.pl\/wp-content\/uploads\/archive\/galleries\/669\/48380178213116524467777203516325349874120772n-b2fd40aca2.jpg'><\/a><br \/>\n<a href='https:\/\/biblioteka-gabin.pl\/wp-content\/uploads\/archive\/galleries\/669\/4837973689893098294095397645203194925634970n-063db7286f.jpg'><img style='max-height:300px;' src='https:\/\/biblioteka-gabin.pl\/wp-content\/uploads\/archive\/galleries\/669\/4837973689893098294095397645203194925634970n-063db7286f.jpg'><\/a><br \/>\n<a href='https:\/\/biblioteka-gabin.pl\/wp-content\/uploads\/archive\/galleries\/669\/4840466415192036009123643329051900465109305n-eab95348a0.jpg'><img style='max-height:300px;' src='https:\/\/biblioteka-gabin.pl\/wp-content\/uploads\/archive\/galleries\/669\/4840466415192036009123643329051900465109305n-eab95348a0.jpg'><\/a><\/p>\n","protected":false},"excerpt":{"rendered":"<p>Dzisiejsze zaj\u0119cia w grupie \u201eSmerf\u00f3w\u201d i \u201eBiedronek\u201d mia\u0142o na celu<\/p>\n","protected":false},"author":1,"featured_media":0,"comment_status":"open","ping_status":"open","sticky":false,"template":"","format":"standard","meta":{"footnotes":""},"categories":[36],"tags":[],"class_list":["post-8502","post","type-post","status-publish","format-standard","hentry","category-main"],"yoast_head":"<!-- This site is optimized with the Yoast SEO plugin v27.4 - https:\/\/yoast.com\/product\/yoast-seo-wordpress\/ -->\n<title>&quot;Spotkanie z bajk\u0105&quot; w Przedszkolu w G\u0105binie-grupa &quot;Smerfy&quot; oraz &quot;Biedronki&quot; (18.03.2025) - Miejsko-Gminna Biblioteka Publiczna w G\u0105binie<\/title>\n<meta name=\"robots\" content=\"index, follow, max-snippet:-1, max-image-preview:large, max-video-preview:-1\" \/>\n<link rel=\"canonical\" href=\"http:\/\/biblioteka-gabin.pl\/index.php\/2025\/03\/20\/spotkanie-z-bajka-w-przedszkolu-w-gabinie-grupa-smerfy-oraz-biedronki-18-03-2025\/\" \/>\n<meta property=\"og:locale\" content=\"pl_PL\" \/>\n<meta property=\"og:type\" content=\"article\" \/>\n<meta property=\"og:title\" content=\"&quot;Spotkanie z bajk\u0105&quot; w Przedszkolu w G\u0105binie-grupa &quot;Smerfy&quot; oraz &quot;Biedronki&quot; (18.03.2025) - Miejsko-Gminna Biblioteka Publiczna w G\u0105binie\" \/>\n<meta property=\"og:description\" content=\"Dzisiejsze zaj\u0119cia w grupie \u201eSmerf\u00f3w\u201d i \u201eBiedronek\u201d mia\u0142o na celu\" \/>\n<meta property=\"og:url\" content=\"http:\/\/biblioteka-gabin.pl\/index.php\/2025\/03\/20\/spotkanie-z-bajka-w-przedszkolu-w-gabinie-grupa-smerfy-oraz-biedronki-18-03-2025\/\" \/>\n<meta property=\"og:site_name\" content=\"Miejsko-Gminna Biblioteka Publiczna w G\u0105binie\" \/>\n<meta property=\"article:publisher\" content=\"https:\/\/www.facebook.com\/bibliotekagabin\" \/>\n<meta property=\"article:published_time\" content=\"2025-03-20T00:00:00+00:00\" \/>\n<meta property=\"og:image\" content=\"https:\/\/biblioteka-gabin.pl\/wp-content\/uploads\/archive\/pliki\/obraz\/2025\/marzec\/483715373_1596082234404905_5886200357043001905_n.jpg\" \/>\n<meta name=\"author\" content=\"admin\" \/>\n<meta name=\"twitter:card\" content=\"summary_large_image\" \/>\n<meta name=\"twitter:label1\" content=\"Napisane przez\" \/>\n\t<meta name=\"twitter:data1\" content=\"admin\" \/>\n\t<meta name=\"twitter:label2\" content=\"Szacowany czas czytania\" \/>\n\t<meta name=\"twitter:data2\" content=\"1 minuta\" \/>\n<script type=\"application\/ld+json\" class=\"yoast-schema-graph\">{\"@context\":\"https:\\\/\\\/schema.org\",\"@graph\":[{\"@type\":\"Article\",\"@id\":\"http:\\\/\\\/biblioteka-gabin.pl\\\/index.php\\\/2025\\\/03\\\/20\\\/spotkanie-z-bajka-w-przedszkolu-w-gabinie-grupa-smerfy-oraz-biedronki-18-03-2025\\\/#article\",\"isPartOf\":{\"@id\":\"http:\\\/\\\/biblioteka-gabin.pl\\\/index.php\\\/2025\\\/03\\\/20\\\/spotkanie-z-bajka-w-przedszkolu-w-gabinie-grupa-smerfy-oraz-biedronki-18-03-2025\\\/\"},\"author\":{\"name\":\"admin\",\"@id\":\"https:\\\/\\\/biblioteka-gabin.pl\\\/#\\\/schema\\\/person\\\/2067b97c24663d987ef6ef95bed7c99a\"},\"headline\":\"&#8222;Spotkanie z bajk\u0105&#8221; w Przedszkolu w G\u0105binie-grupa &#8222;Smerfy&#8221; oraz &#8222;Biedronki&#8221; (18.03.2025)\",\"datePublished\":\"2025-03-20T00:00:00+00:00\",\"mainEntityOfPage\":{\"@id\":\"http:\\\/\\\/biblioteka-gabin.pl\\\/index.php\\\/2025\\\/03\\\/20\\\/spotkanie-z-bajka-w-przedszkolu-w-gabinie-grupa-smerfy-oraz-biedronki-18-03-2025\\\/\"},\"wordCount\":308,\"commentCount\":0,\"publisher\":{\"@id\":\"https:\\\/\\\/biblioteka-gabin.pl\\\/#organization\"},\"image\":{\"@id\":\"http:\\\/\\\/biblioteka-gabin.pl\\\/index.php\\\/2025\\\/03\\\/20\\\/spotkanie-z-bajka-w-przedszkolu-w-gabinie-grupa-smerfy-oraz-biedronki-18-03-2025\\\/#primaryimage\"},\"thumbnailUrl\":\"https:\\\/\\\/biblioteka-gabin.pl\\\/wp-content\\\/uploads\\\/archive\\\/pliki\\\/obraz\\\/2025\\\/marzec\\\/483715373_1596082234404905_5886200357043001905_n.jpg\",\"articleSection\":[\"Main\"],\"inLanguage\":\"pl-PL\",\"potentialAction\":[{\"@type\":\"CommentAction\",\"name\":\"Comment\",\"target\":[\"http:\\\/\\\/biblioteka-gabin.pl\\\/index.php\\\/2025\\\/03\\\/20\\\/spotkanie-z-bajka-w-przedszkolu-w-gabinie-grupa-smerfy-oraz-biedronki-18-03-2025\\\/#respond\"]}]},{\"@type\":\"WebPage\",\"@id\":\"http:\\\/\\\/biblioteka-gabin.pl\\\/index.php\\\/2025\\\/03\\\/20\\\/spotkanie-z-bajka-w-przedszkolu-w-gabinie-grupa-smerfy-oraz-biedronki-18-03-2025\\\/\",\"url\":\"http:\\\/\\\/biblioteka-gabin.pl\\\/index.php\\\/2025\\\/03\\\/20\\\/spotkanie-z-bajka-w-przedszkolu-w-gabinie-grupa-smerfy-oraz-biedronki-18-03-2025\\\/\",\"name\":\"\\\"Spotkanie z bajk\u0105\\\" w Przedszkolu w G\u0105binie-grupa \\\"Smerfy\\\" oraz \\\"Biedronki\\\" (18.03.2025) - Miejsko-Gminna Biblioteka Publiczna w G\u0105binie\",\"isPartOf\":{\"@id\":\"https:\\\/\\\/biblioteka-gabin.pl\\\/#website\"},\"primaryImageOfPage\":{\"@id\":\"http:\\\/\\\/biblioteka-gabin.pl\\\/index.php\\\/2025\\\/03\\\/20\\\/spotkanie-z-bajka-w-przedszkolu-w-gabinie-grupa-smerfy-oraz-biedronki-18-03-2025\\\/#primaryimage\"},\"image\":{\"@id\":\"http:\\\/\\\/biblioteka-gabin.pl\\\/index.php\\\/2025\\\/03\\\/20\\\/spotkanie-z-bajka-w-przedszkolu-w-gabinie-grupa-smerfy-oraz-biedronki-18-03-2025\\\/#primaryimage\"},\"thumbnailUrl\":\"https:\\\/\\\/biblioteka-gabin.pl\\\/wp-content\\\/uploads\\\/archive\\\/pliki\\\/obraz\\\/2025\\\/marzec\\\/483715373_1596082234404905_5886200357043001905_n.jpg\",\"datePublished\":\"2025-03-20T00:00:00+00:00\",\"breadcrumb\":{\"@id\":\"http:\\\/\\\/biblioteka-gabin.pl\\\/index.php\\\/2025\\\/03\\\/20\\\/spotkanie-z-bajka-w-przedszkolu-w-gabinie-grupa-smerfy-oraz-biedronki-18-03-2025\\\/#breadcrumb\"},\"inLanguage\":\"pl-PL\",\"potentialAction\":[{\"@type\":\"ReadAction\",\"target\":[\"http:\\\/\\\/biblioteka-gabin.pl\\\/index.php\\\/2025\\\/03\\\/20\\\/spotkanie-z-bajka-w-przedszkolu-w-gabinie-grupa-smerfy-oraz-biedronki-18-03-2025\\\/\"]}]},{\"@type\":\"ImageObject\",\"inLanguage\":\"pl-PL\",\"@id\":\"http:\\\/\\\/biblioteka-gabin.pl\\\/index.php\\\/2025\\\/03\\\/20\\\/spotkanie-z-bajka-w-przedszkolu-w-gabinie-grupa-smerfy-oraz-biedronki-18-03-2025\\\/#primaryimage\",\"url\":\"https:\\\/\\\/biblioteka-gabin.pl\\\/wp-content\\\/uploads\\\/archive\\\/pliki\\\/obraz\\\/2025\\\/marzec\\\/483715373_1596082234404905_5886200357043001905_n.jpg\",\"contentUrl\":\"https:\\\/\\\/biblioteka-gabin.pl\\\/wp-content\\\/uploads\\\/archive\\\/pliki\\\/obraz\\\/2025\\\/marzec\\\/483715373_1596082234404905_5886200357043001905_n.jpg\"},{\"@type\":\"BreadcrumbList\",\"@id\":\"http:\\\/\\\/biblioteka-gabin.pl\\\/index.php\\\/2025\\\/03\\\/20\\\/spotkanie-z-bajka-w-przedszkolu-w-gabinie-grupa-smerfy-oraz-biedronki-18-03-2025\\\/#breadcrumb\",\"itemListElement\":[{\"@type\":\"ListItem\",\"position\":1,\"name\":\"Strona g\u0142\u00f3wna\",\"item\":\"https:\\\/\\\/biblioteka-gabin.pl\\\/\"},{\"@type\":\"ListItem\",\"position\":2,\"name\":\"&#8222;Spotkanie z bajk\u0105&#8221; w Przedszkolu w G\u0105binie-grupa &#8222;Smerfy&#8221; oraz &#8222;Biedronki&#8221; (18.03.2025)\"}]},{\"@type\":\"WebSite\",\"@id\":\"https:\\\/\\\/biblioteka-gabin.pl\\\/#website\",\"url\":\"https:\\\/\\\/biblioteka-gabin.pl\\\/\",\"name\":\"Miejsko-Gminna Biblioteka Publiczna w G\u0105binie\",\"description\":\"\",\"publisher\":{\"@id\":\"https:\\\/\\\/biblioteka-gabin.pl\\\/#organization\"},\"potentialAction\":[{\"@type\":\"SearchAction\",\"target\":{\"@type\":\"EntryPoint\",\"urlTemplate\":\"https:\\\/\\\/biblioteka-gabin.pl\\\/?s={search_term_string}\"},\"query-input\":{\"@type\":\"PropertyValueSpecification\",\"valueRequired\":true,\"valueName\":\"search_term_string\"}}],\"inLanguage\":\"pl-PL\"},{\"@type\":\"Organization\",\"@id\":\"https:\\\/\\\/biblioteka-gabin.pl\\\/#organization\",\"name\":\"Miejsko-Gminna Biblioteka Publiczna w G\u0105binie\",\"url\":\"https:\\\/\\\/biblioteka-gabin.pl\\\/\",\"logo\":{\"@type\":\"ImageObject\",\"inLanguage\":\"pl-PL\",\"@id\":\"https:\\\/\\\/biblioteka-gabin.pl\\\/#\\\/schema\\\/logo\\\/image\\\/\",\"url\":\"https:\\\/\\\/biblioteka-gabin.pl\\\/wp-content\\\/uploads\\\/2025\\\/03\\\/logo-biblioteka-2-1657013691-1.jpg\",\"contentUrl\":\"https:\\\/\\\/biblioteka-gabin.pl\\\/wp-content\\\/uploads\\\/2025\\\/03\\\/logo-biblioteka-2-1657013691-1.jpg\",\"width\":1600,\"height\":772,\"caption\":\"Miejsko-Gminna Biblioteka Publiczna w G\u0105binie\"},\"image\":{\"@id\":\"https:\\\/\\\/biblioteka-gabin.pl\\\/#\\\/schema\\\/logo\\\/image\\\/\"},\"sameAs\":[\"https:\\\/\\\/www.facebook.com\\\/bibliotekagabin\",\"https:\\\/\\\/www.youtube.com\\\/@mgbpgabin9392\"]},{\"@type\":\"Person\",\"@id\":\"https:\\\/\\\/biblioteka-gabin.pl\\\/#\\\/schema\\\/person\\\/2067b97c24663d987ef6ef95bed7c99a\",\"name\":\"admin\",\"image\":{\"@type\":\"ImageObject\",\"inLanguage\":\"pl-PL\",\"@id\":\"https:\\\/\\\/secure.gravatar.com\\\/avatar\\\/e1843904e97b4e376a0fc90ae10372cd31bce9b207a7a3d2ca68fc7ca7e4174c?s=96&d=mm&r=g\",\"url\":\"https:\\\/\\\/secure.gravatar.com\\\/avatar\\\/e1843904e97b4e376a0fc90ae10372cd31bce9b207a7a3d2ca68fc7ca7e4174c?s=96&d=mm&r=g\",\"contentUrl\":\"https:\\\/\\\/secure.gravatar.com\\\/avatar\\\/e1843904e97b4e376a0fc90ae10372cd31bce9b207a7a3d2ca68fc7ca7e4174c?s=96&d=mm&r=g\",\"caption\":\"admin\"},\"sameAs\":[\"http:\\\/\\\/strona.biblioteka-gabin.pl\"],\"url\":\"http:\\\/\\\/biblioteka-gabin.pl\\\/index.php\\\/author\\\/admin\\\/\"}]}<\/script>\n<!-- \/ Yoast SEO plugin. -->","yoast_head_json":{"title":"\"Spotkanie z bajk\u0105\" w Przedszkolu w G\u0105binie-grupa \"Smerfy\" oraz \"Biedronki\" (18.03.2025) - Miejsko-Gminna Biblioteka Publiczna w G\u0105binie","robots":{"index":"index","follow":"follow","max-snippet":"max-snippet:-1","max-image-preview":"max-image-preview:large","max-video-preview":"max-video-preview:-1"},"canonical":"http:\/\/biblioteka-gabin.pl\/index.php\/2025\/03\/20\/spotkanie-z-bajka-w-przedszkolu-w-gabinie-grupa-smerfy-oraz-biedronki-18-03-2025\/","og_locale":"pl_PL","og_type":"article","og_title":"\"Spotkanie z bajk\u0105\" w Przedszkolu w G\u0105binie-grupa \"Smerfy\" oraz \"Biedronki\" (18.03.2025) - Miejsko-Gminna Biblioteka Publiczna w G\u0105binie","og_description":"Dzisiejsze zaj\u0119cia w grupie \u201eSmerf\u00f3w\u201d i \u201eBiedronek\u201d mia\u0142o na celu","og_url":"http:\/\/biblioteka-gabin.pl\/index.php\/2025\/03\/20\/spotkanie-z-bajka-w-przedszkolu-w-gabinie-grupa-smerfy-oraz-biedronki-18-03-2025\/","og_site_name":"Miejsko-Gminna Biblioteka Publiczna w G\u0105binie","article_publisher":"https:\/\/www.facebook.com\/bibliotekagabin","article_published_time":"2025-03-20T00:00:00+00:00","og_image":[{"url":"https:\/\/biblioteka-gabin.pl\/wp-content\/uploads\/archive\/pliki\/obraz\/2025\/marzec\/483715373_1596082234404905_5886200357043001905_n.jpg","type":"","width":"","height":""}],"author":"admin","twitter_card":"summary_large_image","twitter_misc":{"Napisane przez":"admin","Szacowany czas czytania":"1 minuta"},"schema":{"@context":"https:\/\/schema.org","@graph":[{"@type":"Article","@id":"http:\/\/biblioteka-gabin.pl\/index.php\/2025\/03\/20\/spotkanie-z-bajka-w-przedszkolu-w-gabinie-grupa-smerfy-oraz-biedronki-18-03-2025\/#article","isPartOf":{"@id":"http:\/\/biblioteka-gabin.pl\/index.php\/2025\/03\/20\/spotkanie-z-bajka-w-przedszkolu-w-gabinie-grupa-smerfy-oraz-biedronki-18-03-2025\/"},"author":{"name":"admin","@id":"https:\/\/biblioteka-gabin.pl\/#\/schema\/person\/2067b97c24663d987ef6ef95bed7c99a"},"headline":"&#8222;Spotkanie z bajk\u0105&#8221; w Przedszkolu w G\u0105binie-grupa &#8222;Smerfy&#8221; oraz &#8222;Biedronki&#8221; (18.03.2025)","datePublished":"2025-03-20T00:00:00+00:00","mainEntityOfPage":{"@id":"http:\/\/biblioteka-gabin.pl\/index.php\/2025\/03\/20\/spotkanie-z-bajka-w-przedszkolu-w-gabinie-grupa-smerfy-oraz-biedronki-18-03-2025\/"},"wordCount":308,"commentCount":0,"publisher":{"@id":"https:\/\/biblioteka-gabin.pl\/#organization"},"image":{"@id":"http:\/\/biblioteka-gabin.pl\/index.php\/2025\/03\/20\/spotkanie-z-bajka-w-przedszkolu-w-gabinie-grupa-smerfy-oraz-biedronki-18-03-2025\/#primaryimage"},"thumbnailUrl":"https:\/\/biblioteka-gabin.pl\/wp-content\/uploads\/archive\/pliki\/obraz\/2025\/marzec\/483715373_1596082234404905_5886200357043001905_n.jpg","articleSection":["Main"],"inLanguage":"pl-PL","potentialAction":[{"@type":"CommentAction","name":"Comment","target":["http:\/\/biblioteka-gabin.pl\/index.php\/2025\/03\/20\/spotkanie-z-bajka-w-przedszkolu-w-gabinie-grupa-smerfy-oraz-biedronki-18-03-2025\/#respond"]}]},{"@type":"WebPage","@id":"http:\/\/biblioteka-gabin.pl\/index.php\/2025\/03\/20\/spotkanie-z-bajka-w-przedszkolu-w-gabinie-grupa-smerfy-oraz-biedronki-18-03-2025\/","url":"http:\/\/biblioteka-gabin.pl\/index.php\/2025\/03\/20\/spotkanie-z-bajka-w-przedszkolu-w-gabinie-grupa-smerfy-oraz-biedronki-18-03-2025\/","name":"\"Spotkanie z bajk\u0105\" w Przedszkolu w G\u0105binie-grupa \"Smerfy\" oraz \"Biedronki\" (18.03.2025) - Miejsko-Gminna Biblioteka Publiczna w G\u0105binie","isPartOf":{"@id":"https:\/\/biblioteka-gabin.pl\/#website"},"primaryImageOfPage":{"@id":"http:\/\/biblioteka-gabin.pl\/index.php\/2025\/03\/20\/spotkanie-z-bajka-w-przedszkolu-w-gabinie-grupa-smerfy-oraz-biedronki-18-03-2025\/#primaryimage"},"image":{"@id":"http:\/\/biblioteka-gabin.pl\/index.php\/2025\/03\/20\/spotkanie-z-bajka-w-przedszkolu-w-gabinie-grupa-smerfy-oraz-biedronki-18-03-2025\/#primaryimage"},"thumbnailUrl":"https:\/\/biblioteka-gabin.pl\/wp-content\/uploads\/archive\/pliki\/obraz\/2025\/marzec\/483715373_1596082234404905_5886200357043001905_n.jpg","datePublished":"2025-03-20T00:00:00+00:00","breadcrumb":{"@id":"http:\/\/biblioteka-gabin.pl\/index.php\/2025\/03\/20\/spotkanie-z-bajka-w-przedszkolu-w-gabinie-grupa-smerfy-oraz-biedronki-18-03-2025\/#breadcrumb"},"inLanguage":"pl-PL","potentialAction":[{"@type":"ReadAction","target":["http:\/\/biblioteka-gabin.pl\/index.php\/2025\/03\/20\/spotkanie-z-bajka-w-przedszkolu-w-gabinie-grupa-smerfy-oraz-biedronki-18-03-2025\/"]}]},{"@type":"ImageObject","inLanguage":"pl-PL","@id":"http:\/\/biblioteka-gabin.pl\/index.php\/2025\/03\/20\/spotkanie-z-bajka-w-przedszkolu-w-gabinie-grupa-smerfy-oraz-biedronki-18-03-2025\/#primaryimage","url":"https:\/\/biblioteka-gabin.pl\/wp-content\/uploads\/archive\/pliki\/obraz\/2025\/marzec\/483715373_1596082234404905_5886200357043001905_n.jpg","contentUrl":"https:\/\/biblioteka-gabin.pl\/wp-content\/uploads\/archive\/pliki\/obraz\/2025\/marzec\/483715373_1596082234404905_5886200357043001905_n.jpg"},{"@type":"BreadcrumbList","@id":"http:\/\/biblioteka-gabin.pl\/index.php\/2025\/03\/20\/spotkanie-z-bajka-w-przedszkolu-w-gabinie-grupa-smerfy-oraz-biedronki-18-03-2025\/#breadcrumb","itemListElement":[{"@type":"ListItem","position":1,"name":"Strona g\u0142\u00f3wna","item":"https:\/\/biblioteka-gabin.pl\/"},{"@type":"ListItem","position":2,"name":"&#8222;Spotkanie z bajk\u0105&#8221; w Przedszkolu w G\u0105binie-grupa &#8222;Smerfy&#8221; oraz &#8222;Biedronki&#8221; (18.03.2025)"}]},{"@type":"WebSite","@id":"https:\/\/biblioteka-gabin.pl\/#website","url":"https:\/\/biblioteka-gabin.pl\/","name":"Miejsko-Gminna Biblioteka Publiczna w G\u0105binie","description":"","publisher":{"@id":"https:\/\/biblioteka-gabin.pl\/#organization"},"potentialAction":[{"@type":"SearchAction","target":{"@type":"EntryPoint","urlTemplate":"https:\/\/biblioteka-gabin.pl\/?s={search_term_string}"},"query-input":{"@type":"PropertyValueSpecification","valueRequired":true,"valueName":"search_term_string"}}],"inLanguage":"pl-PL"},{"@type":"Organization","@id":"https:\/\/biblioteka-gabin.pl\/#organization","name":"Miejsko-Gminna Biblioteka Publiczna w G\u0105binie","url":"https:\/\/biblioteka-gabin.pl\/","logo":{"@type":"ImageObject","inLanguage":"pl-PL","@id":"https:\/\/biblioteka-gabin.pl\/#\/schema\/logo\/image\/","url":"https:\/\/biblioteka-gabin.pl\/wp-content\/uploads\/2025\/03\/logo-biblioteka-2-1657013691-1.jpg","contentUrl":"https:\/\/biblioteka-gabin.pl\/wp-content\/uploads\/2025\/03\/logo-biblioteka-2-1657013691-1.jpg","width":1600,"height":772,"caption":"Miejsko-Gminna Biblioteka Publiczna w G\u0105binie"},"image":{"@id":"https:\/\/biblioteka-gabin.pl\/#\/schema\/logo\/image\/"},"sameAs":["https:\/\/www.facebook.com\/bibliotekagabin","https:\/\/www.youtube.com\/@mgbpgabin9392"]},{"@type":"Person","@id":"https:\/\/biblioteka-gabin.pl\/#\/schema\/person\/2067b97c24663d987ef6ef95bed7c99a","name":"admin","image":{"@type":"ImageObject","inLanguage":"pl-PL","@id":"https:\/\/secure.gravatar.com\/avatar\/e1843904e97b4e376a0fc90ae10372cd31bce9b207a7a3d2ca68fc7ca7e4174c?s=96&d=mm&r=g","url":"https:\/\/secure.gravatar.com\/avatar\/e1843904e97b4e376a0fc90ae10372cd31bce9b207a7a3d2ca68fc7ca7e4174c?s=96&d=mm&r=g","contentUrl":"https:\/\/secure.gravatar.com\/avatar\/e1843904e97b4e376a0fc90ae10372cd31bce9b207a7a3d2ca68fc7ca7e4174c?s=96&d=mm&r=g","caption":"admin"},"sameAs":["http:\/\/strona.biblioteka-gabin.pl"],"url":"http:\/\/biblioteka-gabin.pl\/index.php\/author\/admin\/"}]}},"_links":{"self":[{"href":"http:\/\/biblioteka-gabin.pl\/index.php\/wp-json\/wp\/v2\/posts\/8502","targetHints":{"allow":["GET"]}}],"collection":[{"href":"http:\/\/biblioteka-gabin.pl\/index.php\/wp-json\/wp\/v2\/posts"}],"about":[{"href":"http:\/\/biblioteka-gabin.pl\/index.php\/wp-json\/wp\/v2\/types\/post"}],"author":[{"embeddable":true,"href":"http:\/\/biblioteka-gabin.pl\/index.php\/wp-json\/wp\/v2\/users\/1"}],"replies":[{"embeddable":true,"href":"http:\/\/biblioteka-gabin.pl\/index.php\/wp-json\/wp\/v2\/comments?post=8502"}],"version-history":[{"count":0,"href":"http:\/\/biblioteka-gabin.pl\/index.php\/wp-json\/wp\/v2\/posts\/8502\/revisions"}],"wp:attachment":[{"href":"http:\/\/biblioteka-gabin.pl\/index.php\/wp-json\/wp\/v2\/media?parent=8502"}],"wp:term":[{"taxonomy":"category","embeddable":true,"href":"http:\/\/biblioteka-gabin.pl\/index.php\/wp-json\/wp\/v2\/categories?post=8502"},{"taxonomy":"post_tag","embeddable":true,"href":"http:\/\/biblioteka-gabin.pl\/index.php\/wp-json\/wp\/v2\/tags?post=8502"}],"curies":[{"name":"wp","href":"https:\/\/api.w.org\/{rel}","templated":true}]}}