{"id":8506,"date":"2025-05-09T00:00:00","date_gmt":"2025-05-09T00:00:00","guid":{"rendered":"https:\/\/biblioteka-gabin.pl\/index.php\/2025\/05\/09\/spotkanie-z-bajka-w-przedszkolu-w-podlasiu-07-05-2025\/"},"modified":"2025-05-09T00:00:00","modified_gmt":"2025-05-09T00:00:00","slug":"spotkanie-z-bajka-w-przedszkolu-w-podlasiu-07-05-2025","status":"publish","type":"post","link":"http:\/\/biblioteka-gabin.pl\/index.php\/2025\/05\/09\/spotkanie-z-bajka-w-przedszkolu-w-podlasiu-07-05-2025\/","title":{"rendered":"&#8222;Spotkanie z bajk\u0105&#8221; w Przedszkolu w Podlasiu (07.05.2025)"},"content":{"rendered":"<p>O tym, \u017ce nie wszystko mo\u017cna kupi\u0107, dowiedzia\u0142y si\u0119 dzieci z grupy \u201e\u017babki\u201d z Przedszkola w Podlasiu podczas zaj\u0119\u0107 z bajk\u0105.<br \/>\n\u00a0\u00a0\u00a0\u00a0 Temat bardzo interesuj\u0105cy, kt\u00f3ry zaprezentowa\u0142am wspieraj\u0105c si\u0119 histori\u0105 ma\u0142ego \u017c\u00f3\u0142wia w bajce pt. \u201eO \u017c\u00f3\u0142wiku Jasiu\u201d A. Antosiewicz-M\u0105dre bajki. My\u015bl\u0119, \u017ce wszyscy lubimy, gdy mo\u017cemy otrzymywa\u0107 pieni\u0105dze. Nasz bajkowy bohater tak\u017ce szybko przyzwyczai\u0142 si\u0119 jak mi\u0142o jest, gdy mo\u017cemy ich du\u017co posiada\u0107. Jednak szybko zorientowa\u0142 si\u0119, \u017ce s\u0105 rzeczy, kt\u00f3rych za pieni\u0105dze nie kupi. Zrozumia\u0142, \u017ce przyja\u017ani nie mo\u017ce sobie kupi\u0107. Dzieci tak\u017ce zgodzi\u0142y si\u0119 ze mn\u0105 w tej kwestii. Uczucia, rodzina czy przyjaciele s\u0105 bezcenni.<br \/>\n\u00a0\u00a0\u00a0 Dodatkowo \u201e\u017babki\u201d wys\u0142ucha\u0142y bajki wszystkim znanej o \u201eKocie w butach\u201dz serii bajkolandia. Zabawne przygody wprawi\u0142y dzieci w zas\u0142uchanie.<br \/>\n\u00a0\u00a0\u00a0 M\u0142odszej grupie \u201eRybkom\u201d przeczyta\u0142am bajk\u0119 pt. \u201eBasen\u201d z serii Bluey Bajki 5 minut przed snem. Przygody ma\u0142ych piesk\u00f3w ci\u0105gle narzekaj\u0105cych rozbawi\u0142y maluch\u00f3w. Kiedy to ci\u0105g\u0142e przypominania mamy znudzi\u0142y si\u0119 dzieciom i wybrali zabaw\u0119 w basenie z tat\u0105- szybko jednak dostrzegli, \u017ce to mama pami\u0119ta o wszystkim: przek\u0105skach, r\u0119kawkach do p\u0142ywania czy kremie z filtrem.<br \/>\n\u00a0 Ponadto zaprezentowa\u0142am dzieciom ksi\u0105\u017ceczk\u0119 E. Korolkiewicz pt. \u201ePupile\u201d z serii Przytul mnie. Na ka\u017cdej ze stronic znalaz\u0142 si\u0119 fragment puszystej sier\u015bci zwierz\u0105t futerkowych, kt\u00f3ry najm\u0142odsi z du\u017cym zainteresowaniem dotykali.<br \/>\n\u00a0\u00a0\u00a0 Dzi\u0119kuj\u0119 dzieciom za uwa\u017cne wys\u0142uchanie bajek, za ka\u017cdy u\u015bmiech- kt\u00f3ry widz\u0119 gdy odczytuj\u0119 zabawny fragment\u2026A tym samym m\u00f3wi\u0119 Wam do zobaczenia.<br \/>\n\u00a0\u00a0\u00a0\u00a0\u00a0\u00a0\u00a0\u00a0\u00a0\u00a0\u00a0\u00a0 \u00a0\u00a0\u00a0\u00a0\u00a0\u00a0\u00a0\u00a0\u00a0\u00a0\u00a0\u00a0\u00a0\u00a0\u00a0\u00a0\u00a0\u00a0\u00a0\u00a0\u00a0\u00a0\u00a0\u00a0\u00a0\u00a0\u00a0\u00a0\u00a0\u00a0\u00a0\u00a0\u00a0\u00a0\u00a0Opr. Joanna Olejniczak<br \/>\n<img src='https:\/\/biblioteka-gabin.pl\/wp-content\/uploads\/archive\/pliki\/obraz\/2025\/maj\/a4hmdnd4.jpg'><br \/>\n<a href='https:\/\/biblioteka-gabin.pl\/wp-content\/uploads\/archive\/galleries\/681\/a4hmdnd4-b38350f1b2.jpg'><img style='max-height:300px;' src='https:\/\/biblioteka-gabin.pl\/wp-content\/uploads\/archive\/galleries\/681\/a4hmdnd4-b38350f1b2.jpg'><\/a><br \/>\n<a href='https:\/\/biblioteka-gabin.pl\/wp-content\/uploads\/archive\/galleries\/681\/4cbhijye-48bab61284.jpg'><img style='max-height:300px;' src='https:\/\/biblioteka-gabin.pl\/wp-content\/uploads\/archive\/galleries\/681\/4cbhijye-48bab61284.jpg'><\/a><br \/>\n<a href='https:\/\/biblioteka-gabin.pl\/wp-content\/uploads\/archive\/galleries\/681\/sasq6m8-0c55c52db0.jpg'><img style='max-height:300px;' src='https:\/\/biblioteka-gabin.pl\/wp-content\/uploads\/archive\/galleries\/681\/sasq6m8-0c55c52db0.jpg'><\/a><br \/>\n<a href='https:\/\/biblioteka-gabin.pl\/wp-content\/uploads\/archive\/galleries\/681\/4xgo023k-f1b33a5e11.jpg'><img style='max-height:300px;' src='https:\/\/biblioteka-gabin.pl\/wp-content\/uploads\/archive\/galleries\/681\/4xgo023k-f1b33a5e11.jpg'><\/a><br \/>\n<a href='https:\/\/biblioteka-gabin.pl\/wp-content\/uploads\/archive\/galleries\/681\/azpmwyd-5239e8828b.jpg'><img style='max-height:300px;' src='https:\/\/biblioteka-gabin.pl\/wp-content\/uploads\/archive\/galleries\/681\/azpmwyd-5239e8828b.jpg'><\/a><br \/>\n<a href='https:\/\/biblioteka-gabin.pl\/wp-content\/uploads\/archive\/galleries\/681\/fq5ujt9x-8feb826f36.jpg'><img style='max-height:300px;' src='https:\/\/biblioteka-gabin.pl\/wp-content\/uploads\/archive\/galleries\/681\/fq5ujt9x-8feb826f36.jpg'><\/a><\/p>\n","protected":false},"excerpt":{"rendered":"<p>O tym, \u017ce nie wszystko mo\u017cna kupi\u0107, dowiedzia\u0142y si\u0119 dzieci<\/p>\n","protected":false},"author":1,"featured_media":0,"comment_status":"open","ping_status":"open","sticky":false,"template":"","format":"standard","meta":{"footnotes":""},"categories":[36],"tags":[],"class_list":["post-8506","post","type-post","status-publish","format-standard","hentry","category-main"],"yoast_head":"<!-- This site is optimized with the Yoast SEO plugin v27.4 - https:\/\/yoast.com\/product\/yoast-seo-wordpress\/ -->\n<title>&quot;Spotkanie z bajk\u0105&quot; w Przedszkolu w Podlasiu (07.05.2025) - Miejsko-Gminna Biblioteka Publiczna w G\u0105binie<\/title>\n<meta name=\"robots\" content=\"index, follow, max-snippet:-1, max-image-preview:large, max-video-preview:-1\" \/>\n<link rel=\"canonical\" href=\"http:\/\/biblioteka-gabin.pl\/index.php\/2025\/05\/09\/spotkanie-z-bajka-w-przedszkolu-w-podlasiu-07-05-2025\/\" \/>\n<meta property=\"og:locale\" content=\"pl_PL\" \/>\n<meta property=\"og:type\" content=\"article\" \/>\n<meta property=\"og:title\" content=\"&quot;Spotkanie z bajk\u0105&quot; w Przedszkolu w Podlasiu (07.05.2025) - Miejsko-Gminna Biblioteka Publiczna w G\u0105binie\" \/>\n<meta property=\"og:description\" content=\"O tym, \u017ce nie wszystko mo\u017cna kupi\u0107, dowiedzia\u0142y si\u0119 dzieci\" \/>\n<meta property=\"og:url\" content=\"http:\/\/biblioteka-gabin.pl\/index.php\/2025\/05\/09\/spotkanie-z-bajka-w-przedszkolu-w-podlasiu-07-05-2025\/\" \/>\n<meta property=\"og:site_name\" content=\"Miejsko-Gminna Biblioteka Publiczna w G\u0105binie\" \/>\n<meta property=\"article:publisher\" content=\"https:\/\/www.facebook.com\/bibliotekagabin\" \/>\n<meta property=\"article:published_time\" content=\"2025-05-09T00:00:00+00:00\" \/>\n<meta property=\"og:image\" content=\"https:\/\/biblioteka-gabin.pl\/wp-content\/uploads\/archive\/pliki\/obraz\/2025\/maj\/a4hmdnd4.jpg\" \/>\n<meta name=\"author\" content=\"admin\" \/>\n<meta name=\"twitter:card\" content=\"summary_large_image\" \/>\n<meta name=\"twitter:label1\" content=\"Napisane przez\" \/>\n\t<meta name=\"twitter:data1\" content=\"admin\" \/>\n\t<meta name=\"twitter:label2\" content=\"Szacowany czas czytania\" \/>\n\t<meta name=\"twitter:data2\" content=\"1 minuta\" \/>\n<script type=\"application\/ld+json\" class=\"yoast-schema-graph\">{\"@context\":\"https:\\\/\\\/schema.org\",\"@graph\":[{\"@type\":\"Article\",\"@id\":\"http:\\\/\\\/biblioteka-gabin.pl\\\/index.php\\\/2025\\\/05\\\/09\\\/spotkanie-z-bajka-w-przedszkolu-w-podlasiu-07-05-2025\\\/#article\",\"isPartOf\":{\"@id\":\"http:\\\/\\\/biblioteka-gabin.pl\\\/index.php\\\/2025\\\/05\\\/09\\\/spotkanie-z-bajka-w-przedszkolu-w-podlasiu-07-05-2025\\\/\"},\"author\":{\"name\":\"admin\",\"@id\":\"https:\\\/\\\/biblioteka-gabin.pl\\\/#\\\/schema\\\/person\\\/2067b97c24663d987ef6ef95bed7c99a\"},\"headline\":\"&#8222;Spotkanie z bajk\u0105&#8221; w Przedszkolu w Podlasiu (07.05.2025)\",\"datePublished\":\"2025-05-09T00:00:00+00:00\",\"mainEntityOfPage\":{\"@id\":\"http:\\\/\\\/biblioteka-gabin.pl\\\/index.php\\\/2025\\\/05\\\/09\\\/spotkanie-z-bajka-w-przedszkolu-w-podlasiu-07-05-2025\\\/\"},\"wordCount\":286,\"commentCount\":0,\"publisher\":{\"@id\":\"https:\\\/\\\/biblioteka-gabin.pl\\\/#organization\"},\"image\":{\"@id\":\"http:\\\/\\\/biblioteka-gabin.pl\\\/index.php\\\/2025\\\/05\\\/09\\\/spotkanie-z-bajka-w-przedszkolu-w-podlasiu-07-05-2025\\\/#primaryimage\"},\"thumbnailUrl\":\"https:\\\/\\\/biblioteka-gabin.pl\\\/wp-content\\\/uploads\\\/archive\\\/pliki\\\/obraz\\\/2025\\\/maj\\\/a4hmdnd4.jpg\",\"articleSection\":[\"Main\"],\"inLanguage\":\"pl-PL\",\"potentialAction\":[{\"@type\":\"CommentAction\",\"name\":\"Comment\",\"target\":[\"http:\\\/\\\/biblioteka-gabin.pl\\\/index.php\\\/2025\\\/05\\\/09\\\/spotkanie-z-bajka-w-przedszkolu-w-podlasiu-07-05-2025\\\/#respond\"]}]},{\"@type\":\"WebPage\",\"@id\":\"http:\\\/\\\/biblioteka-gabin.pl\\\/index.php\\\/2025\\\/05\\\/09\\\/spotkanie-z-bajka-w-przedszkolu-w-podlasiu-07-05-2025\\\/\",\"url\":\"http:\\\/\\\/biblioteka-gabin.pl\\\/index.php\\\/2025\\\/05\\\/09\\\/spotkanie-z-bajka-w-przedszkolu-w-podlasiu-07-05-2025\\\/\",\"name\":\"\\\"Spotkanie z bajk\u0105\\\" w Przedszkolu w Podlasiu (07.05.2025) - Miejsko-Gminna Biblioteka Publiczna w G\u0105binie\",\"isPartOf\":{\"@id\":\"https:\\\/\\\/biblioteka-gabin.pl\\\/#website\"},\"primaryImageOfPage\":{\"@id\":\"http:\\\/\\\/biblioteka-gabin.pl\\\/index.php\\\/2025\\\/05\\\/09\\\/spotkanie-z-bajka-w-przedszkolu-w-podlasiu-07-05-2025\\\/#primaryimage\"},\"image\":{\"@id\":\"http:\\\/\\\/biblioteka-gabin.pl\\\/index.php\\\/2025\\\/05\\\/09\\\/spotkanie-z-bajka-w-przedszkolu-w-podlasiu-07-05-2025\\\/#primaryimage\"},\"thumbnailUrl\":\"https:\\\/\\\/biblioteka-gabin.pl\\\/wp-content\\\/uploads\\\/archive\\\/pliki\\\/obraz\\\/2025\\\/maj\\\/a4hmdnd4.jpg\",\"datePublished\":\"2025-05-09T00:00:00+00:00\",\"breadcrumb\":{\"@id\":\"http:\\\/\\\/biblioteka-gabin.pl\\\/index.php\\\/2025\\\/05\\\/09\\\/spotkanie-z-bajka-w-przedszkolu-w-podlasiu-07-05-2025\\\/#breadcrumb\"},\"inLanguage\":\"pl-PL\",\"potentialAction\":[{\"@type\":\"ReadAction\",\"target\":[\"http:\\\/\\\/biblioteka-gabin.pl\\\/index.php\\\/2025\\\/05\\\/09\\\/spotkanie-z-bajka-w-przedszkolu-w-podlasiu-07-05-2025\\\/\"]}]},{\"@type\":\"ImageObject\",\"inLanguage\":\"pl-PL\",\"@id\":\"http:\\\/\\\/biblioteka-gabin.pl\\\/index.php\\\/2025\\\/05\\\/09\\\/spotkanie-z-bajka-w-przedszkolu-w-podlasiu-07-05-2025\\\/#primaryimage\",\"url\":\"https:\\\/\\\/biblioteka-gabin.pl\\\/wp-content\\\/uploads\\\/archive\\\/pliki\\\/obraz\\\/2025\\\/maj\\\/a4hmdnd4.jpg\",\"contentUrl\":\"https:\\\/\\\/biblioteka-gabin.pl\\\/wp-content\\\/uploads\\\/archive\\\/pliki\\\/obraz\\\/2025\\\/maj\\\/a4hmdnd4.jpg\"},{\"@type\":\"BreadcrumbList\",\"@id\":\"http:\\\/\\\/biblioteka-gabin.pl\\\/index.php\\\/2025\\\/05\\\/09\\\/spotkanie-z-bajka-w-przedszkolu-w-podlasiu-07-05-2025\\\/#breadcrumb\",\"itemListElement\":[{\"@type\":\"ListItem\",\"position\":1,\"name\":\"Strona g\u0142\u00f3wna\",\"item\":\"https:\\\/\\\/biblioteka-gabin.pl\\\/\"},{\"@type\":\"ListItem\",\"position\":2,\"name\":\"&#8222;Spotkanie z bajk\u0105&#8221; w Przedszkolu w Podlasiu (07.05.2025)\"}]},{\"@type\":\"WebSite\",\"@id\":\"https:\\\/\\\/biblioteka-gabin.pl\\\/#website\",\"url\":\"https:\\\/\\\/biblioteka-gabin.pl\\\/\",\"name\":\"Miejsko-Gminna Biblioteka Publiczna w G\u0105binie\",\"description\":\"\",\"publisher\":{\"@id\":\"https:\\\/\\\/biblioteka-gabin.pl\\\/#organization\"},\"potentialAction\":[{\"@type\":\"SearchAction\",\"target\":{\"@type\":\"EntryPoint\",\"urlTemplate\":\"https:\\\/\\\/biblioteka-gabin.pl\\\/?s={search_term_string}\"},\"query-input\":{\"@type\":\"PropertyValueSpecification\",\"valueRequired\":true,\"valueName\":\"search_term_string\"}}],\"inLanguage\":\"pl-PL\"},{\"@type\":\"Organization\",\"@id\":\"https:\\\/\\\/biblioteka-gabin.pl\\\/#organization\",\"name\":\"Miejsko-Gminna Biblioteka Publiczna w G\u0105binie\",\"url\":\"https:\\\/\\\/biblioteka-gabin.pl\\\/\",\"logo\":{\"@type\":\"ImageObject\",\"inLanguage\":\"pl-PL\",\"@id\":\"https:\\\/\\\/biblioteka-gabin.pl\\\/#\\\/schema\\\/logo\\\/image\\\/\",\"url\":\"https:\\\/\\\/biblioteka-gabin.pl\\\/wp-content\\\/uploads\\\/2025\\\/03\\\/logo-biblioteka-2-1657013691-1.jpg\",\"contentUrl\":\"https:\\\/\\\/biblioteka-gabin.pl\\\/wp-content\\\/uploads\\\/2025\\\/03\\\/logo-biblioteka-2-1657013691-1.jpg\",\"width\":1600,\"height\":772,\"caption\":\"Miejsko-Gminna Biblioteka Publiczna w G\u0105binie\"},\"image\":{\"@id\":\"https:\\\/\\\/biblioteka-gabin.pl\\\/#\\\/schema\\\/logo\\\/image\\\/\"},\"sameAs\":[\"https:\\\/\\\/www.facebook.com\\\/bibliotekagabin\",\"https:\\\/\\\/www.youtube.com\\\/@mgbpgabin9392\"]},{\"@type\":\"Person\",\"@id\":\"https:\\\/\\\/biblioteka-gabin.pl\\\/#\\\/schema\\\/person\\\/2067b97c24663d987ef6ef95bed7c99a\",\"name\":\"admin\",\"image\":{\"@type\":\"ImageObject\",\"inLanguage\":\"pl-PL\",\"@id\":\"https:\\\/\\\/secure.gravatar.com\\\/avatar\\\/e1843904e97b4e376a0fc90ae10372cd31bce9b207a7a3d2ca68fc7ca7e4174c?s=96&d=mm&r=g\",\"url\":\"https:\\\/\\\/secure.gravatar.com\\\/avatar\\\/e1843904e97b4e376a0fc90ae10372cd31bce9b207a7a3d2ca68fc7ca7e4174c?s=96&d=mm&r=g\",\"contentUrl\":\"https:\\\/\\\/secure.gravatar.com\\\/avatar\\\/e1843904e97b4e376a0fc90ae10372cd31bce9b207a7a3d2ca68fc7ca7e4174c?s=96&d=mm&r=g\",\"caption\":\"admin\"},\"sameAs\":[\"http:\\\/\\\/strona.biblioteka-gabin.pl\"],\"url\":\"http:\\\/\\\/biblioteka-gabin.pl\\\/index.php\\\/author\\\/admin\\\/\"}]}<\/script>\n<!-- \/ Yoast SEO plugin. -->","yoast_head_json":{"title":"\"Spotkanie z bajk\u0105\" w Przedszkolu w Podlasiu (07.05.2025) - Miejsko-Gminna Biblioteka Publiczna w G\u0105binie","robots":{"index":"index","follow":"follow","max-snippet":"max-snippet:-1","max-image-preview":"max-image-preview:large","max-video-preview":"max-video-preview:-1"},"canonical":"http:\/\/biblioteka-gabin.pl\/index.php\/2025\/05\/09\/spotkanie-z-bajka-w-przedszkolu-w-podlasiu-07-05-2025\/","og_locale":"pl_PL","og_type":"article","og_title":"\"Spotkanie z bajk\u0105\" w Przedszkolu w Podlasiu (07.05.2025) - Miejsko-Gminna Biblioteka Publiczna w G\u0105binie","og_description":"O tym, \u017ce nie wszystko mo\u017cna kupi\u0107, dowiedzia\u0142y si\u0119 dzieci","og_url":"http:\/\/biblioteka-gabin.pl\/index.php\/2025\/05\/09\/spotkanie-z-bajka-w-przedszkolu-w-podlasiu-07-05-2025\/","og_site_name":"Miejsko-Gminna Biblioteka Publiczna w G\u0105binie","article_publisher":"https:\/\/www.facebook.com\/bibliotekagabin","article_published_time":"2025-05-09T00:00:00+00:00","og_image":[{"url":"https:\/\/biblioteka-gabin.pl\/wp-content\/uploads\/archive\/pliki\/obraz\/2025\/maj\/a4hmdnd4.jpg","type":"","width":"","height":""}],"author":"admin","twitter_card":"summary_large_image","twitter_misc":{"Napisane przez":"admin","Szacowany czas czytania":"1 minuta"},"schema":{"@context":"https:\/\/schema.org","@graph":[{"@type":"Article","@id":"http:\/\/biblioteka-gabin.pl\/index.php\/2025\/05\/09\/spotkanie-z-bajka-w-przedszkolu-w-podlasiu-07-05-2025\/#article","isPartOf":{"@id":"http:\/\/biblioteka-gabin.pl\/index.php\/2025\/05\/09\/spotkanie-z-bajka-w-przedszkolu-w-podlasiu-07-05-2025\/"},"author":{"name":"admin","@id":"https:\/\/biblioteka-gabin.pl\/#\/schema\/person\/2067b97c24663d987ef6ef95bed7c99a"},"headline":"&#8222;Spotkanie z bajk\u0105&#8221; w Przedszkolu w Podlasiu (07.05.2025)","datePublished":"2025-05-09T00:00:00+00:00","mainEntityOfPage":{"@id":"http:\/\/biblioteka-gabin.pl\/index.php\/2025\/05\/09\/spotkanie-z-bajka-w-przedszkolu-w-podlasiu-07-05-2025\/"},"wordCount":286,"commentCount":0,"publisher":{"@id":"https:\/\/biblioteka-gabin.pl\/#organization"},"image":{"@id":"http:\/\/biblioteka-gabin.pl\/index.php\/2025\/05\/09\/spotkanie-z-bajka-w-przedszkolu-w-podlasiu-07-05-2025\/#primaryimage"},"thumbnailUrl":"https:\/\/biblioteka-gabin.pl\/wp-content\/uploads\/archive\/pliki\/obraz\/2025\/maj\/a4hmdnd4.jpg","articleSection":["Main"],"inLanguage":"pl-PL","potentialAction":[{"@type":"CommentAction","name":"Comment","target":["http:\/\/biblioteka-gabin.pl\/index.php\/2025\/05\/09\/spotkanie-z-bajka-w-przedszkolu-w-podlasiu-07-05-2025\/#respond"]}]},{"@type":"WebPage","@id":"http:\/\/biblioteka-gabin.pl\/index.php\/2025\/05\/09\/spotkanie-z-bajka-w-przedszkolu-w-podlasiu-07-05-2025\/","url":"http:\/\/biblioteka-gabin.pl\/index.php\/2025\/05\/09\/spotkanie-z-bajka-w-przedszkolu-w-podlasiu-07-05-2025\/","name":"\"Spotkanie z bajk\u0105\" w Przedszkolu w Podlasiu (07.05.2025) - Miejsko-Gminna Biblioteka Publiczna w G\u0105binie","isPartOf":{"@id":"https:\/\/biblioteka-gabin.pl\/#website"},"primaryImageOfPage":{"@id":"http:\/\/biblioteka-gabin.pl\/index.php\/2025\/05\/09\/spotkanie-z-bajka-w-przedszkolu-w-podlasiu-07-05-2025\/#primaryimage"},"image":{"@id":"http:\/\/biblioteka-gabin.pl\/index.php\/2025\/05\/09\/spotkanie-z-bajka-w-przedszkolu-w-podlasiu-07-05-2025\/#primaryimage"},"thumbnailUrl":"https:\/\/biblioteka-gabin.pl\/wp-content\/uploads\/archive\/pliki\/obraz\/2025\/maj\/a4hmdnd4.jpg","datePublished":"2025-05-09T00:00:00+00:00","breadcrumb":{"@id":"http:\/\/biblioteka-gabin.pl\/index.php\/2025\/05\/09\/spotkanie-z-bajka-w-przedszkolu-w-podlasiu-07-05-2025\/#breadcrumb"},"inLanguage":"pl-PL","potentialAction":[{"@type":"ReadAction","target":["http:\/\/biblioteka-gabin.pl\/index.php\/2025\/05\/09\/spotkanie-z-bajka-w-przedszkolu-w-podlasiu-07-05-2025\/"]}]},{"@type":"ImageObject","inLanguage":"pl-PL","@id":"http:\/\/biblioteka-gabin.pl\/index.php\/2025\/05\/09\/spotkanie-z-bajka-w-przedszkolu-w-podlasiu-07-05-2025\/#primaryimage","url":"https:\/\/biblioteka-gabin.pl\/wp-content\/uploads\/archive\/pliki\/obraz\/2025\/maj\/a4hmdnd4.jpg","contentUrl":"https:\/\/biblioteka-gabin.pl\/wp-content\/uploads\/archive\/pliki\/obraz\/2025\/maj\/a4hmdnd4.jpg"},{"@type":"BreadcrumbList","@id":"http:\/\/biblioteka-gabin.pl\/index.php\/2025\/05\/09\/spotkanie-z-bajka-w-przedszkolu-w-podlasiu-07-05-2025\/#breadcrumb","itemListElement":[{"@type":"ListItem","position":1,"name":"Strona g\u0142\u00f3wna","item":"https:\/\/biblioteka-gabin.pl\/"},{"@type":"ListItem","position":2,"name":"&#8222;Spotkanie z bajk\u0105&#8221; w Przedszkolu w Podlasiu (07.05.2025)"}]},{"@type":"WebSite","@id":"https:\/\/biblioteka-gabin.pl\/#website","url":"https:\/\/biblioteka-gabin.pl\/","name":"Miejsko-Gminna Biblioteka Publiczna w G\u0105binie","description":"","publisher":{"@id":"https:\/\/biblioteka-gabin.pl\/#organization"},"potentialAction":[{"@type":"SearchAction","target":{"@type":"EntryPoint","urlTemplate":"https:\/\/biblioteka-gabin.pl\/?s={search_term_string}"},"query-input":{"@type":"PropertyValueSpecification","valueRequired":true,"valueName":"search_term_string"}}],"inLanguage":"pl-PL"},{"@type":"Organization","@id":"https:\/\/biblioteka-gabin.pl\/#organization","name":"Miejsko-Gminna Biblioteka Publiczna w G\u0105binie","url":"https:\/\/biblioteka-gabin.pl\/","logo":{"@type":"ImageObject","inLanguage":"pl-PL","@id":"https:\/\/biblioteka-gabin.pl\/#\/schema\/logo\/image\/","url":"https:\/\/biblioteka-gabin.pl\/wp-content\/uploads\/2025\/03\/logo-biblioteka-2-1657013691-1.jpg","contentUrl":"https:\/\/biblioteka-gabin.pl\/wp-content\/uploads\/2025\/03\/logo-biblioteka-2-1657013691-1.jpg","width":1600,"height":772,"caption":"Miejsko-Gminna Biblioteka Publiczna w G\u0105binie"},"image":{"@id":"https:\/\/biblioteka-gabin.pl\/#\/schema\/logo\/image\/"},"sameAs":["https:\/\/www.facebook.com\/bibliotekagabin","https:\/\/www.youtube.com\/@mgbpgabin9392"]},{"@type":"Person","@id":"https:\/\/biblioteka-gabin.pl\/#\/schema\/person\/2067b97c24663d987ef6ef95bed7c99a","name":"admin","image":{"@type":"ImageObject","inLanguage":"pl-PL","@id":"https:\/\/secure.gravatar.com\/avatar\/e1843904e97b4e376a0fc90ae10372cd31bce9b207a7a3d2ca68fc7ca7e4174c?s=96&d=mm&r=g","url":"https:\/\/secure.gravatar.com\/avatar\/e1843904e97b4e376a0fc90ae10372cd31bce9b207a7a3d2ca68fc7ca7e4174c?s=96&d=mm&r=g","contentUrl":"https:\/\/secure.gravatar.com\/avatar\/e1843904e97b4e376a0fc90ae10372cd31bce9b207a7a3d2ca68fc7ca7e4174c?s=96&d=mm&r=g","caption":"admin"},"sameAs":["http:\/\/strona.biblioteka-gabin.pl"],"url":"http:\/\/biblioteka-gabin.pl\/index.php\/author\/admin\/"}]}},"_links":{"self":[{"href":"http:\/\/biblioteka-gabin.pl\/index.php\/wp-json\/wp\/v2\/posts\/8506","targetHints":{"allow":["GET"]}}],"collection":[{"href":"http:\/\/biblioteka-gabin.pl\/index.php\/wp-json\/wp\/v2\/posts"}],"about":[{"href":"http:\/\/biblioteka-gabin.pl\/index.php\/wp-json\/wp\/v2\/types\/post"}],"author":[{"embeddable":true,"href":"http:\/\/biblioteka-gabin.pl\/index.php\/wp-json\/wp\/v2\/users\/1"}],"replies":[{"embeddable":true,"href":"http:\/\/biblioteka-gabin.pl\/index.php\/wp-json\/wp\/v2\/comments?post=8506"}],"version-history":[{"count":0,"href":"http:\/\/biblioteka-gabin.pl\/index.php\/wp-json\/wp\/v2\/posts\/8506\/revisions"}],"wp:attachment":[{"href":"http:\/\/biblioteka-gabin.pl\/index.php\/wp-json\/wp\/v2\/media?parent=8506"}],"wp:term":[{"taxonomy":"category","embeddable":true,"href":"http:\/\/biblioteka-gabin.pl\/index.php\/wp-json\/wp\/v2\/categories?post=8506"},{"taxonomy":"post_tag","embeddable":true,"href":"http:\/\/biblioteka-gabin.pl\/index.php\/wp-json\/wp\/v2\/tags?post=8506"}],"curies":[{"name":"wp","href":"https:\/\/api.w.org\/{rel}","templated":true}]}}