{"id":8509,"date":"2025-04-09T00:00:00","date_gmt":"2025-04-09T00:00:00","guid":{"rendered":"https:\/\/biblioteka-gabin.pl\/index.php\/2025\/04\/09\/spotkanie-z-bajka-w-przedszkolu-w-podlasiu-09-04-2025\/"},"modified":"2025-04-09T00:00:00","modified_gmt":"2025-04-09T00:00:00","slug":"spotkanie-z-bajka-w-przedszkolu-w-podlasiu-09-04-2025","status":"publish","type":"post","link":"http:\/\/biblioteka-gabin.pl\/index.php\/2025\/04\/09\/spotkanie-z-bajka-w-przedszkolu-w-podlasiu-09-04-2025\/","title":{"rendered":"&#8222;Spotkanie z bajk\u0105&#8221; w Przedszkolu w Podlasiu (09.04.2025)"},"content":{"rendered":"<p>Z okazji zbli\u017caj\u0105cych si\u0119 \u015bwi\u0105t w grupie \u201e\u017babek\u201d i \u201eRybek\u201d zosta\u0142 poruszony temat Wielkanocy. Kiedy zapyta\u0142am dzieci z czym kojarzy im si\u0119 to \u015bwi\u0119to, jednog\u0142o\u015bnie odpowiedzieli: \u201episanki, kurczaczki, zaj\u0105czek, stukanie si\u0119 jajkami, \u015bmigus-dyngus\u2026\u201d. Ten ostatni zwyczaj zach\u0119ci\u0142 wszystkich do opowiedzenia o swoich planach na zbli\u017caj\u0105cy si\u0119 Poniedzia\u0142ek Wielkanocny. \u201eJa naszykuje wiaderko z wod\u0105\u201d- pad\u0142a deklaracja jednego ch\u0142opca z grupy \u201eRybki\u201d.<br \/>\n\u00a0\u00a0\u00a0 Opr\u00f3cz tematu \u015bwi\u0105tecznego przygotowa\u0142am r\u00f3wnie\u017c inne ksi\u0105\u017cki. M\u0142odszym- \u201eRybkom\u201d przeczyta\u0142am bajk\u0119 o ch\u0142opcu, kt\u00f3ry lubi\u0142 robi\u0107 psikusy- i niestety nie by\u0142y to psikusy zwi\u0105zane ze \u015amigusem-dyngusem! By\u0142a to ksi\u0105\u017cka z serii rozk\u0142adanka 3D pt. \u201eCh\u0142opiec, kt\u00f3ry wo\u0142a\u0142 o pomoc\u201d. Jego \u017carty nie przypad\u0142y mieszka\u0144com wsi do gustu, poniewa\u017c wzywa\u0142 on pomocy, gdy nie by\u0142a mu potrzebna. Dzieci szybko zorientowa\u0142y si\u0119, \u017ce jego zachowanie by\u0142o karygodne. Nie nale\u017cy bezpodstawnie wzywa\u0107 pomocy i do tego- g\u0142o\u015bno si\u0119 z tego \u015bmia\u0107.<br \/>\n\u00a0\u00a0\u00a0 Dodatkowo zaprezentowa\u0142am Maluchom bajk\u0119 pt. \u201eNiem\u0105dre koty\u201d z ksi\u0105\u017cki pt. \u201eBajki z weso\u0142ej zagrody\u201d. S\u0142uchacze zapoznali si\u0119 z histori\u0105 dw\u00f3ch kot\u00f3w, kt\u00f3rzy tak \u0142atwo dali si\u0119 przechytrzy\u0107 sprytnemu szczurowi. Na zako\u0144czenie tej opowie\u015bci- \u201eRybki\u201d wymy\u015bli\u0142y dalsz\u0105 histori\u0119, jaka mog\u0142aby si\u0119 ukaza\u0107.<br \/>\n\u00a0\u00a0\u00a0 \u201e\u017babki\u201d wys\u0142ucha\u0142y klasyki \u2013 przeczyta\u0142am im \u201eRoszpunk\u0119\u201d i \u201eCalineczk\u0119\u201d z ksi\u0105\u017cki pt. \u201eBa\u015bnie \u015bwiata\u201d z serii Z\u0142ota kolekcja. W taki oto szybki spos\u00f3b wszyscy przenie\u015bli\u015bmy si\u0119 w magiczny \u015bwiat ba\u015bni. Dzieci z zapartym tchem s\u0142ucha\u0142y los\u00f3w Roszpunki- pi\u0119knej dziewczyny zamkni\u0119tej w wie\u017cy, kt\u00f3ra dzi\u0119ki swej odwadze i m\u0105dro\u015bci potrafi\u0142a znale\u017a\u0107 spos\u00f3b na uwolnienie si\u0119 i odnalezienie prawdziwego szcz\u0119\u015bcia.<br \/>\nPrzy drugiej historii- o \u201eCalineczce\u201d- dzieci mog\u0142y przenie\u015b\u0107 si\u0119 do magicznego ogrodu, gdzie j\u0105 pozna\u0142y- male\u0144k\u0105 dziewczynk\u0119, kt\u00f3ra pomimo swojej wielko\u015bci odnalaz\u0142a si\u0142\u0119 i odwag\u0119, by pokona\u0107 przeciwno\u015bci losu. Ma\u0142a bohaterka sta\u0142a si\u0119 symbolem nadziei i wytrwa\u0142o\u015bci. Poprzez t\u0119 opowie\u015b\u0107 dzieci mog\u0142y lepiej zrozumie\u0107, jak wa\u017cne jest, by wierzy\u0107 w siebie, nawet gdy sytuacja wydaje si\u0119 bardzo trudna.<br \/>\n\u00a0\u00a0\u00a0 Na zako\u0144czenie chcia\u0142abym wszystkim dzieciom, Dyrekcji oraz wspania\u0142ym Ciociom \u017cyczy\u0107 zdrowych, spokojnych \u015awi\u0105t Wielkanocnych, smacznego jajka i \u201emokru\u015bkiego\u201d \u015amigusa-dyngusa!<br \/>\n\u00a0\u00a0\u00a0\u00a0 \u00a0\u00a0\u00a0\u00a0\u00a0\u00a0\u00a0\u00a0\u00a0\u00a0\u00a0\u00a0\u00a0\u00a0\u00a0\u00a0\u00a0\u00a0\u00a0\u00a0\u00a0\u00a0\u00a0\u00a0\u00a0\u00a0\u00a0\u00a0\u00a0\u00a0\u00a0\u00a0\u00a0\u00a0\u00a0\u00a0\u00a0\u00a0\u00a0Opr. Joanna Olejniczak<br \/>\n<img src='https:\/\/biblioteka-gabin.pl\/wp-content\/uploads\/archive\/pliki\/obraz\/2025\/kwiecie\/skqczjka.jpg'><br \/>\n<a href='https:\/\/biblioteka-gabin.pl\/wp-content\/uploads\/archive\/galleries\/676\/nmnht84v-6224aabe7c.jpg'><img style='max-height:300px;' src='https:\/\/biblioteka-gabin.pl\/wp-content\/uploads\/archive\/galleries\/676\/nmnht84v-6224aabe7c.jpg'><\/a><br \/>\n<a href='https:\/\/biblioteka-gabin.pl\/wp-content\/uploads\/archive\/galleries\/676\/2hn1hrbi-49ae0d50dc.jpg'><img style='max-height:300px;' src='https:\/\/biblioteka-gabin.pl\/wp-content\/uploads\/archive\/galleries\/676\/2hn1hrbi-49ae0d50dc.jpg'><\/a><br \/>\n<a href='https:\/\/biblioteka-gabin.pl\/wp-content\/uploads\/archive\/galleries\/676\/u3vytrge-d6c50fab6a.jpg'><img style='max-height:300px;' src='https:\/\/biblioteka-gabin.pl\/wp-content\/uploads\/archive\/galleries\/676\/u3vytrge-d6c50fab6a.jpg'><\/a><br \/>\n<a href='https:\/\/biblioteka-gabin.pl\/wp-content\/uploads\/archive\/galleries\/676\/4ft9xzqz-efac249e05.jpg'><img style='max-height:300px;' src='https:\/\/biblioteka-gabin.pl\/wp-content\/uploads\/archive\/galleries\/676\/4ft9xzqz-efac249e05.jpg'><\/a><br \/>\n<a href='https:\/\/biblioteka-gabin.pl\/wp-content\/uploads\/archive\/galleries\/676\/skqczjka-f8edc0870b.jpg'><img style='max-height:300px;' src='https:\/\/biblioteka-gabin.pl\/wp-content\/uploads\/archive\/galleries\/676\/skqczjka-f8edc0870b.jpg'><\/a><br \/>\n<a href='https:\/\/biblioteka-gabin.pl\/wp-content\/uploads\/archive\/galleries\/676\/tosyx3ej-c89797f854.jpg'><img style='max-height:300px;' src='https:\/\/biblioteka-gabin.pl\/wp-content\/uploads\/archive\/galleries\/676\/tosyx3ej-c89797f854.jpg'><\/a><br \/>\n<a href='https:\/\/biblioteka-gabin.pl\/wp-content\/uploads\/archive\/galleries\/676\/51nv6lio-79e2815c59.jpg'><img style='max-height:300px;' src='https:\/\/biblioteka-gabin.pl\/wp-content\/uploads\/archive\/galleries\/676\/51nv6lio-79e2815c59.jpg'><\/a><br \/>\n<a href='https:\/\/biblioteka-gabin.pl\/wp-content\/uploads\/archive\/galleries\/676\/rst8i7ej-55add6fd36.jpg'><img style='max-height:300px;' src='https:\/\/biblioteka-gabin.pl\/wp-content\/uploads\/archive\/galleries\/676\/rst8i7ej-55add6fd36.jpg'><\/a><br \/>\n<a href='https:\/\/biblioteka-gabin.pl\/wp-content\/uploads\/archive\/galleries\/676\/mr9mg7mf-9b9ccb543f.jpg'><img style='max-height:300px;' src='https:\/\/biblioteka-gabin.pl\/wp-content\/uploads\/archive\/galleries\/676\/mr9mg7mf-9b9ccb543f.jpg'><\/a><br \/>\n<a href='https:\/\/biblioteka-gabin.pl\/wp-content\/uploads\/archive\/galleries\/676\/4882732554032112217113882496784780274666633n-a71984c50c.jpg'><img style='max-height:300px;' src='https:\/\/biblioteka-gabin.pl\/wp-content\/uploads\/archive\/galleries\/676\/4882732554032112217113882496784780274666633n-a71984c50c.jpg'><\/a><br \/>\n<a href='https:\/\/biblioteka-gabin.pl\/wp-content\/uploads\/archive\/galleries\/676\/mckwin6q-66df0c4bd8.jpg'><img style='max-height:300px;' src='https:\/\/biblioteka-gabin.pl\/wp-content\/uploads\/archive\/galleries\/676\/mckwin6q-66df0c4bd8.jpg'><\/a><br \/>\n<a href='https:\/\/biblioteka-gabin.pl\/wp-content\/uploads\/archive\/galleries\/676\/broo3kmp-777028e313.jpg'><img style='max-height:300px;' src='https:\/\/biblioteka-gabin.pl\/wp-content\/uploads\/archive\/galleries\/676\/broo3kmp-777028e313.jpg'><\/a><\/p>\n","protected":false},"excerpt":{"rendered":"<p>Z okazji zbli\u017caj\u0105cych si\u0119 \u015bwi\u0105t w grupie \u201e\u017babek\u201d i \u201eRybek\u201d<\/p>\n","protected":false},"author":1,"featured_media":0,"comment_status":"open","ping_status":"open","sticky":false,"template":"","format":"standard","meta":{"footnotes":""},"categories":[36],"tags":[],"class_list":["post-8509","post","type-post","status-publish","format-standard","hentry","category-main"],"yoast_head":"<!-- This site is optimized with the Yoast SEO plugin v27.4 - https:\/\/yoast.com\/product\/yoast-seo-wordpress\/ -->\n<title>&quot;Spotkanie z bajk\u0105&quot; w Przedszkolu w Podlasiu (09.04.2025) - Miejsko-Gminna Biblioteka Publiczna w G\u0105binie<\/title>\n<meta name=\"robots\" content=\"index, follow, max-snippet:-1, max-image-preview:large, max-video-preview:-1\" \/>\n<link rel=\"canonical\" href=\"http:\/\/biblioteka-gabin.pl\/index.php\/2025\/04\/09\/spotkanie-z-bajka-w-przedszkolu-w-podlasiu-09-04-2025\/\" \/>\n<meta property=\"og:locale\" content=\"pl_PL\" \/>\n<meta property=\"og:type\" content=\"article\" \/>\n<meta property=\"og:title\" content=\"&quot;Spotkanie z bajk\u0105&quot; w Przedszkolu w Podlasiu (09.04.2025) - Miejsko-Gminna Biblioteka Publiczna w G\u0105binie\" \/>\n<meta property=\"og:description\" content=\"Z okazji zbli\u017caj\u0105cych si\u0119 \u015bwi\u0105t w grupie \u201e\u017babek\u201d i \u201eRybek\u201d\" \/>\n<meta property=\"og:url\" content=\"http:\/\/biblioteka-gabin.pl\/index.php\/2025\/04\/09\/spotkanie-z-bajka-w-przedszkolu-w-podlasiu-09-04-2025\/\" \/>\n<meta property=\"og:site_name\" content=\"Miejsko-Gminna Biblioteka Publiczna w G\u0105binie\" \/>\n<meta property=\"article:publisher\" content=\"https:\/\/www.facebook.com\/bibliotekagabin\" \/>\n<meta property=\"article:published_time\" content=\"2025-04-09T00:00:00+00:00\" \/>\n<meta property=\"og:image\" content=\"https:\/\/biblioteka-gabin.pl\/wp-content\/uploads\/archive\/pliki\/obraz\/2025\/kwiecie\/skqczjka.jpg\" \/>\n<meta name=\"author\" content=\"admin\" \/>\n<meta name=\"twitter:card\" content=\"summary_large_image\" \/>\n<meta name=\"twitter:label1\" content=\"Napisane przez\" \/>\n\t<meta name=\"twitter:data1\" content=\"admin\" \/>\n\t<meta name=\"twitter:label2\" content=\"Szacowany czas czytania\" \/>\n\t<meta name=\"twitter:data2\" content=\"2 minuty\" \/>\n<script type=\"application\/ld+json\" class=\"yoast-schema-graph\">{\"@context\":\"https:\\\/\\\/schema.org\",\"@graph\":[{\"@type\":\"Article\",\"@id\":\"http:\\\/\\\/biblioteka-gabin.pl\\\/index.php\\\/2025\\\/04\\\/09\\\/spotkanie-z-bajka-w-przedszkolu-w-podlasiu-09-04-2025\\\/#article\",\"isPartOf\":{\"@id\":\"http:\\\/\\\/biblioteka-gabin.pl\\\/index.php\\\/2025\\\/04\\\/09\\\/spotkanie-z-bajka-w-przedszkolu-w-podlasiu-09-04-2025\\\/\"},\"author\":{\"name\":\"admin\",\"@id\":\"https:\\\/\\\/biblioteka-gabin.pl\\\/#\\\/schema\\\/person\\\/2067b97c24663d987ef6ef95bed7c99a\"},\"headline\":\"&#8222;Spotkanie z bajk\u0105&#8221; w Przedszkolu w Podlasiu (09.04.2025)\",\"datePublished\":\"2025-04-09T00:00:00+00:00\",\"mainEntityOfPage\":{\"@id\":\"http:\\\/\\\/biblioteka-gabin.pl\\\/index.php\\\/2025\\\/04\\\/09\\\/spotkanie-z-bajka-w-przedszkolu-w-podlasiu-09-04-2025\\\/\"},\"wordCount\":418,\"commentCount\":0,\"publisher\":{\"@id\":\"https:\\\/\\\/biblioteka-gabin.pl\\\/#organization\"},\"image\":{\"@id\":\"http:\\\/\\\/biblioteka-gabin.pl\\\/index.php\\\/2025\\\/04\\\/09\\\/spotkanie-z-bajka-w-przedszkolu-w-podlasiu-09-04-2025\\\/#primaryimage\"},\"thumbnailUrl\":\"https:\\\/\\\/biblioteka-gabin.pl\\\/wp-content\\\/uploads\\\/archive\\\/pliki\\\/obraz\\\/2025\\\/kwiecie\\\/skqczjka.jpg\",\"articleSection\":[\"Main\"],\"inLanguage\":\"pl-PL\",\"potentialAction\":[{\"@type\":\"CommentAction\",\"name\":\"Comment\",\"target\":[\"http:\\\/\\\/biblioteka-gabin.pl\\\/index.php\\\/2025\\\/04\\\/09\\\/spotkanie-z-bajka-w-przedszkolu-w-podlasiu-09-04-2025\\\/#respond\"]}]},{\"@type\":\"WebPage\",\"@id\":\"http:\\\/\\\/biblioteka-gabin.pl\\\/index.php\\\/2025\\\/04\\\/09\\\/spotkanie-z-bajka-w-przedszkolu-w-podlasiu-09-04-2025\\\/\",\"url\":\"http:\\\/\\\/biblioteka-gabin.pl\\\/index.php\\\/2025\\\/04\\\/09\\\/spotkanie-z-bajka-w-przedszkolu-w-podlasiu-09-04-2025\\\/\",\"name\":\"\\\"Spotkanie z bajk\u0105\\\" w Przedszkolu w Podlasiu (09.04.2025) - Miejsko-Gminna Biblioteka Publiczna w G\u0105binie\",\"isPartOf\":{\"@id\":\"https:\\\/\\\/biblioteka-gabin.pl\\\/#website\"},\"primaryImageOfPage\":{\"@id\":\"http:\\\/\\\/biblioteka-gabin.pl\\\/index.php\\\/2025\\\/04\\\/09\\\/spotkanie-z-bajka-w-przedszkolu-w-podlasiu-09-04-2025\\\/#primaryimage\"},\"image\":{\"@id\":\"http:\\\/\\\/biblioteka-gabin.pl\\\/index.php\\\/2025\\\/04\\\/09\\\/spotkanie-z-bajka-w-przedszkolu-w-podlasiu-09-04-2025\\\/#primaryimage\"},\"thumbnailUrl\":\"https:\\\/\\\/biblioteka-gabin.pl\\\/wp-content\\\/uploads\\\/archive\\\/pliki\\\/obraz\\\/2025\\\/kwiecie\\\/skqczjka.jpg\",\"datePublished\":\"2025-04-09T00:00:00+00:00\",\"breadcrumb\":{\"@id\":\"http:\\\/\\\/biblioteka-gabin.pl\\\/index.php\\\/2025\\\/04\\\/09\\\/spotkanie-z-bajka-w-przedszkolu-w-podlasiu-09-04-2025\\\/#breadcrumb\"},\"inLanguage\":\"pl-PL\",\"potentialAction\":[{\"@type\":\"ReadAction\",\"target\":[\"http:\\\/\\\/biblioteka-gabin.pl\\\/index.php\\\/2025\\\/04\\\/09\\\/spotkanie-z-bajka-w-przedszkolu-w-podlasiu-09-04-2025\\\/\"]}]},{\"@type\":\"ImageObject\",\"inLanguage\":\"pl-PL\",\"@id\":\"http:\\\/\\\/biblioteka-gabin.pl\\\/index.php\\\/2025\\\/04\\\/09\\\/spotkanie-z-bajka-w-przedszkolu-w-podlasiu-09-04-2025\\\/#primaryimage\",\"url\":\"https:\\\/\\\/biblioteka-gabin.pl\\\/wp-content\\\/uploads\\\/archive\\\/pliki\\\/obraz\\\/2025\\\/kwiecie\\\/skqczjka.jpg\",\"contentUrl\":\"https:\\\/\\\/biblioteka-gabin.pl\\\/wp-content\\\/uploads\\\/archive\\\/pliki\\\/obraz\\\/2025\\\/kwiecie\\\/skqczjka.jpg\"},{\"@type\":\"BreadcrumbList\",\"@id\":\"http:\\\/\\\/biblioteka-gabin.pl\\\/index.php\\\/2025\\\/04\\\/09\\\/spotkanie-z-bajka-w-przedszkolu-w-podlasiu-09-04-2025\\\/#breadcrumb\",\"itemListElement\":[{\"@type\":\"ListItem\",\"position\":1,\"name\":\"Strona g\u0142\u00f3wna\",\"item\":\"https:\\\/\\\/biblioteka-gabin.pl\\\/\"},{\"@type\":\"ListItem\",\"position\":2,\"name\":\"&#8222;Spotkanie z bajk\u0105&#8221; w Przedszkolu w Podlasiu (09.04.2025)\"}]},{\"@type\":\"WebSite\",\"@id\":\"https:\\\/\\\/biblioteka-gabin.pl\\\/#website\",\"url\":\"https:\\\/\\\/biblioteka-gabin.pl\\\/\",\"name\":\"Miejsko-Gminna Biblioteka Publiczna w G\u0105binie\",\"description\":\"\",\"publisher\":{\"@id\":\"https:\\\/\\\/biblioteka-gabin.pl\\\/#organization\"},\"potentialAction\":[{\"@type\":\"SearchAction\",\"target\":{\"@type\":\"EntryPoint\",\"urlTemplate\":\"https:\\\/\\\/biblioteka-gabin.pl\\\/?s={search_term_string}\"},\"query-input\":{\"@type\":\"PropertyValueSpecification\",\"valueRequired\":true,\"valueName\":\"search_term_string\"}}],\"inLanguage\":\"pl-PL\"},{\"@type\":\"Organization\",\"@id\":\"https:\\\/\\\/biblioteka-gabin.pl\\\/#organization\",\"name\":\"Miejsko-Gminna Biblioteka Publiczna w G\u0105binie\",\"url\":\"https:\\\/\\\/biblioteka-gabin.pl\\\/\",\"logo\":{\"@type\":\"ImageObject\",\"inLanguage\":\"pl-PL\",\"@id\":\"https:\\\/\\\/biblioteka-gabin.pl\\\/#\\\/schema\\\/logo\\\/image\\\/\",\"url\":\"https:\\\/\\\/biblioteka-gabin.pl\\\/wp-content\\\/uploads\\\/2025\\\/03\\\/logo-biblioteka-2-1657013691-1.jpg\",\"contentUrl\":\"https:\\\/\\\/biblioteka-gabin.pl\\\/wp-content\\\/uploads\\\/2025\\\/03\\\/logo-biblioteka-2-1657013691-1.jpg\",\"width\":1600,\"height\":772,\"caption\":\"Miejsko-Gminna Biblioteka Publiczna w G\u0105binie\"},\"image\":{\"@id\":\"https:\\\/\\\/biblioteka-gabin.pl\\\/#\\\/schema\\\/logo\\\/image\\\/\"},\"sameAs\":[\"https:\\\/\\\/www.facebook.com\\\/bibliotekagabin\",\"https:\\\/\\\/www.youtube.com\\\/@mgbpgabin9392\"]},{\"@type\":\"Person\",\"@id\":\"https:\\\/\\\/biblioteka-gabin.pl\\\/#\\\/schema\\\/person\\\/2067b97c24663d987ef6ef95bed7c99a\",\"name\":\"admin\",\"image\":{\"@type\":\"ImageObject\",\"inLanguage\":\"pl-PL\",\"@id\":\"https:\\\/\\\/secure.gravatar.com\\\/avatar\\\/e1843904e97b4e376a0fc90ae10372cd31bce9b207a7a3d2ca68fc7ca7e4174c?s=96&d=mm&r=g\",\"url\":\"https:\\\/\\\/secure.gravatar.com\\\/avatar\\\/e1843904e97b4e376a0fc90ae10372cd31bce9b207a7a3d2ca68fc7ca7e4174c?s=96&d=mm&r=g\",\"contentUrl\":\"https:\\\/\\\/secure.gravatar.com\\\/avatar\\\/e1843904e97b4e376a0fc90ae10372cd31bce9b207a7a3d2ca68fc7ca7e4174c?s=96&d=mm&r=g\",\"caption\":\"admin\"},\"sameAs\":[\"http:\\\/\\\/strona.biblioteka-gabin.pl\"],\"url\":\"http:\\\/\\\/biblioteka-gabin.pl\\\/index.php\\\/author\\\/admin\\\/\"}]}<\/script>\n<!-- \/ Yoast SEO plugin. -->","yoast_head_json":{"title":"\"Spotkanie z bajk\u0105\" w Przedszkolu w Podlasiu (09.04.2025) - Miejsko-Gminna Biblioteka Publiczna w G\u0105binie","robots":{"index":"index","follow":"follow","max-snippet":"max-snippet:-1","max-image-preview":"max-image-preview:large","max-video-preview":"max-video-preview:-1"},"canonical":"http:\/\/biblioteka-gabin.pl\/index.php\/2025\/04\/09\/spotkanie-z-bajka-w-przedszkolu-w-podlasiu-09-04-2025\/","og_locale":"pl_PL","og_type":"article","og_title":"\"Spotkanie z bajk\u0105\" w Przedszkolu w Podlasiu (09.04.2025) - Miejsko-Gminna Biblioteka Publiczna w G\u0105binie","og_description":"Z okazji zbli\u017caj\u0105cych si\u0119 \u015bwi\u0105t w grupie \u201e\u017babek\u201d i \u201eRybek\u201d","og_url":"http:\/\/biblioteka-gabin.pl\/index.php\/2025\/04\/09\/spotkanie-z-bajka-w-przedszkolu-w-podlasiu-09-04-2025\/","og_site_name":"Miejsko-Gminna Biblioteka Publiczna w G\u0105binie","article_publisher":"https:\/\/www.facebook.com\/bibliotekagabin","article_published_time":"2025-04-09T00:00:00+00:00","og_image":[{"url":"https:\/\/biblioteka-gabin.pl\/wp-content\/uploads\/archive\/pliki\/obraz\/2025\/kwiecie\/skqczjka.jpg","type":"","width":"","height":""}],"author":"admin","twitter_card":"summary_large_image","twitter_misc":{"Napisane przez":"admin","Szacowany czas czytania":"2 minuty"},"schema":{"@context":"https:\/\/schema.org","@graph":[{"@type":"Article","@id":"http:\/\/biblioteka-gabin.pl\/index.php\/2025\/04\/09\/spotkanie-z-bajka-w-przedszkolu-w-podlasiu-09-04-2025\/#article","isPartOf":{"@id":"http:\/\/biblioteka-gabin.pl\/index.php\/2025\/04\/09\/spotkanie-z-bajka-w-przedszkolu-w-podlasiu-09-04-2025\/"},"author":{"name":"admin","@id":"https:\/\/biblioteka-gabin.pl\/#\/schema\/person\/2067b97c24663d987ef6ef95bed7c99a"},"headline":"&#8222;Spotkanie z bajk\u0105&#8221; w Przedszkolu w Podlasiu (09.04.2025)","datePublished":"2025-04-09T00:00:00+00:00","mainEntityOfPage":{"@id":"http:\/\/biblioteka-gabin.pl\/index.php\/2025\/04\/09\/spotkanie-z-bajka-w-przedszkolu-w-podlasiu-09-04-2025\/"},"wordCount":418,"commentCount":0,"publisher":{"@id":"https:\/\/biblioteka-gabin.pl\/#organization"},"image":{"@id":"http:\/\/biblioteka-gabin.pl\/index.php\/2025\/04\/09\/spotkanie-z-bajka-w-przedszkolu-w-podlasiu-09-04-2025\/#primaryimage"},"thumbnailUrl":"https:\/\/biblioteka-gabin.pl\/wp-content\/uploads\/archive\/pliki\/obraz\/2025\/kwiecie\/skqczjka.jpg","articleSection":["Main"],"inLanguage":"pl-PL","potentialAction":[{"@type":"CommentAction","name":"Comment","target":["http:\/\/biblioteka-gabin.pl\/index.php\/2025\/04\/09\/spotkanie-z-bajka-w-przedszkolu-w-podlasiu-09-04-2025\/#respond"]}]},{"@type":"WebPage","@id":"http:\/\/biblioteka-gabin.pl\/index.php\/2025\/04\/09\/spotkanie-z-bajka-w-przedszkolu-w-podlasiu-09-04-2025\/","url":"http:\/\/biblioteka-gabin.pl\/index.php\/2025\/04\/09\/spotkanie-z-bajka-w-przedszkolu-w-podlasiu-09-04-2025\/","name":"\"Spotkanie z bajk\u0105\" w Przedszkolu w Podlasiu (09.04.2025) - Miejsko-Gminna Biblioteka Publiczna w G\u0105binie","isPartOf":{"@id":"https:\/\/biblioteka-gabin.pl\/#website"},"primaryImageOfPage":{"@id":"http:\/\/biblioteka-gabin.pl\/index.php\/2025\/04\/09\/spotkanie-z-bajka-w-przedszkolu-w-podlasiu-09-04-2025\/#primaryimage"},"image":{"@id":"http:\/\/biblioteka-gabin.pl\/index.php\/2025\/04\/09\/spotkanie-z-bajka-w-przedszkolu-w-podlasiu-09-04-2025\/#primaryimage"},"thumbnailUrl":"https:\/\/biblioteka-gabin.pl\/wp-content\/uploads\/archive\/pliki\/obraz\/2025\/kwiecie\/skqczjka.jpg","datePublished":"2025-04-09T00:00:00+00:00","breadcrumb":{"@id":"http:\/\/biblioteka-gabin.pl\/index.php\/2025\/04\/09\/spotkanie-z-bajka-w-przedszkolu-w-podlasiu-09-04-2025\/#breadcrumb"},"inLanguage":"pl-PL","potentialAction":[{"@type":"ReadAction","target":["http:\/\/biblioteka-gabin.pl\/index.php\/2025\/04\/09\/spotkanie-z-bajka-w-przedszkolu-w-podlasiu-09-04-2025\/"]}]},{"@type":"ImageObject","inLanguage":"pl-PL","@id":"http:\/\/biblioteka-gabin.pl\/index.php\/2025\/04\/09\/spotkanie-z-bajka-w-przedszkolu-w-podlasiu-09-04-2025\/#primaryimage","url":"https:\/\/biblioteka-gabin.pl\/wp-content\/uploads\/archive\/pliki\/obraz\/2025\/kwiecie\/skqczjka.jpg","contentUrl":"https:\/\/biblioteka-gabin.pl\/wp-content\/uploads\/archive\/pliki\/obraz\/2025\/kwiecie\/skqczjka.jpg"},{"@type":"BreadcrumbList","@id":"http:\/\/biblioteka-gabin.pl\/index.php\/2025\/04\/09\/spotkanie-z-bajka-w-przedszkolu-w-podlasiu-09-04-2025\/#breadcrumb","itemListElement":[{"@type":"ListItem","position":1,"name":"Strona g\u0142\u00f3wna","item":"https:\/\/biblioteka-gabin.pl\/"},{"@type":"ListItem","position":2,"name":"&#8222;Spotkanie z bajk\u0105&#8221; w Przedszkolu w Podlasiu (09.04.2025)"}]},{"@type":"WebSite","@id":"https:\/\/biblioteka-gabin.pl\/#website","url":"https:\/\/biblioteka-gabin.pl\/","name":"Miejsko-Gminna Biblioteka Publiczna w G\u0105binie","description":"","publisher":{"@id":"https:\/\/biblioteka-gabin.pl\/#organization"},"potentialAction":[{"@type":"SearchAction","target":{"@type":"EntryPoint","urlTemplate":"https:\/\/biblioteka-gabin.pl\/?s={search_term_string}"},"query-input":{"@type":"PropertyValueSpecification","valueRequired":true,"valueName":"search_term_string"}}],"inLanguage":"pl-PL"},{"@type":"Organization","@id":"https:\/\/biblioteka-gabin.pl\/#organization","name":"Miejsko-Gminna Biblioteka Publiczna w G\u0105binie","url":"https:\/\/biblioteka-gabin.pl\/","logo":{"@type":"ImageObject","inLanguage":"pl-PL","@id":"https:\/\/biblioteka-gabin.pl\/#\/schema\/logo\/image\/","url":"https:\/\/biblioteka-gabin.pl\/wp-content\/uploads\/2025\/03\/logo-biblioteka-2-1657013691-1.jpg","contentUrl":"https:\/\/biblioteka-gabin.pl\/wp-content\/uploads\/2025\/03\/logo-biblioteka-2-1657013691-1.jpg","width":1600,"height":772,"caption":"Miejsko-Gminna Biblioteka Publiczna w G\u0105binie"},"image":{"@id":"https:\/\/biblioteka-gabin.pl\/#\/schema\/logo\/image\/"},"sameAs":["https:\/\/www.facebook.com\/bibliotekagabin","https:\/\/www.youtube.com\/@mgbpgabin9392"]},{"@type":"Person","@id":"https:\/\/biblioteka-gabin.pl\/#\/schema\/person\/2067b97c24663d987ef6ef95bed7c99a","name":"admin","image":{"@type":"ImageObject","inLanguage":"pl-PL","@id":"https:\/\/secure.gravatar.com\/avatar\/e1843904e97b4e376a0fc90ae10372cd31bce9b207a7a3d2ca68fc7ca7e4174c?s=96&d=mm&r=g","url":"https:\/\/secure.gravatar.com\/avatar\/e1843904e97b4e376a0fc90ae10372cd31bce9b207a7a3d2ca68fc7ca7e4174c?s=96&d=mm&r=g","contentUrl":"https:\/\/secure.gravatar.com\/avatar\/e1843904e97b4e376a0fc90ae10372cd31bce9b207a7a3d2ca68fc7ca7e4174c?s=96&d=mm&r=g","caption":"admin"},"sameAs":["http:\/\/strona.biblioteka-gabin.pl"],"url":"http:\/\/biblioteka-gabin.pl\/index.php\/author\/admin\/"}]}},"_links":{"self":[{"href":"http:\/\/biblioteka-gabin.pl\/index.php\/wp-json\/wp\/v2\/posts\/8509","targetHints":{"allow":["GET"]}}],"collection":[{"href":"http:\/\/biblioteka-gabin.pl\/index.php\/wp-json\/wp\/v2\/posts"}],"about":[{"href":"http:\/\/biblioteka-gabin.pl\/index.php\/wp-json\/wp\/v2\/types\/post"}],"author":[{"embeddable":true,"href":"http:\/\/biblioteka-gabin.pl\/index.php\/wp-json\/wp\/v2\/users\/1"}],"replies":[{"embeddable":true,"href":"http:\/\/biblioteka-gabin.pl\/index.php\/wp-json\/wp\/v2\/comments?post=8509"}],"version-history":[{"count":0,"href":"http:\/\/biblioteka-gabin.pl\/index.php\/wp-json\/wp\/v2\/posts\/8509\/revisions"}],"wp:attachment":[{"href":"http:\/\/biblioteka-gabin.pl\/index.php\/wp-json\/wp\/v2\/media?parent=8509"}],"wp:term":[{"taxonomy":"category","embeddable":true,"href":"http:\/\/biblioteka-gabin.pl\/index.php\/wp-json\/wp\/v2\/categories?post=8509"},{"taxonomy":"post_tag","embeddable":true,"href":"http:\/\/biblioteka-gabin.pl\/index.php\/wp-json\/wp\/v2\/tags?post=8509"}],"curies":[{"name":"wp","href":"https:\/\/api.w.org\/{rel}","templated":true}]}}