{"id":8515,"date":"2025-03-21T00:00:00","date_gmt":"2025-03-21T00:00:00","guid":{"rendered":"https:\/\/biblioteka-gabin.pl\/index.php\/2025\/03\/21\/spotkanie-z-bajka-w-przedszkolu-w-podlasiu-19-03-2025\/"},"modified":"2025-03-21T00:00:00","modified_gmt":"2025-03-21T00:00:00","slug":"spotkanie-z-bajka-w-przedszkolu-w-podlasiu-19-03-2025","status":"publish","type":"post","link":"http:\/\/biblioteka-gabin.pl\/index.php\/2025\/03\/21\/spotkanie-z-bajka-w-przedszkolu-w-podlasiu-19-03-2025\/","title":{"rendered":"&#8222;Spotkanie z bajk\u0105&#8221; w Przedszkolu w Podlasiu (19.03.2025)"},"content":{"rendered":"<p>Spotkanie z dzie\u0107mi w Przedszkolu to doskona\u0142a okazja, by przybli\u017cy\u0107 maluchom przygody znanych postaci. Ksi\u0105\u017cki i Misiu Paddingtonie i \u015awince Peppie s\u0105 \u015bwietnym wyborem, poniewa\u017c \u0142\u0105cz\u0105 w sobie zabawne historie z warto\u015bciowymi lekcjami.<br \/>\n\u00a0\u00a0\u00a0 Podczas czytania ksi\u0105\u017cki o Misiu Paddingtonie w grupie \u201e\u017babek\u201d mog\u0142am skupi\u0107 si\u0119 na warto\u015bciach takich jak przyja\u017a\u0144, go\u015bcinno\u015b\u0107 i r\u00f3\u017cnorodno\u015b\u0107, kt\u00f3re s\u0105 obecne w przygodach misia z Peru. Paddington, b\u0119d\u0105cy nieco niezdarnym, ale zawsze pe\u0142nym dobrych intencji bohaterem, z pewno\u015bci\u0105 rozbawi\u0142 dzieci i z pewno\u015bci\u0105 zach\u0119ci\u0142 do empatii. Przyk\u0142adem tego by\u0142a opowie\u015b\u0107, kt\u00f3r\u0105 przeczyta\u0142am \u201eMi\u015b Paddington i spacerek literek\u201d -M. Bond. Zawsze \u017cyczliwy i u\u015bmiechni\u0119ty Mi\u015b przypad\u0142 do gustu s\u0142uchaczom, z du\u017c\u0105 uwag\u0105 i u\u015bmiechem wys\u0142uchali jego przyg\u00f3d.<br \/>\nDodatkowo dzieci wys\u0142ucha\u0142y historii ma\u0142ego je\u017cyka w bajce J. Poh pt. \u201eWielka przygoda Je\u017cyka\u201d. M\u0105dra i wzruszaj\u0105ca opowie\u015b\u0107, kt\u00f3ra mia\u0142a na celu wskaza\u0107 dzieciom, jak by\u0107 samodzielnym, zaradnym, jak radzi\u0107 sobie z ka\u017cdym nowym wyzwaniem. Bajka pokaza\u0142a dzieciom jak znale\u017a\u0107 w sobie odwag\u0119, by odkrywa\u0107 wielki, szeroki \u015bwiat.<br \/>\n\u00a0\u00a0\u00a0\u00a0\u00a0 \u201eRybki\u201d- m\u0142odsza z grup wys\u0142ucha\u0142a bajki pt. \u201eCo lubi \u015awinka Peppa?\u201d. Ta ksi\u0105\u017cka to znakomita okazja do wprowadzenia maluch\u00f3w w codzienne \u017cycie, rodzinne relacje i przyja\u017anie. Peppa, ze swoj\u0105 ciekawo\u015bci\u0105 i \u017cartobliwym podej\u015bciem do r\u00f3\u017cnych sytuacji, dostarczy\u0142a dzieciom mn\u00f3stwo \u015bmiechu i przyjemnych chwil, ale przede wszystkim uczy\u0142a o warto\u015bciach takich jak wsp\u00f3\u0142praca czy zrozumienie.<br \/>\nKolejn\u0105 bajk\u0105 jaka odczyta\u0142am by\u0142a ksi\u0105\u017cka d\u017awi\u0119kowa S. Gowina pt. \u201eZwierz\u0119ta w zoo\u201d. Urocza ma\u0142pka, s\u0142o\u0144, delfin, lew- to w\u0142a\u015bnie takie zwierz\u0105tka prezentowa\u0142y swoje odg\u0142osy w tej\u017ce ksi\u0105\u017cce. Wsp\u00f3lna rozmowa z dzie\u0107mi na temat zwierzak\u00f3w znajduj\u0105cych si\u0119 w zoo z pewno\u015bci\u0105 mog\u0142aby trwa\u0107 zdecydowanie d\u0142u\u017cej, lecz czas niestety goni\u0142\u2026<br \/>\n\u00a0\u00a0\u00a0 Czytanie dzieciom, tak zas\u0142uchanym to sama przyjemno\u015b\u0107 dla bibliotekarza\u2026 Za dzisiejsze spotkanie serdecznie dzi\u0119kuj\u0119 i z ut\u0119sknieniem czekam na nast\u0119pne\u2026<br \/>\n\u00a0\u00a0\u00a0\u00a0\u00a0\u00a0\u00a0\u00a0\u00a0\u00a0\u00a0\u00a0\u00a0\u00a0\u00a0\u00a0\u00a0\u00a0\u00a0\u00a0\u00a0\u00a0\u00a0\u00a0\u00a0\u00a0\u00a0\u00a0\u00a0\u00a0\u00a0\u00a0\u00a0\u00a0\u00a0\u00a0\u00a0 Opr. Joanna Olejniczak<br \/>\n<img src='https:\/\/biblioteka-gabin.pl\/wp-content\/uploads\/archive\/pliki\/obraz\/2025\/marzec\/sx5i80e4.jpg'><br \/>\n<a href='https:\/\/biblioteka-gabin.pl\/wp-content\/uploads\/archive\/galleries\/670\/sx5i80e4-3f2e169698.jpg'><img style='max-height:300px;' src='https:\/\/biblioteka-gabin.pl\/wp-content\/uploads\/archive\/galleries\/670\/sx5i80e4-3f2e169698.jpg'><\/a><br \/>\n<a href='https:\/\/biblioteka-gabin.pl\/wp-content\/uploads\/archive\/galleries\/670\/0edwupu1-9776d11cb5.jpg'><img style='max-height:300px;' src='https:\/\/biblioteka-gabin.pl\/wp-content\/uploads\/archive\/galleries\/670\/0edwupu1-9776d11cb5.jpg'><\/a><br \/>\n<a href='https:\/\/biblioteka-gabin.pl\/wp-content\/uploads\/archive\/galleries\/670\/hjs0hh6q-968b50de6c.jpg'><img style='max-height:300px;' src='https:\/\/biblioteka-gabin.pl\/wp-content\/uploads\/archive\/galleries\/670\/hjs0hh6q-968b50de6c.jpg'><\/a><br \/>\n<a href='https:\/\/biblioteka-gabin.pl\/wp-content\/uploads\/archive\/galleries\/670\/0ocwqj1s-537591334a.jpg'><img style='max-height:300px;' src='https:\/\/biblioteka-gabin.pl\/wp-content\/uploads\/archive\/galleries\/670\/0ocwqj1s-537591334a.jpg'><\/a><br \/>\n<a href='https:\/\/biblioteka-gabin.pl\/wp-content\/uploads\/archive\/galleries\/670\/hjs0hh6q-24077eb5ce.jpg'><img style='max-height:300px;' src='https:\/\/biblioteka-gabin.pl\/wp-content\/uploads\/archive\/galleries\/670\/hjs0hh6q-24077eb5ce.jpg'><\/a><br \/>\n<a href='https:\/\/biblioteka-gabin.pl\/wp-content\/uploads\/archive\/galleries\/670\/dn1plels-0732558435.jpg'><img style='max-height:300px;' src='https:\/\/biblioteka-gabin.pl\/wp-content\/uploads\/archive\/galleries\/670\/dn1plels-0732558435.jpg'><\/a><br \/>\n<a href='https:\/\/biblioteka-gabin.pl\/wp-content\/uploads\/archive\/galleries\/670\/gqgdegn1-6026981ce5.jpg'><img style='max-height:300px;' src='https:\/\/biblioteka-gabin.pl\/wp-content\/uploads\/archive\/galleries\/670\/gqgdegn1-6026981ce5.jpg'><\/a><br \/>\n<a href='https:\/\/biblioteka-gabin.pl\/wp-content\/uploads\/archive\/galleries\/670\/h8fznypn-48c0268bb5.jpg'><img style='max-height:300px;' src='https:\/\/biblioteka-gabin.pl\/wp-content\/uploads\/archive\/galleries\/670\/h8fznypn-48c0268bb5.jpg'><\/a><br \/>\n<a href='https:\/\/biblioteka-gabin.pl\/wp-content\/uploads\/archive\/galleries\/670\/ek6cyuo-5131dce552.jpg'><img style='max-height:300px;' src='https:\/\/biblioteka-gabin.pl\/wp-content\/uploads\/archive\/galleries\/670\/ek6cyuo-5131dce552.jpg'><\/a><\/p>\n","protected":false},"excerpt":{"rendered":"<p>Spotkanie z dzie\u0107mi w Przedszkolu to doskona\u0142a okazja, by przybli\u017cy\u0107<\/p>\n","protected":false},"author":1,"featured_media":0,"comment_status":"open","ping_status":"open","sticky":false,"template":"","format":"standard","meta":{"footnotes":""},"categories":[36],"tags":[],"class_list":["post-8515","post","type-post","status-publish","format-standard","hentry","category-main"],"yoast_head":"<!-- This site is optimized with the Yoast SEO plugin v27.4 - https:\/\/yoast.com\/product\/yoast-seo-wordpress\/ -->\n<title>&quot;Spotkanie z bajk\u0105&quot; w Przedszkolu w Podlasiu (19.03.2025) - Miejsko-Gminna Biblioteka Publiczna w G\u0105binie<\/title>\n<meta name=\"robots\" content=\"index, follow, max-snippet:-1, max-image-preview:large, max-video-preview:-1\" \/>\n<link rel=\"canonical\" href=\"http:\/\/biblioteka-gabin.pl\/index.php\/2025\/03\/21\/spotkanie-z-bajka-w-przedszkolu-w-podlasiu-19-03-2025\/\" \/>\n<meta property=\"og:locale\" content=\"pl_PL\" \/>\n<meta property=\"og:type\" content=\"article\" \/>\n<meta property=\"og:title\" content=\"&quot;Spotkanie z bajk\u0105&quot; w Przedszkolu w Podlasiu (19.03.2025) - Miejsko-Gminna Biblioteka Publiczna w G\u0105binie\" \/>\n<meta property=\"og:description\" content=\"Spotkanie z dzie\u0107mi w Przedszkolu to doskona\u0142a okazja, by przybli\u017cy\u0107\" \/>\n<meta property=\"og:url\" content=\"http:\/\/biblioteka-gabin.pl\/index.php\/2025\/03\/21\/spotkanie-z-bajka-w-przedszkolu-w-podlasiu-19-03-2025\/\" \/>\n<meta property=\"og:site_name\" content=\"Miejsko-Gminna Biblioteka Publiczna w G\u0105binie\" \/>\n<meta property=\"article:publisher\" content=\"https:\/\/www.facebook.com\/bibliotekagabin\" \/>\n<meta property=\"article:published_time\" content=\"2025-03-21T00:00:00+00:00\" \/>\n<meta property=\"og:image\" content=\"https:\/\/biblioteka-gabin.pl\/wp-content\/uploads\/archive\/pliki\/obraz\/2025\/marzec\/sx5i80e4.jpg\" \/>\n<meta name=\"author\" content=\"admin\" \/>\n<meta name=\"twitter:card\" content=\"summary_large_image\" \/>\n<meta name=\"twitter:label1\" content=\"Napisane przez\" \/>\n\t<meta name=\"twitter:data1\" content=\"admin\" \/>\n\t<meta name=\"twitter:label2\" content=\"Szacowany czas czytania\" \/>\n\t<meta name=\"twitter:data2\" content=\"2 minuty\" \/>\n<script type=\"application\/ld+json\" class=\"yoast-schema-graph\">{\"@context\":\"https:\\\/\\\/schema.org\",\"@graph\":[{\"@type\":\"Article\",\"@id\":\"http:\\\/\\\/biblioteka-gabin.pl\\\/index.php\\\/2025\\\/03\\\/21\\\/spotkanie-z-bajka-w-przedszkolu-w-podlasiu-19-03-2025\\\/#article\",\"isPartOf\":{\"@id\":\"http:\\\/\\\/biblioteka-gabin.pl\\\/index.php\\\/2025\\\/03\\\/21\\\/spotkanie-z-bajka-w-przedszkolu-w-podlasiu-19-03-2025\\\/\"},\"author\":{\"name\":\"admin\",\"@id\":\"https:\\\/\\\/biblioteka-gabin.pl\\\/#\\\/schema\\\/person\\\/2067b97c24663d987ef6ef95bed7c99a\"},\"headline\":\"&#8222;Spotkanie z bajk\u0105&#8221; w Przedszkolu w Podlasiu (19.03.2025)\",\"datePublished\":\"2025-03-21T00:00:00+00:00\",\"mainEntityOfPage\":{\"@id\":\"http:\\\/\\\/biblioteka-gabin.pl\\\/index.php\\\/2025\\\/03\\\/21\\\/spotkanie-z-bajka-w-przedszkolu-w-podlasiu-19-03-2025\\\/\"},\"wordCount\":372,\"commentCount\":0,\"publisher\":{\"@id\":\"https:\\\/\\\/biblioteka-gabin.pl\\\/#organization\"},\"image\":{\"@id\":\"http:\\\/\\\/biblioteka-gabin.pl\\\/index.php\\\/2025\\\/03\\\/21\\\/spotkanie-z-bajka-w-przedszkolu-w-podlasiu-19-03-2025\\\/#primaryimage\"},\"thumbnailUrl\":\"https:\\\/\\\/biblioteka-gabin.pl\\\/wp-content\\\/uploads\\\/archive\\\/pliki\\\/obraz\\\/2025\\\/marzec\\\/sx5i80e4.jpg\",\"articleSection\":[\"Main\"],\"inLanguage\":\"pl-PL\",\"potentialAction\":[{\"@type\":\"CommentAction\",\"name\":\"Comment\",\"target\":[\"http:\\\/\\\/biblioteka-gabin.pl\\\/index.php\\\/2025\\\/03\\\/21\\\/spotkanie-z-bajka-w-przedszkolu-w-podlasiu-19-03-2025\\\/#respond\"]}]},{\"@type\":\"WebPage\",\"@id\":\"http:\\\/\\\/biblioteka-gabin.pl\\\/index.php\\\/2025\\\/03\\\/21\\\/spotkanie-z-bajka-w-przedszkolu-w-podlasiu-19-03-2025\\\/\",\"url\":\"http:\\\/\\\/biblioteka-gabin.pl\\\/index.php\\\/2025\\\/03\\\/21\\\/spotkanie-z-bajka-w-przedszkolu-w-podlasiu-19-03-2025\\\/\",\"name\":\"\\\"Spotkanie z bajk\u0105\\\" w Przedszkolu w Podlasiu (19.03.2025) - Miejsko-Gminna Biblioteka Publiczna w G\u0105binie\",\"isPartOf\":{\"@id\":\"https:\\\/\\\/biblioteka-gabin.pl\\\/#website\"},\"primaryImageOfPage\":{\"@id\":\"http:\\\/\\\/biblioteka-gabin.pl\\\/index.php\\\/2025\\\/03\\\/21\\\/spotkanie-z-bajka-w-przedszkolu-w-podlasiu-19-03-2025\\\/#primaryimage\"},\"image\":{\"@id\":\"http:\\\/\\\/biblioteka-gabin.pl\\\/index.php\\\/2025\\\/03\\\/21\\\/spotkanie-z-bajka-w-przedszkolu-w-podlasiu-19-03-2025\\\/#primaryimage\"},\"thumbnailUrl\":\"https:\\\/\\\/biblioteka-gabin.pl\\\/wp-content\\\/uploads\\\/archive\\\/pliki\\\/obraz\\\/2025\\\/marzec\\\/sx5i80e4.jpg\",\"datePublished\":\"2025-03-21T00:00:00+00:00\",\"breadcrumb\":{\"@id\":\"http:\\\/\\\/biblioteka-gabin.pl\\\/index.php\\\/2025\\\/03\\\/21\\\/spotkanie-z-bajka-w-przedszkolu-w-podlasiu-19-03-2025\\\/#breadcrumb\"},\"inLanguage\":\"pl-PL\",\"potentialAction\":[{\"@type\":\"ReadAction\",\"target\":[\"http:\\\/\\\/biblioteka-gabin.pl\\\/index.php\\\/2025\\\/03\\\/21\\\/spotkanie-z-bajka-w-przedszkolu-w-podlasiu-19-03-2025\\\/\"]}]},{\"@type\":\"ImageObject\",\"inLanguage\":\"pl-PL\",\"@id\":\"http:\\\/\\\/biblioteka-gabin.pl\\\/index.php\\\/2025\\\/03\\\/21\\\/spotkanie-z-bajka-w-przedszkolu-w-podlasiu-19-03-2025\\\/#primaryimage\",\"url\":\"https:\\\/\\\/biblioteka-gabin.pl\\\/wp-content\\\/uploads\\\/archive\\\/pliki\\\/obraz\\\/2025\\\/marzec\\\/sx5i80e4.jpg\",\"contentUrl\":\"https:\\\/\\\/biblioteka-gabin.pl\\\/wp-content\\\/uploads\\\/archive\\\/pliki\\\/obraz\\\/2025\\\/marzec\\\/sx5i80e4.jpg\"},{\"@type\":\"BreadcrumbList\",\"@id\":\"http:\\\/\\\/biblioteka-gabin.pl\\\/index.php\\\/2025\\\/03\\\/21\\\/spotkanie-z-bajka-w-przedszkolu-w-podlasiu-19-03-2025\\\/#breadcrumb\",\"itemListElement\":[{\"@type\":\"ListItem\",\"position\":1,\"name\":\"Strona g\u0142\u00f3wna\",\"item\":\"https:\\\/\\\/biblioteka-gabin.pl\\\/\"},{\"@type\":\"ListItem\",\"position\":2,\"name\":\"&#8222;Spotkanie z bajk\u0105&#8221; w Przedszkolu w Podlasiu (19.03.2025)\"}]},{\"@type\":\"WebSite\",\"@id\":\"https:\\\/\\\/biblioteka-gabin.pl\\\/#website\",\"url\":\"https:\\\/\\\/biblioteka-gabin.pl\\\/\",\"name\":\"Miejsko-Gminna Biblioteka Publiczna w G\u0105binie\",\"description\":\"\",\"publisher\":{\"@id\":\"https:\\\/\\\/biblioteka-gabin.pl\\\/#organization\"},\"potentialAction\":[{\"@type\":\"SearchAction\",\"target\":{\"@type\":\"EntryPoint\",\"urlTemplate\":\"https:\\\/\\\/biblioteka-gabin.pl\\\/?s={search_term_string}\"},\"query-input\":{\"@type\":\"PropertyValueSpecification\",\"valueRequired\":true,\"valueName\":\"search_term_string\"}}],\"inLanguage\":\"pl-PL\"},{\"@type\":\"Organization\",\"@id\":\"https:\\\/\\\/biblioteka-gabin.pl\\\/#organization\",\"name\":\"Miejsko-Gminna Biblioteka Publiczna w G\u0105binie\",\"url\":\"https:\\\/\\\/biblioteka-gabin.pl\\\/\",\"logo\":{\"@type\":\"ImageObject\",\"inLanguage\":\"pl-PL\",\"@id\":\"https:\\\/\\\/biblioteka-gabin.pl\\\/#\\\/schema\\\/logo\\\/image\\\/\",\"url\":\"https:\\\/\\\/biblioteka-gabin.pl\\\/wp-content\\\/uploads\\\/2025\\\/03\\\/logo-biblioteka-2-1657013691-1.jpg\",\"contentUrl\":\"https:\\\/\\\/biblioteka-gabin.pl\\\/wp-content\\\/uploads\\\/2025\\\/03\\\/logo-biblioteka-2-1657013691-1.jpg\",\"width\":1600,\"height\":772,\"caption\":\"Miejsko-Gminna Biblioteka Publiczna w G\u0105binie\"},\"image\":{\"@id\":\"https:\\\/\\\/biblioteka-gabin.pl\\\/#\\\/schema\\\/logo\\\/image\\\/\"},\"sameAs\":[\"https:\\\/\\\/www.facebook.com\\\/bibliotekagabin\",\"https:\\\/\\\/www.youtube.com\\\/@mgbpgabin9392\"]},{\"@type\":\"Person\",\"@id\":\"https:\\\/\\\/biblioteka-gabin.pl\\\/#\\\/schema\\\/person\\\/2067b97c24663d987ef6ef95bed7c99a\",\"name\":\"admin\",\"image\":{\"@type\":\"ImageObject\",\"inLanguage\":\"pl-PL\",\"@id\":\"https:\\\/\\\/secure.gravatar.com\\\/avatar\\\/e1843904e97b4e376a0fc90ae10372cd31bce9b207a7a3d2ca68fc7ca7e4174c?s=96&d=mm&r=g\",\"url\":\"https:\\\/\\\/secure.gravatar.com\\\/avatar\\\/e1843904e97b4e376a0fc90ae10372cd31bce9b207a7a3d2ca68fc7ca7e4174c?s=96&d=mm&r=g\",\"contentUrl\":\"https:\\\/\\\/secure.gravatar.com\\\/avatar\\\/e1843904e97b4e376a0fc90ae10372cd31bce9b207a7a3d2ca68fc7ca7e4174c?s=96&d=mm&r=g\",\"caption\":\"admin\"},\"sameAs\":[\"http:\\\/\\\/strona.biblioteka-gabin.pl\"],\"url\":\"http:\\\/\\\/biblioteka-gabin.pl\\\/index.php\\\/author\\\/admin\\\/\"}]}<\/script>\n<!-- \/ Yoast SEO plugin. -->","yoast_head_json":{"title":"\"Spotkanie z bajk\u0105\" w Przedszkolu w Podlasiu (19.03.2025) - Miejsko-Gminna Biblioteka Publiczna w G\u0105binie","robots":{"index":"index","follow":"follow","max-snippet":"max-snippet:-1","max-image-preview":"max-image-preview:large","max-video-preview":"max-video-preview:-1"},"canonical":"http:\/\/biblioteka-gabin.pl\/index.php\/2025\/03\/21\/spotkanie-z-bajka-w-przedszkolu-w-podlasiu-19-03-2025\/","og_locale":"pl_PL","og_type":"article","og_title":"\"Spotkanie z bajk\u0105\" w Przedszkolu w Podlasiu (19.03.2025) - Miejsko-Gminna Biblioteka Publiczna w G\u0105binie","og_description":"Spotkanie z dzie\u0107mi w Przedszkolu to doskona\u0142a okazja, by przybli\u017cy\u0107","og_url":"http:\/\/biblioteka-gabin.pl\/index.php\/2025\/03\/21\/spotkanie-z-bajka-w-przedszkolu-w-podlasiu-19-03-2025\/","og_site_name":"Miejsko-Gminna Biblioteka Publiczna w G\u0105binie","article_publisher":"https:\/\/www.facebook.com\/bibliotekagabin","article_published_time":"2025-03-21T00:00:00+00:00","og_image":[{"url":"https:\/\/biblioteka-gabin.pl\/wp-content\/uploads\/archive\/pliki\/obraz\/2025\/marzec\/sx5i80e4.jpg","type":"","width":"","height":""}],"author":"admin","twitter_card":"summary_large_image","twitter_misc":{"Napisane przez":"admin","Szacowany czas czytania":"2 minuty"},"schema":{"@context":"https:\/\/schema.org","@graph":[{"@type":"Article","@id":"http:\/\/biblioteka-gabin.pl\/index.php\/2025\/03\/21\/spotkanie-z-bajka-w-przedszkolu-w-podlasiu-19-03-2025\/#article","isPartOf":{"@id":"http:\/\/biblioteka-gabin.pl\/index.php\/2025\/03\/21\/spotkanie-z-bajka-w-przedszkolu-w-podlasiu-19-03-2025\/"},"author":{"name":"admin","@id":"https:\/\/biblioteka-gabin.pl\/#\/schema\/person\/2067b97c24663d987ef6ef95bed7c99a"},"headline":"&#8222;Spotkanie z bajk\u0105&#8221; w Przedszkolu w Podlasiu (19.03.2025)","datePublished":"2025-03-21T00:00:00+00:00","mainEntityOfPage":{"@id":"http:\/\/biblioteka-gabin.pl\/index.php\/2025\/03\/21\/spotkanie-z-bajka-w-przedszkolu-w-podlasiu-19-03-2025\/"},"wordCount":372,"commentCount":0,"publisher":{"@id":"https:\/\/biblioteka-gabin.pl\/#organization"},"image":{"@id":"http:\/\/biblioteka-gabin.pl\/index.php\/2025\/03\/21\/spotkanie-z-bajka-w-przedszkolu-w-podlasiu-19-03-2025\/#primaryimage"},"thumbnailUrl":"https:\/\/biblioteka-gabin.pl\/wp-content\/uploads\/archive\/pliki\/obraz\/2025\/marzec\/sx5i80e4.jpg","articleSection":["Main"],"inLanguage":"pl-PL","potentialAction":[{"@type":"CommentAction","name":"Comment","target":["http:\/\/biblioteka-gabin.pl\/index.php\/2025\/03\/21\/spotkanie-z-bajka-w-przedszkolu-w-podlasiu-19-03-2025\/#respond"]}]},{"@type":"WebPage","@id":"http:\/\/biblioteka-gabin.pl\/index.php\/2025\/03\/21\/spotkanie-z-bajka-w-przedszkolu-w-podlasiu-19-03-2025\/","url":"http:\/\/biblioteka-gabin.pl\/index.php\/2025\/03\/21\/spotkanie-z-bajka-w-przedszkolu-w-podlasiu-19-03-2025\/","name":"\"Spotkanie z bajk\u0105\" w Przedszkolu w Podlasiu (19.03.2025) - Miejsko-Gminna Biblioteka Publiczna w G\u0105binie","isPartOf":{"@id":"https:\/\/biblioteka-gabin.pl\/#website"},"primaryImageOfPage":{"@id":"http:\/\/biblioteka-gabin.pl\/index.php\/2025\/03\/21\/spotkanie-z-bajka-w-przedszkolu-w-podlasiu-19-03-2025\/#primaryimage"},"image":{"@id":"http:\/\/biblioteka-gabin.pl\/index.php\/2025\/03\/21\/spotkanie-z-bajka-w-przedszkolu-w-podlasiu-19-03-2025\/#primaryimage"},"thumbnailUrl":"https:\/\/biblioteka-gabin.pl\/wp-content\/uploads\/archive\/pliki\/obraz\/2025\/marzec\/sx5i80e4.jpg","datePublished":"2025-03-21T00:00:00+00:00","breadcrumb":{"@id":"http:\/\/biblioteka-gabin.pl\/index.php\/2025\/03\/21\/spotkanie-z-bajka-w-przedszkolu-w-podlasiu-19-03-2025\/#breadcrumb"},"inLanguage":"pl-PL","potentialAction":[{"@type":"ReadAction","target":["http:\/\/biblioteka-gabin.pl\/index.php\/2025\/03\/21\/spotkanie-z-bajka-w-przedszkolu-w-podlasiu-19-03-2025\/"]}]},{"@type":"ImageObject","inLanguage":"pl-PL","@id":"http:\/\/biblioteka-gabin.pl\/index.php\/2025\/03\/21\/spotkanie-z-bajka-w-przedszkolu-w-podlasiu-19-03-2025\/#primaryimage","url":"https:\/\/biblioteka-gabin.pl\/wp-content\/uploads\/archive\/pliki\/obraz\/2025\/marzec\/sx5i80e4.jpg","contentUrl":"https:\/\/biblioteka-gabin.pl\/wp-content\/uploads\/archive\/pliki\/obraz\/2025\/marzec\/sx5i80e4.jpg"},{"@type":"BreadcrumbList","@id":"http:\/\/biblioteka-gabin.pl\/index.php\/2025\/03\/21\/spotkanie-z-bajka-w-przedszkolu-w-podlasiu-19-03-2025\/#breadcrumb","itemListElement":[{"@type":"ListItem","position":1,"name":"Strona g\u0142\u00f3wna","item":"https:\/\/biblioteka-gabin.pl\/"},{"@type":"ListItem","position":2,"name":"&#8222;Spotkanie z bajk\u0105&#8221; w Przedszkolu w Podlasiu (19.03.2025)"}]},{"@type":"WebSite","@id":"https:\/\/biblioteka-gabin.pl\/#website","url":"https:\/\/biblioteka-gabin.pl\/","name":"Miejsko-Gminna Biblioteka Publiczna w G\u0105binie","description":"","publisher":{"@id":"https:\/\/biblioteka-gabin.pl\/#organization"},"potentialAction":[{"@type":"SearchAction","target":{"@type":"EntryPoint","urlTemplate":"https:\/\/biblioteka-gabin.pl\/?s={search_term_string}"},"query-input":{"@type":"PropertyValueSpecification","valueRequired":true,"valueName":"search_term_string"}}],"inLanguage":"pl-PL"},{"@type":"Organization","@id":"https:\/\/biblioteka-gabin.pl\/#organization","name":"Miejsko-Gminna Biblioteka Publiczna w G\u0105binie","url":"https:\/\/biblioteka-gabin.pl\/","logo":{"@type":"ImageObject","inLanguage":"pl-PL","@id":"https:\/\/biblioteka-gabin.pl\/#\/schema\/logo\/image\/","url":"https:\/\/biblioteka-gabin.pl\/wp-content\/uploads\/2025\/03\/logo-biblioteka-2-1657013691-1.jpg","contentUrl":"https:\/\/biblioteka-gabin.pl\/wp-content\/uploads\/2025\/03\/logo-biblioteka-2-1657013691-1.jpg","width":1600,"height":772,"caption":"Miejsko-Gminna Biblioteka Publiczna w G\u0105binie"},"image":{"@id":"https:\/\/biblioteka-gabin.pl\/#\/schema\/logo\/image\/"},"sameAs":["https:\/\/www.facebook.com\/bibliotekagabin","https:\/\/www.youtube.com\/@mgbpgabin9392"]},{"@type":"Person","@id":"https:\/\/biblioteka-gabin.pl\/#\/schema\/person\/2067b97c24663d987ef6ef95bed7c99a","name":"admin","image":{"@type":"ImageObject","inLanguage":"pl-PL","@id":"https:\/\/secure.gravatar.com\/avatar\/e1843904e97b4e376a0fc90ae10372cd31bce9b207a7a3d2ca68fc7ca7e4174c?s=96&d=mm&r=g","url":"https:\/\/secure.gravatar.com\/avatar\/e1843904e97b4e376a0fc90ae10372cd31bce9b207a7a3d2ca68fc7ca7e4174c?s=96&d=mm&r=g","contentUrl":"https:\/\/secure.gravatar.com\/avatar\/e1843904e97b4e376a0fc90ae10372cd31bce9b207a7a3d2ca68fc7ca7e4174c?s=96&d=mm&r=g","caption":"admin"},"sameAs":["http:\/\/strona.biblioteka-gabin.pl"],"url":"http:\/\/biblioteka-gabin.pl\/index.php\/author\/admin\/"}]}},"_links":{"self":[{"href":"http:\/\/biblioteka-gabin.pl\/index.php\/wp-json\/wp\/v2\/posts\/8515","targetHints":{"allow":["GET"]}}],"collection":[{"href":"http:\/\/biblioteka-gabin.pl\/index.php\/wp-json\/wp\/v2\/posts"}],"about":[{"href":"http:\/\/biblioteka-gabin.pl\/index.php\/wp-json\/wp\/v2\/types\/post"}],"author":[{"embeddable":true,"href":"http:\/\/biblioteka-gabin.pl\/index.php\/wp-json\/wp\/v2\/users\/1"}],"replies":[{"embeddable":true,"href":"http:\/\/biblioteka-gabin.pl\/index.php\/wp-json\/wp\/v2\/comments?post=8515"}],"version-history":[{"count":0,"href":"http:\/\/biblioteka-gabin.pl\/index.php\/wp-json\/wp\/v2\/posts\/8515\/revisions"}],"wp:attachment":[{"href":"http:\/\/biblioteka-gabin.pl\/index.php\/wp-json\/wp\/v2\/media?parent=8515"}],"wp:term":[{"taxonomy":"category","embeddable":true,"href":"http:\/\/biblioteka-gabin.pl\/index.php\/wp-json\/wp\/v2\/categories?post=8515"},{"taxonomy":"post_tag","embeddable":true,"href":"http:\/\/biblioteka-gabin.pl\/index.php\/wp-json\/wp\/v2\/tags?post=8515"}],"curies":[{"name":"wp","href":"https:\/\/api.w.org\/{rel}","templated":true}]}}