{"id":8535,"date":"2025-06-23T00:00:00","date_gmt":"2025-06-23T00:00:00","guid":{"rendered":"https:\/\/biblioteka-gabin.pl\/index.php\/2025\/06\/23\/spotkanie-z-bajka-z-grupa-motylkow-z-przedszkola-samorzadowego-w-gabinie-17-06-25\/"},"modified":"2025-06-23T00:00:00","modified_gmt":"2025-06-23T00:00:00","slug":"spotkanie-z-bajka-z-grupa-motylkow-z-przedszkola-samorzadowego-w-gabinie-17-06-25","status":"publish","type":"post","link":"http:\/\/biblioteka-gabin.pl\/index.php\/2025\/06\/23\/spotkanie-z-bajka-z-grupa-motylkow-z-przedszkola-samorzadowego-w-gabinie-17-06-25\/","title":{"rendered":"&#8222;Spotkanie z bajk\u0105&#8221; z grup\u0105 &#8222;Motylk\u00f3w&#8221; z Przedszkola Samorz\u0105dowego w G\u0105binie (17.06.25)"},"content":{"rendered":"<p>W progach naszej Miejsko-Gminnej Biblioteki Publicznej w G\u0105binie, tu\u017c z samego rana, odwiedzi\u0142a nas grupa \u201eMotylk\u00f3w\u201d. Dzieci siadaj\u0105c na dywanie mia\u0142y dooko\u0142a siebie przygotowane ksi\u0105\u017ceczki-bajeczki, kt\u00f3re od razu wzi\u0119li do r\u0105k, aby sprawdzi\u0107 jaka jest ich zawarto\u015b\u0107. Bibliotekarka Joanna Olejniczak wprowadzi\u0142a wszystkich w specyfik\u0119 miejsca, w kt\u00f3rym wszyscy si\u0119 znajdowali\u015bmy, opowiedzia\u0142a o Bibliotece, o mo\u017cliwo\u015bci zapisania si\u0119 do niej.<br \/>\nW dalszej cz\u0119\u015bci spotkania dzieci wys\u0142ucha\u0142y bajki pt. \u201e Kr\u00f3lewna \u015anie\u017cka\u201d z serii ksi\u0105\u017ceczek rozk\u0142adanych oraz J. Brzechwy \u201eKaczk\u0119 Dziwaczk\u0119\u201d i \u201eKatar\u201d.<br \/>\nPo wys\u0142uchaniu historii, Maluchy obejrza\u0142y bajk\u0119 na tablicy multimedialnej pt. \u201eKotociaki w bibliotece\u201d.<br \/>\nM\u00f3wi\u0105c du\u017co o pi\u0119knych ksi\u0105\u017ckach, jakie u nas si\u0119 znajduj\u0105 bibliotekarka zaprowadzi\u0142a najm\u0142odszych do K\u0105cika Dzieci\u0119cego. Wszyscy ustawieni w \u201epoci\u0105g\u201d pow\u0119drowali w stron\u0119 rega\u0142\u00f3w, na kt\u00f3rych znajduj\u0105 si\u0119 bajki dla dzieci. Kolorowy k\u0105cik przypad\u0142 wszystkim do gustu.<br \/>\nNie zabrak\u0142o tradycyjnie s\u0142odkiej niespodzianki, jaka obdarowa\u0142a dzieci Bibliotekarka Beata Szczesiak.<br \/>\nWszystkim Dzieciom serdecznie dzi\u0119kujemy za odwiedziny w naszej Bibliotece, zapraszamy cz\u0119\u015bciej\u2026mo\u017ce ju\u017c jako z naszymi nowymi czytelnikami\u2026<br \/>\nOpr. Joanna Olejniczak<br \/>\n<img src='https:\/\/biblioteka-gabin.pl\/wp-content\/uploads\/archive\/pliki\/obraz\/2025\/czerwiec\/r-ffj9mz.jpg'><br \/>\n<a href='https:\/\/biblioteka-gabin.pl\/wp-content\/uploads\/archive\/galleries\/695\/gauz-b-e92d144eab.jpg'><img style='max-height:300px;' src='https:\/\/biblioteka-gabin.pl\/wp-content\/uploads\/archive\/galleries\/695\/gauz-b-e92d144eab.jpg'><\/a><br \/>\n<a href='https:\/\/biblioteka-gabin.pl\/wp-content\/uploads\/archive\/galleries\/695\/aoapzfuc-4e4467cebc.jpg'><img style='max-height:300px;' src='https:\/\/biblioteka-gabin.pl\/wp-content\/uploads\/archive\/galleries\/695\/aoapzfuc-4e4467cebc.jpg'><\/a><br \/>\n<a href='https:\/\/biblioteka-gabin.pl\/wp-content\/uploads\/archive\/galleries\/695\/thddomqn-b1527f2f6d.jpg'><img style='max-height:300px;' src='https:\/\/biblioteka-gabin.pl\/wp-content\/uploads\/archive\/galleries\/695\/thddomqn-b1527f2f6d.jpg'><\/a><br \/>\n<a href='https:\/\/biblioteka-gabin.pl\/wp-content\/uploads\/archive\/galleries\/695\/unejfx64-bd72bde7e9.jpg'><img style='max-height:300px;' src='https:\/\/biblioteka-gabin.pl\/wp-content\/uploads\/archive\/galleries\/695\/unejfx64-bd72bde7e9.jpg'><\/a><br \/>\n<a href='https:\/\/biblioteka-gabin.pl\/wp-content\/uploads\/archive\/galleries\/695\/9j3dbgut-9541752868.jpg'><img style='max-height:300px;' src='https:\/\/biblioteka-gabin.pl\/wp-content\/uploads\/archive\/galleries\/695\/9j3dbgut-9541752868.jpg'><\/a><br \/>\n<a href='https:\/\/biblioteka-gabin.pl\/wp-content\/uploads\/archive\/galleries\/695\/dlfrbq4r-f370861360.jpg'><img style='max-height:300px;' src='https:\/\/biblioteka-gabin.pl\/wp-content\/uploads\/archive\/galleries\/695\/dlfrbq4r-f370861360.jpg'><\/a><br \/>\n<a href='https:\/\/biblioteka-gabin.pl\/wp-content\/uploads\/archive\/galleries\/695\/f-ctwsvb-3f39f4f4c1.jpg'><img style='max-height:300px;' src='https:\/\/biblioteka-gabin.pl\/wp-content\/uploads\/archive\/galleries\/695\/f-ctwsvb-3f39f4f4c1.jpg'><\/a><br \/>\n<a href='https:\/\/biblioteka-gabin.pl\/wp-content\/uploads\/archive\/galleries\/695\/mgcyp7c5-dd012acf80.jpg'><img style='max-height:300px;' src='https:\/\/biblioteka-gabin.pl\/wp-content\/uploads\/archive\/galleries\/695\/mgcyp7c5-dd012acf80.jpg'><\/a><\/p>\n","protected":false},"excerpt":{"rendered":"<p>W progach naszej Miejsko-Gminnej Biblioteki Publicznej w G\u0105binie, tu\u017c z<\/p>\n","protected":false},"author":1,"featured_media":0,"comment_status":"open","ping_status":"open","sticky":false,"template":"","format":"standard","meta":{"footnotes":""},"categories":[36],"tags":[],"class_list":["post-8535","post","type-post","status-publish","format-standard","hentry","category-main"],"yoast_head":"<!-- This site is optimized with the Yoast SEO plugin v27.4 - https:\/\/yoast.com\/product\/yoast-seo-wordpress\/ -->\n<title>&quot;Spotkanie z bajk\u0105&quot; z grup\u0105 &quot;Motylk\u00f3w&quot; z Przedszkola Samorz\u0105dowego w G\u0105binie (17.06.25) - Miejsko-Gminna Biblioteka Publiczna w G\u0105binie<\/title>\n<meta name=\"robots\" content=\"index, follow, max-snippet:-1, max-image-preview:large, max-video-preview:-1\" \/>\n<link rel=\"canonical\" href=\"http:\/\/biblioteka-gabin.pl\/index.php\/2025\/06\/23\/spotkanie-z-bajka-z-grupa-motylkow-z-przedszkola-samorzadowego-w-gabinie-17-06-25\/\" \/>\n<meta property=\"og:locale\" content=\"pl_PL\" \/>\n<meta property=\"og:type\" content=\"article\" \/>\n<meta property=\"og:title\" content=\"&quot;Spotkanie z bajk\u0105&quot; z grup\u0105 &quot;Motylk\u00f3w&quot; z Przedszkola Samorz\u0105dowego w G\u0105binie (17.06.25) - Miejsko-Gminna Biblioteka Publiczna w G\u0105binie\" \/>\n<meta property=\"og:description\" content=\"W progach naszej Miejsko-Gminnej Biblioteki Publicznej w G\u0105binie, tu\u017c z\" \/>\n<meta property=\"og:url\" content=\"http:\/\/biblioteka-gabin.pl\/index.php\/2025\/06\/23\/spotkanie-z-bajka-z-grupa-motylkow-z-przedszkola-samorzadowego-w-gabinie-17-06-25\/\" \/>\n<meta property=\"og:site_name\" content=\"Miejsko-Gminna Biblioteka Publiczna w G\u0105binie\" \/>\n<meta property=\"article:publisher\" content=\"https:\/\/www.facebook.com\/bibliotekagabin\" \/>\n<meta property=\"article:published_time\" content=\"2025-06-23T00:00:00+00:00\" \/>\n<meta property=\"og:image\" content=\"https:\/\/biblioteka-gabin.pl\/wp-content\/uploads\/archive\/pliki\/obraz\/2025\/czerwiec\/r-ffj9mz.jpg\" \/>\n<meta name=\"author\" content=\"admin\" \/>\n<meta name=\"twitter:card\" content=\"summary_large_image\" \/>\n<meta name=\"twitter:label1\" content=\"Napisane przez\" \/>\n\t<meta name=\"twitter:data1\" content=\"admin\" \/>\n\t<meta name=\"twitter:label2\" content=\"Szacowany czas czytania\" \/>\n\t<meta name=\"twitter:data2\" content=\"1 minuta\" \/>\n<script type=\"application\/ld+json\" class=\"yoast-schema-graph\">{\"@context\":\"https:\\\/\\\/schema.org\",\"@graph\":[{\"@type\":\"Article\",\"@id\":\"http:\\\/\\\/biblioteka-gabin.pl\\\/index.php\\\/2025\\\/06\\\/23\\\/spotkanie-z-bajka-z-grupa-motylkow-z-przedszkola-samorzadowego-w-gabinie-17-06-25\\\/#article\",\"isPartOf\":{\"@id\":\"http:\\\/\\\/biblioteka-gabin.pl\\\/index.php\\\/2025\\\/06\\\/23\\\/spotkanie-z-bajka-z-grupa-motylkow-z-przedszkola-samorzadowego-w-gabinie-17-06-25\\\/\"},\"author\":{\"name\":\"admin\",\"@id\":\"https:\\\/\\\/biblioteka-gabin.pl\\\/#\\\/schema\\\/person\\\/2067b97c24663d987ef6ef95bed7c99a\"},\"headline\":\"&#8222;Spotkanie z bajk\u0105&#8221; z grup\u0105 &#8222;Motylk\u00f3w&#8221; z Przedszkola Samorz\u0105dowego w G\u0105binie (17.06.25)\",\"datePublished\":\"2025-06-23T00:00:00+00:00\",\"mainEntityOfPage\":{\"@id\":\"http:\\\/\\\/biblioteka-gabin.pl\\\/index.php\\\/2025\\\/06\\\/23\\\/spotkanie-z-bajka-z-grupa-motylkow-z-przedszkola-samorzadowego-w-gabinie-17-06-25\\\/\"},\"wordCount\":221,\"commentCount\":0,\"publisher\":{\"@id\":\"https:\\\/\\\/biblioteka-gabin.pl\\\/#organization\"},\"image\":{\"@id\":\"http:\\\/\\\/biblioteka-gabin.pl\\\/index.php\\\/2025\\\/06\\\/23\\\/spotkanie-z-bajka-z-grupa-motylkow-z-przedszkola-samorzadowego-w-gabinie-17-06-25\\\/#primaryimage\"},\"thumbnailUrl\":\"https:\\\/\\\/biblioteka-gabin.pl\\\/wp-content\\\/uploads\\\/archive\\\/pliki\\\/obraz\\\/2025\\\/czerwiec\\\/r-ffj9mz.jpg\",\"articleSection\":[\"Main\"],\"inLanguage\":\"pl-PL\",\"potentialAction\":[{\"@type\":\"CommentAction\",\"name\":\"Comment\",\"target\":[\"http:\\\/\\\/biblioteka-gabin.pl\\\/index.php\\\/2025\\\/06\\\/23\\\/spotkanie-z-bajka-z-grupa-motylkow-z-przedszkola-samorzadowego-w-gabinie-17-06-25\\\/#respond\"]}]},{\"@type\":\"WebPage\",\"@id\":\"http:\\\/\\\/biblioteka-gabin.pl\\\/index.php\\\/2025\\\/06\\\/23\\\/spotkanie-z-bajka-z-grupa-motylkow-z-przedszkola-samorzadowego-w-gabinie-17-06-25\\\/\",\"url\":\"http:\\\/\\\/biblioteka-gabin.pl\\\/index.php\\\/2025\\\/06\\\/23\\\/spotkanie-z-bajka-z-grupa-motylkow-z-przedszkola-samorzadowego-w-gabinie-17-06-25\\\/\",\"name\":\"\\\"Spotkanie z bajk\u0105\\\" z grup\u0105 \\\"Motylk\u00f3w\\\" z Przedszkola Samorz\u0105dowego w G\u0105binie (17.06.25) - Miejsko-Gminna Biblioteka Publiczna w G\u0105binie\",\"isPartOf\":{\"@id\":\"https:\\\/\\\/biblioteka-gabin.pl\\\/#website\"},\"primaryImageOfPage\":{\"@id\":\"http:\\\/\\\/biblioteka-gabin.pl\\\/index.php\\\/2025\\\/06\\\/23\\\/spotkanie-z-bajka-z-grupa-motylkow-z-przedszkola-samorzadowego-w-gabinie-17-06-25\\\/#primaryimage\"},\"image\":{\"@id\":\"http:\\\/\\\/biblioteka-gabin.pl\\\/index.php\\\/2025\\\/06\\\/23\\\/spotkanie-z-bajka-z-grupa-motylkow-z-przedszkola-samorzadowego-w-gabinie-17-06-25\\\/#primaryimage\"},\"thumbnailUrl\":\"https:\\\/\\\/biblioteka-gabin.pl\\\/wp-content\\\/uploads\\\/archive\\\/pliki\\\/obraz\\\/2025\\\/czerwiec\\\/r-ffj9mz.jpg\",\"datePublished\":\"2025-06-23T00:00:00+00:00\",\"breadcrumb\":{\"@id\":\"http:\\\/\\\/biblioteka-gabin.pl\\\/index.php\\\/2025\\\/06\\\/23\\\/spotkanie-z-bajka-z-grupa-motylkow-z-przedszkola-samorzadowego-w-gabinie-17-06-25\\\/#breadcrumb\"},\"inLanguage\":\"pl-PL\",\"potentialAction\":[{\"@type\":\"ReadAction\",\"target\":[\"http:\\\/\\\/biblioteka-gabin.pl\\\/index.php\\\/2025\\\/06\\\/23\\\/spotkanie-z-bajka-z-grupa-motylkow-z-przedszkola-samorzadowego-w-gabinie-17-06-25\\\/\"]}]},{\"@type\":\"ImageObject\",\"inLanguage\":\"pl-PL\",\"@id\":\"http:\\\/\\\/biblioteka-gabin.pl\\\/index.php\\\/2025\\\/06\\\/23\\\/spotkanie-z-bajka-z-grupa-motylkow-z-przedszkola-samorzadowego-w-gabinie-17-06-25\\\/#primaryimage\",\"url\":\"https:\\\/\\\/biblioteka-gabin.pl\\\/wp-content\\\/uploads\\\/archive\\\/pliki\\\/obraz\\\/2025\\\/czerwiec\\\/r-ffj9mz.jpg\",\"contentUrl\":\"https:\\\/\\\/biblioteka-gabin.pl\\\/wp-content\\\/uploads\\\/archive\\\/pliki\\\/obraz\\\/2025\\\/czerwiec\\\/r-ffj9mz.jpg\"},{\"@type\":\"BreadcrumbList\",\"@id\":\"http:\\\/\\\/biblioteka-gabin.pl\\\/index.php\\\/2025\\\/06\\\/23\\\/spotkanie-z-bajka-z-grupa-motylkow-z-przedszkola-samorzadowego-w-gabinie-17-06-25\\\/#breadcrumb\",\"itemListElement\":[{\"@type\":\"ListItem\",\"position\":1,\"name\":\"Strona g\u0142\u00f3wna\",\"item\":\"https:\\\/\\\/biblioteka-gabin.pl\\\/\"},{\"@type\":\"ListItem\",\"position\":2,\"name\":\"&#8222;Spotkanie z bajk\u0105&#8221; z grup\u0105 &#8222;Motylk\u00f3w&#8221; z Przedszkola Samorz\u0105dowego w G\u0105binie (17.06.25)\"}]},{\"@type\":\"WebSite\",\"@id\":\"https:\\\/\\\/biblioteka-gabin.pl\\\/#website\",\"url\":\"https:\\\/\\\/biblioteka-gabin.pl\\\/\",\"name\":\"Miejsko-Gminna Biblioteka Publiczna w G\u0105binie\",\"description\":\"\",\"publisher\":{\"@id\":\"https:\\\/\\\/biblioteka-gabin.pl\\\/#organization\"},\"potentialAction\":[{\"@type\":\"SearchAction\",\"target\":{\"@type\":\"EntryPoint\",\"urlTemplate\":\"https:\\\/\\\/biblioteka-gabin.pl\\\/?s={search_term_string}\"},\"query-input\":{\"@type\":\"PropertyValueSpecification\",\"valueRequired\":true,\"valueName\":\"search_term_string\"}}],\"inLanguage\":\"pl-PL\"},{\"@type\":\"Organization\",\"@id\":\"https:\\\/\\\/biblioteka-gabin.pl\\\/#organization\",\"name\":\"Miejsko-Gminna Biblioteka Publiczna w G\u0105binie\",\"url\":\"https:\\\/\\\/biblioteka-gabin.pl\\\/\",\"logo\":{\"@type\":\"ImageObject\",\"inLanguage\":\"pl-PL\",\"@id\":\"https:\\\/\\\/biblioteka-gabin.pl\\\/#\\\/schema\\\/logo\\\/image\\\/\",\"url\":\"https:\\\/\\\/biblioteka-gabin.pl\\\/wp-content\\\/uploads\\\/2025\\\/03\\\/logo-biblioteka-2-1657013691-1.jpg\",\"contentUrl\":\"https:\\\/\\\/biblioteka-gabin.pl\\\/wp-content\\\/uploads\\\/2025\\\/03\\\/logo-biblioteka-2-1657013691-1.jpg\",\"width\":1600,\"height\":772,\"caption\":\"Miejsko-Gminna Biblioteka Publiczna w G\u0105binie\"},\"image\":{\"@id\":\"https:\\\/\\\/biblioteka-gabin.pl\\\/#\\\/schema\\\/logo\\\/image\\\/\"},\"sameAs\":[\"https:\\\/\\\/www.facebook.com\\\/bibliotekagabin\",\"https:\\\/\\\/www.youtube.com\\\/@mgbpgabin9392\"]},{\"@type\":\"Person\",\"@id\":\"https:\\\/\\\/biblioteka-gabin.pl\\\/#\\\/schema\\\/person\\\/2067b97c24663d987ef6ef95bed7c99a\",\"name\":\"admin\",\"image\":{\"@type\":\"ImageObject\",\"inLanguage\":\"pl-PL\",\"@id\":\"https:\\\/\\\/secure.gravatar.com\\\/avatar\\\/e1843904e97b4e376a0fc90ae10372cd31bce9b207a7a3d2ca68fc7ca7e4174c?s=96&d=mm&r=g\",\"url\":\"https:\\\/\\\/secure.gravatar.com\\\/avatar\\\/e1843904e97b4e376a0fc90ae10372cd31bce9b207a7a3d2ca68fc7ca7e4174c?s=96&d=mm&r=g\",\"contentUrl\":\"https:\\\/\\\/secure.gravatar.com\\\/avatar\\\/e1843904e97b4e376a0fc90ae10372cd31bce9b207a7a3d2ca68fc7ca7e4174c?s=96&d=mm&r=g\",\"caption\":\"admin\"},\"sameAs\":[\"http:\\\/\\\/strona.biblioteka-gabin.pl\"],\"url\":\"http:\\\/\\\/biblioteka-gabin.pl\\\/index.php\\\/author\\\/admin\\\/\"}]}<\/script>\n<!-- \/ Yoast SEO plugin. -->","yoast_head_json":{"title":"\"Spotkanie z bajk\u0105\" z grup\u0105 \"Motylk\u00f3w\" z Przedszkola Samorz\u0105dowego w G\u0105binie (17.06.25) - Miejsko-Gminna Biblioteka Publiczna w G\u0105binie","robots":{"index":"index","follow":"follow","max-snippet":"max-snippet:-1","max-image-preview":"max-image-preview:large","max-video-preview":"max-video-preview:-1"},"canonical":"http:\/\/biblioteka-gabin.pl\/index.php\/2025\/06\/23\/spotkanie-z-bajka-z-grupa-motylkow-z-przedszkola-samorzadowego-w-gabinie-17-06-25\/","og_locale":"pl_PL","og_type":"article","og_title":"\"Spotkanie z bajk\u0105\" z grup\u0105 \"Motylk\u00f3w\" z Przedszkola Samorz\u0105dowego w G\u0105binie (17.06.25) - Miejsko-Gminna Biblioteka Publiczna w G\u0105binie","og_description":"W progach naszej Miejsko-Gminnej Biblioteki Publicznej w G\u0105binie, tu\u017c z","og_url":"http:\/\/biblioteka-gabin.pl\/index.php\/2025\/06\/23\/spotkanie-z-bajka-z-grupa-motylkow-z-przedszkola-samorzadowego-w-gabinie-17-06-25\/","og_site_name":"Miejsko-Gminna Biblioteka Publiczna w G\u0105binie","article_publisher":"https:\/\/www.facebook.com\/bibliotekagabin","article_published_time":"2025-06-23T00:00:00+00:00","og_image":[{"url":"https:\/\/biblioteka-gabin.pl\/wp-content\/uploads\/archive\/pliki\/obraz\/2025\/czerwiec\/r-ffj9mz.jpg","type":"","width":"","height":""}],"author":"admin","twitter_card":"summary_large_image","twitter_misc":{"Napisane przez":"admin","Szacowany czas czytania":"1 minuta"},"schema":{"@context":"https:\/\/schema.org","@graph":[{"@type":"Article","@id":"http:\/\/biblioteka-gabin.pl\/index.php\/2025\/06\/23\/spotkanie-z-bajka-z-grupa-motylkow-z-przedszkola-samorzadowego-w-gabinie-17-06-25\/#article","isPartOf":{"@id":"http:\/\/biblioteka-gabin.pl\/index.php\/2025\/06\/23\/spotkanie-z-bajka-z-grupa-motylkow-z-przedszkola-samorzadowego-w-gabinie-17-06-25\/"},"author":{"name":"admin","@id":"https:\/\/biblioteka-gabin.pl\/#\/schema\/person\/2067b97c24663d987ef6ef95bed7c99a"},"headline":"&#8222;Spotkanie z bajk\u0105&#8221; z grup\u0105 &#8222;Motylk\u00f3w&#8221; z Przedszkola Samorz\u0105dowego w G\u0105binie (17.06.25)","datePublished":"2025-06-23T00:00:00+00:00","mainEntityOfPage":{"@id":"http:\/\/biblioteka-gabin.pl\/index.php\/2025\/06\/23\/spotkanie-z-bajka-z-grupa-motylkow-z-przedszkola-samorzadowego-w-gabinie-17-06-25\/"},"wordCount":221,"commentCount":0,"publisher":{"@id":"https:\/\/biblioteka-gabin.pl\/#organization"},"image":{"@id":"http:\/\/biblioteka-gabin.pl\/index.php\/2025\/06\/23\/spotkanie-z-bajka-z-grupa-motylkow-z-przedszkola-samorzadowego-w-gabinie-17-06-25\/#primaryimage"},"thumbnailUrl":"https:\/\/biblioteka-gabin.pl\/wp-content\/uploads\/archive\/pliki\/obraz\/2025\/czerwiec\/r-ffj9mz.jpg","articleSection":["Main"],"inLanguage":"pl-PL","potentialAction":[{"@type":"CommentAction","name":"Comment","target":["http:\/\/biblioteka-gabin.pl\/index.php\/2025\/06\/23\/spotkanie-z-bajka-z-grupa-motylkow-z-przedszkola-samorzadowego-w-gabinie-17-06-25\/#respond"]}]},{"@type":"WebPage","@id":"http:\/\/biblioteka-gabin.pl\/index.php\/2025\/06\/23\/spotkanie-z-bajka-z-grupa-motylkow-z-przedszkola-samorzadowego-w-gabinie-17-06-25\/","url":"http:\/\/biblioteka-gabin.pl\/index.php\/2025\/06\/23\/spotkanie-z-bajka-z-grupa-motylkow-z-przedszkola-samorzadowego-w-gabinie-17-06-25\/","name":"\"Spotkanie z bajk\u0105\" z grup\u0105 \"Motylk\u00f3w\" z Przedszkola Samorz\u0105dowego w G\u0105binie (17.06.25) - Miejsko-Gminna Biblioteka Publiczna w G\u0105binie","isPartOf":{"@id":"https:\/\/biblioteka-gabin.pl\/#website"},"primaryImageOfPage":{"@id":"http:\/\/biblioteka-gabin.pl\/index.php\/2025\/06\/23\/spotkanie-z-bajka-z-grupa-motylkow-z-przedszkola-samorzadowego-w-gabinie-17-06-25\/#primaryimage"},"image":{"@id":"http:\/\/biblioteka-gabin.pl\/index.php\/2025\/06\/23\/spotkanie-z-bajka-z-grupa-motylkow-z-przedszkola-samorzadowego-w-gabinie-17-06-25\/#primaryimage"},"thumbnailUrl":"https:\/\/biblioteka-gabin.pl\/wp-content\/uploads\/archive\/pliki\/obraz\/2025\/czerwiec\/r-ffj9mz.jpg","datePublished":"2025-06-23T00:00:00+00:00","breadcrumb":{"@id":"http:\/\/biblioteka-gabin.pl\/index.php\/2025\/06\/23\/spotkanie-z-bajka-z-grupa-motylkow-z-przedszkola-samorzadowego-w-gabinie-17-06-25\/#breadcrumb"},"inLanguage":"pl-PL","potentialAction":[{"@type":"ReadAction","target":["http:\/\/biblioteka-gabin.pl\/index.php\/2025\/06\/23\/spotkanie-z-bajka-z-grupa-motylkow-z-przedszkola-samorzadowego-w-gabinie-17-06-25\/"]}]},{"@type":"ImageObject","inLanguage":"pl-PL","@id":"http:\/\/biblioteka-gabin.pl\/index.php\/2025\/06\/23\/spotkanie-z-bajka-z-grupa-motylkow-z-przedszkola-samorzadowego-w-gabinie-17-06-25\/#primaryimage","url":"https:\/\/biblioteka-gabin.pl\/wp-content\/uploads\/archive\/pliki\/obraz\/2025\/czerwiec\/r-ffj9mz.jpg","contentUrl":"https:\/\/biblioteka-gabin.pl\/wp-content\/uploads\/archive\/pliki\/obraz\/2025\/czerwiec\/r-ffj9mz.jpg"},{"@type":"BreadcrumbList","@id":"http:\/\/biblioteka-gabin.pl\/index.php\/2025\/06\/23\/spotkanie-z-bajka-z-grupa-motylkow-z-przedszkola-samorzadowego-w-gabinie-17-06-25\/#breadcrumb","itemListElement":[{"@type":"ListItem","position":1,"name":"Strona g\u0142\u00f3wna","item":"https:\/\/biblioteka-gabin.pl\/"},{"@type":"ListItem","position":2,"name":"&#8222;Spotkanie z bajk\u0105&#8221; z grup\u0105 &#8222;Motylk\u00f3w&#8221; z Przedszkola Samorz\u0105dowego w G\u0105binie (17.06.25)"}]},{"@type":"WebSite","@id":"https:\/\/biblioteka-gabin.pl\/#website","url":"https:\/\/biblioteka-gabin.pl\/","name":"Miejsko-Gminna Biblioteka Publiczna w G\u0105binie","description":"","publisher":{"@id":"https:\/\/biblioteka-gabin.pl\/#organization"},"potentialAction":[{"@type":"SearchAction","target":{"@type":"EntryPoint","urlTemplate":"https:\/\/biblioteka-gabin.pl\/?s={search_term_string}"},"query-input":{"@type":"PropertyValueSpecification","valueRequired":true,"valueName":"search_term_string"}}],"inLanguage":"pl-PL"},{"@type":"Organization","@id":"https:\/\/biblioteka-gabin.pl\/#organization","name":"Miejsko-Gminna Biblioteka Publiczna w G\u0105binie","url":"https:\/\/biblioteka-gabin.pl\/","logo":{"@type":"ImageObject","inLanguage":"pl-PL","@id":"https:\/\/biblioteka-gabin.pl\/#\/schema\/logo\/image\/","url":"https:\/\/biblioteka-gabin.pl\/wp-content\/uploads\/2025\/03\/logo-biblioteka-2-1657013691-1.jpg","contentUrl":"https:\/\/biblioteka-gabin.pl\/wp-content\/uploads\/2025\/03\/logo-biblioteka-2-1657013691-1.jpg","width":1600,"height":772,"caption":"Miejsko-Gminna Biblioteka Publiczna w G\u0105binie"},"image":{"@id":"https:\/\/biblioteka-gabin.pl\/#\/schema\/logo\/image\/"},"sameAs":["https:\/\/www.facebook.com\/bibliotekagabin","https:\/\/www.youtube.com\/@mgbpgabin9392"]},{"@type":"Person","@id":"https:\/\/biblioteka-gabin.pl\/#\/schema\/person\/2067b97c24663d987ef6ef95bed7c99a","name":"admin","image":{"@type":"ImageObject","inLanguage":"pl-PL","@id":"https:\/\/secure.gravatar.com\/avatar\/e1843904e97b4e376a0fc90ae10372cd31bce9b207a7a3d2ca68fc7ca7e4174c?s=96&d=mm&r=g","url":"https:\/\/secure.gravatar.com\/avatar\/e1843904e97b4e376a0fc90ae10372cd31bce9b207a7a3d2ca68fc7ca7e4174c?s=96&d=mm&r=g","contentUrl":"https:\/\/secure.gravatar.com\/avatar\/e1843904e97b4e376a0fc90ae10372cd31bce9b207a7a3d2ca68fc7ca7e4174c?s=96&d=mm&r=g","caption":"admin"},"sameAs":["http:\/\/strona.biblioteka-gabin.pl"],"url":"http:\/\/biblioteka-gabin.pl\/index.php\/author\/admin\/"}]}},"_links":{"self":[{"href":"http:\/\/biblioteka-gabin.pl\/index.php\/wp-json\/wp\/v2\/posts\/8535","targetHints":{"allow":["GET"]}}],"collection":[{"href":"http:\/\/biblioteka-gabin.pl\/index.php\/wp-json\/wp\/v2\/posts"}],"about":[{"href":"http:\/\/biblioteka-gabin.pl\/index.php\/wp-json\/wp\/v2\/types\/post"}],"author":[{"embeddable":true,"href":"http:\/\/biblioteka-gabin.pl\/index.php\/wp-json\/wp\/v2\/users\/1"}],"replies":[{"embeddable":true,"href":"http:\/\/biblioteka-gabin.pl\/index.php\/wp-json\/wp\/v2\/comments?post=8535"}],"version-history":[{"count":0,"href":"http:\/\/biblioteka-gabin.pl\/index.php\/wp-json\/wp\/v2\/posts\/8535\/revisions"}],"wp:attachment":[{"href":"http:\/\/biblioteka-gabin.pl\/index.php\/wp-json\/wp\/v2\/media?parent=8535"}],"wp:term":[{"taxonomy":"category","embeddable":true,"href":"http:\/\/biblioteka-gabin.pl\/index.php\/wp-json\/wp\/v2\/categories?post=8535"},{"taxonomy":"post_tag","embeddable":true,"href":"http:\/\/biblioteka-gabin.pl\/index.php\/wp-json\/wp\/v2\/tags?post=8535"}],"curies":[{"name":"wp","href":"https:\/\/api.w.org\/{rel}","templated":true}]}}