{"id":8537,"date":"2025-05-19T00:00:00","date_gmt":"2025-05-19T00:00:00","guid":{"rendered":"https:\/\/biblioteka-gabin.pl\/index.php\/2025\/05\/19\/spotkanie-z-bajka-z-grupa-smerfow-z-przedszkola-samorzadowego-w-gabinie-14-05-2025\/"},"modified":"2025-05-19T00:00:00","modified_gmt":"2025-05-19T00:00:00","slug":"spotkanie-z-bajka-z-grupa-smerfow-z-przedszkola-samorzadowego-w-gabinie-14-05-2025","status":"publish","type":"post","link":"http:\/\/biblioteka-gabin.pl\/index.php\/2025\/05\/19\/spotkanie-z-bajka-z-grupa-smerfow-z-przedszkola-samorzadowego-w-gabinie-14-05-2025\/","title":{"rendered":"&#8222;Spotkanie z bajk\u0105&#8221; z grup\u0105 &#8222;Smerf\u00f3w&#8221; z Przedszkola Samorz\u0105dowego w G\u0105binie (14.05.2025)"},"content":{"rendered":"<p>\u201eTydzie\u0144 Bibliotek\u201d, kt\u00f3ry obchodzimy w dniach 8-15 maja to wyj\u0105tkowy czas dla Bibliotek i Bibliotekarzy. W zwi\u0105zku z tym \u015bwi\u0119tem dzisiejsze spotkanie z dzie\u0107mi by\u0142o ukierunkowane, aby opowiedzie\u0107 o funkcjonowaniu Biblioteki, od tak zwanego \u201ezaplecza\u201d. \u201eSmerfy\u201d pozna\u0142y tajniki dnia codziennego- od zliczenia statystyki dziennej po wstawienie ksi\u0105\u017cki na p\u00f3\u0142k\u0119. Dzieci zobaczy\u0142y druki dokument\u00f3w, jakie s\u0142u\u017c\u0105 do zapisania si\u0119 do Biblioteki.<br \/>\n\u00a0\u00a0\u00a0\u00a0 W dalszej cz\u0119\u015bci spotkania uczestnicy zaj\u0119\u0107 wys\u0142uchali bajki pt. \u201eJa\u015b i Ma\u0142gosia\u201d z serii bajkolandia. Historia wi\u0119kszo\u015bci znana zaskoczy\u0142a i zaciekawi\u0142a s\u0142uchaczy.<br \/>\n\u00a0\u00a0\u00a0 Na tablicy multimedialnej wybrzmia\u0142a bajka w formie audiobooka A. G\u0142owi\u0144skiej pt. \u201eKicia kocia w bibliotece\u201d, kt\u00f3r\u0105 wys\u0142ucha\u0142y dzieci z zainteresowaniem. Siedz\u0105c na dywanie mali s\u0142uchacze poznali histori\u0119 Kici \u2013Koci, kt\u00f3ra nigdy nie by\u0142a w bibliotece. Bohaterka pozna\u0142a szereg rzeczy, jakie mo\u017cna robi\u0107 w bibliotce m.in. obejrze\u0107 bajk\u0119, pomalowa\u0107 rysunek, spotka\u0107 autork\u0119 ksi\u0105\u017cki itp.<br \/>\n\u00a0\u00a0\u00a0 Por\u00f3wna\u0142am t\u0119 histori\u0119 tak\u017ce do naszej Ksi\u0105\u017cnicy. Na zako\u0144czenie dzieci wykona\u0142y zak\u0142adk\u0119 do ksi\u0105\u017cki, kt\u00f3ra zapewne wykorzystaj\u0105 do swoich zasob\u00f3w bajkowych. Otrzymali szablon bia\u0142ej zak\u0142adki, kt\u00f3r\u0105 pokolorowali, przyczepili naklejk\u0119 i zabrali ze sob\u0105 do domu\u2026<br \/>\n\u00a0\u00a0\u00a0\u00a0 Serdecznie dzi\u0119kujemy za przepi\u0119kn\u0105 kartk\u0119 na Dzie\u0144 Bibliotekarza i za anio\u0142ka, kt\u00f3ry czeka na ladzie bibliotecznej na kolejne Wasze odwiedziny! Cieszymy si\u0119, \u017ce w tych wa\u017cnych dla Bibliotek dniach zechcieli\u015bcie odwiedzi\u0107 nasz\u0105 Bibliotek\u0119 i tym samym sprawi\u0107 nam ogromn\u0105 rado\u015b\u0107.<br \/>\n\u00a0\u00a0\u00a0\u00a0\u00a0\u00a0\u00a0\u00a0\u00a0\u00a0\u00a0\u00a0\u00a0\u00a0\u00a0\u00a0\u00a0\u00a0\u00a0\u00a0\u00a0\u00a0\u00a0\u00a0\u00a0\u00a0\u00a0\u00a0\u00a0\u00a0\u00a0\u00a0\u00a0\u00a0\u00a0\u00a0\u00a0 Opr. Joanna Olejniczak<br \/>\n<img src='https:\/\/biblioteka-gabin.pl\/wp-content\/uploads\/archive\/pliki\/obraz\/2025\/maj\/643ihhk2.jpg'><br \/>\n<a href='https:\/\/biblioteka-gabin.pl\/wp-content\/uploads\/archive\/galleries\/682\/iljlv8xs-d0446b63c5.jpg'><img style='max-height:300px;' src='https:\/\/biblioteka-gabin.pl\/wp-content\/uploads\/archive\/galleries\/682\/iljlv8xs-d0446b63c5.jpg'><\/a><br \/>\n<a href='https:\/\/biblioteka-gabin.pl\/wp-content\/uploads\/archive\/galleries\/682\/643ihhk2-5fc47d7ebb.jpg'><img style='max-height:300px;' src='https:\/\/biblioteka-gabin.pl\/wp-content\/uploads\/archive\/galleries\/682\/643ihhk2-5fc47d7ebb.jpg'><\/a><br \/>\n<a href='https:\/\/biblioteka-gabin.pl\/wp-content\/uploads\/archive\/galleries\/682\/2ibpuhmg-60167a440f.jpg'><img style='max-height:300px;' src='https:\/\/biblioteka-gabin.pl\/wp-content\/uploads\/archive\/galleries\/682\/2ibpuhmg-60167a440f.jpg'><\/a><br \/>\n<a href='https:\/\/biblioteka-gabin.pl\/wp-content\/uploads\/archive\/galleries\/682\/c7mtjrqu-86b8402f51.jpg'><img style='max-height:300px;' src='https:\/\/biblioteka-gabin.pl\/wp-content\/uploads\/archive\/galleries\/682\/c7mtjrqu-86b8402f51.jpg'><\/a><br \/>\n<a href='https:\/\/biblioteka-gabin.pl\/wp-content\/uploads\/archive\/galleries\/682\/leeb-mnk-43d298fceb.jpg'><img style='max-height:300px;' src='https:\/\/biblioteka-gabin.pl\/wp-content\/uploads\/archive\/galleries\/682\/leeb-mnk-43d298fceb.jpg'><\/a><br \/>\n<a href='https:\/\/biblioteka-gabin.pl\/wp-content\/uploads\/archive\/galleries\/682\/6bplrpsq-aeadcdaabf.jpg'><img style='max-height:300px;' src='https:\/\/biblioteka-gabin.pl\/wp-content\/uploads\/archive\/galleries\/682\/6bplrpsq-aeadcdaabf.jpg'><\/a><br \/>\n<a href='https:\/\/biblioteka-gabin.pl\/wp-content\/uploads\/archive\/galleries\/682\/cu9j9nbq-61b419eaaf.jpg'><img style='max-height:300px;' src='https:\/\/biblioteka-gabin.pl\/wp-content\/uploads\/archive\/galleries\/682\/cu9j9nbq-61b419eaaf.jpg'><\/a><br \/>\n<a href='https:\/\/biblioteka-gabin.pl\/wp-content\/uploads\/archive\/galleries\/682\/398fkjy-8a05b16c04.jpg'><img style='max-height:300px;' src='https:\/\/biblioteka-gabin.pl\/wp-content\/uploads\/archive\/galleries\/682\/398fkjy-8a05b16c04.jpg'><\/a><br \/>\n<a href='https:\/\/biblioteka-gabin.pl\/wp-content\/uploads\/archive\/galleries\/682\/jfpnbhj-d2d10f99c8.jpg'><img style='max-height:300px;' src='https:\/\/biblioteka-gabin.pl\/wp-content\/uploads\/archive\/galleries\/682\/jfpnbhj-d2d10f99c8.jpg'><\/a><br \/>\n<a href='https:\/\/biblioteka-gabin.pl\/wp-content\/uploads\/archive\/galleries\/682\/sejrhrsp-0c2746edb0.jpg'><img style='max-height:300px;' src='https:\/\/biblioteka-gabin.pl\/wp-content\/uploads\/archive\/galleries\/682\/sejrhrsp-0c2746edb0.jpg'><\/a><br \/>\n<a href='https:\/\/biblioteka-gabin.pl\/wp-content\/uploads\/archive\/galleries\/682\/ulcjlqhh-4617a1fb25.jpg'><img style='max-height:300px;' src='https:\/\/biblioteka-gabin.pl\/wp-content\/uploads\/archive\/galleries\/682\/ulcjlqhh-4617a1fb25.jpg'><\/a><br \/>\n<a href='https:\/\/biblioteka-gabin.pl\/wp-content\/uploads\/archive\/galleries\/682\/xryaovv7-6f39521dcd.jpg'><img style='max-height:300px;' src='https:\/\/biblioteka-gabin.pl\/wp-content\/uploads\/archive\/galleries\/682\/xryaovv7-6f39521dcd.jpg'><\/a><\/p>\n","protected":false},"excerpt":{"rendered":"<p>\u201eTydzie\u0144 Bibliotek\u201d, kt\u00f3ry obchodzimy w dniach 8-15 maja to wyj\u0105tkowy<\/p>\n","protected":false},"author":1,"featured_media":0,"comment_status":"open","ping_status":"open","sticky":false,"template":"","format":"standard","meta":{"footnotes":""},"categories":[36],"tags":[],"class_list":["post-8537","post","type-post","status-publish","format-standard","hentry","category-main"],"yoast_head":"<!-- This site is optimized with the Yoast SEO plugin v27.4 - https:\/\/yoast.com\/product\/yoast-seo-wordpress\/ -->\n<title>&quot;Spotkanie z bajk\u0105&quot; z grup\u0105 &quot;Smerf\u00f3w&quot; z Przedszkola Samorz\u0105dowego w G\u0105binie (14.05.2025) - Miejsko-Gminna Biblioteka Publiczna w G\u0105binie<\/title>\n<meta name=\"robots\" content=\"index, follow, max-snippet:-1, max-image-preview:large, max-video-preview:-1\" \/>\n<link rel=\"canonical\" href=\"http:\/\/biblioteka-gabin.pl\/index.php\/2025\/05\/19\/spotkanie-z-bajka-z-grupa-smerfow-z-przedszkola-samorzadowego-w-gabinie-14-05-2025\/\" \/>\n<meta property=\"og:locale\" content=\"pl_PL\" \/>\n<meta property=\"og:type\" content=\"article\" \/>\n<meta property=\"og:title\" content=\"&quot;Spotkanie z bajk\u0105&quot; z grup\u0105 &quot;Smerf\u00f3w&quot; z Przedszkola Samorz\u0105dowego w G\u0105binie (14.05.2025) - Miejsko-Gminna Biblioteka Publiczna w G\u0105binie\" \/>\n<meta property=\"og:description\" content=\"\u201eTydzie\u0144 Bibliotek\u201d, kt\u00f3ry obchodzimy w dniach 8-15 maja to wyj\u0105tkowy\" \/>\n<meta property=\"og:url\" content=\"http:\/\/biblioteka-gabin.pl\/index.php\/2025\/05\/19\/spotkanie-z-bajka-z-grupa-smerfow-z-przedszkola-samorzadowego-w-gabinie-14-05-2025\/\" \/>\n<meta property=\"og:site_name\" content=\"Miejsko-Gminna Biblioteka Publiczna w G\u0105binie\" \/>\n<meta property=\"article:publisher\" content=\"https:\/\/www.facebook.com\/bibliotekagabin\" \/>\n<meta property=\"article:published_time\" content=\"2025-05-19T00:00:00+00:00\" \/>\n<meta property=\"og:image\" content=\"https:\/\/biblioteka-gabin.pl\/wp-content\/uploads\/archive\/pliki\/obraz\/2025\/maj\/643ihhk2.jpg\" \/>\n<meta name=\"author\" content=\"admin\" \/>\n<meta name=\"twitter:card\" content=\"summary_large_image\" \/>\n<meta name=\"twitter:label1\" content=\"Napisane przez\" \/>\n\t<meta name=\"twitter:data1\" content=\"admin\" \/>\n\t<meta name=\"twitter:label2\" content=\"Szacowany czas czytania\" \/>\n\t<meta name=\"twitter:data2\" content=\"1 minuta\" \/>\n<script type=\"application\/ld+json\" class=\"yoast-schema-graph\">{\"@context\":\"https:\\\/\\\/schema.org\",\"@graph\":[{\"@type\":\"Article\",\"@id\":\"http:\\\/\\\/biblioteka-gabin.pl\\\/index.php\\\/2025\\\/05\\\/19\\\/spotkanie-z-bajka-z-grupa-smerfow-z-przedszkola-samorzadowego-w-gabinie-14-05-2025\\\/#article\",\"isPartOf\":{\"@id\":\"http:\\\/\\\/biblioteka-gabin.pl\\\/index.php\\\/2025\\\/05\\\/19\\\/spotkanie-z-bajka-z-grupa-smerfow-z-przedszkola-samorzadowego-w-gabinie-14-05-2025\\\/\"},\"author\":{\"name\":\"admin\",\"@id\":\"https:\\\/\\\/biblioteka-gabin.pl\\\/#\\\/schema\\\/person\\\/2067b97c24663d987ef6ef95bed7c99a\"},\"headline\":\"&#8222;Spotkanie z bajk\u0105&#8221; z grup\u0105 &#8222;Smerf\u00f3w&#8221; z Przedszkola Samorz\u0105dowego w G\u0105binie (14.05.2025)\",\"datePublished\":\"2025-05-19T00:00:00+00:00\",\"mainEntityOfPage\":{\"@id\":\"http:\\\/\\\/biblioteka-gabin.pl\\\/index.php\\\/2025\\\/05\\\/19\\\/spotkanie-z-bajka-z-grupa-smerfow-z-przedszkola-samorzadowego-w-gabinie-14-05-2025\\\/\"},\"wordCount\":280,\"commentCount\":0,\"publisher\":{\"@id\":\"https:\\\/\\\/biblioteka-gabin.pl\\\/#organization\"},\"image\":{\"@id\":\"http:\\\/\\\/biblioteka-gabin.pl\\\/index.php\\\/2025\\\/05\\\/19\\\/spotkanie-z-bajka-z-grupa-smerfow-z-przedszkola-samorzadowego-w-gabinie-14-05-2025\\\/#primaryimage\"},\"thumbnailUrl\":\"https:\\\/\\\/biblioteka-gabin.pl\\\/wp-content\\\/uploads\\\/archive\\\/pliki\\\/obraz\\\/2025\\\/maj\\\/643ihhk2.jpg\",\"articleSection\":[\"Main\"],\"inLanguage\":\"pl-PL\",\"potentialAction\":[{\"@type\":\"CommentAction\",\"name\":\"Comment\",\"target\":[\"http:\\\/\\\/biblioteka-gabin.pl\\\/index.php\\\/2025\\\/05\\\/19\\\/spotkanie-z-bajka-z-grupa-smerfow-z-przedszkola-samorzadowego-w-gabinie-14-05-2025\\\/#respond\"]}]},{\"@type\":\"WebPage\",\"@id\":\"http:\\\/\\\/biblioteka-gabin.pl\\\/index.php\\\/2025\\\/05\\\/19\\\/spotkanie-z-bajka-z-grupa-smerfow-z-przedszkola-samorzadowego-w-gabinie-14-05-2025\\\/\",\"url\":\"http:\\\/\\\/biblioteka-gabin.pl\\\/index.php\\\/2025\\\/05\\\/19\\\/spotkanie-z-bajka-z-grupa-smerfow-z-przedszkola-samorzadowego-w-gabinie-14-05-2025\\\/\",\"name\":\"\\\"Spotkanie z bajk\u0105\\\" z grup\u0105 \\\"Smerf\u00f3w\\\" z Przedszkola Samorz\u0105dowego w G\u0105binie (14.05.2025) - Miejsko-Gminna Biblioteka Publiczna w G\u0105binie\",\"isPartOf\":{\"@id\":\"https:\\\/\\\/biblioteka-gabin.pl\\\/#website\"},\"primaryImageOfPage\":{\"@id\":\"http:\\\/\\\/biblioteka-gabin.pl\\\/index.php\\\/2025\\\/05\\\/19\\\/spotkanie-z-bajka-z-grupa-smerfow-z-przedszkola-samorzadowego-w-gabinie-14-05-2025\\\/#primaryimage\"},\"image\":{\"@id\":\"http:\\\/\\\/biblioteka-gabin.pl\\\/index.php\\\/2025\\\/05\\\/19\\\/spotkanie-z-bajka-z-grupa-smerfow-z-przedszkola-samorzadowego-w-gabinie-14-05-2025\\\/#primaryimage\"},\"thumbnailUrl\":\"https:\\\/\\\/biblioteka-gabin.pl\\\/wp-content\\\/uploads\\\/archive\\\/pliki\\\/obraz\\\/2025\\\/maj\\\/643ihhk2.jpg\",\"datePublished\":\"2025-05-19T00:00:00+00:00\",\"breadcrumb\":{\"@id\":\"http:\\\/\\\/biblioteka-gabin.pl\\\/index.php\\\/2025\\\/05\\\/19\\\/spotkanie-z-bajka-z-grupa-smerfow-z-przedszkola-samorzadowego-w-gabinie-14-05-2025\\\/#breadcrumb\"},\"inLanguage\":\"pl-PL\",\"potentialAction\":[{\"@type\":\"ReadAction\",\"target\":[\"http:\\\/\\\/biblioteka-gabin.pl\\\/index.php\\\/2025\\\/05\\\/19\\\/spotkanie-z-bajka-z-grupa-smerfow-z-przedszkola-samorzadowego-w-gabinie-14-05-2025\\\/\"]}]},{\"@type\":\"ImageObject\",\"inLanguage\":\"pl-PL\",\"@id\":\"http:\\\/\\\/biblioteka-gabin.pl\\\/index.php\\\/2025\\\/05\\\/19\\\/spotkanie-z-bajka-z-grupa-smerfow-z-przedszkola-samorzadowego-w-gabinie-14-05-2025\\\/#primaryimage\",\"url\":\"https:\\\/\\\/biblioteka-gabin.pl\\\/wp-content\\\/uploads\\\/archive\\\/pliki\\\/obraz\\\/2025\\\/maj\\\/643ihhk2.jpg\",\"contentUrl\":\"https:\\\/\\\/biblioteka-gabin.pl\\\/wp-content\\\/uploads\\\/archive\\\/pliki\\\/obraz\\\/2025\\\/maj\\\/643ihhk2.jpg\"},{\"@type\":\"BreadcrumbList\",\"@id\":\"http:\\\/\\\/biblioteka-gabin.pl\\\/index.php\\\/2025\\\/05\\\/19\\\/spotkanie-z-bajka-z-grupa-smerfow-z-przedszkola-samorzadowego-w-gabinie-14-05-2025\\\/#breadcrumb\",\"itemListElement\":[{\"@type\":\"ListItem\",\"position\":1,\"name\":\"Strona g\u0142\u00f3wna\",\"item\":\"https:\\\/\\\/biblioteka-gabin.pl\\\/\"},{\"@type\":\"ListItem\",\"position\":2,\"name\":\"&#8222;Spotkanie z bajk\u0105&#8221; z grup\u0105 &#8222;Smerf\u00f3w&#8221; z Przedszkola Samorz\u0105dowego w G\u0105binie (14.05.2025)\"}]},{\"@type\":\"WebSite\",\"@id\":\"https:\\\/\\\/biblioteka-gabin.pl\\\/#website\",\"url\":\"https:\\\/\\\/biblioteka-gabin.pl\\\/\",\"name\":\"Miejsko-Gminna Biblioteka Publiczna w G\u0105binie\",\"description\":\"\",\"publisher\":{\"@id\":\"https:\\\/\\\/biblioteka-gabin.pl\\\/#organization\"},\"potentialAction\":[{\"@type\":\"SearchAction\",\"target\":{\"@type\":\"EntryPoint\",\"urlTemplate\":\"https:\\\/\\\/biblioteka-gabin.pl\\\/?s={search_term_string}\"},\"query-input\":{\"@type\":\"PropertyValueSpecification\",\"valueRequired\":true,\"valueName\":\"search_term_string\"}}],\"inLanguage\":\"pl-PL\"},{\"@type\":\"Organization\",\"@id\":\"https:\\\/\\\/biblioteka-gabin.pl\\\/#organization\",\"name\":\"Miejsko-Gminna Biblioteka Publiczna w G\u0105binie\",\"url\":\"https:\\\/\\\/biblioteka-gabin.pl\\\/\",\"logo\":{\"@type\":\"ImageObject\",\"inLanguage\":\"pl-PL\",\"@id\":\"https:\\\/\\\/biblioteka-gabin.pl\\\/#\\\/schema\\\/logo\\\/image\\\/\",\"url\":\"https:\\\/\\\/biblioteka-gabin.pl\\\/wp-content\\\/uploads\\\/2025\\\/03\\\/logo-biblioteka-2-1657013691-1.jpg\",\"contentUrl\":\"https:\\\/\\\/biblioteka-gabin.pl\\\/wp-content\\\/uploads\\\/2025\\\/03\\\/logo-biblioteka-2-1657013691-1.jpg\",\"width\":1600,\"height\":772,\"caption\":\"Miejsko-Gminna Biblioteka Publiczna w G\u0105binie\"},\"image\":{\"@id\":\"https:\\\/\\\/biblioteka-gabin.pl\\\/#\\\/schema\\\/logo\\\/image\\\/\"},\"sameAs\":[\"https:\\\/\\\/www.facebook.com\\\/bibliotekagabin\",\"https:\\\/\\\/www.youtube.com\\\/@mgbpgabin9392\"]},{\"@type\":\"Person\",\"@id\":\"https:\\\/\\\/biblioteka-gabin.pl\\\/#\\\/schema\\\/person\\\/2067b97c24663d987ef6ef95bed7c99a\",\"name\":\"admin\",\"image\":{\"@type\":\"ImageObject\",\"inLanguage\":\"pl-PL\",\"@id\":\"https:\\\/\\\/secure.gravatar.com\\\/avatar\\\/e1843904e97b4e376a0fc90ae10372cd31bce9b207a7a3d2ca68fc7ca7e4174c?s=96&d=mm&r=g\",\"url\":\"https:\\\/\\\/secure.gravatar.com\\\/avatar\\\/e1843904e97b4e376a0fc90ae10372cd31bce9b207a7a3d2ca68fc7ca7e4174c?s=96&d=mm&r=g\",\"contentUrl\":\"https:\\\/\\\/secure.gravatar.com\\\/avatar\\\/e1843904e97b4e376a0fc90ae10372cd31bce9b207a7a3d2ca68fc7ca7e4174c?s=96&d=mm&r=g\",\"caption\":\"admin\"},\"sameAs\":[\"http:\\\/\\\/strona.biblioteka-gabin.pl\"],\"url\":\"http:\\\/\\\/biblioteka-gabin.pl\\\/index.php\\\/author\\\/admin\\\/\"}]}<\/script>\n<!-- \/ Yoast SEO plugin. -->","yoast_head_json":{"title":"\"Spotkanie z bajk\u0105\" z grup\u0105 \"Smerf\u00f3w\" z Przedszkola Samorz\u0105dowego w G\u0105binie (14.05.2025) - Miejsko-Gminna Biblioteka Publiczna w G\u0105binie","robots":{"index":"index","follow":"follow","max-snippet":"max-snippet:-1","max-image-preview":"max-image-preview:large","max-video-preview":"max-video-preview:-1"},"canonical":"http:\/\/biblioteka-gabin.pl\/index.php\/2025\/05\/19\/spotkanie-z-bajka-z-grupa-smerfow-z-przedszkola-samorzadowego-w-gabinie-14-05-2025\/","og_locale":"pl_PL","og_type":"article","og_title":"\"Spotkanie z bajk\u0105\" z grup\u0105 \"Smerf\u00f3w\" z Przedszkola Samorz\u0105dowego w G\u0105binie (14.05.2025) - Miejsko-Gminna Biblioteka Publiczna w G\u0105binie","og_description":"\u201eTydzie\u0144 Bibliotek\u201d, kt\u00f3ry obchodzimy w dniach 8-15 maja to wyj\u0105tkowy","og_url":"http:\/\/biblioteka-gabin.pl\/index.php\/2025\/05\/19\/spotkanie-z-bajka-z-grupa-smerfow-z-przedszkola-samorzadowego-w-gabinie-14-05-2025\/","og_site_name":"Miejsko-Gminna Biblioteka Publiczna w G\u0105binie","article_publisher":"https:\/\/www.facebook.com\/bibliotekagabin","article_published_time":"2025-05-19T00:00:00+00:00","og_image":[{"url":"https:\/\/biblioteka-gabin.pl\/wp-content\/uploads\/archive\/pliki\/obraz\/2025\/maj\/643ihhk2.jpg","type":"","width":"","height":""}],"author":"admin","twitter_card":"summary_large_image","twitter_misc":{"Napisane przez":"admin","Szacowany czas czytania":"1 minuta"},"schema":{"@context":"https:\/\/schema.org","@graph":[{"@type":"Article","@id":"http:\/\/biblioteka-gabin.pl\/index.php\/2025\/05\/19\/spotkanie-z-bajka-z-grupa-smerfow-z-przedszkola-samorzadowego-w-gabinie-14-05-2025\/#article","isPartOf":{"@id":"http:\/\/biblioteka-gabin.pl\/index.php\/2025\/05\/19\/spotkanie-z-bajka-z-grupa-smerfow-z-przedszkola-samorzadowego-w-gabinie-14-05-2025\/"},"author":{"name":"admin","@id":"https:\/\/biblioteka-gabin.pl\/#\/schema\/person\/2067b97c24663d987ef6ef95bed7c99a"},"headline":"&#8222;Spotkanie z bajk\u0105&#8221; z grup\u0105 &#8222;Smerf\u00f3w&#8221; z Przedszkola Samorz\u0105dowego w G\u0105binie (14.05.2025)","datePublished":"2025-05-19T00:00:00+00:00","mainEntityOfPage":{"@id":"http:\/\/biblioteka-gabin.pl\/index.php\/2025\/05\/19\/spotkanie-z-bajka-z-grupa-smerfow-z-przedszkola-samorzadowego-w-gabinie-14-05-2025\/"},"wordCount":280,"commentCount":0,"publisher":{"@id":"https:\/\/biblioteka-gabin.pl\/#organization"},"image":{"@id":"http:\/\/biblioteka-gabin.pl\/index.php\/2025\/05\/19\/spotkanie-z-bajka-z-grupa-smerfow-z-przedszkola-samorzadowego-w-gabinie-14-05-2025\/#primaryimage"},"thumbnailUrl":"https:\/\/biblioteka-gabin.pl\/wp-content\/uploads\/archive\/pliki\/obraz\/2025\/maj\/643ihhk2.jpg","articleSection":["Main"],"inLanguage":"pl-PL","potentialAction":[{"@type":"CommentAction","name":"Comment","target":["http:\/\/biblioteka-gabin.pl\/index.php\/2025\/05\/19\/spotkanie-z-bajka-z-grupa-smerfow-z-przedszkola-samorzadowego-w-gabinie-14-05-2025\/#respond"]}]},{"@type":"WebPage","@id":"http:\/\/biblioteka-gabin.pl\/index.php\/2025\/05\/19\/spotkanie-z-bajka-z-grupa-smerfow-z-przedszkola-samorzadowego-w-gabinie-14-05-2025\/","url":"http:\/\/biblioteka-gabin.pl\/index.php\/2025\/05\/19\/spotkanie-z-bajka-z-grupa-smerfow-z-przedszkola-samorzadowego-w-gabinie-14-05-2025\/","name":"\"Spotkanie z bajk\u0105\" z grup\u0105 \"Smerf\u00f3w\" z Przedszkola Samorz\u0105dowego w G\u0105binie (14.05.2025) - Miejsko-Gminna Biblioteka Publiczna w G\u0105binie","isPartOf":{"@id":"https:\/\/biblioteka-gabin.pl\/#website"},"primaryImageOfPage":{"@id":"http:\/\/biblioteka-gabin.pl\/index.php\/2025\/05\/19\/spotkanie-z-bajka-z-grupa-smerfow-z-przedszkola-samorzadowego-w-gabinie-14-05-2025\/#primaryimage"},"image":{"@id":"http:\/\/biblioteka-gabin.pl\/index.php\/2025\/05\/19\/spotkanie-z-bajka-z-grupa-smerfow-z-przedszkola-samorzadowego-w-gabinie-14-05-2025\/#primaryimage"},"thumbnailUrl":"https:\/\/biblioteka-gabin.pl\/wp-content\/uploads\/archive\/pliki\/obraz\/2025\/maj\/643ihhk2.jpg","datePublished":"2025-05-19T00:00:00+00:00","breadcrumb":{"@id":"http:\/\/biblioteka-gabin.pl\/index.php\/2025\/05\/19\/spotkanie-z-bajka-z-grupa-smerfow-z-przedszkola-samorzadowego-w-gabinie-14-05-2025\/#breadcrumb"},"inLanguage":"pl-PL","potentialAction":[{"@type":"ReadAction","target":["http:\/\/biblioteka-gabin.pl\/index.php\/2025\/05\/19\/spotkanie-z-bajka-z-grupa-smerfow-z-przedszkola-samorzadowego-w-gabinie-14-05-2025\/"]}]},{"@type":"ImageObject","inLanguage":"pl-PL","@id":"http:\/\/biblioteka-gabin.pl\/index.php\/2025\/05\/19\/spotkanie-z-bajka-z-grupa-smerfow-z-przedszkola-samorzadowego-w-gabinie-14-05-2025\/#primaryimage","url":"https:\/\/biblioteka-gabin.pl\/wp-content\/uploads\/archive\/pliki\/obraz\/2025\/maj\/643ihhk2.jpg","contentUrl":"https:\/\/biblioteka-gabin.pl\/wp-content\/uploads\/archive\/pliki\/obraz\/2025\/maj\/643ihhk2.jpg"},{"@type":"BreadcrumbList","@id":"http:\/\/biblioteka-gabin.pl\/index.php\/2025\/05\/19\/spotkanie-z-bajka-z-grupa-smerfow-z-przedszkola-samorzadowego-w-gabinie-14-05-2025\/#breadcrumb","itemListElement":[{"@type":"ListItem","position":1,"name":"Strona g\u0142\u00f3wna","item":"https:\/\/biblioteka-gabin.pl\/"},{"@type":"ListItem","position":2,"name":"&#8222;Spotkanie z bajk\u0105&#8221; z grup\u0105 &#8222;Smerf\u00f3w&#8221; z Przedszkola Samorz\u0105dowego w G\u0105binie (14.05.2025)"}]},{"@type":"WebSite","@id":"https:\/\/biblioteka-gabin.pl\/#website","url":"https:\/\/biblioteka-gabin.pl\/","name":"Miejsko-Gminna Biblioteka Publiczna w G\u0105binie","description":"","publisher":{"@id":"https:\/\/biblioteka-gabin.pl\/#organization"},"potentialAction":[{"@type":"SearchAction","target":{"@type":"EntryPoint","urlTemplate":"https:\/\/biblioteka-gabin.pl\/?s={search_term_string}"},"query-input":{"@type":"PropertyValueSpecification","valueRequired":true,"valueName":"search_term_string"}}],"inLanguage":"pl-PL"},{"@type":"Organization","@id":"https:\/\/biblioteka-gabin.pl\/#organization","name":"Miejsko-Gminna Biblioteka Publiczna w G\u0105binie","url":"https:\/\/biblioteka-gabin.pl\/","logo":{"@type":"ImageObject","inLanguage":"pl-PL","@id":"https:\/\/biblioteka-gabin.pl\/#\/schema\/logo\/image\/","url":"https:\/\/biblioteka-gabin.pl\/wp-content\/uploads\/2025\/03\/logo-biblioteka-2-1657013691-1.jpg","contentUrl":"https:\/\/biblioteka-gabin.pl\/wp-content\/uploads\/2025\/03\/logo-biblioteka-2-1657013691-1.jpg","width":1600,"height":772,"caption":"Miejsko-Gminna Biblioteka Publiczna w G\u0105binie"},"image":{"@id":"https:\/\/biblioteka-gabin.pl\/#\/schema\/logo\/image\/"},"sameAs":["https:\/\/www.facebook.com\/bibliotekagabin","https:\/\/www.youtube.com\/@mgbpgabin9392"]},{"@type":"Person","@id":"https:\/\/biblioteka-gabin.pl\/#\/schema\/person\/2067b97c24663d987ef6ef95bed7c99a","name":"admin","image":{"@type":"ImageObject","inLanguage":"pl-PL","@id":"https:\/\/secure.gravatar.com\/avatar\/e1843904e97b4e376a0fc90ae10372cd31bce9b207a7a3d2ca68fc7ca7e4174c?s=96&d=mm&r=g","url":"https:\/\/secure.gravatar.com\/avatar\/e1843904e97b4e376a0fc90ae10372cd31bce9b207a7a3d2ca68fc7ca7e4174c?s=96&d=mm&r=g","contentUrl":"https:\/\/secure.gravatar.com\/avatar\/e1843904e97b4e376a0fc90ae10372cd31bce9b207a7a3d2ca68fc7ca7e4174c?s=96&d=mm&r=g","caption":"admin"},"sameAs":["http:\/\/strona.biblioteka-gabin.pl"],"url":"http:\/\/biblioteka-gabin.pl\/index.php\/author\/admin\/"}]}},"_links":{"self":[{"href":"http:\/\/biblioteka-gabin.pl\/index.php\/wp-json\/wp\/v2\/posts\/8537","targetHints":{"allow":["GET"]}}],"collection":[{"href":"http:\/\/biblioteka-gabin.pl\/index.php\/wp-json\/wp\/v2\/posts"}],"about":[{"href":"http:\/\/biblioteka-gabin.pl\/index.php\/wp-json\/wp\/v2\/types\/post"}],"author":[{"embeddable":true,"href":"http:\/\/biblioteka-gabin.pl\/index.php\/wp-json\/wp\/v2\/users\/1"}],"replies":[{"embeddable":true,"href":"http:\/\/biblioteka-gabin.pl\/index.php\/wp-json\/wp\/v2\/comments?post=8537"}],"version-history":[{"count":0,"href":"http:\/\/biblioteka-gabin.pl\/index.php\/wp-json\/wp\/v2\/posts\/8537\/revisions"}],"wp:attachment":[{"href":"http:\/\/biblioteka-gabin.pl\/index.php\/wp-json\/wp\/v2\/media?parent=8537"}],"wp:term":[{"taxonomy":"category","embeddable":true,"href":"http:\/\/biblioteka-gabin.pl\/index.php\/wp-json\/wp\/v2\/categories?post=8537"},{"taxonomy":"post_tag","embeddable":true,"href":"http:\/\/biblioteka-gabin.pl\/index.php\/wp-json\/wp\/v2\/tags?post=8537"}],"curies":[{"name":"wp","href":"https:\/\/api.w.org\/{rel}","templated":true}]}}