{"id":8554,"date":"2025-05-06T00:00:00","date_gmt":"2025-05-06T00:00:00","guid":{"rendered":"https:\/\/biblioteka-gabin.pl\/index.php\/2025\/05\/06\/spotkanie-z-dziecmi-w-dobrzykowie-grupa-jagodki-i-sowy-24-04-25\/"},"modified":"2025-05-06T00:00:00","modified_gmt":"2025-05-06T00:00:00","slug":"spotkanie-z-dziecmi-w-dobrzykowie-grupa-jagodki-i-sowy-24-04-25","status":"publish","type":"post","link":"http:\/\/biblioteka-gabin.pl\/index.php\/2025\/05\/06\/spotkanie-z-dziecmi-w-dobrzykowie-grupa-jagodki-i-sowy-24-04-25\/","title":{"rendered":"Spotkanie z dzie\u0107mi w Dobrzykowie- grupa &#8222;Jag\u00f3dki&#8221; i &#8222;Sowy&#8221; (24.04.25)"},"content":{"rendered":"<p>,,No tak &#8211; wzdycha mama- ruszy\u0142y\u015bcie same, lecz macie przed sob\u0105 bardzo dumn\u0105 mam\u0119. Bo tym najwa\u017cniejszym jedynym nakazem, jest ten, by k\u0142opoty pokonywa\u0107 razem.\u201d- wybrzmia\u0142 fragment ksi\u0105\u017cki pt. ,,Pandki, kt\u00f3re obieca\u0142y\u201d Rachel Bright. Dzieci z gr. ,,Jag\u00f3dek\u201d z Przedszkola Samorz\u0105dowego w Dobrzykowie wys\u0142ucha\u0142y opowie\u015bci o dzielnych rudych zwierz\u0105tkach, kt\u00f3re mimo m\u0142odego wieku mia\u0142y bardzo du\u017co przyg\u00f3d.<br \/>\nNa pocz\u0105tku ma\u0142e pandy us\u0142ysza\u0142y od swojej mamy jak maj\u0105 post\u0119powa\u0107, by by\u0142y bezpieczne i nie wpad\u0142y w k\u0142opoty. ,,Pierwsza sprawa: sosna. Tam nie podchodzicie. Po drugie: ze zbocza same nie schodzicie. Powr\u00f3t tu\u017c przed \u015bwitem jest trzecim nakazem, a po czwarte \u2013 pouczy\u0142a swoje male\u0144stwa &#8211; zawsze trzymajcie si\u0119 razem.\u201d. Na koniec surowo nakaza\u0142a: ,,Dla waszego dobra, cho\u0107 nieznane kusi. Musicie to wszystko obieca\u0107 mamusi\u201d.<br \/>\n,,Czy wiecie jakie \u015bwi\u0119to wczoraj obchodzili\u015bmy? Podpowiem, \u017ce ten dzie\u0144 zwi\u0105zany jest z miejscem, z kt\u00f3rego do was przyjecha\u0142am\u201d. \u2013 powiedzia\u0142a bibliotekarka Karolina. Dzieci dzielnie pr\u00f3bowa\u0142y odgadn\u0105\u0107 zagadk\u0119: ,,Czy chodzi o Lany Poniedzia\u0142ek?\u201d, ,,Wielkanoc?\u201d, ,,\u015awi\u0119to ksi\u0105\u017cki.\u201d \u2013 brzmia\u0142y odpowiedzi. Bibliotekarka bardzo si\u0119 ucieszy\u0142a, \u017ce maluchy wiedzia\u0142y jakie to wydarzenie.<br \/>\nNast\u0119pnie z powodu obchodzonego we wtorek Dnia Ziemi ,,Sowy\u201d wys\u0142ucha\u0142y opowiadania pt. ,,I ty mo\u017cesz uratowa\u0107 orangutana albo konia\u201d. Czytanka pochodzi\u0142a ze zbioru pt. ,,Ty te\u017c mo\u017cesz uratowa\u0107 \u015bwiat\u201d Justyny Bednarek.<br \/>\nDzieci pozna\u0142y histori\u0119 klasy, kt\u00f3ra wybra\u0142a si\u0119 w podr\u00f3\u017c do Zakopanego. Wycieczka mia\u0142a by\u0107 wielk\u0105 atrakcj\u0105, ale okaza\u0142a si\u0119 niestety bardzo smutnym wydarzeniem, z powodu konia, kt\u00f3ry nie maj\u0105c zupe\u0142nie si\u0142 wi\u00f3z\u0142 ca\u0142\u0105 grup\u0119 do schroniska. Scena bardzo poruszy\u0142a ma\u0142ych czytelnik\u00f3w i tak, jak bohaterowie opowiadania pr\u00f3bowali znale\u017a\u0107 spos\u00f3b, aby pom\u00f3c zwierz\u0119ciu.<br \/>\nNa koniec zaj\u0119\u0107 pobawili\u015bmy si\u0119 interaktywn\u0105 ksi\u0105\u017ck\u0105 pt. ,,Ba\u015bnie z ca\u0142ego \u015bwiata\u201d z serii Czytaj z Albikiem. ,,Sowy\u201d ch\u0119tnie odpowiada\u0142y na pytania zadawane przez elektroniczny d\u0142ugopis: Albik. ,,Znajd\u017a policjanta, wska\u017c plakat reklamuj\u0105cy przedstawienie, z udzia\u0142em marionetek; znajd\u017a cwanego lisa, poka\u017c wieloryba.\u201d \u2013 wymienia\u0142 lektor kolejno wgrane do quizu zagadki.<br \/>\nBardzo dzi\u0119kuj\u0119 za wsp\u00f3lne uczczenie \u015awiatowego Dnia Ksi\u0105\u017cki i ciesz\u0119 si\u0119, \u017ce mam mo\u017cliwo\u015b\u0107 ,,\u015bwi\u0119towania\u201d go z Najm\u0142odszymi nie tylko dzi\u015b<br \/>\n<img src='https:\/\/biblioteka-gabin.pl\/wp-content\/uploads\/archive\/pliki\/obraz\/2025\/kwiecie\/12.jpg'><br \/>\n<a href='https:\/\/biblioteka-gabin.pl\/wp-content\/uploads\/archive\/g'>g<\/a><br \/>\n<a href='https:\/\/biblioteka-gabin.pl\/wp-content\/uploads\/archive\/g'>g<\/a><br \/>\n<a href='https:\/\/biblioteka-gabin.pl\/wp-content\/uploads\/archive\/g'>g<\/a><br \/>\n<a href='https:\/\/biblioteka-gabin.pl\/wp-content\/uploads\/archive\/g'>g<\/a><br \/>\n<a href='https:\/\/biblioteka-gabin.pl\/wp-content\/uploads\/archive\/g'>g<\/a><br \/>\n<a href='https:\/\/biblioteka-gabin.pl\/wp-content\/uploads\/archive\/g'>g<\/a><br \/>\n<a href='https:\/\/biblioteka-gabin.pl\/wp-content\/uploads\/archive\/g'>g<\/a><\/p>\n","protected":false},"excerpt":{"rendered":"<p>,,No tak &#8211; wzdycha mama- ruszy\u0142y\u015bcie same, lecz macie przed<\/p>\n","protected":false},"author":1,"featured_media":0,"comment_status":"open","ping_status":"open","sticky":false,"template":"","format":"standard","meta":{"footnotes":""},"categories":[36],"tags":[],"class_list":["post-8554","post","type-post","status-publish","format-standard","hentry","category-main"],"yoast_head":"<!-- This site is optimized with the Yoast SEO plugin v27.4 - https:\/\/yoast.com\/product\/yoast-seo-wordpress\/ -->\n<title>Spotkanie z dzie\u0107mi w Dobrzykowie- grupa &quot;Jag\u00f3dki&quot; i &quot;Sowy&quot; (24.04.25) - Miejsko-Gminna Biblioteka Publiczna w G\u0105binie<\/title>\n<meta name=\"robots\" content=\"index, follow, max-snippet:-1, max-image-preview:large, max-video-preview:-1\" \/>\n<link rel=\"canonical\" href=\"http:\/\/biblioteka-gabin.pl\/index.php\/2025\/05\/06\/spotkanie-z-dziecmi-w-dobrzykowie-grupa-jagodki-i-sowy-24-04-25\/\" \/>\n<meta property=\"og:locale\" content=\"pl_PL\" \/>\n<meta property=\"og:type\" content=\"article\" \/>\n<meta property=\"og:title\" content=\"Spotkanie z dzie\u0107mi w Dobrzykowie- grupa &quot;Jag\u00f3dki&quot; i &quot;Sowy&quot; (24.04.25) - Miejsko-Gminna Biblioteka Publiczna w G\u0105binie\" \/>\n<meta property=\"og:description\" content=\",,No tak &#8211; wzdycha mama- ruszy\u0142y\u015bcie same, lecz macie przed\" \/>\n<meta property=\"og:url\" content=\"http:\/\/biblioteka-gabin.pl\/index.php\/2025\/05\/06\/spotkanie-z-dziecmi-w-dobrzykowie-grupa-jagodki-i-sowy-24-04-25\/\" \/>\n<meta property=\"og:site_name\" content=\"Miejsko-Gminna Biblioteka Publiczna w G\u0105binie\" \/>\n<meta property=\"article:publisher\" content=\"https:\/\/www.facebook.com\/bibliotekagabin\" \/>\n<meta property=\"article:published_time\" content=\"2025-05-06T00:00:00+00:00\" \/>\n<meta property=\"og:image\" content=\"https:\/\/biblioteka-gabin.pl\/wp-content\/uploads\/archive\/pliki\/obraz\/2025\/kwiecie\/12.jpg\" \/>\n<meta name=\"author\" content=\"admin\" \/>\n<meta name=\"twitter:card\" content=\"summary_large_image\" \/>\n<meta name=\"twitter:label1\" content=\"Napisane przez\" \/>\n\t<meta name=\"twitter:data1\" content=\"admin\" \/>\n\t<meta name=\"twitter:label2\" content=\"Szacowany czas czytania\" \/>\n\t<meta name=\"twitter:data2\" content=\"2 minuty\" \/>\n<script type=\"application\/ld+json\" class=\"yoast-schema-graph\">{\"@context\":\"https:\\\/\\\/schema.org\",\"@graph\":[{\"@type\":\"Article\",\"@id\":\"http:\\\/\\\/biblioteka-gabin.pl\\\/index.php\\\/2025\\\/05\\\/06\\\/spotkanie-z-dziecmi-w-dobrzykowie-grupa-jagodki-i-sowy-24-04-25\\\/#article\",\"isPartOf\":{\"@id\":\"http:\\\/\\\/biblioteka-gabin.pl\\\/index.php\\\/2025\\\/05\\\/06\\\/spotkanie-z-dziecmi-w-dobrzykowie-grupa-jagodki-i-sowy-24-04-25\\\/\"},\"author\":{\"name\":\"admin\",\"@id\":\"https:\\\/\\\/biblioteka-gabin.pl\\\/#\\\/schema\\\/person\\\/2067b97c24663d987ef6ef95bed7c99a\"},\"headline\":\"Spotkanie z dzie\u0107mi w Dobrzykowie- grupa &#8222;Jag\u00f3dki&#8221; i &#8222;Sowy&#8221; (24.04.25)\",\"datePublished\":\"2025-05-06T00:00:00+00:00\",\"mainEntityOfPage\":{\"@id\":\"http:\\\/\\\/biblioteka-gabin.pl\\\/index.php\\\/2025\\\/05\\\/06\\\/spotkanie-z-dziecmi-w-dobrzykowie-grupa-jagodki-i-sowy-24-04-25\\\/\"},\"wordCount\":421,\"commentCount\":0,\"publisher\":{\"@id\":\"https:\\\/\\\/biblioteka-gabin.pl\\\/#organization\"},\"image\":{\"@id\":\"http:\\\/\\\/biblioteka-gabin.pl\\\/index.php\\\/2025\\\/05\\\/06\\\/spotkanie-z-dziecmi-w-dobrzykowie-grupa-jagodki-i-sowy-24-04-25\\\/#primaryimage\"},\"thumbnailUrl\":\"https:\\\/\\\/biblioteka-gabin.pl\\\/wp-content\\\/uploads\\\/archive\\\/pliki\\\/obraz\\\/2025\\\/kwiecie\\\/12.jpg\",\"articleSection\":[\"Main\"],\"inLanguage\":\"pl-PL\",\"potentialAction\":[{\"@type\":\"CommentAction\",\"name\":\"Comment\",\"target\":[\"http:\\\/\\\/biblioteka-gabin.pl\\\/index.php\\\/2025\\\/05\\\/06\\\/spotkanie-z-dziecmi-w-dobrzykowie-grupa-jagodki-i-sowy-24-04-25\\\/#respond\"]}]},{\"@type\":\"WebPage\",\"@id\":\"http:\\\/\\\/biblioteka-gabin.pl\\\/index.php\\\/2025\\\/05\\\/06\\\/spotkanie-z-dziecmi-w-dobrzykowie-grupa-jagodki-i-sowy-24-04-25\\\/\",\"url\":\"http:\\\/\\\/biblioteka-gabin.pl\\\/index.php\\\/2025\\\/05\\\/06\\\/spotkanie-z-dziecmi-w-dobrzykowie-grupa-jagodki-i-sowy-24-04-25\\\/\",\"name\":\"Spotkanie z dzie\u0107mi w Dobrzykowie- grupa \\\"Jag\u00f3dki\\\" i \\\"Sowy\\\" (24.04.25) - Miejsko-Gminna Biblioteka Publiczna w G\u0105binie\",\"isPartOf\":{\"@id\":\"https:\\\/\\\/biblioteka-gabin.pl\\\/#website\"},\"primaryImageOfPage\":{\"@id\":\"http:\\\/\\\/biblioteka-gabin.pl\\\/index.php\\\/2025\\\/05\\\/06\\\/spotkanie-z-dziecmi-w-dobrzykowie-grupa-jagodki-i-sowy-24-04-25\\\/#primaryimage\"},\"image\":{\"@id\":\"http:\\\/\\\/biblioteka-gabin.pl\\\/index.php\\\/2025\\\/05\\\/06\\\/spotkanie-z-dziecmi-w-dobrzykowie-grupa-jagodki-i-sowy-24-04-25\\\/#primaryimage\"},\"thumbnailUrl\":\"https:\\\/\\\/biblioteka-gabin.pl\\\/wp-content\\\/uploads\\\/archive\\\/pliki\\\/obraz\\\/2025\\\/kwiecie\\\/12.jpg\",\"datePublished\":\"2025-05-06T00:00:00+00:00\",\"breadcrumb\":{\"@id\":\"http:\\\/\\\/biblioteka-gabin.pl\\\/index.php\\\/2025\\\/05\\\/06\\\/spotkanie-z-dziecmi-w-dobrzykowie-grupa-jagodki-i-sowy-24-04-25\\\/#breadcrumb\"},\"inLanguage\":\"pl-PL\",\"potentialAction\":[{\"@type\":\"ReadAction\",\"target\":[\"http:\\\/\\\/biblioteka-gabin.pl\\\/index.php\\\/2025\\\/05\\\/06\\\/spotkanie-z-dziecmi-w-dobrzykowie-grupa-jagodki-i-sowy-24-04-25\\\/\"]}]},{\"@type\":\"ImageObject\",\"inLanguage\":\"pl-PL\",\"@id\":\"http:\\\/\\\/biblioteka-gabin.pl\\\/index.php\\\/2025\\\/05\\\/06\\\/spotkanie-z-dziecmi-w-dobrzykowie-grupa-jagodki-i-sowy-24-04-25\\\/#primaryimage\",\"url\":\"https:\\\/\\\/biblioteka-gabin.pl\\\/wp-content\\\/uploads\\\/archive\\\/pliki\\\/obraz\\\/2025\\\/kwiecie\\\/12.jpg\",\"contentUrl\":\"https:\\\/\\\/biblioteka-gabin.pl\\\/wp-content\\\/uploads\\\/archive\\\/pliki\\\/obraz\\\/2025\\\/kwiecie\\\/12.jpg\"},{\"@type\":\"BreadcrumbList\",\"@id\":\"http:\\\/\\\/biblioteka-gabin.pl\\\/index.php\\\/2025\\\/05\\\/06\\\/spotkanie-z-dziecmi-w-dobrzykowie-grupa-jagodki-i-sowy-24-04-25\\\/#breadcrumb\",\"itemListElement\":[{\"@type\":\"ListItem\",\"position\":1,\"name\":\"Strona g\u0142\u00f3wna\",\"item\":\"https:\\\/\\\/biblioteka-gabin.pl\\\/\"},{\"@type\":\"ListItem\",\"position\":2,\"name\":\"Spotkanie z dzie\u0107mi w Dobrzykowie- grupa &#8222;Jag\u00f3dki&#8221; i &#8222;Sowy&#8221; (24.04.25)\"}]},{\"@type\":\"WebSite\",\"@id\":\"https:\\\/\\\/biblioteka-gabin.pl\\\/#website\",\"url\":\"https:\\\/\\\/biblioteka-gabin.pl\\\/\",\"name\":\"Miejsko-Gminna Biblioteka Publiczna w G\u0105binie\",\"description\":\"\",\"publisher\":{\"@id\":\"https:\\\/\\\/biblioteka-gabin.pl\\\/#organization\"},\"potentialAction\":[{\"@type\":\"SearchAction\",\"target\":{\"@type\":\"EntryPoint\",\"urlTemplate\":\"https:\\\/\\\/biblioteka-gabin.pl\\\/?s={search_term_string}\"},\"query-input\":{\"@type\":\"PropertyValueSpecification\",\"valueRequired\":true,\"valueName\":\"search_term_string\"}}],\"inLanguage\":\"pl-PL\"},{\"@type\":\"Organization\",\"@id\":\"https:\\\/\\\/biblioteka-gabin.pl\\\/#organization\",\"name\":\"Miejsko-Gminna Biblioteka Publiczna w G\u0105binie\",\"url\":\"https:\\\/\\\/biblioteka-gabin.pl\\\/\",\"logo\":{\"@type\":\"ImageObject\",\"inLanguage\":\"pl-PL\",\"@id\":\"https:\\\/\\\/biblioteka-gabin.pl\\\/#\\\/schema\\\/logo\\\/image\\\/\",\"url\":\"https:\\\/\\\/biblioteka-gabin.pl\\\/wp-content\\\/uploads\\\/2025\\\/03\\\/logo-biblioteka-2-1657013691-1.jpg\",\"contentUrl\":\"https:\\\/\\\/biblioteka-gabin.pl\\\/wp-content\\\/uploads\\\/2025\\\/03\\\/logo-biblioteka-2-1657013691-1.jpg\",\"width\":1600,\"height\":772,\"caption\":\"Miejsko-Gminna Biblioteka Publiczna w G\u0105binie\"},\"image\":{\"@id\":\"https:\\\/\\\/biblioteka-gabin.pl\\\/#\\\/schema\\\/logo\\\/image\\\/\"},\"sameAs\":[\"https:\\\/\\\/www.facebook.com\\\/bibliotekagabin\",\"https:\\\/\\\/www.youtube.com\\\/@mgbpgabin9392\"]},{\"@type\":\"Person\",\"@id\":\"https:\\\/\\\/biblioteka-gabin.pl\\\/#\\\/schema\\\/person\\\/2067b97c24663d987ef6ef95bed7c99a\",\"name\":\"admin\",\"image\":{\"@type\":\"ImageObject\",\"inLanguage\":\"pl-PL\",\"@id\":\"https:\\\/\\\/secure.gravatar.com\\\/avatar\\\/e1843904e97b4e376a0fc90ae10372cd31bce9b207a7a3d2ca68fc7ca7e4174c?s=96&d=mm&r=g\",\"url\":\"https:\\\/\\\/secure.gravatar.com\\\/avatar\\\/e1843904e97b4e376a0fc90ae10372cd31bce9b207a7a3d2ca68fc7ca7e4174c?s=96&d=mm&r=g\",\"contentUrl\":\"https:\\\/\\\/secure.gravatar.com\\\/avatar\\\/e1843904e97b4e376a0fc90ae10372cd31bce9b207a7a3d2ca68fc7ca7e4174c?s=96&d=mm&r=g\",\"caption\":\"admin\"},\"sameAs\":[\"http:\\\/\\\/strona.biblioteka-gabin.pl\"],\"url\":\"http:\\\/\\\/biblioteka-gabin.pl\\\/index.php\\\/author\\\/admin\\\/\"}]}<\/script>\n<!-- \/ Yoast SEO plugin. -->","yoast_head_json":{"title":"Spotkanie z dzie\u0107mi w Dobrzykowie- grupa \"Jag\u00f3dki\" i \"Sowy\" (24.04.25) - Miejsko-Gminna Biblioteka Publiczna w G\u0105binie","robots":{"index":"index","follow":"follow","max-snippet":"max-snippet:-1","max-image-preview":"max-image-preview:large","max-video-preview":"max-video-preview:-1"},"canonical":"http:\/\/biblioteka-gabin.pl\/index.php\/2025\/05\/06\/spotkanie-z-dziecmi-w-dobrzykowie-grupa-jagodki-i-sowy-24-04-25\/","og_locale":"pl_PL","og_type":"article","og_title":"Spotkanie z dzie\u0107mi w Dobrzykowie- grupa \"Jag\u00f3dki\" i \"Sowy\" (24.04.25) - Miejsko-Gminna Biblioteka Publiczna w G\u0105binie","og_description":",,No tak &#8211; wzdycha mama- ruszy\u0142y\u015bcie same, lecz macie przed","og_url":"http:\/\/biblioteka-gabin.pl\/index.php\/2025\/05\/06\/spotkanie-z-dziecmi-w-dobrzykowie-grupa-jagodki-i-sowy-24-04-25\/","og_site_name":"Miejsko-Gminna Biblioteka Publiczna w G\u0105binie","article_publisher":"https:\/\/www.facebook.com\/bibliotekagabin","article_published_time":"2025-05-06T00:00:00+00:00","og_image":[{"url":"https:\/\/biblioteka-gabin.pl\/wp-content\/uploads\/archive\/pliki\/obraz\/2025\/kwiecie\/12.jpg","type":"","width":"","height":""}],"author":"admin","twitter_card":"summary_large_image","twitter_misc":{"Napisane przez":"admin","Szacowany czas czytania":"2 minuty"},"schema":{"@context":"https:\/\/schema.org","@graph":[{"@type":"Article","@id":"http:\/\/biblioteka-gabin.pl\/index.php\/2025\/05\/06\/spotkanie-z-dziecmi-w-dobrzykowie-grupa-jagodki-i-sowy-24-04-25\/#article","isPartOf":{"@id":"http:\/\/biblioteka-gabin.pl\/index.php\/2025\/05\/06\/spotkanie-z-dziecmi-w-dobrzykowie-grupa-jagodki-i-sowy-24-04-25\/"},"author":{"name":"admin","@id":"https:\/\/biblioteka-gabin.pl\/#\/schema\/person\/2067b97c24663d987ef6ef95bed7c99a"},"headline":"Spotkanie z dzie\u0107mi w Dobrzykowie- grupa &#8222;Jag\u00f3dki&#8221; i &#8222;Sowy&#8221; (24.04.25)","datePublished":"2025-05-06T00:00:00+00:00","mainEntityOfPage":{"@id":"http:\/\/biblioteka-gabin.pl\/index.php\/2025\/05\/06\/spotkanie-z-dziecmi-w-dobrzykowie-grupa-jagodki-i-sowy-24-04-25\/"},"wordCount":421,"commentCount":0,"publisher":{"@id":"https:\/\/biblioteka-gabin.pl\/#organization"},"image":{"@id":"http:\/\/biblioteka-gabin.pl\/index.php\/2025\/05\/06\/spotkanie-z-dziecmi-w-dobrzykowie-grupa-jagodki-i-sowy-24-04-25\/#primaryimage"},"thumbnailUrl":"https:\/\/biblioteka-gabin.pl\/wp-content\/uploads\/archive\/pliki\/obraz\/2025\/kwiecie\/12.jpg","articleSection":["Main"],"inLanguage":"pl-PL","potentialAction":[{"@type":"CommentAction","name":"Comment","target":["http:\/\/biblioteka-gabin.pl\/index.php\/2025\/05\/06\/spotkanie-z-dziecmi-w-dobrzykowie-grupa-jagodki-i-sowy-24-04-25\/#respond"]}]},{"@type":"WebPage","@id":"http:\/\/biblioteka-gabin.pl\/index.php\/2025\/05\/06\/spotkanie-z-dziecmi-w-dobrzykowie-grupa-jagodki-i-sowy-24-04-25\/","url":"http:\/\/biblioteka-gabin.pl\/index.php\/2025\/05\/06\/spotkanie-z-dziecmi-w-dobrzykowie-grupa-jagodki-i-sowy-24-04-25\/","name":"Spotkanie z dzie\u0107mi w Dobrzykowie- grupa \"Jag\u00f3dki\" i \"Sowy\" (24.04.25) - Miejsko-Gminna Biblioteka Publiczna w G\u0105binie","isPartOf":{"@id":"https:\/\/biblioteka-gabin.pl\/#website"},"primaryImageOfPage":{"@id":"http:\/\/biblioteka-gabin.pl\/index.php\/2025\/05\/06\/spotkanie-z-dziecmi-w-dobrzykowie-grupa-jagodki-i-sowy-24-04-25\/#primaryimage"},"image":{"@id":"http:\/\/biblioteka-gabin.pl\/index.php\/2025\/05\/06\/spotkanie-z-dziecmi-w-dobrzykowie-grupa-jagodki-i-sowy-24-04-25\/#primaryimage"},"thumbnailUrl":"https:\/\/biblioteka-gabin.pl\/wp-content\/uploads\/archive\/pliki\/obraz\/2025\/kwiecie\/12.jpg","datePublished":"2025-05-06T00:00:00+00:00","breadcrumb":{"@id":"http:\/\/biblioteka-gabin.pl\/index.php\/2025\/05\/06\/spotkanie-z-dziecmi-w-dobrzykowie-grupa-jagodki-i-sowy-24-04-25\/#breadcrumb"},"inLanguage":"pl-PL","potentialAction":[{"@type":"ReadAction","target":["http:\/\/biblioteka-gabin.pl\/index.php\/2025\/05\/06\/spotkanie-z-dziecmi-w-dobrzykowie-grupa-jagodki-i-sowy-24-04-25\/"]}]},{"@type":"ImageObject","inLanguage":"pl-PL","@id":"http:\/\/biblioteka-gabin.pl\/index.php\/2025\/05\/06\/spotkanie-z-dziecmi-w-dobrzykowie-grupa-jagodki-i-sowy-24-04-25\/#primaryimage","url":"https:\/\/biblioteka-gabin.pl\/wp-content\/uploads\/archive\/pliki\/obraz\/2025\/kwiecie\/12.jpg","contentUrl":"https:\/\/biblioteka-gabin.pl\/wp-content\/uploads\/archive\/pliki\/obraz\/2025\/kwiecie\/12.jpg"},{"@type":"BreadcrumbList","@id":"http:\/\/biblioteka-gabin.pl\/index.php\/2025\/05\/06\/spotkanie-z-dziecmi-w-dobrzykowie-grupa-jagodki-i-sowy-24-04-25\/#breadcrumb","itemListElement":[{"@type":"ListItem","position":1,"name":"Strona g\u0142\u00f3wna","item":"https:\/\/biblioteka-gabin.pl\/"},{"@type":"ListItem","position":2,"name":"Spotkanie z dzie\u0107mi w Dobrzykowie- grupa &#8222;Jag\u00f3dki&#8221; i &#8222;Sowy&#8221; (24.04.25)"}]},{"@type":"WebSite","@id":"https:\/\/biblioteka-gabin.pl\/#website","url":"https:\/\/biblioteka-gabin.pl\/","name":"Miejsko-Gminna Biblioteka Publiczna w G\u0105binie","description":"","publisher":{"@id":"https:\/\/biblioteka-gabin.pl\/#organization"},"potentialAction":[{"@type":"SearchAction","target":{"@type":"EntryPoint","urlTemplate":"https:\/\/biblioteka-gabin.pl\/?s={search_term_string}"},"query-input":{"@type":"PropertyValueSpecification","valueRequired":true,"valueName":"search_term_string"}}],"inLanguage":"pl-PL"},{"@type":"Organization","@id":"https:\/\/biblioteka-gabin.pl\/#organization","name":"Miejsko-Gminna Biblioteka Publiczna w G\u0105binie","url":"https:\/\/biblioteka-gabin.pl\/","logo":{"@type":"ImageObject","inLanguage":"pl-PL","@id":"https:\/\/biblioteka-gabin.pl\/#\/schema\/logo\/image\/","url":"https:\/\/biblioteka-gabin.pl\/wp-content\/uploads\/2025\/03\/logo-biblioteka-2-1657013691-1.jpg","contentUrl":"https:\/\/biblioteka-gabin.pl\/wp-content\/uploads\/2025\/03\/logo-biblioteka-2-1657013691-1.jpg","width":1600,"height":772,"caption":"Miejsko-Gminna Biblioteka Publiczna w G\u0105binie"},"image":{"@id":"https:\/\/biblioteka-gabin.pl\/#\/schema\/logo\/image\/"},"sameAs":["https:\/\/www.facebook.com\/bibliotekagabin","https:\/\/www.youtube.com\/@mgbpgabin9392"]},{"@type":"Person","@id":"https:\/\/biblioteka-gabin.pl\/#\/schema\/person\/2067b97c24663d987ef6ef95bed7c99a","name":"admin","image":{"@type":"ImageObject","inLanguage":"pl-PL","@id":"https:\/\/secure.gravatar.com\/avatar\/e1843904e97b4e376a0fc90ae10372cd31bce9b207a7a3d2ca68fc7ca7e4174c?s=96&d=mm&r=g","url":"https:\/\/secure.gravatar.com\/avatar\/e1843904e97b4e376a0fc90ae10372cd31bce9b207a7a3d2ca68fc7ca7e4174c?s=96&d=mm&r=g","contentUrl":"https:\/\/secure.gravatar.com\/avatar\/e1843904e97b4e376a0fc90ae10372cd31bce9b207a7a3d2ca68fc7ca7e4174c?s=96&d=mm&r=g","caption":"admin"},"sameAs":["http:\/\/strona.biblioteka-gabin.pl"],"url":"http:\/\/biblioteka-gabin.pl\/index.php\/author\/admin\/"}]}},"_links":{"self":[{"href":"http:\/\/biblioteka-gabin.pl\/index.php\/wp-json\/wp\/v2\/posts\/8554","targetHints":{"allow":["GET"]}}],"collection":[{"href":"http:\/\/biblioteka-gabin.pl\/index.php\/wp-json\/wp\/v2\/posts"}],"about":[{"href":"http:\/\/biblioteka-gabin.pl\/index.php\/wp-json\/wp\/v2\/types\/post"}],"author":[{"embeddable":true,"href":"http:\/\/biblioteka-gabin.pl\/index.php\/wp-json\/wp\/v2\/users\/1"}],"replies":[{"embeddable":true,"href":"http:\/\/biblioteka-gabin.pl\/index.php\/wp-json\/wp\/v2\/comments?post=8554"}],"version-history":[{"count":0,"href":"http:\/\/biblioteka-gabin.pl\/index.php\/wp-json\/wp\/v2\/posts\/8554\/revisions"}],"wp:attachment":[{"href":"http:\/\/biblioteka-gabin.pl\/index.php\/wp-json\/wp\/v2\/media?parent=8554"}],"wp:term":[{"taxonomy":"category","embeddable":true,"href":"http:\/\/biblioteka-gabin.pl\/index.php\/wp-json\/wp\/v2\/categories?post=8554"},{"taxonomy":"post_tag","embeddable":true,"href":"http:\/\/biblioteka-gabin.pl\/index.php\/wp-json\/wp\/v2\/tags?post=8554"}],"curies":[{"name":"wp","href":"https:\/\/api.w.org\/{rel}","templated":true}]}}