{"id":8555,"date":"2022-11-29T00:00:00","date_gmt":"2022-11-29T00:00:00","guid":{"rendered":"https:\/\/biblioteka-gabin.pl\/index.php\/2022\/11\/29\/spotkanie-z-dziecmi-w-oddziale-i-punkcie-przedszkolnym-w-nowym-grabiu-28-11-2022-r\/"},"modified":"2022-11-29T00:00:00","modified_gmt":"2022-11-29T00:00:00","slug":"spotkanie-z-dziecmi-w-oddziale-i-punkcie-przedszkolnym-w-nowym-grabiu-28-11-2022-r","status":"publish","type":"post","link":"http:\/\/biblioteka-gabin.pl\/index.php\/2022\/11\/29\/spotkanie-z-dziecmi-w-oddziale-i-punkcie-przedszkolnym-w-nowym-grabiu-28-11-2022-r\/","title":{"rendered":"Spotkanie z dzie\u0107mi w Oddziale i Punkcie Przedszkolnym w Nowym Grabiu (28.11.2022 r.)"},"content":{"rendered":"<p>Poniedzia\u0142kowe spotkanie z dzie\u0107mi z Oddzia\u0142u i Punktu Przedszkolnego w Nowym Grabiu tym razem up\u0142yn\u0119\u0142o podczas wsp\u00f3lnych zabaw, gier oraz czytanych bajeczek.<br \/>\n\u00a0\u00a0 \u201ePszcz\u00f3\u0142ki\u201d odkry\u0142y rado\u015b\u0107 w zabawie \u201eStary nied\u017awied\u017a mocno \u015bpi\u2026\u201d. Bibliotekarka Asia wcieli\u0142a si\u0119 w posta\u0107 gro\u017anego misia, kt\u00f3ry \u0142apa\u0142 dzieci podczas wsp\u00f3lnej zabawy. Mi\u0142o by\u0142o widzie\u0107 ile u\u015bmiechu i frajdy wywo\u0142a\u0142a ta zabawa.<br \/>\nNawi\u0105zuj\u0105c do \u015bwi\u0119ta Pluszowego Misia, bibliotekarka Karolina przeczyta\u0142a \u201ePszcz\u00f3\u0142kom\u201d bajeczk\u0119 pt. \u201eO nied\u017awiadku niejadku\u201d oraz rozk\u0142adan\u0105 ksi\u0105\u017ceczk\u0119 pt. \u201dPrzytul mnie na dobranoc\u201d.<br \/>\n\u00a0\u00a0 W grupie \u201eBiedronki\u201d Pani Asia zaprezentowa\u0142a dzieciom gr\u0119 \u201e5 sekund\u201d, wyja\u015bni\u0142a zasady, po czym wszyscy od razu chcieli ju\u017c j\u0105 rozpocz\u0105\u0107. Po dw\u00f3ch rundach\u00a0 ka\u017cdy uczestnik odpowiada\u0142 na pytania, trudno\u015bci nie by\u0142o \u017cadnych. Znalaz\u0142y si\u0119 w grupie osoby, kt\u00f3re ch\u0119tnie chcia\u0142y pomaga\u0107 kolegom i kole\u017cankom podczas zadawanych pyta\u0144. Bardzo mi\u0142o up\u0142yn\u0105 nam czas a moc otrzymanych u\u015bcisk\u00f3w \u015bwiadczy\u0142a chyba\u00a0 o tym, \u017ce si\u0119 podoba\u0142o.<br \/>\n\u00a0\u00a0 Najstarsza grupa \u201eMotyle\u201d wys\u0142ucha\u0142a ksi\u0105\u017ceczki M. Strza\u0142kowskiej pt. \u201e Zmys\u0142y\u201d, z kt\u00f3rej dowiedzia\u0142a si\u0119 kilku ciekawostek np. kotom obcy jest smak s\u0142odki, motyle narz\u0105d s\u0142uchu maj\u0105 pod skrzyd\u0142ami, pies nie rozpoznaje koloru czerwonego i zielonego itp. Dzieci ch\u0119tnie uczestniczy\u0142y w dyskusji, zdawa\u0142y wiele pyta\u0144.<br \/>\n\u00a0Pani Karolina dodatkowo przeczyta\u0142a bajk\u0119 pt. \u201eDzie\u0144, w kt\u00f3rym Heni\u015b pozna\u0142\u2026koguta\u201d z serii Nowa kolekcja bajek.<br \/>\n\u00a0\u00a0 Paniom Przedszkolankom serdecznie dzi\u0119kujemy za pi\u0119kny wpis do naszej Ksi\u0119gi Pami\u0105tkowej. Dzieciom za urocze spotkanie, za dwa tygodnie ponownie si\u0119 widzimy. Do mi\u0142ego zobaczenia.<br \/>\n\u00a0\u00a0\u00a0\u00a0\u00a0\u00a0\u00a0\u00a0\u00a0\u00a0\u00a0\u00a0\u00a0\u00a0\u00a0\u00a0\u00a0\u00a0\u00a0\u00a0\u00a0\u00a0\u00a0\u00a0\u00a0\u00a0\u00a0\u00a0\u00a0\u00a0\u00a0\u00a0\u00a0\u00a0\u00a0 Opr. Joanna Olejniczak<br \/>\n<img src='https:\/\/biblioteka-gabin.pl\/wp-content\/uploads\/archive\/pliki\/obraz\/3168474328162020227552858429460918547795118n-1669727029.jpg'><br \/>\n<iframe width='420' height='315' src='https:\/\/www.youtube.com\/embed\/3Yq3vXD5hd8'><\/iframe><br \/>\n<iframe width='420' height='315' src='https:\/\/www.youtube.com\/embed\/Nvi0k3DxfvY'><\/iframe><br \/>\n<a href='https:\/\/biblioteka-gabin.pl\/wp-content\/uploads\/archive\/galleries\/414\/3166475791173922289876734610865880940598582n.jpg'><img style='max-height:300px;' src='https:\/\/biblioteka-gabin.pl\/wp-content\/uploads\/archive\/galleries\/414\/3166475791173922289876734610865880940598582n.jpg'><\/a><br \/>\n<a href='https:\/\/biblioteka-gabin.pl\/wp-content\/uploads\/archive\/galleries\/414\/31661876458679645599137961961732587602278946n.jpg'><img style='max-height:300px;' src='https:\/\/biblioteka-gabin.pl\/wp-content\/uploads\/archive\/galleries\/414\/31661876458679645599137961961732587602278946n.jpg'><\/a><br \/>\n<a href='https:\/\/biblioteka-gabin.pl\/wp-content\/uploads\/archive\/galleries\/414\/31668963813240058784014086437346016631192989n.jpg'><img style='max-height:300px;' src='https:\/\/biblioteka-gabin.pl\/wp-content\/uploads\/archive\/galleries\/414\/31668963813240058784014086437346016631192989n.jpg'><\/a><br \/>\n<a href='https:\/\/biblioteka-gabin.pl\/wp-content\/uploads\/archive\/galleries\/414\/316667724682286786843381941125057731908829n.jpg'><img style='max-height:300px;' src='https:\/\/biblioteka-gabin.pl\/wp-content\/uploads\/archive\/galleries\/414\/316667724682286786843381941125057731908829n.jpg'><\/a><br \/>\n<a href='https:\/\/biblioteka-gabin.pl\/wp-content\/uploads\/archive\/galleries\/414\/3167982928611242950303025762120138711178224n.jpg'><img style='max-height:300px;' src='https:\/\/biblioteka-gabin.pl\/wp-content\/uploads\/archive\/galleries\/414\/3167982928611242950303025762120138711178224n.jpg'><\/a><br \/>\n<a href='https:\/\/biblioteka-gabin.pl\/wp-content\/uploads\/archive\/galleries\/414\/316830108676406187483230241480050285926465n.jpg'><img style='max-height:300px;' src='https:\/\/biblioteka-gabin.pl\/wp-content\/uploads\/archive\/galleries\/414\/316830108676406187483230241480050285926465n.jpg'><\/a><br \/>\n<a href='https:\/\/biblioteka-gabin.pl\/wp-content\/uploads\/archive\/galleries\/414\/3168474328162020227552858429460918547795118n.jpg'><img style='max-height:300px;' src='https:\/\/biblioteka-gabin.pl\/wp-content\/uploads\/archive\/galleries\/414\/3168474328162020227552858429460918547795118n.jpg'><\/a><br \/>\n<a href='https:\/\/biblioteka-gabin.pl\/wp-content\/uploads\/archive\/galleries\/414\/3168173865389950810996111769991765066680544n.jpg'><img style='max-height:300px;' src='https:\/\/biblioteka-gabin.pl\/wp-content\/uploads\/archive\/galleries\/414\/3168173865389950810996111769991765066680544n.jpg'><\/a><br \/>\n<a href='https:\/\/biblioteka-gabin.pl\/wp-content\/uploads\/archive\/galleries\/414\/3168739695508550402000662590780863512173188n.jpg'><img style='max-height:300px;' src='https:\/\/biblioteka-gabin.pl\/wp-content\/uploads\/archive\/galleries\/414\/3168739695508550402000662590780863512173188n.jpg'><\/a><br \/>\n<a href='https:\/\/biblioteka-gabin.pl\/wp-content\/uploads\/archive\/galleries\/414\/31688127216018939302651078570639043998888255n.jpg'><img style='max-height:300px;' src='https:\/\/biblioteka-gabin.pl\/wp-content\/uploads\/archive\/galleries\/414\/31688127216018939302651078570639043998888255n.jpg'><\/a><br \/>\n<a href='https:\/\/biblioteka-gabin.pl\/wp-content\/uploads\/archive\/galleries\/414\/3169247207349842647131375782394148031816709n.jpg'><img style='max-height:300px;' src='https:\/\/biblioteka-gabin.pl\/wp-content\/uploads\/archive\/galleries\/414\/3169247207349842647131375782394148031816709n.jpg'><\/a><br \/>\n<a href='https:\/\/biblioteka-gabin.pl\/wp-content\/uploads\/archive\/galleries\/414\/31689122914935633644947156355168380413992222n.jpg'><img style='max-height:300px;' src='https:\/\/biblioteka-gabin.pl\/wp-content\/uploads\/archive\/galleries\/414\/31689122914935633644947156355168380413992222n.jpg'><\/a><br \/>\n<a href='https:\/\/biblioteka-gabin.pl\/wp-content\/uploads\/archive\/galleries\/414\/31702563734766828759021493574152219668750275n.jpg'><img style='max-height:300px;' src='https:\/\/biblioteka-gabin.pl\/wp-content\/uploads\/archive\/galleries\/414\/31702563734766828759021493574152219668750275n.jpg'><\/a><br \/>\n<a href='https:\/\/biblioteka-gabin.pl\/wp-content\/uploads\/archive\/galleries\/414\/3171393036925251057777924464153392244946287n.jpg'><img style='max-height:300px;' src='https:\/\/biblioteka-gabin.pl\/wp-content\/uploads\/archive\/galleries\/414\/3171393036925251057777924464153392244946287n.jpg'><\/a><br \/>\n<a href='https:\/\/biblioteka-gabin.pl\/wp-content\/uploads\/archive\/galleries\/414\/3176172014882549198449552867256013696055653n.jpg'><img style='max-height:300px;' src='https:\/\/biblioteka-gabin.pl\/wp-content\/uploads\/archive\/galleries\/414\/3176172014882549198449552867256013696055653n.jpg'><\/a><br \/>\n<a href='https:\/\/biblioteka-gabin.pl\/wp-content\/uploads\/archive\/galleries\/414\/3173888867124533669429384766482331924377133n.jpg'><img style='max-height:300px;' src='https:\/\/biblioteka-gabin.pl\/wp-content\/uploads\/archive\/galleries\/414\/3173888867124533669429384766482331924377133n.jpg'><\/a><br \/>\n<a href='https:\/\/biblioteka-gabin.pl\/wp-content\/uploads\/archive\/galleries\/414\/31739607815512943753150561127825238232569165n.jpg'><img style='max-height:300px;' src='https:\/\/biblioteka-gabin.pl\/wp-content\/uploads\/archive\/galleries\/414\/31739607815512943753150561127825238232569165n.jpg'><\/a><br \/>\n<a href='https:\/\/biblioteka-gabin.pl\/wp-content\/uploads\/archive\/galleries\/414\/31711620710985172641906247475504117340944158n.jpg'><img style='max-height:300px;' src='https:\/\/biblioteka-gabin.pl\/wp-content\/uploads\/archive\/galleries\/414\/31711620710985172641906247475504117340944158n.jpg'><\/a><\/p>\n","protected":false},"excerpt":{"rendered":"<p>Poniedzia\u0142kowe spotkanie z dzie\u0107mi z Oddzia\u0142u i Punktu Przedszkolnego w<\/p>\n","protected":false},"author":1,"featured_media":0,"comment_status":"open","ping_status":"open","sticky":false,"template":"","format":"standard","meta":{"footnotes":""},"categories":[36],"tags":[],"class_list":["post-8555","post","type-post","status-publish","format-standard","hentry","category-main"],"yoast_head":"<!-- This site is optimized with the Yoast SEO plugin v27.4 - https:\/\/yoast.com\/product\/yoast-seo-wordpress\/ -->\n<title>Spotkanie z dzie\u0107mi w Oddziale i Punkcie Przedszkolnym w Nowym Grabiu (28.11.2022 r.) - Miejsko-Gminna Biblioteka Publiczna w G\u0105binie<\/title>\n<meta name=\"robots\" content=\"index, follow, max-snippet:-1, max-image-preview:large, max-video-preview:-1\" \/>\n<link rel=\"canonical\" href=\"http:\/\/biblioteka-gabin.pl\/index.php\/2022\/11\/29\/spotkanie-z-dziecmi-w-oddziale-i-punkcie-przedszkolnym-w-nowym-grabiu-28-11-2022-r\/\" \/>\n<meta property=\"og:locale\" content=\"pl_PL\" \/>\n<meta property=\"og:type\" content=\"article\" \/>\n<meta property=\"og:title\" content=\"Spotkanie z dzie\u0107mi w Oddziale i Punkcie Przedszkolnym w Nowym Grabiu (28.11.2022 r.) - Miejsko-Gminna Biblioteka Publiczna w G\u0105binie\" \/>\n<meta property=\"og:description\" content=\"Poniedzia\u0142kowe spotkanie z dzie\u0107mi z Oddzia\u0142u i Punktu Przedszkolnego w\" \/>\n<meta property=\"og:url\" content=\"http:\/\/biblioteka-gabin.pl\/index.php\/2022\/11\/29\/spotkanie-z-dziecmi-w-oddziale-i-punkcie-przedszkolnym-w-nowym-grabiu-28-11-2022-r\/\" \/>\n<meta property=\"og:site_name\" content=\"Miejsko-Gminna Biblioteka Publiczna w G\u0105binie\" \/>\n<meta property=\"article:publisher\" content=\"https:\/\/www.facebook.com\/bibliotekagabin\" \/>\n<meta property=\"article:published_time\" content=\"2022-11-29T00:00:00+00:00\" \/>\n<meta property=\"og:image\" content=\"https:\/\/biblioteka-gabin.pl\/wp-content\/uploads\/archive\/pliki\/obraz\/3168474328162020227552858429460918547795118n-1669727029.jpg\" \/>\n<meta name=\"author\" content=\"admin\" \/>\n<meta name=\"twitter:card\" content=\"summary_large_image\" \/>\n<meta name=\"twitter:label1\" content=\"Napisane przez\" \/>\n\t<meta name=\"twitter:data1\" content=\"admin\" \/>\n\t<meta name=\"twitter:label2\" content=\"Szacowany czas czytania\" \/>\n\t<meta name=\"twitter:data2\" content=\"1 minuta\" \/>\n<script type=\"application\/ld+json\" class=\"yoast-schema-graph\">{\"@context\":\"https:\\\/\\\/schema.org\",\"@graph\":[{\"@type\":\"Article\",\"@id\":\"http:\\\/\\\/biblioteka-gabin.pl\\\/index.php\\\/2022\\\/11\\\/29\\\/spotkanie-z-dziecmi-w-oddziale-i-punkcie-przedszkolnym-w-nowym-grabiu-28-11-2022-r\\\/#article\",\"isPartOf\":{\"@id\":\"http:\\\/\\\/biblioteka-gabin.pl\\\/index.php\\\/2022\\\/11\\\/29\\\/spotkanie-z-dziecmi-w-oddziale-i-punkcie-przedszkolnym-w-nowym-grabiu-28-11-2022-r\\\/\"},\"author\":{\"name\":\"admin\",\"@id\":\"https:\\\/\\\/biblioteka-gabin.pl\\\/#\\\/schema\\\/person\\\/2067b97c24663d987ef6ef95bed7c99a\"},\"headline\":\"Spotkanie z dzie\u0107mi w Oddziale i Punkcie Przedszkolnym w Nowym Grabiu (28.11.2022 r.)\",\"datePublished\":\"2022-11-29T00:00:00+00:00\",\"mainEntityOfPage\":{\"@id\":\"http:\\\/\\\/biblioteka-gabin.pl\\\/index.php\\\/2022\\\/11\\\/29\\\/spotkanie-z-dziecmi-w-oddziale-i-punkcie-przedszkolnym-w-nowym-grabiu-28-11-2022-r\\\/\"},\"wordCount\":305,\"commentCount\":0,\"publisher\":{\"@id\":\"https:\\\/\\\/biblioteka-gabin.pl\\\/#organization\"},\"image\":{\"@id\":\"http:\\\/\\\/biblioteka-gabin.pl\\\/index.php\\\/2022\\\/11\\\/29\\\/spotkanie-z-dziecmi-w-oddziale-i-punkcie-przedszkolnym-w-nowym-grabiu-28-11-2022-r\\\/#primaryimage\"},\"thumbnailUrl\":\"https:\\\/\\\/biblioteka-gabin.pl\\\/wp-content\\\/uploads\\\/archive\\\/pliki\\\/obraz\\\/3168474328162020227552858429460918547795118n-1669727029.jpg\",\"articleSection\":[\"Main\"],\"inLanguage\":\"pl-PL\",\"potentialAction\":[{\"@type\":\"CommentAction\",\"name\":\"Comment\",\"target\":[\"http:\\\/\\\/biblioteka-gabin.pl\\\/index.php\\\/2022\\\/11\\\/29\\\/spotkanie-z-dziecmi-w-oddziale-i-punkcie-przedszkolnym-w-nowym-grabiu-28-11-2022-r\\\/#respond\"]}]},{\"@type\":\"WebPage\",\"@id\":\"http:\\\/\\\/biblioteka-gabin.pl\\\/index.php\\\/2022\\\/11\\\/29\\\/spotkanie-z-dziecmi-w-oddziale-i-punkcie-przedszkolnym-w-nowym-grabiu-28-11-2022-r\\\/\",\"url\":\"http:\\\/\\\/biblioteka-gabin.pl\\\/index.php\\\/2022\\\/11\\\/29\\\/spotkanie-z-dziecmi-w-oddziale-i-punkcie-przedszkolnym-w-nowym-grabiu-28-11-2022-r\\\/\",\"name\":\"Spotkanie z dzie\u0107mi w Oddziale i Punkcie Przedszkolnym w Nowym Grabiu (28.11.2022 r.) - Miejsko-Gminna Biblioteka Publiczna w G\u0105binie\",\"isPartOf\":{\"@id\":\"https:\\\/\\\/biblioteka-gabin.pl\\\/#website\"},\"primaryImageOfPage\":{\"@id\":\"http:\\\/\\\/biblioteka-gabin.pl\\\/index.php\\\/2022\\\/11\\\/29\\\/spotkanie-z-dziecmi-w-oddziale-i-punkcie-przedszkolnym-w-nowym-grabiu-28-11-2022-r\\\/#primaryimage\"},\"image\":{\"@id\":\"http:\\\/\\\/biblioteka-gabin.pl\\\/index.php\\\/2022\\\/11\\\/29\\\/spotkanie-z-dziecmi-w-oddziale-i-punkcie-przedszkolnym-w-nowym-grabiu-28-11-2022-r\\\/#primaryimage\"},\"thumbnailUrl\":\"https:\\\/\\\/biblioteka-gabin.pl\\\/wp-content\\\/uploads\\\/archive\\\/pliki\\\/obraz\\\/3168474328162020227552858429460918547795118n-1669727029.jpg\",\"datePublished\":\"2022-11-29T00:00:00+00:00\",\"breadcrumb\":{\"@id\":\"http:\\\/\\\/biblioteka-gabin.pl\\\/index.php\\\/2022\\\/11\\\/29\\\/spotkanie-z-dziecmi-w-oddziale-i-punkcie-przedszkolnym-w-nowym-grabiu-28-11-2022-r\\\/#breadcrumb\"},\"inLanguage\":\"pl-PL\",\"potentialAction\":[{\"@type\":\"ReadAction\",\"target\":[\"http:\\\/\\\/biblioteka-gabin.pl\\\/index.php\\\/2022\\\/11\\\/29\\\/spotkanie-z-dziecmi-w-oddziale-i-punkcie-przedszkolnym-w-nowym-grabiu-28-11-2022-r\\\/\"]}]},{\"@type\":\"ImageObject\",\"inLanguage\":\"pl-PL\",\"@id\":\"http:\\\/\\\/biblioteka-gabin.pl\\\/index.php\\\/2022\\\/11\\\/29\\\/spotkanie-z-dziecmi-w-oddziale-i-punkcie-przedszkolnym-w-nowym-grabiu-28-11-2022-r\\\/#primaryimage\",\"url\":\"https:\\\/\\\/biblioteka-gabin.pl\\\/wp-content\\\/uploads\\\/archive\\\/pliki\\\/obraz\\\/3168474328162020227552858429460918547795118n-1669727029.jpg\",\"contentUrl\":\"https:\\\/\\\/biblioteka-gabin.pl\\\/wp-content\\\/uploads\\\/archive\\\/pliki\\\/obraz\\\/3168474328162020227552858429460918547795118n-1669727029.jpg\"},{\"@type\":\"BreadcrumbList\",\"@id\":\"http:\\\/\\\/biblioteka-gabin.pl\\\/index.php\\\/2022\\\/11\\\/29\\\/spotkanie-z-dziecmi-w-oddziale-i-punkcie-przedszkolnym-w-nowym-grabiu-28-11-2022-r\\\/#breadcrumb\",\"itemListElement\":[{\"@type\":\"ListItem\",\"position\":1,\"name\":\"Strona g\u0142\u00f3wna\",\"item\":\"https:\\\/\\\/biblioteka-gabin.pl\\\/\"},{\"@type\":\"ListItem\",\"position\":2,\"name\":\"Spotkanie z dzie\u0107mi w Oddziale i Punkcie Przedszkolnym w Nowym Grabiu (28.11.2022 r.)\"}]},{\"@type\":\"WebSite\",\"@id\":\"https:\\\/\\\/biblioteka-gabin.pl\\\/#website\",\"url\":\"https:\\\/\\\/biblioteka-gabin.pl\\\/\",\"name\":\"Miejsko-Gminna Biblioteka Publiczna w G\u0105binie\",\"description\":\"\",\"publisher\":{\"@id\":\"https:\\\/\\\/biblioteka-gabin.pl\\\/#organization\"},\"potentialAction\":[{\"@type\":\"SearchAction\",\"target\":{\"@type\":\"EntryPoint\",\"urlTemplate\":\"https:\\\/\\\/biblioteka-gabin.pl\\\/?s={search_term_string}\"},\"query-input\":{\"@type\":\"PropertyValueSpecification\",\"valueRequired\":true,\"valueName\":\"search_term_string\"}}],\"inLanguage\":\"pl-PL\"},{\"@type\":\"Organization\",\"@id\":\"https:\\\/\\\/biblioteka-gabin.pl\\\/#organization\",\"name\":\"Miejsko-Gminna Biblioteka Publiczna w G\u0105binie\",\"url\":\"https:\\\/\\\/biblioteka-gabin.pl\\\/\",\"logo\":{\"@type\":\"ImageObject\",\"inLanguage\":\"pl-PL\",\"@id\":\"https:\\\/\\\/biblioteka-gabin.pl\\\/#\\\/schema\\\/logo\\\/image\\\/\",\"url\":\"https:\\\/\\\/biblioteka-gabin.pl\\\/wp-content\\\/uploads\\\/2025\\\/03\\\/logo-biblioteka-2-1657013691-1.jpg\",\"contentUrl\":\"https:\\\/\\\/biblioteka-gabin.pl\\\/wp-content\\\/uploads\\\/2025\\\/03\\\/logo-biblioteka-2-1657013691-1.jpg\",\"width\":1600,\"height\":772,\"caption\":\"Miejsko-Gminna Biblioteka Publiczna w G\u0105binie\"},\"image\":{\"@id\":\"https:\\\/\\\/biblioteka-gabin.pl\\\/#\\\/schema\\\/logo\\\/image\\\/\"},\"sameAs\":[\"https:\\\/\\\/www.facebook.com\\\/bibliotekagabin\",\"https:\\\/\\\/www.youtube.com\\\/@mgbpgabin9392\"]},{\"@type\":\"Person\",\"@id\":\"https:\\\/\\\/biblioteka-gabin.pl\\\/#\\\/schema\\\/person\\\/2067b97c24663d987ef6ef95bed7c99a\",\"name\":\"admin\",\"image\":{\"@type\":\"ImageObject\",\"inLanguage\":\"pl-PL\",\"@id\":\"https:\\\/\\\/secure.gravatar.com\\\/avatar\\\/e1843904e97b4e376a0fc90ae10372cd31bce9b207a7a3d2ca68fc7ca7e4174c?s=96&d=mm&r=g\",\"url\":\"https:\\\/\\\/secure.gravatar.com\\\/avatar\\\/e1843904e97b4e376a0fc90ae10372cd31bce9b207a7a3d2ca68fc7ca7e4174c?s=96&d=mm&r=g\",\"contentUrl\":\"https:\\\/\\\/secure.gravatar.com\\\/avatar\\\/e1843904e97b4e376a0fc90ae10372cd31bce9b207a7a3d2ca68fc7ca7e4174c?s=96&d=mm&r=g\",\"caption\":\"admin\"},\"sameAs\":[\"http:\\\/\\\/strona.biblioteka-gabin.pl\"],\"url\":\"http:\\\/\\\/biblioteka-gabin.pl\\\/index.php\\\/author\\\/admin\\\/\"}]}<\/script>\n<!-- \/ Yoast SEO plugin. -->","yoast_head_json":{"title":"Spotkanie z dzie\u0107mi w Oddziale i Punkcie Przedszkolnym w Nowym Grabiu (28.11.2022 r.) - Miejsko-Gminna Biblioteka Publiczna w G\u0105binie","robots":{"index":"index","follow":"follow","max-snippet":"max-snippet:-1","max-image-preview":"max-image-preview:large","max-video-preview":"max-video-preview:-1"},"canonical":"http:\/\/biblioteka-gabin.pl\/index.php\/2022\/11\/29\/spotkanie-z-dziecmi-w-oddziale-i-punkcie-przedszkolnym-w-nowym-grabiu-28-11-2022-r\/","og_locale":"pl_PL","og_type":"article","og_title":"Spotkanie z dzie\u0107mi w Oddziale i Punkcie Przedszkolnym w Nowym Grabiu (28.11.2022 r.) - Miejsko-Gminna Biblioteka Publiczna w G\u0105binie","og_description":"Poniedzia\u0142kowe spotkanie z dzie\u0107mi z Oddzia\u0142u i Punktu Przedszkolnego w","og_url":"http:\/\/biblioteka-gabin.pl\/index.php\/2022\/11\/29\/spotkanie-z-dziecmi-w-oddziale-i-punkcie-przedszkolnym-w-nowym-grabiu-28-11-2022-r\/","og_site_name":"Miejsko-Gminna Biblioteka Publiczna w G\u0105binie","article_publisher":"https:\/\/www.facebook.com\/bibliotekagabin","article_published_time":"2022-11-29T00:00:00+00:00","og_image":[{"url":"https:\/\/biblioteka-gabin.pl\/wp-content\/uploads\/archive\/pliki\/obraz\/3168474328162020227552858429460918547795118n-1669727029.jpg","type":"","width":"","height":""}],"author":"admin","twitter_card":"summary_large_image","twitter_misc":{"Napisane przez":"admin","Szacowany czas czytania":"1 minuta"},"schema":{"@context":"https:\/\/schema.org","@graph":[{"@type":"Article","@id":"http:\/\/biblioteka-gabin.pl\/index.php\/2022\/11\/29\/spotkanie-z-dziecmi-w-oddziale-i-punkcie-przedszkolnym-w-nowym-grabiu-28-11-2022-r\/#article","isPartOf":{"@id":"http:\/\/biblioteka-gabin.pl\/index.php\/2022\/11\/29\/spotkanie-z-dziecmi-w-oddziale-i-punkcie-przedszkolnym-w-nowym-grabiu-28-11-2022-r\/"},"author":{"name":"admin","@id":"https:\/\/biblioteka-gabin.pl\/#\/schema\/person\/2067b97c24663d987ef6ef95bed7c99a"},"headline":"Spotkanie z dzie\u0107mi w Oddziale i Punkcie Przedszkolnym w Nowym Grabiu (28.11.2022 r.)","datePublished":"2022-11-29T00:00:00+00:00","mainEntityOfPage":{"@id":"http:\/\/biblioteka-gabin.pl\/index.php\/2022\/11\/29\/spotkanie-z-dziecmi-w-oddziale-i-punkcie-przedszkolnym-w-nowym-grabiu-28-11-2022-r\/"},"wordCount":305,"commentCount":0,"publisher":{"@id":"https:\/\/biblioteka-gabin.pl\/#organization"},"image":{"@id":"http:\/\/biblioteka-gabin.pl\/index.php\/2022\/11\/29\/spotkanie-z-dziecmi-w-oddziale-i-punkcie-przedszkolnym-w-nowym-grabiu-28-11-2022-r\/#primaryimage"},"thumbnailUrl":"https:\/\/biblioteka-gabin.pl\/wp-content\/uploads\/archive\/pliki\/obraz\/3168474328162020227552858429460918547795118n-1669727029.jpg","articleSection":["Main"],"inLanguage":"pl-PL","potentialAction":[{"@type":"CommentAction","name":"Comment","target":["http:\/\/biblioteka-gabin.pl\/index.php\/2022\/11\/29\/spotkanie-z-dziecmi-w-oddziale-i-punkcie-przedszkolnym-w-nowym-grabiu-28-11-2022-r\/#respond"]}]},{"@type":"WebPage","@id":"http:\/\/biblioteka-gabin.pl\/index.php\/2022\/11\/29\/spotkanie-z-dziecmi-w-oddziale-i-punkcie-przedszkolnym-w-nowym-grabiu-28-11-2022-r\/","url":"http:\/\/biblioteka-gabin.pl\/index.php\/2022\/11\/29\/spotkanie-z-dziecmi-w-oddziale-i-punkcie-przedszkolnym-w-nowym-grabiu-28-11-2022-r\/","name":"Spotkanie z dzie\u0107mi w Oddziale i Punkcie Przedszkolnym w Nowym Grabiu (28.11.2022 r.) - Miejsko-Gminna Biblioteka Publiczna w G\u0105binie","isPartOf":{"@id":"https:\/\/biblioteka-gabin.pl\/#website"},"primaryImageOfPage":{"@id":"http:\/\/biblioteka-gabin.pl\/index.php\/2022\/11\/29\/spotkanie-z-dziecmi-w-oddziale-i-punkcie-przedszkolnym-w-nowym-grabiu-28-11-2022-r\/#primaryimage"},"image":{"@id":"http:\/\/biblioteka-gabin.pl\/index.php\/2022\/11\/29\/spotkanie-z-dziecmi-w-oddziale-i-punkcie-przedszkolnym-w-nowym-grabiu-28-11-2022-r\/#primaryimage"},"thumbnailUrl":"https:\/\/biblioteka-gabin.pl\/wp-content\/uploads\/archive\/pliki\/obraz\/3168474328162020227552858429460918547795118n-1669727029.jpg","datePublished":"2022-11-29T00:00:00+00:00","breadcrumb":{"@id":"http:\/\/biblioteka-gabin.pl\/index.php\/2022\/11\/29\/spotkanie-z-dziecmi-w-oddziale-i-punkcie-przedszkolnym-w-nowym-grabiu-28-11-2022-r\/#breadcrumb"},"inLanguage":"pl-PL","potentialAction":[{"@type":"ReadAction","target":["http:\/\/biblioteka-gabin.pl\/index.php\/2022\/11\/29\/spotkanie-z-dziecmi-w-oddziale-i-punkcie-przedszkolnym-w-nowym-grabiu-28-11-2022-r\/"]}]},{"@type":"ImageObject","inLanguage":"pl-PL","@id":"http:\/\/biblioteka-gabin.pl\/index.php\/2022\/11\/29\/spotkanie-z-dziecmi-w-oddziale-i-punkcie-przedszkolnym-w-nowym-grabiu-28-11-2022-r\/#primaryimage","url":"https:\/\/biblioteka-gabin.pl\/wp-content\/uploads\/archive\/pliki\/obraz\/3168474328162020227552858429460918547795118n-1669727029.jpg","contentUrl":"https:\/\/biblioteka-gabin.pl\/wp-content\/uploads\/archive\/pliki\/obraz\/3168474328162020227552858429460918547795118n-1669727029.jpg"},{"@type":"BreadcrumbList","@id":"http:\/\/biblioteka-gabin.pl\/index.php\/2022\/11\/29\/spotkanie-z-dziecmi-w-oddziale-i-punkcie-przedszkolnym-w-nowym-grabiu-28-11-2022-r\/#breadcrumb","itemListElement":[{"@type":"ListItem","position":1,"name":"Strona g\u0142\u00f3wna","item":"https:\/\/biblioteka-gabin.pl\/"},{"@type":"ListItem","position":2,"name":"Spotkanie z dzie\u0107mi w Oddziale i Punkcie Przedszkolnym w Nowym Grabiu (28.11.2022 r.)"}]},{"@type":"WebSite","@id":"https:\/\/biblioteka-gabin.pl\/#website","url":"https:\/\/biblioteka-gabin.pl\/","name":"Miejsko-Gminna Biblioteka Publiczna w G\u0105binie","description":"","publisher":{"@id":"https:\/\/biblioteka-gabin.pl\/#organization"},"potentialAction":[{"@type":"SearchAction","target":{"@type":"EntryPoint","urlTemplate":"https:\/\/biblioteka-gabin.pl\/?s={search_term_string}"},"query-input":{"@type":"PropertyValueSpecification","valueRequired":true,"valueName":"search_term_string"}}],"inLanguage":"pl-PL"},{"@type":"Organization","@id":"https:\/\/biblioteka-gabin.pl\/#organization","name":"Miejsko-Gminna Biblioteka Publiczna w G\u0105binie","url":"https:\/\/biblioteka-gabin.pl\/","logo":{"@type":"ImageObject","inLanguage":"pl-PL","@id":"https:\/\/biblioteka-gabin.pl\/#\/schema\/logo\/image\/","url":"https:\/\/biblioteka-gabin.pl\/wp-content\/uploads\/2025\/03\/logo-biblioteka-2-1657013691-1.jpg","contentUrl":"https:\/\/biblioteka-gabin.pl\/wp-content\/uploads\/2025\/03\/logo-biblioteka-2-1657013691-1.jpg","width":1600,"height":772,"caption":"Miejsko-Gminna Biblioteka Publiczna w G\u0105binie"},"image":{"@id":"https:\/\/biblioteka-gabin.pl\/#\/schema\/logo\/image\/"},"sameAs":["https:\/\/www.facebook.com\/bibliotekagabin","https:\/\/www.youtube.com\/@mgbpgabin9392"]},{"@type":"Person","@id":"https:\/\/biblioteka-gabin.pl\/#\/schema\/person\/2067b97c24663d987ef6ef95bed7c99a","name":"admin","image":{"@type":"ImageObject","inLanguage":"pl-PL","@id":"https:\/\/secure.gravatar.com\/avatar\/e1843904e97b4e376a0fc90ae10372cd31bce9b207a7a3d2ca68fc7ca7e4174c?s=96&d=mm&r=g","url":"https:\/\/secure.gravatar.com\/avatar\/e1843904e97b4e376a0fc90ae10372cd31bce9b207a7a3d2ca68fc7ca7e4174c?s=96&d=mm&r=g","contentUrl":"https:\/\/secure.gravatar.com\/avatar\/e1843904e97b4e376a0fc90ae10372cd31bce9b207a7a3d2ca68fc7ca7e4174c?s=96&d=mm&r=g","caption":"admin"},"sameAs":["http:\/\/strona.biblioteka-gabin.pl"],"url":"http:\/\/biblioteka-gabin.pl\/index.php\/author\/admin\/"}]}},"_links":{"self":[{"href":"http:\/\/biblioteka-gabin.pl\/index.php\/wp-json\/wp\/v2\/posts\/8555","targetHints":{"allow":["GET"]}}],"collection":[{"href":"http:\/\/biblioteka-gabin.pl\/index.php\/wp-json\/wp\/v2\/posts"}],"about":[{"href":"http:\/\/biblioteka-gabin.pl\/index.php\/wp-json\/wp\/v2\/types\/post"}],"author":[{"embeddable":true,"href":"http:\/\/biblioteka-gabin.pl\/index.php\/wp-json\/wp\/v2\/users\/1"}],"replies":[{"embeddable":true,"href":"http:\/\/biblioteka-gabin.pl\/index.php\/wp-json\/wp\/v2\/comments?post=8555"}],"version-history":[{"count":0,"href":"http:\/\/biblioteka-gabin.pl\/index.php\/wp-json\/wp\/v2\/posts\/8555\/revisions"}],"wp:attachment":[{"href":"http:\/\/biblioteka-gabin.pl\/index.php\/wp-json\/wp\/v2\/media?parent=8555"}],"wp:term":[{"taxonomy":"category","embeddable":true,"href":"http:\/\/biblioteka-gabin.pl\/index.php\/wp-json\/wp\/v2\/categories?post=8555"},{"taxonomy":"post_tag","embeddable":true,"href":"http:\/\/biblioteka-gabin.pl\/index.php\/wp-json\/wp\/v2\/tags?post=8555"}],"curies":[{"name":"wp","href":"https:\/\/api.w.org\/{rel}","templated":true}]}}