{"id":8860,"date":"2025-04-07T00:00:00","date_gmt":"2025-04-07T00:00:00","guid":{"rendered":"https:\/\/biblioteka-gabin.pl\/index.php\/2025\/04\/07\/wieczor-autorski-barbary-tyszkiewicz-pt-krajobrazy-mysli-28-03-2025\/"},"modified":"2025-04-07T00:00:00","modified_gmt":"2025-04-07T00:00:00","slug":"wieczor-autorski-barbary-tyszkiewicz-pt-krajobrazy-mysli-28-03-2025","status":"publish","type":"post","link":"http:\/\/biblioteka-gabin.pl\/index.php\/2025\/04\/07\/wieczor-autorski-barbary-tyszkiewicz-pt-krajobrazy-mysli-28-03-2025\/","title":{"rendered":"Wiecz\u00f3r Autorski Barbary Tyszkiewicz pt. &#8222;Krajobrazy my\u015bli&#8221; (28.03.2025)"},"content":{"rendered":"<p>W dniu 28 marca 2025r. w siedzibie organizatora Miejsko-Gminnej Bibliotece Publicznej w G\u0105binie odby\u0142 si\u0119 Wiecz\u00f3r Autorski Pani Barbary Tyszkiewicz pt. \u201eKrajobrazy my\u015bli\u201d-poetki, plastyczki, dekoratorki. Od 50 lat maluj\u0105cej obrazy abstrakcyjne, symboliczne, jedwab i porcelan\u0119, a od 38 lat pisz\u0105cej wiersze. Pani Barbara- laureatka maj\u0105ca na swoim koncie wiele konkurs\u00f3w literackich i plastycznych oraz wystaw indywidualnych i zbiorowych.<br \/>\n\u00a0\u00a0\u00a0 Patronat honorowy nad spotkaniem obj\u0105\u0142 Burmistrz Miasta i Gminy G\u0105bin Pan Krzysztof Jadczak, kt\u00f3ry zaszczyci\u0142 nas swoj\u0105 obecno\u015bci\u0105 wraz z Wicestarost\u0105 P\u0142ockim Panem Waldemarem Zawadzkim.<br \/>\n\u00a0\u00a0 Koncert muzyki klasycznej na fortepianie w wykonaniu dr hab. Jaros\u0142awa Domaga\u0142y oraz Pana Macieja Domaga\u0142y by\u0142 znakomitym pocz\u0105tkiem Wieczoru Autorskiego. Wybrzmia\u0142y utwory Chopina, Paderewskiego oraz s\u0142ynny walc skomponowany przez Waldemara Kazaneckiego do filmu \u201eNoce i Dnie\u201d.<br \/>\n\u00a0\u00a0 Podczas spotkania mieli\u015bmy okazj\u0119 wys\u0142ucha\u0107 najnowszego tomiku poezji \u201eZawieszeni w chmurze\u201d oraz tych wcze\u015bniejszych, jakie zaprezentowa\u0142a sama autorka oraz aktorzy Amatorskiego Teatru Niewielkiego z G\u0105bina.<br \/>\n\u00a0\u00a0\u00a0 Spotkanie znakomicie po\u0142\u0105czy\u0142o poezj\u0119 ,malarstwo oraz muzyk\u0119 i by\u0142o wydarzeniem pe\u0142nym emocji, inspiracji oraz refleksji. Go\u015bcie mieli okazj\u0119 do\u015bwiadczy\u0107 \u0142\u0105czenia tych wszystkich dziedzin sztuki, kt\u00f3re w pewien spos\u00f3b wzajemnie si\u0119 uzupe\u0142nia\u0142y.<br \/>\n\u00a0\u00a0\u00a0\u00a0\u00a0\u00a0\u00a0\u00a0\u00a0\u00a0\u00a0\u00a0\u00a0\u00a0\u00a0\u00a0\u00a0\u00a0\u00a0\u00a0\u00a0\u00a0\u00a0\u00a0\u00a0\u00a0\u00a0\u00a0\u00a0\u00a0\u00a0\u00a0\u00a0\u00a0\u00a0\u00a0\u00a0\u00a0\u00a0\u00a0\u00a0\u00a0\u00a0\u00a0\u00a0\u00a0\u00a0\u00a0\u00a0\u00a0\u00a0\u00a0\u00a0\u00a0\u00a0\u00a0\u00a0\u00a0\u00a0\u00a0\u00a0\u00a0\u00a0\u00a0 Opr. Joanna Olejniczak<br \/>\n<img src='https:\/\/biblioteka-gabin.pl\/wp-content\/uploads\/archive\/pliki\/obraz\/2025\/kwiecie\/489620413_1021407113298055_7818781993356616820_n.jpg'><br \/>\n<a href='https:\/\/biblioteka-gabin.pl\/wp-content\/uploads\/archive\/galleries\/674\/48589507512021068181004617912234503343368015n-2a3ff25898.jpg'><img style='max-height:300px;' src='https:\/\/biblioteka-gabin.pl\/wp-content\/uploads\/archive\/galleries\/674\/48589507512021068181004617912234503343368015n-2a3ff25898.jpg'><\/a><br \/>\n<a href='https:\/\/biblioteka-gabin.pl\/wp-content\/uploads\/archive\/galleries\/674\/4864740585510785908295328871856751910317502n-ad9fa01de2.jpg'><img style='max-height:300px;' src='https:\/\/biblioteka-gabin.pl\/wp-content\/uploads\/archive\/galleries\/674\/4864740585510785908295328871856751910317502n-ad9fa01de2.jpg'><\/a><br \/>\n<a href='https:\/\/biblioteka-gabin.pl\/wp-content\/uploads\/archive\/galleries\/674\/48816441919916608180235379183071078198967645n-e97b96be91.jpg'><img style='max-height:300px;' src='https:\/\/biblioteka-gabin.pl\/wp-content\/uploads\/archive\/galleries\/674\/48816441919916608180235379183071078198967645n-e97b96be91.jpg'><\/a><br \/>\n<a href='https:\/\/biblioteka-gabin.pl\/wp-content\/uploads\/archive\/galleries\/674\/48647896314220579756542453543239112514036926n-b2abe886ed.jpg'><img style='max-height:300px;' src='https:\/\/biblioteka-gabin.pl\/wp-content\/uploads\/archive\/galleries\/674\/48647896314220579756542453543239112514036926n-b2abe886ed.jpg'><\/a><br \/>\n<a href='https:\/\/biblioteka-gabin.pl\/wp-content\/uploads\/archive\/galleries\/674\/48604134216429201063573026293799037943246395n-2720f69478.jpg'><img style='max-height:300px;' src='https:\/\/biblioteka-gabin.pl\/wp-content\/uploads\/archive\/galleries\/674\/48604134216429201063573026293799037943246395n-2720f69478.jpg'><\/a><br \/>\n<a href='https:\/\/biblioteka-gabin.pl\/wp-content\/uploads\/archive\/galleries\/674\/48781689039286636673937974246027879135268370n-53d3523be2.jpg'><img style='max-height:300px;' src='https:\/\/biblioteka-gabin.pl\/wp-content\/uploads\/archive\/galleries\/674\/48781689039286636673937974246027879135268370n-53d3523be2.jpg'><\/a><br \/>\n<a href='https:\/\/biblioteka-gabin.pl\/wp-content\/uploads\/archive\/galleries\/674\/48707013338925459076241332634513999343922695n-f53dd97521.jpg'><img style='max-height:300px;' src='https:\/\/biblioteka-gabin.pl\/wp-content\/uploads\/archive\/galleries\/674\/48707013338925459076241332634513999343922695n-f53dd97521.jpg'><\/a><br \/>\n<a href='https:\/\/biblioteka-gabin.pl\/wp-content\/uploads\/archive\/galleries\/674\/48640122113668872945072112580347008138832043n-c75be93ea8.jpg'><img style='max-height:300px;' src='https:\/\/biblioteka-gabin.pl\/wp-content\/uploads\/archive\/galleries\/674\/48640122113668872945072112580347008138832043n-c75be93ea8.jpg'><\/a><br \/>\n<a href='https:\/\/biblioteka-gabin.pl\/wp-content\/uploads\/archive\/galleries\/674\/4863121339919811392193108392683367332626308n-e375a709ff.jpg'><img style='max-height:300px;' src='https:\/\/biblioteka-gabin.pl\/wp-content\/uploads\/archive\/galleries\/674\/4863121339919811392193108392683367332626308n-e375a709ff.jpg'><\/a><br \/>\n<a href='https:\/\/biblioteka-gabin.pl\/wp-content\/uploads\/archive\/galleries\/674\/48814259141153587886981057418113258170984631n-0017843013.jpg'><img style='max-height:300px;' src='https:\/\/biblioteka-gabin.pl\/wp-content\/uploads\/archive\/galleries\/674\/48814259141153587886981057418113258170984631n-0017843013.jpg'><\/a><br \/>\n<a href='https:\/\/biblioteka-gabin.pl\/wp-content\/uploads\/archive\/galleries\/674\/4887723905996448192009515692670781290451755n-156fed981c.jpg'><img style='max-height:300px;' src='https:\/\/biblioteka-gabin.pl\/wp-content\/uploads\/archive\/galleries\/674\/4887723905996448192009515692670781290451755n-156fed981c.jpg'><\/a><br \/>\n<a href='https:\/\/biblioteka-gabin.pl\/wp-content\/uploads\/archive\/galleries\/674\/48962041310214071132980557818781993356616820n-1627b2906f.jpg'><img style='max-height:300px;' src='https:\/\/biblioteka-gabin.pl\/wp-content\/uploads\/archive\/galleries\/674\/48962041310214071132980557818781993356616820n-1627b2906f.jpg'><\/a><br \/>\n<a href='https:\/\/biblioteka-gabin.pl\/wp-content\/uploads\/archive\/galleries\/674\/4880978619649847887617524718124025910542874n-61a0ed6431.jpg'><img style='max-height:300px;' src='https:\/\/biblioteka-gabin.pl\/wp-content\/uploads\/archive\/galleries\/674\/4880978619649847887617524718124025910542874n-61a0ed6431.jpg'><\/a><br \/>\n<a href='https:\/\/biblioteka-gabin.pl\/wp-content\/uploads\/archive\/galleries\/674\/48903819110481159071328187669479757982098740n-be88265625.jpg'><img style='max-height:300px;' src='https:\/\/biblioteka-gabin.pl\/wp-content\/uploads\/archive\/galleries\/674\/48903819110481159071328187669479757982098740n-be88265625.jpg'><\/a><br \/>\n<a href='https:\/\/biblioteka-gabin.pl\/wp-content\/uploads\/archive\/galleries\/674\/48945979513723934672423985067126461290540594n-fd995e72d1.jpg'><img style='max-height:300px;' src='https:\/\/biblioteka-gabin.pl\/wp-content\/uploads\/archive\/galleries\/674\/48945979513723934672423985067126461290540594n-fd995e72d1.jpg'><\/a><br \/>\n<a href='https:\/\/biblioteka-gabin.pl\/wp-content\/uploads\/archive\/galleries\/674\/48922226717225850752803421958475987919968373n-880b67bcc8.jpg'><img style='max-height:300px;' src='https:\/\/biblioteka-gabin.pl\/wp-content\/uploads\/archive\/galleries\/674\/48922226717225850752803421958475987919968373n-880b67bcc8.jpg'><\/a><br \/>\n<a href='https:\/\/biblioteka-gabin.pl\/wp-content\/uploads\/archive\/galleries\/674\/48922226717225850752803421958475987919968373n-12e876c376.jpg'><img style='max-height:300px;' src='https:\/\/biblioteka-gabin.pl\/wp-content\/uploads\/archive\/galleries\/674\/48922226717225850752803421958475987919968373n-12e876c376.jpg'><\/a><br \/>\n<a href='https:\/\/biblioteka-gabin.pl\/wp-content\/uploads\/archive\/galleries\/674\/48712637510431132943269662923056113588556189n-7e89ee86c4.jpg'><img style='max-height:300px;' src='https:\/\/biblioteka-gabin.pl\/wp-content\/uploads\/archive\/galleries\/674\/48712637510431132943269662923056113588556189n-7e89ee86c4.jpg'><\/a><br \/>\n<a href='https:\/\/biblioteka-gabin.pl\/wp-content\/uploads\/archive\/galleries\/674\/48890943317342954608001763977885521902094280n-b9e6a29a2c.jpg'><img style='max-height:300px;' src='https:\/\/biblioteka-gabin.pl\/wp-content\/uploads\/archive\/galleries\/674\/48890943317342954608001763977885521902094280n-b9e6a29a2c.jpg'><\/a><br \/>\n<a href='https:\/\/biblioteka-gabin.pl\/wp-content\/uploads\/archive\/galleries\/674\/4885867438761254079603487016170852113102130n-2b1929204b.jpg'><img style='max-height:300px;' src='https:\/\/biblioteka-gabin.pl\/wp-content\/uploads\/archive\/galleries\/674\/4885867438761254079603487016170852113102130n-2b1929204b.jpg'><\/a><br \/>\n<a href='https:\/\/biblioteka-gabin.pl\/wp-content\/uploads\/archive\/galleries\/674\/48780982925577935112184142285719403478253213n-481340abf1.jpg'><img style='max-height:300px;' src='https:\/\/biblioteka-gabin.pl\/wp-content\/uploads\/archive\/galleries\/674\/48780982925577935112184142285719403478253213n-481340abf1.jpg'><\/a><br \/>\n<a href='https:\/\/biblioteka-gabin.pl\/wp-content\/uploads\/archive\/galleries\/674\/48604528311553871692381843433449182121681495n-ebb388f767.jpg'><img style='max-height:300px;' src='https:\/\/biblioteka-gabin.pl\/wp-content\/uploads\/archive\/galleries\/674\/48604528311553871692381843433449182121681495n-ebb388f767.jpg'><\/a><br \/>\n<a href='https:\/\/biblioteka-gabin.pl\/wp-content\/uploads\/archive\/galleries\/674\/48847639096243910709335492245811420694977790n-631e836394.jpg'><img style='max-height:300px;' src='https:\/\/biblioteka-gabin.pl\/wp-content\/uploads\/archive\/galleries\/674\/48847639096243910709335492245811420694977790n-631e836394.jpg'><\/a><br \/>\n<a href='https:\/\/biblioteka-gabin.pl\/wp-content\/uploads\/archive\/galleries\/674\/4860440406358358160102024636946132831330342n-d8427fa27a.jpg'><img style='max-height:300px;' src='https:\/\/biblioteka-gabin.pl\/wp-content\/uploads\/archive\/galleries\/674\/4860440406358358160102024636946132831330342n-d8427fa27a.jpg'><\/a><br \/>\n<a href='https:\/\/biblioteka-gabin.pl\/wp-content\/uploads\/archive\/galleries\/674\/48818561797145634818997193657112201952351649n-44915fd46e.jpg'><img style='max-height:300px;' src='https:\/\/biblioteka-gabin.pl\/wp-content\/uploads\/archive\/galleries\/674\/48818561797145634818997193657112201952351649n-44915fd46e.jpg'><\/a><br \/>\n<a href='https:\/\/biblioteka-gabin.pl\/wp-content\/uploads\/archive\/galleries\/674\/48614933323699402600299325602595369877066159n-91e4e6b8f9.jpg'><img style='max-height:300px;' src='https:\/\/biblioteka-gabin.pl\/wp-content\/uploads\/archive\/galleries\/674\/48614933323699402600299325602595369877066159n-91e4e6b8f9.jpg'><\/a><br \/>\n<a href='https:\/\/biblioteka-gabin.pl\/wp-content\/uploads\/archive\/galleries\/674\/48817769318856714621711396138458050782063839n-fcf269491d.jpg'><img style='max-height:300px;' src='https:\/\/biblioteka-gabin.pl\/wp-content\/uploads\/archive\/galleries\/674\/48817769318856714621711396138458050782063839n-fcf269491d.jpg'><\/a><br \/>\n<a href='https:\/\/biblioteka-gabin.pl\/wp-content\/uploads\/archive\/galleries\/674\/48617128538167594485761513927468445058738264n-865a112ff2.jpg'><img style='max-height:300px;' src='https:\/\/biblioteka-gabin.pl\/wp-content\/uploads\/archive\/galleries\/674\/48617128538167594485761513927468445058738264n-865a112ff2.jpg'><\/a><br \/>\n<a href='https:\/\/biblioteka-gabin.pl\/wp-content\/uploads\/archive\/galleries\/674\/4864995029888125500408051971997542214837296n-21f591a5e5.jpg'><img style='max-height:300px;' src='https:\/\/biblioteka-gabin.pl\/wp-content\/uploads\/archive\/galleries\/674\/4864995029888125500408051971997542214837296n-21f591a5e5.jpg'><\/a><br \/>\n<a href='https:\/\/biblioteka-gabin.pl\/wp-content\/uploads\/archive\/galleries\/674\/48659402315553365384723618371878089904985169n-628fe79094.jpg'><img style='max-height:300px;' src='https:\/\/biblioteka-gabin.pl\/wp-content\/uploads\/archive\/galleries\/674\/48659402315553365384723618371878089904985169n-628fe79094.jpg'><\/a><br \/>\n<a href='https:\/\/biblioteka-gabin.pl\/wp-content\/uploads\/archive\/galleries\/674\/4866270576404151189164683990007872555470924n-4861987aff.jpg'><img style='max-height:300px;' src='https:\/\/biblioteka-gabin.pl\/wp-content\/uploads\/archive\/galleries\/674\/4866270576404151189164683990007872555470924n-4861987aff.jpg'><\/a><\/p>\n","protected":false},"excerpt":{"rendered":"<p>W dniu 28 marca 2025r. w siedzibie organizatora Miejsko-Gminnej Bibliotece<\/p>\n","protected":false},"author":1,"featured_media":0,"comment_status":"open","ping_status":"open","sticky":false,"template":"","format":"standard","meta":{"footnotes":""},"categories":[36],"tags":[],"class_list":["post-8860","post","type-post","status-publish","format-standard","hentry","category-main"],"yoast_head":"<!-- This site is optimized with the Yoast SEO plugin v27.4 - https:\/\/yoast.com\/product\/yoast-seo-wordpress\/ -->\n<title>Wiecz\u00f3r Autorski Barbary Tyszkiewicz pt. &quot;Krajobrazy my\u015bli&quot; (28.03.2025) - Miejsko-Gminna Biblioteka Publiczna w G\u0105binie<\/title>\n<meta name=\"robots\" content=\"index, follow, max-snippet:-1, max-image-preview:large, max-video-preview:-1\" \/>\n<link rel=\"canonical\" href=\"http:\/\/biblioteka-gabin.pl\/index.php\/2025\/04\/07\/wieczor-autorski-barbary-tyszkiewicz-pt-krajobrazy-mysli-28-03-2025\/\" \/>\n<meta property=\"og:locale\" content=\"pl_PL\" \/>\n<meta property=\"og:type\" content=\"article\" \/>\n<meta property=\"og:title\" content=\"Wiecz\u00f3r Autorski Barbary Tyszkiewicz pt. &quot;Krajobrazy my\u015bli&quot; (28.03.2025) - Miejsko-Gminna Biblioteka Publiczna w G\u0105binie\" \/>\n<meta property=\"og:description\" content=\"W dniu 28 marca 2025r. w siedzibie organizatora Miejsko-Gminnej Bibliotece\" \/>\n<meta property=\"og:url\" content=\"http:\/\/biblioteka-gabin.pl\/index.php\/2025\/04\/07\/wieczor-autorski-barbary-tyszkiewicz-pt-krajobrazy-mysli-28-03-2025\/\" \/>\n<meta property=\"og:site_name\" content=\"Miejsko-Gminna Biblioteka Publiczna w G\u0105binie\" \/>\n<meta property=\"article:publisher\" content=\"https:\/\/www.facebook.com\/bibliotekagabin\" \/>\n<meta property=\"article:published_time\" content=\"2025-04-07T00:00:00+00:00\" \/>\n<meta property=\"og:image\" content=\"https:\/\/biblioteka-gabin.pl\/wp-content\/uploads\/archive\/pliki\/obraz\/2025\/kwiecie\/489620413_1021407113298055_7818781993356616820_n.jpg\" \/>\n<meta name=\"author\" content=\"admin\" \/>\n<meta name=\"twitter:card\" content=\"summary_large_image\" \/>\n<meta name=\"twitter:label1\" content=\"Napisane przez\" \/>\n\t<meta name=\"twitter:data1\" content=\"admin\" \/>\n\t<meta name=\"twitter:label2\" content=\"Szacowany czas czytania\" \/>\n\t<meta name=\"twitter:data2\" content=\"1 minuta\" \/>\n<script type=\"application\/ld+json\" class=\"yoast-schema-graph\">{\"@context\":\"https:\\\/\\\/schema.org\",\"@graph\":[{\"@type\":\"Article\",\"@id\":\"http:\\\/\\\/biblioteka-gabin.pl\\\/index.php\\\/2025\\\/04\\\/07\\\/wieczor-autorski-barbary-tyszkiewicz-pt-krajobrazy-mysli-28-03-2025\\\/#article\",\"isPartOf\":{\"@id\":\"http:\\\/\\\/biblioteka-gabin.pl\\\/index.php\\\/2025\\\/04\\\/07\\\/wieczor-autorski-barbary-tyszkiewicz-pt-krajobrazy-mysli-28-03-2025\\\/\"},\"author\":{\"name\":\"admin\",\"@id\":\"https:\\\/\\\/biblioteka-gabin.pl\\\/#\\\/schema\\\/person\\\/2067b97c24663d987ef6ef95bed7c99a\"},\"headline\":\"Wiecz\u00f3r Autorski Barbary Tyszkiewicz pt. &#8222;Krajobrazy my\u015bli&#8221; (28.03.2025)\",\"datePublished\":\"2025-04-07T00:00:00+00:00\",\"mainEntityOfPage\":{\"@id\":\"http:\\\/\\\/biblioteka-gabin.pl\\\/index.php\\\/2025\\\/04\\\/07\\\/wieczor-autorski-barbary-tyszkiewicz-pt-krajobrazy-mysli-28-03-2025\\\/\"},\"wordCount\":217,\"commentCount\":0,\"publisher\":{\"@id\":\"https:\\\/\\\/biblioteka-gabin.pl\\\/#organization\"},\"image\":{\"@id\":\"http:\\\/\\\/biblioteka-gabin.pl\\\/index.php\\\/2025\\\/04\\\/07\\\/wieczor-autorski-barbary-tyszkiewicz-pt-krajobrazy-mysli-28-03-2025\\\/#primaryimage\"},\"thumbnailUrl\":\"https:\\\/\\\/biblioteka-gabin.pl\\\/wp-content\\\/uploads\\\/archive\\\/pliki\\\/obraz\\\/2025\\\/kwiecie\\\/489620413_1021407113298055_7818781993356616820_n.jpg\",\"articleSection\":[\"Main\"],\"inLanguage\":\"pl-PL\",\"potentialAction\":[{\"@type\":\"CommentAction\",\"name\":\"Comment\",\"target\":[\"http:\\\/\\\/biblioteka-gabin.pl\\\/index.php\\\/2025\\\/04\\\/07\\\/wieczor-autorski-barbary-tyszkiewicz-pt-krajobrazy-mysli-28-03-2025\\\/#respond\"]}]},{\"@type\":\"WebPage\",\"@id\":\"http:\\\/\\\/biblioteka-gabin.pl\\\/index.php\\\/2025\\\/04\\\/07\\\/wieczor-autorski-barbary-tyszkiewicz-pt-krajobrazy-mysli-28-03-2025\\\/\",\"url\":\"http:\\\/\\\/biblioteka-gabin.pl\\\/index.php\\\/2025\\\/04\\\/07\\\/wieczor-autorski-barbary-tyszkiewicz-pt-krajobrazy-mysli-28-03-2025\\\/\",\"name\":\"Wiecz\u00f3r Autorski Barbary Tyszkiewicz pt. \\\"Krajobrazy my\u015bli\\\" (28.03.2025) - Miejsko-Gminna Biblioteka Publiczna w G\u0105binie\",\"isPartOf\":{\"@id\":\"https:\\\/\\\/biblioteka-gabin.pl\\\/#website\"},\"primaryImageOfPage\":{\"@id\":\"http:\\\/\\\/biblioteka-gabin.pl\\\/index.php\\\/2025\\\/04\\\/07\\\/wieczor-autorski-barbary-tyszkiewicz-pt-krajobrazy-mysli-28-03-2025\\\/#primaryimage\"},\"image\":{\"@id\":\"http:\\\/\\\/biblioteka-gabin.pl\\\/index.php\\\/2025\\\/04\\\/07\\\/wieczor-autorski-barbary-tyszkiewicz-pt-krajobrazy-mysli-28-03-2025\\\/#primaryimage\"},\"thumbnailUrl\":\"https:\\\/\\\/biblioteka-gabin.pl\\\/wp-content\\\/uploads\\\/archive\\\/pliki\\\/obraz\\\/2025\\\/kwiecie\\\/489620413_1021407113298055_7818781993356616820_n.jpg\",\"datePublished\":\"2025-04-07T00:00:00+00:00\",\"breadcrumb\":{\"@id\":\"http:\\\/\\\/biblioteka-gabin.pl\\\/index.php\\\/2025\\\/04\\\/07\\\/wieczor-autorski-barbary-tyszkiewicz-pt-krajobrazy-mysli-28-03-2025\\\/#breadcrumb\"},\"inLanguage\":\"pl-PL\",\"potentialAction\":[{\"@type\":\"ReadAction\",\"target\":[\"http:\\\/\\\/biblioteka-gabin.pl\\\/index.php\\\/2025\\\/04\\\/07\\\/wieczor-autorski-barbary-tyszkiewicz-pt-krajobrazy-mysli-28-03-2025\\\/\"]}]},{\"@type\":\"ImageObject\",\"inLanguage\":\"pl-PL\",\"@id\":\"http:\\\/\\\/biblioteka-gabin.pl\\\/index.php\\\/2025\\\/04\\\/07\\\/wieczor-autorski-barbary-tyszkiewicz-pt-krajobrazy-mysli-28-03-2025\\\/#primaryimage\",\"url\":\"https:\\\/\\\/biblioteka-gabin.pl\\\/wp-content\\\/uploads\\\/archive\\\/pliki\\\/obraz\\\/2025\\\/kwiecie\\\/489620413_1021407113298055_7818781993356616820_n.jpg\",\"contentUrl\":\"https:\\\/\\\/biblioteka-gabin.pl\\\/wp-content\\\/uploads\\\/archive\\\/pliki\\\/obraz\\\/2025\\\/kwiecie\\\/489620413_1021407113298055_7818781993356616820_n.jpg\"},{\"@type\":\"BreadcrumbList\",\"@id\":\"http:\\\/\\\/biblioteka-gabin.pl\\\/index.php\\\/2025\\\/04\\\/07\\\/wieczor-autorski-barbary-tyszkiewicz-pt-krajobrazy-mysli-28-03-2025\\\/#breadcrumb\",\"itemListElement\":[{\"@type\":\"ListItem\",\"position\":1,\"name\":\"Strona g\u0142\u00f3wna\",\"item\":\"https:\\\/\\\/biblioteka-gabin.pl\\\/\"},{\"@type\":\"ListItem\",\"position\":2,\"name\":\"Wiecz\u00f3r Autorski Barbary Tyszkiewicz pt. &#8222;Krajobrazy my\u015bli&#8221; (28.03.2025)\"}]},{\"@type\":\"WebSite\",\"@id\":\"https:\\\/\\\/biblioteka-gabin.pl\\\/#website\",\"url\":\"https:\\\/\\\/biblioteka-gabin.pl\\\/\",\"name\":\"Miejsko-Gminna Biblioteka Publiczna w G\u0105binie\",\"description\":\"\",\"publisher\":{\"@id\":\"https:\\\/\\\/biblioteka-gabin.pl\\\/#organization\"},\"potentialAction\":[{\"@type\":\"SearchAction\",\"target\":{\"@type\":\"EntryPoint\",\"urlTemplate\":\"https:\\\/\\\/biblioteka-gabin.pl\\\/?s={search_term_string}\"},\"query-input\":{\"@type\":\"PropertyValueSpecification\",\"valueRequired\":true,\"valueName\":\"search_term_string\"}}],\"inLanguage\":\"pl-PL\"},{\"@type\":\"Organization\",\"@id\":\"https:\\\/\\\/biblioteka-gabin.pl\\\/#organization\",\"name\":\"Miejsko-Gminna Biblioteka Publiczna w G\u0105binie\",\"url\":\"https:\\\/\\\/biblioteka-gabin.pl\\\/\",\"logo\":{\"@type\":\"ImageObject\",\"inLanguage\":\"pl-PL\",\"@id\":\"https:\\\/\\\/biblioteka-gabin.pl\\\/#\\\/schema\\\/logo\\\/image\\\/\",\"url\":\"https:\\\/\\\/biblioteka-gabin.pl\\\/wp-content\\\/uploads\\\/2025\\\/03\\\/logo-biblioteka-2-1657013691-1.jpg\",\"contentUrl\":\"https:\\\/\\\/biblioteka-gabin.pl\\\/wp-content\\\/uploads\\\/2025\\\/03\\\/logo-biblioteka-2-1657013691-1.jpg\",\"width\":1600,\"height\":772,\"caption\":\"Miejsko-Gminna Biblioteka Publiczna w G\u0105binie\"},\"image\":{\"@id\":\"https:\\\/\\\/biblioteka-gabin.pl\\\/#\\\/schema\\\/logo\\\/image\\\/\"},\"sameAs\":[\"https:\\\/\\\/www.facebook.com\\\/bibliotekagabin\",\"https:\\\/\\\/www.youtube.com\\\/@mgbpgabin9392\"]},{\"@type\":\"Person\",\"@id\":\"https:\\\/\\\/biblioteka-gabin.pl\\\/#\\\/schema\\\/person\\\/2067b97c24663d987ef6ef95bed7c99a\",\"name\":\"admin\",\"image\":{\"@type\":\"ImageObject\",\"inLanguage\":\"pl-PL\",\"@id\":\"https:\\\/\\\/secure.gravatar.com\\\/avatar\\\/e1843904e97b4e376a0fc90ae10372cd31bce9b207a7a3d2ca68fc7ca7e4174c?s=96&d=mm&r=g\",\"url\":\"https:\\\/\\\/secure.gravatar.com\\\/avatar\\\/e1843904e97b4e376a0fc90ae10372cd31bce9b207a7a3d2ca68fc7ca7e4174c?s=96&d=mm&r=g\",\"contentUrl\":\"https:\\\/\\\/secure.gravatar.com\\\/avatar\\\/e1843904e97b4e376a0fc90ae10372cd31bce9b207a7a3d2ca68fc7ca7e4174c?s=96&d=mm&r=g\",\"caption\":\"admin\"},\"sameAs\":[\"http:\\\/\\\/strona.biblioteka-gabin.pl\"],\"url\":\"http:\\\/\\\/biblioteka-gabin.pl\\\/index.php\\\/author\\\/admin\\\/\"}]}<\/script>\n<!-- \/ Yoast SEO plugin. -->","yoast_head_json":{"title":"Wiecz\u00f3r Autorski Barbary Tyszkiewicz pt. \"Krajobrazy my\u015bli\" (28.03.2025) - Miejsko-Gminna Biblioteka Publiczna w G\u0105binie","robots":{"index":"index","follow":"follow","max-snippet":"max-snippet:-1","max-image-preview":"max-image-preview:large","max-video-preview":"max-video-preview:-1"},"canonical":"http:\/\/biblioteka-gabin.pl\/index.php\/2025\/04\/07\/wieczor-autorski-barbary-tyszkiewicz-pt-krajobrazy-mysli-28-03-2025\/","og_locale":"pl_PL","og_type":"article","og_title":"Wiecz\u00f3r Autorski Barbary Tyszkiewicz pt. \"Krajobrazy my\u015bli\" (28.03.2025) - Miejsko-Gminna Biblioteka Publiczna w G\u0105binie","og_description":"W dniu 28 marca 2025r. w siedzibie organizatora Miejsko-Gminnej Bibliotece","og_url":"http:\/\/biblioteka-gabin.pl\/index.php\/2025\/04\/07\/wieczor-autorski-barbary-tyszkiewicz-pt-krajobrazy-mysli-28-03-2025\/","og_site_name":"Miejsko-Gminna Biblioteka Publiczna w G\u0105binie","article_publisher":"https:\/\/www.facebook.com\/bibliotekagabin","article_published_time":"2025-04-07T00:00:00+00:00","og_image":[{"url":"https:\/\/biblioteka-gabin.pl\/wp-content\/uploads\/archive\/pliki\/obraz\/2025\/kwiecie\/489620413_1021407113298055_7818781993356616820_n.jpg","type":"","width":"","height":""}],"author":"admin","twitter_card":"summary_large_image","twitter_misc":{"Napisane przez":"admin","Szacowany czas czytania":"1 minuta"},"schema":{"@context":"https:\/\/schema.org","@graph":[{"@type":"Article","@id":"http:\/\/biblioteka-gabin.pl\/index.php\/2025\/04\/07\/wieczor-autorski-barbary-tyszkiewicz-pt-krajobrazy-mysli-28-03-2025\/#article","isPartOf":{"@id":"http:\/\/biblioteka-gabin.pl\/index.php\/2025\/04\/07\/wieczor-autorski-barbary-tyszkiewicz-pt-krajobrazy-mysli-28-03-2025\/"},"author":{"name":"admin","@id":"https:\/\/biblioteka-gabin.pl\/#\/schema\/person\/2067b97c24663d987ef6ef95bed7c99a"},"headline":"Wiecz\u00f3r Autorski Barbary Tyszkiewicz pt. &#8222;Krajobrazy my\u015bli&#8221; (28.03.2025)","datePublished":"2025-04-07T00:00:00+00:00","mainEntityOfPage":{"@id":"http:\/\/biblioteka-gabin.pl\/index.php\/2025\/04\/07\/wieczor-autorski-barbary-tyszkiewicz-pt-krajobrazy-mysli-28-03-2025\/"},"wordCount":217,"commentCount":0,"publisher":{"@id":"https:\/\/biblioteka-gabin.pl\/#organization"},"image":{"@id":"http:\/\/biblioteka-gabin.pl\/index.php\/2025\/04\/07\/wieczor-autorski-barbary-tyszkiewicz-pt-krajobrazy-mysli-28-03-2025\/#primaryimage"},"thumbnailUrl":"https:\/\/biblioteka-gabin.pl\/wp-content\/uploads\/archive\/pliki\/obraz\/2025\/kwiecie\/489620413_1021407113298055_7818781993356616820_n.jpg","articleSection":["Main"],"inLanguage":"pl-PL","potentialAction":[{"@type":"CommentAction","name":"Comment","target":["http:\/\/biblioteka-gabin.pl\/index.php\/2025\/04\/07\/wieczor-autorski-barbary-tyszkiewicz-pt-krajobrazy-mysli-28-03-2025\/#respond"]}]},{"@type":"WebPage","@id":"http:\/\/biblioteka-gabin.pl\/index.php\/2025\/04\/07\/wieczor-autorski-barbary-tyszkiewicz-pt-krajobrazy-mysli-28-03-2025\/","url":"http:\/\/biblioteka-gabin.pl\/index.php\/2025\/04\/07\/wieczor-autorski-barbary-tyszkiewicz-pt-krajobrazy-mysli-28-03-2025\/","name":"Wiecz\u00f3r Autorski Barbary Tyszkiewicz pt. \"Krajobrazy my\u015bli\" (28.03.2025) - Miejsko-Gminna Biblioteka Publiczna w G\u0105binie","isPartOf":{"@id":"https:\/\/biblioteka-gabin.pl\/#website"},"primaryImageOfPage":{"@id":"http:\/\/biblioteka-gabin.pl\/index.php\/2025\/04\/07\/wieczor-autorski-barbary-tyszkiewicz-pt-krajobrazy-mysli-28-03-2025\/#primaryimage"},"image":{"@id":"http:\/\/biblioteka-gabin.pl\/index.php\/2025\/04\/07\/wieczor-autorski-barbary-tyszkiewicz-pt-krajobrazy-mysli-28-03-2025\/#primaryimage"},"thumbnailUrl":"https:\/\/biblioteka-gabin.pl\/wp-content\/uploads\/archive\/pliki\/obraz\/2025\/kwiecie\/489620413_1021407113298055_7818781993356616820_n.jpg","datePublished":"2025-04-07T00:00:00+00:00","breadcrumb":{"@id":"http:\/\/biblioteka-gabin.pl\/index.php\/2025\/04\/07\/wieczor-autorski-barbary-tyszkiewicz-pt-krajobrazy-mysli-28-03-2025\/#breadcrumb"},"inLanguage":"pl-PL","potentialAction":[{"@type":"ReadAction","target":["http:\/\/biblioteka-gabin.pl\/index.php\/2025\/04\/07\/wieczor-autorski-barbary-tyszkiewicz-pt-krajobrazy-mysli-28-03-2025\/"]}]},{"@type":"ImageObject","inLanguage":"pl-PL","@id":"http:\/\/biblioteka-gabin.pl\/index.php\/2025\/04\/07\/wieczor-autorski-barbary-tyszkiewicz-pt-krajobrazy-mysli-28-03-2025\/#primaryimage","url":"https:\/\/biblioteka-gabin.pl\/wp-content\/uploads\/archive\/pliki\/obraz\/2025\/kwiecie\/489620413_1021407113298055_7818781993356616820_n.jpg","contentUrl":"https:\/\/biblioteka-gabin.pl\/wp-content\/uploads\/archive\/pliki\/obraz\/2025\/kwiecie\/489620413_1021407113298055_7818781993356616820_n.jpg"},{"@type":"BreadcrumbList","@id":"http:\/\/biblioteka-gabin.pl\/index.php\/2025\/04\/07\/wieczor-autorski-barbary-tyszkiewicz-pt-krajobrazy-mysli-28-03-2025\/#breadcrumb","itemListElement":[{"@type":"ListItem","position":1,"name":"Strona g\u0142\u00f3wna","item":"https:\/\/biblioteka-gabin.pl\/"},{"@type":"ListItem","position":2,"name":"Wiecz\u00f3r Autorski Barbary Tyszkiewicz pt. &#8222;Krajobrazy my\u015bli&#8221; (28.03.2025)"}]},{"@type":"WebSite","@id":"https:\/\/biblioteka-gabin.pl\/#website","url":"https:\/\/biblioteka-gabin.pl\/","name":"Miejsko-Gminna Biblioteka Publiczna w G\u0105binie","description":"","publisher":{"@id":"https:\/\/biblioteka-gabin.pl\/#organization"},"potentialAction":[{"@type":"SearchAction","target":{"@type":"EntryPoint","urlTemplate":"https:\/\/biblioteka-gabin.pl\/?s={search_term_string}"},"query-input":{"@type":"PropertyValueSpecification","valueRequired":true,"valueName":"search_term_string"}}],"inLanguage":"pl-PL"},{"@type":"Organization","@id":"https:\/\/biblioteka-gabin.pl\/#organization","name":"Miejsko-Gminna Biblioteka Publiczna w G\u0105binie","url":"https:\/\/biblioteka-gabin.pl\/","logo":{"@type":"ImageObject","inLanguage":"pl-PL","@id":"https:\/\/biblioteka-gabin.pl\/#\/schema\/logo\/image\/","url":"https:\/\/biblioteka-gabin.pl\/wp-content\/uploads\/2025\/03\/logo-biblioteka-2-1657013691-1.jpg","contentUrl":"https:\/\/biblioteka-gabin.pl\/wp-content\/uploads\/2025\/03\/logo-biblioteka-2-1657013691-1.jpg","width":1600,"height":772,"caption":"Miejsko-Gminna Biblioteka Publiczna w G\u0105binie"},"image":{"@id":"https:\/\/biblioteka-gabin.pl\/#\/schema\/logo\/image\/"},"sameAs":["https:\/\/www.facebook.com\/bibliotekagabin","https:\/\/www.youtube.com\/@mgbpgabin9392"]},{"@type":"Person","@id":"https:\/\/biblioteka-gabin.pl\/#\/schema\/person\/2067b97c24663d987ef6ef95bed7c99a","name":"admin","image":{"@type":"ImageObject","inLanguage":"pl-PL","@id":"https:\/\/secure.gravatar.com\/avatar\/e1843904e97b4e376a0fc90ae10372cd31bce9b207a7a3d2ca68fc7ca7e4174c?s=96&d=mm&r=g","url":"https:\/\/secure.gravatar.com\/avatar\/e1843904e97b4e376a0fc90ae10372cd31bce9b207a7a3d2ca68fc7ca7e4174c?s=96&d=mm&r=g","contentUrl":"https:\/\/secure.gravatar.com\/avatar\/e1843904e97b4e376a0fc90ae10372cd31bce9b207a7a3d2ca68fc7ca7e4174c?s=96&d=mm&r=g","caption":"admin"},"sameAs":["http:\/\/strona.biblioteka-gabin.pl"],"url":"http:\/\/biblioteka-gabin.pl\/index.php\/author\/admin\/"}]}},"_links":{"self":[{"href":"http:\/\/biblioteka-gabin.pl\/index.php\/wp-json\/wp\/v2\/posts\/8860","targetHints":{"allow":["GET"]}}],"collection":[{"href":"http:\/\/biblioteka-gabin.pl\/index.php\/wp-json\/wp\/v2\/posts"}],"about":[{"href":"http:\/\/biblioteka-gabin.pl\/index.php\/wp-json\/wp\/v2\/types\/post"}],"author":[{"embeddable":true,"href":"http:\/\/biblioteka-gabin.pl\/index.php\/wp-json\/wp\/v2\/users\/1"}],"replies":[{"embeddable":true,"href":"http:\/\/biblioteka-gabin.pl\/index.php\/wp-json\/wp\/v2\/comments?post=8860"}],"version-history":[{"count":0,"href":"http:\/\/biblioteka-gabin.pl\/index.php\/wp-json\/wp\/v2\/posts\/8860\/revisions"}],"wp:attachment":[{"href":"http:\/\/biblioteka-gabin.pl\/index.php\/wp-json\/wp\/v2\/media?parent=8860"}],"wp:term":[{"taxonomy":"category","embeddable":true,"href":"http:\/\/biblioteka-gabin.pl\/index.php\/wp-json\/wp\/v2\/categories?post=8860"},{"taxonomy":"post_tag","embeddable":true,"href":"http:\/\/biblioteka-gabin.pl\/index.php\/wp-json\/wp\/v2\/tags?post=8860"}],"curies":[{"name":"wp","href":"https:\/\/api.w.org\/{rel}","templated":true}]}}