{"id":8962,"date":"2021-06-01T00:00:00","date_gmt":"2021-06-01T00:00:00","guid":{"rendered":"https:\/\/biblioteka-gabin.pl\/index.php\/2021\/06\/01\/wzruszenie-i-niespodzianki-w-przedszkolu-samorzadowym-w-dobrzykowie\/"},"modified":"2021-06-01T00:00:00","modified_gmt":"2021-06-01T00:00:00","slug":"wzruszenie-i-niespodzianki-w-przedszkolu-samorzadowym-w-dobrzykowie","status":"publish","type":"post","link":"http:\/\/biblioteka-gabin.pl\/index.php\/2021\/06\/01\/wzruszenie-i-niespodzianki-w-przedszkolu-samorzadowym-w-dobrzykowie\/","title":{"rendered":"Wzruszenie i niespodzianki w Przedszkolu Samorz\u0105dowym w Dobrzykowie"},"content":{"rendered":"<p>Drodzy Czytelnicy!\u00a0<br \/>\n\u00a0\u00a0 W dniu 27.05.2021 r. ponownie mog\u0142am zobaczy\u0107 si\u0119 z moimi Ulubie\u0144cami z Przedszkola Samorz\u0105dowego w Dobrzykowie. W kilku zdaniach chc\u0119 opowiedzie\u0107 Wam jak wygl\u0105da\u0142o to spotkanie.<br \/>\n\u00a0\u00a0 By\u0142o ono wyj\u0105tkowe poniewa\u017c dzieci zrobi\u0142y mi ogromn\u0105 niespodziank\u0119. Ka\u017cda\u00a0z trzech grup: tj. \u201eKrasnali\u201d, \u201eSkrzat\u00f3w\u201d oraz \u201eWitaminek\u201d wykona\u0142a\u00a0 z pomoc\u0105 Pa\u0144 Przedszkolanek przepi\u0119kne kwiatki oraz laurk\u0119 nimi ozdobion\u0105. Wspania\u0142e prezenty otrzyma\u0142am w zwi\u0105zku z niedawno obchodzonym Dniem Bibliotekarza oraz Dniem Matki. Od jednej z grup dosta\u0142am r\u00f3wnie\u017c \u017cyczenia imieninowe. By\u0142o to dla mnie ogromnym zaskoczeniem i nie ukrywam &#8211; wzruszeniem.<br \/>\n\u00a0\u00a0 Grupie \u201eSkrzat\u00f3w\u201d przeczyta\u0142am dwie ksi\u0105\u017ceczki: Anny Leblanc \u00a0pt. \u201dMi\u015b Brumi ma\u0142y pomocnik\u201d oraz Edyty Zar\u0119bskiej pt. \u201eAntek i stara jab\u0142onka\u201d. Od dzieci otrzyma\u0142am jeszcze jeden wspania\u0142y prezent. \u201eSkrzaty\u201d za\u015bpiewa\u0142y dla mnie piosenk\u0119 z okazji Dnia Mamy.<br \/>\n\u00a0\u00a0 Najm\u0142odszej grupie \u201eKrasnali\u201d przeczyta\u0142am bajeczki\u00a0pt. \u201eKanarek Karol\u201d oraz \u201eMa\u0142\u0105 Kotk\u0119\u201d. Milusi\u0144scy z zainteresowaniem wys\u0142uchali historii bohater\u00f3w.<br \/>\n\u00a0\u00a0 Grupie \u201eWitaminek\u201d przeczyta\u0142am wiersze Juliana Tuwima pt. \u201eRzepka\u201d oraz \u201ePtasie radio\u201d. Dzieci bawi\u0142y si\u0119 ze mn\u0105 r\u00f3wnie\u017c w kalambury.\u00a0Du\u017co u\u015bmiechu i rado\u015bci wywo\u0142a\u0142y odgadywane przez \u201eWitaminki\u201d tytu\u0142y bajek.<br \/>\n\u00a0\u00a0 Tradycj\u0105 z moich odwiedzin s\u0105 nasze wsp\u00f3lne zdj\u0119cia, kt\u00f3re umieszczam poni\u017cej.<br \/>\n\u00a0\u00a0 Z ogromn\u0105 przyjemno\u015bci\u0105 czekam na kolejne spotkanie z moimi uroczymi Przedszkolakami.<br \/>\nJ.O.<br \/>\n&#8222;Krasnale&#8221;<br \/>\n&#8222;Skrzaty&#8221;<br \/>\n&#8222;Witaminki&#8221;<br \/>\nPrezenty od Przedszkolak\u00f3w<br \/>\n<img src='https:\/\/biblioteka-gabin.pl\/wp-content\/uploads\/archive\/pliki\/obraz\/krasnale-1622555686.jpg'><br \/>\n<img src='https:\/\/biblioteka-gabin.pl\/wp-content\/uploads\/archive\/pliki\/obraz\/skrzaty-1622555724.jpg'><br \/>\n<img src='https:\/\/biblioteka-gabin.pl\/wp-content\/uploads\/archive\/pliki\/obraz\/witaminki-1622555744.jpg'><br \/>\n<img src='https:\/\/biblioteka-gabin.pl\/wp-content\/uploads\/archive\/pliki\/obraz\/prezenty-1622556870.jpg'><\/p>\n","protected":false},"excerpt":{"rendered":"<p>Drodzy Czytelnicy!\u00a0 \u00a0\u00a0 W dniu 27.05.2021 r. ponownie mog\u0142am zobaczy\u0107<\/p>\n","protected":false},"author":1,"featured_media":0,"comment_status":"open","ping_status":"open","sticky":false,"template":"","format":"standard","meta":{"footnotes":""},"categories":[36],"tags":[],"class_list":["post-8962","post","type-post","status-publish","format-standard","hentry","category-main"],"yoast_head":"<!-- This site is optimized with the Yoast SEO plugin v27.4 - https:\/\/yoast.com\/product\/yoast-seo-wordpress\/ -->\n<title>Wzruszenie i niespodzianki w Przedszkolu Samorz\u0105dowym w Dobrzykowie - Miejsko-Gminna Biblioteka Publiczna w G\u0105binie<\/title>\n<meta name=\"robots\" content=\"index, follow, max-snippet:-1, max-image-preview:large, max-video-preview:-1\" \/>\n<link rel=\"canonical\" href=\"http:\/\/biblioteka-gabin.pl\/index.php\/2021\/06\/01\/wzruszenie-i-niespodzianki-w-przedszkolu-samorzadowym-w-dobrzykowie\/\" \/>\n<meta property=\"og:locale\" content=\"pl_PL\" \/>\n<meta property=\"og:type\" content=\"article\" \/>\n<meta property=\"og:title\" content=\"Wzruszenie i niespodzianki w Przedszkolu Samorz\u0105dowym w Dobrzykowie - Miejsko-Gminna Biblioteka Publiczna w G\u0105binie\" \/>\n<meta property=\"og:description\" content=\"Drodzy Czytelnicy!\u00a0 \u00a0\u00a0 W dniu 27.05.2021 r. ponownie mog\u0142am zobaczy\u0107\" \/>\n<meta property=\"og:url\" content=\"http:\/\/biblioteka-gabin.pl\/index.php\/2021\/06\/01\/wzruszenie-i-niespodzianki-w-przedszkolu-samorzadowym-w-dobrzykowie\/\" \/>\n<meta property=\"og:site_name\" content=\"Miejsko-Gminna Biblioteka Publiczna w G\u0105binie\" \/>\n<meta property=\"article:publisher\" content=\"https:\/\/www.facebook.com\/bibliotekagabin\" \/>\n<meta property=\"article:published_time\" content=\"2021-06-01T00:00:00+00:00\" \/>\n<meta property=\"og:image\" content=\"https:\/\/biblioteka-gabin.pl\/wp-content\/uploads\/archive\/pliki\/obraz\/krasnale-1622555686.jpg\" \/>\n<meta name=\"author\" content=\"admin\" \/>\n<meta name=\"twitter:card\" content=\"summary_large_image\" \/>\n<meta name=\"twitter:label1\" content=\"Napisane przez\" \/>\n\t<meta name=\"twitter:data1\" content=\"admin\" \/>\n\t<meta name=\"twitter:label2\" content=\"Szacowany czas czytania\" \/>\n\t<meta name=\"twitter:data2\" content=\"1 minuta\" \/>\n<script type=\"application\/ld+json\" class=\"yoast-schema-graph\">{\"@context\":\"https:\\\/\\\/schema.org\",\"@graph\":[{\"@type\":\"Article\",\"@id\":\"http:\\\/\\\/biblioteka-gabin.pl\\\/index.php\\\/2021\\\/06\\\/01\\\/wzruszenie-i-niespodzianki-w-przedszkolu-samorzadowym-w-dobrzykowie\\\/#article\",\"isPartOf\":{\"@id\":\"http:\\\/\\\/biblioteka-gabin.pl\\\/index.php\\\/2021\\\/06\\\/01\\\/wzruszenie-i-niespodzianki-w-przedszkolu-samorzadowym-w-dobrzykowie\\\/\"},\"author\":{\"name\":\"admin\",\"@id\":\"https:\\\/\\\/biblioteka-gabin.pl\\\/#\\\/schema\\\/person\\\/2067b97c24663d987ef6ef95bed7c99a\"},\"headline\":\"Wzruszenie i niespodzianki w Przedszkolu Samorz\u0105dowym w Dobrzykowie\",\"datePublished\":\"2021-06-01T00:00:00+00:00\",\"mainEntityOfPage\":{\"@id\":\"http:\\\/\\\/biblioteka-gabin.pl\\\/index.php\\\/2021\\\/06\\\/01\\\/wzruszenie-i-niespodzianki-w-przedszkolu-samorzadowym-w-dobrzykowie\\\/\"},\"wordCount\":257,\"commentCount\":0,\"publisher\":{\"@id\":\"https:\\\/\\\/biblioteka-gabin.pl\\\/#organization\"},\"image\":{\"@id\":\"http:\\\/\\\/biblioteka-gabin.pl\\\/index.php\\\/2021\\\/06\\\/01\\\/wzruszenie-i-niespodzianki-w-przedszkolu-samorzadowym-w-dobrzykowie\\\/#primaryimage\"},\"thumbnailUrl\":\"https:\\\/\\\/biblioteka-gabin.pl\\\/wp-content\\\/uploads\\\/archive\\\/pliki\\\/obraz\\\/krasnale-1622555686.jpg\",\"articleSection\":[\"Main\"],\"inLanguage\":\"pl-PL\",\"potentialAction\":[{\"@type\":\"CommentAction\",\"name\":\"Comment\",\"target\":[\"http:\\\/\\\/biblioteka-gabin.pl\\\/index.php\\\/2021\\\/06\\\/01\\\/wzruszenie-i-niespodzianki-w-przedszkolu-samorzadowym-w-dobrzykowie\\\/#respond\"]}]},{\"@type\":\"WebPage\",\"@id\":\"http:\\\/\\\/biblioteka-gabin.pl\\\/index.php\\\/2021\\\/06\\\/01\\\/wzruszenie-i-niespodzianki-w-przedszkolu-samorzadowym-w-dobrzykowie\\\/\",\"url\":\"http:\\\/\\\/biblioteka-gabin.pl\\\/index.php\\\/2021\\\/06\\\/01\\\/wzruszenie-i-niespodzianki-w-przedszkolu-samorzadowym-w-dobrzykowie\\\/\",\"name\":\"Wzruszenie i niespodzianki w Przedszkolu Samorz\u0105dowym w Dobrzykowie - Miejsko-Gminna Biblioteka Publiczna w G\u0105binie\",\"isPartOf\":{\"@id\":\"https:\\\/\\\/biblioteka-gabin.pl\\\/#website\"},\"primaryImageOfPage\":{\"@id\":\"http:\\\/\\\/biblioteka-gabin.pl\\\/index.php\\\/2021\\\/06\\\/01\\\/wzruszenie-i-niespodzianki-w-przedszkolu-samorzadowym-w-dobrzykowie\\\/#primaryimage\"},\"image\":{\"@id\":\"http:\\\/\\\/biblioteka-gabin.pl\\\/index.php\\\/2021\\\/06\\\/01\\\/wzruszenie-i-niespodzianki-w-przedszkolu-samorzadowym-w-dobrzykowie\\\/#primaryimage\"},\"thumbnailUrl\":\"https:\\\/\\\/biblioteka-gabin.pl\\\/wp-content\\\/uploads\\\/archive\\\/pliki\\\/obraz\\\/krasnale-1622555686.jpg\",\"datePublished\":\"2021-06-01T00:00:00+00:00\",\"breadcrumb\":{\"@id\":\"http:\\\/\\\/biblioteka-gabin.pl\\\/index.php\\\/2021\\\/06\\\/01\\\/wzruszenie-i-niespodzianki-w-przedszkolu-samorzadowym-w-dobrzykowie\\\/#breadcrumb\"},\"inLanguage\":\"pl-PL\",\"potentialAction\":[{\"@type\":\"ReadAction\",\"target\":[\"http:\\\/\\\/biblioteka-gabin.pl\\\/index.php\\\/2021\\\/06\\\/01\\\/wzruszenie-i-niespodzianki-w-przedszkolu-samorzadowym-w-dobrzykowie\\\/\"]}]},{\"@type\":\"ImageObject\",\"inLanguage\":\"pl-PL\",\"@id\":\"http:\\\/\\\/biblioteka-gabin.pl\\\/index.php\\\/2021\\\/06\\\/01\\\/wzruszenie-i-niespodzianki-w-przedszkolu-samorzadowym-w-dobrzykowie\\\/#primaryimage\",\"url\":\"https:\\\/\\\/biblioteka-gabin.pl\\\/wp-content\\\/uploads\\\/archive\\\/pliki\\\/obraz\\\/krasnale-1622555686.jpg\",\"contentUrl\":\"https:\\\/\\\/biblioteka-gabin.pl\\\/wp-content\\\/uploads\\\/archive\\\/pliki\\\/obraz\\\/krasnale-1622555686.jpg\"},{\"@type\":\"BreadcrumbList\",\"@id\":\"http:\\\/\\\/biblioteka-gabin.pl\\\/index.php\\\/2021\\\/06\\\/01\\\/wzruszenie-i-niespodzianki-w-przedszkolu-samorzadowym-w-dobrzykowie\\\/#breadcrumb\",\"itemListElement\":[{\"@type\":\"ListItem\",\"position\":1,\"name\":\"Strona g\u0142\u00f3wna\",\"item\":\"https:\\\/\\\/biblioteka-gabin.pl\\\/\"},{\"@type\":\"ListItem\",\"position\":2,\"name\":\"Wzruszenie i niespodzianki w Przedszkolu Samorz\u0105dowym w Dobrzykowie\"}]},{\"@type\":\"WebSite\",\"@id\":\"https:\\\/\\\/biblioteka-gabin.pl\\\/#website\",\"url\":\"https:\\\/\\\/biblioteka-gabin.pl\\\/\",\"name\":\"Miejsko-Gminna Biblioteka Publiczna w G\u0105binie\",\"description\":\"\",\"publisher\":{\"@id\":\"https:\\\/\\\/biblioteka-gabin.pl\\\/#organization\"},\"potentialAction\":[{\"@type\":\"SearchAction\",\"target\":{\"@type\":\"EntryPoint\",\"urlTemplate\":\"https:\\\/\\\/biblioteka-gabin.pl\\\/?s={search_term_string}\"},\"query-input\":{\"@type\":\"PropertyValueSpecification\",\"valueRequired\":true,\"valueName\":\"search_term_string\"}}],\"inLanguage\":\"pl-PL\"},{\"@type\":\"Organization\",\"@id\":\"https:\\\/\\\/biblioteka-gabin.pl\\\/#organization\",\"name\":\"Miejsko-Gminna Biblioteka Publiczna w G\u0105binie\",\"url\":\"https:\\\/\\\/biblioteka-gabin.pl\\\/\",\"logo\":{\"@type\":\"ImageObject\",\"inLanguage\":\"pl-PL\",\"@id\":\"https:\\\/\\\/biblioteka-gabin.pl\\\/#\\\/schema\\\/logo\\\/image\\\/\",\"url\":\"https:\\\/\\\/biblioteka-gabin.pl\\\/wp-content\\\/uploads\\\/2025\\\/03\\\/logo-biblioteka-2-1657013691-1.jpg\",\"contentUrl\":\"https:\\\/\\\/biblioteka-gabin.pl\\\/wp-content\\\/uploads\\\/2025\\\/03\\\/logo-biblioteka-2-1657013691-1.jpg\",\"width\":1600,\"height\":772,\"caption\":\"Miejsko-Gminna Biblioteka Publiczna w G\u0105binie\"},\"image\":{\"@id\":\"https:\\\/\\\/biblioteka-gabin.pl\\\/#\\\/schema\\\/logo\\\/image\\\/\"},\"sameAs\":[\"https:\\\/\\\/www.facebook.com\\\/bibliotekagabin\",\"https:\\\/\\\/www.youtube.com\\\/@mgbpgabin9392\"]},{\"@type\":\"Person\",\"@id\":\"https:\\\/\\\/biblioteka-gabin.pl\\\/#\\\/schema\\\/person\\\/2067b97c24663d987ef6ef95bed7c99a\",\"name\":\"admin\",\"image\":{\"@type\":\"ImageObject\",\"inLanguage\":\"pl-PL\",\"@id\":\"https:\\\/\\\/secure.gravatar.com\\\/avatar\\\/e1843904e97b4e376a0fc90ae10372cd31bce9b207a7a3d2ca68fc7ca7e4174c?s=96&d=mm&r=g\",\"url\":\"https:\\\/\\\/secure.gravatar.com\\\/avatar\\\/e1843904e97b4e376a0fc90ae10372cd31bce9b207a7a3d2ca68fc7ca7e4174c?s=96&d=mm&r=g\",\"contentUrl\":\"https:\\\/\\\/secure.gravatar.com\\\/avatar\\\/e1843904e97b4e376a0fc90ae10372cd31bce9b207a7a3d2ca68fc7ca7e4174c?s=96&d=mm&r=g\",\"caption\":\"admin\"},\"sameAs\":[\"http:\\\/\\\/strona.biblioteka-gabin.pl\"],\"url\":\"http:\\\/\\\/biblioteka-gabin.pl\\\/index.php\\\/author\\\/admin\\\/\"}]}<\/script>\n<!-- \/ Yoast SEO plugin. -->","yoast_head_json":{"title":"Wzruszenie i niespodzianki w Przedszkolu Samorz\u0105dowym w Dobrzykowie - Miejsko-Gminna Biblioteka Publiczna w G\u0105binie","robots":{"index":"index","follow":"follow","max-snippet":"max-snippet:-1","max-image-preview":"max-image-preview:large","max-video-preview":"max-video-preview:-1"},"canonical":"http:\/\/biblioteka-gabin.pl\/index.php\/2021\/06\/01\/wzruszenie-i-niespodzianki-w-przedszkolu-samorzadowym-w-dobrzykowie\/","og_locale":"pl_PL","og_type":"article","og_title":"Wzruszenie i niespodzianki w Przedszkolu Samorz\u0105dowym w Dobrzykowie - Miejsko-Gminna Biblioteka Publiczna w G\u0105binie","og_description":"Drodzy Czytelnicy!\u00a0 \u00a0\u00a0 W dniu 27.05.2021 r. ponownie mog\u0142am zobaczy\u0107","og_url":"http:\/\/biblioteka-gabin.pl\/index.php\/2021\/06\/01\/wzruszenie-i-niespodzianki-w-przedszkolu-samorzadowym-w-dobrzykowie\/","og_site_name":"Miejsko-Gminna Biblioteka Publiczna w G\u0105binie","article_publisher":"https:\/\/www.facebook.com\/bibliotekagabin","article_published_time":"2021-06-01T00:00:00+00:00","og_image":[{"url":"https:\/\/biblioteka-gabin.pl\/wp-content\/uploads\/archive\/pliki\/obraz\/krasnale-1622555686.jpg","type":"","width":"","height":""}],"author":"admin","twitter_card":"summary_large_image","twitter_misc":{"Napisane przez":"admin","Szacowany czas czytania":"1 minuta"},"schema":{"@context":"https:\/\/schema.org","@graph":[{"@type":"Article","@id":"http:\/\/biblioteka-gabin.pl\/index.php\/2021\/06\/01\/wzruszenie-i-niespodzianki-w-przedszkolu-samorzadowym-w-dobrzykowie\/#article","isPartOf":{"@id":"http:\/\/biblioteka-gabin.pl\/index.php\/2021\/06\/01\/wzruszenie-i-niespodzianki-w-przedszkolu-samorzadowym-w-dobrzykowie\/"},"author":{"name":"admin","@id":"https:\/\/biblioteka-gabin.pl\/#\/schema\/person\/2067b97c24663d987ef6ef95bed7c99a"},"headline":"Wzruszenie i niespodzianki w Przedszkolu Samorz\u0105dowym w Dobrzykowie","datePublished":"2021-06-01T00:00:00+00:00","mainEntityOfPage":{"@id":"http:\/\/biblioteka-gabin.pl\/index.php\/2021\/06\/01\/wzruszenie-i-niespodzianki-w-przedszkolu-samorzadowym-w-dobrzykowie\/"},"wordCount":257,"commentCount":0,"publisher":{"@id":"https:\/\/biblioteka-gabin.pl\/#organization"},"image":{"@id":"http:\/\/biblioteka-gabin.pl\/index.php\/2021\/06\/01\/wzruszenie-i-niespodzianki-w-przedszkolu-samorzadowym-w-dobrzykowie\/#primaryimage"},"thumbnailUrl":"https:\/\/biblioteka-gabin.pl\/wp-content\/uploads\/archive\/pliki\/obraz\/krasnale-1622555686.jpg","articleSection":["Main"],"inLanguage":"pl-PL","potentialAction":[{"@type":"CommentAction","name":"Comment","target":["http:\/\/biblioteka-gabin.pl\/index.php\/2021\/06\/01\/wzruszenie-i-niespodzianki-w-przedszkolu-samorzadowym-w-dobrzykowie\/#respond"]}]},{"@type":"WebPage","@id":"http:\/\/biblioteka-gabin.pl\/index.php\/2021\/06\/01\/wzruszenie-i-niespodzianki-w-przedszkolu-samorzadowym-w-dobrzykowie\/","url":"http:\/\/biblioteka-gabin.pl\/index.php\/2021\/06\/01\/wzruszenie-i-niespodzianki-w-przedszkolu-samorzadowym-w-dobrzykowie\/","name":"Wzruszenie i niespodzianki w Przedszkolu Samorz\u0105dowym w Dobrzykowie - Miejsko-Gminna Biblioteka Publiczna w G\u0105binie","isPartOf":{"@id":"https:\/\/biblioteka-gabin.pl\/#website"},"primaryImageOfPage":{"@id":"http:\/\/biblioteka-gabin.pl\/index.php\/2021\/06\/01\/wzruszenie-i-niespodzianki-w-przedszkolu-samorzadowym-w-dobrzykowie\/#primaryimage"},"image":{"@id":"http:\/\/biblioteka-gabin.pl\/index.php\/2021\/06\/01\/wzruszenie-i-niespodzianki-w-przedszkolu-samorzadowym-w-dobrzykowie\/#primaryimage"},"thumbnailUrl":"https:\/\/biblioteka-gabin.pl\/wp-content\/uploads\/archive\/pliki\/obraz\/krasnale-1622555686.jpg","datePublished":"2021-06-01T00:00:00+00:00","breadcrumb":{"@id":"http:\/\/biblioteka-gabin.pl\/index.php\/2021\/06\/01\/wzruszenie-i-niespodzianki-w-przedszkolu-samorzadowym-w-dobrzykowie\/#breadcrumb"},"inLanguage":"pl-PL","potentialAction":[{"@type":"ReadAction","target":["http:\/\/biblioteka-gabin.pl\/index.php\/2021\/06\/01\/wzruszenie-i-niespodzianki-w-przedszkolu-samorzadowym-w-dobrzykowie\/"]}]},{"@type":"ImageObject","inLanguage":"pl-PL","@id":"http:\/\/biblioteka-gabin.pl\/index.php\/2021\/06\/01\/wzruszenie-i-niespodzianki-w-przedszkolu-samorzadowym-w-dobrzykowie\/#primaryimage","url":"https:\/\/biblioteka-gabin.pl\/wp-content\/uploads\/archive\/pliki\/obraz\/krasnale-1622555686.jpg","contentUrl":"https:\/\/biblioteka-gabin.pl\/wp-content\/uploads\/archive\/pliki\/obraz\/krasnale-1622555686.jpg"},{"@type":"BreadcrumbList","@id":"http:\/\/biblioteka-gabin.pl\/index.php\/2021\/06\/01\/wzruszenie-i-niespodzianki-w-przedszkolu-samorzadowym-w-dobrzykowie\/#breadcrumb","itemListElement":[{"@type":"ListItem","position":1,"name":"Strona g\u0142\u00f3wna","item":"https:\/\/biblioteka-gabin.pl\/"},{"@type":"ListItem","position":2,"name":"Wzruszenie i niespodzianki w Przedszkolu Samorz\u0105dowym w Dobrzykowie"}]},{"@type":"WebSite","@id":"https:\/\/biblioteka-gabin.pl\/#website","url":"https:\/\/biblioteka-gabin.pl\/","name":"Miejsko-Gminna Biblioteka Publiczna w G\u0105binie","description":"","publisher":{"@id":"https:\/\/biblioteka-gabin.pl\/#organization"},"potentialAction":[{"@type":"SearchAction","target":{"@type":"EntryPoint","urlTemplate":"https:\/\/biblioteka-gabin.pl\/?s={search_term_string}"},"query-input":{"@type":"PropertyValueSpecification","valueRequired":true,"valueName":"search_term_string"}}],"inLanguage":"pl-PL"},{"@type":"Organization","@id":"https:\/\/biblioteka-gabin.pl\/#organization","name":"Miejsko-Gminna Biblioteka Publiczna w G\u0105binie","url":"https:\/\/biblioteka-gabin.pl\/","logo":{"@type":"ImageObject","inLanguage":"pl-PL","@id":"https:\/\/biblioteka-gabin.pl\/#\/schema\/logo\/image\/","url":"https:\/\/biblioteka-gabin.pl\/wp-content\/uploads\/2025\/03\/logo-biblioteka-2-1657013691-1.jpg","contentUrl":"https:\/\/biblioteka-gabin.pl\/wp-content\/uploads\/2025\/03\/logo-biblioteka-2-1657013691-1.jpg","width":1600,"height":772,"caption":"Miejsko-Gminna Biblioteka Publiczna w G\u0105binie"},"image":{"@id":"https:\/\/biblioteka-gabin.pl\/#\/schema\/logo\/image\/"},"sameAs":["https:\/\/www.facebook.com\/bibliotekagabin","https:\/\/www.youtube.com\/@mgbpgabin9392"]},{"@type":"Person","@id":"https:\/\/biblioteka-gabin.pl\/#\/schema\/person\/2067b97c24663d987ef6ef95bed7c99a","name":"admin","image":{"@type":"ImageObject","inLanguage":"pl-PL","@id":"https:\/\/secure.gravatar.com\/avatar\/e1843904e97b4e376a0fc90ae10372cd31bce9b207a7a3d2ca68fc7ca7e4174c?s=96&d=mm&r=g","url":"https:\/\/secure.gravatar.com\/avatar\/e1843904e97b4e376a0fc90ae10372cd31bce9b207a7a3d2ca68fc7ca7e4174c?s=96&d=mm&r=g","contentUrl":"https:\/\/secure.gravatar.com\/avatar\/e1843904e97b4e376a0fc90ae10372cd31bce9b207a7a3d2ca68fc7ca7e4174c?s=96&d=mm&r=g","caption":"admin"},"sameAs":["http:\/\/strona.biblioteka-gabin.pl"],"url":"http:\/\/biblioteka-gabin.pl\/index.php\/author\/admin\/"}]}},"_links":{"self":[{"href":"http:\/\/biblioteka-gabin.pl\/index.php\/wp-json\/wp\/v2\/posts\/8962","targetHints":{"allow":["GET"]}}],"collection":[{"href":"http:\/\/biblioteka-gabin.pl\/index.php\/wp-json\/wp\/v2\/posts"}],"about":[{"href":"http:\/\/biblioteka-gabin.pl\/index.php\/wp-json\/wp\/v2\/types\/post"}],"author":[{"embeddable":true,"href":"http:\/\/biblioteka-gabin.pl\/index.php\/wp-json\/wp\/v2\/users\/1"}],"replies":[{"embeddable":true,"href":"http:\/\/biblioteka-gabin.pl\/index.php\/wp-json\/wp\/v2\/comments?post=8962"}],"version-history":[{"count":0,"href":"http:\/\/biblioteka-gabin.pl\/index.php\/wp-json\/wp\/v2\/posts\/8962\/revisions"}],"wp:attachment":[{"href":"http:\/\/biblioteka-gabin.pl\/index.php\/wp-json\/wp\/v2\/media?parent=8962"}],"wp:term":[{"taxonomy":"category","embeddable":true,"href":"http:\/\/biblioteka-gabin.pl\/index.php\/wp-json\/wp\/v2\/categories?post=8962"},{"taxonomy":"post_tag","embeddable":true,"href":"http:\/\/biblioteka-gabin.pl\/index.php\/wp-json\/wp\/v2\/tags?post=8962"}],"curies":[{"name":"wp","href":"https:\/\/api.w.org\/{rel}","templated":true}]}}