{"id":10104,"date":"2026-01-14T13:55:32","date_gmt":"2026-01-14T13:55:32","guid":{"rendered":"https:\/\/biblioteka-gabin.pl\/?p=10104"},"modified":"2026-01-27T09:41:17","modified_gmt":"2026-01-27T09:41:17","slug":"ferie-w-bibliotece-3","status":"publish","type":"post","link":"https:\/\/biblioteka-gabin.pl\/index.php\/2026\/01\/14\/ferie-w-bibliotece-3\/","title":{"rendered":"Ferie w bibliotece"},"content":{"rendered":"\n<p>Miejsko-Gminna Biblioteka Publiczna w G\u0105binie serdecznie zaprasza dzieci w wieku 4-6 lat oraz 7-8 lat na zaj\u0119cia z cyklu &#8222;Ferie w bibliotece&#8221;, kt\u00f3re odb\u0119d\u0105 si\u0119 22 oraz 29 stycznia 2026r. w godz. 11.00-12.00.<\/p>\n\n\n\n<p>W dniu 22 stycznia zostan\u0105 przeprowadzone zaj\u0119cia dla m\u0142odszej grupy 4-6 lat (obecno\u015b\u0107 rodzica obowi\u0105zkowa podczas spotkania), 29 stycznia dla grupy dzieci w wieku 7-8 lat.<\/p>\n\n\n\n<p>Prosimy mie\u0107 ze sob\u0105 wype\u0142nion\u0105 zgod\u0119 uczestnictwa dziecka w zaj\u0119ciach, kt\u00f3ra znajduje si\u0119 w za\u0142\u0105czniku.<\/p>\n\n\n\n<p>Mamy nadziej\u0119, \u017ce wsp\u00f3lne gry i zabawy dobrze wype\u0142ni\u0105 dzieciom ten czas. <\/p>\n\n\n\n<p>Prosimy o zapisy uczestnik\u00f3w od poniedzia\u0142ku do \u015brody w poszczeg\u00f3lnym tygodniu pod nr tel.24 2771-035 lub przez Facebooka.<\/p>\n\n\n\n<figure class=\"wp-block-image size-large\"><img loading=\"lazy\" decoding=\"async\" width=\"724\" height=\"1024\" src=\"https:\/\/biblioteka-gabin.pl\/wp-content\/uploads\/2026\/01\/Zapraszamy-na-724x1024.png\" alt=\"\" class=\"wp-image-10105\" srcset=\"https:\/\/biblioteka-gabin.pl\/wp-content\/uploads\/2026\/01\/Zapraszamy-na-724x1024.png 724w, https:\/\/biblioteka-gabin.pl\/wp-content\/uploads\/2026\/01\/Zapraszamy-na-212x300.png 212w, https:\/\/biblioteka-gabin.pl\/wp-content\/uploads\/2026\/01\/Zapraszamy-na-768x1086.png 768w, https:\/\/biblioteka-gabin.pl\/wp-content\/uploads\/2026\/01\/Zapraszamy-na-1086x1536.png 1086w, https:\/\/biblioteka-gabin.pl\/wp-content\/uploads\/2026\/01\/Zapraszamy-na-1448x2048.png 1448w, https:\/\/biblioteka-gabin.pl\/wp-content\/uploads\/2026\/01\/Zapraszamy-na-1024x1449.png 1024w, https:\/\/biblioteka-gabin.pl\/wp-content\/uploads\/2026\/01\/Zapraszamy-na.png 1587w\" sizes=\"auto, (max-width: 724px) 100vw, 724px\" \/><\/figure>\n\n\n\n<div class=\"wp-block-file\"><a id=\"wp-block-file--media-6f1c2011-e4f1-4731-a5a0-0f2ac9ff2df2\" href=\"https:\/\/biblioteka-gabin.pl\/wp-content\/uploads\/2026\/01\/KARTA-ZGLOSZENIOWA-Ferie-w-bibliotece.docx\">KARTA ZG\u0141OSZENIOWA Ferie w bibliotece<\/a><a href=\"https:\/\/biblioteka-gabin.pl\/wp-content\/uploads\/2026\/01\/KARTA-ZGLOSZENIOWA-Ferie-w-bibliotece.docx\" class=\"wp-block-file__button wp-element-button\" download aria-describedby=\"wp-block-file--media-6f1c2011-e4f1-4731-a5a0-0f2ac9ff2df2\">Pobierz<\/a><\/div>\n\n\n\n<div class=\"wp-block-file\"><a id=\"wp-block-file--media-5e35fa27-10fc-447b-b0c1-4b7df9687316\" href=\"https:\/\/biblioteka-gabin.pl\/wp-content\/uploads\/2026\/01\/Regulamin-spotkan-Ferie-w-bibliotece.docx\">Regulamin spotka\u0144 Ferie w bibliotece<\/a><a href=\"https:\/\/biblioteka-gabin.pl\/wp-content\/uploads\/2026\/01\/Regulamin-spotkan-Ferie-w-bibliotece.docx\" class=\"wp-block-file__button wp-element-button\" download aria-describedby=\"wp-block-file--media-5e35fa27-10fc-447b-b0c1-4b7df9687316\">Pobierz<\/a><\/div>\n","protected":false},"excerpt":{"rendered":"<p>Miejsko-Gminna Biblioteka Publiczna w G\u0105binie serdecznie zaprasza dzieci w wieku<\/p>\n","protected":false},"author":5,"featured_media":10105,"comment_status":"open","ping_status":"open","sticky":false,"template":"","format":"standard","meta":{"footnotes":""},"categories":[36],"tags":[],"class_list":["post-10104","post","type-post","status-publish","format-standard","has-post-thumbnail","hentry","category-main"],"yoast_head":"<!-- This site is optimized with the Yoast SEO plugin v27.4 - https:\/\/yoast.com\/product\/yoast-seo-wordpress\/ -->\n<title>Ferie w bibliotece - Miejsko-Gminna Biblioteka Publiczna w G\u0105binie<\/title>\n<meta name=\"robots\" content=\"index, follow, max-snippet:-1, max-image-preview:large, max-video-preview:-1\" \/>\n<link rel=\"canonical\" href=\"http:\/\/biblioteka-gabin.pl\/index.php\/2026\/01\/14\/ferie-w-bibliotece-3\/\" \/>\n<meta property=\"og:locale\" content=\"pl_PL\" \/>\n<meta property=\"og:type\" content=\"article\" \/>\n<meta property=\"og:title\" content=\"Ferie w bibliotece - Miejsko-Gminna Biblioteka Publiczna w G\u0105binie\" \/>\n<meta property=\"og:description\" content=\"Miejsko-Gminna Biblioteka Publiczna w G\u0105binie serdecznie zaprasza dzieci w wieku\" \/>\n<meta property=\"og:url\" content=\"http:\/\/biblioteka-gabin.pl\/index.php\/2026\/01\/14\/ferie-w-bibliotece-3\/\" \/>\n<meta property=\"og:site_name\" content=\"Miejsko-Gminna Biblioteka Publiczna w G\u0105binie\" \/>\n<meta property=\"article:publisher\" content=\"https:\/\/www.facebook.com\/bibliotekagabin\" \/>\n<meta property=\"article:published_time\" content=\"2026-01-14T13:55:32+00:00\" \/>\n<meta property=\"article:modified_time\" content=\"2026-01-27T09:41:17+00:00\" \/>\n<meta property=\"og:image\" content=\"http:\/\/biblioteka-gabin.pl\/wp-content\/uploads\/2026\/01\/Zapraszamy-na.png\" \/>\n\t<meta property=\"og:image:width\" content=\"1587\" \/>\n\t<meta property=\"og:image:height\" content=\"2245\" \/>\n\t<meta property=\"og:image:type\" content=\"image\/png\" \/>\n<meta name=\"author\" content=\"j.olejniczak\" \/>\n<meta name=\"twitter:card\" content=\"summary_large_image\" \/>\n<meta name=\"twitter:label1\" content=\"Napisane przez\" \/>\n\t<meta name=\"twitter:data1\" content=\"j.olejniczak\" \/>\n\t<meta name=\"twitter:label2\" content=\"Szacowany czas czytania\" \/>\n\t<meta name=\"twitter:data2\" content=\"2 minuty\" \/>\n<script type=\"application\/ld+json\" class=\"yoast-schema-graph\">{\"@context\":\"https:\\\/\\\/schema.org\",\"@graph\":[{\"@type\":\"Article\",\"@id\":\"http:\\\/\\\/biblioteka-gabin.pl\\\/index.php\\\/2026\\\/01\\\/14\\\/ferie-w-bibliotece-3\\\/#article\",\"isPartOf\":{\"@id\":\"http:\\\/\\\/biblioteka-gabin.pl\\\/index.php\\\/2026\\\/01\\\/14\\\/ferie-w-bibliotece-3\\\/\"},\"author\":{\"name\":\"j.olejniczak\",\"@id\":\"https:\\\/\\\/biblioteka-gabin.pl\\\/#\\\/schema\\\/person\\\/c6271403c55804b0c90b1abcdc89a4be\"},\"headline\":\"Ferie w bibliotece\",\"datePublished\":\"2026-01-14T13:55:32+00:00\",\"dateModified\":\"2026-01-27T09:41:17+00:00\",\"mainEntityOfPage\":{\"@id\":\"http:\\\/\\\/biblioteka-gabin.pl\\\/index.php\\\/2026\\\/01\\\/14\\\/ferie-w-bibliotece-3\\\/\"},\"wordCount\":132,\"commentCount\":0,\"publisher\":{\"@id\":\"https:\\\/\\\/biblioteka-gabin.pl\\\/#organization\"},\"image\":{\"@id\":\"http:\\\/\\\/biblioteka-gabin.pl\\\/index.php\\\/2026\\\/01\\\/14\\\/ferie-w-bibliotece-3\\\/#primaryimage\"},\"thumbnailUrl\":\"https:\\\/\\\/biblioteka-gabin.pl\\\/wp-content\\\/uploads\\\/2026\\\/01\\\/Zapraszamy-na.png\",\"articleSection\":[\"Main\"],\"inLanguage\":\"pl-PL\",\"potentialAction\":[{\"@type\":\"CommentAction\",\"name\":\"Comment\",\"target\":[\"http:\\\/\\\/biblioteka-gabin.pl\\\/index.php\\\/2026\\\/01\\\/14\\\/ferie-w-bibliotece-3\\\/#respond\"]}]},{\"@type\":\"WebPage\",\"@id\":\"http:\\\/\\\/biblioteka-gabin.pl\\\/index.php\\\/2026\\\/01\\\/14\\\/ferie-w-bibliotece-3\\\/\",\"url\":\"http:\\\/\\\/biblioteka-gabin.pl\\\/index.php\\\/2026\\\/01\\\/14\\\/ferie-w-bibliotece-3\\\/\",\"name\":\"Ferie w bibliotece - Miejsko-Gminna Biblioteka Publiczna w G\u0105binie\",\"isPartOf\":{\"@id\":\"https:\\\/\\\/biblioteka-gabin.pl\\\/#website\"},\"primaryImageOfPage\":{\"@id\":\"http:\\\/\\\/biblioteka-gabin.pl\\\/index.php\\\/2026\\\/01\\\/14\\\/ferie-w-bibliotece-3\\\/#primaryimage\"},\"image\":{\"@id\":\"http:\\\/\\\/biblioteka-gabin.pl\\\/index.php\\\/2026\\\/01\\\/14\\\/ferie-w-bibliotece-3\\\/#primaryimage\"},\"thumbnailUrl\":\"https:\\\/\\\/biblioteka-gabin.pl\\\/wp-content\\\/uploads\\\/2026\\\/01\\\/Zapraszamy-na.png\",\"datePublished\":\"2026-01-14T13:55:32+00:00\",\"dateModified\":\"2026-01-27T09:41:17+00:00\",\"breadcrumb\":{\"@id\":\"http:\\\/\\\/biblioteka-gabin.pl\\\/index.php\\\/2026\\\/01\\\/14\\\/ferie-w-bibliotece-3\\\/#breadcrumb\"},\"inLanguage\":\"pl-PL\",\"potentialAction\":[{\"@type\":\"ReadAction\",\"target\":[\"http:\\\/\\\/biblioteka-gabin.pl\\\/index.php\\\/2026\\\/01\\\/14\\\/ferie-w-bibliotece-3\\\/\"]}]},{\"@type\":\"ImageObject\",\"inLanguage\":\"pl-PL\",\"@id\":\"http:\\\/\\\/biblioteka-gabin.pl\\\/index.php\\\/2026\\\/01\\\/14\\\/ferie-w-bibliotece-3\\\/#primaryimage\",\"url\":\"https:\\\/\\\/biblioteka-gabin.pl\\\/wp-content\\\/uploads\\\/2026\\\/01\\\/Zapraszamy-na.png\",\"contentUrl\":\"https:\\\/\\\/biblioteka-gabin.pl\\\/wp-content\\\/uploads\\\/2026\\\/01\\\/Zapraszamy-na.png\",\"width\":1587,\"height\":2245},{\"@type\":\"BreadcrumbList\",\"@id\":\"http:\\\/\\\/biblioteka-gabin.pl\\\/index.php\\\/2026\\\/01\\\/14\\\/ferie-w-bibliotece-3\\\/#breadcrumb\",\"itemListElement\":[{\"@type\":\"ListItem\",\"position\":1,\"name\":\"Strona g\u0142\u00f3wna\",\"item\":\"https:\\\/\\\/biblioteka-gabin.pl\\\/\"},{\"@type\":\"ListItem\",\"position\":2,\"name\":\"Ferie w bibliotece\"}]},{\"@type\":\"WebSite\",\"@id\":\"https:\\\/\\\/biblioteka-gabin.pl\\\/#website\",\"url\":\"https:\\\/\\\/biblioteka-gabin.pl\\\/\",\"name\":\"Miejsko-Gminna Biblioteka Publiczna w G\u0105binie\",\"description\":\"\",\"publisher\":{\"@id\":\"https:\\\/\\\/biblioteka-gabin.pl\\\/#organization\"},\"potentialAction\":[{\"@type\":\"SearchAction\",\"target\":{\"@type\":\"EntryPoint\",\"urlTemplate\":\"https:\\\/\\\/biblioteka-gabin.pl\\\/?s={search_term_string}\"},\"query-input\":{\"@type\":\"PropertyValueSpecification\",\"valueRequired\":true,\"valueName\":\"search_term_string\"}}],\"inLanguage\":\"pl-PL\"},{\"@type\":\"Organization\",\"@id\":\"https:\\\/\\\/biblioteka-gabin.pl\\\/#organization\",\"name\":\"Miejsko-Gminna Biblioteka Publiczna w G\u0105binie\",\"url\":\"https:\\\/\\\/biblioteka-gabin.pl\\\/\",\"logo\":{\"@type\":\"ImageObject\",\"inLanguage\":\"pl-PL\",\"@id\":\"https:\\\/\\\/biblioteka-gabin.pl\\\/#\\\/schema\\\/logo\\\/image\\\/\",\"url\":\"https:\\\/\\\/biblioteka-gabin.pl\\\/wp-content\\\/uploads\\\/2025\\\/03\\\/logo-biblioteka-2-1657013691-1.jpg\",\"contentUrl\":\"https:\\\/\\\/biblioteka-gabin.pl\\\/wp-content\\\/uploads\\\/2025\\\/03\\\/logo-biblioteka-2-1657013691-1.jpg\",\"width\":1600,\"height\":772,\"caption\":\"Miejsko-Gminna Biblioteka Publiczna w G\u0105binie\"},\"image\":{\"@id\":\"https:\\\/\\\/biblioteka-gabin.pl\\\/#\\\/schema\\\/logo\\\/image\\\/\"},\"sameAs\":[\"https:\\\/\\\/www.facebook.com\\\/bibliotekagabin\",\"https:\\\/\\\/www.youtube.com\\\/@mgbpgabin9392\"]},{\"@type\":\"Person\",\"@id\":\"https:\\\/\\\/biblioteka-gabin.pl\\\/#\\\/schema\\\/person\\\/c6271403c55804b0c90b1abcdc89a4be\",\"name\":\"j.olejniczak\",\"image\":{\"@type\":\"ImageObject\",\"inLanguage\":\"pl-PL\",\"@id\":\"https:\\\/\\\/secure.gravatar.com\\\/avatar\\\/926a0e21a6bc9c5f3d8b7350eef4c1328c61093f6afee787beeac212421b433a?s=96&d=mm&r=g\",\"url\":\"https:\\\/\\\/secure.gravatar.com\\\/avatar\\\/926a0e21a6bc9c5f3d8b7350eef4c1328c61093f6afee787beeac212421b433a?s=96&d=mm&r=g\",\"contentUrl\":\"https:\\\/\\\/secure.gravatar.com\\\/avatar\\\/926a0e21a6bc9c5f3d8b7350eef4c1328c61093f6afee787beeac212421b433a?s=96&d=mm&r=g\",\"caption\":\"j.olejniczak\"},\"sameAs\":[\"http:\\\/\\\/www.biblioteka-gabin.pl\"],\"url\":\"https:\\\/\\\/biblioteka-gabin.pl\\\/index.php\\\/author\\\/j-olejniczak\\\/\"}]}<\/script>\n<!-- \/ Yoast SEO plugin. -->","yoast_head_json":{"title":"Ferie w bibliotece - Miejsko-Gminna Biblioteka Publiczna w G\u0105binie","robots":{"index":"index","follow":"follow","max-snippet":"max-snippet:-1","max-image-preview":"max-image-preview:large","max-video-preview":"max-video-preview:-1"},"canonical":"http:\/\/biblioteka-gabin.pl\/index.php\/2026\/01\/14\/ferie-w-bibliotece-3\/","og_locale":"pl_PL","og_type":"article","og_title":"Ferie w bibliotece - Miejsko-Gminna Biblioteka Publiczna w G\u0105binie","og_description":"Miejsko-Gminna Biblioteka Publiczna w G\u0105binie serdecznie zaprasza dzieci w wieku","og_url":"http:\/\/biblioteka-gabin.pl\/index.php\/2026\/01\/14\/ferie-w-bibliotece-3\/","og_site_name":"Miejsko-Gminna Biblioteka Publiczna w G\u0105binie","article_publisher":"https:\/\/www.facebook.com\/bibliotekagabin","article_published_time":"2026-01-14T13:55:32+00:00","article_modified_time":"2026-01-27T09:41:17+00:00","og_image":[{"width":1587,"height":2245,"url":"http:\/\/biblioteka-gabin.pl\/wp-content\/uploads\/2026\/01\/Zapraszamy-na.png","type":"image\/png"}],"author":"j.olejniczak","twitter_card":"summary_large_image","twitter_misc":{"Napisane przez":"j.olejniczak","Szacowany czas czytania":"2 minuty"},"schema":{"@context":"https:\/\/schema.org","@graph":[{"@type":"Article","@id":"http:\/\/biblioteka-gabin.pl\/index.php\/2026\/01\/14\/ferie-w-bibliotece-3\/#article","isPartOf":{"@id":"http:\/\/biblioteka-gabin.pl\/index.php\/2026\/01\/14\/ferie-w-bibliotece-3\/"},"author":{"name":"j.olejniczak","@id":"https:\/\/biblioteka-gabin.pl\/#\/schema\/person\/c6271403c55804b0c90b1abcdc89a4be"},"headline":"Ferie w bibliotece","datePublished":"2026-01-14T13:55:32+00:00","dateModified":"2026-01-27T09:41:17+00:00","mainEntityOfPage":{"@id":"http:\/\/biblioteka-gabin.pl\/index.php\/2026\/01\/14\/ferie-w-bibliotece-3\/"},"wordCount":132,"commentCount":0,"publisher":{"@id":"https:\/\/biblioteka-gabin.pl\/#organization"},"image":{"@id":"http:\/\/biblioteka-gabin.pl\/index.php\/2026\/01\/14\/ferie-w-bibliotece-3\/#primaryimage"},"thumbnailUrl":"https:\/\/biblioteka-gabin.pl\/wp-content\/uploads\/2026\/01\/Zapraszamy-na.png","articleSection":["Main"],"inLanguage":"pl-PL","potentialAction":[{"@type":"CommentAction","name":"Comment","target":["http:\/\/biblioteka-gabin.pl\/index.php\/2026\/01\/14\/ferie-w-bibliotece-3\/#respond"]}]},{"@type":"WebPage","@id":"http:\/\/biblioteka-gabin.pl\/index.php\/2026\/01\/14\/ferie-w-bibliotece-3\/","url":"http:\/\/biblioteka-gabin.pl\/index.php\/2026\/01\/14\/ferie-w-bibliotece-3\/","name":"Ferie w bibliotece - Miejsko-Gminna Biblioteka Publiczna w G\u0105binie","isPartOf":{"@id":"https:\/\/biblioteka-gabin.pl\/#website"},"primaryImageOfPage":{"@id":"http:\/\/biblioteka-gabin.pl\/index.php\/2026\/01\/14\/ferie-w-bibliotece-3\/#primaryimage"},"image":{"@id":"http:\/\/biblioteka-gabin.pl\/index.php\/2026\/01\/14\/ferie-w-bibliotece-3\/#primaryimage"},"thumbnailUrl":"https:\/\/biblioteka-gabin.pl\/wp-content\/uploads\/2026\/01\/Zapraszamy-na.png","datePublished":"2026-01-14T13:55:32+00:00","dateModified":"2026-01-27T09:41:17+00:00","breadcrumb":{"@id":"http:\/\/biblioteka-gabin.pl\/index.php\/2026\/01\/14\/ferie-w-bibliotece-3\/#breadcrumb"},"inLanguage":"pl-PL","potentialAction":[{"@type":"ReadAction","target":["http:\/\/biblioteka-gabin.pl\/index.php\/2026\/01\/14\/ferie-w-bibliotece-3\/"]}]},{"@type":"ImageObject","inLanguage":"pl-PL","@id":"http:\/\/biblioteka-gabin.pl\/index.php\/2026\/01\/14\/ferie-w-bibliotece-3\/#primaryimage","url":"https:\/\/biblioteka-gabin.pl\/wp-content\/uploads\/2026\/01\/Zapraszamy-na.png","contentUrl":"https:\/\/biblioteka-gabin.pl\/wp-content\/uploads\/2026\/01\/Zapraszamy-na.png","width":1587,"height":2245},{"@type":"BreadcrumbList","@id":"http:\/\/biblioteka-gabin.pl\/index.php\/2026\/01\/14\/ferie-w-bibliotece-3\/#breadcrumb","itemListElement":[{"@type":"ListItem","position":1,"name":"Strona g\u0142\u00f3wna","item":"https:\/\/biblioteka-gabin.pl\/"},{"@type":"ListItem","position":2,"name":"Ferie w bibliotece"}]},{"@type":"WebSite","@id":"https:\/\/biblioteka-gabin.pl\/#website","url":"https:\/\/biblioteka-gabin.pl\/","name":"Miejsko-Gminna Biblioteka Publiczna w G\u0105binie","description":"","publisher":{"@id":"https:\/\/biblioteka-gabin.pl\/#organization"},"potentialAction":[{"@type":"SearchAction","target":{"@type":"EntryPoint","urlTemplate":"https:\/\/biblioteka-gabin.pl\/?s={search_term_string}"},"query-input":{"@type":"PropertyValueSpecification","valueRequired":true,"valueName":"search_term_string"}}],"inLanguage":"pl-PL"},{"@type":"Organization","@id":"https:\/\/biblioteka-gabin.pl\/#organization","name":"Miejsko-Gminna Biblioteka Publiczna w G\u0105binie","url":"https:\/\/biblioteka-gabin.pl\/","logo":{"@type":"ImageObject","inLanguage":"pl-PL","@id":"https:\/\/biblioteka-gabin.pl\/#\/schema\/logo\/image\/","url":"https:\/\/biblioteka-gabin.pl\/wp-content\/uploads\/2025\/03\/logo-biblioteka-2-1657013691-1.jpg","contentUrl":"https:\/\/biblioteka-gabin.pl\/wp-content\/uploads\/2025\/03\/logo-biblioteka-2-1657013691-1.jpg","width":1600,"height":772,"caption":"Miejsko-Gminna Biblioteka Publiczna w G\u0105binie"},"image":{"@id":"https:\/\/biblioteka-gabin.pl\/#\/schema\/logo\/image\/"},"sameAs":["https:\/\/www.facebook.com\/bibliotekagabin","https:\/\/www.youtube.com\/@mgbpgabin9392"]},{"@type":"Person","@id":"https:\/\/biblioteka-gabin.pl\/#\/schema\/person\/c6271403c55804b0c90b1abcdc89a4be","name":"j.olejniczak","image":{"@type":"ImageObject","inLanguage":"pl-PL","@id":"https:\/\/secure.gravatar.com\/avatar\/926a0e21a6bc9c5f3d8b7350eef4c1328c61093f6afee787beeac212421b433a?s=96&d=mm&r=g","url":"https:\/\/secure.gravatar.com\/avatar\/926a0e21a6bc9c5f3d8b7350eef4c1328c61093f6afee787beeac212421b433a?s=96&d=mm&r=g","contentUrl":"https:\/\/secure.gravatar.com\/avatar\/926a0e21a6bc9c5f3d8b7350eef4c1328c61093f6afee787beeac212421b433a?s=96&d=mm&r=g","caption":"j.olejniczak"},"sameAs":["http:\/\/www.biblioteka-gabin.pl"],"url":"https:\/\/biblioteka-gabin.pl\/index.php\/author\/j-olejniczak\/"}]}},"_links":{"self":[{"href":"https:\/\/biblioteka-gabin.pl\/index.php\/wp-json\/wp\/v2\/posts\/10104","targetHints":{"allow":["GET"]}}],"collection":[{"href":"https:\/\/biblioteka-gabin.pl\/index.php\/wp-json\/wp\/v2\/posts"}],"about":[{"href":"https:\/\/biblioteka-gabin.pl\/index.php\/wp-json\/wp\/v2\/types\/post"}],"author":[{"embeddable":true,"href":"https:\/\/biblioteka-gabin.pl\/index.php\/wp-json\/wp\/v2\/users\/5"}],"replies":[{"embeddable":true,"href":"https:\/\/biblioteka-gabin.pl\/index.php\/wp-json\/wp\/v2\/comments?post=10104"}],"version-history":[{"count":3,"href":"https:\/\/biblioteka-gabin.pl\/index.php\/wp-json\/wp\/v2\/posts\/10104\/revisions"}],"predecessor-version":[{"id":10204,"href":"https:\/\/biblioteka-gabin.pl\/index.php\/wp-json\/wp\/v2\/posts\/10104\/revisions\/10204"}],"wp:featuredmedia":[{"embeddable":true,"href":"https:\/\/biblioteka-gabin.pl\/index.php\/wp-json\/wp\/v2\/media\/10105"}],"wp:attachment":[{"href":"https:\/\/biblioteka-gabin.pl\/index.php\/wp-json\/wp\/v2\/media?parent=10104"}],"wp:term":[{"taxonomy":"category","embeddable":true,"href":"https:\/\/biblioteka-gabin.pl\/index.php\/wp-json\/wp\/v2\/categories?post=10104"},{"taxonomy":"post_tag","embeddable":true,"href":"https:\/\/biblioteka-gabin.pl\/index.php\/wp-json\/wp\/v2\/tags?post=10104"}],"curies":[{"name":"wp","href":"https:\/\/api.w.org\/{rel}","templated":true}]}}