{"id":10133,"date":"2026-01-18T17:29:12","date_gmt":"2026-01-18T17:29:12","guid":{"rendered":"https:\/\/biblioteka-gabin.pl\/?p=10133"},"modified":"2026-01-19T11:28:20","modified_gmt":"2026-01-19T11:28:20","slug":"opowiem-ci-bajke-ferie-w-filii-w-dobrzykowie","status":"publish","type":"post","link":"https:\/\/biblioteka-gabin.pl\/index.php\/2026\/01\/18\/opowiem-ci-bajke-ferie-w-filii-w-dobrzykowie\/","title":{"rendered":",,Opowiem Ci bajk\u0119&#8230;&#8221;. Ferie w Filii w Dobrzykowie"},"content":{"rendered":"\n\n\n<p>Drodzy Czytelnicy!!<\/p>\n\n\n\n<p>Serdecznie zapraszamy w dwie najbli\u017csze \u015brody (21 i 28 stycznia), w godz. 12.00-13.00 na Ferie do Filii Bibliotecznej w Dobrzykowie pt. ,,Opowiem Ci bajk\u0119&#8230;&#8221; . Na zaj\u0119ciach poznamy bli\u017cej termin ,,bajkoterapia&#8221;, kreatywne zabawy z wykorzystaniem ksi\u0105\u017cek i wykonamy prace plastyczne. <br><br>Spotkania w najbli\u017csz\u0105 \u015brod\u0119 b\u0119d\u0105 przygotowane dla dzieci w wieku 4-6 lat (obowi\u0105zkowa obecno\u015b\u0107 opiekuna) a w nast\u0119pn\u0105 dla &#8211; 7 i 8 latk\u00f3w.  Zaj\u0119cia ,,Opowiem Ci bajk\u0119&#8221; b\u0119d\u0105 w Filii bibliotecznej (budynek Szko\u0142y Podstawowej, wej\u015bcie od parkingu przy \u017b\u0142\u00f3bku ) przy ul. Obro\u0144c\u00f3w Dobrzykowa 65.<\/p>\n\n\n\n<p>Zg\u0142asza\u0107 mo\u017cna si\u0119 osobi\u015bcie (z osob\u0105 doros\u0142\u0105), telefonicznie (24-2771-035) i przez FB biblioteki.<\/p>\n\n\n\n<p>Zapraszamy!<\/p>\n\n\n\n<figure class=\"wp-block-image size-large\"><img decoding=\"async\" src=\"http:\/\/biblioteka-gabin.pl\/wp-content\/uploads\/2026\/01\/Ferie-w-Filii-2026-724x1024.jpg\" alt=\"\" class=\"wp-image-10134\" \/><\/figure>\n\n\n\n<div data-wp-interactive=\"core\/file\" class=\"wp-block-file\"><object data-wp-bind--hidden=\"!state.hasPdfPreview\" hidden class=\"wp-block-file__embed\" data=\"http:\/\/biblioteka-gabin.pl\/wp-content\/uploads\/2026\/01\/Regulamin-spotkan-Ferie-w-bibliotece.pdf\" type=\"application\/pdf\" style=\"width:100%;height:600px\" aria-label=\"Osadzone z Regulamin-spotkan-Ferie-w-bibliotece.\"><\/object><a id=\"wp-block-file--media-1853b459-801e-4c60-97a9-a907d308fe53\" href=\"http:\/\/biblioteka-gabin.pl\/wp-content\/uploads\/2026\/01\/Regulamin-spotkan-Ferie-w-bibliotece.pdf\">Regulamin-spotkan-Ferie-w-bibliotece<\/a><a href=\"http:\/\/biblioteka-gabin.pl\/wp-content\/uploads\/2026\/01\/Regulamin-spotkan-Ferie-w-bibliotece.pdf\" class=\"wp-block-file__button wp-element-button\" download aria-describedby=\"wp-block-file--media-1853b459-801e-4c60-97a9-a907d308fe53\">Pobierz<\/a><\/div>\n\n\n\n<div data-wp-interactive=\"core\/file\" class=\"wp-block-file\"><object data-wp-bind--hidden=\"!state.hasPdfPreview\" hidden class=\"wp-block-file__embed\" data=\"http:\/\/biblioteka-gabin.pl\/wp-content\/uploads\/2026\/01\/KARTA-ZGLOSZENIOWA-Ferie-w-bibliotece.pdf\" type=\"application\/pdf\" style=\"width:100%;height:600px\" aria-label=\"Osadzone z KARTA-ZGLOSZENIOWA-Ferie-w-bibliotece.\"><\/object><a id=\"wp-block-file--media-951e6e38-8cf1-4340-9be5-ff9a81efddd9\" href=\"http:\/\/biblioteka-gabin.pl\/wp-content\/uploads\/2026\/01\/KARTA-ZGLOSZENIOWA-Ferie-w-bibliotece.pdf\">KARTA-ZGLOSZENIOWA-Ferie-w-bibliotece<\/a><a href=\"http:\/\/biblioteka-gabin.pl\/wp-content\/uploads\/2026\/01\/KARTA-ZGLOSZENIOWA-Ferie-w-bibliotece.pdf\" class=\"wp-block-file__button wp-element-button\" download aria-describedby=\"wp-block-file--media-951e6e38-8cf1-4340-9be5-ff9a81efddd9\">Pobierz<\/a><\/div>\n","protected":false},"excerpt":{"rendered":"<p>Drodzy Czytelnicy!! Serdecznie zapraszamy w dwie najbli\u017csze \u015brody (21 i<\/p>\n","protected":false},"author":6,"featured_media":10134,"comment_status":"open","ping_status":"open","sticky":false,"template":"","format":"standard","meta":{"footnotes":""},"categories":[29,36],"tags":[],"class_list":["post-10133","post","type-post","status-publish","format-standard","has-post-thumbnail","hentry","category-filie","category-main"],"yoast_head":"<!-- This site is optimized with the Yoast SEO plugin v27.4 - https:\/\/yoast.com\/product\/yoast-seo-wordpress\/ -->\n<title>,,Opowiem Ci bajk\u0119...&quot;. Ferie w Filii w Dobrzykowie - Miejsko-Gminna Biblioteka Publiczna w G\u0105binie<\/title>\n<meta name=\"robots\" content=\"index, follow, max-snippet:-1, max-image-preview:large, max-video-preview:-1\" \/>\n<link rel=\"canonical\" href=\"http:\/\/biblioteka-gabin.pl\/index.php\/2026\/01\/18\/opowiem-ci-bajke-ferie-w-filii-w-dobrzykowie\/\" \/>\n<meta property=\"og:locale\" content=\"pl_PL\" \/>\n<meta property=\"og:type\" content=\"article\" \/>\n<meta property=\"og:title\" content=\",,Opowiem Ci bajk\u0119...&quot;. Ferie w Filii w Dobrzykowie - Miejsko-Gminna Biblioteka Publiczna w G\u0105binie\" \/>\n<meta property=\"og:description\" content=\"Drodzy Czytelnicy!! Serdecznie zapraszamy w dwie najbli\u017csze \u015brody (21 i\" \/>\n<meta property=\"og:url\" content=\"http:\/\/biblioteka-gabin.pl\/index.php\/2026\/01\/18\/opowiem-ci-bajke-ferie-w-filii-w-dobrzykowie\/\" \/>\n<meta property=\"og:site_name\" content=\"Miejsko-Gminna Biblioteka Publiczna w G\u0105binie\" \/>\n<meta property=\"article:publisher\" content=\"https:\/\/www.facebook.com\/bibliotekagabin\" \/>\n<meta property=\"article:published_time\" content=\"2026-01-18T17:29:12+00:00\" \/>\n<meta property=\"article:modified_time\" content=\"2026-01-19T11:28:20+00:00\" \/>\n<meta property=\"og:image\" content=\"http:\/\/biblioteka-gabin.pl\/wp-content\/uploads\/2026\/01\/Ferie-w-Filii-2026-e1768757309424.jpg\" \/>\n\t<meta property=\"og:image:width\" content=\"1080\" \/>\n\t<meta property=\"og:image:height\" content=\"514\" \/>\n\t<meta property=\"og:image:type\" content=\"image\/jpeg\" \/>\n<meta name=\"author\" content=\"k.kedzia\" \/>\n<meta name=\"twitter:card\" content=\"summary_large_image\" \/>\n<meta name=\"twitter:label1\" content=\"Napisane przez\" \/>\n\t<meta name=\"twitter:data1\" content=\"k.kedzia\" \/>\n\t<meta name=\"twitter:label2\" content=\"Szacowany czas czytania\" \/>\n\t<meta name=\"twitter:data2\" content=\"1 minuta\" \/>\n<script type=\"application\/ld+json\" class=\"yoast-schema-graph\">{\"@context\":\"https:\\\/\\\/schema.org\",\"@graph\":[{\"@type\":\"Article\",\"@id\":\"http:\\\/\\\/biblioteka-gabin.pl\\\/index.php\\\/2026\\\/01\\\/18\\\/opowiem-ci-bajke-ferie-w-filii-w-dobrzykowie\\\/#article\",\"isPartOf\":{\"@id\":\"http:\\\/\\\/biblioteka-gabin.pl\\\/index.php\\\/2026\\\/01\\\/18\\\/opowiem-ci-bajke-ferie-w-filii-w-dobrzykowie\\\/\"},\"author\":{\"name\":\"k.kedzia\",\"@id\":\"https:\\\/\\\/biblioteka-gabin.pl\\\/#\\\/schema\\\/person\\\/2cbe9ec31ab40d3dde521364eef03724\"},\"headline\":\",,Opowiem Ci bajk\u0119&#8230;&#8221;. Ferie w Filii w Dobrzykowie\",\"datePublished\":\"2026-01-18T17:29:12+00:00\",\"dateModified\":\"2026-01-19T11:28:20+00:00\",\"mainEntityOfPage\":{\"@id\":\"http:\\\/\\\/biblioteka-gabin.pl\\\/index.php\\\/2026\\\/01\\\/18\\\/opowiem-ci-bajke-ferie-w-filii-w-dobrzykowie\\\/\"},\"wordCount\":126,\"commentCount\":0,\"publisher\":{\"@id\":\"https:\\\/\\\/biblioteka-gabin.pl\\\/#organization\"},\"image\":{\"@id\":\"http:\\\/\\\/biblioteka-gabin.pl\\\/index.php\\\/2026\\\/01\\\/18\\\/opowiem-ci-bajke-ferie-w-filii-w-dobrzykowie\\\/#primaryimage\"},\"thumbnailUrl\":\"https:\\\/\\\/biblioteka-gabin.pl\\\/wp-content\\\/uploads\\\/2026\\\/01\\\/Ferie-w-Filii-2026-e1768757309424.jpg\",\"articleSection\":[\"Filie\",\"Main\"],\"inLanguage\":\"pl-PL\",\"potentialAction\":[{\"@type\":\"CommentAction\",\"name\":\"Comment\",\"target\":[\"http:\\\/\\\/biblioteka-gabin.pl\\\/index.php\\\/2026\\\/01\\\/18\\\/opowiem-ci-bajke-ferie-w-filii-w-dobrzykowie\\\/#respond\"]}]},{\"@type\":\"WebPage\",\"@id\":\"http:\\\/\\\/biblioteka-gabin.pl\\\/index.php\\\/2026\\\/01\\\/18\\\/opowiem-ci-bajke-ferie-w-filii-w-dobrzykowie\\\/\",\"url\":\"http:\\\/\\\/biblioteka-gabin.pl\\\/index.php\\\/2026\\\/01\\\/18\\\/opowiem-ci-bajke-ferie-w-filii-w-dobrzykowie\\\/\",\"name\":\",,Opowiem Ci bajk\u0119...\\\". Ferie w Filii w Dobrzykowie - Miejsko-Gminna Biblioteka Publiczna w G\u0105binie\",\"isPartOf\":{\"@id\":\"https:\\\/\\\/biblioteka-gabin.pl\\\/#website\"},\"primaryImageOfPage\":{\"@id\":\"http:\\\/\\\/biblioteka-gabin.pl\\\/index.php\\\/2026\\\/01\\\/18\\\/opowiem-ci-bajke-ferie-w-filii-w-dobrzykowie\\\/#primaryimage\"},\"image\":{\"@id\":\"http:\\\/\\\/biblioteka-gabin.pl\\\/index.php\\\/2026\\\/01\\\/18\\\/opowiem-ci-bajke-ferie-w-filii-w-dobrzykowie\\\/#primaryimage\"},\"thumbnailUrl\":\"https:\\\/\\\/biblioteka-gabin.pl\\\/wp-content\\\/uploads\\\/2026\\\/01\\\/Ferie-w-Filii-2026-e1768757309424.jpg\",\"datePublished\":\"2026-01-18T17:29:12+00:00\",\"dateModified\":\"2026-01-19T11:28:20+00:00\",\"breadcrumb\":{\"@id\":\"http:\\\/\\\/biblioteka-gabin.pl\\\/index.php\\\/2026\\\/01\\\/18\\\/opowiem-ci-bajke-ferie-w-filii-w-dobrzykowie\\\/#breadcrumb\"},\"inLanguage\":\"pl-PL\",\"potentialAction\":[{\"@type\":\"ReadAction\",\"target\":[\"http:\\\/\\\/biblioteka-gabin.pl\\\/index.php\\\/2026\\\/01\\\/18\\\/opowiem-ci-bajke-ferie-w-filii-w-dobrzykowie\\\/\"]}]},{\"@type\":\"ImageObject\",\"inLanguage\":\"pl-PL\",\"@id\":\"http:\\\/\\\/biblioteka-gabin.pl\\\/index.php\\\/2026\\\/01\\\/18\\\/opowiem-ci-bajke-ferie-w-filii-w-dobrzykowie\\\/#primaryimage\",\"url\":\"https:\\\/\\\/biblioteka-gabin.pl\\\/wp-content\\\/uploads\\\/2026\\\/01\\\/Ferie-w-Filii-2026-e1768757309424.jpg\",\"contentUrl\":\"https:\\\/\\\/biblioteka-gabin.pl\\\/wp-content\\\/uploads\\\/2026\\\/01\\\/Ferie-w-Filii-2026-e1768757309424.jpg\",\"width\":1080,\"height\":514},{\"@type\":\"BreadcrumbList\",\"@id\":\"http:\\\/\\\/biblioteka-gabin.pl\\\/index.php\\\/2026\\\/01\\\/18\\\/opowiem-ci-bajke-ferie-w-filii-w-dobrzykowie\\\/#breadcrumb\",\"itemListElement\":[{\"@type\":\"ListItem\",\"position\":1,\"name\":\"Strona g\u0142\u00f3wna\",\"item\":\"https:\\\/\\\/biblioteka-gabin.pl\\\/\"},{\"@type\":\"ListItem\",\"position\":2,\"name\":\",,Opowiem Ci bajk\u0119&#8230;&#8221;. Ferie w Filii w Dobrzykowie\"}]},{\"@type\":\"WebSite\",\"@id\":\"https:\\\/\\\/biblioteka-gabin.pl\\\/#website\",\"url\":\"https:\\\/\\\/biblioteka-gabin.pl\\\/\",\"name\":\"Miejsko-Gminna Biblioteka Publiczna w G\u0105binie\",\"description\":\"\",\"publisher\":{\"@id\":\"https:\\\/\\\/biblioteka-gabin.pl\\\/#organization\"},\"potentialAction\":[{\"@type\":\"SearchAction\",\"target\":{\"@type\":\"EntryPoint\",\"urlTemplate\":\"https:\\\/\\\/biblioteka-gabin.pl\\\/?s={search_term_string}\"},\"query-input\":{\"@type\":\"PropertyValueSpecification\",\"valueRequired\":true,\"valueName\":\"search_term_string\"}}],\"inLanguage\":\"pl-PL\"},{\"@type\":\"Organization\",\"@id\":\"https:\\\/\\\/biblioteka-gabin.pl\\\/#organization\",\"name\":\"Miejsko-Gminna Biblioteka Publiczna w G\u0105binie\",\"url\":\"https:\\\/\\\/biblioteka-gabin.pl\\\/\",\"logo\":{\"@type\":\"ImageObject\",\"inLanguage\":\"pl-PL\",\"@id\":\"https:\\\/\\\/biblioteka-gabin.pl\\\/#\\\/schema\\\/logo\\\/image\\\/\",\"url\":\"https:\\\/\\\/biblioteka-gabin.pl\\\/wp-content\\\/uploads\\\/2025\\\/03\\\/logo-biblioteka-2-1657013691-1.jpg\",\"contentUrl\":\"https:\\\/\\\/biblioteka-gabin.pl\\\/wp-content\\\/uploads\\\/2025\\\/03\\\/logo-biblioteka-2-1657013691-1.jpg\",\"width\":1600,\"height\":772,\"caption\":\"Miejsko-Gminna Biblioteka Publiczna w G\u0105binie\"},\"image\":{\"@id\":\"https:\\\/\\\/biblioteka-gabin.pl\\\/#\\\/schema\\\/logo\\\/image\\\/\"},\"sameAs\":[\"https:\\\/\\\/www.facebook.com\\\/bibliotekagabin\",\"https:\\\/\\\/www.youtube.com\\\/@mgbpgabin9392\"]},{\"@type\":\"Person\",\"@id\":\"https:\\\/\\\/biblioteka-gabin.pl\\\/#\\\/schema\\\/person\\\/2cbe9ec31ab40d3dde521364eef03724\",\"name\":\"k.kedzia\",\"image\":{\"@type\":\"ImageObject\",\"inLanguage\":\"pl-PL\",\"@id\":\"https:\\\/\\\/secure.gravatar.com\\\/avatar\\\/a33219e29a43e193a2e044bd0ca8c26c9358ca5f2dc72ecdeb69dc112abbba73?s=96&d=mm&r=g\",\"url\":\"https:\\\/\\\/secure.gravatar.com\\\/avatar\\\/a33219e29a43e193a2e044bd0ca8c26c9358ca5f2dc72ecdeb69dc112abbba73?s=96&d=mm&r=g\",\"contentUrl\":\"https:\\\/\\\/secure.gravatar.com\\\/avatar\\\/a33219e29a43e193a2e044bd0ca8c26c9358ca5f2dc72ecdeb69dc112abbba73?s=96&d=mm&r=g\",\"caption\":\"k.kedzia\"},\"sameAs\":[\"http:\\\/\\\/www.biblioteka-gabin.pl\"],\"url\":\"https:\\\/\\\/biblioteka-gabin.pl\\\/index.php\\\/author\\\/k-kedzia\\\/\"}]}<\/script>\n<!-- \/ Yoast SEO plugin. -->","yoast_head_json":{"title":",,Opowiem Ci bajk\u0119...\". Ferie w Filii w Dobrzykowie - Miejsko-Gminna Biblioteka Publiczna w G\u0105binie","robots":{"index":"index","follow":"follow","max-snippet":"max-snippet:-1","max-image-preview":"max-image-preview:large","max-video-preview":"max-video-preview:-1"},"canonical":"http:\/\/biblioteka-gabin.pl\/index.php\/2026\/01\/18\/opowiem-ci-bajke-ferie-w-filii-w-dobrzykowie\/","og_locale":"pl_PL","og_type":"article","og_title":",,Opowiem Ci bajk\u0119...\". Ferie w Filii w Dobrzykowie - Miejsko-Gminna Biblioteka Publiczna w G\u0105binie","og_description":"Drodzy Czytelnicy!! Serdecznie zapraszamy w dwie najbli\u017csze \u015brody (21 i","og_url":"http:\/\/biblioteka-gabin.pl\/index.php\/2026\/01\/18\/opowiem-ci-bajke-ferie-w-filii-w-dobrzykowie\/","og_site_name":"Miejsko-Gminna Biblioteka Publiczna w G\u0105binie","article_publisher":"https:\/\/www.facebook.com\/bibliotekagabin","article_published_time":"2026-01-18T17:29:12+00:00","article_modified_time":"2026-01-19T11:28:20+00:00","og_image":[{"width":1080,"height":514,"url":"http:\/\/biblioteka-gabin.pl\/wp-content\/uploads\/2026\/01\/Ferie-w-Filii-2026-e1768757309424.jpg","type":"image\/jpeg"}],"author":"k.kedzia","twitter_card":"summary_large_image","twitter_misc":{"Napisane przez":"k.kedzia","Szacowany czas czytania":"1 minuta"},"schema":{"@context":"https:\/\/schema.org","@graph":[{"@type":"Article","@id":"http:\/\/biblioteka-gabin.pl\/index.php\/2026\/01\/18\/opowiem-ci-bajke-ferie-w-filii-w-dobrzykowie\/#article","isPartOf":{"@id":"http:\/\/biblioteka-gabin.pl\/index.php\/2026\/01\/18\/opowiem-ci-bajke-ferie-w-filii-w-dobrzykowie\/"},"author":{"name":"k.kedzia","@id":"https:\/\/biblioteka-gabin.pl\/#\/schema\/person\/2cbe9ec31ab40d3dde521364eef03724"},"headline":",,Opowiem Ci bajk\u0119&#8230;&#8221;. Ferie w Filii w Dobrzykowie","datePublished":"2026-01-18T17:29:12+00:00","dateModified":"2026-01-19T11:28:20+00:00","mainEntityOfPage":{"@id":"http:\/\/biblioteka-gabin.pl\/index.php\/2026\/01\/18\/opowiem-ci-bajke-ferie-w-filii-w-dobrzykowie\/"},"wordCount":126,"commentCount":0,"publisher":{"@id":"https:\/\/biblioteka-gabin.pl\/#organization"},"image":{"@id":"http:\/\/biblioteka-gabin.pl\/index.php\/2026\/01\/18\/opowiem-ci-bajke-ferie-w-filii-w-dobrzykowie\/#primaryimage"},"thumbnailUrl":"https:\/\/biblioteka-gabin.pl\/wp-content\/uploads\/2026\/01\/Ferie-w-Filii-2026-e1768757309424.jpg","articleSection":["Filie","Main"],"inLanguage":"pl-PL","potentialAction":[{"@type":"CommentAction","name":"Comment","target":["http:\/\/biblioteka-gabin.pl\/index.php\/2026\/01\/18\/opowiem-ci-bajke-ferie-w-filii-w-dobrzykowie\/#respond"]}]},{"@type":"WebPage","@id":"http:\/\/biblioteka-gabin.pl\/index.php\/2026\/01\/18\/opowiem-ci-bajke-ferie-w-filii-w-dobrzykowie\/","url":"http:\/\/biblioteka-gabin.pl\/index.php\/2026\/01\/18\/opowiem-ci-bajke-ferie-w-filii-w-dobrzykowie\/","name":",,Opowiem Ci bajk\u0119...\". Ferie w Filii w Dobrzykowie - Miejsko-Gminna Biblioteka Publiczna w G\u0105binie","isPartOf":{"@id":"https:\/\/biblioteka-gabin.pl\/#website"},"primaryImageOfPage":{"@id":"http:\/\/biblioteka-gabin.pl\/index.php\/2026\/01\/18\/opowiem-ci-bajke-ferie-w-filii-w-dobrzykowie\/#primaryimage"},"image":{"@id":"http:\/\/biblioteka-gabin.pl\/index.php\/2026\/01\/18\/opowiem-ci-bajke-ferie-w-filii-w-dobrzykowie\/#primaryimage"},"thumbnailUrl":"https:\/\/biblioteka-gabin.pl\/wp-content\/uploads\/2026\/01\/Ferie-w-Filii-2026-e1768757309424.jpg","datePublished":"2026-01-18T17:29:12+00:00","dateModified":"2026-01-19T11:28:20+00:00","breadcrumb":{"@id":"http:\/\/biblioteka-gabin.pl\/index.php\/2026\/01\/18\/opowiem-ci-bajke-ferie-w-filii-w-dobrzykowie\/#breadcrumb"},"inLanguage":"pl-PL","potentialAction":[{"@type":"ReadAction","target":["http:\/\/biblioteka-gabin.pl\/index.php\/2026\/01\/18\/opowiem-ci-bajke-ferie-w-filii-w-dobrzykowie\/"]}]},{"@type":"ImageObject","inLanguage":"pl-PL","@id":"http:\/\/biblioteka-gabin.pl\/index.php\/2026\/01\/18\/opowiem-ci-bajke-ferie-w-filii-w-dobrzykowie\/#primaryimage","url":"https:\/\/biblioteka-gabin.pl\/wp-content\/uploads\/2026\/01\/Ferie-w-Filii-2026-e1768757309424.jpg","contentUrl":"https:\/\/biblioteka-gabin.pl\/wp-content\/uploads\/2026\/01\/Ferie-w-Filii-2026-e1768757309424.jpg","width":1080,"height":514},{"@type":"BreadcrumbList","@id":"http:\/\/biblioteka-gabin.pl\/index.php\/2026\/01\/18\/opowiem-ci-bajke-ferie-w-filii-w-dobrzykowie\/#breadcrumb","itemListElement":[{"@type":"ListItem","position":1,"name":"Strona g\u0142\u00f3wna","item":"https:\/\/biblioteka-gabin.pl\/"},{"@type":"ListItem","position":2,"name":",,Opowiem Ci bajk\u0119&#8230;&#8221;. Ferie w Filii w Dobrzykowie"}]},{"@type":"WebSite","@id":"https:\/\/biblioteka-gabin.pl\/#website","url":"https:\/\/biblioteka-gabin.pl\/","name":"Miejsko-Gminna Biblioteka Publiczna w G\u0105binie","description":"","publisher":{"@id":"https:\/\/biblioteka-gabin.pl\/#organization"},"potentialAction":[{"@type":"SearchAction","target":{"@type":"EntryPoint","urlTemplate":"https:\/\/biblioteka-gabin.pl\/?s={search_term_string}"},"query-input":{"@type":"PropertyValueSpecification","valueRequired":true,"valueName":"search_term_string"}}],"inLanguage":"pl-PL"},{"@type":"Organization","@id":"https:\/\/biblioteka-gabin.pl\/#organization","name":"Miejsko-Gminna Biblioteka Publiczna w G\u0105binie","url":"https:\/\/biblioteka-gabin.pl\/","logo":{"@type":"ImageObject","inLanguage":"pl-PL","@id":"https:\/\/biblioteka-gabin.pl\/#\/schema\/logo\/image\/","url":"https:\/\/biblioteka-gabin.pl\/wp-content\/uploads\/2025\/03\/logo-biblioteka-2-1657013691-1.jpg","contentUrl":"https:\/\/biblioteka-gabin.pl\/wp-content\/uploads\/2025\/03\/logo-biblioteka-2-1657013691-1.jpg","width":1600,"height":772,"caption":"Miejsko-Gminna Biblioteka Publiczna w G\u0105binie"},"image":{"@id":"https:\/\/biblioteka-gabin.pl\/#\/schema\/logo\/image\/"},"sameAs":["https:\/\/www.facebook.com\/bibliotekagabin","https:\/\/www.youtube.com\/@mgbpgabin9392"]},{"@type":"Person","@id":"https:\/\/biblioteka-gabin.pl\/#\/schema\/person\/2cbe9ec31ab40d3dde521364eef03724","name":"k.kedzia","image":{"@type":"ImageObject","inLanguage":"pl-PL","@id":"https:\/\/secure.gravatar.com\/avatar\/a33219e29a43e193a2e044bd0ca8c26c9358ca5f2dc72ecdeb69dc112abbba73?s=96&d=mm&r=g","url":"https:\/\/secure.gravatar.com\/avatar\/a33219e29a43e193a2e044bd0ca8c26c9358ca5f2dc72ecdeb69dc112abbba73?s=96&d=mm&r=g","contentUrl":"https:\/\/secure.gravatar.com\/avatar\/a33219e29a43e193a2e044bd0ca8c26c9358ca5f2dc72ecdeb69dc112abbba73?s=96&d=mm&r=g","caption":"k.kedzia"},"sameAs":["http:\/\/www.biblioteka-gabin.pl"],"url":"https:\/\/biblioteka-gabin.pl\/index.php\/author\/k-kedzia\/"}]}},"_links":{"self":[{"href":"https:\/\/biblioteka-gabin.pl\/index.php\/wp-json\/wp\/v2\/posts\/10133","targetHints":{"allow":["GET"]}}],"collection":[{"href":"https:\/\/biblioteka-gabin.pl\/index.php\/wp-json\/wp\/v2\/posts"}],"about":[{"href":"https:\/\/biblioteka-gabin.pl\/index.php\/wp-json\/wp\/v2\/types\/post"}],"author":[{"embeddable":true,"href":"https:\/\/biblioteka-gabin.pl\/index.php\/wp-json\/wp\/v2\/users\/6"}],"replies":[{"embeddable":true,"href":"https:\/\/biblioteka-gabin.pl\/index.php\/wp-json\/wp\/v2\/comments?post=10133"}],"version-history":[{"count":2,"href":"https:\/\/biblioteka-gabin.pl\/index.php\/wp-json\/wp\/v2\/posts\/10133\/revisions"}],"predecessor-version":[{"id":10140,"href":"https:\/\/biblioteka-gabin.pl\/index.php\/wp-json\/wp\/v2\/posts\/10133\/revisions\/10140"}],"wp:featuredmedia":[{"embeddable":true,"href":"https:\/\/biblioteka-gabin.pl\/index.php\/wp-json\/wp\/v2\/media\/10134"}],"wp:attachment":[{"href":"https:\/\/biblioteka-gabin.pl\/index.php\/wp-json\/wp\/v2\/media?parent=10133"}],"wp:term":[{"taxonomy":"category","embeddable":true,"href":"https:\/\/biblioteka-gabin.pl\/index.php\/wp-json\/wp\/v2\/categories?post=10133"},{"taxonomy":"post_tag","embeddable":true,"href":"https:\/\/biblioteka-gabin.pl\/index.php\/wp-json\/wp\/v2\/tags?post=10133"}],"curies":[{"name":"wp","href":"https:\/\/api.w.org\/{rel}","templated":true}]}}