{"id":10870,"date":"2026-04-22T12:23:28","date_gmt":"2026-04-22T12:23:28","guid":{"rendered":"https:\/\/biblioteka-gabin.pl\/?p=10870"},"modified":"2026-04-22T12:23:30","modified_gmt":"2026-04-22T12:23:30","slug":"spotkanie-z-bajka-w-oddziale-przedszkolnym-przy-szkole-podstawowej-w-czermnie-20-04-2026","status":"publish","type":"post","link":"https:\/\/biblioteka-gabin.pl\/index.php\/2026\/04\/22\/spotkanie-z-bajka-w-oddziale-przedszkolnym-przy-szkole-podstawowej-w-czermnie-20-04-2026\/","title":{"rendered":"&#8222;Spotkanie z bajk\u0105&#8221; w Oddziale Przedszkolnym przy Szkole Podstawowej w Czermnie (20.04.2026)"},"content":{"rendered":"\n<p>W poniedzia\u0142kowe przedpo\u0142udnie spotka\u0142am si\u0119 z grup\u0105 przedszkolak\u00f3w, z kt\u00f3rymi porozmawia\u0142am na temat pomagania i dzielenia si\u0119 z innymi. Przeczyta\u0142am dzieciom bajk\u0119 S. Halls pt. \u201eZa du\u017co orzech\u00f3w\u201d. Opowie\u015b\u0107 opisywa\u0142a losy ma\u0142ej bohaterki-wiewi\u00f3rki, kt\u00f3ra mimo zgromadzonych zapas\u00f3w na zim\u0119, nie zawaha\u0142a si\u0119 pom\u00f3c swoim przyjacio\u0142om w potrzebie. Wiewi\u00f3rka dzieli\u0142a si\u0119 swoimi orzechami z innymi zwierz\u0119tami, kt\u00f3re znalaz\u0142y si\u0119 w trudnej sytuacji, pokazuj\u0105c tym samym, jak wa\u017cne s\u0105 empatia, \u017cyczliwo\u015b\u0107 i gotowo\u015b\u0107 do niesienia pomocy. Dzieci uwa\u017cnie wys\u0142ucha\u0142y przeczytanej przeze mnie bajki. Po jej zako\u0144czeniu przeszli\u015bmy do kr\u00f3tkiej rozmowy, wsp\u00f3lnie zastanawiali\u015bmy czy my te\u017c by\u015bmy si\u0119 tak zachowali. Podkre\u015bli\u0142am, \u017ce pomaganie nie zawsze musi wi\u0105za\u0107 si\u0119 z du\u017cym po\u015bwi\u0119ceniem- czasem wystarczy drobny gest, dobre s\u0142owo lub ch\u0119\u0107 wsparcia.<\/p>\n\n\n\n<p>Dodatkowo przeczyta\u0142am tak\u017ce ksi\u0105\u017ck\u0119 T. Percivala pt. \u201eSzcz\u0119\u015bliwy p\u0142aszcz kozio\u0142ka\u201d, kt\u00f3ra tak\u017ce znakomicie wpasowa\u0142a si\u0119 w dany temat.<\/p>\n\n\n\n<p>&nbsp;To spotkanie pozostawi\u0142o wiele pozytywnych wra\u017ce\u0144 i z pewno\u015bci\u0105 pozostanie w naszych g\u0142owach.<\/p>\n\n\n\n<p>Dzi\u0119kuj\u0119 wszystkim za mi\u0142\u0105 przygod\u0119, kt\u00f3r\u0105 prze\u017cywam za ka\u017cdym razem, gdy jestem tam z Wami.<\/p>\n\n\n\n<p>&nbsp;&nbsp;&nbsp;&nbsp;&nbsp;&nbsp;&nbsp;&nbsp;&nbsp;&nbsp;&nbsp;&nbsp;&nbsp;&nbsp;&nbsp;&nbsp;&nbsp; &nbsp;&nbsp;&nbsp;&nbsp;&nbsp;&nbsp;&nbsp;&nbsp;&nbsp;&nbsp;&nbsp;&nbsp;&nbsp;&nbsp;&nbsp;&nbsp;&nbsp;&nbsp;&nbsp;&nbsp;&nbsp;&nbsp;&nbsp;&nbsp;&nbsp;&nbsp;&nbsp;&nbsp;&nbsp;&nbsp;&nbsp;&nbsp;&nbsp;&nbsp;&nbsp;&nbsp;Opr. Joanna Olejniczak<\/p>\n\n\n\n<figure class=\"wp-block-image size-large\"><img loading=\"lazy\" decoding=\"async\" width=\"593\" height=\"1024\" src=\"https:\/\/biblioteka-gabin.pl\/wp-content\/uploads\/2026\/04\/sw2tBDDB-593x1024.jpg\" alt=\"\" class=\"wp-image-10871\" srcset=\"https:\/\/biblioteka-gabin.pl\/wp-content\/uploads\/2026\/04\/sw2tBDDB-593x1024.jpg 593w, https:\/\/biblioteka-gabin.pl\/wp-content\/uploads\/2026\/04\/sw2tBDDB-174x300.jpg 174w, https:\/\/biblioteka-gabin.pl\/wp-content\/uploads\/2026\/04\/sw2tBDDB-768x1327.jpg 768w, https:\/\/biblioteka-gabin.pl\/wp-content\/uploads\/2026\/04\/sw2tBDDB-889x1536.jpg 889w, https:\/\/biblioteka-gabin.pl\/wp-content\/uploads\/2026\/04\/sw2tBDDB-1024x1770.jpg 1024w, https:\/\/biblioteka-gabin.pl\/wp-content\/uploads\/2026\/04\/sw2tBDDB.jpg 1184w\" sizes=\"auto, (max-width: 593px) 100vw, 593px\" \/><\/figure>\n\n\n\n<figure class=\"wp-block-image size-large\"><img loading=\"lazy\" decoding=\"async\" width=\"578\" height=\"1024\" src=\"https:\/\/biblioteka-gabin.pl\/wp-content\/uploads\/2026\/04\/E3RQ3wMX-578x1024.jpg\" alt=\"\" class=\"wp-image-10872\" srcset=\"https:\/\/biblioteka-gabin.pl\/wp-content\/uploads\/2026\/04\/E3RQ3wMX-578x1024.jpg 578w, https:\/\/biblioteka-gabin.pl\/wp-content\/uploads\/2026\/04\/E3RQ3wMX-169x300.jpg 169w, https:\/\/biblioteka-gabin.pl\/wp-content\/uploads\/2026\/04\/E3RQ3wMX-768x1361.jpg 768w, https:\/\/biblioteka-gabin.pl\/wp-content\/uploads\/2026\/04\/E3RQ3wMX-867x1536.jpg 867w, https:\/\/biblioteka-gabin.pl\/wp-content\/uploads\/2026\/04\/E3RQ3wMX-1024x1815.jpg 1024w, https:\/\/biblioteka-gabin.pl\/wp-content\/uploads\/2026\/04\/E3RQ3wMX.jpg 1156w\" sizes=\"auto, (max-width: 578px) 100vw, 578px\" \/><\/figure>\n\n\n\n<figure class=\"wp-block-image size-large\"><img loading=\"lazy\" decoding=\"async\" width=\"578\" height=\"1024\" src=\"https:\/\/biblioteka-gabin.pl\/wp-content\/uploads\/2026\/04\/GJiwne7I-578x1024.jpg\" alt=\"\" class=\"wp-image-10873\" srcset=\"https:\/\/biblioteka-gabin.pl\/wp-content\/uploads\/2026\/04\/GJiwne7I-578x1024.jpg 578w, https:\/\/biblioteka-gabin.pl\/wp-content\/uploads\/2026\/04\/GJiwne7I-169x300.jpg 169w, https:\/\/biblioteka-gabin.pl\/wp-content\/uploads\/2026\/04\/GJiwne7I-768x1361.jpg 768w, https:\/\/biblioteka-gabin.pl\/wp-content\/uploads\/2026\/04\/GJiwne7I-867x1536.jpg 867w, https:\/\/biblioteka-gabin.pl\/wp-content\/uploads\/2026\/04\/GJiwne7I-1024x1815.jpg 1024w, https:\/\/biblioteka-gabin.pl\/wp-content\/uploads\/2026\/04\/GJiwne7I.jpg 1156w\" sizes=\"auto, (max-width: 578px) 100vw, 578px\" \/><\/figure>\n\n\n\n<figure class=\"wp-block-image size-large\"><img loading=\"lazy\" decoding=\"async\" width=\"578\" height=\"1024\" src=\"https:\/\/biblioteka-gabin.pl\/wp-content\/uploads\/2026\/04\/glohgAYh-578x1024.jpg\" alt=\"\" class=\"wp-image-10874\" srcset=\"https:\/\/biblioteka-gabin.pl\/wp-content\/uploads\/2026\/04\/glohgAYh-578x1024.jpg 578w, https:\/\/biblioteka-gabin.pl\/wp-content\/uploads\/2026\/04\/glohgAYh-169x300.jpg 169w, https:\/\/biblioteka-gabin.pl\/wp-content\/uploads\/2026\/04\/glohgAYh-768x1361.jpg 768w, https:\/\/biblioteka-gabin.pl\/wp-content\/uploads\/2026\/04\/glohgAYh-867x1536.jpg 867w, https:\/\/biblioteka-gabin.pl\/wp-content\/uploads\/2026\/04\/glohgAYh-1024x1815.jpg 1024w, https:\/\/biblioteka-gabin.pl\/wp-content\/uploads\/2026\/04\/glohgAYh.jpg 1156w\" sizes=\"auto, (max-width: 578px) 100vw, 578px\" \/><\/figure>\n\n\n\n<figure class=\"wp-block-image size-large\"><img loading=\"lazy\" decoding=\"async\" width=\"578\" height=\"1024\" src=\"https:\/\/biblioteka-gabin.pl\/wp-content\/uploads\/2026\/04\/sMPtBUMn-578x1024.jpg\" alt=\"\" class=\"wp-image-10875\" srcset=\"https:\/\/biblioteka-gabin.pl\/wp-content\/uploads\/2026\/04\/sMPtBUMn-578x1024.jpg 578w, https:\/\/biblioteka-gabin.pl\/wp-content\/uploads\/2026\/04\/sMPtBUMn-169x300.jpg 169w, https:\/\/biblioteka-gabin.pl\/wp-content\/uploads\/2026\/04\/sMPtBUMn-768x1361.jpg 768w, https:\/\/biblioteka-gabin.pl\/wp-content\/uploads\/2026\/04\/sMPtBUMn-867x1536.jpg 867w, https:\/\/biblioteka-gabin.pl\/wp-content\/uploads\/2026\/04\/sMPtBUMn-1024x1815.jpg 1024w, https:\/\/biblioteka-gabin.pl\/wp-content\/uploads\/2026\/04\/sMPtBUMn.jpg 1156w\" sizes=\"auto, (max-width: 578px) 100vw, 578px\" \/><\/figure>\n\n\n\n<figure class=\"wp-block-image size-large\"><img loading=\"lazy\" decoding=\"async\" width=\"578\" height=\"1024\" src=\"https:\/\/biblioteka-gabin.pl\/wp-content\/uploads\/2026\/04\/zayghzRW-578x1024.jpg\" alt=\"\" class=\"wp-image-10876\" srcset=\"https:\/\/biblioteka-gabin.pl\/wp-content\/uploads\/2026\/04\/zayghzRW-578x1024.jpg 578w, https:\/\/biblioteka-gabin.pl\/wp-content\/uploads\/2026\/04\/zayghzRW-169x300.jpg 169w, https:\/\/biblioteka-gabin.pl\/wp-content\/uploads\/2026\/04\/zayghzRW-768x1361.jpg 768w, https:\/\/biblioteka-gabin.pl\/wp-content\/uploads\/2026\/04\/zayghzRW-867x1536.jpg 867w, https:\/\/biblioteka-gabin.pl\/wp-content\/uploads\/2026\/04\/zayghzRW-1024x1815.jpg 1024w, https:\/\/biblioteka-gabin.pl\/wp-content\/uploads\/2026\/04\/zayghzRW.jpg 1156w\" sizes=\"auto, (max-width: 578px) 100vw, 578px\" \/><\/figure>\n\n\n\n<p><\/p>\n","protected":false},"excerpt":{"rendered":"<p>W poniedzia\u0142kowe przedpo\u0142udnie spotka\u0142am si\u0119 z grup\u0105 przedszkolak\u00f3w, z kt\u00f3rymi<\/p>\n","protected":false},"author":5,"featured_media":10871,"comment_status":"open","ping_status":"open","sticky":false,"template":"","format":"standard","meta":{"footnotes":""},"categories":[37,36],"tags":[],"class_list":["post-10870","post","type-post","status-publish","format-standard","has-post-thumbnail","hentry","category-galeria","category-main"],"yoast_head":"<!-- This site is optimized with the Yoast SEO plugin v27.4 - https:\/\/yoast.com\/product\/yoast-seo-wordpress\/ -->\n<title>&quot;Spotkanie z bajk\u0105&quot; w Oddziale Przedszkolnym przy Szkole Podstawowej w Czermnie (20.04.2026) - Miejsko-Gminna Biblioteka Publiczna w G\u0105binie<\/title>\n<meta name=\"robots\" content=\"index, follow, max-snippet:-1, max-image-preview:large, max-video-preview:-1\" \/>\n<link rel=\"canonical\" href=\"http:\/\/biblioteka-gabin.pl\/index.php\/2026\/04\/22\/spotkanie-z-bajka-w-oddziale-przedszkolnym-przy-szkole-podstawowej-w-czermnie-20-04-2026\/\" \/>\n<meta property=\"og:locale\" content=\"pl_PL\" \/>\n<meta property=\"og:type\" content=\"article\" \/>\n<meta property=\"og:title\" content=\"&quot;Spotkanie z bajk\u0105&quot; w Oddziale Przedszkolnym przy Szkole Podstawowej w Czermnie (20.04.2026) - Miejsko-Gminna Biblioteka Publiczna w G\u0105binie\" \/>\n<meta property=\"og:description\" content=\"W poniedzia\u0142kowe przedpo\u0142udnie spotka\u0142am si\u0119 z grup\u0105 przedszkolak\u00f3w, z kt\u00f3rymi\" \/>\n<meta property=\"og:url\" content=\"http:\/\/biblioteka-gabin.pl\/index.php\/2026\/04\/22\/spotkanie-z-bajka-w-oddziale-przedszkolnym-przy-szkole-podstawowej-w-czermnie-20-04-2026\/\" \/>\n<meta property=\"og:site_name\" content=\"Miejsko-Gminna Biblioteka Publiczna w G\u0105binie\" \/>\n<meta property=\"article:publisher\" content=\"https:\/\/www.facebook.com\/bibliotekagabin\" \/>\n<meta property=\"article:published_time\" content=\"2026-04-22T12:23:28+00:00\" \/>\n<meta property=\"article:modified_time\" content=\"2026-04-22T12:23:30+00:00\" \/>\n<meta property=\"og:image\" content=\"http:\/\/biblioteka-gabin.pl\/wp-content\/uploads\/2026\/04\/sw2tBDDB.jpg\" \/>\n\t<meta property=\"og:image:width\" content=\"1184\" \/>\n\t<meta property=\"og:image:height\" content=\"2046\" \/>\n\t<meta property=\"og:image:type\" content=\"image\/jpeg\" \/>\n<meta name=\"author\" content=\"j.olejniczak\" \/>\n<meta name=\"twitter:card\" content=\"summary_large_image\" \/>\n<meta name=\"twitter:label1\" content=\"Napisane przez\" \/>\n\t<meta name=\"twitter:data1\" content=\"j.olejniczak\" \/>\n\t<meta name=\"twitter:label2\" content=\"Szacowany czas czytania\" \/>\n\t<meta name=\"twitter:data2\" content=\"3 minuty\" \/>\n<script type=\"application\/ld+json\" class=\"yoast-schema-graph\">{\"@context\":\"https:\\\/\\\/schema.org\",\"@graph\":[{\"@type\":\"Article\",\"@id\":\"http:\\\/\\\/biblioteka-gabin.pl\\\/index.php\\\/2026\\\/04\\\/22\\\/spotkanie-z-bajka-w-oddziale-przedszkolnym-przy-szkole-podstawowej-w-czermnie-20-04-2026\\\/#article\",\"isPartOf\":{\"@id\":\"http:\\\/\\\/biblioteka-gabin.pl\\\/index.php\\\/2026\\\/04\\\/22\\\/spotkanie-z-bajka-w-oddziale-przedszkolnym-przy-szkole-podstawowej-w-czermnie-20-04-2026\\\/\"},\"author\":{\"name\":\"j.olejniczak\",\"@id\":\"https:\\\/\\\/biblioteka-gabin.pl\\\/#\\\/schema\\\/person\\\/c6271403c55804b0c90b1abcdc89a4be\"},\"headline\":\"&#8222;Spotkanie z bajk\u0105&#8221; w Oddziale Przedszkolnym przy Szkole Podstawowej w Czermnie (20.04.2026)\",\"datePublished\":\"2026-04-22T12:23:28+00:00\",\"dateModified\":\"2026-04-22T12:23:30+00:00\",\"mainEntityOfPage\":{\"@id\":\"http:\\\/\\\/biblioteka-gabin.pl\\\/index.php\\\/2026\\\/04\\\/22\\\/spotkanie-z-bajka-w-oddziale-przedszkolnym-przy-szkole-podstawowej-w-czermnie-20-04-2026\\\/\"},\"wordCount\":288,\"commentCount\":0,\"publisher\":{\"@id\":\"https:\\\/\\\/biblioteka-gabin.pl\\\/#organization\"},\"image\":{\"@id\":\"http:\\\/\\\/biblioteka-gabin.pl\\\/index.php\\\/2026\\\/04\\\/22\\\/spotkanie-z-bajka-w-oddziale-przedszkolnym-przy-szkole-podstawowej-w-czermnie-20-04-2026\\\/#primaryimage\"},\"thumbnailUrl\":\"https:\\\/\\\/biblioteka-gabin.pl\\\/wp-content\\\/uploads\\\/2026\\\/04\\\/sw2tBDDB.jpg\",\"articleSection\":[\"Galeria\",\"Main\"],\"inLanguage\":\"pl-PL\",\"potentialAction\":[{\"@type\":\"CommentAction\",\"name\":\"Comment\",\"target\":[\"http:\\\/\\\/biblioteka-gabin.pl\\\/index.php\\\/2026\\\/04\\\/22\\\/spotkanie-z-bajka-w-oddziale-przedszkolnym-przy-szkole-podstawowej-w-czermnie-20-04-2026\\\/#respond\"]}]},{\"@type\":\"WebPage\",\"@id\":\"http:\\\/\\\/biblioteka-gabin.pl\\\/index.php\\\/2026\\\/04\\\/22\\\/spotkanie-z-bajka-w-oddziale-przedszkolnym-przy-szkole-podstawowej-w-czermnie-20-04-2026\\\/\",\"url\":\"http:\\\/\\\/biblioteka-gabin.pl\\\/index.php\\\/2026\\\/04\\\/22\\\/spotkanie-z-bajka-w-oddziale-przedszkolnym-przy-szkole-podstawowej-w-czermnie-20-04-2026\\\/\",\"name\":\"\\\"Spotkanie z bajk\u0105\\\" w Oddziale Przedszkolnym przy Szkole Podstawowej w Czermnie (20.04.2026) - Miejsko-Gminna Biblioteka Publiczna w G\u0105binie\",\"isPartOf\":{\"@id\":\"https:\\\/\\\/biblioteka-gabin.pl\\\/#website\"},\"primaryImageOfPage\":{\"@id\":\"http:\\\/\\\/biblioteka-gabin.pl\\\/index.php\\\/2026\\\/04\\\/22\\\/spotkanie-z-bajka-w-oddziale-przedszkolnym-przy-szkole-podstawowej-w-czermnie-20-04-2026\\\/#primaryimage\"},\"image\":{\"@id\":\"http:\\\/\\\/biblioteka-gabin.pl\\\/index.php\\\/2026\\\/04\\\/22\\\/spotkanie-z-bajka-w-oddziale-przedszkolnym-przy-szkole-podstawowej-w-czermnie-20-04-2026\\\/#primaryimage\"},\"thumbnailUrl\":\"https:\\\/\\\/biblioteka-gabin.pl\\\/wp-content\\\/uploads\\\/2026\\\/04\\\/sw2tBDDB.jpg\",\"datePublished\":\"2026-04-22T12:23:28+00:00\",\"dateModified\":\"2026-04-22T12:23:30+00:00\",\"breadcrumb\":{\"@id\":\"http:\\\/\\\/biblioteka-gabin.pl\\\/index.php\\\/2026\\\/04\\\/22\\\/spotkanie-z-bajka-w-oddziale-przedszkolnym-przy-szkole-podstawowej-w-czermnie-20-04-2026\\\/#breadcrumb\"},\"inLanguage\":\"pl-PL\",\"potentialAction\":[{\"@type\":\"ReadAction\",\"target\":[\"http:\\\/\\\/biblioteka-gabin.pl\\\/index.php\\\/2026\\\/04\\\/22\\\/spotkanie-z-bajka-w-oddziale-przedszkolnym-przy-szkole-podstawowej-w-czermnie-20-04-2026\\\/\"]}]},{\"@type\":\"ImageObject\",\"inLanguage\":\"pl-PL\",\"@id\":\"http:\\\/\\\/biblioteka-gabin.pl\\\/index.php\\\/2026\\\/04\\\/22\\\/spotkanie-z-bajka-w-oddziale-przedszkolnym-przy-szkole-podstawowej-w-czermnie-20-04-2026\\\/#primaryimage\",\"url\":\"https:\\\/\\\/biblioteka-gabin.pl\\\/wp-content\\\/uploads\\\/2026\\\/04\\\/sw2tBDDB.jpg\",\"contentUrl\":\"https:\\\/\\\/biblioteka-gabin.pl\\\/wp-content\\\/uploads\\\/2026\\\/04\\\/sw2tBDDB.jpg\",\"width\":1184,\"height\":2046},{\"@type\":\"BreadcrumbList\",\"@id\":\"http:\\\/\\\/biblioteka-gabin.pl\\\/index.php\\\/2026\\\/04\\\/22\\\/spotkanie-z-bajka-w-oddziale-przedszkolnym-przy-szkole-podstawowej-w-czermnie-20-04-2026\\\/#breadcrumb\",\"itemListElement\":[{\"@type\":\"ListItem\",\"position\":1,\"name\":\"Strona g\u0142\u00f3wna\",\"item\":\"https:\\\/\\\/biblioteka-gabin.pl\\\/\"},{\"@type\":\"ListItem\",\"position\":2,\"name\":\"&#8222;Spotkanie z bajk\u0105&#8221; w Oddziale Przedszkolnym przy Szkole Podstawowej w Czermnie (20.04.2026)\"}]},{\"@type\":\"WebSite\",\"@id\":\"https:\\\/\\\/biblioteka-gabin.pl\\\/#website\",\"url\":\"https:\\\/\\\/biblioteka-gabin.pl\\\/\",\"name\":\"Miejsko-Gminna Biblioteka Publiczna w G\u0105binie\",\"description\":\"\",\"publisher\":{\"@id\":\"https:\\\/\\\/biblioteka-gabin.pl\\\/#organization\"},\"potentialAction\":[{\"@type\":\"SearchAction\",\"target\":{\"@type\":\"EntryPoint\",\"urlTemplate\":\"https:\\\/\\\/biblioteka-gabin.pl\\\/?s={search_term_string}\"},\"query-input\":{\"@type\":\"PropertyValueSpecification\",\"valueRequired\":true,\"valueName\":\"search_term_string\"}}],\"inLanguage\":\"pl-PL\"},{\"@type\":\"Organization\",\"@id\":\"https:\\\/\\\/biblioteka-gabin.pl\\\/#organization\",\"name\":\"Miejsko-Gminna Biblioteka Publiczna w G\u0105binie\",\"url\":\"https:\\\/\\\/biblioteka-gabin.pl\\\/\",\"logo\":{\"@type\":\"ImageObject\",\"inLanguage\":\"pl-PL\",\"@id\":\"https:\\\/\\\/biblioteka-gabin.pl\\\/#\\\/schema\\\/logo\\\/image\\\/\",\"url\":\"https:\\\/\\\/biblioteka-gabin.pl\\\/wp-content\\\/uploads\\\/2025\\\/03\\\/logo-biblioteka-2-1657013691-1.jpg\",\"contentUrl\":\"https:\\\/\\\/biblioteka-gabin.pl\\\/wp-content\\\/uploads\\\/2025\\\/03\\\/logo-biblioteka-2-1657013691-1.jpg\",\"width\":1600,\"height\":772,\"caption\":\"Miejsko-Gminna Biblioteka Publiczna w G\u0105binie\"},\"image\":{\"@id\":\"https:\\\/\\\/biblioteka-gabin.pl\\\/#\\\/schema\\\/logo\\\/image\\\/\"},\"sameAs\":[\"https:\\\/\\\/www.facebook.com\\\/bibliotekagabin\",\"https:\\\/\\\/www.youtube.com\\\/@mgbpgabin9392\"]},{\"@type\":\"Person\",\"@id\":\"https:\\\/\\\/biblioteka-gabin.pl\\\/#\\\/schema\\\/person\\\/c6271403c55804b0c90b1abcdc89a4be\",\"name\":\"j.olejniczak\",\"image\":{\"@type\":\"ImageObject\",\"inLanguage\":\"pl-PL\",\"@id\":\"https:\\\/\\\/secure.gravatar.com\\\/avatar\\\/926a0e21a6bc9c5f3d8b7350eef4c1328c61093f6afee787beeac212421b433a?s=96&d=mm&r=g\",\"url\":\"https:\\\/\\\/secure.gravatar.com\\\/avatar\\\/926a0e21a6bc9c5f3d8b7350eef4c1328c61093f6afee787beeac212421b433a?s=96&d=mm&r=g\",\"contentUrl\":\"https:\\\/\\\/secure.gravatar.com\\\/avatar\\\/926a0e21a6bc9c5f3d8b7350eef4c1328c61093f6afee787beeac212421b433a?s=96&d=mm&r=g\",\"caption\":\"j.olejniczak\"},\"sameAs\":[\"http:\\\/\\\/www.biblioteka-gabin.pl\"],\"url\":\"https:\\\/\\\/biblioteka-gabin.pl\\\/index.php\\\/author\\\/j-olejniczak\\\/\"}]}<\/script>\n<!-- \/ Yoast SEO plugin. -->","yoast_head_json":{"title":"\"Spotkanie z bajk\u0105\" w Oddziale Przedszkolnym przy Szkole Podstawowej w Czermnie (20.04.2026) - Miejsko-Gminna Biblioteka Publiczna w G\u0105binie","robots":{"index":"index","follow":"follow","max-snippet":"max-snippet:-1","max-image-preview":"max-image-preview:large","max-video-preview":"max-video-preview:-1"},"canonical":"http:\/\/biblioteka-gabin.pl\/index.php\/2026\/04\/22\/spotkanie-z-bajka-w-oddziale-przedszkolnym-przy-szkole-podstawowej-w-czermnie-20-04-2026\/","og_locale":"pl_PL","og_type":"article","og_title":"\"Spotkanie z bajk\u0105\" w Oddziale Przedszkolnym przy Szkole Podstawowej w Czermnie (20.04.2026) - Miejsko-Gminna Biblioteka Publiczna w G\u0105binie","og_description":"W poniedzia\u0142kowe przedpo\u0142udnie spotka\u0142am si\u0119 z grup\u0105 przedszkolak\u00f3w, z kt\u00f3rymi","og_url":"http:\/\/biblioteka-gabin.pl\/index.php\/2026\/04\/22\/spotkanie-z-bajka-w-oddziale-przedszkolnym-przy-szkole-podstawowej-w-czermnie-20-04-2026\/","og_site_name":"Miejsko-Gminna Biblioteka Publiczna w G\u0105binie","article_publisher":"https:\/\/www.facebook.com\/bibliotekagabin","article_published_time":"2026-04-22T12:23:28+00:00","article_modified_time":"2026-04-22T12:23:30+00:00","og_image":[{"width":1184,"height":2046,"url":"http:\/\/biblioteka-gabin.pl\/wp-content\/uploads\/2026\/04\/sw2tBDDB.jpg","type":"image\/jpeg"}],"author":"j.olejniczak","twitter_card":"summary_large_image","twitter_misc":{"Napisane przez":"j.olejniczak","Szacowany czas czytania":"3 minuty"},"schema":{"@context":"https:\/\/schema.org","@graph":[{"@type":"Article","@id":"http:\/\/biblioteka-gabin.pl\/index.php\/2026\/04\/22\/spotkanie-z-bajka-w-oddziale-przedszkolnym-przy-szkole-podstawowej-w-czermnie-20-04-2026\/#article","isPartOf":{"@id":"http:\/\/biblioteka-gabin.pl\/index.php\/2026\/04\/22\/spotkanie-z-bajka-w-oddziale-przedszkolnym-przy-szkole-podstawowej-w-czermnie-20-04-2026\/"},"author":{"name":"j.olejniczak","@id":"https:\/\/biblioteka-gabin.pl\/#\/schema\/person\/c6271403c55804b0c90b1abcdc89a4be"},"headline":"&#8222;Spotkanie z bajk\u0105&#8221; w Oddziale Przedszkolnym przy Szkole Podstawowej w Czermnie (20.04.2026)","datePublished":"2026-04-22T12:23:28+00:00","dateModified":"2026-04-22T12:23:30+00:00","mainEntityOfPage":{"@id":"http:\/\/biblioteka-gabin.pl\/index.php\/2026\/04\/22\/spotkanie-z-bajka-w-oddziale-przedszkolnym-przy-szkole-podstawowej-w-czermnie-20-04-2026\/"},"wordCount":288,"commentCount":0,"publisher":{"@id":"https:\/\/biblioteka-gabin.pl\/#organization"},"image":{"@id":"http:\/\/biblioteka-gabin.pl\/index.php\/2026\/04\/22\/spotkanie-z-bajka-w-oddziale-przedszkolnym-przy-szkole-podstawowej-w-czermnie-20-04-2026\/#primaryimage"},"thumbnailUrl":"https:\/\/biblioteka-gabin.pl\/wp-content\/uploads\/2026\/04\/sw2tBDDB.jpg","articleSection":["Galeria","Main"],"inLanguage":"pl-PL","potentialAction":[{"@type":"CommentAction","name":"Comment","target":["http:\/\/biblioteka-gabin.pl\/index.php\/2026\/04\/22\/spotkanie-z-bajka-w-oddziale-przedszkolnym-przy-szkole-podstawowej-w-czermnie-20-04-2026\/#respond"]}]},{"@type":"WebPage","@id":"http:\/\/biblioteka-gabin.pl\/index.php\/2026\/04\/22\/spotkanie-z-bajka-w-oddziale-przedszkolnym-przy-szkole-podstawowej-w-czermnie-20-04-2026\/","url":"http:\/\/biblioteka-gabin.pl\/index.php\/2026\/04\/22\/spotkanie-z-bajka-w-oddziale-przedszkolnym-przy-szkole-podstawowej-w-czermnie-20-04-2026\/","name":"\"Spotkanie z bajk\u0105\" w Oddziale Przedszkolnym przy Szkole Podstawowej w Czermnie (20.04.2026) - Miejsko-Gminna Biblioteka Publiczna w G\u0105binie","isPartOf":{"@id":"https:\/\/biblioteka-gabin.pl\/#website"},"primaryImageOfPage":{"@id":"http:\/\/biblioteka-gabin.pl\/index.php\/2026\/04\/22\/spotkanie-z-bajka-w-oddziale-przedszkolnym-przy-szkole-podstawowej-w-czermnie-20-04-2026\/#primaryimage"},"image":{"@id":"http:\/\/biblioteka-gabin.pl\/index.php\/2026\/04\/22\/spotkanie-z-bajka-w-oddziale-przedszkolnym-przy-szkole-podstawowej-w-czermnie-20-04-2026\/#primaryimage"},"thumbnailUrl":"https:\/\/biblioteka-gabin.pl\/wp-content\/uploads\/2026\/04\/sw2tBDDB.jpg","datePublished":"2026-04-22T12:23:28+00:00","dateModified":"2026-04-22T12:23:30+00:00","breadcrumb":{"@id":"http:\/\/biblioteka-gabin.pl\/index.php\/2026\/04\/22\/spotkanie-z-bajka-w-oddziale-przedszkolnym-przy-szkole-podstawowej-w-czermnie-20-04-2026\/#breadcrumb"},"inLanguage":"pl-PL","potentialAction":[{"@type":"ReadAction","target":["http:\/\/biblioteka-gabin.pl\/index.php\/2026\/04\/22\/spotkanie-z-bajka-w-oddziale-przedszkolnym-przy-szkole-podstawowej-w-czermnie-20-04-2026\/"]}]},{"@type":"ImageObject","inLanguage":"pl-PL","@id":"http:\/\/biblioteka-gabin.pl\/index.php\/2026\/04\/22\/spotkanie-z-bajka-w-oddziale-przedszkolnym-przy-szkole-podstawowej-w-czermnie-20-04-2026\/#primaryimage","url":"https:\/\/biblioteka-gabin.pl\/wp-content\/uploads\/2026\/04\/sw2tBDDB.jpg","contentUrl":"https:\/\/biblioteka-gabin.pl\/wp-content\/uploads\/2026\/04\/sw2tBDDB.jpg","width":1184,"height":2046},{"@type":"BreadcrumbList","@id":"http:\/\/biblioteka-gabin.pl\/index.php\/2026\/04\/22\/spotkanie-z-bajka-w-oddziale-przedszkolnym-przy-szkole-podstawowej-w-czermnie-20-04-2026\/#breadcrumb","itemListElement":[{"@type":"ListItem","position":1,"name":"Strona g\u0142\u00f3wna","item":"https:\/\/biblioteka-gabin.pl\/"},{"@type":"ListItem","position":2,"name":"&#8222;Spotkanie z bajk\u0105&#8221; w Oddziale Przedszkolnym przy Szkole Podstawowej w Czermnie (20.04.2026)"}]},{"@type":"WebSite","@id":"https:\/\/biblioteka-gabin.pl\/#website","url":"https:\/\/biblioteka-gabin.pl\/","name":"Miejsko-Gminna Biblioteka Publiczna w G\u0105binie","description":"","publisher":{"@id":"https:\/\/biblioteka-gabin.pl\/#organization"},"potentialAction":[{"@type":"SearchAction","target":{"@type":"EntryPoint","urlTemplate":"https:\/\/biblioteka-gabin.pl\/?s={search_term_string}"},"query-input":{"@type":"PropertyValueSpecification","valueRequired":true,"valueName":"search_term_string"}}],"inLanguage":"pl-PL"},{"@type":"Organization","@id":"https:\/\/biblioteka-gabin.pl\/#organization","name":"Miejsko-Gminna Biblioteka Publiczna w G\u0105binie","url":"https:\/\/biblioteka-gabin.pl\/","logo":{"@type":"ImageObject","inLanguage":"pl-PL","@id":"https:\/\/biblioteka-gabin.pl\/#\/schema\/logo\/image\/","url":"https:\/\/biblioteka-gabin.pl\/wp-content\/uploads\/2025\/03\/logo-biblioteka-2-1657013691-1.jpg","contentUrl":"https:\/\/biblioteka-gabin.pl\/wp-content\/uploads\/2025\/03\/logo-biblioteka-2-1657013691-1.jpg","width":1600,"height":772,"caption":"Miejsko-Gminna Biblioteka Publiczna w G\u0105binie"},"image":{"@id":"https:\/\/biblioteka-gabin.pl\/#\/schema\/logo\/image\/"},"sameAs":["https:\/\/www.facebook.com\/bibliotekagabin","https:\/\/www.youtube.com\/@mgbpgabin9392"]},{"@type":"Person","@id":"https:\/\/biblioteka-gabin.pl\/#\/schema\/person\/c6271403c55804b0c90b1abcdc89a4be","name":"j.olejniczak","image":{"@type":"ImageObject","inLanguage":"pl-PL","@id":"https:\/\/secure.gravatar.com\/avatar\/926a0e21a6bc9c5f3d8b7350eef4c1328c61093f6afee787beeac212421b433a?s=96&d=mm&r=g","url":"https:\/\/secure.gravatar.com\/avatar\/926a0e21a6bc9c5f3d8b7350eef4c1328c61093f6afee787beeac212421b433a?s=96&d=mm&r=g","contentUrl":"https:\/\/secure.gravatar.com\/avatar\/926a0e21a6bc9c5f3d8b7350eef4c1328c61093f6afee787beeac212421b433a?s=96&d=mm&r=g","caption":"j.olejniczak"},"sameAs":["http:\/\/www.biblioteka-gabin.pl"],"url":"https:\/\/biblioteka-gabin.pl\/index.php\/author\/j-olejniczak\/"}]}},"_links":{"self":[{"href":"https:\/\/biblioteka-gabin.pl\/index.php\/wp-json\/wp\/v2\/posts\/10870","targetHints":{"allow":["GET"]}}],"collection":[{"href":"https:\/\/biblioteka-gabin.pl\/index.php\/wp-json\/wp\/v2\/posts"}],"about":[{"href":"https:\/\/biblioteka-gabin.pl\/index.php\/wp-json\/wp\/v2\/types\/post"}],"author":[{"embeddable":true,"href":"https:\/\/biblioteka-gabin.pl\/index.php\/wp-json\/wp\/v2\/users\/5"}],"replies":[{"embeddable":true,"href":"https:\/\/biblioteka-gabin.pl\/index.php\/wp-json\/wp\/v2\/comments?post=10870"}],"version-history":[{"count":1,"href":"https:\/\/biblioteka-gabin.pl\/index.php\/wp-json\/wp\/v2\/posts\/10870\/revisions"}],"predecessor-version":[{"id":10877,"href":"https:\/\/biblioteka-gabin.pl\/index.php\/wp-json\/wp\/v2\/posts\/10870\/revisions\/10877"}],"wp:featuredmedia":[{"embeddable":true,"href":"https:\/\/biblioteka-gabin.pl\/index.php\/wp-json\/wp\/v2\/media\/10871"}],"wp:attachment":[{"href":"https:\/\/biblioteka-gabin.pl\/index.php\/wp-json\/wp\/v2\/media?parent=10870"}],"wp:term":[{"taxonomy":"category","embeddable":true,"href":"https:\/\/biblioteka-gabin.pl\/index.php\/wp-json\/wp\/v2\/categories?post=10870"},{"taxonomy":"post_tag","embeddable":true,"href":"https:\/\/biblioteka-gabin.pl\/index.php\/wp-json\/wp\/v2\/tags?post=10870"}],"curies":[{"name":"wp","href":"https:\/\/api.w.org\/{rel}","templated":true}]}}