{"id":10878,"date":"2026-04-22T13:24:42","date_gmt":"2026-04-22T13:24:42","guid":{"rendered":"https:\/\/biblioteka-gabin.pl\/?p=10878"},"modified":"2026-04-22T13:24:44","modified_gmt":"2026-04-22T13:24:44","slug":"spotkanie-z-bajka-w-przedszkolu-samorzadowym-w-gabinie-grupy-skrzaty-jezyki-sowki-21-04-2026","status":"publish","type":"post","link":"https:\/\/biblioteka-gabin.pl\/index.php\/2026\/04\/22\/spotkanie-z-bajka-w-przedszkolu-samorzadowym-w-gabinie-grupy-skrzaty-jezyki-sowki-21-04-2026\/","title":{"rendered":"&#8222;Spotkanie z bajk\u0105&#8221; w Przedszkolu Samorz\u0105dowym w G\u0105binie- grupy: &#8222;Skrzaty&#8221;, &#8222;Je\u017cyki&#8221;, &#8222;S\u00f3wki&#8221; (21.04.2026)"},"content":{"rendered":"\n<p>&nbsp;Wtorkowe spotkanie po\u015bwi\u0119cone zosta\u0142o wyj\u0105tkowemu dniu, jaki obchodzony jest 23 kwietnia- czyli \u015awiatowy Dzie\u0144 Ksi\u0105\u017cki i Praw Autorskich, organizowany przez UNESCO w celu promocji czytelnictwa, edytorstwa i ochrony w\u0142asno\u015bci intelektualnej za pomoc\u0105 praw autorskich. Dzie\u0144 ten po raz pierwszy obchodzono w 1995 r.<\/p>\n\n\n\n<p>Przybli\u017cy\u0142am dzieciom czym s\u0105 prawa autorskie. Dzieci dowiedzia\u0142y si\u0119 czym jest ksi\u0105\u017cka, jak wygl\u0105da proces jej powstawania, kto bierze udzia\u0142 w jej tworzeniu-od autora po ilustratora.<\/p>\n\n\n\n<p>Kolejnym punktem naszego spotkania by\u0142o oczywi\u015bcie g\u0142o\u015bne czytanie ksi\u0105\u017cek. M\u0142odszym grupom \u2013\u201eJe\u017cykom\u201d oraz \u201eS\u00f3wkom\u201d przeczyta\u0142am bajk\u0119 autorstwa A. Bator pt. \u201eNa wsi\u201d oraz T. Percival pt. \u201eSzcz\u0119\u015bliwy p\u0142aszcz kozio\u0142ka\u201d.<\/p>\n\n\n\n<p>Starsza grupa \u201eSkrzaty\u201d wys\u0142ucha\u0142a opowie\u015bci pt. \u201eSzara Myszka i kolory\u201d M. Strza\u0142kowskiej. Historia rozbawi\u0142a s\u0142uchaczy a u mnie rado\u015b\u0107 wywo\u0142a\u0142 u\u015bmiech zadowolonych dzieci.<\/p>\n\n\n\n<p>Wszystkim moim s\u0142uchaczom dzi\u0119kuj\u0119 za uwag\u0119 i mi\u0142e spotkanie, m\u00f3wi\u0105c do zobaczenia niebawem.<\/p>\n\n\n\n<p>&nbsp;&nbsp;&nbsp;&nbsp;&nbsp;&nbsp;&nbsp;&nbsp;&nbsp;&nbsp;&nbsp;&nbsp;&nbsp;&nbsp;&nbsp;&nbsp; &nbsp;&nbsp;&nbsp;&nbsp;&nbsp;&nbsp;&nbsp;&nbsp;&nbsp;&nbsp;&nbsp;&nbsp;&nbsp;&nbsp;&nbsp;&nbsp;&nbsp;&nbsp;&nbsp;&nbsp;&nbsp;&nbsp;&nbsp;&nbsp;&nbsp;&nbsp;&nbsp;&nbsp;&nbsp;&nbsp;&nbsp;&nbsp;&nbsp;&nbsp;&nbsp;Opr. Joanna Olejniczak<\/p>\n\n\n\n<figure class=\"wp-block-image size-large\"><img loading=\"lazy\" decoding=\"async\" width=\"578\" height=\"1024\" src=\"https:\/\/biblioteka-gabin.pl\/wp-content\/uploads\/2026\/04\/TDLCOjU--578x1024.jpg\" alt=\"\" class=\"wp-image-10880\" srcset=\"https:\/\/biblioteka-gabin.pl\/wp-content\/uploads\/2026\/04\/TDLCOjU--578x1024.jpg 578w, https:\/\/biblioteka-gabin.pl\/wp-content\/uploads\/2026\/04\/TDLCOjU--169x300.jpg 169w, https:\/\/biblioteka-gabin.pl\/wp-content\/uploads\/2026\/04\/TDLCOjU--768x1361.jpg 768w, https:\/\/biblioteka-gabin.pl\/wp-content\/uploads\/2026\/04\/TDLCOjU--867x1536.jpg 867w, https:\/\/biblioteka-gabin.pl\/wp-content\/uploads\/2026\/04\/TDLCOjU--1024x1815.jpg 1024w, https:\/\/biblioteka-gabin.pl\/wp-content\/uploads\/2026\/04\/TDLCOjU-.jpg 1156w\" sizes=\"auto, (max-width: 578px) 100vw, 578px\" \/><\/figure>\n\n\n\n<figure class=\"wp-block-image size-large\"><img loading=\"lazy\" decoding=\"async\" width=\"1024\" height=\"578\" src=\"https:\/\/biblioteka-gabin.pl\/wp-content\/uploads\/2026\/04\/7ReBOXbJ-1024x578.jpg\" alt=\"\" class=\"wp-image-10881\" srcset=\"https:\/\/biblioteka-gabin.pl\/wp-content\/uploads\/2026\/04\/7ReBOXbJ-1024x578.jpg 1024w, https:\/\/biblioteka-gabin.pl\/wp-content\/uploads\/2026\/04\/7ReBOXbJ-300x169.jpg 300w, https:\/\/biblioteka-gabin.pl\/wp-content\/uploads\/2026\/04\/7ReBOXbJ-768x433.jpg 768w, https:\/\/biblioteka-gabin.pl\/wp-content\/uploads\/2026\/04\/7ReBOXbJ-1536x866.jpg 1536w, https:\/\/biblioteka-gabin.pl\/wp-content\/uploads\/2026\/04\/7ReBOXbJ.jpg 2048w\" sizes=\"auto, (max-width: 1024px) 100vw, 1024px\" \/><\/figure>\n\n\n\n<figure class=\"wp-block-image size-large\"><img loading=\"lazy\" decoding=\"async\" width=\"1024\" height=\"578\" src=\"https:\/\/biblioteka-gabin.pl\/wp-content\/uploads\/2026\/04\/15t8rlmm-1024x578.jpg\" alt=\"\" class=\"wp-image-10882\" srcset=\"https:\/\/biblioteka-gabin.pl\/wp-content\/uploads\/2026\/04\/15t8rlmm-1024x578.jpg 1024w, https:\/\/biblioteka-gabin.pl\/wp-content\/uploads\/2026\/04\/15t8rlmm-300x169.jpg 300w, https:\/\/biblioteka-gabin.pl\/wp-content\/uploads\/2026\/04\/15t8rlmm-768x433.jpg 768w, https:\/\/biblioteka-gabin.pl\/wp-content\/uploads\/2026\/04\/15t8rlmm-1536x866.jpg 1536w, https:\/\/biblioteka-gabin.pl\/wp-content\/uploads\/2026\/04\/15t8rlmm.jpg 2048w\" sizes=\"auto, (max-width: 1024px) 100vw, 1024px\" \/><\/figure>\n\n\n\n<figure class=\"wp-block-image size-large\"><img loading=\"lazy\" decoding=\"async\" width=\"1024\" height=\"578\" src=\"https:\/\/biblioteka-gabin.pl\/wp-content\/uploads\/2026\/04\/dBFUzoiL-1024x578.jpg\" alt=\"\" class=\"wp-image-10883\" srcset=\"https:\/\/biblioteka-gabin.pl\/wp-content\/uploads\/2026\/04\/dBFUzoiL-1024x578.jpg 1024w, https:\/\/biblioteka-gabin.pl\/wp-content\/uploads\/2026\/04\/dBFUzoiL-300x169.jpg 300w, https:\/\/biblioteka-gabin.pl\/wp-content\/uploads\/2026\/04\/dBFUzoiL-768x433.jpg 768w, https:\/\/biblioteka-gabin.pl\/wp-content\/uploads\/2026\/04\/dBFUzoiL-1536x866.jpg 1536w, https:\/\/biblioteka-gabin.pl\/wp-content\/uploads\/2026\/04\/dBFUzoiL.jpg 2048w\" sizes=\"auto, (max-width: 1024px) 100vw, 1024px\" \/><\/figure>\n\n\n\n<figure class=\"wp-block-image size-large\"><img loading=\"lazy\" decoding=\"async\" width=\"578\" height=\"1024\" src=\"https:\/\/biblioteka-gabin.pl\/wp-content\/uploads\/2026\/04\/K_Jz2tq2-578x1024.jpg\" alt=\"\" class=\"wp-image-10884\" srcset=\"https:\/\/biblioteka-gabin.pl\/wp-content\/uploads\/2026\/04\/K_Jz2tq2-578x1024.jpg 578w, https:\/\/biblioteka-gabin.pl\/wp-content\/uploads\/2026\/04\/K_Jz2tq2-169x300.jpg 169w, https:\/\/biblioteka-gabin.pl\/wp-content\/uploads\/2026\/04\/K_Jz2tq2-768x1361.jpg 768w, https:\/\/biblioteka-gabin.pl\/wp-content\/uploads\/2026\/04\/K_Jz2tq2-867x1536.jpg 867w, https:\/\/biblioteka-gabin.pl\/wp-content\/uploads\/2026\/04\/K_Jz2tq2-1024x1815.jpg 1024w, https:\/\/biblioteka-gabin.pl\/wp-content\/uploads\/2026\/04\/K_Jz2tq2.jpg 1156w\" sizes=\"auto, (max-width: 578px) 100vw, 578px\" \/><\/figure>\n\n\n\n<figure class=\"wp-block-image size-large\"><img loading=\"lazy\" decoding=\"async\" width=\"578\" height=\"1024\" src=\"https:\/\/biblioteka-gabin.pl\/wp-content\/uploads\/2026\/04\/llQEFc0y-578x1024.jpg\" alt=\"\" class=\"wp-image-10885\" srcset=\"https:\/\/biblioteka-gabin.pl\/wp-content\/uploads\/2026\/04\/llQEFc0y-578x1024.jpg 578w, https:\/\/biblioteka-gabin.pl\/wp-content\/uploads\/2026\/04\/llQEFc0y-169x300.jpg 169w, https:\/\/biblioteka-gabin.pl\/wp-content\/uploads\/2026\/04\/llQEFc0y-768x1361.jpg 768w, https:\/\/biblioteka-gabin.pl\/wp-content\/uploads\/2026\/04\/llQEFc0y-867x1536.jpg 867w, https:\/\/biblioteka-gabin.pl\/wp-content\/uploads\/2026\/04\/llQEFc0y-1024x1815.jpg 1024w, https:\/\/biblioteka-gabin.pl\/wp-content\/uploads\/2026\/04\/llQEFc0y.jpg 1156w\" sizes=\"auto, (max-width: 578px) 100vw, 578px\" \/><\/figure>\n","protected":false},"excerpt":{"rendered":"<p>&nbsp;Wtorkowe spotkanie po\u015bwi\u0119cone zosta\u0142o wyj\u0105tkowemu dniu, jaki obchodzony jest 23<\/p>\n","protected":false},"author":5,"featured_media":10880,"comment_status":"open","ping_status":"open","sticky":false,"template":"","format":"standard","meta":{"footnotes":""},"categories":[37,36],"tags":[],"class_list":["post-10878","post","type-post","status-publish","format-standard","has-post-thumbnail","hentry","category-galeria","category-main"],"yoast_head":"<!-- This site is optimized with the Yoast SEO plugin v27.4 - https:\/\/yoast.com\/product\/yoast-seo-wordpress\/ -->\n<title>&quot;Spotkanie z bajk\u0105&quot; w Przedszkolu Samorz\u0105dowym w G\u0105binie- grupy: &quot;Skrzaty&quot;, &quot;Je\u017cyki&quot;, &quot;S\u00f3wki&quot; (21.04.2026) - Miejsko-Gminna Biblioteka Publiczna w G\u0105binie<\/title>\n<meta name=\"robots\" content=\"index, follow, max-snippet:-1, max-image-preview:large, max-video-preview:-1\" \/>\n<link rel=\"canonical\" href=\"https:\/\/biblioteka-gabin.pl\/index.php\/2026\/04\/22\/spotkanie-z-bajka-w-przedszkolu-samorzadowym-w-gabinie-grupy-skrzaty-jezyki-sowki-21-04-2026\/\" \/>\n<meta property=\"og:locale\" content=\"pl_PL\" \/>\n<meta property=\"og:type\" content=\"article\" \/>\n<meta property=\"og:title\" content=\"&quot;Spotkanie z bajk\u0105&quot; w Przedszkolu Samorz\u0105dowym w G\u0105binie- grupy: &quot;Skrzaty&quot;, &quot;Je\u017cyki&quot;, &quot;S\u00f3wki&quot; (21.04.2026) - Miejsko-Gminna Biblioteka Publiczna w G\u0105binie\" \/>\n<meta property=\"og:description\" content=\"&nbsp;Wtorkowe spotkanie po\u015bwi\u0119cone zosta\u0142o wyj\u0105tkowemu dniu, jaki obchodzony jest 23\" \/>\n<meta property=\"og:url\" content=\"https:\/\/biblioteka-gabin.pl\/index.php\/2026\/04\/22\/spotkanie-z-bajka-w-przedszkolu-samorzadowym-w-gabinie-grupy-skrzaty-jezyki-sowki-21-04-2026\/\" \/>\n<meta property=\"og:site_name\" content=\"Miejsko-Gminna Biblioteka Publiczna w G\u0105binie\" \/>\n<meta property=\"article:publisher\" content=\"https:\/\/www.facebook.com\/bibliotekagabin\" \/>\n<meta property=\"article:published_time\" content=\"2026-04-22T13:24:42+00:00\" \/>\n<meta property=\"article:modified_time\" content=\"2026-04-22T13:24:44+00:00\" \/>\n<meta property=\"og:image\" content=\"https:\/\/biblioteka-gabin.pl\/wp-content\/uploads\/2026\/04\/TDLCOjU-.jpg\" \/>\n\t<meta property=\"og:image:width\" content=\"1156\" \/>\n\t<meta property=\"og:image:height\" content=\"2049\" \/>\n\t<meta property=\"og:image:type\" content=\"image\/jpeg\" \/>\n<meta name=\"author\" content=\"j.olejniczak\" \/>\n<meta name=\"twitter:card\" content=\"summary_large_image\" \/>\n<meta name=\"twitter:label1\" content=\"Napisane przez\" \/>\n\t<meta name=\"twitter:data1\" content=\"j.olejniczak\" \/>\n\t<meta name=\"twitter:label2\" content=\"Szacowany czas czytania\" \/>\n\t<meta name=\"twitter:data2\" content=\"3 minuty\" \/>\n<script type=\"application\/ld+json\" class=\"yoast-schema-graph\">{\"@context\":\"https:\\\/\\\/schema.org\",\"@graph\":[{\"@type\":\"Article\",\"@id\":\"https:\\\/\\\/biblioteka-gabin.pl\\\/index.php\\\/2026\\\/04\\\/22\\\/spotkanie-z-bajka-w-przedszkolu-samorzadowym-w-gabinie-grupy-skrzaty-jezyki-sowki-21-04-2026\\\/#article\",\"isPartOf\":{\"@id\":\"https:\\\/\\\/biblioteka-gabin.pl\\\/index.php\\\/2026\\\/04\\\/22\\\/spotkanie-z-bajka-w-przedszkolu-samorzadowym-w-gabinie-grupy-skrzaty-jezyki-sowki-21-04-2026\\\/\"},\"author\":{\"name\":\"j.olejniczak\",\"@id\":\"https:\\\/\\\/biblioteka-gabin.pl\\\/#\\\/schema\\\/person\\\/c6271403c55804b0c90b1abcdc89a4be\"},\"headline\":\"&#8222;Spotkanie z bajk\u0105&#8221; w Przedszkolu Samorz\u0105dowym w G\u0105binie- grupy: &#8222;Skrzaty&#8221;, &#8222;Je\u017cyki&#8221;, &#8222;S\u00f3wki&#8221; (21.04.2026)\",\"datePublished\":\"2026-04-22T13:24:42+00:00\",\"dateModified\":\"2026-04-22T13:24:44+00:00\",\"mainEntityOfPage\":{\"@id\":\"https:\\\/\\\/biblioteka-gabin.pl\\\/index.php\\\/2026\\\/04\\\/22\\\/spotkanie-z-bajka-w-przedszkolu-samorzadowym-w-gabinie-grupy-skrzaty-jezyki-sowki-21-04-2026\\\/\"},\"wordCount\":240,\"commentCount\":0,\"publisher\":{\"@id\":\"https:\\\/\\\/biblioteka-gabin.pl\\\/#organization\"},\"image\":{\"@id\":\"https:\\\/\\\/biblioteka-gabin.pl\\\/index.php\\\/2026\\\/04\\\/22\\\/spotkanie-z-bajka-w-przedszkolu-samorzadowym-w-gabinie-grupy-skrzaty-jezyki-sowki-21-04-2026\\\/#primaryimage\"},\"thumbnailUrl\":\"https:\\\/\\\/biblioteka-gabin.pl\\\/wp-content\\\/uploads\\\/2026\\\/04\\\/TDLCOjU-.jpg\",\"articleSection\":[\"Galeria\",\"Main\"],\"inLanguage\":\"pl-PL\",\"potentialAction\":[{\"@type\":\"CommentAction\",\"name\":\"Comment\",\"target\":[\"https:\\\/\\\/biblioteka-gabin.pl\\\/index.php\\\/2026\\\/04\\\/22\\\/spotkanie-z-bajka-w-przedszkolu-samorzadowym-w-gabinie-grupy-skrzaty-jezyki-sowki-21-04-2026\\\/#respond\"]}]},{\"@type\":\"WebPage\",\"@id\":\"https:\\\/\\\/biblioteka-gabin.pl\\\/index.php\\\/2026\\\/04\\\/22\\\/spotkanie-z-bajka-w-przedszkolu-samorzadowym-w-gabinie-grupy-skrzaty-jezyki-sowki-21-04-2026\\\/\",\"url\":\"https:\\\/\\\/biblioteka-gabin.pl\\\/index.php\\\/2026\\\/04\\\/22\\\/spotkanie-z-bajka-w-przedszkolu-samorzadowym-w-gabinie-grupy-skrzaty-jezyki-sowki-21-04-2026\\\/\",\"name\":\"\\\"Spotkanie z bajk\u0105\\\" w Przedszkolu Samorz\u0105dowym w G\u0105binie- grupy: \\\"Skrzaty\\\", \\\"Je\u017cyki\\\", \\\"S\u00f3wki\\\" (21.04.2026) - Miejsko-Gminna Biblioteka Publiczna w G\u0105binie\",\"isPartOf\":{\"@id\":\"https:\\\/\\\/biblioteka-gabin.pl\\\/#website\"},\"primaryImageOfPage\":{\"@id\":\"https:\\\/\\\/biblioteka-gabin.pl\\\/index.php\\\/2026\\\/04\\\/22\\\/spotkanie-z-bajka-w-przedszkolu-samorzadowym-w-gabinie-grupy-skrzaty-jezyki-sowki-21-04-2026\\\/#primaryimage\"},\"image\":{\"@id\":\"https:\\\/\\\/biblioteka-gabin.pl\\\/index.php\\\/2026\\\/04\\\/22\\\/spotkanie-z-bajka-w-przedszkolu-samorzadowym-w-gabinie-grupy-skrzaty-jezyki-sowki-21-04-2026\\\/#primaryimage\"},\"thumbnailUrl\":\"https:\\\/\\\/biblioteka-gabin.pl\\\/wp-content\\\/uploads\\\/2026\\\/04\\\/TDLCOjU-.jpg\",\"datePublished\":\"2026-04-22T13:24:42+00:00\",\"dateModified\":\"2026-04-22T13:24:44+00:00\",\"breadcrumb\":{\"@id\":\"https:\\\/\\\/biblioteka-gabin.pl\\\/index.php\\\/2026\\\/04\\\/22\\\/spotkanie-z-bajka-w-przedszkolu-samorzadowym-w-gabinie-grupy-skrzaty-jezyki-sowki-21-04-2026\\\/#breadcrumb\"},\"inLanguage\":\"pl-PL\",\"potentialAction\":[{\"@type\":\"ReadAction\",\"target\":[\"https:\\\/\\\/biblioteka-gabin.pl\\\/index.php\\\/2026\\\/04\\\/22\\\/spotkanie-z-bajka-w-przedszkolu-samorzadowym-w-gabinie-grupy-skrzaty-jezyki-sowki-21-04-2026\\\/\"]}]},{\"@type\":\"ImageObject\",\"inLanguage\":\"pl-PL\",\"@id\":\"https:\\\/\\\/biblioteka-gabin.pl\\\/index.php\\\/2026\\\/04\\\/22\\\/spotkanie-z-bajka-w-przedszkolu-samorzadowym-w-gabinie-grupy-skrzaty-jezyki-sowki-21-04-2026\\\/#primaryimage\",\"url\":\"https:\\\/\\\/biblioteka-gabin.pl\\\/wp-content\\\/uploads\\\/2026\\\/04\\\/TDLCOjU-.jpg\",\"contentUrl\":\"https:\\\/\\\/biblioteka-gabin.pl\\\/wp-content\\\/uploads\\\/2026\\\/04\\\/TDLCOjU-.jpg\",\"width\":1156,\"height\":2049},{\"@type\":\"BreadcrumbList\",\"@id\":\"https:\\\/\\\/biblioteka-gabin.pl\\\/index.php\\\/2026\\\/04\\\/22\\\/spotkanie-z-bajka-w-przedszkolu-samorzadowym-w-gabinie-grupy-skrzaty-jezyki-sowki-21-04-2026\\\/#breadcrumb\",\"itemListElement\":[{\"@type\":\"ListItem\",\"position\":1,\"name\":\"Strona g\u0142\u00f3wna\",\"item\":\"https:\\\/\\\/biblioteka-gabin.pl\\\/\"},{\"@type\":\"ListItem\",\"position\":2,\"name\":\"&#8222;Spotkanie z bajk\u0105&#8221; w Przedszkolu Samorz\u0105dowym w G\u0105binie- grupy: &#8222;Skrzaty&#8221;, &#8222;Je\u017cyki&#8221;, &#8222;S\u00f3wki&#8221; (21.04.2026)\"}]},{\"@type\":\"WebSite\",\"@id\":\"https:\\\/\\\/biblioteka-gabin.pl\\\/#website\",\"url\":\"https:\\\/\\\/biblioteka-gabin.pl\\\/\",\"name\":\"Miejsko-Gminna Biblioteka Publiczna w G\u0105binie\",\"description\":\"\",\"publisher\":{\"@id\":\"https:\\\/\\\/biblioteka-gabin.pl\\\/#organization\"},\"potentialAction\":[{\"@type\":\"SearchAction\",\"target\":{\"@type\":\"EntryPoint\",\"urlTemplate\":\"https:\\\/\\\/biblioteka-gabin.pl\\\/?s={search_term_string}\"},\"query-input\":{\"@type\":\"PropertyValueSpecification\",\"valueRequired\":true,\"valueName\":\"search_term_string\"}}],\"inLanguage\":\"pl-PL\"},{\"@type\":\"Organization\",\"@id\":\"https:\\\/\\\/biblioteka-gabin.pl\\\/#organization\",\"name\":\"Miejsko-Gminna Biblioteka Publiczna w G\u0105binie\",\"url\":\"https:\\\/\\\/biblioteka-gabin.pl\\\/\",\"logo\":{\"@type\":\"ImageObject\",\"inLanguage\":\"pl-PL\",\"@id\":\"https:\\\/\\\/biblioteka-gabin.pl\\\/#\\\/schema\\\/logo\\\/image\\\/\",\"url\":\"https:\\\/\\\/biblioteka-gabin.pl\\\/wp-content\\\/uploads\\\/2025\\\/03\\\/logo-biblioteka-2-1657013691-1.jpg\",\"contentUrl\":\"https:\\\/\\\/biblioteka-gabin.pl\\\/wp-content\\\/uploads\\\/2025\\\/03\\\/logo-biblioteka-2-1657013691-1.jpg\",\"width\":1600,\"height\":772,\"caption\":\"Miejsko-Gminna Biblioteka Publiczna w G\u0105binie\"},\"image\":{\"@id\":\"https:\\\/\\\/biblioteka-gabin.pl\\\/#\\\/schema\\\/logo\\\/image\\\/\"},\"sameAs\":[\"https:\\\/\\\/www.facebook.com\\\/bibliotekagabin\",\"https:\\\/\\\/www.youtube.com\\\/@mgbpgabin9392\"]},{\"@type\":\"Person\",\"@id\":\"https:\\\/\\\/biblioteka-gabin.pl\\\/#\\\/schema\\\/person\\\/c6271403c55804b0c90b1abcdc89a4be\",\"name\":\"j.olejniczak\",\"image\":{\"@type\":\"ImageObject\",\"inLanguage\":\"pl-PL\",\"@id\":\"https:\\\/\\\/secure.gravatar.com\\\/avatar\\\/926a0e21a6bc9c5f3d8b7350eef4c1328c61093f6afee787beeac212421b433a?s=96&d=mm&r=g\",\"url\":\"https:\\\/\\\/secure.gravatar.com\\\/avatar\\\/926a0e21a6bc9c5f3d8b7350eef4c1328c61093f6afee787beeac212421b433a?s=96&d=mm&r=g\",\"contentUrl\":\"https:\\\/\\\/secure.gravatar.com\\\/avatar\\\/926a0e21a6bc9c5f3d8b7350eef4c1328c61093f6afee787beeac212421b433a?s=96&d=mm&r=g\",\"caption\":\"j.olejniczak\"},\"sameAs\":[\"http:\\\/\\\/www.biblioteka-gabin.pl\"],\"url\":\"https:\\\/\\\/biblioteka-gabin.pl\\\/index.php\\\/author\\\/j-olejniczak\\\/\"}]}<\/script>\n<!-- \/ Yoast SEO plugin. -->","yoast_head_json":{"title":"\"Spotkanie z bajk\u0105\" w Przedszkolu Samorz\u0105dowym w G\u0105binie- grupy: \"Skrzaty\", \"Je\u017cyki\", \"S\u00f3wki\" (21.04.2026) - Miejsko-Gminna Biblioteka Publiczna w G\u0105binie","robots":{"index":"index","follow":"follow","max-snippet":"max-snippet:-1","max-image-preview":"max-image-preview:large","max-video-preview":"max-video-preview:-1"},"canonical":"https:\/\/biblioteka-gabin.pl\/index.php\/2026\/04\/22\/spotkanie-z-bajka-w-przedszkolu-samorzadowym-w-gabinie-grupy-skrzaty-jezyki-sowki-21-04-2026\/","og_locale":"pl_PL","og_type":"article","og_title":"\"Spotkanie z bajk\u0105\" w Przedszkolu Samorz\u0105dowym w G\u0105binie- grupy: \"Skrzaty\", \"Je\u017cyki\", \"S\u00f3wki\" (21.04.2026) - Miejsko-Gminna Biblioteka Publiczna w G\u0105binie","og_description":"&nbsp;Wtorkowe spotkanie po\u015bwi\u0119cone zosta\u0142o wyj\u0105tkowemu dniu, jaki obchodzony jest 23","og_url":"https:\/\/biblioteka-gabin.pl\/index.php\/2026\/04\/22\/spotkanie-z-bajka-w-przedszkolu-samorzadowym-w-gabinie-grupy-skrzaty-jezyki-sowki-21-04-2026\/","og_site_name":"Miejsko-Gminna Biblioteka Publiczna w G\u0105binie","article_publisher":"https:\/\/www.facebook.com\/bibliotekagabin","article_published_time":"2026-04-22T13:24:42+00:00","article_modified_time":"2026-04-22T13:24:44+00:00","og_image":[{"width":1156,"height":2049,"url":"https:\/\/biblioteka-gabin.pl\/wp-content\/uploads\/2026\/04\/TDLCOjU-.jpg","type":"image\/jpeg"}],"author":"j.olejniczak","twitter_card":"summary_large_image","twitter_misc":{"Napisane przez":"j.olejniczak","Szacowany czas czytania":"3 minuty"},"schema":{"@context":"https:\/\/schema.org","@graph":[{"@type":"Article","@id":"https:\/\/biblioteka-gabin.pl\/index.php\/2026\/04\/22\/spotkanie-z-bajka-w-przedszkolu-samorzadowym-w-gabinie-grupy-skrzaty-jezyki-sowki-21-04-2026\/#article","isPartOf":{"@id":"https:\/\/biblioteka-gabin.pl\/index.php\/2026\/04\/22\/spotkanie-z-bajka-w-przedszkolu-samorzadowym-w-gabinie-grupy-skrzaty-jezyki-sowki-21-04-2026\/"},"author":{"name":"j.olejniczak","@id":"https:\/\/biblioteka-gabin.pl\/#\/schema\/person\/c6271403c55804b0c90b1abcdc89a4be"},"headline":"&#8222;Spotkanie z bajk\u0105&#8221; w Przedszkolu Samorz\u0105dowym w G\u0105binie- grupy: &#8222;Skrzaty&#8221;, &#8222;Je\u017cyki&#8221;, &#8222;S\u00f3wki&#8221; (21.04.2026)","datePublished":"2026-04-22T13:24:42+00:00","dateModified":"2026-04-22T13:24:44+00:00","mainEntityOfPage":{"@id":"https:\/\/biblioteka-gabin.pl\/index.php\/2026\/04\/22\/spotkanie-z-bajka-w-przedszkolu-samorzadowym-w-gabinie-grupy-skrzaty-jezyki-sowki-21-04-2026\/"},"wordCount":240,"commentCount":0,"publisher":{"@id":"https:\/\/biblioteka-gabin.pl\/#organization"},"image":{"@id":"https:\/\/biblioteka-gabin.pl\/index.php\/2026\/04\/22\/spotkanie-z-bajka-w-przedszkolu-samorzadowym-w-gabinie-grupy-skrzaty-jezyki-sowki-21-04-2026\/#primaryimage"},"thumbnailUrl":"https:\/\/biblioteka-gabin.pl\/wp-content\/uploads\/2026\/04\/TDLCOjU-.jpg","articleSection":["Galeria","Main"],"inLanguage":"pl-PL","potentialAction":[{"@type":"CommentAction","name":"Comment","target":["https:\/\/biblioteka-gabin.pl\/index.php\/2026\/04\/22\/spotkanie-z-bajka-w-przedszkolu-samorzadowym-w-gabinie-grupy-skrzaty-jezyki-sowki-21-04-2026\/#respond"]}]},{"@type":"WebPage","@id":"https:\/\/biblioteka-gabin.pl\/index.php\/2026\/04\/22\/spotkanie-z-bajka-w-przedszkolu-samorzadowym-w-gabinie-grupy-skrzaty-jezyki-sowki-21-04-2026\/","url":"https:\/\/biblioteka-gabin.pl\/index.php\/2026\/04\/22\/spotkanie-z-bajka-w-przedszkolu-samorzadowym-w-gabinie-grupy-skrzaty-jezyki-sowki-21-04-2026\/","name":"\"Spotkanie z bajk\u0105\" w Przedszkolu Samorz\u0105dowym w G\u0105binie- grupy: \"Skrzaty\", \"Je\u017cyki\", \"S\u00f3wki\" (21.04.2026) - Miejsko-Gminna Biblioteka Publiczna w G\u0105binie","isPartOf":{"@id":"https:\/\/biblioteka-gabin.pl\/#website"},"primaryImageOfPage":{"@id":"https:\/\/biblioteka-gabin.pl\/index.php\/2026\/04\/22\/spotkanie-z-bajka-w-przedszkolu-samorzadowym-w-gabinie-grupy-skrzaty-jezyki-sowki-21-04-2026\/#primaryimage"},"image":{"@id":"https:\/\/biblioteka-gabin.pl\/index.php\/2026\/04\/22\/spotkanie-z-bajka-w-przedszkolu-samorzadowym-w-gabinie-grupy-skrzaty-jezyki-sowki-21-04-2026\/#primaryimage"},"thumbnailUrl":"https:\/\/biblioteka-gabin.pl\/wp-content\/uploads\/2026\/04\/TDLCOjU-.jpg","datePublished":"2026-04-22T13:24:42+00:00","dateModified":"2026-04-22T13:24:44+00:00","breadcrumb":{"@id":"https:\/\/biblioteka-gabin.pl\/index.php\/2026\/04\/22\/spotkanie-z-bajka-w-przedszkolu-samorzadowym-w-gabinie-grupy-skrzaty-jezyki-sowki-21-04-2026\/#breadcrumb"},"inLanguage":"pl-PL","potentialAction":[{"@type":"ReadAction","target":["https:\/\/biblioteka-gabin.pl\/index.php\/2026\/04\/22\/spotkanie-z-bajka-w-przedszkolu-samorzadowym-w-gabinie-grupy-skrzaty-jezyki-sowki-21-04-2026\/"]}]},{"@type":"ImageObject","inLanguage":"pl-PL","@id":"https:\/\/biblioteka-gabin.pl\/index.php\/2026\/04\/22\/spotkanie-z-bajka-w-przedszkolu-samorzadowym-w-gabinie-grupy-skrzaty-jezyki-sowki-21-04-2026\/#primaryimage","url":"https:\/\/biblioteka-gabin.pl\/wp-content\/uploads\/2026\/04\/TDLCOjU-.jpg","contentUrl":"https:\/\/biblioteka-gabin.pl\/wp-content\/uploads\/2026\/04\/TDLCOjU-.jpg","width":1156,"height":2049},{"@type":"BreadcrumbList","@id":"https:\/\/biblioteka-gabin.pl\/index.php\/2026\/04\/22\/spotkanie-z-bajka-w-przedszkolu-samorzadowym-w-gabinie-grupy-skrzaty-jezyki-sowki-21-04-2026\/#breadcrumb","itemListElement":[{"@type":"ListItem","position":1,"name":"Strona g\u0142\u00f3wna","item":"https:\/\/biblioteka-gabin.pl\/"},{"@type":"ListItem","position":2,"name":"&#8222;Spotkanie z bajk\u0105&#8221; w Przedszkolu Samorz\u0105dowym w G\u0105binie- grupy: &#8222;Skrzaty&#8221;, &#8222;Je\u017cyki&#8221;, &#8222;S\u00f3wki&#8221; (21.04.2026)"}]},{"@type":"WebSite","@id":"https:\/\/biblioteka-gabin.pl\/#website","url":"https:\/\/biblioteka-gabin.pl\/","name":"Miejsko-Gminna Biblioteka Publiczna w G\u0105binie","description":"","publisher":{"@id":"https:\/\/biblioteka-gabin.pl\/#organization"},"potentialAction":[{"@type":"SearchAction","target":{"@type":"EntryPoint","urlTemplate":"https:\/\/biblioteka-gabin.pl\/?s={search_term_string}"},"query-input":{"@type":"PropertyValueSpecification","valueRequired":true,"valueName":"search_term_string"}}],"inLanguage":"pl-PL"},{"@type":"Organization","@id":"https:\/\/biblioteka-gabin.pl\/#organization","name":"Miejsko-Gminna Biblioteka Publiczna w G\u0105binie","url":"https:\/\/biblioteka-gabin.pl\/","logo":{"@type":"ImageObject","inLanguage":"pl-PL","@id":"https:\/\/biblioteka-gabin.pl\/#\/schema\/logo\/image\/","url":"https:\/\/biblioteka-gabin.pl\/wp-content\/uploads\/2025\/03\/logo-biblioteka-2-1657013691-1.jpg","contentUrl":"https:\/\/biblioteka-gabin.pl\/wp-content\/uploads\/2025\/03\/logo-biblioteka-2-1657013691-1.jpg","width":1600,"height":772,"caption":"Miejsko-Gminna Biblioteka Publiczna w G\u0105binie"},"image":{"@id":"https:\/\/biblioteka-gabin.pl\/#\/schema\/logo\/image\/"},"sameAs":["https:\/\/www.facebook.com\/bibliotekagabin","https:\/\/www.youtube.com\/@mgbpgabin9392"]},{"@type":"Person","@id":"https:\/\/biblioteka-gabin.pl\/#\/schema\/person\/c6271403c55804b0c90b1abcdc89a4be","name":"j.olejniczak","image":{"@type":"ImageObject","inLanguage":"pl-PL","@id":"https:\/\/secure.gravatar.com\/avatar\/926a0e21a6bc9c5f3d8b7350eef4c1328c61093f6afee787beeac212421b433a?s=96&d=mm&r=g","url":"https:\/\/secure.gravatar.com\/avatar\/926a0e21a6bc9c5f3d8b7350eef4c1328c61093f6afee787beeac212421b433a?s=96&d=mm&r=g","contentUrl":"https:\/\/secure.gravatar.com\/avatar\/926a0e21a6bc9c5f3d8b7350eef4c1328c61093f6afee787beeac212421b433a?s=96&d=mm&r=g","caption":"j.olejniczak"},"sameAs":["http:\/\/www.biblioteka-gabin.pl"],"url":"https:\/\/biblioteka-gabin.pl\/index.php\/author\/j-olejniczak\/"}]}},"_links":{"self":[{"href":"https:\/\/biblioteka-gabin.pl\/index.php\/wp-json\/wp\/v2\/posts\/10878","targetHints":{"allow":["GET"]}}],"collection":[{"href":"https:\/\/biblioteka-gabin.pl\/index.php\/wp-json\/wp\/v2\/posts"}],"about":[{"href":"https:\/\/biblioteka-gabin.pl\/index.php\/wp-json\/wp\/v2\/types\/post"}],"author":[{"embeddable":true,"href":"https:\/\/biblioteka-gabin.pl\/index.php\/wp-json\/wp\/v2\/users\/5"}],"replies":[{"embeddable":true,"href":"https:\/\/biblioteka-gabin.pl\/index.php\/wp-json\/wp\/v2\/comments?post=10878"}],"version-history":[{"count":1,"href":"https:\/\/biblioteka-gabin.pl\/index.php\/wp-json\/wp\/v2\/posts\/10878\/revisions"}],"predecessor-version":[{"id":10886,"href":"https:\/\/biblioteka-gabin.pl\/index.php\/wp-json\/wp\/v2\/posts\/10878\/revisions\/10886"}],"wp:featuredmedia":[{"embeddable":true,"href":"https:\/\/biblioteka-gabin.pl\/index.php\/wp-json\/wp\/v2\/media\/10880"}],"wp:attachment":[{"href":"https:\/\/biblioteka-gabin.pl\/index.php\/wp-json\/wp\/v2\/media?parent=10878"}],"wp:term":[{"taxonomy":"category","embeddable":true,"href":"https:\/\/biblioteka-gabin.pl\/index.php\/wp-json\/wp\/v2\/categories?post=10878"},{"taxonomy":"post_tag","embeddable":true,"href":"https:\/\/biblioteka-gabin.pl\/index.php\/wp-json\/wp\/v2\/tags?post=10878"}],"curies":[{"name":"wp","href":"https:\/\/api.w.org\/{rel}","templated":true}]}}