{"id":10926,"date":"2026-04-29T10:14:01","date_gmt":"2026-04-29T10:14:01","guid":{"rendered":"https:\/\/biblioteka-gabin.pl\/?p=10926"},"modified":"2026-04-29T10:16:20","modified_gmt":"2026-04-29T10:16:20","slug":"grupa-jagodek-z-oddzialu-przedszkolnego-przy-szkole-podstawowej-w-gabinie-z-wizyta-w-bibliotece-29-04-2026","status":"publish","type":"post","link":"https:\/\/biblioteka-gabin.pl\/index.php\/2026\/04\/29\/grupa-jagodek-z-oddzialu-przedszkolnego-przy-szkole-podstawowej-w-gabinie-z-wizyta-w-bibliotece-29-04-2026\/","title":{"rendered":"Grupa \u00a0\u201eJag\u00f3dek\u201d z Oddzia\u0142u Przedszkolnego przy Szkole Podstawowej w G\u0105binie z wizyt\u0105 w Bibliotece (29.04.2026)"},"content":{"rendered":"\n<p>W dniu 29 kwietnia w Miejsko-Gminnej Bibliotece Publicznej w G\u0105binie odby\u0142o si\u0119 spotkanie, kt\u00f3rego g\u0142\u00f3wnym celem by\u0142o zapoznanie dzieci z funkcjonowaniem biblioteki, zasadami korzystania z jej zbior\u00f3w oraz kszta\u0142towania szacunku od najm\u0142odszych lat.<\/p>\n\n\n\n<p>Om\u00f3wione zosta\u0142y zasady zapisu do biblioteki, dzieci dowiedzia\u0142y si\u0119, \u017ce aby zosta\u0107 czytelnikiem nale\u017cy zapisa\u0107 si\u0119 w obecno\u015bci rodzica. Po za\u0142o\u017ceniu karty bibliotecznej, kt\u00f3ra umo\u017cliwia wypo\u017cyczanie ksi\u0105\u017cek, obowi\u0105zkowo mo\u017cna skorzysta\u0107 z K\u0105cika M\u0142odego Czytelnika- kt\u00f3ry zaprasza po literatur\u0119 przeznaczon\u0105 dla dzieci. Wyja\u015bniono tak\u017ce jak wygl\u0105da proces wypo\u017cyczania ksi\u0105\u017cek oraz dlaczego wa\u017cne jej dotrzymywanie&nbsp; ustalonych termin\u00f3w. Du\u017cy nacisk po\u0142o\u017cono na w\u0142a\u015bciwe obchodzenie si\u0119 z ksi\u0105\u017ckami.<\/p>\n\n\n\n<p>Jak si\u0119 p\u00f3\u017aniej okaza\u0142o, najbardziej ciekaw\u0105 i wyczekiwana cz\u0119\u015bci\u0105 spotkania by\u0142o wsp\u00f3lne czytanie ksi\u0105\u017cki E. Seleny pt. \u201eMuminki szukaj\u0105 domu\u201d, w formie rozk\u0142adanej 3 D. Dzieci z du\u017cym zainteresowaniem s\u0142ucha\u0142y opowie\u015bci oraz ogl\u0105da\u0142y przestrzenne ilustracje, kt\u00f3re pobudza\u0142y ich wyobra\u017ani\u0119 i sprawia\u0142y, \u017ce historia stawa\u0142a si\u0119 jeszcze bardziej atrakcyjna.<\/p>\n\n\n\n<p>Dodatkowo grupa obejrza\u0142a na tablicy multimedialnej bajk\u0119 pt. \u201ePrzygoda w bibliotece\u201d.<\/p>\n\n\n\n<p>Na zako\u0144czenie wizyty w&nbsp; bibliotece przeprowadzona zosta\u0142a z dzie\u0107mi zabawa w zgadywanki, dotycz\u0105ce bohater\u00f3w ksi\u0105\u017ckowych, z kt\u00f3rymi grupa poradzi\u0142a sobie znakomicie.<\/p>\n\n\n\n<p>Serdeczne podzi\u0119kowania dla Pa\u0144 i uroczych \u201eJag\u00f3dek\u201d za to dzisiejsze spotkanie, pi\u0119knie dzi\u0119kujemy za wspania\u0142y prezent, kt\u00f3ry znajdzie wyj\u0105tkowe miejsce w naszej bibliotece. Zapraszamy cz\u0119\u015bciej do odwiedzania naszej Ksi\u0105\u017cnicy.<\/p>\n\n\n\n<p>&nbsp;&nbsp;&nbsp;&nbsp;&nbsp;&nbsp;&nbsp;&nbsp;&nbsp;&nbsp;&nbsp;&nbsp;&nbsp;&nbsp;&nbsp;&nbsp;&nbsp;&nbsp;&nbsp;&nbsp;&nbsp;&nbsp;&nbsp;&nbsp;&nbsp;&nbsp;&nbsp;&nbsp;&nbsp;&nbsp;&nbsp;&nbsp;&nbsp;&nbsp;&nbsp;&nbsp;&nbsp;&nbsp;&nbsp;&nbsp;&nbsp;&nbsp; Opr. Joanna Olejniczak<\/p>\n\n\n\n<figure class=\"wp-block-image size-large\"><img loading=\"lazy\" decoding=\"async\" width=\"578\" height=\"1024\" src=\"https:\/\/biblioteka-gabin.pl\/wp-content\/uploads\/2026\/04\/Bton1ODK-578x1024.jpg\" alt=\"\" class=\"wp-image-10927\" srcset=\"https:\/\/biblioteka-gabin.pl\/wp-content\/uploads\/2026\/04\/Bton1ODK-578x1024.jpg 578w, https:\/\/biblioteka-gabin.pl\/wp-content\/uploads\/2026\/04\/Bton1ODK-169x300.jpg 169w, https:\/\/biblioteka-gabin.pl\/wp-content\/uploads\/2026\/04\/Bton1ODK-768x1361.jpg 768w, https:\/\/biblioteka-gabin.pl\/wp-content\/uploads\/2026\/04\/Bton1ODK-867x1536.jpg 867w, https:\/\/biblioteka-gabin.pl\/wp-content\/uploads\/2026\/04\/Bton1ODK-1024x1815.jpg 1024w, https:\/\/biblioteka-gabin.pl\/wp-content\/uploads\/2026\/04\/Bton1ODK.jpg 1156w\" sizes=\"auto, (max-width: 578px) 100vw, 578px\" \/><\/figure>\n\n\n\n<figure class=\"wp-block-image size-large\"><img loading=\"lazy\" decoding=\"async\" width=\"578\" height=\"1024\" src=\"https:\/\/biblioteka-gabin.pl\/wp-content\/uploads\/2026\/04\/85Rt90fT-578x1024.jpg\" alt=\"\" class=\"wp-image-10928\" srcset=\"https:\/\/biblioteka-gabin.pl\/wp-content\/uploads\/2026\/04\/85Rt90fT-578x1024.jpg 578w, https:\/\/biblioteka-gabin.pl\/wp-content\/uploads\/2026\/04\/85Rt90fT-169x300.jpg 169w, https:\/\/biblioteka-gabin.pl\/wp-content\/uploads\/2026\/04\/85Rt90fT-768x1361.jpg 768w, https:\/\/biblioteka-gabin.pl\/wp-content\/uploads\/2026\/04\/85Rt90fT-867x1536.jpg 867w, https:\/\/biblioteka-gabin.pl\/wp-content\/uploads\/2026\/04\/85Rt90fT-1024x1815.jpg 1024w, https:\/\/biblioteka-gabin.pl\/wp-content\/uploads\/2026\/04\/85Rt90fT.jpg 1156w\" sizes=\"auto, (max-width: 578px) 100vw, 578px\" \/><\/figure>\n\n\n\n<figure class=\"wp-block-image size-large\"><img loading=\"lazy\" decoding=\"async\" width=\"578\" height=\"1024\" src=\"https:\/\/biblioteka-gabin.pl\/wp-content\/uploads\/2026\/04\/bNIufDqG-578x1024.jpg\" alt=\"\" class=\"wp-image-10929\" srcset=\"https:\/\/biblioteka-gabin.pl\/wp-content\/uploads\/2026\/04\/bNIufDqG-578x1024.jpg 578w, https:\/\/biblioteka-gabin.pl\/wp-content\/uploads\/2026\/04\/bNIufDqG-169x300.jpg 169w, https:\/\/biblioteka-gabin.pl\/wp-content\/uploads\/2026\/04\/bNIufDqG-768x1361.jpg 768w, https:\/\/biblioteka-gabin.pl\/wp-content\/uploads\/2026\/04\/bNIufDqG-867x1536.jpg 867w, https:\/\/biblioteka-gabin.pl\/wp-content\/uploads\/2026\/04\/bNIufDqG-1024x1815.jpg 1024w, https:\/\/biblioteka-gabin.pl\/wp-content\/uploads\/2026\/04\/bNIufDqG.jpg 1156w\" sizes=\"auto, (max-width: 578px) 100vw, 578px\" \/><\/figure>\n\n\n\n<figure class=\"wp-block-image size-large\"><img loading=\"lazy\" decoding=\"async\" width=\"578\" height=\"1024\" src=\"https:\/\/biblioteka-gabin.pl\/wp-content\/uploads\/2026\/04\/cqWyIdqr-578x1024.jpg\" alt=\"\" class=\"wp-image-10930\" srcset=\"https:\/\/biblioteka-gabin.pl\/wp-content\/uploads\/2026\/04\/cqWyIdqr-578x1024.jpg 578w, https:\/\/biblioteka-gabin.pl\/wp-content\/uploads\/2026\/04\/cqWyIdqr-169x300.jpg 169w, https:\/\/biblioteka-gabin.pl\/wp-content\/uploads\/2026\/04\/cqWyIdqr-768x1361.jpg 768w, https:\/\/biblioteka-gabin.pl\/wp-content\/uploads\/2026\/04\/cqWyIdqr-867x1536.jpg 867w, https:\/\/biblioteka-gabin.pl\/wp-content\/uploads\/2026\/04\/cqWyIdqr-1024x1815.jpg 1024w, https:\/\/biblioteka-gabin.pl\/wp-content\/uploads\/2026\/04\/cqWyIdqr.jpg 1156w\" sizes=\"auto, (max-width: 578px) 100vw, 578px\" \/><\/figure>\n\n\n\n<figure class=\"wp-block-image size-large\"><img loading=\"lazy\" decoding=\"async\" width=\"578\" height=\"1024\" src=\"https:\/\/biblioteka-gabin.pl\/wp-content\/uploads\/2026\/04\/E41LU9FF-578x1024.jpg\" alt=\"\" class=\"wp-image-10931\" srcset=\"https:\/\/biblioteka-gabin.pl\/wp-content\/uploads\/2026\/04\/E41LU9FF-578x1024.jpg 578w, https:\/\/biblioteka-gabin.pl\/wp-content\/uploads\/2026\/04\/E41LU9FF-169x300.jpg 169w, https:\/\/biblioteka-gabin.pl\/wp-content\/uploads\/2026\/04\/E41LU9FF-768x1361.jpg 768w, https:\/\/biblioteka-gabin.pl\/wp-content\/uploads\/2026\/04\/E41LU9FF-867x1536.jpg 867w, https:\/\/biblioteka-gabin.pl\/wp-content\/uploads\/2026\/04\/E41LU9FF-1024x1815.jpg 1024w, https:\/\/biblioteka-gabin.pl\/wp-content\/uploads\/2026\/04\/E41LU9FF.jpg 1156w\" sizes=\"auto, (max-width: 578px) 100vw, 578px\" \/><\/figure>\n\n\n\n<figure class=\"wp-block-image size-large\"><img loading=\"lazy\" decoding=\"async\" width=\"578\" height=\"1024\" src=\"https:\/\/biblioteka-gabin.pl\/wp-content\/uploads\/2026\/04\/epR3Dzl-578x1024.jpg\" alt=\"\" class=\"wp-image-10932\" srcset=\"https:\/\/biblioteka-gabin.pl\/wp-content\/uploads\/2026\/04\/epR3Dzl-578x1024.jpg 578w, https:\/\/biblioteka-gabin.pl\/wp-content\/uploads\/2026\/04\/epR3Dzl-169x300.jpg 169w, https:\/\/biblioteka-gabin.pl\/wp-content\/uploads\/2026\/04\/epR3Dzl-768x1361.jpg 768w, https:\/\/biblioteka-gabin.pl\/wp-content\/uploads\/2026\/04\/epR3Dzl-867x1536.jpg 867w, https:\/\/biblioteka-gabin.pl\/wp-content\/uploads\/2026\/04\/epR3Dzl-1024x1815.jpg 1024w, https:\/\/biblioteka-gabin.pl\/wp-content\/uploads\/2026\/04\/epR3Dzl.jpg 1156w\" sizes=\"auto, (max-width: 578px) 100vw, 578px\" \/><\/figure>\n\n\n\n<figure class=\"wp-block-image size-large\"><img loading=\"lazy\" decoding=\"async\" width=\"578\" height=\"1024\" src=\"https:\/\/biblioteka-gabin.pl\/wp-content\/uploads\/2026\/04\/F4g6D-6v-578x1024.jpg\" alt=\"\" class=\"wp-image-10933\" srcset=\"https:\/\/biblioteka-gabin.pl\/wp-content\/uploads\/2026\/04\/F4g6D-6v-578x1024.jpg 578w, https:\/\/biblioteka-gabin.pl\/wp-content\/uploads\/2026\/04\/F4g6D-6v-169x300.jpg 169w, https:\/\/biblioteka-gabin.pl\/wp-content\/uploads\/2026\/04\/F4g6D-6v-768x1361.jpg 768w, https:\/\/biblioteka-gabin.pl\/wp-content\/uploads\/2026\/04\/F4g6D-6v-867x1536.jpg 867w, https:\/\/biblioteka-gabin.pl\/wp-content\/uploads\/2026\/04\/F4g6D-6v-1024x1815.jpg 1024w, https:\/\/biblioteka-gabin.pl\/wp-content\/uploads\/2026\/04\/F4g6D-6v.jpg 1156w\" sizes=\"auto, (max-width: 578px) 100vw, 578px\" \/><\/figure>\n\n\n\n<figure class=\"wp-block-image size-large\"><img loading=\"lazy\" decoding=\"async\" width=\"1024\" height=\"578\" src=\"https:\/\/biblioteka-gabin.pl\/wp-content\/uploads\/2026\/04\/mdww_cR2-1024x578.jpg\" alt=\"\" class=\"wp-image-10934\" srcset=\"https:\/\/biblioteka-gabin.pl\/wp-content\/uploads\/2026\/04\/mdww_cR2-1024x578.jpg 1024w, https:\/\/biblioteka-gabin.pl\/wp-content\/uploads\/2026\/04\/mdww_cR2-300x169.jpg 300w, https:\/\/biblioteka-gabin.pl\/wp-content\/uploads\/2026\/04\/mdww_cR2-768x433.jpg 768w, https:\/\/biblioteka-gabin.pl\/wp-content\/uploads\/2026\/04\/mdww_cR2-1536x866.jpg 1536w, https:\/\/biblioteka-gabin.pl\/wp-content\/uploads\/2026\/04\/mdww_cR2.jpg 2048w\" sizes=\"auto, (max-width: 1024px) 100vw, 1024px\" \/><\/figure>\n\n\n\n<figure class=\"wp-block-image size-large\"><img loading=\"lazy\" decoding=\"async\" width=\"578\" height=\"1024\" src=\"https:\/\/biblioteka-gabin.pl\/wp-content\/uploads\/2026\/04\/kX3j5qHM-578x1024.jpg\" alt=\"\" class=\"wp-image-10935\" srcset=\"https:\/\/biblioteka-gabin.pl\/wp-content\/uploads\/2026\/04\/kX3j5qHM-578x1024.jpg 578w, https:\/\/biblioteka-gabin.pl\/wp-content\/uploads\/2026\/04\/kX3j5qHM-169x300.jpg 169w, https:\/\/biblioteka-gabin.pl\/wp-content\/uploads\/2026\/04\/kX3j5qHM-768x1361.jpg 768w, https:\/\/biblioteka-gabin.pl\/wp-content\/uploads\/2026\/04\/kX3j5qHM-867x1536.jpg 867w, https:\/\/biblioteka-gabin.pl\/wp-content\/uploads\/2026\/04\/kX3j5qHM-1024x1815.jpg 1024w, https:\/\/biblioteka-gabin.pl\/wp-content\/uploads\/2026\/04\/kX3j5qHM.jpg 1156w\" sizes=\"auto, (max-width: 578px) 100vw, 578px\" \/><\/figure>\n\n\n\n<figure class=\"wp-block-image size-large\"><img loading=\"lazy\" decoding=\"async\" width=\"782\" height=\"1024\" src=\"https:\/\/biblioteka-gabin.pl\/wp-content\/uploads\/2026\/04\/kMs2jiY_-782x1024.jpg\" alt=\"\" class=\"wp-image-10936\" srcset=\"https:\/\/biblioteka-gabin.pl\/wp-content\/uploads\/2026\/04\/kMs2jiY_-782x1024.jpg 782w, https:\/\/biblioteka-gabin.pl\/wp-content\/uploads\/2026\/04\/kMs2jiY_-229x300.jpg 229w, https:\/\/biblioteka-gabin.pl\/wp-content\/uploads\/2026\/04\/kMs2jiY_-768x1006.jpg 768w, https:\/\/biblioteka-gabin.pl\/wp-content\/uploads\/2026\/04\/kMs2jiY_-1173x1536.jpg 1173w, https:\/\/biblioteka-gabin.pl\/wp-content\/uploads\/2026\/04\/kMs2jiY_-1024x1341.jpg 1024w, https:\/\/biblioteka-gabin.pl\/wp-content\/uploads\/2026\/04\/kMs2jiY_.jpg 1564w\" sizes=\"auto, (max-width: 782px) 100vw, 782px\" \/><\/figure>\n\n\n\n<figure class=\"wp-block-image size-large\"><img loading=\"lazy\" decoding=\"async\" width=\"1024\" height=\"578\" src=\"https:\/\/biblioteka-gabin.pl\/wp-content\/uploads\/2026\/04\/rNAuDRN6-1024x578.jpg\" alt=\"\" class=\"wp-image-10937\" srcset=\"https:\/\/biblioteka-gabin.pl\/wp-content\/uploads\/2026\/04\/rNAuDRN6-1024x578.jpg 1024w, https:\/\/biblioteka-gabin.pl\/wp-content\/uploads\/2026\/04\/rNAuDRN6-300x169.jpg 300w, https:\/\/biblioteka-gabin.pl\/wp-content\/uploads\/2026\/04\/rNAuDRN6-768x433.jpg 768w, https:\/\/biblioteka-gabin.pl\/wp-content\/uploads\/2026\/04\/rNAuDRN6-1536x866.jpg 1536w, https:\/\/biblioteka-gabin.pl\/wp-content\/uploads\/2026\/04\/rNAuDRN6.jpg 2048w\" sizes=\"auto, (max-width: 1024px) 100vw, 1024px\" \/><\/figure>\n\n\n\n<figure class=\"wp-block-image size-large\"><img loading=\"lazy\" decoding=\"async\" width=\"631\" height=\"1024\" src=\"https:\/\/biblioteka-gabin.pl\/wp-content\/uploads\/2026\/04\/t1YUnIlj-631x1024.jpg\" alt=\"\" class=\"wp-image-10938\" srcset=\"https:\/\/biblioteka-gabin.pl\/wp-content\/uploads\/2026\/04\/t1YUnIlj-631x1024.jpg 631w, https:\/\/biblioteka-gabin.pl\/wp-content\/uploads\/2026\/04\/t1YUnIlj-185x300.jpg 185w, https:\/\/biblioteka-gabin.pl\/wp-content\/uploads\/2026\/04\/t1YUnIlj-768x1247.jpg 768w, https:\/\/biblioteka-gabin.pl\/wp-content\/uploads\/2026\/04\/t1YUnIlj-946x1536.jpg 946w, https:\/\/biblioteka-gabin.pl\/wp-content\/uploads\/2026\/04\/t1YUnIlj-1024x1663.jpg 1024w, https:\/\/biblioteka-gabin.pl\/wp-content\/uploads\/2026\/04\/t1YUnIlj.jpg 1262w\" sizes=\"auto, (max-width: 631px) 100vw, 631px\" \/><\/figure>\n\n\n\n<figure class=\"wp-block-image size-large\"><img loading=\"lazy\" decoding=\"async\" width=\"1024\" height=\"578\" src=\"https:\/\/biblioteka-gabin.pl\/wp-content\/uploads\/2026\/04\/xrqyZ0BV-1024x578.jpg\" alt=\"\" class=\"wp-image-10939\" srcset=\"https:\/\/biblioteka-gabin.pl\/wp-content\/uploads\/2026\/04\/xrqyZ0BV-1024x578.jpg 1024w, https:\/\/biblioteka-gabin.pl\/wp-content\/uploads\/2026\/04\/xrqyZ0BV-300x169.jpg 300w, https:\/\/biblioteka-gabin.pl\/wp-content\/uploads\/2026\/04\/xrqyZ0BV-768x433.jpg 768w, https:\/\/biblioteka-gabin.pl\/wp-content\/uploads\/2026\/04\/xrqyZ0BV-1536x866.jpg 1536w, https:\/\/biblioteka-gabin.pl\/wp-content\/uploads\/2026\/04\/xrqyZ0BV.jpg 2048w\" sizes=\"auto, (max-width: 1024px) 100vw, 1024px\" \/><\/figure>\n\n\n\n<figure class=\"wp-block-image size-large\"><img loading=\"lazy\" decoding=\"async\" width=\"1024\" height=\"578\" src=\"https:\/\/biblioteka-gabin.pl\/wp-content\/uploads\/2026\/04\/uNhVYjA4-1024x578.jpg\" alt=\"\" class=\"wp-image-10942\" srcset=\"https:\/\/biblioteka-gabin.pl\/wp-content\/uploads\/2026\/04\/uNhVYjA4-1024x578.jpg 1024w, https:\/\/biblioteka-gabin.pl\/wp-content\/uploads\/2026\/04\/uNhVYjA4-300x169.jpg 300w, https:\/\/biblioteka-gabin.pl\/wp-content\/uploads\/2026\/04\/uNhVYjA4-768x433.jpg 768w, https:\/\/biblioteka-gabin.pl\/wp-content\/uploads\/2026\/04\/uNhVYjA4-1536x866.jpg 1536w, https:\/\/biblioteka-gabin.pl\/wp-content\/uploads\/2026\/04\/uNhVYjA4.jpg 2048w\" sizes=\"auto, (max-width: 1024px) 100vw, 1024px\" \/><\/figure>\n","protected":false},"excerpt":{"rendered":"<p>W dniu 29 kwietnia w Miejsko-Gminnej Bibliotece Publicznej w G\u0105binie<\/p>\n","protected":false},"author":5,"featured_media":10927,"comment_status":"open","ping_status":"open","sticky":false,"template":"","format":"standard","meta":{"footnotes":""},"categories":[37,36],"tags":[],"class_list":["post-10926","post","type-post","status-publish","format-standard","has-post-thumbnail","hentry","category-galeria","category-main"],"yoast_head":"<!-- This site is optimized with the Yoast SEO plugin v27.4 - https:\/\/yoast.com\/product\/yoast-seo-wordpress\/ -->\n<title>Grupa \u00a0\u201eJag\u00f3dek\u201d z Oddzia\u0142u Przedszkolnego przy Szkole Podstawowej w G\u0105binie z wizyt\u0105 w Bibliotece (29.04.2026) - Miejsko-Gminna Biblioteka Publiczna w G\u0105binie<\/title>\n<meta name=\"robots\" content=\"index, follow, max-snippet:-1, max-image-preview:large, max-video-preview:-1\" \/>\n<link rel=\"canonical\" href=\"https:\/\/biblioteka-gabin.pl\/index.php\/2026\/04\/29\/grupa-jagodek-z-oddzialu-przedszkolnego-przy-szkole-podstawowej-w-gabinie-z-wizyta-w-bibliotece-29-04-2026\/\" \/>\n<meta property=\"og:locale\" content=\"pl_PL\" \/>\n<meta property=\"og:type\" content=\"article\" \/>\n<meta property=\"og:title\" content=\"Grupa \u00a0\u201eJag\u00f3dek\u201d z Oddzia\u0142u Przedszkolnego przy Szkole Podstawowej w G\u0105binie z wizyt\u0105 w Bibliotece (29.04.2026) - Miejsko-Gminna Biblioteka Publiczna w G\u0105binie\" \/>\n<meta property=\"og:description\" content=\"W dniu 29 kwietnia w Miejsko-Gminnej Bibliotece Publicznej w G\u0105binie\" \/>\n<meta property=\"og:url\" content=\"https:\/\/biblioteka-gabin.pl\/index.php\/2026\/04\/29\/grupa-jagodek-z-oddzialu-przedszkolnego-przy-szkole-podstawowej-w-gabinie-z-wizyta-w-bibliotece-29-04-2026\/\" \/>\n<meta property=\"og:site_name\" content=\"Miejsko-Gminna Biblioteka Publiczna w G\u0105binie\" \/>\n<meta property=\"article:publisher\" content=\"https:\/\/www.facebook.com\/bibliotekagabin\" \/>\n<meta property=\"article:published_time\" content=\"2026-04-29T10:14:01+00:00\" \/>\n<meta property=\"article:modified_time\" content=\"2026-04-29T10:16:20+00:00\" \/>\n<meta property=\"og:image\" content=\"http:\/\/biblioteka-gabin.pl\/wp-content\/uploads\/2026\/04\/Bton1ODK.jpg\" \/>\n\t<meta property=\"og:image:width\" content=\"1156\" \/>\n\t<meta property=\"og:image:height\" content=\"2049\" \/>\n\t<meta property=\"og:image:type\" content=\"image\/jpeg\" \/>\n<meta name=\"author\" content=\"j.olejniczak\" \/>\n<meta name=\"twitter:card\" content=\"summary_large_image\" \/>\n<meta name=\"twitter:label1\" content=\"Napisane przez\" \/>\n\t<meta name=\"twitter:data1\" content=\"j.olejniczak\" \/>\n\t<meta name=\"twitter:label2\" content=\"Szacowany czas czytania\" \/>\n\t<meta name=\"twitter:data2\" content=\"5 minut\" \/>\n<script type=\"application\/ld+json\" class=\"yoast-schema-graph\">{\"@context\":\"https:\\\/\\\/schema.org\",\"@graph\":[{\"@type\":\"Article\",\"@id\":\"https:\\\/\\\/biblioteka-gabin.pl\\\/index.php\\\/2026\\\/04\\\/29\\\/grupa-jagodek-z-oddzialu-przedszkolnego-przy-szkole-podstawowej-w-gabinie-z-wizyta-w-bibliotece-29-04-2026\\\/#article\",\"isPartOf\":{\"@id\":\"https:\\\/\\\/biblioteka-gabin.pl\\\/index.php\\\/2026\\\/04\\\/29\\\/grupa-jagodek-z-oddzialu-przedszkolnego-przy-szkole-podstawowej-w-gabinie-z-wizyta-w-bibliotece-29-04-2026\\\/\"},\"author\":{\"name\":\"j.olejniczak\",\"@id\":\"https:\\\/\\\/biblioteka-gabin.pl\\\/#\\\/schema\\\/person\\\/c6271403c55804b0c90b1abcdc89a4be\"},\"headline\":\"Grupa \u00a0\u201eJag\u00f3dek\u201d z Oddzia\u0142u Przedszkolnego przy Szkole Podstawowej w G\u0105binie z wizyt\u0105 w Bibliotece (29.04.2026)\",\"datePublished\":\"2026-04-29T10:14:01+00:00\",\"dateModified\":\"2026-04-29T10:16:20+00:00\",\"mainEntityOfPage\":{\"@id\":\"https:\\\/\\\/biblioteka-gabin.pl\\\/index.php\\\/2026\\\/04\\\/29\\\/grupa-jagodek-z-oddzialu-przedszkolnego-przy-szkole-podstawowej-w-gabinie-z-wizyta-w-bibliotece-29-04-2026\\\/\"},\"wordCount\":341,\"commentCount\":0,\"publisher\":{\"@id\":\"https:\\\/\\\/biblioteka-gabin.pl\\\/#organization\"},\"image\":{\"@id\":\"https:\\\/\\\/biblioteka-gabin.pl\\\/index.php\\\/2026\\\/04\\\/29\\\/grupa-jagodek-z-oddzialu-przedszkolnego-przy-szkole-podstawowej-w-gabinie-z-wizyta-w-bibliotece-29-04-2026\\\/#primaryimage\"},\"thumbnailUrl\":\"https:\\\/\\\/biblioteka-gabin.pl\\\/wp-content\\\/uploads\\\/2026\\\/04\\\/Bton1ODK.jpg\",\"articleSection\":[\"Galeria\",\"Main\"],\"inLanguage\":\"pl-PL\",\"potentialAction\":[{\"@type\":\"CommentAction\",\"name\":\"Comment\",\"target\":[\"https:\\\/\\\/biblioteka-gabin.pl\\\/index.php\\\/2026\\\/04\\\/29\\\/grupa-jagodek-z-oddzialu-przedszkolnego-przy-szkole-podstawowej-w-gabinie-z-wizyta-w-bibliotece-29-04-2026\\\/#respond\"]}]},{\"@type\":\"WebPage\",\"@id\":\"https:\\\/\\\/biblioteka-gabin.pl\\\/index.php\\\/2026\\\/04\\\/29\\\/grupa-jagodek-z-oddzialu-przedszkolnego-przy-szkole-podstawowej-w-gabinie-z-wizyta-w-bibliotece-29-04-2026\\\/\",\"url\":\"https:\\\/\\\/biblioteka-gabin.pl\\\/index.php\\\/2026\\\/04\\\/29\\\/grupa-jagodek-z-oddzialu-przedszkolnego-przy-szkole-podstawowej-w-gabinie-z-wizyta-w-bibliotece-29-04-2026\\\/\",\"name\":\"Grupa \u00a0\u201eJag\u00f3dek\u201d z Oddzia\u0142u Przedszkolnego przy Szkole Podstawowej w G\u0105binie z wizyt\u0105 w Bibliotece (29.04.2026) - Miejsko-Gminna Biblioteka Publiczna w G\u0105binie\",\"isPartOf\":{\"@id\":\"https:\\\/\\\/biblioteka-gabin.pl\\\/#website\"},\"primaryImageOfPage\":{\"@id\":\"https:\\\/\\\/biblioteka-gabin.pl\\\/index.php\\\/2026\\\/04\\\/29\\\/grupa-jagodek-z-oddzialu-przedszkolnego-przy-szkole-podstawowej-w-gabinie-z-wizyta-w-bibliotece-29-04-2026\\\/#primaryimage\"},\"image\":{\"@id\":\"https:\\\/\\\/biblioteka-gabin.pl\\\/index.php\\\/2026\\\/04\\\/29\\\/grupa-jagodek-z-oddzialu-przedszkolnego-przy-szkole-podstawowej-w-gabinie-z-wizyta-w-bibliotece-29-04-2026\\\/#primaryimage\"},\"thumbnailUrl\":\"https:\\\/\\\/biblioteka-gabin.pl\\\/wp-content\\\/uploads\\\/2026\\\/04\\\/Bton1ODK.jpg\",\"datePublished\":\"2026-04-29T10:14:01+00:00\",\"dateModified\":\"2026-04-29T10:16:20+00:00\",\"breadcrumb\":{\"@id\":\"https:\\\/\\\/biblioteka-gabin.pl\\\/index.php\\\/2026\\\/04\\\/29\\\/grupa-jagodek-z-oddzialu-przedszkolnego-przy-szkole-podstawowej-w-gabinie-z-wizyta-w-bibliotece-29-04-2026\\\/#breadcrumb\"},\"inLanguage\":\"pl-PL\",\"potentialAction\":[{\"@type\":\"ReadAction\",\"target\":[\"https:\\\/\\\/biblioteka-gabin.pl\\\/index.php\\\/2026\\\/04\\\/29\\\/grupa-jagodek-z-oddzialu-przedszkolnego-przy-szkole-podstawowej-w-gabinie-z-wizyta-w-bibliotece-29-04-2026\\\/\"]}]},{\"@type\":\"ImageObject\",\"inLanguage\":\"pl-PL\",\"@id\":\"https:\\\/\\\/biblioteka-gabin.pl\\\/index.php\\\/2026\\\/04\\\/29\\\/grupa-jagodek-z-oddzialu-przedszkolnego-przy-szkole-podstawowej-w-gabinie-z-wizyta-w-bibliotece-29-04-2026\\\/#primaryimage\",\"url\":\"https:\\\/\\\/biblioteka-gabin.pl\\\/wp-content\\\/uploads\\\/2026\\\/04\\\/Bton1ODK.jpg\",\"contentUrl\":\"https:\\\/\\\/biblioteka-gabin.pl\\\/wp-content\\\/uploads\\\/2026\\\/04\\\/Bton1ODK.jpg\",\"width\":1156,\"height\":2049},{\"@type\":\"BreadcrumbList\",\"@id\":\"https:\\\/\\\/biblioteka-gabin.pl\\\/index.php\\\/2026\\\/04\\\/29\\\/grupa-jagodek-z-oddzialu-przedszkolnego-przy-szkole-podstawowej-w-gabinie-z-wizyta-w-bibliotece-29-04-2026\\\/#breadcrumb\",\"itemListElement\":[{\"@type\":\"ListItem\",\"position\":1,\"name\":\"Strona g\u0142\u00f3wna\",\"item\":\"https:\\\/\\\/biblioteka-gabin.pl\\\/\"},{\"@type\":\"ListItem\",\"position\":2,\"name\":\"Grupa \u00a0\u201eJag\u00f3dek\u201d z Oddzia\u0142u Przedszkolnego przy Szkole Podstawowej w G\u0105binie z wizyt\u0105 w Bibliotece (29.04.2026)\"}]},{\"@type\":\"WebSite\",\"@id\":\"https:\\\/\\\/biblioteka-gabin.pl\\\/#website\",\"url\":\"https:\\\/\\\/biblioteka-gabin.pl\\\/\",\"name\":\"Miejsko-Gminna Biblioteka Publiczna w G\u0105binie\",\"description\":\"\",\"publisher\":{\"@id\":\"https:\\\/\\\/biblioteka-gabin.pl\\\/#organization\"},\"potentialAction\":[{\"@type\":\"SearchAction\",\"target\":{\"@type\":\"EntryPoint\",\"urlTemplate\":\"https:\\\/\\\/biblioteka-gabin.pl\\\/?s={search_term_string}\"},\"query-input\":{\"@type\":\"PropertyValueSpecification\",\"valueRequired\":true,\"valueName\":\"search_term_string\"}}],\"inLanguage\":\"pl-PL\"},{\"@type\":\"Organization\",\"@id\":\"https:\\\/\\\/biblioteka-gabin.pl\\\/#organization\",\"name\":\"Miejsko-Gminna Biblioteka Publiczna w G\u0105binie\",\"url\":\"https:\\\/\\\/biblioteka-gabin.pl\\\/\",\"logo\":{\"@type\":\"ImageObject\",\"inLanguage\":\"pl-PL\",\"@id\":\"https:\\\/\\\/biblioteka-gabin.pl\\\/#\\\/schema\\\/logo\\\/image\\\/\",\"url\":\"https:\\\/\\\/biblioteka-gabin.pl\\\/wp-content\\\/uploads\\\/2025\\\/03\\\/logo-biblioteka-2-1657013691-1.jpg\",\"contentUrl\":\"https:\\\/\\\/biblioteka-gabin.pl\\\/wp-content\\\/uploads\\\/2025\\\/03\\\/logo-biblioteka-2-1657013691-1.jpg\",\"width\":1600,\"height\":772,\"caption\":\"Miejsko-Gminna Biblioteka Publiczna w G\u0105binie\"},\"image\":{\"@id\":\"https:\\\/\\\/biblioteka-gabin.pl\\\/#\\\/schema\\\/logo\\\/image\\\/\"},\"sameAs\":[\"https:\\\/\\\/www.facebook.com\\\/bibliotekagabin\",\"https:\\\/\\\/www.youtube.com\\\/@mgbpgabin9392\"]},{\"@type\":\"Person\",\"@id\":\"https:\\\/\\\/biblioteka-gabin.pl\\\/#\\\/schema\\\/person\\\/c6271403c55804b0c90b1abcdc89a4be\",\"name\":\"j.olejniczak\",\"image\":{\"@type\":\"ImageObject\",\"inLanguage\":\"pl-PL\",\"@id\":\"https:\\\/\\\/secure.gravatar.com\\\/avatar\\\/926a0e21a6bc9c5f3d8b7350eef4c1328c61093f6afee787beeac212421b433a?s=96&d=mm&r=g\",\"url\":\"https:\\\/\\\/secure.gravatar.com\\\/avatar\\\/926a0e21a6bc9c5f3d8b7350eef4c1328c61093f6afee787beeac212421b433a?s=96&d=mm&r=g\",\"contentUrl\":\"https:\\\/\\\/secure.gravatar.com\\\/avatar\\\/926a0e21a6bc9c5f3d8b7350eef4c1328c61093f6afee787beeac212421b433a?s=96&d=mm&r=g\",\"caption\":\"j.olejniczak\"},\"sameAs\":[\"http:\\\/\\\/www.biblioteka-gabin.pl\"],\"url\":\"https:\\\/\\\/biblioteka-gabin.pl\\\/index.php\\\/author\\\/j-olejniczak\\\/\"}]}<\/script>\n<!-- \/ Yoast SEO plugin. -->","yoast_head_json":{"title":"Grupa \u00a0\u201eJag\u00f3dek\u201d z Oddzia\u0142u Przedszkolnego przy Szkole Podstawowej w G\u0105binie z wizyt\u0105 w Bibliotece (29.04.2026) - Miejsko-Gminna Biblioteka Publiczna w G\u0105binie","robots":{"index":"index","follow":"follow","max-snippet":"max-snippet:-1","max-image-preview":"max-image-preview:large","max-video-preview":"max-video-preview:-1"},"canonical":"https:\/\/biblioteka-gabin.pl\/index.php\/2026\/04\/29\/grupa-jagodek-z-oddzialu-przedszkolnego-przy-szkole-podstawowej-w-gabinie-z-wizyta-w-bibliotece-29-04-2026\/","og_locale":"pl_PL","og_type":"article","og_title":"Grupa \u00a0\u201eJag\u00f3dek\u201d z Oddzia\u0142u Przedszkolnego przy Szkole Podstawowej w G\u0105binie z wizyt\u0105 w Bibliotece (29.04.2026) - Miejsko-Gminna Biblioteka Publiczna w G\u0105binie","og_description":"W dniu 29 kwietnia w Miejsko-Gminnej Bibliotece Publicznej w G\u0105binie","og_url":"https:\/\/biblioteka-gabin.pl\/index.php\/2026\/04\/29\/grupa-jagodek-z-oddzialu-przedszkolnego-przy-szkole-podstawowej-w-gabinie-z-wizyta-w-bibliotece-29-04-2026\/","og_site_name":"Miejsko-Gminna Biblioteka Publiczna w G\u0105binie","article_publisher":"https:\/\/www.facebook.com\/bibliotekagabin","article_published_time":"2026-04-29T10:14:01+00:00","article_modified_time":"2026-04-29T10:16:20+00:00","og_image":[{"width":1156,"height":2049,"url":"http:\/\/biblioteka-gabin.pl\/wp-content\/uploads\/2026\/04\/Bton1ODK.jpg","type":"image\/jpeg"}],"author":"j.olejniczak","twitter_card":"summary_large_image","twitter_misc":{"Napisane przez":"j.olejniczak","Szacowany czas czytania":"5 minut"},"schema":{"@context":"https:\/\/schema.org","@graph":[{"@type":"Article","@id":"https:\/\/biblioteka-gabin.pl\/index.php\/2026\/04\/29\/grupa-jagodek-z-oddzialu-przedszkolnego-przy-szkole-podstawowej-w-gabinie-z-wizyta-w-bibliotece-29-04-2026\/#article","isPartOf":{"@id":"https:\/\/biblioteka-gabin.pl\/index.php\/2026\/04\/29\/grupa-jagodek-z-oddzialu-przedszkolnego-przy-szkole-podstawowej-w-gabinie-z-wizyta-w-bibliotece-29-04-2026\/"},"author":{"name":"j.olejniczak","@id":"https:\/\/biblioteka-gabin.pl\/#\/schema\/person\/c6271403c55804b0c90b1abcdc89a4be"},"headline":"Grupa \u00a0\u201eJag\u00f3dek\u201d z Oddzia\u0142u Przedszkolnego przy Szkole Podstawowej w G\u0105binie z wizyt\u0105 w Bibliotece (29.04.2026)","datePublished":"2026-04-29T10:14:01+00:00","dateModified":"2026-04-29T10:16:20+00:00","mainEntityOfPage":{"@id":"https:\/\/biblioteka-gabin.pl\/index.php\/2026\/04\/29\/grupa-jagodek-z-oddzialu-przedszkolnego-przy-szkole-podstawowej-w-gabinie-z-wizyta-w-bibliotece-29-04-2026\/"},"wordCount":341,"commentCount":0,"publisher":{"@id":"https:\/\/biblioteka-gabin.pl\/#organization"},"image":{"@id":"https:\/\/biblioteka-gabin.pl\/index.php\/2026\/04\/29\/grupa-jagodek-z-oddzialu-przedszkolnego-przy-szkole-podstawowej-w-gabinie-z-wizyta-w-bibliotece-29-04-2026\/#primaryimage"},"thumbnailUrl":"https:\/\/biblioteka-gabin.pl\/wp-content\/uploads\/2026\/04\/Bton1ODK.jpg","articleSection":["Galeria","Main"],"inLanguage":"pl-PL","potentialAction":[{"@type":"CommentAction","name":"Comment","target":["https:\/\/biblioteka-gabin.pl\/index.php\/2026\/04\/29\/grupa-jagodek-z-oddzialu-przedszkolnego-przy-szkole-podstawowej-w-gabinie-z-wizyta-w-bibliotece-29-04-2026\/#respond"]}]},{"@type":"WebPage","@id":"https:\/\/biblioteka-gabin.pl\/index.php\/2026\/04\/29\/grupa-jagodek-z-oddzialu-przedszkolnego-przy-szkole-podstawowej-w-gabinie-z-wizyta-w-bibliotece-29-04-2026\/","url":"https:\/\/biblioteka-gabin.pl\/index.php\/2026\/04\/29\/grupa-jagodek-z-oddzialu-przedszkolnego-przy-szkole-podstawowej-w-gabinie-z-wizyta-w-bibliotece-29-04-2026\/","name":"Grupa \u00a0\u201eJag\u00f3dek\u201d z Oddzia\u0142u Przedszkolnego przy Szkole Podstawowej w G\u0105binie z wizyt\u0105 w Bibliotece (29.04.2026) - Miejsko-Gminna Biblioteka Publiczna w G\u0105binie","isPartOf":{"@id":"https:\/\/biblioteka-gabin.pl\/#website"},"primaryImageOfPage":{"@id":"https:\/\/biblioteka-gabin.pl\/index.php\/2026\/04\/29\/grupa-jagodek-z-oddzialu-przedszkolnego-przy-szkole-podstawowej-w-gabinie-z-wizyta-w-bibliotece-29-04-2026\/#primaryimage"},"image":{"@id":"https:\/\/biblioteka-gabin.pl\/index.php\/2026\/04\/29\/grupa-jagodek-z-oddzialu-przedszkolnego-przy-szkole-podstawowej-w-gabinie-z-wizyta-w-bibliotece-29-04-2026\/#primaryimage"},"thumbnailUrl":"https:\/\/biblioteka-gabin.pl\/wp-content\/uploads\/2026\/04\/Bton1ODK.jpg","datePublished":"2026-04-29T10:14:01+00:00","dateModified":"2026-04-29T10:16:20+00:00","breadcrumb":{"@id":"https:\/\/biblioteka-gabin.pl\/index.php\/2026\/04\/29\/grupa-jagodek-z-oddzialu-przedszkolnego-przy-szkole-podstawowej-w-gabinie-z-wizyta-w-bibliotece-29-04-2026\/#breadcrumb"},"inLanguage":"pl-PL","potentialAction":[{"@type":"ReadAction","target":["https:\/\/biblioteka-gabin.pl\/index.php\/2026\/04\/29\/grupa-jagodek-z-oddzialu-przedszkolnego-przy-szkole-podstawowej-w-gabinie-z-wizyta-w-bibliotece-29-04-2026\/"]}]},{"@type":"ImageObject","inLanguage":"pl-PL","@id":"https:\/\/biblioteka-gabin.pl\/index.php\/2026\/04\/29\/grupa-jagodek-z-oddzialu-przedszkolnego-przy-szkole-podstawowej-w-gabinie-z-wizyta-w-bibliotece-29-04-2026\/#primaryimage","url":"https:\/\/biblioteka-gabin.pl\/wp-content\/uploads\/2026\/04\/Bton1ODK.jpg","contentUrl":"https:\/\/biblioteka-gabin.pl\/wp-content\/uploads\/2026\/04\/Bton1ODK.jpg","width":1156,"height":2049},{"@type":"BreadcrumbList","@id":"https:\/\/biblioteka-gabin.pl\/index.php\/2026\/04\/29\/grupa-jagodek-z-oddzialu-przedszkolnego-przy-szkole-podstawowej-w-gabinie-z-wizyta-w-bibliotece-29-04-2026\/#breadcrumb","itemListElement":[{"@type":"ListItem","position":1,"name":"Strona g\u0142\u00f3wna","item":"https:\/\/biblioteka-gabin.pl\/"},{"@type":"ListItem","position":2,"name":"Grupa \u00a0\u201eJag\u00f3dek\u201d z Oddzia\u0142u Przedszkolnego przy Szkole Podstawowej w G\u0105binie z wizyt\u0105 w Bibliotece (29.04.2026)"}]},{"@type":"WebSite","@id":"https:\/\/biblioteka-gabin.pl\/#website","url":"https:\/\/biblioteka-gabin.pl\/","name":"Miejsko-Gminna Biblioteka Publiczna w G\u0105binie","description":"","publisher":{"@id":"https:\/\/biblioteka-gabin.pl\/#organization"},"potentialAction":[{"@type":"SearchAction","target":{"@type":"EntryPoint","urlTemplate":"https:\/\/biblioteka-gabin.pl\/?s={search_term_string}"},"query-input":{"@type":"PropertyValueSpecification","valueRequired":true,"valueName":"search_term_string"}}],"inLanguage":"pl-PL"},{"@type":"Organization","@id":"https:\/\/biblioteka-gabin.pl\/#organization","name":"Miejsko-Gminna Biblioteka Publiczna w G\u0105binie","url":"https:\/\/biblioteka-gabin.pl\/","logo":{"@type":"ImageObject","inLanguage":"pl-PL","@id":"https:\/\/biblioteka-gabin.pl\/#\/schema\/logo\/image\/","url":"https:\/\/biblioteka-gabin.pl\/wp-content\/uploads\/2025\/03\/logo-biblioteka-2-1657013691-1.jpg","contentUrl":"https:\/\/biblioteka-gabin.pl\/wp-content\/uploads\/2025\/03\/logo-biblioteka-2-1657013691-1.jpg","width":1600,"height":772,"caption":"Miejsko-Gminna Biblioteka Publiczna w G\u0105binie"},"image":{"@id":"https:\/\/biblioteka-gabin.pl\/#\/schema\/logo\/image\/"},"sameAs":["https:\/\/www.facebook.com\/bibliotekagabin","https:\/\/www.youtube.com\/@mgbpgabin9392"]},{"@type":"Person","@id":"https:\/\/biblioteka-gabin.pl\/#\/schema\/person\/c6271403c55804b0c90b1abcdc89a4be","name":"j.olejniczak","image":{"@type":"ImageObject","inLanguage":"pl-PL","@id":"https:\/\/secure.gravatar.com\/avatar\/926a0e21a6bc9c5f3d8b7350eef4c1328c61093f6afee787beeac212421b433a?s=96&d=mm&r=g","url":"https:\/\/secure.gravatar.com\/avatar\/926a0e21a6bc9c5f3d8b7350eef4c1328c61093f6afee787beeac212421b433a?s=96&d=mm&r=g","contentUrl":"https:\/\/secure.gravatar.com\/avatar\/926a0e21a6bc9c5f3d8b7350eef4c1328c61093f6afee787beeac212421b433a?s=96&d=mm&r=g","caption":"j.olejniczak"},"sameAs":["http:\/\/www.biblioteka-gabin.pl"],"url":"https:\/\/biblioteka-gabin.pl\/index.php\/author\/j-olejniczak\/"}]}},"_links":{"self":[{"href":"https:\/\/biblioteka-gabin.pl\/index.php\/wp-json\/wp\/v2\/posts\/10926","targetHints":{"allow":["GET"]}}],"collection":[{"href":"https:\/\/biblioteka-gabin.pl\/index.php\/wp-json\/wp\/v2\/posts"}],"about":[{"href":"https:\/\/biblioteka-gabin.pl\/index.php\/wp-json\/wp\/v2\/types\/post"}],"author":[{"embeddable":true,"href":"https:\/\/biblioteka-gabin.pl\/index.php\/wp-json\/wp\/v2\/users\/5"}],"replies":[{"embeddable":true,"href":"https:\/\/biblioteka-gabin.pl\/index.php\/wp-json\/wp\/v2\/comments?post=10926"}],"version-history":[{"count":2,"href":"https:\/\/biblioteka-gabin.pl\/index.php\/wp-json\/wp\/v2\/posts\/10926\/revisions"}],"predecessor-version":[{"id":10943,"href":"https:\/\/biblioteka-gabin.pl\/index.php\/wp-json\/wp\/v2\/posts\/10926\/revisions\/10943"}],"wp:featuredmedia":[{"embeddable":true,"href":"https:\/\/biblioteka-gabin.pl\/index.php\/wp-json\/wp\/v2\/media\/10927"}],"wp:attachment":[{"href":"https:\/\/biblioteka-gabin.pl\/index.php\/wp-json\/wp\/v2\/media?parent=10926"}],"wp:term":[{"taxonomy":"category","embeddable":true,"href":"https:\/\/biblioteka-gabin.pl\/index.php\/wp-json\/wp\/v2\/categories?post=10926"},{"taxonomy":"post_tag","embeddable":true,"href":"https:\/\/biblioteka-gabin.pl\/index.php\/wp-json\/wp\/v2\/tags?post=10926"}],"curies":[{"name":"wp","href":"https:\/\/api.w.org\/{rel}","templated":true}]}}