{"id":7746,"date":"2024-01-29T00:00:00","date_gmt":"2024-01-29T00:00:00","guid":{"rendered":"https:\/\/biblioteka-gabin.pl\/index.php\/2024\/01\/29\/abp-antoni-baraniak-jest-patronem-stycznia-w-bibliotece\/"},"modified":"2024-01-29T00:00:00","modified_gmt":"2024-01-29T00:00:00","slug":"abp-antoni-baraniak-jest-patronem-stycznia-w-bibliotece","status":"publish","type":"post","link":"https:\/\/biblioteka-gabin.pl\/index.php\/2024\/01\/29\/abp-antoni-baraniak-jest-patronem-stycznia-w-bibliotece\/","title":{"rendered":"Abp Antoni Baraniak jest patronem stycznia w bibliotece"},"content":{"rendered":"<p>W ramach naszego cotygodniowego cyklu Patroni 2024 roku serdecznie zach\u0119camy do zapoznania si\u0119 z postaci\u0105 abp. Antoniego Baraniaka.<br \/>\nAntoni Baraniak (ur. 1 stycznia 1904 w Sebastianowie, zm. 13 sierpnia 1977 w Poznaniu) \u2013 polski duchowny rzymskokatolicki, salezjanin, kapelan i sekretarz prymas\u00f3w Polski Augusta Hlonda (1933\u20131948) oraz Stefana Wyszy\u0144skiego (1949\u20131951), biskup pomocniczy gnie\u017anie\u0144ski w latach 1951\u20131957, arcybiskup metropolita pozna\u0144ski w latach 1957\u20131977. Po\u015bmiertnie odznaczony Orderem Or\u0142a Bia\u0142ego.<br \/>\n\u017byciorys<br \/>\n1 wrze\u015bnia 1917 przyjecha\u0142 do O\u015bwi\u0119cimia i rozpocz\u0105\u0142 nauk\u0119 w szkole \u015bredniej jako wychowanek salezja\u0144ski. W 1920 wst\u0105pi\u0142 do nowicjatu Towarzystwa Salezja\u0144skiego w Kleczy Dolnej i 28 lipca 1921 z\u0142o\u017cy\u0142 pierwsz\u0105 profesj\u0119 zakonn\u0105. W 1921\u20131924 przebywa\u0142 na studiach filozoficznych w Studentacie Filozoficznym w Krakowie. 30 maja 1924 zda\u0142 matur\u0119 i 15 marca 1925 z\u0142o\u017cy\u0142 \u015bluby wieczyste w Zgromadzeniu Salezja\u0144skim. W latach 1924\u20131927 pracowa\u0142 jako wychowawca w Kleczy Dolnej, Czerwi\u0144sku i Warszawie.<br \/>\nPrze\u0142o\u017ceni zakonni skierowali go na studia teologiczne, kt\u00f3re w latach 1927\u20131931 odby\u0142 na Papieskim Uniwersytecie Gregoria\u0144skim w Rzymie. \u015awi\u0119ce\u0144 prezbiteratu udzieli\u0142 mu 3 sierpnia 1930 w ko\u015bciele Si\u00f3str Karmelitanek<br \/>\nw Krakowie arcybiskup Adam Stefan Sapieha.<br \/>\n1 wrze\u015bnia 1933 zosta\u0142 sekretarzem i kapelanem prymasa Polski kardyna\u0142a Augusta Hlonda. Nast\u0119pnie od 9 czerwca 1940 do 1943 mieszka\u0142 w Lourdes, a w latach 1943\u20131945 wraz z kardyna\u0142em Hlondem w klasztorze cysterskim<br \/>\nw Hautecombe w Sabaudii. W maju 1945 uda\u0142 si\u0119 przez Pary\u017c do Rzymu,<br \/>\naby pracowa\u0107 u boku kardyna\u0142a Hlonda. 20 lipca 1945 wraz z prymasem Hlondem powr\u00f3ci\u0142 do Polski do Poznania. Po jego \u015bmierci zosta\u0142 sekretarzem i kapelanem prymasa Stefana Wyszy\u0144skiego.<br \/>\nPe\u0142ni\u0142 t\u0119 funkcj\u0119 do 26 kwietnia 1951, kiedy to zosta\u0142 nominowany biskupem pomocniczym archidiecezji gnie\u017anie\u0144skiej i biskupem tytularnym teodozjopolita\u0144skim. \u015awi\u0119ce\u0144 biskupich udzieli\u0142 mu 8 lipca 1951 prymas Wyszy\u0144ski. Za swoje zawo\u0142anie biskupie przyj\u0105\u0142 s\u0142owa \u201eDa mihi animas, caetera tolle\u201d (Daj mi dusze, reszt\u0119 zabierz).<br \/>\nW okresie od 1951 do 1953 pracowa\u0142 w sekretariacie Prymasa Polski.<br \/>\nW nocy z 25 na 26 wrze\u015bnia 1953 zosta\u0142 aresztowany razem z prymasem Wyszy\u0144skim[1]. Osadzono go w Areszcie \u015aledczym na Mokotowie. Tam przez 3 lata poddawany by\u0142 brutalnemu \u015bledztwu przez oprawc\u00f3w z Urz\u0119du Bezpiecze\u0144stwa. By\u0142 m.in. 145 razy przes\u0142uchiwany, niekiedy po kilkana\u015bcie godzin, zrywano mu paznokcie, przetrzymywano przez wiele dni bez ubrania<br \/>\nw lodowatej, pe\u0142nej fekali\u00f3w celi[2]. Mimo okrutnych tortur nie da\u0142 si\u0119 z\u0142ama\u0107<br \/>\ni nie obci\u0105\u017cy\u0142 prymasa, na czym zale\u017ca\u0142o komunistycznym s\u0142u\u017cbom. Uzyskanie takich zezna\u0144 umo\u017cliwi\u0142oby wytoczenie Stefanowi Wyszy\u0144skiemu procesu o zdrad\u0119 pa\u0144stwa i dzia\u0142alno\u015b\u0107 kontrrewolucyjn\u0105. Zwolniony 30 pa\u017adziernika 1956, ponownie podj\u0105\u0142 obowi\u0105zki kierownika sekretariatu.<br \/>\n30 maja 1957 zosta\u0142 mianowany przez papie\u017ca Piusa XII arcybiskupem metropolit\u0105 pozna\u0144skim. 2 lipca 1957 obj\u0105\u0142 rz\u0105dy w archidiecezji. Paliusz przyj\u0105\u0142 8 wrze\u015bnia 1958 z r\u0105k infu\u0142ata Boles\u0142awa Filipiaka w archikatedrze pozna\u0144skiej.<br \/>\nW latach 1962\u20131965 uczestniczy\u0142 we wszystkich czterech sesjach soboru watyka\u0144skiego II. Zasiada\u0142 w soborowej Komisji do Spraw Ko\u015bcio\u0142\u00f3w Wschodnich[5]. 16 i 17 kwietnia 1966 wraz z ca\u0142ym Episkopatem Polski prze\u017cywa\u0142 w Poznaniu uroczysto\u015bci milenijne Chrztu Polski. 1 stycznia 1968<br \/>\nw bazylice archikatedralnej zainaugurowa\u0142 rok Tysi\u0105clecia Biskupstwa Pozna\u0144skiego. 29 i 30 czerwca tego roku przewodniczy\u0142 uroczysto\u015bciom milenijnym, a 12 pa\u017adziernika w trakcie III sesji Synodu Archidiecezji Pozna\u0144skiej koronowa\u0142 w katedrze obraz Matki Boskiej R\u00f3\u017ca\u0144cowej z ko\u015bcio\u0142a jezuit\u00f3w.<br \/>\n6 grudnia 1972 otrzyma\u0142 pismo Stolicy Apostolskiej potwierdzaj\u0105ce tytu\u0142 metropolitalny dla archidiecezji pozna\u0144skiej, a 2 czerwca 1974 zosta\u0142y uwie\u0144czone sukcesem jego d\u0142ugoletnie starania o utworzenie Papieskiego Wydzia\u0142u Teologicznego w Poznaniu.<br \/>\nPo d\u0142ugotrwa\u0142ej i ci\u0119\u017ckiej chorobie zmar\u0142 13 sierpnia 1977. Zosta\u0142 pochowany w podziemiach pozna\u0144skiej katedry.<br \/>\nJest kandydatem do wyniesienia na o\u0142tarze[7]. W pa\u017adzierniku 2017 arcybiskup Stanis\u0142aw G\u0105decki poinformowa\u0142 o zamiarze rozpocz\u0119cia procesu beatyfikacyjnego.<br \/>\nOdznaczenia<br \/>\nW 2018, w 100. rocznic\u0119 odzyskania niepodleg\u0142o\u015bci przez Polsk\u0119, prezydent RP Andrzej Duda nada\u0142 mu po\u015bmiertnie Order Or\u0142a Bia\u0142ego.<br \/>\nW 2016 w areszcie \u015bledczym przy ul. Rakowieckiej otwarto cel\u0119 jego pami\u0119ci[13]. Jego pomnik znajduje si\u0119 w Mchach, a popiersie w archikatedrze pozna\u0144skiej. Jego imieniem nazwano zesp\u00f3\u0142 szk\u00f3\u0142 w Mchach oraz ponadtrzykilometrow\u0105 arteri\u0119 w Poznaniu, biegn\u0105c\u0105 wzd\u0142u\u017c po\u0142udniowego brzegu Jeziora Malta\u0144skiego.<br \/>\n\u0179r\u00f3d\u0142o: wikipedia.org<br \/>\n<img src='https:\/\/biblioteka-gabin.pl\/wp-content\/uploads\/archive\/pliki\/obraz\/2024\/styczen\/417254447_752957686357951_2724849417857672066_n.jpg'><\/p>\n","protected":false},"excerpt":{"rendered":"<p>W ramach naszego cotygodniowego cyklu Patroni 2024 roku serdecznie zach\u0119camy<\/p>\n","protected":false},"author":1,"featured_media":0,"comment_status":"open","ping_status":"open","sticky":false,"template":"","format":"standard","meta":{"footnotes":""},"categories":[36],"tags":[],"class_list":["post-7746","post","type-post","status-publish","format-standard","hentry","category-main"],"yoast_head":"<!-- This site is optimized with the Yoast SEO plugin v27.4 - https:\/\/yoast.com\/product\/yoast-seo-wordpress\/ -->\n<title>Abp Antoni Baraniak jest patronem stycznia w bibliotece - Miejsko-Gminna Biblioteka Publiczna w G\u0105binie<\/title>\n<meta name=\"robots\" content=\"index, follow, max-snippet:-1, max-image-preview:large, max-video-preview:-1\" \/>\n<link rel=\"canonical\" href=\"http:\/\/biblioteka-gabin.pl\/index.php\/2024\/01\/29\/abp-antoni-baraniak-jest-patronem-stycznia-w-bibliotece\/\" \/>\n<meta property=\"og:locale\" content=\"pl_PL\" \/>\n<meta property=\"og:type\" content=\"article\" \/>\n<meta property=\"og:title\" content=\"Abp Antoni Baraniak jest patronem stycznia w bibliotece - Miejsko-Gminna Biblioteka Publiczna w G\u0105binie\" \/>\n<meta property=\"og:description\" content=\"W ramach naszego cotygodniowego cyklu Patroni 2024 roku serdecznie zach\u0119camy\" \/>\n<meta property=\"og:url\" content=\"http:\/\/biblioteka-gabin.pl\/index.php\/2024\/01\/29\/abp-antoni-baraniak-jest-patronem-stycznia-w-bibliotece\/\" \/>\n<meta property=\"og:site_name\" content=\"Miejsko-Gminna Biblioteka Publiczna w G\u0105binie\" \/>\n<meta property=\"article:publisher\" content=\"https:\/\/www.facebook.com\/bibliotekagabin\" \/>\n<meta property=\"article:published_time\" content=\"2024-01-29T00:00:00+00:00\" \/>\n<meta property=\"og:image\" content=\"https:\/\/biblioteka-gabin.pl\/wp-content\/uploads\/archive\/pliki\/obraz\/2024\/styczen\/417254447_752957686357951_2724849417857672066_n.jpg\" \/>\n<meta name=\"author\" content=\"admin\" \/>\n<meta name=\"twitter:card\" content=\"summary_large_image\" \/>\n<meta name=\"twitter:label1\" content=\"Napisane przez\" \/>\n\t<meta name=\"twitter:data1\" content=\"admin\" \/>\n\t<meta name=\"twitter:label2\" content=\"Szacowany czas czytania\" \/>\n\t<meta name=\"twitter:data2\" content=\"3 minuty\" \/>\n<script type=\"application\/ld+json\" class=\"yoast-schema-graph\">{\"@context\":\"https:\\\/\\\/schema.org\",\"@graph\":[{\"@type\":\"Article\",\"@id\":\"http:\\\/\\\/biblioteka-gabin.pl\\\/index.php\\\/2024\\\/01\\\/29\\\/abp-antoni-baraniak-jest-patronem-stycznia-w-bibliotece\\\/#article\",\"isPartOf\":{\"@id\":\"http:\\\/\\\/biblioteka-gabin.pl\\\/index.php\\\/2024\\\/01\\\/29\\\/abp-antoni-baraniak-jest-patronem-stycznia-w-bibliotece\\\/\"},\"author\":{\"name\":\"admin\",\"@id\":\"https:\\\/\\\/biblioteka-gabin.pl\\\/#\\\/schema\\\/person\\\/2067b97c24663d987ef6ef95bed7c99a\"},\"headline\":\"Abp Antoni Baraniak jest patronem stycznia w bibliotece\",\"datePublished\":\"2024-01-29T00:00:00+00:00\",\"mainEntityOfPage\":{\"@id\":\"http:\\\/\\\/biblioteka-gabin.pl\\\/index.php\\\/2024\\\/01\\\/29\\\/abp-antoni-baraniak-jest-patronem-stycznia-w-bibliotece\\\/\"},\"wordCount\":688,\"commentCount\":0,\"publisher\":{\"@id\":\"https:\\\/\\\/biblioteka-gabin.pl\\\/#organization\"},\"image\":{\"@id\":\"http:\\\/\\\/biblioteka-gabin.pl\\\/index.php\\\/2024\\\/01\\\/29\\\/abp-antoni-baraniak-jest-patronem-stycznia-w-bibliotece\\\/#primaryimage\"},\"thumbnailUrl\":\"https:\\\/\\\/biblioteka-gabin.pl\\\/wp-content\\\/uploads\\\/archive\\\/pliki\\\/obraz\\\/2024\\\/styczen\\\/417254447_752957686357951_2724849417857672066_n.jpg\",\"articleSection\":[\"Main\"],\"inLanguage\":\"pl-PL\",\"potentialAction\":[{\"@type\":\"CommentAction\",\"name\":\"Comment\",\"target\":[\"http:\\\/\\\/biblioteka-gabin.pl\\\/index.php\\\/2024\\\/01\\\/29\\\/abp-antoni-baraniak-jest-patronem-stycznia-w-bibliotece\\\/#respond\"]}]},{\"@type\":\"WebPage\",\"@id\":\"http:\\\/\\\/biblioteka-gabin.pl\\\/index.php\\\/2024\\\/01\\\/29\\\/abp-antoni-baraniak-jest-patronem-stycznia-w-bibliotece\\\/\",\"url\":\"http:\\\/\\\/biblioteka-gabin.pl\\\/index.php\\\/2024\\\/01\\\/29\\\/abp-antoni-baraniak-jest-patronem-stycznia-w-bibliotece\\\/\",\"name\":\"Abp Antoni Baraniak jest patronem stycznia w bibliotece - Miejsko-Gminna Biblioteka Publiczna w G\u0105binie\",\"isPartOf\":{\"@id\":\"https:\\\/\\\/biblioteka-gabin.pl\\\/#website\"},\"primaryImageOfPage\":{\"@id\":\"http:\\\/\\\/biblioteka-gabin.pl\\\/index.php\\\/2024\\\/01\\\/29\\\/abp-antoni-baraniak-jest-patronem-stycznia-w-bibliotece\\\/#primaryimage\"},\"image\":{\"@id\":\"http:\\\/\\\/biblioteka-gabin.pl\\\/index.php\\\/2024\\\/01\\\/29\\\/abp-antoni-baraniak-jest-patronem-stycznia-w-bibliotece\\\/#primaryimage\"},\"thumbnailUrl\":\"https:\\\/\\\/biblioteka-gabin.pl\\\/wp-content\\\/uploads\\\/archive\\\/pliki\\\/obraz\\\/2024\\\/styczen\\\/417254447_752957686357951_2724849417857672066_n.jpg\",\"datePublished\":\"2024-01-29T00:00:00+00:00\",\"breadcrumb\":{\"@id\":\"http:\\\/\\\/biblioteka-gabin.pl\\\/index.php\\\/2024\\\/01\\\/29\\\/abp-antoni-baraniak-jest-patronem-stycznia-w-bibliotece\\\/#breadcrumb\"},\"inLanguage\":\"pl-PL\",\"potentialAction\":[{\"@type\":\"ReadAction\",\"target\":[\"http:\\\/\\\/biblioteka-gabin.pl\\\/index.php\\\/2024\\\/01\\\/29\\\/abp-antoni-baraniak-jest-patronem-stycznia-w-bibliotece\\\/\"]}]},{\"@type\":\"ImageObject\",\"inLanguage\":\"pl-PL\",\"@id\":\"http:\\\/\\\/biblioteka-gabin.pl\\\/index.php\\\/2024\\\/01\\\/29\\\/abp-antoni-baraniak-jest-patronem-stycznia-w-bibliotece\\\/#primaryimage\",\"url\":\"https:\\\/\\\/biblioteka-gabin.pl\\\/wp-content\\\/uploads\\\/archive\\\/pliki\\\/obraz\\\/2024\\\/styczen\\\/417254447_752957686357951_2724849417857672066_n.jpg\",\"contentUrl\":\"https:\\\/\\\/biblioteka-gabin.pl\\\/wp-content\\\/uploads\\\/archive\\\/pliki\\\/obraz\\\/2024\\\/styczen\\\/417254447_752957686357951_2724849417857672066_n.jpg\"},{\"@type\":\"BreadcrumbList\",\"@id\":\"http:\\\/\\\/biblioteka-gabin.pl\\\/index.php\\\/2024\\\/01\\\/29\\\/abp-antoni-baraniak-jest-patronem-stycznia-w-bibliotece\\\/#breadcrumb\",\"itemListElement\":[{\"@type\":\"ListItem\",\"position\":1,\"name\":\"Strona g\u0142\u00f3wna\",\"item\":\"https:\\\/\\\/biblioteka-gabin.pl\\\/\"},{\"@type\":\"ListItem\",\"position\":2,\"name\":\"Abp Antoni Baraniak jest patronem stycznia w bibliotece\"}]},{\"@type\":\"WebSite\",\"@id\":\"https:\\\/\\\/biblioteka-gabin.pl\\\/#website\",\"url\":\"https:\\\/\\\/biblioteka-gabin.pl\\\/\",\"name\":\"Miejsko-Gminna Biblioteka Publiczna w G\u0105binie\",\"description\":\"\",\"publisher\":{\"@id\":\"https:\\\/\\\/biblioteka-gabin.pl\\\/#organization\"},\"potentialAction\":[{\"@type\":\"SearchAction\",\"target\":{\"@type\":\"EntryPoint\",\"urlTemplate\":\"https:\\\/\\\/biblioteka-gabin.pl\\\/?s={search_term_string}\"},\"query-input\":{\"@type\":\"PropertyValueSpecification\",\"valueRequired\":true,\"valueName\":\"search_term_string\"}}],\"inLanguage\":\"pl-PL\"},{\"@type\":\"Organization\",\"@id\":\"https:\\\/\\\/biblioteka-gabin.pl\\\/#organization\",\"name\":\"Miejsko-Gminna Biblioteka Publiczna w G\u0105binie\",\"url\":\"https:\\\/\\\/biblioteka-gabin.pl\\\/\",\"logo\":{\"@type\":\"ImageObject\",\"inLanguage\":\"pl-PL\",\"@id\":\"https:\\\/\\\/biblioteka-gabin.pl\\\/#\\\/schema\\\/logo\\\/image\\\/\",\"url\":\"https:\\\/\\\/biblioteka-gabin.pl\\\/wp-content\\\/uploads\\\/2025\\\/03\\\/logo-biblioteka-2-1657013691-1.jpg\",\"contentUrl\":\"https:\\\/\\\/biblioteka-gabin.pl\\\/wp-content\\\/uploads\\\/2025\\\/03\\\/logo-biblioteka-2-1657013691-1.jpg\",\"width\":1600,\"height\":772,\"caption\":\"Miejsko-Gminna Biblioteka Publiczna w G\u0105binie\"},\"image\":{\"@id\":\"https:\\\/\\\/biblioteka-gabin.pl\\\/#\\\/schema\\\/logo\\\/image\\\/\"},\"sameAs\":[\"https:\\\/\\\/www.facebook.com\\\/bibliotekagabin\",\"https:\\\/\\\/www.youtube.com\\\/@mgbpgabin9392\"]},{\"@type\":\"Person\",\"@id\":\"https:\\\/\\\/biblioteka-gabin.pl\\\/#\\\/schema\\\/person\\\/2067b97c24663d987ef6ef95bed7c99a\",\"name\":\"admin\",\"image\":{\"@type\":\"ImageObject\",\"inLanguage\":\"pl-PL\",\"@id\":\"https:\\\/\\\/secure.gravatar.com\\\/avatar\\\/e1843904e97b4e376a0fc90ae10372cd31bce9b207a7a3d2ca68fc7ca7e4174c?s=96&d=mm&r=g\",\"url\":\"https:\\\/\\\/secure.gravatar.com\\\/avatar\\\/e1843904e97b4e376a0fc90ae10372cd31bce9b207a7a3d2ca68fc7ca7e4174c?s=96&d=mm&r=g\",\"contentUrl\":\"https:\\\/\\\/secure.gravatar.com\\\/avatar\\\/e1843904e97b4e376a0fc90ae10372cd31bce9b207a7a3d2ca68fc7ca7e4174c?s=96&d=mm&r=g\",\"caption\":\"admin\"},\"sameAs\":[\"http:\\\/\\\/strona.biblioteka-gabin.pl\"],\"url\":\"https:\\\/\\\/biblioteka-gabin.pl\\\/index.php\\\/author\\\/admin\\\/\"}]}<\/script>\n<!-- \/ Yoast SEO plugin. -->","yoast_head_json":{"title":"Abp Antoni Baraniak jest patronem stycznia w bibliotece - Miejsko-Gminna Biblioteka Publiczna w G\u0105binie","robots":{"index":"index","follow":"follow","max-snippet":"max-snippet:-1","max-image-preview":"max-image-preview:large","max-video-preview":"max-video-preview:-1"},"canonical":"http:\/\/biblioteka-gabin.pl\/index.php\/2024\/01\/29\/abp-antoni-baraniak-jest-patronem-stycznia-w-bibliotece\/","og_locale":"pl_PL","og_type":"article","og_title":"Abp Antoni Baraniak jest patronem stycznia w bibliotece - Miejsko-Gminna Biblioteka Publiczna w G\u0105binie","og_description":"W ramach naszego cotygodniowego cyklu Patroni 2024 roku serdecznie zach\u0119camy","og_url":"http:\/\/biblioteka-gabin.pl\/index.php\/2024\/01\/29\/abp-antoni-baraniak-jest-patronem-stycznia-w-bibliotece\/","og_site_name":"Miejsko-Gminna Biblioteka Publiczna w G\u0105binie","article_publisher":"https:\/\/www.facebook.com\/bibliotekagabin","article_published_time":"2024-01-29T00:00:00+00:00","og_image":[{"url":"https:\/\/biblioteka-gabin.pl\/wp-content\/uploads\/archive\/pliki\/obraz\/2024\/styczen\/417254447_752957686357951_2724849417857672066_n.jpg","type":"","width":"","height":""}],"author":"admin","twitter_card":"summary_large_image","twitter_misc":{"Napisane przez":"admin","Szacowany czas czytania":"3 minuty"},"schema":{"@context":"https:\/\/schema.org","@graph":[{"@type":"Article","@id":"http:\/\/biblioteka-gabin.pl\/index.php\/2024\/01\/29\/abp-antoni-baraniak-jest-patronem-stycznia-w-bibliotece\/#article","isPartOf":{"@id":"http:\/\/biblioteka-gabin.pl\/index.php\/2024\/01\/29\/abp-antoni-baraniak-jest-patronem-stycznia-w-bibliotece\/"},"author":{"name":"admin","@id":"https:\/\/biblioteka-gabin.pl\/#\/schema\/person\/2067b97c24663d987ef6ef95bed7c99a"},"headline":"Abp Antoni Baraniak jest patronem stycznia w bibliotece","datePublished":"2024-01-29T00:00:00+00:00","mainEntityOfPage":{"@id":"http:\/\/biblioteka-gabin.pl\/index.php\/2024\/01\/29\/abp-antoni-baraniak-jest-patronem-stycznia-w-bibliotece\/"},"wordCount":688,"commentCount":0,"publisher":{"@id":"https:\/\/biblioteka-gabin.pl\/#organization"},"image":{"@id":"http:\/\/biblioteka-gabin.pl\/index.php\/2024\/01\/29\/abp-antoni-baraniak-jest-patronem-stycznia-w-bibliotece\/#primaryimage"},"thumbnailUrl":"https:\/\/biblioteka-gabin.pl\/wp-content\/uploads\/archive\/pliki\/obraz\/2024\/styczen\/417254447_752957686357951_2724849417857672066_n.jpg","articleSection":["Main"],"inLanguage":"pl-PL","potentialAction":[{"@type":"CommentAction","name":"Comment","target":["http:\/\/biblioteka-gabin.pl\/index.php\/2024\/01\/29\/abp-antoni-baraniak-jest-patronem-stycznia-w-bibliotece\/#respond"]}]},{"@type":"WebPage","@id":"http:\/\/biblioteka-gabin.pl\/index.php\/2024\/01\/29\/abp-antoni-baraniak-jest-patronem-stycznia-w-bibliotece\/","url":"http:\/\/biblioteka-gabin.pl\/index.php\/2024\/01\/29\/abp-antoni-baraniak-jest-patronem-stycznia-w-bibliotece\/","name":"Abp Antoni Baraniak jest patronem stycznia w bibliotece - Miejsko-Gminna Biblioteka Publiczna w G\u0105binie","isPartOf":{"@id":"https:\/\/biblioteka-gabin.pl\/#website"},"primaryImageOfPage":{"@id":"http:\/\/biblioteka-gabin.pl\/index.php\/2024\/01\/29\/abp-antoni-baraniak-jest-patronem-stycznia-w-bibliotece\/#primaryimage"},"image":{"@id":"http:\/\/biblioteka-gabin.pl\/index.php\/2024\/01\/29\/abp-antoni-baraniak-jest-patronem-stycznia-w-bibliotece\/#primaryimage"},"thumbnailUrl":"https:\/\/biblioteka-gabin.pl\/wp-content\/uploads\/archive\/pliki\/obraz\/2024\/styczen\/417254447_752957686357951_2724849417857672066_n.jpg","datePublished":"2024-01-29T00:00:00+00:00","breadcrumb":{"@id":"http:\/\/biblioteka-gabin.pl\/index.php\/2024\/01\/29\/abp-antoni-baraniak-jest-patronem-stycznia-w-bibliotece\/#breadcrumb"},"inLanguage":"pl-PL","potentialAction":[{"@type":"ReadAction","target":["http:\/\/biblioteka-gabin.pl\/index.php\/2024\/01\/29\/abp-antoni-baraniak-jest-patronem-stycznia-w-bibliotece\/"]}]},{"@type":"ImageObject","inLanguage":"pl-PL","@id":"http:\/\/biblioteka-gabin.pl\/index.php\/2024\/01\/29\/abp-antoni-baraniak-jest-patronem-stycznia-w-bibliotece\/#primaryimage","url":"https:\/\/biblioteka-gabin.pl\/wp-content\/uploads\/archive\/pliki\/obraz\/2024\/styczen\/417254447_752957686357951_2724849417857672066_n.jpg","contentUrl":"https:\/\/biblioteka-gabin.pl\/wp-content\/uploads\/archive\/pliki\/obraz\/2024\/styczen\/417254447_752957686357951_2724849417857672066_n.jpg"},{"@type":"BreadcrumbList","@id":"http:\/\/biblioteka-gabin.pl\/index.php\/2024\/01\/29\/abp-antoni-baraniak-jest-patronem-stycznia-w-bibliotece\/#breadcrumb","itemListElement":[{"@type":"ListItem","position":1,"name":"Strona g\u0142\u00f3wna","item":"https:\/\/biblioteka-gabin.pl\/"},{"@type":"ListItem","position":2,"name":"Abp Antoni Baraniak jest patronem stycznia w bibliotece"}]},{"@type":"WebSite","@id":"https:\/\/biblioteka-gabin.pl\/#website","url":"https:\/\/biblioteka-gabin.pl\/","name":"Miejsko-Gminna Biblioteka Publiczna w G\u0105binie","description":"","publisher":{"@id":"https:\/\/biblioteka-gabin.pl\/#organization"},"potentialAction":[{"@type":"SearchAction","target":{"@type":"EntryPoint","urlTemplate":"https:\/\/biblioteka-gabin.pl\/?s={search_term_string}"},"query-input":{"@type":"PropertyValueSpecification","valueRequired":true,"valueName":"search_term_string"}}],"inLanguage":"pl-PL"},{"@type":"Organization","@id":"https:\/\/biblioteka-gabin.pl\/#organization","name":"Miejsko-Gminna Biblioteka Publiczna w G\u0105binie","url":"https:\/\/biblioteka-gabin.pl\/","logo":{"@type":"ImageObject","inLanguage":"pl-PL","@id":"https:\/\/biblioteka-gabin.pl\/#\/schema\/logo\/image\/","url":"https:\/\/biblioteka-gabin.pl\/wp-content\/uploads\/2025\/03\/logo-biblioteka-2-1657013691-1.jpg","contentUrl":"https:\/\/biblioteka-gabin.pl\/wp-content\/uploads\/2025\/03\/logo-biblioteka-2-1657013691-1.jpg","width":1600,"height":772,"caption":"Miejsko-Gminna Biblioteka Publiczna w G\u0105binie"},"image":{"@id":"https:\/\/biblioteka-gabin.pl\/#\/schema\/logo\/image\/"},"sameAs":["https:\/\/www.facebook.com\/bibliotekagabin","https:\/\/www.youtube.com\/@mgbpgabin9392"]},{"@type":"Person","@id":"https:\/\/biblioteka-gabin.pl\/#\/schema\/person\/2067b97c24663d987ef6ef95bed7c99a","name":"admin","image":{"@type":"ImageObject","inLanguage":"pl-PL","@id":"https:\/\/secure.gravatar.com\/avatar\/e1843904e97b4e376a0fc90ae10372cd31bce9b207a7a3d2ca68fc7ca7e4174c?s=96&d=mm&r=g","url":"https:\/\/secure.gravatar.com\/avatar\/e1843904e97b4e376a0fc90ae10372cd31bce9b207a7a3d2ca68fc7ca7e4174c?s=96&d=mm&r=g","contentUrl":"https:\/\/secure.gravatar.com\/avatar\/e1843904e97b4e376a0fc90ae10372cd31bce9b207a7a3d2ca68fc7ca7e4174c?s=96&d=mm&r=g","caption":"admin"},"sameAs":["http:\/\/strona.biblioteka-gabin.pl"],"url":"https:\/\/biblioteka-gabin.pl\/index.php\/author\/admin\/"}]}},"_links":{"self":[{"href":"https:\/\/biblioteka-gabin.pl\/index.php\/wp-json\/wp\/v2\/posts\/7746","targetHints":{"allow":["GET"]}}],"collection":[{"href":"https:\/\/biblioteka-gabin.pl\/index.php\/wp-json\/wp\/v2\/posts"}],"about":[{"href":"https:\/\/biblioteka-gabin.pl\/index.php\/wp-json\/wp\/v2\/types\/post"}],"author":[{"embeddable":true,"href":"https:\/\/biblioteka-gabin.pl\/index.php\/wp-json\/wp\/v2\/users\/1"}],"replies":[{"embeddable":true,"href":"https:\/\/biblioteka-gabin.pl\/index.php\/wp-json\/wp\/v2\/comments?post=7746"}],"version-history":[{"count":0,"href":"https:\/\/biblioteka-gabin.pl\/index.php\/wp-json\/wp\/v2\/posts\/7746\/revisions"}],"wp:attachment":[{"href":"https:\/\/biblioteka-gabin.pl\/index.php\/wp-json\/wp\/v2\/media?parent=7746"}],"wp:term":[{"taxonomy":"category","embeddable":true,"href":"https:\/\/biblioteka-gabin.pl\/index.php\/wp-json\/wp\/v2\/categories?post=7746"},{"taxonomy":"post_tag","embeddable":true,"href":"https:\/\/biblioteka-gabin.pl\/index.php\/wp-json\/wp\/v2\/tags?post=7746"}],"curies":[{"name":"wp","href":"https:\/\/api.w.org\/{rel}","templated":true}]}}