{"id":7753,"date":"2023-06-21T00:00:00","date_gmt":"2023-06-21T00:00:00","guid":{"rendered":"https:\/\/biblioteka-gabin.pl\/index.php\/2023\/06\/21\/aleksander-fredro-poeta-komediopisarz-patronem-w-miesiacu-czerwcu\/"},"modified":"2023-06-21T00:00:00","modified_gmt":"2023-06-21T00:00:00","slug":"aleksander-fredro-poeta-komediopisarz-patronem-w-miesiacu-czerwcu","status":"publish","type":"post","link":"https:\/\/biblioteka-gabin.pl\/index.php\/2023\/06\/21\/aleksander-fredro-poeta-komediopisarz-patronem-w-miesiacu-czerwcu\/","title":{"rendered":"Aleksander Fredro &#8211; poeta, komediopisarz -patronem w miesi\u0105cu czerwcu."},"content":{"rendered":"<p>Cykl Patroni Roku 2023 \u2013 Aleksander Fredro jest patronem w miesi\u0105cu czerwcu w MGBP w G\u0105binie.<br \/>\nAleksander Fredro urodzi\u0142 si\u0119 20 czerwca 1793 roku w Surochowie niedaleko Jaros\u0142awia w bogatej rodzinie szlacheckiej (niegdy\u015b senatorskiej) jako syn Jacka Fredry i Marianny z Dembi\u0144skich. Do Be\u0144kowej Wiszni rodzice Aleksandra Fredry sprowadzili si\u0119 w 1797 roku. Nauki pobiera\u0142 w domu rodzinnym, nigdy nie ucz\u0119szcza\u0142 do szk\u00f3\u0142 publicznych. 12 stycznia 1806 roku w po\u017carze dworu w Be\u0144kowej Wiszni zgin\u0119\u0142a jego matka Marianna Fredro. Ojciec Jacek Fredro przeni\u00f3s\u0142 si\u0119 wraz z nim do Lwowa.<br \/>\nW wieku 16 lat, w 1809 roku zaci\u0105gn\u0105\u0142 si\u0119 do armii Ksi\u0119stwa Warszawskiego, gdzie pierwsze do\u015bwiadczenia bojowe zdobywa\u0142 pod opiek\u0105 p\u0142k Kazimierza Rozwadowskiego dow\u00f3dcy 8 pu\u0142ku u\u0142an\u00f3w[4]. P\u00f3\u017aniej s\u0142u\u017cy\u0142 w wojsku Napoleona. Trzy lata p\u00f3\u017aniej wzi\u0105\u0142 udzia\u0142 w wyprawie Napoleona na Moskw\u0119; otrzyma\u0142 w\u00f3wczas Z\u0142oty Krzy\u017c Virtuti Militari. W latach 1813\u20131814 przeby\u0142 ca\u0142\u0105 kampani\u0119 napoleo\u0144sk\u0105 jako oficer ordynansowy w sztabie cesarza. Po czym, w 1814 roku zosta\u0142 odznaczony Krzy\u017cem Legii Honorowej. Po abdykacji Napoleona w 1815 roku wr\u00f3ci\u0142 do domu i gospodarowa\u0142 w rodzinnym maj\u0105tku Bie\u0144kowa Wisznia. Opuszczaj\u0105c Pary\u017c po kl\u0119sce Napoleona, Aleksander Fredro napisa\u0142: Wyjechali\u015bmy razem, z odmiennych pobudek: Napoleon na Elb\u0119, ja zasi\u0119 do Rudek. Wst\u0105pi\u0142 do lubelskiej lo\u017cy wolnomularskiej.<br \/>\nW 1818 roku, maj\u0105c 25 lat, napisa\u0142 pierwsz\u0105 wa\u017cn\u0105 komedi\u0119, Pan Geldhab. Sztuka, napisana z du\u017cym humorem i wdzi\u0119kiem, opowiada o perypetiach m\u0142odego szlachcica staraj\u0105cego si\u0119 o r\u0119k\u0119 c\u00f3rki tytu\u0142owego dorobkiewicza, ten jednak usi\u0142uje wyda\u0107 j\u0105 za ksi\u0119cia. Sztuka zosta\u0142a wystawiona w 1821 r.<br \/>\nW 1828 roku, po \u015bmierci ojca, przej\u0105\u0142 i pomno\u017cy\u0142 odziedziczony maj\u0105tek. By\u0142 ju\u017c wtedy autorem kilkunastu komedii. Rok p\u00f3\u017aniej wst\u0105pi\u0142 do Towarzystwa Przyjaci\u00f3\u0142 Nauk. W 1830 roku bra\u0142 udzia\u0142 w pracach Obywatelskiego Komitetu Pomocy dla Powstania, kt\u00f3ry zosta\u0142 utworzony we Lwowie. W 1832 roku przechowywa\u0142 w swoim maj\u0105tku dw\u00f3ch powsta\u0144c\u00f3w z Wielkopolski, kt\u00f3rzy w obawie przed represjami ze strony w\u0142adz pruskich schronili si\u0119 w Galicji. W 1839 roku otrzyma\u0142 Honorowe Obywatelstwo Miasta Lwowa[6].<br \/>\nW 1839 roku przerwa\u0142 dzia\u0142alno\u015b\u0107 literack\u0105 pod wp\u0142ywem atak\u00f3w krytyki i na kilkana\u015bcie lat zaprzesta\u0142 tw\u00f3rczo\u015bci, pisz\u0105c jedynie w latach 1846\u20131848 pami\u0119tniki z czas\u00f3w napoleo\u0144skich Trzy po trzy. 3 lipca 1845 cz\u0142onek za\u0142o\u017cyciel Galicyjskiego Towarzystwa Gospodarskiego[7]. W rewolucyjnym roku 1848 by\u0142 cz\u0142onkiem lwowskiej Rady Narodowej.<br \/>\nW latach 1850\u20131855 (z niewielkimi przerwami) przebywa\u0142 po raz drugi we Francji, gdzie po powstaniu w\u0119gierskim znalaz\u0142 schronienie jego syn, Jan Aleksander Fredro (tak\u017ce komediopisarz, lecz ni\u017cszego lotu).<br \/>\nZmar\u0142 we Lwowie 15 lipca 1876 roku. Zosta\u0142 pochowany w rodzinnej krypcie w ko\u015bciele Wniebowzi\u0119cia Naj\u015bwi\u0119tszej Maryi Panny w Rudkach ko\u0142o Lwowa. W latach 70. XX wieku wroc\u0142awski znawca i mi\u0142o\u015bnik tw\u00f3rczo\u015bci Fredry, prof. Bogdan Zakrzewski, odwiedzaj\u0105c Rudki mia\u0142 skra\u015b\u0107 z grobowca poety jeden z palc\u00f3w jego szkieletu. Ko\u015bci te zamurowano w \u015bcianie ko\u015bcio\u0142a \u015bw. Maurycego we Wroc\u0142awiu.<br \/>\nAleksander Fredro by\u0142 cz\u0142owiekiem pe\u0142nym wewn\u0119trznych sprzeczno\u015bci: aktywny i zaanga\u017cowany w sprawy publiczne, szuka\u0142 zarazem samotno\u015bci i przejawia\u0142 sk\u0142onno\u015b\u0107 do mizantropii. Ostatnie lata \u017cycia, naznaczone chorobami, sp\u0119dzi\u0142 z dala od \u015bwiata w gronie rodzinnym.<br \/>\nBy\u0142 autorem komedii obyczajowych z \u017cycia szlachty, g\u0142\u00f3wnie prowincjonalnej. Pisywa\u0142 r\u00f3wnie\u017c wiersze, poematy, aforyzmy. Debiutowa\u0142 w 1817 roku, jednak pozosta\u0142 obcy problemom romantyzmu. Narazi\u0142o go to na ostre ataki ze strony Seweryna Goszczy\u0144skiego i Leszka Dunina Borkowskiego, w wyniku kt\u00f3rych zaprzesta\u0142 publikowania swoich utwor\u00f3w, pisuj\u0105c do szuflady przez ok. 18 lat. Wychowany w tradycjach o\u015bwiecenia, by\u0142 bliski Laurence\u2019owi Sterne\u2019owi. W swych komediach Fredro ukaza\u0142 mistrzostwo w tworzeniu charakterystyki bohater\u00f3w, kszta\u0142towaniu akcji i gi\u0119tko\u015bci j\u0119zyka. Do utwor\u00f3w wprowadza\u0142 akcenty humorystyczne i elementy komiki ludowego teatru, \u00f3wcze\u015bnie w\u0142a\u015bciwe tylko farsie. Utwory Fredry wesz\u0142y na sta\u0142e do kanonu polskiej literatury i teatru. Jego bajki, jak np. Ma\u0142pa w k\u0105pieli, Zupa na gwo\u017adziu czy Pawe\u0142 i Gawe\u0142, s\u0105 lekturami literatury dzieci\u0119cej.<br \/>\n\u0179r\u00f3d\u0142o: wikipedia.org<br \/>\n<img src='https:\/\/biblioteka-gabin.pl\/wp-content\/uploads\/archive\/pliki\/obraz\/2023_\/czerwiec\/353750929_3555049398146462_7679786551163019468_n.jpg'><br \/>\n<a href='https:\/\/biblioteka-gabin.pl\/wp-content\/uploads\/archive\/galleries\/495\/353527888173729848810360553914556557456351n-5c4986db9b.jpg'><img style='max-height:300px;' src='https:\/\/biblioteka-gabin.pl\/wp-content\/uploads\/archive\/galleries\/495\/353527888173729848810360553914556557456351n-5c4986db9b.jpg'><\/a><br \/>\n<a href='https:\/\/biblioteka-gabin.pl\/wp-content\/uploads\/archive\/galleries\/495\/3537876771824692978610954364164916928538113n-5385cb0686.jpg'><img style='max-height:300px;' src='https:\/\/biblioteka-gabin.pl\/wp-content\/uploads\/archive\/galleries\/495\/3537876771824692978610954364164916928538113n-5385cb0686.jpg'><\/a><br \/>\n<a href='https:\/\/biblioteka-gabin.pl\/wp-content\/uploads\/archive\/galleries\/495\/3539278118234856459711165729056075170888526n-fd54a05b93.jpg'><img style='max-height:300px;' src='https:\/\/biblioteka-gabin.pl\/wp-content\/uploads\/archive\/galleries\/495\/3539278118234856459711165729056075170888526n-fd54a05b93.jpg'><\/a><br \/>\n<a href='https:\/\/biblioteka-gabin.pl\/wp-content\/uploads\/archive\/galleries\/495\/3540731477916564226265423663362040514622526n-c22de19e49.jpg'><img style='max-height:300px;' src='https:\/\/biblioteka-gabin.pl\/wp-content\/uploads\/archive\/galleries\/495\/3540731477916564226265423663362040514622526n-c22de19e49.jpg'><\/a><br \/>\n<a href='https:\/\/biblioteka-gabin.pl\/wp-content\/uploads\/archive\/galleries\/495\/3542670998062397008519744354230683683759921n-e457765dd4.jpg'><img style='max-height:300px;' src='https:\/\/biblioteka-gabin.pl\/wp-content\/uploads\/archive\/galleries\/495\/3542670998062397008519744354230683683759921n-e457765dd4.jpg'><\/a><br \/>\n<a href='https:\/\/biblioteka-gabin.pl\/wp-content\/uploads\/archive\/galleries\/495\/3545021081841304879480443616865512567175728n-4d913737a0.jpg'><img style='max-height:300px;' src='https:\/\/biblioteka-gabin.pl\/wp-content\/uploads\/archive\/galleries\/495\/3545021081841304879480443616865512567175728n-4d913737a0.jpg'><\/a><\/p>\n","protected":false},"excerpt":{"rendered":"<p>Cykl Patroni Roku 2023 \u2013 Aleksander Fredro jest patronem w<\/p>\n","protected":false},"author":1,"featured_media":0,"comment_status":"open","ping_status":"open","sticky":false,"template":"","format":"standard","meta":{"footnotes":""},"categories":[36],"tags":[],"class_list":["post-7753","post","type-post","status-publish","format-standard","hentry","category-main"],"yoast_head":"<!-- This site is optimized with the Yoast SEO plugin v27.4 - https:\/\/yoast.com\/product\/yoast-seo-wordpress\/ -->\n<title>Aleksander Fredro - poeta, komediopisarz -patronem w miesi\u0105cu czerwcu. - Miejsko-Gminna Biblioteka Publiczna w G\u0105binie<\/title>\n<meta name=\"robots\" content=\"index, follow, max-snippet:-1, max-image-preview:large, max-video-preview:-1\" \/>\n<link rel=\"canonical\" href=\"http:\/\/biblioteka-gabin.pl\/index.php\/2023\/06\/21\/aleksander-fredro-poeta-komediopisarz-patronem-w-miesiacu-czerwcu\/\" \/>\n<meta property=\"og:locale\" content=\"pl_PL\" \/>\n<meta property=\"og:type\" content=\"article\" \/>\n<meta property=\"og:title\" content=\"Aleksander Fredro - poeta, komediopisarz -patronem w miesi\u0105cu czerwcu. - Miejsko-Gminna Biblioteka Publiczna w G\u0105binie\" \/>\n<meta property=\"og:description\" content=\"Cykl Patroni Roku 2023 \u2013 Aleksander Fredro jest patronem w\" \/>\n<meta property=\"og:url\" content=\"http:\/\/biblioteka-gabin.pl\/index.php\/2023\/06\/21\/aleksander-fredro-poeta-komediopisarz-patronem-w-miesiacu-czerwcu\/\" \/>\n<meta property=\"og:site_name\" content=\"Miejsko-Gminna Biblioteka Publiczna w G\u0105binie\" \/>\n<meta property=\"article:publisher\" content=\"https:\/\/www.facebook.com\/bibliotekagabin\" \/>\n<meta property=\"article:published_time\" content=\"2023-06-21T00:00:00+00:00\" \/>\n<meta property=\"og:image\" content=\"https:\/\/biblioteka-gabin.pl\/wp-content\/uploads\/archive\/pliki\/obraz\/2023_\/czerwiec\/353750929_3555049398146462_7679786551163019468_n.jpg\" \/>\n<meta name=\"author\" content=\"admin\" \/>\n<meta name=\"twitter:card\" content=\"summary_large_image\" \/>\n<meta name=\"twitter:label1\" content=\"Napisane przez\" \/>\n\t<meta name=\"twitter:data1\" content=\"admin\" \/>\n\t<meta name=\"twitter:label2\" content=\"Szacowany czas czytania\" \/>\n\t<meta name=\"twitter:data2\" content=\"3 minuty\" \/>\n<script type=\"application\/ld+json\" class=\"yoast-schema-graph\">{\"@context\":\"https:\\\/\\\/schema.org\",\"@graph\":[{\"@type\":\"Article\",\"@id\":\"http:\\\/\\\/biblioteka-gabin.pl\\\/index.php\\\/2023\\\/06\\\/21\\\/aleksander-fredro-poeta-komediopisarz-patronem-w-miesiacu-czerwcu\\\/#article\",\"isPartOf\":{\"@id\":\"http:\\\/\\\/biblioteka-gabin.pl\\\/index.php\\\/2023\\\/06\\\/21\\\/aleksander-fredro-poeta-komediopisarz-patronem-w-miesiacu-czerwcu\\\/\"},\"author\":{\"name\":\"admin\",\"@id\":\"https:\\\/\\\/biblioteka-gabin.pl\\\/#\\\/schema\\\/person\\\/2067b97c24663d987ef6ef95bed7c99a\"},\"headline\":\"Aleksander Fredro &#8211; poeta, komediopisarz -patronem w miesi\u0105cu czerwcu.\",\"datePublished\":\"2023-06-21T00:00:00+00:00\",\"mainEntityOfPage\":{\"@id\":\"http:\\\/\\\/biblioteka-gabin.pl\\\/index.php\\\/2023\\\/06\\\/21\\\/aleksander-fredro-poeta-komediopisarz-patronem-w-miesiacu-czerwcu\\\/\"},\"wordCount\":707,\"commentCount\":0,\"publisher\":{\"@id\":\"https:\\\/\\\/biblioteka-gabin.pl\\\/#organization\"},\"image\":{\"@id\":\"http:\\\/\\\/biblioteka-gabin.pl\\\/index.php\\\/2023\\\/06\\\/21\\\/aleksander-fredro-poeta-komediopisarz-patronem-w-miesiacu-czerwcu\\\/#primaryimage\"},\"thumbnailUrl\":\"https:\\\/\\\/biblioteka-gabin.pl\\\/wp-content\\\/uploads\\\/archive\\\/pliki\\\/obraz\\\/2023_\\\/czerwiec\\\/353750929_3555049398146462_7679786551163019468_n.jpg\",\"articleSection\":[\"Main\"],\"inLanguage\":\"pl-PL\",\"potentialAction\":[{\"@type\":\"CommentAction\",\"name\":\"Comment\",\"target\":[\"http:\\\/\\\/biblioteka-gabin.pl\\\/index.php\\\/2023\\\/06\\\/21\\\/aleksander-fredro-poeta-komediopisarz-patronem-w-miesiacu-czerwcu\\\/#respond\"]}]},{\"@type\":\"WebPage\",\"@id\":\"http:\\\/\\\/biblioteka-gabin.pl\\\/index.php\\\/2023\\\/06\\\/21\\\/aleksander-fredro-poeta-komediopisarz-patronem-w-miesiacu-czerwcu\\\/\",\"url\":\"http:\\\/\\\/biblioteka-gabin.pl\\\/index.php\\\/2023\\\/06\\\/21\\\/aleksander-fredro-poeta-komediopisarz-patronem-w-miesiacu-czerwcu\\\/\",\"name\":\"Aleksander Fredro - poeta, komediopisarz -patronem w miesi\u0105cu czerwcu. - Miejsko-Gminna Biblioteka Publiczna w G\u0105binie\",\"isPartOf\":{\"@id\":\"https:\\\/\\\/biblioteka-gabin.pl\\\/#website\"},\"primaryImageOfPage\":{\"@id\":\"http:\\\/\\\/biblioteka-gabin.pl\\\/index.php\\\/2023\\\/06\\\/21\\\/aleksander-fredro-poeta-komediopisarz-patronem-w-miesiacu-czerwcu\\\/#primaryimage\"},\"image\":{\"@id\":\"http:\\\/\\\/biblioteka-gabin.pl\\\/index.php\\\/2023\\\/06\\\/21\\\/aleksander-fredro-poeta-komediopisarz-patronem-w-miesiacu-czerwcu\\\/#primaryimage\"},\"thumbnailUrl\":\"https:\\\/\\\/biblioteka-gabin.pl\\\/wp-content\\\/uploads\\\/archive\\\/pliki\\\/obraz\\\/2023_\\\/czerwiec\\\/353750929_3555049398146462_7679786551163019468_n.jpg\",\"datePublished\":\"2023-06-21T00:00:00+00:00\",\"breadcrumb\":{\"@id\":\"http:\\\/\\\/biblioteka-gabin.pl\\\/index.php\\\/2023\\\/06\\\/21\\\/aleksander-fredro-poeta-komediopisarz-patronem-w-miesiacu-czerwcu\\\/#breadcrumb\"},\"inLanguage\":\"pl-PL\",\"potentialAction\":[{\"@type\":\"ReadAction\",\"target\":[\"http:\\\/\\\/biblioteka-gabin.pl\\\/index.php\\\/2023\\\/06\\\/21\\\/aleksander-fredro-poeta-komediopisarz-patronem-w-miesiacu-czerwcu\\\/\"]}]},{\"@type\":\"ImageObject\",\"inLanguage\":\"pl-PL\",\"@id\":\"http:\\\/\\\/biblioteka-gabin.pl\\\/index.php\\\/2023\\\/06\\\/21\\\/aleksander-fredro-poeta-komediopisarz-patronem-w-miesiacu-czerwcu\\\/#primaryimage\",\"url\":\"https:\\\/\\\/biblioteka-gabin.pl\\\/wp-content\\\/uploads\\\/archive\\\/pliki\\\/obraz\\\/2023_\\\/czerwiec\\\/353750929_3555049398146462_7679786551163019468_n.jpg\",\"contentUrl\":\"https:\\\/\\\/biblioteka-gabin.pl\\\/wp-content\\\/uploads\\\/archive\\\/pliki\\\/obraz\\\/2023_\\\/czerwiec\\\/353750929_3555049398146462_7679786551163019468_n.jpg\"},{\"@type\":\"BreadcrumbList\",\"@id\":\"http:\\\/\\\/biblioteka-gabin.pl\\\/index.php\\\/2023\\\/06\\\/21\\\/aleksander-fredro-poeta-komediopisarz-patronem-w-miesiacu-czerwcu\\\/#breadcrumb\",\"itemListElement\":[{\"@type\":\"ListItem\",\"position\":1,\"name\":\"Strona g\u0142\u00f3wna\",\"item\":\"https:\\\/\\\/biblioteka-gabin.pl\\\/\"},{\"@type\":\"ListItem\",\"position\":2,\"name\":\"Aleksander Fredro &#8211; poeta, komediopisarz -patronem w miesi\u0105cu czerwcu.\"}]},{\"@type\":\"WebSite\",\"@id\":\"https:\\\/\\\/biblioteka-gabin.pl\\\/#website\",\"url\":\"https:\\\/\\\/biblioteka-gabin.pl\\\/\",\"name\":\"Miejsko-Gminna Biblioteka Publiczna w G\u0105binie\",\"description\":\"\",\"publisher\":{\"@id\":\"https:\\\/\\\/biblioteka-gabin.pl\\\/#organization\"},\"potentialAction\":[{\"@type\":\"SearchAction\",\"target\":{\"@type\":\"EntryPoint\",\"urlTemplate\":\"https:\\\/\\\/biblioteka-gabin.pl\\\/?s={search_term_string}\"},\"query-input\":{\"@type\":\"PropertyValueSpecification\",\"valueRequired\":true,\"valueName\":\"search_term_string\"}}],\"inLanguage\":\"pl-PL\"},{\"@type\":\"Organization\",\"@id\":\"https:\\\/\\\/biblioteka-gabin.pl\\\/#organization\",\"name\":\"Miejsko-Gminna Biblioteka Publiczna w G\u0105binie\",\"url\":\"https:\\\/\\\/biblioteka-gabin.pl\\\/\",\"logo\":{\"@type\":\"ImageObject\",\"inLanguage\":\"pl-PL\",\"@id\":\"https:\\\/\\\/biblioteka-gabin.pl\\\/#\\\/schema\\\/logo\\\/image\\\/\",\"url\":\"https:\\\/\\\/biblioteka-gabin.pl\\\/wp-content\\\/uploads\\\/2025\\\/03\\\/logo-biblioteka-2-1657013691-1.jpg\",\"contentUrl\":\"https:\\\/\\\/biblioteka-gabin.pl\\\/wp-content\\\/uploads\\\/2025\\\/03\\\/logo-biblioteka-2-1657013691-1.jpg\",\"width\":1600,\"height\":772,\"caption\":\"Miejsko-Gminna Biblioteka Publiczna w G\u0105binie\"},\"image\":{\"@id\":\"https:\\\/\\\/biblioteka-gabin.pl\\\/#\\\/schema\\\/logo\\\/image\\\/\"},\"sameAs\":[\"https:\\\/\\\/www.facebook.com\\\/bibliotekagabin\",\"https:\\\/\\\/www.youtube.com\\\/@mgbpgabin9392\"]},{\"@type\":\"Person\",\"@id\":\"https:\\\/\\\/biblioteka-gabin.pl\\\/#\\\/schema\\\/person\\\/2067b97c24663d987ef6ef95bed7c99a\",\"name\":\"admin\",\"image\":{\"@type\":\"ImageObject\",\"inLanguage\":\"pl-PL\",\"@id\":\"https:\\\/\\\/secure.gravatar.com\\\/avatar\\\/e1843904e97b4e376a0fc90ae10372cd31bce9b207a7a3d2ca68fc7ca7e4174c?s=96&d=mm&r=g\",\"url\":\"https:\\\/\\\/secure.gravatar.com\\\/avatar\\\/e1843904e97b4e376a0fc90ae10372cd31bce9b207a7a3d2ca68fc7ca7e4174c?s=96&d=mm&r=g\",\"contentUrl\":\"https:\\\/\\\/secure.gravatar.com\\\/avatar\\\/e1843904e97b4e376a0fc90ae10372cd31bce9b207a7a3d2ca68fc7ca7e4174c?s=96&d=mm&r=g\",\"caption\":\"admin\"},\"sameAs\":[\"http:\\\/\\\/strona.biblioteka-gabin.pl\"],\"url\":\"https:\\\/\\\/biblioteka-gabin.pl\\\/index.php\\\/author\\\/admin\\\/\"}]}<\/script>\n<!-- \/ Yoast SEO plugin. -->","yoast_head_json":{"title":"Aleksander Fredro - poeta, komediopisarz -patronem w miesi\u0105cu czerwcu. - Miejsko-Gminna Biblioteka Publiczna w G\u0105binie","robots":{"index":"index","follow":"follow","max-snippet":"max-snippet:-1","max-image-preview":"max-image-preview:large","max-video-preview":"max-video-preview:-1"},"canonical":"http:\/\/biblioteka-gabin.pl\/index.php\/2023\/06\/21\/aleksander-fredro-poeta-komediopisarz-patronem-w-miesiacu-czerwcu\/","og_locale":"pl_PL","og_type":"article","og_title":"Aleksander Fredro - poeta, komediopisarz -patronem w miesi\u0105cu czerwcu. - Miejsko-Gminna Biblioteka Publiczna w G\u0105binie","og_description":"Cykl Patroni Roku 2023 \u2013 Aleksander Fredro jest patronem w","og_url":"http:\/\/biblioteka-gabin.pl\/index.php\/2023\/06\/21\/aleksander-fredro-poeta-komediopisarz-patronem-w-miesiacu-czerwcu\/","og_site_name":"Miejsko-Gminna Biblioteka Publiczna w G\u0105binie","article_publisher":"https:\/\/www.facebook.com\/bibliotekagabin","article_published_time":"2023-06-21T00:00:00+00:00","og_image":[{"url":"https:\/\/biblioteka-gabin.pl\/wp-content\/uploads\/archive\/pliki\/obraz\/2023_\/czerwiec\/353750929_3555049398146462_7679786551163019468_n.jpg","type":"","width":"","height":""}],"author":"admin","twitter_card":"summary_large_image","twitter_misc":{"Napisane przez":"admin","Szacowany czas czytania":"3 minuty"},"schema":{"@context":"https:\/\/schema.org","@graph":[{"@type":"Article","@id":"http:\/\/biblioteka-gabin.pl\/index.php\/2023\/06\/21\/aleksander-fredro-poeta-komediopisarz-patronem-w-miesiacu-czerwcu\/#article","isPartOf":{"@id":"http:\/\/biblioteka-gabin.pl\/index.php\/2023\/06\/21\/aleksander-fredro-poeta-komediopisarz-patronem-w-miesiacu-czerwcu\/"},"author":{"name":"admin","@id":"https:\/\/biblioteka-gabin.pl\/#\/schema\/person\/2067b97c24663d987ef6ef95bed7c99a"},"headline":"Aleksander Fredro &#8211; poeta, komediopisarz -patronem w miesi\u0105cu czerwcu.","datePublished":"2023-06-21T00:00:00+00:00","mainEntityOfPage":{"@id":"http:\/\/biblioteka-gabin.pl\/index.php\/2023\/06\/21\/aleksander-fredro-poeta-komediopisarz-patronem-w-miesiacu-czerwcu\/"},"wordCount":707,"commentCount":0,"publisher":{"@id":"https:\/\/biblioteka-gabin.pl\/#organization"},"image":{"@id":"http:\/\/biblioteka-gabin.pl\/index.php\/2023\/06\/21\/aleksander-fredro-poeta-komediopisarz-patronem-w-miesiacu-czerwcu\/#primaryimage"},"thumbnailUrl":"https:\/\/biblioteka-gabin.pl\/wp-content\/uploads\/archive\/pliki\/obraz\/2023_\/czerwiec\/353750929_3555049398146462_7679786551163019468_n.jpg","articleSection":["Main"],"inLanguage":"pl-PL","potentialAction":[{"@type":"CommentAction","name":"Comment","target":["http:\/\/biblioteka-gabin.pl\/index.php\/2023\/06\/21\/aleksander-fredro-poeta-komediopisarz-patronem-w-miesiacu-czerwcu\/#respond"]}]},{"@type":"WebPage","@id":"http:\/\/biblioteka-gabin.pl\/index.php\/2023\/06\/21\/aleksander-fredro-poeta-komediopisarz-patronem-w-miesiacu-czerwcu\/","url":"http:\/\/biblioteka-gabin.pl\/index.php\/2023\/06\/21\/aleksander-fredro-poeta-komediopisarz-patronem-w-miesiacu-czerwcu\/","name":"Aleksander Fredro - poeta, komediopisarz -patronem w miesi\u0105cu czerwcu. - Miejsko-Gminna Biblioteka Publiczna w G\u0105binie","isPartOf":{"@id":"https:\/\/biblioteka-gabin.pl\/#website"},"primaryImageOfPage":{"@id":"http:\/\/biblioteka-gabin.pl\/index.php\/2023\/06\/21\/aleksander-fredro-poeta-komediopisarz-patronem-w-miesiacu-czerwcu\/#primaryimage"},"image":{"@id":"http:\/\/biblioteka-gabin.pl\/index.php\/2023\/06\/21\/aleksander-fredro-poeta-komediopisarz-patronem-w-miesiacu-czerwcu\/#primaryimage"},"thumbnailUrl":"https:\/\/biblioteka-gabin.pl\/wp-content\/uploads\/archive\/pliki\/obraz\/2023_\/czerwiec\/353750929_3555049398146462_7679786551163019468_n.jpg","datePublished":"2023-06-21T00:00:00+00:00","breadcrumb":{"@id":"http:\/\/biblioteka-gabin.pl\/index.php\/2023\/06\/21\/aleksander-fredro-poeta-komediopisarz-patronem-w-miesiacu-czerwcu\/#breadcrumb"},"inLanguage":"pl-PL","potentialAction":[{"@type":"ReadAction","target":["http:\/\/biblioteka-gabin.pl\/index.php\/2023\/06\/21\/aleksander-fredro-poeta-komediopisarz-patronem-w-miesiacu-czerwcu\/"]}]},{"@type":"ImageObject","inLanguage":"pl-PL","@id":"http:\/\/biblioteka-gabin.pl\/index.php\/2023\/06\/21\/aleksander-fredro-poeta-komediopisarz-patronem-w-miesiacu-czerwcu\/#primaryimage","url":"https:\/\/biblioteka-gabin.pl\/wp-content\/uploads\/archive\/pliki\/obraz\/2023_\/czerwiec\/353750929_3555049398146462_7679786551163019468_n.jpg","contentUrl":"https:\/\/biblioteka-gabin.pl\/wp-content\/uploads\/archive\/pliki\/obraz\/2023_\/czerwiec\/353750929_3555049398146462_7679786551163019468_n.jpg"},{"@type":"BreadcrumbList","@id":"http:\/\/biblioteka-gabin.pl\/index.php\/2023\/06\/21\/aleksander-fredro-poeta-komediopisarz-patronem-w-miesiacu-czerwcu\/#breadcrumb","itemListElement":[{"@type":"ListItem","position":1,"name":"Strona g\u0142\u00f3wna","item":"https:\/\/biblioteka-gabin.pl\/"},{"@type":"ListItem","position":2,"name":"Aleksander Fredro &#8211; poeta, komediopisarz -patronem w miesi\u0105cu czerwcu."}]},{"@type":"WebSite","@id":"https:\/\/biblioteka-gabin.pl\/#website","url":"https:\/\/biblioteka-gabin.pl\/","name":"Miejsko-Gminna Biblioteka Publiczna w G\u0105binie","description":"","publisher":{"@id":"https:\/\/biblioteka-gabin.pl\/#organization"},"potentialAction":[{"@type":"SearchAction","target":{"@type":"EntryPoint","urlTemplate":"https:\/\/biblioteka-gabin.pl\/?s={search_term_string}"},"query-input":{"@type":"PropertyValueSpecification","valueRequired":true,"valueName":"search_term_string"}}],"inLanguage":"pl-PL"},{"@type":"Organization","@id":"https:\/\/biblioteka-gabin.pl\/#organization","name":"Miejsko-Gminna Biblioteka Publiczna w G\u0105binie","url":"https:\/\/biblioteka-gabin.pl\/","logo":{"@type":"ImageObject","inLanguage":"pl-PL","@id":"https:\/\/biblioteka-gabin.pl\/#\/schema\/logo\/image\/","url":"https:\/\/biblioteka-gabin.pl\/wp-content\/uploads\/2025\/03\/logo-biblioteka-2-1657013691-1.jpg","contentUrl":"https:\/\/biblioteka-gabin.pl\/wp-content\/uploads\/2025\/03\/logo-biblioteka-2-1657013691-1.jpg","width":1600,"height":772,"caption":"Miejsko-Gminna Biblioteka Publiczna w G\u0105binie"},"image":{"@id":"https:\/\/biblioteka-gabin.pl\/#\/schema\/logo\/image\/"},"sameAs":["https:\/\/www.facebook.com\/bibliotekagabin","https:\/\/www.youtube.com\/@mgbpgabin9392"]},{"@type":"Person","@id":"https:\/\/biblioteka-gabin.pl\/#\/schema\/person\/2067b97c24663d987ef6ef95bed7c99a","name":"admin","image":{"@type":"ImageObject","inLanguage":"pl-PL","@id":"https:\/\/secure.gravatar.com\/avatar\/e1843904e97b4e376a0fc90ae10372cd31bce9b207a7a3d2ca68fc7ca7e4174c?s=96&d=mm&r=g","url":"https:\/\/secure.gravatar.com\/avatar\/e1843904e97b4e376a0fc90ae10372cd31bce9b207a7a3d2ca68fc7ca7e4174c?s=96&d=mm&r=g","contentUrl":"https:\/\/secure.gravatar.com\/avatar\/e1843904e97b4e376a0fc90ae10372cd31bce9b207a7a3d2ca68fc7ca7e4174c?s=96&d=mm&r=g","caption":"admin"},"sameAs":["http:\/\/strona.biblioteka-gabin.pl"],"url":"https:\/\/biblioteka-gabin.pl\/index.php\/author\/admin\/"}]}},"_links":{"self":[{"href":"https:\/\/biblioteka-gabin.pl\/index.php\/wp-json\/wp\/v2\/posts\/7753","targetHints":{"allow":["GET"]}}],"collection":[{"href":"https:\/\/biblioteka-gabin.pl\/index.php\/wp-json\/wp\/v2\/posts"}],"about":[{"href":"https:\/\/biblioteka-gabin.pl\/index.php\/wp-json\/wp\/v2\/types\/post"}],"author":[{"embeddable":true,"href":"https:\/\/biblioteka-gabin.pl\/index.php\/wp-json\/wp\/v2\/users\/1"}],"replies":[{"embeddable":true,"href":"https:\/\/biblioteka-gabin.pl\/index.php\/wp-json\/wp\/v2\/comments?post=7753"}],"version-history":[{"count":0,"href":"https:\/\/biblioteka-gabin.pl\/index.php\/wp-json\/wp\/v2\/posts\/7753\/revisions"}],"wp:attachment":[{"href":"https:\/\/biblioteka-gabin.pl\/index.php\/wp-json\/wp\/v2\/media?parent=7753"}],"wp:term":[{"taxonomy":"category","embeddable":true,"href":"https:\/\/biblioteka-gabin.pl\/index.php\/wp-json\/wp\/v2\/categories?post=7753"},{"taxonomy":"post_tag","embeddable":true,"href":"https:\/\/biblioteka-gabin.pl\/index.php\/wp-json\/wp\/v2\/tags?post=7753"}],"curies":[{"name":"wp","href":"https:\/\/api.w.org\/{rel}","templated":true}]}}